{"id":1028,"date":"2025-05-31T18:29:19","date_gmt":"2025-05-31T18:29:19","guid":{"rendered":"http:\/\/eautomobiliai.lt\/index.php\/2025\/05\/31\/pirmasis-honda-electric-motorcycle-debiutas-ir-tai-yra-cafe-racer\/"},"modified":"2025-05-31T18:29:19","modified_gmt":"2025-05-31T18:29:19","slug":"pirmasis-honda-electric-motorcycle-debiutas-ir-tai-yra-cafe-racer","status":"publish","type":"post","link":"http:\/\/eautomobiliai.lt\/index.php\/2025\/05\/31\/pirmasis-honda-electric-motorcycle-debiutas-ir-tai-yra-cafe-racer\/","title":{"rendered":"Pirmasis \u201eHonda Electric Motorcycle\u201c debiutas &#8211; ir tai yra \u201eCafe Racer\u201c!"},"content":{"rendered":"<p> <br \/>\n<\/p>\n<div>\n<figure class=\"img-border featured-image\">\n\t<\/figure>\n<p>Metai po met\u0173, atrodo, nesibaigiantis vis\u0173 elektros koncepcij\u0173 dvira\u010di\u0173 plaustas, ne\u0161iojantis \u201eHonda\u201c \u017eenklelius, leidosi \u012f automobili\u0173 parodos scen\u0105, niekada nepadar\u0119 jo \u012f pardav\u0117j\u0173 salon\u0105. Bet dabar tai yra \u010dia: \u0161is nei\u0161vengiamas, \u201eCafe Racer\u201c \u012fkv\u0117ptas elektrinis \u201eHonda\u201c motociklas yra pirmasis bendrov\u0117s-ir j\u016bs galite j\u012f nusipirkti!<\/p>\n<p><span id=\"more-418530\"\/><\/p>\n<p>Pirm\u0105 kart\u0105 pa\u017evelg\u0117me \u012f \u0161\u012f pirm\u0105j\u012f gamybos elektrin\u012f motocikl\u0105 i\u0161 \u201eHonda\u201c dar kovo m\u0117n., Kai nutek\u0117j\u0119 tipo patvirtinimo dokumentai buvo u\u017esiminti 75 myli\u0173 per valand\u0105 per valand\u0105 grei\u010dio 125 cc klas\u0117s motociklu su \u201eCafe Racer\u201c stiliumi ir \u201eWH8000D\u201c pavadinimu pirmiausia pasirod\u0117. Taigi buvo ai\u0161ku, kad \u201eHonda\u201c rimtai dirbo prie realaus elektrinio motociklo-tai, kas nebuvo ai\u0161ku, buvo (ar net <em>jei<\/em>) Tai kada nors pamatyt\u0173 spektaklius.<\/p>\n<div id=\"ez-toc-container\" class=\"ez-toc-v2_0_82_2 counter-hierarchy ez-toc-counter ez-toc-grey ez-toc-container-direction\">\n<div class=\"ez-toc-title-container\">\n<p class=\"ez-toc-title\" style=\"cursor:inherit\">Turinys:<\/p>\n<span class=\"ez-toc-title-toggle\"><a href=\"#\" class=\"ez-toc-pull-right ez-toc-btn ez-toc-btn-xs ez-toc-btn-default ez-toc-toggle\" aria-label=\"Toggle Table of Content\"><span class=\"ez-toc-js-icon-con\"><span class=\"\"><span class=\"eztoc-hide\" style=\"display:none;\">Toggle<\/span><span class=\"ez-toc-icon-toggle-span\"><svg style=\"fill: #999;color:#999\" xmlns=\"http:\/\/www.w3.org\/2000\/svg\" class=\"list-377408\" width=\"20px\" height=\"20px\" viewBox=\"0 0 24 24\" fill=\"none\"><path d=\"M6 6H4v2h2V6zm14 0H8v2h12V6zM4 11h2v2H4v-2zm16 0H8v2h12v-2zM4 16h2v2H4v-2zm16 0H8v2h12v-2z\" fill=\"currentColor\"><\/path><\/svg><svg style=\"fill: #999;color:#999\" class=\"arrow-unsorted-368013\" xmlns=\"http:\/\/www.w3.org\/2000\/svg\" width=\"10px\" height=\"10px\" viewBox=\"0 0 24 24\" version=\"1.2\" baseProfile=\"tiny\"><path d=\"M18.2 9.3l-6.2-6.3-6.2 6.3c-.2.2-.3.4-.3.7s.1.5.3.7c.2.2.4.3.7.3h11c.3 0 .5-.1.7-.3.2-.2.3-.5.3-.7s-.1-.5-.3-.7zM5.8 14.7l6.2 6.3 6.2-6.3c.2-.2.3-.5.3-.7s-.1-.5-.3-.7c-.2-.2-.4-.3-.7-.3h-11c-.3 0-.5.1-.7.3-.2.2-.3.5-.3.7s.1.5.3.7z\"\/><\/svg><\/span><\/span><\/span><\/a><\/span><\/div>\n<nav><ul class='ez-toc-list ez-toc-list-level-1 ' ><li class='ez-toc-page-1 ez-toc-heading-level-2'><a class=\"ez-toc-link ez-toc-heading-1\" href=\"http:\/\/eautomobiliai.lt\/index.php\/2025\/05\/31\/pirmasis-honda-electric-motorcycle-debiutas-ir-tai-yra-cafe-racer\/#Laukimas_baigesi\" >Laukimas baig\u0117si<\/a><\/li><li class='ez-toc-page-1 ez-toc-heading-level-2'><a class=\"ez-toc-link ez-toc-heading-2\" href=\"http:\/\/eautomobiliai.lt\/index.php\/2025\/05\/31\/pirmasis-honda-electric-motorcycle-debiutas-ir-tai-yra-cafe-racer\/#%E2%80%9EElectreks_Take%E2%80%9C\" >\u201eElectrek&#8217;s Take\u201c<\/a><\/li><\/ul><\/nav><\/div>\n<h2 class=\"wp-block-heading\" id=\"h-the-wait-is-over\"><span class=\"ez-toc-section\" id=\"Laukimas_baigesi\"><\/span>Laukimas baig\u0117si<span class=\"ez-toc-section-end\"><\/span><\/h2>\n<hr\/>\n<figure class=\"wp-block-image alignwide size-large\"><img loading=\"lazy\" decoding=\"async\" width=\"1600\" height=\"1200\" src=\"https:\/\/electrek.co\/wp-content\/uploads\/sites\/3\/2025\/05\/Honda_e_vo_2.jpg?quality=82&amp;strip=all&amp;w=1024\" alt=\"\" class=\"wp-image-418534\" srcset=\"https:\/\/electrek.co\/wp-content\/uploads\/sites\/3\/2025\/05\/Honda_e_vo_2.jpg 1600w, https:\/\/electrek.co\/wp-content\/uploads\/sites\/3\/2025\/05\/Honda_e_vo_2.jpg?resize=150,113 150w, https:\/\/electrek.co\/wp-content\/uploads\/sites\/3\/2025\/05\/Honda_e_vo_2.jpg?resize=300,225 300w, https:\/\/electrek.co\/wp-content\/uploads\/sites\/3\/2025\/05\/Honda_e_vo_2.jpg?resize=768,576 768w, https:\/\/electrek.co\/wp-content\/uploads\/sites\/3\/2025\/05\/Honda_e_vo_2.jpg?resize=1024,768 1024w, https:\/\/electrek.co\/wp-content\/uploads\/sites\/3\/2025\/05\/Honda_e_vo_2.jpg?resize=1536,1152 1536w, https:\/\/electrek.co\/wp-content\/uploads\/sites\/3\/2025\/05\/Honda_e_vo_2.jpg?resize=350,263 350w, https:\/\/electrek.co\/wp-content\/uploads\/sites\/3\/2025\/05\/Honda_e_vo_2.jpg?resize=140,105 140w, https:\/\/electrek.co\/wp-content\/uploads\/sites\/3\/2025\/05\/Honda_e_vo_2.jpg?resize=1333,1000 1333w\" sizes=\"auto, (max-width: 1600px) 100vw, 1600px\"\/><figcaption class=\"wp-element-caption\">\u201eHonda E-VO 75 MPH\u201c elektrinio motociklas; per \u201eHonda\u201c.<\/figcaption><\/figure>\n<p>Nauj\u0105sias \u201eHonda E-VO\u201c galima \u012fsigyti dvigubos arba trigubos baterijos versijose, kuri\u0173 akumuliatoriaus talpa yra 4,1 arba 6,2 kWh. \u201eTriple Pack\u201c versijoje motociklininkai gali m\u0117gautis iki 170 km WMTC (apie 105 myli\u0173) nuo va\u017eiavimo. \u012erengimas trunka apie 2,5 valandos standartin\u0117je lizde arba apie 90 minu\u010di\u0173 L2 (pvz., \u201eHarley-Davidson\u201c palaik\u0117 \u201eLivewire\u201c arba \u201eVespa Elettrica\u201c elektrinius dvira\u010dius, greito \u012fkrovimo DC n\u0117ra).<\/p>\n<p>Abi akumuliatoriaus konfig\u016bracijos varo varikl\u012f, kurio did\u017eiausia galia yra 15,3 kW arba apie 20 AG. Ir, kaip ir visi elektriniai varikliai, visas sukimo momentas yra 0 aps \/ min, suteikiantis \u201eHonda E-VO\u201c miestelyje, pana\u0161\u0173 \u012f daug auk\u0161tesn\u012f (nei 125 cm3) poslinki\u0173 dvira\u010dius.<\/p>\n<p>\t<span class=\"outbrain-ad-label\">Skelbimas &#8211; slinkite daugiau turinio<\/span><\/p>\n<p>Be puikaus \u201eStop-and-go\u201c pasirodymo, \u201eHonda E-VO\u201c si\u016blo motociklininkams daugyb\u0119 kit\u0173 novatori\u0161k\u0173 (motociklo) funkcij\u0173, \u012fskaitant 7 coli\u0173 TFT prietaiso ekran\u0105, suporuot\u0105 su a <em>antra<\/em> 7 coli\u0173 TFT ekranas, skirtas navigacijai, muzikai, padang\u0173 sl\u0117giui ir baterijos SOC informacijai. Ma\u017eesn\u0117je \u201eE-VO\u201c akumuliatoriaus pakuot\u0117s versijoje yra priekinis br\u016bk\u0161nio kamera, o didesnis modelis turi abu priekinius <em>ir<\/em> Galinio br\u016bk\u0161nio kamera kaip standartin\u0117 \u012franga.<\/p>\n<p>\u201eHonda E-VO\u201c galima \u012fsigyti juodos ir baltos spalv\u0173 schemose (parodytos). Kainos prasideda nuo 29 999 juani\u0173 arba ma\u017edaug 4500 USD u\u017e 4,1 kWh versij\u0105 ir 36 999 juanius (apie 5100 USD) u\u017e 6,2 kWh trigubo pakuot\u0117s versij\u0105.<\/p>\n<h2 class=\"wp-block-heading\" id=\"h-electrek-s-take\"><span class=\"ez-toc-section\" id=\"%E2%80%9EElectreks_Take%E2%80%9C\"><\/span>\u201eElectrek&#8217;s Take\u201c<span class=\"ez-toc-section-end\"><\/span><\/h2>\n<hr\/>\n<figure class=\"wp-block-image alignwide size-large\"><img loading=\"lazy\" decoding=\"async\" width=\"1105\" height=\"652\" src=\"https:\/\/electrek.co\/wp-content\/uploads\/sites\/3\/2025\/05\/honda_e_vo_lady.jpg?quality=82&amp;strip=all&amp;w=1024\" alt=\"\" class=\"wp-image-418540\" srcset=\"https:\/\/electrek.co\/wp-content\/uploads\/sites\/3\/2025\/05\/honda_e_vo_lady.jpg 1105w, https:\/\/electrek.co\/wp-content\/uploads\/sites\/3\/2025\/05\/honda_e_vo_lady.jpg?resize=150,89 150w, https:\/\/electrek.co\/wp-content\/uploads\/sites\/3\/2025\/05\/honda_e_vo_lady.jpg?resize=300,177 300w, https:\/\/electrek.co\/wp-content\/uploads\/sites\/3\/2025\/05\/honda_e_vo_lady.jpg?resize=768,453 768w, https:\/\/electrek.co\/wp-content\/uploads\/sites\/3\/2025\/05\/honda_e_vo_lady.jpg?resize=1024,604 1024w, https:\/\/electrek.co\/wp-content\/uploads\/sites\/3\/2025\/05\/honda_e_vo_lady.jpg?resize=350,207 350w, https:\/\/electrek.co\/wp-content\/uploads\/sites\/3\/2025\/05\/honda_e_vo_lady.jpg?resize=130,78 130w, https:\/\/electrek.co\/wp-content\/uploads\/sites\/3\/2025\/05\/honda_e_vo_lady.jpg?resize=140,83 140w\" sizes=\"auto, (max-width: 1105px) 100vw, 1105px\"\/><figcaption class=\"wp-element-caption\">\u201eHonda E-VO\u201c elektrinis motociklas; per \u201eHonda\u201c.<\/figcaption><\/figure>\n<p>Taip, tai yra kin\u0173 rinkos dviratis, kur\u012f suk\u016br\u0117 \u201eHonda\u201c kin\u0173 \u201eWuyang Venture\u201c. Ne, mes tikriausiai niekada negausime ka\u017eko pana\u0161aus \u012f JAV, kur siaubingas, 113 AG 600 cc CC CBR600RR yra ka\u017ekaip i\u0161d\u0117stytas kaip \u201egeras startuolio dviratis\u201c, kurio bailiai yra 3 \u2033 plo\u010dio vi\u0161tienos juostel\u0117s ant savo padang\u0173. Beje, jei motocikl\u0173 pramon\u0117 nori i\u0161gyventi \u0160iaur\u0117s Amerikoje, b\u016btent tai, ko reikia, yra \u201eZippy\u201c, \u201ePrivalomas ir lengvas motociklas\u201c.<\/p>\n<p>Tikim\u0117s, kad mes gausime ka\u017ek\u0105 pana\u0161aus \u012f \u0161\u012f valstij\u0105 grei\u010diau nei v\u0117liau.<\/p>\n<p><strong>\u0160altinis | Vaizdai<\/strong>: Wuyang Honda; Va\u017eiuodami po vien\u0105, pakuot\u0119.<\/p>\n<figure class=\"wp-block-image alignwide\"><img loading=\"lazy\" decoding=\"async\" width=\"750\" height=\"150\" src=\"https:\/\/electrek.co\/wp-content\/uploads\/sites\/3\/2025\/03\/DES-1038_Electrek-Banners_EVs_0797c2.png\" alt=\"\" class=\"wp-image-408967\" srcset=\"https:\/\/electrek.co\/wp-content\/uploads\/sites\/3\/2025\/03\/DES-1038_Electrek-Banners_EVs_0797c2.png 750w, https:\/\/electrek.co\/wp-content\/uploads\/sites\/3\/2025\/03\/DES-1038_Electrek-Banners_EVs_0797c2.png?resize=150,30 150w, https:\/\/electrek.co\/wp-content\/uploads\/sites\/3\/2025\/03\/DES-1038_Electrek-Banners_EVs_0797c2.png?resize=300,60 300w, https:\/\/electrek.co\/wp-content\/uploads\/sites\/3\/2025\/03\/DES-1038_Electrek-Banners_EVs_0797c2.png?resize=350,70 350w, https:\/\/electrek.co\/wp-content\/uploads\/sites\/3\/2025\/03\/DES-1038_Electrek-Banners_EVs_0797c2.png?resize=140,28 140w\" sizes=\"auto, (max-width: 750px) 100vw, 750px\"\/><\/figure>\n<hr class=\"wp-block-separator has-alpha-channel-opacity\"\/>\n<p><em>J\u016bs\u0173 individualizuotas saul\u0117s citatas lengva palyginti internete ir gausite prieig\u0105 prie ne\u0161ali\u0161k\u0173 patar\u0117j\u0173, kurie pad\u0117s jums, kad pad\u0117t\u0173 jums kiekvienam \u017eingsniui. Geriausia dalis? Niekas jums neskambins, kol nepasirinksite jud\u0117ti \u012f priek\u012f. Prad\u0117kite, be vargo, spustel\u0117dami \u010dia.<\/em><\/p>\n<div class=\"ad-disclaimer-container\">\n<p class=\"disclaimer-affiliate\"><em>FPK: Mes naudojame pajamas gaunan\u010dias automatinio filialo nuorodas.<\/em> Daugiau.<\/p>\n<p><!-- post ad --><\/div>\n<\/p><\/div>\n<p><br \/>\n<br \/><a href=\"https:\/\/electrek.co\/2025\/05\/31\/first-production-electric-honda-motorcycle-debuts-in-beijing-and-its-a-cafe-racer\/\">Source link <\/a><\/p>\n","protected":false},"excerpt":{"rendered":"<p>Metai po met\u0173, atrodo, nesibaigiantis vis\u0173 elektros koncepcij\u0173 dvira\u010di\u0173 plaustas, ne\u0161iojantis \u201eHonda\u201c \u017eenklelius, leidosi \u012f automobili\u0173 parodos scen\u0105, niekada nepadar\u0119&hellip;<\/p>\n","protected":false},"author":1,"featured_media":1029,"comment_status":"open","ping_status":"open","sticky":false,"template":"","format":"standard","meta":{"om_disable_all_campaigns":false,"_monsterinsights_skip_tracking":false,"_monsterinsights_sitenote_active":false,"_monsterinsights_sitenote_note":"","_monsterinsights_sitenote_category":0,"footnotes":""},"categories":[8],"tags":[2190,833,67,1637,2189,807,2191,20,49],"class_list":["post-1028","post","type-post","status-publish","format-standard","has-post-thumbnail","hentry","category-elektriniai-automobiliai","tag-cafe","tag-debiutas","tag-electric","tag-honda","tag-motorcycle","tag-pirmasis","tag-racer","tag-tai","tag-yra"],"aioseo_notices":[],"yoast_head":"<!-- This site is optimized with the Yoast SEO plugin v26.8 - https:\/\/yoast.com\/product\/yoast-seo-wordpress\/ -->\n<title>Pirmasis \u201eHonda Electric Motorcycle\u201c debiutas - ir tai yra \u201eCafe Racer\u201c! - Eautomobiliai.lt<\/title>\n<meta name=\"robots\" content=\"index, follow, max-snippet:-1, max-image-preview:large, max-video-preview:-1\" \/>\n<link rel=\"canonical\" href=\"http:\/\/eautomobiliai.lt\/index.php\/2025\/05\/31\/pirmasis-honda-electric-motorcycle-debiutas-ir-tai-yra-cafe-racer\/\" \/>\n<meta property=\"og:locale\" content=\"lt_LT\" \/>\n<meta property=\"og:type\" content=\"article\" \/>\n<meta property=\"og:title\" content=\"Pirmasis \u201eHonda Electric Motorcycle\u201c debiutas - ir tai yra \u201eCafe Racer\u201c! - Eautomobiliai.lt\" \/>\n<meta property=\"og:description\" content=\"Metai po met\u0173, atrodo, nesibaigiantis vis\u0173 elektros koncepcij\u0173 dvira\u010di\u0173 plaustas, ne\u0161iojantis \u201eHonda\u201c \u017eenklelius, leidosi \u012f automobili\u0173 parodos scen\u0105, niekada nepadar\u0119&hellip;\" \/>\n<meta property=\"og:url\" content=\"http:\/\/eautomobiliai.lt\/index.php\/2025\/05\/31\/pirmasis-honda-electric-motorcycle-debiutas-ir-tai-yra-cafe-racer\/\" \/>\n<meta property=\"og:site_name\" content=\"Eautomobiliai.lt\" \/>\n<meta property=\"article:published_time\" content=\"2025-05-31T18:29:19+00:00\" \/>\n<meta property=\"og:image\" content=\"http:\/\/eautomobiliai.lt\/wp-content\/uploads\/2025\/05\/Pirmasis-\u201eHonda-Electric-Motorcycle-debiutas-ir-tai-yra-\u201eCafe.jpg\" \/>\n\t<meta property=\"og:image:width\" content=\"1200\" \/>\n\t<meta property=\"og:image:height\" content=\"628\" \/>\n\t<meta property=\"og:image:type\" content=\"image\/jpeg\" \/>\n<meta name=\"author\" content=\"admin\" \/>\n<meta name=\"twitter:card\" content=\"summary_large_image\" \/>\n<meta name=\"twitter:label1\" content=\"Written by\" \/>\n\t<meta name=\"twitter:data1\" content=\"admin\" \/>\n\t<meta name=\"twitter:label2\" content=\"Est. reading time\" \/>\n\t<meta name=\"twitter:data2\" content=\"2 minut\u0117s\" \/>\n<script type=\"application\/ld+json\" class=\"yoast-schema-graph\">{\"@context\":\"https:\/\/schema.org\",\"@graph\":[{\"@type\":\"Article\",\"@id\":\"http:\/\/eautomobiliai.lt\/index.php\/2025\/05\/31\/pirmasis-honda-electric-motorcycle-debiutas-ir-tai-yra-cafe-racer\/#article\",\"isPartOf\":{\"@id\":\"http:\/\/eautomobiliai.lt\/index.php\/2025\/05\/31\/pirmasis-honda-electric-motorcycle-debiutas-ir-tai-yra-cafe-racer\/\"},\"author\":{\"name\":\"admin\",\"@id\":\"https:\/\/eautomobiliai.lt\/#\/schema\/person\/ecf2a967f361217d056061f74deb92f2\"},\"headline\":\"Pirmasis \u201eHonda Electric Motorcycle\u201c debiutas &#8211; ir tai yra \u201eCafe Racer\u201c!\",\"datePublished\":\"2025-05-31T18:29:19+00:00\",\"mainEntityOfPage\":{\"@id\":\"http:\/\/eautomobiliai.lt\/index.php\/2025\/05\/31\/pirmasis-honda-electric-motorcycle-debiutas-ir-tai-yra-cafe-racer\/\"},\"wordCount\":507,\"commentCount\":0,\"image\":{\"@id\":\"http:\/\/eautomobiliai.lt\/index.php\/2025\/05\/31\/pirmasis-honda-electric-motorcycle-debiutas-ir-tai-yra-cafe-racer\/#primaryimage\"},\"thumbnailUrl\":\"http:\/\/eautomobiliai.lt\/wp-content\/uploads\/2025\/05\/Pirmasis-\u201eHonda-Electric-Motorcycle-debiutas-ir-tai-yra-\u201eCafe.jpg\",\"keywords\":[\"Cafe\",\"debiutas\",\"Electric\",\"Honda\",\"Motorcycle\",\"pirmasis\",\"Racer\",\"Tai\",\"yra\"],\"articleSection\":[\"ELEKTRINIAI AUTOMOBILIAI\"],\"inLanguage\":\"lt-LT\",\"potentialAction\":[{\"@type\":\"CommentAction\",\"name\":\"Comment\",\"target\":[\"http:\/\/eautomobiliai.lt\/index.php\/2025\/05\/31\/pirmasis-honda-electric-motorcycle-debiutas-ir-tai-yra-cafe-racer\/#respond\"]}]},{\"@type\":\"WebPage\",\"@id\":\"http:\/\/eautomobiliai.lt\/index.php\/2025\/05\/31\/pirmasis-honda-electric-motorcycle-debiutas-ir-tai-yra-cafe-racer\/\",\"url\":\"http:\/\/eautomobiliai.lt\/index.php\/2025\/05\/31\/pirmasis-honda-electric-motorcycle-debiutas-ir-tai-yra-cafe-racer\/\",\"name\":\"Pirmasis \u201eHonda Electric Motorcycle\u201c debiutas - ir tai yra \u201eCafe Racer\u201c! - Eautomobiliai.lt\",\"isPartOf\":{\"@id\":\"https:\/\/eautomobiliai.lt\/#website\"},\"primaryImageOfPage\":{\"@id\":\"http:\/\/eautomobiliai.lt\/index.php\/2025\/05\/31\/pirmasis-honda-electric-motorcycle-debiutas-ir-tai-yra-cafe-racer\/#primaryimage\"},\"image\":{\"@id\":\"http:\/\/eautomobiliai.lt\/index.php\/2025\/05\/31\/pirmasis-honda-electric-motorcycle-debiutas-ir-tai-yra-cafe-racer\/#primaryimage\"},\"thumbnailUrl\":\"http:\/\/eautomobiliai.lt\/wp-content\/uploads\/2025\/05\/Pirmasis-\u201eHonda-Electric-Motorcycle-debiutas-ir-tai-yra-\u201eCafe.jpg\",\"datePublished\":\"2025-05-31T18:29:19+00:00\",\"author\":{\"@id\":\"https:\/\/eautomobiliai.lt\/#\/schema\/person\/ecf2a967f361217d056061f74deb92f2\"},\"breadcrumb\":{\"@id\":\"http:\/\/eautomobiliai.lt\/index.php\/2025\/05\/31\/pirmasis-honda-electric-motorcycle-debiutas-ir-tai-yra-cafe-racer\/#breadcrumb\"},\"inLanguage\":\"lt-LT\",\"potentialAction\":[{\"@type\":\"ReadAction\",\"target\":[\"http:\/\/eautomobiliai.lt\/index.php\/2025\/05\/31\/pirmasis-honda-electric-motorcycle-debiutas-ir-tai-yra-cafe-racer\/\"]}]},{\"@type\":\"ImageObject\",\"inLanguage\":\"lt-LT\",\"@id\":\"http:\/\/eautomobiliai.lt\/index.php\/2025\/05\/31\/pirmasis-honda-electric-motorcycle-debiutas-ir-tai-yra-cafe-racer\/#primaryimage\",\"url\":\"http:\/\/eautomobiliai.lt\/wp-content\/uploads\/2025\/05\/Pirmasis-\u201eHonda-Electric-Motorcycle-debiutas-ir-tai-yra-\u201eCafe.jpg\",\"contentUrl\":\"http:\/\/eautomobiliai.lt\/wp-content\/uploads\/2025\/05\/Pirmasis-\u201eHonda-Electric-Motorcycle-debiutas-ir-tai-yra-\u201eCafe.jpg\",\"width\":1200,\"height\":628},{\"@type\":\"BreadcrumbList\",\"@id\":\"http:\/\/eautomobiliai.lt\/index.php\/2025\/05\/31\/pirmasis-honda-electric-motorcycle-debiutas-ir-tai-yra-cafe-racer\/#breadcrumb\",\"itemListElement\":[{\"@type\":\"ListItem\",\"position\":1,\"name\":\"Home\",\"item\":\"https:\/\/eautomobiliai.lt\/\"},{\"@type\":\"ListItem\",\"position\":2,\"name\":\"Pirmasis \u201eHonda Electric Motorcycle\u201c debiutas &#8211; ir tai yra \u201eCafe Racer\u201c!\"}]},{\"@type\":\"WebSite\",\"@id\":\"https:\/\/eautomobiliai.lt\/#website\",\"url\":\"https:\/\/eautomobiliai.lt\/\",\"name\":\"Eautomobiliai.lt\",\"description\":\"Elektrinis transportas, technologijos\",\"potentialAction\":[{\"@type\":\"SearchAction\",\"target\":{\"@type\":\"EntryPoint\",\"urlTemplate\":\"https:\/\/eautomobiliai.lt\/?s={search_term_string}\"},\"query-input\":{\"@type\":\"PropertyValueSpecification\",\"valueRequired\":true,\"valueName\":\"search_term_string\"}}],\"inLanguage\":\"lt-LT\"},{\"@type\":\"Person\",\"@id\":\"https:\/\/eautomobiliai.lt\/#\/schema\/person\/ecf2a967f361217d056061f74deb92f2\",\"name\":\"admin\",\"image\":{\"@type\":\"ImageObject\",\"inLanguage\":\"lt-LT\",\"@id\":\"https:\/\/eautomobiliai.lt\/#\/schema\/person\/image\/\",\"url\":\"https:\/\/secure.gravatar.com\/avatar\/6323379efae0c70c686c7905444d6bbd?s=96&d=mm&r=g\",\"contentUrl\":\"https:\/\/secure.gravatar.com\/avatar\/6323379efae0c70c686c7905444d6bbd?s=96&d=mm&r=g\",\"caption\":\"admin\"},\"sameAs\":[\"http:\/\/eautomobiliai.lt\"],\"url\":\"http:\/\/eautomobiliai.lt\/index.php\/author\/admin\/\"}]}<\/script>\n<!-- \/ Yoast SEO plugin. -->","yoast_head_json":{"title":"Pirmasis \u201eHonda Electric Motorcycle\u201c debiutas - ir tai yra \u201eCafe Racer\u201c! - Eautomobiliai.lt","robots":{"index":"index","follow":"follow","max-snippet":"max-snippet:-1","max-image-preview":"max-image-preview:large","max-video-preview":"max-video-preview:-1"},"canonical":"http:\/\/eautomobiliai.lt\/index.php\/2025\/05\/31\/pirmasis-honda-electric-motorcycle-debiutas-ir-tai-yra-cafe-racer\/","og_locale":"lt_LT","og_type":"article","og_title":"Pirmasis \u201eHonda Electric Motorcycle\u201c debiutas - ir tai yra \u201eCafe Racer\u201c! - Eautomobiliai.lt","og_description":"Metai po met\u0173, atrodo, nesibaigiantis vis\u0173 elektros koncepcij\u0173 dvira\u010di\u0173 plaustas, ne\u0161iojantis \u201eHonda\u201c \u017eenklelius, leidosi \u012f automobili\u0173 parodos scen\u0105, niekada nepadar\u0119&hellip;","og_url":"http:\/\/eautomobiliai.lt\/index.php\/2025\/05\/31\/pirmasis-honda-electric-motorcycle-debiutas-ir-tai-yra-cafe-racer\/","og_site_name":"Eautomobiliai.lt","article_published_time":"2025-05-31T18:29:19+00:00","og_image":[{"width":1200,"height":628,"url":"http:\/\/eautomobiliai.lt\/wp-content\/uploads\/2025\/05\/Pirmasis-\u201eHonda-Electric-Motorcycle-debiutas-ir-tai-yra-\u201eCafe.jpg","type":"image\/jpeg"}],"author":"admin","twitter_card":"summary_large_image","twitter_misc":{"Written by":"admin","Est. reading time":"2 minut\u0117s"},"schema":{"@context":"https:\/\/schema.org","@graph":[{"@type":"Article","@id":"http:\/\/eautomobiliai.lt\/index.php\/2025\/05\/31\/pirmasis-honda-electric-motorcycle-debiutas-ir-tai-yra-cafe-racer\/#article","isPartOf":{"@id":"http:\/\/eautomobiliai.lt\/index.php\/2025\/05\/31\/pirmasis-honda-electric-motorcycle-debiutas-ir-tai-yra-cafe-racer\/"},"author":{"name":"admin","@id":"https:\/\/eautomobiliai.lt\/#\/schema\/person\/ecf2a967f361217d056061f74deb92f2"},"headline":"Pirmasis \u201eHonda Electric Motorcycle\u201c debiutas &#8211; ir tai yra \u201eCafe Racer\u201c!","datePublished":"2025-05-31T18:29:19+00:00","mainEntityOfPage":{"@id":"http:\/\/eautomobiliai.lt\/index.php\/2025\/05\/31\/pirmasis-honda-electric-motorcycle-debiutas-ir-tai-yra-cafe-racer\/"},"wordCount":507,"commentCount":0,"image":{"@id":"http:\/\/eautomobiliai.lt\/index.php\/2025\/05\/31\/pirmasis-honda-electric-motorcycle-debiutas-ir-tai-yra-cafe-racer\/#primaryimage"},"thumbnailUrl":"http:\/\/eautomobiliai.lt\/wp-content\/uploads\/2025\/05\/Pirmasis-\u201eHonda-Electric-Motorcycle-debiutas-ir-tai-yra-\u201eCafe.jpg","keywords":["Cafe","debiutas","Electric","Honda","Motorcycle","pirmasis","Racer","Tai","yra"],"articleSection":["ELEKTRINIAI AUTOMOBILIAI"],"inLanguage":"lt-LT","potentialAction":[{"@type":"CommentAction","name":"Comment","target":["http:\/\/eautomobiliai.lt\/index.php\/2025\/05\/31\/pirmasis-honda-electric-motorcycle-debiutas-ir-tai-yra-cafe-racer\/#respond"]}]},{"@type":"WebPage","@id":"http:\/\/eautomobiliai.lt\/index.php\/2025\/05\/31\/pirmasis-honda-electric-motorcycle-debiutas-ir-tai-yra-cafe-racer\/","url":"http:\/\/eautomobiliai.lt\/index.php\/2025\/05\/31\/pirmasis-honda-electric-motorcycle-debiutas-ir-tai-yra-cafe-racer\/","name":"Pirmasis \u201eHonda Electric Motorcycle\u201c debiutas - ir tai yra \u201eCafe Racer\u201c! - Eautomobiliai.lt","isPartOf":{"@id":"https:\/\/eautomobiliai.lt\/#website"},"primaryImageOfPage":{"@id":"http:\/\/eautomobiliai.lt\/index.php\/2025\/05\/31\/pirmasis-honda-electric-motorcycle-debiutas-ir-tai-yra-cafe-racer\/#primaryimage"},"image":{"@id":"http:\/\/eautomobiliai.lt\/index.php\/2025\/05\/31\/pirmasis-honda-electric-motorcycle-debiutas-ir-tai-yra-cafe-racer\/#primaryimage"},"thumbnailUrl":"http:\/\/eautomobiliai.lt\/wp-content\/uploads\/2025\/05\/Pirmasis-\u201eHonda-Electric-Motorcycle-debiutas-ir-tai-yra-\u201eCafe.jpg","datePublished":"2025-05-31T18:29:19+00:00","author":{"@id":"https:\/\/eautomobiliai.lt\/#\/schema\/person\/ecf2a967f361217d056061f74deb92f2"},"breadcrumb":{"@id":"http:\/\/eautomobiliai.lt\/index.php\/2025\/05\/31\/pirmasis-honda-electric-motorcycle-debiutas-ir-tai-yra-cafe-racer\/#breadcrumb"},"inLanguage":"lt-LT","potentialAction":[{"@type":"ReadAction","target":["http:\/\/eautomobiliai.lt\/index.php\/2025\/05\/31\/pirmasis-honda-electric-motorcycle-debiutas-ir-tai-yra-cafe-racer\/"]}]},{"@type":"ImageObject","inLanguage":"lt-LT","@id":"http:\/\/eautomobiliai.lt\/index.php\/2025\/05\/31\/pirmasis-honda-electric-motorcycle-debiutas-ir-tai-yra-cafe-racer\/#primaryimage","url":"http:\/\/eautomobiliai.lt\/wp-content\/uploads\/2025\/05\/Pirmasis-\u201eHonda-Electric-Motorcycle-debiutas-ir-tai-yra-\u201eCafe.jpg","contentUrl":"http:\/\/eautomobiliai.lt\/wp-content\/uploads\/2025\/05\/Pirmasis-\u201eHonda-Electric-Motorcycle-debiutas-ir-tai-yra-\u201eCafe.jpg","width":1200,"height":628},{"@type":"BreadcrumbList","@id":"http:\/\/eautomobiliai.lt\/index.php\/2025\/05\/31\/pirmasis-honda-electric-motorcycle-debiutas-ir-tai-yra-cafe-racer\/#breadcrumb","itemListElement":[{"@type":"ListItem","position":1,"name":"Home","item":"https:\/\/eautomobiliai.lt\/"},{"@type":"ListItem","position":2,"name":"Pirmasis \u201eHonda Electric Motorcycle\u201c debiutas &#8211; ir tai yra \u201eCafe Racer\u201c!"}]},{"@type":"WebSite","@id":"https:\/\/eautomobiliai.lt\/#website","url":"https:\/\/eautomobiliai.lt\/","name":"Eautomobiliai.lt","description":"Elektrinis transportas, technologijos","potentialAction":[{"@type":"SearchAction","target":{"@type":"EntryPoint","urlTemplate":"https:\/\/eautomobiliai.lt\/?s={search_term_string}"},"query-input":{"@type":"PropertyValueSpecification","valueRequired":true,"valueName":"search_term_string"}}],"inLanguage":"lt-LT"},{"@type":"Person","@id":"https:\/\/eautomobiliai.lt\/#\/schema\/person\/ecf2a967f361217d056061f74deb92f2","name":"admin","image":{"@type":"ImageObject","inLanguage":"lt-LT","@id":"https:\/\/eautomobiliai.lt\/#\/schema\/person\/image\/","url":"https:\/\/secure.gravatar.com\/avatar\/6323379efae0c70c686c7905444d6bbd?s=96&d=mm&r=g","contentUrl":"https:\/\/secure.gravatar.com\/avatar\/6323379efae0c70c686c7905444d6bbd?s=96&d=mm&r=g","caption":"admin"},"sameAs":["http:\/\/eautomobiliai.lt"],"url":"http:\/\/eautomobiliai.lt\/index.php\/author\/admin\/"}]}},"_links":{"self":[{"href":"http:\/\/eautomobiliai.lt\/index.php\/wp-json\/wp\/v2\/posts\/1028","targetHints":{"allow":["GET"]}}],"collection":[{"href":"http:\/\/eautomobiliai.lt\/index.php\/wp-json\/wp\/v2\/posts"}],"about":[{"href":"http:\/\/eautomobiliai.lt\/index.php\/wp-json\/wp\/v2\/types\/post"}],"author":[{"embeddable":true,"href":"http:\/\/eautomobiliai.lt\/index.php\/wp-json\/wp\/v2\/users\/1"}],"replies":[{"embeddable":true,"href":"http:\/\/eautomobiliai.lt\/index.php\/wp-json\/wp\/v2\/comments?post=1028"}],"version-history":[{"count":0,"href":"http:\/\/eautomobiliai.lt\/index.php\/wp-json\/wp\/v2\/posts\/1028\/revisions"}],"wp:featuredmedia":[{"embeddable":true,"href":"http:\/\/eautomobiliai.lt\/index.php\/wp-json\/wp\/v2\/media\/1029"}],"wp:attachment":[{"href":"http:\/\/eautomobiliai.lt\/index.php\/wp-json\/wp\/v2\/media?parent=1028"}],"wp:term":[{"taxonomy":"category","embeddable":true,"href":"http:\/\/eautomobiliai.lt\/index.php\/wp-json\/wp\/v2\/categories?post=1028"},{"taxonomy":"post_tag","embeddable":true,"href":"http:\/\/eautomobiliai.lt\/index.php\/wp-json\/wp\/v2\/tags?post=1028"}],"curies":[{"name":"wp","href":"https:\/\/api.w.org\/{rel}","templated":true}]}}