{"id":1102,"date":"2025-06-07T10:53:41","date_gmt":"2025-06-07T10:53:41","guid":{"rendered":"http:\/\/eautomobiliai.lt\/index.php\/2025\/06\/07\/pirmasis-tikras-elektrinis-skraidantis-automobilis-cia-galetu-buti-iki-2025-m-pabaigos\/"},"modified":"2025-06-07T10:53:41","modified_gmt":"2025-06-07T10:53:41","slug":"pirmasis-tikras-elektrinis-skraidantis-automobilis-cia-galetu-buti-iki-2025-m-pabaigos","status":"publish","type":"post","link":"http:\/\/eautomobiliai.lt\/index.php\/2025\/06\/07\/pirmasis-tikras-elektrinis-skraidantis-automobilis-cia-galetu-buti-iki-2025-m-pabaigos\/","title":{"rendered":"Pirmasis \u201etikras\u201c elektrinis skraidantis automobilis \u010dia gal\u0117t\u0173 b\u016bti iki 2025 m. Pabaigos"},"content":{"rendered":"<p> <br \/>\n<\/p>\n<div>\n<figure class=\"img-border featured-image\">\n\t<\/figure>\n<p>Skraidantis automobilis neb\u0117ra mokslin\u0117s fantastikos fantazija. Tai tampa realybe ir gali b\u016bti \u010dia iki met\u0173 pabaigos. \u201eAlef Aeronautics\u201c dabar kuria i\u0161ankstinio gamybos modelius, kuriuos ji vadina \u201epirm\u0105j\u012f tikr\u0105j\u012f skraidant\u012f automobil\u012f\u201c ir yra 100% elektrinis. Bendrov\u0117 net teigia, kad jo skraidantis automobilis sunaudoja ma\u017eiau energijos nei \u201eTesla\u201c ar bet kuris kitas EV.<\/p>\n<p><span id=\"more-419404\"\/><\/p>\n<h2 class=\"wp-block-heading\" id=\"h-alef-prepares-first-true-electric-flying-car-for-launch\">\u201eAlef\u201c ruo\u0161ia pirm\u0105j\u012f \u201eTrue\u201c elektrin\u012f skraidant\u012f automobil\u012f paleisti<\/h2>\n<p>\u201eSan Mateo\u201c \u012fsik\u016br\u0119s \u201eAlef Aeronautics\u201c k\u016br\u0117 skraidan\u010dius automobilius ma\u017edaug de\u0161imtmet\u012f, ta\u010diau dabar jis yra pasireng\u0119s juos atgaivinti.<\/p>\n<p>2022 m. Spalio m\u0117n. Bendrov\u0117 pristat\u0117 savo pirm\u0105j\u012f prototip\u0105 \u201eA modelis A\u201c, teigdama, kad elektrinis skraidantis automobilis gali nuva\u017eiuoti iki 220 myli\u0173 su 110 myli\u0173 skryd\u017eio diapazonu.<\/p>\n<p>T\u0105 pat\u012f m\u0117nes\u012f prad\u0117jus i\u0161ankstinius u\u017esakymus, iki met\u0173 pabaigos modelis buvo u\u017etikrintas 440 rezervacij\u0173. Remiantis naujausiu bendrov\u0117s atnaujinimu, skraidantis automobilis dabar u\u017esitikrino daugiau nei 3400 i\u0161ankstini\u0173 u\u017esakym\u0173, i\u0161 viso \u012fvertintos ma\u017edaug 1 milijardo doleri\u0173.<\/p>\n<p>\t<span class=\"outbrain-ad-label\">Skelbimas &#8211; slinkite daugiau turinio<\/span><\/p>\n<p>\u012esakymus \u012feina verslas ir asmenys, \u012fskaitant automobili\u0173 prekybos atstov\u0105 Kalifornijoje. \u201eAlef\u201c tapo pirm\u0105ja kompanija, parduodan\u010dia modern\u0173 orlaiv\u012f per automobili\u0173 prekybos atstov\u0105 su i\u0161ankstiniais u\u017esakymais.<\/p>\n<p>Galite rezervuoti viet\u0105 \u201e\u012fprastoje\u201c eil\u0117je u\u017e 150 USD arba 1500 USD u\u017e \u201eprioritetin\u012f\u201c laukian\u010di\u0173j\u0173 s\u0105ra\u0161\u0105. \u201eAlef\u201c prad\u0117jo i\u0161ankstin\u012f gamyb\u0105 savo \u012frenginyje Silicio sl\u0117nyje ir tikisi netrukus prad\u0117ti kurti klient\u0173 modelius.<\/p>\n<figure class=\"wp-block-image alignwide size-large\"><img loading=\"lazy\" decoding=\"async\" width=\"1400\" height=\"700\" src=\"https:\/\/electrek.co\/wp-content\/uploads\/sites\/3\/2024\/09\/Electric-flying-car-manufacturing.jpeg?quality=82&amp;strip=all&amp;w=1024\" alt=\"pirmojo turto-elektros skraidymo automobilis\" class=\"wp-image-380484\" srcset=\"https:\/\/electrek.co\/wp-content\/uploads\/sites\/3\/2024\/09\/Electric-flying-car-manufacturing.jpeg 1400w, https:\/\/electrek.co\/wp-content\/uploads\/sites\/3\/2024\/09\/Electric-flying-car-manufacturing.jpeg?resize=150,75 150w, https:\/\/electrek.co\/wp-content\/uploads\/sites\/3\/2024\/09\/Electric-flying-car-manufacturing.jpeg?resize=300,150 300w, https:\/\/electrek.co\/wp-content\/uploads\/sites\/3\/2024\/09\/Electric-flying-car-manufacturing.jpeg?resize=768,384 768w, https:\/\/electrek.co\/wp-content\/uploads\/sites\/3\/2024\/09\/Electric-flying-car-manufacturing.jpeg?resize=1024,512 1024w, https:\/\/electrek.co\/wp-content\/uploads\/sites\/3\/2024\/09\/Electric-flying-car-manufacturing.jpeg?resize=350,175 350w, https:\/\/electrek.co\/wp-content\/uploads\/sites\/3\/2024\/09\/Electric-flying-car-manufacturing.jpeg?resize=140,70 140w, https:\/\/electrek.co\/wp-content\/uploads\/sites\/3\/2024\/09\/Electric-flying-car-manufacturing.jpeg?resize=290,145 290w\" sizes=\"auto, (max-width: 1400px) 100vw, 1400px\"\/><figcaption class=\"wp-element-caption\">\u201eAlef\u201c modelis eksponuojamas elektrinis skraidantis automobilis (\u0161altinis: \u201eAlef\u201c)<\/figcaption><\/figure>\n<p>\u201eJei viskas vyks pagal plan\u0105 ir joki\u0173 dideli\u0173 i\u0161orini\u0173 pakeitim\u0173,\u201e Alef \u201cplanuoja prad\u0117ti gaminti pirm\u0105j\u0105 transporto priemon\u0119 iki 2025 m. Pabaigos arba 2026 m. Pirmojo ketvir\u010dio\u201c, &#8211; teig\u0117 bendrov\u0117 (per <em>Ktvu<\/em>), su pristatymais nustatyta sekti.<\/p>\n<p>Alefas sako, kad A modelis yra pirmasis keleivinis kelias, kuris taip pat gali pakilti ir nusileisti. Bendrov\u0117 net teigia, kad \u201evidutini\u0161kai\u201e Alef Flying \u201cautomobilis vienai kelionei sunaudoja ma\u017eiau energijos nei\u201e Tesla \u201car bet kuris kitas EV\u201c.<\/p>\n<figure class=\"wp-block-image alignwide size-large\"><img loading=\"lazy\" decoding=\"async\" width=\"1400\" height=\"700\" src=\"https:\/\/electrek.co\/wp-content\/uploads\/sites\/3\/2024\/09\/Electric-flying-car-manufacturing-2.jpeg?quality=82&amp;strip=all&amp;w=1024\" alt=\"pirmojo elektrinis skraidymo automobilis\" class=\"wp-image-380488\" srcset=\"https:\/\/electrek.co\/wp-content\/uploads\/sites\/3\/2024\/09\/Electric-flying-car-manufacturing-2.jpeg 1400w, https:\/\/electrek.co\/wp-content\/uploads\/sites\/3\/2024\/09\/Electric-flying-car-manufacturing-2.jpeg?resize=150,75 150w, https:\/\/electrek.co\/wp-content\/uploads\/sites\/3\/2024\/09\/Electric-flying-car-manufacturing-2.jpeg?resize=300,150 300w, https:\/\/electrek.co\/wp-content\/uploads\/sites\/3\/2024\/09\/Electric-flying-car-manufacturing-2.jpeg?resize=768,384 768w, https:\/\/electrek.co\/wp-content\/uploads\/sites\/3\/2024\/09\/Electric-flying-car-manufacturing-2.jpeg?resize=1024,512 1024w, https:\/\/electrek.co\/wp-content\/uploads\/sites\/3\/2024\/09\/Electric-flying-car-manufacturing-2.jpeg?resize=350,175 350w, https:\/\/electrek.co\/wp-content\/uploads\/sites\/3\/2024\/09\/Electric-flying-car-manufacturing-2.jpeg?resize=140,70 140w, https:\/\/electrek.co\/wp-content\/uploads\/sites\/3\/2024\/09\/Electric-flying-car-manufacturing-2.jpeg?resize=290,145 290w\" sizes=\"auto, (max-width: 1400px) 100vw, 1400px\"\/><figcaption class=\"wp-element-caption\">Generalinis direktorius Jimas Dukhovny pristato model\u012f elektrin\u012f skraidant\u012f automobil\u012f Detroito automobili\u0173 parodoje (\u0161altinis: Alef)<\/figcaption><\/figure>\n<p>Kadangi A modelis yra klasifikuojamas kaip \u201eultrali\u0161kas\u201c, jam nereikia legaliai skristi keliais, Alefas pasakojo KTVU. Ta\u010diau jis turi ir kit\u0173 apribojim\u0173, \u012fskaitant galimyb\u0119 skristi tik dienos metu ir ribotos skraidymo zonos. Itin lengvos transporto priemon\u0117s negali skristi per tankiai apgyvendintas vietas.<\/p>\n<p>Pirm\u0105 kart\u0105 \u0161iais metais pirm\u0105 kart\u0105 veik\u0117me elektrinio skraidan\u010dio automobilio \u017evilgsn\u012f. Alefas i\u0161leido vaizdo \u012fra\u0161\u0105, kuriame skraidantis automobilis \u0161okin\u0117ja per kit\u0105 transporto priemon\u0119 vie\u0161ojoje Kalifornijos gatv\u0117je.<\/p>\n<figure class=\"wp-block-video wp-block-embed is-type-video is-provider-videopress\">\n<p>\n<iframe loading=\"lazy\" title=\"VideoPress Video Player\" aria-label=\"VideoPress Video Player\" width=\"500\" height=\"281\" src=\"https:\/\/videopress.com\/embed\/JMgwAlPC?cover=1&amp;posterUrl=https%3A%2F%2Felectrek.co%2Fwp-content%2Fuploads%2Fsites%2F3%2F2025%2F02%2Felectric-flying-car-public-flight_mp4_std.original.jpg%3Fquality%3D82&amp;strip=all&amp;preloadContent=metadata&amp;useAverageColor=1&amp;hd=0\" frameborder=\"0\" allowfullscreen=\"\" data-resize-to-parent=\"true\" allow=\"clipboard-write\"><\/iframe>\n<\/p><figcaption>\u201eAlef\u201c elektrinis skraidantis automobilis apima kit\u0105 transporto priemon\u0119 Kalifornijoje (\u0161altinis: \u201eAlef Aeronautics\u201c)<\/figcaption><\/figure>\n<p>Tai atrod\u0117 netikra, ta\u010diau Alefas pa\u017eada, kad tai buvo \u201epirmasis vaizdo \u012fra\u0161as, kuriame buvo vairuojamas automobilis ir vertikaliai kyla\u201c. Kiti skraidantys automobiliai pasirod\u0117 vaizdo \u012fra\u0161uose su priri\u0161tais skryd\u017eiais ir kitais triukais, kad atrodyt\u0173, jog jie i\u0161 tikr\u0173j\u0173 skryd\u017eio metu.<\/p>\n<p>A modelis prasideda nuo 300 000 USD, ta\u010diau Alefas sako, kad i\u0161laidos \u201etur\u0117t\u0173 drasti\u0161kai suma\u017e\u0117ti\u201c, pridurdamas \u201egaliausiai \u017eemiau\u201e Toyota Corolla \u201car\u201e Ford Focus \u201clygi\u0173\u201c.<\/p>\n<figure class=\"wp-block-image alignwide size-large\"><img loading=\"lazy\" decoding=\"async\" width=\"1400\" height=\"700\" src=\"https:\/\/electrek.co\/wp-content\/uploads\/sites\/3\/2024\/09\/Electric-flying-car-manufacturing-3.jpeg?quality=82&amp;strip=all&amp;w=1024\" alt=\"pirmojo elektrinis skraidymo automobilis\" class=\"wp-image-380490\" srcset=\"https:\/\/electrek.co\/wp-content\/uploads\/sites\/3\/2024\/09\/Electric-flying-car-manufacturing-3.jpeg 1400w, https:\/\/electrek.co\/wp-content\/uploads\/sites\/3\/2024\/09\/Electric-flying-car-manufacturing-3.jpeg?resize=150,75 150w, https:\/\/electrek.co\/wp-content\/uploads\/sites\/3\/2024\/09\/Electric-flying-car-manufacturing-3.jpeg?resize=300,150 300w, https:\/\/electrek.co\/wp-content\/uploads\/sites\/3\/2024\/09\/Electric-flying-car-manufacturing-3.jpeg?resize=768,384 768w, https:\/\/electrek.co\/wp-content\/uploads\/sites\/3\/2024\/09\/Electric-flying-car-manufacturing-3.jpeg?resize=1024,512 1024w, https:\/\/electrek.co\/wp-content\/uploads\/sites\/3\/2024\/09\/Electric-flying-car-manufacturing-3.jpeg?resize=350,175 350w, https:\/\/electrek.co\/wp-content\/uploads\/sites\/3\/2024\/09\/Electric-flying-car-manufacturing-3.jpeg?resize=140,70 140w, https:\/\/electrek.co\/wp-content\/uploads\/sites\/3\/2024\/09\/Electric-flying-car-manufacturing-3.jpeg?resize=290,145 290w\" sizes=\"auto, (max-width: 1400px) 100vw, 1400px\"\/><figcaption class=\"wp-element-caption\">\u201eAlef\u201c modelis i\u0161 elektrinio skraidan\u010dio automobilio vir\u0161aus vaizdas (\u0161altinis: \u201eAlef\u201c)<\/figcaption><\/figure>\n<p>Gamybos ir gamybos i\u0161laidos i\u0161 prad\u017ei\u0173 yra didel\u0117s d\u0117l \u201erank\u0173 darbo vidaus lygio\u201c,-ai\u0161kino bendrov\u0117.<\/p>\n<p>Pra\u0117jusiais metais pradedan\u010dioji \u012fmon\u0117 u\u017etikrino masin\u0117s gamybos sutart\u012f su \u201ePucara Aero\u201c ir \u201eMyc\u201c aviacijos laipsnio dalims, kuriems tiekia pramon\u0117s lyderius, tokius kaip \u201eBoeing\u201c ir \u201eAirbus\u201c.<\/p>\n<p>\u201eAlef\u201c skraidantiems automobiliams \u0161i\u0105 savait\u0119 buvo atliktas \u201epagrindinis techninis atnaujinimas\u201c, kuriame netrukus bus pateikta daugiau informacijos. Pagal A model\u012f \u201eAlef\u201c jau dirba prie savo antrojo skraidan\u010dio automobilio \u201eModel Z\u201c, kurio tikimasi, kad jis bus ar\u010diau 35 000 USD. Ta\u010diau tai gali praeiti \u0161iek tiek laiko, kol pamatysime tai su numatomu 2035 m. Prad\u017eia.<\/p>\n<p><em>\u0160altinis: KTVU, \u201eAlef Aeronautics\u201c<\/em><\/p>\n<div class=\"ad-disclaimer-container\">\n<p class=\"disclaimer-affiliate\"><em>FPK: Mes naudojame pajamas gaunan\u010dias automatinio filialo nuorodas.<\/em> Daugiau.<\/p>\n<p><!-- post ad --><\/div>\n<\/p><\/div>\n<p><br \/>\n<br \/><a href=\"https:\/\/electrek.co\/2025\/06\/06\/first-true-electric-flying-car-could-be-here-by-end-of-2025\/\">Source link <\/a><\/p>\n","protected":false},"excerpt":{"rendered":"<p>Skraidantis automobilis neb\u0117ra mokslin\u0117s fantastikos fantazija. Tai tampa realybe ir gali b\u016bti \u010dia iki met\u0173 pabaigos. \u201eAlef Aeronautics\u201c dabar kuria&hellip;<\/p>\n","protected":false},"author":1,"featured_media":1103,"comment_status":"open","ping_status":"open","sticky":false,"template":"","format":"standard","meta":{"om_disable_all_campaigns":false,"_monsterinsights_skip_tracking":false,"_monsterinsights_sitenote_active":false,"_monsterinsights_sitenote_note":"","_monsterinsights_sitenote_category":0,"footnotes":""},"categories":[8],"tags":[544,197,1915,26,669,425,330,807,2299,2298],"class_list":["post-1102","post","type-post","status-publish","format-standard","has-post-thumbnail","hentry","category-elektriniai-automobiliai","tag-automobilis","tag-buti","tag-cia","tag-elektrinis","tag-galetu","tag-iki","tag-pabaigos","tag-pirmasis","tag-skraidantis","tag-tikras"],"aioseo_notices":[],"yoast_head":"<!-- This site is optimized with the Yoast SEO plugin v26.8 - https:\/\/yoast.com\/product\/yoast-seo-wordpress\/ -->\n<title>Pirmasis \u201etikras\u201c elektrinis skraidantis automobilis \u010dia gal\u0117t\u0173 b\u016bti iki 2025 m. Pabaigos - Eautomobiliai.lt<\/title>\n<meta name=\"robots\" content=\"index, follow, max-snippet:-1, max-image-preview:large, max-video-preview:-1\" \/>\n<link rel=\"canonical\" href=\"https:\/\/eautomobiliai.lt\/index.php\/2025\/06\/07\/pirmasis-tikras-elektrinis-skraidantis-automobilis-cia-galetu-buti-iki-2025-m-pabaigos\/\" \/>\n<meta property=\"og:locale\" content=\"lt_LT\" \/>\n<meta property=\"og:type\" content=\"article\" \/>\n<meta property=\"og:title\" content=\"Pirmasis \u201etikras\u201c elektrinis skraidantis automobilis \u010dia gal\u0117t\u0173 b\u016bti iki 2025 m. Pabaigos - Eautomobiliai.lt\" \/>\n<meta property=\"og:description\" content=\"Skraidantis automobilis neb\u0117ra mokslin\u0117s fantastikos fantazija. Tai tampa realybe ir gali b\u016bti \u010dia iki met\u0173 pabaigos. \u201eAlef Aeronautics\u201c dabar kuria&hellip;\" \/>\n<meta property=\"og:url\" content=\"https:\/\/eautomobiliai.lt\/index.php\/2025\/06\/07\/pirmasis-tikras-elektrinis-skraidantis-automobilis-cia-galetu-buti-iki-2025-m-pabaigos\/\" \/>\n<meta property=\"og:site_name\" content=\"Eautomobiliai.lt\" \/>\n<meta property=\"article:published_time\" content=\"2025-06-07T10:53:41+00:00\" \/>\n<meta property=\"og:image\" content=\"https:\/\/eautomobiliai.lt\/wp-content\/uploads\/2025\/06\/Pirmasis-\u201etikras-elektrinis-skraidantis-automobilis-cia-galetu-buti-iki-2025.jpeg\" \/>\n\t<meta property=\"og:image:width\" content=\"1200\" \/>\n\t<meta property=\"og:image:height\" content=\"628\" \/>\n\t<meta property=\"og:image:type\" content=\"image\/jpeg\" \/>\n<meta name=\"author\" content=\"admin\" \/>\n<meta name=\"twitter:card\" content=\"summary_large_image\" \/>\n<meta name=\"twitter:label1\" content=\"Written by\" \/>\n\t<meta name=\"twitter:data1\" content=\"admin\" \/>\n\t<meta name=\"twitter:label2\" content=\"Est. reading time\" \/>\n\t<meta name=\"twitter:data2\" content=\"3 minut\u0117s\" \/>\n<script type=\"application\/ld+json\" class=\"yoast-schema-graph\">{\"@context\":\"https:\/\/schema.org\",\"@graph\":[{\"@type\":\"Article\",\"@id\":\"https:\/\/eautomobiliai.lt\/index.php\/2025\/06\/07\/pirmasis-tikras-elektrinis-skraidantis-automobilis-cia-galetu-buti-iki-2025-m-pabaigos\/#article\",\"isPartOf\":{\"@id\":\"https:\/\/eautomobiliai.lt\/index.php\/2025\/06\/07\/pirmasis-tikras-elektrinis-skraidantis-automobilis-cia-galetu-buti-iki-2025-m-pabaigos\/\"},\"author\":{\"name\":\"admin\",\"@id\":\"https:\/\/eautomobiliai.lt\/#\/schema\/person\/ecf2a967f361217d056061f74deb92f2\"},\"headline\":\"Pirmasis \u201etikras\u201c elektrinis skraidantis automobilis \u010dia gal\u0117t\u0173 b\u016bti iki 2025 m. Pabaigos\",\"datePublished\":\"2025-06-07T10:53:41+00:00\",\"mainEntityOfPage\":{\"@id\":\"https:\/\/eautomobiliai.lt\/index.php\/2025\/06\/07\/pirmasis-tikras-elektrinis-skraidantis-automobilis-cia-galetu-buti-iki-2025-m-pabaigos\/\"},\"wordCount\":636,\"commentCount\":0,\"image\":{\"@id\":\"https:\/\/eautomobiliai.lt\/index.php\/2025\/06\/07\/pirmasis-tikras-elektrinis-skraidantis-automobilis-cia-galetu-buti-iki-2025-m-pabaigos\/#primaryimage\"},\"thumbnailUrl\":\"http:\/\/eautomobiliai.lt\/wp-content\/uploads\/2025\/06\/Pirmasis-\u201etikras-elektrinis-skraidantis-automobilis-cia-galetu-buti-iki-2025.jpeg\",\"keywords\":[\"automobilis\",\"b\u016bti\",\"\u010cia\",\"Elektrinis\",\"gal\u0117t\u0173\",\"iki\",\"pabaigos\",\"pirmasis\",\"skraidantis\",\"tikras\"],\"articleSection\":[\"ELEKTRINIAI AUTOMOBILIAI\"],\"inLanguage\":\"lt-LT\",\"potentialAction\":[{\"@type\":\"CommentAction\",\"name\":\"Comment\",\"target\":[\"https:\/\/eautomobiliai.lt\/index.php\/2025\/06\/07\/pirmasis-tikras-elektrinis-skraidantis-automobilis-cia-galetu-buti-iki-2025-m-pabaigos\/#respond\"]}]},{\"@type\":\"WebPage\",\"@id\":\"https:\/\/eautomobiliai.lt\/index.php\/2025\/06\/07\/pirmasis-tikras-elektrinis-skraidantis-automobilis-cia-galetu-buti-iki-2025-m-pabaigos\/\",\"url\":\"https:\/\/eautomobiliai.lt\/index.php\/2025\/06\/07\/pirmasis-tikras-elektrinis-skraidantis-automobilis-cia-galetu-buti-iki-2025-m-pabaigos\/\",\"name\":\"Pirmasis \u201etikras\u201c elektrinis skraidantis automobilis \u010dia gal\u0117t\u0173 b\u016bti iki 2025 m. Pabaigos - Eautomobiliai.lt\",\"isPartOf\":{\"@id\":\"https:\/\/eautomobiliai.lt\/#website\"},\"primaryImageOfPage\":{\"@id\":\"https:\/\/eautomobiliai.lt\/index.php\/2025\/06\/07\/pirmasis-tikras-elektrinis-skraidantis-automobilis-cia-galetu-buti-iki-2025-m-pabaigos\/#primaryimage\"},\"image\":{\"@id\":\"https:\/\/eautomobiliai.lt\/index.php\/2025\/06\/07\/pirmasis-tikras-elektrinis-skraidantis-automobilis-cia-galetu-buti-iki-2025-m-pabaigos\/#primaryimage\"},\"thumbnailUrl\":\"http:\/\/eautomobiliai.lt\/wp-content\/uploads\/2025\/06\/Pirmasis-\u201etikras-elektrinis-skraidantis-automobilis-cia-galetu-buti-iki-2025.jpeg\",\"datePublished\":\"2025-06-07T10:53:41+00:00\",\"author\":{\"@id\":\"https:\/\/eautomobiliai.lt\/#\/schema\/person\/ecf2a967f361217d056061f74deb92f2\"},\"breadcrumb\":{\"@id\":\"https:\/\/eautomobiliai.lt\/index.php\/2025\/06\/07\/pirmasis-tikras-elektrinis-skraidantis-automobilis-cia-galetu-buti-iki-2025-m-pabaigos\/#breadcrumb\"},\"inLanguage\":\"lt-LT\",\"potentialAction\":[{\"@type\":\"ReadAction\",\"target\":[\"https:\/\/eautomobiliai.lt\/index.php\/2025\/06\/07\/pirmasis-tikras-elektrinis-skraidantis-automobilis-cia-galetu-buti-iki-2025-m-pabaigos\/\"]}]},{\"@type\":\"ImageObject\",\"inLanguage\":\"lt-LT\",\"@id\":\"https:\/\/eautomobiliai.lt\/index.php\/2025\/06\/07\/pirmasis-tikras-elektrinis-skraidantis-automobilis-cia-galetu-buti-iki-2025-m-pabaigos\/#primaryimage\",\"url\":\"http:\/\/eautomobiliai.lt\/wp-content\/uploads\/2025\/06\/Pirmasis-\u201etikras-elektrinis-skraidantis-automobilis-cia-galetu-buti-iki-2025.jpeg\",\"contentUrl\":\"http:\/\/eautomobiliai.lt\/wp-content\/uploads\/2025\/06\/Pirmasis-\u201etikras-elektrinis-skraidantis-automobilis-cia-galetu-buti-iki-2025.jpeg\",\"width\":1200,\"height\":628},{\"@type\":\"BreadcrumbList\",\"@id\":\"https:\/\/eautomobiliai.lt\/index.php\/2025\/06\/07\/pirmasis-tikras-elektrinis-skraidantis-automobilis-cia-galetu-buti-iki-2025-m-pabaigos\/#breadcrumb\",\"itemListElement\":[{\"@type\":\"ListItem\",\"position\":1,\"name\":\"Home\",\"item\":\"https:\/\/eautomobiliai.lt\/\"},{\"@type\":\"ListItem\",\"position\":2,\"name\":\"Pirmasis \u201etikras\u201c elektrinis skraidantis automobilis \u010dia gal\u0117t\u0173 b\u016bti iki 2025 m. Pabaigos\"}]},{\"@type\":\"WebSite\",\"@id\":\"https:\/\/eautomobiliai.lt\/#website\",\"url\":\"https:\/\/eautomobiliai.lt\/\",\"name\":\"Eautomobiliai.lt\",\"description\":\"Elektrinis transportas, technologijos\",\"potentialAction\":[{\"@type\":\"SearchAction\",\"target\":{\"@type\":\"EntryPoint\",\"urlTemplate\":\"https:\/\/eautomobiliai.lt\/?s={search_term_string}\"},\"query-input\":{\"@type\":\"PropertyValueSpecification\",\"valueRequired\":true,\"valueName\":\"search_term_string\"}}],\"inLanguage\":\"lt-LT\"},{\"@type\":\"Person\",\"@id\":\"https:\/\/eautomobiliai.lt\/#\/schema\/person\/ecf2a967f361217d056061f74deb92f2\",\"name\":\"admin\",\"image\":{\"@type\":\"ImageObject\",\"inLanguage\":\"lt-LT\",\"@id\":\"https:\/\/eautomobiliai.lt\/#\/schema\/person\/image\/\",\"url\":\"https:\/\/secure.gravatar.com\/avatar\/6323379efae0c70c686c7905444d6bbd?s=96&d=mm&r=g\",\"contentUrl\":\"https:\/\/secure.gravatar.com\/avatar\/6323379efae0c70c686c7905444d6bbd?s=96&d=mm&r=g\",\"caption\":\"admin\"},\"sameAs\":[\"http:\/\/eautomobiliai.lt\"],\"url\":\"http:\/\/eautomobiliai.lt\/index.php\/author\/admin\/\"}]}<\/script>\n<!-- \/ Yoast SEO plugin. -->","yoast_head_json":{"title":"Pirmasis \u201etikras\u201c elektrinis skraidantis automobilis \u010dia gal\u0117t\u0173 b\u016bti iki 2025 m. Pabaigos - Eautomobiliai.lt","robots":{"index":"index","follow":"follow","max-snippet":"max-snippet:-1","max-image-preview":"max-image-preview:large","max-video-preview":"max-video-preview:-1"},"canonical":"https:\/\/eautomobiliai.lt\/index.php\/2025\/06\/07\/pirmasis-tikras-elektrinis-skraidantis-automobilis-cia-galetu-buti-iki-2025-m-pabaigos\/","og_locale":"lt_LT","og_type":"article","og_title":"Pirmasis \u201etikras\u201c elektrinis skraidantis automobilis \u010dia gal\u0117t\u0173 b\u016bti iki 2025 m. Pabaigos - Eautomobiliai.lt","og_description":"Skraidantis automobilis neb\u0117ra mokslin\u0117s fantastikos fantazija. Tai tampa realybe ir gali b\u016bti \u010dia iki met\u0173 pabaigos. \u201eAlef Aeronautics\u201c dabar kuria&hellip;","og_url":"https:\/\/eautomobiliai.lt\/index.php\/2025\/06\/07\/pirmasis-tikras-elektrinis-skraidantis-automobilis-cia-galetu-buti-iki-2025-m-pabaigos\/","og_site_name":"Eautomobiliai.lt","article_published_time":"2025-06-07T10:53:41+00:00","og_image":[{"width":1200,"height":628,"url":"https:\/\/eautomobiliai.lt\/wp-content\/uploads\/2025\/06\/Pirmasis-\u201etikras-elektrinis-skraidantis-automobilis-cia-galetu-buti-iki-2025.jpeg","type":"image\/jpeg"}],"author":"admin","twitter_card":"summary_large_image","twitter_misc":{"Written by":"admin","Est. reading time":"3 minut\u0117s"},"schema":{"@context":"https:\/\/schema.org","@graph":[{"@type":"Article","@id":"https:\/\/eautomobiliai.lt\/index.php\/2025\/06\/07\/pirmasis-tikras-elektrinis-skraidantis-automobilis-cia-galetu-buti-iki-2025-m-pabaigos\/#article","isPartOf":{"@id":"https:\/\/eautomobiliai.lt\/index.php\/2025\/06\/07\/pirmasis-tikras-elektrinis-skraidantis-automobilis-cia-galetu-buti-iki-2025-m-pabaigos\/"},"author":{"name":"admin","@id":"https:\/\/eautomobiliai.lt\/#\/schema\/person\/ecf2a967f361217d056061f74deb92f2"},"headline":"Pirmasis \u201etikras\u201c elektrinis skraidantis automobilis \u010dia gal\u0117t\u0173 b\u016bti iki 2025 m. Pabaigos","datePublished":"2025-06-07T10:53:41+00:00","mainEntityOfPage":{"@id":"https:\/\/eautomobiliai.lt\/index.php\/2025\/06\/07\/pirmasis-tikras-elektrinis-skraidantis-automobilis-cia-galetu-buti-iki-2025-m-pabaigos\/"},"wordCount":636,"commentCount":0,"image":{"@id":"https:\/\/eautomobiliai.lt\/index.php\/2025\/06\/07\/pirmasis-tikras-elektrinis-skraidantis-automobilis-cia-galetu-buti-iki-2025-m-pabaigos\/#primaryimage"},"thumbnailUrl":"http:\/\/eautomobiliai.lt\/wp-content\/uploads\/2025\/06\/Pirmasis-\u201etikras-elektrinis-skraidantis-automobilis-cia-galetu-buti-iki-2025.jpeg","keywords":["automobilis","b\u016bti","\u010cia","Elektrinis","gal\u0117t\u0173","iki","pabaigos","pirmasis","skraidantis","tikras"],"articleSection":["ELEKTRINIAI AUTOMOBILIAI"],"inLanguage":"lt-LT","potentialAction":[{"@type":"CommentAction","name":"Comment","target":["https:\/\/eautomobiliai.lt\/index.php\/2025\/06\/07\/pirmasis-tikras-elektrinis-skraidantis-automobilis-cia-galetu-buti-iki-2025-m-pabaigos\/#respond"]}]},{"@type":"WebPage","@id":"https:\/\/eautomobiliai.lt\/index.php\/2025\/06\/07\/pirmasis-tikras-elektrinis-skraidantis-automobilis-cia-galetu-buti-iki-2025-m-pabaigos\/","url":"https:\/\/eautomobiliai.lt\/index.php\/2025\/06\/07\/pirmasis-tikras-elektrinis-skraidantis-automobilis-cia-galetu-buti-iki-2025-m-pabaigos\/","name":"Pirmasis \u201etikras\u201c elektrinis skraidantis automobilis \u010dia gal\u0117t\u0173 b\u016bti iki 2025 m. Pabaigos - Eautomobiliai.lt","isPartOf":{"@id":"https:\/\/eautomobiliai.lt\/#website"},"primaryImageOfPage":{"@id":"https:\/\/eautomobiliai.lt\/index.php\/2025\/06\/07\/pirmasis-tikras-elektrinis-skraidantis-automobilis-cia-galetu-buti-iki-2025-m-pabaigos\/#primaryimage"},"image":{"@id":"https:\/\/eautomobiliai.lt\/index.php\/2025\/06\/07\/pirmasis-tikras-elektrinis-skraidantis-automobilis-cia-galetu-buti-iki-2025-m-pabaigos\/#primaryimage"},"thumbnailUrl":"http:\/\/eautomobiliai.lt\/wp-content\/uploads\/2025\/06\/Pirmasis-\u201etikras-elektrinis-skraidantis-automobilis-cia-galetu-buti-iki-2025.jpeg","datePublished":"2025-06-07T10:53:41+00:00","author":{"@id":"https:\/\/eautomobiliai.lt\/#\/schema\/person\/ecf2a967f361217d056061f74deb92f2"},"breadcrumb":{"@id":"https:\/\/eautomobiliai.lt\/index.php\/2025\/06\/07\/pirmasis-tikras-elektrinis-skraidantis-automobilis-cia-galetu-buti-iki-2025-m-pabaigos\/#breadcrumb"},"inLanguage":"lt-LT","potentialAction":[{"@type":"ReadAction","target":["https:\/\/eautomobiliai.lt\/index.php\/2025\/06\/07\/pirmasis-tikras-elektrinis-skraidantis-automobilis-cia-galetu-buti-iki-2025-m-pabaigos\/"]}]},{"@type":"ImageObject","inLanguage":"lt-LT","@id":"https:\/\/eautomobiliai.lt\/index.php\/2025\/06\/07\/pirmasis-tikras-elektrinis-skraidantis-automobilis-cia-galetu-buti-iki-2025-m-pabaigos\/#primaryimage","url":"http:\/\/eautomobiliai.lt\/wp-content\/uploads\/2025\/06\/Pirmasis-\u201etikras-elektrinis-skraidantis-automobilis-cia-galetu-buti-iki-2025.jpeg","contentUrl":"http:\/\/eautomobiliai.lt\/wp-content\/uploads\/2025\/06\/Pirmasis-\u201etikras-elektrinis-skraidantis-automobilis-cia-galetu-buti-iki-2025.jpeg","width":1200,"height":628},{"@type":"BreadcrumbList","@id":"https:\/\/eautomobiliai.lt\/index.php\/2025\/06\/07\/pirmasis-tikras-elektrinis-skraidantis-automobilis-cia-galetu-buti-iki-2025-m-pabaigos\/#breadcrumb","itemListElement":[{"@type":"ListItem","position":1,"name":"Home","item":"https:\/\/eautomobiliai.lt\/"},{"@type":"ListItem","position":2,"name":"Pirmasis \u201etikras\u201c elektrinis skraidantis automobilis \u010dia gal\u0117t\u0173 b\u016bti iki 2025 m. Pabaigos"}]},{"@type":"WebSite","@id":"https:\/\/eautomobiliai.lt\/#website","url":"https:\/\/eautomobiliai.lt\/","name":"Eautomobiliai.lt","description":"Elektrinis transportas, technologijos","potentialAction":[{"@type":"SearchAction","target":{"@type":"EntryPoint","urlTemplate":"https:\/\/eautomobiliai.lt\/?s={search_term_string}"},"query-input":{"@type":"PropertyValueSpecification","valueRequired":true,"valueName":"search_term_string"}}],"inLanguage":"lt-LT"},{"@type":"Person","@id":"https:\/\/eautomobiliai.lt\/#\/schema\/person\/ecf2a967f361217d056061f74deb92f2","name":"admin","image":{"@type":"ImageObject","inLanguage":"lt-LT","@id":"https:\/\/eautomobiliai.lt\/#\/schema\/person\/image\/","url":"https:\/\/secure.gravatar.com\/avatar\/6323379efae0c70c686c7905444d6bbd?s=96&d=mm&r=g","contentUrl":"https:\/\/secure.gravatar.com\/avatar\/6323379efae0c70c686c7905444d6bbd?s=96&d=mm&r=g","caption":"admin"},"sameAs":["http:\/\/eautomobiliai.lt"],"url":"http:\/\/eautomobiliai.lt\/index.php\/author\/admin\/"}]}},"_links":{"self":[{"href":"http:\/\/eautomobiliai.lt\/index.php\/wp-json\/wp\/v2\/posts\/1102","targetHints":{"allow":["GET"]}}],"collection":[{"href":"http:\/\/eautomobiliai.lt\/index.php\/wp-json\/wp\/v2\/posts"}],"about":[{"href":"http:\/\/eautomobiliai.lt\/index.php\/wp-json\/wp\/v2\/types\/post"}],"author":[{"embeddable":true,"href":"http:\/\/eautomobiliai.lt\/index.php\/wp-json\/wp\/v2\/users\/1"}],"replies":[{"embeddable":true,"href":"http:\/\/eautomobiliai.lt\/index.php\/wp-json\/wp\/v2\/comments?post=1102"}],"version-history":[{"count":0,"href":"http:\/\/eautomobiliai.lt\/index.php\/wp-json\/wp\/v2\/posts\/1102\/revisions"}],"wp:featuredmedia":[{"embeddable":true,"href":"http:\/\/eautomobiliai.lt\/index.php\/wp-json\/wp\/v2\/media\/1103"}],"wp:attachment":[{"href":"http:\/\/eautomobiliai.lt\/index.php\/wp-json\/wp\/v2\/media?parent=1102"}],"wp:term":[{"taxonomy":"category","embeddable":true,"href":"http:\/\/eautomobiliai.lt\/index.php\/wp-json\/wp\/v2\/categories?post=1102"},{"taxonomy":"post_tag","embeddable":true,"href":"http:\/\/eautomobiliai.lt\/index.php\/wp-json\/wp\/v2\/tags?post=1102"}],"curies":[{"name":"wp","href":"https:\/\/api.w.org\/{rel}","templated":true}]}}