{"id":1115,"date":"2025-06-09T11:08:21","date_gmt":"2025-06-09T11:08:21","guid":{"rendered":"https:\/\/eautomobiliai.lt\/index.php\/2025\/06\/09\/keli-waymo-savarankiskai-vairuojantys-i-pace-elektromobiliai-padedantys-la-riausese\/"},"modified":"2025-06-09T11:08:21","modified_gmt":"2025-06-09T11:08:21","slug":"keli-waymo-savarankiskai-vairuojantys-i-pace-elektromobiliai-padedantys-la-riausese","status":"publish","type":"post","link":"http:\/\/eautomobiliai.lt\/index.php\/2025\/06\/09\/keli-waymo-savarankiskai-vairuojantys-i-pace-elektromobiliai-padedantys-la-riausese\/","title":{"rendered":"Keli \u201eWaymo\u201c savaranki\u0161kai vairuojantys \u201eI-Pace\u201c elektromobiliai, padedantys La riau\u0161\u0117se"},"content":{"rendered":"<p> <br \/>\n<\/p>\n<div>\n<figure class=\"img-border featured-image\">\n\t<\/figure>\n<p>Ma\u017eiausiai 5 \u201eWaymo\u201c savaranki\u0161kai va\u017eiuojantys \u201eI-Pace\u201c elektromobiliai buvo nustatyti ugnimi, kai \u0161\u012f savaitgal\u012f Los And\u017eele pasirod\u0117 smurtaujantys protestai.<\/p>\n<p>Tai gali b\u016bti net 5% Waymo laivyno Los And\u017eele sunaikinama.<\/p>\n<p><span id=\"more-419450\"\/><\/p>\n<p>Jungtini\u0173 Valstij\u0173 imigracijos ir muitin\u0117s vykdymas (ICE) pra\u0117jusi\u0105 savait\u0119 Los And\u017eelo rajone prad\u0117jo kelet\u0105 reid\u0173, kurie savaitgal\u012f suk\u0117l\u0117 didelio masto protestus visame mieste.<\/p>\n<p>Protestai daugiausia buvo taik\u016bs ir buvo skirti atkreipti d\u0117mes\u012f \u012f federalinius agentus beatodairi\u0161kai sulaikydami ir sulaikan\u010dius \u017emones, ta\u010diau kai kuriais atvejais jie buvo smurtiniai susid\u016brimai su policija.<\/p>\n<p>\t<span class=\"outbrain-ad-label\">Skelbimas &#8211; slinkite daugiau turinio<\/span><\/p>\n<p>Prezidentas Trumpas, paskambin\u0119s \u012f Nacionalin\u0119 gvardij\u0105, viskas pasisuko \u012f blog\u0105j\u0105 pus\u0119.<\/p>\n<p>Buvo keletas riau\u0161i\u0173, pl\u0117\u0161ikavimo ir bendro turto \u017ealos atvej\u0173.<\/p>\n<p>Unikaliu atveju atrodo, kad vienas ar keli riau\u0161ininkai s\u0105moningai vadino kelis \u201eWaymo\u201c transporto priemones \u012f Arcadia ir Alameda gatves, kur jie i\u0161pjaust\u0117 transporto priemoni\u0173 padangas, i\u0161dau\u017e\u0117 langus ir ant j\u0173 u\u017era\u0161\u0117 anti-ACE prane\u0161imus.<\/p>\n<p>Sekmadien\u012f apie 17 val. \u201eWaymo\u201c transporto priemon\u0117s buvo padegtos:<\/p>\n<figure class=\"wp-block-embed alignwide is-type-rich is-provider-twitter wp-block-embed-twitter\"\/>\n<p>Vykdydami vykstan\u010dius protestus, prie\u0161gaisrin\u0117 tarnyba negal\u0117jo patekti \u012f transporto priemones ir galiausiai jie visi\u0161kai sudegino:<\/p>\n<figure class=\"wp-block-image alignwide size-large\"><img loading=\"lazy\" decoding=\"async\" width=\"2258\" height=\"1172\" src=\"https:\/\/electrek.co\/wp-content\/uploads\/sites\/3\/2025\/06\/Screenshot-2025-06-09-at-3.53.57\u202fPM.png?w=1024\" alt=\"\" class=\"wp-image-419451\" srcset=\"https:\/\/electrek.co\/wp-content\/uploads\/sites\/3\/2025\/06\/Screenshot-2025-06-09-at-3.53.57\u202fPM.png 2258w, https:\/\/electrek.co\/wp-content\/uploads\/sites\/3\/2025\/06\/Screenshot-2025-06-09-at-3.53.57\u202fPM.png?resize=150,78 150w, https:\/\/electrek.co\/wp-content\/uploads\/sites\/3\/2025\/06\/Screenshot-2025-06-09-at-3.53.57\u202fPM.png?resize=300,156 300w, https:\/\/electrek.co\/wp-content\/uploads\/sites\/3\/2025\/06\/Screenshot-2025-06-09-at-3.53.57\u202fPM.png?resize=768,399 768w, https:\/\/electrek.co\/wp-content\/uploads\/sites\/3\/2025\/06\/Screenshot-2025-06-09-at-3.53.57\u202fPM.png?resize=1024,532 1024w, https:\/\/electrek.co\/wp-content\/uploads\/sites\/3\/2025\/06\/Screenshot-2025-06-09-at-3.53.57\u202fPM.png?resize=1536,797 1536w, https:\/\/electrek.co\/wp-content\/uploads\/sites\/3\/2025\/06\/Screenshot-2025-06-09-at-3.53.57\u202fPM.png?resize=2048,1063 2048w, https:\/\/electrek.co\/wp-content\/uploads\/sites\/3\/2025\/06\/Screenshot-2025-06-09-at-3.53.57\u202fPM.png?resize=350,182 350w, https:\/\/electrek.co\/wp-content\/uploads\/sites\/3\/2025\/06\/Screenshot-2025-06-09-at-3.53.57\u202fPM.png?resize=140,73 140w, https:\/\/electrek.co\/wp-content\/uploads\/sites\/3\/2025\/06\/Screenshot-2025-06-09-at-3.53.57\u202fPM.png?resize=1600,830 1600w\" sizes=\"auto, (max-width: 2258px) 100vw, 2258px\"\/><\/figure>\n<p>Manoma, kad Waymo eksploatuoja apie 100 savaranki\u0161kai va\u017eiuojan\u010di\u0173 automobili\u0173 laivyno Los And\u017eelo rajone. Tod\u0117l \u0161iandien buvo sudeginta nema\u017ea dalis laivyno.<\/p>\n<p>Bendrov\u0117 per savait\u0119 Kalifornijoje u\u017ebaigia daugiau nei 120 000 va\u017eiavim\u0173, ta\u010diau ji valdo didesn\u012f laivyn\u0105 \u012flankos rajone ir apima didel\u0119 aptarnavimo zon\u0105 nei LA.<\/p>\n<p>\u201eWaymo\u201c netur\u0117t\u0173 tur\u0117ti per daug klausim\u0173, papildan\u010di\u0173 savo laivyn\u0105, nes neseniai jis \u012fsigijo daugiau nei 2000 \u201eJaguar I-Pace\u201c elektrini\u0173 transporto priemoni\u0173, kad kitais metais b\u016bt\u0173 daugiau nei dvigubai dvigubai padidinta.<\/p>\n<p>\u0160iuo metu bendrov\u0117 valdo daugiau nei 1500 transporto priemoni\u0173 visame San Fransiske, Los And\u017eele, Finikse ir Austine.<\/p>\n<p>Esant dideliam panaudojimo lygiui, palyginti ma\u017eas laivynas jau \u0117m\u0117si dideli\u0173 t\u0173 va\u017eiavusi\u0173j\u0173 rink\u0173 rinkos dali\u0173. Manoma, kad \u201eWaymo\u201c sudaro ma\u017edaug 20% \u200b\u200bSan Francisko va\u017eiavimo keliaujan\u010dios rinkos.<\/p>\n<p>Naujos transporto priemon\u0117s leis Waymo i\u0161sipl\u0117sti \u012f naujas rinkas.<\/p>\n<div class=\"ad-disclaimer-container\">\n<p class=\"disclaimer-affiliate\"><em>FPK: Mes naudojame pajamas gaunan\u010dias automatinio filialo nuorodas.<\/em> Daugiau.<\/p>\n<p><!-- post ad --><\/div>\n<\/p><\/div>\n<p><br \/>\n<br \/><a href=\"https:\/\/electrek.co\/2025\/06\/09\/several-waymo-self-driving-i-pace-electric-cars-set-on-fire-in-la-riots\/\">Source link <\/a><\/p>\n","protected":false},"excerpt":{"rendered":"<p>Ma\u017eiausiai 5 \u201eWaymo\u201c savaranki\u0161kai va\u017eiuojantys \u201eI-Pace\u201c elektromobiliai buvo nustatyti ugnimi, kai \u0161\u012f savaitgal\u012f Los And\u017eele pasirod\u0117 smurtaujantys protestai. Tai gali&hellip;<\/p>\n","protected":false},"author":1,"featured_media":1116,"comment_status":"open","ping_status":"open","sticky":false,"template":"","format":"standard","meta":{"om_disable_all_campaigns":false,"_monsterinsights_skip_tracking":false,"_monsterinsights_sitenote_active":false,"_monsterinsights_sitenote_note":"","_monsterinsights_sitenote_category":0,"footnotes":""},"categories":[8],"tags":[2319,2318,2316,2320,2321,17,2317,1835],"class_list":["post-1115","post","type-post","status-publish","format-standard","has-post-thumbnail","hentry","category-elektriniai-automobiliai","tag-elektromobiliai","tag-ipace","tag-keli","tag-padedantys","tag-riausese","tag-savarankiskai","tag-vairuojantys","tag-waymo"],"aioseo_notices":[],"yoast_head":"<!-- This site is optimized with the Yoast SEO plugin v26.8 - https:\/\/yoast.com\/product\/yoast-seo-wordpress\/ -->\n<title>Keli \u201eWaymo\u201c savaranki\u0161kai vairuojantys \u201eI-Pace\u201c elektromobiliai, padedantys La riau\u0161\u0117se - Eautomobiliai.lt<\/title>\n<meta name=\"robots\" content=\"index, follow, max-snippet:-1, max-image-preview:large, max-video-preview:-1\" \/>\n<link rel=\"canonical\" href=\"https:\/\/eautomobiliai.lt\/index.php\/2025\/06\/09\/keli-waymo-savarankiskai-vairuojantys-i-pace-elektromobiliai-padedantys-la-riausese\/\" \/>\n<meta property=\"og:locale\" content=\"lt_LT\" \/>\n<meta property=\"og:type\" content=\"article\" \/>\n<meta property=\"og:title\" content=\"Keli \u201eWaymo\u201c savaranki\u0161kai vairuojantys \u201eI-Pace\u201c elektromobiliai, padedantys La riau\u0161\u0117se - Eautomobiliai.lt\" \/>\n<meta property=\"og:description\" content=\"Ma\u017eiausiai 5 \u201eWaymo\u201c savaranki\u0161kai va\u017eiuojantys \u201eI-Pace\u201c elektromobiliai buvo nustatyti ugnimi, kai \u0161\u012f savaitgal\u012f Los And\u017eele pasirod\u0117 smurtaujantys protestai. Tai gali&hellip;\" \/>\n<meta property=\"og:url\" content=\"https:\/\/eautomobiliai.lt\/index.php\/2025\/06\/09\/keli-waymo-savarankiskai-vairuojantys-i-pace-elektromobiliai-padedantys-la-riausese\/\" \/>\n<meta property=\"og:site_name\" content=\"Eautomobiliai.lt\" \/>\n<meta property=\"article:published_time\" content=\"2025-06-09T11:08:21+00:00\" \/>\n<meta property=\"og:image\" content=\"https:\/\/eautomobiliai.lt\/wp-content\/uploads\/2025\/06\/Keli-\u201eWaymo-savarankiskai-vairuojantys-\u201eI-Pace-elektromobiliai-padedantys-La-riausese.png\" \/>\n\t<meta property=\"og:image:width\" content=\"1600\" \/>\n\t<meta property=\"og:image:height\" content=\"816\" \/>\n\t<meta property=\"og:image:type\" content=\"image\/png\" \/>\n<meta name=\"author\" content=\"admin\" \/>\n<meta name=\"twitter:card\" content=\"summary_large_image\" \/>\n<meta name=\"twitter:label1\" content=\"Written by\" \/>\n\t<meta name=\"twitter:data1\" content=\"admin\" \/>\n\t<meta name=\"twitter:label2\" content=\"Est. reading time\" \/>\n\t<meta name=\"twitter:data2\" content=\"2 minut\u0117s\" \/>\n<script type=\"application\/ld+json\" class=\"yoast-schema-graph\">{\"@context\":\"https:\/\/schema.org\",\"@graph\":[{\"@type\":\"Article\",\"@id\":\"https:\/\/eautomobiliai.lt\/index.php\/2025\/06\/09\/keli-waymo-savarankiskai-vairuojantys-i-pace-elektromobiliai-padedantys-la-riausese\/#article\",\"isPartOf\":{\"@id\":\"https:\/\/eautomobiliai.lt\/index.php\/2025\/06\/09\/keli-waymo-savarankiskai-vairuojantys-i-pace-elektromobiliai-padedantys-la-riausese\/\"},\"author\":{\"name\":\"admin\",\"@id\":\"https:\/\/eautomobiliai.lt\/#\/schema\/person\/ecf2a967f361217d056061f74deb92f2\"},\"headline\":\"Keli \u201eWaymo\u201c savaranki\u0161kai vairuojantys \u201eI-Pace\u201c elektromobiliai, padedantys La riau\u0161\u0117se\",\"datePublished\":\"2025-06-09T11:08:21+00:00\",\"mainEntityOfPage\":{\"@id\":\"https:\/\/eautomobiliai.lt\/index.php\/2025\/06\/09\/keli-waymo-savarankiskai-vairuojantys-i-pace-elektromobiliai-padedantys-la-riausese\/\"},\"wordCount\":351,\"commentCount\":0,\"image\":{\"@id\":\"https:\/\/eautomobiliai.lt\/index.php\/2025\/06\/09\/keli-waymo-savarankiskai-vairuojantys-i-pace-elektromobiliai-padedantys-la-riausese\/#primaryimage\"},\"thumbnailUrl\":\"http:\/\/eautomobiliai.lt\/wp-content\/uploads\/2025\/06\/Keli-\u201eWaymo-savarankiskai-vairuojantys-\u201eI-Pace-elektromobiliai-padedantys-La-riausese.png\",\"keywords\":[\"elektromobiliai\",\"IPace\",\"Keli\",\"padedantys\",\"riau\u0161\u0117se\",\"savaranki\u0161kai\",\"vairuojantys\",\"Waymo\"],\"articleSection\":[\"ELEKTRINIAI AUTOMOBILIAI\"],\"inLanguage\":\"lt-LT\",\"potentialAction\":[{\"@type\":\"CommentAction\",\"name\":\"Comment\",\"target\":[\"https:\/\/eautomobiliai.lt\/index.php\/2025\/06\/09\/keli-waymo-savarankiskai-vairuojantys-i-pace-elektromobiliai-padedantys-la-riausese\/#respond\"]}]},{\"@type\":\"WebPage\",\"@id\":\"https:\/\/eautomobiliai.lt\/index.php\/2025\/06\/09\/keli-waymo-savarankiskai-vairuojantys-i-pace-elektromobiliai-padedantys-la-riausese\/\",\"url\":\"https:\/\/eautomobiliai.lt\/index.php\/2025\/06\/09\/keli-waymo-savarankiskai-vairuojantys-i-pace-elektromobiliai-padedantys-la-riausese\/\",\"name\":\"Keli \u201eWaymo\u201c savaranki\u0161kai vairuojantys \u201eI-Pace\u201c elektromobiliai, padedantys La riau\u0161\u0117se - Eautomobiliai.lt\",\"isPartOf\":{\"@id\":\"https:\/\/eautomobiliai.lt\/#website\"},\"primaryImageOfPage\":{\"@id\":\"https:\/\/eautomobiliai.lt\/index.php\/2025\/06\/09\/keli-waymo-savarankiskai-vairuojantys-i-pace-elektromobiliai-padedantys-la-riausese\/#primaryimage\"},\"image\":{\"@id\":\"https:\/\/eautomobiliai.lt\/index.php\/2025\/06\/09\/keli-waymo-savarankiskai-vairuojantys-i-pace-elektromobiliai-padedantys-la-riausese\/#primaryimage\"},\"thumbnailUrl\":\"http:\/\/eautomobiliai.lt\/wp-content\/uploads\/2025\/06\/Keli-\u201eWaymo-savarankiskai-vairuojantys-\u201eI-Pace-elektromobiliai-padedantys-La-riausese.png\",\"datePublished\":\"2025-06-09T11:08:21+00:00\",\"author\":{\"@id\":\"https:\/\/eautomobiliai.lt\/#\/schema\/person\/ecf2a967f361217d056061f74deb92f2\"},\"breadcrumb\":{\"@id\":\"https:\/\/eautomobiliai.lt\/index.php\/2025\/06\/09\/keli-waymo-savarankiskai-vairuojantys-i-pace-elektromobiliai-padedantys-la-riausese\/#breadcrumb\"},\"inLanguage\":\"lt-LT\",\"potentialAction\":[{\"@type\":\"ReadAction\",\"target\":[\"https:\/\/eautomobiliai.lt\/index.php\/2025\/06\/09\/keli-waymo-savarankiskai-vairuojantys-i-pace-elektromobiliai-padedantys-la-riausese\/\"]}]},{\"@type\":\"ImageObject\",\"inLanguage\":\"lt-LT\",\"@id\":\"https:\/\/eautomobiliai.lt\/index.php\/2025\/06\/09\/keli-waymo-savarankiskai-vairuojantys-i-pace-elektromobiliai-padedantys-la-riausese\/#primaryimage\",\"url\":\"http:\/\/eautomobiliai.lt\/wp-content\/uploads\/2025\/06\/Keli-\u201eWaymo-savarankiskai-vairuojantys-\u201eI-Pace-elektromobiliai-padedantys-La-riausese.png\",\"contentUrl\":\"http:\/\/eautomobiliai.lt\/wp-content\/uploads\/2025\/06\/Keli-\u201eWaymo-savarankiskai-vairuojantys-\u201eI-Pace-elektromobiliai-padedantys-La-riausese.png\",\"width\":1600,\"height\":816},{\"@type\":\"BreadcrumbList\",\"@id\":\"https:\/\/eautomobiliai.lt\/index.php\/2025\/06\/09\/keli-waymo-savarankiskai-vairuojantys-i-pace-elektromobiliai-padedantys-la-riausese\/#breadcrumb\",\"itemListElement\":[{\"@type\":\"ListItem\",\"position\":1,\"name\":\"Home\",\"item\":\"https:\/\/eautomobiliai.lt\/\"},{\"@type\":\"ListItem\",\"position\":2,\"name\":\"Keli \u201eWaymo\u201c savaranki\u0161kai vairuojantys \u201eI-Pace\u201c elektromobiliai, padedantys La riau\u0161\u0117se\"}]},{\"@type\":\"WebSite\",\"@id\":\"https:\/\/eautomobiliai.lt\/#website\",\"url\":\"https:\/\/eautomobiliai.lt\/\",\"name\":\"Eautomobiliai.lt\",\"description\":\"Elektrinis transportas, technologijos\",\"potentialAction\":[{\"@type\":\"SearchAction\",\"target\":{\"@type\":\"EntryPoint\",\"urlTemplate\":\"https:\/\/eautomobiliai.lt\/?s={search_term_string}\"},\"query-input\":{\"@type\":\"PropertyValueSpecification\",\"valueRequired\":true,\"valueName\":\"search_term_string\"}}],\"inLanguage\":\"lt-LT\"},{\"@type\":\"Person\",\"@id\":\"https:\/\/eautomobiliai.lt\/#\/schema\/person\/ecf2a967f361217d056061f74deb92f2\",\"name\":\"admin\",\"image\":{\"@type\":\"ImageObject\",\"inLanguage\":\"lt-LT\",\"@id\":\"https:\/\/eautomobiliai.lt\/#\/schema\/person\/image\/\",\"url\":\"https:\/\/secure.gravatar.com\/avatar\/6323379efae0c70c686c7905444d6bbd?s=96&d=mm&r=g\",\"contentUrl\":\"https:\/\/secure.gravatar.com\/avatar\/6323379efae0c70c686c7905444d6bbd?s=96&d=mm&r=g\",\"caption\":\"admin\"},\"sameAs\":[\"http:\/\/eautomobiliai.lt\"],\"url\":\"http:\/\/eautomobiliai.lt\/index.php\/author\/admin\/\"}]}<\/script>\n<!-- \/ Yoast SEO plugin. -->","yoast_head_json":{"title":"Keli \u201eWaymo\u201c savaranki\u0161kai vairuojantys \u201eI-Pace\u201c elektromobiliai, padedantys La riau\u0161\u0117se - Eautomobiliai.lt","robots":{"index":"index","follow":"follow","max-snippet":"max-snippet:-1","max-image-preview":"max-image-preview:large","max-video-preview":"max-video-preview:-1"},"canonical":"https:\/\/eautomobiliai.lt\/index.php\/2025\/06\/09\/keli-waymo-savarankiskai-vairuojantys-i-pace-elektromobiliai-padedantys-la-riausese\/","og_locale":"lt_LT","og_type":"article","og_title":"Keli \u201eWaymo\u201c savaranki\u0161kai vairuojantys \u201eI-Pace\u201c elektromobiliai, padedantys La riau\u0161\u0117se - Eautomobiliai.lt","og_description":"Ma\u017eiausiai 5 \u201eWaymo\u201c savaranki\u0161kai va\u017eiuojantys \u201eI-Pace\u201c elektromobiliai buvo nustatyti ugnimi, kai \u0161\u012f savaitgal\u012f Los And\u017eele pasirod\u0117 smurtaujantys protestai. Tai gali&hellip;","og_url":"https:\/\/eautomobiliai.lt\/index.php\/2025\/06\/09\/keli-waymo-savarankiskai-vairuojantys-i-pace-elektromobiliai-padedantys-la-riausese\/","og_site_name":"Eautomobiliai.lt","article_published_time":"2025-06-09T11:08:21+00:00","og_image":[{"width":1600,"height":816,"url":"https:\/\/eautomobiliai.lt\/wp-content\/uploads\/2025\/06\/Keli-\u201eWaymo-savarankiskai-vairuojantys-\u201eI-Pace-elektromobiliai-padedantys-La-riausese.png","type":"image\/png"}],"author":"admin","twitter_card":"summary_large_image","twitter_misc":{"Written by":"admin","Est. reading time":"2 minut\u0117s"},"schema":{"@context":"https:\/\/schema.org","@graph":[{"@type":"Article","@id":"https:\/\/eautomobiliai.lt\/index.php\/2025\/06\/09\/keli-waymo-savarankiskai-vairuojantys-i-pace-elektromobiliai-padedantys-la-riausese\/#article","isPartOf":{"@id":"https:\/\/eautomobiliai.lt\/index.php\/2025\/06\/09\/keli-waymo-savarankiskai-vairuojantys-i-pace-elektromobiliai-padedantys-la-riausese\/"},"author":{"name":"admin","@id":"https:\/\/eautomobiliai.lt\/#\/schema\/person\/ecf2a967f361217d056061f74deb92f2"},"headline":"Keli \u201eWaymo\u201c savaranki\u0161kai vairuojantys \u201eI-Pace\u201c elektromobiliai, padedantys La riau\u0161\u0117se","datePublished":"2025-06-09T11:08:21+00:00","mainEntityOfPage":{"@id":"https:\/\/eautomobiliai.lt\/index.php\/2025\/06\/09\/keli-waymo-savarankiskai-vairuojantys-i-pace-elektromobiliai-padedantys-la-riausese\/"},"wordCount":351,"commentCount":0,"image":{"@id":"https:\/\/eautomobiliai.lt\/index.php\/2025\/06\/09\/keli-waymo-savarankiskai-vairuojantys-i-pace-elektromobiliai-padedantys-la-riausese\/#primaryimage"},"thumbnailUrl":"http:\/\/eautomobiliai.lt\/wp-content\/uploads\/2025\/06\/Keli-\u201eWaymo-savarankiskai-vairuojantys-\u201eI-Pace-elektromobiliai-padedantys-La-riausese.png","keywords":["elektromobiliai","IPace","Keli","padedantys","riau\u0161\u0117se","savaranki\u0161kai","vairuojantys","Waymo"],"articleSection":["ELEKTRINIAI AUTOMOBILIAI"],"inLanguage":"lt-LT","potentialAction":[{"@type":"CommentAction","name":"Comment","target":["https:\/\/eautomobiliai.lt\/index.php\/2025\/06\/09\/keli-waymo-savarankiskai-vairuojantys-i-pace-elektromobiliai-padedantys-la-riausese\/#respond"]}]},{"@type":"WebPage","@id":"https:\/\/eautomobiliai.lt\/index.php\/2025\/06\/09\/keli-waymo-savarankiskai-vairuojantys-i-pace-elektromobiliai-padedantys-la-riausese\/","url":"https:\/\/eautomobiliai.lt\/index.php\/2025\/06\/09\/keli-waymo-savarankiskai-vairuojantys-i-pace-elektromobiliai-padedantys-la-riausese\/","name":"Keli \u201eWaymo\u201c savaranki\u0161kai vairuojantys \u201eI-Pace\u201c elektromobiliai, padedantys La riau\u0161\u0117se - Eautomobiliai.lt","isPartOf":{"@id":"https:\/\/eautomobiliai.lt\/#website"},"primaryImageOfPage":{"@id":"https:\/\/eautomobiliai.lt\/index.php\/2025\/06\/09\/keli-waymo-savarankiskai-vairuojantys-i-pace-elektromobiliai-padedantys-la-riausese\/#primaryimage"},"image":{"@id":"https:\/\/eautomobiliai.lt\/index.php\/2025\/06\/09\/keli-waymo-savarankiskai-vairuojantys-i-pace-elektromobiliai-padedantys-la-riausese\/#primaryimage"},"thumbnailUrl":"http:\/\/eautomobiliai.lt\/wp-content\/uploads\/2025\/06\/Keli-\u201eWaymo-savarankiskai-vairuojantys-\u201eI-Pace-elektromobiliai-padedantys-La-riausese.png","datePublished":"2025-06-09T11:08:21+00:00","author":{"@id":"https:\/\/eautomobiliai.lt\/#\/schema\/person\/ecf2a967f361217d056061f74deb92f2"},"breadcrumb":{"@id":"https:\/\/eautomobiliai.lt\/index.php\/2025\/06\/09\/keli-waymo-savarankiskai-vairuojantys-i-pace-elektromobiliai-padedantys-la-riausese\/#breadcrumb"},"inLanguage":"lt-LT","potentialAction":[{"@type":"ReadAction","target":["https:\/\/eautomobiliai.lt\/index.php\/2025\/06\/09\/keli-waymo-savarankiskai-vairuojantys-i-pace-elektromobiliai-padedantys-la-riausese\/"]}]},{"@type":"ImageObject","inLanguage":"lt-LT","@id":"https:\/\/eautomobiliai.lt\/index.php\/2025\/06\/09\/keli-waymo-savarankiskai-vairuojantys-i-pace-elektromobiliai-padedantys-la-riausese\/#primaryimage","url":"http:\/\/eautomobiliai.lt\/wp-content\/uploads\/2025\/06\/Keli-\u201eWaymo-savarankiskai-vairuojantys-\u201eI-Pace-elektromobiliai-padedantys-La-riausese.png","contentUrl":"http:\/\/eautomobiliai.lt\/wp-content\/uploads\/2025\/06\/Keli-\u201eWaymo-savarankiskai-vairuojantys-\u201eI-Pace-elektromobiliai-padedantys-La-riausese.png","width":1600,"height":816},{"@type":"BreadcrumbList","@id":"https:\/\/eautomobiliai.lt\/index.php\/2025\/06\/09\/keli-waymo-savarankiskai-vairuojantys-i-pace-elektromobiliai-padedantys-la-riausese\/#breadcrumb","itemListElement":[{"@type":"ListItem","position":1,"name":"Home","item":"https:\/\/eautomobiliai.lt\/"},{"@type":"ListItem","position":2,"name":"Keli \u201eWaymo\u201c savaranki\u0161kai vairuojantys \u201eI-Pace\u201c elektromobiliai, padedantys La riau\u0161\u0117se"}]},{"@type":"WebSite","@id":"https:\/\/eautomobiliai.lt\/#website","url":"https:\/\/eautomobiliai.lt\/","name":"Eautomobiliai.lt","description":"Elektrinis transportas, technologijos","potentialAction":[{"@type":"SearchAction","target":{"@type":"EntryPoint","urlTemplate":"https:\/\/eautomobiliai.lt\/?s={search_term_string}"},"query-input":{"@type":"PropertyValueSpecification","valueRequired":true,"valueName":"search_term_string"}}],"inLanguage":"lt-LT"},{"@type":"Person","@id":"https:\/\/eautomobiliai.lt\/#\/schema\/person\/ecf2a967f361217d056061f74deb92f2","name":"admin","image":{"@type":"ImageObject","inLanguage":"lt-LT","@id":"https:\/\/eautomobiliai.lt\/#\/schema\/person\/image\/","url":"https:\/\/secure.gravatar.com\/avatar\/6323379efae0c70c686c7905444d6bbd?s=96&d=mm&r=g","contentUrl":"https:\/\/secure.gravatar.com\/avatar\/6323379efae0c70c686c7905444d6bbd?s=96&d=mm&r=g","caption":"admin"},"sameAs":["http:\/\/eautomobiliai.lt"],"url":"http:\/\/eautomobiliai.lt\/index.php\/author\/admin\/"}]}},"_links":{"self":[{"href":"http:\/\/eautomobiliai.lt\/index.php\/wp-json\/wp\/v2\/posts\/1115","targetHints":{"allow":["GET"]}}],"collection":[{"href":"http:\/\/eautomobiliai.lt\/index.php\/wp-json\/wp\/v2\/posts"}],"about":[{"href":"http:\/\/eautomobiliai.lt\/index.php\/wp-json\/wp\/v2\/types\/post"}],"author":[{"embeddable":true,"href":"http:\/\/eautomobiliai.lt\/index.php\/wp-json\/wp\/v2\/users\/1"}],"replies":[{"embeddable":true,"href":"http:\/\/eautomobiliai.lt\/index.php\/wp-json\/wp\/v2\/comments?post=1115"}],"version-history":[{"count":0,"href":"http:\/\/eautomobiliai.lt\/index.php\/wp-json\/wp\/v2\/posts\/1115\/revisions"}],"wp:featuredmedia":[{"embeddable":true,"href":"http:\/\/eautomobiliai.lt\/index.php\/wp-json\/wp\/v2\/media\/1116"}],"wp:attachment":[{"href":"http:\/\/eautomobiliai.lt\/index.php\/wp-json\/wp\/v2\/media?parent=1115"}],"wp:term":[{"taxonomy":"category","embeddable":true,"href":"http:\/\/eautomobiliai.lt\/index.php\/wp-json\/wp\/v2\/categories?post=1115"},{"taxonomy":"post_tag","embeddable":true,"href":"http:\/\/eautomobiliai.lt\/index.php\/wp-json\/wp\/v2\/tags?post=1115"}],"curies":[{"name":"wp","href":"https:\/\/api.w.org\/{rel}","templated":true}]}}