{"id":1119,"date":"2025-06-10T03:12:29","date_gmt":"2025-06-10T03:12:29","guid":{"rendered":"http:\/\/eautomobiliai.lt\/index.php\/2025\/06\/10\/tesla-oficialiai-pradeda-autonomini-bandymo-etapa-austine-pries-planuojama-paleidima\/"},"modified":"2025-06-10T03:12:29","modified_gmt":"2025-06-10T03:12:29","slug":"tesla-oficialiai-pradeda-autonomini-bandymo-etapa-austine-pries-planuojama-paleidima","status":"publish","type":"post","link":"http:\/\/eautomobiliai.lt\/index.php\/2025\/06\/10\/tesla-oficialiai-pradeda-autonomini-bandymo-etapa-austine-pries-planuojama-paleidima\/","title":{"rendered":"\u201eTesla\u201c oficialiai pradeda autonomin\u012f \u201ebandymo\u201c etap\u0105 Austine prie\u0161 planuojam\u0105 paleidim\u0105"},"content":{"rendered":"<p> <br \/>\n<\/p>\n<div>\n<figure class=\"img-border featured-image\">\n\t<\/figure>\n<p>\u201eTesla\u201c oficialiai pateko \u012f autonomin\u0119 transporto priemon\u0117s \u201ebandymo\u201c etap\u0105 Austine, Teksaso dienomis prie\u0161 planuojam\u0105 komercin\u0117s paslaugos paleidim\u0105.<\/p>\n<p><span id=\"more-419601\"\/><\/p>\n<p>I\u0161tisus m\u0117nesius \u201eTesla\u201c diskutavo apie savaranki\u0161kai va\u017eiuojan\u010dio va\u017eiavimo park\u0105 bir\u017eelio m\u0117nes\u012f Austine, Teksase.<\/p>\n<p>Kaip jau anks\u010diau prane\u0161\u0117me, \u0161is \u017eingsnis yra didelis per\u0117jimas nuo ilgo \u201eTesla\u201c pa\u017eado \u012fgalinti nepri\u017ei\u016brimas savaranki\u0161ko vairavimo galimybes milijonams transporto priemoni\u0173, parduot\u0173 nuo 2016 m.<\/p>\n<p>Vietoj to, \u201eTesla\u201c dabar planuoja eksploatuoti savo ma\u017e\u0105 vidin\u012f transporto priemoni\u0173 park\u0105 su specialia programine \u012franga, optimizuota geografi\u0161kai \u012fkurtai Austino teritorijai ir palaikoma \u201edaug teleoperacijos\u201c.<\/p>\n<p>\t<span class=\"outbrain-ad-label\">Skelbimas &#8211; slinkite daugiau turinio<\/span><\/p>\n<p>\u201eTesla\u201c generalinis direktorius Elonas Muskas kalb\u0117jo apie mokam\u0173 va\u017eiavimo paslaugos klientams paleidim\u0105 bir\u017eelio m\u0117n., Ta\u010diau kilo abejoni\u0173. Muskas pripa\u017eino, kad \u201eTesla\u201c prad\u0117jo tik i\u0161bandyti sistem\u0105 be saugos vairuotoj\u0173 gegu\u017e\u0117s pabaigoje. <\/p>\n<p>Palyginimui, \u201eWaymo\u201c i\u0161band\u0117 savo sistem\u0105, kuri jau veik\u0117 be vairuotoj\u0173 kituose miestuose, 6 m\u0117nesius su saugos vairuotojais ir 6 m\u0117nesius be saugos vairuotoj\u0173, prie\u0161 prad\u0117damas savo paslaugas Austine \u0161i\u0173 met\u0173 prad\u017eioje.<\/p>\n<p>\u201eTesla\u201c taip pat niekada nebuvo \u201e\u017einom\u0173 AV operatori\u0173 Austine\u201c s\u0105ra\u0161e oficialioje miesto svetain\u0117je.<\/p>\n<p>\u0160iandien taip yra. \u201eTesla\u201c buvo \u012ftrauktas \u012f s\u0105ra\u0161\u0105 \u201eTestavimo etape\u201c:<\/p>\n<figure class=\"wp-block-gallery alignwide has-nested-images columns-default is-cropped wp-block-gallery-1 is-layout-flex wp-block-gallery-is-layout-flex\">\n<figure class=\"wp-block-image size-large\"><img loading=\"lazy\" decoding=\"async\" width=\"690\" height=\"918\" data-id=\"419603\" src=\"https:\/\/electrek.co\/wp-content\/uploads\/sites\/3\/2025\/06\/Screenshot-2025-06-10-at-10.03.51\u202fAM.png\" alt=\"\" class=\"wp-image-419603\" srcset=\"https:\/\/electrek.co\/wp-content\/uploads\/sites\/3\/2025\/06\/Screenshot-2025-06-10-at-10.03.51\u202fAM.png 690w, https:\/\/electrek.co\/wp-content\/uploads\/sites\/3\/2025\/06\/Screenshot-2025-06-10-at-10.03.51\u202fAM.png?resize=113,150 113w, https:\/\/electrek.co\/wp-content\/uploads\/sites\/3\/2025\/06\/Screenshot-2025-06-10-at-10.03.51\u202fAM.png?resize=225,300 225w, https:\/\/electrek.co\/wp-content\/uploads\/sites\/3\/2025\/06\/Screenshot-2025-06-10-at-10.03.51\u202fAM.png?resize=263,350 263w, https:\/\/electrek.co\/wp-content\/uploads\/sites\/3\/2025\/06\/Screenshot-2025-06-10-at-10.03.51\u202fAM.png?resize=140,186 140w, https:\/\/electrek.co\/wp-content\/uploads\/sites\/3\/2025\/06\/Screenshot-2025-06-10-at-10.03.51\u202fAM.png?resize=150,200 150w\" sizes=\"auto, (max-width: 690px) 100vw, 690px\"\/><\/figure>\n<figure class=\"wp-block-image size-large\"><img loading=\"lazy\" decoding=\"async\" width=\"724\" height=\"964\" data-id=\"419602\" src=\"https:\/\/electrek.co\/wp-content\/uploads\/sites\/3\/2025\/06\/Screenshot-2025-06-10-at-10.04.11\u202fAM.png\" alt=\"\" class=\"wp-image-419602\" srcset=\"https:\/\/electrek.co\/wp-content\/uploads\/sites\/3\/2025\/06\/Screenshot-2025-06-10-at-10.04.11\u202fAM.png 724w, https:\/\/electrek.co\/wp-content\/uploads\/sites\/3\/2025\/06\/Screenshot-2025-06-10-at-10.04.11\u202fAM.png?resize=113,150 113w, https:\/\/electrek.co\/wp-content\/uploads\/sites\/3\/2025\/06\/Screenshot-2025-06-10-at-10.04.11\u202fAM.png?resize=225,300 225w, https:\/\/electrek.co\/wp-content\/uploads\/sites\/3\/2025\/06\/Screenshot-2025-06-10-at-10.04.11\u202fAM.png?resize=263,350 263w, https:\/\/electrek.co\/wp-content\/uploads\/sites\/3\/2025\/06\/Screenshot-2025-06-10-at-10.04.11\u202fAM.png?resize=140,186 140w, https:\/\/electrek.co\/wp-content\/uploads\/sites\/3\/2025\/06\/Screenshot-2025-06-10-at-10.04.11\u202fAM.png?resize=640,853 640w, https:\/\/electrek.co\/wp-content\/uploads\/sites\/3\/2025\/06\/Screenshot-2025-06-10-at-10.04.11\u202fAM.png?resize=150,200 150w\" sizes=\"auto, (max-width: 724px) 100vw, 724px\"\/><\/figure>\n<\/figure>\n<p>\u201eWaymo\u201c vis dar yra vienintel\u0117 \u012fmon\u0117, nurodyta kaip \u201ediegimo\u201c etape.<\/p>\n<p>Neai\u0161ku, ar svetain\u0117 atsilieka nuo test\u0173 program\u0173, ar \u201eTesla\u201c tik dabar oficialiai prad\u0117jo savo savaranki\u0161k\u0105 bandym\u0105 mieste.<\/p>\n<p>Anks\u010diau \u201eTesla\u201c pavyko apeiti savaranki\u0161ko vairavimo bandym\u0173 ataskaitas, tvirtindama, kad jos sistema yra lygio ADAS sistema, o ne faktinis \u201esavaranki\u0161kas vairavimas\u201c-paliekant asmen\u012f vairuotojo vietoje vis\u0105 laik\u0105 atsaking\u0105 u\u017e transporto priemon\u0119.<\/p>\n<p>\u201eTesla\u201c transporto priemon\u0117s su vairuotojais vairuotojo s\u0117dyn\u0117je ir gamintojo plok\u0161tel\u0117se pastaruosius kelis m\u0117nesius buvo pasteb\u0117tos va\u017eiuojant aplink Austin\u0105.<\/p>\n<p>Neseniai buvo prane\u0161ta, kad \u201eTesla\u201c siek\u0117 prad\u0117ti savo komercin\u0119 autonomin\u0119 va\u017eiavimo pakabos tarnyb\u0105 Austine bir\u017eelio 12 d., Ta\u010diau tai vis dar buvo judantis taikinys.<\/p>\n<p>Neatlikusi diegimo etapo, \u201eTesla\u201c negal\u0117s priimti mokam\u0173 va\u017eiavim\u0173 i\u0161 toki\u0173 klient\u0173 kaip \u201eWaymo\u201c.<\/p>\n<p>Muskas kelis kartus \u012fsipareigojo prad\u0117ti paslaug\u0105 iki bir\u017eelio pabaigos.<\/p>\n<h2 class=\"wp-block-heading\" id=\"h-electrek-s-take\">\u201eElectrek&#8217;s Take\u201c<\/h2>\n<p>V\u0117lgi, a\u0161 tikiuosi, kad \u201eTesla\u201c sugeb\u0117jo \u017eymiai pagerinti FSD u\u017e geografin\u0119 pad\u0117t\u012f ir kad ji apribos greit\u012f, nes dabartin\u0117 vie\u0161oji FSD versija vos pasiekia 500 myli\u0173 tarp kritini\u0173 atsiribojim\u0173.<\/p>\n<p>Nutraukus vairuotoj\u0105, gali b\u016bti padaryta rimt\u0173 avarij\u0173.<\/p>\n<p>Teleoperacija taip pat pad\u0117s, ta\u010diau bet koks v\u0117lavimas taip pat gali b\u016bti pavojingas. Tai kelia nerim\u0105.<\/p>\n<div class=\"ad-disclaimer-container\">\n<p class=\"disclaimer-affiliate\"><em>FPK: Mes naudojame pajamas gaunan\u010dias automatinio filialo nuorodas.<\/em> Daugiau.<\/p>\n<p><!-- post ad --><\/div>\n<\/p><\/div>\n<p><br \/>\n<br \/><a href=\"https:\/\/electrek.co\/2025\/06\/09\/tesla-starts-autonomous-testing-phase-austin-days-before-planned-launch\/\">Source link <\/a><\/p>\n","protected":false},"excerpt":{"rendered":"<p>\u201eTesla\u201c oficialiai pateko \u012f autonomin\u0119 transporto priemon\u0117s \u201ebandymo\u201c etap\u0105 Austine, Teksaso dienomis prie\u0161 planuojam\u0105 komercin\u0117s paslaugos paleidim\u0105. I\u0161tisus m\u0117nesius \u201eTesla\u201c&hellip;<\/p>\n","protected":false},"author":1,"featured_media":1120,"comment_status":"open","ping_status":"open","sticky":false,"template":"","format":"standard","meta":{"om_disable_all_campaigns":false,"_monsterinsights_skip_tracking":false,"_monsterinsights_sitenote_active":false,"_monsterinsights_sitenote_note":"","_monsterinsights_sitenote_category":0,"footnotes":""},"categories":[8],"tags":[2325,2323,2324,2246,2322,1345,2326,783,1047,14],"class_list":["post-1119","post","type-post","status-publish","format-standard","has-post-thumbnail","hentry","category-elektriniai-automobiliai","tag-austine","tag-autonomini","tag-bandymo","tag-etapa","tag-oficialiai","tag-paleidima","tag-planuojama","tag-pradeda","tag-pries","tag-tesla"],"aioseo_notices":[],"yoast_head":"<!-- This site is optimized with the Yoast SEO plugin v26.8 - https:\/\/yoast.com\/product\/yoast-seo-wordpress\/ -->\n<title>\u201eTesla\u201c oficialiai pradeda autonomin\u012f \u201ebandymo\u201c etap\u0105 Austine prie\u0161 planuojam\u0105 paleidim\u0105 - Eautomobiliai.lt<\/title>\n<meta name=\"robots\" content=\"index, follow, max-snippet:-1, max-image-preview:large, max-video-preview:-1\" \/>\n<link rel=\"canonical\" href=\"https:\/\/eautomobiliai.lt\/index.php\/2025\/06\/10\/tesla-oficialiai-pradeda-autonomini-bandymo-etapa-austine-pries-planuojama-paleidima\/\" \/>\n<meta property=\"og:locale\" content=\"lt_LT\" \/>\n<meta property=\"og:type\" content=\"article\" \/>\n<meta property=\"og:title\" content=\"\u201eTesla\u201c oficialiai pradeda autonomin\u012f \u201ebandymo\u201c etap\u0105 Austine prie\u0161 planuojam\u0105 paleidim\u0105 - Eautomobiliai.lt\" \/>\n<meta property=\"og:description\" content=\"\u201eTesla\u201c oficialiai pateko \u012f autonomin\u0119 transporto priemon\u0117s \u201ebandymo\u201c etap\u0105 Austine, Teksaso dienomis prie\u0161 planuojam\u0105 komercin\u0117s paslaugos paleidim\u0105. I\u0161tisus m\u0117nesius \u201eTesla\u201c&hellip;\" \/>\n<meta property=\"og:url\" content=\"https:\/\/eautomobiliai.lt\/index.php\/2025\/06\/10\/tesla-oficialiai-pradeda-autonomini-bandymo-etapa-austine-pries-planuojama-paleidima\/\" \/>\n<meta property=\"og:site_name\" content=\"Eautomobiliai.lt\" \/>\n<meta property=\"article:published_time\" content=\"2025-06-10T03:12:29+00:00\" \/>\n<meta property=\"og:image\" content=\"https:\/\/eautomobiliai.lt\/wp-content\/uploads\/2025\/06\/\u201eTesla-oficialiai-pradeda-autonomini-\u201ebandymo-etapa-Austine-pries-planuojama-paleidima.png\" \/>\n\t<meta property=\"og:image:width\" content=\"1599\" \/>\n\t<meta property=\"og:image:height\" content=\"788\" \/>\n\t<meta property=\"og:image:type\" content=\"image\/png\" \/>\n<meta name=\"author\" content=\"admin\" \/>\n<meta name=\"twitter:card\" content=\"summary_large_image\" \/>\n<meta name=\"twitter:label1\" content=\"Written by\" \/>\n\t<meta name=\"twitter:data1\" content=\"admin\" \/>\n\t<meta name=\"twitter:label2\" content=\"Est. reading time\" \/>\n\t<meta name=\"twitter:data2\" content=\"2 minut\u0117s\" \/>\n<script type=\"application\/ld+json\" class=\"yoast-schema-graph\">{\"@context\":\"https:\/\/schema.org\",\"@graph\":[{\"@type\":\"Article\",\"@id\":\"https:\/\/eautomobiliai.lt\/index.php\/2025\/06\/10\/tesla-oficialiai-pradeda-autonomini-bandymo-etapa-austine-pries-planuojama-paleidima\/#article\",\"isPartOf\":{\"@id\":\"https:\/\/eautomobiliai.lt\/index.php\/2025\/06\/10\/tesla-oficialiai-pradeda-autonomini-bandymo-etapa-austine-pries-planuojama-paleidima\/\"},\"author\":{\"name\":\"admin\",\"@id\":\"http:\/\/eautomobiliai.lt\/#\/schema\/person\/ecf2a967f361217d056061f74deb92f2\"},\"headline\":\"\u201eTesla\u201c oficialiai pradeda autonomin\u012f \u201ebandymo\u201c etap\u0105 Austine prie\u0161 planuojam\u0105 paleidim\u0105\",\"datePublished\":\"2025-06-10T03:12:29+00:00\",\"mainEntityOfPage\":{\"@id\":\"https:\/\/eautomobiliai.lt\/index.php\/2025\/06\/10\/tesla-oficialiai-pradeda-autonomini-bandymo-etapa-austine-pries-planuojama-paleidima\/\"},\"wordCount\":431,\"commentCount\":0,\"image\":{\"@id\":\"https:\/\/eautomobiliai.lt\/index.php\/2025\/06\/10\/tesla-oficialiai-pradeda-autonomini-bandymo-etapa-austine-pries-planuojama-paleidima\/#primaryimage\"},\"thumbnailUrl\":\"http:\/\/eautomobiliai.lt\/wp-content\/uploads\/2025\/06\/\u201eTesla-oficialiai-pradeda-autonomini-\u201ebandymo-etapa-Austine-pries-planuojama-paleidima.png\",\"keywords\":[\"Austine\",\"autonomin\u012f\",\"bandymo\",\"etap\u0105\",\"oficialiai\",\"paleidim\u0105\",\"planuojam\u0105\",\"pradeda\",\"prie\u0161\",\"Tesla\"],\"articleSection\":[\"ELEKTRINIAI AUTOMOBILIAI\"],\"inLanguage\":\"lt-LT\",\"potentialAction\":[{\"@type\":\"CommentAction\",\"name\":\"Comment\",\"target\":[\"https:\/\/eautomobiliai.lt\/index.php\/2025\/06\/10\/tesla-oficialiai-pradeda-autonomini-bandymo-etapa-austine-pries-planuojama-paleidima\/#respond\"]}]},{\"@type\":\"WebPage\",\"@id\":\"https:\/\/eautomobiliai.lt\/index.php\/2025\/06\/10\/tesla-oficialiai-pradeda-autonomini-bandymo-etapa-austine-pries-planuojama-paleidima\/\",\"url\":\"https:\/\/eautomobiliai.lt\/index.php\/2025\/06\/10\/tesla-oficialiai-pradeda-autonomini-bandymo-etapa-austine-pries-planuojama-paleidima\/\",\"name\":\"\u201eTesla\u201c oficialiai pradeda autonomin\u012f \u201ebandymo\u201c etap\u0105 Austine prie\u0161 planuojam\u0105 paleidim\u0105 - Eautomobiliai.lt\",\"isPartOf\":{\"@id\":\"http:\/\/eautomobiliai.lt\/#website\"},\"primaryImageOfPage\":{\"@id\":\"https:\/\/eautomobiliai.lt\/index.php\/2025\/06\/10\/tesla-oficialiai-pradeda-autonomini-bandymo-etapa-austine-pries-planuojama-paleidima\/#primaryimage\"},\"image\":{\"@id\":\"https:\/\/eautomobiliai.lt\/index.php\/2025\/06\/10\/tesla-oficialiai-pradeda-autonomini-bandymo-etapa-austine-pries-planuojama-paleidima\/#primaryimage\"},\"thumbnailUrl\":\"http:\/\/eautomobiliai.lt\/wp-content\/uploads\/2025\/06\/\u201eTesla-oficialiai-pradeda-autonomini-\u201ebandymo-etapa-Austine-pries-planuojama-paleidima.png\",\"datePublished\":\"2025-06-10T03:12:29+00:00\",\"author\":{\"@id\":\"http:\/\/eautomobiliai.lt\/#\/schema\/person\/ecf2a967f361217d056061f74deb92f2\"},\"breadcrumb\":{\"@id\":\"https:\/\/eautomobiliai.lt\/index.php\/2025\/06\/10\/tesla-oficialiai-pradeda-autonomini-bandymo-etapa-austine-pries-planuojama-paleidima\/#breadcrumb\"},\"inLanguage\":\"lt-LT\",\"potentialAction\":[{\"@type\":\"ReadAction\",\"target\":[\"https:\/\/eautomobiliai.lt\/index.php\/2025\/06\/10\/tesla-oficialiai-pradeda-autonomini-bandymo-etapa-austine-pries-planuojama-paleidima\/\"]}]},{\"@type\":\"ImageObject\",\"inLanguage\":\"lt-LT\",\"@id\":\"https:\/\/eautomobiliai.lt\/index.php\/2025\/06\/10\/tesla-oficialiai-pradeda-autonomini-bandymo-etapa-austine-pries-planuojama-paleidima\/#primaryimage\",\"url\":\"http:\/\/eautomobiliai.lt\/wp-content\/uploads\/2025\/06\/\u201eTesla-oficialiai-pradeda-autonomini-\u201ebandymo-etapa-Austine-pries-planuojama-paleidima.png\",\"contentUrl\":\"http:\/\/eautomobiliai.lt\/wp-content\/uploads\/2025\/06\/\u201eTesla-oficialiai-pradeda-autonomini-\u201ebandymo-etapa-Austine-pries-planuojama-paleidima.png\",\"width\":1599,\"height\":788},{\"@type\":\"BreadcrumbList\",\"@id\":\"https:\/\/eautomobiliai.lt\/index.php\/2025\/06\/10\/tesla-oficialiai-pradeda-autonomini-bandymo-etapa-austine-pries-planuojama-paleidima\/#breadcrumb\",\"itemListElement\":[{\"@type\":\"ListItem\",\"position\":1,\"name\":\"Home\",\"item\":\"http:\/\/eautomobiliai.lt\/\"},{\"@type\":\"ListItem\",\"position\":2,\"name\":\"\u201eTesla\u201c oficialiai pradeda autonomin\u012f \u201ebandymo\u201c etap\u0105 Austine prie\u0161 planuojam\u0105 paleidim\u0105\"}]},{\"@type\":\"WebSite\",\"@id\":\"http:\/\/eautomobiliai.lt\/#website\",\"url\":\"http:\/\/eautomobiliai.lt\/\",\"name\":\"Eautomobiliai.lt\",\"description\":\"Elektrinis transportas, technologijos\",\"potentialAction\":[{\"@type\":\"SearchAction\",\"target\":{\"@type\":\"EntryPoint\",\"urlTemplate\":\"http:\/\/eautomobiliai.lt\/?s={search_term_string}\"},\"query-input\":{\"@type\":\"PropertyValueSpecification\",\"valueRequired\":true,\"valueName\":\"search_term_string\"}}],\"inLanguage\":\"lt-LT\"},{\"@type\":\"Person\",\"@id\":\"http:\/\/eautomobiliai.lt\/#\/schema\/person\/ecf2a967f361217d056061f74deb92f2\",\"name\":\"admin\",\"image\":{\"@type\":\"ImageObject\",\"inLanguage\":\"lt-LT\",\"@id\":\"http:\/\/eautomobiliai.lt\/#\/schema\/person\/image\/\",\"url\":\"https:\/\/secure.gravatar.com\/avatar\/6323379efae0c70c686c7905444d6bbd?s=96&d=mm&r=g\",\"contentUrl\":\"https:\/\/secure.gravatar.com\/avatar\/6323379efae0c70c686c7905444d6bbd?s=96&d=mm&r=g\",\"caption\":\"admin\"},\"sameAs\":[\"http:\/\/eautomobiliai.lt\"],\"url\":\"http:\/\/eautomobiliai.lt\/index.php\/author\/admin\/\"}]}<\/script>\n<!-- \/ Yoast SEO plugin. -->","yoast_head_json":{"title":"\u201eTesla\u201c oficialiai pradeda autonomin\u012f \u201ebandymo\u201c etap\u0105 Austine prie\u0161 planuojam\u0105 paleidim\u0105 - Eautomobiliai.lt","robots":{"index":"index","follow":"follow","max-snippet":"max-snippet:-1","max-image-preview":"max-image-preview:large","max-video-preview":"max-video-preview:-1"},"canonical":"https:\/\/eautomobiliai.lt\/index.php\/2025\/06\/10\/tesla-oficialiai-pradeda-autonomini-bandymo-etapa-austine-pries-planuojama-paleidima\/","og_locale":"lt_LT","og_type":"article","og_title":"\u201eTesla\u201c oficialiai pradeda autonomin\u012f \u201ebandymo\u201c etap\u0105 Austine prie\u0161 planuojam\u0105 paleidim\u0105 - Eautomobiliai.lt","og_description":"\u201eTesla\u201c oficialiai pateko \u012f autonomin\u0119 transporto priemon\u0117s \u201ebandymo\u201c etap\u0105 Austine, Teksaso dienomis prie\u0161 planuojam\u0105 komercin\u0117s paslaugos paleidim\u0105. I\u0161tisus m\u0117nesius \u201eTesla\u201c&hellip;","og_url":"https:\/\/eautomobiliai.lt\/index.php\/2025\/06\/10\/tesla-oficialiai-pradeda-autonomini-bandymo-etapa-austine-pries-planuojama-paleidima\/","og_site_name":"Eautomobiliai.lt","article_published_time":"2025-06-10T03:12:29+00:00","og_image":[{"width":1599,"height":788,"url":"https:\/\/eautomobiliai.lt\/wp-content\/uploads\/2025\/06\/\u201eTesla-oficialiai-pradeda-autonomini-\u201ebandymo-etapa-Austine-pries-planuojama-paleidima.png","type":"image\/png"}],"author":"admin","twitter_card":"summary_large_image","twitter_misc":{"Written by":"admin","Est. reading time":"2 minut\u0117s"},"schema":{"@context":"https:\/\/schema.org","@graph":[{"@type":"Article","@id":"https:\/\/eautomobiliai.lt\/index.php\/2025\/06\/10\/tesla-oficialiai-pradeda-autonomini-bandymo-etapa-austine-pries-planuojama-paleidima\/#article","isPartOf":{"@id":"https:\/\/eautomobiliai.lt\/index.php\/2025\/06\/10\/tesla-oficialiai-pradeda-autonomini-bandymo-etapa-austine-pries-planuojama-paleidima\/"},"author":{"name":"admin","@id":"http:\/\/eautomobiliai.lt\/#\/schema\/person\/ecf2a967f361217d056061f74deb92f2"},"headline":"\u201eTesla\u201c oficialiai pradeda autonomin\u012f \u201ebandymo\u201c etap\u0105 Austine prie\u0161 planuojam\u0105 paleidim\u0105","datePublished":"2025-06-10T03:12:29+00:00","mainEntityOfPage":{"@id":"https:\/\/eautomobiliai.lt\/index.php\/2025\/06\/10\/tesla-oficialiai-pradeda-autonomini-bandymo-etapa-austine-pries-planuojama-paleidima\/"},"wordCount":431,"commentCount":0,"image":{"@id":"https:\/\/eautomobiliai.lt\/index.php\/2025\/06\/10\/tesla-oficialiai-pradeda-autonomini-bandymo-etapa-austine-pries-planuojama-paleidima\/#primaryimage"},"thumbnailUrl":"http:\/\/eautomobiliai.lt\/wp-content\/uploads\/2025\/06\/\u201eTesla-oficialiai-pradeda-autonomini-\u201ebandymo-etapa-Austine-pries-planuojama-paleidima.png","keywords":["Austine","autonomin\u012f","bandymo","etap\u0105","oficialiai","paleidim\u0105","planuojam\u0105","pradeda","prie\u0161","Tesla"],"articleSection":["ELEKTRINIAI AUTOMOBILIAI"],"inLanguage":"lt-LT","potentialAction":[{"@type":"CommentAction","name":"Comment","target":["https:\/\/eautomobiliai.lt\/index.php\/2025\/06\/10\/tesla-oficialiai-pradeda-autonomini-bandymo-etapa-austine-pries-planuojama-paleidima\/#respond"]}]},{"@type":"WebPage","@id":"https:\/\/eautomobiliai.lt\/index.php\/2025\/06\/10\/tesla-oficialiai-pradeda-autonomini-bandymo-etapa-austine-pries-planuojama-paleidima\/","url":"https:\/\/eautomobiliai.lt\/index.php\/2025\/06\/10\/tesla-oficialiai-pradeda-autonomini-bandymo-etapa-austine-pries-planuojama-paleidima\/","name":"\u201eTesla\u201c oficialiai pradeda autonomin\u012f \u201ebandymo\u201c etap\u0105 Austine prie\u0161 planuojam\u0105 paleidim\u0105 - Eautomobiliai.lt","isPartOf":{"@id":"http:\/\/eautomobiliai.lt\/#website"},"primaryImageOfPage":{"@id":"https:\/\/eautomobiliai.lt\/index.php\/2025\/06\/10\/tesla-oficialiai-pradeda-autonomini-bandymo-etapa-austine-pries-planuojama-paleidima\/#primaryimage"},"image":{"@id":"https:\/\/eautomobiliai.lt\/index.php\/2025\/06\/10\/tesla-oficialiai-pradeda-autonomini-bandymo-etapa-austine-pries-planuojama-paleidima\/#primaryimage"},"thumbnailUrl":"http:\/\/eautomobiliai.lt\/wp-content\/uploads\/2025\/06\/\u201eTesla-oficialiai-pradeda-autonomini-\u201ebandymo-etapa-Austine-pries-planuojama-paleidima.png","datePublished":"2025-06-10T03:12:29+00:00","author":{"@id":"http:\/\/eautomobiliai.lt\/#\/schema\/person\/ecf2a967f361217d056061f74deb92f2"},"breadcrumb":{"@id":"https:\/\/eautomobiliai.lt\/index.php\/2025\/06\/10\/tesla-oficialiai-pradeda-autonomini-bandymo-etapa-austine-pries-planuojama-paleidima\/#breadcrumb"},"inLanguage":"lt-LT","potentialAction":[{"@type":"ReadAction","target":["https:\/\/eautomobiliai.lt\/index.php\/2025\/06\/10\/tesla-oficialiai-pradeda-autonomini-bandymo-etapa-austine-pries-planuojama-paleidima\/"]}]},{"@type":"ImageObject","inLanguage":"lt-LT","@id":"https:\/\/eautomobiliai.lt\/index.php\/2025\/06\/10\/tesla-oficialiai-pradeda-autonomini-bandymo-etapa-austine-pries-planuojama-paleidima\/#primaryimage","url":"http:\/\/eautomobiliai.lt\/wp-content\/uploads\/2025\/06\/\u201eTesla-oficialiai-pradeda-autonomini-\u201ebandymo-etapa-Austine-pries-planuojama-paleidima.png","contentUrl":"http:\/\/eautomobiliai.lt\/wp-content\/uploads\/2025\/06\/\u201eTesla-oficialiai-pradeda-autonomini-\u201ebandymo-etapa-Austine-pries-planuojama-paleidima.png","width":1599,"height":788},{"@type":"BreadcrumbList","@id":"https:\/\/eautomobiliai.lt\/index.php\/2025\/06\/10\/tesla-oficialiai-pradeda-autonomini-bandymo-etapa-austine-pries-planuojama-paleidima\/#breadcrumb","itemListElement":[{"@type":"ListItem","position":1,"name":"Home","item":"http:\/\/eautomobiliai.lt\/"},{"@type":"ListItem","position":2,"name":"\u201eTesla\u201c oficialiai pradeda autonomin\u012f \u201ebandymo\u201c etap\u0105 Austine prie\u0161 planuojam\u0105 paleidim\u0105"}]},{"@type":"WebSite","@id":"http:\/\/eautomobiliai.lt\/#website","url":"http:\/\/eautomobiliai.lt\/","name":"Eautomobiliai.lt","description":"Elektrinis transportas, technologijos","potentialAction":[{"@type":"SearchAction","target":{"@type":"EntryPoint","urlTemplate":"http:\/\/eautomobiliai.lt\/?s={search_term_string}"},"query-input":{"@type":"PropertyValueSpecification","valueRequired":true,"valueName":"search_term_string"}}],"inLanguage":"lt-LT"},{"@type":"Person","@id":"http:\/\/eautomobiliai.lt\/#\/schema\/person\/ecf2a967f361217d056061f74deb92f2","name":"admin","image":{"@type":"ImageObject","inLanguage":"lt-LT","@id":"http:\/\/eautomobiliai.lt\/#\/schema\/person\/image\/","url":"https:\/\/secure.gravatar.com\/avatar\/6323379efae0c70c686c7905444d6bbd?s=96&d=mm&r=g","contentUrl":"https:\/\/secure.gravatar.com\/avatar\/6323379efae0c70c686c7905444d6bbd?s=96&d=mm&r=g","caption":"admin"},"sameAs":["http:\/\/eautomobiliai.lt"],"url":"http:\/\/eautomobiliai.lt\/index.php\/author\/admin\/"}]}},"_links":{"self":[{"href":"http:\/\/eautomobiliai.lt\/index.php\/wp-json\/wp\/v2\/posts\/1119","targetHints":{"allow":["GET"]}}],"collection":[{"href":"http:\/\/eautomobiliai.lt\/index.php\/wp-json\/wp\/v2\/posts"}],"about":[{"href":"http:\/\/eautomobiliai.lt\/index.php\/wp-json\/wp\/v2\/types\/post"}],"author":[{"embeddable":true,"href":"http:\/\/eautomobiliai.lt\/index.php\/wp-json\/wp\/v2\/users\/1"}],"replies":[{"embeddable":true,"href":"http:\/\/eautomobiliai.lt\/index.php\/wp-json\/wp\/v2\/comments?post=1119"}],"version-history":[{"count":0,"href":"http:\/\/eautomobiliai.lt\/index.php\/wp-json\/wp\/v2\/posts\/1119\/revisions"}],"wp:featuredmedia":[{"embeddable":true,"href":"http:\/\/eautomobiliai.lt\/index.php\/wp-json\/wp\/v2\/media\/1120"}],"wp:attachment":[{"href":"http:\/\/eautomobiliai.lt\/index.php\/wp-json\/wp\/v2\/media?parent=1119"}],"wp:term":[{"taxonomy":"category","embeddable":true,"href":"http:\/\/eautomobiliai.lt\/index.php\/wp-json\/wp\/v2\/categories?post=1119"},{"taxonomy":"post_tag","embeddable":true,"href":"http:\/\/eautomobiliai.lt\/index.php\/wp-json\/wp\/v2\/tags?post=1119"}],"curies":[{"name":"wp","href":"https:\/\/api.w.org\/{rel}","templated":true}]}}