{"id":1125,"date":"2025-06-10T15:24:16","date_gmt":"2025-06-10T15:24:16","guid":{"rendered":"https:\/\/eautomobiliai.lt\/index.php\/2025\/06\/10\/mobilumo-revoliucija-ivadas-i-elektromobiliu-dalijimosi-platformas-tvariai-ateiciai\/"},"modified":"2025-06-10T15:24:16","modified_gmt":"2025-06-10T15:24:16","slug":"mobilumo-revoliucija-ivadas-i-elektromobiliu-dalijimosi-platformas-tvariai-ateiciai","status":"publish","type":"post","link":"http:\/\/eautomobiliai.lt\/index.php\/2025\/06\/10\/mobilumo-revoliucija-ivadas-i-elektromobiliu-dalijimosi-platformas-tvariai-ateiciai\/","title":{"rendered":"Mobilumo revoliucija: \u012evadas \u012f elektromobili\u0173 dalijimosi platformas tvariai atei\u010diai"},"content":{"rendered":"<p> <br \/>\n<\/p>\n<div id=\"\">\n<p>Kai miestai susiduria su klimato kaitos, sp\u016bs\u010di\u0173 ir did\u0117jan\u010dios tvarios transporto paklausos i\u0161\u0161\u016bkiais, elektromobili\u0173 (EV) dalijimosi platformos atsirado kaip perspektyvus sprendimas pertvarkyti miesto mobilum\u0105. Did\u0117jant sutelkiant d\u0117mes\u012f \u012f anglies p\u0117dsak\u0173 ma\u017einim\u0105 ir transporto priemoni\u0173 naudojimo optimizavim\u0105, \u0161ios platformos ne tik patenkina dabartinius mobilumo poreikius, bet ir paruo\u0161ia keli\u0105 ekologi\u0161kesnei, efektyvesnei atei\u010diai.<br \/><\/p>\n<div id=\"ez-toc-container\" class=\"ez-toc-v2_0_82_2 counter-hierarchy ez-toc-counter ez-toc-grey ez-toc-container-direction\">\n<div class=\"ez-toc-title-container\">\n<p class=\"ez-toc-title\" style=\"cursor:inherit\">Turinys:<\/p>\n<span class=\"ez-toc-title-toggle\"><a href=\"#\" class=\"ez-toc-pull-right ez-toc-btn ez-toc-btn-xs ez-toc-btn-default ez-toc-toggle\" aria-label=\"Toggle Table of Content\"><span class=\"ez-toc-js-icon-con\"><span class=\"\"><span class=\"eztoc-hide\" style=\"display:none;\">Toggle<\/span><span class=\"ez-toc-icon-toggle-span\"><svg style=\"fill: #999;color:#999\" xmlns=\"http:\/\/www.w3.org\/2000\/svg\" class=\"list-377408\" width=\"20px\" height=\"20px\" viewBox=\"0 0 24 24\" fill=\"none\"><path d=\"M6 6H4v2h2V6zm14 0H8v2h12V6zM4 11h2v2H4v-2zm16 0H8v2h12v-2zM4 16h2v2H4v-2zm16 0H8v2h12v-2z\" fill=\"currentColor\"><\/path><\/svg><svg style=\"fill: #999;color:#999\" class=\"arrow-unsorted-368013\" xmlns=\"http:\/\/www.w3.org\/2000\/svg\" width=\"10px\" height=\"10px\" viewBox=\"0 0 24 24\" version=\"1.2\" baseProfile=\"tiny\"><path d=\"M18.2 9.3l-6.2-6.3-6.2 6.3c-.2.2-.3.4-.3.7s.1.5.3.7c.2.2.4.3.7.3h11c.3 0 .5-.1.7-.3.2-.2.3-.5.3-.7s-.1-.5-.3-.7zM5.8 14.7l6.2 6.3 6.2-6.3c.2-.2.3-.5.3-.7s-.1-.5-.3-.7c-.2-.2-.4-.3-.7-.3h-11c-.3 0-.5.1-.7.3-.2.2-.3.5-.3.7s.1.5.3.7z\"\/><\/svg><\/span><\/span><\/span><\/a><\/span><\/div>\n<nav><ul class='ez-toc-list ez-toc-list-level-1 ' ><li class='ez-toc-page-1 ez-toc-heading-level-2'><a class=\"ez-toc-link ez-toc-heading-1\" href=\"http:\/\/eautomobiliai.lt\/index.php\/2025\/06\/10\/mobilumo-revoliucija-ivadas-i-elektromobiliu-dalijimosi-platformas-tvariai-ateiciai\/#Pagreitejes_elektriniu_transporto_priemoniu_kilimas_dalijantis_automobiliais\" >Pagreit\u0117j\u0119s elektrini\u0173 transporto priemoni\u0173 kilimas dalijantis automobiliais<\/a><ul class='ez-toc-list-level-3' ><li class='ez-toc-heading-level-3'><a class=\"ez-toc-link ez-toc-heading-2\" href=\"http:\/\/eautomobiliai.lt\/index.php\/2025\/06\/10\/mobilumo-revoliucija-ivadas-i-elektromobiliu-dalijimosi-platformas-tvariai-ateiciai\/#Siaures_Amerikos_kontekstas\" >\u0160iaur\u0117s Amerikos kontekstas<\/a><\/li><\/ul><\/li><li class='ez-toc-page-1 ez-toc-heading-level-2'><a class=\"ez-toc-link ez-toc-heading-3\" href=\"http:\/\/eautomobiliai.lt\/index.php\/2025\/06\/10\/mobilumo-revoliucija-ivadas-i-elektromobiliu-dalijimosi-platformas-tvariai-ateiciai\/#EV_dalijimosi_issukiai_ir_galimybes\" >EV dalijimosi i\u0161\u0161\u016bkiai ir galimyb\u0117s<\/a><\/li><li class='ez-toc-page-1 ez-toc-heading-level-2'><a class=\"ez-toc-link ez-toc-heading-4\" href=\"http:\/\/eautomobiliai.lt\/index.php\/2025\/06\/10\/mobilumo-revoliucija-ivadas-i-elektromobiliu-dalijimosi-platformas-tvariai-ateiciai\/#EV_dalijimosi_platformu_ateitis\" >EV dalijimosi platform\u0173 ateitis<\/a><\/li><li class='ez-toc-page-1 ez-toc-heading-level-2'><a class=\"ez-toc-link ez-toc-heading-5\" href=\"http:\/\/eautomobiliai.lt\/index.php\/2025\/06\/10\/mobilumo-revoliucija-ivadas-i-elektromobiliu-dalijimosi-platformas-tvariai-ateiciai\/#Isvada\" >I\u0161vada<\/a><\/li><\/ul><\/nav><\/div>\n<h2><span class=\"ez-toc-section\" id=\"Pagreitejes_elektriniu_transporto_priemoniu_kilimas_dalijantis_automobiliais\"><\/span>Pagreit\u0117j\u0119s elektrini\u0173 transporto priemoni\u0173 kilimas dalijantis automobiliais<span class=\"ez-toc-section-end\"><\/span><\/h2>\n<p>Per\u0117jimas prie elektrini\u0173 transporto priemoni\u0173 spart\u0117ja, o \u017eymiai auga EV pri\u0117mimo paslaugos automobili\u0173 dalijimosi paslaugose. Remiantis Tarptautin\u0117s energetikos agent\u016bros (TEA) duomenimis, 2024 m. Prad\u017eioje pasauliniai elektrini\u0173 transporto priemoni\u0173 pardavimai padid\u0117jo daugiau kaip 25%, tai rodo tvirt\u0105 \u0161varesni\u0173 transportavimo galimybi\u0173 paklaus\u0105.<\/p>\n<p>Europoje \u0161i tendencija yra ypa\u010d pastebima, kai iki 25% automobili\u0173 dalijimosi laivyno dabar yra visi\u0161kai elektriniai. Tokios \u0161alys kaip Vokietija, Italija ir JK vadovauja kaltinimui, \u012fgyvendindamos politik\u0105, kuria siekiama panaikinti i\u0161kastinio kuro varomas transporto priemones EVS naudai. Pavyzd\u017eiui, 20,5% vis\u0173 automobili\u0173 dalijimosi transporto priemoni\u0173 Vokietijoje yra elektrin\u0117s, d\u0117ka toki\u0173 bendrovi\u0173 kaip \u201eZipcar\u201c iniciatyv\u0173, kurios padidina j\u0173 laivynus, kad jie atitikt\u0173 \u201eNet-Zero\u201c i\u0161metam\u0173j\u0173 ter\u0161al\u0173 tikslus.<\/p>\n<h3><span class=\"ez-toc-section\" id=\"Siaures_Amerikos_kontekstas\"><\/span>\u0160iaur\u0117s Amerikos kontekstas<span class=\"ez-toc-section-end\"><\/span><\/h3>\n<p>Nors Europa mato greitesn\u012f \u012fvaikinimo lyg\u012f, \u0160iaur\u0117s Amerika pama\u017eu pasivijo. \u201eZipcar\u201c inicijavo programas, skirtas dvigubai padidinti savo elektrin\u012f laivyn\u0105 did\u017eiuosiuose JAV miestuose, o ma\u017eesn\u0117s kompanijos, tokios kaip \u201eCommunauto\u201c Kvebeke, pri\u0117m\u0117 elektros per\u0117jim\u0105, tai rodo did\u0117jan\u010di\u0105 tendencij\u0105 \u012f EV pri\u0117mim\u0105.<\/p>\n<h2><span class=\"ez-toc-section\" id=\"EV_dalijimosi_issukiai_ir_galimybes\"><\/span>EV dalijimosi i\u0161\u0161\u016bkiai ir galimyb\u0117s<span class=\"ez-toc-section-end\"><\/span><\/h2>\n<p>Nepaisant pagrei\u010dio, per\u0117jimas prie elektrini\u0173 transporto priemoni\u0173 dalijimosi platform\u0173 susiduria su keliais i\u0161\u0161\u016bkiais, kuriuos privalo nar\u0161yti suinteresuotosios \u0161alys:<\/p>\n<ol>\n<li>\n<p><strong>Infrastrukt\u016bros spragos<\/strong>: Pagrindinis kli\u016btis yra netinkama \u012fkrovimo infrastrukt\u016bra, ypa\u010d kaimo vietov\u0117se. \u201e\u012ekraunant dykumas\u201c kliudo pla\u010diai paplit\u0119s EV pri\u0117mimas, padidinant vartotoj\u0173 nerim\u0105 nuo diapazono. Itin greito \u012fkrovikli\u0173 tinklo i\u0161pl\u0117timas yra labai svarbus norint padidinti vartotoj\u0173 pasitik\u0117jim\u0105 savimi ir veiklos efektyvum\u0105.<\/p>\n<\/li>\n<li>\n<p><strong>Tiekimo grandin\u0117s apribojimai<\/strong>: Dabartin\u0117 EV komponent\u0173, ypa\u010d baterij\u0173, tiekimo grandin\u0117 yra kupina neapibr\u0117\u017e\u010di\u0173 d\u0117l geopolitin\u0117s rizikos ir med\u017eiag\u0173 tr\u016bkumo. \u0160ie veiksniai prisideda prie dideli\u0173 transporto priemoni\u0173 s\u0105naud\u0173 ir atid\u0117to laivyno elektrifikavimo, ypa\u010d turin\u010di\u0173 \u012ftakos ma\u017eesniems operatoriams.<\/p>\n<\/li>\n<li>\n<p><strong>Finansin\u0117s kli\u016btys<\/strong>: Didel\u0117 elektrini\u0173 transporto priemoni\u0173 pirkimo kaina ir svyruojan\u010dios likutin\u0117s vert\u0117s gali atgrasyti operatorius nuo investavimo \u012f pla\u010dius EV parkus. Nors paskatos egzistuoja tam tikruose regionuose, paramos kintamumas kelia i\u0161\u0161\u016bk\u012f ilgalaikiam finansiniam planavimui.<\/p>\n<\/li>\n<li>\n<p><strong>Prie\u017ei\u016bros patirtis<\/strong>: Nors elektrin\u0117ms transporto priemon\u0117ms reikia ma\u017eiau \u012fprastos prie\u017ei\u016bros nei tradicini\u0173 vidaus degimo varikli\u0173 (ICE) transporto priemoni\u0173, jos reikalauja speciali\u0173 \u012fg\u016bd\u017ei\u0173 visapusi\u0161kam remontui. Apmokyt\u0173 technik\u0173 tr\u016bkumas gali padidinti i\u0161laidas, tod\u0117l reikia partneryst\u0117s su gamintojais, kad b\u016bt\u0173 u\u017etikrintas paj\u0117gus aptarnavimas.<\/p>\n<\/li>\n<li>\n<p><strong>Reguliavimo kli\u016btys<\/strong>: Besivystantis teis\u0117s akt\u0173 ir EV reglament\u0173 kra\u0161tovaizdis pateikia sud\u0117tingumo sluoksn\u012f, kuris operatoriams gali trukdyti strateginiams sprendim\u0173 pri\u0117mimui. Vieninga sistema pad\u0117t\u0173 supaprastinti atitikt\u012f ir \u012fgalinti sklandesnes operacijas visose jurisdikcijose.<\/p>\n<\/li>\n<\/ol>\n<h2><span class=\"ez-toc-section\" id=\"EV_dalijimosi_platformu_ateitis\"><\/span>EV dalijimosi platform\u0173 ateitis<span class=\"ez-toc-section-end\"><\/span><\/h2>\n<p>Novatori\u0161kos strategijos yra b\u016btinos automobili\u0173 dalijimosi platformoms, nes jos prisitaiko prie \u0161ios dinami\u0161kos aplinkos. Bendrov\u0117s vis labiau naudojasi technologine pa\u017eanga, siekdamos pagerinti savo pasi\u016bl\u0105:<\/p>\n<ul>\n<li>\n<p><strong>I\u0161laid\u0173 ma\u017einimas ir technologin\u0117s naujov\u0117s<\/strong>: Did\u0117jant akumuliatori\u0173 technologijai ir ma\u017e\u0117jant i\u0161laidoms, elektromobili\u0173 \u012fperkamumas padid\u0117s, tod\u0117l operatoriams bus lengviau i\u0161pl\u0117sti savo EV laivynus. Tuo pa\u010diu metu patikimi \u012fkrovimo sprendimai su\u0161velnins nerim\u0105 nuo diapazono, prisidedant prie didesni\u0173 naudojimo procent\u0173.<\/p>\n<\/li>\n<li>\n<p><strong>Skaitmenini\u0173 sprendim\u0173 panaudojimas<\/strong>: Platformos, apiman\u010dios \u201eKeybesless Access\u201c technologij\u0105, toki\u0105 kaip \u201eMobokey\u201c, supaprastinkite vartotojo patirt\u012f, padarydami automobili\u0173 dalijimosi efektyvesn\u0119 ir patrauklesn\u0119. \u0160ios sistemos palengvina nuotolinio rezervavimo ir transporto priemoni\u0173 valdym\u0105, galiausiai skatina daugiau naudojimo ir neveikimo laiko suma\u017eina.<\/p>\n<\/li>\n<li>\n<p><strong>Strategin\u0117s partneryst\u0117s<\/strong>: Bendradarbiavimas su vyriausyb\u0117mis, kad atitikt\u0173 kylan\u010di\u0105 politik\u0105 ir paskatinimus EV pri\u0117mimui, gali suteikti operatoriams finansin\u0119 param\u0105, reikaling\u0105 j\u0173 laivynams i\u0161pl\u0117sti.<\/p>\n<\/li>\n<\/ul>\n<h2><span class=\"ez-toc-section\" id=\"Isvada\"><\/span>I\u0161vada<span class=\"ez-toc-section-end\"><\/span><\/h2>\n<p>Elektrini\u0173 transporto priemoni\u0173 dalijimosi platformos yra per\u0117jimo prie tvarios miesto mobilumo prie\u0161akyje. Jie rodo reik\u0161ming\u0105 \u0161uol\u012f \u012f priek\u012f ma\u017einant i\u0161metam\u0173j\u0173 ter\u0161al\u0173 kiek\u012f ir optimizuojant i\u0161tekli\u0173 naudojim\u0105, tod\u0117l miestai tampa \u0161varesni ir efektyvesni. S\u0117kmingas \u0161i\u0173 platform\u0173 pri\u0117mimas priklauso nuo esam\u0173 i\u0161\u0161\u016bki\u0173 \u012fveikimo per inovacijas, strategines partnerystes ir \u012fsipareigojim\u0105 skatinti \u012ftraukian\u010di\u0105 ir tvari\u0105 transporto ekosistem\u0105. Kai per\u0117jimas atsiskleid\u017eia, yra \u012fdomi galimyb\u0117 bendram mobilumo \u012fmon\u0117ms i\u0161 naujo apibr\u0117\u017eti, kaip mes priva\u017eiuojame ir naudojame transport\u0105 rytojaus miestuose.<\/p>\n<p>\u2014\u2014\u2014\u2014\u2014\u2014\u2014\u2014\u2014\u2014\u2014\u2014\u2014\u2014\u2014\u2014\u2014\u2014\u2014\u2014\u2014\u2014\u2014<br \/>\u201eVoltsandVolts.com\u201c yra tinklara\u0161tis, skirtas elektrin\u0117ms transporto priemon\u0117ms (EV). M\u016bs\u0173 tinklara\u0161tyje pateikiami straipsniai apie EV ap\u017evalgas, istorijas, patarimus, triukus, \u012fkrovimo infrastrukt\u016br\u0105 ir akumuliatori\u0173 technologijas. Prisijunkite prie pokalbio ir tapkite \u201eVoltsandVolts.com\u201c bendruomen\u0117s dalimi \u0161iandien!<\/p>\n<\/div>\n<p><br \/>\n<br \/><a href=\"https:\/\/voltsandvolts.com\/introduction-of-vehicle-sharing-platforms-focused-on-evs\/\">Source link <\/a><\/p>\n","protected":false},"excerpt":{"rendered":"<p>Kai miestai susiduria su klimato kaitos, sp\u016bs\u010di\u0173 ir did\u0117jan\u010dios tvarios transporto paklausos i\u0161\u0161\u016bkiais, elektromobili\u0173 (EV) dalijimosi platformos atsirado kaip perspektyvus&hellip;<\/p>\n","protected":false},"author":1,"featured_media":1126,"comment_status":"open","ping_status":"open","sticky":false,"template":"","format":"standard","meta":{"om_disable_all_campaigns":false,"_monsterinsights_skip_tracking":false,"_monsterinsights_sitenote_active":false,"_monsterinsights_sitenote_note":"","_monsterinsights_sitenote_category":0,"footnotes":""},"categories":[39],"tags":[741,1114,191,206,1116,2328,56,740],"class_list":["post-1125","post","type-post","status-publish","format-standard","has-post-thumbnail","hentry","category-eautomobiliu-technine-puse","tag-ateiciai","tag-dalijimosi","tag-elektromobiliu","tag-ivadas","tag-mobilumo","tag-platformas","tag-revoliucija","tag-tvariai"],"aioseo_notices":[],"yoast_head":"<!-- This site is optimized with the Yoast SEO plugin v26.8 - https:\/\/yoast.com\/product\/yoast-seo-wordpress\/ -->\n<title>Mobilumo revoliucija: \u012evadas \u012f elektromobili\u0173 dalijimosi platformas tvariai atei\u010diai - Eautomobiliai.lt<\/title>\n<meta name=\"robots\" content=\"index, follow, max-snippet:-1, max-image-preview:large, max-video-preview:-1\" \/>\n<link rel=\"canonical\" href=\"http:\/\/eautomobiliai.lt\/index.php\/2025\/06\/10\/mobilumo-revoliucija-ivadas-i-elektromobiliu-dalijimosi-platformas-tvariai-ateiciai\/\" \/>\n<meta property=\"og:locale\" content=\"lt_LT\" \/>\n<meta property=\"og:type\" content=\"article\" \/>\n<meta property=\"og:title\" content=\"Mobilumo revoliucija: \u012evadas \u012f elektromobili\u0173 dalijimosi platformas tvariai atei\u010diai - Eautomobiliai.lt\" \/>\n<meta property=\"og:description\" content=\"Kai miestai susiduria su klimato kaitos, sp\u016bs\u010di\u0173 ir did\u0117jan\u010dios tvarios transporto paklausos i\u0161\u0161\u016bkiais, elektromobili\u0173 (EV) dalijimosi platformos atsirado kaip perspektyvus&hellip;\" \/>\n<meta property=\"og:url\" content=\"http:\/\/eautomobiliai.lt\/index.php\/2025\/06\/10\/mobilumo-revoliucija-ivadas-i-elektromobiliu-dalijimosi-platformas-tvariai-ateiciai\/\" \/>\n<meta property=\"og:site_name\" content=\"Eautomobiliai.lt\" \/>\n<meta property=\"article:published_time\" content=\"2025-06-10T15:24:16+00:00\" \/>\n<meta property=\"og:image\" content=\"http:\/\/eautomobiliai.lt\/wp-content\/uploads\/2025\/06\/Mobilumo-revoliucija-Ivadas-i-elektromobiliu-dalijimosi-platformas-tvariai-ateiciai.jpg\" \/>\n\t<meta property=\"og:image:width\" content=\"1344\" \/>\n\t<meta property=\"og:image:height\" content=\"768\" \/>\n\t<meta property=\"og:image:type\" content=\"image\/jpeg\" \/>\n<meta name=\"author\" content=\"admin\" \/>\n<meta name=\"twitter:card\" content=\"summary_large_image\" \/>\n<meta name=\"twitter:label1\" content=\"Written by\" \/>\n\t<meta name=\"twitter:data1\" content=\"admin\" \/>\n\t<meta name=\"twitter:label2\" content=\"Est. reading time\" \/>\n\t<meta name=\"twitter:data2\" content=\"4 minut\u0117s\" \/>\n<script type=\"application\/ld+json\" class=\"yoast-schema-graph\">{\"@context\":\"https:\/\/schema.org\",\"@graph\":[{\"@type\":\"Article\",\"@id\":\"http:\/\/eautomobiliai.lt\/index.php\/2025\/06\/10\/mobilumo-revoliucija-ivadas-i-elektromobiliu-dalijimosi-platformas-tvariai-ateiciai\/#article\",\"isPartOf\":{\"@id\":\"http:\/\/eautomobiliai.lt\/index.php\/2025\/06\/10\/mobilumo-revoliucija-ivadas-i-elektromobiliu-dalijimosi-platformas-tvariai-ateiciai\/\"},\"author\":{\"name\":\"admin\",\"@id\":\"https:\/\/eautomobiliai.lt\/#\/schema\/person\/ecf2a967f361217d056061f74deb92f2\"},\"headline\":\"Mobilumo revoliucija: \u012evadas \u012f elektromobili\u0173 dalijimosi platformas tvariai atei\u010diai\",\"datePublished\":\"2025-06-10T15:24:16+00:00\",\"mainEntityOfPage\":{\"@id\":\"http:\/\/eautomobiliai.lt\/index.php\/2025\/06\/10\/mobilumo-revoliucija-ivadas-i-elektromobiliu-dalijimosi-platformas-tvariai-ateiciai\/\"},\"wordCount\":794,\"commentCount\":0,\"image\":{\"@id\":\"http:\/\/eautomobiliai.lt\/index.php\/2025\/06\/10\/mobilumo-revoliucija-ivadas-i-elektromobiliu-dalijimosi-platformas-tvariai-ateiciai\/#primaryimage\"},\"thumbnailUrl\":\"http:\/\/eautomobiliai.lt\/wp-content\/uploads\/2025\/06\/Mobilumo-revoliucija-Ivadas-i-elektromobiliu-dalijimosi-platformas-tvariai-ateiciai.jpg\",\"keywords\":[\"atei\u010diai\",\"dalijimosi\",\"elektromobili\u0173\",\"\u012evadas\",\"mobilumo\",\"platformas\",\"revoliucija\",\"tvariai\"],\"articleSection\":[\"eAUTOMOBILI\u0172 TECHNIN\u0116 PUS\u0116\"],\"inLanguage\":\"lt-LT\",\"potentialAction\":[{\"@type\":\"CommentAction\",\"name\":\"Comment\",\"target\":[\"http:\/\/eautomobiliai.lt\/index.php\/2025\/06\/10\/mobilumo-revoliucija-ivadas-i-elektromobiliu-dalijimosi-platformas-tvariai-ateiciai\/#respond\"]}]},{\"@type\":\"WebPage\",\"@id\":\"http:\/\/eautomobiliai.lt\/index.php\/2025\/06\/10\/mobilumo-revoliucija-ivadas-i-elektromobiliu-dalijimosi-platformas-tvariai-ateiciai\/\",\"url\":\"http:\/\/eautomobiliai.lt\/index.php\/2025\/06\/10\/mobilumo-revoliucija-ivadas-i-elektromobiliu-dalijimosi-platformas-tvariai-ateiciai\/\",\"name\":\"Mobilumo revoliucija: \u012evadas \u012f elektromobili\u0173 dalijimosi platformas tvariai atei\u010diai - Eautomobiliai.lt\",\"isPartOf\":{\"@id\":\"https:\/\/eautomobiliai.lt\/#website\"},\"primaryImageOfPage\":{\"@id\":\"http:\/\/eautomobiliai.lt\/index.php\/2025\/06\/10\/mobilumo-revoliucija-ivadas-i-elektromobiliu-dalijimosi-platformas-tvariai-ateiciai\/#primaryimage\"},\"image\":{\"@id\":\"http:\/\/eautomobiliai.lt\/index.php\/2025\/06\/10\/mobilumo-revoliucija-ivadas-i-elektromobiliu-dalijimosi-platformas-tvariai-ateiciai\/#primaryimage\"},\"thumbnailUrl\":\"http:\/\/eautomobiliai.lt\/wp-content\/uploads\/2025\/06\/Mobilumo-revoliucija-Ivadas-i-elektromobiliu-dalijimosi-platformas-tvariai-ateiciai.jpg\",\"datePublished\":\"2025-06-10T15:24:16+00:00\",\"author\":{\"@id\":\"https:\/\/eautomobiliai.lt\/#\/schema\/person\/ecf2a967f361217d056061f74deb92f2\"},\"breadcrumb\":{\"@id\":\"http:\/\/eautomobiliai.lt\/index.php\/2025\/06\/10\/mobilumo-revoliucija-ivadas-i-elektromobiliu-dalijimosi-platformas-tvariai-ateiciai\/#breadcrumb\"},\"inLanguage\":\"lt-LT\",\"potentialAction\":[{\"@type\":\"ReadAction\",\"target\":[\"http:\/\/eautomobiliai.lt\/index.php\/2025\/06\/10\/mobilumo-revoliucija-ivadas-i-elektromobiliu-dalijimosi-platformas-tvariai-ateiciai\/\"]}]},{\"@type\":\"ImageObject\",\"inLanguage\":\"lt-LT\",\"@id\":\"http:\/\/eautomobiliai.lt\/index.php\/2025\/06\/10\/mobilumo-revoliucija-ivadas-i-elektromobiliu-dalijimosi-platformas-tvariai-ateiciai\/#primaryimage\",\"url\":\"http:\/\/eautomobiliai.lt\/wp-content\/uploads\/2025\/06\/Mobilumo-revoliucija-Ivadas-i-elektromobiliu-dalijimosi-platformas-tvariai-ateiciai.jpg\",\"contentUrl\":\"http:\/\/eautomobiliai.lt\/wp-content\/uploads\/2025\/06\/Mobilumo-revoliucija-Ivadas-i-elektromobiliu-dalijimosi-platformas-tvariai-ateiciai.jpg\",\"width\":1344,\"height\":768},{\"@type\":\"BreadcrumbList\",\"@id\":\"http:\/\/eautomobiliai.lt\/index.php\/2025\/06\/10\/mobilumo-revoliucija-ivadas-i-elektromobiliu-dalijimosi-platformas-tvariai-ateiciai\/#breadcrumb\",\"itemListElement\":[{\"@type\":\"ListItem\",\"position\":1,\"name\":\"Home\",\"item\":\"https:\/\/eautomobiliai.lt\/\"},{\"@type\":\"ListItem\",\"position\":2,\"name\":\"Mobilumo revoliucija: \u012evadas \u012f elektromobili\u0173 dalijimosi platformas tvariai atei\u010diai\"}]},{\"@type\":\"WebSite\",\"@id\":\"https:\/\/eautomobiliai.lt\/#website\",\"url\":\"https:\/\/eautomobiliai.lt\/\",\"name\":\"Eautomobiliai.lt\",\"description\":\"Elektrinis transportas, technologijos\",\"potentialAction\":[{\"@type\":\"SearchAction\",\"target\":{\"@type\":\"EntryPoint\",\"urlTemplate\":\"https:\/\/eautomobiliai.lt\/?s={search_term_string}\"},\"query-input\":{\"@type\":\"PropertyValueSpecification\",\"valueRequired\":true,\"valueName\":\"search_term_string\"}}],\"inLanguage\":\"lt-LT\"},{\"@type\":\"Person\",\"@id\":\"https:\/\/eautomobiliai.lt\/#\/schema\/person\/ecf2a967f361217d056061f74deb92f2\",\"name\":\"admin\",\"image\":{\"@type\":\"ImageObject\",\"inLanguage\":\"lt-LT\",\"@id\":\"https:\/\/eautomobiliai.lt\/#\/schema\/person\/image\/\",\"url\":\"https:\/\/secure.gravatar.com\/avatar\/6323379efae0c70c686c7905444d6bbd?s=96&d=mm&r=g\",\"contentUrl\":\"https:\/\/secure.gravatar.com\/avatar\/6323379efae0c70c686c7905444d6bbd?s=96&d=mm&r=g\",\"caption\":\"admin\"},\"sameAs\":[\"http:\/\/eautomobiliai.lt\"],\"url\":\"http:\/\/eautomobiliai.lt\/index.php\/author\/admin\/\"}]}<\/script>\n<!-- \/ Yoast SEO plugin. -->","yoast_head_json":{"title":"Mobilumo revoliucija: \u012evadas \u012f elektromobili\u0173 dalijimosi platformas tvariai atei\u010diai - Eautomobiliai.lt","robots":{"index":"index","follow":"follow","max-snippet":"max-snippet:-1","max-image-preview":"max-image-preview:large","max-video-preview":"max-video-preview:-1"},"canonical":"http:\/\/eautomobiliai.lt\/index.php\/2025\/06\/10\/mobilumo-revoliucija-ivadas-i-elektromobiliu-dalijimosi-platformas-tvariai-ateiciai\/","og_locale":"lt_LT","og_type":"article","og_title":"Mobilumo revoliucija: \u012evadas \u012f elektromobili\u0173 dalijimosi platformas tvariai atei\u010diai - Eautomobiliai.lt","og_description":"Kai miestai susiduria su klimato kaitos, sp\u016bs\u010di\u0173 ir did\u0117jan\u010dios tvarios transporto paklausos i\u0161\u0161\u016bkiais, elektromobili\u0173 (EV) dalijimosi platformos atsirado kaip perspektyvus&hellip;","og_url":"http:\/\/eautomobiliai.lt\/index.php\/2025\/06\/10\/mobilumo-revoliucija-ivadas-i-elektromobiliu-dalijimosi-platformas-tvariai-ateiciai\/","og_site_name":"Eautomobiliai.lt","article_published_time":"2025-06-10T15:24:16+00:00","og_image":[{"width":1344,"height":768,"url":"http:\/\/eautomobiliai.lt\/wp-content\/uploads\/2025\/06\/Mobilumo-revoliucija-Ivadas-i-elektromobiliu-dalijimosi-platformas-tvariai-ateiciai.jpg","type":"image\/jpeg"}],"author":"admin","twitter_card":"summary_large_image","twitter_misc":{"Written by":"admin","Est. reading time":"4 minut\u0117s"},"schema":{"@context":"https:\/\/schema.org","@graph":[{"@type":"Article","@id":"http:\/\/eautomobiliai.lt\/index.php\/2025\/06\/10\/mobilumo-revoliucija-ivadas-i-elektromobiliu-dalijimosi-platformas-tvariai-ateiciai\/#article","isPartOf":{"@id":"http:\/\/eautomobiliai.lt\/index.php\/2025\/06\/10\/mobilumo-revoliucija-ivadas-i-elektromobiliu-dalijimosi-platformas-tvariai-ateiciai\/"},"author":{"name":"admin","@id":"https:\/\/eautomobiliai.lt\/#\/schema\/person\/ecf2a967f361217d056061f74deb92f2"},"headline":"Mobilumo revoliucija: \u012evadas \u012f elektromobili\u0173 dalijimosi platformas tvariai atei\u010diai","datePublished":"2025-06-10T15:24:16+00:00","mainEntityOfPage":{"@id":"http:\/\/eautomobiliai.lt\/index.php\/2025\/06\/10\/mobilumo-revoliucija-ivadas-i-elektromobiliu-dalijimosi-platformas-tvariai-ateiciai\/"},"wordCount":794,"commentCount":0,"image":{"@id":"http:\/\/eautomobiliai.lt\/index.php\/2025\/06\/10\/mobilumo-revoliucija-ivadas-i-elektromobiliu-dalijimosi-platformas-tvariai-ateiciai\/#primaryimage"},"thumbnailUrl":"http:\/\/eautomobiliai.lt\/wp-content\/uploads\/2025\/06\/Mobilumo-revoliucija-Ivadas-i-elektromobiliu-dalijimosi-platformas-tvariai-ateiciai.jpg","keywords":["atei\u010diai","dalijimosi","elektromobili\u0173","\u012evadas","mobilumo","platformas","revoliucija","tvariai"],"articleSection":["eAUTOMOBILI\u0172 TECHNIN\u0116 PUS\u0116"],"inLanguage":"lt-LT","potentialAction":[{"@type":"CommentAction","name":"Comment","target":["http:\/\/eautomobiliai.lt\/index.php\/2025\/06\/10\/mobilumo-revoliucija-ivadas-i-elektromobiliu-dalijimosi-platformas-tvariai-ateiciai\/#respond"]}]},{"@type":"WebPage","@id":"http:\/\/eautomobiliai.lt\/index.php\/2025\/06\/10\/mobilumo-revoliucija-ivadas-i-elektromobiliu-dalijimosi-platformas-tvariai-ateiciai\/","url":"http:\/\/eautomobiliai.lt\/index.php\/2025\/06\/10\/mobilumo-revoliucija-ivadas-i-elektromobiliu-dalijimosi-platformas-tvariai-ateiciai\/","name":"Mobilumo revoliucija: \u012evadas \u012f elektromobili\u0173 dalijimosi platformas tvariai atei\u010diai - Eautomobiliai.lt","isPartOf":{"@id":"https:\/\/eautomobiliai.lt\/#website"},"primaryImageOfPage":{"@id":"http:\/\/eautomobiliai.lt\/index.php\/2025\/06\/10\/mobilumo-revoliucija-ivadas-i-elektromobiliu-dalijimosi-platformas-tvariai-ateiciai\/#primaryimage"},"image":{"@id":"http:\/\/eautomobiliai.lt\/index.php\/2025\/06\/10\/mobilumo-revoliucija-ivadas-i-elektromobiliu-dalijimosi-platformas-tvariai-ateiciai\/#primaryimage"},"thumbnailUrl":"http:\/\/eautomobiliai.lt\/wp-content\/uploads\/2025\/06\/Mobilumo-revoliucija-Ivadas-i-elektromobiliu-dalijimosi-platformas-tvariai-ateiciai.jpg","datePublished":"2025-06-10T15:24:16+00:00","author":{"@id":"https:\/\/eautomobiliai.lt\/#\/schema\/person\/ecf2a967f361217d056061f74deb92f2"},"breadcrumb":{"@id":"http:\/\/eautomobiliai.lt\/index.php\/2025\/06\/10\/mobilumo-revoliucija-ivadas-i-elektromobiliu-dalijimosi-platformas-tvariai-ateiciai\/#breadcrumb"},"inLanguage":"lt-LT","potentialAction":[{"@type":"ReadAction","target":["http:\/\/eautomobiliai.lt\/index.php\/2025\/06\/10\/mobilumo-revoliucija-ivadas-i-elektromobiliu-dalijimosi-platformas-tvariai-ateiciai\/"]}]},{"@type":"ImageObject","inLanguage":"lt-LT","@id":"http:\/\/eautomobiliai.lt\/index.php\/2025\/06\/10\/mobilumo-revoliucija-ivadas-i-elektromobiliu-dalijimosi-platformas-tvariai-ateiciai\/#primaryimage","url":"http:\/\/eautomobiliai.lt\/wp-content\/uploads\/2025\/06\/Mobilumo-revoliucija-Ivadas-i-elektromobiliu-dalijimosi-platformas-tvariai-ateiciai.jpg","contentUrl":"http:\/\/eautomobiliai.lt\/wp-content\/uploads\/2025\/06\/Mobilumo-revoliucija-Ivadas-i-elektromobiliu-dalijimosi-platformas-tvariai-ateiciai.jpg","width":1344,"height":768},{"@type":"BreadcrumbList","@id":"http:\/\/eautomobiliai.lt\/index.php\/2025\/06\/10\/mobilumo-revoliucija-ivadas-i-elektromobiliu-dalijimosi-platformas-tvariai-ateiciai\/#breadcrumb","itemListElement":[{"@type":"ListItem","position":1,"name":"Home","item":"https:\/\/eautomobiliai.lt\/"},{"@type":"ListItem","position":2,"name":"Mobilumo revoliucija: \u012evadas \u012f elektromobili\u0173 dalijimosi platformas tvariai atei\u010diai"}]},{"@type":"WebSite","@id":"https:\/\/eautomobiliai.lt\/#website","url":"https:\/\/eautomobiliai.lt\/","name":"Eautomobiliai.lt","description":"Elektrinis transportas, technologijos","potentialAction":[{"@type":"SearchAction","target":{"@type":"EntryPoint","urlTemplate":"https:\/\/eautomobiliai.lt\/?s={search_term_string}"},"query-input":{"@type":"PropertyValueSpecification","valueRequired":true,"valueName":"search_term_string"}}],"inLanguage":"lt-LT"},{"@type":"Person","@id":"https:\/\/eautomobiliai.lt\/#\/schema\/person\/ecf2a967f361217d056061f74deb92f2","name":"admin","image":{"@type":"ImageObject","inLanguage":"lt-LT","@id":"https:\/\/eautomobiliai.lt\/#\/schema\/person\/image\/","url":"https:\/\/secure.gravatar.com\/avatar\/6323379efae0c70c686c7905444d6bbd?s=96&d=mm&r=g","contentUrl":"https:\/\/secure.gravatar.com\/avatar\/6323379efae0c70c686c7905444d6bbd?s=96&d=mm&r=g","caption":"admin"},"sameAs":["http:\/\/eautomobiliai.lt"],"url":"http:\/\/eautomobiliai.lt\/index.php\/author\/admin\/"}]}},"_links":{"self":[{"href":"http:\/\/eautomobiliai.lt\/index.php\/wp-json\/wp\/v2\/posts\/1125","targetHints":{"allow":["GET"]}}],"collection":[{"href":"http:\/\/eautomobiliai.lt\/index.php\/wp-json\/wp\/v2\/posts"}],"about":[{"href":"http:\/\/eautomobiliai.lt\/index.php\/wp-json\/wp\/v2\/types\/post"}],"author":[{"embeddable":true,"href":"http:\/\/eautomobiliai.lt\/index.php\/wp-json\/wp\/v2\/users\/1"}],"replies":[{"embeddable":true,"href":"http:\/\/eautomobiliai.lt\/index.php\/wp-json\/wp\/v2\/comments?post=1125"}],"version-history":[{"count":0,"href":"http:\/\/eautomobiliai.lt\/index.php\/wp-json\/wp\/v2\/posts\/1125\/revisions"}],"wp:featuredmedia":[{"embeddable":true,"href":"http:\/\/eautomobiliai.lt\/index.php\/wp-json\/wp\/v2\/media\/1126"}],"wp:attachment":[{"href":"http:\/\/eautomobiliai.lt\/index.php\/wp-json\/wp\/v2\/media?parent=1125"}],"wp:term":[{"taxonomy":"category","embeddable":true,"href":"http:\/\/eautomobiliai.lt\/index.php\/wp-json\/wp\/v2\/categories?post=1125"},{"taxonomy":"post_tag","embeddable":true,"href":"http:\/\/eautomobiliai.lt\/index.php\/wp-json\/wp\/v2\/tags?post=1125"}],"curies":[{"name":"wp","href":"https:\/\/api.w.org\/{rel}","templated":true}]}}