{"id":1150,"date":"2025-06-12T23:34:10","date_gmt":"2025-06-12T23:34:10","guid":{"rendered":"https:\/\/eautomobiliai.lt\/index.php\/2025\/06\/12\/mg-atskleidzia-busimos-premium-im5-ir-im6-evs-kainas-ir-jos-stebetinai-zemos\/"},"modified":"2025-06-12T23:34:10","modified_gmt":"2025-06-12T23:34:10","slug":"mg-atskleidzia-busimos-premium-im5-ir-im6-evs-kainas-ir-jos-stebetinai-zemos","status":"publish","type":"post","link":"http:\/\/eautomobiliai.lt\/index.php\/2025\/06\/12\/mg-atskleidzia-busimos-premium-im5-ir-im6-evs-kainas-ir-jos-stebetinai-zemos\/","title":{"rendered":"MG atskleid\u017eia b\u016bsimos \u201ePremium IM5\u201c ir \u201eIM6 EVS\u201c kainas &#8211; ir jos steb\u0117tinai \u017eemos"},"content":{"rendered":"<p> <br \/>\n<\/p>\n<div id=\"\">\n<p><span style=\"font-weight: 400;\">Baland\u017eio m\u0117n. MG prane\u0161\u0117, kad Melburno automobili\u0173 parodoje jis pristatys auk\u0161\u010diausios kokyb\u0117s elektrini\u0173 transporto priemoni\u0173 prek\u0117s \u017eenkl\u0105, pavadint\u0105 IM, su dviem elektriniais modeliais: \u201eIM5 Sedan\u201c ir \u201eIM6\u201c visureigiu. <\/span><\/p>\n<p><span style=\"font-weight: 400;\">Dabar prek\u0117s \u017eenklas pristat\u0117 abiej\u0173 modeli\u0173 kainodar\u0105, nustebindamas kai kuriuos, kurie tik\u0117josi, kad \u0161ios transporto priemon\u0117s atitiks auk\u0161\u010diausios kainos etiket\u0119.<\/span><\/p>\n<p><span style=\"font-weight: 400;\">Paleidus \u201eIM5\u201c, ir \u201eIM6\u201c pavaros kainos yra:<\/span><\/p>\n<ul>\n<li style=\"font-weight: 400;\"><span style=\"font-weight: 400;\">\u201eIM5 Premium\u201c ir \u201eIM6 Premium\u201c (75 kWh RWD) &#8211; 60 990 USD<\/span><\/li>\n<li style=\"font-weight: 400;\"><span style=\"font-weight: 400;\">\u201eIM5 Platinum\u201c ir \u201eIM6 Platinum\u201c (100 kWh RWD) &#8211; 69 990 USD<\/span><\/li>\n<li style=\"font-weight: 400;\"><span style=\"font-weight: 400;\">IM5 na\u0161umas ir IM6 na\u0161umas (100 kWh AWD) &#8211; 80 990 USD<\/span><\/li>\n<\/ul>\n<p><span style=\"font-weight: 400;\">Ant Mg <\/span><span style=\"font-weight: 400;\">konfig\u016bratorius<\/span><span style=\"font-weight: 400;\">dabartinis numatomas abiej\u0173 modeli\u0173 pristatymo laikas yra parodytas kaip 12 savai\u010di\u0173, o tai \u012fvertina v\u0117lyv\u0105j\u012f ketvirt\u012f arba ankstyv\u0105 Q4 pristatym\u0105 \u0161iais metais.<\/span><\/p>\n<p><span style=\"font-weight: 400;\">\u201eDabar mes d\u017eiaugiam\u0117s gal\u0117dami pristatyti\u201e MG Motor \u201c\u201e IM \u201cAustralijos rinkoje po s\u0117kmingos per\u017ei\u016bros baland\u017eio m\u0117n. Melburno automobili\u0173 parodoje\u201c, &#8211; teig\u0117 \u201eMG Motor Australia\u201c generalinis direktorius Peteris Ciao. <\/span><\/p>\n<p><span style=\"font-weight: 400;\">\u201eIM5 ir IM6\u201c pateiks novatori\u0161kiausius, AI \u012fkv\u0117ptas, pa\u017eangiausias funkcijas ir auk\u0161t\u0105 na\u0161um\u0105, skland\u017eiai susimai\u0161iusi su auk\u0161\u010diausios kokyb\u0117s dizainu ir interjero apdaila. <\/span><\/p>\n<p><span style=\"font-weight: 400;\">\u201eMes sveikiname b\u016bsimus savininkus, kad i\u0161 \u0161iandienos b\u016bt\u0173 rezervuoti naujos kartos elektrin\u012f mobilum\u0105\u201c.<\/span><\/p>\n<figure id=\"attachment_188373\" aria-describedby=\"caption-attachment-188373\" style=\"width: 1415px\" class=\"wp-caption aligncenter\"><img loading=\"lazy\" decoding=\"async\" class=\"size-full wp-image-188373\" src=\"https:\/\/thedriven.io\/wp-content\/uploads\/2025\/06\/MG-IM5-Configurator-June-2025.jpg\" alt=\"\" width=\"1415\" height=\"790\" srcset=\"https:\/\/thedriven.io\/wp-content\/uploads\/2025\/06\/MG-IM5-Configurator-June-2025.jpg 1415w, https:\/\/thedriven.io\/wp-content\/uploads\/2025\/06\/MG-IM5-Configurator-June-2025-388x217.jpg 388w, https:\/\/thedriven.io\/wp-content\/uploads\/2025\/06\/MG-IM5-Configurator-June-2025-1160x648.jpg 1160w, https:\/\/thedriven.io\/wp-content\/uploads\/2025\/06\/MG-IM5-Configurator-June-2025-800x447.jpg 800w, https:\/\/thedriven.io\/wp-content\/uploads\/2025\/06\/MG-IM5-Configurator-June-2025-120x67.jpg 120w, https:\/\/thedriven.io\/wp-content\/uploads\/2025\/06\/MG-IM5-Configurator-June-2025-90x50.jpg 90w, https:\/\/thedriven.io\/wp-content\/uploads\/2025\/06\/MG-IM5-Configurator-June-2025-320x179.jpg 320w, https:\/\/thedriven.io\/wp-content\/uploads\/2025\/06\/MG-IM5-Configurator-June-2025-560x313.jpg 560w, https:\/\/thedriven.io\/wp-content\/uploads\/2025\/06\/MG-IM5-Configurator-June-2025-150x84.jpg 150w, https:\/\/thedriven.io\/wp-content\/uploads\/2025\/06\/MG-IM5-Configurator-June-2025-240x134.jpg 240w, https:\/\/thedriven.io\/wp-content\/uploads\/2025\/06\/MG-IM5-Configurator-June-2025-180x100.jpg 180w, https:\/\/thedriven.io\/wp-content\/uploads\/2025\/06\/MG-IM5-Configurator-June-2025-640x357.jpg 640w, https:\/\/thedriven.io\/wp-content\/uploads\/2025\/06\/MG-IM5-Configurator-June-2025-1120x625.jpg 1120w, https:\/\/thedriven.io\/wp-content\/uploads\/2025\/06\/MG-IM5-Configurator-June-2025-300x167.jpg 300w\" sizes=\"auto, (max-width: 1160px) 100vw, 1160px\"\/><figcaption id=\"caption-attachment-188373\" class=\"wp-caption-text\">Vaizdas: MG Australija<\/figcaption><\/figure>\n<p><span style=\"font-weight: 400;\">\u017dvelgiant \u012f si\u016blomus pavara, tiek sedanas, tiek visureigis bus su vieno motoriniu RWD variantu arba dvigubo motoriniu AWD modeliu.<\/span><\/p>\n<p><span style=\"font-weight: 400;\">Kalbant apie baterijas, yra dvi parinktys, kuri\u0173 dauguma variant\u0173 yra didesn\u0117 100 kWh akumuliatoriaus pakuot\u0117. <\/span><\/p>\n<p><span style=\"font-weight: 400;\">\u201eIM\u201c modeliuose taip pat bus vienas pradinio lygio RWD variantas, turintis 75 kWh akumuliatoriaus pakuot\u0119, kuri suteikia 505 km NEDC diapazon\u0105 arba 490 km per WLTP cikl\u0105 IM5 sedane.<\/span><\/p>\n<p><span style=\"font-weight: 400;\">\u201eIM6\u201c \u0161ioje baterijoje WLTP cikle yra iki 450 km diapazono.<\/span><\/p>\n<p><span style=\"font-weight: 400;\">Didesni pakuot\u0117s tiekia didesn\u012f diapazon\u0105 abiejuose modeliuose. \u201eIM5\u201c &#8211; 575 km na\u0161umo variantui, o \u201ePlatinum\u201c gaunama iki 655 km WLTP diapazono.<\/span><\/p>\n<p><span style=\"font-weight: 400;\">30\u201380% \u012fkrovimo laikas yra toks pat trumpas, kaip ir \u0161iek tiek daugiau nei 15 minu\u010di\u0173 didesnei baterijai, o ma\u017eesn\u0117 baterija \u012fkrauna tiek per 20 minu\u010di\u0173.<\/span><\/p>\n<p><span style=\"font-weight: 400;\">\u0160ios baterijos tiekia RWD ir AWD j\u0117gos pavartus, kurie gali tiekti iki 572 kW galios \u201ePerformance AWD\u201c variantuose.<\/span><\/p>\n<figure id=\"attachment_186347\" aria-describedby=\"caption-attachment-186347\" style=\"width: 1200px\" class=\"wp-caption aligncenter\"><img decoding=\"async\" class=\"size-full wp-image-186347 native-lazyload-js-fallback\" alt=\"\" width=\"1200\" height=\"697\" loading=\"lazy\" src=\"https:\/\/b2232832.smushcdn.com\/2232832\/wp-content\/uploads\/2025\/03\/IM-L6-SUV-Front.jpg?lossy=1&amp;strip=0&amp;webp=1\" srcset=\"https:\/\/b2232832.smushcdn.com\/2232832\/wp-content\/uploads\/2025\/03\/IM-L6-SUV-Front.jpg?lossy=1&amp;strip=0&amp;webp=1 1200w, https:\/\/b2232832.smushcdn.com\/2232832\/wp-content\/uploads\/2025\/03\/IM-L6-SUV-Front-388x225.jpg?lossy=1&amp;strip=0&amp;webp=1 388w, https:\/\/b2232832.smushcdn.com\/2232832\/wp-content\/uploads\/2025\/03\/IM-L6-SUV-Front-1160x674.jpg?lossy=1&amp;strip=0&amp;webp=1 1160w, https:\/\/b2232832.smushcdn.com\/2232832\/wp-content\/uploads\/2025\/03\/IM-L6-SUV-Front-800x465.jpg?lossy=1&amp;strip=0&amp;webp=1 800w, https:\/\/b2232832.smushcdn.com\/2232832\/wp-content\/uploads\/2025\/03\/IM-L6-SUV-Front-120x70.jpg?lossy=1&amp;strip=0&amp;webp=1 120w, https:\/\/b2232832.smushcdn.com\/2232832\/wp-content\/uploads\/2025\/03\/IM-L6-SUV-Front-90x52.jpg?lossy=1&amp;strip=0&amp;webp=1 90w, https:\/\/b2232832.smushcdn.com\/2232832\/wp-content\/uploads\/2025\/03\/IM-L6-SUV-Front-320x186.jpg?lossy=1&amp;strip=0&amp;webp=1 320w, https:\/\/b2232832.smushcdn.com\/2232832\/wp-content\/uploads\/2025\/03\/IM-L6-SUV-Front-560x325.jpg?lossy=1&amp;strip=0&amp;webp=1 560w, https:\/\/b2232832.smushcdn.com\/2232832\/wp-content\/uploads\/2025\/03\/IM-L6-SUV-Front-150x87.jpg?lossy=1&amp;strip=0&amp;webp=1 150w, https:\/\/b2232832.smushcdn.com\/2232832\/wp-content\/uploads\/2025\/03\/IM-L6-SUV-Front-240x139.jpg?lossy=1&amp;strip=0&amp;webp=1 240w, https:\/\/b2232832.smushcdn.com\/2232832\/wp-content\/uploads\/2025\/03\/IM-L6-SUV-Front-180x105.jpg?lossy=1&amp;strip=0&amp;webp=1 180w, https:\/\/b2232832.smushcdn.com\/2232832\/wp-content\/uploads\/2025\/03\/IM-L6-SUV-Front-640x372.jpg?lossy=1&amp;strip=0&amp;webp=1 640w, https:\/\/b2232832.smushcdn.com\/2232832\/wp-content\/uploads\/2025\/03\/IM-L6-SUV-Front-1120x651.jpg?lossy=1&amp;strip=0&amp;webp=1 1120w, https:\/\/b2232832.smushcdn.com\/2232832\/wp-content\/uploads\/2025\/03\/IM-L6-SUV-Front-300x174.jpg?lossy=1&amp;strip=0&amp;webp=1 300w\" data-sizes=\"(max-width: 1160px) 100vw, 1160px\"\/><img loading=\"lazy\" decoding=\"async\" class=\"size-full wp-image-186347\" src=\"https:\/\/thedriven.io\/wp-content\/uploads\/2025\/03\/IM-L6-SUV-Front.jpg\" alt=\"\" width=\"1200\" height=\"697\" srcset=\"https:\/\/thedriven.io\/wp-content\/uploads\/2025\/03\/IM-L6-SUV-Front.jpg 1200w, https:\/\/thedriven.io\/wp-content\/uploads\/2025\/03\/IM-L6-SUV-Front-388x225.jpg 388w, https:\/\/thedriven.io\/wp-content\/uploads\/2025\/03\/IM-L6-SUV-Front-1160x674.jpg 1160w, https:\/\/thedriven.io\/wp-content\/uploads\/2025\/03\/IM-L6-SUV-Front-800x465.jpg 800w, https:\/\/thedriven.io\/wp-content\/uploads\/2025\/03\/IM-L6-SUV-Front-120x70.jpg 120w, https:\/\/thedriven.io\/wp-content\/uploads\/2025\/03\/IM-L6-SUV-Front-90x52.jpg 90w, https:\/\/thedriven.io\/wp-content\/uploads\/2025\/03\/IM-L6-SUV-Front-320x186.jpg 320w, https:\/\/thedriven.io\/wp-content\/uploads\/2025\/03\/IM-L6-SUV-Front-560x325.jpg 560w, https:\/\/thedriven.io\/wp-content\/uploads\/2025\/03\/IM-L6-SUV-Front-150x87.jpg 150w, https:\/\/thedriven.io\/wp-content\/uploads\/2025\/03\/IM-L6-SUV-Front-240x139.jpg 240w, https:\/\/thedriven.io\/wp-content\/uploads\/2025\/03\/IM-L6-SUV-Front-180x105.jpg 180w, https:\/\/thedriven.io\/wp-content\/uploads\/2025\/03\/IM-L6-SUV-Front-640x372.jpg 640w, https:\/\/thedriven.io\/wp-content\/uploads\/2025\/03\/IM-L6-SUV-Front-1120x651.jpg 1120w, https:\/\/thedriven.io\/wp-content\/uploads\/2025\/03\/IM-L6-SUV-Front-300x174.jpg 300w\" sizes=\"auto, (max-width: 1160px) 100vw, 1160px\"\/><figcaption id=\"caption-attachment-186347\" class=\"wp-caption-text\">Vaizdas: IM pateik\u0117 Mg variklis<\/figcaption><\/figure>\n<p>\u0160ie auk\u0161\u010diausio lygio automobiliai gali \u012fsib\u0117g\u0117ti nuo 0\u2013100 km\/h tik per 3,48 sekund\u0117s \u201eL6\u201c visureigiui, o sedanas \u012feina per 3,2 sekund\u0117s p\u016bsl\u0119, tod\u0117l jis yra vienas grei\u010diausi\u0173 sedan\u0173 rinkoje.<\/p>\n<p><span style=\"font-weight: 400;\">Abu \u012f technologijas orientuotus modelius rinkoje nusileis keletas unikali\u0173 funkcij\u0173, \u012fskaitant keturi\u0173 rat\u0173 vairavimo sistem\u0105, padedan\u010di\u0105 suma\u017einti vidutinio dyd\u017eio automobili\u0173 sukimo spindul\u012f \u012f vien\u0105 i\u0161 daug ma\u017eesni\u0173 automobili\u0173, toki\u0173 kaip he\u010dbekai.<\/span><\/p>\n<p><span style=\"font-weight: 400;\">Be to, jose yra kitos intelektualios vairavimo funkcijos, nerastos jokiuose vietiniuose modeliuose, \u012fskaitant \u201eVieno jutiklinio atvirk\u0161tinis\u201c. Tai padeda nukreipti vairuotojus i\u0161 sud\u0117ting\u0173 viet\u0173, perkeliant paskutinius 100 metr\u0173. <\/span><\/p>\n<p><span style=\"font-weight: 400;\">Taip pat yra keletas intelektuali\u0173 automobili\u0173 stov\u0117jimo funkcij\u0173, skirt\u0173 palengvinti vis\u0173 vairuotoj\u0173 automobili\u0173 stov\u0117jimo aik\u0161tel\u0119.<\/span><\/p>\n<p><span style=\"font-weight: 400;\">Abu modelius bus galima \u012fsigyti v\u0117liau \u0161iais metais su auk\u0161\u010diausios kokyb\u0117s apdaila ir dideliu 26,3 colio ekranu, taip pat antriniu 10,5 colio ekranu.<\/span><\/p>\n<figure id=\"attachment_184142\" aria-describedby=\"caption-attachment-184142\" style=\"width: 1200px\" class=\"wp-caption aligncenter\"><img decoding=\"async\" class=\"size-full wp-image-184142 native-lazyload-js-fallback\" alt=\"\" width=\"1200\" height=\"900\" loading=\"lazy\" src=\"https:\/\/b2232832.smushcdn.com\/2232832\/wp-content\/uploads\/2024\/12\/IM-L6-Side.jpg?lossy=1&amp;strip=0&amp;webp=1\" srcset=\"https:\/\/b2232832.smushcdn.com\/2232832\/wp-content\/uploads\/2024\/12\/IM-L6-Side.jpg?lossy=1&amp;strip=0&amp;webp=1 1200w, https:\/\/b2232832.smushcdn.com\/2232832\/wp-content\/uploads\/2024\/12\/IM-L6-Side-388x291.jpg?lossy=1&amp;strip=0&amp;webp=1 388w, https:\/\/b2232832.smushcdn.com\/2232832\/wp-content\/uploads\/2024\/12\/IM-L6-Side-1160x870.jpg?lossy=1&amp;strip=0&amp;webp=1 1160w, https:\/\/b2232832.smushcdn.com\/2232832\/wp-content\/uploads\/2024\/12\/IM-L6-Side-380x285.jpg?lossy=1&amp;strip=0&amp;webp=1 380w, https:\/\/b2232832.smushcdn.com\/2232832\/wp-content\/uploads\/2024\/12\/IM-L6-Side-800x600.jpg?lossy=1&amp;strip=0&amp;webp=1 800w, https:\/\/b2232832.smushcdn.com\/2232832\/wp-content\/uploads\/2024\/12\/IM-L6-Side-300x225.jpg?lossy=1&amp;strip=0&amp;webp=1 300w, https:\/\/b2232832.smushcdn.com\/2232832\/wp-content\/uploads\/2024\/12\/IM-L6-Side-120x90.jpg?lossy=1&amp;strip=0&amp;webp=1 120w, https:\/\/b2232832.smushcdn.com\/2232832\/wp-content\/uploads\/2024\/12\/IM-L6-Side-90x68.jpg?lossy=1&amp;strip=0&amp;webp=1 90w, https:\/\/b2232832.smushcdn.com\/2232832\/wp-content\/uploads\/2024\/12\/IM-L6-Side-320x240.jpg?lossy=1&amp;strip=0&amp;webp=1 320w, https:\/\/b2232832.smushcdn.com\/2232832\/wp-content\/uploads\/2024\/12\/IM-L6-Side-560x420.jpg?lossy=1&amp;strip=0&amp;webp=1 560w, https:\/\/b2232832.smushcdn.com\/2232832\/wp-content\/uploads\/2024\/12\/IM-L6-Side-150x113.jpg?lossy=1&amp;strip=0&amp;webp=1 150w, https:\/\/b2232832.smushcdn.com\/2232832\/wp-content\/uploads\/2024\/12\/IM-L6-Side-760x570.jpg?lossy=1&amp;strip=0&amp;webp=1 760w, https:\/\/b2232832.smushcdn.com\/2232832\/wp-content\/uploads\/2024\/12\/IM-L6-Side-600x450.jpg?lossy=1&amp;strip=0&amp;webp=1 600w, https:\/\/b2232832.smushcdn.com\/2232832\/wp-content\/uploads\/2024\/12\/IM-L6-Side-240x180.jpg?lossy=1&amp;strip=0&amp;webp=1 240w, https:\/\/b2232832.smushcdn.com\/2232832\/wp-content\/uploads\/2024\/12\/IM-L6-Side-180x136.jpg?lossy=1&amp;strip=0&amp;webp=1 180w, https:\/\/b2232832.smushcdn.com\/2232832\/wp-content\/uploads\/2024\/12\/IM-L6-Side-640x480.jpg?lossy=1&amp;strip=0&amp;webp=1 640w, https:\/\/b2232832.smushcdn.com\/2232832\/wp-content\/uploads\/2024\/12\/IM-L6-Side-1120x840.jpg?lossy=1&amp;strip=0&amp;webp=1 1120w\" data-sizes=\"(max-width: 1160px) 100vw, 1160px\"\/><img loading=\"lazy\" decoding=\"async\" class=\"size-full wp-image-184142\" src=\"https:\/\/thedriven.io\/wp-content\/uploads\/2024\/12\/IM-L6-Side.jpg\" alt=\"\" width=\"1200\" height=\"900\" srcset=\"https:\/\/thedriven.io\/wp-content\/uploads\/2024\/12\/IM-L6-Side.jpg 1200w, https:\/\/thedriven.io\/wp-content\/uploads\/2024\/12\/IM-L6-Side-388x291.jpg 388w, https:\/\/thedriven.io\/wp-content\/uploads\/2024\/12\/IM-L6-Side-1160x870.jpg 1160w, https:\/\/thedriven.io\/wp-content\/uploads\/2024\/12\/IM-L6-Side-380x285.jpg 380w, https:\/\/thedriven.io\/wp-content\/uploads\/2024\/12\/IM-L6-Side-800x600.jpg 800w, https:\/\/thedriven.io\/wp-content\/uploads\/2024\/12\/IM-L6-Side-300x225.jpg 300w, https:\/\/thedriven.io\/wp-content\/uploads\/2024\/12\/IM-L6-Side-120x90.jpg 120w, https:\/\/thedriven.io\/wp-content\/uploads\/2024\/12\/IM-L6-Side-90x68.jpg 90w, https:\/\/thedriven.io\/wp-content\/uploads\/2024\/12\/IM-L6-Side-320x240.jpg 320w, https:\/\/thedriven.io\/wp-content\/uploads\/2024\/12\/IM-L6-Side-560x420.jpg 560w, https:\/\/thedriven.io\/wp-content\/uploads\/2024\/12\/IM-L6-Side-150x113.jpg 150w, https:\/\/thedriven.io\/wp-content\/uploads\/2024\/12\/IM-L6-Side-760x570.jpg 760w, https:\/\/thedriven.io\/wp-content\/uploads\/2024\/12\/IM-L6-Side-600x450.jpg 600w, https:\/\/thedriven.io\/wp-content\/uploads\/2024\/12\/IM-L6-Side-240x180.jpg 240w, https:\/\/thedriven.io\/wp-content\/uploads\/2024\/12\/IM-L6-Side-180x136.jpg 180w, https:\/\/thedriven.io\/wp-content\/uploads\/2024\/12\/IM-L6-Side-640x480.jpg 640w, https:\/\/thedriven.io\/wp-content\/uploads\/2024\/12\/IM-L6-Side-1120x840.jpg 1120w\" sizes=\"auto, (max-width: 1160px) 100vw, 1160px\"\/><figcaption id=\"caption-attachment-184142\" class=\"wp-caption-text\">Vaizdas: im<\/figcaption><\/figure>\n<p><span style=\"font-weight: 400;\">Kalbant apie auk\u0161\u010diausios kokyb\u0117s gars\u0105, 20 garsiakalbi\u0173, strategi\u0161kai i\u0161d\u0117styt\u0173 aplink salon\u0105, pristato auk\u0161tos kokyb\u0117s akustik\u0105. <\/span><\/p>\n<p><span style=\"font-weight: 400;\">Visoje serijoje bus si\u016blomos dvi interjero parinktys ir penkios i\u0161orin\u0117s da\u017e\u0173 spalvos &#8211; \u201eDover Beige\u201c ir \u201eHighland Gray\u201c.<\/span><\/p>\n<p><span style=\"font-weight: 400;\">Abu automobiliai turi septyneri\u0173 met\u0173 garantij\u0105, kai jie aptarnauti IM atstov\u0173 tinkle visoje \u0161alyje.<\/span><\/p>\n<p><span style=\"font-weight: 400;\">Tikimasi, kad ateinan\u010diais m\u0117nesiais jie atvyks pas prekiautojus, ir mes tikim\u0117s, kad jie pateks \u012f j\u0173 vair\u0105, kad pamatytume, kaip MG stumti \u012f auk\u0161\u010diausios kokyb\u0117s EV rink\u0105 m\u016bs\u0173 vietiniuose keliuose.<\/span><\/p>\n<p><span style=\"font-weight: 400;\">Vienas dalykas yra tikras: a\u0161tri\u0173 \u0161i\u0173 technologij\u0173 pagr\u012fst\u0173 \u201epremium\u201c modeli\u0173 kainodara tikrai atne\u0161 nauj\u0173 klient\u0173 prek\u0117s \u017eenklui ir EV.<\/span><\/p>\n<h3><strong>IM5 ir IM6 variant\u0173 specifikacijos<\/strong><\/h3>\n<p><strong>IM5 tada<\/strong><\/p>\n<p><img decoding=\"async\" class=\"aligncenter size-full wp-image-188374 native-lazyload-js-fallback\" alt=\"\" width=\"1221\" height=\"789\" loading=\"lazy\" src=\"https:\/\/b2232832.smushcdn.com\/2232832\/wp-content\/uploads\/2025\/06\/IM5-Specs-June-2025.jpg?lossy=1&amp;strip=0&amp;webp=1\" srcset=\"https:\/\/b2232832.smushcdn.com\/2232832\/wp-content\/uploads\/2025\/06\/IM5-Specs-June-2025.jpg?lossy=1&amp;strip=0&amp;webp=1 1221w, https:\/\/b2232832.smushcdn.com\/2232832\/wp-content\/uploads\/2025\/06\/IM5-Specs-June-2025-388x251.jpg?lossy=1&amp;strip=0&amp;webp=1 388w, https:\/\/b2232832.smushcdn.com\/2232832\/wp-content\/uploads\/2025\/06\/IM5-Specs-June-2025-1160x750.jpg?lossy=1&amp;strip=0&amp;webp=1 1160w, https:\/\/b2232832.smushcdn.com\/2232832\/wp-content\/uploads\/2025\/06\/IM5-Specs-June-2025-800x517.jpg?lossy=1&amp;strip=0&amp;webp=1 800w, https:\/\/b2232832.smushcdn.com\/2232832\/wp-content\/uploads\/2025\/06\/IM5-Specs-June-2025-120x78.jpg?lossy=1&amp;strip=0&amp;webp=1 120w, https:\/\/b2232832.smushcdn.com\/2232832\/wp-content\/uploads\/2025\/06\/IM5-Specs-June-2025-90x58.jpg?lossy=1&amp;strip=0&amp;webp=1 90w, https:\/\/b2232832.smushcdn.com\/2232832\/wp-content\/uploads\/2025\/06\/IM5-Specs-June-2025-320x207.jpg?lossy=1&amp;strip=0&amp;webp=1 320w, https:\/\/b2232832.smushcdn.com\/2232832\/wp-content\/uploads\/2025\/06\/IM5-Specs-June-2025-560x362.jpg?lossy=1&amp;strip=0&amp;webp=1 560w, https:\/\/b2232832.smushcdn.com\/2232832\/wp-content\/uploads\/2025\/06\/IM5-Specs-June-2025-150x97.jpg?lossy=1&amp;strip=0&amp;webp=1 150w, https:\/\/b2232832.smushcdn.com\/2232832\/wp-content\/uploads\/2025\/06\/IM5-Specs-June-2025-240x155.jpg?lossy=1&amp;strip=0&amp;webp=1 240w, https:\/\/b2232832.smushcdn.com\/2232832\/wp-content\/uploads\/2025\/06\/IM5-Specs-June-2025-180x116.jpg?lossy=1&amp;strip=0&amp;webp=1 180w, https:\/\/b2232832.smushcdn.com\/2232832\/wp-content\/uploads\/2025\/06\/IM5-Specs-June-2025-640x414.jpg?lossy=1&amp;strip=0&amp;webp=1 640w, https:\/\/b2232832.smushcdn.com\/2232832\/wp-content\/uploads\/2025\/06\/IM5-Specs-June-2025-1120x724.jpg?lossy=1&amp;strip=0&amp;webp=1 1120w, https:\/\/b2232832.smushcdn.com\/2232832\/wp-content\/uploads\/2025\/06\/IM5-Specs-June-2025-300x194.jpg?lossy=1&amp;strip=0&amp;webp=1 300w\" data-sizes=\"(max-width: 1160px) 100vw, 1160px\"\/><img loading=\"lazy\" decoding=\"async\" class=\"aligncenter size-full wp-image-188374\" src=\"https:\/\/thedriven.io\/wp-content\/uploads\/2025\/06\/IM5-Specs-June-2025.jpg\" alt=\"\" width=\"1221\" height=\"789\" srcset=\"https:\/\/thedriven.io\/wp-content\/uploads\/2025\/06\/IM5-Specs-June-2025.jpg 1221w, https:\/\/thedriven.io\/wp-content\/uploads\/2025\/06\/IM5-Specs-June-2025-388x251.jpg 388w, https:\/\/thedriven.io\/wp-content\/uploads\/2025\/06\/IM5-Specs-June-2025-1160x750.jpg 1160w, https:\/\/thedriven.io\/wp-content\/uploads\/2025\/06\/IM5-Specs-June-2025-800x517.jpg 800w, https:\/\/thedriven.io\/wp-content\/uploads\/2025\/06\/IM5-Specs-June-2025-120x78.jpg 120w, https:\/\/thedriven.io\/wp-content\/uploads\/2025\/06\/IM5-Specs-June-2025-90x58.jpg 90w, https:\/\/thedriven.io\/wp-content\/uploads\/2025\/06\/IM5-Specs-June-2025-320x207.jpg 320w, https:\/\/thedriven.io\/wp-content\/uploads\/2025\/06\/IM5-Specs-June-2025-560x362.jpg 560w, https:\/\/thedriven.io\/wp-content\/uploads\/2025\/06\/IM5-Specs-June-2025-150x97.jpg 150w, https:\/\/thedriven.io\/wp-content\/uploads\/2025\/06\/IM5-Specs-June-2025-240x155.jpg 240w, https:\/\/thedriven.io\/wp-content\/uploads\/2025\/06\/IM5-Specs-June-2025-180x116.jpg 180w, https:\/\/thedriven.io\/wp-content\/uploads\/2025\/06\/IM5-Specs-June-2025-640x414.jpg 640w, https:\/\/thedriven.io\/wp-content\/uploads\/2025\/06\/IM5-Specs-June-2025-1120x724.jpg 1120w, https:\/\/thedriven.io\/wp-content\/uploads\/2025\/06\/IM5-Specs-June-2025-300x194.jpg 300w\" sizes=\"auto, (max-width: 1160px) 100vw, 1160px\"\/><\/p>\n<\/p>\n<p><strong>IM6 visureigis<\/strong><\/p>\n<figure id=\"attachment_188375\" aria-describedby=\"caption-attachment-188375\" style=\"width: 1166px\" class=\"wp-caption aligncenter\"><img decoding=\"async\" class=\"size-full wp-image-188375 native-lazyload-js-fallback\" alt=\"\" width=\"1166\" height=\"777\" loading=\"lazy\" src=\"https:\/\/b2232832.smushcdn.com\/2232832\/wp-content\/uploads\/2025\/06\/IM6-Specs-June-2025.jpg?lossy=1&amp;strip=0&amp;webp=1\" srcset=\"https:\/\/b2232832.smushcdn.com\/2232832\/wp-content\/uploads\/2025\/06\/IM6-Specs-June-2025.jpg?lossy=1&amp;strip=0&amp;webp=1 1166w, https:\/\/b2232832.smushcdn.com\/2232832\/wp-content\/uploads\/2025\/06\/IM6-Specs-June-2025-388x259.jpg?lossy=1&amp;strip=0&amp;webp=1 388w, https:\/\/b2232832.smushcdn.com\/2232832\/wp-content\/uploads\/2025\/06\/IM6-Specs-June-2025-1160x773.jpg?lossy=1&amp;strip=0&amp;webp=1 1160w, https:\/\/b2232832.smushcdn.com\/2232832\/wp-content\/uploads\/2025\/06\/IM6-Specs-June-2025-800x533.jpg?lossy=1&amp;strip=0&amp;webp=1 800w, https:\/\/b2232832.smushcdn.com\/2232832\/wp-content\/uploads\/2025\/06\/IM6-Specs-June-2025-120x80.jpg?lossy=1&amp;strip=0&amp;webp=1 120w, https:\/\/b2232832.smushcdn.com\/2232832\/wp-content\/uploads\/2025\/06\/IM6-Specs-June-2025-90x60.jpg?lossy=1&amp;strip=0&amp;webp=1 90w, https:\/\/b2232832.smushcdn.com\/2232832\/wp-content\/uploads\/2025\/06\/IM6-Specs-June-2025-320x213.jpg?lossy=1&amp;strip=0&amp;webp=1 320w, https:\/\/b2232832.smushcdn.com\/2232832\/wp-content\/uploads\/2025\/06\/IM6-Specs-June-2025-560x373.jpg?lossy=1&amp;strip=0&amp;webp=1 560w, https:\/\/b2232832.smushcdn.com\/2232832\/wp-content\/uploads\/2025\/06\/IM6-Specs-June-2025-150x100.jpg?lossy=1&amp;strip=0&amp;webp=1 150w, https:\/\/b2232832.smushcdn.com\/2232832\/wp-content\/uploads\/2025\/06\/IM6-Specs-June-2025-240x160.jpg?lossy=1&amp;strip=0&amp;webp=1 240w, https:\/\/b2232832.smushcdn.com\/2232832\/wp-content\/uploads\/2025\/06\/IM6-Specs-June-2025-180x120.jpg?lossy=1&amp;strip=0&amp;webp=1 180w, https:\/\/b2232832.smushcdn.com\/2232832\/wp-content\/uploads\/2025\/06\/IM6-Specs-June-2025-640x426.jpg?lossy=1&amp;strip=0&amp;webp=1 640w, https:\/\/b2232832.smushcdn.com\/2232832\/wp-content\/uploads\/2025\/06\/IM6-Specs-June-2025-1120x746.jpg?lossy=1&amp;strip=0&amp;webp=1 1120w, https:\/\/b2232832.smushcdn.com\/2232832\/wp-content\/uploads\/2025\/06\/IM6-Specs-June-2025-300x200.jpg?lossy=1&amp;strip=0&amp;webp=1 300w\" data-sizes=\"(max-width: 1160px) 100vw, 1160px\"\/><img loading=\"lazy\" decoding=\"async\" class=\"size-full wp-image-188375\" src=\"https:\/\/thedriven.io\/wp-content\/uploads\/2025\/06\/IM6-Specs-June-2025.jpg\" alt=\"\" width=\"1166\" height=\"777\" srcset=\"https:\/\/thedriven.io\/wp-content\/uploads\/2025\/06\/IM6-Specs-June-2025.jpg 1166w, https:\/\/thedriven.io\/wp-content\/uploads\/2025\/06\/IM6-Specs-June-2025-388x259.jpg 388w, https:\/\/thedriven.io\/wp-content\/uploads\/2025\/06\/IM6-Specs-June-2025-1160x773.jpg 1160w, https:\/\/thedriven.io\/wp-content\/uploads\/2025\/06\/IM6-Specs-June-2025-800x533.jpg 800w, https:\/\/thedriven.io\/wp-content\/uploads\/2025\/06\/IM6-Specs-June-2025-120x80.jpg 120w, https:\/\/thedriven.io\/wp-content\/uploads\/2025\/06\/IM6-Specs-June-2025-90x60.jpg 90w, https:\/\/thedriven.io\/wp-content\/uploads\/2025\/06\/IM6-Specs-June-2025-320x213.jpg 320w, https:\/\/thedriven.io\/wp-content\/uploads\/2025\/06\/IM6-Specs-June-2025-560x373.jpg 560w, https:\/\/thedriven.io\/wp-content\/uploads\/2025\/06\/IM6-Specs-June-2025-150x100.jpg 150w, https:\/\/thedriven.io\/wp-content\/uploads\/2025\/06\/IM6-Specs-June-2025-240x160.jpg 240w, https:\/\/thedriven.io\/wp-content\/uploads\/2025\/06\/IM6-Specs-June-2025-180x120.jpg 180w, https:\/\/thedriven.io\/wp-content\/uploads\/2025\/06\/IM6-Specs-June-2025-640x426.jpg 640w, https:\/\/thedriven.io\/wp-content\/uploads\/2025\/06\/IM6-Specs-June-2025-1120x746.jpg 1120w, https:\/\/thedriven.io\/wp-content\/uploads\/2025\/06\/IM6-Specs-June-2025-300x200.jpg 300w\" sizes=\"auto, (max-width: 1160px) 100vw, 1160px\"\/><figcaption id=\"caption-attachment-188375\" class=\"wp-caption-text\">Vaizdas: MG Australija<\/figcaption><\/figure>\n<div class=\"saboxplugin-wrap\" itemtype=\"http:\/\/schema.org\/Person\" itemscope=\"\" itemprop=\"author\">\n<div class=\"saboxplugin-tab\">\n<div class=\"saboxplugin-gravatar\"><img decoding=\"async\" width=\"100\" height=\"100\" alt=\"Rizas Akhtar\" itemprop=\"image\" loading=\"lazy\" class=\"native-lazyload-js-fallback\" src=\"https:\/\/b2232832.smushcdn.com\/2232832\/wp-content\/uploads\/2022\/02\/Riz.jpg?lossy=1&amp;strip=0&amp;webp=1\"\/><img loading=\"lazy\" decoding=\"async\" src=\"https:\/\/thedriven.io\/wp-content\/uploads\/2022\/02\/Riz.jpg\" width=\"100\" height=\"100\" alt=\"Rizas Akhtar\" itemprop=\"image\"\/><\/div>\n<div class=\"saboxplugin-desc\">\n<div itemprop=\"description\">\n<p>RIZ yra \u201eCarloop\u201c \u012fk\u016br\u0117jas, \u012fsik\u016br\u0119s Melburne, specializuojasi Australijos EV duomenyse, \u012f\u017evalgos ataskaitose ir tendencijose. Jis yra mechanikos in\u017einierius, prie\u0161 pradedant \u201eCarloop\u201c pirmuosius 7 savo karjeros statybos transporto infrastrukt\u016bros metus. Jis turi aistr\u0105 automobiliams, ypa\u010d EV ir nori pad\u0117ti suma\u017einti transporto i\u0161metim\u0105 Australijoje. \u0160iuo metu jis vairuoja \u201eRed Tesla\u201c model\u012f 3.<\/p>\n<\/div>\n<\/div>\n<\/div>\n<\/div>\n<p><!-- AI CONTENT END 1 --><\/p><\/div>\n<p><br \/>\n<br \/><a href=\"https:\/\/thedriven.io\/2025\/06\/12\/mg-reveals-prices-on-upcoming-premium-im5-and-im6-evs-and-theyre-surprisingly-low\/\">Source link <\/a><\/p>\n","protected":false},"excerpt":{"rendered":"<p>Baland\u017eio m\u0117n. MG prane\u0161\u0117, kad Melburno automobili\u0173 parodoje jis pristatys auk\u0161\u010diausios kokyb\u0117s elektrini\u0173 transporto priemoni\u0173 prek\u0117s \u017eenkl\u0105, pavadint\u0105 IM, su&hellip;<\/p>\n","protected":false},"author":1,"featured_media":1151,"comment_status":"open","ping_status":"open","sticky":false,"template":"","format":"standard","meta":{"om_disable_all_campaigns":false,"_monsterinsights_skip_tracking":false,"_monsterinsights_sitenote_active":false,"_monsterinsights_sitenote_note":"","_monsterinsights_sitenote_category":0,"footnotes":""},"categories":[39],"tags":[319,2372,369,1039,1040,686,1374,722,2373,2374],"class_list":["post-1150","post","type-post","status-publish","format-standard","has-post-thumbnail","hentry","category-eautomobiliu-technine-puse","tag-atskleidzia","tag-busimos","tag-evs","tag-im5","tag-im6","tag-jos","tag-kainas","tag-premium","tag-stebetinai","tag-zemos"],"aioseo_notices":[],"yoast_head":"<!-- This site is optimized with the Yoast SEO plugin v26.8 - https:\/\/yoast.com\/product\/yoast-seo-wordpress\/ -->\n<title>MG atskleid\u017eia b\u016bsimos \u201ePremium IM5\u201c ir \u201eIM6 EVS\u201c kainas - ir jos steb\u0117tinai \u017eemos - Eautomobiliai.lt<\/title>\n<meta name=\"robots\" content=\"index, follow, max-snippet:-1, max-image-preview:large, max-video-preview:-1\" \/>\n<link rel=\"canonical\" href=\"https:\/\/eautomobiliai.lt\/index.php\/2025\/06\/12\/mg-atskleidzia-busimos-premium-im5-ir-im6-evs-kainas-ir-jos-stebetinai-zemos\/\" \/>\n<meta property=\"og:locale\" content=\"lt_LT\" \/>\n<meta property=\"og:type\" content=\"article\" \/>\n<meta property=\"og:title\" content=\"MG atskleid\u017eia b\u016bsimos \u201ePremium IM5\u201c ir \u201eIM6 EVS\u201c kainas - ir jos steb\u0117tinai \u017eemos - Eautomobiliai.lt\" \/>\n<meta property=\"og:description\" content=\"Baland\u017eio m\u0117n. MG prane\u0161\u0117, kad Melburno automobili\u0173 parodoje jis pristatys auk\u0161\u010diausios kokyb\u0117s elektrini\u0173 transporto priemoni\u0173 prek\u0117s \u017eenkl\u0105, pavadint\u0105 IM, su&hellip;\" \/>\n<meta property=\"og:url\" content=\"https:\/\/eautomobiliai.lt\/index.php\/2025\/06\/12\/mg-atskleidzia-busimos-premium-im5-ir-im6-evs-kainas-ir-jos-stebetinai-zemos\/\" \/>\n<meta property=\"og:site_name\" content=\"Eautomobiliai.lt\" \/>\n<meta property=\"article:published_time\" content=\"2025-06-12T23:34:10+00:00\" \/>\n<meta property=\"og:image\" content=\"https:\/\/eautomobiliai.lt\/wp-content\/uploads\/2025\/06\/MG-atskleidzia-busimos-\u201ePremium-IM5-ir-\u201eIM6-EVS-kainas.jpg\" \/>\n\t<meta property=\"og:image:width\" content=\"1200\" \/>\n\t<meta property=\"og:image:height\" content=\"900\" \/>\n\t<meta property=\"og:image:type\" content=\"image\/jpeg\" \/>\n<meta name=\"author\" content=\"admin\" \/>\n<meta name=\"twitter:card\" content=\"summary_large_image\" \/>\n<meta name=\"twitter:label1\" content=\"Written by\" \/>\n\t<meta name=\"twitter:data1\" content=\"admin\" \/>\n\t<meta name=\"twitter:label2\" content=\"Est. reading time\" \/>\n\t<meta name=\"twitter:data2\" content=\"3 minut\u0117s\" \/>\n<script type=\"application\/ld+json\" class=\"yoast-schema-graph\">{\"@context\":\"https:\/\/schema.org\",\"@graph\":[{\"@type\":\"Article\",\"@id\":\"https:\/\/eautomobiliai.lt\/index.php\/2025\/06\/12\/mg-atskleidzia-busimos-premium-im5-ir-im6-evs-kainas-ir-jos-stebetinai-zemos\/#article\",\"isPartOf\":{\"@id\":\"https:\/\/eautomobiliai.lt\/index.php\/2025\/06\/12\/mg-atskleidzia-busimos-premium-im5-ir-im6-evs-kainas-ir-jos-stebetinai-zemos\/\"},\"author\":{\"name\":\"admin\",\"@id\":\"https:\/\/eautomobiliai.lt\/#\/schema\/person\/ecf2a967f361217d056061f74deb92f2\"},\"headline\":\"MG atskleid\u017eia b\u016bsimos \u201ePremium IM5\u201c ir \u201eIM6 EVS\u201c kainas &#8211; ir jos steb\u0117tinai \u017eemos\",\"datePublished\":\"2025-06-12T23:34:10+00:00\",\"mainEntityOfPage\":{\"@id\":\"https:\/\/eautomobiliai.lt\/index.php\/2025\/06\/12\/mg-atskleidzia-busimos-premium-im5-ir-im6-evs-kainas-ir-jos-stebetinai-zemos\/\"},\"wordCount\":684,\"commentCount\":0,\"image\":{\"@id\":\"https:\/\/eautomobiliai.lt\/index.php\/2025\/06\/12\/mg-atskleidzia-busimos-premium-im5-ir-im6-evs-kainas-ir-jos-stebetinai-zemos\/#primaryimage\"},\"thumbnailUrl\":\"http:\/\/eautomobiliai.lt\/wp-content\/uploads\/2025\/06\/MG-atskleidzia-busimos-\u201ePremium-IM5-ir-\u201eIM6-EVS-kainas.jpg\",\"keywords\":[\"atskleid\u017eia\",\"b\u016bsimos\",\"EVS\",\"IM5\",\"IM6\",\"jos\",\"kainas\",\"Premium\",\"steb\u0117tinai\",\"\u017eemos\"],\"articleSection\":[\"eAUTOMOBILI\u0172 TECHNIN\u0116 PUS\u0116\"],\"inLanguage\":\"lt-LT\",\"potentialAction\":[{\"@type\":\"CommentAction\",\"name\":\"Comment\",\"target\":[\"https:\/\/eautomobiliai.lt\/index.php\/2025\/06\/12\/mg-atskleidzia-busimos-premium-im5-ir-im6-evs-kainas-ir-jos-stebetinai-zemos\/#respond\"]}]},{\"@type\":\"WebPage\",\"@id\":\"https:\/\/eautomobiliai.lt\/index.php\/2025\/06\/12\/mg-atskleidzia-busimos-premium-im5-ir-im6-evs-kainas-ir-jos-stebetinai-zemos\/\",\"url\":\"https:\/\/eautomobiliai.lt\/index.php\/2025\/06\/12\/mg-atskleidzia-busimos-premium-im5-ir-im6-evs-kainas-ir-jos-stebetinai-zemos\/\",\"name\":\"MG atskleid\u017eia b\u016bsimos \u201ePremium IM5\u201c ir \u201eIM6 EVS\u201c kainas - ir jos steb\u0117tinai \u017eemos - Eautomobiliai.lt\",\"isPartOf\":{\"@id\":\"https:\/\/eautomobiliai.lt\/#website\"},\"primaryImageOfPage\":{\"@id\":\"https:\/\/eautomobiliai.lt\/index.php\/2025\/06\/12\/mg-atskleidzia-busimos-premium-im5-ir-im6-evs-kainas-ir-jos-stebetinai-zemos\/#primaryimage\"},\"image\":{\"@id\":\"https:\/\/eautomobiliai.lt\/index.php\/2025\/06\/12\/mg-atskleidzia-busimos-premium-im5-ir-im6-evs-kainas-ir-jos-stebetinai-zemos\/#primaryimage\"},\"thumbnailUrl\":\"http:\/\/eautomobiliai.lt\/wp-content\/uploads\/2025\/06\/MG-atskleidzia-busimos-\u201ePremium-IM5-ir-\u201eIM6-EVS-kainas.jpg\",\"datePublished\":\"2025-06-12T23:34:10+00:00\",\"author\":{\"@id\":\"https:\/\/eautomobiliai.lt\/#\/schema\/person\/ecf2a967f361217d056061f74deb92f2\"},\"breadcrumb\":{\"@id\":\"https:\/\/eautomobiliai.lt\/index.php\/2025\/06\/12\/mg-atskleidzia-busimos-premium-im5-ir-im6-evs-kainas-ir-jos-stebetinai-zemos\/#breadcrumb\"},\"inLanguage\":\"lt-LT\",\"potentialAction\":[{\"@type\":\"ReadAction\",\"target\":[\"https:\/\/eautomobiliai.lt\/index.php\/2025\/06\/12\/mg-atskleidzia-busimos-premium-im5-ir-im6-evs-kainas-ir-jos-stebetinai-zemos\/\"]}]},{\"@type\":\"ImageObject\",\"inLanguage\":\"lt-LT\",\"@id\":\"https:\/\/eautomobiliai.lt\/index.php\/2025\/06\/12\/mg-atskleidzia-busimos-premium-im5-ir-im6-evs-kainas-ir-jos-stebetinai-zemos\/#primaryimage\",\"url\":\"http:\/\/eautomobiliai.lt\/wp-content\/uploads\/2025\/06\/MG-atskleidzia-busimos-\u201ePremium-IM5-ir-\u201eIM6-EVS-kainas.jpg\",\"contentUrl\":\"http:\/\/eautomobiliai.lt\/wp-content\/uploads\/2025\/06\/MG-atskleidzia-busimos-\u201ePremium-IM5-ir-\u201eIM6-EVS-kainas.jpg\",\"width\":1200,\"height\":900},{\"@type\":\"BreadcrumbList\",\"@id\":\"https:\/\/eautomobiliai.lt\/index.php\/2025\/06\/12\/mg-atskleidzia-busimos-premium-im5-ir-im6-evs-kainas-ir-jos-stebetinai-zemos\/#breadcrumb\",\"itemListElement\":[{\"@type\":\"ListItem\",\"position\":1,\"name\":\"Home\",\"item\":\"https:\/\/eautomobiliai.lt\/\"},{\"@type\":\"ListItem\",\"position\":2,\"name\":\"MG atskleid\u017eia b\u016bsimos \u201ePremium IM5\u201c ir \u201eIM6 EVS\u201c kainas &#8211; ir jos steb\u0117tinai \u017eemos\"}]},{\"@type\":\"WebSite\",\"@id\":\"https:\/\/eautomobiliai.lt\/#website\",\"url\":\"https:\/\/eautomobiliai.lt\/\",\"name\":\"Eautomobiliai.lt\",\"description\":\"Elektrinis transportas, technologijos\",\"potentialAction\":[{\"@type\":\"SearchAction\",\"target\":{\"@type\":\"EntryPoint\",\"urlTemplate\":\"https:\/\/eautomobiliai.lt\/?s={search_term_string}\"},\"query-input\":{\"@type\":\"PropertyValueSpecification\",\"valueRequired\":true,\"valueName\":\"search_term_string\"}}],\"inLanguage\":\"lt-LT\"},{\"@type\":\"Person\",\"@id\":\"https:\/\/eautomobiliai.lt\/#\/schema\/person\/ecf2a967f361217d056061f74deb92f2\",\"name\":\"admin\",\"image\":{\"@type\":\"ImageObject\",\"inLanguage\":\"lt-LT\",\"@id\":\"https:\/\/eautomobiliai.lt\/#\/schema\/person\/image\/\",\"url\":\"https:\/\/secure.gravatar.com\/avatar\/6323379efae0c70c686c7905444d6bbd?s=96&d=mm&r=g\",\"contentUrl\":\"https:\/\/secure.gravatar.com\/avatar\/6323379efae0c70c686c7905444d6bbd?s=96&d=mm&r=g\",\"caption\":\"admin\"},\"sameAs\":[\"http:\/\/eautomobiliai.lt\"],\"url\":\"http:\/\/eautomobiliai.lt\/index.php\/author\/admin\/\"}]}<\/script>\n<!-- \/ Yoast SEO plugin. -->","yoast_head_json":{"title":"MG atskleid\u017eia b\u016bsimos \u201ePremium IM5\u201c ir \u201eIM6 EVS\u201c kainas - ir jos steb\u0117tinai \u017eemos - Eautomobiliai.lt","robots":{"index":"index","follow":"follow","max-snippet":"max-snippet:-1","max-image-preview":"max-image-preview:large","max-video-preview":"max-video-preview:-1"},"canonical":"https:\/\/eautomobiliai.lt\/index.php\/2025\/06\/12\/mg-atskleidzia-busimos-premium-im5-ir-im6-evs-kainas-ir-jos-stebetinai-zemos\/","og_locale":"lt_LT","og_type":"article","og_title":"MG atskleid\u017eia b\u016bsimos \u201ePremium IM5\u201c ir \u201eIM6 EVS\u201c kainas - ir jos steb\u0117tinai \u017eemos - Eautomobiliai.lt","og_description":"Baland\u017eio m\u0117n. MG prane\u0161\u0117, kad Melburno automobili\u0173 parodoje jis pristatys auk\u0161\u010diausios kokyb\u0117s elektrini\u0173 transporto priemoni\u0173 prek\u0117s \u017eenkl\u0105, pavadint\u0105 IM, su&hellip;","og_url":"https:\/\/eautomobiliai.lt\/index.php\/2025\/06\/12\/mg-atskleidzia-busimos-premium-im5-ir-im6-evs-kainas-ir-jos-stebetinai-zemos\/","og_site_name":"Eautomobiliai.lt","article_published_time":"2025-06-12T23:34:10+00:00","og_image":[{"width":1200,"height":900,"url":"https:\/\/eautomobiliai.lt\/wp-content\/uploads\/2025\/06\/MG-atskleidzia-busimos-\u201ePremium-IM5-ir-\u201eIM6-EVS-kainas.jpg","type":"image\/jpeg"}],"author":"admin","twitter_card":"summary_large_image","twitter_misc":{"Written by":"admin","Est. reading time":"3 minut\u0117s"},"schema":{"@context":"https:\/\/schema.org","@graph":[{"@type":"Article","@id":"https:\/\/eautomobiliai.lt\/index.php\/2025\/06\/12\/mg-atskleidzia-busimos-premium-im5-ir-im6-evs-kainas-ir-jos-stebetinai-zemos\/#article","isPartOf":{"@id":"https:\/\/eautomobiliai.lt\/index.php\/2025\/06\/12\/mg-atskleidzia-busimos-premium-im5-ir-im6-evs-kainas-ir-jos-stebetinai-zemos\/"},"author":{"name":"admin","@id":"https:\/\/eautomobiliai.lt\/#\/schema\/person\/ecf2a967f361217d056061f74deb92f2"},"headline":"MG atskleid\u017eia b\u016bsimos \u201ePremium IM5\u201c ir \u201eIM6 EVS\u201c kainas &#8211; ir jos steb\u0117tinai \u017eemos","datePublished":"2025-06-12T23:34:10+00:00","mainEntityOfPage":{"@id":"https:\/\/eautomobiliai.lt\/index.php\/2025\/06\/12\/mg-atskleidzia-busimos-premium-im5-ir-im6-evs-kainas-ir-jos-stebetinai-zemos\/"},"wordCount":684,"commentCount":0,"image":{"@id":"https:\/\/eautomobiliai.lt\/index.php\/2025\/06\/12\/mg-atskleidzia-busimos-premium-im5-ir-im6-evs-kainas-ir-jos-stebetinai-zemos\/#primaryimage"},"thumbnailUrl":"http:\/\/eautomobiliai.lt\/wp-content\/uploads\/2025\/06\/MG-atskleidzia-busimos-\u201ePremium-IM5-ir-\u201eIM6-EVS-kainas.jpg","keywords":["atskleid\u017eia","b\u016bsimos","EVS","IM5","IM6","jos","kainas","Premium","steb\u0117tinai","\u017eemos"],"articleSection":["eAUTOMOBILI\u0172 TECHNIN\u0116 PUS\u0116"],"inLanguage":"lt-LT","potentialAction":[{"@type":"CommentAction","name":"Comment","target":["https:\/\/eautomobiliai.lt\/index.php\/2025\/06\/12\/mg-atskleidzia-busimos-premium-im5-ir-im6-evs-kainas-ir-jos-stebetinai-zemos\/#respond"]}]},{"@type":"WebPage","@id":"https:\/\/eautomobiliai.lt\/index.php\/2025\/06\/12\/mg-atskleidzia-busimos-premium-im5-ir-im6-evs-kainas-ir-jos-stebetinai-zemos\/","url":"https:\/\/eautomobiliai.lt\/index.php\/2025\/06\/12\/mg-atskleidzia-busimos-premium-im5-ir-im6-evs-kainas-ir-jos-stebetinai-zemos\/","name":"MG atskleid\u017eia b\u016bsimos \u201ePremium IM5\u201c ir \u201eIM6 EVS\u201c kainas - ir jos steb\u0117tinai \u017eemos - Eautomobiliai.lt","isPartOf":{"@id":"https:\/\/eautomobiliai.lt\/#website"},"primaryImageOfPage":{"@id":"https:\/\/eautomobiliai.lt\/index.php\/2025\/06\/12\/mg-atskleidzia-busimos-premium-im5-ir-im6-evs-kainas-ir-jos-stebetinai-zemos\/#primaryimage"},"image":{"@id":"https:\/\/eautomobiliai.lt\/index.php\/2025\/06\/12\/mg-atskleidzia-busimos-premium-im5-ir-im6-evs-kainas-ir-jos-stebetinai-zemos\/#primaryimage"},"thumbnailUrl":"http:\/\/eautomobiliai.lt\/wp-content\/uploads\/2025\/06\/MG-atskleidzia-busimos-\u201ePremium-IM5-ir-\u201eIM6-EVS-kainas.jpg","datePublished":"2025-06-12T23:34:10+00:00","author":{"@id":"https:\/\/eautomobiliai.lt\/#\/schema\/person\/ecf2a967f361217d056061f74deb92f2"},"breadcrumb":{"@id":"https:\/\/eautomobiliai.lt\/index.php\/2025\/06\/12\/mg-atskleidzia-busimos-premium-im5-ir-im6-evs-kainas-ir-jos-stebetinai-zemos\/#breadcrumb"},"inLanguage":"lt-LT","potentialAction":[{"@type":"ReadAction","target":["https:\/\/eautomobiliai.lt\/index.php\/2025\/06\/12\/mg-atskleidzia-busimos-premium-im5-ir-im6-evs-kainas-ir-jos-stebetinai-zemos\/"]}]},{"@type":"ImageObject","inLanguage":"lt-LT","@id":"https:\/\/eautomobiliai.lt\/index.php\/2025\/06\/12\/mg-atskleidzia-busimos-premium-im5-ir-im6-evs-kainas-ir-jos-stebetinai-zemos\/#primaryimage","url":"http:\/\/eautomobiliai.lt\/wp-content\/uploads\/2025\/06\/MG-atskleidzia-busimos-\u201ePremium-IM5-ir-\u201eIM6-EVS-kainas.jpg","contentUrl":"http:\/\/eautomobiliai.lt\/wp-content\/uploads\/2025\/06\/MG-atskleidzia-busimos-\u201ePremium-IM5-ir-\u201eIM6-EVS-kainas.jpg","width":1200,"height":900},{"@type":"BreadcrumbList","@id":"https:\/\/eautomobiliai.lt\/index.php\/2025\/06\/12\/mg-atskleidzia-busimos-premium-im5-ir-im6-evs-kainas-ir-jos-stebetinai-zemos\/#breadcrumb","itemListElement":[{"@type":"ListItem","position":1,"name":"Home","item":"https:\/\/eautomobiliai.lt\/"},{"@type":"ListItem","position":2,"name":"MG atskleid\u017eia b\u016bsimos \u201ePremium IM5\u201c ir \u201eIM6 EVS\u201c kainas &#8211; ir jos steb\u0117tinai \u017eemos"}]},{"@type":"WebSite","@id":"https:\/\/eautomobiliai.lt\/#website","url":"https:\/\/eautomobiliai.lt\/","name":"Eautomobiliai.lt","description":"Elektrinis transportas, technologijos","potentialAction":[{"@type":"SearchAction","target":{"@type":"EntryPoint","urlTemplate":"https:\/\/eautomobiliai.lt\/?s={search_term_string}"},"query-input":{"@type":"PropertyValueSpecification","valueRequired":true,"valueName":"search_term_string"}}],"inLanguage":"lt-LT"},{"@type":"Person","@id":"https:\/\/eautomobiliai.lt\/#\/schema\/person\/ecf2a967f361217d056061f74deb92f2","name":"admin","image":{"@type":"ImageObject","inLanguage":"lt-LT","@id":"https:\/\/eautomobiliai.lt\/#\/schema\/person\/image\/","url":"https:\/\/secure.gravatar.com\/avatar\/6323379efae0c70c686c7905444d6bbd?s=96&d=mm&r=g","contentUrl":"https:\/\/secure.gravatar.com\/avatar\/6323379efae0c70c686c7905444d6bbd?s=96&d=mm&r=g","caption":"admin"},"sameAs":["http:\/\/eautomobiliai.lt"],"url":"http:\/\/eautomobiliai.lt\/index.php\/author\/admin\/"}]}},"_links":{"self":[{"href":"http:\/\/eautomobiliai.lt\/index.php\/wp-json\/wp\/v2\/posts\/1150","targetHints":{"allow":["GET"]}}],"collection":[{"href":"http:\/\/eautomobiliai.lt\/index.php\/wp-json\/wp\/v2\/posts"}],"about":[{"href":"http:\/\/eautomobiliai.lt\/index.php\/wp-json\/wp\/v2\/types\/post"}],"author":[{"embeddable":true,"href":"http:\/\/eautomobiliai.lt\/index.php\/wp-json\/wp\/v2\/users\/1"}],"replies":[{"embeddable":true,"href":"http:\/\/eautomobiliai.lt\/index.php\/wp-json\/wp\/v2\/comments?post=1150"}],"version-history":[{"count":0,"href":"http:\/\/eautomobiliai.lt\/index.php\/wp-json\/wp\/v2\/posts\/1150\/revisions"}],"wp:featuredmedia":[{"embeddable":true,"href":"http:\/\/eautomobiliai.lt\/index.php\/wp-json\/wp\/v2\/media\/1151"}],"wp:attachment":[{"href":"http:\/\/eautomobiliai.lt\/index.php\/wp-json\/wp\/v2\/media?parent=1150"}],"wp:term":[{"taxonomy":"category","embeddable":true,"href":"http:\/\/eautomobiliai.lt\/index.php\/wp-json\/wp\/v2\/categories?post=1150"},{"taxonomy":"post_tag","embeddable":true,"href":"http:\/\/eautomobiliai.lt\/index.php\/wp-json\/wp\/v2\/tags?post=1150"}],"curies":[{"name":"wp","href":"https:\/\/api.w.org\/{rel}","templated":true}]}}