{"id":1166,"date":"2025-06-14T07:39:44","date_gmt":"2025-06-14T07:39:44","guid":{"rendered":"https:\/\/eautomobiliai.lt\/index.php\/2025\/06\/14\/byd-modelio-uzpuolimas-tesiasi-kai-dar-vienas-visureigis-erzino\/"},"modified":"2025-06-14T07:39:44","modified_gmt":"2025-06-14T07:39:44","slug":"byd-modelio-uzpuolimas-tesiasi-kai-dar-vienas-visureigis-erzino","status":"publish","type":"post","link":"http:\/\/eautomobiliai.lt\/index.php\/2025\/06\/14\/byd-modelio-uzpuolimas-tesiasi-kai-dar-vienas-visureigis-erzino\/","title":{"rendered":"BYD modelio u\u017epuolimas t\u0119siasi, kai dar vienas visureigis erzino"},"content":{"rendered":"<p> <br \/>\n<\/p>\n<div id=\"\">\n<p><span style=\"font-weight: 400;\">Anks\u010diau \u0161iais metais BYD i\u0161leido nauj\u0105 bekel\u0117s model\u012f pagal savo \u201eFang Cheng Bao\u201c prek\u0117s \u017eenkl\u0105, vadindamas j\u012f \u201eTai 3\u201c. \u0160is automobilis taip pat buvo pirmasis bendrov\u0117s visi\u0161kai elektrinis modelis, skirtas \u201eFamily Adventure\u201c visureigi\u0173 rinkai.<\/span><\/p>\n<p><span style=\"font-weight: 400;\">Dabar, ma\u017eiau nei po trij\u0173 m\u0117nesi\u0173, prek\u0117s \u017eenklas erzino dar vien\u0105 didesn\u012f visureig\u012f su savo \u201eWeibo\u201c puslapiu.<\/span><\/p>\n<p><span style=\"font-weight: 400;\">Bendrame paveiksl\u0117lyje su u\u017edengtu visureigiu b\u016bsimo modelio profil\u012f galima pamatyti kartu su per j\u012f matytais priekiniais \u017eibintais ir galiniais \u017eibintais.<\/span><\/p>\n<p><span style=\"font-weight: 400;\">Vaizdas, i\u0161verstas, sako: \u201eAteitis gali (__). U\u017epildykite tu\u0161\u010di\u0105\u201c.<\/span><\/p>\n<p><span style=\"font-weight: 400;\">Tai nesako per daug daugiau, tod\u0117l daugelis prek\u0117s \u017eenklo pasek\u0117j\u0173 atsp\u0117jo, koks \u0161is modelis gali b\u016bti.<\/span><\/p>\n<p><span style=\"font-weight: 400;\">Kai kurie sp\u0117liojo, kad tai yra kitas elektrinis prek\u0117s \u017eenklo modelis, tai 3 EV \u012fp\u0117dinis, ir tai gali b\u016bti vadinamas Tai 7.<\/span><\/p>\n<p><span style=\"font-weight: 400;\">Kovo pabaigoje BYD paleido \u201eTai 3\u201c su puikiomis funkcijomis, \u012fskaitant drono paleidimo pad\u0117kl\u0105.<\/span><\/p>\n<figure id=\"attachment_187174\" aria-describedby=\"caption-attachment-187174\" style=\"width: 1200px\" class=\"wp-caption aligncenter\"><img loading=\"lazy\" decoding=\"async\" class=\"size-full wp-image-187174\" src=\"https:\/\/thedriven.io\/wp-content\/uploads\/2025\/04\/BYD-Tai-3-Delivery-Event-April-2025-Row-Cars-Close-Weibo.jpg\" alt=\"\" width=\"1200\" height=\"800\" srcset=\"https:\/\/thedriven.io\/wp-content\/uploads\/2025\/04\/BYD-Tai-3-Delivery-Event-April-2025-Row-Cars-Close-Weibo.jpg 1200w, https:\/\/thedriven.io\/wp-content\/uploads\/2025\/04\/BYD-Tai-3-Delivery-Event-April-2025-Row-Cars-Close-Weibo-388x259.jpg 388w, https:\/\/thedriven.io\/wp-content\/uploads\/2025\/04\/BYD-Tai-3-Delivery-Event-April-2025-Row-Cars-Close-Weibo-1160x773.jpg 1160w, https:\/\/thedriven.io\/wp-content\/uploads\/2025\/04\/BYD-Tai-3-Delivery-Event-April-2025-Row-Cars-Close-Weibo-800x533.jpg 800w, https:\/\/thedriven.io\/wp-content\/uploads\/2025\/04\/BYD-Tai-3-Delivery-Event-April-2025-Row-Cars-Close-Weibo-120x80.jpg 120w, https:\/\/thedriven.io\/wp-content\/uploads\/2025\/04\/BYD-Tai-3-Delivery-Event-April-2025-Row-Cars-Close-Weibo-90x60.jpg 90w, https:\/\/thedriven.io\/wp-content\/uploads\/2025\/04\/BYD-Tai-3-Delivery-Event-April-2025-Row-Cars-Close-Weibo-320x213.jpg 320w, https:\/\/thedriven.io\/wp-content\/uploads\/2025\/04\/BYD-Tai-3-Delivery-Event-April-2025-Row-Cars-Close-Weibo-560x373.jpg 560w, https:\/\/thedriven.io\/wp-content\/uploads\/2025\/04\/BYD-Tai-3-Delivery-Event-April-2025-Row-Cars-Close-Weibo-150x100.jpg 150w, https:\/\/thedriven.io\/wp-content\/uploads\/2025\/04\/BYD-Tai-3-Delivery-Event-April-2025-Row-Cars-Close-Weibo-240x160.jpg 240w, https:\/\/thedriven.io\/wp-content\/uploads\/2025\/04\/BYD-Tai-3-Delivery-Event-April-2025-Row-Cars-Close-Weibo-180x120.jpg 180w, https:\/\/thedriven.io\/wp-content\/uploads\/2025\/04\/BYD-Tai-3-Delivery-Event-April-2025-Row-Cars-Close-Weibo-640x427.jpg 640w, https:\/\/thedriven.io\/wp-content\/uploads\/2025\/04\/BYD-Tai-3-Delivery-Event-April-2025-Row-Cars-Close-Weibo-1120x747.jpg 1120w, https:\/\/thedriven.io\/wp-content\/uploads\/2025\/04\/BYD-Tai-3-Delivery-Event-April-2025-Row-Cars-Close-Weibo-300x200.jpg 300w\" sizes=\"auto, (max-width: 1160px) 100vw, 1160px\"\/><figcaption id=\"caption-attachment-187174\" class=\"wp-caption-text\">Vaizdas: BYD per Weibo<\/figcaption><\/figure>\n<p><span style=\"font-weight: 400;\">Naujojo modelio kainos prasideda nuo 30 500 USD ekvivalento ir joje yra BYD li\u010dio gele\u017eies fosfato (LFP) a\u0161men\u0173 baterijos su 72,9 ir 78,7 kWh talpos.<\/span><\/p>\n<p><span style=\"font-weight: 400;\">Didesn\u0117s talpos paketas yra specialiojo leidimo variante su stogo montuojama dron\u0173 ne\u0161iklio sistema, ir abu modeliai turi 501 km CLTC diapazon\u0105, kuris grei\u010diausiai bus ar\u010diau 420 km WLTP cikle, da\u017eniau naudojamas bandymo ciklas Australijoje.<\/span><\/p>\n<p><span style=\"font-weight: 400;\">\u012ekrovimo grei\u010dio priekyje \u0161is modelis gali pasiekti \u012fsp\u016bding\u0105 237 kW gali\u0105 de\u0161iniajame \u012fkroviklyje, leisdamas automobiliui \u012fkrauti nuo 30 iki 80% vos per 18 minu\u010di\u0173. D\u0117l to jis yra vienas i\u0161 greitesni\u0173 \u012fkrovimo BYD produkt\u0173 iki \u0161iol.<\/span><\/p>\n<p><span style=\"font-weight: 400;\">\u201eTAI 3\u201c j\u0117gos pavara dvigubo motorinio varianto variantas gali tiekti iki 310 kW galios, o tai padeda automobiliui \u012fsib\u0117g\u0117ti nuo 0 iki 100 km\/h per 4,9 sekund\u0117s.<\/span><\/p>\n<p><span style=\"font-weight: 400;\">Kalbant apie \u201eTai 3\u201c stili\u0173, jis yra \u0161iek tiek labiau i\u0161lenktas visureigiui. Tai pasikei\u010dia \u201eTai 7\u201c, kurie, atrodo, atrodo labiau utilitariniai po ta vir\u0161eliu, priartinant j\u012f prie rimtesni\u0173 visureigi\u0173 rinkoje.<\/span><\/p>\n<figure id=\"attachment_186497\" aria-describedby=\"caption-attachment-186497\" style=\"width: 1200px\" class=\"wp-caption aligncenter\"><img decoding=\"async\" class=\"size-full wp-image-186497 native-lazyload-js-fallback\" alt=\"\" width=\"1200\" height=\"692\" loading=\"lazy\" src=\"https:\/\/b2232832.smushcdn.com\/2232832\/wp-content\/uploads\/2025\/04\/20250401_025026.jpg?lossy=1&amp;strip=0&amp;webp=1\" srcset=\"https:\/\/b2232832.smushcdn.com\/2232832\/wp-content\/uploads\/2025\/04\/20250401_025026.jpg?lossy=1&amp;strip=0&amp;webp=1 1200w, https:\/\/b2232832.smushcdn.com\/2232832\/wp-content\/uploads\/2025\/04\/20250401_025026-388x224.jpg?lossy=1&amp;strip=0&amp;webp=1 388w, https:\/\/b2232832.smushcdn.com\/2232832\/wp-content\/uploads\/2025\/04\/20250401_025026-1160x669.jpg?lossy=1&amp;strip=0&amp;webp=1 1160w, https:\/\/b2232832.smushcdn.com\/2232832\/wp-content\/uploads\/2025\/04\/20250401_025026-800x461.jpg?lossy=1&amp;strip=0&amp;webp=1 800w, https:\/\/b2232832.smushcdn.com\/2232832\/wp-content\/uploads\/2025\/04\/20250401_025026-120x69.jpg?lossy=1&amp;strip=0&amp;webp=1 120w, https:\/\/b2232832.smushcdn.com\/2232832\/wp-content\/uploads\/2025\/04\/20250401_025026-90x52.jpg?lossy=1&amp;strip=0&amp;webp=1 90w, https:\/\/b2232832.smushcdn.com\/2232832\/wp-content\/uploads\/2025\/04\/20250401_025026-320x185.jpg?lossy=1&amp;strip=0&amp;webp=1 320w, https:\/\/b2232832.smushcdn.com\/2232832\/wp-content\/uploads\/2025\/04\/20250401_025026-560x323.jpg?lossy=1&amp;strip=0&amp;webp=1 560w, https:\/\/b2232832.smushcdn.com\/2232832\/wp-content\/uploads\/2025\/04\/20250401_025026-150x87.jpg?lossy=1&amp;strip=0&amp;webp=1 150w, https:\/\/b2232832.smushcdn.com\/2232832\/wp-content\/uploads\/2025\/04\/20250401_025026-240x138.jpg?lossy=1&amp;strip=0&amp;webp=1 240w, https:\/\/b2232832.smushcdn.com\/2232832\/wp-content\/uploads\/2025\/04\/20250401_025026-180x104.jpg?lossy=1&amp;strip=0&amp;webp=1 180w, https:\/\/b2232832.smushcdn.com\/2232832\/wp-content\/uploads\/2025\/04\/20250401_025026-640x369.jpg?lossy=1&amp;strip=0&amp;webp=1 640w, https:\/\/b2232832.smushcdn.com\/2232832\/wp-content\/uploads\/2025\/04\/20250401_025026-1120x646.jpg?lossy=1&amp;strip=0&amp;webp=1 1120w, https:\/\/b2232832.smushcdn.com\/2232832\/wp-content\/uploads\/2025\/04\/20250401_025026-300x173.jpg?lossy=1&amp;strip=0&amp;webp=1 300w\" data-sizes=\"(max-width: 1160px) 100vw, 1160px\"\/><img loading=\"lazy\" decoding=\"async\" class=\"size-full wp-image-186497\" src=\"https:\/\/thedriven.io\/wp-content\/uploads\/2025\/04\/20250401_025026.jpg\" alt=\"\" width=\"1200\" height=\"692\" srcset=\"https:\/\/thedriven.io\/wp-content\/uploads\/2025\/04\/20250401_025026.jpg 1200w, https:\/\/thedriven.io\/wp-content\/uploads\/2025\/04\/20250401_025026-388x224.jpg 388w, https:\/\/thedriven.io\/wp-content\/uploads\/2025\/04\/20250401_025026-1160x669.jpg 1160w, https:\/\/thedriven.io\/wp-content\/uploads\/2025\/04\/20250401_025026-800x461.jpg 800w, https:\/\/thedriven.io\/wp-content\/uploads\/2025\/04\/20250401_025026-120x69.jpg 120w, https:\/\/thedriven.io\/wp-content\/uploads\/2025\/04\/20250401_025026-90x52.jpg 90w, https:\/\/thedriven.io\/wp-content\/uploads\/2025\/04\/20250401_025026-320x185.jpg 320w, https:\/\/thedriven.io\/wp-content\/uploads\/2025\/04\/20250401_025026-560x323.jpg 560w, https:\/\/thedriven.io\/wp-content\/uploads\/2025\/04\/20250401_025026-150x87.jpg 150w, https:\/\/thedriven.io\/wp-content\/uploads\/2025\/04\/20250401_025026-240x138.jpg 240w, https:\/\/thedriven.io\/wp-content\/uploads\/2025\/04\/20250401_025026-180x104.jpg 180w, https:\/\/thedriven.io\/wp-content\/uploads\/2025\/04\/20250401_025026-640x369.jpg 640w, https:\/\/thedriven.io\/wp-content\/uploads\/2025\/04\/20250401_025026-1120x646.jpg 1120w, https:\/\/thedriven.io\/wp-content\/uploads\/2025\/04\/20250401_025026-300x173.jpg 300w\" sizes=\"auto, (max-width: 1160px) 100vw, 1160px\"\/><figcaption id=\"caption-attachment-186497\" class=\"wp-caption-text\">Vaizdas: BYD<\/figcaption><\/figure>\n<p><span style=\"font-weight: 400;\">\u201eTAI 3\u201c su gana erdviu frunku su galios atidarymu ir u\u017edarymu, da\u017enai nematomas daugelyje EV rinkoje, \u201eTai 7\u201c grei\u010diausiai taip pat priims.<\/span><\/p>\n<p><span style=\"font-weight: 400;\">\u201eFang Cheng Bao\u201c prek\u0117s \u017eenklas \u201eFang Cheng Bao\u201c jau per \u0161iek tiek daugiau nei m\u0117nes\u012f pardav\u0117 daugiau nei 5000 \u201eTai 3\u201c transporto priemoni\u0173 nuo tada, kai buvo pristatyta baland\u017eio pabaigoje. <\/span><\/p>\n<p><span style=\"font-weight: 400;\">Pa\u010diam prek\u0117s \u017eenklui jis taip pat neseniai \u0161vent\u0117 savo 100 000 pardavim\u0173 etap\u0105, kur\u012f paskatino didesnis PHEV visureigis, \u201eBAO 5\u201c ir \u201eBAO 8\u201c.<\/span><\/p>\n<p><span style=\"font-weight: 400;\">Tikimasi, kad i\u0161sami informacija apie nauj\u0105j\u012f \u201eTai 7\u201c bus i\u0161leista ar\u010diau i\u0161ankstini\u0173 pardavim\u0173, kurie tur\u0117t\u0173 prasid\u0117ti artimiausiais m\u0117nesiais.<\/span><\/p>\n<p><span style=\"font-weight: 400;\">Kadangi bendrov\u0117 siekia padidinti savo rinkos dal\u012f, \u012fskaitant savo visureig\u012f \u201eFang Cheng Bao\u201c prek\u0117s \u017eenkl\u0105, naujoji elektrini\u0173 transporto priemoni\u0173 serija atrodo gana perspektyvi, sukuriant daugiau jaudulio visoje did\u017eiausioje pasaulyje nauj\u0173j\u0173 energetikos transporto priemoni\u0173 (NEV) kompanijoje.<\/span><\/p>\n<div class=\"saboxplugin-wrap\" itemtype=\"http:\/\/schema.org\/Person\" itemscope=\"\" itemprop=\"author\">\n<div class=\"saboxplugin-tab\">\n<div class=\"saboxplugin-gravatar\"><img decoding=\"async\" width=\"100\" height=\"100\" alt=\"Rizas Akhtar\" itemprop=\"image\" loading=\"lazy\" class=\"native-lazyload-js-fallback\" src=\"https:\/\/b2232832.smushcdn.com\/2232832\/wp-content\/uploads\/2022\/02\/Riz.jpg?lossy=1&amp;strip=0&amp;webp=1\"\/><img loading=\"lazy\" decoding=\"async\" src=\"https:\/\/thedriven.io\/wp-content\/uploads\/2022\/02\/Riz.jpg\" width=\"100\" height=\"100\" alt=\"Rizas Akhtar\" itemprop=\"image\"\/><\/div>\n<div class=\"saboxplugin-desc\">\n<div itemprop=\"description\">\n<p>RIZ yra \u201eCarloop\u201c \u012fk\u016br\u0117jas, \u012fsik\u016br\u0119s Melburne, specializuojasi Australijos EV duomenyse, \u012f\u017evalgos ataskaitose ir tendencijose. Jis yra mechanikos in\u017einierius, prie\u0161 pradedant \u201eCarloop\u201c pirmuosius 7 savo karjeros statybos transporto infrastrukt\u016bros metus. Jis turi aistr\u0105 automobiliams, ypa\u010d EV ir nori pad\u0117ti suma\u017einti transporto i\u0161metim\u0105 Australijoje. \u0160iuo metu jis vairuoja \u201eRed Tesla\u201c model\u012f 3.<\/p>\n<\/div>\n<\/div>\n<\/div>\n<\/div>\n<p><!-- AI CONTENT END 1 --><\/p><\/div>\n<p><br \/>\n<br \/><a href=\"https:\/\/thedriven.io\/2025\/06\/13\/byds-model-onslaught-continues-as-another-off-roader-teased\/\">Source link <\/a><\/p>\n","protected":false},"excerpt":{"rendered":"<p>Anks\u010diau \u0161iais metais BYD i\u0161leido nauj\u0105 bekel\u0117s model\u012f pagal savo \u201eFang Cheng Bao\u201c prek\u0117s \u017eenkl\u0105, vadindamas j\u012f \u201eTai 3\u201c. \u0160is&hellip;<\/p>\n","protected":false},"author":1,"featured_media":1167,"comment_status":"open","ping_status":"open","sticky":false,"template":"","format":"standard","meta":{"om_disable_all_campaigns":false,"_monsterinsights_skip_tracking":false,"_monsterinsights_sitenote_active":false,"_monsterinsights_sitenote_note":"","_monsterinsights_sitenote_category":0,"footnotes":""},"categories":[39],"tags":[11,250,2390,221,874,1473,2389,392,843],"class_list":["post-1166","post","type-post","status-publish","format-standard","has-post-thumbnail","hentry","category-eautomobiliu-technine-puse","tag-byd","tag-dar","tag-erzino","tag-kai","tag-modelio","tag-tesiasi","tag-uzpuolimas","tag-vienas","tag-visureigis"],"aioseo_notices":[],"yoast_head":"<!-- This site is optimized with the Yoast SEO plugin v26.8 - https:\/\/yoast.com\/product\/yoast-seo-wordpress\/ -->\n<title>BYD modelio u\u017epuolimas t\u0119siasi, kai dar vienas visureigis erzino - Eautomobiliai.lt<\/title>\n<meta name=\"robots\" content=\"index, follow, max-snippet:-1, max-image-preview:large, max-video-preview:-1\" \/>\n<link rel=\"canonical\" href=\"https:\/\/eautomobiliai.lt\/index.php\/2025\/06\/14\/byd-modelio-uzpuolimas-tesiasi-kai-dar-vienas-visureigis-erzino\/\" \/>\n<meta property=\"og:locale\" content=\"lt_LT\" \/>\n<meta property=\"og:type\" content=\"article\" \/>\n<meta property=\"og:title\" content=\"BYD modelio u\u017epuolimas t\u0119siasi, kai dar vienas visureigis erzino - Eautomobiliai.lt\" \/>\n<meta property=\"og:description\" content=\"Anks\u010diau \u0161iais metais BYD i\u0161leido nauj\u0105 bekel\u0117s model\u012f pagal savo \u201eFang Cheng Bao\u201c prek\u0117s \u017eenkl\u0105, vadindamas j\u012f \u201eTai 3\u201c. \u0160is&hellip;\" \/>\n<meta property=\"og:url\" content=\"https:\/\/eautomobiliai.lt\/index.php\/2025\/06\/14\/byd-modelio-uzpuolimas-tesiasi-kai-dar-vienas-visureigis-erzino\/\" \/>\n<meta property=\"og:site_name\" content=\"Eautomobiliai.lt\" \/>\n<meta property=\"article:published_time\" content=\"2025-06-14T07:39:44+00:00\" \/>\n<meta property=\"og:image\" content=\"https:\/\/eautomobiliai.lt\/wp-content\/uploads\/2025\/06\/BYD-modelio-uzpuolimas-tesiasi-kai-dar-vienas-visureigis-erzino.jpg\" \/>\n\t<meta property=\"og:image:width\" content=\"690\" \/>\n\t<meta property=\"og:image:height\" content=\"448\" \/>\n\t<meta property=\"og:image:type\" content=\"image\/jpeg\" \/>\n<meta name=\"author\" content=\"admin\" \/>\n<meta name=\"twitter:card\" content=\"summary_large_image\" \/>\n<meta name=\"twitter:label1\" content=\"Written by\" \/>\n\t<meta name=\"twitter:data1\" content=\"admin\" \/>\n\t<meta name=\"twitter:label2\" content=\"Est. reading time\" \/>\n\t<meta name=\"twitter:data2\" content=\"3 minut\u0117s\" \/>\n<script type=\"application\/ld+json\" class=\"yoast-schema-graph\">{\"@context\":\"https:\/\/schema.org\",\"@graph\":[{\"@type\":\"Article\",\"@id\":\"https:\/\/eautomobiliai.lt\/index.php\/2025\/06\/14\/byd-modelio-uzpuolimas-tesiasi-kai-dar-vienas-visureigis-erzino\/#article\",\"isPartOf\":{\"@id\":\"https:\/\/eautomobiliai.lt\/index.php\/2025\/06\/14\/byd-modelio-uzpuolimas-tesiasi-kai-dar-vienas-visureigis-erzino\/\"},\"author\":{\"name\":\"admin\",\"@id\":\"https:\/\/eautomobiliai.lt\/#\/schema\/person\/ecf2a967f361217d056061f74deb92f2\"},\"headline\":\"BYD modelio u\u017epuolimas t\u0119siasi, kai dar vienas visureigis erzino\",\"datePublished\":\"2025-06-14T07:39:44+00:00\",\"mainEntityOfPage\":{\"@id\":\"https:\/\/eautomobiliai.lt\/index.php\/2025\/06\/14\/byd-modelio-uzpuolimas-tesiasi-kai-dar-vienas-visureigis-erzino\/\"},\"wordCount\":522,\"commentCount\":0,\"image\":{\"@id\":\"https:\/\/eautomobiliai.lt\/index.php\/2025\/06\/14\/byd-modelio-uzpuolimas-tesiasi-kai-dar-vienas-visureigis-erzino\/#primaryimage\"},\"thumbnailUrl\":\"http:\/\/eautomobiliai.lt\/wp-content\/uploads\/2025\/06\/BYD-modelio-uzpuolimas-tesiasi-kai-dar-vienas-visureigis-erzino.jpg\",\"keywords\":[\"BYD\",\"dar\",\"erzino\",\"kai\",\"modelio\",\"t\u0119siasi\",\"u\u017epuolimas\",\"vienas\",\"visureigis\"],\"articleSection\":[\"eAUTOMOBILI\u0172 TECHNIN\u0116 PUS\u0116\"],\"inLanguage\":\"lt-LT\",\"potentialAction\":[{\"@type\":\"CommentAction\",\"name\":\"Comment\",\"target\":[\"https:\/\/eautomobiliai.lt\/index.php\/2025\/06\/14\/byd-modelio-uzpuolimas-tesiasi-kai-dar-vienas-visureigis-erzino\/#respond\"]}]},{\"@type\":\"WebPage\",\"@id\":\"https:\/\/eautomobiliai.lt\/index.php\/2025\/06\/14\/byd-modelio-uzpuolimas-tesiasi-kai-dar-vienas-visureigis-erzino\/\",\"url\":\"https:\/\/eautomobiliai.lt\/index.php\/2025\/06\/14\/byd-modelio-uzpuolimas-tesiasi-kai-dar-vienas-visureigis-erzino\/\",\"name\":\"BYD modelio u\u017epuolimas t\u0119siasi, kai dar vienas visureigis erzino - Eautomobiliai.lt\",\"isPartOf\":{\"@id\":\"https:\/\/eautomobiliai.lt\/#website\"},\"primaryImageOfPage\":{\"@id\":\"https:\/\/eautomobiliai.lt\/index.php\/2025\/06\/14\/byd-modelio-uzpuolimas-tesiasi-kai-dar-vienas-visureigis-erzino\/#primaryimage\"},\"image\":{\"@id\":\"https:\/\/eautomobiliai.lt\/index.php\/2025\/06\/14\/byd-modelio-uzpuolimas-tesiasi-kai-dar-vienas-visureigis-erzino\/#primaryimage\"},\"thumbnailUrl\":\"http:\/\/eautomobiliai.lt\/wp-content\/uploads\/2025\/06\/BYD-modelio-uzpuolimas-tesiasi-kai-dar-vienas-visureigis-erzino.jpg\",\"datePublished\":\"2025-06-14T07:39:44+00:00\",\"author\":{\"@id\":\"https:\/\/eautomobiliai.lt\/#\/schema\/person\/ecf2a967f361217d056061f74deb92f2\"},\"breadcrumb\":{\"@id\":\"https:\/\/eautomobiliai.lt\/index.php\/2025\/06\/14\/byd-modelio-uzpuolimas-tesiasi-kai-dar-vienas-visureigis-erzino\/#breadcrumb\"},\"inLanguage\":\"lt-LT\",\"potentialAction\":[{\"@type\":\"ReadAction\",\"target\":[\"https:\/\/eautomobiliai.lt\/index.php\/2025\/06\/14\/byd-modelio-uzpuolimas-tesiasi-kai-dar-vienas-visureigis-erzino\/\"]}]},{\"@type\":\"ImageObject\",\"inLanguage\":\"lt-LT\",\"@id\":\"https:\/\/eautomobiliai.lt\/index.php\/2025\/06\/14\/byd-modelio-uzpuolimas-tesiasi-kai-dar-vienas-visureigis-erzino\/#primaryimage\",\"url\":\"http:\/\/eautomobiliai.lt\/wp-content\/uploads\/2025\/06\/BYD-modelio-uzpuolimas-tesiasi-kai-dar-vienas-visureigis-erzino.jpg\",\"contentUrl\":\"http:\/\/eautomobiliai.lt\/wp-content\/uploads\/2025\/06\/BYD-modelio-uzpuolimas-tesiasi-kai-dar-vienas-visureigis-erzino.jpg\",\"width\":690,\"height\":448},{\"@type\":\"BreadcrumbList\",\"@id\":\"https:\/\/eautomobiliai.lt\/index.php\/2025\/06\/14\/byd-modelio-uzpuolimas-tesiasi-kai-dar-vienas-visureigis-erzino\/#breadcrumb\",\"itemListElement\":[{\"@type\":\"ListItem\",\"position\":1,\"name\":\"Home\",\"item\":\"https:\/\/eautomobiliai.lt\/\"},{\"@type\":\"ListItem\",\"position\":2,\"name\":\"BYD modelio u\u017epuolimas t\u0119siasi, kai dar vienas visureigis erzino\"}]},{\"@type\":\"WebSite\",\"@id\":\"https:\/\/eautomobiliai.lt\/#website\",\"url\":\"https:\/\/eautomobiliai.lt\/\",\"name\":\"Eautomobiliai.lt\",\"description\":\"Elektrinis transportas, technologijos\",\"potentialAction\":[{\"@type\":\"SearchAction\",\"target\":{\"@type\":\"EntryPoint\",\"urlTemplate\":\"https:\/\/eautomobiliai.lt\/?s={search_term_string}\"},\"query-input\":{\"@type\":\"PropertyValueSpecification\",\"valueRequired\":true,\"valueName\":\"search_term_string\"}}],\"inLanguage\":\"lt-LT\"},{\"@type\":\"Person\",\"@id\":\"https:\/\/eautomobiliai.lt\/#\/schema\/person\/ecf2a967f361217d056061f74deb92f2\",\"name\":\"admin\",\"image\":{\"@type\":\"ImageObject\",\"inLanguage\":\"lt-LT\",\"@id\":\"https:\/\/eautomobiliai.lt\/#\/schema\/person\/image\/\",\"url\":\"https:\/\/secure.gravatar.com\/avatar\/6323379efae0c70c686c7905444d6bbd?s=96&d=mm&r=g\",\"contentUrl\":\"https:\/\/secure.gravatar.com\/avatar\/6323379efae0c70c686c7905444d6bbd?s=96&d=mm&r=g\",\"caption\":\"admin\"},\"sameAs\":[\"http:\/\/eautomobiliai.lt\"],\"url\":\"http:\/\/eautomobiliai.lt\/index.php\/author\/admin\/\"}]}<\/script>\n<!-- \/ Yoast SEO plugin. -->","yoast_head_json":{"title":"BYD modelio u\u017epuolimas t\u0119siasi, kai dar vienas visureigis erzino - Eautomobiliai.lt","robots":{"index":"index","follow":"follow","max-snippet":"max-snippet:-1","max-image-preview":"max-image-preview:large","max-video-preview":"max-video-preview:-1"},"canonical":"https:\/\/eautomobiliai.lt\/index.php\/2025\/06\/14\/byd-modelio-uzpuolimas-tesiasi-kai-dar-vienas-visureigis-erzino\/","og_locale":"lt_LT","og_type":"article","og_title":"BYD modelio u\u017epuolimas t\u0119siasi, kai dar vienas visureigis erzino - Eautomobiliai.lt","og_description":"Anks\u010diau \u0161iais metais BYD i\u0161leido nauj\u0105 bekel\u0117s model\u012f pagal savo \u201eFang Cheng Bao\u201c prek\u0117s \u017eenkl\u0105, vadindamas j\u012f \u201eTai 3\u201c. \u0160is&hellip;","og_url":"https:\/\/eautomobiliai.lt\/index.php\/2025\/06\/14\/byd-modelio-uzpuolimas-tesiasi-kai-dar-vienas-visureigis-erzino\/","og_site_name":"Eautomobiliai.lt","article_published_time":"2025-06-14T07:39:44+00:00","og_image":[{"width":690,"height":448,"url":"https:\/\/eautomobiliai.lt\/wp-content\/uploads\/2025\/06\/BYD-modelio-uzpuolimas-tesiasi-kai-dar-vienas-visureigis-erzino.jpg","type":"image\/jpeg"}],"author":"admin","twitter_card":"summary_large_image","twitter_misc":{"Written by":"admin","Est. reading time":"3 minut\u0117s"},"schema":{"@context":"https:\/\/schema.org","@graph":[{"@type":"Article","@id":"https:\/\/eautomobiliai.lt\/index.php\/2025\/06\/14\/byd-modelio-uzpuolimas-tesiasi-kai-dar-vienas-visureigis-erzino\/#article","isPartOf":{"@id":"https:\/\/eautomobiliai.lt\/index.php\/2025\/06\/14\/byd-modelio-uzpuolimas-tesiasi-kai-dar-vienas-visureigis-erzino\/"},"author":{"name":"admin","@id":"https:\/\/eautomobiliai.lt\/#\/schema\/person\/ecf2a967f361217d056061f74deb92f2"},"headline":"BYD modelio u\u017epuolimas t\u0119siasi, kai dar vienas visureigis erzino","datePublished":"2025-06-14T07:39:44+00:00","mainEntityOfPage":{"@id":"https:\/\/eautomobiliai.lt\/index.php\/2025\/06\/14\/byd-modelio-uzpuolimas-tesiasi-kai-dar-vienas-visureigis-erzino\/"},"wordCount":522,"commentCount":0,"image":{"@id":"https:\/\/eautomobiliai.lt\/index.php\/2025\/06\/14\/byd-modelio-uzpuolimas-tesiasi-kai-dar-vienas-visureigis-erzino\/#primaryimage"},"thumbnailUrl":"http:\/\/eautomobiliai.lt\/wp-content\/uploads\/2025\/06\/BYD-modelio-uzpuolimas-tesiasi-kai-dar-vienas-visureigis-erzino.jpg","keywords":["BYD","dar","erzino","kai","modelio","t\u0119siasi","u\u017epuolimas","vienas","visureigis"],"articleSection":["eAUTOMOBILI\u0172 TECHNIN\u0116 PUS\u0116"],"inLanguage":"lt-LT","potentialAction":[{"@type":"CommentAction","name":"Comment","target":["https:\/\/eautomobiliai.lt\/index.php\/2025\/06\/14\/byd-modelio-uzpuolimas-tesiasi-kai-dar-vienas-visureigis-erzino\/#respond"]}]},{"@type":"WebPage","@id":"https:\/\/eautomobiliai.lt\/index.php\/2025\/06\/14\/byd-modelio-uzpuolimas-tesiasi-kai-dar-vienas-visureigis-erzino\/","url":"https:\/\/eautomobiliai.lt\/index.php\/2025\/06\/14\/byd-modelio-uzpuolimas-tesiasi-kai-dar-vienas-visureigis-erzino\/","name":"BYD modelio u\u017epuolimas t\u0119siasi, kai dar vienas visureigis erzino - Eautomobiliai.lt","isPartOf":{"@id":"https:\/\/eautomobiliai.lt\/#website"},"primaryImageOfPage":{"@id":"https:\/\/eautomobiliai.lt\/index.php\/2025\/06\/14\/byd-modelio-uzpuolimas-tesiasi-kai-dar-vienas-visureigis-erzino\/#primaryimage"},"image":{"@id":"https:\/\/eautomobiliai.lt\/index.php\/2025\/06\/14\/byd-modelio-uzpuolimas-tesiasi-kai-dar-vienas-visureigis-erzino\/#primaryimage"},"thumbnailUrl":"http:\/\/eautomobiliai.lt\/wp-content\/uploads\/2025\/06\/BYD-modelio-uzpuolimas-tesiasi-kai-dar-vienas-visureigis-erzino.jpg","datePublished":"2025-06-14T07:39:44+00:00","author":{"@id":"https:\/\/eautomobiliai.lt\/#\/schema\/person\/ecf2a967f361217d056061f74deb92f2"},"breadcrumb":{"@id":"https:\/\/eautomobiliai.lt\/index.php\/2025\/06\/14\/byd-modelio-uzpuolimas-tesiasi-kai-dar-vienas-visureigis-erzino\/#breadcrumb"},"inLanguage":"lt-LT","potentialAction":[{"@type":"ReadAction","target":["https:\/\/eautomobiliai.lt\/index.php\/2025\/06\/14\/byd-modelio-uzpuolimas-tesiasi-kai-dar-vienas-visureigis-erzino\/"]}]},{"@type":"ImageObject","inLanguage":"lt-LT","@id":"https:\/\/eautomobiliai.lt\/index.php\/2025\/06\/14\/byd-modelio-uzpuolimas-tesiasi-kai-dar-vienas-visureigis-erzino\/#primaryimage","url":"http:\/\/eautomobiliai.lt\/wp-content\/uploads\/2025\/06\/BYD-modelio-uzpuolimas-tesiasi-kai-dar-vienas-visureigis-erzino.jpg","contentUrl":"http:\/\/eautomobiliai.lt\/wp-content\/uploads\/2025\/06\/BYD-modelio-uzpuolimas-tesiasi-kai-dar-vienas-visureigis-erzino.jpg","width":690,"height":448},{"@type":"BreadcrumbList","@id":"https:\/\/eautomobiliai.lt\/index.php\/2025\/06\/14\/byd-modelio-uzpuolimas-tesiasi-kai-dar-vienas-visureigis-erzino\/#breadcrumb","itemListElement":[{"@type":"ListItem","position":1,"name":"Home","item":"https:\/\/eautomobiliai.lt\/"},{"@type":"ListItem","position":2,"name":"BYD modelio u\u017epuolimas t\u0119siasi, kai dar vienas visureigis erzino"}]},{"@type":"WebSite","@id":"https:\/\/eautomobiliai.lt\/#website","url":"https:\/\/eautomobiliai.lt\/","name":"Eautomobiliai.lt","description":"Elektrinis transportas, technologijos","potentialAction":[{"@type":"SearchAction","target":{"@type":"EntryPoint","urlTemplate":"https:\/\/eautomobiliai.lt\/?s={search_term_string}"},"query-input":{"@type":"PropertyValueSpecification","valueRequired":true,"valueName":"search_term_string"}}],"inLanguage":"lt-LT"},{"@type":"Person","@id":"https:\/\/eautomobiliai.lt\/#\/schema\/person\/ecf2a967f361217d056061f74deb92f2","name":"admin","image":{"@type":"ImageObject","inLanguage":"lt-LT","@id":"https:\/\/eautomobiliai.lt\/#\/schema\/person\/image\/","url":"https:\/\/secure.gravatar.com\/avatar\/6323379efae0c70c686c7905444d6bbd?s=96&d=mm&r=g","contentUrl":"https:\/\/secure.gravatar.com\/avatar\/6323379efae0c70c686c7905444d6bbd?s=96&d=mm&r=g","caption":"admin"},"sameAs":["http:\/\/eautomobiliai.lt"],"url":"http:\/\/eautomobiliai.lt\/index.php\/author\/admin\/"}]}},"_links":{"self":[{"href":"http:\/\/eautomobiliai.lt\/index.php\/wp-json\/wp\/v2\/posts\/1166","targetHints":{"allow":["GET"]}}],"collection":[{"href":"http:\/\/eautomobiliai.lt\/index.php\/wp-json\/wp\/v2\/posts"}],"about":[{"href":"http:\/\/eautomobiliai.lt\/index.php\/wp-json\/wp\/v2\/types\/post"}],"author":[{"embeddable":true,"href":"http:\/\/eautomobiliai.lt\/index.php\/wp-json\/wp\/v2\/users\/1"}],"replies":[{"embeddable":true,"href":"http:\/\/eautomobiliai.lt\/index.php\/wp-json\/wp\/v2\/comments?post=1166"}],"version-history":[{"count":0,"href":"http:\/\/eautomobiliai.lt\/index.php\/wp-json\/wp\/v2\/posts\/1166\/revisions"}],"wp:featuredmedia":[{"embeddable":true,"href":"http:\/\/eautomobiliai.lt\/index.php\/wp-json\/wp\/v2\/media\/1167"}],"wp:attachment":[{"href":"http:\/\/eautomobiliai.lt\/index.php\/wp-json\/wp\/v2\/media?parent=1166"}],"wp:term":[{"taxonomy":"category","embeddable":true,"href":"http:\/\/eautomobiliai.lt\/index.php\/wp-json\/wp\/v2\/categories?post=1166"},{"taxonomy":"post_tag","embeddable":true,"href":"http:\/\/eautomobiliai.lt\/index.php\/wp-json\/wp\/v2\/tags?post=1166"}],"curies":[{"name":"wp","href":"https:\/\/api.w.org\/{rel}","templated":true}]}}