{"id":1176,"date":"2025-06-15T03:31:15","date_gmt":"2025-06-15T03:31:15","guid":{"rendered":"https:\/\/eautomobiliai.lt\/index.php\/2025\/06\/15\/opel-grandland-blitz-awd-ev-turetu-suteikti-mums-jeep-gerbeju-vilti\/"},"modified":"2025-06-15T03:31:15","modified_gmt":"2025-06-15T03:31:15","slug":"opel-grandland-blitz-awd-ev-turetu-suteikti-mums-jeep-gerbeju-vilti","status":"publish","type":"post","link":"http:\/\/eautomobiliai.lt\/index.php\/2025\/06\/15\/opel-grandland-blitz-awd-ev-turetu-suteikti-mums-jeep-gerbeju-vilti\/","title":{"rendered":"\u201eOpel Grandland Blitz AWD EV\u201c tur\u0117t\u0173 suteikti mums \u201eJeep\u201c gerb\u0117j\u0173 vilt\u012f"},"content":{"rendered":"<p> <br \/>\n<\/p>\n<div>\n<figure class=\"img-border featured-image\">\n\t<\/figure>\n<p>Tap\u0119s pirmuoju Europos prek\u0117s \u017eenklu, si\u016blan\u010diu visi\u0161kai elektrines kiekvieno parduodamo modelio versijas &#8211; ir u\u017e t\u0105 pa\u010di\u0105 kain\u0105, kaip ir ledo modeliai, \u201eOpel\u201c eina dar toliau, naudodamas nauj\u0105 \u201eAWD Electric\u201c visureig\u012f, kuris tur\u0117t\u0173 suteikti Amerikos d\u017eip\u0173 gerb\u0117jams tik\u0117tis naujos \u201eElectric Cherokee\u201c!<\/p>\n<p><span id=\"more-420346\"\/><\/p>\n<p>Dabar \u201eStellantis\u201c, o ne GM preki\u0173 \u017eenkl\u0173 portfelio dalis, \u201eR\u00fcsselsheim\u201c \u012fsik\u016brusi \u201eOpel\u201c pademonstravo pirm\u0105sias oficialias savo naujojo \u201eOpel Grandland Electric AWD\u201c-pirmojo bendrov\u0117s visureigio visureigio, kuriame pavaizduotas \u201eBlitz\u201c na\u0161umo emblema ir vis\u0173 rat\u0173 pavara.<\/p>\n<p>\u201eM\u016bs\u0173 auk\u0161\u010diausio lygio\u201e Grandland \u201cvisureigis yra\u201e Opel \u201cetapas\u201c,-sako \u201eOpel\u201c generalinis direktorius Florianas Huettas. \u201eKlientai jau pasirinko akumuliatori\u0173 elektros pavar\u0105, hibrid\u0105 su papildiniais ir hibridais, naudodamiesi 48 volt\u0173 technologijomis. Dabar mes si\u016blome dar daugiau pasirinkimo b\u016bd\u0173 su\u201e Grandland Electric AWD \u201cir tokiu b\u016bdu u\u017etikrindami, kad m\u016bs\u0173 klientai gal\u0117t\u0173 m\u0117gautis maksimaliu efektyvumu ir saugumu \u012fvairiomis oro ir kelio s\u0105lygomis, kartu su daugybe vairavimo.\u201c<\/p>\n<div id=\"ez-toc-container\" class=\"ez-toc-v2_0_82_2 counter-hierarchy ez-toc-counter ez-toc-grey ez-toc-container-direction\">\n<div class=\"ez-toc-title-container\">\n<p class=\"ez-toc-title\" style=\"cursor:inherit\">Turinys:<\/p>\n<span class=\"ez-toc-title-toggle\"><a href=\"#\" class=\"ez-toc-pull-right ez-toc-btn ez-toc-btn-xs ez-toc-btn-default ez-toc-toggle\" aria-label=\"Toggle Table of Content\"><span class=\"ez-toc-js-icon-con\"><span class=\"\"><span class=\"eztoc-hide\" style=\"display:none;\">Toggle<\/span><span class=\"ez-toc-icon-toggle-span\"><svg style=\"fill: #999;color:#999\" xmlns=\"http:\/\/www.w3.org\/2000\/svg\" class=\"list-377408\" width=\"20px\" height=\"20px\" viewBox=\"0 0 24 24\" fill=\"none\"><path d=\"M6 6H4v2h2V6zm14 0H8v2h12V6zM4 11h2v2H4v-2zm16 0H8v2h12v-2zM4 16h2v2H4v-2zm16 0H8v2h12v-2z\" fill=\"currentColor\"><\/path><\/svg><svg style=\"fill: #999;color:#999\" class=\"arrow-unsorted-368013\" xmlns=\"http:\/\/www.w3.org\/2000\/svg\" width=\"10px\" height=\"10px\" viewBox=\"0 0 24 24\" version=\"1.2\" baseProfile=\"tiny\"><path d=\"M18.2 9.3l-6.2-6.3-6.2 6.3c-.2.2-.3.4-.3.7s.1.5.3.7c.2.2.4.3.7.3h11c.3 0 .5-.1.7-.3.2-.2.3-.5.3-.7s-.1-.5-.3-.7zM5.8 14.7l6.2 6.3 6.2-6.3c.2-.2.3-.5.3-.7s-.1-.5-.3-.7c-.2-.2-.4-.3-.7-.3h-11c-.3 0-.5.1-.7.3-.2.2-.3.5-.3.7s.1.5.3.7z\"\/><\/svg><\/span><\/span><\/span><\/a><\/span><\/div>\n<nav><ul class='ez-toc-list ez-toc-list-level-1 ' ><li class='ez-toc-page-1 ez-toc-heading-level-2'><a class=\"ez-toc-link ez-toc-heading-1\" href=\"http:\/\/eautomobiliai.lt\/index.php\/2025\/06\/15\/opel-grandland-blitz-awd-ev-turetu-suteikti-mums-jeep-gerbeju-vilti\/#%E2%80%9EStellantis%E2%80%9C_tai_supranta_Europoje\" >\u201eStellantis\u201c tai supranta Europoje<\/a><\/li><li class='ez-toc-page-1 ez-toc-heading-level-2'><a class=\"ez-toc-link ez-toc-heading-2\" href=\"http:\/\/eautomobiliai.lt\/index.php\/2025\/06\/15\/opel-grandland-blitz-awd-ev-turetu-suteikti-mums-jeep-gerbeju-vilti\/#%E2%80%9EElectreks_Take%E2%80%9C\" >\u201eElectrek&#8217;s Take\u201c<\/a><\/li><\/ul><\/nav><\/div>\n<h2 class=\"wp-block-heading\" id=\"h-stellantis-gets-it-right-in-europe\"><span class=\"ez-toc-section\" id=\"%E2%80%9EStellantis%E2%80%9C_tai_supranta_Europoje\"><\/span>\u201eStellantis\u201c tai supranta Europoje<span class=\"ez-toc-section-end\"><\/span><\/h2>\n<hr\/>\n<p>\u201eOpel\u201c sako, kad naujasis \u201eAWD Grandland\u201c yra jo aerodinami\u0161kai efektyviausias modelis, kurio tempimo koeficientas (CD) yra tik 0,278. \u0160is efektyvumas, suporuotas su pana\u0161iai efektyviais elektriniais varikliais ir 73 kWh Li-jon\u0173 NMC akumuliatoriumi, suteikia elektrin\u012f kry\u017emin\u012f krosover\u012f 501 km (311 myli\u0173) WLTP diapazon\u0105, o kartu su visais \u017ealiaisiais ir 375 svar\u0173 p\u0117d\u0173 sukimo momentu tur\u0117t\u0173 b\u016bti tinkama ir 325 AG ir 375 svar\u0173 p\u0117d\u0173 sukimo momentas.<\/p>\n<p>\t<span class=\"outbrain-ad-label\">Skelbimas &#8211; slinkite daugiau turinio<\/span><\/p>\n<p>Taip pat pa\u017ead\u0117ta, kad pakaba ir tvarkymas taip pat pateiks \u201eOpel\u201c teiginius apie \u201etipi\u0161k\u0105\u201c kry\u017eiuo\u010di\u0173 vairavimo patirt\u012f Did\u017eiojo AWD:<\/p>\n<blockquote class=\"wp-block-quote is-layout-flow wp-block-quote-is-layout-flow\">\n<p>Tiek vairavimo malonum\u0105, tiek patogum\u0105 dar labiau pabr\u0117\u017eia sklend\u0117s, turin\u010dios da\u017eni\u0173 selektyvios slopinimo technologij\u0105. \u0160i unikali technologija yra standartin\u0117 \u201eThe Grandland Electric AWD\u201c ir apima antr\u0105j\u0105 hidraulin\u0119 grandin\u0119 \u012f sklend\u0117s kamer\u0105, kad mechani\u0161kai pritaikyt\u0173 slopinimo j\u0117g\u0105, palyginti su da\u017eniu. Atsi\u017evelgiant \u012f situacij\u0105, kelio pavir\u0161iaus s\u0105lygas ir vairavimo stili\u0173, jis \u012fgalina \u012fvairias amortizacijos savybes, kad b\u016bt\u0173 patogiai slidin\u0117ti auk\u0161tais da\u017eniais &#8211; ty trumpu sm\u016bgiu, pavyzd\u017eiui, akmenimis ar \u0161ulinio danga &#8211; taip pat sporti\u0161kam, ambicingam vairavimo stiliui, tiesioginiam kontaktui su keliu \u017eemu da\u017eniu. Mo\u010diut\u0117s reaguoja dar labiau ir tiesiogiai \u012f bet kuri\u0105 vairuotojo komand\u0105 ir, kaip b\u016bdinga \u201eOpel\u201c, i\u0161lieka stabilus stabdant, pasukant pos\u016bkius ir dideliu grei\u010diu \u201eAutobahn\u201c.<\/p>\n<p>\u201eOpel\u201c prane\u0161imas spaudai<\/p>\n<\/blockquote>\n<p>\u201eOpel Brican Electric AWD\u201c laivai su keturiais standartiniais disko re\u017eimais, kuriuose yra \u201eNormal\u201c, \u201eEco\u201c, \u201eSport\u201c ir \u201e4WD\u201c re\u017eimas, kuris imituoja fiksavimo a\u0161is ir tikr\u0105j\u012f 4 \u00d7 4 visureig\u012f. ESP ir traukos valdymo sistemos taip pat priima specifinius parametrus, kad padidint\u0173 sukibim\u0105 4WD re\u017eimu, o maksimali galia ir sukimo momentas yra akimirksniu.<\/p>\n<h2 class=\"wp-block-heading\" id=\"h-electrek-s-take\"><span class=\"ez-toc-section\" id=\"%E2%80%9EElectreks_Take%E2%80%9C\"><\/span>\u201eElectrek&#8217;s Take\u201c<span class=\"ez-toc-section-end\"><\/span><\/h2>\n<hr\/>\n<figure class=\"wp-block-image alignwide size-large\"><img loading=\"lazy\" decoding=\"async\" height=\"683\" width=\"1024\" src=\"https:\/\/electrek.co\/wp-content\/uploads\/sites\/3\/2025\/06\/jeep_opel_MAIN.png?w=1024\" alt=\"2026 \u201eJeep Cherokee\u201c elektrinis visureigis\" class=\"wp-image-420358\" srcset=\"https:\/\/electrek.co\/wp-content\/uploads\/sites\/3\/2025\/06\/jeep_opel_MAIN.png 1536w, https:\/\/electrek.co\/wp-content\/uploads\/sites\/3\/2025\/06\/jeep_opel_MAIN.png?resize=150,100 150w, https:\/\/electrek.co\/wp-content\/uploads\/sites\/3\/2025\/06\/jeep_opel_MAIN.png?resize=300,200 300w, https:\/\/electrek.co\/wp-content\/uploads\/sites\/3\/2025\/06\/jeep_opel_MAIN.png?resize=768,512 768w, https:\/\/electrek.co\/wp-content\/uploads\/sites\/3\/2025\/06\/jeep_opel_MAIN.png?resize=1024,683 1024w, https:\/\/electrek.co\/wp-content\/uploads\/sites\/3\/2025\/06\/jeep_opel_MAIN.png?resize=350,233 350w, https:\/\/electrek.co\/wp-content\/uploads\/sites\/3\/2025\/06\/jeep_opel_MAIN.png?resize=140,93 140w, https:\/\/electrek.co\/wp-content\/uploads\/sites\/3\/2025\/06\/jeep_opel_MAIN.png?resize=1500,1000 1500w\" sizes=\"auto, (max-width: 1024px) 100vw, 1024px\"\/><figcaption class=\"wp-element-caption\">2026 m. \u201eJeep Cherokee Electric\u201c visureigis; per pokalb\u012f GPT.<\/figcaption><\/figure>\n<p>Kaip jau gal\u0117tum pasakyti dabar, Europos stellantijos EV maitinimas \u012f AI vaizdo generatori\u0173 ir papra\u0161yti, kad jis \u201epatekt\u0173 \u012f d\u017eipus\u201c yra vienas i\u0161 mano nauj\u0173 m\u0117gstamiausi\u0173 dalyk\u0173. \u0160is naujas \u201eOpel\u201c nesiskiria, o gautas vaizdas (auk\u0161\u010diau) suporuotas su modeliais, nurodytomis specifikacijomis, suteiks man vilties, kad kita \u201eJeep EVS\u201c banga padarys geriau nei \u201eWagoneer S\u201c pritraukiant pirk\u0117jus. Viskas, ko jiems tikrai reikia, yra tinkamas vardas ir tinkama kaina, kad b\u016bt\u0173 nugal\u0117tojai.<\/p>\n<p><strong>\u0160altinis | Vaizdai<\/strong>: Opel.<\/p>\n<figure class=\"wp-block-image alignwide\"><img loading=\"lazy\" decoding=\"async\" width=\"750\" height=\"150\" src=\"https:\/\/electrek.co\/wp-content\/uploads\/sites\/3\/2025\/03\/DES-1038_Electrek-Banners_EVs_0797c2.png\" alt=\"\" class=\"wp-image-408967\" srcset=\"https:\/\/electrek.co\/wp-content\/uploads\/sites\/3\/2025\/03\/DES-1038_Electrek-Banners_EVs_0797c2.png 750w, https:\/\/electrek.co\/wp-content\/uploads\/sites\/3\/2025\/03\/DES-1038_Electrek-Banners_EVs_0797c2.png?resize=150,30 150w, https:\/\/electrek.co\/wp-content\/uploads\/sites\/3\/2025\/03\/DES-1038_Electrek-Banners_EVs_0797c2.png?resize=300,60 300w, https:\/\/electrek.co\/wp-content\/uploads\/sites\/3\/2025\/03\/DES-1038_Electrek-Banners_EVs_0797c2.png?resize=350,70 350w, https:\/\/electrek.co\/wp-content\/uploads\/sites\/3\/2025\/03\/DES-1038_Electrek-Banners_EVs_0797c2.png?resize=140,28 140w\" sizes=\"auto, (max-width: 750px) 100vw, 750px\"\/><\/figure>\n<hr class=\"wp-block-separator has-alpha-channel-opacity\"\/>\n<p><em>J\u016bs\u0173 individualizuotas saul\u0117s citatas lengva palyginti internete ir gausite prieig\u0105 prie ne\u0161ali\u0161k\u0173 patar\u0117j\u0173 energetikos srityje, kad pad\u0117tum\u0117te jums kiekvienam \u017eingsniui. Geriausia dalis? Niekas jums neskambins, kol nepasirinksite jud\u0117ti \u012f priek\u012f. Prad\u0117kite, be vargo, spustel\u0117dami \u010dia.<\/em><\/p>\n<div class=\"ad-disclaimer-container\">\n<p class=\"disclaimer-affiliate\"><em>FPK: Mes naudojame pajamas gaunan\u010dias automatinio filialo nuorodas.<\/em> Daugiau.<\/p>\n<p><!-- post ad --><\/div>\n<\/p><\/div>\n<p><br \/>\n<br \/><a href=\"https:\/\/electrek.co\/2025\/06\/14\/opel-grandland-blitz-awd-electric-suv-should-give-us-jeep-fans-hope\/\">Source link <\/a><\/p>\n","protected":false},"excerpt":{"rendered":"<p>Tap\u0119s pirmuoju Europos prek\u0117s \u017eenklu, si\u016blan\u010diu visi\u0161kai elektrines kiekvieno parduodamo modelio versijas &#8211; ir u\u017e t\u0105 pa\u010di\u0105 kain\u0105, kaip ir&hellip;<\/p>\n","protected":false},"author":1,"featured_media":1177,"comment_status":"open","ping_status":"open","sticky":false,"template":"","format":"standard","meta":{"om_disable_all_campaigns":false,"_monsterinsights_skip_tracking":false,"_monsterinsights_sitenote_active":false,"_monsterinsights_sitenote_note":"","_monsterinsights_sitenote_category":0,"footnotes":""},"categories":[8],"tags":[1737,2407,2410,2406,382,2409,2194,2408,1927,2411],"class_list":["post-1176","post","type-post","status-publish","format-standard","has-post-thumbnail","hentry","category-elektriniai-automobiliai","tag-awd","tag-blitz","tag-gerbeju","tag-grandland","tag-jeep","tag-mums","tag-opel","tag-suteikti","tag-turetu","tag-vilti"],"aioseo_notices":[],"yoast_head":"<!-- This site is optimized with the Yoast SEO plugin v26.8 - https:\/\/yoast.com\/product\/yoast-seo-wordpress\/ -->\n<title>\u201eOpel Grandland Blitz AWD EV\u201c tur\u0117t\u0173 suteikti mums \u201eJeep\u201c gerb\u0117j\u0173 vilt\u012f - Eautomobiliai.lt<\/title>\n<meta name=\"robots\" content=\"index, follow, max-snippet:-1, max-image-preview:large, max-video-preview:-1\" \/>\n<link rel=\"canonical\" href=\"https:\/\/eautomobiliai.lt\/index.php\/2025\/06\/15\/opel-grandland-blitz-awd-ev-turetu-suteikti-mums-jeep-gerbeju-vilti\/\" \/>\n<meta property=\"og:locale\" content=\"lt_LT\" \/>\n<meta property=\"og:type\" content=\"article\" \/>\n<meta property=\"og:title\" content=\"\u201eOpel Grandland Blitz AWD EV\u201c tur\u0117t\u0173 suteikti mums \u201eJeep\u201c gerb\u0117j\u0173 vilt\u012f - Eautomobiliai.lt\" \/>\n<meta property=\"og:description\" content=\"Tap\u0119s pirmuoju Europos prek\u0117s \u017eenklu, si\u016blan\u010diu visi\u0161kai elektrines kiekvieno parduodamo modelio versijas &#8211; ir u\u017e t\u0105 pa\u010di\u0105 kain\u0105, kaip ir&hellip;\" \/>\n<meta property=\"og:url\" content=\"https:\/\/eautomobiliai.lt\/index.php\/2025\/06\/15\/opel-grandland-blitz-awd-ev-turetu-suteikti-mums-jeep-gerbeju-vilti\/\" \/>\n<meta property=\"og:site_name\" content=\"Eautomobiliai.lt\" \/>\n<meta property=\"article:published_time\" content=\"2025-06-15T03:31:15+00:00\" \/>\n<meta property=\"og:image\" content=\"https:\/\/eautomobiliai.lt\/wp-content\/uploads\/2025\/06\/\u201eOpel-Grandland-Blitz-AWD-EV-turetu-suteikti-mums-\u201eJeep-gerbeju.jpg\" \/>\n\t<meta property=\"og:image:width\" content=\"1200\" \/>\n\t<meta property=\"og:image:height\" content=\"600\" \/>\n\t<meta property=\"og:image:type\" content=\"image\/jpeg\" \/>\n<meta name=\"author\" content=\"admin\" \/>\n<meta name=\"twitter:card\" content=\"summary_large_image\" \/>\n<meta name=\"twitter:label1\" content=\"Written by\" \/>\n\t<meta name=\"twitter:data1\" content=\"admin\" \/>\n\t<meta name=\"twitter:label2\" content=\"Est. reading time\" \/>\n\t<meta name=\"twitter:data2\" content=\"3 minut\u0117s\" \/>\n<script type=\"application\/ld+json\" class=\"yoast-schema-graph\">{\"@context\":\"https:\/\/schema.org\",\"@graph\":[{\"@type\":\"Article\",\"@id\":\"https:\/\/eautomobiliai.lt\/index.php\/2025\/06\/15\/opel-grandland-blitz-awd-ev-turetu-suteikti-mums-jeep-gerbeju-vilti\/#article\",\"isPartOf\":{\"@id\":\"https:\/\/eautomobiliai.lt\/index.php\/2025\/06\/15\/opel-grandland-blitz-awd-ev-turetu-suteikti-mums-jeep-gerbeju-vilti\/\"},\"author\":{\"name\":\"admin\",\"@id\":\"http:\/\/eautomobiliai.lt\/#\/schema\/person\/ecf2a967f361217d056061f74deb92f2\"},\"headline\":\"\u201eOpel Grandland Blitz AWD EV\u201c tur\u0117t\u0173 suteikti mums \u201eJeep\u201c gerb\u0117j\u0173 vilt\u012f\",\"datePublished\":\"2025-06-15T03:31:15+00:00\",\"mainEntityOfPage\":{\"@id\":\"https:\/\/eautomobiliai.lt\/index.php\/2025\/06\/15\/opel-grandland-blitz-awd-ev-turetu-suteikti-mums-jeep-gerbeju-vilti\/\"},\"wordCount\":605,\"commentCount\":0,\"image\":{\"@id\":\"https:\/\/eautomobiliai.lt\/index.php\/2025\/06\/15\/opel-grandland-blitz-awd-ev-turetu-suteikti-mums-jeep-gerbeju-vilti\/#primaryimage\"},\"thumbnailUrl\":\"http:\/\/eautomobiliai.lt\/wp-content\/uploads\/2025\/06\/\u201eOpel-Grandland-Blitz-AWD-EV-turetu-suteikti-mums-\u201eJeep-gerbeju.jpg\",\"keywords\":[\"AWD\",\"Blitz\",\"gerb\u0117j\u0173\",\"Grandland\",\"Jeep\",\"mums\",\"Opel\",\"suteikti\",\"tur\u0117t\u0173\",\"vilt\u012f\"],\"articleSection\":[\"ELEKTRINIAI AUTOMOBILIAI\"],\"inLanguage\":\"lt-LT\",\"potentialAction\":[{\"@type\":\"CommentAction\",\"name\":\"Comment\",\"target\":[\"https:\/\/eautomobiliai.lt\/index.php\/2025\/06\/15\/opel-grandland-blitz-awd-ev-turetu-suteikti-mums-jeep-gerbeju-vilti\/#respond\"]}]},{\"@type\":\"WebPage\",\"@id\":\"https:\/\/eautomobiliai.lt\/index.php\/2025\/06\/15\/opel-grandland-blitz-awd-ev-turetu-suteikti-mums-jeep-gerbeju-vilti\/\",\"url\":\"https:\/\/eautomobiliai.lt\/index.php\/2025\/06\/15\/opel-grandland-blitz-awd-ev-turetu-suteikti-mums-jeep-gerbeju-vilti\/\",\"name\":\"\u201eOpel Grandland Blitz AWD EV\u201c tur\u0117t\u0173 suteikti mums \u201eJeep\u201c gerb\u0117j\u0173 vilt\u012f - Eautomobiliai.lt\",\"isPartOf\":{\"@id\":\"http:\/\/eautomobiliai.lt\/#website\"},\"primaryImageOfPage\":{\"@id\":\"https:\/\/eautomobiliai.lt\/index.php\/2025\/06\/15\/opel-grandland-blitz-awd-ev-turetu-suteikti-mums-jeep-gerbeju-vilti\/#primaryimage\"},\"image\":{\"@id\":\"https:\/\/eautomobiliai.lt\/index.php\/2025\/06\/15\/opel-grandland-blitz-awd-ev-turetu-suteikti-mums-jeep-gerbeju-vilti\/#primaryimage\"},\"thumbnailUrl\":\"http:\/\/eautomobiliai.lt\/wp-content\/uploads\/2025\/06\/\u201eOpel-Grandland-Blitz-AWD-EV-turetu-suteikti-mums-\u201eJeep-gerbeju.jpg\",\"datePublished\":\"2025-06-15T03:31:15+00:00\",\"author\":{\"@id\":\"http:\/\/eautomobiliai.lt\/#\/schema\/person\/ecf2a967f361217d056061f74deb92f2\"},\"breadcrumb\":{\"@id\":\"https:\/\/eautomobiliai.lt\/index.php\/2025\/06\/15\/opel-grandland-blitz-awd-ev-turetu-suteikti-mums-jeep-gerbeju-vilti\/#breadcrumb\"},\"inLanguage\":\"lt-LT\",\"potentialAction\":[{\"@type\":\"ReadAction\",\"target\":[\"https:\/\/eautomobiliai.lt\/index.php\/2025\/06\/15\/opel-grandland-blitz-awd-ev-turetu-suteikti-mums-jeep-gerbeju-vilti\/\"]}]},{\"@type\":\"ImageObject\",\"inLanguage\":\"lt-LT\",\"@id\":\"https:\/\/eautomobiliai.lt\/index.php\/2025\/06\/15\/opel-grandland-blitz-awd-ev-turetu-suteikti-mums-jeep-gerbeju-vilti\/#primaryimage\",\"url\":\"http:\/\/eautomobiliai.lt\/wp-content\/uploads\/2025\/06\/\u201eOpel-Grandland-Blitz-AWD-EV-turetu-suteikti-mums-\u201eJeep-gerbeju.jpg\",\"contentUrl\":\"http:\/\/eautomobiliai.lt\/wp-content\/uploads\/2025\/06\/\u201eOpel-Grandland-Blitz-AWD-EV-turetu-suteikti-mums-\u201eJeep-gerbeju.jpg\",\"width\":1200,\"height\":600},{\"@type\":\"BreadcrumbList\",\"@id\":\"https:\/\/eautomobiliai.lt\/index.php\/2025\/06\/15\/opel-grandland-blitz-awd-ev-turetu-suteikti-mums-jeep-gerbeju-vilti\/#breadcrumb\",\"itemListElement\":[{\"@type\":\"ListItem\",\"position\":1,\"name\":\"Home\",\"item\":\"http:\/\/eautomobiliai.lt\/\"},{\"@type\":\"ListItem\",\"position\":2,\"name\":\"\u201eOpel Grandland Blitz AWD EV\u201c tur\u0117t\u0173 suteikti mums \u201eJeep\u201c gerb\u0117j\u0173 vilt\u012f\"}]},{\"@type\":\"WebSite\",\"@id\":\"http:\/\/eautomobiliai.lt\/#website\",\"url\":\"http:\/\/eautomobiliai.lt\/\",\"name\":\"Eautomobiliai.lt\",\"description\":\"Elektrinis transportas, technologijos\",\"potentialAction\":[{\"@type\":\"SearchAction\",\"target\":{\"@type\":\"EntryPoint\",\"urlTemplate\":\"http:\/\/eautomobiliai.lt\/?s={search_term_string}\"},\"query-input\":{\"@type\":\"PropertyValueSpecification\",\"valueRequired\":true,\"valueName\":\"search_term_string\"}}],\"inLanguage\":\"lt-LT\"},{\"@type\":\"Person\",\"@id\":\"http:\/\/eautomobiliai.lt\/#\/schema\/person\/ecf2a967f361217d056061f74deb92f2\",\"name\":\"admin\",\"image\":{\"@type\":\"ImageObject\",\"inLanguage\":\"lt-LT\",\"@id\":\"http:\/\/eautomobiliai.lt\/#\/schema\/person\/image\/\",\"url\":\"https:\/\/secure.gravatar.com\/avatar\/6323379efae0c70c686c7905444d6bbd?s=96&d=mm&r=g\",\"contentUrl\":\"https:\/\/secure.gravatar.com\/avatar\/6323379efae0c70c686c7905444d6bbd?s=96&d=mm&r=g\",\"caption\":\"admin\"},\"sameAs\":[\"http:\/\/eautomobiliai.lt\"],\"url\":\"http:\/\/eautomobiliai.lt\/index.php\/author\/admin\/\"}]}<\/script>\n<!-- \/ Yoast SEO plugin. -->","yoast_head_json":{"title":"\u201eOpel Grandland Blitz AWD EV\u201c tur\u0117t\u0173 suteikti mums \u201eJeep\u201c gerb\u0117j\u0173 vilt\u012f - Eautomobiliai.lt","robots":{"index":"index","follow":"follow","max-snippet":"max-snippet:-1","max-image-preview":"max-image-preview:large","max-video-preview":"max-video-preview:-1"},"canonical":"https:\/\/eautomobiliai.lt\/index.php\/2025\/06\/15\/opel-grandland-blitz-awd-ev-turetu-suteikti-mums-jeep-gerbeju-vilti\/","og_locale":"lt_LT","og_type":"article","og_title":"\u201eOpel Grandland Blitz AWD EV\u201c tur\u0117t\u0173 suteikti mums \u201eJeep\u201c gerb\u0117j\u0173 vilt\u012f - Eautomobiliai.lt","og_description":"Tap\u0119s pirmuoju Europos prek\u0117s \u017eenklu, si\u016blan\u010diu visi\u0161kai elektrines kiekvieno parduodamo modelio versijas &#8211; ir u\u017e t\u0105 pa\u010di\u0105 kain\u0105, kaip ir&hellip;","og_url":"https:\/\/eautomobiliai.lt\/index.php\/2025\/06\/15\/opel-grandland-blitz-awd-ev-turetu-suteikti-mums-jeep-gerbeju-vilti\/","og_site_name":"Eautomobiliai.lt","article_published_time":"2025-06-15T03:31:15+00:00","og_image":[{"width":1200,"height":600,"url":"https:\/\/eautomobiliai.lt\/wp-content\/uploads\/2025\/06\/\u201eOpel-Grandland-Blitz-AWD-EV-turetu-suteikti-mums-\u201eJeep-gerbeju.jpg","type":"image\/jpeg"}],"author":"admin","twitter_card":"summary_large_image","twitter_misc":{"Written by":"admin","Est. reading time":"3 minut\u0117s"},"schema":{"@context":"https:\/\/schema.org","@graph":[{"@type":"Article","@id":"https:\/\/eautomobiliai.lt\/index.php\/2025\/06\/15\/opel-grandland-blitz-awd-ev-turetu-suteikti-mums-jeep-gerbeju-vilti\/#article","isPartOf":{"@id":"https:\/\/eautomobiliai.lt\/index.php\/2025\/06\/15\/opel-grandland-blitz-awd-ev-turetu-suteikti-mums-jeep-gerbeju-vilti\/"},"author":{"name":"admin","@id":"http:\/\/eautomobiliai.lt\/#\/schema\/person\/ecf2a967f361217d056061f74deb92f2"},"headline":"\u201eOpel Grandland Blitz AWD EV\u201c tur\u0117t\u0173 suteikti mums \u201eJeep\u201c gerb\u0117j\u0173 vilt\u012f","datePublished":"2025-06-15T03:31:15+00:00","mainEntityOfPage":{"@id":"https:\/\/eautomobiliai.lt\/index.php\/2025\/06\/15\/opel-grandland-blitz-awd-ev-turetu-suteikti-mums-jeep-gerbeju-vilti\/"},"wordCount":605,"commentCount":0,"image":{"@id":"https:\/\/eautomobiliai.lt\/index.php\/2025\/06\/15\/opel-grandland-blitz-awd-ev-turetu-suteikti-mums-jeep-gerbeju-vilti\/#primaryimage"},"thumbnailUrl":"http:\/\/eautomobiliai.lt\/wp-content\/uploads\/2025\/06\/\u201eOpel-Grandland-Blitz-AWD-EV-turetu-suteikti-mums-\u201eJeep-gerbeju.jpg","keywords":["AWD","Blitz","gerb\u0117j\u0173","Grandland","Jeep","mums","Opel","suteikti","tur\u0117t\u0173","vilt\u012f"],"articleSection":["ELEKTRINIAI AUTOMOBILIAI"],"inLanguage":"lt-LT","potentialAction":[{"@type":"CommentAction","name":"Comment","target":["https:\/\/eautomobiliai.lt\/index.php\/2025\/06\/15\/opel-grandland-blitz-awd-ev-turetu-suteikti-mums-jeep-gerbeju-vilti\/#respond"]}]},{"@type":"WebPage","@id":"https:\/\/eautomobiliai.lt\/index.php\/2025\/06\/15\/opel-grandland-blitz-awd-ev-turetu-suteikti-mums-jeep-gerbeju-vilti\/","url":"https:\/\/eautomobiliai.lt\/index.php\/2025\/06\/15\/opel-grandland-blitz-awd-ev-turetu-suteikti-mums-jeep-gerbeju-vilti\/","name":"\u201eOpel Grandland Blitz AWD EV\u201c tur\u0117t\u0173 suteikti mums \u201eJeep\u201c gerb\u0117j\u0173 vilt\u012f - Eautomobiliai.lt","isPartOf":{"@id":"http:\/\/eautomobiliai.lt\/#website"},"primaryImageOfPage":{"@id":"https:\/\/eautomobiliai.lt\/index.php\/2025\/06\/15\/opel-grandland-blitz-awd-ev-turetu-suteikti-mums-jeep-gerbeju-vilti\/#primaryimage"},"image":{"@id":"https:\/\/eautomobiliai.lt\/index.php\/2025\/06\/15\/opel-grandland-blitz-awd-ev-turetu-suteikti-mums-jeep-gerbeju-vilti\/#primaryimage"},"thumbnailUrl":"http:\/\/eautomobiliai.lt\/wp-content\/uploads\/2025\/06\/\u201eOpel-Grandland-Blitz-AWD-EV-turetu-suteikti-mums-\u201eJeep-gerbeju.jpg","datePublished":"2025-06-15T03:31:15+00:00","author":{"@id":"http:\/\/eautomobiliai.lt\/#\/schema\/person\/ecf2a967f361217d056061f74deb92f2"},"breadcrumb":{"@id":"https:\/\/eautomobiliai.lt\/index.php\/2025\/06\/15\/opel-grandland-blitz-awd-ev-turetu-suteikti-mums-jeep-gerbeju-vilti\/#breadcrumb"},"inLanguage":"lt-LT","potentialAction":[{"@type":"ReadAction","target":["https:\/\/eautomobiliai.lt\/index.php\/2025\/06\/15\/opel-grandland-blitz-awd-ev-turetu-suteikti-mums-jeep-gerbeju-vilti\/"]}]},{"@type":"ImageObject","inLanguage":"lt-LT","@id":"https:\/\/eautomobiliai.lt\/index.php\/2025\/06\/15\/opel-grandland-blitz-awd-ev-turetu-suteikti-mums-jeep-gerbeju-vilti\/#primaryimage","url":"http:\/\/eautomobiliai.lt\/wp-content\/uploads\/2025\/06\/\u201eOpel-Grandland-Blitz-AWD-EV-turetu-suteikti-mums-\u201eJeep-gerbeju.jpg","contentUrl":"http:\/\/eautomobiliai.lt\/wp-content\/uploads\/2025\/06\/\u201eOpel-Grandland-Blitz-AWD-EV-turetu-suteikti-mums-\u201eJeep-gerbeju.jpg","width":1200,"height":600},{"@type":"BreadcrumbList","@id":"https:\/\/eautomobiliai.lt\/index.php\/2025\/06\/15\/opel-grandland-blitz-awd-ev-turetu-suteikti-mums-jeep-gerbeju-vilti\/#breadcrumb","itemListElement":[{"@type":"ListItem","position":1,"name":"Home","item":"http:\/\/eautomobiliai.lt\/"},{"@type":"ListItem","position":2,"name":"\u201eOpel Grandland Blitz AWD EV\u201c tur\u0117t\u0173 suteikti mums \u201eJeep\u201c gerb\u0117j\u0173 vilt\u012f"}]},{"@type":"WebSite","@id":"http:\/\/eautomobiliai.lt\/#website","url":"http:\/\/eautomobiliai.lt\/","name":"Eautomobiliai.lt","description":"Elektrinis transportas, technologijos","potentialAction":[{"@type":"SearchAction","target":{"@type":"EntryPoint","urlTemplate":"http:\/\/eautomobiliai.lt\/?s={search_term_string}"},"query-input":{"@type":"PropertyValueSpecification","valueRequired":true,"valueName":"search_term_string"}}],"inLanguage":"lt-LT"},{"@type":"Person","@id":"http:\/\/eautomobiliai.lt\/#\/schema\/person\/ecf2a967f361217d056061f74deb92f2","name":"admin","image":{"@type":"ImageObject","inLanguage":"lt-LT","@id":"http:\/\/eautomobiliai.lt\/#\/schema\/person\/image\/","url":"https:\/\/secure.gravatar.com\/avatar\/6323379efae0c70c686c7905444d6bbd?s=96&d=mm&r=g","contentUrl":"https:\/\/secure.gravatar.com\/avatar\/6323379efae0c70c686c7905444d6bbd?s=96&d=mm&r=g","caption":"admin"},"sameAs":["http:\/\/eautomobiliai.lt"],"url":"http:\/\/eautomobiliai.lt\/index.php\/author\/admin\/"}]}},"_links":{"self":[{"href":"http:\/\/eautomobiliai.lt\/index.php\/wp-json\/wp\/v2\/posts\/1176","targetHints":{"allow":["GET"]}}],"collection":[{"href":"http:\/\/eautomobiliai.lt\/index.php\/wp-json\/wp\/v2\/posts"}],"about":[{"href":"http:\/\/eautomobiliai.lt\/index.php\/wp-json\/wp\/v2\/types\/post"}],"author":[{"embeddable":true,"href":"http:\/\/eautomobiliai.lt\/index.php\/wp-json\/wp\/v2\/users\/1"}],"replies":[{"embeddable":true,"href":"http:\/\/eautomobiliai.lt\/index.php\/wp-json\/wp\/v2\/comments?post=1176"}],"version-history":[{"count":0,"href":"http:\/\/eautomobiliai.lt\/index.php\/wp-json\/wp\/v2\/posts\/1176\/revisions"}],"wp:featuredmedia":[{"embeddable":true,"href":"http:\/\/eautomobiliai.lt\/index.php\/wp-json\/wp\/v2\/media\/1177"}],"wp:attachment":[{"href":"http:\/\/eautomobiliai.lt\/index.php\/wp-json\/wp\/v2\/media?parent=1176"}],"wp:term":[{"taxonomy":"category","embeddable":true,"href":"http:\/\/eautomobiliai.lt\/index.php\/wp-json\/wp\/v2\/categories?post=1176"},{"taxonomy":"post_tag","embeddable":true,"href":"http:\/\/eautomobiliai.lt\/index.php\/wp-json\/wp\/v2\/tags?post=1176"}],"curies":[{"name":"wp","href":"https:\/\/api.w.org\/{rel}","templated":true}]}}