{"id":1213,"date":"2025-06-18T07:55:43","date_gmt":"2025-06-18T07:55:43","guid":{"rendered":"https:\/\/eautomobiliai.lt\/index.php\/2025\/06\/18\/dvi-socialines-nuomos-programos-skirtos-nulines-emisijos-transporto-priemonems-kurios-is-tikruju-veikia\/"},"modified":"2025-06-18T07:55:43","modified_gmt":"2025-06-18T07:55:43","slug":"dvi-socialines-nuomos-programos-skirtos-nulines-emisijos-transporto-priemonems-kurios-is-tikruju-veikia","status":"publish","type":"post","link":"http:\/\/eautomobiliai.lt\/index.php\/2025\/06\/18\/dvi-socialines-nuomos-programos-skirtos-nulines-emisijos-transporto-priemonems-kurios-is-tikruju-veikia\/","title":{"rendered":"Dvi \u201esocialin\u0117s nuomos\u201c programos, skirtos nulin\u0117s emisijos transporto priemon\u0117ms, kurios i\u0161 tikr\u0173j\u0173 veikia"},"content":{"rendered":"<p> <br \/>\n<\/p>\n<div id=\"\">\n<p>Tikslin\u0117s nulin\u0117s emisijos transporto priemoni\u0173 (ZEV) nuomos programos, paprastai \u017einomos kaip \u201esocialin\u0117 nuomos\u201c, vis da\u017eniau yra diskusij\u0173 apie tai, kaip padaryti \u0161var\u0173 transport\u0105 prieinamesn\u012f ir teisingesn\u012f.<\/p>\n<p>Id\u0117ja yra ta, kad svarstant socialinius elementus, tokius kaip pajam\u0173 lygis ir va\u017eiavimo atstumas, vyriausyb\u0117s parama gali pad\u0117ti suma\u017einti m\u0117nesinius nuomos mokes\u010dius ir padaryti ZEV prieinamesnius tiems, kurie kitaip gali j\u0173 nesugeb\u0117ti sau leisti.<\/p>\n<p>\u010cia a\u0161 pabr\u0117\u017esiu dvi socialin\u0117s nuomos programas &#8211; vien\u0105 Pranc\u016bzijoje ir kitoje Va\u0161ingtono valstijoje JAV &#8211; ir tada i\u0161tirsiu, k\u0105 dar gali atsi\u017evelgti politikos formuotojai kurdami tokias programas.<\/p>\n<p>Pranc\u016bzijos socialin\u0117s nuomos iniciatyva, taikoma tiek naujiems, tiek naudot\u0173 automobiliams ir veik\u0117 nuo 2024 m. Sausio m\u0117n. Iki 2024 m. Vasario vidurio. Va\u0161ingtono valstijoje programa taip pat buvo skirta naujiems ir naudojamiems automobiliams ir veik\u0117 nuo 2024 m. Rugpj\u016b\u010dio m\u0117n. Iki 2024 m. Spalio m\u0117n.<\/p>\n<p>Pranc\u016bzijoje naudos gav\u0117jai tur\u0117jo b\u016bti priemiestiniai, naudodamiesi savo asmenine transporto priemone, o atstumas tarp j\u0173 nam\u0173 ir darbo vietos tur\u0117jo b\u016bti didesnis nei 15 km, arba j\u0173 vairavimas, susij\u0119s su darbu, tur\u0117jo b\u016bti daugiau nei 8000 km per metus.<\/p>\n<p>Programa Pranc\u016bzijoje suk\u0117l\u0117 didel\u012f susidom\u0117jim\u0105, pateikiant 90 000 parai\u0161k\u0173. Gal\u0173 gale buvo patvirtintos 50 000 u\u017esakym\u0173 akumuliatoriaus elektrin\u0117s transporto priemon\u0117s (BEV) ir l\u0117\u0161os buvo i\u0161naudotos per 6 savaites nuo programos paleidimo.<\/p>\n<p>Pirm\u0173j\u0173 25 000 naudos gav\u0117j\u0173 analiz\u0117, remiantis duomenimis, turimais nuo 2025 m. Bir\u017eelio m\u0117n. Taip pat atkreipkite d\u0117mes\u012f, kad du tre\u010ddaliai \u0161i\u0173 asmen\u0173 pateko \u012f nuo vieno iki keturi\u0173 decil\u0173, kurie sudaro ma\u017eiausias pajam\u0173 grupes tarp tinkam\u0173.<\/p>\n<p>Be to, pirmoji \u012fvertint\u0173 naudos gav\u0117j\u0173 pus\u0117 buvo ypa\u010d jaunesn\u0117 &#8211; vidutini\u0161kai 40 met\u0173, palyginti su naujais BEV pirk\u0117jais Pranc\u016bzijoje, vidutini\u0161kai 49 met\u0173 ir vis\u0173 automobili\u0173 pirk\u0117jams vidutini\u0161kai 54 met\u0173.<\/p>\n<p>Duomenys rodo, kad Pranc\u016bzijoje, kai asmenims pasiekia 40 met\u0173, j\u0173 vidutinis pragyvenimo lygis &#8211; apskai\u010diuotas padalijant nam\u0173 \u016bkio disponuojamas pajamas i\u0161 nam\u0173 \u016bkio nari\u0173 skai\u010diaus &#8211; BEGINS \u017eymiai padid\u0117ja ir 55\u201364 met\u0173 am\u017eiaus.<\/p>\n<p>Antrasis socialin\u0117s nuomos programos leidimas numatytas i\u0161leisti 2025 m. Rugs\u0117jo m\u0117n. Su modifikacijomis pagal dotacijos sum\u0105, biud\u017eet\u0105 ir tai, kaip bus finansuojama schema.<\/p>\n<p style=\"text-align: center;\"><strong>1 paveikslas.<\/strong> <span class=\"NormalTextRun SCXW49254270 BCX0\">BEV nuomos programos naudos gav\u0117j\u0173 demografija Pranc\u016bzijoje<\/span><span class=\"NormalTextRun SCXW49254270 BCX0\">pateik\u0117 <\/span><span class=\"NormalTextRun SCXW49254270 BCX0\">Pajam\u0173 grup\u0117 (TOP) ir am\u017eiaus grup\u0117 (apa\u010dia)<\/span><\/p>\n<p><img loading=\"lazy\" decoding=\"async\" class=\"wp-image-188506 aligncenter\" src=\"https:\/\/thedriven.io\/wp-content\/uploads\/2025\/06\/Screenshot-2025-06-17-at-9.53.39\u202fam.png\" alt=\"\" width=\"630\" height=\"467\" srcset=\"https:\/\/thedriven.io\/wp-content\/uploads\/2025\/06\/Screenshot-2025-06-17-at-9.53.39\u202fam.png 1682w, https:\/\/thedriven.io\/wp-content\/uploads\/2025\/06\/Screenshot-2025-06-17-at-9.53.39\u202fam-388x288.png 388w, https:\/\/thedriven.io\/wp-content\/uploads\/2025\/06\/Screenshot-2025-06-17-at-9.53.39\u202fam-1160x861.png 1160w, https:\/\/thedriven.io\/wp-content\/uploads\/2025\/06\/Screenshot-2025-06-17-at-9.53.39\u202fam-800x594.png 800w, https:\/\/thedriven.io\/wp-content\/uploads\/2025\/06\/Screenshot-2025-06-17-at-9.53.39\u202fam-1536x1140.png 1536w, https:\/\/thedriven.io\/wp-content\/uploads\/2025\/06\/Screenshot-2025-06-17-at-9.53.39\u202fam-120x90.png 120w, https:\/\/thedriven.io\/wp-content\/uploads\/2025\/06\/Screenshot-2025-06-17-at-9.53.39\u202fam-90x68.png 90w, https:\/\/thedriven.io\/wp-content\/uploads\/2025\/06\/Screenshot-2025-06-17-at-9.53.39\u202fam-320x237.png 320w, https:\/\/thedriven.io\/wp-content\/uploads\/2025\/06\/Screenshot-2025-06-17-at-9.53.39\u202fam-560x416.png 560w, https:\/\/thedriven.io\/wp-content\/uploads\/2025\/06\/Screenshot-2025-06-17-at-9.53.39\u202fam-150x111.png 150w, https:\/\/thedriven.io\/wp-content\/uploads\/2025\/06\/Screenshot-2025-06-17-at-9.53.39\u202fam-240x178.png 240w, https:\/\/thedriven.io\/wp-content\/uploads\/2025\/06\/Screenshot-2025-06-17-at-9.53.39\u202fam-180x134.png 180w, https:\/\/thedriven.io\/wp-content\/uploads\/2025\/06\/Screenshot-2025-06-17-at-9.53.39\u202fam-640x475.png 640w, https:\/\/thedriven.io\/wp-content\/uploads\/2025\/06\/Screenshot-2025-06-17-at-9.53.39\u202fam-1120x831.png 1120w, https:\/\/thedriven.io\/wp-content\/uploads\/2025\/06\/Screenshot-2025-06-17-at-9.53.39\u202fam-1600x1187.png 1600w, https:\/\/thedriven.io\/wp-content\/uploads\/2025\/06\/Screenshot-2025-06-17-at-9.53.39\u202fam-300x223.png 300w\" sizes=\"auto, (max-width: 630px) 100vw, 630px\"\/><img decoding=\"async\" class=\"wp-image-188509 aligncenter native-lazyload-js-fallback\" alt=\"\" width=\"618\" height=\"314\" loading=\"lazy\" src=\"https:\/\/b2232832.smushcdn.com\/2232832\/wp-content\/uploads\/2025\/06\/Screenshot-2025-06-17-at-9.53.47\u202fam.png?lossy=1&amp;strip=0&amp;webp=1\" srcset=\"https:\/\/b2232832.smushcdn.com\/2232832\/wp-content\/uploads\/2025\/06\/Screenshot-2025-06-17-at-9.53.47\u202fam.png?lossy=1&amp;strip=0&amp;webp=1 1676w, https:\/\/b2232832.smushcdn.com\/2232832\/wp-content\/uploads\/2025\/06\/Screenshot-2025-06-17-at-9.53.47\u202fam-388x197.png?lossy=1&amp;strip=0&amp;webp=1 388w, https:\/\/b2232832.smushcdn.com\/2232832\/wp-content\/uploads\/2025\/06\/Screenshot-2025-06-17-at-9.53.47\u202fam-1160x590.png?lossy=1&amp;strip=0&amp;webp=1 1160w, https:\/\/b2232832.smushcdn.com\/2232832\/wp-content\/uploads\/2025\/06\/Screenshot-2025-06-17-at-9.53.47\u202fam-800x407.png?lossy=1&amp;strip=0&amp;webp=1 800w, https:\/\/b2232832.smushcdn.com\/2232832\/wp-content\/uploads\/2025\/06\/Screenshot-2025-06-17-at-9.53.47\u202fam-1536x781.png?lossy=1&amp;strip=0&amp;webp=1 1536w, https:\/\/b2232832.smushcdn.com\/2232832\/wp-content\/uploads\/2025\/06\/Screenshot-2025-06-17-at-9.53.47\u202fam-120x61.png?lossy=1&amp;strip=0&amp;webp=1 120w, https:\/\/b2232832.smushcdn.com\/2232832\/wp-content\/uploads\/2025\/06\/Screenshot-2025-06-17-at-9.53.47\u202fam-90x46.png?lossy=1&amp;strip=0&amp;webp=1 90w, https:\/\/b2232832.smushcdn.com\/2232832\/wp-content\/uploads\/2025\/06\/Screenshot-2025-06-17-at-9.53.47\u202fam-320x163.png?lossy=1&amp;strip=0&amp;webp=1 320w, https:\/\/b2232832.smushcdn.com\/2232832\/wp-content\/uploads\/2025\/06\/Screenshot-2025-06-17-at-9.53.47\u202fam-560x285.png?lossy=1&amp;strip=0&amp;webp=1 560w, https:\/\/b2232832.smushcdn.com\/2232832\/wp-content\/uploads\/2025\/06\/Screenshot-2025-06-17-at-9.53.47\u202fam-150x76.png?lossy=1&amp;strip=0&amp;webp=1 150w, https:\/\/b2232832.smushcdn.com\/2232832\/wp-content\/uploads\/2025\/06\/Screenshot-2025-06-17-at-9.53.47\u202fam-240x122.png?lossy=1&amp;strip=0&amp;webp=1 240w, https:\/\/b2232832.smushcdn.com\/2232832\/wp-content\/uploads\/2025\/06\/Screenshot-2025-06-17-at-9.53.47\u202fam-180x92.png?lossy=1&amp;strip=0&amp;webp=1 180w, https:\/\/b2232832.smushcdn.com\/2232832\/wp-content\/uploads\/2025\/06\/Screenshot-2025-06-17-at-9.53.47\u202fam-640x325.png?lossy=1&amp;strip=0&amp;webp=1 640w, https:\/\/b2232832.smushcdn.com\/2232832\/wp-content\/uploads\/2025\/06\/Screenshot-2025-06-17-at-9.53.47\u202fam-1120x569.png?lossy=1&amp;strip=0&amp;webp=1 1120w, https:\/\/b2232832.smushcdn.com\/2232832\/wp-content\/uploads\/2025\/06\/Screenshot-2025-06-17-at-9.53.47\u202fam-1600x813.png?lossy=1&amp;strip=0&amp;webp=1 1600w, https:\/\/b2232832.smushcdn.com\/2232832\/wp-content\/uploads\/2025\/06\/Screenshot-2025-06-17-at-9.53.47\u202fam-300x153.png?lossy=1&amp;strip=0&amp;webp=1 300w\" data-sizes=\"(max-width: 618px) 100vw, 618px\"\/><img loading=\"lazy\" decoding=\"async\" class=\"wp-image-188509 aligncenter\" src=\"https:\/\/thedriven.io\/wp-content\/uploads\/2025\/06\/Screenshot-2025-06-17-at-9.53.47\u202fam.png\" alt=\"\" width=\"618\" height=\"314\" srcset=\"https:\/\/thedriven.io\/wp-content\/uploads\/2025\/06\/Screenshot-2025-06-17-at-9.53.47\u202fam.png 1676w, https:\/\/thedriven.io\/wp-content\/uploads\/2025\/06\/Screenshot-2025-06-17-at-9.53.47\u202fam-388x197.png 388w, https:\/\/thedriven.io\/wp-content\/uploads\/2025\/06\/Screenshot-2025-06-17-at-9.53.47\u202fam-1160x590.png 1160w, https:\/\/thedriven.io\/wp-content\/uploads\/2025\/06\/Screenshot-2025-06-17-at-9.53.47\u202fam-800x407.png 800w, https:\/\/thedriven.io\/wp-content\/uploads\/2025\/06\/Screenshot-2025-06-17-at-9.53.47\u202fam-1536x781.png 1536w, https:\/\/thedriven.io\/wp-content\/uploads\/2025\/06\/Screenshot-2025-06-17-at-9.53.47\u202fam-120x61.png 120w, https:\/\/thedriven.io\/wp-content\/uploads\/2025\/06\/Screenshot-2025-06-17-at-9.53.47\u202fam-90x46.png 90w, https:\/\/thedriven.io\/wp-content\/uploads\/2025\/06\/Screenshot-2025-06-17-at-9.53.47\u202fam-320x163.png 320w, https:\/\/thedriven.io\/wp-content\/uploads\/2025\/06\/Screenshot-2025-06-17-at-9.53.47\u202fam-560x285.png 560w, https:\/\/thedriven.io\/wp-content\/uploads\/2025\/06\/Screenshot-2025-06-17-at-9.53.47\u202fam-150x76.png 150w, https:\/\/thedriven.io\/wp-content\/uploads\/2025\/06\/Screenshot-2025-06-17-at-9.53.47\u202fam-240x122.png 240w, https:\/\/thedriven.io\/wp-content\/uploads\/2025\/06\/Screenshot-2025-06-17-at-9.53.47\u202fam-180x92.png 180w, https:\/\/thedriven.io\/wp-content\/uploads\/2025\/06\/Screenshot-2025-06-17-at-9.53.47\u202fam-640x325.png 640w, https:\/\/thedriven.io\/wp-content\/uploads\/2025\/06\/Screenshot-2025-06-17-at-9.53.47\u202fam-1120x569.png 1120w, https:\/\/thedriven.io\/wp-content\/uploads\/2025\/06\/Screenshot-2025-06-17-at-9.53.47\u202fam-1600x813.png 1600w, https:\/\/thedriven.io\/wp-content\/uploads\/2025\/06\/Screenshot-2025-06-17-at-9.53.47\u202fam-300x153.png 300w\" sizes=\"auto, (max-width: 618px) 100vw, 618px\"\/><\/p>\n<\/p>\n<div class=\"et_pb_module et_pb_text et_pb_text_2 et_pb_text_align_left et_pb_bg_layout_light\">\n<div class=\"et_pb_text_inner\">Va\u0161ingtono valstijoje programa taip pat baig\u0117si anks\u010diau nei planuota, 2024 m. Spalio m\u0117n. Pabaigoje, nes l\u0117\u0161os buvo i\u0161naudotos. Tai buvo vienas i\u0161 dviej\u0173 valstijos elektrini\u0173 transporto priemoni\u0173 (EV) momentini\u0173 nuolaid\u0173 programos rams\u010di\u0173, taip pat suteik\u0117 nuolaid\u0173 naujiems ir naudojamiems BEV pirkimams pagal tuos pa\u010dius tinkamumo kriterijus kaip ir nuomos.<\/div>\n<div class=\"et_pb_text_inner\">Daugiau nei 4000 gyventoj\u0173 pasinaudojo nuomos galimybe ir gavo 68% vis\u0173 paskirt\u0173 program\u0173 fond\u0173. Vidutin\u0117s nam\u0173 \u016bkio pajamos gav\u0117jams buvo beveik 54 000 USD, daug ma\u017eesn\u0117 nei 2024 m. Nam\u0173 \u016bkio pajam\u0173 vidurkis &#8211; apie 123 000 USD valstyb\u0117je.<\/div>\n<div class=\"et_pb_text_inner\">Nuolaidos pasiek\u0117 ma\u017eesni\u0173 pajam\u0173 grupes ir, svarbiausia, 89% gav\u0117j\u0173 nurod\u0117, kad jie neb\u016bt\u0173 gal\u0117j\u0119 nusipirkti ar i\u0161nuomoti BEV be nuolaidos.<\/div>\n<\/div>\n<div class=\"et_pb_module et_pb_text et_pb_text_3 et_pb_text_align_left et_pb_bg_layout_light\">\n<div class=\"et_pb_text_inner\">\n<p style=\"text-align: center;\"><strong>1 lentel\u0117.<\/strong> <span class=\"NormalTextRun SCXW98697905 BCX0\">I\u0161sami informacija apie<\/span> <span class=\"NormalTextRun SCXW98697905 BCX0\"><\/span> <span class=\"NormalTextRun SCXW98697905 BCX0\">Socialin\u0117 nuomos mokestis <\/span><span class=\"NormalTextRun SCXW98697905 BCX0\">Schema<\/span><span class=\"NormalTextRun SCXW98697905 BCX0\">s<\/span><span class=\"NormalTextRun SCXW98697905 BCX0\">  Pranc\u016bzijoje ir Va\u0161ingtono valstijoje<\/span><\/p>\n<\/div>\n<\/div>\n<p><img decoding=\"async\" class=\" wp-image-188510 aligncenter native-lazyload-js-fallback\" alt=\"\" width=\"628\" height=\"1142\" loading=\"lazy\" src=\"https:\/\/b2232832.smushcdn.com\/2232832\/wp-content\/uploads\/2025\/06\/Screenshot-2025-06-17-at-9.57.36\u202fam.png?lossy=1&amp;strip=0&amp;webp=1\" srcset=\"https:\/\/b2232832.smushcdn.com\/2232832\/wp-content\/uploads\/2025\/06\/Screenshot-2025-06-17-at-9.57.36\u202fam.png?lossy=1&amp;strip=0&amp;webp=1 736w, https:\/\/b2232832.smushcdn.com\/2232832\/wp-content\/uploads\/2025\/06\/Screenshot-2025-06-17-at-9.57.36\u202fam-220x400.png?lossy=1&amp;strip=0&amp;webp=1 220w, https:\/\/b2232832.smushcdn.com\/2232832\/wp-content\/uploads\/2025\/06\/Screenshot-2025-06-17-at-9.57.36\u202fam-120x218.png?lossy=1&amp;strip=0&amp;webp=1 120w, https:\/\/b2232832.smushcdn.com\/2232832\/wp-content\/uploads\/2025\/06\/Screenshot-2025-06-17-at-9.57.36\u202fam-90x164.png?lossy=1&amp;strip=0&amp;webp=1 90w, https:\/\/b2232832.smushcdn.com\/2232832\/wp-content\/uploads\/2025\/06\/Screenshot-2025-06-17-at-9.57.36\u202fam-320x582.png?lossy=1&amp;strip=0&amp;webp=1 320w, https:\/\/b2232832.smushcdn.com\/2232832\/wp-content\/uploads\/2025\/06\/Screenshot-2025-06-17-at-9.57.36\u202fam-560x1018.png?lossy=1&amp;strip=0&amp;webp=1 560w, https:\/\/b2232832.smushcdn.com\/2232832\/wp-content\/uploads\/2025\/06\/Screenshot-2025-06-17-at-9.57.36\u202fam-150x273.png?lossy=1&amp;strip=0&amp;webp=1 150w, https:\/\/b2232832.smushcdn.com\/2232832\/wp-content\/uploads\/2025\/06\/Screenshot-2025-06-17-at-9.57.36\u202fam-240x436.png?lossy=1&amp;strip=0&amp;webp=1 240w, https:\/\/b2232832.smushcdn.com\/2232832\/wp-content\/uploads\/2025\/06\/Screenshot-2025-06-17-at-9.57.36\u202fam-180x327.png?lossy=1&amp;strip=0&amp;webp=1 180w, https:\/\/b2232832.smushcdn.com\/2232832\/wp-content\/uploads\/2025\/06\/Screenshot-2025-06-17-at-9.57.36\u202fam-640x1163.png?lossy=1&amp;strip=0&amp;webp=1 640w, https:\/\/b2232832.smushcdn.com\/2232832\/wp-content\/uploads\/2025\/06\/Screenshot-2025-06-17-at-9.57.36\u202fam-300x545.png?lossy=1&amp;strip=0&amp;webp=1 300w\" data-sizes=\"(max-width: 628px) 100vw, 628px\"\/><img loading=\"lazy\" decoding=\"async\" class=\" wp-image-188510 aligncenter\" src=\"https:\/\/thedriven.io\/wp-content\/uploads\/2025\/06\/Screenshot-2025-06-17-at-9.57.36\u202fam.png\" alt=\"\" width=\"628\" height=\"1142\" srcset=\"https:\/\/thedriven.io\/wp-content\/uploads\/2025\/06\/Screenshot-2025-06-17-at-9.57.36\u202fam.png 736w, https:\/\/thedriven.io\/wp-content\/uploads\/2025\/06\/Screenshot-2025-06-17-at-9.57.36\u202fam-220x400.png 220w, https:\/\/thedriven.io\/wp-content\/uploads\/2025\/06\/Screenshot-2025-06-17-at-9.57.36\u202fam-120x218.png 120w, https:\/\/thedriven.io\/wp-content\/uploads\/2025\/06\/Screenshot-2025-06-17-at-9.57.36\u202fam-90x164.png 90w, https:\/\/thedriven.io\/wp-content\/uploads\/2025\/06\/Screenshot-2025-06-17-at-9.57.36\u202fam-320x582.png 320w, https:\/\/thedriven.io\/wp-content\/uploads\/2025\/06\/Screenshot-2025-06-17-at-9.57.36\u202fam-560x1018.png 560w, https:\/\/thedriven.io\/wp-content\/uploads\/2025\/06\/Screenshot-2025-06-17-at-9.57.36\u202fam-150x273.png 150w, https:\/\/thedriven.io\/wp-content\/uploads\/2025\/06\/Screenshot-2025-06-17-at-9.57.36\u202fam-240x436.png 240w, https:\/\/thedriven.io\/wp-content\/uploads\/2025\/06\/Screenshot-2025-06-17-at-9.57.36\u202fam-180x327.png 180w, https:\/\/thedriven.io\/wp-content\/uploads\/2025\/06\/Screenshot-2025-06-17-at-9.57.36\u202fam-640x1163.png 640w, https:\/\/thedriven.io\/wp-content\/uploads\/2025\/06\/Screenshot-2025-06-17-at-9.57.36\u202fam-300x545.png 300w\" sizes=\"auto, (max-width: 628px) 100vw, 628px\"\/><span data-contrast=\"auto\"> <\/span>Europos automobili\u0173 pramon\u0117s pramon\u0117s veiksm\u0173 planas si\u016blo \u012fgyvendinti nacionalines \u201esocialin\u0117s nuomos schemas\u201c, kurios taikomos naujoms ir panaudotoms ZEV ir nukreipian\u010dioms pa\u017eeid\u017eiamoms grup\u0117ms, tokioms kaip ma\u017eesn\u0117s pajamos.<\/p>\n<p>Europos S\u0105junga (ES) apibr\u0117\u017eia pa\u017eeid\u017eiamas grupes \u012fvairiose teisin\u0117se, politikos ir veiklos sistemose; Socialin\u0117s apsaugos kontekste tai apima tuos, kuriems gresia skurdas, atsi\u017evelgiant \u012f tokius veiksnius kaip etnin\u0117 priklausomyb\u0117.<\/p>\n<p>Veiksm\u0173 planas taip pat si\u016blo \u012ftraukti socialin\u0117s nuomos schemas kaip dal\u012f nacionalini\u0173 socialinio klimato plan\u0173 \u012fgyvendinimo pagal socialinio klimato fond\u0105, kuris buvo \u012fsteigtas siekiant i\u0161spr\u0119sti galim\u0105 neigiam\u0105 art\u0117jan\u010dios ES i\u0161metam\u0173j\u0173 ter\u0161al\u0173 prekybos sistemos (ETS2) socialin\u012f poveik\u012f, ir joje pateikiamos paramos priemon\u0117s pa\u017eeid\u017eiamoms grup\u0117ms, tokioms kaip ZEV pirkimas.<\/p>\n<p>Nor\u0117dami gauti l\u0117\u0161\u0173 i\u0161 socialinio klimato fondo, valstyb\u0117s nar\u0117s privalo rengti nacionalinius socialinio klimato planus (iki 2025 m. Bir\u017eelio 30 d.), Kuriose i\u0161samiai apra\u0161omos priemon\u0117s ir investicijos, kuriomis siekiama remti pa\u017eeid\u017eiamas grupes. <span data-ccp-props=\"{&quot;201341983&quot;:0,&quot;335559739&quot;:120,&quot;335559740&quot;:276}\"> <\/span><\/p>\n<p>Kadangi tikslin\u0117s ZEV nuomos programos sulaukia daugiau d\u0117mesio Europoje, \u010dia yra pagrindin\u0117s politikos formuotoj\u0173 temos, \u012f kurias reikia atsi\u017evelgti vertinant, kaip geriausiai suprojektuoti ir finansuoti tokias iniciatyvas:<\/p>\n<ul>\n<li><strong>Tikslini\u0173 grupi\u0173 apibr\u0117\u017eimas<\/strong>. Be pajam\u0173, va\u017eiavimo \u012f darb\u0105 ir atgal modelius, nuva\u017eiuotus atstumus ir priva\u010di\u0173 automobili\u0173 nuosavyb\u0117s teises, kiti elementai gali apibr\u0117\u017eti pa\u017eeid\u017eiamas grupes, kurios labiau linkusios patirti transporto skurd\u0105. Pirma, schema gali b\u016bti i\u0161pl\u0117sta u\u017e priva\u010di\u0173 asmen\u0173 ne tik papildom\u0173 grupi\u0173, toki\u0173 kaip mikro verslo, turin\u010dios 10 ar ma\u017eiau darbuotoj\u0173 ir asociacij\u0173, valdan\u010di\u0173 didelius transporto priemoni\u0173 laivynus. Antra, galima prid\u0117ti kitus kriterijus, susijusius su prieiga, prieinamumu ir \u012fperkamumu, \u012fskaitant tai, ar yra alternatyvi\u0173 transportavimo galimybi\u0173, toki\u0173 kaip vie\u0161asis transportas ir darbo galimyb\u0117s tam tikrame kelion\u0117s atstume. Urbanizacijos procentas taip pat gali b\u016bti svarbus veiksnys, nes jis susij\u0119s tiek su \u012fvairi\u0173 transporto galimybi\u0173 prieinamumu, tiek su darbo vietomis. Ai\u0161kiai apibr\u0117\u017eian\u010dios tikslines grupes gali pagerinti po\u017ei\u016br\u012f \u012f transporto skurd\u0105 \u017emon\u0117ms, kurie priklauso nuo automobili\u0173, u\u017etikrinant, kad tiems, kurie susiduria su did\u017eiausiomis kli\u016btimis, gaut\u0173 pritaikyt\u0105 param\u0105, pavyzd\u017eiui, pritaikytas nuomos s\u0105lygas ar paramos paslaugas. Kai tokios l\u0117\u0161os skiriamos efektyviau, tai taip pat skatina stipresn\u0119 politin\u0119 ir visuomen\u0117s param\u0105.<\/li>\n<\/ul>\n<ul>\n<li><strong>Kvalifikuot\u0173 transporto priemoni\u0173 modeli\u0173 kriterij\u0173 nustatymas<\/strong>. Siekdamas skatinti \u012fperkamum\u0105 ir prieinamum\u0105 i\u0161 socialin\u0117s perspektyvos, tinkamumas gal\u0117t\u0173 sutelkti d\u0117mes\u012f \u012f ma\u017eesnius segmentus ir \u012ftraukti kain\u0173 limit\u0105, kad b\u016bt\u0173 maksimaliai padidintas vyriausyb\u0117s i\u0161laid\u0173 efektyvumas. Be to, gali b\u016bti \u012fvertinti aplinkosaugos vertinimai, ir tai gali apimti bendr\u0105 \u0161iltnamio efekt\u0105 sukelian\u010di\u0173 duj\u0173 i\u0161metim\u0105 per vis\u0105 transporto priemon\u0117s gyvavimo cikl\u0105, remiantis metodika, kuri\u0105 Europos Komisija paskelbs v\u0117liau \u0161iais metais. \u0160is metodas, \u0161alia socialinio aspekto, gal\u0117t\u0173 paremti klimato tikslus ir pramon\u0117s politik\u0105.<\/li>\n<\/ul>\n<ul>\n<li><strong>Finansavimo galimyb\u0117s<\/strong>. Nacionaliniu lygmeniu viena galimyb\u0117 yra premij\u0173 \u201ctransporto priemoni\u0173 mokes\u010di\u0173 schema, palaikanti ZEV subsidijas, remiantis principu, kur\u012f tur\u0117t\u0173 prisid\u0117ti tie, kurie ter\u0161ia. ES lygmeniu socialinio klimato fondas yra pasirinkimas, o valstyb\u0117s nar\u0117s gali naudotis atk\u016brimo ir atsparumo galimybe iki 2026 m. Pabaigos.<\/li>\n<\/ul>\n<p>Kaip mes mat\u0117me, tikslin\u0117 nuomos nuoma gali pagerinti prieig\u0105 prie ZEV asmenims, kurie kitaip gali netur\u0117ti finansini\u0173 priemoni\u0173 joms pasiekti. Svarbu suprojektuoti \u0161ias programas atsargiai ir apsvarstyti ne tik nacionalines pagrind\u0173 s\u0105lygas, turimus finansavimo \u0161altinius ir susijusias socialines i\u0161mokas, bet ir aplinkos bei pramon\u0117s tikslus.<\/p>\n<p><em>Sandra Wappelhorst yra Tarptautin\u0117s \u0161varaus transporto tarybos tyrim\u0173 vadov\u0117.<\/em><\/p>\n<p><!-- AI CONTENT END 1 --><\/p><\/div>\n<p><br \/>\n<br \/><a href=\"https:\/\/thedriven.io\/2025\/06\/18\/two-social-leasing-programs-for-zero-emission-vehicles-that-actually-work\/\">Source link <\/a><\/p>\n","protected":false},"excerpt":{"rendered":"<p>Tikslin\u0117s nulin\u0117s emisijos transporto priemoni\u0173 (ZEV) nuomos programos, paprastai \u017einomos kaip \u201esocialin\u0117 nuomos\u201c, vis da\u017eniau yra diskusij\u0173 apie tai, kaip&hellip;<\/p>\n","protected":false},"author":1,"featured_media":1214,"comment_status":"open","ping_status":"open","sticky":false,"template":"","format":"standard","meta":{"om_disable_all_campaigns":false,"_monsterinsights_skip_tracking":false,"footnotes":""},"categories":[39],"tags":[2471,894,507,1218,1461,818,1014,2473,2474,2472,2089,46,1813],"class_list":["post-1213","post","type-post","status-publish","format-standard","has-post-thumbnail","hentry","category-eautomobiliu-technine-puse","tag-dvi","tag-emisijos","tag-is","tag-kurios","tag-nulines","tag-nuomos","tag-priemonems","tag-programos","tag-skirtos","tag-socialines","tag-tikruju","tag-transporto","tag-veikia"],"aioseo_notices":[],"aioseo_head":"\n\t\t<!-- All in One SEO 5.0.1.1 - aioseo.com -->\n\t<meta name=\"description\" content=\"Tikslin\u0117s nulin\u0117s emisijos transporto priemoni\u0173 (ZEV) nuomos programos, paprastai \u017einomos kaip \u201esocialin\u0117 nuomos\u201c, vis da\u017eniau yra diskusij\u0173 apie tai, kaip padaryti \u0161var\u0173 transport\u0105 prieinamesn\u012f ir teisingesn\u012f. Id\u0117ja yra ta, kad svarstant socialinius elementus, tokius kaip pajam\u0173 lygis ir va\u017eiavimo atstumas, vyriausyb\u0117s parama gali pad\u0117ti suma\u017einti m\u0117nesinius nuomos mokes\u010dius ir padaryti ZEV prieinamesnius tiems, kurie kitaip\" \/>\n\t<meta name=\"robots\" content=\"max-image-preview:large\" \/>\n\t<meta name=\"author\" content=\"admin\"\/>\n\t<meta name=\"google-site-verification\" content=\"6zgFQV_ggON3NjnliunX3rIOfPu1cN2bmZH3rMwZjlE\" \/>\n\t<link rel=\"canonical\" href=\"http:\/\/eautomobiliai.lt\/index.php\/2025\/06\/18\/dvi-socialines-nuomos-programos-skirtos-nulines-emisijos-transporto-priemonems-kurios-is-tikruju-veikia\/\" \/>\n\t<meta name=\"generator\" content=\"All in One SEO (AIOSEO) 5.0.1.1\" \/>\n\t\t<meta property=\"og:locale\" content=\"lt_LT\" \/>\n\t\t<meta property=\"og:site_name\" content=\"Eautomobiliai.lt - Elektrinis transportas, technologijos\" \/>\n\t\t<meta property=\"og:type\" content=\"article\" \/>\n\t\t<meta property=\"og:title\" content=\"Dvi \u201esocialin\u0117s nuomos\u201c programos, skirtos nulin\u0117s emisijos transporto priemon\u0117ms, kurios i\u0161 tikr\u0173j\u0173 veikia - Eautomobiliai.lt\" \/>\n\t\t<meta property=\"og:description\" content=\"Tikslin\u0117s nulin\u0117s emisijos transporto priemoni\u0173 (ZEV) nuomos programos, paprastai \u017einomos kaip \u201esocialin\u0117 nuomos\u201c, vis da\u017eniau yra diskusij\u0173 apie tai, kaip padaryti \u0161var\u0173 transport\u0105 prieinamesn\u012f ir teisingesn\u012f. Id\u0117ja yra ta, kad svarstant socialinius elementus, tokius kaip pajam\u0173 lygis ir va\u017eiavimo atstumas, vyriausyb\u0117s parama gali pad\u0117ti suma\u017einti m\u0117nesinius nuomos mokes\u010dius ir padaryti ZEV prieinamesnius tiems, kurie kitaip\" \/>\n\t\t<meta property=\"og:url\" content=\"http:\/\/eautomobiliai.lt\/index.php\/2025\/06\/18\/dvi-socialines-nuomos-programos-skirtos-nulines-emisijos-transporto-priemonems-kurios-is-tikruju-veikia\/\" \/>\n\t\t<meta property=\"article:published_time\" content=\"2025-06-18T07:55:43+00:00\" \/>\n\t\t<meta property=\"article:modified_time\" content=\"2025-06-18T07:55:43+00:00\" \/>\n\t\t<meta name=\"twitter:card\" content=\"summary_large_image\" \/>\n\t\t<meta name=\"twitter:title\" content=\"Dvi \u201esocialin\u0117s nuomos\u201c programos, skirtos nulin\u0117s emisijos transporto priemon\u0117ms, kurios i\u0161 tikr\u0173j\u0173 veikia - Eautomobiliai.lt\" \/>\n\t\t<meta name=\"twitter:description\" content=\"Tikslin\u0117s nulin\u0117s emisijos transporto priemoni\u0173 (ZEV) nuomos programos, paprastai \u017einomos kaip \u201esocialin\u0117 nuomos\u201c, vis da\u017eniau yra diskusij\u0173 apie tai, kaip padaryti \u0161var\u0173 transport\u0105 prieinamesn\u012f ir teisingesn\u012f. Id\u0117ja yra ta, kad svarstant socialinius elementus, tokius kaip pajam\u0173 lygis ir va\u017eiavimo atstumas, vyriausyb\u0117s parama gali pad\u0117ti suma\u017einti m\u0117nesinius nuomos mokes\u010dius ir padaryti ZEV prieinamesnius tiems, kurie kitaip\" \/>\n\t\t<script type=\"application\/ld+json\" class=\"aioseo-schema\">\n\t\t\t{\"@context\":\"https:\\\/\\\/schema.org\",\"@graph\":[{\"@type\":\"BlogPosting\",\"@id\":\"http:\\\/\\\/eautomobiliai.lt\\\/index.php\\\/2025\\\/06\\\/18\\\/dvi-socialines-nuomos-programos-skirtos-nulines-emisijos-transporto-priemonems-kurios-is-tikruju-veikia\\\/#blogposting\",\"name\":\"Dvi \\u201esocialin\\u0117s nuomos\\u201c programos, skirtos nulin\\u0117s emisijos transporto priemon\\u0117ms, kurios i\\u0161 tikr\\u0173j\\u0173 veikia - Eautomobiliai.lt\",\"headline\":\"Dvi \\u201esocialin\\u0117s nuomos\\u201c programos, skirtos nulin\\u0117s emisijos transporto priemon\\u0117ms, kurios i\\u0161 tikr\\u0173j\\u0173 veikia\",\"author\":{\"@id\":\"http:\\\/\\\/eautomobiliai.lt\\\/index.php\\\/author\\\/admin\\\/#author\"},\"publisher\":{\"@id\":\"http:\\\/\\\/eautomobiliai.lt\\\/#organization\"},\"image\":{\"@type\":\"ImageObject\",\"url\":\"http:\\\/\\\/eautomobiliai.lt\\\/wp-content\\\/uploads\\\/2025\\\/06\\\/Dvi-\\u201esocialines-nuomos-programos-skirtos-nulines-emisijos-transporto-priemonems-kurios.jpeg\",\"width\":800,\"height\":534},\"datePublished\":\"2025-06-18T07:55:43+00:00\",\"dateModified\":\"2025-06-18T07:55:43+00:00\",\"inLanguage\":\"lt-LT\",\"mainEntityOfPage\":{\"@id\":\"http:\\\/\\\/eautomobiliai.lt\\\/index.php\\\/2025\\\/06\\\/18\\\/dvi-socialines-nuomos-programos-skirtos-nulines-emisijos-transporto-priemonems-kurios-is-tikruju-veikia\\\/#webpage\"},\"isPartOf\":{\"@id\":\"http:\\\/\\\/eautomobiliai.lt\\\/index.php\\\/2025\\\/06\\\/18\\\/dvi-socialines-nuomos-programos-skirtos-nulines-emisijos-transporto-priemonems-kurios-is-tikruju-veikia\\\/#webpage\"},\"articleSection\":\"eAUTOMOBILI\\u0172 TECHNIN\\u0116 PUS\\u0116, Dvi, emisijos, i\\u0161, kurios, nulin\\u0117s, nuomos, priemon\\u0117ms, programos, skirtos, socialin\\u0117s, tikr\\u0173j\\u0173, transporto, veikia\"},{\"@type\":\"BreadcrumbList\",\"@id\":\"http:\\\/\\\/eautomobiliai.lt\\\/index.php\\\/2025\\\/06\\\/18\\\/dvi-socialines-nuomos-programos-skirtos-nulines-emisijos-transporto-priemonems-kurios-is-tikruju-veikia\\\/#breadcrumblist\",\"itemListElement\":[{\"@type\":\"ListItem\",\"@id\":\"http:\\\/\\\/eautomobiliai.lt#listItem\",\"position\":1,\"name\":\"Home\",\"item\":\"http:\\\/\\\/eautomobiliai.lt\",\"nextItem\":{\"@type\":\"ListItem\",\"@id\":\"http:\\\/\\\/eautomobiliai.lt\\\/index.php\\\/category\\\/eautomobiliu-technine-puse\\\/#listItem\",\"name\":\"eAUTOMOBILI\\u0172 TECHNIN\\u0116 PUS\\u0116\"}},{\"@type\":\"ListItem\",\"@id\":\"http:\\\/\\\/eautomobiliai.lt\\\/index.php\\\/category\\\/eautomobiliu-technine-puse\\\/#listItem\",\"position\":2,\"name\":\"eAUTOMOBILI\\u0172 TECHNIN\\u0116 PUS\\u0116\",\"item\":\"http:\\\/\\\/eautomobiliai.lt\\\/index.php\\\/category\\\/eautomobiliu-technine-puse\\\/\",\"nextItem\":{\"@type\":\"ListItem\",\"@id\":\"http:\\\/\\\/eautomobiliai.lt\\\/index.php\\\/2025\\\/06\\\/18\\\/dvi-socialines-nuomos-programos-skirtos-nulines-emisijos-transporto-priemonems-kurios-is-tikruju-veikia\\\/#listItem\",\"name\":\"Dvi \\u201esocialin\\u0117s nuomos\\u201c programos, skirtos nulin\\u0117s emisijos transporto priemon\\u0117ms, kurios i\\u0161 tikr\\u0173j\\u0173 veikia\"},\"previousItem\":{\"@type\":\"ListItem\",\"@id\":\"http:\\\/\\\/eautomobiliai.lt#listItem\",\"name\":\"Home\"}},{\"@type\":\"ListItem\",\"@id\":\"http:\\\/\\\/eautomobiliai.lt\\\/index.php\\\/2025\\\/06\\\/18\\\/dvi-socialines-nuomos-programos-skirtos-nulines-emisijos-transporto-priemonems-kurios-is-tikruju-veikia\\\/#listItem\",\"position\":3,\"name\":\"Dvi \\u201esocialin\\u0117s nuomos\\u201c programos, skirtos nulin\\u0117s emisijos transporto priemon\\u0117ms, kurios i\\u0161 tikr\\u0173j\\u0173 veikia\",\"previousItem\":{\"@type\":\"ListItem\",\"@id\":\"http:\\\/\\\/eautomobiliai.lt\\\/index.php\\\/category\\\/eautomobiliu-technine-puse\\\/#listItem\",\"name\":\"eAUTOMOBILI\\u0172 TECHNIN\\u0116 PUS\\u0116\"}}]},{\"@type\":\"Organization\",\"@id\":\"http:\\\/\\\/eautomobiliai.lt\\\/#organization\",\"name\":\"Eautomobiliai.lt\",\"description\":\"Elektrinis transportas, technologijos\",\"url\":\"http:\\\/\\\/eautomobiliai.lt\\\/\"},{\"@type\":\"Person\",\"@id\":\"http:\\\/\\\/eautomobiliai.lt\\\/index.php\\\/author\\\/admin\\\/#author\",\"url\":\"http:\\\/\\\/eautomobiliai.lt\\\/index.php\\\/author\\\/admin\\\/\",\"name\":\"admin\",\"image\":{\"@type\":\"ImageObject\",\"@id\":\"http:\\\/\\\/eautomobiliai.lt\\\/index.php\\\/2025\\\/06\\\/18\\\/dvi-socialines-nuomos-programos-skirtos-nulines-emisijos-transporto-priemonems-kurios-is-tikruju-veikia\\\/#authorImage\",\"url\":\"https:\\\/\\\/secure.gravatar.com\\\/avatar\\\/6323379efae0c70c686c7905444d6bbd?s=96&d=mm&r=g\",\"width\":96,\"height\":96,\"caption\":\"admin\"}},{\"@type\":\"WebPage\",\"@id\":\"http:\\\/\\\/eautomobiliai.lt\\\/index.php\\\/2025\\\/06\\\/18\\\/dvi-socialines-nuomos-programos-skirtos-nulines-emisijos-transporto-priemonems-kurios-is-tikruju-veikia\\\/#webpage\",\"url\":\"http:\\\/\\\/eautomobiliai.lt\\\/index.php\\\/2025\\\/06\\\/18\\\/dvi-socialines-nuomos-programos-skirtos-nulines-emisijos-transporto-priemonems-kurios-is-tikruju-veikia\\\/\",\"name\":\"Dvi \\u201esocialin\\u0117s nuomos\\u201c programos, skirtos nulin\\u0117s emisijos transporto priemon\\u0117ms, kurios i\\u0161 tikr\\u0173j\\u0173 veikia - Eautomobiliai.lt\",\"description\":\"Tikslin\\u0117s nulin\\u0117s emisijos transporto priemoni\\u0173 (ZEV) nuomos programos, paprastai \\u017einomos kaip \\u201esocialin\\u0117 nuomos\\u201c, vis da\\u017eniau yra diskusij\\u0173 apie tai, kaip padaryti \\u0161var\\u0173 transport\\u0105 prieinamesn\\u012f ir teisingesn\\u012f. Id\\u0117ja yra ta, kad svarstant socialinius elementus, tokius kaip pajam\\u0173 lygis ir va\\u017eiavimo atstumas, vyriausyb\\u0117s parama gali pad\\u0117ti suma\\u017einti m\\u0117nesinius nuomos mokes\\u010dius ir padaryti ZEV prieinamesnius tiems, kurie kitaip\",\"inLanguage\":\"lt-LT\",\"isPartOf\":{\"@id\":\"http:\\\/\\\/eautomobiliai.lt\\\/#website\"},\"breadcrumb\":{\"@id\":\"http:\\\/\\\/eautomobiliai.lt\\\/index.php\\\/2025\\\/06\\\/18\\\/dvi-socialines-nuomos-programos-skirtos-nulines-emisijos-transporto-priemonems-kurios-is-tikruju-veikia\\\/#breadcrumblist\"},\"author\":{\"@id\":\"http:\\\/\\\/eautomobiliai.lt\\\/index.php\\\/author\\\/admin\\\/#author\"},\"creator\":{\"@id\":\"http:\\\/\\\/eautomobiliai.lt\\\/index.php\\\/author\\\/admin\\\/#author\"},\"image\":{\"@type\":\"ImageObject\",\"url\":\"http:\\\/\\\/eautomobiliai.lt\\\/wp-content\\\/uploads\\\/2025\\\/06\\\/Dvi-\\u201esocialines-nuomos-programos-skirtos-nulines-emisijos-transporto-priemonems-kurios.jpeg\",\"@id\":\"http:\\\/\\\/eautomobiliai.lt\\\/index.php\\\/2025\\\/06\\\/18\\\/dvi-socialines-nuomos-programos-skirtos-nulines-emisijos-transporto-priemonems-kurios-is-tikruju-veikia\\\/#mainImage\",\"width\":800,\"height\":534},\"primaryImageOfPage\":{\"@id\":\"http:\\\/\\\/eautomobiliai.lt\\\/index.php\\\/2025\\\/06\\\/18\\\/dvi-socialines-nuomos-programos-skirtos-nulines-emisijos-transporto-priemonems-kurios-is-tikruju-veikia\\\/#mainImage\"},\"datePublished\":\"2025-06-18T07:55:43+00:00\",\"dateModified\":\"2025-06-18T07:55:43+00:00\"},{\"@type\":\"WebSite\",\"@id\":\"http:\\\/\\\/eautomobiliai.lt\\\/#website\",\"url\":\"http:\\\/\\\/eautomobiliai.lt\\\/\",\"name\":\"Eautomobiliai.lt\",\"description\":\"Elektrinis transportas, technologijos\",\"inLanguage\":\"lt-LT\",\"publisher\":{\"@id\":\"http:\\\/\\\/eautomobiliai.lt\\\/#organization\"}}]}\n\t\t<\/script>\n\t\t<!-- All in One SEO -->\n\n","aioseo_head_json":{"title":"Dvi \u201esocialin\u0117s nuomos\u201c programos, skirtos nulin\u0117s emisijos transporto priemon\u0117ms, kurios i\u0161 tikr\u0173j\u0173 veikia - Eautomobiliai.lt","description":"Tikslin\u0117s nulin\u0117s emisijos transporto priemoni\u0173 (ZEV) nuomos programos, paprastai \u017einomos kaip \u201esocialin\u0117 nuomos\u201c, vis da\u017eniau yra diskusij\u0173 apie tai, kaip padaryti \u0161var\u0173 transport\u0105 prieinamesn\u012f ir teisingesn\u012f. Id\u0117ja yra ta, kad svarstant socialinius elementus, tokius kaip pajam\u0173 lygis ir va\u017eiavimo atstumas, vyriausyb\u0117s parama gali pad\u0117ti suma\u017einti m\u0117nesinius nuomos mokes\u010dius ir padaryti ZEV prieinamesnius tiems, kurie kitaip","canonical_url":"http:\/\/eautomobiliai.lt\/index.php\/2025\/06\/18\/dvi-socialines-nuomos-programos-skirtos-nulines-emisijos-transporto-priemonems-kurios-is-tikruju-veikia\/","robots":"max-image-preview:large","keywords":"","webmasterTools":{"google-site-verification":"6zgFQV_ggON3NjnliunX3rIOfPu1cN2bmZH3rMwZjlE","miscellaneous":""},"schema":{"@context":"https:\/\/schema.org","@graph":[{"@type":"BlogPosting","@id":"http:\/\/eautomobiliai.lt\/index.php\/2025\/06\/18\/dvi-socialines-nuomos-programos-skirtos-nulines-emisijos-transporto-priemonems-kurios-is-tikruju-veikia\/#blogposting","name":"Dvi \u201esocialin\u0117s nuomos\u201c programos, skirtos nulin\u0117s emisijos transporto priemon\u0117ms, kurios i\u0161 tikr\u0173j\u0173 veikia - Eautomobiliai.lt","headline":"Dvi \u201esocialin\u0117s nuomos\u201c programos, skirtos nulin\u0117s emisijos transporto priemon\u0117ms, kurios i\u0161 tikr\u0173j\u0173 veikia","author":{"@id":"http:\/\/eautomobiliai.lt\/index.php\/author\/admin\/#author"},"publisher":{"@id":"http:\/\/eautomobiliai.lt\/#organization"},"image":{"@type":"ImageObject","url":"http:\/\/eautomobiliai.lt\/wp-content\/uploads\/2025\/06\/Dvi-\u201esocialines-nuomos-programos-skirtos-nulines-emisijos-transporto-priemonems-kurios.jpeg","width":800,"height":534},"datePublished":"2025-06-18T07:55:43+00:00","dateModified":"2025-06-18T07:55:43+00:00","inLanguage":"lt-LT","mainEntityOfPage":{"@id":"http:\/\/eautomobiliai.lt\/index.php\/2025\/06\/18\/dvi-socialines-nuomos-programos-skirtos-nulines-emisijos-transporto-priemonems-kurios-is-tikruju-veikia\/#webpage"},"isPartOf":{"@id":"http:\/\/eautomobiliai.lt\/index.php\/2025\/06\/18\/dvi-socialines-nuomos-programos-skirtos-nulines-emisijos-transporto-priemonems-kurios-is-tikruju-veikia\/#webpage"},"articleSection":"eAUTOMOBILI\u0172 TECHNIN\u0116 PUS\u0116, Dvi, emisijos, i\u0161, kurios, nulin\u0117s, nuomos, priemon\u0117ms, programos, skirtos, socialin\u0117s, tikr\u0173j\u0173, transporto, veikia"},{"@type":"BreadcrumbList","@id":"http:\/\/eautomobiliai.lt\/index.php\/2025\/06\/18\/dvi-socialines-nuomos-programos-skirtos-nulines-emisijos-transporto-priemonems-kurios-is-tikruju-veikia\/#breadcrumblist","itemListElement":[{"@type":"ListItem","@id":"http:\/\/eautomobiliai.lt#listItem","position":1,"name":"Home","item":"http:\/\/eautomobiliai.lt","nextItem":{"@type":"ListItem","@id":"http:\/\/eautomobiliai.lt\/index.php\/category\/eautomobiliu-technine-puse\/#listItem","name":"eAUTOMOBILI\u0172 TECHNIN\u0116 PUS\u0116"}},{"@type":"ListItem","@id":"http:\/\/eautomobiliai.lt\/index.php\/category\/eautomobiliu-technine-puse\/#listItem","position":2,"name":"eAUTOMOBILI\u0172 TECHNIN\u0116 PUS\u0116","item":"http:\/\/eautomobiliai.lt\/index.php\/category\/eautomobiliu-technine-puse\/","nextItem":{"@type":"ListItem","@id":"http:\/\/eautomobiliai.lt\/index.php\/2025\/06\/18\/dvi-socialines-nuomos-programos-skirtos-nulines-emisijos-transporto-priemonems-kurios-is-tikruju-veikia\/#listItem","name":"Dvi \u201esocialin\u0117s nuomos\u201c programos, skirtos nulin\u0117s emisijos transporto priemon\u0117ms, kurios i\u0161 tikr\u0173j\u0173 veikia"},"previousItem":{"@type":"ListItem","@id":"http:\/\/eautomobiliai.lt#listItem","name":"Home"}},{"@type":"ListItem","@id":"http:\/\/eautomobiliai.lt\/index.php\/2025\/06\/18\/dvi-socialines-nuomos-programos-skirtos-nulines-emisijos-transporto-priemonems-kurios-is-tikruju-veikia\/#listItem","position":3,"name":"Dvi \u201esocialin\u0117s nuomos\u201c programos, skirtos nulin\u0117s emisijos transporto priemon\u0117ms, kurios i\u0161 tikr\u0173j\u0173 veikia","previousItem":{"@type":"ListItem","@id":"http:\/\/eautomobiliai.lt\/index.php\/category\/eautomobiliu-technine-puse\/#listItem","name":"eAUTOMOBILI\u0172 TECHNIN\u0116 PUS\u0116"}}]},{"@type":"Organization","@id":"http:\/\/eautomobiliai.lt\/#organization","name":"Eautomobiliai.lt","description":"Elektrinis transportas, technologijos","url":"http:\/\/eautomobiliai.lt\/"},{"@type":"Person","@id":"http:\/\/eautomobiliai.lt\/index.php\/author\/admin\/#author","url":"http:\/\/eautomobiliai.lt\/index.php\/author\/admin\/","name":"admin","image":{"@type":"ImageObject","@id":"http:\/\/eautomobiliai.lt\/index.php\/2025\/06\/18\/dvi-socialines-nuomos-programos-skirtos-nulines-emisijos-transporto-priemonems-kurios-is-tikruju-veikia\/#authorImage","url":"https:\/\/secure.gravatar.com\/avatar\/6323379efae0c70c686c7905444d6bbd?s=96&d=mm&r=g","width":96,"height":96,"caption":"admin"}},{"@type":"WebPage","@id":"http:\/\/eautomobiliai.lt\/index.php\/2025\/06\/18\/dvi-socialines-nuomos-programos-skirtos-nulines-emisijos-transporto-priemonems-kurios-is-tikruju-veikia\/#webpage","url":"http:\/\/eautomobiliai.lt\/index.php\/2025\/06\/18\/dvi-socialines-nuomos-programos-skirtos-nulines-emisijos-transporto-priemonems-kurios-is-tikruju-veikia\/","name":"Dvi \u201esocialin\u0117s nuomos\u201c programos, skirtos nulin\u0117s emisijos transporto priemon\u0117ms, kurios i\u0161 tikr\u0173j\u0173 veikia - Eautomobiliai.lt","description":"Tikslin\u0117s nulin\u0117s emisijos transporto priemoni\u0173 (ZEV) nuomos programos, paprastai \u017einomos kaip \u201esocialin\u0117 nuomos\u201c, vis da\u017eniau yra diskusij\u0173 apie tai, kaip padaryti \u0161var\u0173 transport\u0105 prieinamesn\u012f ir teisingesn\u012f. Id\u0117ja yra ta, kad svarstant socialinius elementus, tokius kaip pajam\u0173 lygis ir va\u017eiavimo atstumas, vyriausyb\u0117s parama gali pad\u0117ti suma\u017einti m\u0117nesinius nuomos mokes\u010dius ir padaryti ZEV prieinamesnius tiems, kurie kitaip","inLanguage":"lt-LT","isPartOf":{"@id":"http:\/\/eautomobiliai.lt\/#website"},"breadcrumb":{"@id":"http:\/\/eautomobiliai.lt\/index.php\/2025\/06\/18\/dvi-socialines-nuomos-programos-skirtos-nulines-emisijos-transporto-priemonems-kurios-is-tikruju-veikia\/#breadcrumblist"},"author":{"@id":"http:\/\/eautomobiliai.lt\/index.php\/author\/admin\/#author"},"creator":{"@id":"http:\/\/eautomobiliai.lt\/index.php\/author\/admin\/#author"},"image":{"@type":"ImageObject","url":"http:\/\/eautomobiliai.lt\/wp-content\/uploads\/2025\/06\/Dvi-\u201esocialines-nuomos-programos-skirtos-nulines-emisijos-transporto-priemonems-kurios.jpeg","@id":"http:\/\/eautomobiliai.lt\/index.php\/2025\/06\/18\/dvi-socialines-nuomos-programos-skirtos-nulines-emisijos-transporto-priemonems-kurios-is-tikruju-veikia\/#mainImage","width":800,"height":534},"primaryImageOfPage":{"@id":"http:\/\/eautomobiliai.lt\/index.php\/2025\/06\/18\/dvi-socialines-nuomos-programos-skirtos-nulines-emisijos-transporto-priemonems-kurios-is-tikruju-veikia\/#mainImage"},"datePublished":"2025-06-18T07:55:43+00:00","dateModified":"2025-06-18T07:55:43+00:00"},{"@type":"WebSite","@id":"http:\/\/eautomobiliai.lt\/#website","url":"http:\/\/eautomobiliai.lt\/","name":"Eautomobiliai.lt","description":"Elektrinis transportas, technologijos","inLanguage":"lt-LT","publisher":{"@id":"http:\/\/eautomobiliai.lt\/#organization"}}]},"og:locale":"lt_LT","og:site_name":"Eautomobiliai.lt - Elektrinis transportas, technologijos","og:type":"article","og:title":"Dvi \u201esocialin\u0117s nuomos\u201c programos, skirtos nulin\u0117s emisijos transporto priemon\u0117ms, kurios i\u0161 tikr\u0173j\u0173 veikia - Eautomobiliai.lt","og:description":"Tikslin\u0117s nulin\u0117s emisijos transporto priemoni\u0173 (ZEV) nuomos programos, paprastai \u017einomos kaip \u201esocialin\u0117 nuomos\u201c, vis da\u017eniau yra diskusij\u0173 apie tai, kaip padaryti \u0161var\u0173 transport\u0105 prieinamesn\u012f ir teisingesn\u012f. Id\u0117ja yra ta, kad svarstant socialinius elementus, tokius kaip pajam\u0173 lygis ir va\u017eiavimo atstumas, vyriausyb\u0117s parama gali pad\u0117ti suma\u017einti m\u0117nesinius nuomos mokes\u010dius ir padaryti ZEV prieinamesnius tiems, kurie kitaip","og:url":"http:\/\/eautomobiliai.lt\/index.php\/2025\/06\/18\/dvi-socialines-nuomos-programos-skirtos-nulines-emisijos-transporto-priemonems-kurios-is-tikruju-veikia\/","article:published_time":"2025-06-18T07:55:43+00:00","article:modified_time":"2025-06-18T07:55:43+00:00","twitter:card":"summary_large_image","twitter:title":"Dvi \u201esocialin\u0117s nuomos\u201c programos, skirtos nulin\u0117s emisijos transporto priemon\u0117ms, kurios i\u0161 tikr\u0173j\u0173 veikia - Eautomobiliai.lt","twitter:description":"Tikslin\u0117s nulin\u0117s emisijos transporto priemoni\u0173 (ZEV) nuomos programos, paprastai \u017einomos kaip \u201esocialin\u0117 nuomos\u201c, vis da\u017eniau yra diskusij\u0173 apie tai, kaip padaryti \u0161var\u0173 transport\u0105 prieinamesn\u012f ir teisingesn\u012f. Id\u0117ja yra ta, kad svarstant socialinius elementus, tokius kaip pajam\u0173 lygis ir va\u017eiavimo atstumas, vyriausyb\u0117s parama gali pad\u0117ti suma\u017einti m\u0117nesinius nuomos mokes\u010dius ir padaryti ZEV prieinamesnius tiems, kurie kitaip"},"aioseo_meta_data":{"post_id":"1213","title":null,"description":null,"keywords":null,"keyphrases":null,"primary_term":null,"canonical_url":null,"og_title":null,"og_description":null,"og_object_type":"default","og_image_type":"default","og_image_url":null,"og_image_width":null,"og_image_height":null,"og_image_custom_url":null,"og_image_custom_fields":null,"og_video":null,"og_custom_url":null,"og_article_section":null,"og_article_tags":null,"twitter_use_og":false,"twitter_card":"default","twitter_image_type":"default","twitter_image_url":null,"twitter_image_custom_url":null,"twitter_image_custom_fields":null,"twitter_title":null,"twitter_description":null,"schema":{"blockGraphs":[],"customGraphs":[],"default":{"data":{"Article":[],"Course":[],"Dataset":[],"FAQPage":[],"Movie":[],"Person":[],"Product":[],"ProductReview":[],"Car":[],"Recipe":[],"Service":[],"SoftwareApplication":[],"WebPage":[]},"graphName":"","isEnabled":true},"graphs":[]},"schema_type":"default","schema_type_options":null,"pillar_content":false,"robots_default":true,"robots_noindex":false,"robots_noarchive":false,"robots_nosnippet":false,"robots_nofollow":false,"robots_noimageindex":false,"robots_noodp":false,"robots_notranslate":false,"robots_max_snippet":null,"robots_max_videopreview":null,"robots_max_imagepreview":"large","priority":null,"frequency":null,"local_seo":null,"breadcrumb_settings":null,"limit_modified_date":false,"created":"2025-06-18 08:06:07","updated":"2025-06-18 08:06:07","ai":null,"seo_analyzer_scan_date":null,"focus_keyword":null,"additional_keywords":null,"truseo_locale":null},"aioseo_breadcrumb":"<div class=\"aioseo-breadcrumbs\"><span class=\"aioseo-breadcrumb\">\n\t\t\t<a href=\"http:\/\/eautomobiliai.lt\" title=\"Home\">Home<\/a>\n\t\t<\/span><span class=\"aioseo-breadcrumb-separator\">&raquo;<\/span><span class=\"aioseo-breadcrumb\">\n\t\t\t<a href=\"http:\/\/eautomobiliai.lt\/index.php\/category\/eautomobiliu-technine-puse\/\" title=\"eAUTOMOBILI\u0172 TECHNIN\u0116 PUS\u0116\">eAUTOMOBILI\u0172 TECHNIN\u0116 PUS\u0116<\/a>\n\t\t<\/span><span class=\"aioseo-breadcrumb-separator\">&raquo;<\/span><span class=\"aioseo-breadcrumb\">\n\t\t\tDvi \u201esocialin\u0117s nuomos\u201c programos, skirtos nulin\u0117s emisijos transporto priemon\u0117ms, kurios i\u0161 tikr\u0173j\u0173 veikia\n\t\t<\/span><\/div>","aioseo_breadcrumb_json":[{"label":"Home","link":"http:\/\/eautomobiliai.lt"},{"label":"eAUTOMOBILI\u0172 TECHNIN\u0116 PUS\u0116","link":"http:\/\/eautomobiliai.lt\/index.php\/category\/eautomobiliu-technine-puse\/"},{"label":"Dvi \u201esocialin\u0117s nuomos\u201c programos, skirtos nulin\u0117s emisijos transporto priemon\u0117ms, kurios i\u0161 tikr\u0173j\u0173 veikia","link":"http:\/\/eautomobiliai.lt\/index.php\/2025\/06\/18\/dvi-socialines-nuomos-programos-skirtos-nulines-emisijos-transporto-priemonems-kurios-is-tikruju-veikia\/"}],"yoast_head":"<!-- This site is optimized with the Yoast SEO plugin v26.8 - https:\/\/yoast.com\/product\/yoast-seo-wordpress\/ -->\n<title>Dvi \u201esocialin\u0117s nuomos\u201c programos, skirtos nulin\u0117s emisijos transporto priemon\u0117ms, kurios i\u0161 tikr\u0173j\u0173 veikia - Eautomobiliai.lt<\/title>\n<meta name=\"robots\" content=\"index, follow, max-snippet:-1, max-image-preview:large, max-video-preview:-1\" \/>\n<link rel=\"canonical\" href=\"http:\/\/eautomobiliai.lt\/index.php\/2025\/06\/18\/dvi-socialines-nuomos-programos-skirtos-nulines-emisijos-transporto-priemonems-kurios-is-tikruju-veikia\/\" \/>\n<meta property=\"og:locale\" content=\"lt_LT\" \/>\n<meta property=\"og:type\" content=\"article\" \/>\n<meta property=\"og:title\" content=\"Dvi \u201esocialin\u0117s nuomos\u201c programos, skirtos nulin\u0117s emisijos transporto priemon\u0117ms, kurios i\u0161 tikr\u0173j\u0173 veikia - Eautomobiliai.lt\" \/>\n<meta property=\"og:description\" content=\"Tikslin\u0117s nulin\u0117s emisijos transporto priemoni\u0173 (ZEV) nuomos programos, paprastai \u017einomos kaip \u201esocialin\u0117 nuomos\u201c, vis da\u017eniau yra diskusij\u0173 apie tai, kaip&hellip;\" \/>\n<meta property=\"og:url\" content=\"http:\/\/eautomobiliai.lt\/index.php\/2025\/06\/18\/dvi-socialines-nuomos-programos-skirtos-nulines-emisijos-transporto-priemonems-kurios-is-tikruju-veikia\/\" \/>\n<meta property=\"og:site_name\" content=\"Eautomobiliai.lt\" \/>\n<meta property=\"article:published_time\" content=\"2025-06-18T07:55:43+00:00\" \/>\n<meta property=\"og:image\" content=\"http:\/\/eautomobiliai.lt\/wp-content\/uploads\/2025\/06\/Dvi-\u201esocialines-nuomos-programos-skirtos-nulines-emisijos-transporto-priemonems-kurios.jpeg\" \/>\n\t<meta property=\"og:image:width\" content=\"800\" \/>\n\t<meta property=\"og:image:height\" content=\"534\" \/>\n\t<meta property=\"og:image:type\" content=\"image\/jpeg\" \/>\n<meta name=\"author\" content=\"admin\" \/>\n<meta name=\"twitter:card\" content=\"summary_large_image\" \/>\n<meta name=\"twitter:label1\" content=\"Written by\" \/>\n\t<meta name=\"twitter:data1\" content=\"admin\" \/>\n\t<meta name=\"twitter:label2\" content=\"Est. reading time\" \/>\n\t<meta name=\"twitter:data2\" content=\"6 minut\u0117s\" \/>\n<script type=\"application\/ld+json\" class=\"yoast-schema-graph\">{\"@context\":\"https:\/\/schema.org\",\"@graph\":[{\"@type\":\"Article\",\"@id\":\"http:\/\/eautomobiliai.lt\/index.php\/2025\/06\/18\/dvi-socialines-nuomos-programos-skirtos-nulines-emisijos-transporto-priemonems-kurios-is-tikruju-veikia\/#article\",\"isPartOf\":{\"@id\":\"http:\/\/eautomobiliai.lt\/index.php\/2025\/06\/18\/dvi-socialines-nuomos-programos-skirtos-nulines-emisijos-transporto-priemonems-kurios-is-tikruju-veikia\/\"},\"author\":{\"name\":\"admin\",\"@id\":\"http:\/\/eautomobiliai.lt\/#\/schema\/person\/ecf2a967f361217d056061f74deb92f2\"},\"headline\":\"Dvi \u201esocialin\u0117s nuomos\u201c programos, skirtos nulin\u0117s emisijos transporto priemon\u0117ms, kurios i\u0161 tikr\u0173j\u0173 veikia\",\"datePublished\":\"2025-06-18T07:55:43+00:00\",\"mainEntityOfPage\":{\"@id\":\"http:\/\/eautomobiliai.lt\/index.php\/2025\/06\/18\/dvi-socialines-nuomos-programos-skirtos-nulines-emisijos-transporto-priemonems-kurios-is-tikruju-veikia\/\"},\"wordCount\":1128,\"commentCount\":0,\"image\":{\"@id\":\"http:\/\/eautomobiliai.lt\/index.php\/2025\/06\/18\/dvi-socialines-nuomos-programos-skirtos-nulines-emisijos-transporto-priemonems-kurios-is-tikruju-veikia\/#primaryimage\"},\"thumbnailUrl\":\"http:\/\/eautomobiliai.lt\/wp-content\/uploads\/2025\/06\/Dvi-\u201esocialines-nuomos-programos-skirtos-nulines-emisijos-transporto-priemonems-kurios.jpeg\",\"keywords\":[\"Dvi\",\"emisijos\",\"i\u0161\",\"kurios\",\"nulin\u0117s\",\"nuomos\",\"priemon\u0117ms\",\"programos\",\"skirtos\",\"socialin\u0117s\",\"tikr\u0173j\u0173\",\"transporto\",\"veikia\"],\"articleSection\":[\"eAUTOMOBILI\u0172 TECHNIN\u0116 PUS\u0116\"],\"inLanguage\":\"lt-LT\",\"potentialAction\":[{\"@type\":\"CommentAction\",\"name\":\"Comment\",\"target\":[\"http:\/\/eautomobiliai.lt\/index.php\/2025\/06\/18\/dvi-socialines-nuomos-programos-skirtos-nulines-emisijos-transporto-priemonems-kurios-is-tikruju-veikia\/#respond\"]}]},{\"@type\":\"WebPage\",\"@id\":\"http:\/\/eautomobiliai.lt\/index.php\/2025\/06\/18\/dvi-socialines-nuomos-programos-skirtos-nulines-emisijos-transporto-priemonems-kurios-is-tikruju-veikia\/\",\"url\":\"http:\/\/eautomobiliai.lt\/index.php\/2025\/06\/18\/dvi-socialines-nuomos-programos-skirtos-nulines-emisijos-transporto-priemonems-kurios-is-tikruju-veikia\/\",\"name\":\"Dvi \u201esocialin\u0117s nuomos\u201c programos, skirtos nulin\u0117s emisijos transporto priemon\u0117ms, kurios i\u0161 tikr\u0173j\u0173 veikia - Eautomobiliai.lt\",\"isPartOf\":{\"@id\":\"http:\/\/eautomobiliai.lt\/#website\"},\"primaryImageOfPage\":{\"@id\":\"http:\/\/eautomobiliai.lt\/index.php\/2025\/06\/18\/dvi-socialines-nuomos-programos-skirtos-nulines-emisijos-transporto-priemonems-kurios-is-tikruju-veikia\/#primaryimage\"},\"image\":{\"@id\":\"http:\/\/eautomobiliai.lt\/index.php\/2025\/06\/18\/dvi-socialines-nuomos-programos-skirtos-nulines-emisijos-transporto-priemonems-kurios-is-tikruju-veikia\/#primaryimage\"},\"thumbnailUrl\":\"http:\/\/eautomobiliai.lt\/wp-content\/uploads\/2025\/06\/Dvi-\u201esocialines-nuomos-programos-skirtos-nulines-emisijos-transporto-priemonems-kurios.jpeg\",\"datePublished\":\"2025-06-18T07:55:43+00:00\",\"author\":{\"@id\":\"http:\/\/eautomobiliai.lt\/#\/schema\/person\/ecf2a967f361217d056061f74deb92f2\"},\"breadcrumb\":{\"@id\":\"http:\/\/eautomobiliai.lt\/index.php\/2025\/06\/18\/dvi-socialines-nuomos-programos-skirtos-nulines-emisijos-transporto-priemonems-kurios-is-tikruju-veikia\/#breadcrumb\"},\"inLanguage\":\"lt-LT\",\"potentialAction\":[{\"@type\":\"ReadAction\",\"target\":[\"http:\/\/eautomobiliai.lt\/index.php\/2025\/06\/18\/dvi-socialines-nuomos-programos-skirtos-nulines-emisijos-transporto-priemonems-kurios-is-tikruju-veikia\/\"]}]},{\"@type\":\"ImageObject\",\"inLanguage\":\"lt-LT\",\"@id\":\"http:\/\/eautomobiliai.lt\/index.php\/2025\/06\/18\/dvi-socialines-nuomos-programos-skirtos-nulines-emisijos-transporto-priemonems-kurios-is-tikruju-veikia\/#primaryimage\",\"url\":\"http:\/\/eautomobiliai.lt\/wp-content\/uploads\/2025\/06\/Dvi-\u201esocialines-nuomos-programos-skirtos-nulines-emisijos-transporto-priemonems-kurios.jpeg\",\"contentUrl\":\"http:\/\/eautomobiliai.lt\/wp-content\/uploads\/2025\/06\/Dvi-\u201esocialines-nuomos-programos-skirtos-nulines-emisijos-transporto-priemonems-kurios.jpeg\",\"width\":800,\"height\":534},{\"@type\":\"BreadcrumbList\",\"@id\":\"http:\/\/eautomobiliai.lt\/index.php\/2025\/06\/18\/dvi-socialines-nuomos-programos-skirtos-nulines-emisijos-transporto-priemonems-kurios-is-tikruju-veikia\/#breadcrumb\",\"itemListElement\":[{\"@type\":\"ListItem\",\"position\":1,\"name\":\"Home\",\"item\":\"http:\/\/eautomobiliai.lt\/\"},{\"@type\":\"ListItem\",\"position\":2,\"name\":\"Dvi \u201esocialin\u0117s nuomos\u201c programos, skirtos nulin\u0117s emisijos transporto priemon\u0117ms, kurios i\u0161 tikr\u0173j\u0173 veikia\"}]},{\"@type\":\"WebSite\",\"@id\":\"http:\/\/eautomobiliai.lt\/#website\",\"url\":\"http:\/\/eautomobiliai.lt\/\",\"name\":\"Eautomobiliai.lt\",\"description\":\"Elektrinis transportas, technologijos\",\"potentialAction\":[{\"@type\":\"SearchAction\",\"target\":{\"@type\":\"EntryPoint\",\"urlTemplate\":\"http:\/\/eautomobiliai.lt\/?s={search_term_string}\"},\"query-input\":{\"@type\":\"PropertyValueSpecification\",\"valueRequired\":true,\"valueName\":\"search_term_string\"}}],\"inLanguage\":\"lt-LT\"},{\"@type\":\"Person\",\"@id\":\"http:\/\/eautomobiliai.lt\/#\/schema\/person\/ecf2a967f361217d056061f74deb92f2\",\"name\":\"admin\",\"image\":{\"@type\":\"ImageObject\",\"inLanguage\":\"lt-LT\",\"@id\":\"http:\/\/eautomobiliai.lt\/#\/schema\/person\/image\/\",\"url\":\"https:\/\/secure.gravatar.com\/avatar\/6323379efae0c70c686c7905444d6bbd?s=96&d=mm&r=g\",\"contentUrl\":\"https:\/\/secure.gravatar.com\/avatar\/6323379efae0c70c686c7905444d6bbd?s=96&d=mm&r=g\",\"caption\":\"admin\"},\"sameAs\":[\"http:\/\/eautomobiliai.lt\"],\"url\":\"http:\/\/eautomobiliai.lt\/index.php\/author\/admin\/\"}]}<\/script>\n<!-- \/ Yoast SEO plugin. -->","yoast_head_json":{"title":"Dvi \u201esocialin\u0117s nuomos\u201c programos, skirtos nulin\u0117s emisijos transporto priemon\u0117ms, kurios i\u0161 tikr\u0173j\u0173 veikia - Eautomobiliai.lt","robots":{"index":"index","follow":"follow","max-snippet":"max-snippet:-1","max-image-preview":"max-image-preview:large","max-video-preview":"max-video-preview:-1"},"canonical":"http:\/\/eautomobiliai.lt\/index.php\/2025\/06\/18\/dvi-socialines-nuomos-programos-skirtos-nulines-emisijos-transporto-priemonems-kurios-is-tikruju-veikia\/","og_locale":"lt_LT","og_type":"article","og_title":"Dvi \u201esocialin\u0117s nuomos\u201c programos, skirtos nulin\u0117s emisijos transporto priemon\u0117ms, kurios i\u0161 tikr\u0173j\u0173 veikia - Eautomobiliai.lt","og_description":"Tikslin\u0117s nulin\u0117s emisijos transporto priemoni\u0173 (ZEV) nuomos programos, paprastai \u017einomos kaip \u201esocialin\u0117 nuomos\u201c, vis da\u017eniau yra diskusij\u0173 apie tai, kaip&hellip;","og_url":"http:\/\/eautomobiliai.lt\/index.php\/2025\/06\/18\/dvi-socialines-nuomos-programos-skirtos-nulines-emisijos-transporto-priemonems-kurios-is-tikruju-veikia\/","og_site_name":"Eautomobiliai.lt","article_published_time":"2025-06-18T07:55:43+00:00","og_image":[{"width":800,"height":534,"url":"http:\/\/eautomobiliai.lt\/wp-content\/uploads\/2025\/06\/Dvi-\u201esocialines-nuomos-programos-skirtos-nulines-emisijos-transporto-priemonems-kurios.jpeg","type":"image\/jpeg"}],"author":"admin","twitter_card":"summary_large_image","twitter_misc":{"Written by":"admin","Est. reading time":"6 minut\u0117s"},"schema":{"@context":"https:\/\/schema.org","@graph":[{"@type":"Article","@id":"http:\/\/eautomobiliai.lt\/index.php\/2025\/06\/18\/dvi-socialines-nuomos-programos-skirtos-nulines-emisijos-transporto-priemonems-kurios-is-tikruju-veikia\/#article","isPartOf":{"@id":"http:\/\/eautomobiliai.lt\/index.php\/2025\/06\/18\/dvi-socialines-nuomos-programos-skirtos-nulines-emisijos-transporto-priemonems-kurios-is-tikruju-veikia\/"},"author":{"name":"admin","@id":"http:\/\/eautomobiliai.lt\/#\/schema\/person\/ecf2a967f361217d056061f74deb92f2"},"headline":"Dvi \u201esocialin\u0117s nuomos\u201c programos, skirtos nulin\u0117s emisijos transporto priemon\u0117ms, kurios i\u0161 tikr\u0173j\u0173 veikia","datePublished":"2025-06-18T07:55:43+00:00","mainEntityOfPage":{"@id":"http:\/\/eautomobiliai.lt\/index.php\/2025\/06\/18\/dvi-socialines-nuomos-programos-skirtos-nulines-emisijos-transporto-priemonems-kurios-is-tikruju-veikia\/"},"wordCount":1128,"commentCount":0,"image":{"@id":"http:\/\/eautomobiliai.lt\/index.php\/2025\/06\/18\/dvi-socialines-nuomos-programos-skirtos-nulines-emisijos-transporto-priemonems-kurios-is-tikruju-veikia\/#primaryimage"},"thumbnailUrl":"http:\/\/eautomobiliai.lt\/wp-content\/uploads\/2025\/06\/Dvi-\u201esocialines-nuomos-programos-skirtos-nulines-emisijos-transporto-priemonems-kurios.jpeg","keywords":["Dvi","emisijos","i\u0161","kurios","nulin\u0117s","nuomos","priemon\u0117ms","programos","skirtos","socialin\u0117s","tikr\u0173j\u0173","transporto","veikia"],"articleSection":["eAUTOMOBILI\u0172 TECHNIN\u0116 PUS\u0116"],"inLanguage":"lt-LT","potentialAction":[{"@type":"CommentAction","name":"Comment","target":["http:\/\/eautomobiliai.lt\/index.php\/2025\/06\/18\/dvi-socialines-nuomos-programos-skirtos-nulines-emisijos-transporto-priemonems-kurios-is-tikruju-veikia\/#respond"]}]},{"@type":"WebPage","@id":"http:\/\/eautomobiliai.lt\/index.php\/2025\/06\/18\/dvi-socialines-nuomos-programos-skirtos-nulines-emisijos-transporto-priemonems-kurios-is-tikruju-veikia\/","url":"http:\/\/eautomobiliai.lt\/index.php\/2025\/06\/18\/dvi-socialines-nuomos-programos-skirtos-nulines-emisijos-transporto-priemonems-kurios-is-tikruju-veikia\/","name":"Dvi \u201esocialin\u0117s nuomos\u201c programos, skirtos nulin\u0117s emisijos transporto priemon\u0117ms, kurios i\u0161 tikr\u0173j\u0173 veikia - Eautomobiliai.lt","isPartOf":{"@id":"http:\/\/eautomobiliai.lt\/#website"},"primaryImageOfPage":{"@id":"http:\/\/eautomobiliai.lt\/index.php\/2025\/06\/18\/dvi-socialines-nuomos-programos-skirtos-nulines-emisijos-transporto-priemonems-kurios-is-tikruju-veikia\/#primaryimage"},"image":{"@id":"http:\/\/eautomobiliai.lt\/index.php\/2025\/06\/18\/dvi-socialines-nuomos-programos-skirtos-nulines-emisijos-transporto-priemonems-kurios-is-tikruju-veikia\/#primaryimage"},"thumbnailUrl":"http:\/\/eautomobiliai.lt\/wp-content\/uploads\/2025\/06\/Dvi-\u201esocialines-nuomos-programos-skirtos-nulines-emisijos-transporto-priemonems-kurios.jpeg","datePublished":"2025-06-18T07:55:43+00:00","author":{"@id":"http:\/\/eautomobiliai.lt\/#\/schema\/person\/ecf2a967f361217d056061f74deb92f2"},"breadcrumb":{"@id":"http:\/\/eautomobiliai.lt\/index.php\/2025\/06\/18\/dvi-socialines-nuomos-programos-skirtos-nulines-emisijos-transporto-priemonems-kurios-is-tikruju-veikia\/#breadcrumb"},"inLanguage":"lt-LT","potentialAction":[{"@type":"ReadAction","target":["http:\/\/eautomobiliai.lt\/index.php\/2025\/06\/18\/dvi-socialines-nuomos-programos-skirtos-nulines-emisijos-transporto-priemonems-kurios-is-tikruju-veikia\/"]}]},{"@type":"ImageObject","inLanguage":"lt-LT","@id":"http:\/\/eautomobiliai.lt\/index.php\/2025\/06\/18\/dvi-socialines-nuomos-programos-skirtos-nulines-emisijos-transporto-priemonems-kurios-is-tikruju-veikia\/#primaryimage","url":"http:\/\/eautomobiliai.lt\/wp-content\/uploads\/2025\/06\/Dvi-\u201esocialines-nuomos-programos-skirtos-nulines-emisijos-transporto-priemonems-kurios.jpeg","contentUrl":"http:\/\/eautomobiliai.lt\/wp-content\/uploads\/2025\/06\/Dvi-\u201esocialines-nuomos-programos-skirtos-nulines-emisijos-transporto-priemonems-kurios.jpeg","width":800,"height":534},{"@type":"BreadcrumbList","@id":"http:\/\/eautomobiliai.lt\/index.php\/2025\/06\/18\/dvi-socialines-nuomos-programos-skirtos-nulines-emisijos-transporto-priemonems-kurios-is-tikruju-veikia\/#breadcrumb","itemListElement":[{"@type":"ListItem","position":1,"name":"Home","item":"http:\/\/eautomobiliai.lt\/"},{"@type":"ListItem","position":2,"name":"Dvi \u201esocialin\u0117s nuomos\u201c programos, skirtos nulin\u0117s emisijos transporto priemon\u0117ms, kurios i\u0161 tikr\u0173j\u0173 veikia"}]},{"@type":"WebSite","@id":"http:\/\/eautomobiliai.lt\/#website","url":"http:\/\/eautomobiliai.lt\/","name":"Eautomobiliai.lt","description":"Elektrinis transportas, technologijos","potentialAction":[{"@type":"SearchAction","target":{"@type":"EntryPoint","urlTemplate":"http:\/\/eautomobiliai.lt\/?s={search_term_string}"},"query-input":{"@type":"PropertyValueSpecification","valueRequired":true,"valueName":"search_term_string"}}],"inLanguage":"lt-LT"},{"@type":"Person","@id":"http:\/\/eautomobiliai.lt\/#\/schema\/person\/ecf2a967f361217d056061f74deb92f2","name":"admin","image":{"@type":"ImageObject","inLanguage":"lt-LT","@id":"http:\/\/eautomobiliai.lt\/#\/schema\/person\/image\/","url":"https:\/\/secure.gravatar.com\/avatar\/6323379efae0c70c686c7905444d6bbd?s=96&d=mm&r=g","contentUrl":"https:\/\/secure.gravatar.com\/avatar\/6323379efae0c70c686c7905444d6bbd?s=96&d=mm&r=g","caption":"admin"},"sameAs":["http:\/\/eautomobiliai.lt"],"url":"http:\/\/eautomobiliai.lt\/index.php\/author\/admin\/"}]}},"_links":{"self":[{"href":"http:\/\/eautomobiliai.lt\/index.php\/wp-json\/wp\/v2\/posts\/1213","targetHints":{"allow":["GET"]}}],"collection":[{"href":"http:\/\/eautomobiliai.lt\/index.php\/wp-json\/wp\/v2\/posts"}],"about":[{"href":"http:\/\/eautomobiliai.lt\/index.php\/wp-json\/wp\/v2\/types\/post"}],"author":[{"embeddable":true,"href":"http:\/\/eautomobiliai.lt\/index.php\/wp-json\/wp\/v2\/users\/1"}],"replies":[{"embeddable":true,"href":"http:\/\/eautomobiliai.lt\/index.php\/wp-json\/wp\/v2\/comments?post=1213"}],"version-history":[{"count":0,"href":"http:\/\/eautomobiliai.lt\/index.php\/wp-json\/wp\/v2\/posts\/1213\/revisions"}],"wp:featuredmedia":[{"embeddable":true,"href":"http:\/\/eautomobiliai.lt\/index.php\/wp-json\/wp\/v2\/media\/1214"}],"wp:attachment":[{"href":"http:\/\/eautomobiliai.lt\/index.php\/wp-json\/wp\/v2\/media?parent=1213"}],"wp:term":[{"taxonomy":"category","embeddable":true,"href":"http:\/\/eautomobiliai.lt\/index.php\/wp-json\/wp\/v2\/categories?post=1213"},{"taxonomy":"post_tag","embeddable":true,"href":"http:\/\/eautomobiliai.lt\/index.php\/wp-json\/wp\/v2\/tags?post=1213"}],"curies":[{"name":"wp","href":"https:\/\/api.w.org\/{rel}","templated":true}]}}