{"id":1223,"date":"2025-06-19T03:47:09","date_gmt":"2025-06-19T03:47:09","guid":{"rendered":"https:\/\/eautomobiliai.lt\/index.php\/2025\/06\/19\/tesla-prasoma-atideti-teksaso-istatymu-leideju-robotaxi-paleidima-austine\/"},"modified":"2025-06-19T03:47:09","modified_gmt":"2025-06-19T03:47:09","slug":"tesla-prasoma-atideti-teksaso-istatymu-leideju-robotaxi-paleidima-austine","status":"publish","type":"post","link":"http:\/\/eautomobiliai.lt\/index.php\/2025\/06\/19\/tesla-prasoma-atideti-teksaso-istatymu-leideju-robotaxi-paleidima-austine\/","title":{"rendered":"\u201eTesla\u201c pra\u0161oma atid\u0117ti Teksaso \u012fstatym\u0173 leid\u0117j\u0173 \u201eRobotaxi\u201c paleidim\u0105 Austine"},"content":{"rendered":"<p> <br \/>\n<\/p>\n<div>\n<figure class=\"img-border featured-image\">\n\t<\/figure>\n<p>Teksaso \u012fstatym\u0173 leid\u0117jai oficialiai papra\u0161\u0117, kad \u201eTesla\u201c atid\u0117t\u0173 savo planuojam\u0105 \u201eRobotaxi\u201c atidarym\u0105 Austine per kelis m\u0117nesius d\u0117l to, kad buvo \u012fgyvendintas naujas \u012fstatymas.<\/p>\n<p>Tai Elono Musko dievobaim\u0117.<\/p>\n<p><span id=\"more-421017\"\/><\/p>\n<p>Kaip jau anks\u010diau prane\u0161\u0117me, \u201eTesla\u201c planuojamas \u201eRobotaxi\u201c startas Austine, Teksase, dabar \u201epreliminariai\u201c, suplanuotas bir\u017eelio 22 d., Yra \u201eTesla\u201c tikslo posto jud\u0117jimas.<\/p>\n<p>Pats generalinis direktorius Elonas Muskas anks\u010diau apra\u0161\u0117 tai, k\u0105 \u201eTesla\u201c planuoja paleisti kaip \u201ene i\u0161 tikr\u0173j\u0173 savaranki\u0161kai\u201c, ta\u010diau generalinis direktorius naudoja nauj\u0105 strategij\u0105 kaip b\u016bd\u0105 reikalauti pergal\u0117s autonominiame vairavime po ilg\u0173 met\u0173 praleist\u0173 termin\u0173 ir nes\u0117kming\u0173 pa\u017ead\u0173.<\/p>\n<p>\t<span class=\"outbrain-ad-label\">Skelbimas &#8211; slinkite daugiau turinio<\/span><\/p>\n<p>Nuo pra\u0117jusi\u0173 met\u0173 Muskas \u0161i\u0105 vasar\u0105 aptar\u0117 paslaug\u0105 Austine. Pastaruosius kelis m\u0117nesius jis nurod\u0117, kad tai \u012fvyks bir\u017eelio m\u0117n., O bir\u017eelio 22 d. Data bus oficialiai pasidalyta pra\u0117jusi\u0105 savait\u0119.<\/p>\n<p>Kad Muskas tvirtint\u0173 savo pergal\u0119, \u201eTesla\u201c reik\u0117s laikytis termino, kuris b\u016bt\u0173 pirmasis \u201eTesla\u201c, kai kalbama apie savo autonomin\u012f vairavimo plan\u0105.<\/p>\n<p>Ta\u010diau Teksaso \u012fstatym\u0173 leid\u0117jai k\u0105 tik dav\u0117 \u201eTesla\u201c.<\/p>\n<p>Septyni\u0173 Austine \u012fsik\u016brusi\u0173 \u012fstatym\u0173 leid\u0117j\u0173 grup\u0117 Teksaso senate ir R\u016bmai pasira\u0161\u0117 lai\u0161k\u0105, kuriame pra\u0161oma \u201eTesla\u201c atid\u0117ti jo paleidim\u0105 iki rugs\u0117jo m\u0117n.:<\/p>\n<blockquote class=\"wp-block-quote is-layout-flow wp-block-quote-is-layout-flow\">\n<p>Kaip Austino delegacijos nariai Teksaso Senate ir Teksaso Atstov\u0173 r\u016bmuose, mes oficialiai pra\u0161ome, kad \u201eTesla\u201c atid\u0117t\u0173 autonomines robotaxi operacijas, kol naujasis \u012fstatymas \u012fsigalioja 2025 m. Rugs\u0117jo i, 2025 m. Mes manome, kad tai yra geriausia visuomen\u0117s saugumo ir visuomen\u0117s pasitik\u0117jimo skatinimas Tesla operacijose. Jei \u201eTesla\u201c pasirenka t\u0119sti 2025 m. Bir\u017eelio 22 d., Paleidimo dat\u0105, pra\u0161ome atsakyti \u012f \u0161\u012f lai\u0161k\u0105 su i\u0161samia informacija, parodan\u010dia, kad \u201eTesla\u201c atitiks nauj\u0105j\u012f \u012fstatym\u0105, pradedant be vairuotoj\u0173 operacij\u0173 Austine.<\/p>\n<\/blockquote>\n<p>Teksasas tur\u0117jo labai ma\u017eai taisykli\u0173, turin\u010di\u0173 \u012ftakos autonominiam vairavimui, o naujasis \u012fstatymas palaiko \u0161\u012f status quo. Ta\u010diau jame taip pat pateikiami reikalavimai laikytis federalini\u0173 gairi\u0173 ir naujausia s\u0105skaitos nuorod\u0173 SAE autonominio vairavimo lygio versija.<\/p>\n<p>Neatrodo, kad \u012fstatym\u0173 leid\u0117jai ver\u010dia \u201eTesla\u201c kol kas atid\u0117ti paleidim\u0105. Jie mandagiau pra\u0161o atid\u0117ti, kol bus sukurta nauja sistema.<\/p>\n<p>\u0160tai visas Teksaso \u012fstatym\u0173 leid\u0117j\u0173 lai\u0161kas:<\/p>\n<figure class=\"wp-block-gallery alignwide has-nested-images columns-default is-cropped wp-block-gallery-1 is-layout-flex wp-block-gallery-is-layout-flex\">\n<figure class=\"wp-block-image size-large\"><img loading=\"lazy\" decoding=\"async\" width=\"603\" height=\"839\" data-id=\"421018\" src=\"https:\/\/electrek.co\/wp-content\/uploads\/sites\/3\/2025\/06\/Gtwx4zYWkAAzlNz.png\" alt=\"\" class=\"wp-image-421018\" srcset=\"https:\/\/electrek.co\/wp-content\/uploads\/sites\/3\/2025\/06\/Gtwx4zYWkAAzlNz.png 603w, https:\/\/electrek.co\/wp-content\/uploads\/sites\/3\/2025\/06\/Gtwx4zYWkAAzlNz.png?resize=108,150 108w, https:\/\/electrek.co\/wp-content\/uploads\/sites\/3\/2025\/06\/Gtwx4zYWkAAzlNz.png?resize=216,300 216w, https:\/\/electrek.co\/wp-content\/uploads\/sites\/3\/2025\/06\/Gtwx4zYWkAAzlNz.png?resize=252,350 252w, https:\/\/electrek.co\/wp-content\/uploads\/sites\/3\/2025\/06\/Gtwx4zYWkAAzlNz.png?resize=140,195 140w, https:\/\/electrek.co\/wp-content\/uploads\/sites\/3\/2025\/06\/Gtwx4zYWkAAzlNz.png?resize=150,209 150w\" sizes=\"auto, (max-width: 603px) 100vw, 603px\"\/><\/figure>\n<figure class=\"wp-block-image size-large\"><img loading=\"lazy\" decoding=\"async\" width=\"600\" height=\"856\" data-id=\"421019\" src=\"https:\/\/electrek.co\/wp-content\/uploads\/sites\/3\/2025\/06\/Gtwx9KXXcAAtTkT.png\" alt=\"\" class=\"wp-image-421019\" srcset=\"https:\/\/electrek.co\/wp-content\/uploads\/sites\/3\/2025\/06\/Gtwx9KXXcAAtTkT.png 600w, https:\/\/electrek.co\/wp-content\/uploads\/sites\/3\/2025\/06\/Gtwx9KXXcAAtTkT.png?resize=105,150 105w, https:\/\/electrek.co\/wp-content\/uploads\/sites\/3\/2025\/06\/Gtwx9KXXcAAtTkT.png?resize=210,300 210w, https:\/\/electrek.co\/wp-content\/uploads\/sites\/3\/2025\/06\/Gtwx9KXXcAAtTkT.png?resize=245,350 245w, https:\/\/electrek.co\/wp-content\/uploads\/sites\/3\/2025\/06\/Gtwx9KXXcAAtTkT.png?resize=140,200 140w, https:\/\/electrek.co\/wp-content\/uploads\/sites\/3\/2025\/06\/Gtwx9KXXcAAtTkT.png?resize=150,214 150w\" sizes=\"auto, (max-width: 600px) 100vw, 600px\"\/><\/figure>\n<\/figure>\n<h2 class=\"wp-block-heading\" id=\"h-electrek-s-take\">\u201eElectrek&#8217;s Take\u201c<\/h2>\n<p>Atrodo, kad tai yra Teslos ir Musko dievas. Net tur\u0117dama \u017eymiai suma\u017e\u0117jusi\u0105 programos apimt\u012f, palyginti su tuo, k\u0105 \u201eTesla\u201c pa\u017ead\u0117jo met\u0173 metus, ir tai, kad Waymo daro b\u016btent tai, k\u0105 \u201eTesla\u201c bando atlikti daugel\u012f met\u0173, atrodo, kad \u201eTesla\u201c patiria sunkum\u0173.<\/p>\n<p>Kaip mes anks\u010diau prane\u0161\u0117me, bandymai be apsauginio vairuotojo buvo labai ribotas, atsi\u017evelgiant \u012f pasteb\u0117jimus, ir atrodo, kad \u201eTesla\u201c tiesiog perk\u0117l\u0117 \u201eapsaugin\u0119 vairuotoj\u0105\u201c \u012f keleivio s\u0117dyn\u0119 su optikos \u201eKill\u201c jungikliu.<\/p>\n<p>Dabar \u201eTesla\u201c gali teigti, kad ji turi atid\u0117ti paleidim\u0105, kad patikt\u0173 reguliavimo institucijoms, o ne tod\u0117l, kad ji n\u0117ra paruo\u0161ta.<\/p>\n<p>Taip pat yra NHTSA, kuris \u0161iandien \u201eTesla\u201c baig\u0117 termin\u0105 atsakyti \u012f kr\u016bv\u0105 klausim\u0173 apie planuojam\u0105 \u201eRobotaxi\u201c paleidim\u0105 Austine. Taigi, tai taip pat gali atlikti tam tikr\u0105 vaidmen\u012f.<\/p>\n<p>Dabar pa\u017ei\u016br\u0117kime, ar \u201eTesla\u201c imasi i\u0161eiti, ar nusprend\u017eia jud\u0117ti \u012f priek\u012f. Vis\u0173 labui tikiuosi, kad jie pasirinks.<\/p>\n<div class=\"ad-disclaimer-container\">\n<p class=\"disclaimer-affiliate\"><em>FPK: Mes naudojame pajamas gaunan\u010dias automatinio filialo nuorodas.<\/em> Daugiau.<\/p>\n<p><!-- post ad --><\/div>\n<\/p><\/div>\n<p><br \/>\n<br \/><a href=\"https:\/\/electrek.co\/2025\/06\/18\/tesla-asked-delay-robotaxi-launch-in-austin-texas-lawmakers\/\">Source link <\/a><\/p>\n","protected":false},"excerpt":{"rendered":"<p>Teksaso \u012fstatym\u0173 leid\u0117jai oficialiai papra\u0161\u0117, kad \u201eTesla\u201c atid\u0117t\u0173 savo planuojam\u0105 \u201eRobotaxi\u201c atidarym\u0105 Austine per kelis m\u0117nesius d\u0117l to, kad buvo&hellip;<\/p>\n","protected":false},"author":1,"featured_media":1082,"comment_status":"open","ping_status":"open","sticky":false,"template":"","format":"standard","meta":{"om_disable_all_campaigns":false,"_monsterinsights_skip_tracking":false,"_monsterinsights_sitenote_active":false,"_monsterinsights_sitenote_note":"","_monsterinsights_sitenote_category":0,"footnotes":""},"categories":[8],"tags":[2492,2325,2493,2494,1345,2491,1855,1874,14],"class_list":["post-1223","post","type-post","status-publish","format-standard","has-post-thumbnail","hentry","category-elektriniai-automobiliai","tag-atideti","tag-austine","tag-istatymu","tag-leideju","tag-paleidima","tag-prasoma","tag-robotaxi","tag-teksaso","tag-tesla"],"aioseo_notices":[],"yoast_head":"<!-- This site is optimized with the Yoast SEO plugin v26.8 - https:\/\/yoast.com\/product\/yoast-seo-wordpress\/ -->\n<title>\u201eTesla\u201c pra\u0161oma atid\u0117ti Teksaso \u012fstatym\u0173 leid\u0117j\u0173 \u201eRobotaxi\u201c paleidim\u0105 Austine - Eautomobiliai.lt<\/title>\n<meta name=\"robots\" content=\"index, follow, max-snippet:-1, max-image-preview:large, max-video-preview:-1\" \/>\n<link rel=\"canonical\" href=\"http:\/\/eautomobiliai.lt\/index.php\/2025\/06\/19\/tesla-prasoma-atideti-teksaso-istatymu-leideju-robotaxi-paleidima-austine\/\" \/>\n<meta property=\"og:locale\" content=\"lt_LT\" \/>\n<meta property=\"og:type\" content=\"article\" \/>\n<meta property=\"og:title\" content=\"\u201eTesla\u201c pra\u0161oma atid\u0117ti Teksaso \u012fstatym\u0173 leid\u0117j\u0173 \u201eRobotaxi\u201c paleidim\u0105 Austine - Eautomobiliai.lt\" \/>\n<meta property=\"og:description\" content=\"Teksaso \u012fstatym\u0173 leid\u0117jai oficialiai papra\u0161\u0117, kad \u201eTesla\u201c atid\u0117t\u0173 savo planuojam\u0105 \u201eRobotaxi\u201c atidarym\u0105 Austine per kelis m\u0117nesius d\u0117l to, kad buvo&hellip;\" \/>\n<meta property=\"og:url\" content=\"http:\/\/eautomobiliai.lt\/index.php\/2025\/06\/19\/tesla-prasoma-atideti-teksaso-istatymu-leideju-robotaxi-paleidima-austine\/\" \/>\n<meta property=\"og:site_name\" content=\"Eautomobiliai.lt\" \/>\n<meta property=\"article:published_time\" content=\"2025-06-19T03:47:09+00:00\" \/>\n<meta property=\"og:image\" content=\"http:\/\/eautomobiliai.lt\/wp-content\/uploads\/2025\/06\/\u201eTesla-pripazista.jpg\" \/>\n\t<meta property=\"og:image:width\" content=\"1200\" \/>\n\t<meta property=\"og:image:height\" content=\"628\" \/>\n\t<meta property=\"og:image:type\" content=\"image\/jpeg\" \/>\n<meta name=\"author\" content=\"admin\" \/>\n<meta name=\"twitter:card\" content=\"summary_large_image\" \/>\n<meta name=\"twitter:label1\" content=\"Written by\" \/>\n\t<meta name=\"twitter:data1\" content=\"admin\" \/>\n\t<meta name=\"twitter:label2\" content=\"Est. reading time\" \/>\n\t<meta name=\"twitter:data2\" content=\"3 minut\u0117s\" \/>\n<script type=\"application\/ld+json\" class=\"yoast-schema-graph\">{\"@context\":\"https:\/\/schema.org\",\"@graph\":[{\"@type\":\"Article\",\"@id\":\"http:\/\/eautomobiliai.lt\/index.php\/2025\/06\/19\/tesla-prasoma-atideti-teksaso-istatymu-leideju-robotaxi-paleidima-austine\/#article\",\"isPartOf\":{\"@id\":\"http:\/\/eautomobiliai.lt\/index.php\/2025\/06\/19\/tesla-prasoma-atideti-teksaso-istatymu-leideju-robotaxi-paleidima-austine\/\"},\"author\":{\"name\":\"admin\",\"@id\":\"https:\/\/eautomobiliai.lt\/#\/schema\/person\/ecf2a967f361217d056061f74deb92f2\"},\"headline\":\"\u201eTesla\u201c pra\u0161oma atid\u0117ti Teksaso \u012fstatym\u0173 leid\u0117j\u0173 \u201eRobotaxi\u201c paleidim\u0105 Austine\",\"datePublished\":\"2025-06-19T03:47:09+00:00\",\"mainEntityOfPage\":{\"@id\":\"http:\/\/eautomobiliai.lt\/index.php\/2025\/06\/19\/tesla-prasoma-atideti-teksaso-istatymu-leideju-robotaxi-paleidima-austine\/\"},\"wordCount\":531,\"commentCount\":0,\"image\":{\"@id\":\"http:\/\/eautomobiliai.lt\/index.php\/2025\/06\/19\/tesla-prasoma-atideti-teksaso-istatymu-leideju-robotaxi-paleidima-austine\/#primaryimage\"},\"thumbnailUrl\":\"http:\/\/eautomobiliai.lt\/wp-content\/uploads\/2025\/06\/\u201eTesla-pripazista.jpg\",\"keywords\":[\"atid\u0117ti\",\"Austine\",\"\u012fstatym\u0173\",\"leid\u0117j\u0173\",\"paleidim\u0105\",\"pra\u0161oma\",\"Robotaxi\",\"Teksaso\",\"Tesla\"],\"articleSection\":[\"ELEKTRINIAI AUTOMOBILIAI\"],\"inLanguage\":\"lt-LT\",\"potentialAction\":[{\"@type\":\"CommentAction\",\"name\":\"Comment\",\"target\":[\"http:\/\/eautomobiliai.lt\/index.php\/2025\/06\/19\/tesla-prasoma-atideti-teksaso-istatymu-leideju-robotaxi-paleidima-austine\/#respond\"]}]},{\"@type\":\"WebPage\",\"@id\":\"http:\/\/eautomobiliai.lt\/index.php\/2025\/06\/19\/tesla-prasoma-atideti-teksaso-istatymu-leideju-robotaxi-paleidima-austine\/\",\"url\":\"http:\/\/eautomobiliai.lt\/index.php\/2025\/06\/19\/tesla-prasoma-atideti-teksaso-istatymu-leideju-robotaxi-paleidima-austine\/\",\"name\":\"\u201eTesla\u201c pra\u0161oma atid\u0117ti Teksaso \u012fstatym\u0173 leid\u0117j\u0173 \u201eRobotaxi\u201c paleidim\u0105 Austine - Eautomobiliai.lt\",\"isPartOf\":{\"@id\":\"https:\/\/eautomobiliai.lt\/#website\"},\"primaryImageOfPage\":{\"@id\":\"http:\/\/eautomobiliai.lt\/index.php\/2025\/06\/19\/tesla-prasoma-atideti-teksaso-istatymu-leideju-robotaxi-paleidima-austine\/#primaryimage\"},\"image\":{\"@id\":\"http:\/\/eautomobiliai.lt\/index.php\/2025\/06\/19\/tesla-prasoma-atideti-teksaso-istatymu-leideju-robotaxi-paleidima-austine\/#primaryimage\"},\"thumbnailUrl\":\"http:\/\/eautomobiliai.lt\/wp-content\/uploads\/2025\/06\/\u201eTesla-pripazista.jpg\",\"datePublished\":\"2025-06-19T03:47:09+00:00\",\"author\":{\"@id\":\"https:\/\/eautomobiliai.lt\/#\/schema\/person\/ecf2a967f361217d056061f74deb92f2\"},\"breadcrumb\":{\"@id\":\"http:\/\/eautomobiliai.lt\/index.php\/2025\/06\/19\/tesla-prasoma-atideti-teksaso-istatymu-leideju-robotaxi-paleidima-austine\/#breadcrumb\"},\"inLanguage\":\"lt-LT\",\"potentialAction\":[{\"@type\":\"ReadAction\",\"target\":[\"http:\/\/eautomobiliai.lt\/index.php\/2025\/06\/19\/tesla-prasoma-atideti-teksaso-istatymu-leideju-robotaxi-paleidima-austine\/\"]}]},{\"@type\":\"ImageObject\",\"inLanguage\":\"lt-LT\",\"@id\":\"http:\/\/eautomobiliai.lt\/index.php\/2025\/06\/19\/tesla-prasoma-atideti-teksaso-istatymu-leideju-robotaxi-paleidima-austine\/#primaryimage\",\"url\":\"http:\/\/eautomobiliai.lt\/wp-content\/uploads\/2025\/06\/\u201eTesla-pripazista.jpg\",\"contentUrl\":\"http:\/\/eautomobiliai.lt\/wp-content\/uploads\/2025\/06\/\u201eTesla-pripazista.jpg\",\"width\":1200,\"height\":628},{\"@type\":\"BreadcrumbList\",\"@id\":\"http:\/\/eautomobiliai.lt\/index.php\/2025\/06\/19\/tesla-prasoma-atideti-teksaso-istatymu-leideju-robotaxi-paleidima-austine\/#breadcrumb\",\"itemListElement\":[{\"@type\":\"ListItem\",\"position\":1,\"name\":\"Home\",\"item\":\"https:\/\/eautomobiliai.lt\/\"},{\"@type\":\"ListItem\",\"position\":2,\"name\":\"\u201eTesla\u201c pra\u0161oma atid\u0117ti Teksaso \u012fstatym\u0173 leid\u0117j\u0173 \u201eRobotaxi\u201c paleidim\u0105 Austine\"}]},{\"@type\":\"WebSite\",\"@id\":\"https:\/\/eautomobiliai.lt\/#website\",\"url\":\"https:\/\/eautomobiliai.lt\/\",\"name\":\"Eautomobiliai.lt\",\"description\":\"Elektrinis transportas, technologijos\",\"potentialAction\":[{\"@type\":\"SearchAction\",\"target\":{\"@type\":\"EntryPoint\",\"urlTemplate\":\"https:\/\/eautomobiliai.lt\/?s={search_term_string}\"},\"query-input\":{\"@type\":\"PropertyValueSpecification\",\"valueRequired\":true,\"valueName\":\"search_term_string\"}}],\"inLanguage\":\"lt-LT\"},{\"@type\":\"Person\",\"@id\":\"https:\/\/eautomobiliai.lt\/#\/schema\/person\/ecf2a967f361217d056061f74deb92f2\",\"name\":\"admin\",\"image\":{\"@type\":\"ImageObject\",\"inLanguage\":\"lt-LT\",\"@id\":\"https:\/\/eautomobiliai.lt\/#\/schema\/person\/image\/\",\"url\":\"https:\/\/secure.gravatar.com\/avatar\/6323379efae0c70c686c7905444d6bbd?s=96&d=mm&r=g\",\"contentUrl\":\"https:\/\/secure.gravatar.com\/avatar\/6323379efae0c70c686c7905444d6bbd?s=96&d=mm&r=g\",\"caption\":\"admin\"},\"sameAs\":[\"http:\/\/eautomobiliai.lt\"],\"url\":\"http:\/\/eautomobiliai.lt\/index.php\/author\/admin\/\"}]}<\/script>\n<!-- \/ Yoast SEO plugin. -->","yoast_head_json":{"title":"\u201eTesla\u201c pra\u0161oma atid\u0117ti Teksaso \u012fstatym\u0173 leid\u0117j\u0173 \u201eRobotaxi\u201c paleidim\u0105 Austine - Eautomobiliai.lt","robots":{"index":"index","follow":"follow","max-snippet":"max-snippet:-1","max-image-preview":"max-image-preview:large","max-video-preview":"max-video-preview:-1"},"canonical":"http:\/\/eautomobiliai.lt\/index.php\/2025\/06\/19\/tesla-prasoma-atideti-teksaso-istatymu-leideju-robotaxi-paleidima-austine\/","og_locale":"lt_LT","og_type":"article","og_title":"\u201eTesla\u201c pra\u0161oma atid\u0117ti Teksaso \u012fstatym\u0173 leid\u0117j\u0173 \u201eRobotaxi\u201c paleidim\u0105 Austine - Eautomobiliai.lt","og_description":"Teksaso \u012fstatym\u0173 leid\u0117jai oficialiai papra\u0161\u0117, kad \u201eTesla\u201c atid\u0117t\u0173 savo planuojam\u0105 \u201eRobotaxi\u201c atidarym\u0105 Austine per kelis m\u0117nesius d\u0117l to, kad buvo&hellip;","og_url":"http:\/\/eautomobiliai.lt\/index.php\/2025\/06\/19\/tesla-prasoma-atideti-teksaso-istatymu-leideju-robotaxi-paleidima-austine\/","og_site_name":"Eautomobiliai.lt","article_published_time":"2025-06-19T03:47:09+00:00","og_image":[{"width":1200,"height":628,"url":"http:\/\/eautomobiliai.lt\/wp-content\/uploads\/2025\/06\/\u201eTesla-pripazista.jpg","type":"image\/jpeg"}],"author":"admin","twitter_card":"summary_large_image","twitter_misc":{"Written by":"admin","Est. reading time":"3 minut\u0117s"},"schema":{"@context":"https:\/\/schema.org","@graph":[{"@type":"Article","@id":"http:\/\/eautomobiliai.lt\/index.php\/2025\/06\/19\/tesla-prasoma-atideti-teksaso-istatymu-leideju-robotaxi-paleidima-austine\/#article","isPartOf":{"@id":"http:\/\/eautomobiliai.lt\/index.php\/2025\/06\/19\/tesla-prasoma-atideti-teksaso-istatymu-leideju-robotaxi-paleidima-austine\/"},"author":{"name":"admin","@id":"https:\/\/eautomobiliai.lt\/#\/schema\/person\/ecf2a967f361217d056061f74deb92f2"},"headline":"\u201eTesla\u201c pra\u0161oma atid\u0117ti Teksaso \u012fstatym\u0173 leid\u0117j\u0173 \u201eRobotaxi\u201c paleidim\u0105 Austine","datePublished":"2025-06-19T03:47:09+00:00","mainEntityOfPage":{"@id":"http:\/\/eautomobiliai.lt\/index.php\/2025\/06\/19\/tesla-prasoma-atideti-teksaso-istatymu-leideju-robotaxi-paleidima-austine\/"},"wordCount":531,"commentCount":0,"image":{"@id":"http:\/\/eautomobiliai.lt\/index.php\/2025\/06\/19\/tesla-prasoma-atideti-teksaso-istatymu-leideju-robotaxi-paleidima-austine\/#primaryimage"},"thumbnailUrl":"http:\/\/eautomobiliai.lt\/wp-content\/uploads\/2025\/06\/\u201eTesla-pripazista.jpg","keywords":["atid\u0117ti","Austine","\u012fstatym\u0173","leid\u0117j\u0173","paleidim\u0105","pra\u0161oma","Robotaxi","Teksaso","Tesla"],"articleSection":["ELEKTRINIAI AUTOMOBILIAI"],"inLanguage":"lt-LT","potentialAction":[{"@type":"CommentAction","name":"Comment","target":["http:\/\/eautomobiliai.lt\/index.php\/2025\/06\/19\/tesla-prasoma-atideti-teksaso-istatymu-leideju-robotaxi-paleidima-austine\/#respond"]}]},{"@type":"WebPage","@id":"http:\/\/eautomobiliai.lt\/index.php\/2025\/06\/19\/tesla-prasoma-atideti-teksaso-istatymu-leideju-robotaxi-paleidima-austine\/","url":"http:\/\/eautomobiliai.lt\/index.php\/2025\/06\/19\/tesla-prasoma-atideti-teksaso-istatymu-leideju-robotaxi-paleidima-austine\/","name":"\u201eTesla\u201c pra\u0161oma atid\u0117ti Teksaso \u012fstatym\u0173 leid\u0117j\u0173 \u201eRobotaxi\u201c paleidim\u0105 Austine - Eautomobiliai.lt","isPartOf":{"@id":"https:\/\/eautomobiliai.lt\/#website"},"primaryImageOfPage":{"@id":"http:\/\/eautomobiliai.lt\/index.php\/2025\/06\/19\/tesla-prasoma-atideti-teksaso-istatymu-leideju-robotaxi-paleidima-austine\/#primaryimage"},"image":{"@id":"http:\/\/eautomobiliai.lt\/index.php\/2025\/06\/19\/tesla-prasoma-atideti-teksaso-istatymu-leideju-robotaxi-paleidima-austine\/#primaryimage"},"thumbnailUrl":"http:\/\/eautomobiliai.lt\/wp-content\/uploads\/2025\/06\/\u201eTesla-pripazista.jpg","datePublished":"2025-06-19T03:47:09+00:00","author":{"@id":"https:\/\/eautomobiliai.lt\/#\/schema\/person\/ecf2a967f361217d056061f74deb92f2"},"breadcrumb":{"@id":"http:\/\/eautomobiliai.lt\/index.php\/2025\/06\/19\/tesla-prasoma-atideti-teksaso-istatymu-leideju-robotaxi-paleidima-austine\/#breadcrumb"},"inLanguage":"lt-LT","potentialAction":[{"@type":"ReadAction","target":["http:\/\/eautomobiliai.lt\/index.php\/2025\/06\/19\/tesla-prasoma-atideti-teksaso-istatymu-leideju-robotaxi-paleidima-austine\/"]}]},{"@type":"ImageObject","inLanguage":"lt-LT","@id":"http:\/\/eautomobiliai.lt\/index.php\/2025\/06\/19\/tesla-prasoma-atideti-teksaso-istatymu-leideju-robotaxi-paleidima-austine\/#primaryimage","url":"http:\/\/eautomobiliai.lt\/wp-content\/uploads\/2025\/06\/\u201eTesla-pripazista.jpg","contentUrl":"http:\/\/eautomobiliai.lt\/wp-content\/uploads\/2025\/06\/\u201eTesla-pripazista.jpg","width":1200,"height":628},{"@type":"BreadcrumbList","@id":"http:\/\/eautomobiliai.lt\/index.php\/2025\/06\/19\/tesla-prasoma-atideti-teksaso-istatymu-leideju-robotaxi-paleidima-austine\/#breadcrumb","itemListElement":[{"@type":"ListItem","position":1,"name":"Home","item":"https:\/\/eautomobiliai.lt\/"},{"@type":"ListItem","position":2,"name":"\u201eTesla\u201c pra\u0161oma atid\u0117ti Teksaso \u012fstatym\u0173 leid\u0117j\u0173 \u201eRobotaxi\u201c paleidim\u0105 Austine"}]},{"@type":"WebSite","@id":"https:\/\/eautomobiliai.lt\/#website","url":"https:\/\/eautomobiliai.lt\/","name":"Eautomobiliai.lt","description":"Elektrinis transportas, technologijos","potentialAction":[{"@type":"SearchAction","target":{"@type":"EntryPoint","urlTemplate":"https:\/\/eautomobiliai.lt\/?s={search_term_string}"},"query-input":{"@type":"PropertyValueSpecification","valueRequired":true,"valueName":"search_term_string"}}],"inLanguage":"lt-LT"},{"@type":"Person","@id":"https:\/\/eautomobiliai.lt\/#\/schema\/person\/ecf2a967f361217d056061f74deb92f2","name":"admin","image":{"@type":"ImageObject","inLanguage":"lt-LT","@id":"https:\/\/eautomobiliai.lt\/#\/schema\/person\/image\/","url":"https:\/\/secure.gravatar.com\/avatar\/6323379efae0c70c686c7905444d6bbd?s=96&d=mm&r=g","contentUrl":"https:\/\/secure.gravatar.com\/avatar\/6323379efae0c70c686c7905444d6bbd?s=96&d=mm&r=g","caption":"admin"},"sameAs":["http:\/\/eautomobiliai.lt"],"url":"http:\/\/eautomobiliai.lt\/index.php\/author\/admin\/"}]}},"_links":{"self":[{"href":"http:\/\/eautomobiliai.lt\/index.php\/wp-json\/wp\/v2\/posts\/1223","targetHints":{"allow":["GET"]}}],"collection":[{"href":"http:\/\/eautomobiliai.lt\/index.php\/wp-json\/wp\/v2\/posts"}],"about":[{"href":"http:\/\/eautomobiliai.lt\/index.php\/wp-json\/wp\/v2\/types\/post"}],"author":[{"embeddable":true,"href":"http:\/\/eautomobiliai.lt\/index.php\/wp-json\/wp\/v2\/users\/1"}],"replies":[{"embeddable":true,"href":"http:\/\/eautomobiliai.lt\/index.php\/wp-json\/wp\/v2\/comments?post=1223"}],"version-history":[{"count":0,"href":"http:\/\/eautomobiliai.lt\/index.php\/wp-json\/wp\/v2\/posts\/1223\/revisions"}],"wp:featuredmedia":[{"embeddable":true,"href":"http:\/\/eautomobiliai.lt\/index.php\/wp-json\/wp\/v2\/media\/1082"}],"wp:attachment":[{"href":"http:\/\/eautomobiliai.lt\/index.php\/wp-json\/wp\/v2\/media?parent=1223"}],"wp:term":[{"taxonomy":"category","embeddable":true,"href":"http:\/\/eautomobiliai.lt\/index.php\/wp-json\/wp\/v2\/categories?post=1223"},{"taxonomy":"post_tag","embeddable":true,"href":"http:\/\/eautomobiliai.lt\/index.php\/wp-json\/wp\/v2\/tags?post=1223"}],"curies":[{"name":"wp","href":"https:\/\/api.w.org\/{rel}","templated":true}]}}