{"id":1259,"date":"2025-06-22T08:19:09","date_gmt":"2025-06-22T08:19:09","guid":{"rendered":"https:\/\/eautomobiliai.lt\/index.php\/2025\/06\/22\/byd-testas-kietojo-kuno-akumuliatorius-sako-kad-gali-pristatyti-1500-km-ev-diapazona\/"},"modified":"2025-06-22T08:19:09","modified_gmt":"2025-06-22T08:19:09","slug":"byd-testas-kietojo-kuno-akumuliatorius-sako-kad-gali-pristatyti-1500-km-ev-diapazona","status":"publish","type":"post","link":"http:\/\/eautomobiliai.lt\/index.php\/2025\/06\/22\/byd-testas-kietojo-kuno-akumuliatorius-sako-kad-gali-pristatyti-1500-km-ev-diapazona\/","title":{"rendered":"\u201eBYD\u201c testas kietojo k\u016bno akumuliatorius sako, kad gali pristatyti 1500 km EV diapazon\u0105"},"content":{"rendered":"<p> <br \/>\n<\/p>\n<div id=\"\">\n<p><span style=\"font-weight: 400;\">Kinijos automobili\u0173 ir akumuliatori\u0173 mil\u017einas yra<\/span> Prane\u0161ama, kad i\u0161band\u0117 pirm\u0105j\u0105 savo kietojo k\u016bno akumuliatori\u0173 BYD transporto priemon\u0117se Kinijoje, tod\u0117l galimas diapazonas yra iki 1 500 km NEDC.<\/p>\n<p><span style=\"font-weight: 400;\">Ataskaitos pirm\u0105 kart\u0105 buvo matomos Kinijoje <\/span><span style=\"font-weight: 400;\">SMZDM<\/span><span style=\"font-weight: 400;\">  ir pasidalino <\/span><span style=\"font-weight: 400;\">ELECTREK,<\/span> ir teigkite, kad kelio bandymai vyksta \u201eBYD SEAL\u201c sedano transporto priemon\u0117se<span style=\"font-weight: 400;\">. <\/span><\/p>\n<p><span style=\"font-weight: 400;\">I\u0161bandyta pakuot\u0117 gali b\u016bti apmokestinta ma\u017edaug per 12 minu\u010di\u0173 ir tikimasi, kad jis bus i\u0161bandytas iki ma\u017edaug 2027 m., Kai prognozuojama, kad ji bus naudojama ribotai naudoti \u012fmon\u0117s gamybos automobiliuose.<\/span><\/p>\n<p><span style=\"font-weight: 400;\">Iki 2030 m. \u201eBYD\u201c CTO \u201eSun Huajun\u201c tikisi, kad \u0161i akumuliatoriaus technika pateks \u012f masi\u0161kai pagamintas transporto priemones i\u0161 prek\u0117s \u017eenklo.<\/span><\/p>\n<p><span style=\"font-weight: 400;\">Remiantis \u0161iais naujausiais prane\u0161imais, tikimasi, kad naujoje \u201eBYD\u201c kietojo k\u016bno akumuliatoriuje bus 400 Wh\/kg energijos tankio, daug didesn\u0117 nei dabartin\u0117 a\u0161men\u0173 baterija, kuri yra 150 Wh\/kg.<\/span><\/p>\n<figure id=\"attachment_168686\" aria-describedby=\"caption-attachment-168686\" style=\"width: 1200px\" class=\"wp-caption aligncenter\"><img loading=\"lazy\" decoding=\"async\" class=\"size-full wp-image-168686\" src=\"https:\/\/thedriven.io\/wp-content\/uploads\/2023\/05\/Tesla-BYD-battery_02.jpg\" alt=\"\u201eBYD Blade\u201c akumuliatorius\" width=\"1200\" height=\"675\" srcset=\"https:\/\/thedriven.io\/wp-content\/uploads\/2023\/05\/Tesla-BYD-battery_02.jpg 1200w, https:\/\/thedriven.io\/wp-content\/uploads\/2023\/05\/Tesla-BYD-battery_02-388x218.jpg 388w, https:\/\/thedriven.io\/wp-content\/uploads\/2023\/05\/Tesla-BYD-battery_02-1160x653.jpg 1160w, https:\/\/thedriven.io\/wp-content\/uploads\/2023\/05\/Tesla-BYD-battery_02-800x450.jpg 800w, https:\/\/thedriven.io\/wp-content\/uploads\/2023\/05\/Tesla-BYD-battery_02-120x68.jpg 120w, https:\/\/thedriven.io\/wp-content\/uploads\/2023\/05\/Tesla-BYD-battery_02-90x51.jpg 90w, https:\/\/thedriven.io\/wp-content\/uploads\/2023\/05\/Tesla-BYD-battery_02-320x180.jpg 320w, https:\/\/thedriven.io\/wp-content\/uploads\/2023\/05\/Tesla-BYD-battery_02-560x315.jpg 560w, https:\/\/thedriven.io\/wp-content\/uploads\/2023\/05\/Tesla-BYD-battery_02-150x84.jpg 150w, https:\/\/thedriven.io\/wp-content\/uploads\/2023\/05\/Tesla-BYD-battery_02-240x135.jpg 240w, https:\/\/thedriven.io\/wp-content\/uploads\/2023\/05\/Tesla-BYD-battery_02-180x101.jpg 180w, https:\/\/thedriven.io\/wp-content\/uploads\/2023\/05\/Tesla-BYD-battery_02-640x360.jpg 640w, https:\/\/thedriven.io\/wp-content\/uploads\/2023\/05\/Tesla-BYD-battery_02-1120x630.jpg 1120w, https:\/\/thedriven.io\/wp-content\/uploads\/2023\/05\/Tesla-BYD-battery_02-300x169.jpg 300w\" sizes=\"auto, (max-width: 1160px) 100vw, 1160px\"\/><figcaption id=\"caption-attachment-168686\" class=\"wp-caption-text\">A\u0161men\u0173 baterija. \u0160altinis: BYD<\/figcaption><\/figure>\n<p><span style=\"font-weight: 400;\">Taip pat yra atnaujinta \u0161ios LFP a\u0161men\u0173 baterijos versija, kuri u\u017etruks iki 190 Wh\/kg, ta\u010diau ji vis tiek yra ma\u017eiau nei pus\u0117 kietojo k\u016bno element\u0173 energijos tankio.<\/span><\/p>\n<p><span style=\"font-weight: 400;\">Anks\u010diau \u0161iais metais BYD sukr\u0117t\u0117 pramon\u0119 paskelbdamas nauj\u0105 architekt\u016br\u0105, kuri kai kuriems savo EV modeliams suteikt\u0173 iki 1000 kW arba 1 MW \u012fkrovimo galios, padedan\u010di\u0105 prid\u0117ti 400 km diapazon\u0105 vos per 5 minutes.<\/span><\/p>\n<p><span style=\"font-weight: 400;\">\u0160i naujoji \u201eSuper E-Platform\u201c architekt\u016bra buvo prad\u0117ta naujausiose \u201eBYD\u201c \u201eHan L Sedan\u201c ir \u201eTang L\u201c visureigi\u0173 versijose, kurios prad\u0117jo pristatyti \u0161i\u0173 met\u0173 baland\u017eio vidur\u012f.<\/span><\/p>\n<figure id=\"attachment_187338\" aria-describedby=\"caption-attachment-187338\" style=\"width: 1200px\" class=\"wp-caption aligncenter\"><img decoding=\"async\" class=\"size-full wp-image-187338 native-lazyload-js-fallback\" alt=\"\" width=\"1200\" height=\"800\" loading=\"lazy\" src=\"https:\/\/b2232832.smushcdn.com\/2232832\/wp-content\/uploads\/2025\/05\/BYD-Charging-via-Weibo.jpg?lossy=1&amp;strip=0&amp;webp=1\" srcset=\"https:\/\/b2232832.smushcdn.com\/2232832\/wp-content\/uploads\/2025\/05\/BYD-Charging-via-Weibo.jpg?lossy=1&amp;strip=0&amp;webp=1 1200w, https:\/\/b2232832.smushcdn.com\/2232832\/wp-content\/uploads\/2025\/05\/BYD-Charging-via-Weibo-388x259.jpg?lossy=1&amp;strip=0&amp;webp=1 388w, https:\/\/b2232832.smushcdn.com\/2232832\/wp-content\/uploads\/2025\/05\/BYD-Charging-via-Weibo-1160x773.jpg?lossy=1&amp;strip=0&amp;webp=1 1160w, https:\/\/b2232832.smushcdn.com\/2232832\/wp-content\/uploads\/2025\/05\/BYD-Charging-via-Weibo-800x533.jpg?lossy=1&amp;strip=0&amp;webp=1 800w, https:\/\/b2232832.smushcdn.com\/2232832\/wp-content\/uploads\/2025\/05\/BYD-Charging-via-Weibo-120x80.jpg?lossy=1&amp;strip=0&amp;webp=1 120w, https:\/\/b2232832.smushcdn.com\/2232832\/wp-content\/uploads\/2025\/05\/BYD-Charging-via-Weibo-90x60.jpg?lossy=1&amp;strip=0&amp;webp=1 90w, https:\/\/b2232832.smushcdn.com\/2232832\/wp-content\/uploads\/2025\/05\/BYD-Charging-via-Weibo-320x213.jpg?lossy=1&amp;strip=0&amp;webp=1 320w, https:\/\/b2232832.smushcdn.com\/2232832\/wp-content\/uploads\/2025\/05\/BYD-Charging-via-Weibo-560x373.jpg?lossy=1&amp;strip=0&amp;webp=1 560w, https:\/\/b2232832.smushcdn.com\/2232832\/wp-content\/uploads\/2025\/05\/BYD-Charging-via-Weibo-150x100.jpg?lossy=1&amp;strip=0&amp;webp=1 150w, https:\/\/b2232832.smushcdn.com\/2232832\/wp-content\/uploads\/2025\/05\/BYD-Charging-via-Weibo-240x160.jpg?lossy=1&amp;strip=0&amp;webp=1 240w, https:\/\/b2232832.smushcdn.com\/2232832\/wp-content\/uploads\/2025\/05\/BYD-Charging-via-Weibo-180x120.jpg?lossy=1&amp;strip=0&amp;webp=1 180w, https:\/\/b2232832.smushcdn.com\/2232832\/wp-content\/uploads\/2025\/05\/BYD-Charging-via-Weibo-640x427.jpg?lossy=1&amp;strip=0&amp;webp=1 640w, https:\/\/b2232832.smushcdn.com\/2232832\/wp-content\/uploads\/2025\/05\/BYD-Charging-via-Weibo-1120x747.jpg?lossy=1&amp;strip=0&amp;webp=1 1120w, https:\/\/b2232832.smushcdn.com\/2232832\/wp-content\/uploads\/2025\/05\/BYD-Charging-via-Weibo-300x200.jpg?lossy=1&amp;strip=0&amp;webp=1 300w\" data-sizes=\"(max-width: 1160px) 100vw, 1160px\"\/><img loading=\"lazy\" decoding=\"async\" class=\"size-full wp-image-187338\" src=\"https:\/\/thedriven.io\/wp-content\/uploads\/2025\/05\/BYD-Charging-via-Weibo.jpg\" alt=\"\" width=\"1200\" height=\"800\" srcset=\"https:\/\/thedriven.io\/wp-content\/uploads\/2025\/05\/BYD-Charging-via-Weibo.jpg 1200w, https:\/\/thedriven.io\/wp-content\/uploads\/2025\/05\/BYD-Charging-via-Weibo-388x259.jpg 388w, https:\/\/thedriven.io\/wp-content\/uploads\/2025\/05\/BYD-Charging-via-Weibo-1160x773.jpg 1160w, https:\/\/thedriven.io\/wp-content\/uploads\/2025\/05\/BYD-Charging-via-Weibo-800x533.jpg 800w, https:\/\/thedriven.io\/wp-content\/uploads\/2025\/05\/BYD-Charging-via-Weibo-120x80.jpg 120w, https:\/\/thedriven.io\/wp-content\/uploads\/2025\/05\/BYD-Charging-via-Weibo-90x60.jpg 90w, https:\/\/thedriven.io\/wp-content\/uploads\/2025\/05\/BYD-Charging-via-Weibo-320x213.jpg 320w, https:\/\/thedriven.io\/wp-content\/uploads\/2025\/05\/BYD-Charging-via-Weibo-560x373.jpg 560w, https:\/\/thedriven.io\/wp-content\/uploads\/2025\/05\/BYD-Charging-via-Weibo-150x100.jpg 150w, https:\/\/thedriven.io\/wp-content\/uploads\/2025\/05\/BYD-Charging-via-Weibo-240x160.jpg 240w, https:\/\/thedriven.io\/wp-content\/uploads\/2025\/05\/BYD-Charging-via-Weibo-180x120.jpg 180w, https:\/\/thedriven.io\/wp-content\/uploads\/2025\/05\/BYD-Charging-via-Weibo-640x427.jpg 640w, https:\/\/thedriven.io\/wp-content\/uploads\/2025\/05\/BYD-Charging-via-Weibo-1120x747.jpg 1120w, https:\/\/thedriven.io\/wp-content\/uploads\/2025\/05\/BYD-Charging-via-Weibo-300x200.jpg 300w\" sizes=\"auto, (max-width: 1160px) 100vw, 1160px\"\/><figcaption id=\"caption-attachment-187338\" class=\"wp-caption-text\">Vaizdas: BYD per Weibo<\/figcaption><\/figure>\n<p><span style=\"font-weight: 400;\">\u0160ie automobiliai yra su naujausia \u201eBYD\u201c \u201eBlade\u201c akumuliatori\u0173 sistema, ai\u0161kiai sukurta ypa\u010d didel\u0117ms DC \u012fkrovimui i\u0161 t\u016bkstan\u010di\u0173 1 MW krovikli\u0173, kuriuos ji dislokuoja daugelyje Kinijos viet\u0173.<\/span><\/p>\n<p><span style=\"font-weight: 400;\">Tai u\u017esimin\u0117 apie tai, kad jo akumuliatori\u0173 technologijos ir \u012fkrovimo sistema neapsiribos \u0161iais modeliais, ta\u010diau ateityje ji taip pat bus supa\u017eindinta su kitomis, labiau masin\u0117s rinkos transporto priemon\u0117mis. <\/span><\/p>\n<p><span style=\"font-weight: 400;\">Nors kietojo k\u016bno akumuliatori\u0173 laukimas t\u0119siasi, kai Kinijoje vyko ankstyvieji kelio bandymai, akivaizdu, kad akumuliatori\u0173 rinka mato laipsni\u0161kus poslinkius.<\/span><\/p>\n<p><span style=\"font-weight: 400;\">Tai svyruoja nuo energijos tankio pagerinimo, greitesni\u0173 \u012fkrovimo galimybi\u0173, nauj\u0173 chemikal\u0173, skirt\u0173 \u012fperkamumui \u012f prieinamum\u0105, kur nebuvo pakankamai akcentuojama elektrifikacija. <\/span><\/p>\n<p><span style=\"font-weight: 400;\">\u201eBYD\u201c daugiausia d\u0117mesio skiriant \u201eNev\u201c rinkos dominavimui, kuriai remiasi akumuliatori\u0173 pa\u017eanga ir technologijos, tik laiko klausimas, kol nerimas nuo diapazono ir ledo transporto priemon\u0117s yra praeitis.<\/span><\/p>\n<div class=\"saboxplugin-wrap\" itemtype=\"http:\/\/schema.org\/Person\" itemscope=\"\" itemprop=\"author\">\n<div class=\"saboxplugin-tab\">\n<div class=\"saboxplugin-gravatar\"><img decoding=\"async\" width=\"100\" height=\"100\" alt=\"Rizas Akhtar\" itemprop=\"image\" loading=\"lazy\" class=\"native-lazyload-js-fallback\" src=\"https:\/\/b2232832.smushcdn.com\/2232832\/wp-content\/uploads\/2022\/02\/Riz.jpg?lossy=1&amp;strip=0&amp;webp=1\"\/><img loading=\"lazy\" decoding=\"async\" src=\"https:\/\/thedriven.io\/wp-content\/uploads\/2022\/02\/Riz.jpg\" width=\"100\" height=\"100\" alt=\"Rizas Akhtar\" itemprop=\"image\"\/><\/div>\n<div class=\"saboxplugin-desc\">\n<div itemprop=\"description\">\n<p>RIZ yra \u201eCarloop\u201c \u012fk\u016br\u0117jas, \u012fsik\u016br\u0119s Melburne, specializuojasi Australijos EV duomenyse, \u012f\u017evalgos ataskaitose ir tendencijose. Jis yra mechanikos in\u017einierius, prie\u0161 pradedant \u201eCarloop\u201c pirmuosius 7 savo karjeros statybos transporto infrastrukt\u016bros metus. Jis turi aistr\u0105 automobiliams, ypa\u010d EV ir nori pad\u0117ti suma\u017einti transporto i\u0161metim\u0105 Australijoje. \u0160iuo metu jis vairuoja \u201eRed Tesla\u201c model\u012f 3.<\/p>\n<\/div>\n<\/div>\n<\/div>\n<\/div>\n<p><!-- AI CONTENT END 1 --><\/p><\/div>\n<p><br \/>\n<br \/><a href=\"https:\/\/thedriven.io\/2025\/06\/22\/byd-tests-solid-state-battery-it-says-can-deliver-1500-km-ev-range\/\">Source link <\/a><\/p>\n","protected":false},"excerpt":{"rendered":"<p>Kinijos automobili\u0173 ir akumuliatori\u0173 mil\u017einas yra Prane\u0161ama, kad i\u0161band\u0117 pirm\u0105j\u0105 savo kietojo k\u016bno akumuliatori\u0173 BYD transporto priemon\u0117se Kinijoje, tod\u0117l galimas&hellip;<\/p>\n","protected":false},"author":1,"featured_media":1260,"comment_status":"open","ping_status":"open","sticky":false,"template":"","format":"standard","meta":{"om_disable_all_campaigns":false,"_monsterinsights_skip_tracking":false,"_monsterinsights_sitenote_active":false,"_monsterinsights_sitenote_note":"","_monsterinsights_sitenote_category":0,"footnotes":""},"categories":[39],"tags":[2546,11,1636,169,339,207,208,2547,636,986],"class_list":["post-1259","post","type-post","status-publish","format-standard","has-post-thumbnail","hentry","category-eautomobiliu-technine-puse","tag-akumuliatorius","tag-byd","tag-diapazona","tag-gali","tag-kad","tag-kietojo","tag-kuno","tag-pristatyti","tag-sako","tag-testas"],"aioseo_notices":[],"yoast_head":"<!-- This site is optimized with the Yoast SEO plugin v26.8 - https:\/\/yoast.com\/product\/yoast-seo-wordpress\/ -->\n<title>\u201eBYD\u201c testas kietojo k\u016bno akumuliatorius sako, kad gali pristatyti 1500 km EV diapazon\u0105 - Eautomobiliai.lt<\/title>\n<meta name=\"robots\" content=\"index, follow, max-snippet:-1, max-image-preview:large, max-video-preview:-1\" \/>\n<link rel=\"canonical\" href=\"http:\/\/eautomobiliai.lt\/index.php\/2025\/06\/22\/byd-testas-kietojo-kuno-akumuliatorius-sako-kad-gali-pristatyti-1500-km-ev-diapazona\/\" \/>\n<meta property=\"og:locale\" content=\"lt_LT\" \/>\n<meta property=\"og:type\" content=\"article\" \/>\n<meta property=\"og:title\" content=\"\u201eBYD\u201c testas kietojo k\u016bno akumuliatorius sako, kad gali pristatyti 1500 km EV diapazon\u0105 - Eautomobiliai.lt\" \/>\n<meta property=\"og:description\" content=\"Kinijos automobili\u0173 ir akumuliatori\u0173 mil\u017einas yra Prane\u0161ama, kad i\u0161band\u0117 pirm\u0105j\u0105 savo kietojo k\u016bno akumuliatori\u0173 BYD transporto priemon\u0117se Kinijoje, tod\u0117l galimas&hellip;\" \/>\n<meta property=\"og:url\" content=\"http:\/\/eautomobiliai.lt\/index.php\/2025\/06\/22\/byd-testas-kietojo-kuno-akumuliatorius-sako-kad-gali-pristatyti-1500-km-ev-diapazona\/\" \/>\n<meta property=\"og:site_name\" content=\"Eautomobiliai.lt\" \/>\n<meta property=\"article:published_time\" content=\"2025-06-22T08:19:09+00:00\" \/>\n<meta property=\"og:image\" content=\"http:\/\/eautomobiliai.lt\/wp-content\/uploads\/2025\/06\/\u201eBYD-testas-kietojo-kuno-akumuliatorius-sako-kad-gali-pristatyti-1500.jpg\" \/>\n\t<meta property=\"og:image:width\" content=\"1280\" \/>\n\t<meta property=\"og:image:height\" content=\"854\" \/>\n\t<meta property=\"og:image:type\" content=\"image\/jpeg\" \/>\n<meta name=\"author\" content=\"admin\" \/>\n<meta name=\"twitter:card\" content=\"summary_large_image\" \/>\n<meta name=\"twitter:label1\" content=\"Written by\" \/>\n\t<meta name=\"twitter:data1\" content=\"admin\" \/>\n\t<meta name=\"twitter:label2\" content=\"Est. reading time\" \/>\n\t<meta name=\"twitter:data2\" content=\"2 minut\u0117s\" \/>\n<script type=\"application\/ld+json\" class=\"yoast-schema-graph\">{\"@context\":\"https:\/\/schema.org\",\"@graph\":[{\"@type\":\"Article\",\"@id\":\"http:\/\/eautomobiliai.lt\/index.php\/2025\/06\/22\/byd-testas-kietojo-kuno-akumuliatorius-sako-kad-gali-pristatyti-1500-km-ev-diapazona\/#article\",\"isPartOf\":{\"@id\":\"http:\/\/eautomobiliai.lt\/index.php\/2025\/06\/22\/byd-testas-kietojo-kuno-akumuliatorius-sako-kad-gali-pristatyti-1500-km-ev-diapazona\/\"},\"author\":{\"name\":\"admin\",\"@id\":\"http:\/\/eautomobiliai.lt\/#\/schema\/person\/ecf2a967f361217d056061f74deb92f2\"},\"headline\":\"\u201eBYD\u201c testas kietojo k\u016bno akumuliatorius sako, kad gali pristatyti 1500 km EV diapazon\u0105\",\"datePublished\":\"2025-06-22T08:19:09+00:00\",\"mainEntityOfPage\":{\"@id\":\"http:\/\/eautomobiliai.lt\/index.php\/2025\/06\/22\/byd-testas-kietojo-kuno-akumuliatorius-sako-kad-gali-pristatyti-1500-km-ev-diapazona\/\"},\"wordCount\":448,\"commentCount\":0,\"image\":{\"@id\":\"http:\/\/eautomobiliai.lt\/index.php\/2025\/06\/22\/byd-testas-kietojo-kuno-akumuliatorius-sako-kad-gali-pristatyti-1500-km-ev-diapazona\/#primaryimage\"},\"thumbnailUrl\":\"http:\/\/eautomobiliai.lt\/wp-content\/uploads\/2025\/06\/\u201eBYD-testas-kietojo-kuno-akumuliatorius-sako-kad-gali-pristatyti-1500.jpg\",\"keywords\":[\"akumuliatorius\",\"BYD\",\"diapazon\u0105\",\"gali\",\"kad\",\"kietojo\",\"k\u016bno\",\"pristatyti\",\"sako\",\"testas\"],\"articleSection\":[\"eAUTOMOBILI\u0172 TECHNIN\u0116 PUS\u0116\"],\"inLanguage\":\"lt-LT\",\"potentialAction\":[{\"@type\":\"CommentAction\",\"name\":\"Comment\",\"target\":[\"http:\/\/eautomobiliai.lt\/index.php\/2025\/06\/22\/byd-testas-kietojo-kuno-akumuliatorius-sako-kad-gali-pristatyti-1500-km-ev-diapazona\/#respond\"]}]},{\"@type\":\"WebPage\",\"@id\":\"http:\/\/eautomobiliai.lt\/index.php\/2025\/06\/22\/byd-testas-kietojo-kuno-akumuliatorius-sako-kad-gali-pristatyti-1500-km-ev-diapazona\/\",\"url\":\"http:\/\/eautomobiliai.lt\/index.php\/2025\/06\/22\/byd-testas-kietojo-kuno-akumuliatorius-sako-kad-gali-pristatyti-1500-km-ev-diapazona\/\",\"name\":\"\u201eBYD\u201c testas kietojo k\u016bno akumuliatorius sako, kad gali pristatyti 1500 km EV diapazon\u0105 - Eautomobiliai.lt\",\"isPartOf\":{\"@id\":\"http:\/\/eautomobiliai.lt\/#website\"},\"primaryImageOfPage\":{\"@id\":\"http:\/\/eautomobiliai.lt\/index.php\/2025\/06\/22\/byd-testas-kietojo-kuno-akumuliatorius-sako-kad-gali-pristatyti-1500-km-ev-diapazona\/#primaryimage\"},\"image\":{\"@id\":\"http:\/\/eautomobiliai.lt\/index.php\/2025\/06\/22\/byd-testas-kietojo-kuno-akumuliatorius-sako-kad-gali-pristatyti-1500-km-ev-diapazona\/#primaryimage\"},\"thumbnailUrl\":\"http:\/\/eautomobiliai.lt\/wp-content\/uploads\/2025\/06\/\u201eBYD-testas-kietojo-kuno-akumuliatorius-sako-kad-gali-pristatyti-1500.jpg\",\"datePublished\":\"2025-06-22T08:19:09+00:00\",\"author\":{\"@id\":\"http:\/\/eautomobiliai.lt\/#\/schema\/person\/ecf2a967f361217d056061f74deb92f2\"},\"breadcrumb\":{\"@id\":\"http:\/\/eautomobiliai.lt\/index.php\/2025\/06\/22\/byd-testas-kietojo-kuno-akumuliatorius-sako-kad-gali-pristatyti-1500-km-ev-diapazona\/#breadcrumb\"},\"inLanguage\":\"lt-LT\",\"potentialAction\":[{\"@type\":\"ReadAction\",\"target\":[\"http:\/\/eautomobiliai.lt\/index.php\/2025\/06\/22\/byd-testas-kietojo-kuno-akumuliatorius-sako-kad-gali-pristatyti-1500-km-ev-diapazona\/\"]}]},{\"@type\":\"ImageObject\",\"inLanguage\":\"lt-LT\",\"@id\":\"http:\/\/eautomobiliai.lt\/index.php\/2025\/06\/22\/byd-testas-kietojo-kuno-akumuliatorius-sako-kad-gali-pristatyti-1500-km-ev-diapazona\/#primaryimage\",\"url\":\"http:\/\/eautomobiliai.lt\/wp-content\/uploads\/2025\/06\/\u201eBYD-testas-kietojo-kuno-akumuliatorius-sako-kad-gali-pristatyti-1500.jpg\",\"contentUrl\":\"http:\/\/eautomobiliai.lt\/wp-content\/uploads\/2025\/06\/\u201eBYD-testas-kietojo-kuno-akumuliatorius-sako-kad-gali-pristatyti-1500.jpg\",\"width\":1280,\"height\":854},{\"@type\":\"BreadcrumbList\",\"@id\":\"http:\/\/eautomobiliai.lt\/index.php\/2025\/06\/22\/byd-testas-kietojo-kuno-akumuliatorius-sako-kad-gali-pristatyti-1500-km-ev-diapazona\/#breadcrumb\",\"itemListElement\":[{\"@type\":\"ListItem\",\"position\":1,\"name\":\"Home\",\"item\":\"http:\/\/eautomobiliai.lt\/\"},{\"@type\":\"ListItem\",\"position\":2,\"name\":\"\u201eBYD\u201c testas kietojo k\u016bno akumuliatorius sako, kad gali pristatyti 1500 km EV diapazon\u0105\"}]},{\"@type\":\"WebSite\",\"@id\":\"http:\/\/eautomobiliai.lt\/#website\",\"url\":\"http:\/\/eautomobiliai.lt\/\",\"name\":\"Eautomobiliai.lt\",\"description\":\"Elektrinis transportas, technologijos\",\"potentialAction\":[{\"@type\":\"SearchAction\",\"target\":{\"@type\":\"EntryPoint\",\"urlTemplate\":\"http:\/\/eautomobiliai.lt\/?s={search_term_string}\"},\"query-input\":{\"@type\":\"PropertyValueSpecification\",\"valueRequired\":true,\"valueName\":\"search_term_string\"}}],\"inLanguage\":\"lt-LT\"},{\"@type\":\"Person\",\"@id\":\"http:\/\/eautomobiliai.lt\/#\/schema\/person\/ecf2a967f361217d056061f74deb92f2\",\"name\":\"admin\",\"image\":{\"@type\":\"ImageObject\",\"inLanguage\":\"lt-LT\",\"@id\":\"http:\/\/eautomobiliai.lt\/#\/schema\/person\/image\/\",\"url\":\"https:\/\/secure.gravatar.com\/avatar\/6323379efae0c70c686c7905444d6bbd?s=96&d=mm&r=g\",\"contentUrl\":\"https:\/\/secure.gravatar.com\/avatar\/6323379efae0c70c686c7905444d6bbd?s=96&d=mm&r=g\",\"caption\":\"admin\"},\"sameAs\":[\"http:\/\/eautomobiliai.lt\"],\"url\":\"http:\/\/eautomobiliai.lt\/index.php\/author\/admin\/\"}]}<\/script>\n<!-- \/ Yoast SEO plugin. -->","yoast_head_json":{"title":"\u201eBYD\u201c testas kietojo k\u016bno akumuliatorius sako, kad gali pristatyti 1500 km EV diapazon\u0105 - Eautomobiliai.lt","robots":{"index":"index","follow":"follow","max-snippet":"max-snippet:-1","max-image-preview":"max-image-preview:large","max-video-preview":"max-video-preview:-1"},"canonical":"http:\/\/eautomobiliai.lt\/index.php\/2025\/06\/22\/byd-testas-kietojo-kuno-akumuliatorius-sako-kad-gali-pristatyti-1500-km-ev-diapazona\/","og_locale":"lt_LT","og_type":"article","og_title":"\u201eBYD\u201c testas kietojo k\u016bno akumuliatorius sako, kad gali pristatyti 1500 km EV diapazon\u0105 - Eautomobiliai.lt","og_description":"Kinijos automobili\u0173 ir akumuliatori\u0173 mil\u017einas yra Prane\u0161ama, kad i\u0161band\u0117 pirm\u0105j\u0105 savo kietojo k\u016bno akumuliatori\u0173 BYD transporto priemon\u0117se Kinijoje, tod\u0117l galimas&hellip;","og_url":"http:\/\/eautomobiliai.lt\/index.php\/2025\/06\/22\/byd-testas-kietojo-kuno-akumuliatorius-sako-kad-gali-pristatyti-1500-km-ev-diapazona\/","og_site_name":"Eautomobiliai.lt","article_published_time":"2025-06-22T08:19:09+00:00","og_image":[{"width":1280,"height":854,"url":"http:\/\/eautomobiliai.lt\/wp-content\/uploads\/2025\/06\/\u201eBYD-testas-kietojo-kuno-akumuliatorius-sako-kad-gali-pristatyti-1500.jpg","type":"image\/jpeg"}],"author":"admin","twitter_card":"summary_large_image","twitter_misc":{"Written by":"admin","Est. reading time":"2 minut\u0117s"},"schema":{"@context":"https:\/\/schema.org","@graph":[{"@type":"Article","@id":"http:\/\/eautomobiliai.lt\/index.php\/2025\/06\/22\/byd-testas-kietojo-kuno-akumuliatorius-sako-kad-gali-pristatyti-1500-km-ev-diapazona\/#article","isPartOf":{"@id":"http:\/\/eautomobiliai.lt\/index.php\/2025\/06\/22\/byd-testas-kietojo-kuno-akumuliatorius-sako-kad-gali-pristatyti-1500-km-ev-diapazona\/"},"author":{"name":"admin","@id":"http:\/\/eautomobiliai.lt\/#\/schema\/person\/ecf2a967f361217d056061f74deb92f2"},"headline":"\u201eBYD\u201c testas kietojo k\u016bno akumuliatorius sako, kad gali pristatyti 1500 km EV diapazon\u0105","datePublished":"2025-06-22T08:19:09+00:00","mainEntityOfPage":{"@id":"http:\/\/eautomobiliai.lt\/index.php\/2025\/06\/22\/byd-testas-kietojo-kuno-akumuliatorius-sako-kad-gali-pristatyti-1500-km-ev-diapazona\/"},"wordCount":448,"commentCount":0,"image":{"@id":"http:\/\/eautomobiliai.lt\/index.php\/2025\/06\/22\/byd-testas-kietojo-kuno-akumuliatorius-sako-kad-gali-pristatyti-1500-km-ev-diapazona\/#primaryimage"},"thumbnailUrl":"http:\/\/eautomobiliai.lt\/wp-content\/uploads\/2025\/06\/\u201eBYD-testas-kietojo-kuno-akumuliatorius-sako-kad-gali-pristatyti-1500.jpg","keywords":["akumuliatorius","BYD","diapazon\u0105","gali","kad","kietojo","k\u016bno","pristatyti","sako","testas"],"articleSection":["eAUTOMOBILI\u0172 TECHNIN\u0116 PUS\u0116"],"inLanguage":"lt-LT","potentialAction":[{"@type":"CommentAction","name":"Comment","target":["http:\/\/eautomobiliai.lt\/index.php\/2025\/06\/22\/byd-testas-kietojo-kuno-akumuliatorius-sako-kad-gali-pristatyti-1500-km-ev-diapazona\/#respond"]}]},{"@type":"WebPage","@id":"http:\/\/eautomobiliai.lt\/index.php\/2025\/06\/22\/byd-testas-kietojo-kuno-akumuliatorius-sako-kad-gali-pristatyti-1500-km-ev-diapazona\/","url":"http:\/\/eautomobiliai.lt\/index.php\/2025\/06\/22\/byd-testas-kietojo-kuno-akumuliatorius-sako-kad-gali-pristatyti-1500-km-ev-diapazona\/","name":"\u201eBYD\u201c testas kietojo k\u016bno akumuliatorius sako, kad gali pristatyti 1500 km EV diapazon\u0105 - Eautomobiliai.lt","isPartOf":{"@id":"http:\/\/eautomobiliai.lt\/#website"},"primaryImageOfPage":{"@id":"http:\/\/eautomobiliai.lt\/index.php\/2025\/06\/22\/byd-testas-kietojo-kuno-akumuliatorius-sako-kad-gali-pristatyti-1500-km-ev-diapazona\/#primaryimage"},"image":{"@id":"http:\/\/eautomobiliai.lt\/index.php\/2025\/06\/22\/byd-testas-kietojo-kuno-akumuliatorius-sako-kad-gali-pristatyti-1500-km-ev-diapazona\/#primaryimage"},"thumbnailUrl":"http:\/\/eautomobiliai.lt\/wp-content\/uploads\/2025\/06\/\u201eBYD-testas-kietojo-kuno-akumuliatorius-sako-kad-gali-pristatyti-1500.jpg","datePublished":"2025-06-22T08:19:09+00:00","author":{"@id":"http:\/\/eautomobiliai.lt\/#\/schema\/person\/ecf2a967f361217d056061f74deb92f2"},"breadcrumb":{"@id":"http:\/\/eautomobiliai.lt\/index.php\/2025\/06\/22\/byd-testas-kietojo-kuno-akumuliatorius-sako-kad-gali-pristatyti-1500-km-ev-diapazona\/#breadcrumb"},"inLanguage":"lt-LT","potentialAction":[{"@type":"ReadAction","target":["http:\/\/eautomobiliai.lt\/index.php\/2025\/06\/22\/byd-testas-kietojo-kuno-akumuliatorius-sako-kad-gali-pristatyti-1500-km-ev-diapazona\/"]}]},{"@type":"ImageObject","inLanguage":"lt-LT","@id":"http:\/\/eautomobiliai.lt\/index.php\/2025\/06\/22\/byd-testas-kietojo-kuno-akumuliatorius-sako-kad-gali-pristatyti-1500-km-ev-diapazona\/#primaryimage","url":"http:\/\/eautomobiliai.lt\/wp-content\/uploads\/2025\/06\/\u201eBYD-testas-kietojo-kuno-akumuliatorius-sako-kad-gali-pristatyti-1500.jpg","contentUrl":"http:\/\/eautomobiliai.lt\/wp-content\/uploads\/2025\/06\/\u201eBYD-testas-kietojo-kuno-akumuliatorius-sako-kad-gali-pristatyti-1500.jpg","width":1280,"height":854},{"@type":"BreadcrumbList","@id":"http:\/\/eautomobiliai.lt\/index.php\/2025\/06\/22\/byd-testas-kietojo-kuno-akumuliatorius-sako-kad-gali-pristatyti-1500-km-ev-diapazona\/#breadcrumb","itemListElement":[{"@type":"ListItem","position":1,"name":"Home","item":"http:\/\/eautomobiliai.lt\/"},{"@type":"ListItem","position":2,"name":"\u201eBYD\u201c testas kietojo k\u016bno akumuliatorius sako, kad gali pristatyti 1500 km EV diapazon\u0105"}]},{"@type":"WebSite","@id":"http:\/\/eautomobiliai.lt\/#website","url":"http:\/\/eautomobiliai.lt\/","name":"Eautomobiliai.lt","description":"Elektrinis transportas, technologijos","potentialAction":[{"@type":"SearchAction","target":{"@type":"EntryPoint","urlTemplate":"http:\/\/eautomobiliai.lt\/?s={search_term_string}"},"query-input":{"@type":"PropertyValueSpecification","valueRequired":true,"valueName":"search_term_string"}}],"inLanguage":"lt-LT"},{"@type":"Person","@id":"http:\/\/eautomobiliai.lt\/#\/schema\/person\/ecf2a967f361217d056061f74deb92f2","name":"admin","image":{"@type":"ImageObject","inLanguage":"lt-LT","@id":"http:\/\/eautomobiliai.lt\/#\/schema\/person\/image\/","url":"https:\/\/secure.gravatar.com\/avatar\/6323379efae0c70c686c7905444d6bbd?s=96&d=mm&r=g","contentUrl":"https:\/\/secure.gravatar.com\/avatar\/6323379efae0c70c686c7905444d6bbd?s=96&d=mm&r=g","caption":"admin"},"sameAs":["http:\/\/eautomobiliai.lt"],"url":"http:\/\/eautomobiliai.lt\/index.php\/author\/admin\/"}]}},"_links":{"self":[{"href":"http:\/\/eautomobiliai.lt\/index.php\/wp-json\/wp\/v2\/posts\/1259","targetHints":{"allow":["GET"]}}],"collection":[{"href":"http:\/\/eautomobiliai.lt\/index.php\/wp-json\/wp\/v2\/posts"}],"about":[{"href":"http:\/\/eautomobiliai.lt\/index.php\/wp-json\/wp\/v2\/types\/post"}],"author":[{"embeddable":true,"href":"http:\/\/eautomobiliai.lt\/index.php\/wp-json\/wp\/v2\/users\/1"}],"replies":[{"embeddable":true,"href":"http:\/\/eautomobiliai.lt\/index.php\/wp-json\/wp\/v2\/comments?post=1259"}],"version-history":[{"count":0,"href":"http:\/\/eautomobiliai.lt\/index.php\/wp-json\/wp\/v2\/posts\/1259\/revisions"}],"wp:featuredmedia":[{"embeddable":true,"href":"http:\/\/eautomobiliai.lt\/index.php\/wp-json\/wp\/v2\/media\/1260"}],"wp:attachment":[{"href":"http:\/\/eautomobiliai.lt\/index.php\/wp-json\/wp\/v2\/media?parent=1259"}],"wp:term":[{"taxonomy":"category","embeddable":true,"href":"http:\/\/eautomobiliai.lt\/index.php\/wp-json\/wp\/v2\/categories?post=1259"},{"taxonomy":"post_tag","embeddable":true,"href":"http:\/\/eautomobiliai.lt\/index.php\/wp-json\/wp\/v2\/tags?post=1259"}],"curies":[{"name":"wp","href":"https:\/\/api.w.org\/{rel}","templated":true}]}}