{"id":1288,"date":"2025-06-24T20:13:44","date_gmt":"2025-06-24T20:13:44","guid":{"rendered":"http:\/\/eautomobiliai.lt\/index.php\/2025\/06\/24\/volkswagen-id-4-gaus-issamu-atnaujinima-su-nauja-isvaizda\/"},"modified":"2025-06-24T20:13:44","modified_gmt":"2025-06-24T20:13:44","slug":"volkswagen-id-4-gaus-issamu-atnaujinima-su-nauja-isvaizda","status":"publish","type":"post","link":"http:\/\/eautomobiliai.lt\/index.php\/2025\/06\/24\/volkswagen-id-4-gaus-issamu-atnaujinima-su-nauja-isvaizda\/","title":{"rendered":"\u201eVolkswagen ID.4\u201c gaus i\u0161sam\u0173 atnaujinim\u0105 su nauja i\u0161vaizda"},"content":{"rendered":"<p> <br \/>\n<\/p>\n<div>\n<figure class=\"img-border featured-image\">\n\t<\/figure>\n<p>\u201eVolkswagen\u201c elektrinis visureigis yra skirtas gauti plat\u0173 veido pak\u0117lim\u0105 tiek i\u0161 vidaus, tiek i\u0161 i\u0161or\u0117s. \u201eVolkswagen ID.4\u201c \u012fgis nauj\u0105 prek\u0117s \u017eenklo i\u0161vaizd\u0105, pana\u0161\u0173 \u012f b\u016bsim\u0105 pradinio lygio ID.2. \u0160tai k\u0105 mes \u017einome iki \u0161iol.<\/p>\n<p><span id=\"more-421994\"\/><\/p>\n<h2 class=\"wp-block-heading\" id=\"h-volkswagen-id-4-due-for-a-major-refresh-with-a-new-look\">\u201eVolkswagen ID.4\u201c moka u\u017e didel\u012f atnaujinim\u0105 su nauja i\u0161vaizda<\/h2>\n<p>ID.4 jau bus skirtas antrajam pagrindiniam atnaujinimui. Jis sulauk\u0117 reik\u0161ming\u0173 2024 modelio met\u0173 atnaujinim\u0173, ta\u010diau \u201eVolkswagen\u201c planuoja pertvarkyti elektrin\u012f visureig\u012f, kad jis suderint\u0173 su naujais elektriniais modeliais.<\/p>\n<p>Kaip ir \u201eID.2all\u201c koncepcija, pirm\u0105 kart\u0105 atidengta 2023 m., Naujajame ID.4 bus rodoma nauja \u201eVolkswagen\u201c dizaino kalba su atnaujinta priekine dalimi, galinga pozicija ir \u0161vari\u0173 simboli\u0173 linijos.<\/p>\n<p>Pasak \u201eVW\u201c technikos boso, Kai Gr\u00fcnitz, pirmoji transporto priemon\u0117, kuriai bus gauta atnaujinimai, bus ID.3 kitais metais, o po to &#8211; ID.4. Gr\u00fcnitz pasakojo <em>Autocar<\/em> Tai, kad nauja i\u0161vaizda apims \u201e\u017eemesn\u0119 ir prit\u016bpusi\u0105 pozicij\u0105\u201c, suteikiant jai \u201e\u0161eimos pana\u0161um\u0105 \u012f ID.2\u201c.<\/p>\n<p>\t<span class=\"outbrain-ad-label\">Skelbimas &#8211; slinkite daugiau turinio<\/span><\/p>\n<p>Pirm\u0105 kart\u0105 \u201eVW\u201c technologij\u0173 bosas taip pat patvirtino, kad pakeitimai apims interjero kapitalin\u012f remont\u0105, \u012fskaitant nauj\u0105 prietais\u0173 skydel\u012f. \u201eVolkswagen\u201c taip pat planuoja sugr\u0105\u017einti fizinius mygtukus.<\/p>\n<figure class=\"wp-block-image alignwide size-large\"><img loading=\"lazy\" decoding=\"async\" height=\"512\" width=\"1024\" src=\"https:\/\/electrek.co\/wp-content\/uploads\/sites\/3\/2023\/03\/VW-ID.-2all.jpeg?quality=82&amp;strip=all&amp;w=1024\" alt=\"\u201eVolkswagen-ID.4\u201c \u017evilgsnis\" class=\"wp-image-288198\" srcset=\"https:\/\/electrek.co\/wp-content\/uploads\/sites\/3\/2023\/03\/VW-ID.-2all.jpeg 1400w, https:\/\/electrek.co\/wp-content\/uploads\/sites\/3\/2023\/03\/VW-ID.-2all.jpeg?resize=150,75 150w, https:\/\/electrek.co\/wp-content\/uploads\/sites\/3\/2023\/03\/VW-ID.-2all.jpeg?resize=300,150 300w, https:\/\/electrek.co\/wp-content\/uploads\/sites\/3\/2023\/03\/VW-ID.-2all.jpeg?resize=768,384 768w, https:\/\/electrek.co\/wp-content\/uploads\/sites\/3\/2023\/03\/VW-ID.-2all.jpeg?resize=1024,512 1024w, https:\/\/electrek.co\/wp-content\/uploads\/sites\/3\/2023\/03\/VW-ID.-2all.jpeg?resize=350,175 350w, https:\/\/electrek.co\/wp-content\/uploads\/sites\/3\/2023\/03\/VW-ID.-2all.jpeg?resize=140,70 140w, https:\/\/electrek.co\/wp-content\/uploads\/sites\/3\/2023\/03\/VW-ID.-2all.jpeg?resize=290,145 290w\" sizes=\"auto, (max-width: 1024px) 100vw, 1024px\"\/><figcaption class=\"wp-element-caption\">\u201eVolkswagen ID.2all\u201c koncepcija (\u0161altinis: \u201eVolkswagen\u201c)<\/figcaption><\/figure>\n<p>\u201eMes sugr\u0105\u017einsime apvali\u0105 t\u016brio valdymo ranken\u0117l\u0119\u201c, &#8211; teig\u0117 vie\u0161ai neatskleista informacija (per <em>Autocar<\/em>), pridurdamas, kad \u201eji dirbo daugel\u012f met\u0173, n\u0117ra jokios prie\u017easties j\u012f pakeisti\u201c.<\/p>\n<p>Mes pasl\u0117p\u0117me, kaip interjeras atrodys su ID.2All. Atskleid\u0119s pirmuosius interjero vaizdus 2023 m., Andreas Mindt, \u201eVW\u201c keleivi\u0173 automobili\u0173 vadovo dizaineris sak\u0117: \u201e\u201e Volkswagen Interiors \u201cateitis \u012f\u201e ID 2all \u201ckoncepcijos automobil\u012f atvyko.\u201c<\/p>\n<figure class=\"wp-block-image alignwide size-large\"><img loading=\"lazy\" decoding=\"async\" height=\"512\" width=\"1024\" src=\"https:\/\/electrek.co\/wp-content\/uploads\/sites\/3\/2023\/12\/Volkswagen-Id-2all-interior.jpeg?quality=82&amp;strip=all&amp;w=1024\" alt=\"\u201eVolkswagen-ID.2-EV-Interior\u201c\" class=\"wp-image-341822\" srcset=\"https:\/\/electrek.co\/wp-content\/uploads\/sites\/3\/2023\/12\/Volkswagen-Id-2all-interior.jpeg 1400w, https:\/\/electrek.co\/wp-content\/uploads\/sites\/3\/2023\/12\/Volkswagen-Id-2all-interior.jpeg?resize=150,75 150w, https:\/\/electrek.co\/wp-content\/uploads\/sites\/3\/2023\/12\/Volkswagen-Id-2all-interior.jpeg?resize=300,150 300w, https:\/\/electrek.co\/wp-content\/uploads\/sites\/3\/2023\/12\/Volkswagen-Id-2all-interior.jpeg?resize=768,384 768w, https:\/\/electrek.co\/wp-content\/uploads\/sites\/3\/2023\/12\/Volkswagen-Id-2all-interior.jpeg?resize=1024,512 1024w, https:\/\/electrek.co\/wp-content\/uploads\/sites\/3\/2023\/12\/Volkswagen-Id-2all-interior.jpeg?resize=350,175 350w, https:\/\/electrek.co\/wp-content\/uploads\/sites\/3\/2023\/12\/Volkswagen-Id-2all-interior.jpeg?resize=140,70 140w, https:\/\/electrek.co\/wp-content\/uploads\/sites\/3\/2023\/12\/Volkswagen-Id-2all-interior.jpeg?resize=290,145 290w\" sizes=\"auto, (max-width: 1024px) 100vw, 1024px\"\/><figcaption class=\"wp-element-caption\">\u201eVolkswagen&#8217;s ID 2all EV\u201c interjeras (\u0161altinis: VW)<\/figcaption><\/figure>\n<p>Tur\u0117sime palaukti, kad su\u017einotume galutines specifikacijas. Ta\u010diau tikimasi, kad naujasis ID.4 pasieks padid\u0117jus\u012f diapazon\u0105 ir na\u0161um\u0105, nes VW pa\u017evelgia \u012f naujus elektrinius variklius, baterijas ir kitas EV technologijas.<\/p>\n<p>ID.3 bus pirmasis \u201eVolkswagen\u201c, kuris gaus nauj\u0105 vaizd\u0105 2026 m. Antroje pus\u0117je, o v\u0117liau &#8211; ID.4 v\u0117liau \u0161iais metais.<\/p>\n<figure class=\"wp-block-image alignwide size-large\"><img loading=\"lazy\" decoding=\"async\" height=\"512\" width=\"1024\" src=\"https:\/\/electrek.co\/wp-content\/uploads\/sites\/3\/2025\/04\/Volkswagens-ID.1-EV.jpeg?quality=82&amp;strip=all&amp;w=1024\" alt=\"\u201eVolkswagen-ID.1-Labe-Affordable-ev\u201c\" class=\"wp-image-410343\" srcset=\"https:\/\/electrek.co\/wp-content\/uploads\/sites\/3\/2025\/04\/Volkswagens-ID.1-EV.jpeg 1400w, https:\/\/electrek.co\/wp-content\/uploads\/sites\/3\/2025\/04\/Volkswagens-ID.1-EV.jpeg?resize=150,75 150w, https:\/\/electrek.co\/wp-content\/uploads\/sites\/3\/2025\/04\/Volkswagens-ID.1-EV.jpeg?resize=300,150 300w, https:\/\/electrek.co\/wp-content\/uploads\/sites\/3\/2025\/04\/Volkswagens-ID.1-EV.jpeg?resize=768,384 768w, https:\/\/electrek.co\/wp-content\/uploads\/sites\/3\/2025\/04\/Volkswagens-ID.1-EV.jpeg?resize=1024,512 1024w, https:\/\/electrek.co\/wp-content\/uploads\/sites\/3\/2025\/04\/Volkswagens-ID.1-EV.jpeg?resize=350,175 350w, https:\/\/electrek.co\/wp-content\/uploads\/sites\/3\/2025\/04\/Volkswagens-ID.1-EV.jpeg?resize=140,70 140w, https:\/\/electrek.co\/wp-content\/uploads\/sites\/3\/2025\/04\/Volkswagens-ID.1-EV.jpeg?resize=290,145 290w\" sizes=\"auto, (max-width: 1024px) 100vw, 1024px\"\/><figcaption class=\"wp-element-caption\">\u201eVolkswagen ID.Every1 World Premier\u201c (\u0161altinis: VW)<\/figcaption><\/figure>\n<p>\u201eVolkswagen\u201c pristatys ID.2 gamybos versij\u0105, pradedant nauj\u0105 pradinio lygio EV serij\u0105. ID.2 visureigio versija ir ma\u017eesnis, pigesnis ID.1 netrukus po to prisijungs prie sud\u0117ties.<\/p>\n<p>JAV 2025 m. \u201eVolkswagen Id.4\u201c prasideda nuo 45 095 USD, o EPA \u012fvertintas diapazonas yra 291 mylios. Europoje ID.4 prasideda ma\u017edaug nuo 35 000 eur\u0173 (41 000 USD), o WLTP diapazonas yra iki 550 km (342 myli\u0173).<\/p>\n<p><em>Norite patys i\u0161bandyti elektrin\u012f visureig\u012f? Galite naudoti m\u016bs\u0173 nuorod\u0105, nor\u0117dami rasti \u201eVolkswagen ID.4\u201c modelius \u0161alia j\u016bs\u0173 (patikima filialo nuoroda).<\/em><\/p>\n<div class=\"ad-disclaimer-container\">\n<p class=\"disclaimer-affiliate\"><em>FPK: Mes naudojame pajamas gaunan\u010dias automatinio filialo nuorodas.<\/em> Daugiau.<\/p>\n<p><!-- post ad --><\/div>\n<\/p><\/div>\n<p><br \/>\n<br \/><a href=\"https:\/\/electrek.co\/2025\/06\/24\/volkswagen-id-4-extensive-update-with-new-look\/\">Source link <\/a><\/p>\n","protected":false},"excerpt":{"rendered":"<p>\u201eVolkswagen\u201c elektrinis visureigis yra skirtas gauti plat\u0173 veido pak\u0117lim\u0105 tiek i\u0161 vidaus, tiek i\u0161 i\u0161or\u0117s. \u201eVolkswagen ID.4\u201c \u012fgis nauj\u0105 prek\u0117s&hellip;<\/p>\n","protected":false},"author":1,"featured_media":1289,"comment_status":"open","ping_status":"open","sticky":false,"template":"","format":"standard","meta":{"om_disable_all_campaigns":false,"_monsterinsights_skip_tracking":false,"_monsterinsights_sitenote_active":false,"_monsterinsights_sitenote_note":"","_monsterinsights_sitenote_category":0,"footnotes":""},"categories":[8],"tags":[1549,2602,2601,2603,2604,556,171],"class_list":["post-1288","post","type-post","status-publish","format-standard","has-post-thumbnail","hentry","category-elektriniai-automobiliai","tag-atnaujinima","tag-gaus","tag-id-4","tag-issamu","tag-isvaizda","tag-nauja","tag-volkswagen"],"aioseo_notices":[],"yoast_head":"<!-- This site is optimized with the Yoast SEO plugin v26.8 - https:\/\/yoast.com\/product\/yoast-seo-wordpress\/ -->\n<title>\u201eVolkswagen ID.4\u201c gaus i\u0161sam\u0173 atnaujinim\u0105 su nauja i\u0161vaizda - Eautomobiliai.lt<\/title>\n<meta name=\"robots\" content=\"index, follow, max-snippet:-1, max-image-preview:large, max-video-preview:-1\" \/>\n<link rel=\"canonical\" href=\"http:\/\/eautomobiliai.lt\/index.php\/2025\/06\/24\/volkswagen-id-4-gaus-issamu-atnaujinima-su-nauja-isvaizda\/\" \/>\n<meta property=\"og:locale\" content=\"lt_LT\" \/>\n<meta property=\"og:type\" content=\"article\" \/>\n<meta property=\"og:title\" content=\"\u201eVolkswagen ID.4\u201c gaus i\u0161sam\u0173 atnaujinim\u0105 su nauja i\u0161vaizda - Eautomobiliai.lt\" \/>\n<meta property=\"og:description\" content=\"\u201eVolkswagen\u201c elektrinis visureigis yra skirtas gauti plat\u0173 veido pak\u0117lim\u0105 tiek i\u0161 vidaus, tiek i\u0161 i\u0161or\u0117s. \u201eVolkswagen ID.4\u201c \u012fgis nauj\u0105 prek\u0117s&hellip;\" \/>\n<meta property=\"og:url\" content=\"http:\/\/eautomobiliai.lt\/index.php\/2025\/06\/24\/volkswagen-id-4-gaus-issamu-atnaujinima-su-nauja-isvaizda\/\" \/>\n<meta property=\"og:site_name\" content=\"Eautomobiliai.lt\" \/>\n<meta property=\"article:published_time\" content=\"2025-06-24T20:13:44+00:00\" \/>\n<meta property=\"og:image\" content=\"http:\/\/eautomobiliai.lt\/wp-content\/uploads\/2025\/06\/\u201eVolkswagen-ID4-gaus-issamu-atnaujinima-su-nauja-isvaizda.jpeg\" \/>\n\t<meta property=\"og:image:width\" content=\"1200\" \/>\n\t<meta property=\"og:image:height\" content=\"628\" \/>\n\t<meta property=\"og:image:type\" content=\"image\/jpeg\" \/>\n<meta name=\"author\" content=\"admin\" \/>\n<meta name=\"twitter:card\" content=\"summary_large_image\" \/>\n<meta name=\"twitter:label1\" content=\"Written by\" \/>\n\t<meta name=\"twitter:data1\" content=\"admin\" \/>\n\t<meta name=\"twitter:label2\" content=\"Est. reading time\" \/>\n\t<meta name=\"twitter:data2\" content=\"2 minut\u0117s\" \/>\n<script type=\"application\/ld+json\" class=\"yoast-schema-graph\">{\"@context\":\"https:\/\/schema.org\",\"@graph\":[{\"@type\":\"Article\",\"@id\":\"http:\/\/eautomobiliai.lt\/index.php\/2025\/06\/24\/volkswagen-id-4-gaus-issamu-atnaujinima-su-nauja-isvaizda\/#article\",\"isPartOf\":{\"@id\":\"http:\/\/eautomobiliai.lt\/index.php\/2025\/06\/24\/volkswagen-id-4-gaus-issamu-atnaujinima-su-nauja-isvaizda\/\"},\"author\":{\"name\":\"admin\",\"@id\":\"https:\/\/eautomobiliai.lt\/#\/schema\/person\/ecf2a967f361217d056061f74deb92f2\"},\"headline\":\"\u201eVolkswagen ID.4\u201c gaus i\u0161sam\u0173 atnaujinim\u0105 su nauja i\u0161vaizda\",\"datePublished\":\"2025-06-24T20:13:44+00:00\",\"mainEntityOfPage\":{\"@id\":\"http:\/\/eautomobiliai.lt\/index.php\/2025\/06\/24\/volkswagen-id-4-gaus-issamu-atnaujinima-su-nauja-isvaizda\/\"},\"wordCount\":417,\"commentCount\":0,\"image\":{\"@id\":\"http:\/\/eautomobiliai.lt\/index.php\/2025\/06\/24\/volkswagen-id-4-gaus-issamu-atnaujinima-su-nauja-isvaizda\/#primaryimage\"},\"thumbnailUrl\":\"http:\/\/eautomobiliai.lt\/wp-content\/uploads\/2025\/06\/\u201eVolkswagen-ID4-gaus-issamu-atnaujinima-su-nauja-isvaizda.jpeg\",\"keywords\":[\"atnaujinim\u0105\",\"gaus\",\"ID.4\",\"i\u0161sam\u0173\",\"i\u0161vaizda\",\"Nauja\",\"Volkswagen\"],\"articleSection\":[\"ELEKTRINIAI AUTOMOBILIAI\"],\"inLanguage\":\"lt-LT\",\"potentialAction\":[{\"@type\":\"CommentAction\",\"name\":\"Comment\",\"target\":[\"http:\/\/eautomobiliai.lt\/index.php\/2025\/06\/24\/volkswagen-id-4-gaus-issamu-atnaujinima-su-nauja-isvaizda\/#respond\"]}]},{\"@type\":\"WebPage\",\"@id\":\"http:\/\/eautomobiliai.lt\/index.php\/2025\/06\/24\/volkswagen-id-4-gaus-issamu-atnaujinima-su-nauja-isvaizda\/\",\"url\":\"http:\/\/eautomobiliai.lt\/index.php\/2025\/06\/24\/volkswagen-id-4-gaus-issamu-atnaujinima-su-nauja-isvaizda\/\",\"name\":\"\u201eVolkswagen ID.4\u201c gaus i\u0161sam\u0173 atnaujinim\u0105 su nauja i\u0161vaizda - Eautomobiliai.lt\",\"isPartOf\":{\"@id\":\"https:\/\/eautomobiliai.lt\/#website\"},\"primaryImageOfPage\":{\"@id\":\"http:\/\/eautomobiliai.lt\/index.php\/2025\/06\/24\/volkswagen-id-4-gaus-issamu-atnaujinima-su-nauja-isvaizda\/#primaryimage\"},\"image\":{\"@id\":\"http:\/\/eautomobiliai.lt\/index.php\/2025\/06\/24\/volkswagen-id-4-gaus-issamu-atnaujinima-su-nauja-isvaizda\/#primaryimage\"},\"thumbnailUrl\":\"http:\/\/eautomobiliai.lt\/wp-content\/uploads\/2025\/06\/\u201eVolkswagen-ID4-gaus-issamu-atnaujinima-su-nauja-isvaizda.jpeg\",\"datePublished\":\"2025-06-24T20:13:44+00:00\",\"author\":{\"@id\":\"https:\/\/eautomobiliai.lt\/#\/schema\/person\/ecf2a967f361217d056061f74deb92f2\"},\"breadcrumb\":{\"@id\":\"http:\/\/eautomobiliai.lt\/index.php\/2025\/06\/24\/volkswagen-id-4-gaus-issamu-atnaujinima-su-nauja-isvaizda\/#breadcrumb\"},\"inLanguage\":\"lt-LT\",\"potentialAction\":[{\"@type\":\"ReadAction\",\"target\":[\"http:\/\/eautomobiliai.lt\/index.php\/2025\/06\/24\/volkswagen-id-4-gaus-issamu-atnaujinima-su-nauja-isvaizda\/\"]}]},{\"@type\":\"ImageObject\",\"inLanguage\":\"lt-LT\",\"@id\":\"http:\/\/eautomobiliai.lt\/index.php\/2025\/06\/24\/volkswagen-id-4-gaus-issamu-atnaujinima-su-nauja-isvaizda\/#primaryimage\",\"url\":\"http:\/\/eautomobiliai.lt\/wp-content\/uploads\/2025\/06\/\u201eVolkswagen-ID4-gaus-issamu-atnaujinima-su-nauja-isvaizda.jpeg\",\"contentUrl\":\"http:\/\/eautomobiliai.lt\/wp-content\/uploads\/2025\/06\/\u201eVolkswagen-ID4-gaus-issamu-atnaujinima-su-nauja-isvaizda.jpeg\",\"width\":1200,\"height\":628},{\"@type\":\"BreadcrumbList\",\"@id\":\"http:\/\/eautomobiliai.lt\/index.php\/2025\/06\/24\/volkswagen-id-4-gaus-issamu-atnaujinima-su-nauja-isvaizda\/#breadcrumb\",\"itemListElement\":[{\"@type\":\"ListItem\",\"position\":1,\"name\":\"Home\",\"item\":\"https:\/\/eautomobiliai.lt\/\"},{\"@type\":\"ListItem\",\"position\":2,\"name\":\"\u201eVolkswagen ID.4\u201c gaus i\u0161sam\u0173 atnaujinim\u0105 su nauja i\u0161vaizda\"}]},{\"@type\":\"WebSite\",\"@id\":\"https:\/\/eautomobiliai.lt\/#website\",\"url\":\"https:\/\/eautomobiliai.lt\/\",\"name\":\"Eautomobiliai.lt\",\"description\":\"Elektrinis transportas, technologijos\",\"potentialAction\":[{\"@type\":\"SearchAction\",\"target\":{\"@type\":\"EntryPoint\",\"urlTemplate\":\"https:\/\/eautomobiliai.lt\/?s={search_term_string}\"},\"query-input\":{\"@type\":\"PropertyValueSpecification\",\"valueRequired\":true,\"valueName\":\"search_term_string\"}}],\"inLanguage\":\"lt-LT\"},{\"@type\":\"Person\",\"@id\":\"https:\/\/eautomobiliai.lt\/#\/schema\/person\/ecf2a967f361217d056061f74deb92f2\",\"name\":\"admin\",\"image\":{\"@type\":\"ImageObject\",\"inLanguage\":\"lt-LT\",\"@id\":\"https:\/\/eautomobiliai.lt\/#\/schema\/person\/image\/\",\"url\":\"https:\/\/secure.gravatar.com\/avatar\/6323379efae0c70c686c7905444d6bbd?s=96&d=mm&r=g\",\"contentUrl\":\"https:\/\/secure.gravatar.com\/avatar\/6323379efae0c70c686c7905444d6bbd?s=96&d=mm&r=g\",\"caption\":\"admin\"},\"sameAs\":[\"http:\/\/eautomobiliai.lt\"],\"url\":\"http:\/\/eautomobiliai.lt\/index.php\/author\/admin\/\"}]}<\/script>\n<!-- \/ Yoast SEO plugin. -->","yoast_head_json":{"title":"\u201eVolkswagen ID.4\u201c gaus i\u0161sam\u0173 atnaujinim\u0105 su nauja i\u0161vaizda - Eautomobiliai.lt","robots":{"index":"index","follow":"follow","max-snippet":"max-snippet:-1","max-image-preview":"max-image-preview:large","max-video-preview":"max-video-preview:-1"},"canonical":"http:\/\/eautomobiliai.lt\/index.php\/2025\/06\/24\/volkswagen-id-4-gaus-issamu-atnaujinima-su-nauja-isvaizda\/","og_locale":"lt_LT","og_type":"article","og_title":"\u201eVolkswagen ID.4\u201c gaus i\u0161sam\u0173 atnaujinim\u0105 su nauja i\u0161vaizda - Eautomobiliai.lt","og_description":"\u201eVolkswagen\u201c elektrinis visureigis yra skirtas gauti plat\u0173 veido pak\u0117lim\u0105 tiek i\u0161 vidaus, tiek i\u0161 i\u0161or\u0117s. \u201eVolkswagen ID.4\u201c \u012fgis nauj\u0105 prek\u0117s&hellip;","og_url":"http:\/\/eautomobiliai.lt\/index.php\/2025\/06\/24\/volkswagen-id-4-gaus-issamu-atnaujinima-su-nauja-isvaizda\/","og_site_name":"Eautomobiliai.lt","article_published_time":"2025-06-24T20:13:44+00:00","og_image":[{"width":1200,"height":628,"url":"http:\/\/eautomobiliai.lt\/wp-content\/uploads\/2025\/06\/\u201eVolkswagen-ID4-gaus-issamu-atnaujinima-su-nauja-isvaizda.jpeg","type":"image\/jpeg"}],"author":"admin","twitter_card":"summary_large_image","twitter_misc":{"Written by":"admin","Est. reading time":"2 minut\u0117s"},"schema":{"@context":"https:\/\/schema.org","@graph":[{"@type":"Article","@id":"http:\/\/eautomobiliai.lt\/index.php\/2025\/06\/24\/volkswagen-id-4-gaus-issamu-atnaujinima-su-nauja-isvaizda\/#article","isPartOf":{"@id":"http:\/\/eautomobiliai.lt\/index.php\/2025\/06\/24\/volkswagen-id-4-gaus-issamu-atnaujinima-su-nauja-isvaizda\/"},"author":{"name":"admin","@id":"https:\/\/eautomobiliai.lt\/#\/schema\/person\/ecf2a967f361217d056061f74deb92f2"},"headline":"\u201eVolkswagen ID.4\u201c gaus i\u0161sam\u0173 atnaujinim\u0105 su nauja i\u0161vaizda","datePublished":"2025-06-24T20:13:44+00:00","mainEntityOfPage":{"@id":"http:\/\/eautomobiliai.lt\/index.php\/2025\/06\/24\/volkswagen-id-4-gaus-issamu-atnaujinima-su-nauja-isvaizda\/"},"wordCount":417,"commentCount":0,"image":{"@id":"http:\/\/eautomobiliai.lt\/index.php\/2025\/06\/24\/volkswagen-id-4-gaus-issamu-atnaujinima-su-nauja-isvaizda\/#primaryimage"},"thumbnailUrl":"http:\/\/eautomobiliai.lt\/wp-content\/uploads\/2025\/06\/\u201eVolkswagen-ID4-gaus-issamu-atnaujinima-su-nauja-isvaizda.jpeg","keywords":["atnaujinim\u0105","gaus","ID.4","i\u0161sam\u0173","i\u0161vaizda","Nauja","Volkswagen"],"articleSection":["ELEKTRINIAI AUTOMOBILIAI"],"inLanguage":"lt-LT","potentialAction":[{"@type":"CommentAction","name":"Comment","target":["http:\/\/eautomobiliai.lt\/index.php\/2025\/06\/24\/volkswagen-id-4-gaus-issamu-atnaujinima-su-nauja-isvaizda\/#respond"]}]},{"@type":"WebPage","@id":"http:\/\/eautomobiliai.lt\/index.php\/2025\/06\/24\/volkswagen-id-4-gaus-issamu-atnaujinima-su-nauja-isvaizda\/","url":"http:\/\/eautomobiliai.lt\/index.php\/2025\/06\/24\/volkswagen-id-4-gaus-issamu-atnaujinima-su-nauja-isvaizda\/","name":"\u201eVolkswagen ID.4\u201c gaus i\u0161sam\u0173 atnaujinim\u0105 su nauja i\u0161vaizda - Eautomobiliai.lt","isPartOf":{"@id":"https:\/\/eautomobiliai.lt\/#website"},"primaryImageOfPage":{"@id":"http:\/\/eautomobiliai.lt\/index.php\/2025\/06\/24\/volkswagen-id-4-gaus-issamu-atnaujinima-su-nauja-isvaizda\/#primaryimage"},"image":{"@id":"http:\/\/eautomobiliai.lt\/index.php\/2025\/06\/24\/volkswagen-id-4-gaus-issamu-atnaujinima-su-nauja-isvaizda\/#primaryimage"},"thumbnailUrl":"http:\/\/eautomobiliai.lt\/wp-content\/uploads\/2025\/06\/\u201eVolkswagen-ID4-gaus-issamu-atnaujinima-su-nauja-isvaizda.jpeg","datePublished":"2025-06-24T20:13:44+00:00","author":{"@id":"https:\/\/eautomobiliai.lt\/#\/schema\/person\/ecf2a967f361217d056061f74deb92f2"},"breadcrumb":{"@id":"http:\/\/eautomobiliai.lt\/index.php\/2025\/06\/24\/volkswagen-id-4-gaus-issamu-atnaujinima-su-nauja-isvaizda\/#breadcrumb"},"inLanguage":"lt-LT","potentialAction":[{"@type":"ReadAction","target":["http:\/\/eautomobiliai.lt\/index.php\/2025\/06\/24\/volkswagen-id-4-gaus-issamu-atnaujinima-su-nauja-isvaizda\/"]}]},{"@type":"ImageObject","inLanguage":"lt-LT","@id":"http:\/\/eautomobiliai.lt\/index.php\/2025\/06\/24\/volkswagen-id-4-gaus-issamu-atnaujinima-su-nauja-isvaizda\/#primaryimage","url":"http:\/\/eautomobiliai.lt\/wp-content\/uploads\/2025\/06\/\u201eVolkswagen-ID4-gaus-issamu-atnaujinima-su-nauja-isvaizda.jpeg","contentUrl":"http:\/\/eautomobiliai.lt\/wp-content\/uploads\/2025\/06\/\u201eVolkswagen-ID4-gaus-issamu-atnaujinima-su-nauja-isvaizda.jpeg","width":1200,"height":628},{"@type":"BreadcrumbList","@id":"http:\/\/eautomobiliai.lt\/index.php\/2025\/06\/24\/volkswagen-id-4-gaus-issamu-atnaujinima-su-nauja-isvaizda\/#breadcrumb","itemListElement":[{"@type":"ListItem","position":1,"name":"Home","item":"https:\/\/eautomobiliai.lt\/"},{"@type":"ListItem","position":2,"name":"\u201eVolkswagen ID.4\u201c gaus i\u0161sam\u0173 atnaujinim\u0105 su nauja i\u0161vaizda"}]},{"@type":"WebSite","@id":"https:\/\/eautomobiliai.lt\/#website","url":"https:\/\/eautomobiliai.lt\/","name":"Eautomobiliai.lt","description":"Elektrinis transportas, technologijos","potentialAction":[{"@type":"SearchAction","target":{"@type":"EntryPoint","urlTemplate":"https:\/\/eautomobiliai.lt\/?s={search_term_string}"},"query-input":{"@type":"PropertyValueSpecification","valueRequired":true,"valueName":"search_term_string"}}],"inLanguage":"lt-LT"},{"@type":"Person","@id":"https:\/\/eautomobiliai.lt\/#\/schema\/person\/ecf2a967f361217d056061f74deb92f2","name":"admin","image":{"@type":"ImageObject","inLanguage":"lt-LT","@id":"https:\/\/eautomobiliai.lt\/#\/schema\/person\/image\/","url":"https:\/\/secure.gravatar.com\/avatar\/6323379efae0c70c686c7905444d6bbd?s=96&d=mm&r=g","contentUrl":"https:\/\/secure.gravatar.com\/avatar\/6323379efae0c70c686c7905444d6bbd?s=96&d=mm&r=g","caption":"admin"},"sameAs":["http:\/\/eautomobiliai.lt"],"url":"http:\/\/eautomobiliai.lt\/index.php\/author\/admin\/"}]}},"_links":{"self":[{"href":"http:\/\/eautomobiliai.lt\/index.php\/wp-json\/wp\/v2\/posts\/1288","targetHints":{"allow":["GET"]}}],"collection":[{"href":"http:\/\/eautomobiliai.lt\/index.php\/wp-json\/wp\/v2\/posts"}],"about":[{"href":"http:\/\/eautomobiliai.lt\/index.php\/wp-json\/wp\/v2\/types\/post"}],"author":[{"embeddable":true,"href":"http:\/\/eautomobiliai.lt\/index.php\/wp-json\/wp\/v2\/users\/1"}],"replies":[{"embeddable":true,"href":"http:\/\/eautomobiliai.lt\/index.php\/wp-json\/wp\/v2\/comments?post=1288"}],"version-history":[{"count":0,"href":"http:\/\/eautomobiliai.lt\/index.php\/wp-json\/wp\/v2\/posts\/1288\/revisions"}],"wp:featuredmedia":[{"embeddable":true,"href":"http:\/\/eautomobiliai.lt\/index.php\/wp-json\/wp\/v2\/media\/1289"}],"wp:attachment":[{"href":"http:\/\/eautomobiliai.lt\/index.php\/wp-json\/wp\/v2\/media?parent=1288"}],"wp:term":[{"taxonomy":"category","embeddable":true,"href":"http:\/\/eautomobiliai.lt\/index.php\/wp-json\/wp\/v2\/categories?post=1288"},{"taxonomy":"post_tag","embeddable":true,"href":"http:\/\/eautomobiliai.lt\/index.php\/wp-json\/wp\/v2\/tags?post=1288"}],"curies":[{"name":"wp","href":"https:\/\/api.w.org\/{rel}","templated":true}]}}