{"id":1327,"date":"2025-06-28T04:33:36","date_gmt":"2025-06-28T04:33:36","guid":{"rendered":"https:\/\/eautomobiliai.lt\/index.php\/2025\/06\/28\/elonas-muskas-tvirtina-2\/"},"modified":"2025-06-28T04:33:36","modified_gmt":"2025-06-28T04:33:36","slug":"elonas-muskas-tvirtina-2","status":"publish","type":"post","link":"http:\/\/eautomobiliai.lt\/index.php\/2025\/06\/28\/elonas-muskas-tvirtina-2\/","title":{"rendered":"Elonas Muskas tvirtina"},"content":{"rendered":"<p> <br \/>\n<\/p>\n<div>\n<figure class=\"img-border featured-image\">\n\t<\/figure>\n<p>Elonas Muskas teigia, kad \u201eTesla\u201c savo pirm\u0105j\u012f automobil\u012f visi\u0161kai pristat\u0117 visi\u0161kai autonomi\u0161kai i\u0161 gamyklos \u012f kliento namus \u201evisame mieste\u201c.<\/p>\n<p>Jei tiesa, a\u0161 tvirtin\u010diau, kad tai i\u0161 tikr\u0173j\u0173 yra didesnis dalykas nei jo \u201erobotaxi\u201c su pri\u017ei\u016br\u0117tojais, ta\u010diau vis dar kyla klausim\u0173 apie tokios sistemos vert\u0119.<\/p>\n<p><span id=\"more-422677\"\/><\/p>\n<p>\u201eTesla\u201c generalinis direktorius paskelb\u0117 X:<\/p>\n<blockquote class=\"wp-block-quote is-layout-flow wp-block-quote-is-layout-flow\">\n<p>Pirmasis visi\u0161kai autonominis \u201eTesla\u201c modelio Y pristatymas i\u0161 gamyklos \u012f klient\u0173 namus visame mieste, \u012fskaitant greitkelius, buvo k\u0105 tik baigta diena anks\u010diau nei numatyta grafike !!<\/p>\n<\/blockquote>\n<p>Buvo \u017einoma, kad Muskas per daugel\u012f met\u0173 i\u0161tiesia \u017eod\u017ei\u0173 \u201evisi\u0161kai savaranki\u0161k\u0105\u201c prasm\u0119, ta\u010diau jis pateik\u0117 dar kelet\u0105 detali\u0173:<\/p>\n<p>\t<span class=\"outbrain-ad-label\">Skelbimas &#8211; slinkite daugiau turinio<\/span><\/p>\n<blockquote class=\"wp-block-quote is-layout-flow wp-block-quote-is-layout-flow\">\n<p>Automobilyje nebuvo \u017emoni\u0173 ir joki\u0173 nuotolini\u0173 operatori\u0173 bet kuriuo metu nebuvo. Visi\u0161kai autonomi\u0161kai! Kiek mums yra \u017einoma, tai yra pirmasis visi\u0161kai autonominis va\u017eiavimas, kai n\u0117ra \u017emoni\u0173 automobilyje ar nuotoliniu b\u016bdu valdantis automobil\u012f vie\u0161ame greitkelyje.<\/p>\n<\/blockquote>\n<p>Tai \u0161iek tiek pager\u0117s nuo neseniai prad\u0117tos \u201eRobotaxi\u201c paslaugos, kuri vis\u0105 laik\u0105 apima \u201eTesla\u201c darbuotoj\u0105 \u012f keleivio viet\u0105, pasirengusi\u0105 paspausti \u201eKill Switch\u201c.<\/p>\n<p>Ta\u010diau paskutinis Musko komentaras negalioja. Kelios kompanijos i\u0161band\u0117 visi\u0161kai autonomin\u012f vairavim\u0105, kai niekas n\u0117ra vairuotojo s\u0117dyn\u0117je ar automobilyje, o Waymo netgi prad\u0117jo si\u016blyti va\u017eiavimus mok\u0117ti keleiviams greitkeliams.<\/p>\n<p>Vairavimas greitkeliais yra \u201eWaymo\u201c operacij\u0173 dalis Finikse, San Fransiske ir Los And\u017eele, nors \u0161iuo metu darbuotojams tai galima \u012fsigyti tik per \u201eWaymo\u201c vidin\u0119 program\u0105 pastarosiose dviejose rinkose.<\/p>\n<p>Muskas sako, kad netrukus pasirodys \u0161io etapo vaizdo \u012fra\u0161as.<\/p>\n<p>\u0160is etapas atsiranda po to, kai \u201eTesla\u201c per pastaruosius kelis m\u0117nesius autonomi\u0161kai perkelia savo transporto priemones autonomi\u0161kai nuo linijos pabaigos iki pristatymo partij\u0173 JAV gamyklose.<\/p>\n<h2 class=\"wp-block-heading\" id=\"h-electrek-s-take\">\u201eElectrek&#8217;s Take\u201c<\/h2>\n<p>\u201eTesla\u201c \u201eRobotaxi\u201c startas visuomet buvo su automobili\u0173 prie\u017ei\u016bros vadovais ir daugybe klausim\u0173, kylan\u010di\u0173 tik per pirm\u0105sias operacij\u0173 dienas. Visiems, kurie anks\u010diau buvo patyr\u0119 \u201eTesla\u201c pri\u017ei\u016br\u0117t\u0105 visi\u0161k\u0105 savaranki\u0161k\u0105 vairavim\u0105 ar i\u0161samesn\u012f produkt\u0105, pavyzd\u017eiui, \u201eWaymo\u201c, jis nesijaut\u0117 ypatingas.<\/p>\n<p>Autonominis va\u017eiavimas automobiliu, \u012fskaitant greitkel\u012f, va\u017eiuodamas i\u0161 gamyklos \u012f kliento namus, gali b\u016bti \u012fsp\u016bdingesnis, nors ir turint tam tikr\u0173 galim\u0173 \u012fsp\u0117jim\u0173.<\/p>\n<p>\u201eJokie automobilio \u017emon\u0117s ir jokie nuotoliniai operatoriai, bet kuriuo metu nekontroliuojami.\u201c Tam tikra prasme \u201eTesla\u201c FSD ir \u201eRobotaxi\u201c programos taip pat gal\u0117t\u0173 tai padaryti, tiesiog tai, kad \u201eTesla\u201c n\u0117ra \u012fsitikinusi, kad jos gali tai padaryti pakankamai patikimai per ilg\u0105 laik\u0105, kad pa\u0161alint\u0173 prie\u017ei\u016br\u0105.<\/p>\n<p>Kuris kelia klausim\u0105: kuo skiriasi tai?<\/p>\n<p>Niekas automobilyje, tod\u0117l \u201eTesla\u201c ne taip rimtai vertina saugos problemas? Tai b\u016bt\u0173 keista, nes taip pat reikia atsi\u017evelgti \u012f \u017emoni\u0173 saugum\u0105 u\u017e transporto priemon\u0117s rib\u0173.<\/p>\n<p>Gali b\u016bti, kad \u201eTesla\u201c kelis kartus i\u0161band\u0117 konkret\u0173 \u0161ios va\u017eiavimo mar\u0161rut\u0105, o paskui nuotoliniu b\u016bdu, net potencialiai naudodamas galin\u012f automobil\u012f, nes pastaraisiais m\u0117nesiais jis buvo pasteb\u0117tas kelet\u0105 kart\u0173, steb\u0117jo j\u012f su kuo nors, pasiruo\u0161\u0119s j\u012f vis\u0105 laik\u0105 sustabdyti.<\/p>\n<p>Tai neb\u016bt\u0173 taip toli nuo to, k\u0105 jau veikia \u201eTesla\u201c, ir ne ka\u017ekas kei\u010diamo, kol nematysime duomen\u0173, rodan\u010di\u0173 \u201eTesla\u201c nuosekliai tai padaryti saugiai daugiau nei \u0161imtus t\u016bkstan\u010di\u0173 myli\u0173.<\/p>\n<p>Gal\u0173 gale tai i\u0161lieka pagrindin\u0117 problema. \u201eTesla\u201c labai stengiasi kurti vaizdo \u012fra\u0161us ir pateikti efektingus teiginius, kai reikia savaranki\u0161kai vairuoti, ta\u010diau ji niekada nei\u0161leido joki\u0173 svarbi\u0173 duomen\u0173. Visada. Pa\u017ei\u016br\u0117kime.<\/p>\n<div class=\"ad-disclaimer-container\">\n<p class=\"disclaimer-affiliate\"><em>FPK: Mes naudojame pajamas gaunan\u010dias automatinio filialo nuorodas.<\/em> Daugiau.<\/p>\n<p><!-- post ad --><\/div>\n<\/p><\/div>\n<p><br \/>\n<br \/><a href=\"https:\/\/electrek.co\/2025\/06\/27\/elon-musk-claims-tesla-delivered-first-car-fully-autonomously-factory-customer\/\">Source link <\/a><\/p>\n","protected":false},"excerpt":{"rendered":"<p>Elonas Muskas teigia, kad \u201eTesla\u201c savo pirm\u0105j\u012f automobil\u012f visi\u0161kai pristat\u0117 visi\u0161kai autonomi\u0161kai i\u0161 gamyklos \u012f kliento namus \u201evisame mieste\u201c. Jei&hellip;<\/p>\n","protected":false},"author":1,"featured_media":1120,"comment_status":"open","ping_status":"open","sticky":false,"template":"","format":"standard","meta":{"om_disable_all_campaigns":false,"_monsterinsights_skip_tracking":false,"_monsterinsights_sitenote_active":false,"_monsterinsights_sitenote_note":"","_monsterinsights_sitenote_category":0,"footnotes":""},"categories":[8],"tags":[225,226,227],"class_list":["post-1327","post","type-post","status-publish","format-standard","has-post-thumbnail","hentry","category-elektriniai-automobiliai","tag-elonas","tag-muskas","tag-tvirtina"],"aioseo_notices":[],"yoast_head":"<!-- This site is optimized with the Yoast SEO plugin v26.8 - https:\/\/yoast.com\/product\/yoast-seo-wordpress\/ -->\n<title>Elonas Muskas tvirtina - Eautomobiliai.lt<\/title>\n<meta name=\"robots\" content=\"index, follow, max-snippet:-1, max-image-preview:large, max-video-preview:-1\" \/>\n<link rel=\"canonical\" href=\"http:\/\/eautomobiliai.lt\/index.php\/2025\/06\/28\/elonas-muskas-tvirtina-2\/\" \/>\n<meta property=\"og:locale\" content=\"lt_LT\" \/>\n<meta property=\"og:type\" content=\"article\" \/>\n<meta property=\"og:title\" content=\"Elonas Muskas tvirtina - Eautomobiliai.lt\" \/>\n<meta property=\"og:description\" content=\"Elonas Muskas teigia, kad \u201eTesla\u201c savo pirm\u0105j\u012f automobil\u012f visi\u0161kai pristat\u0117 visi\u0161kai autonomi\u0161kai i\u0161 gamyklos \u012f kliento namus \u201evisame mieste\u201c. Jei&hellip;\" \/>\n<meta property=\"og:url\" content=\"http:\/\/eautomobiliai.lt\/index.php\/2025\/06\/28\/elonas-muskas-tvirtina-2\/\" \/>\n<meta property=\"og:site_name\" content=\"Eautomobiliai.lt\" \/>\n<meta property=\"article:published_time\" content=\"2025-06-28T04:33:36+00:00\" \/>\n<meta property=\"og:image\" content=\"http:\/\/eautomobiliai.lt\/wp-content\/uploads\/2025\/06\/\u201eTesla-oficialiai-pradeda-autonomini-\u201ebandymo-etapa-Austine-pries-planuojama-paleidima.png\" \/>\n\t<meta property=\"og:image:width\" content=\"1599\" \/>\n\t<meta property=\"og:image:height\" content=\"788\" \/>\n\t<meta property=\"og:image:type\" content=\"image\/png\" \/>\n<meta name=\"author\" content=\"admin\" \/>\n<meta name=\"twitter:card\" content=\"summary_large_image\" \/>\n<meta name=\"twitter:label1\" content=\"Written by\" \/>\n\t<meta name=\"twitter:data1\" content=\"admin\" \/>\n\t<meta name=\"twitter:label2\" content=\"Est. reading time\" \/>\n\t<meta name=\"twitter:data2\" content=\"3 minut\u0117s\" \/>\n<script type=\"application\/ld+json\" class=\"yoast-schema-graph\">{\"@context\":\"https:\/\/schema.org\",\"@graph\":[{\"@type\":\"Article\",\"@id\":\"http:\/\/eautomobiliai.lt\/index.php\/2025\/06\/28\/elonas-muskas-tvirtina-2\/#article\",\"isPartOf\":{\"@id\":\"http:\/\/eautomobiliai.lt\/index.php\/2025\/06\/28\/elonas-muskas-tvirtina-2\/\"},\"author\":{\"name\":\"admin\",\"@id\":\"https:\/\/eautomobiliai.lt\/#\/schema\/person\/ecf2a967f361217d056061f74deb92f2\"},\"headline\":\"Elonas Muskas tvirtina\",\"datePublished\":\"2025-06-28T04:33:36+00:00\",\"mainEntityOfPage\":{\"@id\":\"http:\/\/eautomobiliai.lt\/index.php\/2025\/06\/28\/elonas-muskas-tvirtina-2\/\"},\"wordCount\":573,\"commentCount\":0,\"image\":{\"@id\":\"http:\/\/eautomobiliai.lt\/index.php\/2025\/06\/28\/elonas-muskas-tvirtina-2\/#primaryimage\"},\"thumbnailUrl\":\"http:\/\/eautomobiliai.lt\/wp-content\/uploads\/2025\/06\/\u201eTesla-oficialiai-pradeda-autonomini-\u201ebandymo-etapa-Austine-pries-planuojama-paleidima.png\",\"keywords\":[\"Elonas\",\"Muskas\",\"tvirtina\"],\"articleSection\":[\"ELEKTRINIAI AUTOMOBILIAI\"],\"inLanguage\":\"lt-LT\",\"potentialAction\":[{\"@type\":\"CommentAction\",\"name\":\"Comment\",\"target\":[\"http:\/\/eautomobiliai.lt\/index.php\/2025\/06\/28\/elonas-muskas-tvirtina-2\/#respond\"]}]},{\"@type\":\"WebPage\",\"@id\":\"http:\/\/eautomobiliai.lt\/index.php\/2025\/06\/28\/elonas-muskas-tvirtina-2\/\",\"url\":\"http:\/\/eautomobiliai.lt\/index.php\/2025\/06\/28\/elonas-muskas-tvirtina-2\/\",\"name\":\"Elonas Muskas tvirtina - Eautomobiliai.lt\",\"isPartOf\":{\"@id\":\"https:\/\/eautomobiliai.lt\/#website\"},\"primaryImageOfPage\":{\"@id\":\"http:\/\/eautomobiliai.lt\/index.php\/2025\/06\/28\/elonas-muskas-tvirtina-2\/#primaryimage\"},\"image\":{\"@id\":\"http:\/\/eautomobiliai.lt\/index.php\/2025\/06\/28\/elonas-muskas-tvirtina-2\/#primaryimage\"},\"thumbnailUrl\":\"http:\/\/eautomobiliai.lt\/wp-content\/uploads\/2025\/06\/\u201eTesla-oficialiai-pradeda-autonomini-\u201ebandymo-etapa-Austine-pries-planuojama-paleidima.png\",\"datePublished\":\"2025-06-28T04:33:36+00:00\",\"author\":{\"@id\":\"https:\/\/eautomobiliai.lt\/#\/schema\/person\/ecf2a967f361217d056061f74deb92f2\"},\"breadcrumb\":{\"@id\":\"http:\/\/eautomobiliai.lt\/index.php\/2025\/06\/28\/elonas-muskas-tvirtina-2\/#breadcrumb\"},\"inLanguage\":\"lt-LT\",\"potentialAction\":[{\"@type\":\"ReadAction\",\"target\":[\"http:\/\/eautomobiliai.lt\/index.php\/2025\/06\/28\/elonas-muskas-tvirtina-2\/\"]}]},{\"@type\":\"ImageObject\",\"inLanguage\":\"lt-LT\",\"@id\":\"http:\/\/eautomobiliai.lt\/index.php\/2025\/06\/28\/elonas-muskas-tvirtina-2\/#primaryimage\",\"url\":\"http:\/\/eautomobiliai.lt\/wp-content\/uploads\/2025\/06\/\u201eTesla-oficialiai-pradeda-autonomini-\u201ebandymo-etapa-Austine-pries-planuojama-paleidima.png\",\"contentUrl\":\"http:\/\/eautomobiliai.lt\/wp-content\/uploads\/2025\/06\/\u201eTesla-oficialiai-pradeda-autonomini-\u201ebandymo-etapa-Austine-pries-planuojama-paleidima.png\",\"width\":1599,\"height\":788},{\"@type\":\"BreadcrumbList\",\"@id\":\"http:\/\/eautomobiliai.lt\/index.php\/2025\/06\/28\/elonas-muskas-tvirtina-2\/#breadcrumb\",\"itemListElement\":[{\"@type\":\"ListItem\",\"position\":1,\"name\":\"Home\",\"item\":\"https:\/\/eautomobiliai.lt\/\"},{\"@type\":\"ListItem\",\"position\":2,\"name\":\"Elonas Muskas tvirtina\"}]},{\"@type\":\"WebSite\",\"@id\":\"https:\/\/eautomobiliai.lt\/#website\",\"url\":\"https:\/\/eautomobiliai.lt\/\",\"name\":\"Eautomobiliai.lt\",\"description\":\"Elektrinis transportas, technologijos\",\"potentialAction\":[{\"@type\":\"SearchAction\",\"target\":{\"@type\":\"EntryPoint\",\"urlTemplate\":\"https:\/\/eautomobiliai.lt\/?s={search_term_string}\"},\"query-input\":{\"@type\":\"PropertyValueSpecification\",\"valueRequired\":true,\"valueName\":\"search_term_string\"}}],\"inLanguage\":\"lt-LT\"},{\"@type\":\"Person\",\"@id\":\"https:\/\/eautomobiliai.lt\/#\/schema\/person\/ecf2a967f361217d056061f74deb92f2\",\"name\":\"admin\",\"image\":{\"@type\":\"ImageObject\",\"inLanguage\":\"lt-LT\",\"@id\":\"https:\/\/eautomobiliai.lt\/#\/schema\/person\/image\/\",\"url\":\"https:\/\/secure.gravatar.com\/avatar\/6323379efae0c70c686c7905444d6bbd?s=96&d=mm&r=g\",\"contentUrl\":\"https:\/\/secure.gravatar.com\/avatar\/6323379efae0c70c686c7905444d6bbd?s=96&d=mm&r=g\",\"caption\":\"admin\"},\"sameAs\":[\"http:\/\/eautomobiliai.lt\"],\"url\":\"http:\/\/eautomobiliai.lt\/index.php\/author\/admin\/\"}]}<\/script>\n<!-- \/ Yoast SEO plugin. -->","yoast_head_json":{"title":"Elonas Muskas tvirtina - Eautomobiliai.lt","robots":{"index":"index","follow":"follow","max-snippet":"max-snippet:-1","max-image-preview":"max-image-preview:large","max-video-preview":"max-video-preview:-1"},"canonical":"http:\/\/eautomobiliai.lt\/index.php\/2025\/06\/28\/elonas-muskas-tvirtina-2\/","og_locale":"lt_LT","og_type":"article","og_title":"Elonas Muskas tvirtina - Eautomobiliai.lt","og_description":"Elonas Muskas teigia, kad \u201eTesla\u201c savo pirm\u0105j\u012f automobil\u012f visi\u0161kai pristat\u0117 visi\u0161kai autonomi\u0161kai i\u0161 gamyklos \u012f kliento namus \u201evisame mieste\u201c. Jei&hellip;","og_url":"http:\/\/eautomobiliai.lt\/index.php\/2025\/06\/28\/elonas-muskas-tvirtina-2\/","og_site_name":"Eautomobiliai.lt","article_published_time":"2025-06-28T04:33:36+00:00","og_image":[{"width":1599,"height":788,"url":"http:\/\/eautomobiliai.lt\/wp-content\/uploads\/2025\/06\/\u201eTesla-oficialiai-pradeda-autonomini-\u201ebandymo-etapa-Austine-pries-planuojama-paleidima.png","type":"image\/png"}],"author":"admin","twitter_card":"summary_large_image","twitter_misc":{"Written by":"admin","Est. reading time":"3 minut\u0117s"},"schema":{"@context":"https:\/\/schema.org","@graph":[{"@type":"Article","@id":"http:\/\/eautomobiliai.lt\/index.php\/2025\/06\/28\/elonas-muskas-tvirtina-2\/#article","isPartOf":{"@id":"http:\/\/eautomobiliai.lt\/index.php\/2025\/06\/28\/elonas-muskas-tvirtina-2\/"},"author":{"name":"admin","@id":"https:\/\/eautomobiliai.lt\/#\/schema\/person\/ecf2a967f361217d056061f74deb92f2"},"headline":"Elonas Muskas tvirtina","datePublished":"2025-06-28T04:33:36+00:00","mainEntityOfPage":{"@id":"http:\/\/eautomobiliai.lt\/index.php\/2025\/06\/28\/elonas-muskas-tvirtina-2\/"},"wordCount":573,"commentCount":0,"image":{"@id":"http:\/\/eautomobiliai.lt\/index.php\/2025\/06\/28\/elonas-muskas-tvirtina-2\/#primaryimage"},"thumbnailUrl":"http:\/\/eautomobiliai.lt\/wp-content\/uploads\/2025\/06\/\u201eTesla-oficialiai-pradeda-autonomini-\u201ebandymo-etapa-Austine-pries-planuojama-paleidima.png","keywords":["Elonas","Muskas","tvirtina"],"articleSection":["ELEKTRINIAI AUTOMOBILIAI"],"inLanguage":"lt-LT","potentialAction":[{"@type":"CommentAction","name":"Comment","target":["http:\/\/eautomobiliai.lt\/index.php\/2025\/06\/28\/elonas-muskas-tvirtina-2\/#respond"]}]},{"@type":"WebPage","@id":"http:\/\/eautomobiliai.lt\/index.php\/2025\/06\/28\/elonas-muskas-tvirtina-2\/","url":"http:\/\/eautomobiliai.lt\/index.php\/2025\/06\/28\/elonas-muskas-tvirtina-2\/","name":"Elonas Muskas tvirtina - Eautomobiliai.lt","isPartOf":{"@id":"https:\/\/eautomobiliai.lt\/#website"},"primaryImageOfPage":{"@id":"http:\/\/eautomobiliai.lt\/index.php\/2025\/06\/28\/elonas-muskas-tvirtina-2\/#primaryimage"},"image":{"@id":"http:\/\/eautomobiliai.lt\/index.php\/2025\/06\/28\/elonas-muskas-tvirtina-2\/#primaryimage"},"thumbnailUrl":"http:\/\/eautomobiliai.lt\/wp-content\/uploads\/2025\/06\/\u201eTesla-oficialiai-pradeda-autonomini-\u201ebandymo-etapa-Austine-pries-planuojama-paleidima.png","datePublished":"2025-06-28T04:33:36+00:00","author":{"@id":"https:\/\/eautomobiliai.lt\/#\/schema\/person\/ecf2a967f361217d056061f74deb92f2"},"breadcrumb":{"@id":"http:\/\/eautomobiliai.lt\/index.php\/2025\/06\/28\/elonas-muskas-tvirtina-2\/#breadcrumb"},"inLanguage":"lt-LT","potentialAction":[{"@type":"ReadAction","target":["http:\/\/eautomobiliai.lt\/index.php\/2025\/06\/28\/elonas-muskas-tvirtina-2\/"]}]},{"@type":"ImageObject","inLanguage":"lt-LT","@id":"http:\/\/eautomobiliai.lt\/index.php\/2025\/06\/28\/elonas-muskas-tvirtina-2\/#primaryimage","url":"http:\/\/eautomobiliai.lt\/wp-content\/uploads\/2025\/06\/\u201eTesla-oficialiai-pradeda-autonomini-\u201ebandymo-etapa-Austine-pries-planuojama-paleidima.png","contentUrl":"http:\/\/eautomobiliai.lt\/wp-content\/uploads\/2025\/06\/\u201eTesla-oficialiai-pradeda-autonomini-\u201ebandymo-etapa-Austine-pries-planuojama-paleidima.png","width":1599,"height":788},{"@type":"BreadcrumbList","@id":"http:\/\/eautomobiliai.lt\/index.php\/2025\/06\/28\/elonas-muskas-tvirtina-2\/#breadcrumb","itemListElement":[{"@type":"ListItem","position":1,"name":"Home","item":"https:\/\/eautomobiliai.lt\/"},{"@type":"ListItem","position":2,"name":"Elonas Muskas tvirtina"}]},{"@type":"WebSite","@id":"https:\/\/eautomobiliai.lt\/#website","url":"https:\/\/eautomobiliai.lt\/","name":"Eautomobiliai.lt","description":"Elektrinis transportas, technologijos","potentialAction":[{"@type":"SearchAction","target":{"@type":"EntryPoint","urlTemplate":"https:\/\/eautomobiliai.lt\/?s={search_term_string}"},"query-input":{"@type":"PropertyValueSpecification","valueRequired":true,"valueName":"search_term_string"}}],"inLanguage":"lt-LT"},{"@type":"Person","@id":"https:\/\/eautomobiliai.lt\/#\/schema\/person\/ecf2a967f361217d056061f74deb92f2","name":"admin","image":{"@type":"ImageObject","inLanguage":"lt-LT","@id":"https:\/\/eautomobiliai.lt\/#\/schema\/person\/image\/","url":"https:\/\/secure.gravatar.com\/avatar\/6323379efae0c70c686c7905444d6bbd?s=96&d=mm&r=g","contentUrl":"https:\/\/secure.gravatar.com\/avatar\/6323379efae0c70c686c7905444d6bbd?s=96&d=mm&r=g","caption":"admin"},"sameAs":["http:\/\/eautomobiliai.lt"],"url":"http:\/\/eautomobiliai.lt\/index.php\/author\/admin\/"}]}},"_links":{"self":[{"href":"http:\/\/eautomobiliai.lt\/index.php\/wp-json\/wp\/v2\/posts\/1327","targetHints":{"allow":["GET"]}}],"collection":[{"href":"http:\/\/eautomobiliai.lt\/index.php\/wp-json\/wp\/v2\/posts"}],"about":[{"href":"http:\/\/eautomobiliai.lt\/index.php\/wp-json\/wp\/v2\/types\/post"}],"author":[{"embeddable":true,"href":"http:\/\/eautomobiliai.lt\/index.php\/wp-json\/wp\/v2\/users\/1"}],"replies":[{"embeddable":true,"href":"http:\/\/eautomobiliai.lt\/index.php\/wp-json\/wp\/v2\/comments?post=1327"}],"version-history":[{"count":0,"href":"http:\/\/eautomobiliai.lt\/index.php\/wp-json\/wp\/v2\/posts\/1327\/revisions"}],"wp:featuredmedia":[{"embeddable":true,"href":"http:\/\/eautomobiliai.lt\/index.php\/wp-json\/wp\/v2\/media\/1120"}],"wp:attachment":[{"href":"http:\/\/eautomobiliai.lt\/index.php\/wp-json\/wp\/v2\/media?parent=1327"}],"wp:term":[{"taxonomy":"category","embeddable":true,"href":"http:\/\/eautomobiliai.lt\/index.php\/wp-json\/wp\/v2\/categories?post=1327"},{"taxonomy":"post_tag","embeddable":true,"href":"http:\/\/eautomobiliai.lt\/index.php\/wp-json\/wp\/v2\/tags?post=1327"}],"curies":[{"name":"wp","href":"https:\/\/api.w.org\/{rel}","templated":true}]}}