{"id":1357,"date":"2025-07-01T01:20:18","date_gmt":"2025-07-01T01:20:18","guid":{"rendered":"http:\/\/eautomobiliai.lt\/index.php\/2025\/07\/01\/tesla-liepe-nutraukti-apgaulinga-komercine-praktika-per-autopilota-prancuzijoje\/"},"modified":"2025-07-01T01:20:18","modified_gmt":"2025-07-01T01:20:18","slug":"tesla-liepe-nutraukti-apgaulinga-komercine-praktika-per-autopilota-prancuzijoje","status":"publish","type":"post","link":"http:\/\/eautomobiliai.lt\/index.php\/2025\/07\/01\/tesla-liepe-nutraukti-apgaulinga-komercine-praktika-per-autopilota-prancuzijoje\/","title":{"rendered":"\u201eTesla\u201c liep\u0117 nutraukti \u201eapgauling\u0105 komercin\u0119 praktik\u0105\u201c per autopilot\u0105 Pranc\u016bzijoje"},"content":{"rendered":"<p> <br \/>\n<\/p>\n<div id=\"\">\n<p>Pranc\u016bzijos vyriausyb\u0117 \u012fsak\u0117 vietinei Amerikos elektrini\u0173 transporto priemoni\u0173 (EV) mil\u017eini\u0161kos \u201eTesla\u201c rankoms \u201enutraukti savo apgauling\u0105 komercin\u0119 praktik\u0105\u201c per keturis m\u0117nesius arba susidurti su didele dienos bauda &#8211; 50 000 eur\u0173.<\/p>\n<p>Tarp nustatyt\u0173 klausim\u0173 buvo tariama \u201eapgaulinga rinkodaros praktika, susijusi su visi\u0161kai autonomin\u0117mis\u201e Tesla \u201ctransporto priemoni\u0173 vairavimo galimyb\u0117mis\u201c.<\/p>\n<p>\u0160is \u012fsakymas \u012fvyko po Pranc\u016bzijos bendrosios konkurencijos, vartotoj\u0173 reikal\u0173 ir suk\u010diavimo kontrol\u0117s paleidimo (kryptis G\u00e9n\u00e9rale de la Concurrence, de la Consmmation et de la r\u00e9pression des fraudes arba DG ccrf), pra\u0117jusi\u0105 savait\u0119 atlikto tyrimo, atlikto nuo 2023 iki 2024 iki Tesla France, rezultat\u0173.<\/p>\n<p>Tyrimas, inicijuotas atsi\u017evelgiant \u012f kelis vartotoj\u0173 skundus, nustat\u0117, kad \u201eTesla\u201c padar\u0117 daugyb\u0119 \u201enes\u0117kmi\u0173 ir nusikaltim\u0173, \u017ealing\u0173 vartotojams ir prie\u0161tarauja \u012fstatymams\u201c, vis\u0173 pirma bendrov\u0117s rinkodarai, susijusi su savo \u201eAutopilot Advanced\u201c vairuotojo ir asist\u0173 sistema.<\/p>\n<p>Kita praktika, kuri\u0105 CCRF nustat\u0117 kaip \u201ei\u0161ankstin\u0119 vartotojams ir prie\u0161ingai nei \u012fstatymams\u201c, ap\u0117m\u0117 v\u0117lavim\u0105 gr\u0105\u017einti at\u0161auktus u\u017esakymus, nei\u0161samias pardavimo sutartis ir nepateikus pakankamai informacijos apie pristatymo metodus ir vietas.<\/p>\n<p>\u201eTesla France\u201c dabar privalo laikytis atitinkam\u0173 nacionalini\u0173 taisykli\u0173 per keturis m\u0117nesius.<\/p>\n<p>Vis\u0173 pirma, atsi\u017evelgiant \u012f tai, k\u0105 CCRF laiko \u201eypatingu praktikos rimtumu\u201c, jei \u201eTesla France\u201c nenutraukia savo klaidinan\u010dios rinkodaros pagal savo autopiloto technologijos funkcionalum\u0105 iki keturi\u0173 m\u0117nesi\u0173 pabaigos, bendrov\u0117 susidurs su 50 000 eur\u0173 baudos i\u0161moka per dien\u0105 arba ma\u017edaug 90 000 USD.<\/p>\n<p>Atrodo, kad CCRF teigini\u0173 kontekstas yra susij\u0119s su bendrov\u0117s palaikymo straipsniu jos pranc\u016bz\u0173 svetain\u0117je, kurioje kalbama apie \u201eautopilot\u0105 ir visi\u0161kai savaranki\u0161ko vairavimo galimybes\u201c (<em>Autopilotas ir visi\u0161kai autonominis vairavimo paj\u0117gumas<\/em> pranc\u016bz\u0173 kalba).<\/p>\n<div class=\"tiled-gallery type-rectangular tiled-gallery-unresized\" data-original-width=\"1160\" data-carousel-extra=\"null\" itemscope=\"\" itemtype=\"http:\/\/schema.org\/ImageGallery\">\n<div class=\"gallery-row\" style=\"width: 1160px; height: 236px;\" data-original-width=\"1160\" data-original-height=\"236\">\n<div class=\"gallery-group images-1\" style=\"width: 625px; height: 236px;\" data-original-width=\"625\" data-original-height=\"236\">\n<div class=\"tiled-gallery-item tiled-gallery-item-large\" itemprop=\"associatedMedia\" itemscope=\"\" itemtype=\"http:\/\/schema.org\/ImageObject\">  <meta itemprop=\"width\" content=\"621\"\/> <meta itemprop=\"height\" content=\"232\"\/>   <\/div>\n<\/p><\/div>\n<p> <!-- close group --> <\/p>\n<div class=\"gallery-group images-1\" style=\"width: 535px; height: 236px;\" data-original-width=\"535\" data-original-height=\"236\">\n<div class=\"tiled-gallery-item tiled-gallery-item-large\" itemprop=\"associatedMedia\" itemscope=\"\" itemtype=\"http:\/\/schema.org\/ImageObject\">  <meta itemprop=\"width\" content=\"531\"\/> <meta itemprop=\"height\" content=\"232\"\/> <img loading=\"lazy\" decoding=\"async\" data-attachment-id=\"188778\" data-orig-file=\"https:\/\/thedriven.io\/wp-content\/uploads\/2025\/06\/Tesla-France-autopilot-2.jpg\" data-orig-size=\"1280,560\" data-comments-opened=\"1\" data-image-meta=\"{&quot;aperture&quot;:&quot;0&quot;,&quot;credit&quot;:&quot;&quot;,&quot;camera&quot;:&quot;&quot;,&quot;caption&quot;:&quot;&quot;,&quot;created_timestamp&quot;:&quot;0&quot;,&quot;copyright&quot;:&quot;&quot;,&quot;focal_length&quot;:&quot;0&quot;,&quot;iso&quot;:&quot;0&quot;,&quot;shutter_speed&quot;:&quot;0&quot;,&quot;title&quot;:&quot;&quot;,&quot;orientation&quot;:&quot;0&quot;}\" data-image-title=\"\u201eTesla France Autopilot-2\u201c\" data-image-description=\"\" data-medium-file=\"https:\/\/thedriven.io\/wp-content\/uploads\/2025\/06\/Tesla-France-autopilot-2-388x170.jpg\" data-large-file=\"https:\/\/thedriven.io\/wp-content\/uploads\/2025\/06\/Tesla-France-autopilot-2-1160x508.jpg\" src=\"https:\/\/i0.wp.com\/thedriven.io\/wp-content\/uploads\/2025\/06\/Tesla-France-autopilot-2.jpg?w=531&amp;h=232&amp;ssl=1\" srcset=\"https:\/\/thedriven.io\/wp-content\/uploads\/2025\/06\/Tesla-France-autopilot-2.jpg 1280w, https:\/\/thedriven.io\/wp-content\/uploads\/2025\/06\/Tesla-France-autopilot-2-388x170.jpg 388w, https:\/\/thedriven.io\/wp-content\/uploads\/2025\/06\/Tesla-France-autopilot-2-1160x508.jpg 1160w, https:\/\/thedriven.io\/wp-content\/uploads\/2025\/06\/Tesla-France-autopilot-2-800x350.jpg 800w, https:\/\/thedriven.io\/wp-content\/uploads\/2025\/06\/Tesla-France-autopilot-2-120x53.jpg 120w, https:\/\/thedriven.io\/wp-content\/uploads\/2025\/06\/Tesla-France-autopilot-2-90x39.jpg 90w, https:\/\/thedriven.io\/wp-content\/uploads\/2025\/06\/Tesla-France-autopilot-2-320x140.jpg 320w, https:\/\/thedriven.io\/wp-content\/uploads\/2025\/06\/Tesla-France-autopilot-2-560x245.jpg 560w, https:\/\/thedriven.io\/wp-content\/uploads\/2025\/06\/Tesla-France-autopilot-2-150x66.jpg 150w, https:\/\/thedriven.io\/wp-content\/uploads\/2025\/06\/Tesla-France-autopilot-2-240x105.jpg 240w, https:\/\/thedriven.io\/wp-content\/uploads\/2025\/06\/Tesla-France-autopilot-2-180x79.jpg 180w, https:\/\/thedriven.io\/wp-content\/uploads\/2025\/06\/Tesla-France-autopilot-2-640x280.jpg 640w, https:\/\/thedriven.io\/wp-content\/uploads\/2025\/06\/Tesla-France-autopilot-2-1120x490.jpg 1120w, https:\/\/thedriven.io\/wp-content\/uploads\/2025\/06\/Tesla-France-autopilot-2-300x131.jpg 300w\" width=\"531\" height=\"232\" data-original-width=\"531\" data-original-height=\"232\" itemprop=\"http:\/\/schema.org\/image\" title = \"\u201e Tesla France Autopilot-2 \"Alt =\" Tesla France Autopilot-2\" style=\"--smush-placeholder-width: 531px; --smush-placeholder-aspect-ratio: 531\/232;width: 531px; height: 232px;\" class=\"lazyload\"\/>  <\/div>\n<\/p><\/div>\n<p> <!-- close group --> <\/div>\n<p> <!-- close row --> <\/div>\n<p>Ra\u0161ydamas ir patvirtintas anks\u010diau datuot\u0173 svetain\u0117s iteracij\u0173, puslapyje kelis kartus nurodoma \u201econsacit\u00e9 de conduite Enti\u00e8rement Autonome\u201c, kuris angl\u0173 kalba i\u0161ver\u010dia \u012f \u201evisi\u0161kai autonomin\u0119 vairavimo galimybes\u201c arba \u201evisi\u0161kai savaranki\u0161ko vairavimo galimybes\u201c, atsi\u017evelgiant \u012f kontekst\u0105.<\/p>\n<p>Nors palaikymo puslapyje taip pat paai\u0161kinta, kad visos trys vairuotojo pagalbos technologijos, autopilotas, patobulintas autopilotas ir visi\u0161kos savaranki\u0161ko vairavimo galimyb\u0117s, \u201eyra skirtos naudoti persp\u0117jimo vairuotojui, kurio rankos yra ant vairo ir kurie yra pasireng\u0119 bet kuriuo metu valdyti transporto priemon\u0119\u201c, ji taip pat prideda, kad \u201ejie \u0161iuo metu nepadaro transporto priemon\u0117s autonomin\u0117s\u201c.<\/p>\n<p>Atrodo, kad \u201eTesla\u201c dar neatsak\u0117 \u012f \u017einiasklaidos pra\u0161ymus komentuoti u\u017esakym\u0105, ta\u010diau atsi\u017evelgiant \u012f CCRF pabr\u0117\u017et\u0173 klausim\u0173 skai\u010di\u0173, bendrov\u0117 prie\u0161 tai turi daug darbo.<\/p>\n<p><strong>I\u0161samus CCRF tyrimo nustatyt\u0173 klausim\u0173 s\u0105ra\u0161as:<\/strong><\/p>\n<ul>\n<li>Pardavimo sutartys be datos ar termino ar transporto priemon\u0117s pristatymo vietos ir neminimos mok\u0117jimo u\u017e kredit\u0105<\/li>\n<li>Mok\u0117jimai, reikalaujami iki panaikinimo laikotarpio pabaigos<\/li>\n<li>Ne\u012fmanoma gauti kvito, jei b\u016bt\u0173 galima i\u0161 dalies sumok\u0117ti grynaisiais<\/li>\n<li>Apgaulinga rinkodaros praktika, susijusi<\/li>\n<li>Neatmesdami u\u017e u\u017esakym\u0173, kuriems vartotojai pasinaudojo savo pasitraukimo teise, laiko apribojimus<\/li>\n<li>I\u0161ankstin\u0117s informacijos apie pristatymo b\u016bdus, ypa\u010d jos viet\u0105, tr\u016bksta<\/li>\n<\/ul>\n<div class=\"saboxplugin-wrap\" itemtype=\"http:\/\/schema.org\/Person\" itemscope=\"\" itemprop=\"author\">\n<div class=\"saboxplugin-tab\">\n<div class=\"saboxplugin-gravatar\"><img decoding=\"async\" alt=\"Joshua S. Hill\" class=\"avatar avatar-100 photo native-lazyload-js-fallback\" height=\"100\" width=\"100\" itemprop=\"image\" loading=\"lazy\" src=\"https:\/\/secure.gravatar.com\/avatar\/674502fafd2221f0fc2baf7da1435a7980e9492ea0657bfcd546273621f39689?s=100&amp;d=mm&amp;r=g\" srcset=\"https:\/\/secure.gravatar.com\/avatar\/674502fafd2221f0fc2baf7da1435a7980e9492ea0657bfcd546273621f39689?s=200&amp;d=mm&amp;r=g 2x\"\/><img decoding=\"async\" loading=\"lazy\" alt=\"Joshua S. Hill\" src=\"https:\/\/secure.gravatar.com\/avatar\/674502fafd2221f0fc2baf7da1435a7980e9492ea0657bfcd546273621f39689?s=100&amp;d=mm&amp;r=g\" srcset=\"https:\/\/secure.gravatar.com\/avatar\/674502fafd2221f0fc2baf7da1435a7980e9492ea0657bfcd546273621f39689?s=200&amp;d=mm&amp;r=g 2x\" class=\"avatar avatar-100 photo\" height=\"100\" width=\"100\" itemprop=\"image\"\/><\/div>\n<div class=\"saboxplugin-desc\">\n<div itemprop=\"description\">\n<p>Joshua S. Hill yra Melburno \u017eurnalistas, daugiau nei 15 met\u0173 ra\u0161antis apie klimato poky\u010dius, \u0161varias technologijas ir elektrines transporto priemones. Jis prane\u0161a apie elektrines transporto priemones ir \u0161varias atnaujinimo ekonomikos ir varomosios technologijas nuo 2012 m. Jo pageidaujamas transporto b\u016bdas yra jo kojos.<\/p>\n<\/div>\n<\/div>\n<\/div>\n<\/div>\n<p><!-- AI CONTENT END 1 --><\/p><\/div>\n<p><br \/>\n<br \/><a href=\"https:\/\/thedriven.io\/2025\/06\/30\/tesla-ordered-to-cease-deceptive-commercial-practices-over-autopilot-in-france\/\">Source link <\/a><\/p>\n","protected":false},"excerpt":{"rendered":"<p>Pranc\u016bzijos vyriausyb\u0117 \u012fsak\u0117 vietinei Amerikos elektrini\u0173 transporto priemoni\u0173 (EV) mil\u017eini\u0161kos \u201eTesla\u201c rankoms \u201enutraukti savo apgauling\u0105 komercin\u0119 praktik\u0105\u201c per keturis m\u0117nesius&hellip;<\/p>\n","protected":false},"author":1,"featured_media":1358,"comment_status":"open","ping_status":"open","sticky":false,"template":"","format":"standard","meta":{"om_disable_all_campaigns":false,"_monsterinsights_skip_tracking":false,"_monsterinsights_sitenote_active":false,"_monsterinsights_sitenote_note":"","_monsterinsights_sitenote_category":0,"footnotes":""},"categories":[39],"tags":[2720,2723,2721,2718,2719,2722,2214,14],"class_list":["post-1357","post","type-post","status-publish","format-standard","has-post-thumbnail","hentry","category-eautomobiliu-technine-puse","tag-apgaulinga","tag-autopilota","tag-komercine","tag-liepe","tag-nutraukti","tag-praktika","tag-prancuzijoje","tag-tesla"],"aioseo_notices":[],"yoast_head":"<!-- This site is optimized with the Yoast SEO plugin v26.8 - https:\/\/yoast.com\/product\/yoast-seo-wordpress\/ -->\n<title>\u201eTesla\u201c liep\u0117 nutraukti \u201eapgauling\u0105 komercin\u0119 praktik\u0105\u201c per autopilot\u0105 Pranc\u016bzijoje - Eautomobiliai.lt<\/title>\n<meta name=\"robots\" content=\"index, follow, max-snippet:-1, max-image-preview:large, max-video-preview:-1\" \/>\n<link rel=\"canonical\" href=\"https:\/\/eautomobiliai.lt\/index.php\/2025\/07\/01\/tesla-liepe-nutraukti-apgaulinga-komercine-praktika-per-autopilota-prancuzijoje\/\" \/>\n<meta property=\"og:locale\" content=\"lt_LT\" \/>\n<meta property=\"og:type\" content=\"article\" \/>\n<meta property=\"og:title\" content=\"\u201eTesla\u201c liep\u0117 nutraukti \u201eapgauling\u0105 komercin\u0119 praktik\u0105\u201c per autopilot\u0105 Pranc\u016bzijoje - Eautomobiliai.lt\" \/>\n<meta property=\"og:description\" content=\"Pranc\u016bzijos vyriausyb\u0117 \u012fsak\u0117 vietinei Amerikos elektrini\u0173 transporto priemoni\u0173 (EV) mil\u017eini\u0161kos \u201eTesla\u201c rankoms \u201enutraukti savo apgauling\u0105 komercin\u0119 praktik\u0105\u201c per keturis m\u0117nesius&hellip;\" \/>\n<meta property=\"og:url\" content=\"https:\/\/eautomobiliai.lt\/index.php\/2025\/07\/01\/tesla-liepe-nutraukti-apgaulinga-komercine-praktika-per-autopilota-prancuzijoje\/\" \/>\n<meta property=\"og:site_name\" content=\"Eautomobiliai.lt\" \/>\n<meta property=\"article:published_time\" content=\"2025-07-01T01:20:18+00:00\" \/>\n<meta property=\"og:image\" content=\"https:\/\/eautomobiliai.lt\/wp-content\/uploads\/2025\/07\/\u201eTesla-liepe-nutraukti-\u201eapgaulinga-komercine-praktika-per-autopilota-Prancuzijoje.jpg\" \/>\n\t<meta property=\"og:image:width\" content=\"1160\" \/>\n\t<meta property=\"og:image:height\" content=\"653\" \/>\n\t<meta property=\"og:image:type\" content=\"image\/jpeg\" \/>\n<meta name=\"author\" content=\"admin\" \/>\n<meta name=\"twitter:card\" content=\"summary_large_image\" \/>\n<meta name=\"twitter:label1\" content=\"Written by\" \/>\n\t<meta name=\"twitter:data1\" content=\"admin\" \/>\n\t<meta name=\"twitter:label2\" content=\"Est. reading time\" \/>\n\t<meta name=\"twitter:data2\" content=\"3 minut\u0117s\" \/>\n<script type=\"application\/ld+json\" class=\"yoast-schema-graph\">{\"@context\":\"https:\/\/schema.org\",\"@graph\":[{\"@type\":\"Article\",\"@id\":\"https:\/\/eautomobiliai.lt\/index.php\/2025\/07\/01\/tesla-liepe-nutraukti-apgaulinga-komercine-praktika-per-autopilota-prancuzijoje\/#article\",\"isPartOf\":{\"@id\":\"https:\/\/eautomobiliai.lt\/index.php\/2025\/07\/01\/tesla-liepe-nutraukti-apgaulinga-komercine-praktika-per-autopilota-prancuzijoje\/\"},\"author\":{\"name\":\"admin\",\"@id\":\"https:\/\/eautomobiliai.lt\/#\/schema\/person\/ecf2a967f361217d056061f74deb92f2\"},\"headline\":\"\u201eTesla\u201c liep\u0117 nutraukti \u201eapgauling\u0105 komercin\u0119 praktik\u0105\u201c per autopilot\u0105 Pranc\u016bzijoje\",\"datePublished\":\"2025-07-01T01:20:18+00:00\",\"mainEntityOfPage\":{\"@id\":\"https:\/\/eautomobiliai.lt\/index.php\/2025\/07\/01\/tesla-liepe-nutraukti-apgaulinga-komercine-praktika-per-autopilota-prancuzijoje\/\"},\"wordCount\":529,\"commentCount\":0,\"image\":{\"@id\":\"https:\/\/eautomobiliai.lt\/index.php\/2025\/07\/01\/tesla-liepe-nutraukti-apgaulinga-komercine-praktika-per-autopilota-prancuzijoje\/#primaryimage\"},\"thumbnailUrl\":\"http:\/\/eautomobiliai.lt\/wp-content\/uploads\/2025\/07\/\u201eTesla-liepe-nutraukti-\u201eapgaulinga-komercine-praktika-per-autopilota-Prancuzijoje.jpg\",\"keywords\":[\"apgauling\u0105\",\"autopilot\u0105\",\"komercin\u0119\",\"liep\u0117\",\"nutraukti\",\"praktik\u0105\",\"Pranc\u016bzijoje\",\"Tesla\"],\"articleSection\":[\"eAUTOMOBILI\u0172 TECHNIN\u0116 PUS\u0116\"],\"inLanguage\":\"lt-LT\",\"potentialAction\":[{\"@type\":\"CommentAction\",\"name\":\"Comment\",\"target\":[\"https:\/\/eautomobiliai.lt\/index.php\/2025\/07\/01\/tesla-liepe-nutraukti-apgaulinga-komercine-praktika-per-autopilota-prancuzijoje\/#respond\"]}]},{\"@type\":\"WebPage\",\"@id\":\"https:\/\/eautomobiliai.lt\/index.php\/2025\/07\/01\/tesla-liepe-nutraukti-apgaulinga-komercine-praktika-per-autopilota-prancuzijoje\/\",\"url\":\"https:\/\/eautomobiliai.lt\/index.php\/2025\/07\/01\/tesla-liepe-nutraukti-apgaulinga-komercine-praktika-per-autopilota-prancuzijoje\/\",\"name\":\"\u201eTesla\u201c liep\u0117 nutraukti \u201eapgauling\u0105 komercin\u0119 praktik\u0105\u201c per autopilot\u0105 Pranc\u016bzijoje - Eautomobiliai.lt\",\"isPartOf\":{\"@id\":\"https:\/\/eautomobiliai.lt\/#website\"},\"primaryImageOfPage\":{\"@id\":\"https:\/\/eautomobiliai.lt\/index.php\/2025\/07\/01\/tesla-liepe-nutraukti-apgaulinga-komercine-praktika-per-autopilota-prancuzijoje\/#primaryimage\"},\"image\":{\"@id\":\"https:\/\/eautomobiliai.lt\/index.php\/2025\/07\/01\/tesla-liepe-nutraukti-apgaulinga-komercine-praktika-per-autopilota-prancuzijoje\/#primaryimage\"},\"thumbnailUrl\":\"http:\/\/eautomobiliai.lt\/wp-content\/uploads\/2025\/07\/\u201eTesla-liepe-nutraukti-\u201eapgaulinga-komercine-praktika-per-autopilota-Prancuzijoje.jpg\",\"datePublished\":\"2025-07-01T01:20:18+00:00\",\"author\":{\"@id\":\"https:\/\/eautomobiliai.lt\/#\/schema\/person\/ecf2a967f361217d056061f74deb92f2\"},\"breadcrumb\":{\"@id\":\"https:\/\/eautomobiliai.lt\/index.php\/2025\/07\/01\/tesla-liepe-nutraukti-apgaulinga-komercine-praktika-per-autopilota-prancuzijoje\/#breadcrumb\"},\"inLanguage\":\"lt-LT\",\"potentialAction\":[{\"@type\":\"ReadAction\",\"target\":[\"https:\/\/eautomobiliai.lt\/index.php\/2025\/07\/01\/tesla-liepe-nutraukti-apgaulinga-komercine-praktika-per-autopilota-prancuzijoje\/\"]}]},{\"@type\":\"ImageObject\",\"inLanguage\":\"lt-LT\",\"@id\":\"https:\/\/eautomobiliai.lt\/index.php\/2025\/07\/01\/tesla-liepe-nutraukti-apgaulinga-komercine-praktika-per-autopilota-prancuzijoje\/#primaryimage\",\"url\":\"http:\/\/eautomobiliai.lt\/wp-content\/uploads\/2025\/07\/\u201eTesla-liepe-nutraukti-\u201eapgaulinga-komercine-praktika-per-autopilota-Prancuzijoje.jpg\",\"contentUrl\":\"http:\/\/eautomobiliai.lt\/wp-content\/uploads\/2025\/07\/\u201eTesla-liepe-nutraukti-\u201eapgaulinga-komercine-praktika-per-autopilota-Prancuzijoje.jpg\",\"width\":1160,\"height\":653},{\"@type\":\"BreadcrumbList\",\"@id\":\"https:\/\/eautomobiliai.lt\/index.php\/2025\/07\/01\/tesla-liepe-nutraukti-apgaulinga-komercine-praktika-per-autopilota-prancuzijoje\/#breadcrumb\",\"itemListElement\":[{\"@type\":\"ListItem\",\"position\":1,\"name\":\"Home\",\"item\":\"https:\/\/eautomobiliai.lt\/\"},{\"@type\":\"ListItem\",\"position\":2,\"name\":\"\u201eTesla\u201c liep\u0117 nutraukti \u201eapgauling\u0105 komercin\u0119 praktik\u0105\u201c per autopilot\u0105 Pranc\u016bzijoje\"}]},{\"@type\":\"WebSite\",\"@id\":\"https:\/\/eautomobiliai.lt\/#website\",\"url\":\"https:\/\/eautomobiliai.lt\/\",\"name\":\"Eautomobiliai.lt\",\"description\":\"Elektrinis transportas, technologijos\",\"potentialAction\":[{\"@type\":\"SearchAction\",\"target\":{\"@type\":\"EntryPoint\",\"urlTemplate\":\"https:\/\/eautomobiliai.lt\/?s={search_term_string}\"},\"query-input\":{\"@type\":\"PropertyValueSpecification\",\"valueRequired\":true,\"valueName\":\"search_term_string\"}}],\"inLanguage\":\"lt-LT\"},{\"@type\":\"Person\",\"@id\":\"https:\/\/eautomobiliai.lt\/#\/schema\/person\/ecf2a967f361217d056061f74deb92f2\",\"name\":\"admin\",\"image\":{\"@type\":\"ImageObject\",\"inLanguage\":\"lt-LT\",\"@id\":\"https:\/\/eautomobiliai.lt\/#\/schema\/person\/image\/\",\"url\":\"https:\/\/secure.gravatar.com\/avatar\/6323379efae0c70c686c7905444d6bbd?s=96&d=mm&r=g\",\"contentUrl\":\"https:\/\/secure.gravatar.com\/avatar\/6323379efae0c70c686c7905444d6bbd?s=96&d=mm&r=g\",\"caption\":\"admin\"},\"sameAs\":[\"http:\/\/eautomobiliai.lt\"],\"url\":\"http:\/\/eautomobiliai.lt\/index.php\/author\/admin\/\"}]}<\/script>\n<!-- \/ Yoast SEO plugin. -->","yoast_head_json":{"title":"\u201eTesla\u201c liep\u0117 nutraukti \u201eapgauling\u0105 komercin\u0119 praktik\u0105\u201c per autopilot\u0105 Pranc\u016bzijoje - Eautomobiliai.lt","robots":{"index":"index","follow":"follow","max-snippet":"max-snippet:-1","max-image-preview":"max-image-preview:large","max-video-preview":"max-video-preview:-1"},"canonical":"https:\/\/eautomobiliai.lt\/index.php\/2025\/07\/01\/tesla-liepe-nutraukti-apgaulinga-komercine-praktika-per-autopilota-prancuzijoje\/","og_locale":"lt_LT","og_type":"article","og_title":"\u201eTesla\u201c liep\u0117 nutraukti \u201eapgauling\u0105 komercin\u0119 praktik\u0105\u201c per autopilot\u0105 Pranc\u016bzijoje - Eautomobiliai.lt","og_description":"Pranc\u016bzijos vyriausyb\u0117 \u012fsak\u0117 vietinei Amerikos elektrini\u0173 transporto priemoni\u0173 (EV) mil\u017eini\u0161kos \u201eTesla\u201c rankoms \u201enutraukti savo apgauling\u0105 komercin\u0119 praktik\u0105\u201c per keturis m\u0117nesius&hellip;","og_url":"https:\/\/eautomobiliai.lt\/index.php\/2025\/07\/01\/tesla-liepe-nutraukti-apgaulinga-komercine-praktika-per-autopilota-prancuzijoje\/","og_site_name":"Eautomobiliai.lt","article_published_time":"2025-07-01T01:20:18+00:00","og_image":[{"width":1160,"height":653,"url":"https:\/\/eautomobiliai.lt\/wp-content\/uploads\/2025\/07\/\u201eTesla-liepe-nutraukti-\u201eapgaulinga-komercine-praktika-per-autopilota-Prancuzijoje.jpg","type":"image\/jpeg"}],"author":"admin","twitter_card":"summary_large_image","twitter_misc":{"Written by":"admin","Est. reading time":"3 minut\u0117s"},"schema":{"@context":"https:\/\/schema.org","@graph":[{"@type":"Article","@id":"https:\/\/eautomobiliai.lt\/index.php\/2025\/07\/01\/tesla-liepe-nutraukti-apgaulinga-komercine-praktika-per-autopilota-prancuzijoje\/#article","isPartOf":{"@id":"https:\/\/eautomobiliai.lt\/index.php\/2025\/07\/01\/tesla-liepe-nutraukti-apgaulinga-komercine-praktika-per-autopilota-prancuzijoje\/"},"author":{"name":"admin","@id":"https:\/\/eautomobiliai.lt\/#\/schema\/person\/ecf2a967f361217d056061f74deb92f2"},"headline":"\u201eTesla\u201c liep\u0117 nutraukti \u201eapgauling\u0105 komercin\u0119 praktik\u0105\u201c per autopilot\u0105 Pranc\u016bzijoje","datePublished":"2025-07-01T01:20:18+00:00","mainEntityOfPage":{"@id":"https:\/\/eautomobiliai.lt\/index.php\/2025\/07\/01\/tesla-liepe-nutraukti-apgaulinga-komercine-praktika-per-autopilota-prancuzijoje\/"},"wordCount":529,"commentCount":0,"image":{"@id":"https:\/\/eautomobiliai.lt\/index.php\/2025\/07\/01\/tesla-liepe-nutraukti-apgaulinga-komercine-praktika-per-autopilota-prancuzijoje\/#primaryimage"},"thumbnailUrl":"http:\/\/eautomobiliai.lt\/wp-content\/uploads\/2025\/07\/\u201eTesla-liepe-nutraukti-\u201eapgaulinga-komercine-praktika-per-autopilota-Prancuzijoje.jpg","keywords":["apgauling\u0105","autopilot\u0105","komercin\u0119","liep\u0117","nutraukti","praktik\u0105","Pranc\u016bzijoje","Tesla"],"articleSection":["eAUTOMOBILI\u0172 TECHNIN\u0116 PUS\u0116"],"inLanguage":"lt-LT","potentialAction":[{"@type":"CommentAction","name":"Comment","target":["https:\/\/eautomobiliai.lt\/index.php\/2025\/07\/01\/tesla-liepe-nutraukti-apgaulinga-komercine-praktika-per-autopilota-prancuzijoje\/#respond"]}]},{"@type":"WebPage","@id":"https:\/\/eautomobiliai.lt\/index.php\/2025\/07\/01\/tesla-liepe-nutraukti-apgaulinga-komercine-praktika-per-autopilota-prancuzijoje\/","url":"https:\/\/eautomobiliai.lt\/index.php\/2025\/07\/01\/tesla-liepe-nutraukti-apgaulinga-komercine-praktika-per-autopilota-prancuzijoje\/","name":"\u201eTesla\u201c liep\u0117 nutraukti \u201eapgauling\u0105 komercin\u0119 praktik\u0105\u201c per autopilot\u0105 Pranc\u016bzijoje - Eautomobiliai.lt","isPartOf":{"@id":"https:\/\/eautomobiliai.lt\/#website"},"primaryImageOfPage":{"@id":"https:\/\/eautomobiliai.lt\/index.php\/2025\/07\/01\/tesla-liepe-nutraukti-apgaulinga-komercine-praktika-per-autopilota-prancuzijoje\/#primaryimage"},"image":{"@id":"https:\/\/eautomobiliai.lt\/index.php\/2025\/07\/01\/tesla-liepe-nutraukti-apgaulinga-komercine-praktika-per-autopilota-prancuzijoje\/#primaryimage"},"thumbnailUrl":"http:\/\/eautomobiliai.lt\/wp-content\/uploads\/2025\/07\/\u201eTesla-liepe-nutraukti-\u201eapgaulinga-komercine-praktika-per-autopilota-Prancuzijoje.jpg","datePublished":"2025-07-01T01:20:18+00:00","author":{"@id":"https:\/\/eautomobiliai.lt\/#\/schema\/person\/ecf2a967f361217d056061f74deb92f2"},"breadcrumb":{"@id":"https:\/\/eautomobiliai.lt\/index.php\/2025\/07\/01\/tesla-liepe-nutraukti-apgaulinga-komercine-praktika-per-autopilota-prancuzijoje\/#breadcrumb"},"inLanguage":"lt-LT","potentialAction":[{"@type":"ReadAction","target":["https:\/\/eautomobiliai.lt\/index.php\/2025\/07\/01\/tesla-liepe-nutraukti-apgaulinga-komercine-praktika-per-autopilota-prancuzijoje\/"]}]},{"@type":"ImageObject","inLanguage":"lt-LT","@id":"https:\/\/eautomobiliai.lt\/index.php\/2025\/07\/01\/tesla-liepe-nutraukti-apgaulinga-komercine-praktika-per-autopilota-prancuzijoje\/#primaryimage","url":"http:\/\/eautomobiliai.lt\/wp-content\/uploads\/2025\/07\/\u201eTesla-liepe-nutraukti-\u201eapgaulinga-komercine-praktika-per-autopilota-Prancuzijoje.jpg","contentUrl":"http:\/\/eautomobiliai.lt\/wp-content\/uploads\/2025\/07\/\u201eTesla-liepe-nutraukti-\u201eapgaulinga-komercine-praktika-per-autopilota-Prancuzijoje.jpg","width":1160,"height":653},{"@type":"BreadcrumbList","@id":"https:\/\/eautomobiliai.lt\/index.php\/2025\/07\/01\/tesla-liepe-nutraukti-apgaulinga-komercine-praktika-per-autopilota-prancuzijoje\/#breadcrumb","itemListElement":[{"@type":"ListItem","position":1,"name":"Home","item":"https:\/\/eautomobiliai.lt\/"},{"@type":"ListItem","position":2,"name":"\u201eTesla\u201c liep\u0117 nutraukti \u201eapgauling\u0105 komercin\u0119 praktik\u0105\u201c per autopilot\u0105 Pranc\u016bzijoje"}]},{"@type":"WebSite","@id":"https:\/\/eautomobiliai.lt\/#website","url":"https:\/\/eautomobiliai.lt\/","name":"Eautomobiliai.lt","description":"Elektrinis transportas, technologijos","potentialAction":[{"@type":"SearchAction","target":{"@type":"EntryPoint","urlTemplate":"https:\/\/eautomobiliai.lt\/?s={search_term_string}"},"query-input":{"@type":"PropertyValueSpecification","valueRequired":true,"valueName":"search_term_string"}}],"inLanguage":"lt-LT"},{"@type":"Person","@id":"https:\/\/eautomobiliai.lt\/#\/schema\/person\/ecf2a967f361217d056061f74deb92f2","name":"admin","image":{"@type":"ImageObject","inLanguage":"lt-LT","@id":"https:\/\/eautomobiliai.lt\/#\/schema\/person\/image\/","url":"https:\/\/secure.gravatar.com\/avatar\/6323379efae0c70c686c7905444d6bbd?s=96&d=mm&r=g","contentUrl":"https:\/\/secure.gravatar.com\/avatar\/6323379efae0c70c686c7905444d6bbd?s=96&d=mm&r=g","caption":"admin"},"sameAs":["http:\/\/eautomobiliai.lt"],"url":"http:\/\/eautomobiliai.lt\/index.php\/author\/admin\/"}]}},"_links":{"self":[{"href":"http:\/\/eautomobiliai.lt\/index.php\/wp-json\/wp\/v2\/posts\/1357","targetHints":{"allow":["GET"]}}],"collection":[{"href":"http:\/\/eautomobiliai.lt\/index.php\/wp-json\/wp\/v2\/posts"}],"about":[{"href":"http:\/\/eautomobiliai.lt\/index.php\/wp-json\/wp\/v2\/types\/post"}],"author":[{"embeddable":true,"href":"http:\/\/eautomobiliai.lt\/index.php\/wp-json\/wp\/v2\/users\/1"}],"replies":[{"embeddable":true,"href":"http:\/\/eautomobiliai.lt\/index.php\/wp-json\/wp\/v2\/comments?post=1357"}],"version-history":[{"count":0,"href":"http:\/\/eautomobiliai.lt\/index.php\/wp-json\/wp\/v2\/posts\/1357\/revisions"}],"wp:featuredmedia":[{"embeddable":true,"href":"http:\/\/eautomobiliai.lt\/index.php\/wp-json\/wp\/v2\/media\/1358"}],"wp:attachment":[{"href":"http:\/\/eautomobiliai.lt\/index.php\/wp-json\/wp\/v2\/media?parent=1357"}],"wp:term":[{"taxonomy":"category","embeddable":true,"href":"http:\/\/eautomobiliai.lt\/index.php\/wp-json\/wp\/v2\/categories?post=1357"},{"taxonomy":"post_tag","embeddable":true,"href":"http:\/\/eautomobiliai.lt\/index.php\/wp-json\/wp\/v2\/tags?post=1357"}],"curies":[{"name":"wp","href":"https:\/\/api.w.org\/{rel}","templated":true}]}}