{"id":1380,"date":"2025-07-03T01:26:14","date_gmt":"2025-07-03T01:26:14","guid":{"rendered":"https:\/\/eautomobiliai.lt\/index.php\/2025\/07\/03\/tesla-atsimusa-atgal-i-norvegija-ir-ispanija-nes-ev-rinka-padideja-visoje-europoje\/"},"modified":"2025-07-03T01:26:14","modified_gmt":"2025-07-03T01:26:14","slug":"tesla-atsimusa-atgal-i-norvegija-ir-ispanija-nes-ev-rinka-padideja-visoje-europoje","status":"publish","type":"post","link":"http:\/\/eautomobiliai.lt\/index.php\/2025\/07\/03\/tesla-atsimusa-atgal-i-norvegija-ir-ispanija-nes-ev-rinka-padideja-visoje-europoje\/","title":{"rendered":"\u201eTesla\u201c atsimu\u0161a atgal \u012f Norvegij\u0105 ir Ispanij\u0105, nes EV rinka padid\u0117ja visoje Europoje"},"content":{"rendered":"<p> <br \/>\n<\/p>\n<div id=\"\">\n<p>Elektrini\u0173 transporto priemoni\u0173 (EV) pardavimas Europoje i\u0161liko stiprus per pirmuosius \u0161e\u0161is 2025 m. M\u0117nesius, o kai kuriose \u0161alyse, tokiose kaip Norvegija ir Ispanija, \u201eTesla EVS\u201c pardavimai at\u0161oko po uol\u0117tos met\u0173 prad\u017eios.<\/p>\n<p>Liepos m\u0117n. Prad\u017eioje buvo i\u0161leisti nauji m\u0117nesiniai Europos automobili\u0173 asociacij\u0173 duomenys. Daugelis taip pat naudoja laik\u0105, kad atskleist\u0173 didesnes pirmosios pus\u0117s met\u0173 tendencijas.<\/p>\n<p>Vadovaujantis keliu, kaip tai dar\u0117 jau kelerius metus, yra Norvegija, kur EVS sudar\u0117 97 procentus vis\u0173 nauj\u0173 automobili\u0173 pardavim\u0173 bir\u017eelio m\u0117n., Padedant EV dal\u012f padidinti iki 93,7 proc. Per pirm\u0105j\u012f pusmet\u012f, palyginti su 84,9 proc. Tuo pa\u010diu laikotarpiu 2024 m.<\/p>\n<p>\u012edomiausia, kad Norvegija vis d\u0117lto buvo \u201eTesla\u201c sugr\u012f\u017eimas \u012f geriausiai parduodam\u0173 automobili\u0173 modeli\u0173 vir\u0161\u016bn\u0119 bir\u017eelio m\u0117n.<\/p>\n<p>Tai pad\u0117jo padidinti \u201eTesla\u201c dal\u012f nauj\u0173 automobili\u0173 pardavim\u0173 per pirm\u0105j\u012f met\u0173 pusmet\u012f iki 17,3 proc.<\/p>\n<p>\u201eTesla\u201c taip pat gr\u012f\u017eo \u012f form\u0105 Ispanijoje. Pardavimai padid\u0117jo 60,7 proc. Iki 2 632 vienet\u0173, kuriuose dominuoja atnaujinto Y modelio padid\u0117jimas, kuris padid\u0117jo 127,2 proc. Iki 1,179, o 3 modelis, kuris padid\u0117jo 31,07 proc. Iki 1 451.<\/p>\n<p>Ta\u010diau \u201eTesla\u201c nesugeb\u0117jo atkartoti tos pa\u010dios j\u0117gos visoje Europoje. \u0160vedijoje \u201eTesla\u201c registracijos bir\u017eelio m\u0117n. Suma\u017e\u0117jo 64,4 proc., Palyginti su ankstesniais metais, o tendencija atspindi Danijoje, o \u201eTesla\u201c pardavimai suma\u017e\u0117jo 61,6 proc.<\/p>\n<p>Ta\u010diau \u201eTesla\u201c pardavim\u0173 suma\u017e\u0117jimas neatspind\u0117jo viso EV sektoriaus, nes dalis elektrifikuot\u0173 transporto priemoni\u0173 sudar\u0117 65,3 proc. Vis\u0173 nauj\u0173 keleivini\u0173 automobili\u0173, parduodam\u0173 \u0160vedijoje, bir\u017eelio m\u0117n.<\/p>\n<p>Per pirmuosius \u0161e\u0161is 2025 m. M\u0117nesius BEV sudar\u0117 35,2 proc. Visos naujos automobili\u0173 rinkos \u0160vedijoje.<\/p>\n<p>Danijoje nauj\u0173 elektromobili\u0173 pardavimai per pirmuosius \u0161e\u0161is 2025 m. M\u0117nesius padid\u0117jo 47 procentais iki 57 171, o tai sudar\u0117 63,8 proc. Vis\u0173 nauj\u0173 registracij\u0173 skai\u010diaus, palyginti su 45 procentais tuo pa\u010diu laikotarpiu prie\u0161 metus.<\/p>\n<p>Bir\u017eelio m\u0117n. I\u0161 viso buvo u\u017eregistruota 12 123 BEV, 63,7 proc. Rinkos dalis &#8211; skai\u010dius, kuris padid\u0117ja dar didesnis, kai \u017ei\u016brite tik \u012f priva\u010di\u0173 nauj\u0173 automobili\u0173 pardavim\u0105, o BEV sudaro beveik 82 procentus nauj\u0173 registracij\u0173 per pirm\u0105j\u012f met\u0173 pusmet\u012f, o bir\u017eelio m\u0117n. &#8211; 86 proc.<\/p>\n<p>Portugalijoje BEV sudar\u0117 20,2 proc. Vis\u0173 nauj\u0173 automobili\u0173 pardavim\u0173 per pirm\u0105j\u012f 2025 m. Pusmet\u012f.<\/p>\n<p>Ir Italijoje bir\u017eelio m\u0117n. Parduot\u0173 BEV skai\u010dius \u0161oktel\u0117jo 117 proc., Nors \u201eTesla\u201c pardavimai suma\u017e\u0117jo 66 procentais ir pasiek\u0117 tik 1 697. Per pirmuosius \u0161e\u0161is 2025 m. M\u0117nesius \u201eTesla\u201c pardavimai siek\u0117 6 468, palyginti su 10 131 per t\u0105 pat\u012f laikotarp\u012f prie\u0161 metus, tai suma\u017e\u0117jo 36 proc.<\/p>\n<div class=\"saboxplugin-wrap\" itemtype=\"http:\/\/schema.org\/Person\" itemscope=\"\" itemprop=\"author\">\n<div class=\"saboxplugin-tab\">\n<div class=\"saboxplugin-gravatar\"><img decoding=\"async\" loading=\"lazy\" alt=\"Joshua S. Hill\" src=\"https:\/\/secure.gravatar.com\/avatar\/674502fafd2221f0fc2baf7da1435a7980e9492ea0657bfcd546273621f39689?s=100&amp;d=mm&amp;r=g\" srcset=\"https:\/\/secure.gravatar.com\/avatar\/674502fafd2221f0fc2baf7da1435a7980e9492ea0657bfcd546273621f39689?s=200&amp;d=mm&amp;r=g 2x\" class=\"avatar avatar-100 photo\" height=\"100\" width=\"100\" itemprop=\"image\"\/><\/div>\n<div class=\"saboxplugin-desc\">\n<div itemprop=\"description\">\n<p>Joshua S. Hill yra Melburno \u017eurnalistas, daugiau nei 15 met\u0173 ra\u0161antis apie klimato poky\u010dius, \u0161varias technologijas ir elektrines transporto priemones. Jis prane\u0161a apie elektrines transporto priemones ir \u0161varias atnaujinimo ekonomikos ir varomosios technologijas nuo 2012 m. Jo pageidaujamas transporto b\u016bdas yra jo kojos.<\/p>\n<\/div>\n<\/div>\n<\/div>\n<\/div>\n<p><!-- AI CONTENT END 1 --><\/p><\/div>\n<p><br \/>\n<br \/><a href=\"https:\/\/thedriven.io\/2025\/07\/02\/tesla-bounces-back-in-norway-and-spain-as-ev-market-surges-across-europe\/\">Source link <\/a><\/p>\n","protected":false},"excerpt":{"rendered":"<p>Elektrini\u0173 transporto priemoni\u0173 (EV) pardavimas Europoje i\u0161liko stiprus per pirmuosius \u0161e\u0161is 2025 m. M\u0117nesius, o kai kuriose \u0161alyse, tokiose kaip&hellip;<\/p>\n","protected":false},"author":1,"featured_media":792,"comment_status":"open","ping_status":"open","sticky":false,"template":"","format":"standard","meta":{"om_disable_all_campaigns":false,"_monsterinsights_skip_tracking":false,"_monsterinsights_sitenote_active":false,"_monsterinsights_sitenote_note":"","_monsterinsights_sitenote_category":0,"footnotes":""},"categories":[39],"tags":[596,2747,263,2749,116,2748,672,84,14,1648],"class_list":["post-1380","post","type-post","status-publish","format-standard","has-post-thumbnail","hentry","category-eautomobiliu-technine-puse","tag-atgal","tag-atsimusa","tag-europoje","tag-ispanija","tag-nes","tag-norvegija","tag-padideja","tag-rinka","tag-tesla","tag-visoje"],"aioseo_notices":[],"yoast_head":"<!-- This site is optimized with the Yoast SEO plugin v26.8 - https:\/\/yoast.com\/product\/yoast-seo-wordpress\/ -->\n<title>\u201eTesla\u201c atsimu\u0161a atgal \u012f Norvegij\u0105 ir Ispanij\u0105, nes EV rinka padid\u0117ja visoje Europoje - Eautomobiliai.lt<\/title>\n<meta name=\"robots\" content=\"index, follow, max-snippet:-1, max-image-preview:large, max-video-preview:-1\" \/>\n<link rel=\"canonical\" href=\"http:\/\/eautomobiliai.lt\/index.php\/2025\/07\/03\/tesla-atsimusa-atgal-i-norvegija-ir-ispanija-nes-ev-rinka-padideja-visoje-europoje\/\" \/>\n<meta property=\"og:locale\" content=\"lt_LT\" \/>\n<meta property=\"og:type\" content=\"article\" \/>\n<meta property=\"og:title\" content=\"\u201eTesla\u201c atsimu\u0161a atgal \u012f Norvegij\u0105 ir Ispanij\u0105, nes EV rinka padid\u0117ja visoje Europoje - Eautomobiliai.lt\" \/>\n<meta property=\"og:description\" content=\"Elektrini\u0173 transporto priemoni\u0173 (EV) pardavimas Europoje i\u0161liko stiprus per pirmuosius \u0161e\u0161is 2025 m. M\u0117nesius, o kai kuriose \u0161alyse, tokiose kaip&hellip;\" \/>\n<meta property=\"og:url\" content=\"http:\/\/eautomobiliai.lt\/index.php\/2025\/07\/03\/tesla-atsimusa-atgal-i-norvegija-ir-ispanija-nes-ev-rinka-padideja-visoje-europoje\/\" \/>\n<meta property=\"og:site_name\" content=\"Eautomobiliai.lt\" \/>\n<meta property=\"article:published_time\" content=\"2025-07-03T01:26:14+00:00\" \/>\n<meta property=\"og:image\" content=\"http:\/\/eautomobiliai.lt\/wp-content\/uploads\/2025\/05\/\u201eTesla-modelis-Y-produkcija-padidejo-iki-tukstanciu-per-savaite-Sanchajuje.jpeg\" \/>\n\t<meta property=\"og:image:width\" content=\"1500\" \/>\n\t<meta property=\"og:image:height\" content=\"1000\" \/>\n\t<meta property=\"og:image:type\" content=\"image\/jpeg\" \/>\n<meta name=\"author\" content=\"admin\" \/>\n<meta name=\"twitter:card\" content=\"summary_large_image\" \/>\n<meta name=\"twitter:label1\" content=\"Written by\" \/>\n\t<meta name=\"twitter:data1\" content=\"admin\" \/>\n\t<meta name=\"twitter:label2\" content=\"Est. reading time\" \/>\n\t<meta name=\"twitter:data2\" content=\"2 minut\u0117s\" \/>\n<script type=\"application\/ld+json\" class=\"yoast-schema-graph\">{\"@context\":\"https:\/\/schema.org\",\"@graph\":[{\"@type\":\"Article\",\"@id\":\"http:\/\/eautomobiliai.lt\/index.php\/2025\/07\/03\/tesla-atsimusa-atgal-i-norvegija-ir-ispanija-nes-ev-rinka-padideja-visoje-europoje\/#article\",\"isPartOf\":{\"@id\":\"http:\/\/eautomobiliai.lt\/index.php\/2025\/07\/03\/tesla-atsimusa-atgal-i-norvegija-ir-ispanija-nes-ev-rinka-padideja-visoje-europoje\/\"},\"author\":{\"name\":\"admin\",\"@id\":\"http:\/\/eautomobiliai.lt\/#\/schema\/person\/ecf2a967f361217d056061f74deb92f2\"},\"headline\":\"\u201eTesla\u201c atsimu\u0161a atgal \u012f Norvegij\u0105 ir Ispanij\u0105, nes EV rinka padid\u0117ja visoje Europoje\",\"datePublished\":\"2025-07-03T01:26:14+00:00\",\"mainEntityOfPage\":{\"@id\":\"http:\/\/eautomobiliai.lt\/index.php\/2025\/07\/03\/tesla-atsimusa-atgal-i-norvegija-ir-ispanija-nes-ev-rinka-padideja-visoje-europoje\/\"},\"wordCount\":454,\"commentCount\":0,\"image\":{\"@id\":\"http:\/\/eautomobiliai.lt\/index.php\/2025\/07\/03\/tesla-atsimusa-atgal-i-norvegija-ir-ispanija-nes-ev-rinka-padideja-visoje-europoje\/#primaryimage\"},\"thumbnailUrl\":\"http:\/\/eautomobiliai.lt\/wp-content\/uploads\/2025\/05\/\u201eTesla-modelis-Y-produkcija-padidejo-iki-tukstanciu-per-savaite-Sanchajuje.jpeg\",\"keywords\":[\"atgal\",\"atsimu\u0161a\",\"Europoje\",\"Ispanij\u0105\",\"nes\",\"Norvegij\u0105\",\"padid\u0117ja\",\"rink\u0105\",\"Tesla\",\"visoje\"],\"articleSection\":[\"eAUTOMOBILI\u0172 TECHNIN\u0116 PUS\u0116\"],\"inLanguage\":\"lt-LT\",\"potentialAction\":[{\"@type\":\"CommentAction\",\"name\":\"Comment\",\"target\":[\"http:\/\/eautomobiliai.lt\/index.php\/2025\/07\/03\/tesla-atsimusa-atgal-i-norvegija-ir-ispanija-nes-ev-rinka-padideja-visoje-europoje\/#respond\"]}]},{\"@type\":\"WebPage\",\"@id\":\"http:\/\/eautomobiliai.lt\/index.php\/2025\/07\/03\/tesla-atsimusa-atgal-i-norvegija-ir-ispanija-nes-ev-rinka-padideja-visoje-europoje\/\",\"url\":\"http:\/\/eautomobiliai.lt\/index.php\/2025\/07\/03\/tesla-atsimusa-atgal-i-norvegija-ir-ispanija-nes-ev-rinka-padideja-visoje-europoje\/\",\"name\":\"\u201eTesla\u201c atsimu\u0161a atgal \u012f Norvegij\u0105 ir Ispanij\u0105, nes EV rinka padid\u0117ja visoje Europoje - Eautomobiliai.lt\",\"isPartOf\":{\"@id\":\"http:\/\/eautomobiliai.lt\/#website\"},\"primaryImageOfPage\":{\"@id\":\"http:\/\/eautomobiliai.lt\/index.php\/2025\/07\/03\/tesla-atsimusa-atgal-i-norvegija-ir-ispanija-nes-ev-rinka-padideja-visoje-europoje\/#primaryimage\"},\"image\":{\"@id\":\"http:\/\/eautomobiliai.lt\/index.php\/2025\/07\/03\/tesla-atsimusa-atgal-i-norvegija-ir-ispanija-nes-ev-rinka-padideja-visoje-europoje\/#primaryimage\"},\"thumbnailUrl\":\"http:\/\/eautomobiliai.lt\/wp-content\/uploads\/2025\/05\/\u201eTesla-modelis-Y-produkcija-padidejo-iki-tukstanciu-per-savaite-Sanchajuje.jpeg\",\"datePublished\":\"2025-07-03T01:26:14+00:00\",\"author\":{\"@id\":\"http:\/\/eautomobiliai.lt\/#\/schema\/person\/ecf2a967f361217d056061f74deb92f2\"},\"breadcrumb\":{\"@id\":\"http:\/\/eautomobiliai.lt\/index.php\/2025\/07\/03\/tesla-atsimusa-atgal-i-norvegija-ir-ispanija-nes-ev-rinka-padideja-visoje-europoje\/#breadcrumb\"},\"inLanguage\":\"lt-LT\",\"potentialAction\":[{\"@type\":\"ReadAction\",\"target\":[\"http:\/\/eautomobiliai.lt\/index.php\/2025\/07\/03\/tesla-atsimusa-atgal-i-norvegija-ir-ispanija-nes-ev-rinka-padideja-visoje-europoje\/\"]}]},{\"@type\":\"ImageObject\",\"inLanguage\":\"lt-LT\",\"@id\":\"http:\/\/eautomobiliai.lt\/index.php\/2025\/07\/03\/tesla-atsimusa-atgal-i-norvegija-ir-ispanija-nes-ev-rinka-padideja-visoje-europoje\/#primaryimage\",\"url\":\"http:\/\/eautomobiliai.lt\/wp-content\/uploads\/2025\/05\/\u201eTesla-modelis-Y-produkcija-padidejo-iki-tukstanciu-per-savaite-Sanchajuje.jpeg\",\"contentUrl\":\"http:\/\/eautomobiliai.lt\/wp-content\/uploads\/2025\/05\/\u201eTesla-modelis-Y-produkcija-padidejo-iki-tukstanciu-per-savaite-Sanchajuje.jpeg\",\"width\":1500,\"height\":1000},{\"@type\":\"BreadcrumbList\",\"@id\":\"http:\/\/eautomobiliai.lt\/index.php\/2025\/07\/03\/tesla-atsimusa-atgal-i-norvegija-ir-ispanija-nes-ev-rinka-padideja-visoje-europoje\/#breadcrumb\",\"itemListElement\":[{\"@type\":\"ListItem\",\"position\":1,\"name\":\"Home\",\"item\":\"http:\/\/eautomobiliai.lt\/\"},{\"@type\":\"ListItem\",\"position\":2,\"name\":\"\u201eTesla\u201c atsimu\u0161a atgal \u012f Norvegij\u0105 ir Ispanij\u0105, nes EV rinka padid\u0117ja visoje Europoje\"}]},{\"@type\":\"WebSite\",\"@id\":\"http:\/\/eautomobiliai.lt\/#website\",\"url\":\"http:\/\/eautomobiliai.lt\/\",\"name\":\"Eautomobiliai.lt\",\"description\":\"Elektrinis transportas, technologijos\",\"potentialAction\":[{\"@type\":\"SearchAction\",\"target\":{\"@type\":\"EntryPoint\",\"urlTemplate\":\"http:\/\/eautomobiliai.lt\/?s={search_term_string}\"},\"query-input\":{\"@type\":\"PropertyValueSpecification\",\"valueRequired\":true,\"valueName\":\"search_term_string\"}}],\"inLanguage\":\"lt-LT\"},{\"@type\":\"Person\",\"@id\":\"http:\/\/eautomobiliai.lt\/#\/schema\/person\/ecf2a967f361217d056061f74deb92f2\",\"name\":\"admin\",\"image\":{\"@type\":\"ImageObject\",\"inLanguage\":\"lt-LT\",\"@id\":\"http:\/\/eautomobiliai.lt\/#\/schema\/person\/image\/\",\"url\":\"https:\/\/secure.gravatar.com\/avatar\/6323379efae0c70c686c7905444d6bbd?s=96&d=mm&r=g\",\"contentUrl\":\"https:\/\/secure.gravatar.com\/avatar\/6323379efae0c70c686c7905444d6bbd?s=96&d=mm&r=g\",\"caption\":\"admin\"},\"sameAs\":[\"http:\/\/eautomobiliai.lt\"],\"url\":\"http:\/\/eautomobiliai.lt\/index.php\/author\/admin\/\"}]}<\/script>\n<!-- \/ Yoast SEO plugin. -->","yoast_head_json":{"title":"\u201eTesla\u201c atsimu\u0161a atgal \u012f Norvegij\u0105 ir Ispanij\u0105, nes EV rinka padid\u0117ja visoje Europoje - Eautomobiliai.lt","robots":{"index":"index","follow":"follow","max-snippet":"max-snippet:-1","max-image-preview":"max-image-preview:large","max-video-preview":"max-video-preview:-1"},"canonical":"http:\/\/eautomobiliai.lt\/index.php\/2025\/07\/03\/tesla-atsimusa-atgal-i-norvegija-ir-ispanija-nes-ev-rinka-padideja-visoje-europoje\/","og_locale":"lt_LT","og_type":"article","og_title":"\u201eTesla\u201c atsimu\u0161a atgal \u012f Norvegij\u0105 ir Ispanij\u0105, nes EV rinka padid\u0117ja visoje Europoje - Eautomobiliai.lt","og_description":"Elektrini\u0173 transporto priemoni\u0173 (EV) pardavimas Europoje i\u0161liko stiprus per pirmuosius \u0161e\u0161is 2025 m. M\u0117nesius, o kai kuriose \u0161alyse, tokiose kaip&hellip;","og_url":"http:\/\/eautomobiliai.lt\/index.php\/2025\/07\/03\/tesla-atsimusa-atgal-i-norvegija-ir-ispanija-nes-ev-rinka-padideja-visoje-europoje\/","og_site_name":"Eautomobiliai.lt","article_published_time":"2025-07-03T01:26:14+00:00","og_image":[{"width":1500,"height":1000,"url":"http:\/\/eautomobiliai.lt\/wp-content\/uploads\/2025\/05\/\u201eTesla-modelis-Y-produkcija-padidejo-iki-tukstanciu-per-savaite-Sanchajuje.jpeg","type":"image\/jpeg"}],"author":"admin","twitter_card":"summary_large_image","twitter_misc":{"Written by":"admin","Est. reading time":"2 minut\u0117s"},"schema":{"@context":"https:\/\/schema.org","@graph":[{"@type":"Article","@id":"http:\/\/eautomobiliai.lt\/index.php\/2025\/07\/03\/tesla-atsimusa-atgal-i-norvegija-ir-ispanija-nes-ev-rinka-padideja-visoje-europoje\/#article","isPartOf":{"@id":"http:\/\/eautomobiliai.lt\/index.php\/2025\/07\/03\/tesla-atsimusa-atgal-i-norvegija-ir-ispanija-nes-ev-rinka-padideja-visoje-europoje\/"},"author":{"name":"admin","@id":"http:\/\/eautomobiliai.lt\/#\/schema\/person\/ecf2a967f361217d056061f74deb92f2"},"headline":"\u201eTesla\u201c atsimu\u0161a atgal \u012f Norvegij\u0105 ir Ispanij\u0105, nes EV rinka padid\u0117ja visoje Europoje","datePublished":"2025-07-03T01:26:14+00:00","mainEntityOfPage":{"@id":"http:\/\/eautomobiliai.lt\/index.php\/2025\/07\/03\/tesla-atsimusa-atgal-i-norvegija-ir-ispanija-nes-ev-rinka-padideja-visoje-europoje\/"},"wordCount":454,"commentCount":0,"image":{"@id":"http:\/\/eautomobiliai.lt\/index.php\/2025\/07\/03\/tesla-atsimusa-atgal-i-norvegija-ir-ispanija-nes-ev-rinka-padideja-visoje-europoje\/#primaryimage"},"thumbnailUrl":"http:\/\/eautomobiliai.lt\/wp-content\/uploads\/2025\/05\/\u201eTesla-modelis-Y-produkcija-padidejo-iki-tukstanciu-per-savaite-Sanchajuje.jpeg","keywords":["atgal","atsimu\u0161a","Europoje","Ispanij\u0105","nes","Norvegij\u0105","padid\u0117ja","rink\u0105","Tesla","visoje"],"articleSection":["eAUTOMOBILI\u0172 TECHNIN\u0116 PUS\u0116"],"inLanguage":"lt-LT","potentialAction":[{"@type":"CommentAction","name":"Comment","target":["http:\/\/eautomobiliai.lt\/index.php\/2025\/07\/03\/tesla-atsimusa-atgal-i-norvegija-ir-ispanija-nes-ev-rinka-padideja-visoje-europoje\/#respond"]}]},{"@type":"WebPage","@id":"http:\/\/eautomobiliai.lt\/index.php\/2025\/07\/03\/tesla-atsimusa-atgal-i-norvegija-ir-ispanija-nes-ev-rinka-padideja-visoje-europoje\/","url":"http:\/\/eautomobiliai.lt\/index.php\/2025\/07\/03\/tesla-atsimusa-atgal-i-norvegija-ir-ispanija-nes-ev-rinka-padideja-visoje-europoje\/","name":"\u201eTesla\u201c atsimu\u0161a atgal \u012f Norvegij\u0105 ir Ispanij\u0105, nes EV rinka padid\u0117ja visoje Europoje - Eautomobiliai.lt","isPartOf":{"@id":"http:\/\/eautomobiliai.lt\/#website"},"primaryImageOfPage":{"@id":"http:\/\/eautomobiliai.lt\/index.php\/2025\/07\/03\/tesla-atsimusa-atgal-i-norvegija-ir-ispanija-nes-ev-rinka-padideja-visoje-europoje\/#primaryimage"},"image":{"@id":"http:\/\/eautomobiliai.lt\/index.php\/2025\/07\/03\/tesla-atsimusa-atgal-i-norvegija-ir-ispanija-nes-ev-rinka-padideja-visoje-europoje\/#primaryimage"},"thumbnailUrl":"http:\/\/eautomobiliai.lt\/wp-content\/uploads\/2025\/05\/\u201eTesla-modelis-Y-produkcija-padidejo-iki-tukstanciu-per-savaite-Sanchajuje.jpeg","datePublished":"2025-07-03T01:26:14+00:00","author":{"@id":"http:\/\/eautomobiliai.lt\/#\/schema\/person\/ecf2a967f361217d056061f74deb92f2"},"breadcrumb":{"@id":"http:\/\/eautomobiliai.lt\/index.php\/2025\/07\/03\/tesla-atsimusa-atgal-i-norvegija-ir-ispanija-nes-ev-rinka-padideja-visoje-europoje\/#breadcrumb"},"inLanguage":"lt-LT","potentialAction":[{"@type":"ReadAction","target":["http:\/\/eautomobiliai.lt\/index.php\/2025\/07\/03\/tesla-atsimusa-atgal-i-norvegija-ir-ispanija-nes-ev-rinka-padideja-visoje-europoje\/"]}]},{"@type":"ImageObject","inLanguage":"lt-LT","@id":"http:\/\/eautomobiliai.lt\/index.php\/2025\/07\/03\/tesla-atsimusa-atgal-i-norvegija-ir-ispanija-nes-ev-rinka-padideja-visoje-europoje\/#primaryimage","url":"http:\/\/eautomobiliai.lt\/wp-content\/uploads\/2025\/05\/\u201eTesla-modelis-Y-produkcija-padidejo-iki-tukstanciu-per-savaite-Sanchajuje.jpeg","contentUrl":"http:\/\/eautomobiliai.lt\/wp-content\/uploads\/2025\/05\/\u201eTesla-modelis-Y-produkcija-padidejo-iki-tukstanciu-per-savaite-Sanchajuje.jpeg","width":1500,"height":1000},{"@type":"BreadcrumbList","@id":"http:\/\/eautomobiliai.lt\/index.php\/2025\/07\/03\/tesla-atsimusa-atgal-i-norvegija-ir-ispanija-nes-ev-rinka-padideja-visoje-europoje\/#breadcrumb","itemListElement":[{"@type":"ListItem","position":1,"name":"Home","item":"http:\/\/eautomobiliai.lt\/"},{"@type":"ListItem","position":2,"name":"\u201eTesla\u201c atsimu\u0161a atgal \u012f Norvegij\u0105 ir Ispanij\u0105, nes EV rinka padid\u0117ja visoje Europoje"}]},{"@type":"WebSite","@id":"http:\/\/eautomobiliai.lt\/#website","url":"http:\/\/eautomobiliai.lt\/","name":"Eautomobiliai.lt","description":"Elektrinis transportas, technologijos","potentialAction":[{"@type":"SearchAction","target":{"@type":"EntryPoint","urlTemplate":"http:\/\/eautomobiliai.lt\/?s={search_term_string}"},"query-input":{"@type":"PropertyValueSpecification","valueRequired":true,"valueName":"search_term_string"}}],"inLanguage":"lt-LT"},{"@type":"Person","@id":"http:\/\/eautomobiliai.lt\/#\/schema\/person\/ecf2a967f361217d056061f74deb92f2","name":"admin","image":{"@type":"ImageObject","inLanguage":"lt-LT","@id":"http:\/\/eautomobiliai.lt\/#\/schema\/person\/image\/","url":"https:\/\/secure.gravatar.com\/avatar\/6323379efae0c70c686c7905444d6bbd?s=96&d=mm&r=g","contentUrl":"https:\/\/secure.gravatar.com\/avatar\/6323379efae0c70c686c7905444d6bbd?s=96&d=mm&r=g","caption":"admin"},"sameAs":["http:\/\/eautomobiliai.lt"],"url":"http:\/\/eautomobiliai.lt\/index.php\/author\/admin\/"}]}},"_links":{"self":[{"href":"http:\/\/eautomobiliai.lt\/index.php\/wp-json\/wp\/v2\/posts\/1380","targetHints":{"allow":["GET"]}}],"collection":[{"href":"http:\/\/eautomobiliai.lt\/index.php\/wp-json\/wp\/v2\/posts"}],"about":[{"href":"http:\/\/eautomobiliai.lt\/index.php\/wp-json\/wp\/v2\/types\/post"}],"author":[{"embeddable":true,"href":"http:\/\/eautomobiliai.lt\/index.php\/wp-json\/wp\/v2\/users\/1"}],"replies":[{"embeddable":true,"href":"http:\/\/eautomobiliai.lt\/index.php\/wp-json\/wp\/v2\/comments?post=1380"}],"version-history":[{"count":0,"href":"http:\/\/eautomobiliai.lt\/index.php\/wp-json\/wp\/v2\/posts\/1380\/revisions"}],"wp:featuredmedia":[{"embeddable":true,"href":"http:\/\/eautomobiliai.lt\/index.php\/wp-json\/wp\/v2\/media\/792"}],"wp:attachment":[{"href":"http:\/\/eautomobiliai.lt\/index.php\/wp-json\/wp\/v2\/media?parent=1380"}],"wp:term":[{"taxonomy":"category","embeddable":true,"href":"http:\/\/eautomobiliai.lt\/index.php\/wp-json\/wp\/v2\/categories?post=1380"},{"taxonomy":"post_tag","embeddable":true,"href":"http:\/\/eautomobiliai.lt\/index.php\/wp-json\/wp\/v2\/tags?post=1380"}],"curies":[{"name":"wp","href":"https:\/\/api.w.org\/{rel}","templated":true}]}}