{"id":1385,"date":"2025-07-03T13:12:58","date_gmt":"2025-07-03T13:12:58","guid":{"rendered":"http:\/\/eautomobiliai.lt\/index.php\/2025\/07\/03\/tesla-optimus-yra-saudyklose-kaip-programos-isejimu-vadovas-gamyba-atideta\/"},"modified":"2025-07-03T13:12:58","modified_gmt":"2025-07-03T13:12:58","slug":"tesla-optimus-yra-saudyklose-kaip-programos-isejimu-vadovas-gamyba-atideta","status":"publish","type":"post","link":"http:\/\/eautomobiliai.lt\/index.php\/2025\/07\/03\/tesla-optimus-yra-saudyklose-kaip-programos-isejimu-vadovas-gamyba-atideta\/","title":{"rendered":"\u201eTesla Optimus\u201c yra \u0161audyklose kaip programos i\u0161\u0117jim\u0173 vadovas, gamyba atid\u0117ta"},"content":{"rendered":"<p> <br \/>\n<\/p>\n<div>\n<figure class=\"img-border featured-image\">\n\t<\/figure>\n<p>Prane\u0161ama, kad \u201eTesla\u201c humanoidinio roboto programa \u201eOptimus\u201c yra netvarkinga, kai pasitrauk\u0117 vyresnysis viceprezidentas Milanas Kovacas.<\/p>\n<p>Gamyba buvo atid\u0117ta d\u0117l naujo pertvarkymo, nes robotas dar turi b\u016bti naudingas \u201eTesla\u201c gamyklose.<\/p>\n<p><span id=\"more-423276\"\/><\/p>\n<p>Elonas Muskas \u0161iais metais i\u0161k\u0117l\u0117 tiksl\u0105 \u201eTesla\u201c pagaminti nuo 5000 iki 10 000 \u201eOptimus Humanoid\u201c robot\u0173.<\/p>\n<p>Prane\u0161ama, kad tikslas buvo atid\u0117tas, nes \u0161altiniai Kinijos tiekimo grandin\u0117s ataskaitoje \u201eTesla\u201c informavo tiek\u0117jus apie 2 m\u0117nesi\u0173 \u012fsakym\u0173 sustabdym\u0105.<\/p>\n<p>\t<span class=\"outbrain-ad-label\">Skelbimas &#8211; slinkite daugiau turinio<\/span><\/p>\n<p><span style=\"margin: 0px; padding: 0px;\">AI Invest pirm\u0105 kart\u0105 prane\u0161\u0117 apie naujienas<\/span>o v\u0117liau informacija patvirtino ataskait\u0105:<\/p>\n<blockquote class=\"wp-block-quote is-layout-flow wp-block-quote-is-layout-flow\">\n<p>Du tiek\u0117j\u0173 \u0161altiniai teig\u0117, kad \u201eTesla\u201c ai\u0161kiai nenurod\u0117, kad ji suma\u017eins robot\u0173 dali\u0173 u\u017esakymus, ta\u010diau lauks, kol bus baigti \u201eOptimus\u201c projektavimo pakeitimai, prie\u0161 baigdami nauj\u0105 masin\u0117s gamybos plan\u0105 ir atnaujindamas pirkimus. Koregavimai gali u\u017etrukti du m\u0117nesius. Neseniai Socialin\u0117je \u017einiasklaidoje Muskas teig\u0117, kad naujoje \u201eOptimus\u201c versijoje buvo pastebimi \u017eymiai patobulinimai, palyginti su antros kartos \u201eOptimus\u201c, atidengta 2023 m., Ir dabar apima \u201eGrok\u201c maitinam\u0105 balso s\u0105veik\u0105.<\/p>\n<\/blockquote>\n<p>\u017dinios pasirod\u0117 po to, kai su\u017einojome, kad pra\u0117jus\u012f m\u0117nes\u012f \u201eOptimus\u201c programos vadovas Milanas Kovacas paliko \u201eTesla\u201c, pra\u0117jus vos m\u0117nesiams po to, kai Muskas buvo paauk\u0161tintas vyresniuoju viceprezidentu.<\/p>\n<p>Nauji prane\u0161imai patvirtina, kad Ashokas Elluswamy, kuris buvo pakeltas \u012f vyresn\u012fj\u012f viceprezident\u0105, atsaking\u0105 u\u017e savaranki\u0161k\u0105 vairavim\u0105 tuo pa\u010diu metu kaip ir \u201eKovac\u201c, perima atsakomyb\u0119.<\/p>\n<p>\u201eAI Invest\u201c prane\u0161\u0117 apie tam tikr\u0105 \u201eTesla\u201c susir\u016bpinim\u0105 d\u0117l \u201eOptimus\u201c, kurie, kaip prane\u0161ama, buvo patenkinti Kinijos tiek\u0117jais:<\/p>\n<blockquote class=\"wp-block-quote is-layout-flow wp-block-quote-is-layout-flow\">\n<p>Remiantis \u201eTesla\u201c atsiliepimais tiek\u0117jams, \u201eOptimus\u201c vis dar susiduria su aparatin\u0117s \u012frangos i\u0161\u0161\u016bkiais, \u012fskaitant kai kuri\u0173 jungtini\u0173 varikli\u0173 perkaitim\u0105, ma\u017eos apkrovos talp\u0105 i\u0161tek\u0117t\u0173 rankose, trump\u0105 perdavimo komponent\u0173 gyvenimo trukm\u0119 ir ribot\u0105 akumuliatoriaus veikimo laik\u0105. \u0160iuo metu \u201eTesla\u201c vertina pavyzd\u017eius i\u0161 daugyb\u0117s \u201eDexterous Hand\u201c tiek\u0117j\u0173, i\u0161bandydamas bent tris skirtingus techninius metodus. Kalbant apie programin\u0117s \u012frangos pus\u0119, \u201eTesla\u201c gali naudoti daugiau sintetini\u0173 duomen\u0173 roboto modelio treniruot\u0117ms mokyti, pagerindama \u201eOptimus\u201c autonomines veikimo galimybes ir s\u0117km\u0117s procent\u0105 atliekant sud\u0117tingas u\u017eduotis.<\/p>\n<\/blockquote>\n<p>Remiantis ataskaita, \u201eTesla\u201c u\u017esitikrino dalis, kad \u0161iais metais b\u016bt\u0173 pastatyta daugiau nei 1000 \u201eOptimus\u201c robot\u0173 ir pastat\u0117 nema\u017eai, ta\u010diau \u0161iuo metu jos yra naudojamos tik \u201ebaterijoms perkelti \u012f\u201e Tesla \u201cakumuliatori\u0173 dirbtuves, kuri\u0173 efektyvumas yra ma\u017eesnis nei pus\u0117 \u017emoni\u0173 darbuotoj\u0173\u201c.<\/p>\n<p>Tikimasi, kad pertvarkymas atid\u0117s planus ma\u017eiausiai dviem m\u0117nesiais ir gal\u0117s pastumti daugel\u012f \u201eTesla\u201c tiksl\u0173.<\/p>\n<p>Ta\u010diau tikimasi, kad \u201eTesla\u201c vis dar jud\u0117s \u012f priek\u012f su \u201ePRGroam\u201c ir grei\u010diausiai \u0161iais metais atidengs naujos kartos \u201eOptimus\u201c robotus \u0161iais metais.<\/p>\n<h2 class=\"wp-block-heading\" id=\"h-electrek-s-take\">\u201eElectrek&#8217;s Take\u201c<\/h2>\n<p>Kaip jau sakiau anks\u010diau, a\u0161 i\u0161 tikr\u0173j\u0173 esu gana pakviestas \u012f humanoidinius robotus, ta\u010diau nemanau, kad jie bus beveik tokie pat dideli, kaip teigia Muskusas, ir a\u0161 tiesiog nematau, kad \u201eTesla\u201c turi didel\u012f prana\u0161um\u0105 prie\u0161 konkurencij\u0105, o tai yra reik\u0161minga.<\/p>\n<p>Tokios kompanijos kaip \u201eUnitree\u201c jau parduoda robotus, \u201eFig\u201c padar\u0117 \u012fsp\u016bding\u0105 pa\u017eang\u0105 ir i\u0161 \u201eTesla\u201c u\u017eklupo, tada yra Bostono \u201eDynamics\u201c ir dar de\u0161imtys.<\/p>\n<p>Manoma, kad \u201eKovac\u201c i\u0161einant tik tada, kai \u201eTesla\u201c tur\u0117t\u0173 padidinti gamyb\u0105 iki 50 000 vienet\u0173 \u0161alia, ir paversti tai \u201ekeli\u0173 trilijon\u0173 doleri\u0173 vert\u0117s\u201c produktu yra raudona v\u0117liava. In\u017einierius tikrai b\u016bt\u0173 gav\u0119s sald\u017ei\u0173 atsarg\u0173 pasirinkimo paket\u0173, kai jis b\u016bt\u0173 pakil\u0119s \u012f SVP ir grei\u010diausiai b\u016bt\u0173 padar\u0119s likim\u0105, jei jam b\u016bt\u0173 gal\u0117j\u0119s \u012fgyvendinti Musko tikslus.<\/p>\n<p>Bet a\u0161 manau, kad tikrasis \u201eTesla\u201c produktas yra akcijos, tod\u0117l jie, kaip prane\u0161ama, planuoja atidengti naujos kartos robot\u0105 akcinink\u0173 susirinkime ir leisti j\u012f atlikti dar vien\u0105 \u0161e\u0161\u0117lin\u0119 demonstracij\u0105, kaip tai dar\u0117 renginyje \u201eMes, robotas\u201c, kuriame robotai nuotoliniu b\u016bdu kontroliavo \u017emones. <\/p>\n<div class=\"ad-disclaimer-container\">\n<p class=\"disclaimer-affiliate\"><em>FPK: Mes naudojame pajamas gaunan\u010dias automatinio filialo nuorodas.<\/em> Daugiau.<\/p>\n<p><!-- post ad --><\/div>\n<\/p><\/div>\n<p><br \/>\n<br \/><a href=\"https:\/\/electrek.co\/2025\/07\/03\/tesla-optimus-shambles-head-of-program-exits-production-delayed\/\">Source link <\/a><\/p>\n","protected":false},"excerpt":{"rendered":"<p>Prane\u0161ama, kad \u201eTesla\u201c humanoidinio roboto programa \u201eOptimus\u201c yra netvarkinga, kai pasitrauk\u0117 vyresnysis viceprezidentas Milanas Kovacas. Gamyba buvo atid\u0117ta d\u0117l naujo&hellip;<\/p>\n","protected":false},"author":1,"featured_media":1386,"comment_status":"open","ping_status":"open","sticky":false,"template":"","format":"standard","meta":{"om_disable_all_campaigns":false,"_monsterinsights_skip_tracking":false,"_monsterinsights_sitenote_active":false,"_monsterinsights_sitenote_note":"","_monsterinsights_sitenote_category":0,"footnotes":""},"categories":[8],"tags":[2758,784,2757,42,2289,2473,2756,14,417,49],"class_list":["post-1385","post","type-post","status-publish","format-standard","has-post-thumbnail","hentry","category-elektriniai-automobiliai","tag-atideta","tag-gamyba","tag-isejimu","tag-kaip","tag-optimus","tag-programos","tag-saudyklose","tag-tesla","tag-vadovas","tag-yra"],"aioseo_notices":[],"yoast_head":"<!-- This site is optimized with the Yoast SEO plugin v26.8 - https:\/\/yoast.com\/product\/yoast-seo-wordpress\/ -->\n<title>\u201eTesla Optimus\u201c yra \u0161audyklose kaip programos i\u0161\u0117jim\u0173 vadovas, gamyba atid\u0117ta - Eautomobiliai.lt<\/title>\n<meta name=\"robots\" content=\"index, follow, max-snippet:-1, max-image-preview:large, max-video-preview:-1\" \/>\n<link rel=\"canonical\" href=\"http:\/\/eautomobiliai.lt\/index.php\/2025\/07\/03\/tesla-optimus-yra-saudyklose-kaip-programos-isejimu-vadovas-gamyba-atideta\/\" \/>\n<meta property=\"og:locale\" content=\"lt_LT\" \/>\n<meta property=\"og:type\" content=\"article\" \/>\n<meta property=\"og:title\" content=\"\u201eTesla Optimus\u201c yra \u0161audyklose kaip programos i\u0161\u0117jim\u0173 vadovas, gamyba atid\u0117ta - Eautomobiliai.lt\" \/>\n<meta property=\"og:description\" content=\"Prane\u0161ama, kad \u201eTesla\u201c humanoidinio roboto programa \u201eOptimus\u201c yra netvarkinga, kai pasitrauk\u0117 vyresnysis viceprezidentas Milanas Kovacas. Gamyba buvo atid\u0117ta d\u0117l naujo&hellip;\" \/>\n<meta property=\"og:url\" content=\"http:\/\/eautomobiliai.lt\/index.php\/2025\/07\/03\/tesla-optimus-yra-saudyklose-kaip-programos-isejimu-vadovas-gamyba-atideta\/\" \/>\n<meta property=\"og:site_name\" content=\"Eautomobiliai.lt\" \/>\n<meta property=\"article:published_time\" content=\"2025-07-03T13:12:58+00:00\" \/>\n<meta property=\"og:image\" content=\"http:\/\/eautomobiliai.lt\/wp-content\/uploads\/2025\/07\/\u201eTesla-Optimus-yra-saudyklose-kaip-programos-isejimu-vadovas-gamyba-atideta.webp.jpeg\" \/>\n\t<meta property=\"og:image:width\" content=\"1200\" \/>\n\t<meta property=\"og:image:height\" content=\"628\" \/>\n\t<meta property=\"og:image:type\" content=\"image\/jpeg\" \/>\n<meta name=\"author\" content=\"admin\" \/>\n<meta name=\"twitter:card\" content=\"summary_large_image\" \/>\n<meta name=\"twitter:label1\" content=\"Written by\" \/>\n\t<meta name=\"twitter:data1\" content=\"admin\" \/>\n\t<meta name=\"twitter:label2\" content=\"Est. reading time\" \/>\n\t<meta name=\"twitter:data2\" content=\"3 minut\u0117s\" \/>\n<script type=\"application\/ld+json\" class=\"yoast-schema-graph\">{\"@context\":\"https:\/\/schema.org\",\"@graph\":[{\"@type\":\"Article\",\"@id\":\"http:\/\/eautomobiliai.lt\/index.php\/2025\/07\/03\/tesla-optimus-yra-saudyklose-kaip-programos-isejimu-vadovas-gamyba-atideta\/#article\",\"isPartOf\":{\"@id\":\"http:\/\/eautomobiliai.lt\/index.php\/2025\/07\/03\/tesla-optimus-yra-saudyklose-kaip-programos-isejimu-vadovas-gamyba-atideta\/\"},\"author\":{\"name\":\"admin\",\"@id\":\"http:\/\/eautomobiliai.lt\/#\/schema\/person\/ecf2a967f361217d056061f74deb92f2\"},\"headline\":\"\u201eTesla Optimus\u201c yra \u0161audyklose kaip programos i\u0161\u0117jim\u0173 vadovas, gamyba atid\u0117ta\",\"datePublished\":\"2025-07-03T13:12:58+00:00\",\"mainEntityOfPage\":{\"@id\":\"http:\/\/eautomobiliai.lt\/index.php\/2025\/07\/03\/tesla-optimus-yra-saudyklose-kaip-programos-isejimu-vadovas-gamyba-atideta\/\"},\"wordCount\":626,\"commentCount\":0,\"image\":{\"@id\":\"http:\/\/eautomobiliai.lt\/index.php\/2025\/07\/03\/tesla-optimus-yra-saudyklose-kaip-programos-isejimu-vadovas-gamyba-atideta\/#primaryimage\"},\"thumbnailUrl\":\"http:\/\/eautomobiliai.lt\/wp-content\/uploads\/2025\/07\/\u201eTesla-Optimus-yra-saudyklose-kaip-programos-isejimu-vadovas-gamyba-atideta.webp.jpeg\",\"keywords\":[\"atid\u0117ta\",\"gamyb\u0105\",\"i\u0161\u0117jim\u0173\",\"kaip\",\"Optimus\",\"programos\",\"\u0161audyklose\",\"Tesla\",\"vadovas\",\"yra\"],\"articleSection\":[\"ELEKTRINIAI AUTOMOBILIAI\"],\"inLanguage\":\"lt-LT\",\"potentialAction\":[{\"@type\":\"CommentAction\",\"name\":\"Comment\",\"target\":[\"http:\/\/eautomobiliai.lt\/index.php\/2025\/07\/03\/tesla-optimus-yra-saudyklose-kaip-programos-isejimu-vadovas-gamyba-atideta\/#respond\"]}]},{\"@type\":\"WebPage\",\"@id\":\"http:\/\/eautomobiliai.lt\/index.php\/2025\/07\/03\/tesla-optimus-yra-saudyklose-kaip-programos-isejimu-vadovas-gamyba-atideta\/\",\"url\":\"http:\/\/eautomobiliai.lt\/index.php\/2025\/07\/03\/tesla-optimus-yra-saudyklose-kaip-programos-isejimu-vadovas-gamyba-atideta\/\",\"name\":\"\u201eTesla Optimus\u201c yra \u0161audyklose kaip programos i\u0161\u0117jim\u0173 vadovas, gamyba atid\u0117ta - Eautomobiliai.lt\",\"isPartOf\":{\"@id\":\"http:\/\/eautomobiliai.lt\/#website\"},\"primaryImageOfPage\":{\"@id\":\"http:\/\/eautomobiliai.lt\/index.php\/2025\/07\/03\/tesla-optimus-yra-saudyklose-kaip-programos-isejimu-vadovas-gamyba-atideta\/#primaryimage\"},\"image\":{\"@id\":\"http:\/\/eautomobiliai.lt\/index.php\/2025\/07\/03\/tesla-optimus-yra-saudyklose-kaip-programos-isejimu-vadovas-gamyba-atideta\/#primaryimage\"},\"thumbnailUrl\":\"http:\/\/eautomobiliai.lt\/wp-content\/uploads\/2025\/07\/\u201eTesla-Optimus-yra-saudyklose-kaip-programos-isejimu-vadovas-gamyba-atideta.webp.jpeg\",\"datePublished\":\"2025-07-03T13:12:58+00:00\",\"author\":{\"@id\":\"http:\/\/eautomobiliai.lt\/#\/schema\/person\/ecf2a967f361217d056061f74deb92f2\"},\"breadcrumb\":{\"@id\":\"http:\/\/eautomobiliai.lt\/index.php\/2025\/07\/03\/tesla-optimus-yra-saudyklose-kaip-programos-isejimu-vadovas-gamyba-atideta\/#breadcrumb\"},\"inLanguage\":\"lt-LT\",\"potentialAction\":[{\"@type\":\"ReadAction\",\"target\":[\"http:\/\/eautomobiliai.lt\/index.php\/2025\/07\/03\/tesla-optimus-yra-saudyklose-kaip-programos-isejimu-vadovas-gamyba-atideta\/\"]}]},{\"@type\":\"ImageObject\",\"inLanguage\":\"lt-LT\",\"@id\":\"http:\/\/eautomobiliai.lt\/index.php\/2025\/07\/03\/tesla-optimus-yra-saudyklose-kaip-programos-isejimu-vadovas-gamyba-atideta\/#primaryimage\",\"url\":\"http:\/\/eautomobiliai.lt\/wp-content\/uploads\/2025\/07\/\u201eTesla-Optimus-yra-saudyklose-kaip-programos-isejimu-vadovas-gamyba-atideta.webp.jpeg\",\"contentUrl\":\"http:\/\/eautomobiliai.lt\/wp-content\/uploads\/2025\/07\/\u201eTesla-Optimus-yra-saudyklose-kaip-programos-isejimu-vadovas-gamyba-atideta.webp.jpeg\",\"width\":1200,\"height\":628},{\"@type\":\"BreadcrumbList\",\"@id\":\"http:\/\/eautomobiliai.lt\/index.php\/2025\/07\/03\/tesla-optimus-yra-saudyklose-kaip-programos-isejimu-vadovas-gamyba-atideta\/#breadcrumb\",\"itemListElement\":[{\"@type\":\"ListItem\",\"position\":1,\"name\":\"Home\",\"item\":\"http:\/\/eautomobiliai.lt\/\"},{\"@type\":\"ListItem\",\"position\":2,\"name\":\"\u201eTesla Optimus\u201c yra \u0161audyklose kaip programos i\u0161\u0117jim\u0173 vadovas, gamyba atid\u0117ta\"}]},{\"@type\":\"WebSite\",\"@id\":\"http:\/\/eautomobiliai.lt\/#website\",\"url\":\"http:\/\/eautomobiliai.lt\/\",\"name\":\"Eautomobiliai.lt\",\"description\":\"Elektrinis transportas, technologijos\",\"potentialAction\":[{\"@type\":\"SearchAction\",\"target\":{\"@type\":\"EntryPoint\",\"urlTemplate\":\"http:\/\/eautomobiliai.lt\/?s={search_term_string}\"},\"query-input\":{\"@type\":\"PropertyValueSpecification\",\"valueRequired\":true,\"valueName\":\"search_term_string\"}}],\"inLanguage\":\"lt-LT\"},{\"@type\":\"Person\",\"@id\":\"http:\/\/eautomobiliai.lt\/#\/schema\/person\/ecf2a967f361217d056061f74deb92f2\",\"name\":\"admin\",\"image\":{\"@type\":\"ImageObject\",\"inLanguage\":\"lt-LT\",\"@id\":\"http:\/\/eautomobiliai.lt\/#\/schema\/person\/image\/\",\"url\":\"https:\/\/secure.gravatar.com\/avatar\/6323379efae0c70c686c7905444d6bbd?s=96&d=mm&r=g\",\"contentUrl\":\"https:\/\/secure.gravatar.com\/avatar\/6323379efae0c70c686c7905444d6bbd?s=96&d=mm&r=g\",\"caption\":\"admin\"},\"sameAs\":[\"http:\/\/eautomobiliai.lt\"],\"url\":\"http:\/\/eautomobiliai.lt\/index.php\/author\/admin\/\"}]}<\/script>\n<!-- \/ Yoast SEO plugin. -->","yoast_head_json":{"title":"\u201eTesla Optimus\u201c yra \u0161audyklose kaip programos i\u0161\u0117jim\u0173 vadovas, gamyba atid\u0117ta - Eautomobiliai.lt","robots":{"index":"index","follow":"follow","max-snippet":"max-snippet:-1","max-image-preview":"max-image-preview:large","max-video-preview":"max-video-preview:-1"},"canonical":"http:\/\/eautomobiliai.lt\/index.php\/2025\/07\/03\/tesla-optimus-yra-saudyklose-kaip-programos-isejimu-vadovas-gamyba-atideta\/","og_locale":"lt_LT","og_type":"article","og_title":"\u201eTesla Optimus\u201c yra \u0161audyklose kaip programos i\u0161\u0117jim\u0173 vadovas, gamyba atid\u0117ta - Eautomobiliai.lt","og_description":"Prane\u0161ama, kad \u201eTesla\u201c humanoidinio roboto programa \u201eOptimus\u201c yra netvarkinga, kai pasitrauk\u0117 vyresnysis viceprezidentas Milanas Kovacas. Gamyba buvo atid\u0117ta d\u0117l naujo&hellip;","og_url":"http:\/\/eautomobiliai.lt\/index.php\/2025\/07\/03\/tesla-optimus-yra-saudyklose-kaip-programos-isejimu-vadovas-gamyba-atideta\/","og_site_name":"Eautomobiliai.lt","article_published_time":"2025-07-03T13:12:58+00:00","og_image":[{"width":1200,"height":628,"url":"http:\/\/eautomobiliai.lt\/wp-content\/uploads\/2025\/07\/\u201eTesla-Optimus-yra-saudyklose-kaip-programos-isejimu-vadovas-gamyba-atideta.webp.jpeg","type":"image\/jpeg"}],"author":"admin","twitter_card":"summary_large_image","twitter_misc":{"Written by":"admin","Est. reading time":"3 minut\u0117s"},"schema":{"@context":"https:\/\/schema.org","@graph":[{"@type":"Article","@id":"http:\/\/eautomobiliai.lt\/index.php\/2025\/07\/03\/tesla-optimus-yra-saudyklose-kaip-programos-isejimu-vadovas-gamyba-atideta\/#article","isPartOf":{"@id":"http:\/\/eautomobiliai.lt\/index.php\/2025\/07\/03\/tesla-optimus-yra-saudyklose-kaip-programos-isejimu-vadovas-gamyba-atideta\/"},"author":{"name":"admin","@id":"http:\/\/eautomobiliai.lt\/#\/schema\/person\/ecf2a967f361217d056061f74deb92f2"},"headline":"\u201eTesla Optimus\u201c yra \u0161audyklose kaip programos i\u0161\u0117jim\u0173 vadovas, gamyba atid\u0117ta","datePublished":"2025-07-03T13:12:58+00:00","mainEntityOfPage":{"@id":"http:\/\/eautomobiliai.lt\/index.php\/2025\/07\/03\/tesla-optimus-yra-saudyklose-kaip-programos-isejimu-vadovas-gamyba-atideta\/"},"wordCount":626,"commentCount":0,"image":{"@id":"http:\/\/eautomobiliai.lt\/index.php\/2025\/07\/03\/tesla-optimus-yra-saudyklose-kaip-programos-isejimu-vadovas-gamyba-atideta\/#primaryimage"},"thumbnailUrl":"http:\/\/eautomobiliai.lt\/wp-content\/uploads\/2025\/07\/\u201eTesla-Optimus-yra-saudyklose-kaip-programos-isejimu-vadovas-gamyba-atideta.webp.jpeg","keywords":["atid\u0117ta","gamyb\u0105","i\u0161\u0117jim\u0173","kaip","Optimus","programos","\u0161audyklose","Tesla","vadovas","yra"],"articleSection":["ELEKTRINIAI AUTOMOBILIAI"],"inLanguage":"lt-LT","potentialAction":[{"@type":"CommentAction","name":"Comment","target":["http:\/\/eautomobiliai.lt\/index.php\/2025\/07\/03\/tesla-optimus-yra-saudyklose-kaip-programos-isejimu-vadovas-gamyba-atideta\/#respond"]}]},{"@type":"WebPage","@id":"http:\/\/eautomobiliai.lt\/index.php\/2025\/07\/03\/tesla-optimus-yra-saudyklose-kaip-programos-isejimu-vadovas-gamyba-atideta\/","url":"http:\/\/eautomobiliai.lt\/index.php\/2025\/07\/03\/tesla-optimus-yra-saudyklose-kaip-programos-isejimu-vadovas-gamyba-atideta\/","name":"\u201eTesla Optimus\u201c yra \u0161audyklose kaip programos i\u0161\u0117jim\u0173 vadovas, gamyba atid\u0117ta - Eautomobiliai.lt","isPartOf":{"@id":"http:\/\/eautomobiliai.lt\/#website"},"primaryImageOfPage":{"@id":"http:\/\/eautomobiliai.lt\/index.php\/2025\/07\/03\/tesla-optimus-yra-saudyklose-kaip-programos-isejimu-vadovas-gamyba-atideta\/#primaryimage"},"image":{"@id":"http:\/\/eautomobiliai.lt\/index.php\/2025\/07\/03\/tesla-optimus-yra-saudyklose-kaip-programos-isejimu-vadovas-gamyba-atideta\/#primaryimage"},"thumbnailUrl":"http:\/\/eautomobiliai.lt\/wp-content\/uploads\/2025\/07\/\u201eTesla-Optimus-yra-saudyklose-kaip-programos-isejimu-vadovas-gamyba-atideta.webp.jpeg","datePublished":"2025-07-03T13:12:58+00:00","author":{"@id":"http:\/\/eautomobiliai.lt\/#\/schema\/person\/ecf2a967f361217d056061f74deb92f2"},"breadcrumb":{"@id":"http:\/\/eautomobiliai.lt\/index.php\/2025\/07\/03\/tesla-optimus-yra-saudyklose-kaip-programos-isejimu-vadovas-gamyba-atideta\/#breadcrumb"},"inLanguage":"lt-LT","potentialAction":[{"@type":"ReadAction","target":["http:\/\/eautomobiliai.lt\/index.php\/2025\/07\/03\/tesla-optimus-yra-saudyklose-kaip-programos-isejimu-vadovas-gamyba-atideta\/"]}]},{"@type":"ImageObject","inLanguage":"lt-LT","@id":"http:\/\/eautomobiliai.lt\/index.php\/2025\/07\/03\/tesla-optimus-yra-saudyklose-kaip-programos-isejimu-vadovas-gamyba-atideta\/#primaryimage","url":"http:\/\/eautomobiliai.lt\/wp-content\/uploads\/2025\/07\/\u201eTesla-Optimus-yra-saudyklose-kaip-programos-isejimu-vadovas-gamyba-atideta.webp.jpeg","contentUrl":"http:\/\/eautomobiliai.lt\/wp-content\/uploads\/2025\/07\/\u201eTesla-Optimus-yra-saudyklose-kaip-programos-isejimu-vadovas-gamyba-atideta.webp.jpeg","width":1200,"height":628},{"@type":"BreadcrumbList","@id":"http:\/\/eautomobiliai.lt\/index.php\/2025\/07\/03\/tesla-optimus-yra-saudyklose-kaip-programos-isejimu-vadovas-gamyba-atideta\/#breadcrumb","itemListElement":[{"@type":"ListItem","position":1,"name":"Home","item":"http:\/\/eautomobiliai.lt\/"},{"@type":"ListItem","position":2,"name":"\u201eTesla Optimus\u201c yra \u0161audyklose kaip programos i\u0161\u0117jim\u0173 vadovas, gamyba atid\u0117ta"}]},{"@type":"WebSite","@id":"http:\/\/eautomobiliai.lt\/#website","url":"http:\/\/eautomobiliai.lt\/","name":"Eautomobiliai.lt","description":"Elektrinis transportas, technologijos","potentialAction":[{"@type":"SearchAction","target":{"@type":"EntryPoint","urlTemplate":"http:\/\/eautomobiliai.lt\/?s={search_term_string}"},"query-input":{"@type":"PropertyValueSpecification","valueRequired":true,"valueName":"search_term_string"}}],"inLanguage":"lt-LT"},{"@type":"Person","@id":"http:\/\/eautomobiliai.lt\/#\/schema\/person\/ecf2a967f361217d056061f74deb92f2","name":"admin","image":{"@type":"ImageObject","inLanguage":"lt-LT","@id":"http:\/\/eautomobiliai.lt\/#\/schema\/person\/image\/","url":"https:\/\/secure.gravatar.com\/avatar\/6323379efae0c70c686c7905444d6bbd?s=96&d=mm&r=g","contentUrl":"https:\/\/secure.gravatar.com\/avatar\/6323379efae0c70c686c7905444d6bbd?s=96&d=mm&r=g","caption":"admin"},"sameAs":["http:\/\/eautomobiliai.lt"],"url":"http:\/\/eautomobiliai.lt\/index.php\/author\/admin\/"}]}},"_links":{"self":[{"href":"http:\/\/eautomobiliai.lt\/index.php\/wp-json\/wp\/v2\/posts\/1385","targetHints":{"allow":["GET"]}}],"collection":[{"href":"http:\/\/eautomobiliai.lt\/index.php\/wp-json\/wp\/v2\/posts"}],"about":[{"href":"http:\/\/eautomobiliai.lt\/index.php\/wp-json\/wp\/v2\/types\/post"}],"author":[{"embeddable":true,"href":"http:\/\/eautomobiliai.lt\/index.php\/wp-json\/wp\/v2\/users\/1"}],"replies":[{"embeddable":true,"href":"http:\/\/eautomobiliai.lt\/index.php\/wp-json\/wp\/v2\/comments?post=1385"}],"version-history":[{"count":0,"href":"http:\/\/eautomobiliai.lt\/index.php\/wp-json\/wp\/v2\/posts\/1385\/revisions"}],"wp:featuredmedia":[{"embeddable":true,"href":"http:\/\/eautomobiliai.lt\/index.php\/wp-json\/wp\/v2\/media\/1386"}],"wp:attachment":[{"href":"http:\/\/eautomobiliai.lt\/index.php\/wp-json\/wp\/v2\/media?parent=1385"}],"wp:term":[{"taxonomy":"category","embeddable":true,"href":"http:\/\/eautomobiliai.lt\/index.php\/wp-json\/wp\/v2\/categories?post=1385"},{"taxonomy":"post_tag","embeddable":true,"href":"http:\/\/eautomobiliai.lt\/index.php\/wp-json\/wp\/v2\/tags?post=1385"}],"curies":[{"name":"wp","href":"https:\/\/api.w.org\/{rel}","templated":true}]}}