{"id":1391,"date":"2025-07-04T01:30:12","date_gmt":"2025-07-04T01:30:12","guid":{"rendered":"http:\/\/eautomobiliai.lt\/index.php\/2025\/07\/04\/tesla-siulo-nauju-paskatu-y-modeliui-islaikyti-pardavimus-naujame-ketvirtyje\/"},"modified":"2025-07-04T01:30:12","modified_gmt":"2025-07-04T01:30:12","slug":"tesla-siulo-nauju-paskatu-y-modeliui-islaikyti-pardavimus-naujame-ketvirtyje","status":"publish","type":"post","link":"http:\/\/eautomobiliai.lt\/index.php\/2025\/07\/04\/tesla-siulo-nauju-paskatu-y-modeliui-islaikyti-pardavimus-naujame-ketvirtyje\/","title":{"rendered":"\u201eTesla\u201c si\u016blo nauj\u0173 paskat\u0173 Y modeliui i\u0161laikyti pardavimus naujame ketvirtyje"},"content":{"rendered":"<p> <br \/>\n<\/p>\n<div id=\"\">\n<p><span style=\"font-weight: 400;\"> \u201eTesla\u201c i\u0161leido nauj\u0105 prekyb\u0105 premijomis, kad bandyt\u0173 i\u0161laikyti pardavim\u0173 padid\u0117jim\u0105, kuriam patiko bir\u017eelio m\u0117n., Kai ji pardav\u0117 daugiau nei 4500 EV-auk\u0161\u010diausi\u0105 iki \u0161iol \u0161iais metais-ir nutrauk\u0117 atnaujinto modelio \u201eY\u201c pristatym\u0105 ir 3000 USD preki\u0173 premij\u0105 u\u017e 3 modelio sedanus.<\/span><\/p>\n<p><span style=\"font-weight: 400;\">\u201eTesla\u201c dabar tai atskleid\u0117<\/span><span style=\"font-weight: 400;\">Rugs\u0117jo 30 d., Suinteresuoti naujojo ar demonstracinio modelio \u201eY\u201c pirk\u0117jai gaus papildom\u0105 2 000 USD u\u017e to automobilio kain\u0105, kai prekiauja naudota transporto priemone.<\/span><\/p>\n<p><span style=\"font-weight: 400;\">\u0160is pasi\u016blymas taip pat apsiriboja vienu prekyba vienam u\u017esakymui ir jo negalima i\u0161pirkti kaip gryn\u0173j\u0173 pinig\u0173 pasi\u016blym\u0105, tai rei\u0161kia, kad jis turi b\u016bti pritaikytas naujai arba demonstracinei modeliui Y transporto priemonei, o pristatymas turi \u012fvykti iki tada ketvir\u010dio pabaigos, taigi mokant ma\u017eesn\u0119 pirkimo kain\u0105.<\/span><\/p>\n<figure id=\"attachment_187561\" aria-describedby=\"caption-attachment-187561\" style=\"width: 1200px\" class=\"wp-caption aligncenter\"><img loading=\"lazy\" decoding=\"async\" class=\"size-full wp-image-187561\" src=\"https:\/\/thedriven.io\/wp-content\/uploads\/2025\/05\/2025-Tesla-Model-Y-Deliveries-begin.jpg\" alt=\"\" width=\"1200\" height=\"900\" srcset=\"https:\/\/thedriven.io\/wp-content\/uploads\/2025\/05\/2025-Tesla-Model-Y-Deliveries-begin.jpg 1200w, https:\/\/thedriven.io\/wp-content\/uploads\/2025\/05\/2025-Tesla-Model-Y-Deliveries-begin-388x291.jpg 388w, https:\/\/thedriven.io\/wp-content\/uploads\/2025\/05\/2025-Tesla-Model-Y-Deliveries-begin-1160x870.jpg 1160w, https:\/\/thedriven.io\/wp-content\/uploads\/2025\/05\/2025-Tesla-Model-Y-Deliveries-begin-380x285.jpg 380w, https:\/\/thedriven.io\/wp-content\/uploads\/2025\/05\/2025-Tesla-Model-Y-Deliveries-begin-800x600.jpg 800w, https:\/\/thedriven.io\/wp-content\/uploads\/2025\/05\/2025-Tesla-Model-Y-Deliveries-begin-300x225.jpg 300w, https:\/\/thedriven.io\/wp-content\/uploads\/2025\/05\/2025-Tesla-Model-Y-Deliveries-begin-120x90.jpg 120w, https:\/\/thedriven.io\/wp-content\/uploads\/2025\/05\/2025-Tesla-Model-Y-Deliveries-begin-90x68.jpg 90w, https:\/\/thedriven.io\/wp-content\/uploads\/2025\/05\/2025-Tesla-Model-Y-Deliveries-begin-320x240.jpg 320w, https:\/\/thedriven.io\/wp-content\/uploads\/2025\/05\/2025-Tesla-Model-Y-Deliveries-begin-560x420.jpg 560w, https:\/\/thedriven.io\/wp-content\/uploads\/2025\/05\/2025-Tesla-Model-Y-Deliveries-begin-150x113.jpg 150w, https:\/\/thedriven.io\/wp-content\/uploads\/2025\/05\/2025-Tesla-Model-Y-Deliveries-begin-760x570.jpg 760w, https:\/\/thedriven.io\/wp-content\/uploads\/2025\/05\/2025-Tesla-Model-Y-Deliveries-begin-600x450.jpg 600w, https:\/\/thedriven.io\/wp-content\/uploads\/2025\/05\/2025-Tesla-Model-Y-Deliveries-begin-240x180.jpg 240w, https:\/\/thedriven.io\/wp-content\/uploads\/2025\/05\/2025-Tesla-Model-Y-Deliveries-begin-180x136.jpg 180w, https:\/\/thedriven.io\/wp-content\/uploads\/2025\/05\/2025-Tesla-Model-Y-Deliveries-begin-640x480.jpg 640w, https:\/\/thedriven.io\/wp-content\/uploads\/2025\/05\/2025-Tesla-Model-Y-Deliveries-begin-1120x840.jpg 1120w\" sizes=\"auto, (max-width: 1160px) 100vw, 1160px\"\/><figcaption id=\"caption-attachment-187561\" class=\"wp-caption-text\">Vaizdas: \u201eTesla\u201c per \u201eLinkedIn\u201c<\/figcaption><\/figure>\n<p><span style=\"font-weight: 400;\">Kitas pasi\u016blymas, kuris taip pat buvo i\u0161pl\u0117stas, yra galimyb\u0117 esamiems \u201eTesla EVS\u201c savininkams su patobulinta viso sav\u0119s vairavimo (FSD) programin\u0117s \u012frangos autopilotu, kad b\u016bt\u0173 galima perkelti j\u0105 \u012f nauj\u0105 ar demonstracin\u0119 \u201eTesla\u201c.<\/span><\/p>\n<p><span style=\"font-weight: 400;\">Tik\u0117tina, kad tai bus 5100 USD taupymas EAP, iki 10 100 USD u\u017e FSD, ir rei\u0161kia, kad savininkams nereik\u0117s jo i\u0161 naujo \u012fsigyti su nauja \u201eTesla\u201c, jei jie automobil\u012f pristatys iki 2025 m. Rugs\u0117jo 30 d.<\/span><\/p>\n<p><span style=\"font-weight: 400;\">Ra\u0161ymo metu \u201eTesla\u201c tur\u0117jo daugyb\u0119 nauj\u0173 \u201eTesla Y\u201c ir \u201eModel 3 Model\u201c transporto priemoni\u0173, \u012fskaitant tam tikrus ankstesn\u0117s kartos modelio variantus. <\/span><\/p>\n<p><span style=\"font-weight: 400;\">\u0160ie automobiliai t\u016bkstan\u010diai i\u0161ve\u017e\u0117 \u012fprast\u0105 kain\u0105, tod\u0117l tyliai patraukl\u016bs daugeliui dabartini\u0173 ir b\u016bsim\u0173 savinink\u0173.<\/span><\/p>\n<p><span style=\"font-weight: 400;\">Ankstesn\u0117s kartos 2025 m. \u201eTesla Model Y Long Range\u201c pavyzd\u017eiai yra nuo 68 433 USD. Tai suma\u017eina net atsarg\u0173 pradinio lygio paleidimo serijos atnaujint\u0105 \u201eModel Y\u201c, kurio kaina yra nuo daugiau nei 69 000 USD va\u017eiavimo Viktorijoje.<\/span><\/p>\n<figure id=\"attachment_188930\" aria-describedby=\"caption-attachment-188930\" style=\"width: 1511px\" class=\"wp-caption aligncenter\"><img decoding=\"async\" class=\"size-full wp-image-188930 native-lazyload-js-fallback\" alt=\"\" width=\"1511\" height=\"864\" loading=\"lazy\" src=\"https:\/\/b2232832.smushcdn.com\/2232832\/wp-content\/uploads\/2025\/07\/Tesla-Model-Y-Inventory-VIC-July-2025.jpg?lossy=1&amp;strip=0&amp;webp=1\" srcset=\"https:\/\/b2232832.smushcdn.com\/2232832\/wp-content\/uploads\/2025\/07\/Tesla-Model-Y-Inventory-VIC-July-2025.jpg?lossy=1&amp;strip=0&amp;webp=1 1511w, https:\/\/b2232832.smushcdn.com\/2232832\/wp-content\/uploads\/2025\/07\/Tesla-Model-Y-Inventory-VIC-July-2025-388x222.jpg?lossy=1&amp;strip=0&amp;webp=1 388w, https:\/\/b2232832.smushcdn.com\/2232832\/wp-content\/uploads\/2025\/07\/Tesla-Model-Y-Inventory-VIC-July-2025-1160x663.jpg?lossy=1&amp;strip=0&amp;webp=1 1160w, https:\/\/b2232832.smushcdn.com\/2232832\/wp-content\/uploads\/2025\/07\/Tesla-Model-Y-Inventory-VIC-July-2025-800x457.jpg?lossy=1&amp;strip=0&amp;webp=1 800w, https:\/\/b2232832.smushcdn.com\/2232832\/wp-content\/uploads\/2025\/07\/Tesla-Model-Y-Inventory-VIC-July-2025-120x69.jpg?lossy=1&amp;strip=0&amp;webp=1 120w, https:\/\/b2232832.smushcdn.com\/2232832\/wp-content\/uploads\/2025\/07\/Tesla-Model-Y-Inventory-VIC-July-2025-90x51.jpg?lossy=1&amp;strip=0&amp;webp=1 90w, https:\/\/b2232832.smushcdn.com\/2232832\/wp-content\/uploads\/2025\/07\/Tesla-Model-Y-Inventory-VIC-July-2025-320x183.jpg?lossy=1&amp;strip=0&amp;webp=1 320w, https:\/\/b2232832.smushcdn.com\/2232832\/wp-content\/uploads\/2025\/07\/Tesla-Model-Y-Inventory-VIC-July-2025-560x320.jpg?lossy=1&amp;strip=0&amp;webp=1 560w, https:\/\/b2232832.smushcdn.com\/2232832\/wp-content\/uploads\/2025\/07\/Tesla-Model-Y-Inventory-VIC-July-2025-150x86.jpg?lossy=1&amp;strip=0&amp;webp=1 150w, https:\/\/b2232832.smushcdn.com\/2232832\/wp-content\/uploads\/2025\/07\/Tesla-Model-Y-Inventory-VIC-July-2025-240x137.jpg?lossy=1&amp;strip=0&amp;webp=1 240w, https:\/\/b2232832.smushcdn.com\/2232832\/wp-content\/uploads\/2025\/07\/Tesla-Model-Y-Inventory-VIC-July-2025-180x103.jpg?lossy=1&amp;strip=0&amp;webp=1 180w, https:\/\/b2232832.smushcdn.com\/2232832\/wp-content\/uploads\/2025\/07\/Tesla-Model-Y-Inventory-VIC-July-2025-640x366.jpg?lossy=1&amp;strip=0&amp;webp=1 640w, https:\/\/b2232832.smushcdn.com\/2232832\/wp-content\/uploads\/2025\/07\/Tesla-Model-Y-Inventory-VIC-July-2025-1120x640.jpg?lossy=1&amp;strip=0&amp;webp=1 1120w, https:\/\/b2232832.smushcdn.com\/2232832\/wp-content\/uploads\/2025\/07\/Tesla-Model-Y-Inventory-VIC-July-2025-300x172.jpg?lossy=1&amp;strip=0&amp;webp=1 300w\" data-sizes=\"(max-width: 1160px) 100vw, 1160px\"\/><img loading=\"lazy\" decoding=\"async\" class=\"size-full wp-image-188930\" src=\"https:\/\/thedriven.io\/wp-content\/uploads\/2025\/07\/Tesla-Model-Y-Inventory-VIC-July-2025.jpg\" alt=\"\" width=\"1511\" height=\"864\" srcset=\"https:\/\/thedriven.io\/wp-content\/uploads\/2025\/07\/Tesla-Model-Y-Inventory-VIC-July-2025.jpg 1511w, https:\/\/thedriven.io\/wp-content\/uploads\/2025\/07\/Tesla-Model-Y-Inventory-VIC-July-2025-388x222.jpg 388w, https:\/\/thedriven.io\/wp-content\/uploads\/2025\/07\/Tesla-Model-Y-Inventory-VIC-July-2025-1160x663.jpg 1160w, https:\/\/thedriven.io\/wp-content\/uploads\/2025\/07\/Tesla-Model-Y-Inventory-VIC-July-2025-800x457.jpg 800w, https:\/\/thedriven.io\/wp-content\/uploads\/2025\/07\/Tesla-Model-Y-Inventory-VIC-July-2025-120x69.jpg 120w, https:\/\/thedriven.io\/wp-content\/uploads\/2025\/07\/Tesla-Model-Y-Inventory-VIC-July-2025-90x51.jpg 90w, https:\/\/thedriven.io\/wp-content\/uploads\/2025\/07\/Tesla-Model-Y-Inventory-VIC-July-2025-320x183.jpg 320w, https:\/\/thedriven.io\/wp-content\/uploads\/2025\/07\/Tesla-Model-Y-Inventory-VIC-July-2025-560x320.jpg 560w, https:\/\/thedriven.io\/wp-content\/uploads\/2025\/07\/Tesla-Model-Y-Inventory-VIC-July-2025-150x86.jpg 150w, https:\/\/thedriven.io\/wp-content\/uploads\/2025\/07\/Tesla-Model-Y-Inventory-VIC-July-2025-240x137.jpg 240w, https:\/\/thedriven.io\/wp-content\/uploads\/2025\/07\/Tesla-Model-Y-Inventory-VIC-July-2025-180x103.jpg 180w, https:\/\/thedriven.io\/wp-content\/uploads\/2025\/07\/Tesla-Model-Y-Inventory-VIC-July-2025-640x366.jpg 640w, https:\/\/thedriven.io\/wp-content\/uploads\/2025\/07\/Tesla-Model-Y-Inventory-VIC-July-2025-1120x640.jpg 1120w, https:\/\/thedriven.io\/wp-content\/uploads\/2025\/07\/Tesla-Model-Y-Inventory-VIC-July-2025-300x172.jpg 300w\" sizes=\"auto, (max-width: 1160px) 100vw, 1160px\"\/><figcaption id=\"caption-attachment-188930\" class=\"wp-caption-text\">Vaizdas: \u201eTesla Australia\u201c<\/figcaption><\/figure>\n<p><span style=\"font-weight: 400;\">Taip pat yra ankstesn\u0117s 2025 kartos \u201eTesla Model Y\u201c veiklos variant\u0173 pavyzd\u017ei\u0173, kuri\u0173 kainos yra apie 81 000 USD. <\/span><\/p>\n<p><span style=\"font-weight: 400;\">Atrodo, kad bendrov\u0117s modeliams pardavimui atrodo gana gerai, kai atsirado atnaujintas visureigis, kuris peln\u0117 kritin\u012f pripa\u017einim\u0105 ir yra neabejotinai geriausias elektrinis visureigis rinkoje.<\/span><\/p>\n<p><span style=\"font-weight: 400;\">\u201eModel 3\u201c sedane \u201eTesla\u201c l\u0117tai prad\u0117jo pardavin\u0117ti 2025 m., Ta\u010diau bir\u017eelio m\u0117n. Jie rinkosi, o sedanas atgavo viet\u0105 3 geriausi\u0173 pardavim\u0173 podiume, kuriuose buvo 1 132 pardavimai, o geriausias m\u0117nuo iki \u0161iol \u0161iais metais.<\/span><\/p>\n<p><span style=\"font-weight: 400;\">Po l\u0117to prad\u017eios iki antrojo ketvir\u010dio, \u200b\u200bbendras vietinis pardavimai rinkosi, kad baigt\u0173 ketvirt\u012f su 8 986 pardavimais. <\/span><\/p>\n<p><span style=\"font-weight: 400;\">Visame pasaulyje prek\u0117s \u017eenklas pristat\u0117 384 122 EV, kur 3 ir Y modelis sudar\u0117 373 728 i\u0161 j\u0173. Lik\u0119 10 394 buvo modelis S, X modelis, \u201eCyberTruck\u201c ar \u201eSemi\u201c. Ta\u010diau gamyba buvo \u017eymiai didesn\u0117, tai rei\u0161kia, kad \u201eTesla\u201c daugelyje pagrindini\u0173 rink\u0173 turi daugyb\u0119 atsarg\u0173.<\/span><\/p>\n<p><span style=\"font-weight: 400;\">Did\u0117jant bendrai konkurencijai pasaulin\u0117se rinkose, taip pat \u010dia, Australijoje, naujausias i\u0161pl\u0117stini\u0173 paskat\u0173 etapas grei\u010diausiai padidins pardavimus per ateinan\u010dius 3 m\u0117nesius ir pad\u0117s jai i\u0161likti geriausiai parduodamu EV prek\u0117s \u017eenklu \u0161alyje.<\/span><\/p>\n<div class=\"saboxplugin-wrap\" itemtype=\"http:\/\/schema.org\/Person\" itemscope=\"\" itemprop=\"author\">\n<div class=\"saboxplugin-tab\">\n<div class=\"saboxplugin-gravatar\"><img decoding=\"async\" width=\"100\" height=\"100\" alt=\"Rizas Akhtar\" itemprop=\"image\" loading=\"lazy\" class=\"native-lazyload-js-fallback\" src=\"https:\/\/b2232832.smushcdn.com\/2232832\/wp-content\/uploads\/2022\/02\/Riz.jpg?lossy=1&amp;strip=0&amp;webp=1\"\/><img loading=\"lazy\" decoding=\"async\" src=\"https:\/\/thedriven.io\/wp-content\/uploads\/2022\/02\/Riz.jpg\" width=\"100\" height=\"100\" alt=\"Rizas Akhtar\" itemprop=\"image\"\/><\/div>\n<div class=\"saboxplugin-desc\">\n<div itemprop=\"description\">\n<p>RIZ yra \u201eCarloop\u201c \u012fk\u016br\u0117jas, \u012fsik\u016br\u0119s Melburne, specializuojasi Australijos EV duomenyse, \u012f\u017evalgos ataskaitose ir tendencijose. Jis yra mechanikos in\u017einierius, prie\u0161 pradedant \u201eCarloop\u201c pirmuosius 7 savo karjeros statybos transporto infrastrukt\u016bros metus. Jis turi aistr\u0105 automobiliams, ypa\u010d EV ir nori pad\u0117ti suma\u017einti transporto i\u0161metim\u0105 Australijoje. \u0160iuo metu jis vairuoja \u201eRed Tesla\u201c model\u012f 3.<\/p>\n<\/div>\n<\/div>\n<\/div>\n<\/div>\n<p><!-- AI CONTENT END 1 --><\/p><\/div>\n<p><br \/>\n<br \/><a href=\"https:\/\/thedriven.io\/2025\/07\/04\/tesla-offers-new-incentives-for-model-y-to-sustain-sales-in-new-quarter\/\">Source link <\/a><\/p>\n","protected":false},"excerpt":{"rendered":"<p>\u201eTesla\u201c i\u0161leido nauj\u0105 prekyb\u0105 premijomis, kad bandyt\u0173 i\u0161laikyti pardavim\u0173 padid\u0117jim\u0105, kuriam patiko bir\u017eelio m\u0117n., Kai ji pardav\u0117 daugiau nei 4500&hellip;<\/p>\n","protected":false},"author":1,"featured_media":1392,"comment_status":"open","ping_status":"open","sticky":false,"template":"","format":"standard","meta":{"om_disable_all_campaigns":false,"_monsterinsights_skip_tracking":false,"_monsterinsights_sitenote_active":false,"_monsterinsights_sitenote_note":"","_monsterinsights_sitenote_category":0,"footnotes":""},"categories":[39],"tags":[2771,918,483,967,930,2404,2770,478,14],"class_list":["post-1391","post","type-post","status-publish","format-standard","has-post-thumbnail","hentry","category-eautomobiliu-technine-puse","tag-islaikyti","tag-ketvirtyje","tag-modeliui","tag-naujame","tag-nauju","tag-pardavimus","tag-paskatu","tag-siulo","tag-tesla"],"aioseo_notices":[],"yoast_head":"<!-- This site is optimized with the Yoast SEO plugin v26.8 - https:\/\/yoast.com\/product\/yoast-seo-wordpress\/ -->\n<title>\u201eTesla\u201c si\u016blo nauj\u0173 paskat\u0173 Y modeliui i\u0161laikyti pardavimus naujame ketvirtyje - Eautomobiliai.lt<\/title>\n<meta name=\"robots\" content=\"index, follow, max-snippet:-1, max-image-preview:large, max-video-preview:-1\" \/>\n<link rel=\"canonical\" href=\"https:\/\/eautomobiliai.lt\/index.php\/2025\/07\/04\/tesla-siulo-nauju-paskatu-y-modeliui-islaikyti-pardavimus-naujame-ketvirtyje\/\" \/>\n<meta property=\"og:locale\" content=\"lt_LT\" \/>\n<meta property=\"og:type\" content=\"article\" \/>\n<meta property=\"og:title\" content=\"\u201eTesla\u201c si\u016blo nauj\u0173 paskat\u0173 Y modeliui i\u0161laikyti pardavimus naujame ketvirtyje - Eautomobiliai.lt\" \/>\n<meta property=\"og:description\" content=\"\u201eTesla\u201c i\u0161leido nauj\u0105 prekyb\u0105 premijomis, kad bandyt\u0173 i\u0161laikyti pardavim\u0173 padid\u0117jim\u0105, kuriam patiko bir\u017eelio m\u0117n., Kai ji pardav\u0117 daugiau nei 4500&hellip;\" \/>\n<meta property=\"og:url\" content=\"https:\/\/eautomobiliai.lt\/index.php\/2025\/07\/04\/tesla-siulo-nauju-paskatu-y-modeliui-islaikyti-pardavimus-naujame-ketvirtyje\/\" \/>\n<meta property=\"og:site_name\" content=\"Eautomobiliai.lt\" \/>\n<meta property=\"article:published_time\" content=\"2025-07-04T01:30:12+00:00\" \/>\n<meta property=\"og:image\" content=\"https:\/\/eautomobiliai.lt\/wp-content\/uploads\/2025\/07\/\u201eTesla-siulo-nauju-paskatu-Y-modeliui-islaikyti-pardavimus-naujame-ketvirtyje.jpg\" \/>\n\t<meta property=\"og:image:width\" content=\"1200\" \/>\n\t<meta property=\"og:image:height\" content=\"900\" \/>\n\t<meta property=\"og:image:type\" content=\"image\/jpeg\" \/>\n<meta name=\"author\" content=\"admin\" \/>\n<meta name=\"twitter:card\" content=\"summary_large_image\" \/>\n<meta name=\"twitter:label1\" content=\"Written by\" \/>\n\t<meta name=\"twitter:data1\" content=\"admin\" \/>\n\t<meta name=\"twitter:label2\" content=\"Est. reading time\" \/>\n\t<meta name=\"twitter:data2\" content=\"3 minut\u0117s\" \/>\n<script type=\"application\/ld+json\" class=\"yoast-schema-graph\">{\"@context\":\"https:\/\/schema.org\",\"@graph\":[{\"@type\":\"Article\",\"@id\":\"https:\/\/eautomobiliai.lt\/index.php\/2025\/07\/04\/tesla-siulo-nauju-paskatu-y-modeliui-islaikyti-pardavimus-naujame-ketvirtyje\/#article\",\"isPartOf\":{\"@id\":\"https:\/\/eautomobiliai.lt\/index.php\/2025\/07\/04\/tesla-siulo-nauju-paskatu-y-modeliui-islaikyti-pardavimus-naujame-ketvirtyje\/\"},\"author\":{\"name\":\"admin\",\"@id\":\"http:\/\/eautomobiliai.lt\/#\/schema\/person\/ecf2a967f361217d056061f74deb92f2\"},\"headline\":\"\u201eTesla\u201c si\u016blo nauj\u0173 paskat\u0173 Y modeliui i\u0161laikyti pardavimus naujame ketvirtyje\",\"datePublished\":\"2025-07-04T01:30:12+00:00\",\"mainEntityOfPage\":{\"@id\":\"https:\/\/eautomobiliai.lt\/index.php\/2025\/07\/04\/tesla-siulo-nauju-paskatu-y-modeliui-islaikyti-pardavimus-naujame-ketvirtyje\/\"},\"wordCount\":529,\"commentCount\":0,\"image\":{\"@id\":\"https:\/\/eautomobiliai.lt\/index.php\/2025\/07\/04\/tesla-siulo-nauju-paskatu-y-modeliui-islaikyti-pardavimus-naujame-ketvirtyje\/#primaryimage\"},\"thumbnailUrl\":\"http:\/\/eautomobiliai.lt\/wp-content\/uploads\/2025\/07\/\u201eTesla-siulo-nauju-paskatu-Y-modeliui-islaikyti-pardavimus-naujame-ketvirtyje.jpg\",\"keywords\":[\"i\u0161laikyti\",\"ketvirtyje\",\"modeliui\",\"naujame\",\"nauj\u0173\",\"pardavimus\",\"paskat\u0173\",\"si\u016blo\",\"Tesla\"],\"articleSection\":[\"eAUTOMOBILI\u0172 TECHNIN\u0116 PUS\u0116\"],\"inLanguage\":\"lt-LT\",\"potentialAction\":[{\"@type\":\"CommentAction\",\"name\":\"Comment\",\"target\":[\"https:\/\/eautomobiliai.lt\/index.php\/2025\/07\/04\/tesla-siulo-nauju-paskatu-y-modeliui-islaikyti-pardavimus-naujame-ketvirtyje\/#respond\"]}]},{\"@type\":\"WebPage\",\"@id\":\"https:\/\/eautomobiliai.lt\/index.php\/2025\/07\/04\/tesla-siulo-nauju-paskatu-y-modeliui-islaikyti-pardavimus-naujame-ketvirtyje\/\",\"url\":\"https:\/\/eautomobiliai.lt\/index.php\/2025\/07\/04\/tesla-siulo-nauju-paskatu-y-modeliui-islaikyti-pardavimus-naujame-ketvirtyje\/\",\"name\":\"\u201eTesla\u201c si\u016blo nauj\u0173 paskat\u0173 Y modeliui i\u0161laikyti pardavimus naujame ketvirtyje - Eautomobiliai.lt\",\"isPartOf\":{\"@id\":\"http:\/\/eautomobiliai.lt\/#website\"},\"primaryImageOfPage\":{\"@id\":\"https:\/\/eautomobiliai.lt\/index.php\/2025\/07\/04\/tesla-siulo-nauju-paskatu-y-modeliui-islaikyti-pardavimus-naujame-ketvirtyje\/#primaryimage\"},\"image\":{\"@id\":\"https:\/\/eautomobiliai.lt\/index.php\/2025\/07\/04\/tesla-siulo-nauju-paskatu-y-modeliui-islaikyti-pardavimus-naujame-ketvirtyje\/#primaryimage\"},\"thumbnailUrl\":\"http:\/\/eautomobiliai.lt\/wp-content\/uploads\/2025\/07\/\u201eTesla-siulo-nauju-paskatu-Y-modeliui-islaikyti-pardavimus-naujame-ketvirtyje.jpg\",\"datePublished\":\"2025-07-04T01:30:12+00:00\",\"author\":{\"@id\":\"http:\/\/eautomobiliai.lt\/#\/schema\/person\/ecf2a967f361217d056061f74deb92f2\"},\"breadcrumb\":{\"@id\":\"https:\/\/eautomobiliai.lt\/index.php\/2025\/07\/04\/tesla-siulo-nauju-paskatu-y-modeliui-islaikyti-pardavimus-naujame-ketvirtyje\/#breadcrumb\"},\"inLanguage\":\"lt-LT\",\"potentialAction\":[{\"@type\":\"ReadAction\",\"target\":[\"https:\/\/eautomobiliai.lt\/index.php\/2025\/07\/04\/tesla-siulo-nauju-paskatu-y-modeliui-islaikyti-pardavimus-naujame-ketvirtyje\/\"]}]},{\"@type\":\"ImageObject\",\"inLanguage\":\"lt-LT\",\"@id\":\"https:\/\/eautomobiliai.lt\/index.php\/2025\/07\/04\/tesla-siulo-nauju-paskatu-y-modeliui-islaikyti-pardavimus-naujame-ketvirtyje\/#primaryimage\",\"url\":\"http:\/\/eautomobiliai.lt\/wp-content\/uploads\/2025\/07\/\u201eTesla-siulo-nauju-paskatu-Y-modeliui-islaikyti-pardavimus-naujame-ketvirtyje.jpg\",\"contentUrl\":\"http:\/\/eautomobiliai.lt\/wp-content\/uploads\/2025\/07\/\u201eTesla-siulo-nauju-paskatu-Y-modeliui-islaikyti-pardavimus-naujame-ketvirtyje.jpg\",\"width\":1200,\"height\":900},{\"@type\":\"BreadcrumbList\",\"@id\":\"https:\/\/eautomobiliai.lt\/index.php\/2025\/07\/04\/tesla-siulo-nauju-paskatu-y-modeliui-islaikyti-pardavimus-naujame-ketvirtyje\/#breadcrumb\",\"itemListElement\":[{\"@type\":\"ListItem\",\"position\":1,\"name\":\"Home\",\"item\":\"http:\/\/eautomobiliai.lt\/\"},{\"@type\":\"ListItem\",\"position\":2,\"name\":\"\u201eTesla\u201c si\u016blo nauj\u0173 paskat\u0173 Y modeliui i\u0161laikyti pardavimus naujame ketvirtyje\"}]},{\"@type\":\"WebSite\",\"@id\":\"http:\/\/eautomobiliai.lt\/#website\",\"url\":\"http:\/\/eautomobiliai.lt\/\",\"name\":\"Eautomobiliai.lt\",\"description\":\"Elektrinis transportas, technologijos\",\"potentialAction\":[{\"@type\":\"SearchAction\",\"target\":{\"@type\":\"EntryPoint\",\"urlTemplate\":\"http:\/\/eautomobiliai.lt\/?s={search_term_string}\"},\"query-input\":{\"@type\":\"PropertyValueSpecification\",\"valueRequired\":true,\"valueName\":\"search_term_string\"}}],\"inLanguage\":\"lt-LT\"},{\"@type\":\"Person\",\"@id\":\"http:\/\/eautomobiliai.lt\/#\/schema\/person\/ecf2a967f361217d056061f74deb92f2\",\"name\":\"admin\",\"image\":{\"@type\":\"ImageObject\",\"inLanguage\":\"lt-LT\",\"@id\":\"http:\/\/eautomobiliai.lt\/#\/schema\/person\/image\/\",\"url\":\"https:\/\/secure.gravatar.com\/avatar\/6323379efae0c70c686c7905444d6bbd?s=96&d=mm&r=g\",\"contentUrl\":\"https:\/\/secure.gravatar.com\/avatar\/6323379efae0c70c686c7905444d6bbd?s=96&d=mm&r=g\",\"caption\":\"admin\"},\"sameAs\":[\"http:\/\/eautomobiliai.lt\"],\"url\":\"http:\/\/eautomobiliai.lt\/index.php\/author\/admin\/\"}]}<\/script>\n<!-- \/ Yoast SEO plugin. -->","yoast_head_json":{"title":"\u201eTesla\u201c si\u016blo nauj\u0173 paskat\u0173 Y modeliui i\u0161laikyti pardavimus naujame ketvirtyje - Eautomobiliai.lt","robots":{"index":"index","follow":"follow","max-snippet":"max-snippet:-1","max-image-preview":"max-image-preview:large","max-video-preview":"max-video-preview:-1"},"canonical":"https:\/\/eautomobiliai.lt\/index.php\/2025\/07\/04\/tesla-siulo-nauju-paskatu-y-modeliui-islaikyti-pardavimus-naujame-ketvirtyje\/","og_locale":"lt_LT","og_type":"article","og_title":"\u201eTesla\u201c si\u016blo nauj\u0173 paskat\u0173 Y modeliui i\u0161laikyti pardavimus naujame ketvirtyje - Eautomobiliai.lt","og_description":"\u201eTesla\u201c i\u0161leido nauj\u0105 prekyb\u0105 premijomis, kad bandyt\u0173 i\u0161laikyti pardavim\u0173 padid\u0117jim\u0105, kuriam patiko bir\u017eelio m\u0117n., Kai ji pardav\u0117 daugiau nei 4500&hellip;","og_url":"https:\/\/eautomobiliai.lt\/index.php\/2025\/07\/04\/tesla-siulo-nauju-paskatu-y-modeliui-islaikyti-pardavimus-naujame-ketvirtyje\/","og_site_name":"Eautomobiliai.lt","article_published_time":"2025-07-04T01:30:12+00:00","og_image":[{"width":1200,"height":900,"url":"https:\/\/eautomobiliai.lt\/wp-content\/uploads\/2025\/07\/\u201eTesla-siulo-nauju-paskatu-Y-modeliui-islaikyti-pardavimus-naujame-ketvirtyje.jpg","type":"image\/jpeg"}],"author":"admin","twitter_card":"summary_large_image","twitter_misc":{"Written by":"admin","Est. reading time":"3 minut\u0117s"},"schema":{"@context":"https:\/\/schema.org","@graph":[{"@type":"Article","@id":"https:\/\/eautomobiliai.lt\/index.php\/2025\/07\/04\/tesla-siulo-nauju-paskatu-y-modeliui-islaikyti-pardavimus-naujame-ketvirtyje\/#article","isPartOf":{"@id":"https:\/\/eautomobiliai.lt\/index.php\/2025\/07\/04\/tesla-siulo-nauju-paskatu-y-modeliui-islaikyti-pardavimus-naujame-ketvirtyje\/"},"author":{"name":"admin","@id":"http:\/\/eautomobiliai.lt\/#\/schema\/person\/ecf2a967f361217d056061f74deb92f2"},"headline":"\u201eTesla\u201c si\u016blo nauj\u0173 paskat\u0173 Y modeliui i\u0161laikyti pardavimus naujame ketvirtyje","datePublished":"2025-07-04T01:30:12+00:00","mainEntityOfPage":{"@id":"https:\/\/eautomobiliai.lt\/index.php\/2025\/07\/04\/tesla-siulo-nauju-paskatu-y-modeliui-islaikyti-pardavimus-naujame-ketvirtyje\/"},"wordCount":529,"commentCount":0,"image":{"@id":"https:\/\/eautomobiliai.lt\/index.php\/2025\/07\/04\/tesla-siulo-nauju-paskatu-y-modeliui-islaikyti-pardavimus-naujame-ketvirtyje\/#primaryimage"},"thumbnailUrl":"http:\/\/eautomobiliai.lt\/wp-content\/uploads\/2025\/07\/\u201eTesla-siulo-nauju-paskatu-Y-modeliui-islaikyti-pardavimus-naujame-ketvirtyje.jpg","keywords":["i\u0161laikyti","ketvirtyje","modeliui","naujame","nauj\u0173","pardavimus","paskat\u0173","si\u016blo","Tesla"],"articleSection":["eAUTOMOBILI\u0172 TECHNIN\u0116 PUS\u0116"],"inLanguage":"lt-LT","potentialAction":[{"@type":"CommentAction","name":"Comment","target":["https:\/\/eautomobiliai.lt\/index.php\/2025\/07\/04\/tesla-siulo-nauju-paskatu-y-modeliui-islaikyti-pardavimus-naujame-ketvirtyje\/#respond"]}]},{"@type":"WebPage","@id":"https:\/\/eautomobiliai.lt\/index.php\/2025\/07\/04\/tesla-siulo-nauju-paskatu-y-modeliui-islaikyti-pardavimus-naujame-ketvirtyje\/","url":"https:\/\/eautomobiliai.lt\/index.php\/2025\/07\/04\/tesla-siulo-nauju-paskatu-y-modeliui-islaikyti-pardavimus-naujame-ketvirtyje\/","name":"\u201eTesla\u201c si\u016blo nauj\u0173 paskat\u0173 Y modeliui i\u0161laikyti pardavimus naujame ketvirtyje - Eautomobiliai.lt","isPartOf":{"@id":"http:\/\/eautomobiliai.lt\/#website"},"primaryImageOfPage":{"@id":"https:\/\/eautomobiliai.lt\/index.php\/2025\/07\/04\/tesla-siulo-nauju-paskatu-y-modeliui-islaikyti-pardavimus-naujame-ketvirtyje\/#primaryimage"},"image":{"@id":"https:\/\/eautomobiliai.lt\/index.php\/2025\/07\/04\/tesla-siulo-nauju-paskatu-y-modeliui-islaikyti-pardavimus-naujame-ketvirtyje\/#primaryimage"},"thumbnailUrl":"http:\/\/eautomobiliai.lt\/wp-content\/uploads\/2025\/07\/\u201eTesla-siulo-nauju-paskatu-Y-modeliui-islaikyti-pardavimus-naujame-ketvirtyje.jpg","datePublished":"2025-07-04T01:30:12+00:00","author":{"@id":"http:\/\/eautomobiliai.lt\/#\/schema\/person\/ecf2a967f361217d056061f74deb92f2"},"breadcrumb":{"@id":"https:\/\/eautomobiliai.lt\/index.php\/2025\/07\/04\/tesla-siulo-nauju-paskatu-y-modeliui-islaikyti-pardavimus-naujame-ketvirtyje\/#breadcrumb"},"inLanguage":"lt-LT","potentialAction":[{"@type":"ReadAction","target":["https:\/\/eautomobiliai.lt\/index.php\/2025\/07\/04\/tesla-siulo-nauju-paskatu-y-modeliui-islaikyti-pardavimus-naujame-ketvirtyje\/"]}]},{"@type":"ImageObject","inLanguage":"lt-LT","@id":"https:\/\/eautomobiliai.lt\/index.php\/2025\/07\/04\/tesla-siulo-nauju-paskatu-y-modeliui-islaikyti-pardavimus-naujame-ketvirtyje\/#primaryimage","url":"http:\/\/eautomobiliai.lt\/wp-content\/uploads\/2025\/07\/\u201eTesla-siulo-nauju-paskatu-Y-modeliui-islaikyti-pardavimus-naujame-ketvirtyje.jpg","contentUrl":"http:\/\/eautomobiliai.lt\/wp-content\/uploads\/2025\/07\/\u201eTesla-siulo-nauju-paskatu-Y-modeliui-islaikyti-pardavimus-naujame-ketvirtyje.jpg","width":1200,"height":900},{"@type":"BreadcrumbList","@id":"https:\/\/eautomobiliai.lt\/index.php\/2025\/07\/04\/tesla-siulo-nauju-paskatu-y-modeliui-islaikyti-pardavimus-naujame-ketvirtyje\/#breadcrumb","itemListElement":[{"@type":"ListItem","position":1,"name":"Home","item":"http:\/\/eautomobiliai.lt\/"},{"@type":"ListItem","position":2,"name":"\u201eTesla\u201c si\u016blo nauj\u0173 paskat\u0173 Y modeliui i\u0161laikyti pardavimus naujame ketvirtyje"}]},{"@type":"WebSite","@id":"http:\/\/eautomobiliai.lt\/#website","url":"http:\/\/eautomobiliai.lt\/","name":"Eautomobiliai.lt","description":"Elektrinis transportas, technologijos","potentialAction":[{"@type":"SearchAction","target":{"@type":"EntryPoint","urlTemplate":"http:\/\/eautomobiliai.lt\/?s={search_term_string}"},"query-input":{"@type":"PropertyValueSpecification","valueRequired":true,"valueName":"search_term_string"}}],"inLanguage":"lt-LT"},{"@type":"Person","@id":"http:\/\/eautomobiliai.lt\/#\/schema\/person\/ecf2a967f361217d056061f74deb92f2","name":"admin","image":{"@type":"ImageObject","inLanguage":"lt-LT","@id":"http:\/\/eautomobiliai.lt\/#\/schema\/person\/image\/","url":"https:\/\/secure.gravatar.com\/avatar\/6323379efae0c70c686c7905444d6bbd?s=96&d=mm&r=g","contentUrl":"https:\/\/secure.gravatar.com\/avatar\/6323379efae0c70c686c7905444d6bbd?s=96&d=mm&r=g","caption":"admin"},"sameAs":["http:\/\/eautomobiliai.lt"],"url":"http:\/\/eautomobiliai.lt\/index.php\/author\/admin\/"}]}},"_links":{"self":[{"href":"http:\/\/eautomobiliai.lt\/index.php\/wp-json\/wp\/v2\/posts\/1391","targetHints":{"allow":["GET"]}}],"collection":[{"href":"http:\/\/eautomobiliai.lt\/index.php\/wp-json\/wp\/v2\/posts"}],"about":[{"href":"http:\/\/eautomobiliai.lt\/index.php\/wp-json\/wp\/v2\/types\/post"}],"author":[{"embeddable":true,"href":"http:\/\/eautomobiliai.lt\/index.php\/wp-json\/wp\/v2\/users\/1"}],"replies":[{"embeddable":true,"href":"http:\/\/eautomobiliai.lt\/index.php\/wp-json\/wp\/v2\/comments?post=1391"}],"version-history":[{"count":0,"href":"http:\/\/eautomobiliai.lt\/index.php\/wp-json\/wp\/v2\/posts\/1391\/revisions"}],"wp:featuredmedia":[{"embeddable":true,"href":"http:\/\/eautomobiliai.lt\/index.php\/wp-json\/wp\/v2\/media\/1392"}],"wp:attachment":[{"href":"http:\/\/eautomobiliai.lt\/index.php\/wp-json\/wp\/v2\/media?parent=1391"}],"wp:term":[{"taxonomy":"category","embeddable":true,"href":"http:\/\/eautomobiliai.lt\/index.php\/wp-json\/wp\/v2\/categories?post=1391"},{"taxonomy":"post_tag","embeddable":true,"href":"http:\/\/eautomobiliai.lt\/index.php\/wp-json\/wp\/v2\/tags?post=1391"}],"curies":[{"name":"wp","href":"https:\/\/api.w.org\/{rel}","templated":true}]}}