{"id":1395,"date":"2025-07-04T09:31:24","date_gmt":"2025-07-04T09:31:24","guid":{"rendered":"http:\/\/eautomobiliai.lt\/index.php\/2025\/07\/04\/network-sako-kad-tai-gali-padeti-ikrauti-teisinga-efektyvu-ir-patikima\/"},"modified":"2025-07-04T09:31:24","modified_gmt":"2025-07-04T09:31:24","slug":"network-sako-kad-tai-gali-padeti-ikrauti-teisinga-efektyvu-ir-patikima","status":"publish","type":"post","link":"http:\/\/eautomobiliai.lt\/index.php\/2025\/07\/04\/network-sako-kad-tai-gali-padeti-ikrauti-teisinga-efektyvu-ir-patikima\/","title":{"rendered":"\u201eNetwork\u201c sako, kad tai gali pad\u0117ti \u012fkrauti \u201eteising\u0105, efektyv\u0173 ir patikim\u0105\u201c"},"content":{"rendered":"<p> <br \/>\n<\/p>\n<div id=\"\">\n<p>\u201eAusgrid\u201c, did\u017eiausio paskirstyto Australijos tinklo operatorius, nori tur\u0117ti \u012ftakos \u201eKerbside EV\u201c \u012fkrovimui \u012f savo nam\u0173 vel\u0117n\u0105 Naujajame Piet\u0173 Velse-\u0161iuo metu DNSP paslaug\u0173 teikimas neleid\u017eiama teikti d\u0117l \u017eiedo aptverimo taisykli\u0173.<\/p>\n<p>Kas tur\u0117t\u0173 ir ko netur\u0117t\u0173 pristatyti gatv\u0117je, \u0161iuo metu yra kar\u0161t\u0173 diskusij\u0173 tema per pirm\u0105j\u012f vie\u0161\u0105 NSW parlamento elektromobili\u0173 infrastrukt\u016bros tyrimo, kuris kovo m\u0117nes\u012f buvo pakviestas i\u0161tirti rink\u0105 ir jos reguliavim\u0105, pirmame vie\u0161ame pos\u0117dyje.<\/p>\n<p>Pateikime, tinklo \u012fmon\u0117s ir energetikos tinklai Australija teig\u0117, kad tur\u0117t\u0173 b\u016bti atsisakytos \u017eiedo aptvar\u0173 taisykli\u0173, kad tinklo galios poliai b\u016bt\u0173 \u012fdiegti EV \u012fkroviklius, kad b\u016bt\u0173 galima spr\u0119sti \u201erinkos nes\u0117kmes\u201c, kaip AAP prane\u0161a \u010dia apie \u201eDrive\u201c.<\/p>\n<p>EV pramon\u0117s grup\u0117s ir vartotoj\u0173 \u0161alininkai nesutinka, teigdami, kad leisti reguliuojamiems tinklams imti nam\u0173 \u016bkius u\u017e j\u0173 \u012fdiegt\u0105 \u012frang\u0105, b\u016bt\u0173 \u201ekonkurencinga\u201c.<\/p>\n<p>\u201eJ\u0173 rezultatai yra leid\u017eiami neefektyviai dislokuoti de\u0161imtis t\u016bkstan\u010di\u0173 valstybini\u0173 EV \u012fkrovikli\u0173\u201c, &#8211; apklausai sak\u0117 in\u017einierius ir buv\u0119s elektromobili\u0173 tarybos atstovas Ross de Rango.<\/p>\n<p>\u201eJie nori, kad visi, mokantys s\u0105skait\u0105 u\u017e energij\u0105, padengia \u0161io pratimo kain\u0105 &#8211; ne tik diegim\u0105, bet ir \u012f technin\u0119 prie\u017ei\u016br\u0105, taip pat j\u0173 pelno mar\u017eas\u201c.<\/p>\n<p>Ta\u010diau Robas Amphlettas Lewisas, paskirstyt\u0173 paslaug\u0173 \u201eAusGrid\u201c grup\u0117s vadovas, teigia, kad efektyvus ir reguliuojamas \u201eKerbside\u201c \u012fkrovikli\u0173 \u012frengimas yra nepaprastai svarbus teisingam per\u0117jimui prie elektrini\u0173 transporto priemoni\u0173.<\/p>\n<p>\u201eMes turime tuos, kurie turi savo namus ir turi automobili\u0173 stov\u0117jimo aik\u0161tel\u0119 ne gatv\u0117je, ir \u012fkrauna j\u0173 transporto priemon\u0119 \u017eymiai pigiau nei tie, kurie &#8230; n\u0117ra finansi\u0161kai, kad gal\u0117t\u0173 tur\u0117ti nam\u0105 su automobili\u0173 stov\u0117jimo aik\u0161tele ne gatv\u0117je\u201c,-\u0161i\u0105 savait\u0119 jis pasakojo naujausiam \u201eSolar Insiders\u201c podcast&#8217;o leidimui.<\/p>\n<p>&#8222;Kod\u0117l tai s\u0105\u017eininga? Ir kaip tai padeda mums pereiti \u012f priek\u012f tokiu b\u016bdu, kuris b\u016bt\u0173 teisingas?&#8221; Jis pasakoja \u201ePodcast\u201c, kuris bus paskelbtas v\u0117liau \u0161i\u0105 savait\u0119.<\/p>\n<p>\u201eKaip mes gauname sistem\u0105 &#8230; kai asmuo gali stov\u0117ti savo gatv\u0117je ir \u012fkrauti savo automobil\u012f i\u0161 galios stulpo arba i\u0161\u201e Kerbside \u201cir \u012fkrauti tai \u012f savo namus u\u017e t\u0105 pa\u010di\u0105 kain\u0105 kaip ir j\u0173 nam\u0173 energija. \u0160tai kas yra teisinga.<\/p>\n<p>\u201eMes manome, kad\u201e AusGrid \u201cgal\u0117t\u0173 i\u0161leisti mokes\u010di\u0173 tinkl\u0105 tose vietose, kur\u2026 yra poreikis ir tur\u0117ti ma\u017emeninink\u0105 ar bet kur\u012f mokes\u010di\u0173 ta\u0161ko operatori\u0173, parduodam\u0173 per t\u0105 konkret\u0173 padalin\u012f.<\/p>\n<p>\u201eMes neparduosime jokios energijos, mes tiesiog teiktume efektyviai, ki\u0161tuko lizd\u0105 ir technologij\u0105, kuri leido kiekvienam apmokestinti savo transporto priemon\u0119 per bet kur\u012f pasirinkt\u0105 apmokestinam\u0105j\u012f operatori\u0173 ar ma\u017emeninink\u0105.\u201c<\/p>\n<p>\u201eAmphlett Lewis\u201c sako, kad tinklai taip pat tur\u0117t\u0173 ger\u0105 pad\u0117t\u012f u\u017etikrinti, kad esamoje tinklo infrastrukt\u016broje \u012fdiegti \u201eKerbside Chargers\u201c b\u016bt\u0173 gerai aptarnaujami ir netinkami, kai vairuotojams j\u0173 reikia.<\/p>\n<p>&#8222;Mes vykdome gatvi\u0173 \u0161viesas aplink Sidn\u0117j\u0173 ir, kai \u017elunga gatv\u0117s \u0161viesa, mes turime labai grie\u017etus sutartinius \u012fsipareigojimus, kaip greitai einame ir pakeisime tai ar kaip greitai j\u012f i\u0161taisome. Kod\u0117l mes neturime to paties EV \u012fkrovimo modelio?&#8221; Jis sako.<\/p>\n<p>\u201eKod\u0117l mes to nepadarytume teisingu, efektyviu ir patikimu, kad \u017emon\u0117s &#8230; Kai jie ateis \u012f kit\u0105 transporto priemon\u0117s pirkim\u0105, jie \u012fgijo pasitik\u0117jimo savimi, kad jis tapt\u0173 elektrine transporto priemone.<\/p>\n<p>\u201eIr kuo daugiau elektrini\u0173 transporto priemoni\u0173 patenkame \u012f sistem\u0105, tuo didesnis tinklo panaudojimas padid\u0117ja. Kuo daugiau elektron\u0173 sunaudojama, tuo ma\u017eesn\u0117s vidutin\u0117s elektron\u0173 kainos.<\/p>\n<p>\u201eM\u016bs\u0173 apskai\u010diavimas yra tas, kad iki 2030 m., Galb\u016bt 2032 m., Papildoma apkrova m\u016bs\u0173 tinkle suma\u017eins elektros energijos kainas, vidutines kliento i\u0161laidas 18 USD.<\/p>\n<p>\u201eDabar, jei mes i\u0161leisime EV \u012fkrovikli\u0173, kainuojan\u010di\u0173 1,60 USD, tinkl\u0105, tai i\u0161 tikr\u0173j\u0173 yra 1,60 USD la\u017eyb\u0173, siekiant u\u017etikrinti, kad \u0161i apkrova suma\u017eint\u0173 i\u0161laidas visiems. \u0160tai kod\u0117l mes diskutuojame su reguliatoriumi.\u201c<\/p>\n<p>&#8222;Ir, \u017einote, jei \u017emon\u0117s nesutinka, viskas gerai. Bet mes ketiname\u2026 atidaryti diskusijas ir mes apie tai kalb\u0117sim\u0117s. Diskusija.&#8221;<\/p>\n<div class=\"saboxplugin-wrap\" itemtype=\"http:\/\/schema.org\/Person\" itemscope=\"\" itemprop=\"author\">\n<div class=\"saboxplugin-tab\">\n<div class=\"saboxplugin-gravatar\"><img loading=\"lazy\" decoding=\"async\" src=\"https:\/\/thedriven.io\/wp-content\/uploads\/2021\/11\/sophie.jpg\" width=\"100\" height=\"100\" alt=\"Sophie Gale\" itemprop=\"image\"\/><\/div>\n<\/div>\n<\/div>\n<p><!-- AI CONTENT END 1 --><\/p><\/div>\n<p><br \/>\n<br \/><a href=\"https:\/\/thedriven.io\/2025\/07\/04\/network-says-it-can-help-make-ev-charging-equitable-effective-and-reliable\/\">Source link <\/a><\/p>\n","protected":false},"excerpt":{"rendered":"<p>\u201eAusgrid\u201c, did\u017eiausio paskirstyto Australijos tinklo operatorius, nori tur\u0117ti \u012ftakos \u201eKerbside EV\u201c \u012fkrovimui \u012f savo nam\u0173 vel\u0117n\u0105 Naujajame Piet\u0173 Velse-\u0161iuo metu&hellip;<\/p>\n","protected":false},"author":1,"featured_media":1396,"comment_status":"open","ping_status":"open","sticky":false,"template":"","format":"standard","meta":{"om_disable_all_campaigns":false,"_monsterinsights_skip_tracking":false,"_monsterinsights_sitenote_active":false,"_monsterinsights_sitenote_note":"","_monsterinsights_sitenote_category":0,"footnotes":""},"categories":[39],"tags":[2777,169,2775,339,2774,881,2778,636,20,2776],"class_list":["post-1395","post","type-post","status-publish","format-standard","has-post-thumbnail","hentry","category-eautomobiliu-technine-puse","tag-efektyvu","tag-gali","tag-ikrauti","tag-kad","tag-network","tag-padeti","tag-patikima","tag-sako","tag-tai","tag-teisinga"],"aioseo_notices":[],"yoast_head":"<!-- This site is optimized with the Yoast SEO plugin v26.8 - https:\/\/yoast.com\/product\/yoast-seo-wordpress\/ -->\n<title>\u201eNetwork\u201c sako, kad tai gali pad\u0117ti \u012fkrauti \u201eteising\u0105, efektyv\u0173 ir patikim\u0105\u201c - Eautomobiliai.lt<\/title>\n<meta name=\"robots\" content=\"index, follow, max-snippet:-1, max-image-preview:large, max-video-preview:-1\" \/>\n<link rel=\"canonical\" href=\"http:\/\/eautomobiliai.lt\/index.php\/2025\/07\/04\/network-sako-kad-tai-gali-padeti-ikrauti-teisinga-efektyvu-ir-patikima\/\" \/>\n<meta property=\"og:locale\" content=\"lt_LT\" \/>\n<meta property=\"og:type\" content=\"article\" \/>\n<meta property=\"og:title\" content=\"\u201eNetwork\u201c sako, kad tai gali pad\u0117ti \u012fkrauti \u201eteising\u0105, efektyv\u0173 ir patikim\u0105\u201c - Eautomobiliai.lt\" \/>\n<meta property=\"og:description\" content=\"\u201eAusgrid\u201c, did\u017eiausio paskirstyto Australijos tinklo operatorius, nori tur\u0117ti \u012ftakos \u201eKerbside EV\u201c \u012fkrovimui \u012f savo nam\u0173 vel\u0117n\u0105 Naujajame Piet\u0173 Velse-\u0161iuo metu&hellip;\" \/>\n<meta property=\"og:url\" content=\"http:\/\/eautomobiliai.lt\/index.php\/2025\/07\/04\/network-sako-kad-tai-gali-padeti-ikrauti-teisinga-efektyvu-ir-patikima\/\" \/>\n<meta property=\"og:site_name\" content=\"Eautomobiliai.lt\" \/>\n<meta property=\"article:published_time\" content=\"2025-07-04T09:31:24+00:00\" \/>\n<meta property=\"og:image\" content=\"http:\/\/eautomobiliai.lt\/wp-content\/uploads\/2025\/07\/\u201eNetwork-sako-kad-tai-gali-padeti-ikrauti-\u201eteisinga-efektyvu-ir.jpg\" \/>\n\t<meta property=\"og:image:width\" content=\"1790\" \/>\n\t<meta property=\"og:image:height\" content=\"1184\" \/>\n\t<meta property=\"og:image:type\" content=\"image\/jpeg\" \/>\n<meta name=\"author\" content=\"admin\" \/>\n<meta name=\"twitter:card\" content=\"summary_large_image\" \/>\n<meta name=\"twitter:label1\" content=\"Written by\" \/>\n\t<meta name=\"twitter:data1\" content=\"admin\" \/>\n\t<meta name=\"twitter:label2\" content=\"Est. reading time\" \/>\n\t<meta name=\"twitter:data2\" content=\"3 minut\u0117s\" \/>\n<script type=\"application\/ld+json\" class=\"yoast-schema-graph\">{\"@context\":\"https:\/\/schema.org\",\"@graph\":[{\"@type\":\"Article\",\"@id\":\"http:\/\/eautomobiliai.lt\/index.php\/2025\/07\/04\/network-sako-kad-tai-gali-padeti-ikrauti-teisinga-efektyvu-ir-patikima\/#article\",\"isPartOf\":{\"@id\":\"http:\/\/eautomobiliai.lt\/index.php\/2025\/07\/04\/network-sako-kad-tai-gali-padeti-ikrauti-teisinga-efektyvu-ir-patikima\/\"},\"author\":{\"name\":\"admin\",\"@id\":\"https:\/\/eautomobiliai.lt\/#\/schema\/person\/ecf2a967f361217d056061f74deb92f2\"},\"headline\":\"\u201eNetwork\u201c sako, kad tai gali pad\u0117ti \u012fkrauti \u201eteising\u0105, efektyv\u0173 ir patikim\u0105\u201c\",\"datePublished\":\"2025-07-04T09:31:24+00:00\",\"mainEntityOfPage\":{\"@id\":\"http:\/\/eautomobiliai.lt\/index.php\/2025\/07\/04\/network-sako-kad-tai-gali-padeti-ikrauti-teisinga-efektyvu-ir-patikima\/\"},\"wordCount\":656,\"commentCount\":0,\"image\":{\"@id\":\"http:\/\/eautomobiliai.lt\/index.php\/2025\/07\/04\/network-sako-kad-tai-gali-padeti-ikrauti-teisinga-efektyvu-ir-patikima\/#primaryimage\"},\"thumbnailUrl\":\"http:\/\/eautomobiliai.lt\/wp-content\/uploads\/2025\/07\/\u201eNetwork-sako-kad-tai-gali-padeti-ikrauti-\u201eteisinga-efektyvu-ir.jpg\",\"keywords\":[\"efektyv\u0173\",\"gali\",\"\u012fkrauti\",\"kad\",\"Network\",\"pad\u0117ti\",\"patikim\u0105\",\"sako\",\"Tai\",\"teising\u0105\"],\"articleSection\":[\"eAUTOMOBILI\u0172 TECHNIN\u0116 PUS\u0116\"],\"inLanguage\":\"lt-LT\",\"potentialAction\":[{\"@type\":\"CommentAction\",\"name\":\"Comment\",\"target\":[\"http:\/\/eautomobiliai.lt\/index.php\/2025\/07\/04\/network-sako-kad-tai-gali-padeti-ikrauti-teisinga-efektyvu-ir-patikima\/#respond\"]}]},{\"@type\":\"WebPage\",\"@id\":\"http:\/\/eautomobiliai.lt\/index.php\/2025\/07\/04\/network-sako-kad-tai-gali-padeti-ikrauti-teisinga-efektyvu-ir-patikima\/\",\"url\":\"http:\/\/eautomobiliai.lt\/index.php\/2025\/07\/04\/network-sako-kad-tai-gali-padeti-ikrauti-teisinga-efektyvu-ir-patikima\/\",\"name\":\"\u201eNetwork\u201c sako, kad tai gali pad\u0117ti \u012fkrauti \u201eteising\u0105, efektyv\u0173 ir patikim\u0105\u201c - Eautomobiliai.lt\",\"isPartOf\":{\"@id\":\"https:\/\/eautomobiliai.lt\/#website\"},\"primaryImageOfPage\":{\"@id\":\"http:\/\/eautomobiliai.lt\/index.php\/2025\/07\/04\/network-sako-kad-tai-gali-padeti-ikrauti-teisinga-efektyvu-ir-patikima\/#primaryimage\"},\"image\":{\"@id\":\"http:\/\/eautomobiliai.lt\/index.php\/2025\/07\/04\/network-sako-kad-tai-gali-padeti-ikrauti-teisinga-efektyvu-ir-patikima\/#primaryimage\"},\"thumbnailUrl\":\"http:\/\/eautomobiliai.lt\/wp-content\/uploads\/2025\/07\/\u201eNetwork-sako-kad-tai-gali-padeti-ikrauti-\u201eteisinga-efektyvu-ir.jpg\",\"datePublished\":\"2025-07-04T09:31:24+00:00\",\"author\":{\"@id\":\"https:\/\/eautomobiliai.lt\/#\/schema\/person\/ecf2a967f361217d056061f74deb92f2\"},\"breadcrumb\":{\"@id\":\"http:\/\/eautomobiliai.lt\/index.php\/2025\/07\/04\/network-sako-kad-tai-gali-padeti-ikrauti-teisinga-efektyvu-ir-patikima\/#breadcrumb\"},\"inLanguage\":\"lt-LT\",\"potentialAction\":[{\"@type\":\"ReadAction\",\"target\":[\"http:\/\/eautomobiliai.lt\/index.php\/2025\/07\/04\/network-sako-kad-tai-gali-padeti-ikrauti-teisinga-efektyvu-ir-patikima\/\"]}]},{\"@type\":\"ImageObject\",\"inLanguage\":\"lt-LT\",\"@id\":\"http:\/\/eautomobiliai.lt\/index.php\/2025\/07\/04\/network-sako-kad-tai-gali-padeti-ikrauti-teisinga-efektyvu-ir-patikima\/#primaryimage\",\"url\":\"http:\/\/eautomobiliai.lt\/wp-content\/uploads\/2025\/07\/\u201eNetwork-sako-kad-tai-gali-padeti-ikrauti-\u201eteisinga-efektyvu-ir.jpg\",\"contentUrl\":\"http:\/\/eautomobiliai.lt\/wp-content\/uploads\/2025\/07\/\u201eNetwork-sako-kad-tai-gali-padeti-ikrauti-\u201eteisinga-efektyvu-ir.jpg\",\"width\":1790,\"height\":1184},{\"@type\":\"BreadcrumbList\",\"@id\":\"http:\/\/eautomobiliai.lt\/index.php\/2025\/07\/04\/network-sako-kad-tai-gali-padeti-ikrauti-teisinga-efektyvu-ir-patikima\/#breadcrumb\",\"itemListElement\":[{\"@type\":\"ListItem\",\"position\":1,\"name\":\"Home\",\"item\":\"https:\/\/eautomobiliai.lt\/\"},{\"@type\":\"ListItem\",\"position\":2,\"name\":\"\u201eNetwork\u201c sako, kad tai gali pad\u0117ti \u012fkrauti \u201eteising\u0105, efektyv\u0173 ir patikim\u0105\u201c\"}]},{\"@type\":\"WebSite\",\"@id\":\"https:\/\/eautomobiliai.lt\/#website\",\"url\":\"https:\/\/eautomobiliai.lt\/\",\"name\":\"Eautomobiliai.lt\",\"description\":\"Elektrinis transportas, technologijos\",\"potentialAction\":[{\"@type\":\"SearchAction\",\"target\":{\"@type\":\"EntryPoint\",\"urlTemplate\":\"https:\/\/eautomobiliai.lt\/?s={search_term_string}\"},\"query-input\":{\"@type\":\"PropertyValueSpecification\",\"valueRequired\":true,\"valueName\":\"search_term_string\"}}],\"inLanguage\":\"lt-LT\"},{\"@type\":\"Person\",\"@id\":\"https:\/\/eautomobiliai.lt\/#\/schema\/person\/ecf2a967f361217d056061f74deb92f2\",\"name\":\"admin\",\"image\":{\"@type\":\"ImageObject\",\"inLanguage\":\"lt-LT\",\"@id\":\"https:\/\/eautomobiliai.lt\/#\/schema\/person\/image\/\",\"url\":\"https:\/\/secure.gravatar.com\/avatar\/6323379efae0c70c686c7905444d6bbd?s=96&d=mm&r=g\",\"contentUrl\":\"https:\/\/secure.gravatar.com\/avatar\/6323379efae0c70c686c7905444d6bbd?s=96&d=mm&r=g\",\"caption\":\"admin\"},\"sameAs\":[\"http:\/\/eautomobiliai.lt\"],\"url\":\"http:\/\/eautomobiliai.lt\/index.php\/author\/admin\/\"}]}<\/script>\n<!-- \/ Yoast SEO plugin. -->","yoast_head_json":{"title":"\u201eNetwork\u201c sako, kad tai gali pad\u0117ti \u012fkrauti \u201eteising\u0105, efektyv\u0173 ir patikim\u0105\u201c - Eautomobiliai.lt","robots":{"index":"index","follow":"follow","max-snippet":"max-snippet:-1","max-image-preview":"max-image-preview:large","max-video-preview":"max-video-preview:-1"},"canonical":"http:\/\/eautomobiliai.lt\/index.php\/2025\/07\/04\/network-sako-kad-tai-gali-padeti-ikrauti-teisinga-efektyvu-ir-patikima\/","og_locale":"lt_LT","og_type":"article","og_title":"\u201eNetwork\u201c sako, kad tai gali pad\u0117ti \u012fkrauti \u201eteising\u0105, efektyv\u0173 ir patikim\u0105\u201c - Eautomobiliai.lt","og_description":"\u201eAusgrid\u201c, did\u017eiausio paskirstyto Australijos tinklo operatorius, nori tur\u0117ti \u012ftakos \u201eKerbside EV\u201c \u012fkrovimui \u012f savo nam\u0173 vel\u0117n\u0105 Naujajame Piet\u0173 Velse-\u0161iuo metu&hellip;","og_url":"http:\/\/eautomobiliai.lt\/index.php\/2025\/07\/04\/network-sako-kad-tai-gali-padeti-ikrauti-teisinga-efektyvu-ir-patikima\/","og_site_name":"Eautomobiliai.lt","article_published_time":"2025-07-04T09:31:24+00:00","og_image":[{"width":1790,"height":1184,"url":"http:\/\/eautomobiliai.lt\/wp-content\/uploads\/2025\/07\/\u201eNetwork-sako-kad-tai-gali-padeti-ikrauti-\u201eteisinga-efektyvu-ir.jpg","type":"image\/jpeg"}],"author":"admin","twitter_card":"summary_large_image","twitter_misc":{"Written by":"admin","Est. reading time":"3 minut\u0117s"},"schema":{"@context":"https:\/\/schema.org","@graph":[{"@type":"Article","@id":"http:\/\/eautomobiliai.lt\/index.php\/2025\/07\/04\/network-sako-kad-tai-gali-padeti-ikrauti-teisinga-efektyvu-ir-patikima\/#article","isPartOf":{"@id":"http:\/\/eautomobiliai.lt\/index.php\/2025\/07\/04\/network-sako-kad-tai-gali-padeti-ikrauti-teisinga-efektyvu-ir-patikima\/"},"author":{"name":"admin","@id":"https:\/\/eautomobiliai.lt\/#\/schema\/person\/ecf2a967f361217d056061f74deb92f2"},"headline":"\u201eNetwork\u201c sako, kad tai gali pad\u0117ti \u012fkrauti \u201eteising\u0105, efektyv\u0173 ir patikim\u0105\u201c","datePublished":"2025-07-04T09:31:24+00:00","mainEntityOfPage":{"@id":"http:\/\/eautomobiliai.lt\/index.php\/2025\/07\/04\/network-sako-kad-tai-gali-padeti-ikrauti-teisinga-efektyvu-ir-patikima\/"},"wordCount":656,"commentCount":0,"image":{"@id":"http:\/\/eautomobiliai.lt\/index.php\/2025\/07\/04\/network-sako-kad-tai-gali-padeti-ikrauti-teisinga-efektyvu-ir-patikima\/#primaryimage"},"thumbnailUrl":"http:\/\/eautomobiliai.lt\/wp-content\/uploads\/2025\/07\/\u201eNetwork-sako-kad-tai-gali-padeti-ikrauti-\u201eteisinga-efektyvu-ir.jpg","keywords":["efektyv\u0173","gali","\u012fkrauti","kad","Network","pad\u0117ti","patikim\u0105","sako","Tai","teising\u0105"],"articleSection":["eAUTOMOBILI\u0172 TECHNIN\u0116 PUS\u0116"],"inLanguage":"lt-LT","potentialAction":[{"@type":"CommentAction","name":"Comment","target":["http:\/\/eautomobiliai.lt\/index.php\/2025\/07\/04\/network-sako-kad-tai-gali-padeti-ikrauti-teisinga-efektyvu-ir-patikima\/#respond"]}]},{"@type":"WebPage","@id":"http:\/\/eautomobiliai.lt\/index.php\/2025\/07\/04\/network-sako-kad-tai-gali-padeti-ikrauti-teisinga-efektyvu-ir-patikima\/","url":"http:\/\/eautomobiliai.lt\/index.php\/2025\/07\/04\/network-sako-kad-tai-gali-padeti-ikrauti-teisinga-efektyvu-ir-patikima\/","name":"\u201eNetwork\u201c sako, kad tai gali pad\u0117ti \u012fkrauti \u201eteising\u0105, efektyv\u0173 ir patikim\u0105\u201c - Eautomobiliai.lt","isPartOf":{"@id":"https:\/\/eautomobiliai.lt\/#website"},"primaryImageOfPage":{"@id":"http:\/\/eautomobiliai.lt\/index.php\/2025\/07\/04\/network-sako-kad-tai-gali-padeti-ikrauti-teisinga-efektyvu-ir-patikima\/#primaryimage"},"image":{"@id":"http:\/\/eautomobiliai.lt\/index.php\/2025\/07\/04\/network-sako-kad-tai-gali-padeti-ikrauti-teisinga-efektyvu-ir-patikima\/#primaryimage"},"thumbnailUrl":"http:\/\/eautomobiliai.lt\/wp-content\/uploads\/2025\/07\/\u201eNetwork-sako-kad-tai-gali-padeti-ikrauti-\u201eteisinga-efektyvu-ir.jpg","datePublished":"2025-07-04T09:31:24+00:00","author":{"@id":"https:\/\/eautomobiliai.lt\/#\/schema\/person\/ecf2a967f361217d056061f74deb92f2"},"breadcrumb":{"@id":"http:\/\/eautomobiliai.lt\/index.php\/2025\/07\/04\/network-sako-kad-tai-gali-padeti-ikrauti-teisinga-efektyvu-ir-patikima\/#breadcrumb"},"inLanguage":"lt-LT","potentialAction":[{"@type":"ReadAction","target":["http:\/\/eautomobiliai.lt\/index.php\/2025\/07\/04\/network-sako-kad-tai-gali-padeti-ikrauti-teisinga-efektyvu-ir-patikima\/"]}]},{"@type":"ImageObject","inLanguage":"lt-LT","@id":"http:\/\/eautomobiliai.lt\/index.php\/2025\/07\/04\/network-sako-kad-tai-gali-padeti-ikrauti-teisinga-efektyvu-ir-patikima\/#primaryimage","url":"http:\/\/eautomobiliai.lt\/wp-content\/uploads\/2025\/07\/\u201eNetwork-sako-kad-tai-gali-padeti-ikrauti-\u201eteisinga-efektyvu-ir.jpg","contentUrl":"http:\/\/eautomobiliai.lt\/wp-content\/uploads\/2025\/07\/\u201eNetwork-sako-kad-tai-gali-padeti-ikrauti-\u201eteisinga-efektyvu-ir.jpg","width":1790,"height":1184},{"@type":"BreadcrumbList","@id":"http:\/\/eautomobiliai.lt\/index.php\/2025\/07\/04\/network-sako-kad-tai-gali-padeti-ikrauti-teisinga-efektyvu-ir-patikima\/#breadcrumb","itemListElement":[{"@type":"ListItem","position":1,"name":"Home","item":"https:\/\/eautomobiliai.lt\/"},{"@type":"ListItem","position":2,"name":"\u201eNetwork\u201c sako, kad tai gali pad\u0117ti \u012fkrauti \u201eteising\u0105, efektyv\u0173 ir patikim\u0105\u201c"}]},{"@type":"WebSite","@id":"https:\/\/eautomobiliai.lt\/#website","url":"https:\/\/eautomobiliai.lt\/","name":"Eautomobiliai.lt","description":"Elektrinis transportas, technologijos","potentialAction":[{"@type":"SearchAction","target":{"@type":"EntryPoint","urlTemplate":"https:\/\/eautomobiliai.lt\/?s={search_term_string}"},"query-input":{"@type":"PropertyValueSpecification","valueRequired":true,"valueName":"search_term_string"}}],"inLanguage":"lt-LT"},{"@type":"Person","@id":"https:\/\/eautomobiliai.lt\/#\/schema\/person\/ecf2a967f361217d056061f74deb92f2","name":"admin","image":{"@type":"ImageObject","inLanguage":"lt-LT","@id":"https:\/\/eautomobiliai.lt\/#\/schema\/person\/image\/","url":"https:\/\/secure.gravatar.com\/avatar\/6323379efae0c70c686c7905444d6bbd?s=96&d=mm&r=g","contentUrl":"https:\/\/secure.gravatar.com\/avatar\/6323379efae0c70c686c7905444d6bbd?s=96&d=mm&r=g","caption":"admin"},"sameAs":["http:\/\/eautomobiliai.lt"],"url":"http:\/\/eautomobiliai.lt\/index.php\/author\/admin\/"}]}},"_links":{"self":[{"href":"http:\/\/eautomobiliai.lt\/index.php\/wp-json\/wp\/v2\/posts\/1395","targetHints":{"allow":["GET"]}}],"collection":[{"href":"http:\/\/eautomobiliai.lt\/index.php\/wp-json\/wp\/v2\/posts"}],"about":[{"href":"http:\/\/eautomobiliai.lt\/index.php\/wp-json\/wp\/v2\/types\/post"}],"author":[{"embeddable":true,"href":"http:\/\/eautomobiliai.lt\/index.php\/wp-json\/wp\/v2\/users\/1"}],"replies":[{"embeddable":true,"href":"http:\/\/eautomobiliai.lt\/index.php\/wp-json\/wp\/v2\/comments?post=1395"}],"version-history":[{"count":0,"href":"http:\/\/eautomobiliai.lt\/index.php\/wp-json\/wp\/v2\/posts\/1395\/revisions"}],"wp:featuredmedia":[{"embeddable":true,"href":"http:\/\/eautomobiliai.lt\/index.php\/wp-json\/wp\/v2\/media\/1396"}],"wp:attachment":[{"href":"http:\/\/eautomobiliai.lt\/index.php\/wp-json\/wp\/v2\/media?parent=1395"}],"wp:term":[{"taxonomy":"category","embeddable":true,"href":"http:\/\/eautomobiliai.lt\/index.php\/wp-json\/wp\/v2\/categories?post=1395"},{"taxonomy":"post_tag","embeddable":true,"href":"http:\/\/eautomobiliai.lt\/index.php\/wp-json\/wp\/v2\/tags?post=1395"}],"curies":[{"name":"wp","href":"https:\/\/api.w.org\/{rel}","templated":true}]}}