{"id":1402,"date":"2025-07-05T05:18:08","date_gmt":"2025-07-05T05:18:08","guid":{"rendered":"https:\/\/eautomobiliai.lt\/index.php\/2025\/07\/05\/tesla-prototipas-sparks-speculiacija-y-modelis-galbut-siek-tiek-mazesnis\/"},"modified":"2025-07-05T05:18:08","modified_gmt":"2025-07-05T05:18:08","slug":"tesla-prototipas-sparks-speculiacija-y-modelis-galbut-siek-tiek-mazesnis","status":"publish","type":"post","link":"http:\/\/eautomobiliai.lt\/index.php\/2025\/07\/05\/tesla-prototipas-sparks-speculiacija-y-modelis-galbut-siek-tiek-mazesnis\/","title":{"rendered":"\u201eTesla\u201c prototipas Sparks Speculiacija: Y modelis, galb\u016bt \u0161iek tiek ma\u017eesnis"},"content":{"rendered":"<p> <br \/>\n<\/p>\n<div>\n<figure class=\"img-border featured-image\">\n\t<\/figure>\n<p>V\u0117l buvo pasteb\u0117tas naujas \u201eTesla\u201c prototipas, kuris v\u0117l buvo skirtas \u201eTesla\u201c akcinink\u0173 spekuliacijoms, net jei tai grei\u010diausiai yra tik Y modelis, potencialiai \u0161iek tiek ma\u017eesnis ir art\u0117janti pa\u0161alinta, pigesn\u0117 versija.<\/p>\n<p><span id=\"more-423464\"\/><\/p>\n<p>Per pastaruosius kelis m\u0117nesius buvo keletas pasteb\u0117jim\u0173 apie tai, kas atrodo kaip Y modelis su kamuflia\u017eu aplink Tesla Fremonto gamykl\u0105.<\/p>\n<p>Tai suk\u0117l\u0117 daugyb\u0119 spekuliacij\u0173, kad tai yra naujoji \u201eprieinama\u201c kompakti\u0161ka \u201eTesla\u201c transporto priemon\u0117.<\/p>\n<p>\u201eTesla\u201c bendruomen\u0117je yra painiavos aplink b\u016bsimas \u201eTesla\u201c transporto priemones \u201e\u012eperkamos\u201c, nes generalinis direktorius Elonas Muskas pra\u0117jusiais metais klaidingai paneig\u0117 prane\u0161im\u0105 apie \u201eTesla\u201c \u201e25 000 USD\u201c EV model\u012f.<\/p>\n<p>\t<span class=\"outbrain-ad-label\">Skelbimas &#8211; slinkite daugiau turinio<\/span><\/p>\n<p>Faktai yra tai, kad Muskas at\u0161auk\u0117 dvi pigesnes transporto priemones, prie kuri\u0173 dirbo \u201eTesla\u201c, 2024 m. Prad\u017eioje paprastai vadinama \u201e25 000 USD\u201e Tesla \u201c\u201c. Tos transporto priemon\u0117s buvo koduojamos NV91 ir NV92, ir jos buvo pagr\u012fstos naujos transporto priemoni\u0173 platforma, kuri\u0105 \u201eTesla\u201c dabar rezervuoja \u201eCyberCab\u201c.<\/p>\n<p>Vietoj to, Muskas pasteb\u0117jo, kad \u201eTesla\u201c 3 ir Y modelio gamybos linijos buvo prad\u0117tos nepakankamai i\u0161naudoti, nes bendrov\u0117 susid\u016br\u0117 su paklausos klausimais. Tod\u0117l \u201eTesla\u201c at\u0161auk\u0117 transporto priemoni\u0173 program\u0105, pagr\u012fst\u0105 nauja platforma, ir nusprend\u0117 sukurti naujas transporto priemones 3\/y modelio platformoje, naudodamas tas pa\u010dias gamybos linijas.<\/p>\n<p>Anks\u010diau prane\u0161\u0117me, kad \u0161ios elektrin\u0117s transporto priemon\u0117s grei\u010diausiai atrodys labai pana\u0161ios \u012f 3 ir \u201eModel Y\u201c.<\/p>\n<p>Pastaraisiais m\u0117nesiais kelios kitos \u017einiasklaidos prane\u0161imai tai sustiprino, ir \u201eTesla\u201c tai, i\u0161skyrus tai, patvirtino per savo paskutin\u012f pelno skambut\u012f, kai ji parei\u0161k\u0117, kad ji yra \u201eribota, kiek skirtingos transporto priemon\u0117s gali b\u016bti, kai jos statomos tose pa\u010diose gamybos linijose\u201c.<\/p>\n<p>Dabar tas pats \u201eTesla\u201c prototipas buvo pasteb\u0117tas per pastar\u0105sias kelias dienas, ir jis pasiunt\u0117 \u201eTesla\u201c akcinink\u0173 bendruomen\u0119 \u012f sp\u0117liones:<\/p>\n<figure class=\"wp-block-gallery alignwide has-nested-images columns-default is-cropped wp-block-gallery-1 is-layout-flex wp-block-gallery-is-layout-flex\">\n<figure class=\"wp-block-image size-large\"><img loading=\"lazy\" decoding=\"async\" height=\"955\" width=\"1024\" data-id=\"423466\" src=\"https:\/\/electrek.co\/wp-content\/uploads\/sites\/3\/2025\/07\/Screenshot-2025-07-04-at-1.30.52%E2%80%AFPM.png?w=1024\" alt=\"\" class=\"wp-image-423466\"\/><\/figure>\n<figure class=\"wp-block-image size-large\"><img loading=\"lazy\" decoding=\"async\" height=\"1024\" width=\"1005\" data-id=\"423467\" src=\"https:\/\/electrek.co\/wp-content\/uploads\/sites\/3\/2025\/07\/Screenshot-2025-07-04-at-1.30.43%E2%80%AFPM.png?w=1005\" alt=\"\" class=\"wp-image-423467\"\/><\/figure>\n<figure class=\"wp-block-image size-large\"><img loading=\"lazy\" decoding=\"async\" height=\"792\" width=\"1024\" data-id=\"423468\" src=\"https:\/\/electrek.co\/wp-content\/uploads\/sites\/3\/2025\/07\/Screenshot-2025-07-04-at-1.30.20%E2%80%AFPM.png?w=1024\" alt=\"\" class=\"wp-image-423468\"\/><\/figure>\n<figure class=\"wp-block-image size-large\"><img loading=\"lazy\" decoding=\"async\" height=\"1024\" width=\"995\" data-id=\"423469\" src=\"https:\/\/electrek.co\/wp-content\/uploads\/sites\/3\/2025\/07\/Screenshot-2025-07-04-at-1.30.11%E2%80%AFPM.png?w=995\" alt=\"\" class=\"wp-image-423469\"\/><\/figure>\n<figure class=\"wp-block-image size-large\"><img loading=\"lazy\" decoding=\"async\" height=\"967\" width=\"1024\" data-id=\"423470\" src=\"https:\/\/electrek.co\/wp-content\/uploads\/sites\/3\/2025\/07\/Screenshot-2025-07-04-at-1.09.04%E2%80%AFPM.png?w=1024\" alt=\"\" class=\"wp-image-423470\"\/><\/figure>\n<\/figure>\n<h2 class=\"wp-block-heading\" id=\"h-electrek-s-take\">\u201eElectrek&#8217;s Take\u201c<\/h2>\n<p>Kaip mes ne kart\u0105 prane\u0161\u0117me per pastaruosius metus, naujasis \u201e\u012eperkamas\u201c \u201eTesla\u201c modeliai i\u0161 esm\u0117s yra tik 3 modelio ir \u201eY\u201c modelio transporto priemon\u0117s.<\/p>\n<p>Jie gali b\u016bti \u0161iek tiek ma\u017eesni keliais coliais, o \u201eTesla\u201c gali naudoti skirtingus modelio pavadinimus, ta\u010diau jie bus nepaprastai pana\u0161\u016bs.<\/p>\n<p>Jei tai yra, tai \u012fmanoma, matote, kad jis atrodo beveik tiksliai kaip modelis Y. <\/p>\n<p>Sunku patvirtinti, ar jis i\u0161 tikr\u0173j\u0173 ma\u017eesnis d\u0117l transporto priemon\u0117s kampo, palyginti su kitu modeliu, ta\u010diau n\u0117ra ne\u012fmanoma, kad rat\u0173 baz\u0117 yra \u0161iek tiek ma\u017eesn\u0117 &#8211; nors tai sunku patvirtinti.<\/p>\n<p>Bet kokiu atveju tikimasi, kad svarbiausi \u0161i\u0173 pa\u0161alint\u0173, labiau prieinam\u0173 \u201emodeli\u0173\u201c pakeitimai bus pigesn\u0117s interjero med\u017eiagos, pavyzd\u017eiui, tekstil\u0117s s\u0117dyn\u0117s, o ne vegani\u0161kos odos, joki\u0173 \u0161ildom\u0173 ar v\u0117dinam\u0173 s\u0117dyni\u0173 standart\u0173, be galinio ekrano, galb\u016bt net dvigubo u\u017edengto akustinio stiklo ir ma\u017eesn\u0117s garso sistemos.<\/p>\n<p>Kaip min\u0117ta anks\u010diau, tikrasis \u0161i\u0173 nauj\u0173 variant\u0173 ar modeli\u0173 tikslas yra suma\u017einti vidutin\u0119 pardavimo kain\u0105, siekiant kovoti su ma\u017e\u0117jan\u010dia paklausa ir palaikyti ar padidinti dabartini\u0173 \u201eTesla\u201c gamybos linij\u0173, kurios per pastaruosius kelerius metus buvo suma\u017eintos per pastaruosius kelerius metus, panaudojimo procent\u0105 iki dabar apie 60% panaudojimo.<\/p>\n<p>Jei \u0161i tendencija t\u0119sis, \u201eTesla\u201c atsidurt\u0173 problem\u0173 ir gali tekti net u\u017edaryti savo gamyklas.<\/p>\n<div class=\"ad-disclaimer-container\">\n<p class=\"disclaimer-affiliate\"><em>FPK: Mes naudojame pajamas gaunan\u010dias automatinio filialo nuorodas.<\/em> Daugiau.<\/p>\n<p><!-- post ad --><\/div>\n<\/p><\/div>\n<p><br \/>\n<br \/><a href=\"https:\/\/electrek.co\/2025\/07\/04\/tesla-prototype-sparks-speculation-a-model-y-maybe-slightly-smaller\/\">Source link <\/a><\/p>\n","protected":false},"excerpt":{"rendered":"<p>V\u0117l buvo pasteb\u0117tas naujas \u201eTesla\u201c prototipas, kuris v\u0117l buvo skirtas \u201eTesla\u201c akcinink\u0173 spekuliacijoms, net jei tai grei\u010diausiai yra tik Y&hellip;<\/p>\n","protected":false},"author":1,"featured_media":1403,"comment_status":"open","ping_status":"open","sticky":false,"template":"","format":"standard","meta":{"om_disable_all_campaigns":false,"_monsterinsights_skip_tracking":false,"_monsterinsights_sitenote_active":false,"_monsterinsights_sitenote_note":"","_monsterinsights_sitenote_category":0,"footnotes":""},"categories":[8],"tags":[2791,1317,113,2185,1476,2789,2790,14,398],"class_list":["post-1402","post","type-post","status-publish","format-standard","has-post-thumbnail","hentry","category-elektriniai-automobiliai","tag-galbut","tag-mazesnis","tag-modelis","tag-prototipas","tag-siek","tag-sparks","tag-speculiacija","tag-tesla","tag-tiek"],"aioseo_notices":[],"yoast_head":"<!-- This site is optimized with the Yoast SEO plugin v26.8 - https:\/\/yoast.com\/product\/yoast-seo-wordpress\/ -->\n<title>\u201eTesla\u201c prototipas Sparks Speculiacija: Y modelis, galb\u016bt \u0161iek tiek ma\u017eesnis - Eautomobiliai.lt<\/title>\n<meta name=\"robots\" content=\"index, follow, max-snippet:-1, max-image-preview:large, max-video-preview:-1\" \/>\n<link rel=\"canonical\" href=\"https:\/\/eautomobiliai.lt\/index.php\/2025\/07\/05\/tesla-prototipas-sparks-speculiacija-y-modelis-galbut-siek-tiek-mazesnis\/\" \/>\n<meta property=\"og:locale\" content=\"lt_LT\" \/>\n<meta property=\"og:type\" content=\"article\" \/>\n<meta property=\"og:title\" content=\"\u201eTesla\u201c prototipas Sparks Speculiacija: Y modelis, galb\u016bt \u0161iek tiek ma\u017eesnis - Eautomobiliai.lt\" \/>\n<meta property=\"og:description\" content=\"V\u0117l buvo pasteb\u0117tas naujas \u201eTesla\u201c prototipas, kuris v\u0117l buvo skirtas \u201eTesla\u201c akcinink\u0173 spekuliacijoms, net jei tai grei\u010diausiai yra tik Y&hellip;\" \/>\n<meta property=\"og:url\" content=\"https:\/\/eautomobiliai.lt\/index.php\/2025\/07\/05\/tesla-prototipas-sparks-speculiacija-y-modelis-galbut-siek-tiek-mazesnis\/\" \/>\n<meta property=\"og:site_name\" content=\"Eautomobiliai.lt\" \/>\n<meta property=\"article:published_time\" content=\"2025-07-05T05:18:08+00:00\" \/>\n<meta property=\"og:image\" content=\"https:\/\/eautomobiliai.lt\/wp-content\/uploads\/2025\/07\/\u201eTesla-prototipas-Sparks-Speculiacija-Y-modelis-galbut-siek-tiek-mazesnis.png\" \/>\n\t<meta property=\"og:image:width\" content=\"1598\" \/>\n\t<meta property=\"og:image:height\" content=\"774\" \/>\n\t<meta property=\"og:image:type\" content=\"image\/png\" \/>\n<meta name=\"author\" content=\"admin\" \/>\n<meta name=\"twitter:card\" content=\"summary_large_image\" \/>\n<meta name=\"twitter:label1\" content=\"Written by\" \/>\n\t<meta name=\"twitter:data1\" content=\"admin\" \/>\n\t<meta name=\"twitter:label2\" content=\"Est. reading time\" \/>\n\t<meta name=\"twitter:data2\" content=\"3 minut\u0117s\" \/>\n<script type=\"application\/ld+json\" class=\"yoast-schema-graph\">{\"@context\":\"https:\/\/schema.org\",\"@graph\":[{\"@type\":\"Article\",\"@id\":\"https:\/\/eautomobiliai.lt\/index.php\/2025\/07\/05\/tesla-prototipas-sparks-speculiacija-y-modelis-galbut-siek-tiek-mazesnis\/#article\",\"isPartOf\":{\"@id\":\"https:\/\/eautomobiliai.lt\/index.php\/2025\/07\/05\/tesla-prototipas-sparks-speculiacija-y-modelis-galbut-siek-tiek-mazesnis\/\"},\"author\":{\"name\":\"admin\",\"@id\":\"https:\/\/eautomobiliai.lt\/#\/schema\/person\/ecf2a967f361217d056061f74deb92f2\"},\"headline\":\"\u201eTesla\u201c prototipas Sparks Speculiacija: Y modelis, galb\u016bt \u0161iek tiek ma\u017eesnis\",\"datePublished\":\"2025-07-05T05:18:08+00:00\",\"mainEntityOfPage\":{\"@id\":\"https:\/\/eautomobiliai.lt\/index.php\/2025\/07\/05\/tesla-prototipas-sparks-speculiacija-y-modelis-galbut-siek-tiek-mazesnis\/\"},\"wordCount\":546,\"commentCount\":0,\"image\":{\"@id\":\"https:\/\/eautomobiliai.lt\/index.php\/2025\/07\/05\/tesla-prototipas-sparks-speculiacija-y-modelis-galbut-siek-tiek-mazesnis\/#primaryimage\"},\"thumbnailUrl\":\"http:\/\/eautomobiliai.lt\/wp-content\/uploads\/2025\/07\/\u201eTesla-prototipas-Sparks-Speculiacija-Y-modelis-galbut-siek-tiek-mazesnis.png\",\"keywords\":[\"galb\u016bt\",\"ma\u017eesnis\",\"modelis\",\"prototipas\",\"\u0161iek\",\"Sparks\",\"Speculiacija\",\"Tesla\",\"tiek\"],\"articleSection\":[\"ELEKTRINIAI AUTOMOBILIAI\"],\"inLanguage\":\"lt-LT\",\"potentialAction\":[{\"@type\":\"CommentAction\",\"name\":\"Comment\",\"target\":[\"https:\/\/eautomobiliai.lt\/index.php\/2025\/07\/05\/tesla-prototipas-sparks-speculiacija-y-modelis-galbut-siek-tiek-mazesnis\/#respond\"]}]},{\"@type\":\"WebPage\",\"@id\":\"https:\/\/eautomobiliai.lt\/index.php\/2025\/07\/05\/tesla-prototipas-sparks-speculiacija-y-modelis-galbut-siek-tiek-mazesnis\/\",\"url\":\"https:\/\/eautomobiliai.lt\/index.php\/2025\/07\/05\/tesla-prototipas-sparks-speculiacija-y-modelis-galbut-siek-tiek-mazesnis\/\",\"name\":\"\u201eTesla\u201c prototipas Sparks Speculiacija: Y modelis, galb\u016bt \u0161iek tiek ma\u017eesnis - Eautomobiliai.lt\",\"isPartOf\":{\"@id\":\"https:\/\/eautomobiliai.lt\/#website\"},\"primaryImageOfPage\":{\"@id\":\"https:\/\/eautomobiliai.lt\/index.php\/2025\/07\/05\/tesla-prototipas-sparks-speculiacija-y-modelis-galbut-siek-tiek-mazesnis\/#primaryimage\"},\"image\":{\"@id\":\"https:\/\/eautomobiliai.lt\/index.php\/2025\/07\/05\/tesla-prototipas-sparks-speculiacija-y-modelis-galbut-siek-tiek-mazesnis\/#primaryimage\"},\"thumbnailUrl\":\"http:\/\/eautomobiliai.lt\/wp-content\/uploads\/2025\/07\/\u201eTesla-prototipas-Sparks-Speculiacija-Y-modelis-galbut-siek-tiek-mazesnis.png\",\"datePublished\":\"2025-07-05T05:18:08+00:00\",\"author\":{\"@id\":\"https:\/\/eautomobiliai.lt\/#\/schema\/person\/ecf2a967f361217d056061f74deb92f2\"},\"breadcrumb\":{\"@id\":\"https:\/\/eautomobiliai.lt\/index.php\/2025\/07\/05\/tesla-prototipas-sparks-speculiacija-y-modelis-galbut-siek-tiek-mazesnis\/#breadcrumb\"},\"inLanguage\":\"lt-LT\",\"potentialAction\":[{\"@type\":\"ReadAction\",\"target\":[\"https:\/\/eautomobiliai.lt\/index.php\/2025\/07\/05\/tesla-prototipas-sparks-speculiacija-y-modelis-galbut-siek-tiek-mazesnis\/\"]}]},{\"@type\":\"ImageObject\",\"inLanguage\":\"lt-LT\",\"@id\":\"https:\/\/eautomobiliai.lt\/index.php\/2025\/07\/05\/tesla-prototipas-sparks-speculiacija-y-modelis-galbut-siek-tiek-mazesnis\/#primaryimage\",\"url\":\"http:\/\/eautomobiliai.lt\/wp-content\/uploads\/2025\/07\/\u201eTesla-prototipas-Sparks-Speculiacija-Y-modelis-galbut-siek-tiek-mazesnis.png\",\"contentUrl\":\"http:\/\/eautomobiliai.lt\/wp-content\/uploads\/2025\/07\/\u201eTesla-prototipas-Sparks-Speculiacija-Y-modelis-galbut-siek-tiek-mazesnis.png\",\"width\":1598,\"height\":774},{\"@type\":\"BreadcrumbList\",\"@id\":\"https:\/\/eautomobiliai.lt\/index.php\/2025\/07\/05\/tesla-prototipas-sparks-speculiacija-y-modelis-galbut-siek-tiek-mazesnis\/#breadcrumb\",\"itemListElement\":[{\"@type\":\"ListItem\",\"position\":1,\"name\":\"Home\",\"item\":\"https:\/\/eautomobiliai.lt\/\"},{\"@type\":\"ListItem\",\"position\":2,\"name\":\"\u201eTesla\u201c prototipas Sparks Speculiacija: Y modelis, galb\u016bt \u0161iek tiek ma\u017eesnis\"}]},{\"@type\":\"WebSite\",\"@id\":\"https:\/\/eautomobiliai.lt\/#website\",\"url\":\"https:\/\/eautomobiliai.lt\/\",\"name\":\"Eautomobiliai.lt\",\"description\":\"Elektrinis transportas, technologijos\",\"potentialAction\":[{\"@type\":\"SearchAction\",\"target\":{\"@type\":\"EntryPoint\",\"urlTemplate\":\"https:\/\/eautomobiliai.lt\/?s={search_term_string}\"},\"query-input\":{\"@type\":\"PropertyValueSpecification\",\"valueRequired\":true,\"valueName\":\"search_term_string\"}}],\"inLanguage\":\"lt-LT\"},{\"@type\":\"Person\",\"@id\":\"https:\/\/eautomobiliai.lt\/#\/schema\/person\/ecf2a967f361217d056061f74deb92f2\",\"name\":\"admin\",\"image\":{\"@type\":\"ImageObject\",\"inLanguage\":\"lt-LT\",\"@id\":\"https:\/\/eautomobiliai.lt\/#\/schema\/person\/image\/\",\"url\":\"https:\/\/secure.gravatar.com\/avatar\/6323379efae0c70c686c7905444d6bbd?s=96&d=mm&r=g\",\"contentUrl\":\"https:\/\/secure.gravatar.com\/avatar\/6323379efae0c70c686c7905444d6bbd?s=96&d=mm&r=g\",\"caption\":\"admin\"},\"sameAs\":[\"http:\/\/eautomobiliai.lt\"],\"url\":\"http:\/\/eautomobiliai.lt\/index.php\/author\/admin\/\"}]}<\/script>\n<!-- \/ Yoast SEO plugin. -->","yoast_head_json":{"title":"\u201eTesla\u201c prototipas Sparks Speculiacija: Y modelis, galb\u016bt \u0161iek tiek ma\u017eesnis - Eautomobiliai.lt","robots":{"index":"index","follow":"follow","max-snippet":"max-snippet:-1","max-image-preview":"max-image-preview:large","max-video-preview":"max-video-preview:-1"},"canonical":"https:\/\/eautomobiliai.lt\/index.php\/2025\/07\/05\/tesla-prototipas-sparks-speculiacija-y-modelis-galbut-siek-tiek-mazesnis\/","og_locale":"lt_LT","og_type":"article","og_title":"\u201eTesla\u201c prototipas Sparks Speculiacija: Y modelis, galb\u016bt \u0161iek tiek ma\u017eesnis - Eautomobiliai.lt","og_description":"V\u0117l buvo pasteb\u0117tas naujas \u201eTesla\u201c prototipas, kuris v\u0117l buvo skirtas \u201eTesla\u201c akcinink\u0173 spekuliacijoms, net jei tai grei\u010diausiai yra tik Y&hellip;","og_url":"https:\/\/eautomobiliai.lt\/index.php\/2025\/07\/05\/tesla-prototipas-sparks-speculiacija-y-modelis-galbut-siek-tiek-mazesnis\/","og_site_name":"Eautomobiliai.lt","article_published_time":"2025-07-05T05:18:08+00:00","og_image":[{"width":1598,"height":774,"url":"https:\/\/eautomobiliai.lt\/wp-content\/uploads\/2025\/07\/\u201eTesla-prototipas-Sparks-Speculiacija-Y-modelis-galbut-siek-tiek-mazesnis.png","type":"image\/png"}],"author":"admin","twitter_card":"summary_large_image","twitter_misc":{"Written by":"admin","Est. reading time":"3 minut\u0117s"},"schema":{"@context":"https:\/\/schema.org","@graph":[{"@type":"Article","@id":"https:\/\/eautomobiliai.lt\/index.php\/2025\/07\/05\/tesla-prototipas-sparks-speculiacija-y-modelis-galbut-siek-tiek-mazesnis\/#article","isPartOf":{"@id":"https:\/\/eautomobiliai.lt\/index.php\/2025\/07\/05\/tesla-prototipas-sparks-speculiacija-y-modelis-galbut-siek-tiek-mazesnis\/"},"author":{"name":"admin","@id":"https:\/\/eautomobiliai.lt\/#\/schema\/person\/ecf2a967f361217d056061f74deb92f2"},"headline":"\u201eTesla\u201c prototipas Sparks Speculiacija: Y modelis, galb\u016bt \u0161iek tiek ma\u017eesnis","datePublished":"2025-07-05T05:18:08+00:00","mainEntityOfPage":{"@id":"https:\/\/eautomobiliai.lt\/index.php\/2025\/07\/05\/tesla-prototipas-sparks-speculiacija-y-modelis-galbut-siek-tiek-mazesnis\/"},"wordCount":546,"commentCount":0,"image":{"@id":"https:\/\/eautomobiliai.lt\/index.php\/2025\/07\/05\/tesla-prototipas-sparks-speculiacija-y-modelis-galbut-siek-tiek-mazesnis\/#primaryimage"},"thumbnailUrl":"http:\/\/eautomobiliai.lt\/wp-content\/uploads\/2025\/07\/\u201eTesla-prototipas-Sparks-Speculiacija-Y-modelis-galbut-siek-tiek-mazesnis.png","keywords":["galb\u016bt","ma\u017eesnis","modelis","prototipas","\u0161iek","Sparks","Speculiacija","Tesla","tiek"],"articleSection":["ELEKTRINIAI AUTOMOBILIAI"],"inLanguage":"lt-LT","potentialAction":[{"@type":"CommentAction","name":"Comment","target":["https:\/\/eautomobiliai.lt\/index.php\/2025\/07\/05\/tesla-prototipas-sparks-speculiacija-y-modelis-galbut-siek-tiek-mazesnis\/#respond"]}]},{"@type":"WebPage","@id":"https:\/\/eautomobiliai.lt\/index.php\/2025\/07\/05\/tesla-prototipas-sparks-speculiacija-y-modelis-galbut-siek-tiek-mazesnis\/","url":"https:\/\/eautomobiliai.lt\/index.php\/2025\/07\/05\/tesla-prototipas-sparks-speculiacija-y-modelis-galbut-siek-tiek-mazesnis\/","name":"\u201eTesla\u201c prototipas Sparks Speculiacija: Y modelis, galb\u016bt \u0161iek tiek ma\u017eesnis - Eautomobiliai.lt","isPartOf":{"@id":"https:\/\/eautomobiliai.lt\/#website"},"primaryImageOfPage":{"@id":"https:\/\/eautomobiliai.lt\/index.php\/2025\/07\/05\/tesla-prototipas-sparks-speculiacija-y-modelis-galbut-siek-tiek-mazesnis\/#primaryimage"},"image":{"@id":"https:\/\/eautomobiliai.lt\/index.php\/2025\/07\/05\/tesla-prototipas-sparks-speculiacija-y-modelis-galbut-siek-tiek-mazesnis\/#primaryimage"},"thumbnailUrl":"http:\/\/eautomobiliai.lt\/wp-content\/uploads\/2025\/07\/\u201eTesla-prototipas-Sparks-Speculiacija-Y-modelis-galbut-siek-tiek-mazesnis.png","datePublished":"2025-07-05T05:18:08+00:00","author":{"@id":"https:\/\/eautomobiliai.lt\/#\/schema\/person\/ecf2a967f361217d056061f74deb92f2"},"breadcrumb":{"@id":"https:\/\/eautomobiliai.lt\/index.php\/2025\/07\/05\/tesla-prototipas-sparks-speculiacija-y-modelis-galbut-siek-tiek-mazesnis\/#breadcrumb"},"inLanguage":"lt-LT","potentialAction":[{"@type":"ReadAction","target":["https:\/\/eautomobiliai.lt\/index.php\/2025\/07\/05\/tesla-prototipas-sparks-speculiacija-y-modelis-galbut-siek-tiek-mazesnis\/"]}]},{"@type":"ImageObject","inLanguage":"lt-LT","@id":"https:\/\/eautomobiliai.lt\/index.php\/2025\/07\/05\/tesla-prototipas-sparks-speculiacija-y-modelis-galbut-siek-tiek-mazesnis\/#primaryimage","url":"http:\/\/eautomobiliai.lt\/wp-content\/uploads\/2025\/07\/\u201eTesla-prototipas-Sparks-Speculiacija-Y-modelis-galbut-siek-tiek-mazesnis.png","contentUrl":"http:\/\/eautomobiliai.lt\/wp-content\/uploads\/2025\/07\/\u201eTesla-prototipas-Sparks-Speculiacija-Y-modelis-galbut-siek-tiek-mazesnis.png","width":1598,"height":774},{"@type":"BreadcrumbList","@id":"https:\/\/eautomobiliai.lt\/index.php\/2025\/07\/05\/tesla-prototipas-sparks-speculiacija-y-modelis-galbut-siek-tiek-mazesnis\/#breadcrumb","itemListElement":[{"@type":"ListItem","position":1,"name":"Home","item":"https:\/\/eautomobiliai.lt\/"},{"@type":"ListItem","position":2,"name":"\u201eTesla\u201c prototipas Sparks Speculiacija: Y modelis, galb\u016bt \u0161iek tiek ma\u017eesnis"}]},{"@type":"WebSite","@id":"https:\/\/eautomobiliai.lt\/#website","url":"https:\/\/eautomobiliai.lt\/","name":"Eautomobiliai.lt","description":"Elektrinis transportas, technologijos","potentialAction":[{"@type":"SearchAction","target":{"@type":"EntryPoint","urlTemplate":"https:\/\/eautomobiliai.lt\/?s={search_term_string}"},"query-input":{"@type":"PropertyValueSpecification","valueRequired":true,"valueName":"search_term_string"}}],"inLanguage":"lt-LT"},{"@type":"Person","@id":"https:\/\/eautomobiliai.lt\/#\/schema\/person\/ecf2a967f361217d056061f74deb92f2","name":"admin","image":{"@type":"ImageObject","inLanguage":"lt-LT","@id":"https:\/\/eautomobiliai.lt\/#\/schema\/person\/image\/","url":"https:\/\/secure.gravatar.com\/avatar\/6323379efae0c70c686c7905444d6bbd?s=96&d=mm&r=g","contentUrl":"https:\/\/secure.gravatar.com\/avatar\/6323379efae0c70c686c7905444d6bbd?s=96&d=mm&r=g","caption":"admin"},"sameAs":["http:\/\/eautomobiliai.lt"],"url":"http:\/\/eautomobiliai.lt\/index.php\/author\/admin\/"}]}},"_links":{"self":[{"href":"http:\/\/eautomobiliai.lt\/index.php\/wp-json\/wp\/v2\/posts\/1402","targetHints":{"allow":["GET"]}}],"collection":[{"href":"http:\/\/eautomobiliai.lt\/index.php\/wp-json\/wp\/v2\/posts"}],"about":[{"href":"http:\/\/eautomobiliai.lt\/index.php\/wp-json\/wp\/v2\/types\/post"}],"author":[{"embeddable":true,"href":"http:\/\/eautomobiliai.lt\/index.php\/wp-json\/wp\/v2\/users\/1"}],"replies":[{"embeddable":true,"href":"http:\/\/eautomobiliai.lt\/index.php\/wp-json\/wp\/v2\/comments?post=1402"}],"version-history":[{"count":0,"href":"http:\/\/eautomobiliai.lt\/index.php\/wp-json\/wp\/v2\/posts\/1402\/revisions"}],"wp:featuredmedia":[{"embeddable":true,"href":"http:\/\/eautomobiliai.lt\/index.php\/wp-json\/wp\/v2\/media\/1403"}],"wp:attachment":[{"href":"http:\/\/eautomobiliai.lt\/index.php\/wp-json\/wp\/v2\/media?parent=1402"}],"wp:term":[{"taxonomy":"category","embeddable":true,"href":"http:\/\/eautomobiliai.lt\/index.php\/wp-json\/wp\/v2\/categories?post=1402"},{"taxonomy":"post_tag","embeddable":true,"href":"http:\/\/eautomobiliai.lt\/index.php\/wp-json\/wp\/v2\/tags?post=1402"}],"curies":[{"name":"wp","href":"https:\/\/api.w.org\/{rel}","templated":true}]}}