{"id":1445,"date":"2025-07-09T17:48:19","date_gmt":"2025-07-09T17:48:19","guid":{"rendered":"http:\/\/eautomobiliai.lt\/index.php\/2025\/07\/09\/tesla-valdyba-turi-veikti-dabar-investuotojai-nera-patenkinti-naujausiais-musko-politiniais-nuotykiais\/"},"modified":"2025-07-09T17:48:19","modified_gmt":"2025-07-09T17:48:19","slug":"tesla-valdyba-turi-veikti-dabar-investuotojai-nera-patenkinti-naujausiais-musko-politiniais-nuotykiais","status":"publish","type":"post","link":"http:\/\/eautomobiliai.lt\/index.php\/2025\/07\/09\/tesla-valdyba-turi-veikti-dabar-investuotojai-nera-patenkinti-naujausiais-musko-politiniais-nuotykiais\/","title":{"rendered":"\u201e\u201e Tesla \u201cvaldyba turi veikti dabar:\u201c Investuotojai n\u0117ra patenkinti naujausiais Musko politiniais nuotykiais"},"content":{"rendered":"<p> <br \/>\n<\/p>\n<div id=\"\">\n<p>Paskutinis Elono Musko nuotykis \u012f JAV politik\u0105 nelabai ma\u017e\u0117ja su investuotojais, nes akcij\u0173 kaina pakilo ir net \u201eTesla Bulls\u201c ragina bendrov\u0117s valdyb\u0105 \u012fsiki\u0161ti.<\/p>\n<p>Komentarai kilo kaip Muskusas pa\u017ead\u0117jo sukurti nauj\u0105 politin\u0119 partij\u0105 \u201eThe America\u201c partij\u0105, i\u0161rei\u0161kusi savo pasibjaur\u0117jim\u0105 d\u0117l Donaldo Trumpo \u201evieno didelio gra\u017eaus s\u0105skaitos\u201c, kuris grei\u010diausiai i\u0161p\u016bt\u0117 bendrov\u0117s deficit\u0105 dar 4 trilijonais doleri\u0173, ir EVS, grei\u010diausiai i\u0161p\u016bt\u0117 bendrov\u0117s deficit\u0105.<\/p>\n<p class=\"yf-1090901\">\u201eMes tikime, kad tai yra\u201e Tesla \u201cistorijos ta\u0161kas ir galiausiai\u201e Tesla \u201cvaldyba turi veikti dabar ir nustatyti pagrindines Musko taisykles, einan\u010dias \u012f savo politines ambicijas ir veiksmus\u201c, &#8211; ra\u0161\u0117 Danas Ivesas, \u201eWedbush\u201c vertybini\u0173 popieri\u0173 analitikas, ir vienas i\u0161 vokalini\u0173 \u201eTesla\u201c technologijos ir kompanijos ir kompanijos.<\/p>\n<p class=\"yf-1090901\">Prane\u0161ama, kad \u201eTesla\u201c valdyba \u0161iais metais anks\u010diau buvo nusiteik\u0119 naujus generalinius direktorius po to, kai kilo i\u0161kritimas, kur\u012f suk\u0117l\u0117 Musko palaikymas Trumpui ir jo vadovybei d\u0117l negailestingo administracijos i\u0161laid\u0173 pjaustymo, nors IT ir Muskas tvirtino, kad istorija nebuvo tiesa. Ives sako, kad \u201eTesla\u201c dabar pasiek\u0117 \u201eta\u0161k\u0105\u201c ir nori, kad lenta \u201enutraukt\u0173 muilo oper\u0105\u201c.<\/p>\n<p class=\"yf-1090901\">\u201e\u201e Tesla \u201ceina \u012f vien\u0105 i\u0161 svarbiausi\u0173 savo augimo ciklo etap\u0173 su autonomine ir robotikos ateitimi dabar ant slenks\u010dio ir negali tur\u0117ti muskuso praleisti vis daugiau laiko kurdama politin\u0119 partij\u0105, kuriai reik\u0117s daug laiko, energijos ir politinio kapitalo\u201c, &#8211; ra\u0161\u0117 jis prane\u0161ime, apie kur\u012f prane\u0161ama pla\u010diai \u017einiasklaidoje.<\/p>\n<figure id=\"attachment_189042\" aria-describedby=\"caption-attachment-189042\" style=\"width: 1160px\" class=\"wp-caption aligncenter\"><img loading=\"lazy\" decoding=\"async\" class=\"wp-image-189042 size-large\" src=\"https:\/\/thedriven.io\/wp-content\/uploads\/2025\/07\/musk-dan-1160x569.jpg\" alt=\"\" width=\"1160\" height=\"569\" srcset=\"https:\/\/thedriven.io\/wp-content\/uploads\/2025\/07\/musk-dan-1160x569.jpg 1160w, https:\/\/thedriven.io\/wp-content\/uploads\/2025\/07\/musk-dan-388x190.jpg 388w, https:\/\/thedriven.io\/wp-content\/uploads\/2025\/07\/musk-dan-800x393.jpg 800w, https:\/\/thedriven.io\/wp-content\/uploads\/2025\/07\/musk-dan-120x59.jpg 120w, https:\/\/thedriven.io\/wp-content\/uploads\/2025\/07\/musk-dan-90x44.jpg 90w, https:\/\/thedriven.io\/wp-content\/uploads\/2025\/07\/musk-dan-320x157.jpg 320w, https:\/\/thedriven.io\/wp-content\/uploads\/2025\/07\/musk-dan-560x275.jpg 560w, https:\/\/thedriven.io\/wp-content\/uploads\/2025\/07\/musk-dan-150x74.jpg 150w, https:\/\/thedriven.io\/wp-content\/uploads\/2025\/07\/musk-dan-240x118.jpg 240w, https:\/\/thedriven.io\/wp-content\/uploads\/2025\/07\/musk-dan-180x88.jpg 180w, https:\/\/thedriven.io\/wp-content\/uploads\/2025\/07\/musk-dan-640x314.jpg 640w, https:\/\/thedriven.io\/wp-content\/uploads\/2025\/07\/musk-dan-1120x550.jpg 1120w, https:\/\/thedriven.io\/wp-content\/uploads\/2025\/07\/musk-dan-300x147.jpg 300w, https:\/\/thedriven.io\/wp-content\/uploads\/2025\/07\/musk-dan.jpg 1194w\" sizes=\"auto, (max-width: 1160px) 100vw, 1160px\"\/><figcaption id=\"caption-attachment-189042\" class=\"wp-caption-text\">Ekrano kopija<\/figcaption><\/figure>\n<p>X \u201eMuske\u201c priklausan\u010dios socialin\u0117s \u017einiasklaidos platformos IVES paskelb\u0117 komentar\u0105, kuriame buvo pasi\u016blyti trys veiksmai, kuri\u0173 valdyba gal\u0117t\u0173 imtis, kad b\u016bt\u0173 u\u017etikrinta \u201eMusko\u201c politin\u0117 veikla.<\/p>\n<p>Muskas atsak\u0117 paprastu: \u201eU\u017esi\u010diaupk, Dan\u0105\u201c tarp paskelbt\u0173 tviteri\u0173, skund\u017eian\u010di\u0173, kad D.Trumpo administracija nei\u0161leido Epsteino byl\u0173, kurias Muskas teigia, kad apima nuorod\u0105 \u012f Trump\u0105, ir Steve&#8217;ui Bannonui, buvusiam D.Trumpo patar\u0117jui, kuris nori, kad Muskas b\u016bt\u0173 deportuotas.<\/p>\n<p class=\"yf-1090901\">\u201eTesla\u201c akcijos, kurios susigr\u0105\u017eino kai kuriuos \u0161i\u0173 met\u0173 nuostolius po to, kai Muskas pasitrauk\u0117 nuo DoGe&#8217;o vadovo vaidmens, smarkiai suma\u017e\u0117jo, nes jis pa\u017ead\u0117jo sukurti nauj\u0105 politin\u0119 partij\u0105, jei D.Trumpo \u012fstatymo projektas buvo priimtas ir pasira\u0161ytas.<\/p>\n<p>Ta\u010diau analitikai ir JAV komentatoriai pa\u017eymi, kad Muskas dabar yra ir kairysis, ir de\u0161inysis politikos sparnas, o \u012fmon\u0117 susiduria su kitais pagrindiniais klausimais.<\/p>\n<p>Vienas, \u017einoma, yra ma\u017e\u0117jantys pardavimai, nepaisant atnaujinto modelio Y. i\u0161leidimo net Australijoje, viena i\u0161 stipriausi\u0173 \u201eTesla\u201c rink\u0173 ir kur Y modelis i\u0161lieka geriausiai parduodamas EV, jo pardavimai vis dar yra gerokai ma\u017eesni nei jos vir\u0161\u016bn\u0117 2023 ir 2024 m.<\/p>\n<p>Visame pasaulyje \u201eTesla\u201c pardavimai vis dar ma\u017eesni nei pra\u0117jusiais metais, bendrov\u0117 patiria didel\u0119 pajam\u0173 praradim\u0105 d\u0117l jos EV kredit\u0173 at\u0161aukimo, ir yra prane\u0161im\u0173 apie nes\u0117kmes \u201eOptimus\u201c robot\u0173 gamybai.<\/p>\n<p>Taip pat kyla problem\u0173 d\u0117l \u201eRobotaxi\u201c paslaugos Teksase. Prane\u0161imai apie grei\u010dio vir\u0161ijim\u0105 ir transporto priemones, padariusi eismo pa\u017eeidimus, o \u201eX\u201c AI programin\u0117 \u012franga \u201eGrok\u201c dabar reklamuoja Hitlerio memes socialin\u0117s \u017einiasklaidos platformoje socialin\u0117s \u017einiasklaidos platformoje<\/p>\n<p>\u017durnalas \u201eFortune\u201c pa\u017eym\u0117jo, kad ekspertai jau seniai apkaltino \u201eTesla\u201c valdyb\u0105, kad buvo per daug jauki su Musku, atsi\u017evelgiant \u012f tai, kad jis apima jo brol\u012f ir kelet\u0105 artim\u0173 draug\u0173.<\/p>\n<p>Tai cituoja Charles\u0105 Enson\u0105, \u201eWeinberg\u201c \u012fmoni\u0173 valdymo centro \u012fk\u016br\u0117j\u0105, sakydamas, kad valdybai gali b\u016bti ne ta\u0161kas, nes jis yra per arti Musko.<\/p>\n<p>\u201eB\u0117gant metams Musko elgesys tapo labiau pasipiktin\u0119s\u201c, &#8211; cituojamas Ensonas. \u201eValdybos reagavimo tr\u016bkumas ver\u010dia susim\u0105styti: kas yra tie \u017emon\u0117s, kod\u0117l jie ten yra?\u201c<\/p>\n<\/p>\n<\/p>\n<\/p>\n<div class=\"saboxplugin-wrap\" itemtype=\"http:\/\/schema.org\/Person\" itemscope=\"\" itemprop=\"author\">\n<div class=\"saboxplugin-tab\">\n<div class=\"saboxplugin-gravatar\"><img decoding=\"async\" width=\"100\" height=\"100\" alt=\"Gilesas Parkinsonas\" itemprop=\"image\" loading=\"lazy\" class=\"native-lazyload-js-fallback\" src=\"https:\/\/b2232832.smushcdn.com\/2232832\/wp-content\/uploads\/2021\/11\/giles_100x100.jpg?lossy=1&amp;strip=0&amp;webp=1\"\/><img loading=\"lazy\" decoding=\"async\" src=\"https:\/\/thedriven.io\/wp-content\/uploads\/2021\/11\/giles_100x100.jpg\" width=\"100\" height=\"100\" alt=\"Gilesas Parkinsonas\" itemprop=\"image\"\/><\/div>\n<div class=\"saboxplugin-desc\">\n<div itemprop=\"description\">\n<p>Gilesas Parkinsonas yra \u201eDriven\u201c \u012fk\u016br\u0117jas ir redaktorius, taip pat redaguoja ir \u012fk\u016br\u0117 atnaujinimo ekonomik\u0105 ir vien\u0105 \u017eingsn\u012f nuo tinklo interneto svetaini\u0173. Jis yra beveik 40 met\u0173 \u017eurnalistas, yra buv\u0119s Australijos finansin\u0117s ap\u017evalgos redaktoriaus ir \u201eTesla Model 3\u201c redaktoriaus pavaduotojas ir redaktoriaus pavaduotojas.<\/p>\n<\/div>\n<\/div>\n<\/div>\n<\/div>\n<p><!-- AI CONTENT END 1 --><\/p><\/div>\n<p><br \/>\n<br \/><a href=\"https:\/\/thedriven.io\/2025\/07\/09\/tesla-board-needs-to-act-now-investors-not-happy-with-musks-latest-political-move\/\">Source link <\/a><\/p>\n","protected":false},"excerpt":{"rendered":"<p>Paskutinis Elono Musko nuotykis \u012f JAV politik\u0105 nelabai ma\u017e\u0117ja su investuotojais, nes akcij\u0173 kaina pakilo ir net \u201eTesla Bulls\u201c ragina&hellip;<\/p>\n","protected":false},"author":1,"featured_media":1446,"comment_status":"open","ping_status":"open","sticky":false,"template":"","format":"standard","meta":{"om_disable_all_campaigns":false,"_monsterinsights_skip_tracking":false,"_monsterinsights_sitenote_active":false,"_monsterinsights_sitenote_note":"","_monsterinsights_sitenote_category":0,"footnotes":""},"categories":[39],"tags":[458,2275,243,2858,322,2860,2857,2859,14,196,577,1510],"class_list":["post-1445","post","type-post","status-publish","format-standard","has-post-thumbnail","hentry","category-eautomobiliu-technine-puse","tag-dabar","tag-investuotojai","tag-musko","tag-naujausiais","tag-nera","tag-nuotykiais","tag-patenkinti","tag-politiniais","tag-tesla","tag-turi","tag-valdyba","tag-veikti"],"aioseo_notices":[],"yoast_head":"<!-- This site is optimized with the Yoast SEO plugin v26.8 - https:\/\/yoast.com\/product\/yoast-seo-wordpress\/ -->\n<title>\u201e\u201e Tesla \u201cvaldyba turi veikti dabar:\u201c Investuotojai n\u0117ra patenkinti naujausiais Musko politiniais nuotykiais - Eautomobiliai.lt<\/title>\n<meta name=\"robots\" content=\"index, follow, max-snippet:-1, max-image-preview:large, max-video-preview:-1\" \/>\n<link rel=\"canonical\" href=\"https:\/\/eautomobiliai.lt\/index.php\/2025\/07\/09\/tesla-valdyba-turi-veikti-dabar-investuotojai-nera-patenkinti-naujausiais-musko-politiniais-nuotykiais\/\" \/>\n<meta property=\"og:locale\" content=\"lt_LT\" \/>\n<meta property=\"og:type\" content=\"article\" \/>\n<meta property=\"og:title\" content=\"\u201e\u201e Tesla \u201cvaldyba turi veikti dabar:\u201c Investuotojai n\u0117ra patenkinti naujausiais Musko politiniais nuotykiais - Eautomobiliai.lt\" \/>\n<meta property=\"og:description\" content=\"Paskutinis Elono Musko nuotykis \u012f JAV politik\u0105 nelabai ma\u017e\u0117ja su investuotojais, nes akcij\u0173 kaina pakilo ir net \u201eTesla Bulls\u201c ragina&hellip;\" \/>\n<meta property=\"og:url\" content=\"https:\/\/eautomobiliai.lt\/index.php\/2025\/07\/09\/tesla-valdyba-turi-veikti-dabar-investuotojai-nera-patenkinti-naujausiais-musko-politiniais-nuotykiais\/\" \/>\n<meta property=\"og:site_name\" content=\"Eautomobiliai.lt\" \/>\n<meta property=\"article:published_time\" content=\"2025-07-09T17:48:19+00:00\" \/>\n<meta property=\"og:image\" content=\"https:\/\/eautomobiliai.lt\/wp-content\/uploads\/2025\/07\/\u201e\u201e-Tesla-valdyba-turi-veikti-dabar-Investuotojai-nera-patenkinti-naujausiais.jpeg\" \/>\n\t<meta property=\"og:image:width\" content=\"1800\" \/>\n\t<meta property=\"og:image:height\" content=\"1200\" \/>\n\t<meta property=\"og:image:type\" content=\"image\/jpeg\" \/>\n<meta name=\"author\" content=\"admin\" \/>\n<meta name=\"twitter:card\" content=\"summary_large_image\" \/>\n<meta name=\"twitter:label1\" content=\"Written by\" \/>\n\t<meta name=\"twitter:data1\" content=\"admin\" \/>\n\t<meta name=\"twitter:label2\" content=\"Est. reading time\" \/>\n\t<meta name=\"twitter:data2\" content=\"3 minut\u0117s\" \/>\n<script type=\"application\/ld+json\" class=\"yoast-schema-graph\">{\"@context\":\"https:\/\/schema.org\",\"@graph\":[{\"@type\":\"Article\",\"@id\":\"https:\/\/eautomobiliai.lt\/index.php\/2025\/07\/09\/tesla-valdyba-turi-veikti-dabar-investuotojai-nera-patenkinti-naujausiais-musko-politiniais-nuotykiais\/#article\",\"isPartOf\":{\"@id\":\"https:\/\/eautomobiliai.lt\/index.php\/2025\/07\/09\/tesla-valdyba-turi-veikti-dabar-investuotojai-nera-patenkinti-naujausiais-musko-politiniais-nuotykiais\/\"},\"author\":{\"name\":\"admin\",\"@id\":\"http:\/\/eautomobiliai.lt\/#\/schema\/person\/ecf2a967f361217d056061f74deb92f2\"},\"headline\":\"\u201e\u201e Tesla \u201cvaldyba turi veikti dabar:\u201c Investuotojai n\u0117ra patenkinti naujausiais Musko politiniais nuotykiais\",\"datePublished\":\"2025-07-09T17:48:19+00:00\",\"mainEntityOfPage\":{\"@id\":\"https:\/\/eautomobiliai.lt\/index.php\/2025\/07\/09\/tesla-valdyba-turi-veikti-dabar-investuotojai-nera-patenkinti-naujausiais-musko-politiniais-nuotykiais\/\"},\"wordCount\":645,\"commentCount\":0,\"image\":{\"@id\":\"https:\/\/eautomobiliai.lt\/index.php\/2025\/07\/09\/tesla-valdyba-turi-veikti-dabar-investuotojai-nera-patenkinti-naujausiais-musko-politiniais-nuotykiais\/#primaryimage\"},\"thumbnailUrl\":\"http:\/\/eautomobiliai.lt\/wp-content\/uploads\/2025\/07\/\u201e\u201e-Tesla-valdyba-turi-veikti-dabar-Investuotojai-nera-patenkinti-naujausiais.jpeg\",\"keywords\":[\"dabar\",\"investuotojai\",\"Musko\",\"naujausiais\",\"n\u0117ra\",\"nuotykiais\",\"patenkinti\",\"politiniais\",\"Tesla\",\"turi\",\"valdyba\",\"veikti\"],\"articleSection\":[\"eAUTOMOBILI\u0172 TECHNIN\u0116 PUS\u0116\"],\"inLanguage\":\"lt-LT\",\"potentialAction\":[{\"@type\":\"CommentAction\",\"name\":\"Comment\",\"target\":[\"https:\/\/eautomobiliai.lt\/index.php\/2025\/07\/09\/tesla-valdyba-turi-veikti-dabar-investuotojai-nera-patenkinti-naujausiais-musko-politiniais-nuotykiais\/#respond\"]}]},{\"@type\":\"WebPage\",\"@id\":\"https:\/\/eautomobiliai.lt\/index.php\/2025\/07\/09\/tesla-valdyba-turi-veikti-dabar-investuotojai-nera-patenkinti-naujausiais-musko-politiniais-nuotykiais\/\",\"url\":\"https:\/\/eautomobiliai.lt\/index.php\/2025\/07\/09\/tesla-valdyba-turi-veikti-dabar-investuotojai-nera-patenkinti-naujausiais-musko-politiniais-nuotykiais\/\",\"name\":\"\u201e\u201e Tesla \u201cvaldyba turi veikti dabar:\u201c Investuotojai n\u0117ra patenkinti naujausiais Musko politiniais nuotykiais - Eautomobiliai.lt\",\"isPartOf\":{\"@id\":\"http:\/\/eautomobiliai.lt\/#website\"},\"primaryImageOfPage\":{\"@id\":\"https:\/\/eautomobiliai.lt\/index.php\/2025\/07\/09\/tesla-valdyba-turi-veikti-dabar-investuotojai-nera-patenkinti-naujausiais-musko-politiniais-nuotykiais\/#primaryimage\"},\"image\":{\"@id\":\"https:\/\/eautomobiliai.lt\/index.php\/2025\/07\/09\/tesla-valdyba-turi-veikti-dabar-investuotojai-nera-patenkinti-naujausiais-musko-politiniais-nuotykiais\/#primaryimage\"},\"thumbnailUrl\":\"http:\/\/eautomobiliai.lt\/wp-content\/uploads\/2025\/07\/\u201e\u201e-Tesla-valdyba-turi-veikti-dabar-Investuotojai-nera-patenkinti-naujausiais.jpeg\",\"datePublished\":\"2025-07-09T17:48:19+00:00\",\"author\":{\"@id\":\"http:\/\/eautomobiliai.lt\/#\/schema\/person\/ecf2a967f361217d056061f74deb92f2\"},\"breadcrumb\":{\"@id\":\"https:\/\/eautomobiliai.lt\/index.php\/2025\/07\/09\/tesla-valdyba-turi-veikti-dabar-investuotojai-nera-patenkinti-naujausiais-musko-politiniais-nuotykiais\/#breadcrumb\"},\"inLanguage\":\"lt-LT\",\"potentialAction\":[{\"@type\":\"ReadAction\",\"target\":[\"https:\/\/eautomobiliai.lt\/index.php\/2025\/07\/09\/tesla-valdyba-turi-veikti-dabar-investuotojai-nera-patenkinti-naujausiais-musko-politiniais-nuotykiais\/\"]}]},{\"@type\":\"ImageObject\",\"inLanguage\":\"lt-LT\",\"@id\":\"https:\/\/eautomobiliai.lt\/index.php\/2025\/07\/09\/tesla-valdyba-turi-veikti-dabar-investuotojai-nera-patenkinti-naujausiais-musko-politiniais-nuotykiais\/#primaryimage\",\"url\":\"http:\/\/eautomobiliai.lt\/wp-content\/uploads\/2025\/07\/\u201e\u201e-Tesla-valdyba-turi-veikti-dabar-Investuotojai-nera-patenkinti-naujausiais.jpeg\",\"contentUrl\":\"http:\/\/eautomobiliai.lt\/wp-content\/uploads\/2025\/07\/\u201e\u201e-Tesla-valdyba-turi-veikti-dabar-Investuotojai-nera-patenkinti-naujausiais.jpeg\",\"width\":1800,\"height\":1200},{\"@type\":\"BreadcrumbList\",\"@id\":\"https:\/\/eautomobiliai.lt\/index.php\/2025\/07\/09\/tesla-valdyba-turi-veikti-dabar-investuotojai-nera-patenkinti-naujausiais-musko-politiniais-nuotykiais\/#breadcrumb\",\"itemListElement\":[{\"@type\":\"ListItem\",\"position\":1,\"name\":\"Home\",\"item\":\"http:\/\/eautomobiliai.lt\/\"},{\"@type\":\"ListItem\",\"position\":2,\"name\":\"\u201e\u201e Tesla \u201cvaldyba turi veikti dabar:\u201c Investuotojai n\u0117ra patenkinti naujausiais Musko politiniais nuotykiais\"}]},{\"@type\":\"WebSite\",\"@id\":\"http:\/\/eautomobiliai.lt\/#website\",\"url\":\"http:\/\/eautomobiliai.lt\/\",\"name\":\"Eautomobiliai.lt\",\"description\":\"Elektrinis transportas, technologijos\",\"potentialAction\":[{\"@type\":\"SearchAction\",\"target\":{\"@type\":\"EntryPoint\",\"urlTemplate\":\"http:\/\/eautomobiliai.lt\/?s={search_term_string}\"},\"query-input\":{\"@type\":\"PropertyValueSpecification\",\"valueRequired\":true,\"valueName\":\"search_term_string\"}}],\"inLanguage\":\"lt-LT\"},{\"@type\":\"Person\",\"@id\":\"http:\/\/eautomobiliai.lt\/#\/schema\/person\/ecf2a967f361217d056061f74deb92f2\",\"name\":\"admin\",\"image\":{\"@type\":\"ImageObject\",\"inLanguage\":\"lt-LT\",\"@id\":\"http:\/\/eautomobiliai.lt\/#\/schema\/person\/image\/\",\"url\":\"https:\/\/secure.gravatar.com\/avatar\/6323379efae0c70c686c7905444d6bbd?s=96&d=mm&r=g\",\"contentUrl\":\"https:\/\/secure.gravatar.com\/avatar\/6323379efae0c70c686c7905444d6bbd?s=96&d=mm&r=g\",\"caption\":\"admin\"},\"sameAs\":[\"http:\/\/eautomobiliai.lt\"],\"url\":\"http:\/\/eautomobiliai.lt\/index.php\/author\/admin\/\"}]}<\/script>\n<!-- \/ Yoast SEO plugin. -->","yoast_head_json":{"title":"\u201e\u201e Tesla \u201cvaldyba turi veikti dabar:\u201c Investuotojai n\u0117ra patenkinti naujausiais Musko politiniais nuotykiais - Eautomobiliai.lt","robots":{"index":"index","follow":"follow","max-snippet":"max-snippet:-1","max-image-preview":"max-image-preview:large","max-video-preview":"max-video-preview:-1"},"canonical":"https:\/\/eautomobiliai.lt\/index.php\/2025\/07\/09\/tesla-valdyba-turi-veikti-dabar-investuotojai-nera-patenkinti-naujausiais-musko-politiniais-nuotykiais\/","og_locale":"lt_LT","og_type":"article","og_title":"\u201e\u201e Tesla \u201cvaldyba turi veikti dabar:\u201c Investuotojai n\u0117ra patenkinti naujausiais Musko politiniais nuotykiais - Eautomobiliai.lt","og_description":"Paskutinis Elono Musko nuotykis \u012f JAV politik\u0105 nelabai ma\u017e\u0117ja su investuotojais, nes akcij\u0173 kaina pakilo ir net \u201eTesla Bulls\u201c ragina&hellip;","og_url":"https:\/\/eautomobiliai.lt\/index.php\/2025\/07\/09\/tesla-valdyba-turi-veikti-dabar-investuotojai-nera-patenkinti-naujausiais-musko-politiniais-nuotykiais\/","og_site_name":"Eautomobiliai.lt","article_published_time":"2025-07-09T17:48:19+00:00","og_image":[{"width":1800,"height":1200,"url":"https:\/\/eautomobiliai.lt\/wp-content\/uploads\/2025\/07\/\u201e\u201e-Tesla-valdyba-turi-veikti-dabar-Investuotojai-nera-patenkinti-naujausiais.jpeg","type":"image\/jpeg"}],"author":"admin","twitter_card":"summary_large_image","twitter_misc":{"Written by":"admin","Est. reading time":"3 minut\u0117s"},"schema":{"@context":"https:\/\/schema.org","@graph":[{"@type":"Article","@id":"https:\/\/eautomobiliai.lt\/index.php\/2025\/07\/09\/tesla-valdyba-turi-veikti-dabar-investuotojai-nera-patenkinti-naujausiais-musko-politiniais-nuotykiais\/#article","isPartOf":{"@id":"https:\/\/eautomobiliai.lt\/index.php\/2025\/07\/09\/tesla-valdyba-turi-veikti-dabar-investuotojai-nera-patenkinti-naujausiais-musko-politiniais-nuotykiais\/"},"author":{"name":"admin","@id":"http:\/\/eautomobiliai.lt\/#\/schema\/person\/ecf2a967f361217d056061f74deb92f2"},"headline":"\u201e\u201e Tesla \u201cvaldyba turi veikti dabar:\u201c Investuotojai n\u0117ra patenkinti naujausiais Musko politiniais nuotykiais","datePublished":"2025-07-09T17:48:19+00:00","mainEntityOfPage":{"@id":"https:\/\/eautomobiliai.lt\/index.php\/2025\/07\/09\/tesla-valdyba-turi-veikti-dabar-investuotojai-nera-patenkinti-naujausiais-musko-politiniais-nuotykiais\/"},"wordCount":645,"commentCount":0,"image":{"@id":"https:\/\/eautomobiliai.lt\/index.php\/2025\/07\/09\/tesla-valdyba-turi-veikti-dabar-investuotojai-nera-patenkinti-naujausiais-musko-politiniais-nuotykiais\/#primaryimage"},"thumbnailUrl":"http:\/\/eautomobiliai.lt\/wp-content\/uploads\/2025\/07\/\u201e\u201e-Tesla-valdyba-turi-veikti-dabar-Investuotojai-nera-patenkinti-naujausiais.jpeg","keywords":["dabar","investuotojai","Musko","naujausiais","n\u0117ra","nuotykiais","patenkinti","politiniais","Tesla","turi","valdyba","veikti"],"articleSection":["eAUTOMOBILI\u0172 TECHNIN\u0116 PUS\u0116"],"inLanguage":"lt-LT","potentialAction":[{"@type":"CommentAction","name":"Comment","target":["https:\/\/eautomobiliai.lt\/index.php\/2025\/07\/09\/tesla-valdyba-turi-veikti-dabar-investuotojai-nera-patenkinti-naujausiais-musko-politiniais-nuotykiais\/#respond"]}]},{"@type":"WebPage","@id":"https:\/\/eautomobiliai.lt\/index.php\/2025\/07\/09\/tesla-valdyba-turi-veikti-dabar-investuotojai-nera-patenkinti-naujausiais-musko-politiniais-nuotykiais\/","url":"https:\/\/eautomobiliai.lt\/index.php\/2025\/07\/09\/tesla-valdyba-turi-veikti-dabar-investuotojai-nera-patenkinti-naujausiais-musko-politiniais-nuotykiais\/","name":"\u201e\u201e Tesla \u201cvaldyba turi veikti dabar:\u201c Investuotojai n\u0117ra patenkinti naujausiais Musko politiniais nuotykiais - Eautomobiliai.lt","isPartOf":{"@id":"http:\/\/eautomobiliai.lt\/#website"},"primaryImageOfPage":{"@id":"https:\/\/eautomobiliai.lt\/index.php\/2025\/07\/09\/tesla-valdyba-turi-veikti-dabar-investuotojai-nera-patenkinti-naujausiais-musko-politiniais-nuotykiais\/#primaryimage"},"image":{"@id":"https:\/\/eautomobiliai.lt\/index.php\/2025\/07\/09\/tesla-valdyba-turi-veikti-dabar-investuotojai-nera-patenkinti-naujausiais-musko-politiniais-nuotykiais\/#primaryimage"},"thumbnailUrl":"http:\/\/eautomobiliai.lt\/wp-content\/uploads\/2025\/07\/\u201e\u201e-Tesla-valdyba-turi-veikti-dabar-Investuotojai-nera-patenkinti-naujausiais.jpeg","datePublished":"2025-07-09T17:48:19+00:00","author":{"@id":"http:\/\/eautomobiliai.lt\/#\/schema\/person\/ecf2a967f361217d056061f74deb92f2"},"breadcrumb":{"@id":"https:\/\/eautomobiliai.lt\/index.php\/2025\/07\/09\/tesla-valdyba-turi-veikti-dabar-investuotojai-nera-patenkinti-naujausiais-musko-politiniais-nuotykiais\/#breadcrumb"},"inLanguage":"lt-LT","potentialAction":[{"@type":"ReadAction","target":["https:\/\/eautomobiliai.lt\/index.php\/2025\/07\/09\/tesla-valdyba-turi-veikti-dabar-investuotojai-nera-patenkinti-naujausiais-musko-politiniais-nuotykiais\/"]}]},{"@type":"ImageObject","inLanguage":"lt-LT","@id":"https:\/\/eautomobiliai.lt\/index.php\/2025\/07\/09\/tesla-valdyba-turi-veikti-dabar-investuotojai-nera-patenkinti-naujausiais-musko-politiniais-nuotykiais\/#primaryimage","url":"http:\/\/eautomobiliai.lt\/wp-content\/uploads\/2025\/07\/\u201e\u201e-Tesla-valdyba-turi-veikti-dabar-Investuotojai-nera-patenkinti-naujausiais.jpeg","contentUrl":"http:\/\/eautomobiliai.lt\/wp-content\/uploads\/2025\/07\/\u201e\u201e-Tesla-valdyba-turi-veikti-dabar-Investuotojai-nera-patenkinti-naujausiais.jpeg","width":1800,"height":1200},{"@type":"BreadcrumbList","@id":"https:\/\/eautomobiliai.lt\/index.php\/2025\/07\/09\/tesla-valdyba-turi-veikti-dabar-investuotojai-nera-patenkinti-naujausiais-musko-politiniais-nuotykiais\/#breadcrumb","itemListElement":[{"@type":"ListItem","position":1,"name":"Home","item":"http:\/\/eautomobiliai.lt\/"},{"@type":"ListItem","position":2,"name":"\u201e\u201e Tesla \u201cvaldyba turi veikti dabar:\u201c Investuotojai n\u0117ra patenkinti naujausiais Musko politiniais nuotykiais"}]},{"@type":"WebSite","@id":"http:\/\/eautomobiliai.lt\/#website","url":"http:\/\/eautomobiliai.lt\/","name":"Eautomobiliai.lt","description":"Elektrinis transportas, technologijos","potentialAction":[{"@type":"SearchAction","target":{"@type":"EntryPoint","urlTemplate":"http:\/\/eautomobiliai.lt\/?s={search_term_string}"},"query-input":{"@type":"PropertyValueSpecification","valueRequired":true,"valueName":"search_term_string"}}],"inLanguage":"lt-LT"},{"@type":"Person","@id":"http:\/\/eautomobiliai.lt\/#\/schema\/person\/ecf2a967f361217d056061f74deb92f2","name":"admin","image":{"@type":"ImageObject","inLanguage":"lt-LT","@id":"http:\/\/eautomobiliai.lt\/#\/schema\/person\/image\/","url":"https:\/\/secure.gravatar.com\/avatar\/6323379efae0c70c686c7905444d6bbd?s=96&d=mm&r=g","contentUrl":"https:\/\/secure.gravatar.com\/avatar\/6323379efae0c70c686c7905444d6bbd?s=96&d=mm&r=g","caption":"admin"},"sameAs":["http:\/\/eautomobiliai.lt"],"url":"http:\/\/eautomobiliai.lt\/index.php\/author\/admin\/"}]}},"_links":{"self":[{"href":"http:\/\/eautomobiliai.lt\/index.php\/wp-json\/wp\/v2\/posts\/1445","targetHints":{"allow":["GET"]}}],"collection":[{"href":"http:\/\/eautomobiliai.lt\/index.php\/wp-json\/wp\/v2\/posts"}],"about":[{"href":"http:\/\/eautomobiliai.lt\/index.php\/wp-json\/wp\/v2\/types\/post"}],"author":[{"embeddable":true,"href":"http:\/\/eautomobiliai.lt\/index.php\/wp-json\/wp\/v2\/users\/1"}],"replies":[{"embeddable":true,"href":"http:\/\/eautomobiliai.lt\/index.php\/wp-json\/wp\/v2\/comments?post=1445"}],"version-history":[{"count":0,"href":"http:\/\/eautomobiliai.lt\/index.php\/wp-json\/wp\/v2\/posts\/1445\/revisions"}],"wp:featuredmedia":[{"embeddable":true,"href":"http:\/\/eautomobiliai.lt\/index.php\/wp-json\/wp\/v2\/media\/1446"}],"wp:attachment":[{"href":"http:\/\/eautomobiliai.lt\/index.php\/wp-json\/wp\/v2\/media?parent=1445"}],"wp:term":[{"taxonomy":"category","embeddable":true,"href":"http:\/\/eautomobiliai.lt\/index.php\/wp-json\/wp\/v2\/categories?post=1445"},{"taxonomy":"post_tag","embeddable":true,"href":"http:\/\/eautomobiliai.lt\/index.php\/wp-json\/wp\/v2\/tags?post=1445"}],"curies":[{"name":"wp","href":"https:\/\/api.w.org\/{rel}","templated":true}]}}