{"id":145,"date":"2025-03-16T02:35:53","date_gmt":"2025-03-16T02:35:53","guid":{"rendered":"https:\/\/eautomobiliai.lt\/index.php\/2025\/03\/16\/polestar-byd-ir-kitu-ne-tesla-evs-tiesiog-geresne-supercharger-patirtis\/"},"modified":"2025-03-16T02:35:53","modified_gmt":"2025-03-16T02:35:53","slug":"polestar-byd-ir-kitu-ne-tesla-evs-tiesiog-geresne-supercharger-patirtis","status":"publish","type":"post","link":"http:\/\/eautomobiliai.lt\/index.php\/2025\/03\/16\/polestar-byd-ir-kitu-ne-tesla-evs-tiesiog-geresne-supercharger-patirtis\/","title":{"rendered":"\u201ePolestar\u201c, \u201eBYD\u201c ir kit\u0173 ne \u201eTesla EVS\u201c tiesiog geresn\u0117 \u201eSupercharger\u201c patirtis"},"content":{"rendered":"<p> <br \/>\n<\/p>\n<div id=\"\">\n<p><span style=\"font-weight: 400;\">Dar 2023 m. Rugpj\u016b\u010dio m\u0117n. JK buvo pasteb\u0117tas naujas b\u016bdas susimok\u0117ti u\u017e \u201eTesla\u201c superkroviklius kaip tuometinio naujojo V4 kompresoriaus diegimo dalis. B\u016btent aparatin\u0117 \u012franga \u012fgalino kreditini\u0173 korteli\u0173 mok\u0117jimus ne \u201eTesla EVS\u201c.<\/span><\/p>\n<p><span style=\"font-weight: 400;\">Dabar \u0161i funkcija buvo pasteb\u0117ta veikianti Australijos svetain\u0117je, leid\u017eian\u010di\u0105 ne \u201eTesla\u201c vairuotojams imti mok\u0117jim\u0105 tiesiog bakstel\u0117jus savo kreditin\u0119 kortel\u0119 ar mobili\u0105sias mok\u0117jimo \u012frenginius.<\/span><\/p>\n<p><span style=\"font-weight: 400;\">X Vartotojas Beau pirmiausia tai pasteb\u0117jo ir band\u0117 \u012fkrauti \u201ePolestar 2\u201c, kuris prad\u0117jo \u012fkrauti po to, kai kortel\u0119 buvo pritvirtinta skaitytojui po V4 purk\u0161tuko laikikliu. <\/span><\/p>\n<p><span style=\"font-weight: 400;\">Buvo dalijamasi keliomis s\u0105rankos nuotraukomis, \u012fskaitant ma\u017eame ekrane esan\u010dias kainas, taip pat ir tu\u0161\u010diosios eigos mokes\u010dius.<\/span><\/p>\n<blockquote class=\"twitter-tweet\" data-width=\"550\" data-dnt=\"true\">\n<p lang=\"en\" dir=\"ltr\">Ir kai baigsite <a href=\"https:\/\/t.co\/IOTv8cLTyy\">pic.twitter.com\/iotv8cltyy<\/a><\/p>\n<p>&#8211; Gra\u017eu. (@Beaugiles) <a href=\"https:\/\/twitter.com\/BeauGiles\/status\/1900376071977263534?ref_src=twsrc%5Etfw\">2025 m. Kovo 14 d<\/a><\/p>\n<\/blockquote>\n<p><span style=\"font-weight: 400;\">Kitas EV entuziastas ir \u201eBYD Dolphin\u201c savininkas ARM i\u0161band\u0117 sistem\u0105 su BYD delfinu \u201eTesla V4\u201c kompresoriuje Campbelltown mieste, kad pamatyt\u0173, ar naujai \u012fjungtas kredito korteli\u0173 skaitytuvas veikt\u0173, o delfinas \u012fkraut\u0173 \u0161ioje svetain\u0117je. <\/span><\/p>\n<p><span style=\"font-weight: 400;\">I\u0161band\u0119s automobil\u012f, ARM pasidalino vaizdo \u012fra\u0161u \u201eX. <\/span><\/p>\n<blockquote class=\"twitter-tweet\" data-width=\"550\" data-dnt=\"true\">\n<p lang=\"en\" dir=\"ltr\">\u012ekraunant ne \u201eTesla\u201c V4 <a href=\"https:\/\/twitter.com\/TeslaCharging?ref_src=twsrc%5Etfw\">@Teslacharging<\/a> Superchargeris naudojant tik kreditin\u0119 kortel\u0119 &#8211; sunki kv\u0117pavimo versija<br \/>* QR kodo kvito dalykas neveikia. <a href=\"https:\/\/twitter.com\/TeslaAUNZ?ref_src=twsrc%5Etfw\">@TeslaAunz<\/a> <a href=\"https:\/\/t.co\/EGWNuTM3hY\">pic.twitter.com\/egwnutm3hy<\/a><\/p>\n<p>&#8211; ARM (@13arm13arm) <a href=\"https:\/\/twitter.com\/13arm13arm\/status\/1900633013802954761?ref_src=twsrc%5Etfw\">2025 m. Kovo 14 d<\/a><\/p>\n<\/blockquote>\n<p><span style=\"font-weight: 400;\">Parodytas procesas atrodo gana lengvas. Prie\u0161 prijungdami, integruotame \u201eSupercharger\u201c ekrane rodomas \u201e\u012eklijavimas \u012fkrauti\u201c. \u012ejungus jungt\u012f, kreditin\u0117s kortel\u0117s skaitytuv\u0105 reikia bakstel\u0117ti ekrane ir prasideda \u012fkrovimo sesija.<\/span><\/p>\n<p><span style=\"font-weight: 400;\">Ekrane rodoma b\u016bsena \u201e\u012ekrauti \u012fkrovim\u0105\u201c. Tai rodo \u012fkrovimo metrik\u0105, \u012fskaitant \u012fkrovimo i\u0161laidas, tiekiam\u0105 energij\u0105, \u012fkrovimo norm\u0105 ir \u012fkrovimo trukm\u0119.<\/span><\/p>\n<p><span style=\"font-weight: 400;\">Visas procesas atrodo gana sklandus, o ekranas yra pakankamai ma\u017eas ir subtilus, kad \u0161ie vienetai atrodyt\u0173 nelabai skirtingi nuo t\u0173, kurie neturi bekontak\u010di\u0173 mok\u0117jimo galimybi\u0173.<\/span><\/p>\n<p><span style=\"font-weight: 400;\">\u0160ie integruot\u0173 korteli\u0173 skaitytuvai yra tiesiai po CCS2 laikikliu V4 \u201eSupercharger\u201c kioske, tod\u0117l juos taip pat lengva pasteb\u0117ti tiems, kurie nori \u012fkrauti kioske.<\/span><\/p>\n<figure id=\"attachment_171673\" aria-describedby=\"caption-attachment-171673\" style=\"width: 610px\" class=\"wp-caption aligncenter\"><img loading=\"lazy\" decoding=\"async\" class=\"size-full wp-image-171673\" src=\"https:\/\/thedriven.io\/wp-content\/uploads\/2023\/08\/Tap-card-Tesla-V4-Supercharger-EVAEOfficial.jpg\" alt=\"Bakstel\u0117kite kortel\u0119 \u201eTesla V4\u201c kompresoriaus \u201eEvaeOfficial\u201c\" width=\"610\" height=\"806\" srcset=\"https:\/\/thedriven.io\/wp-content\/uploads\/2023\/08\/Tap-card-Tesla-V4-Supercharger-EVAEOfficial.jpg 610w, https:\/\/thedriven.io\/wp-content\/uploads\/2023\/08\/Tap-card-Tesla-V4-Supercharger-EVAEOfficial-303x400.jpg 303w, https:\/\/thedriven.io\/wp-content\/uploads\/2023\/08\/Tap-card-Tesla-V4-Supercharger-EVAEOfficial-120x160.jpg 120w, https:\/\/thedriven.io\/wp-content\/uploads\/2023\/08\/Tap-card-Tesla-V4-Supercharger-EVAEOfficial-90x120.jpg 90w, https:\/\/thedriven.io\/wp-content\/uploads\/2023\/08\/Tap-card-Tesla-V4-Supercharger-EVAEOfficial-320x423.jpg 320w, https:\/\/thedriven.io\/wp-content\/uploads\/2023\/08\/Tap-card-Tesla-V4-Supercharger-EVAEOfficial-560x740.jpg 560w, https:\/\/thedriven.io\/wp-content\/uploads\/2023\/08\/Tap-card-Tesla-V4-Supercharger-EVAEOfficial-150x198.jpg 150w, https:\/\/thedriven.io\/wp-content\/uploads\/2023\/08\/Tap-card-Tesla-V4-Supercharger-EVAEOfficial-240x317.jpg 240w, https:\/\/thedriven.io\/wp-content\/uploads\/2023\/08\/Tap-card-Tesla-V4-Supercharger-EVAEOfficial-180x238.jpg 180w, https:\/\/thedriven.io\/wp-content\/uploads\/2023\/08\/Tap-card-Tesla-V4-Supercharger-EVAEOfficial-300x396.jpg 300w\" sizes=\"auto, (max-width: 610px) 100vw, 610px\"\/><figcaption id=\"caption-attachment-171673\" class=\"wp-caption-text\">Vaizdas: vaeofficial per x<\/figcaption><\/figure>\n<p><span style=\"font-weight: 400;\">\u0160ie \u012fkrovikliai \u201eCampbelltown\u201c svetain\u0117je gali b\u016bti naudojami naudojant \u201eTesla\u201c program\u0105 arba \u201eTap-and-Go\u201c bekontak\u010dius mok\u0117jimus. Anks\u010diau vienintel\u0117 galimyb\u0117, skirta ne \u201eTesla\u201c automobiliams-tose \u012fkrovimo stotyse, kurios jiems buvo atviros-buvo prisiregistruoti \u201eTesla\u201c programoje.<\/span><\/p>\n<p><span style=\"font-weight: 400;\">\u0160i svetain\u0117 taip pat buvo atnaujinta nuo V3 iki V4 kompresori\u0173 2024 m. Bir\u017eelio m\u0117n., Leid\u017eiant ilgesniams kabeliams pad\u0117ti ten ne \u201eTesla\u201c transporto priemon\u0117ms. Dabar, \u017einoma, dar lengviau naudojant \u201eTap-and Mok\u201c \u012frengin\u012f.<\/span><\/p>\n<p><span style=\"font-weight: 400;\">\u201eTesla\u201c ir toliau diegia naujoves \u012f mokes\u010di\u0173 u\u017e infrastrukt\u016br\u0105 technologijas, ji si\u016blo tarptautiniu mastu ir dabar Australijoje, grei\u010diausiai kiti operatoriai paskatins sekti pavyzd\u017eiu. Gal\u0173 gale, EV savininkai nori patikimos, lengvai naudojamos dabartini\u0173 ir b\u016bsim\u0173 vairuotoj\u0173 infrastrukt\u016bros.<\/span><\/p>\n<div class=\"saboxplugin-wrap\" itemtype=\"http:\/\/schema.org\/Person\" itemscope=\"\" itemprop=\"author\">\n<div class=\"saboxplugin-tab\">\n<div class=\"saboxplugin-gravatar\"><img decoding=\"async\" width=\"100\" height=\"100\" alt=\"Rizas Akhtar\" itemprop=\"image\" loading=\"lazy\" class=\"native-lazyload-js-fallback\" src=\"https:\/\/b2232832.smushcdn.com\/2232832\/wp-content\/uploads\/2022\/02\/Riz.jpg?lossy=1&amp;strip=0&amp;webp=1\"\/><img loading=\"lazy\" decoding=\"async\" src=\"https:\/\/thedriven.io\/wp-content\/uploads\/2022\/02\/Riz.jpg\" width=\"100\" height=\"100\" alt=\"Rizas Akhtar\" itemprop=\"image\"\/><\/div>\n<div class=\"saboxplugin-desc\">\n<div itemprop=\"description\">\n<p>RIZ yra \u201eCarloop\u201c \u012fk\u016br\u0117jas, \u012fsik\u016br\u0119s Melburne, specializuojasi Australijos EV duomenyse, \u012f\u017evalgos ataskaitose ir tendencijose. Jis yra mechanikos in\u017einierius, prie\u0161 pradedant \u201eCarloop\u201c pirmuosius 7 savo karjeros statybos transporto infrastrukt\u016bros metus. Jis turi aistr\u0105 automobiliams, ypa\u010d EV ir nori pad\u0117ti suma\u017einti transporto i\u0161metim\u0105 Australijoje. \u0160iuo metu jis vairuoja \u201eRed Tesla\u201c model\u012f 3.<\/p>\n<\/div>\n<\/div>\n<\/div>\n<\/div>\n<p><!-- AI CONTENT END 1 --><\/p><\/div>\n<p><script async src=\"\/\/platform.twitter.com\/widgets.js\" charset=\"utf-8\"><\/script><br \/>\n<br \/><br \/>\n<br \/><a href=\"https:\/\/thedriven.io\/2025\/03\/16\/supercharger-experience-just-got-better-for-polestar-byd-and-other-non-tesla-evs\/\">Source link <\/a><\/p>\n","protected":false},"excerpt":{"rendered":"<p>Dar 2023 m. Rugpj\u016b\u010dio m\u0117n. JK buvo pasteb\u0117tas naujas b\u016bdas susimok\u0117ti u\u017e \u201eTesla\u201c superkroviklius kaip tuometinio naujojo V4 kompresoriaus diegimo&hellip;<\/p>\n","protected":false},"author":1,"featured_media":146,"comment_status":"open","ping_status":"open","sticky":false,"template":"","format":"standard","meta":{"om_disable_all_campaigns":false,"_monsterinsights_skip_tracking":false,"_monsterinsights_sitenote_active":false,"_monsterinsights_sitenote_note":"","_monsterinsights_sitenote_category":0,"footnotes":""},"categories":[39],"tags":[11,369,370,368,372,168,371,14,234],"class_list":["post-145","post","type-post","status-publish","format-standard","has-post-thumbnail","hentry","category-eautomobiliu-technine-puse","tag-byd","tag-evs","tag-geresne","tag-kitu","tag-patirtis","tag-polestar","tag-supercharger","tag-tesla","tag-tiesiog"],"aioseo_notices":[],"yoast_head":"<!-- This site is optimized with the Yoast SEO plugin v26.8 - https:\/\/yoast.com\/product\/yoast-seo-wordpress\/ -->\n<title>\u201ePolestar\u201c, \u201eBYD\u201c ir kit\u0173 ne \u201eTesla EVS\u201c tiesiog geresn\u0117 \u201eSupercharger\u201c patirtis - Eautomobiliai.lt<\/title>\n<meta name=\"robots\" content=\"index, follow, max-snippet:-1, max-image-preview:large, max-video-preview:-1\" \/>\n<link rel=\"canonical\" href=\"https:\/\/eautomobiliai.lt\/index.php\/2025\/03\/16\/polestar-byd-ir-kitu-ne-tesla-evs-tiesiog-geresne-supercharger-patirtis\/\" \/>\n<meta property=\"og:locale\" content=\"lt_LT\" \/>\n<meta property=\"og:type\" content=\"article\" \/>\n<meta property=\"og:title\" content=\"\u201ePolestar\u201c, \u201eBYD\u201c ir kit\u0173 ne \u201eTesla EVS\u201c tiesiog geresn\u0117 \u201eSupercharger\u201c patirtis - Eautomobiliai.lt\" \/>\n<meta property=\"og:description\" content=\"Dar 2023 m. Rugpj\u016b\u010dio m\u0117n. JK buvo pasteb\u0117tas naujas b\u016bdas susimok\u0117ti u\u017e \u201eTesla\u201c superkroviklius kaip tuometinio naujojo V4 kompresoriaus diegimo&hellip;\" \/>\n<meta property=\"og:url\" content=\"https:\/\/eautomobiliai.lt\/index.php\/2025\/03\/16\/polestar-byd-ir-kitu-ne-tesla-evs-tiesiog-geresne-supercharger-patirtis\/\" \/>\n<meta property=\"og:site_name\" content=\"Eautomobiliai.lt\" \/>\n<meta property=\"article:published_time\" content=\"2025-03-16T02:35:53+00:00\" \/>\n<meta property=\"og:image\" content=\"https:\/\/eautomobiliai.lt\/wp-content\/uploads\/2025\/03\/\u201ePolestar-\u201eBYD-ir-kitu-ne-\u201eTesla-EVS-tiesiog-geresne-\u201eSupercharger.webp.webp\" \/>\n\t<meta property=\"og:image:width\" content=\"1200\" \/>\n\t<meta property=\"og:image:height\" content=\"926\" \/>\n\t<meta property=\"og:image:type\" content=\"image\/webp\" \/>\n<meta name=\"author\" content=\"admin\" \/>\n<meta name=\"twitter:card\" content=\"summary_large_image\" \/>\n<meta name=\"twitter:label1\" content=\"Written by\" \/>\n\t<meta name=\"twitter:data1\" content=\"admin\" \/>\n\t<meta name=\"twitter:label2\" content=\"Est. reading time\" \/>\n\t<meta name=\"twitter:data2\" content=\"2 minut\u0117s\" \/>\n<script type=\"application\/ld+json\" class=\"yoast-schema-graph\">{\"@context\":\"https:\/\/schema.org\",\"@graph\":[{\"@type\":\"Article\",\"@id\":\"https:\/\/eautomobiliai.lt\/index.php\/2025\/03\/16\/polestar-byd-ir-kitu-ne-tesla-evs-tiesiog-geresne-supercharger-patirtis\/#article\",\"isPartOf\":{\"@id\":\"https:\/\/eautomobiliai.lt\/index.php\/2025\/03\/16\/polestar-byd-ir-kitu-ne-tesla-evs-tiesiog-geresne-supercharger-patirtis\/\"},\"author\":{\"name\":\"admin\",\"@id\":\"https:\/\/eautomobiliai.lt\/#\/schema\/person\/ecf2a967f361217d056061f74deb92f2\"},\"headline\":\"\u201ePolestar\u201c, \u201eBYD\u201c ir kit\u0173 ne \u201eTesla EVS\u201c tiesiog geresn\u0117 \u201eSupercharger\u201c patirtis\",\"datePublished\":\"2025-03-16T02:35:53+00:00\",\"mainEntityOfPage\":{\"@id\":\"https:\/\/eautomobiliai.lt\/index.php\/2025\/03\/16\/polestar-byd-ir-kitu-ne-tesla-evs-tiesiog-geresne-supercharger-patirtis\/\"},\"wordCount\":499,\"commentCount\":0,\"image\":{\"@id\":\"https:\/\/eautomobiliai.lt\/index.php\/2025\/03\/16\/polestar-byd-ir-kitu-ne-tesla-evs-tiesiog-geresne-supercharger-patirtis\/#primaryimage\"},\"thumbnailUrl\":\"http:\/\/eautomobiliai.lt\/wp-content\/uploads\/2025\/03\/\u201ePolestar-\u201eBYD-ir-kitu-ne-\u201eTesla-EVS-tiesiog-geresne-\u201eSupercharger.webp.webp\",\"keywords\":[\"BYD\",\"EVS\",\"geresn\u0117\",\"kit\u0173\",\"patirtis\",\"Polestar\",\"Supercharger\",\"Tesla\",\"tiesiog\"],\"articleSection\":[\"eAUTOMOBILI\u0172 TECHNIN\u0116 PUS\u0116\"],\"inLanguage\":\"lt-LT\",\"potentialAction\":[{\"@type\":\"CommentAction\",\"name\":\"Comment\",\"target\":[\"https:\/\/eautomobiliai.lt\/index.php\/2025\/03\/16\/polestar-byd-ir-kitu-ne-tesla-evs-tiesiog-geresne-supercharger-patirtis\/#respond\"]}]},{\"@type\":\"WebPage\",\"@id\":\"https:\/\/eautomobiliai.lt\/index.php\/2025\/03\/16\/polestar-byd-ir-kitu-ne-tesla-evs-tiesiog-geresne-supercharger-patirtis\/\",\"url\":\"https:\/\/eautomobiliai.lt\/index.php\/2025\/03\/16\/polestar-byd-ir-kitu-ne-tesla-evs-tiesiog-geresne-supercharger-patirtis\/\",\"name\":\"\u201ePolestar\u201c, \u201eBYD\u201c ir kit\u0173 ne \u201eTesla EVS\u201c tiesiog geresn\u0117 \u201eSupercharger\u201c patirtis - Eautomobiliai.lt\",\"isPartOf\":{\"@id\":\"https:\/\/eautomobiliai.lt\/#website\"},\"primaryImageOfPage\":{\"@id\":\"https:\/\/eautomobiliai.lt\/index.php\/2025\/03\/16\/polestar-byd-ir-kitu-ne-tesla-evs-tiesiog-geresne-supercharger-patirtis\/#primaryimage\"},\"image\":{\"@id\":\"https:\/\/eautomobiliai.lt\/index.php\/2025\/03\/16\/polestar-byd-ir-kitu-ne-tesla-evs-tiesiog-geresne-supercharger-patirtis\/#primaryimage\"},\"thumbnailUrl\":\"http:\/\/eautomobiliai.lt\/wp-content\/uploads\/2025\/03\/\u201ePolestar-\u201eBYD-ir-kitu-ne-\u201eTesla-EVS-tiesiog-geresne-\u201eSupercharger.webp.webp\",\"datePublished\":\"2025-03-16T02:35:53+00:00\",\"author\":{\"@id\":\"https:\/\/eautomobiliai.lt\/#\/schema\/person\/ecf2a967f361217d056061f74deb92f2\"},\"breadcrumb\":{\"@id\":\"https:\/\/eautomobiliai.lt\/index.php\/2025\/03\/16\/polestar-byd-ir-kitu-ne-tesla-evs-tiesiog-geresne-supercharger-patirtis\/#breadcrumb\"},\"inLanguage\":\"lt-LT\",\"potentialAction\":[{\"@type\":\"ReadAction\",\"target\":[\"https:\/\/eautomobiliai.lt\/index.php\/2025\/03\/16\/polestar-byd-ir-kitu-ne-tesla-evs-tiesiog-geresne-supercharger-patirtis\/\"]}]},{\"@type\":\"ImageObject\",\"inLanguage\":\"lt-LT\",\"@id\":\"https:\/\/eautomobiliai.lt\/index.php\/2025\/03\/16\/polestar-byd-ir-kitu-ne-tesla-evs-tiesiog-geresne-supercharger-patirtis\/#primaryimage\",\"url\":\"http:\/\/eautomobiliai.lt\/wp-content\/uploads\/2025\/03\/\u201ePolestar-\u201eBYD-ir-kitu-ne-\u201eTesla-EVS-tiesiog-geresne-\u201eSupercharger.webp.webp\",\"contentUrl\":\"http:\/\/eautomobiliai.lt\/wp-content\/uploads\/2025\/03\/\u201ePolestar-\u201eBYD-ir-kitu-ne-\u201eTesla-EVS-tiesiog-geresne-\u201eSupercharger.webp.webp\",\"width\":1200,\"height\":926},{\"@type\":\"BreadcrumbList\",\"@id\":\"https:\/\/eautomobiliai.lt\/index.php\/2025\/03\/16\/polestar-byd-ir-kitu-ne-tesla-evs-tiesiog-geresne-supercharger-patirtis\/#breadcrumb\",\"itemListElement\":[{\"@type\":\"ListItem\",\"position\":1,\"name\":\"Home\",\"item\":\"https:\/\/eautomobiliai.lt\/\"},{\"@type\":\"ListItem\",\"position\":2,\"name\":\"\u201ePolestar\u201c, \u201eBYD\u201c ir kit\u0173 ne \u201eTesla EVS\u201c tiesiog geresn\u0117 \u201eSupercharger\u201c patirtis\"}]},{\"@type\":\"WebSite\",\"@id\":\"https:\/\/eautomobiliai.lt\/#website\",\"url\":\"https:\/\/eautomobiliai.lt\/\",\"name\":\"Eautomobiliai.lt\",\"description\":\"Elektrinis transportas, technologijos\",\"potentialAction\":[{\"@type\":\"SearchAction\",\"target\":{\"@type\":\"EntryPoint\",\"urlTemplate\":\"https:\/\/eautomobiliai.lt\/?s={search_term_string}\"},\"query-input\":{\"@type\":\"PropertyValueSpecification\",\"valueRequired\":true,\"valueName\":\"search_term_string\"}}],\"inLanguage\":\"lt-LT\"},{\"@type\":\"Person\",\"@id\":\"https:\/\/eautomobiliai.lt\/#\/schema\/person\/ecf2a967f361217d056061f74deb92f2\",\"name\":\"admin\",\"image\":{\"@type\":\"ImageObject\",\"inLanguage\":\"lt-LT\",\"@id\":\"https:\/\/eautomobiliai.lt\/#\/schema\/person\/image\/\",\"url\":\"https:\/\/secure.gravatar.com\/avatar\/6323379efae0c70c686c7905444d6bbd?s=96&d=mm&r=g\",\"contentUrl\":\"https:\/\/secure.gravatar.com\/avatar\/6323379efae0c70c686c7905444d6bbd?s=96&d=mm&r=g\",\"caption\":\"admin\"},\"sameAs\":[\"http:\/\/eautomobiliai.lt\"],\"url\":\"http:\/\/eautomobiliai.lt\/index.php\/author\/admin\/\"}]}<\/script>\n<!-- \/ Yoast SEO plugin. -->","yoast_head_json":{"title":"\u201ePolestar\u201c, \u201eBYD\u201c ir kit\u0173 ne \u201eTesla EVS\u201c tiesiog geresn\u0117 \u201eSupercharger\u201c patirtis - Eautomobiliai.lt","robots":{"index":"index","follow":"follow","max-snippet":"max-snippet:-1","max-image-preview":"max-image-preview:large","max-video-preview":"max-video-preview:-1"},"canonical":"https:\/\/eautomobiliai.lt\/index.php\/2025\/03\/16\/polestar-byd-ir-kitu-ne-tesla-evs-tiesiog-geresne-supercharger-patirtis\/","og_locale":"lt_LT","og_type":"article","og_title":"\u201ePolestar\u201c, \u201eBYD\u201c ir kit\u0173 ne \u201eTesla EVS\u201c tiesiog geresn\u0117 \u201eSupercharger\u201c patirtis - Eautomobiliai.lt","og_description":"Dar 2023 m. Rugpj\u016b\u010dio m\u0117n. JK buvo pasteb\u0117tas naujas b\u016bdas susimok\u0117ti u\u017e \u201eTesla\u201c superkroviklius kaip tuometinio naujojo V4 kompresoriaus diegimo&hellip;","og_url":"https:\/\/eautomobiliai.lt\/index.php\/2025\/03\/16\/polestar-byd-ir-kitu-ne-tesla-evs-tiesiog-geresne-supercharger-patirtis\/","og_site_name":"Eautomobiliai.lt","article_published_time":"2025-03-16T02:35:53+00:00","og_image":[{"width":1200,"height":926,"url":"https:\/\/eautomobiliai.lt\/wp-content\/uploads\/2025\/03\/\u201ePolestar-\u201eBYD-ir-kitu-ne-\u201eTesla-EVS-tiesiog-geresne-\u201eSupercharger.webp.webp","type":"image\/webp"}],"author":"admin","twitter_card":"summary_large_image","twitter_misc":{"Written by":"admin","Est. reading time":"2 minut\u0117s"},"schema":{"@context":"https:\/\/schema.org","@graph":[{"@type":"Article","@id":"https:\/\/eautomobiliai.lt\/index.php\/2025\/03\/16\/polestar-byd-ir-kitu-ne-tesla-evs-tiesiog-geresne-supercharger-patirtis\/#article","isPartOf":{"@id":"https:\/\/eautomobiliai.lt\/index.php\/2025\/03\/16\/polestar-byd-ir-kitu-ne-tesla-evs-tiesiog-geresne-supercharger-patirtis\/"},"author":{"name":"admin","@id":"https:\/\/eautomobiliai.lt\/#\/schema\/person\/ecf2a967f361217d056061f74deb92f2"},"headline":"\u201ePolestar\u201c, \u201eBYD\u201c ir kit\u0173 ne \u201eTesla EVS\u201c tiesiog geresn\u0117 \u201eSupercharger\u201c patirtis","datePublished":"2025-03-16T02:35:53+00:00","mainEntityOfPage":{"@id":"https:\/\/eautomobiliai.lt\/index.php\/2025\/03\/16\/polestar-byd-ir-kitu-ne-tesla-evs-tiesiog-geresne-supercharger-patirtis\/"},"wordCount":499,"commentCount":0,"image":{"@id":"https:\/\/eautomobiliai.lt\/index.php\/2025\/03\/16\/polestar-byd-ir-kitu-ne-tesla-evs-tiesiog-geresne-supercharger-patirtis\/#primaryimage"},"thumbnailUrl":"http:\/\/eautomobiliai.lt\/wp-content\/uploads\/2025\/03\/\u201ePolestar-\u201eBYD-ir-kitu-ne-\u201eTesla-EVS-tiesiog-geresne-\u201eSupercharger.webp.webp","keywords":["BYD","EVS","geresn\u0117","kit\u0173","patirtis","Polestar","Supercharger","Tesla","tiesiog"],"articleSection":["eAUTOMOBILI\u0172 TECHNIN\u0116 PUS\u0116"],"inLanguage":"lt-LT","potentialAction":[{"@type":"CommentAction","name":"Comment","target":["https:\/\/eautomobiliai.lt\/index.php\/2025\/03\/16\/polestar-byd-ir-kitu-ne-tesla-evs-tiesiog-geresne-supercharger-patirtis\/#respond"]}]},{"@type":"WebPage","@id":"https:\/\/eautomobiliai.lt\/index.php\/2025\/03\/16\/polestar-byd-ir-kitu-ne-tesla-evs-tiesiog-geresne-supercharger-patirtis\/","url":"https:\/\/eautomobiliai.lt\/index.php\/2025\/03\/16\/polestar-byd-ir-kitu-ne-tesla-evs-tiesiog-geresne-supercharger-patirtis\/","name":"\u201ePolestar\u201c, \u201eBYD\u201c ir kit\u0173 ne \u201eTesla EVS\u201c tiesiog geresn\u0117 \u201eSupercharger\u201c patirtis - Eautomobiliai.lt","isPartOf":{"@id":"https:\/\/eautomobiliai.lt\/#website"},"primaryImageOfPage":{"@id":"https:\/\/eautomobiliai.lt\/index.php\/2025\/03\/16\/polestar-byd-ir-kitu-ne-tesla-evs-tiesiog-geresne-supercharger-patirtis\/#primaryimage"},"image":{"@id":"https:\/\/eautomobiliai.lt\/index.php\/2025\/03\/16\/polestar-byd-ir-kitu-ne-tesla-evs-tiesiog-geresne-supercharger-patirtis\/#primaryimage"},"thumbnailUrl":"http:\/\/eautomobiliai.lt\/wp-content\/uploads\/2025\/03\/\u201ePolestar-\u201eBYD-ir-kitu-ne-\u201eTesla-EVS-tiesiog-geresne-\u201eSupercharger.webp.webp","datePublished":"2025-03-16T02:35:53+00:00","author":{"@id":"https:\/\/eautomobiliai.lt\/#\/schema\/person\/ecf2a967f361217d056061f74deb92f2"},"breadcrumb":{"@id":"https:\/\/eautomobiliai.lt\/index.php\/2025\/03\/16\/polestar-byd-ir-kitu-ne-tesla-evs-tiesiog-geresne-supercharger-patirtis\/#breadcrumb"},"inLanguage":"lt-LT","potentialAction":[{"@type":"ReadAction","target":["https:\/\/eautomobiliai.lt\/index.php\/2025\/03\/16\/polestar-byd-ir-kitu-ne-tesla-evs-tiesiog-geresne-supercharger-patirtis\/"]}]},{"@type":"ImageObject","inLanguage":"lt-LT","@id":"https:\/\/eautomobiliai.lt\/index.php\/2025\/03\/16\/polestar-byd-ir-kitu-ne-tesla-evs-tiesiog-geresne-supercharger-patirtis\/#primaryimage","url":"http:\/\/eautomobiliai.lt\/wp-content\/uploads\/2025\/03\/\u201ePolestar-\u201eBYD-ir-kitu-ne-\u201eTesla-EVS-tiesiog-geresne-\u201eSupercharger.webp.webp","contentUrl":"http:\/\/eautomobiliai.lt\/wp-content\/uploads\/2025\/03\/\u201ePolestar-\u201eBYD-ir-kitu-ne-\u201eTesla-EVS-tiesiog-geresne-\u201eSupercharger.webp.webp","width":1200,"height":926},{"@type":"BreadcrumbList","@id":"https:\/\/eautomobiliai.lt\/index.php\/2025\/03\/16\/polestar-byd-ir-kitu-ne-tesla-evs-tiesiog-geresne-supercharger-patirtis\/#breadcrumb","itemListElement":[{"@type":"ListItem","position":1,"name":"Home","item":"https:\/\/eautomobiliai.lt\/"},{"@type":"ListItem","position":2,"name":"\u201ePolestar\u201c, \u201eBYD\u201c ir kit\u0173 ne \u201eTesla EVS\u201c tiesiog geresn\u0117 \u201eSupercharger\u201c patirtis"}]},{"@type":"WebSite","@id":"https:\/\/eautomobiliai.lt\/#website","url":"https:\/\/eautomobiliai.lt\/","name":"Eautomobiliai.lt","description":"Elektrinis transportas, technologijos","potentialAction":[{"@type":"SearchAction","target":{"@type":"EntryPoint","urlTemplate":"https:\/\/eautomobiliai.lt\/?s={search_term_string}"},"query-input":{"@type":"PropertyValueSpecification","valueRequired":true,"valueName":"search_term_string"}}],"inLanguage":"lt-LT"},{"@type":"Person","@id":"https:\/\/eautomobiliai.lt\/#\/schema\/person\/ecf2a967f361217d056061f74deb92f2","name":"admin","image":{"@type":"ImageObject","inLanguage":"lt-LT","@id":"https:\/\/eautomobiliai.lt\/#\/schema\/person\/image\/","url":"https:\/\/secure.gravatar.com\/avatar\/6323379efae0c70c686c7905444d6bbd?s=96&d=mm&r=g","contentUrl":"https:\/\/secure.gravatar.com\/avatar\/6323379efae0c70c686c7905444d6bbd?s=96&d=mm&r=g","caption":"admin"},"sameAs":["http:\/\/eautomobiliai.lt"],"url":"http:\/\/eautomobiliai.lt\/index.php\/author\/admin\/"}]}},"_links":{"self":[{"href":"http:\/\/eautomobiliai.lt\/index.php\/wp-json\/wp\/v2\/posts\/145","targetHints":{"allow":["GET"]}}],"collection":[{"href":"http:\/\/eautomobiliai.lt\/index.php\/wp-json\/wp\/v2\/posts"}],"about":[{"href":"http:\/\/eautomobiliai.lt\/index.php\/wp-json\/wp\/v2\/types\/post"}],"author":[{"embeddable":true,"href":"http:\/\/eautomobiliai.lt\/index.php\/wp-json\/wp\/v2\/users\/1"}],"replies":[{"embeddable":true,"href":"http:\/\/eautomobiliai.lt\/index.php\/wp-json\/wp\/v2\/comments?post=145"}],"version-history":[{"count":0,"href":"http:\/\/eautomobiliai.lt\/index.php\/wp-json\/wp\/v2\/posts\/145\/revisions"}],"wp:featuredmedia":[{"embeddable":true,"href":"http:\/\/eautomobiliai.lt\/index.php\/wp-json\/wp\/v2\/media\/146"}],"wp:attachment":[{"href":"http:\/\/eautomobiliai.lt\/index.php\/wp-json\/wp\/v2\/media?parent=145"}],"wp:term":[{"taxonomy":"category","embeddable":true,"href":"http:\/\/eautomobiliai.lt\/index.php\/wp-json\/wp\/v2\/categories?post=145"},{"taxonomy":"post_tag","embeddable":true,"href":"http:\/\/eautomobiliai.lt\/index.php\/wp-json\/wp\/v2\/tags?post=145"}],"curies":[{"name":"wp","href":"https:\/\/api.w.org\/{rel}","templated":true}]}}