{"id":1459,"date":"2025-07-10T21:40:20","date_gmt":"2025-07-10T21:40:20","guid":{"rendered":"https:\/\/eautomobiliai.lt\/index.php\/2025\/07\/10\/mercedes-siulo-isskirtini-pirmaji-zvilgsni-i-nauja-elektrini-glc\/"},"modified":"2025-07-10T21:40:20","modified_gmt":"2025-07-10T21:40:20","slug":"mercedes-siulo-isskirtini-pirmaji-zvilgsni-i-nauja-elektrini-glc","status":"publish","type":"post","link":"http:\/\/eautomobiliai.lt\/index.php\/2025\/07\/10\/mercedes-siulo-isskirtini-pirmaji-zvilgsni-i-nauja-elektrini-glc\/","title":{"rendered":"\u201eMercedes\u201c si\u016blo i\u0161skirtin\u012f pirm\u0105j\u012f \u017evilgsn\u012f \u012f nauj\u0105 elektrin\u012f GLC"},"content":{"rendered":"<p> <br \/>\n<\/p>\n<div>\n<figure class=\"img-border featured-image\">\n\t<\/figure>\n<p>\u201eMercedes-Benz\u201c ruo\u0161iasi atidengti savo geriausiai parduodamo visureigio \u201eGLC\u201c versij\u0105 v\u0117liau \u0161iais metais. Oficialiai debiutav\u0119s visai \u0161alia, \u201eMercedes\u201c atskleid\u0117 kelet\u0105 nauj\u0173 detali\u0173, si\u016blydama i\u0161skirtin\u012f pirm\u0105j\u012f \u017evilgsn\u012f \u012f nauj\u0105j\u012f EV.<\/p>\n<p><span id=\"more-424353\"\/><\/p>\n<h2 class=\"wp-block-heading\" id=\"h-mercedes-offers-an-exclusive-look-at-the-new-electric-glc\">\u201eMercedes\u201c si\u016blo i\u0161skirtin\u012f \u017evilgsn\u012f \u012f nauj\u0105 elektrin\u012f GLC<\/h2>\n<p>Nors kovo m\u0117nes\u012f per \u017eiem\u0105 bandydama \u0161iaurin\u0117je \u0160vedijoje, \u201eMercedes\u201c mes geriau pa\u017evelg\u0117me \u012f elektrin\u012f visureig\u012f, \u201eMercedes\u201c suteikia mums geresn\u012f supratim\u0105, ko tik\u0117tis.<\/p>\n<p>\u201eMes ne tik pristatome nauj\u0105 model\u012f-mes elektrifikuojame savo geriausi\u0105 pardav\u0117j\u0105\u201c,-ketvirtadien\u012f sak\u0117 \u201eMercedes-Benz\u201c grup\u0117s generalinis direktorius Ola K\u00e4llenius.<\/p>\n<p>\u201eMercedes\u201c \u017eada elektrin\u012f GLC \u201enustato naujus standartus\u201c su dailiu nauju dizainu, pa\u017eangiomis technologijomis ir nauja MB.OS operacine sistema.<\/p>\n<p>\t<span class=\"outbrain-ad-label\">Skelbimas &#8211; slinkite daugiau turinio<\/span><\/p>\n<p>Naujasis \u201eGLC EV\u201c yra dabartinio modelio atnaujinimas, si\u016blantis \u017eymiai daugiau vietos ir patobulinta va\u017eiavimo kokyb\u0117. Kadangi rat\u0173 baz\u0117 yra 3,1 \u2033 ilgesn\u0117 nei dabartinis visureigis, varomas dujomis, elektros versijoje yra daugiau koj\u0173 ir priekini\u0173 ir galini\u0173 keleivi\u0173.<\/p>\n<p>Su visomis s\u0117dyn\u0117mis sulankstytas elektrinis visureigis si\u016blo 61,4 kubini\u0173 p\u0117d\u0173 erdv\u0117s. Dujomis varomas modelis pasi\u017eymi iki 56,3 kubini\u0173 p\u0117d\u0173 krovini\u0173. Be to, j\u016bs gausite papildom\u0105 4,5 cu p\u0117d\u0173 vietos baga\u017ein\u0117je (priekin\u0117 baga\u017ein\u0117).<\/p>\n<figure class=\"wp-block-image aligncenter size-large\"><img loading=\"lazy\" decoding=\"async\" height=\"512\" width=\"1024\" src=\"https:\/\/electrek.co\/wp-content\/uploads\/sites\/3\/2025\/07\/Mercedes-electric-GLC.jpeg?quality=82&amp;strip=all&amp;w=1024\" alt=\"\u201eMercedes-Electric-Glc\u201c\" class=\"wp-image-424365\" srcset=\"https:\/\/electrek.co\/wp-content\/uploads\/sites\/3\/2025\/07\/Mercedes-electric-GLC.jpeg 1400w, https:\/\/electrek.co\/wp-content\/uploads\/sites\/3\/2025\/07\/Mercedes-electric-GLC.jpeg?resize=150,75 150w, https:\/\/electrek.co\/wp-content\/uploads\/sites\/3\/2025\/07\/Mercedes-electric-GLC.jpeg?resize=300,150 300w, https:\/\/electrek.co\/wp-content\/uploads\/sites\/3\/2025\/07\/Mercedes-electric-GLC.jpeg?resize=768,384 768w, https:\/\/electrek.co\/wp-content\/uploads\/sites\/3\/2025\/07\/Mercedes-electric-GLC.jpeg?resize=1024,512 1024w, https:\/\/electrek.co\/wp-content\/uploads\/sites\/3\/2025\/07\/Mercedes-electric-GLC.jpeg?resize=350,175 350w, https:\/\/electrek.co\/wp-content\/uploads\/sites\/3\/2025\/07\/Mercedes-electric-GLC.jpeg?resize=140,70 140w, https:\/\/electrek.co\/wp-content\/uploads\/sites\/3\/2025\/07\/Mercedes-electric-GLC.jpeg?resize=290,145 290w\" sizes=\"auto, (max-width: 1024px) 100vw, 1024px\"\/><figcaption class=\"wp-element-caption\">\u201eMercedes-Benz\u201c generalinis direktorius Ola K\u00e4llenius su naujuoju GLC EV (\u0161altinis: \u201eMercedes-Benz\u201c)<\/figcaption><\/figure>\n<p>\u201eK\u00e4llenius\u201c teig\u0117, kad naudodamas nauj\u0105 \u201eMercedes\u201c \u201e800 V\u201c elektrin\u0119 architekt\u016br\u0105 ir naujausias baterijas, elektrinis GLC vos per de\u0161imt minu\u010di\u0173 gali atgauti apie 260 km (161 myli\u0173) WLTP diapazon\u0105. Jis prid\u016br\u0117, kad DC greitas \u012fkrovimas yra \u012fmanoma daugiau nei 320 kW.<\/p>\n<p>\u201eGLC 400 4Matic\u201c su \u201eEQ\u201c technologija bus pasiekta su \u012fsp\u016bdingomis vilkimo galimyb\u0117mis iki 5 291 svaro. Palyginimui, \u201eTesla\u201c modelis Y gali vilkti tik iki 3500 svar\u0173.<\/p>\n<figure class=\"wp-block-embed aligncenter is-type-video is-provider-youtube wp-block-embed-youtube wp-embed-aspect-16-9 wp-has-aspect-ratio\">\n<p>\n<a href=\"https:\/\/www.youtube.com\/watch?v=34Zblhretu0\">https:\/\/www.youtube.com\/watch?v=34Zblhretu0<\/a>\n<\/p><figcaption class=\"wp-element-caption\">\u201eMercedes-Benz\u201c generalinis direktorius Ola K\u00e4llenius i\u0161bando naujojo elektrinio GLC prototip\u0105 (\u0161altinis: \u201eMercedes-Benz\u201c)<\/figcaption><\/figure>\n<p>Prid\u0117tos funkcijos, tokios kaip ESP priekabos stabilizavimas ir priekab\u0173 manevravimo asistentas, dar lengviau vilkti su optimizuotu stabilumu ir valdymu.<\/p>\n<p>K\u00e4llenius taip pat erzino nauj\u0105 \u201eElectric GLC\u201c dizain\u0105, pavadindamas j\u012f \u201enaujos eros\u201c ir \u201enaujojo prek\u0117s \u017eenklo veido, kaip pirmojo b\u016bsim\u0173 transporto priemoni\u0173 \u0161eimoje\u201c, prad\u017ei\u0105.<\/p>\n<figure class=\"wp-block-image aligncenter size-large\"><img loading=\"lazy\" decoding=\"async\" height=\"512\" width=\"1024\" src=\"https:\/\/electrek.co\/wp-content\/uploads\/sites\/3\/2025\/03\/Mercedes-GLC-EV-first-look.jpeg?quality=82&amp;strip=all&amp;w=1024\" alt=\"\u201eMercedes-GLC-EV-First-Peot\u201c\" class=\"wp-image-404215\" srcset=\"https:\/\/electrek.co\/wp-content\/uploads\/sites\/3\/2025\/03\/Mercedes-GLC-EV-first-look.jpeg 1400w, https:\/\/electrek.co\/wp-content\/uploads\/sites\/3\/2025\/03\/Mercedes-GLC-EV-first-look.jpeg?resize=150,75 150w, https:\/\/electrek.co\/wp-content\/uploads\/sites\/3\/2025\/03\/Mercedes-GLC-EV-first-look.jpeg?resize=300,150 300w, https:\/\/electrek.co\/wp-content\/uploads\/sites\/3\/2025\/03\/Mercedes-GLC-EV-first-look.jpeg?resize=768,384 768w, https:\/\/electrek.co\/wp-content\/uploads\/sites\/3\/2025\/03\/Mercedes-GLC-EV-first-look.jpeg?resize=1024,512 1024w, https:\/\/electrek.co\/wp-content\/uploads\/sites\/3\/2025\/03\/Mercedes-GLC-EV-first-look.jpeg?resize=350,175 350w, https:\/\/electrek.co\/wp-content\/uploads\/sites\/3\/2025\/03\/Mercedes-GLC-EV-first-look.jpeg?resize=140,70 140w, https:\/\/electrek.co\/wp-content\/uploads\/sites\/3\/2025\/03\/Mercedes-GLC-EV-first-look.jpeg?resize=290,145 290w\" sizes=\"auto, (max-width: 1024px) 100vw, 1024px\"\/><figcaption class=\"wp-element-caption\">\u201eMercedes GLC EV\u201c prototipas su EQ technologijos bandymais \u0160vedijoje (\u0161altinis: \u201eMercedes-Benz\u201c<\/figcaption><\/figure>\n<p>Vidus yra toks pat \u012fsp\u016bdingas, suteikia holistin\u0119 patirt\u012f. \u201eDid\u017eiul\u0117 pl\u016bduriuojanti naujos kartos\u201e MBux HyPerscreen \u201cyra neprivaloma, teikianti erdvin\u0119 patirt\u012f, kuri\u0105 maitina naujas\u201e Mb.OS \u201csuperkompiuteris.<\/p>\n<p>\u201eMercedes\u201c pristatys nauj\u0105j\u012f elektrin\u012f GLC 2025 m. Tarptautin\u0117je automobili\u0173 parodoje Miunchene 2025 m. Rugs\u0117jo 7 d.<\/p>\n<figure class=\"wp-block-image aligncenter size-large\"><img loading=\"lazy\" decoding=\"async\" height=\"512\" width=\"1024\" src=\"https:\/\/electrek.co\/wp-content\/uploads\/sites\/3\/2025\/03\/Mercedes-CLA-EV-interior-2.jpeg?quality=82&amp;strip=all&amp;w=1024\" alt=\"\u201eMercedes-Cla-Ev-Interrior\u201c\" class=\"wp-image-405812\" srcset=\"https:\/\/electrek.co\/wp-content\/uploads\/sites\/3\/2025\/03\/Mercedes-CLA-EV-interior-2.jpeg 1400w, https:\/\/electrek.co\/wp-content\/uploads\/sites\/3\/2025\/03\/Mercedes-CLA-EV-interior-2.jpeg?resize=150,75 150w, https:\/\/electrek.co\/wp-content\/uploads\/sites\/3\/2025\/03\/Mercedes-CLA-EV-interior-2.jpeg?resize=300,150 300w, https:\/\/electrek.co\/wp-content\/uploads\/sites\/3\/2025\/03\/Mercedes-CLA-EV-interior-2.jpeg?resize=768,384 768w, https:\/\/electrek.co\/wp-content\/uploads\/sites\/3\/2025\/03\/Mercedes-CLA-EV-interior-2.jpeg?resize=1024,512 1024w, https:\/\/electrek.co\/wp-content\/uploads\/sites\/3\/2025\/03\/Mercedes-CLA-EV-interior-2.jpeg?resize=350,175 350w, https:\/\/electrek.co\/wp-content\/uploads\/sites\/3\/2025\/03\/Mercedes-CLA-EV-interior-2.jpeg?resize=140,70 140w, https:\/\/electrek.co\/wp-content\/uploads\/sites\/3\/2025\/03\/Mercedes-CLA-EV-interior-2.jpeg?resize=290,145 290w\" sizes=\"auto, (max-width: 1024px) 100vw, 1024px\"\/><figcaption class=\"wp-element-caption\">Naujasis \u201eElectric Mercedes CLA\u201c interjeras (\u0161altinis: \u201eMercedes-Benz\u201c)<\/figcaption><\/figure>\n<p><span style=\"margin: 0px; padding: 0px;\">Nors renginyje bus atskleisti oficial\u016bs diapazono skai\u010diai, ra\u0161oma <em>Automobilis ir vairuotojas<\/em>kuris i\u0161band\u0117 prototipo model\u012f, \u201eMercedes\u201c teig\u0117, kad tikisi, jog naujasis GLC suteiks WLTP diapazon\u0105 \u0161iek tiek daugiau nei 400 myli\u0173 arba \u0161iek tiek daugiau nei 300 myli\u0173 EPA skal\u0117je nuo 94,5 kWh baterijos.<\/span><\/p>\n<p>Kainos taip pat bus paskelbtos tinkamu laiku, ta\u010diau atsi\u017evelgiant \u012f tai, kad dabartinis \u201eGLC 350E 4Matic Phev\u201c JAV prasideda nuo 59 900 USD JAV, galite tik\u0117tis, kad elektrinis modelis bus \u0161iek tiek didesnis &#8211; ma\u017edaug 65 000 USD.<\/p>\n<div class=\"ad-disclaimer-container\">\n<p class=\"disclaimer-affiliate\"><em>FPK: Mes naudojame pajamas gaunan\u010dias automatinio filialo nuorodas.<\/em> Daugiau.<\/p>\n<p><!-- post ad --><\/div>\n<\/p><\/div>\n<p><br \/>\n<br \/><a href=\"https:\/\/electrek.co\/2025\/07\/10\/mercedes-exclusive-first-look-new-electric-glc\/\">Source link <\/a><\/p>\n","protected":false},"excerpt":{"rendered":"<p>\u201eMercedes-Benz\u201c ruo\u0161iasi atidengti savo geriausiai parduodamo visureigio \u201eGLC\u201c versij\u0105 v\u0117liau \u0161iais metais. Oficialiai debiutav\u0119s visai \u0161alia, \u201eMercedes\u201c atskleid\u0117 kelet\u0105 nauj\u0173&hellip;<\/p>\n","protected":false},"author":1,"featured_media":1460,"comment_status":"open","ping_status":"open","sticky":false,"template":"","format":"standard","meta":{"om_disable_all_campaigns":false,"_monsterinsights_skip_tracking":false,"_monsterinsights_sitenote_active":false,"_monsterinsights_sitenote_note":"","_monsterinsights_sitenote_category":0,"footnotes":""},"categories":[8],"tags":[175,2881,2879,2609,556,357,478,2880],"class_list":["post-1459","post","type-post","status-publish","format-standard","has-post-thumbnail","hentry","category-elektriniai-automobiliai","tag-elektrini","tag-glc","tag-isskirtini","tag-mercedes","tag-nauja","tag-pirmaji","tag-siulo","tag-zvilgsni"],"aioseo_notices":[],"yoast_head":"<!-- This site is optimized with the Yoast SEO plugin v26.8 - https:\/\/yoast.com\/product\/yoast-seo-wordpress\/ -->\n<title>\u201eMercedes\u201c si\u016blo i\u0161skirtin\u012f pirm\u0105j\u012f \u017evilgsn\u012f \u012f nauj\u0105 elektrin\u012f GLC - Eautomobiliai.lt<\/title>\n<meta name=\"robots\" content=\"index, follow, max-snippet:-1, max-image-preview:large, max-video-preview:-1\" \/>\n<link rel=\"canonical\" href=\"http:\/\/eautomobiliai.lt\/index.php\/2025\/07\/10\/mercedes-siulo-isskirtini-pirmaji-zvilgsni-i-nauja-elektrini-glc\/\" \/>\n<meta property=\"og:locale\" content=\"lt_LT\" \/>\n<meta property=\"og:type\" content=\"article\" \/>\n<meta property=\"og:title\" content=\"\u201eMercedes\u201c si\u016blo i\u0161skirtin\u012f pirm\u0105j\u012f \u017evilgsn\u012f \u012f nauj\u0105 elektrin\u012f GLC - Eautomobiliai.lt\" \/>\n<meta property=\"og:description\" content=\"\u201eMercedes-Benz\u201c ruo\u0161iasi atidengti savo geriausiai parduodamo visureigio \u201eGLC\u201c versij\u0105 v\u0117liau \u0161iais metais. Oficialiai debiutav\u0119s visai \u0161alia, \u201eMercedes\u201c atskleid\u0117 kelet\u0105 nauj\u0173&hellip;\" \/>\n<meta property=\"og:url\" content=\"http:\/\/eautomobiliai.lt\/index.php\/2025\/07\/10\/mercedes-siulo-isskirtini-pirmaji-zvilgsni-i-nauja-elektrini-glc\/\" \/>\n<meta property=\"og:site_name\" content=\"Eautomobiliai.lt\" \/>\n<meta property=\"article:published_time\" content=\"2025-07-10T21:40:20+00:00\" \/>\n<meta property=\"og:image\" content=\"http:\/\/eautomobiliai.lt\/wp-content\/uploads\/2025\/07\/\u201eMercedes-siulo-isskirtini-pirmaji-zvilgsni-i-nauja-elektrini-GLC.jpeg\" \/>\n\t<meta property=\"og:image:width\" content=\"1200\" \/>\n\t<meta property=\"og:image:height\" content=\"628\" \/>\n\t<meta property=\"og:image:type\" content=\"image\/jpeg\" \/>\n<meta name=\"author\" content=\"admin\" \/>\n<meta name=\"twitter:card\" content=\"summary_large_image\" \/>\n<meta name=\"twitter:label1\" content=\"Written by\" \/>\n\t<meta name=\"twitter:data1\" content=\"admin\" \/>\n\t<meta name=\"twitter:label2\" content=\"Est. reading time\" \/>\n\t<meta name=\"twitter:data2\" content=\"3 minut\u0117s\" \/>\n<script type=\"application\/ld+json\" class=\"yoast-schema-graph\">{\"@context\":\"https:\/\/schema.org\",\"@graph\":[{\"@type\":\"Article\",\"@id\":\"http:\/\/eautomobiliai.lt\/index.php\/2025\/07\/10\/mercedes-siulo-isskirtini-pirmaji-zvilgsni-i-nauja-elektrini-glc\/#article\",\"isPartOf\":{\"@id\":\"http:\/\/eautomobiliai.lt\/index.php\/2025\/07\/10\/mercedes-siulo-isskirtini-pirmaji-zvilgsni-i-nauja-elektrini-glc\/\"},\"author\":{\"name\":\"admin\",\"@id\":\"http:\/\/eautomobiliai.lt\/#\/schema\/person\/ecf2a967f361217d056061f74deb92f2\"},\"headline\":\"\u201eMercedes\u201c si\u016blo i\u0161skirtin\u012f pirm\u0105j\u012f \u017evilgsn\u012f \u012f nauj\u0105 elektrin\u012f GLC\",\"datePublished\":\"2025-07-10T21:40:20+00:00\",\"mainEntityOfPage\":{\"@id\":\"http:\/\/eautomobiliai.lt\/index.php\/2025\/07\/10\/mercedes-siulo-isskirtini-pirmaji-zvilgsni-i-nauja-elektrini-glc\/\"},\"wordCount\":511,\"commentCount\":0,\"image\":{\"@id\":\"http:\/\/eautomobiliai.lt\/index.php\/2025\/07\/10\/mercedes-siulo-isskirtini-pirmaji-zvilgsni-i-nauja-elektrini-glc\/#primaryimage\"},\"thumbnailUrl\":\"http:\/\/eautomobiliai.lt\/wp-content\/uploads\/2025\/07\/\u201eMercedes-siulo-isskirtini-pirmaji-zvilgsni-i-nauja-elektrini-GLC.jpeg\",\"keywords\":[\"elektrin\u012f\",\"GLC\",\"i\u0161skirtin\u012f\",\"Mercedes\",\"Nauja\",\"pirm\u0105j\u012f\",\"si\u016blo\",\"\u017evilgsn\u012f\"],\"articleSection\":[\"ELEKTRINIAI AUTOMOBILIAI\"],\"inLanguage\":\"lt-LT\",\"potentialAction\":[{\"@type\":\"CommentAction\",\"name\":\"Comment\",\"target\":[\"http:\/\/eautomobiliai.lt\/index.php\/2025\/07\/10\/mercedes-siulo-isskirtini-pirmaji-zvilgsni-i-nauja-elektrini-glc\/#respond\"]}]},{\"@type\":\"WebPage\",\"@id\":\"http:\/\/eautomobiliai.lt\/index.php\/2025\/07\/10\/mercedes-siulo-isskirtini-pirmaji-zvilgsni-i-nauja-elektrini-glc\/\",\"url\":\"http:\/\/eautomobiliai.lt\/index.php\/2025\/07\/10\/mercedes-siulo-isskirtini-pirmaji-zvilgsni-i-nauja-elektrini-glc\/\",\"name\":\"\u201eMercedes\u201c si\u016blo i\u0161skirtin\u012f pirm\u0105j\u012f \u017evilgsn\u012f \u012f nauj\u0105 elektrin\u012f GLC - Eautomobiliai.lt\",\"isPartOf\":{\"@id\":\"http:\/\/eautomobiliai.lt\/#website\"},\"primaryImageOfPage\":{\"@id\":\"http:\/\/eautomobiliai.lt\/index.php\/2025\/07\/10\/mercedes-siulo-isskirtini-pirmaji-zvilgsni-i-nauja-elektrini-glc\/#primaryimage\"},\"image\":{\"@id\":\"http:\/\/eautomobiliai.lt\/index.php\/2025\/07\/10\/mercedes-siulo-isskirtini-pirmaji-zvilgsni-i-nauja-elektrini-glc\/#primaryimage\"},\"thumbnailUrl\":\"http:\/\/eautomobiliai.lt\/wp-content\/uploads\/2025\/07\/\u201eMercedes-siulo-isskirtini-pirmaji-zvilgsni-i-nauja-elektrini-GLC.jpeg\",\"datePublished\":\"2025-07-10T21:40:20+00:00\",\"author\":{\"@id\":\"http:\/\/eautomobiliai.lt\/#\/schema\/person\/ecf2a967f361217d056061f74deb92f2\"},\"breadcrumb\":{\"@id\":\"http:\/\/eautomobiliai.lt\/index.php\/2025\/07\/10\/mercedes-siulo-isskirtini-pirmaji-zvilgsni-i-nauja-elektrini-glc\/#breadcrumb\"},\"inLanguage\":\"lt-LT\",\"potentialAction\":[{\"@type\":\"ReadAction\",\"target\":[\"http:\/\/eautomobiliai.lt\/index.php\/2025\/07\/10\/mercedes-siulo-isskirtini-pirmaji-zvilgsni-i-nauja-elektrini-glc\/\"]}]},{\"@type\":\"ImageObject\",\"inLanguage\":\"lt-LT\",\"@id\":\"http:\/\/eautomobiliai.lt\/index.php\/2025\/07\/10\/mercedes-siulo-isskirtini-pirmaji-zvilgsni-i-nauja-elektrini-glc\/#primaryimage\",\"url\":\"http:\/\/eautomobiliai.lt\/wp-content\/uploads\/2025\/07\/\u201eMercedes-siulo-isskirtini-pirmaji-zvilgsni-i-nauja-elektrini-GLC.jpeg\",\"contentUrl\":\"http:\/\/eautomobiliai.lt\/wp-content\/uploads\/2025\/07\/\u201eMercedes-siulo-isskirtini-pirmaji-zvilgsni-i-nauja-elektrini-GLC.jpeg\",\"width\":1200,\"height\":628},{\"@type\":\"BreadcrumbList\",\"@id\":\"http:\/\/eautomobiliai.lt\/index.php\/2025\/07\/10\/mercedes-siulo-isskirtini-pirmaji-zvilgsni-i-nauja-elektrini-glc\/#breadcrumb\",\"itemListElement\":[{\"@type\":\"ListItem\",\"position\":1,\"name\":\"Home\",\"item\":\"http:\/\/eautomobiliai.lt\/\"},{\"@type\":\"ListItem\",\"position\":2,\"name\":\"\u201eMercedes\u201c si\u016blo i\u0161skirtin\u012f pirm\u0105j\u012f \u017evilgsn\u012f \u012f nauj\u0105 elektrin\u012f GLC\"}]},{\"@type\":\"WebSite\",\"@id\":\"http:\/\/eautomobiliai.lt\/#website\",\"url\":\"http:\/\/eautomobiliai.lt\/\",\"name\":\"Eautomobiliai.lt\",\"description\":\"Elektrinis transportas, technologijos\",\"potentialAction\":[{\"@type\":\"SearchAction\",\"target\":{\"@type\":\"EntryPoint\",\"urlTemplate\":\"http:\/\/eautomobiliai.lt\/?s={search_term_string}\"},\"query-input\":{\"@type\":\"PropertyValueSpecification\",\"valueRequired\":true,\"valueName\":\"search_term_string\"}}],\"inLanguage\":\"lt-LT\"},{\"@type\":\"Person\",\"@id\":\"http:\/\/eautomobiliai.lt\/#\/schema\/person\/ecf2a967f361217d056061f74deb92f2\",\"name\":\"admin\",\"image\":{\"@type\":\"ImageObject\",\"inLanguage\":\"lt-LT\",\"@id\":\"http:\/\/eautomobiliai.lt\/#\/schema\/person\/image\/\",\"url\":\"https:\/\/secure.gravatar.com\/avatar\/6323379efae0c70c686c7905444d6bbd?s=96&d=mm&r=g\",\"contentUrl\":\"https:\/\/secure.gravatar.com\/avatar\/6323379efae0c70c686c7905444d6bbd?s=96&d=mm&r=g\",\"caption\":\"admin\"},\"sameAs\":[\"http:\/\/eautomobiliai.lt\"],\"url\":\"http:\/\/eautomobiliai.lt\/index.php\/author\/admin\/\"}]}<\/script>\n<!-- \/ Yoast SEO plugin. -->","yoast_head_json":{"title":"\u201eMercedes\u201c si\u016blo i\u0161skirtin\u012f pirm\u0105j\u012f \u017evilgsn\u012f \u012f nauj\u0105 elektrin\u012f GLC - Eautomobiliai.lt","robots":{"index":"index","follow":"follow","max-snippet":"max-snippet:-1","max-image-preview":"max-image-preview:large","max-video-preview":"max-video-preview:-1"},"canonical":"http:\/\/eautomobiliai.lt\/index.php\/2025\/07\/10\/mercedes-siulo-isskirtini-pirmaji-zvilgsni-i-nauja-elektrini-glc\/","og_locale":"lt_LT","og_type":"article","og_title":"\u201eMercedes\u201c si\u016blo i\u0161skirtin\u012f pirm\u0105j\u012f \u017evilgsn\u012f \u012f nauj\u0105 elektrin\u012f GLC - Eautomobiliai.lt","og_description":"\u201eMercedes-Benz\u201c ruo\u0161iasi atidengti savo geriausiai parduodamo visureigio \u201eGLC\u201c versij\u0105 v\u0117liau \u0161iais metais. Oficialiai debiutav\u0119s visai \u0161alia, \u201eMercedes\u201c atskleid\u0117 kelet\u0105 nauj\u0173&hellip;","og_url":"http:\/\/eautomobiliai.lt\/index.php\/2025\/07\/10\/mercedes-siulo-isskirtini-pirmaji-zvilgsni-i-nauja-elektrini-glc\/","og_site_name":"Eautomobiliai.lt","article_published_time":"2025-07-10T21:40:20+00:00","og_image":[{"width":1200,"height":628,"url":"http:\/\/eautomobiliai.lt\/wp-content\/uploads\/2025\/07\/\u201eMercedes-siulo-isskirtini-pirmaji-zvilgsni-i-nauja-elektrini-GLC.jpeg","type":"image\/jpeg"}],"author":"admin","twitter_card":"summary_large_image","twitter_misc":{"Written by":"admin","Est. reading time":"3 minut\u0117s"},"schema":{"@context":"https:\/\/schema.org","@graph":[{"@type":"Article","@id":"http:\/\/eautomobiliai.lt\/index.php\/2025\/07\/10\/mercedes-siulo-isskirtini-pirmaji-zvilgsni-i-nauja-elektrini-glc\/#article","isPartOf":{"@id":"http:\/\/eautomobiliai.lt\/index.php\/2025\/07\/10\/mercedes-siulo-isskirtini-pirmaji-zvilgsni-i-nauja-elektrini-glc\/"},"author":{"name":"admin","@id":"http:\/\/eautomobiliai.lt\/#\/schema\/person\/ecf2a967f361217d056061f74deb92f2"},"headline":"\u201eMercedes\u201c si\u016blo i\u0161skirtin\u012f pirm\u0105j\u012f \u017evilgsn\u012f \u012f nauj\u0105 elektrin\u012f GLC","datePublished":"2025-07-10T21:40:20+00:00","mainEntityOfPage":{"@id":"http:\/\/eautomobiliai.lt\/index.php\/2025\/07\/10\/mercedes-siulo-isskirtini-pirmaji-zvilgsni-i-nauja-elektrini-glc\/"},"wordCount":511,"commentCount":0,"image":{"@id":"http:\/\/eautomobiliai.lt\/index.php\/2025\/07\/10\/mercedes-siulo-isskirtini-pirmaji-zvilgsni-i-nauja-elektrini-glc\/#primaryimage"},"thumbnailUrl":"http:\/\/eautomobiliai.lt\/wp-content\/uploads\/2025\/07\/\u201eMercedes-siulo-isskirtini-pirmaji-zvilgsni-i-nauja-elektrini-GLC.jpeg","keywords":["elektrin\u012f","GLC","i\u0161skirtin\u012f","Mercedes","Nauja","pirm\u0105j\u012f","si\u016blo","\u017evilgsn\u012f"],"articleSection":["ELEKTRINIAI AUTOMOBILIAI"],"inLanguage":"lt-LT","potentialAction":[{"@type":"CommentAction","name":"Comment","target":["http:\/\/eautomobiliai.lt\/index.php\/2025\/07\/10\/mercedes-siulo-isskirtini-pirmaji-zvilgsni-i-nauja-elektrini-glc\/#respond"]}]},{"@type":"WebPage","@id":"http:\/\/eautomobiliai.lt\/index.php\/2025\/07\/10\/mercedes-siulo-isskirtini-pirmaji-zvilgsni-i-nauja-elektrini-glc\/","url":"http:\/\/eautomobiliai.lt\/index.php\/2025\/07\/10\/mercedes-siulo-isskirtini-pirmaji-zvilgsni-i-nauja-elektrini-glc\/","name":"\u201eMercedes\u201c si\u016blo i\u0161skirtin\u012f pirm\u0105j\u012f \u017evilgsn\u012f \u012f nauj\u0105 elektrin\u012f GLC - Eautomobiliai.lt","isPartOf":{"@id":"http:\/\/eautomobiliai.lt\/#website"},"primaryImageOfPage":{"@id":"http:\/\/eautomobiliai.lt\/index.php\/2025\/07\/10\/mercedes-siulo-isskirtini-pirmaji-zvilgsni-i-nauja-elektrini-glc\/#primaryimage"},"image":{"@id":"http:\/\/eautomobiliai.lt\/index.php\/2025\/07\/10\/mercedes-siulo-isskirtini-pirmaji-zvilgsni-i-nauja-elektrini-glc\/#primaryimage"},"thumbnailUrl":"http:\/\/eautomobiliai.lt\/wp-content\/uploads\/2025\/07\/\u201eMercedes-siulo-isskirtini-pirmaji-zvilgsni-i-nauja-elektrini-GLC.jpeg","datePublished":"2025-07-10T21:40:20+00:00","author":{"@id":"http:\/\/eautomobiliai.lt\/#\/schema\/person\/ecf2a967f361217d056061f74deb92f2"},"breadcrumb":{"@id":"http:\/\/eautomobiliai.lt\/index.php\/2025\/07\/10\/mercedes-siulo-isskirtini-pirmaji-zvilgsni-i-nauja-elektrini-glc\/#breadcrumb"},"inLanguage":"lt-LT","potentialAction":[{"@type":"ReadAction","target":["http:\/\/eautomobiliai.lt\/index.php\/2025\/07\/10\/mercedes-siulo-isskirtini-pirmaji-zvilgsni-i-nauja-elektrini-glc\/"]}]},{"@type":"ImageObject","inLanguage":"lt-LT","@id":"http:\/\/eautomobiliai.lt\/index.php\/2025\/07\/10\/mercedes-siulo-isskirtini-pirmaji-zvilgsni-i-nauja-elektrini-glc\/#primaryimage","url":"http:\/\/eautomobiliai.lt\/wp-content\/uploads\/2025\/07\/\u201eMercedes-siulo-isskirtini-pirmaji-zvilgsni-i-nauja-elektrini-GLC.jpeg","contentUrl":"http:\/\/eautomobiliai.lt\/wp-content\/uploads\/2025\/07\/\u201eMercedes-siulo-isskirtini-pirmaji-zvilgsni-i-nauja-elektrini-GLC.jpeg","width":1200,"height":628},{"@type":"BreadcrumbList","@id":"http:\/\/eautomobiliai.lt\/index.php\/2025\/07\/10\/mercedes-siulo-isskirtini-pirmaji-zvilgsni-i-nauja-elektrini-glc\/#breadcrumb","itemListElement":[{"@type":"ListItem","position":1,"name":"Home","item":"http:\/\/eautomobiliai.lt\/"},{"@type":"ListItem","position":2,"name":"\u201eMercedes\u201c si\u016blo i\u0161skirtin\u012f pirm\u0105j\u012f \u017evilgsn\u012f \u012f nauj\u0105 elektrin\u012f GLC"}]},{"@type":"WebSite","@id":"http:\/\/eautomobiliai.lt\/#website","url":"http:\/\/eautomobiliai.lt\/","name":"Eautomobiliai.lt","description":"Elektrinis transportas, technologijos","potentialAction":[{"@type":"SearchAction","target":{"@type":"EntryPoint","urlTemplate":"http:\/\/eautomobiliai.lt\/?s={search_term_string}"},"query-input":{"@type":"PropertyValueSpecification","valueRequired":true,"valueName":"search_term_string"}}],"inLanguage":"lt-LT"},{"@type":"Person","@id":"http:\/\/eautomobiliai.lt\/#\/schema\/person\/ecf2a967f361217d056061f74deb92f2","name":"admin","image":{"@type":"ImageObject","inLanguage":"lt-LT","@id":"http:\/\/eautomobiliai.lt\/#\/schema\/person\/image\/","url":"https:\/\/secure.gravatar.com\/avatar\/6323379efae0c70c686c7905444d6bbd?s=96&d=mm&r=g","contentUrl":"https:\/\/secure.gravatar.com\/avatar\/6323379efae0c70c686c7905444d6bbd?s=96&d=mm&r=g","caption":"admin"},"sameAs":["http:\/\/eautomobiliai.lt"],"url":"http:\/\/eautomobiliai.lt\/index.php\/author\/admin\/"}]}},"_links":{"self":[{"href":"http:\/\/eautomobiliai.lt\/index.php\/wp-json\/wp\/v2\/posts\/1459","targetHints":{"allow":["GET"]}}],"collection":[{"href":"http:\/\/eautomobiliai.lt\/index.php\/wp-json\/wp\/v2\/posts"}],"about":[{"href":"http:\/\/eautomobiliai.lt\/index.php\/wp-json\/wp\/v2\/types\/post"}],"author":[{"embeddable":true,"href":"http:\/\/eautomobiliai.lt\/index.php\/wp-json\/wp\/v2\/users\/1"}],"replies":[{"embeddable":true,"href":"http:\/\/eautomobiliai.lt\/index.php\/wp-json\/wp\/v2\/comments?post=1459"}],"version-history":[{"count":0,"href":"http:\/\/eautomobiliai.lt\/index.php\/wp-json\/wp\/v2\/posts\/1459\/revisions"}],"wp:featuredmedia":[{"embeddable":true,"href":"http:\/\/eautomobiliai.lt\/index.php\/wp-json\/wp\/v2\/media\/1460"}],"wp:attachment":[{"href":"http:\/\/eautomobiliai.lt\/index.php\/wp-json\/wp\/v2\/media?parent=1459"}],"wp:term":[{"taxonomy":"category","embeddable":true,"href":"http:\/\/eautomobiliai.lt\/index.php\/wp-json\/wp\/v2\/categories?post=1459"},{"taxonomy":"post_tag","embeddable":true,"href":"http:\/\/eautomobiliai.lt\/index.php\/wp-json\/wp\/v2\/tags?post=1459"}],"curies":[{"name":"wp","href":"https:\/\/api.w.org\/{rel}","templated":true}]}}