{"id":1467,"date":"2025-07-11T13:43:19","date_gmt":"2025-07-11T13:43:19","guid":{"rendered":"https:\/\/eautomobiliai.lt\/index.php\/2025\/07\/11\/tesla-sumazina-kainas-kanadoje-nepaisant-tarifu-nes-pardavimai-is-esmes-sumazeja-iki-0\/"},"modified":"2025-07-11T13:43:19","modified_gmt":"2025-07-11T13:43:19","slug":"tesla-sumazina-kainas-kanadoje-nepaisant-tarifu-nes-pardavimai-is-esmes-sumazeja-iki-0","status":"publish","type":"post","link":"http:\/\/eautomobiliai.lt\/index.php\/2025\/07\/11\/tesla-sumazina-kainas-kanadoje-nepaisant-tarifu-nes-pardavimai-is-esmes-sumazeja-iki-0\/","title":{"rendered":"\u201eTesla\u201c suma\u017eina kainas Kanadoje, nepaisant tarif\u0173, nes pardavimai i\u0161 esm\u0117s suma\u017e\u0117ja iki 0"},"content":{"rendered":"<p> <br \/>\n<\/p>\n<div>\n<figure class=\"img-border featured-image\">\n\t<img width=\"1600\" height=\"727\" src=\"https:\/\/electrek.co\/wp-content\/uploads\/sites\/3\/2025\/07\/Tesla-Model-Y-price-canada.png?w=1600\" class=\"skip-lazy wp-post-image\" alt=\"\" srcset=\"https:\/\/i0.wp.com\/electrek.co\/wp-content\/uploads\/sites\/3\/2025\/07\/Tesla-Model-Y-price-canada.png?w=320&amp;quality=82&amp;strip=all&amp;ssl=1 320w, https:\/\/i0.wp.com\/electrek.co\/wp-content\/uploads\/sites\/3\/2025\/07\/Tesla-Model-Y-price-canada.png?w=640&amp;quality=82&amp;strip=all&amp;ssl=1 640w, https:\/\/i0.wp.com\/electrek.co\/wp-content\/uploads\/sites\/3\/2025\/07\/Tesla-Model-Y-price-canada.png?w=1024&amp;quality=82&amp;strip=all&amp;ssl=1 1024w, https:\/\/i0.wp.com\/electrek.co\/wp-content\/uploads\/sites\/3\/2025\/07\/Tesla-Model-Y-price-canada.png?w=1500&amp;quality=82&amp;strip=all&amp;ssl=1 1500w\" decoding=\"async\" fetchpriority=\"high\"\/><\/figure>\n<p>Nepaisant tarif\u0173, \u201eTesla\u201c suma\u017eino \u201eY\u201c modelio kain\u0105 Kanadoje, nes per pastaruosius kelis m\u0117nesius pardavimai \u0161alyje i\u0161 esm\u0117s suma\u017e\u0117jo iki nulio.<\/p>\n<p><span id=\"more-424417\"\/><\/p>\n<p><span style=\"margin: 0px; padding: 0px;\">Fol<\/span>Suma\u017e\u0117j\u0119s prezidento Trumpo laisvosios prekybos susitarimo su Kanada pakeitimas nuo ankstesn\u0117s kadencijos ir tarif\u0173 taikymas Kanados prekybai \u0161i\u0173 met\u0173 prad\u017eioje, Otava nuo 2025 m. Baland\u017eio 95 d. Otava \u012fved\u0117 25% \u201eprie\u0161prie\u0161os pri\u017ei\u016br\u0117toj\u0105\u201c visiems keleiviniams automobiliams ir lengviesiems sunkve\u017eimiams, kilusiems i\u0161 JAV.<\/p>\n<p>Tai \u017eymiai ma\u017eesnis elektrini\u0173 transporto priemoni\u0173 prieinamumas Kanadoje ir i\u0161 esm\u0117s nu\u017eud\u0117 \u201eTesla\u201c pardavimus rinkoje, be to, prek\u0117s \u017eenklo \u017eala, kuri\u0105 suk\u0117l\u0117 Elonas Muskas, kuris palaik\u0117 Trump\u0105 ir teig\u0117, kad tokie dalykai kaip \u201eKanada n\u0117ra tikra \u0161alis\u201c.<\/p>\n<p>Kadangi Trumpas grasino naujam 35% tarifui d\u0117l preki\u0173, atvykstan\u010di\u0173 i\u0161 Kanados, nuo rugpj\u016b\u010dio 1 d., Atrodo, kad pad\u0117tis eina teisinga linkme.<\/p>\n<p>\t<span class=\"outbrain-ad-label\">Skelbimas &#8211; slinkite daugiau turinio<\/span><\/p>\n<p>Nepaisant to, \u201eTesla\u201c nusprend\u0117 suma\u017einti savo \u201eY\u201c modelio kainas Kanadoje.<\/p>\n<p>Po tarif\u0173 \u201eTesla\u201c padidino Y modelio kain\u0105 iki 84 000 USD CAD, tai yra 61 500 USD USD arba ma\u017edaug 20 000 USD daugiau nei modelio \u201eY Long Range AWD\u201c i\u0161laidos JAV.<\/p>\n<p>Prakti\u0161kai niekas neu\u017esak\u0117 transporto priemon\u0117s, o \u201eTesla\u201c tiesiog likvidavo savo inventori\u0173 Kanadoje, kur per pastar\u0105j\u012f ketvirt\u012f pardavimai sul\u0117t\u0117jo iki nuskaitymo.<\/p>\n<p>Dabar \u201eTesla\u201c paskelb\u0117, kad suma\u017eina Y modelio kain\u0105 ma\u017edaug 20 000 USD Kanadoje:<\/p>\n<figure class=\"wp-block-image alignwide size-large\"><img loading=\"lazy\" decoding=\"async\" height=\"465\" width=\"1024\" src=\"https:\/\/electrek.co\/wp-content\/uploads\/sites\/3\/2025\/07\/Screenshot-2025-07-11-at-8.58.50\u202fAM.png?w=1024\" alt=\"\" class=\"wp-image-424428\" srcset=\"https:\/\/electrek.co\/wp-content\/uploads\/sites\/3\/2025\/07\/Screenshot-2025-07-11-at-8.58.50\u202fAM.png 3494w, https:\/\/electrek.co\/wp-content\/uploads\/sites\/3\/2025\/07\/Screenshot-2025-07-11-at-8.58.50\u202fAM.png?resize=150,68 150w, https:\/\/electrek.co\/wp-content\/uploads\/sites\/3\/2025\/07\/Screenshot-2025-07-11-at-8.58.50\u202fAM.png?resize=300,136 300w, https:\/\/electrek.co\/wp-content\/uploads\/sites\/3\/2025\/07\/Screenshot-2025-07-11-at-8.58.50\u202fAM.png?resize=768,349 768w, https:\/\/electrek.co\/wp-content\/uploads\/sites\/3\/2025\/07\/Screenshot-2025-07-11-at-8.58.50\u202fAM.png?resize=1024,465 1024w, https:\/\/electrek.co\/wp-content\/uploads\/sites\/3\/2025\/07\/Screenshot-2025-07-11-at-8.58.50\u202fAM.png?resize=1536,698 1536w, https:\/\/electrek.co\/wp-content\/uploads\/sites\/3\/2025\/07\/Screenshot-2025-07-11-at-8.58.50\u202fAM.png?resize=2048,931 2048w, https:\/\/electrek.co\/wp-content\/uploads\/sites\/3\/2025\/07\/Screenshot-2025-07-11-at-8.58.50\u202fAM.png?resize=350,159 350w, https:\/\/electrek.co\/wp-content\/uploads\/sites\/3\/2025\/07\/Screenshot-2025-07-11-at-8.58.50\u202fAM.png?resize=140,64 140w, https:\/\/electrek.co\/wp-content\/uploads\/sites\/3\/2025\/07\/Screenshot-2025-07-11-at-8.58.50\u202fAM.png?resize=1600,727 1600w\" sizes=\"auto, (max-width: 1024px) 100vw, 1024px\"\/><\/figure>\n<p>\u201eTesla\u201c modelis \u201eY\u201c dabar prasideda nuo 65 000 USD, ma\u017edaug 20 000 USD ma\u017eesnis nei buvo vakar, ir si\u016blomas tik modelis \u201eY Long Range AWD\u201c.<\/p>\n<p>Tai galima paai\u0161kinti \u201eTesla\u201c, importuojan\u010dia transporto priemon\u0119 i\u0161 \u201eGigafactory Berlin\u201c Vokietijoje, o ne JAV.<\/p>\n<p>Tai, kad \u201eTesla\u201c kalba apie pristatymus \u201eRugs\u0117jo &#8211; 2025 m. Spalio m\u0117n.\u201c, D\u0117l nauj\u0173 u\u017esakym\u0173 taip pat rodo, kad transporto priemon\u0117s yra i\u0161 u\u017esienio.<\/p>\n<h2 class=\"wp-block-heading\" id=\"h-electrek-s-take\">\u201eElectrek&#8217;s Take\u201c<\/h2>\n<p>Tai neabejotinai pad\u0117s pardavimui Kanadoje, kuri\u0173 \u0161iuo metu beveik n\u0117ra. \u201eTesla\u201c yra 35 parduotuv\u0117s \u0161alyje, ir jos i\u0161 esm\u0117s yra salonai ir aptarnavimo centrai.<\/p>\n<p>Dabar tarifai nebuvo vienintel\u0117 \u201eTesla\u201c problema Kanadoje. Bendrov\u0117 patyr\u0117 did\u017eiul\u0119 prek\u0117s \u017eenklo \u017eal\u0105 d\u0117l Musko asociacijos su Trumpu.<\/p>\n<p>Tikimasi, kad tai t\u0119sis, ypa\u010d dabar, kai Musko palankumo reitingas yra vis\u0173 laik\u0173 \u017eemiausias. <\/p>\n<p>Bet a\u0161 tikiu, kad tarifai tur\u0117jo didesn\u012f poveik\u012f pardavimams nei prek\u0117s \u017eenklo \u017eala, tod\u0117l tur\u0117tume pamatyti, kaip \u201eTesla\u201c gr\u012f\u017eta \u012f Kanadoje pristatyti gal kelis t\u016bkstan\u010dius vienet\u0173 per ketvirt\u012f.<\/p>\n<div class=\"ad-disclaimer-container\">\n<p class=\"disclaimer-affiliate\"><em>FPK: Mes naudojame pajamas gaunan\u010dias automatinio filialo nuorodas.<\/em> Daugiau.<\/p>\n<p><!-- post ad --><\/div>\n<\/p><\/div>\n<p><br \/>\n<br \/><a href=\"https:\/\/electrek.co\/2025\/07\/11\/tesla-slashes-prices-canada-despite-tariffs-sales-zero\/\">Source link <\/a><\/p>\n","protected":false},"excerpt":{"rendered":"<p>Nepaisant tarif\u0173, \u201eTesla\u201c suma\u017eino \u201eY\u201c modelio kain\u0105 Kanadoje, nes per pastaruosius kelis m\u0117nesius pardavimai \u0161alyje i\u0161 esm\u0117s suma\u017e\u0117jo iki nulio.&hellip;<\/p>\n","protected":false},"author":1,"featured_media":0,"comment_status":"open","ping_status":"open","sticky":false,"template":"","format":"standard","meta":{"om_disable_all_campaigns":false,"_monsterinsights_skip_tracking":false,"_monsterinsights_sitenote_active":false,"_monsterinsights_sitenote_note":"","_monsterinsights_sitenote_category":0,"footnotes":""},"categories":[8],"tags":[2891,425,507,1374,1091,554,116,901,1704,473,1471,14],"class_list":["post-1467","post","type-post","status-publish","format-standard","hentry","category-elektriniai-automobiliai","tag-esmes","tag-iki","tag-is","tag-kainas","tag-kanadoje","tag-nepaisant","tag-nes","tag-pardavimai","tag-sumazeja","tag-sumazina","tag-tarifu","tag-tesla"],"aioseo_notices":[],"yoast_head":"<!-- This site is optimized with the Yoast SEO plugin v26.8 - https:\/\/yoast.com\/product\/yoast-seo-wordpress\/ -->\n<title>\u201eTesla\u201c suma\u017eina kainas Kanadoje, nepaisant tarif\u0173, nes pardavimai i\u0161 esm\u0117s suma\u017e\u0117ja iki 0 - Eautomobiliai.lt<\/title>\n<meta name=\"robots\" content=\"index, follow, max-snippet:-1, max-image-preview:large, max-video-preview:-1\" \/>\n<link rel=\"canonical\" href=\"http:\/\/eautomobiliai.lt\/index.php\/2025\/07\/11\/tesla-sumazina-kainas-kanadoje-nepaisant-tarifu-nes-pardavimai-is-esmes-sumazeja-iki-0\/\" \/>\n<meta property=\"og:locale\" content=\"lt_LT\" \/>\n<meta property=\"og:type\" content=\"article\" \/>\n<meta property=\"og:title\" content=\"\u201eTesla\u201c suma\u017eina kainas Kanadoje, nepaisant tarif\u0173, nes pardavimai i\u0161 esm\u0117s suma\u017e\u0117ja iki 0 - Eautomobiliai.lt\" \/>\n<meta property=\"og:description\" content=\"Nepaisant tarif\u0173, \u201eTesla\u201c suma\u017eino \u201eY\u201c modelio kain\u0105 Kanadoje, nes per pastaruosius kelis m\u0117nesius pardavimai \u0161alyje i\u0161 esm\u0117s suma\u017e\u0117jo iki nulio.&hellip;\" \/>\n<meta property=\"og:url\" content=\"http:\/\/eautomobiliai.lt\/index.php\/2025\/07\/11\/tesla-sumazina-kainas-kanadoje-nepaisant-tarifu-nes-pardavimai-is-esmes-sumazeja-iki-0\/\" \/>\n<meta property=\"og:site_name\" content=\"Eautomobiliai.lt\" \/>\n<meta property=\"article:published_time\" content=\"2025-07-11T13:43:19+00:00\" \/>\n<meta property=\"og:image\" content=\"https:\/\/electrek.co\/wp-content\/uploads\/sites\/3\/2025\/07\/Tesla-Model-Y-price-canada.png?w=1600\" \/>\n<meta name=\"author\" content=\"admin\" \/>\n<meta name=\"twitter:card\" content=\"summary_large_image\" \/>\n<meta name=\"twitter:label1\" content=\"Written by\" \/>\n\t<meta name=\"twitter:data1\" content=\"admin\" \/>\n\t<meta name=\"twitter:label2\" content=\"Est. reading time\" \/>\n\t<meta name=\"twitter:data2\" content=\"2 minut\u0117s\" \/>\n<script type=\"application\/ld+json\" class=\"yoast-schema-graph\">{\"@context\":\"https:\/\/schema.org\",\"@graph\":[{\"@type\":\"Article\",\"@id\":\"http:\/\/eautomobiliai.lt\/index.php\/2025\/07\/11\/tesla-sumazina-kainas-kanadoje-nepaisant-tarifu-nes-pardavimai-is-esmes-sumazeja-iki-0\/#article\",\"isPartOf\":{\"@id\":\"http:\/\/eautomobiliai.lt\/index.php\/2025\/07\/11\/tesla-sumazina-kainas-kanadoje-nepaisant-tarifu-nes-pardavimai-is-esmes-sumazeja-iki-0\/\"},\"author\":{\"name\":\"admin\",\"@id\":\"http:\/\/eautomobiliai.lt\/#\/schema\/person\/ecf2a967f361217d056061f74deb92f2\"},\"headline\":\"\u201eTesla\u201c suma\u017eina kainas Kanadoje, nepaisant tarif\u0173, nes pardavimai i\u0161 esm\u0117s suma\u017e\u0117ja iki 0\",\"datePublished\":\"2025-07-11T13:43:19+00:00\",\"mainEntityOfPage\":{\"@id\":\"http:\/\/eautomobiliai.lt\/index.php\/2025\/07\/11\/tesla-sumazina-kainas-kanadoje-nepaisant-tarifu-nes-pardavimai-is-esmes-sumazeja-iki-0\/\"},\"wordCount\":420,\"commentCount\":0,\"image\":{\"@id\":\"http:\/\/eautomobiliai.lt\/index.php\/2025\/07\/11\/tesla-sumazina-kainas-kanadoje-nepaisant-tarifu-nes-pardavimai-is-esmes-sumazeja-iki-0\/#primaryimage\"},\"thumbnailUrl\":\"https:\/\/electrek.co\/wp-content\/uploads\/sites\/3\/2025\/07\/Tesla-Model-Y-price-canada.png?w=1600\",\"keywords\":[\"esm\u0117s\",\"iki\",\"i\u0161\",\"kainas\",\"Kanadoje\",\"nepaisant\",\"nes\",\"pardavimai\",\"suma\u017e\u0117ja\",\"suma\u017eina\",\"tarif\u0173\",\"Tesla\"],\"articleSection\":[\"ELEKTRINIAI AUTOMOBILIAI\"],\"inLanguage\":\"lt-LT\",\"potentialAction\":[{\"@type\":\"CommentAction\",\"name\":\"Comment\",\"target\":[\"http:\/\/eautomobiliai.lt\/index.php\/2025\/07\/11\/tesla-sumazina-kainas-kanadoje-nepaisant-tarifu-nes-pardavimai-is-esmes-sumazeja-iki-0\/#respond\"]}]},{\"@type\":\"WebPage\",\"@id\":\"http:\/\/eautomobiliai.lt\/index.php\/2025\/07\/11\/tesla-sumazina-kainas-kanadoje-nepaisant-tarifu-nes-pardavimai-is-esmes-sumazeja-iki-0\/\",\"url\":\"http:\/\/eautomobiliai.lt\/index.php\/2025\/07\/11\/tesla-sumazina-kainas-kanadoje-nepaisant-tarifu-nes-pardavimai-is-esmes-sumazeja-iki-0\/\",\"name\":\"\u201eTesla\u201c suma\u017eina kainas Kanadoje, nepaisant tarif\u0173, nes pardavimai i\u0161 esm\u0117s suma\u017e\u0117ja iki 0 - Eautomobiliai.lt\",\"isPartOf\":{\"@id\":\"http:\/\/eautomobiliai.lt\/#website\"},\"primaryImageOfPage\":{\"@id\":\"http:\/\/eautomobiliai.lt\/index.php\/2025\/07\/11\/tesla-sumazina-kainas-kanadoje-nepaisant-tarifu-nes-pardavimai-is-esmes-sumazeja-iki-0\/#primaryimage\"},\"image\":{\"@id\":\"http:\/\/eautomobiliai.lt\/index.php\/2025\/07\/11\/tesla-sumazina-kainas-kanadoje-nepaisant-tarifu-nes-pardavimai-is-esmes-sumazeja-iki-0\/#primaryimage\"},\"thumbnailUrl\":\"https:\/\/electrek.co\/wp-content\/uploads\/sites\/3\/2025\/07\/Tesla-Model-Y-price-canada.png?w=1600\",\"datePublished\":\"2025-07-11T13:43:19+00:00\",\"author\":{\"@id\":\"http:\/\/eautomobiliai.lt\/#\/schema\/person\/ecf2a967f361217d056061f74deb92f2\"},\"breadcrumb\":{\"@id\":\"http:\/\/eautomobiliai.lt\/index.php\/2025\/07\/11\/tesla-sumazina-kainas-kanadoje-nepaisant-tarifu-nes-pardavimai-is-esmes-sumazeja-iki-0\/#breadcrumb\"},\"inLanguage\":\"lt-LT\",\"potentialAction\":[{\"@type\":\"ReadAction\",\"target\":[\"http:\/\/eautomobiliai.lt\/index.php\/2025\/07\/11\/tesla-sumazina-kainas-kanadoje-nepaisant-tarifu-nes-pardavimai-is-esmes-sumazeja-iki-0\/\"]}]},{\"@type\":\"ImageObject\",\"inLanguage\":\"lt-LT\",\"@id\":\"http:\/\/eautomobiliai.lt\/index.php\/2025\/07\/11\/tesla-sumazina-kainas-kanadoje-nepaisant-tarifu-nes-pardavimai-is-esmes-sumazeja-iki-0\/#primaryimage\",\"url\":\"https:\/\/electrek.co\/wp-content\/uploads\/sites\/3\/2025\/07\/Tesla-Model-Y-price-canada.png?w=1600\",\"contentUrl\":\"https:\/\/electrek.co\/wp-content\/uploads\/sites\/3\/2025\/07\/Tesla-Model-Y-price-canada.png?w=1600\"},{\"@type\":\"BreadcrumbList\",\"@id\":\"http:\/\/eautomobiliai.lt\/index.php\/2025\/07\/11\/tesla-sumazina-kainas-kanadoje-nepaisant-tarifu-nes-pardavimai-is-esmes-sumazeja-iki-0\/#breadcrumb\",\"itemListElement\":[{\"@type\":\"ListItem\",\"position\":1,\"name\":\"Home\",\"item\":\"http:\/\/eautomobiliai.lt\/\"},{\"@type\":\"ListItem\",\"position\":2,\"name\":\"\u201eTesla\u201c suma\u017eina kainas Kanadoje, nepaisant tarif\u0173, nes pardavimai i\u0161 esm\u0117s suma\u017e\u0117ja iki 0\"}]},{\"@type\":\"WebSite\",\"@id\":\"http:\/\/eautomobiliai.lt\/#website\",\"url\":\"http:\/\/eautomobiliai.lt\/\",\"name\":\"Eautomobiliai.lt\",\"description\":\"Elektrinis transportas, technologijos\",\"potentialAction\":[{\"@type\":\"SearchAction\",\"target\":{\"@type\":\"EntryPoint\",\"urlTemplate\":\"http:\/\/eautomobiliai.lt\/?s={search_term_string}\"},\"query-input\":{\"@type\":\"PropertyValueSpecification\",\"valueRequired\":true,\"valueName\":\"search_term_string\"}}],\"inLanguage\":\"lt-LT\"},{\"@type\":\"Person\",\"@id\":\"http:\/\/eautomobiliai.lt\/#\/schema\/person\/ecf2a967f361217d056061f74deb92f2\",\"name\":\"admin\",\"image\":{\"@type\":\"ImageObject\",\"inLanguage\":\"lt-LT\",\"@id\":\"http:\/\/eautomobiliai.lt\/#\/schema\/person\/image\/\",\"url\":\"https:\/\/secure.gravatar.com\/avatar\/6323379efae0c70c686c7905444d6bbd?s=96&d=mm&r=g\",\"contentUrl\":\"https:\/\/secure.gravatar.com\/avatar\/6323379efae0c70c686c7905444d6bbd?s=96&d=mm&r=g\",\"caption\":\"admin\"},\"sameAs\":[\"http:\/\/eautomobiliai.lt\"],\"url\":\"http:\/\/eautomobiliai.lt\/index.php\/author\/admin\/\"}]}<\/script>\n<!-- \/ Yoast SEO plugin. -->","yoast_head_json":{"title":"\u201eTesla\u201c suma\u017eina kainas Kanadoje, nepaisant tarif\u0173, nes pardavimai i\u0161 esm\u0117s suma\u017e\u0117ja iki 0 - Eautomobiliai.lt","robots":{"index":"index","follow":"follow","max-snippet":"max-snippet:-1","max-image-preview":"max-image-preview:large","max-video-preview":"max-video-preview:-1"},"canonical":"http:\/\/eautomobiliai.lt\/index.php\/2025\/07\/11\/tesla-sumazina-kainas-kanadoje-nepaisant-tarifu-nes-pardavimai-is-esmes-sumazeja-iki-0\/","og_locale":"lt_LT","og_type":"article","og_title":"\u201eTesla\u201c suma\u017eina kainas Kanadoje, nepaisant tarif\u0173, nes pardavimai i\u0161 esm\u0117s suma\u017e\u0117ja iki 0 - Eautomobiliai.lt","og_description":"Nepaisant tarif\u0173, \u201eTesla\u201c suma\u017eino \u201eY\u201c modelio kain\u0105 Kanadoje, nes per pastaruosius kelis m\u0117nesius pardavimai \u0161alyje i\u0161 esm\u0117s suma\u017e\u0117jo iki nulio.&hellip;","og_url":"http:\/\/eautomobiliai.lt\/index.php\/2025\/07\/11\/tesla-sumazina-kainas-kanadoje-nepaisant-tarifu-nes-pardavimai-is-esmes-sumazeja-iki-0\/","og_site_name":"Eautomobiliai.lt","article_published_time":"2025-07-11T13:43:19+00:00","og_image":[{"url":"https:\/\/electrek.co\/wp-content\/uploads\/sites\/3\/2025\/07\/Tesla-Model-Y-price-canada.png?w=1600","type":"","width":"","height":""}],"author":"admin","twitter_card":"summary_large_image","twitter_misc":{"Written by":"admin","Est. reading time":"2 minut\u0117s"},"schema":{"@context":"https:\/\/schema.org","@graph":[{"@type":"Article","@id":"http:\/\/eautomobiliai.lt\/index.php\/2025\/07\/11\/tesla-sumazina-kainas-kanadoje-nepaisant-tarifu-nes-pardavimai-is-esmes-sumazeja-iki-0\/#article","isPartOf":{"@id":"http:\/\/eautomobiliai.lt\/index.php\/2025\/07\/11\/tesla-sumazina-kainas-kanadoje-nepaisant-tarifu-nes-pardavimai-is-esmes-sumazeja-iki-0\/"},"author":{"name":"admin","@id":"http:\/\/eautomobiliai.lt\/#\/schema\/person\/ecf2a967f361217d056061f74deb92f2"},"headline":"\u201eTesla\u201c suma\u017eina kainas Kanadoje, nepaisant tarif\u0173, nes pardavimai i\u0161 esm\u0117s suma\u017e\u0117ja iki 0","datePublished":"2025-07-11T13:43:19+00:00","mainEntityOfPage":{"@id":"http:\/\/eautomobiliai.lt\/index.php\/2025\/07\/11\/tesla-sumazina-kainas-kanadoje-nepaisant-tarifu-nes-pardavimai-is-esmes-sumazeja-iki-0\/"},"wordCount":420,"commentCount":0,"image":{"@id":"http:\/\/eautomobiliai.lt\/index.php\/2025\/07\/11\/tesla-sumazina-kainas-kanadoje-nepaisant-tarifu-nes-pardavimai-is-esmes-sumazeja-iki-0\/#primaryimage"},"thumbnailUrl":"https:\/\/electrek.co\/wp-content\/uploads\/sites\/3\/2025\/07\/Tesla-Model-Y-price-canada.png?w=1600","keywords":["esm\u0117s","iki","i\u0161","kainas","Kanadoje","nepaisant","nes","pardavimai","suma\u017e\u0117ja","suma\u017eina","tarif\u0173","Tesla"],"articleSection":["ELEKTRINIAI AUTOMOBILIAI"],"inLanguage":"lt-LT","potentialAction":[{"@type":"CommentAction","name":"Comment","target":["http:\/\/eautomobiliai.lt\/index.php\/2025\/07\/11\/tesla-sumazina-kainas-kanadoje-nepaisant-tarifu-nes-pardavimai-is-esmes-sumazeja-iki-0\/#respond"]}]},{"@type":"WebPage","@id":"http:\/\/eautomobiliai.lt\/index.php\/2025\/07\/11\/tesla-sumazina-kainas-kanadoje-nepaisant-tarifu-nes-pardavimai-is-esmes-sumazeja-iki-0\/","url":"http:\/\/eautomobiliai.lt\/index.php\/2025\/07\/11\/tesla-sumazina-kainas-kanadoje-nepaisant-tarifu-nes-pardavimai-is-esmes-sumazeja-iki-0\/","name":"\u201eTesla\u201c suma\u017eina kainas Kanadoje, nepaisant tarif\u0173, nes pardavimai i\u0161 esm\u0117s suma\u017e\u0117ja iki 0 - Eautomobiliai.lt","isPartOf":{"@id":"http:\/\/eautomobiliai.lt\/#website"},"primaryImageOfPage":{"@id":"http:\/\/eautomobiliai.lt\/index.php\/2025\/07\/11\/tesla-sumazina-kainas-kanadoje-nepaisant-tarifu-nes-pardavimai-is-esmes-sumazeja-iki-0\/#primaryimage"},"image":{"@id":"http:\/\/eautomobiliai.lt\/index.php\/2025\/07\/11\/tesla-sumazina-kainas-kanadoje-nepaisant-tarifu-nes-pardavimai-is-esmes-sumazeja-iki-0\/#primaryimage"},"thumbnailUrl":"https:\/\/electrek.co\/wp-content\/uploads\/sites\/3\/2025\/07\/Tesla-Model-Y-price-canada.png?w=1600","datePublished":"2025-07-11T13:43:19+00:00","author":{"@id":"http:\/\/eautomobiliai.lt\/#\/schema\/person\/ecf2a967f361217d056061f74deb92f2"},"breadcrumb":{"@id":"http:\/\/eautomobiliai.lt\/index.php\/2025\/07\/11\/tesla-sumazina-kainas-kanadoje-nepaisant-tarifu-nes-pardavimai-is-esmes-sumazeja-iki-0\/#breadcrumb"},"inLanguage":"lt-LT","potentialAction":[{"@type":"ReadAction","target":["http:\/\/eautomobiliai.lt\/index.php\/2025\/07\/11\/tesla-sumazina-kainas-kanadoje-nepaisant-tarifu-nes-pardavimai-is-esmes-sumazeja-iki-0\/"]}]},{"@type":"ImageObject","inLanguage":"lt-LT","@id":"http:\/\/eautomobiliai.lt\/index.php\/2025\/07\/11\/tesla-sumazina-kainas-kanadoje-nepaisant-tarifu-nes-pardavimai-is-esmes-sumazeja-iki-0\/#primaryimage","url":"https:\/\/electrek.co\/wp-content\/uploads\/sites\/3\/2025\/07\/Tesla-Model-Y-price-canada.png?w=1600","contentUrl":"https:\/\/electrek.co\/wp-content\/uploads\/sites\/3\/2025\/07\/Tesla-Model-Y-price-canada.png?w=1600"},{"@type":"BreadcrumbList","@id":"http:\/\/eautomobiliai.lt\/index.php\/2025\/07\/11\/tesla-sumazina-kainas-kanadoje-nepaisant-tarifu-nes-pardavimai-is-esmes-sumazeja-iki-0\/#breadcrumb","itemListElement":[{"@type":"ListItem","position":1,"name":"Home","item":"http:\/\/eautomobiliai.lt\/"},{"@type":"ListItem","position":2,"name":"\u201eTesla\u201c suma\u017eina kainas Kanadoje, nepaisant tarif\u0173, nes pardavimai i\u0161 esm\u0117s suma\u017e\u0117ja iki 0"}]},{"@type":"WebSite","@id":"http:\/\/eautomobiliai.lt\/#website","url":"http:\/\/eautomobiliai.lt\/","name":"Eautomobiliai.lt","description":"Elektrinis transportas, technologijos","potentialAction":[{"@type":"SearchAction","target":{"@type":"EntryPoint","urlTemplate":"http:\/\/eautomobiliai.lt\/?s={search_term_string}"},"query-input":{"@type":"PropertyValueSpecification","valueRequired":true,"valueName":"search_term_string"}}],"inLanguage":"lt-LT"},{"@type":"Person","@id":"http:\/\/eautomobiliai.lt\/#\/schema\/person\/ecf2a967f361217d056061f74deb92f2","name":"admin","image":{"@type":"ImageObject","inLanguage":"lt-LT","@id":"http:\/\/eautomobiliai.lt\/#\/schema\/person\/image\/","url":"https:\/\/secure.gravatar.com\/avatar\/6323379efae0c70c686c7905444d6bbd?s=96&d=mm&r=g","contentUrl":"https:\/\/secure.gravatar.com\/avatar\/6323379efae0c70c686c7905444d6bbd?s=96&d=mm&r=g","caption":"admin"},"sameAs":["http:\/\/eautomobiliai.lt"],"url":"http:\/\/eautomobiliai.lt\/index.php\/author\/admin\/"}]}},"_links":{"self":[{"href":"http:\/\/eautomobiliai.lt\/index.php\/wp-json\/wp\/v2\/posts\/1467","targetHints":{"allow":["GET"]}}],"collection":[{"href":"http:\/\/eautomobiliai.lt\/index.php\/wp-json\/wp\/v2\/posts"}],"about":[{"href":"http:\/\/eautomobiliai.lt\/index.php\/wp-json\/wp\/v2\/types\/post"}],"author":[{"embeddable":true,"href":"http:\/\/eautomobiliai.lt\/index.php\/wp-json\/wp\/v2\/users\/1"}],"replies":[{"embeddable":true,"href":"http:\/\/eautomobiliai.lt\/index.php\/wp-json\/wp\/v2\/comments?post=1467"}],"version-history":[{"count":0,"href":"http:\/\/eautomobiliai.lt\/index.php\/wp-json\/wp\/v2\/posts\/1467\/revisions"}],"wp:attachment":[{"href":"http:\/\/eautomobiliai.lt\/index.php\/wp-json\/wp\/v2\/media?parent=1467"}],"wp:term":[{"taxonomy":"category","embeddable":true,"href":"http:\/\/eautomobiliai.lt\/index.php\/wp-json\/wp\/v2\/categories?post=1467"},{"taxonomy":"post_tag","embeddable":true,"href":"http:\/\/eautomobiliai.lt\/index.php\/wp-json\/wp\/v2\/tags?post=1467"}],"curies":[{"name":"wp","href":"https:\/\/api.w.org\/{rel}","templated":true}]}}