{"id":1468,"date":"2025-07-11T17:52:48","date_gmt":"2025-07-11T17:52:48","guid":{"rendered":"https:\/\/eautomobiliai.lt\/index.php\/2025\/07\/11\/hyundai-potencialus-kitas-elektrinis-visureigis-pastebetas-sidnejuje\/"},"modified":"2025-07-11T17:52:48","modified_gmt":"2025-07-11T17:52:48","slug":"hyundai-potencialus-kitas-elektrinis-visureigis-pastebetas-sidnejuje","status":"publish","type":"post","link":"http:\/\/eautomobiliai.lt\/index.php\/2025\/07\/11\/hyundai-potencialus-kitas-elektrinis-visureigis-pastebetas-sidnejuje\/","title":{"rendered":"\u201eHyundai\u201c potencialus kitas elektrinis visureigis pasteb\u0117tas Sidn\u0117juje"},"content":{"rendered":"<p> <br \/>\n<\/p>\n<div id=\"\">\n<p><span style=\"font-weight: 400;\">B\u0117gant metams, \u201eHyundai\u201c i\u0161augo Australijoje, naudojant tokius modelius kaip \u201eIoniq\u201c, \u201eIoniq 5\u201c, \u201eIoniq 6\u201c, \u201eKona Electric\u201c ir visai neseniai &#8211; jo prieinamiausias modelis \u201eInspecter\u201c.<\/span><\/p>\n<p><span style=\"font-weight: 400;\">\u201eHuy T\u201c, vairavimo skaitytojas, pasteb\u0117jo, kad \u201eHyundai\u201c galimas kitas naujas naujas modelis buvo i\u0161bandytas Sidn\u0117jaus vidiniame Vakar\u0173 priemiestyje. Vidutinio dyd\u017eio visureigis buvo pasteb\u0117tas prekybos centro automobili\u0173 stov\u0117jimo aik\u0161tel\u0117je su didel\u0117mis balto automobilio dalimis.<\/span><\/p>\n<p><span style=\"font-weight: 400;\">Remiantis NSW registracijos informacija, \u0161io 2025 m. Pastatyto automobilio svoris yra 2 144 kg, u\u017euomina \u012f elektrin\u012f visureig\u012f.<\/span><\/p>\n<figure id=\"attachment_189085\" aria-describedby=\"caption-attachment-189085\" style=\"width: 1200px\" class=\"wp-caption aligncenter\"><img loading=\"lazy\" decoding=\"async\" class=\"size-full wp-image-189085\" src=\"https:\/\/thedriven.io\/wp-content\/uploads\/2025\/07\/Hyundai-Elexio-Rear-Huy-T.jpg\" alt=\"\" width=\"1200\" height=\"900\" srcset=\"https:\/\/thedriven.io\/wp-content\/uploads\/2025\/07\/Hyundai-Elexio-Rear-Huy-T.jpg 1200w, https:\/\/thedriven.io\/wp-content\/uploads\/2025\/07\/Hyundai-Elexio-Rear-Huy-T-388x291.jpg 388w, https:\/\/thedriven.io\/wp-content\/uploads\/2025\/07\/Hyundai-Elexio-Rear-Huy-T-1160x870.jpg 1160w, https:\/\/thedriven.io\/wp-content\/uploads\/2025\/07\/Hyundai-Elexio-Rear-Huy-T-380x285.jpg 380w, https:\/\/thedriven.io\/wp-content\/uploads\/2025\/07\/Hyundai-Elexio-Rear-Huy-T-800x600.jpg 800w, https:\/\/thedriven.io\/wp-content\/uploads\/2025\/07\/Hyundai-Elexio-Rear-Huy-T-300x225.jpg 300w, https:\/\/thedriven.io\/wp-content\/uploads\/2025\/07\/Hyundai-Elexio-Rear-Huy-T-120x90.jpg 120w, https:\/\/thedriven.io\/wp-content\/uploads\/2025\/07\/Hyundai-Elexio-Rear-Huy-T-90x68.jpg 90w, https:\/\/thedriven.io\/wp-content\/uploads\/2025\/07\/Hyundai-Elexio-Rear-Huy-T-320x240.jpg 320w, https:\/\/thedriven.io\/wp-content\/uploads\/2025\/07\/Hyundai-Elexio-Rear-Huy-T-560x420.jpg 560w, https:\/\/thedriven.io\/wp-content\/uploads\/2025\/07\/Hyundai-Elexio-Rear-Huy-T-150x113.jpg 150w, https:\/\/thedriven.io\/wp-content\/uploads\/2025\/07\/Hyundai-Elexio-Rear-Huy-T-760x570.jpg 760w, https:\/\/thedriven.io\/wp-content\/uploads\/2025\/07\/Hyundai-Elexio-Rear-Huy-T-600x450.jpg 600w, https:\/\/thedriven.io\/wp-content\/uploads\/2025\/07\/Hyundai-Elexio-Rear-Huy-T-240x180.jpg 240w, https:\/\/thedriven.io\/wp-content\/uploads\/2025\/07\/Hyundai-Elexio-Rear-Huy-T-180x136.jpg 180w, https:\/\/thedriven.io\/wp-content\/uploads\/2025\/07\/Hyundai-Elexio-Rear-Huy-T-640x480.jpg 640w, https:\/\/thedriven.io\/wp-content\/uploads\/2025\/07\/Hyundai-Elexio-Rear-Huy-T-1120x840.jpg 1120w\" sizes=\"auto, (max-width: 1160px) 100vw, 1160px\"\/><figcaption id=\"caption-attachment-189085\" class=\"wp-caption-text\">Vaizdas: Huy t<\/figcaption><\/figure>\n<p><span style=\"font-weight: 400;\">Sistemos modelis rodo \u201eOE\u201c, kuris buvo vieno i\u0161 \u201eHyundai\u201c kin\u0173 sukurt\u0173 modeli\u0173, dabar \u017einom\u0173 kaip \u201eHyundai Elexio\u201c, kodinis vardas.<\/span><\/p>\n<p><span style=\"font-weight: 400;\">\u0160\u012f model\u012f k\u0105 tik atskleid\u0117 Pekinas \u201eHyundai\u201c ir tikimasi, kad artimiausiais m\u0117nesiais jis pasirodys Kinijoje.<\/span><\/p>\n<p><span style=\"font-weight: 400;\">Jame yra didelis 27 coli\u0173 centro ekranas ir yra visi\u0161kai kitokia nei esami modeliai \u201eHyundai\u201c serijoje, kai kalbama apie ekrano i\u0161d\u0117stym\u0105 ir dyd\u012f.<\/span><\/p>\n<figure id=\"attachment_189088\" aria-describedby=\"caption-attachment-189088\" style=\"width: 1200px\" class=\"wp-caption aligncenter\"><img decoding=\"async\" class=\"size-full wp-image-189088 native-lazyload-js-fallback\" alt=\"\" width=\"1200\" height=\"800\" loading=\"lazy\" src=\"https:\/\/b2232832.smushcdn.com\/2232832\/wp-content\/uploads\/2025\/07\/Hyundai-Elexio-Interior.jpg?lossy=1&amp;strip=0&amp;webp=1\" srcset=\"https:\/\/b2232832.smushcdn.com\/2232832\/wp-content\/uploads\/2025\/07\/Hyundai-Elexio-Interior.jpg?lossy=1&amp;strip=0&amp;webp=1 1200w, https:\/\/b2232832.smushcdn.com\/2232832\/wp-content\/uploads\/2025\/07\/Hyundai-Elexio-Interior-388x259.jpg?lossy=1&amp;strip=0&amp;webp=1 388w, https:\/\/b2232832.smushcdn.com\/2232832\/wp-content\/uploads\/2025\/07\/Hyundai-Elexio-Interior-1160x773.jpg?lossy=1&amp;strip=0&amp;webp=1 1160w, https:\/\/b2232832.smushcdn.com\/2232832\/wp-content\/uploads\/2025\/07\/Hyundai-Elexio-Interior-800x533.jpg?lossy=1&amp;strip=0&amp;webp=1 800w, https:\/\/b2232832.smushcdn.com\/2232832\/wp-content\/uploads\/2025\/07\/Hyundai-Elexio-Interior-120x80.jpg?lossy=1&amp;strip=0&amp;webp=1 120w, https:\/\/b2232832.smushcdn.com\/2232832\/wp-content\/uploads\/2025\/07\/Hyundai-Elexio-Interior-90x60.jpg?lossy=1&amp;strip=0&amp;webp=1 90w, https:\/\/b2232832.smushcdn.com\/2232832\/wp-content\/uploads\/2025\/07\/Hyundai-Elexio-Interior-320x213.jpg?lossy=1&amp;strip=0&amp;webp=1 320w, https:\/\/b2232832.smushcdn.com\/2232832\/wp-content\/uploads\/2025\/07\/Hyundai-Elexio-Interior-560x373.jpg?lossy=1&amp;strip=0&amp;webp=1 560w, https:\/\/b2232832.smushcdn.com\/2232832\/wp-content\/uploads\/2025\/07\/Hyundai-Elexio-Interior-150x100.jpg?lossy=1&amp;strip=0&amp;webp=1 150w, https:\/\/b2232832.smushcdn.com\/2232832\/wp-content\/uploads\/2025\/07\/Hyundai-Elexio-Interior-240x160.jpg?lossy=1&amp;strip=0&amp;webp=1 240w, https:\/\/b2232832.smushcdn.com\/2232832\/wp-content\/uploads\/2025\/07\/Hyundai-Elexio-Interior-180x120.jpg?lossy=1&amp;strip=0&amp;webp=1 180w, https:\/\/b2232832.smushcdn.com\/2232832\/wp-content\/uploads\/2025\/07\/Hyundai-Elexio-Interior-640x427.jpg?lossy=1&amp;strip=0&amp;webp=1 640w, https:\/\/b2232832.smushcdn.com\/2232832\/wp-content\/uploads\/2025\/07\/Hyundai-Elexio-Interior-1120x747.jpg?lossy=1&amp;strip=0&amp;webp=1 1120w, https:\/\/b2232832.smushcdn.com\/2232832\/wp-content\/uploads\/2025\/07\/Hyundai-Elexio-Interior-300x200.jpg?lossy=1&amp;strip=0&amp;webp=1 300w\" data-sizes=\"(max-width: 1160px) 100vw, 1160px\"\/><img loading=\"lazy\" decoding=\"async\" class=\"size-full wp-image-189088\" src=\"https:\/\/thedriven.io\/wp-content\/uploads\/2025\/07\/Hyundai-Elexio-Interior.jpg\" alt=\"\" width=\"1200\" height=\"800\" srcset=\"https:\/\/thedriven.io\/wp-content\/uploads\/2025\/07\/Hyundai-Elexio-Interior.jpg 1200w, https:\/\/thedriven.io\/wp-content\/uploads\/2025\/07\/Hyundai-Elexio-Interior-388x259.jpg 388w, https:\/\/thedriven.io\/wp-content\/uploads\/2025\/07\/Hyundai-Elexio-Interior-1160x773.jpg 1160w, https:\/\/thedriven.io\/wp-content\/uploads\/2025\/07\/Hyundai-Elexio-Interior-800x533.jpg 800w, https:\/\/thedriven.io\/wp-content\/uploads\/2025\/07\/Hyundai-Elexio-Interior-120x80.jpg 120w, https:\/\/thedriven.io\/wp-content\/uploads\/2025\/07\/Hyundai-Elexio-Interior-90x60.jpg 90w, https:\/\/thedriven.io\/wp-content\/uploads\/2025\/07\/Hyundai-Elexio-Interior-320x213.jpg 320w, https:\/\/thedriven.io\/wp-content\/uploads\/2025\/07\/Hyundai-Elexio-Interior-560x373.jpg 560w, https:\/\/thedriven.io\/wp-content\/uploads\/2025\/07\/Hyundai-Elexio-Interior-150x100.jpg 150w, https:\/\/thedriven.io\/wp-content\/uploads\/2025\/07\/Hyundai-Elexio-Interior-240x160.jpg 240w, https:\/\/thedriven.io\/wp-content\/uploads\/2025\/07\/Hyundai-Elexio-Interior-180x120.jpg 180w, https:\/\/thedriven.io\/wp-content\/uploads\/2025\/07\/Hyundai-Elexio-Interior-640x427.jpg 640w, https:\/\/thedriven.io\/wp-content\/uploads\/2025\/07\/Hyundai-Elexio-Interior-1120x747.jpg 1120w, https:\/\/thedriven.io\/wp-content\/uploads\/2025\/07\/Hyundai-Elexio-Interior-300x200.jpg 300w\" sizes=\"auto, (max-width: 1160px) 100vw, 1160px\"\/><figcaption id=\"caption-attachment-189088\" class=\"wp-caption-text\">Vaizdas: Pekinas Hyundai per Weibo<\/figcaption><\/figure>\n<p><span style=\"font-weight: 400;\">\u0160is naujas modelis taip pat pasi\u017eymi pedalo perjungikliais, kaip ir keli kiti \u201eHyundai\u201c elektromobiliai, kurie padeda vairuotojui sureguliuoti regeneracin\u012f stabdym\u0105 keliaujant.<\/span><\/p>\n<p><span style=\"font-weight: 400;\">I\u0161 i\u0161or\u0117s automobilis turi praplaunam\u0173 dur\u0173 rankenas ir \u0161iek tiek primena \u201eRange Rover\u201c, pavyzd\u017eiui, priekinius priekinius \u017eibintus.<\/span><\/p>\n<p><span style=\"font-weight: 400;\">\u201ePowertrain\u201c fronte prane\u0161imai i\u0161 Kinijos rodo, kad \u0161is modelis, skirtingai nei \u201eKona Electric\u201c, bus pagr\u012fstas \u201eHyundai\u201c E-GMP platforma, kuria remiasi \u201eIoniq 5\u201c ir \u201eIoniq 6\u201c automobiliai, kuriuos \u012fmon\u0117 parduoda Australijoje.<\/span><\/p>\n<p><span style=\"font-weight: 400;\">\u0160i\u0173 met\u0173 bir\u017eel\u012f <\/span><span style=\"font-weight: 400;\">Reguliavimo patvirtinimas<\/span><span style=\"font-weight: 400;\">  Kinijos pramon\u0117s ir informacini\u0173 technologij\u0173 ministerija \u201eHyundai Elexio\u201c atskleid\u0117 du j\u0117gos pavartus.<\/span><\/p>\n<p><span style=\"font-weight: 400;\">Pirmasis yra priekini\u0173 rat\u0173 pavaros automobilio versija, tur\u0117s 160 kW gali\u0105. Tiems, kurie siekia daugiau galios, vis\u0173 rat\u0173 pavaros modelis prid\u0117s 73 kW gal\u0105, o bendra suma-iki 233 kW galios.<\/span><\/p>\n<p><span style=\"font-weight: 400;\">Akumuliatoriaus priekyje automobilyje bus li\u010dio gele\u017eies fosfato (LFP) akumuliatorius i\u0161 \u201eBYD\u201c priklausan\u010di\u0173 \u201eFindreams\u201c. Tai gali b\u016bti pana\u0161us i\u0161d\u0117stymas, kaip ir \u0161iuo metu Australijos pristatytas \u201eKia EV5\u201c, kuriame taip pat yra baterijos i\u0161 \u201eFindreams\u201c.<\/span><\/p>\n<figure id=\"attachment_189087\" aria-describedby=\"caption-attachment-189087\" style=\"width: 1268px\" class=\"wp-caption aligncenter\"><img decoding=\"async\" class=\"size-full wp-image-189087 native-lazyload-js-fallback\" alt=\"\" width=\"1268\" height=\"625\" loading=\"lazy\" src=\"https:\/\/b2232832.smushcdn.com\/2232832\/wp-content\/uploads\/2025\/07\/Hyundai-Elexio-Front-Official.jpg?lossy=1&amp;strip=0&amp;webp=1\" srcset=\"https:\/\/b2232832.smushcdn.com\/2232832\/wp-content\/uploads\/2025\/07\/Hyundai-Elexio-Front-Official.jpg?lossy=1&amp;strip=0&amp;webp=1 1268w, https:\/\/b2232832.smushcdn.com\/2232832\/wp-content\/uploads\/2025\/07\/Hyundai-Elexio-Front-Official-388x191.jpg?lossy=1&amp;strip=0&amp;webp=1 388w, https:\/\/b2232832.smushcdn.com\/2232832\/wp-content\/uploads\/2025\/07\/Hyundai-Elexio-Front-Official-1160x572.jpg?lossy=1&amp;strip=0&amp;webp=1 1160w, https:\/\/b2232832.smushcdn.com\/2232832\/wp-content\/uploads\/2025\/07\/Hyundai-Elexio-Front-Official-800x394.jpg?lossy=1&amp;strip=0&amp;webp=1 800w, https:\/\/b2232832.smushcdn.com\/2232832\/wp-content\/uploads\/2025\/07\/Hyundai-Elexio-Front-Official-120x59.jpg?lossy=1&amp;strip=0&amp;webp=1 120w, https:\/\/b2232832.smushcdn.com\/2232832\/wp-content\/uploads\/2025\/07\/Hyundai-Elexio-Front-Official-90x44.jpg?lossy=1&amp;strip=0&amp;webp=1 90w, https:\/\/b2232832.smushcdn.com\/2232832\/wp-content\/uploads\/2025\/07\/Hyundai-Elexio-Front-Official-320x158.jpg?lossy=1&amp;strip=0&amp;webp=1 320w, https:\/\/b2232832.smushcdn.com\/2232832\/wp-content\/uploads\/2025\/07\/Hyundai-Elexio-Front-Official-560x276.jpg?lossy=1&amp;strip=0&amp;webp=1 560w, https:\/\/b2232832.smushcdn.com\/2232832\/wp-content\/uploads\/2025\/07\/Hyundai-Elexio-Front-Official-150x74.jpg?lossy=1&amp;strip=0&amp;webp=1 150w, https:\/\/b2232832.smushcdn.com\/2232832\/wp-content\/uploads\/2025\/07\/Hyundai-Elexio-Front-Official-240x118.jpg?lossy=1&amp;strip=0&amp;webp=1 240w, https:\/\/b2232832.smushcdn.com\/2232832\/wp-content\/uploads\/2025\/07\/Hyundai-Elexio-Front-Official-180x89.jpg?lossy=1&amp;strip=0&amp;webp=1 180w, https:\/\/b2232832.smushcdn.com\/2232832\/wp-content\/uploads\/2025\/07\/Hyundai-Elexio-Front-Official-640x315.jpg?lossy=1&amp;strip=0&amp;webp=1 640w, https:\/\/b2232832.smushcdn.com\/2232832\/wp-content\/uploads\/2025\/07\/Hyundai-Elexio-Front-Official-1120x552.jpg?lossy=1&amp;strip=0&amp;webp=1 1120w, https:\/\/b2232832.smushcdn.com\/2232832\/wp-content\/uploads\/2025\/07\/Hyundai-Elexio-Front-Official-300x148.jpg?lossy=1&amp;strip=0&amp;webp=1 300w\" data-sizes=\"(max-width: 1160px) 100vw, 1160px\"\/><img loading=\"lazy\" decoding=\"async\" class=\"size-full wp-image-189087\" src=\"https:\/\/thedriven.io\/wp-content\/uploads\/2025\/07\/Hyundai-Elexio-Front-Official.jpg\" alt=\"\" width=\"1268\" height=\"625\" srcset=\"https:\/\/thedriven.io\/wp-content\/uploads\/2025\/07\/Hyundai-Elexio-Front-Official.jpg 1268w, https:\/\/thedriven.io\/wp-content\/uploads\/2025\/07\/Hyundai-Elexio-Front-Official-388x191.jpg 388w, https:\/\/thedriven.io\/wp-content\/uploads\/2025\/07\/Hyundai-Elexio-Front-Official-1160x572.jpg 1160w, https:\/\/thedriven.io\/wp-content\/uploads\/2025\/07\/Hyundai-Elexio-Front-Official-800x394.jpg 800w, https:\/\/thedriven.io\/wp-content\/uploads\/2025\/07\/Hyundai-Elexio-Front-Official-120x59.jpg 120w, https:\/\/thedriven.io\/wp-content\/uploads\/2025\/07\/Hyundai-Elexio-Front-Official-90x44.jpg 90w, https:\/\/thedriven.io\/wp-content\/uploads\/2025\/07\/Hyundai-Elexio-Front-Official-320x158.jpg 320w, https:\/\/thedriven.io\/wp-content\/uploads\/2025\/07\/Hyundai-Elexio-Front-Official-560x276.jpg 560w, https:\/\/thedriven.io\/wp-content\/uploads\/2025\/07\/Hyundai-Elexio-Front-Official-150x74.jpg 150w, https:\/\/thedriven.io\/wp-content\/uploads\/2025\/07\/Hyundai-Elexio-Front-Official-240x118.jpg 240w, https:\/\/thedriven.io\/wp-content\/uploads\/2025\/07\/Hyundai-Elexio-Front-Official-180x89.jpg 180w, https:\/\/thedriven.io\/wp-content\/uploads\/2025\/07\/Hyundai-Elexio-Front-Official-640x315.jpg 640w, https:\/\/thedriven.io\/wp-content\/uploads\/2025\/07\/Hyundai-Elexio-Front-Official-1120x552.jpg 1120w, https:\/\/thedriven.io\/wp-content\/uploads\/2025\/07\/Hyundai-Elexio-Front-Official-300x148.jpg 300w\" sizes=\"auto, (max-width: 1160px) 100vw, 1160px\"\/><figcaption id=\"caption-attachment-189087\" class=\"wp-caption-text\">Vaizdas: Pekinas Hyundai per Weibo<\/figcaption><\/figure>\n<p><span style=\"font-weight: 400;\">\u0160iuo metu \u0161is modelis bus prieinamas tik Kinijoje, o visos specifikacijos kartu su kainodara bus paskelbta ar\u010diau paleidimo.<\/span><\/p>\n<p><span style=\"font-weight: 400;\">Atsi\u017evelgiant \u012f tai, kad \u0161i bandomoji transporto priemon\u0117 buvo pasteb\u0117ta Sidn\u0117juje, \u201eHyundai\u201c gali dirbti su versija, kuri bus parduota ir tarptautiniuose rinkose. Tokiu atveju tai gali b\u016bti \u201eKona Electric\u201c ar \u201eLoot\u201c, esan\u010dio tiesiai vir\u0161 jo, \u012fp\u0117dinis \u012f savo vietin\u0119 sud\u0117t\u012f &#8211; parodys tik laikas. <\/span><\/p>\n<p><span style=\"font-weight: 400;\">Vis d\u0117lto, prie\u0161 tai, did\u017eiausias elektromobilys, \u201eIoniq 9 Seven-Seater\u201c visureigis ateinan\u010diais m\u0117nesiais nusileis \u017eemyn.<\/span><\/p>\n<div class=\"saboxplugin-wrap\" itemtype=\"http:\/\/schema.org\/Person\" itemscope=\"\" itemprop=\"author\">\n<div class=\"saboxplugin-tab\">\n<div class=\"saboxplugin-gravatar\"><img decoding=\"async\" width=\"100\" height=\"100\" alt=\"Rizas Akhtar\" itemprop=\"image\" loading=\"lazy\" class=\"native-lazyload-js-fallback\" src=\"https:\/\/b2232832.smushcdn.com\/2232832\/wp-content\/uploads\/2022\/02\/Riz.jpg?lossy=1&amp;strip=0&amp;webp=1\"\/><img loading=\"lazy\" decoding=\"async\" src=\"https:\/\/thedriven.io\/wp-content\/uploads\/2022\/02\/Riz.jpg\" width=\"100\" height=\"100\" alt=\"Rizas Akhtar\" itemprop=\"image\"\/><\/div>\n<div class=\"saboxplugin-desc\">\n<div itemprop=\"description\">\n<p>RIZ yra \u201eCarloop\u201c \u012fk\u016br\u0117jas, \u012fsik\u016br\u0119s Melburne, specializuojasi Australijos EV duomenyse, \u012f\u017evalgos ataskaitose ir tendencijose. Jis yra mechanikos in\u017einierius, prie\u0161 pradedant \u201eCarloop\u201c pirmuosius 7 savo karjeros statybos transporto infrastrukt\u016bros metus. Jis turi aistr\u0105 automobiliams, ypa\u010d EV ir nori pad\u0117ti suma\u017einti transporto i\u0161metim\u0105 Australijoje. \u0160iuo metu jis vairuoja \u201eRed Tesla\u201c model\u012f 3.<\/p>\n<\/div>\n<\/div>\n<\/div>\n<\/div>\n<p><!-- AI CONTENT END 1 --><\/p><\/div>\n<p><br \/>\n<br \/><a href=\"https:\/\/thedriven.io\/2025\/07\/11\/hyundais-potential-next-electric-suv-spotted-testing-in-sydney\/\">Source link <\/a><\/p>\n","protected":false},"excerpt":{"rendered":"<p>B\u0117gant metams, \u201eHyundai\u201c i\u0161augo Australijoje, naudojant tokius modelius kaip \u201eIoniq\u201c, \u201eIoniq 5\u201c, \u201eIoniq 6\u201c, \u201eKona Electric\u201c ir visai neseniai &#8211;&hellip;<\/p>\n","protected":false},"author":1,"featured_media":1469,"comment_status":"open","ping_status":"open","sticky":false,"template":"","format":"standard","meta":{"om_disable_all_campaigns":false,"_monsterinsights_skip_tracking":false,"_monsterinsights_sitenote_active":false,"_monsterinsights_sitenote_note":"","_monsterinsights_sitenote_category":0,"footnotes":""},"categories":[39],"tags":[26,605,2192,2186,2733,64,843],"class_list":["post-1468","post","type-post","status-publish","format-standard","has-post-thumbnail","hentry","category-eautomobiliu-technine-puse","tag-elektrinis","tag-hyundai","tag-kitas","tag-pastebetas","tag-potencialus","tag-sidnejuje","tag-visureigis"],"aioseo_notices":[],"yoast_head":"<!-- This site is optimized with the Yoast SEO plugin v26.8 - https:\/\/yoast.com\/product\/yoast-seo-wordpress\/ -->\n<title>\u201eHyundai\u201c potencialus kitas elektrinis visureigis pasteb\u0117tas Sidn\u0117juje - Eautomobiliai.lt<\/title>\n<meta name=\"robots\" content=\"index, follow, max-snippet:-1, max-image-preview:large, max-video-preview:-1\" \/>\n<link rel=\"canonical\" href=\"http:\/\/eautomobiliai.lt\/index.php\/2025\/07\/11\/hyundai-potencialus-kitas-elektrinis-visureigis-pastebetas-sidnejuje\/\" \/>\n<meta property=\"og:locale\" content=\"lt_LT\" \/>\n<meta property=\"og:type\" content=\"article\" \/>\n<meta property=\"og:title\" content=\"\u201eHyundai\u201c potencialus kitas elektrinis visureigis pasteb\u0117tas Sidn\u0117juje - Eautomobiliai.lt\" \/>\n<meta property=\"og:description\" content=\"B\u0117gant metams, \u201eHyundai\u201c i\u0161augo Australijoje, naudojant tokius modelius kaip \u201eIoniq\u201c, \u201eIoniq 5\u201c, \u201eIoniq 6\u201c, \u201eKona Electric\u201c ir visai neseniai &#8211;&hellip;\" \/>\n<meta property=\"og:url\" content=\"http:\/\/eautomobiliai.lt\/index.php\/2025\/07\/11\/hyundai-potencialus-kitas-elektrinis-visureigis-pastebetas-sidnejuje\/\" \/>\n<meta property=\"og:site_name\" content=\"Eautomobiliai.lt\" \/>\n<meta property=\"article:published_time\" content=\"2025-07-11T17:52:48+00:00\" \/>\n<meta property=\"og:image\" content=\"http:\/\/eautomobiliai.lt\/wp-content\/uploads\/2025\/07\/\u201eHyundai-potencialus-kitas-elektrinis-visureigis-pastebetas-Sidnejuje.jpg\" \/>\n\t<meta property=\"og:image:width\" content=\"1200\" \/>\n\t<meta property=\"og:image:height\" content=\"900\" \/>\n\t<meta property=\"og:image:type\" content=\"image\/jpeg\" \/>\n<meta name=\"author\" content=\"admin\" \/>\n<meta name=\"twitter:card\" content=\"summary_large_image\" \/>\n<meta name=\"twitter:label1\" content=\"Written by\" \/>\n\t<meta name=\"twitter:data1\" content=\"admin\" \/>\n\t<meta name=\"twitter:label2\" content=\"Est. reading time\" \/>\n\t<meta name=\"twitter:data2\" content=\"2 minut\u0117s\" \/>\n<script type=\"application\/ld+json\" class=\"yoast-schema-graph\">{\"@context\":\"https:\/\/schema.org\",\"@graph\":[{\"@type\":\"Article\",\"@id\":\"http:\/\/eautomobiliai.lt\/index.php\/2025\/07\/11\/hyundai-potencialus-kitas-elektrinis-visureigis-pastebetas-sidnejuje\/#article\",\"isPartOf\":{\"@id\":\"http:\/\/eautomobiliai.lt\/index.php\/2025\/07\/11\/hyundai-potencialus-kitas-elektrinis-visureigis-pastebetas-sidnejuje\/\"},\"author\":{\"name\":\"admin\",\"@id\":\"http:\/\/eautomobiliai.lt\/#\/schema\/person\/ecf2a967f361217d056061f74deb92f2\"},\"headline\":\"\u201eHyundai\u201c potencialus kitas elektrinis visureigis pasteb\u0117tas Sidn\u0117juje\",\"datePublished\":\"2025-07-11T17:52:48+00:00\",\"mainEntityOfPage\":{\"@id\":\"http:\/\/eautomobiliai.lt\/index.php\/2025\/07\/11\/hyundai-potencialus-kitas-elektrinis-visureigis-pastebetas-sidnejuje\/\"},\"wordCount\":469,\"commentCount\":0,\"image\":{\"@id\":\"http:\/\/eautomobiliai.lt\/index.php\/2025\/07\/11\/hyundai-potencialus-kitas-elektrinis-visureigis-pastebetas-sidnejuje\/#primaryimage\"},\"thumbnailUrl\":\"http:\/\/eautomobiliai.lt\/wp-content\/uploads\/2025\/07\/\u201eHyundai-potencialus-kitas-elektrinis-visureigis-pastebetas-Sidnejuje.jpg\",\"keywords\":[\"Elektrinis\",\"Hyundai\",\"Kitas\",\"pasteb\u0117tas\",\"potencialus\",\"Sidn\u0117juje\",\"visureigis\"],\"articleSection\":[\"eAUTOMOBILI\u0172 TECHNIN\u0116 PUS\u0116\"],\"inLanguage\":\"lt-LT\",\"potentialAction\":[{\"@type\":\"CommentAction\",\"name\":\"Comment\",\"target\":[\"http:\/\/eautomobiliai.lt\/index.php\/2025\/07\/11\/hyundai-potencialus-kitas-elektrinis-visureigis-pastebetas-sidnejuje\/#respond\"]}]},{\"@type\":\"WebPage\",\"@id\":\"http:\/\/eautomobiliai.lt\/index.php\/2025\/07\/11\/hyundai-potencialus-kitas-elektrinis-visureigis-pastebetas-sidnejuje\/\",\"url\":\"http:\/\/eautomobiliai.lt\/index.php\/2025\/07\/11\/hyundai-potencialus-kitas-elektrinis-visureigis-pastebetas-sidnejuje\/\",\"name\":\"\u201eHyundai\u201c potencialus kitas elektrinis visureigis pasteb\u0117tas Sidn\u0117juje - Eautomobiliai.lt\",\"isPartOf\":{\"@id\":\"http:\/\/eautomobiliai.lt\/#website\"},\"primaryImageOfPage\":{\"@id\":\"http:\/\/eautomobiliai.lt\/index.php\/2025\/07\/11\/hyundai-potencialus-kitas-elektrinis-visureigis-pastebetas-sidnejuje\/#primaryimage\"},\"image\":{\"@id\":\"http:\/\/eautomobiliai.lt\/index.php\/2025\/07\/11\/hyundai-potencialus-kitas-elektrinis-visureigis-pastebetas-sidnejuje\/#primaryimage\"},\"thumbnailUrl\":\"http:\/\/eautomobiliai.lt\/wp-content\/uploads\/2025\/07\/\u201eHyundai-potencialus-kitas-elektrinis-visureigis-pastebetas-Sidnejuje.jpg\",\"datePublished\":\"2025-07-11T17:52:48+00:00\",\"author\":{\"@id\":\"http:\/\/eautomobiliai.lt\/#\/schema\/person\/ecf2a967f361217d056061f74deb92f2\"},\"breadcrumb\":{\"@id\":\"http:\/\/eautomobiliai.lt\/index.php\/2025\/07\/11\/hyundai-potencialus-kitas-elektrinis-visureigis-pastebetas-sidnejuje\/#breadcrumb\"},\"inLanguage\":\"lt-LT\",\"potentialAction\":[{\"@type\":\"ReadAction\",\"target\":[\"http:\/\/eautomobiliai.lt\/index.php\/2025\/07\/11\/hyundai-potencialus-kitas-elektrinis-visureigis-pastebetas-sidnejuje\/\"]}]},{\"@type\":\"ImageObject\",\"inLanguage\":\"lt-LT\",\"@id\":\"http:\/\/eautomobiliai.lt\/index.php\/2025\/07\/11\/hyundai-potencialus-kitas-elektrinis-visureigis-pastebetas-sidnejuje\/#primaryimage\",\"url\":\"http:\/\/eautomobiliai.lt\/wp-content\/uploads\/2025\/07\/\u201eHyundai-potencialus-kitas-elektrinis-visureigis-pastebetas-Sidnejuje.jpg\",\"contentUrl\":\"http:\/\/eautomobiliai.lt\/wp-content\/uploads\/2025\/07\/\u201eHyundai-potencialus-kitas-elektrinis-visureigis-pastebetas-Sidnejuje.jpg\",\"width\":1200,\"height\":900},{\"@type\":\"BreadcrumbList\",\"@id\":\"http:\/\/eautomobiliai.lt\/index.php\/2025\/07\/11\/hyundai-potencialus-kitas-elektrinis-visureigis-pastebetas-sidnejuje\/#breadcrumb\",\"itemListElement\":[{\"@type\":\"ListItem\",\"position\":1,\"name\":\"Home\",\"item\":\"http:\/\/eautomobiliai.lt\/\"},{\"@type\":\"ListItem\",\"position\":2,\"name\":\"\u201eHyundai\u201c potencialus kitas elektrinis visureigis pasteb\u0117tas Sidn\u0117juje\"}]},{\"@type\":\"WebSite\",\"@id\":\"http:\/\/eautomobiliai.lt\/#website\",\"url\":\"http:\/\/eautomobiliai.lt\/\",\"name\":\"Eautomobiliai.lt\",\"description\":\"Elektrinis transportas, technologijos\",\"potentialAction\":[{\"@type\":\"SearchAction\",\"target\":{\"@type\":\"EntryPoint\",\"urlTemplate\":\"http:\/\/eautomobiliai.lt\/?s={search_term_string}\"},\"query-input\":{\"@type\":\"PropertyValueSpecification\",\"valueRequired\":true,\"valueName\":\"search_term_string\"}}],\"inLanguage\":\"lt-LT\"},{\"@type\":\"Person\",\"@id\":\"http:\/\/eautomobiliai.lt\/#\/schema\/person\/ecf2a967f361217d056061f74deb92f2\",\"name\":\"admin\",\"image\":{\"@type\":\"ImageObject\",\"inLanguage\":\"lt-LT\",\"@id\":\"http:\/\/eautomobiliai.lt\/#\/schema\/person\/image\/\",\"url\":\"https:\/\/secure.gravatar.com\/avatar\/6323379efae0c70c686c7905444d6bbd?s=96&d=mm&r=g\",\"contentUrl\":\"https:\/\/secure.gravatar.com\/avatar\/6323379efae0c70c686c7905444d6bbd?s=96&d=mm&r=g\",\"caption\":\"admin\"},\"sameAs\":[\"http:\/\/eautomobiliai.lt\"],\"url\":\"http:\/\/eautomobiliai.lt\/index.php\/author\/admin\/\"}]}<\/script>\n<!-- \/ Yoast SEO plugin. -->","yoast_head_json":{"title":"\u201eHyundai\u201c potencialus kitas elektrinis visureigis pasteb\u0117tas Sidn\u0117juje - Eautomobiliai.lt","robots":{"index":"index","follow":"follow","max-snippet":"max-snippet:-1","max-image-preview":"max-image-preview:large","max-video-preview":"max-video-preview:-1"},"canonical":"http:\/\/eautomobiliai.lt\/index.php\/2025\/07\/11\/hyundai-potencialus-kitas-elektrinis-visureigis-pastebetas-sidnejuje\/","og_locale":"lt_LT","og_type":"article","og_title":"\u201eHyundai\u201c potencialus kitas elektrinis visureigis pasteb\u0117tas Sidn\u0117juje - Eautomobiliai.lt","og_description":"B\u0117gant metams, \u201eHyundai\u201c i\u0161augo Australijoje, naudojant tokius modelius kaip \u201eIoniq\u201c, \u201eIoniq 5\u201c, \u201eIoniq 6\u201c, \u201eKona Electric\u201c ir visai neseniai &#8211;&hellip;","og_url":"http:\/\/eautomobiliai.lt\/index.php\/2025\/07\/11\/hyundai-potencialus-kitas-elektrinis-visureigis-pastebetas-sidnejuje\/","og_site_name":"Eautomobiliai.lt","article_published_time":"2025-07-11T17:52:48+00:00","og_image":[{"width":1200,"height":900,"url":"http:\/\/eautomobiliai.lt\/wp-content\/uploads\/2025\/07\/\u201eHyundai-potencialus-kitas-elektrinis-visureigis-pastebetas-Sidnejuje.jpg","type":"image\/jpeg"}],"author":"admin","twitter_card":"summary_large_image","twitter_misc":{"Written by":"admin","Est. reading time":"2 minut\u0117s"},"schema":{"@context":"https:\/\/schema.org","@graph":[{"@type":"Article","@id":"http:\/\/eautomobiliai.lt\/index.php\/2025\/07\/11\/hyundai-potencialus-kitas-elektrinis-visureigis-pastebetas-sidnejuje\/#article","isPartOf":{"@id":"http:\/\/eautomobiliai.lt\/index.php\/2025\/07\/11\/hyundai-potencialus-kitas-elektrinis-visureigis-pastebetas-sidnejuje\/"},"author":{"name":"admin","@id":"http:\/\/eautomobiliai.lt\/#\/schema\/person\/ecf2a967f361217d056061f74deb92f2"},"headline":"\u201eHyundai\u201c potencialus kitas elektrinis visureigis pasteb\u0117tas Sidn\u0117juje","datePublished":"2025-07-11T17:52:48+00:00","mainEntityOfPage":{"@id":"http:\/\/eautomobiliai.lt\/index.php\/2025\/07\/11\/hyundai-potencialus-kitas-elektrinis-visureigis-pastebetas-sidnejuje\/"},"wordCount":469,"commentCount":0,"image":{"@id":"http:\/\/eautomobiliai.lt\/index.php\/2025\/07\/11\/hyundai-potencialus-kitas-elektrinis-visureigis-pastebetas-sidnejuje\/#primaryimage"},"thumbnailUrl":"http:\/\/eautomobiliai.lt\/wp-content\/uploads\/2025\/07\/\u201eHyundai-potencialus-kitas-elektrinis-visureigis-pastebetas-Sidnejuje.jpg","keywords":["Elektrinis","Hyundai","Kitas","pasteb\u0117tas","potencialus","Sidn\u0117juje","visureigis"],"articleSection":["eAUTOMOBILI\u0172 TECHNIN\u0116 PUS\u0116"],"inLanguage":"lt-LT","potentialAction":[{"@type":"CommentAction","name":"Comment","target":["http:\/\/eautomobiliai.lt\/index.php\/2025\/07\/11\/hyundai-potencialus-kitas-elektrinis-visureigis-pastebetas-sidnejuje\/#respond"]}]},{"@type":"WebPage","@id":"http:\/\/eautomobiliai.lt\/index.php\/2025\/07\/11\/hyundai-potencialus-kitas-elektrinis-visureigis-pastebetas-sidnejuje\/","url":"http:\/\/eautomobiliai.lt\/index.php\/2025\/07\/11\/hyundai-potencialus-kitas-elektrinis-visureigis-pastebetas-sidnejuje\/","name":"\u201eHyundai\u201c potencialus kitas elektrinis visureigis pasteb\u0117tas Sidn\u0117juje - Eautomobiliai.lt","isPartOf":{"@id":"http:\/\/eautomobiliai.lt\/#website"},"primaryImageOfPage":{"@id":"http:\/\/eautomobiliai.lt\/index.php\/2025\/07\/11\/hyundai-potencialus-kitas-elektrinis-visureigis-pastebetas-sidnejuje\/#primaryimage"},"image":{"@id":"http:\/\/eautomobiliai.lt\/index.php\/2025\/07\/11\/hyundai-potencialus-kitas-elektrinis-visureigis-pastebetas-sidnejuje\/#primaryimage"},"thumbnailUrl":"http:\/\/eautomobiliai.lt\/wp-content\/uploads\/2025\/07\/\u201eHyundai-potencialus-kitas-elektrinis-visureigis-pastebetas-Sidnejuje.jpg","datePublished":"2025-07-11T17:52:48+00:00","author":{"@id":"http:\/\/eautomobiliai.lt\/#\/schema\/person\/ecf2a967f361217d056061f74deb92f2"},"breadcrumb":{"@id":"http:\/\/eautomobiliai.lt\/index.php\/2025\/07\/11\/hyundai-potencialus-kitas-elektrinis-visureigis-pastebetas-sidnejuje\/#breadcrumb"},"inLanguage":"lt-LT","potentialAction":[{"@type":"ReadAction","target":["http:\/\/eautomobiliai.lt\/index.php\/2025\/07\/11\/hyundai-potencialus-kitas-elektrinis-visureigis-pastebetas-sidnejuje\/"]}]},{"@type":"ImageObject","inLanguage":"lt-LT","@id":"http:\/\/eautomobiliai.lt\/index.php\/2025\/07\/11\/hyundai-potencialus-kitas-elektrinis-visureigis-pastebetas-sidnejuje\/#primaryimage","url":"http:\/\/eautomobiliai.lt\/wp-content\/uploads\/2025\/07\/\u201eHyundai-potencialus-kitas-elektrinis-visureigis-pastebetas-Sidnejuje.jpg","contentUrl":"http:\/\/eautomobiliai.lt\/wp-content\/uploads\/2025\/07\/\u201eHyundai-potencialus-kitas-elektrinis-visureigis-pastebetas-Sidnejuje.jpg","width":1200,"height":900},{"@type":"BreadcrumbList","@id":"http:\/\/eautomobiliai.lt\/index.php\/2025\/07\/11\/hyundai-potencialus-kitas-elektrinis-visureigis-pastebetas-sidnejuje\/#breadcrumb","itemListElement":[{"@type":"ListItem","position":1,"name":"Home","item":"http:\/\/eautomobiliai.lt\/"},{"@type":"ListItem","position":2,"name":"\u201eHyundai\u201c potencialus kitas elektrinis visureigis pasteb\u0117tas Sidn\u0117juje"}]},{"@type":"WebSite","@id":"http:\/\/eautomobiliai.lt\/#website","url":"http:\/\/eautomobiliai.lt\/","name":"Eautomobiliai.lt","description":"Elektrinis transportas, technologijos","potentialAction":[{"@type":"SearchAction","target":{"@type":"EntryPoint","urlTemplate":"http:\/\/eautomobiliai.lt\/?s={search_term_string}"},"query-input":{"@type":"PropertyValueSpecification","valueRequired":true,"valueName":"search_term_string"}}],"inLanguage":"lt-LT"},{"@type":"Person","@id":"http:\/\/eautomobiliai.lt\/#\/schema\/person\/ecf2a967f361217d056061f74deb92f2","name":"admin","image":{"@type":"ImageObject","inLanguage":"lt-LT","@id":"http:\/\/eautomobiliai.lt\/#\/schema\/person\/image\/","url":"https:\/\/secure.gravatar.com\/avatar\/6323379efae0c70c686c7905444d6bbd?s=96&d=mm&r=g","contentUrl":"https:\/\/secure.gravatar.com\/avatar\/6323379efae0c70c686c7905444d6bbd?s=96&d=mm&r=g","caption":"admin"},"sameAs":["http:\/\/eautomobiliai.lt"],"url":"http:\/\/eautomobiliai.lt\/index.php\/author\/admin\/"}]}},"_links":{"self":[{"href":"http:\/\/eautomobiliai.lt\/index.php\/wp-json\/wp\/v2\/posts\/1468","targetHints":{"allow":["GET"]}}],"collection":[{"href":"http:\/\/eautomobiliai.lt\/index.php\/wp-json\/wp\/v2\/posts"}],"about":[{"href":"http:\/\/eautomobiliai.lt\/index.php\/wp-json\/wp\/v2\/types\/post"}],"author":[{"embeddable":true,"href":"http:\/\/eautomobiliai.lt\/index.php\/wp-json\/wp\/v2\/users\/1"}],"replies":[{"embeddable":true,"href":"http:\/\/eautomobiliai.lt\/index.php\/wp-json\/wp\/v2\/comments?post=1468"}],"version-history":[{"count":0,"href":"http:\/\/eautomobiliai.lt\/index.php\/wp-json\/wp\/v2\/posts\/1468\/revisions"}],"wp:featuredmedia":[{"embeddable":true,"href":"http:\/\/eautomobiliai.lt\/index.php\/wp-json\/wp\/v2\/media\/1469"}],"wp:attachment":[{"href":"http:\/\/eautomobiliai.lt\/index.php\/wp-json\/wp\/v2\/media?parent=1468"}],"wp:term":[{"taxonomy":"category","embeddable":true,"href":"http:\/\/eautomobiliai.lt\/index.php\/wp-json\/wp\/v2\/categories?post=1468"},{"taxonomy":"post_tag","embeddable":true,"href":"http:\/\/eautomobiliai.lt\/index.php\/wp-json\/wp\/v2\/tags?post=1468"}],"curies":[{"name":"wp","href":"https:\/\/api.w.org\/{rel}","templated":true}]}}