{"id":1497,"date":"2025-07-15T13:57:21","date_gmt":"2025-07-15T13:57:21","guid":{"rendered":"https:\/\/eautomobiliai.lt\/index.php\/2025\/07\/15\/si-elektriniu-motociklu-kompanija-tiesiog-padare-tai-ko-niekas-kitas-negalejo\/"},"modified":"2025-07-15T13:57:21","modified_gmt":"2025-07-15T13:57:21","slug":"si-elektriniu-motociklu-kompanija-tiesiog-padare-tai-ko-niekas-kitas-negalejo","status":"publish","type":"post","link":"http:\/\/eautomobiliai.lt\/index.php\/2025\/07\/15\/si-elektriniu-motociklu-kompanija-tiesiog-padare-tai-ko-niekas-kitas-negalejo\/","title":{"rendered":"\u0160i elektrini\u0173 motocikl\u0173 kompanija tiesiog padar\u0117 tai, ko niekas kitas negal\u0117jo"},"content":{"rendered":"<p> <br \/>\n<\/p>\n<div>\n<figure class=\"img-border featured-image\">\n\t<\/figure>\n<p>\u201eStark Future\u201c, \u201eBarcelona\u201c \u012fsik\u016brusios \u201eElectric Motorcycle\u201c startuoliai, \u017einomi d\u0117l savo auk\u0161tos kokyb\u0117s bekel\u0117s dvira\u010di\u0173, k\u0105 tik sutriu\u0161kino l\u016bkes\u010dius paskelbdamas savo pirm\u0105j\u012f pelning\u0105 kvartal\u0105-ir per rekordi\u0161kai trump\u0105 laik\u0105. Paskelbusi savo pirm\u0105j\u012f pelning\u0105 m\u0117nes\u012f pra\u0117jus\u012f baland\u012f, bendrov\u0117 dabar dalijasi, kad jos 2025 m. Antrojo ketvir\u010dio rezultatai rodo 47 mln. EUR pajam\u0173 ir 4,5 mln. Eur\u0173 EBITDA. Tai \u017eym\u0117t\u0173 grei\u010diausi\u0105 keli\u0105 \u012f elektromobili\u0173 gamintojui kada nors u\u017efiksuot\u0105 pelningum\u0105, nesvarbu, ar ant dviej\u0173 rat\u0173, ar keturi.<\/p>\n<p><span id=\"more-424826\"\/><\/p>\n<p>Siekdami perspektyvos \u012f \u0161i\u0105 var\u017eybas \u012f pelningum\u0105, keli dideli elektromobili\u0173 gamintojai per de\u0161imtmet\u012f u\u017etruko, kad tapt\u0173 pelninga, o kai kurie vis dar nepasiek\u0117 pelningumo (tai yra tas pats daugeliui pagrindini\u0173 elektrini\u0173 motocikl\u0173 gamintoj\u0173). \u201eStark Future\u201c tai pasiek\u0117 vos per \u0161e\u0161erius metus.<\/p>\n<p>Kompanijos s\u0117km\u0119 paskatino \u201eStark Vargg\u201c &#8211; jo pavyzdinis elektrinis purvo dviratis, kuris \u201eMotocross World\u201c pa\u0117m\u0117 audra. Vargas, laikomas \u017eaidim\u0173 keitikliu visureigio scenoje, susilieja aptakus dizainas su monstri\u0161komis spektaklio specifikacijomis-pakanka, kad pritraukt\u0173 kelis \u201eMotocross World\u201c \u010dempionus kaip pirk\u0117jus. Ties\u0105 sakant, dviratis pasirod\u0117 es\u0105s toks spektaklio \u017ev\u0117ris, kad jis peln\u0117 abejotin\u0105 garb\u0119 b\u016bti u\u017edrausta \u201eX Games\u201c u\u017e tai, kad jis gali atlikti triukus, vir\u0161ijan\u010dias ne tik tai, kad su juo konkuruoja degimo varikli\u0173 motociklai.<\/p>\n<p>Remdamasis daugybe motociklinink\u0173 ir u\u017edraust\u0173 b\u016bti \u201eper gerai\u201c, kad bendrov\u0117s spar\u010diai populiar\u0117jantys pardavimai gali b\u016bti ne tokie staigmenos.<\/p>\n<p>\t<span class=\"outbrain-ad-label\">Skelbimas &#8211; slinkite daugiau turinio<\/span><\/p>\n<figure class=\"wp-block-image alignwide size-large\"><img loading=\"lazy\" decoding=\"async\" height=\"512\" width=\"1024\" src=\"https:\/\/electrek.co\/wp-content\/uploads\/sites\/3\/2025\/05\/stark-varg-header.jpg?quality=82&amp;strip=all&amp;w=1024\" alt=\"\" class=\"wp-image-415969\" srcset=\"https:\/\/electrek.co\/wp-content\/uploads\/sites\/3\/2025\/05\/stark-varg-header.jpg 2000w, https:\/\/electrek.co\/wp-content\/uploads\/sites\/3\/2025\/05\/stark-varg-header.jpg?resize=150,75 150w, https:\/\/electrek.co\/wp-content\/uploads\/sites\/3\/2025\/05\/stark-varg-header.jpg?resize=300,150 300w, https:\/\/electrek.co\/wp-content\/uploads\/sites\/3\/2025\/05\/stark-varg-header.jpg?resize=768,384 768w, https:\/\/electrek.co\/wp-content\/uploads\/sites\/3\/2025\/05\/stark-varg-header.jpg?resize=1024,512 1024w, https:\/\/electrek.co\/wp-content\/uploads\/sites\/3\/2025\/05\/stark-varg-header.jpg?resize=1536,768 1536w, https:\/\/electrek.co\/wp-content\/uploads\/sites\/3\/2025\/05\/stark-varg-header.jpg?resize=350,175 350w, https:\/\/electrek.co\/wp-content\/uploads\/sites\/3\/2025\/05\/stark-varg-header.jpg?resize=140,70 140w, https:\/\/electrek.co\/wp-content\/uploads\/sites\/3\/2025\/05\/stark-varg-header.jpg?resize=1600,800 1600w, https:\/\/electrek.co\/wp-content\/uploads\/sites\/3\/2025\/05\/stark-varg-header.jpg?resize=290,145 290w\" sizes=\"auto, (max-width: 1024px) 100vw, 1024px\"\/><\/figure>\n<p>\u201ePagrindiniai m\u016bs\u0173 produkt\u0173 k\u016brimo laim\u0117jimai yra gerai \u017einomi, ta\u010diau \u0161i finansin\u0117 s\u0117km\u0117 yra patvirtinimas, kad m\u016bs\u0173 klientai vertina sunk\u0173 darb\u0105, kur\u012f mes \u012fd\u0117jome kiekvien\u0105 dien\u0105 u\u017ekulisiuose\u201c, &#8211; sak\u0117 Anton Wass, \u201eStark Future\u201c generalinis direktorius. \u201eMes greitai suk\u016br\u0117me kain\u0105 konkurencing\u0105 pasaulin\u0119 vert\u0117s grandin\u0119, taip pat suk\u016br\u0117me pa\u017eangiausi\u0105, 20 000 kvadratini\u0173 metr\u0173 gamykl\u0105, skirt\u0105 vidaus akumuliatoriui ir transporto priemoni\u0173 gamybai.\u201c<\/p>\n<p>\u201eStark Future\u201c sako, kad dabar tai yra did\u017eiausias ir grei\u010diausias motoro motocikl\u0173 gamintojas istorijoje, pranok\u0119s visus kitus \u201ePure Play EV\u201c motocikl\u0173 konkurentus tiek pajam\u0173, tiek tarptautiniu b\u016bdu. VARG pristatymas spartina visoje Europoje, \u0160iaur\u0117s Amerikoje, Piet\u0173 Amerikoje, Azijoje ir Australijoje. <\/p>\n<p>Vadindamas save did\u017eiausiu tik elektriniu motocikl\u0173 gamintoju, atrodo, kad \u201eStark\u201c diskontuoja pagrindinius Azijos \u017eaid\u0117jus elektrini\u0173 motocikl\u0173 rinkoje, tokiose kaip \u201eYadea\u201c ir \u201eNIU\u201c, nors \u0161ios \u012fmon\u0117s did\u017ei\u0105j\u0105 dal\u012f pardav\u0117 i\u0161 transporto priemoni\u0173, kurios labiau primena motorolerius ar mopedus. Daugelis kit\u0173 vis\u0173 elektrini\u0173 motocikl\u0173 kompanij\u0173 n\u0117ra vie\u0161ai prekiaujama ir tod\u0117l nesidalija savo finansiniais palyginimais. Net pats \u201eStark\u201c i\u0161lieka privati \u012fmon\u0117 ir nevisi\u0161kai atidar\u0117 savo knygas per\u017ei\u016brai, ta\u010diau jei norime jas paimti j\u0173 \u017eod\u017eiu, 47 mln. EUR pajam\u0173 ir 4,5 mln.<\/p>\n<figure class=\"wp-block-image alignwide size-large\"><img loading=\"lazy\" decoding=\"async\" height=\"683\" width=\"1024\" src=\"https:\/\/electrek.co\/wp-content\/uploads\/sites\/3\/2025\/05\/Stark-VARG-EX-1.jpg?quality=82&amp;strip=all&amp;w=1024\" alt=\"\" class=\"wp-image-415968\" srcset=\"https:\/\/electrek.co\/wp-content\/uploads\/sites\/3\/2025\/05\/Stark-VARG-EX-1.jpg 1500w, https:\/\/electrek.co\/wp-content\/uploads\/sites\/3\/2025\/05\/Stark-VARG-EX-1.jpg?resize=150,100 150w, https:\/\/electrek.co\/wp-content\/uploads\/sites\/3\/2025\/05\/Stark-VARG-EX-1.jpg?resize=300,200 300w, https:\/\/electrek.co\/wp-content\/uploads\/sites\/3\/2025\/05\/Stark-VARG-EX-1.jpg?resize=768,512 768w, https:\/\/electrek.co\/wp-content\/uploads\/sites\/3\/2025\/05\/Stark-VARG-EX-1.jpg?resize=1024,683 1024w, https:\/\/electrek.co\/wp-content\/uploads\/sites\/3\/2025\/05\/Stark-VARG-EX-1.jpg?resize=350,233 350w, https:\/\/electrek.co\/wp-content\/uploads\/sites\/3\/2025\/05\/Stark-VARG-EX-1.jpg?resize=140,93 140w\" sizes=\"auto, (max-width: 1024px) 100vw, 1024px\"\/><\/figure>\n<p>Pramon\u0117je, kurioje elektrini\u0173 motocikl\u0173 startuoliai da\u017enai stengiasi i\u0161likti pavir\u0161iuje, jau nekalbant apie pertrauk\u0105, Starko pelningumo etapas yra didelis dalykas. Tai \u012frodo, kad auk\u0161tos kokyb\u0117s, auk\u0161\u010diausios kokyb\u0117s elektriniai motociklai gali ne tik konkuruoti su duj\u0173 dvira\u010diais, bet ir kad verslo modelis, esantis u\u017e j\u0173, i\u0161 tikr\u0173j\u0173 gali b\u016bti tvarus.<\/p>\n<p>\u201eTai ne tik apie puiki\u0173 elektrini\u0173 motocikl\u0173 statyb\u0105\u201c, &#8211; prid\u016br\u0117 Wassas. \u201eKalbama apie tvaraus, pelningo verslo k\u016brim\u0105, kuris gali pakeisti tiek \u0161i\u0105 pramon\u0119, tiek u\u017e jos rib\u0173\u201c.<\/p>\n<h2 class=\"wp-block-heading\" id=\"h-electrek-s-take\"><strong>\u201eElectrek&#8217;s Take\u201c<\/strong><\/h2>\n<p>Ne kiekvien\u0105 dien\u0105 matome, kaip motocikl\u0173 startuolis \u0161okin\u0117ja vis\u0105 lauk\u0105, ta\u010diau b\u016btent tai, atrodo, padar\u0117 \u201eStark Future\u201c. <\/p>\n<p>Nors pagrindiniai motocikl\u0173 prek\u0117s \u017eenklai ir toliau atsargiai tikrina elektrinius vandenis, \u201eStark Cannonball\u201c \u017eaid\u017eia, o dabar jie vadovauja mokes\u010diui &#8211; ir tai daro pelningai. Jei tai yra tai, k\u0105 jie nuveik\u0117 per \u0161e\u0161erius metus, likusi pramon\u0117 geriau pradeda va\u017eiuoti grei\u010diau.<\/p>\n<p>Tai gali b\u016bti nauj\u0173 startuoli\u0173 ar pabudimo kvietimo \u012fsitvirtinusi\u0173 sen\u0173 preki\u0173 \u017eenkl\u0173 pavyzdys. Bet kokiu atveju, tai yra galinga \u017einia apie tai, kur vadovauja dviej\u0173 rat\u0173 pramon\u0117.<\/p>\n<div class=\"ad-disclaimer-container\">\n<p class=\"disclaimer-affiliate\"><em>FPK: Mes naudojame pajamas gaunan\u010dias automatinio filialo nuorodas.<\/em> Daugiau.<\/p>\n<p><!-- post ad --><\/div>\n<\/p><\/div>\n<p><br \/>\n<br \/><a href=\"https:\/\/electrek.co\/2025\/07\/15\/this-electric-motorcycle-company-just-did-what-no-one-else-could\/\">Source link <\/a><\/p>\n","protected":false},"excerpt":{"rendered":"<p>\u201eStark Future\u201c, \u201eBarcelona\u201c \u012fsik\u016brusios \u201eElectric Motorcycle\u201c startuoliai, \u017einomi d\u0117l savo auk\u0161tos kokyb\u0117s bekel\u0117s dvira\u010di\u0173, k\u0105 tik sutriu\u0161kino l\u016bkes\u010dius paskelbdamas savo&hellip;<\/p>\n","protected":false},"author":1,"featured_media":1498,"comment_status":"open","ping_status":"open","sticky":false,"template":"","format":"standard","meta":{"om_disable_all_campaigns":false,"_monsterinsights_skip_tracking":false,"_monsterinsights_sitenote_active":false,"_monsterinsights_sitenote_note":"","_monsterinsights_sitenote_category":0,"footnotes":""},"categories":[8],"tags":[45,2192,343,1308,2937,1522,349,158,20,234],"class_list":["post-1497","post","type-post","status-publish","format-standard","has-post-thumbnail","hentry","category-elektriniai-automobiliai","tag-elektriniu","tag-kitas","tag-kompanija","tag-motociklu","tag-negalejo","tag-niekas","tag-padare","tag-si","tag-tai","tag-tiesiog"],"aioseo_notices":[],"yoast_head":"<!-- This site is optimized with the Yoast SEO plugin v26.8 - https:\/\/yoast.com\/product\/yoast-seo-wordpress\/ -->\n<title>\u0160i elektrini\u0173 motocikl\u0173 kompanija tiesiog padar\u0117 tai, ko niekas kitas negal\u0117jo - Eautomobiliai.lt<\/title>\n<meta name=\"robots\" content=\"index, follow, max-snippet:-1, max-image-preview:large, max-video-preview:-1\" \/>\n<link rel=\"canonical\" href=\"http:\/\/eautomobiliai.lt\/index.php\/2025\/07\/15\/si-elektriniu-motociklu-kompanija-tiesiog-padare-tai-ko-niekas-kitas-negalejo\/\" \/>\n<meta property=\"og:locale\" content=\"lt_LT\" \/>\n<meta property=\"og:type\" content=\"article\" \/>\n<meta property=\"og:title\" content=\"\u0160i elektrini\u0173 motocikl\u0173 kompanija tiesiog padar\u0117 tai, ko niekas kitas negal\u0117jo - Eautomobiliai.lt\" \/>\n<meta property=\"og:description\" content=\"\u201eStark Future\u201c, \u201eBarcelona\u201c \u012fsik\u016brusios \u201eElectric Motorcycle\u201c startuoliai, \u017einomi d\u0117l savo auk\u0161tos kokyb\u0117s bekel\u0117s dvira\u010di\u0173, k\u0105 tik sutriu\u0161kino l\u016bkes\u010dius paskelbdamas savo&hellip;\" \/>\n<meta property=\"og:url\" content=\"http:\/\/eautomobiliai.lt\/index.php\/2025\/07\/15\/si-elektriniu-motociklu-kompanija-tiesiog-padare-tai-ko-niekas-kitas-negalejo\/\" \/>\n<meta property=\"og:site_name\" content=\"Eautomobiliai.lt\" \/>\n<meta property=\"article:published_time\" content=\"2025-07-15T13:57:21+00:00\" \/>\n<meta property=\"og:image\" content=\"http:\/\/eautomobiliai.lt\/wp-content\/uploads\/2025\/07\/Si-elektriniu-motociklu-kompanija-tiesiog-padare-tai-ko-niekas-kitas.jpg\" \/>\n\t<meta property=\"og:image:width\" content=\"1200\" \/>\n\t<meta property=\"og:image:height\" content=\"628\" \/>\n\t<meta property=\"og:image:type\" content=\"image\/jpeg\" \/>\n<meta name=\"author\" content=\"admin\" \/>\n<meta name=\"twitter:card\" content=\"summary_large_image\" \/>\n<meta name=\"twitter:label1\" content=\"Written by\" \/>\n\t<meta name=\"twitter:data1\" content=\"admin\" \/>\n\t<meta name=\"twitter:label2\" content=\"Est. reading time\" \/>\n\t<meta name=\"twitter:data2\" content=\"3 minut\u0117s\" \/>\n<script type=\"application\/ld+json\" class=\"yoast-schema-graph\">{\"@context\":\"https:\/\/schema.org\",\"@graph\":[{\"@type\":\"Article\",\"@id\":\"http:\/\/eautomobiliai.lt\/index.php\/2025\/07\/15\/si-elektriniu-motociklu-kompanija-tiesiog-padare-tai-ko-niekas-kitas-negalejo\/#article\",\"isPartOf\":{\"@id\":\"http:\/\/eautomobiliai.lt\/index.php\/2025\/07\/15\/si-elektriniu-motociklu-kompanija-tiesiog-padare-tai-ko-niekas-kitas-negalejo\/\"},\"author\":{\"name\":\"admin\",\"@id\":\"http:\/\/eautomobiliai.lt\/#\/schema\/person\/ecf2a967f361217d056061f74deb92f2\"},\"headline\":\"\u0160i elektrini\u0173 motocikl\u0173 kompanija tiesiog padar\u0117 tai, ko niekas kitas negal\u0117jo\",\"datePublished\":\"2025-07-15T13:57:21+00:00\",\"mainEntityOfPage\":{\"@id\":\"http:\/\/eautomobiliai.lt\/index.php\/2025\/07\/15\/si-elektriniu-motociklu-kompanija-tiesiog-padare-tai-ko-niekas-kitas-negalejo\/\"},\"wordCount\":656,\"commentCount\":0,\"image\":{\"@id\":\"http:\/\/eautomobiliai.lt\/index.php\/2025\/07\/15\/si-elektriniu-motociklu-kompanija-tiesiog-padare-tai-ko-niekas-kitas-negalejo\/#primaryimage\"},\"thumbnailUrl\":\"http:\/\/eautomobiliai.lt\/wp-content\/uploads\/2025\/07\/Si-elektriniu-motociklu-kompanija-tiesiog-padare-tai-ko-niekas-kitas.jpg\",\"keywords\":[\"elektrini\u0173\",\"Kitas\",\"kompanij\u0105\",\"motocikl\u0173\",\"negal\u0117jo\",\"niekas\",\"padar\u0117\",\"\u0161\u012f\",\"Tai\",\"tiesiog\"],\"articleSection\":[\"ELEKTRINIAI AUTOMOBILIAI\"],\"inLanguage\":\"lt-LT\",\"potentialAction\":[{\"@type\":\"CommentAction\",\"name\":\"Comment\",\"target\":[\"http:\/\/eautomobiliai.lt\/index.php\/2025\/07\/15\/si-elektriniu-motociklu-kompanija-tiesiog-padare-tai-ko-niekas-kitas-negalejo\/#respond\"]}]},{\"@type\":\"WebPage\",\"@id\":\"http:\/\/eautomobiliai.lt\/index.php\/2025\/07\/15\/si-elektriniu-motociklu-kompanija-tiesiog-padare-tai-ko-niekas-kitas-negalejo\/\",\"url\":\"http:\/\/eautomobiliai.lt\/index.php\/2025\/07\/15\/si-elektriniu-motociklu-kompanija-tiesiog-padare-tai-ko-niekas-kitas-negalejo\/\",\"name\":\"\u0160i elektrini\u0173 motocikl\u0173 kompanija tiesiog padar\u0117 tai, ko niekas kitas negal\u0117jo - Eautomobiliai.lt\",\"isPartOf\":{\"@id\":\"http:\/\/eautomobiliai.lt\/#website\"},\"primaryImageOfPage\":{\"@id\":\"http:\/\/eautomobiliai.lt\/index.php\/2025\/07\/15\/si-elektriniu-motociklu-kompanija-tiesiog-padare-tai-ko-niekas-kitas-negalejo\/#primaryimage\"},\"image\":{\"@id\":\"http:\/\/eautomobiliai.lt\/index.php\/2025\/07\/15\/si-elektriniu-motociklu-kompanija-tiesiog-padare-tai-ko-niekas-kitas-negalejo\/#primaryimage\"},\"thumbnailUrl\":\"http:\/\/eautomobiliai.lt\/wp-content\/uploads\/2025\/07\/Si-elektriniu-motociklu-kompanija-tiesiog-padare-tai-ko-niekas-kitas.jpg\",\"datePublished\":\"2025-07-15T13:57:21+00:00\",\"author\":{\"@id\":\"http:\/\/eautomobiliai.lt\/#\/schema\/person\/ecf2a967f361217d056061f74deb92f2\"},\"breadcrumb\":{\"@id\":\"http:\/\/eautomobiliai.lt\/index.php\/2025\/07\/15\/si-elektriniu-motociklu-kompanija-tiesiog-padare-tai-ko-niekas-kitas-negalejo\/#breadcrumb\"},\"inLanguage\":\"lt-LT\",\"potentialAction\":[{\"@type\":\"ReadAction\",\"target\":[\"http:\/\/eautomobiliai.lt\/index.php\/2025\/07\/15\/si-elektriniu-motociklu-kompanija-tiesiog-padare-tai-ko-niekas-kitas-negalejo\/\"]}]},{\"@type\":\"ImageObject\",\"inLanguage\":\"lt-LT\",\"@id\":\"http:\/\/eautomobiliai.lt\/index.php\/2025\/07\/15\/si-elektriniu-motociklu-kompanija-tiesiog-padare-tai-ko-niekas-kitas-negalejo\/#primaryimage\",\"url\":\"http:\/\/eautomobiliai.lt\/wp-content\/uploads\/2025\/07\/Si-elektriniu-motociklu-kompanija-tiesiog-padare-tai-ko-niekas-kitas.jpg\",\"contentUrl\":\"http:\/\/eautomobiliai.lt\/wp-content\/uploads\/2025\/07\/Si-elektriniu-motociklu-kompanija-tiesiog-padare-tai-ko-niekas-kitas.jpg\",\"width\":1200,\"height\":628},{\"@type\":\"BreadcrumbList\",\"@id\":\"http:\/\/eautomobiliai.lt\/index.php\/2025\/07\/15\/si-elektriniu-motociklu-kompanija-tiesiog-padare-tai-ko-niekas-kitas-negalejo\/#breadcrumb\",\"itemListElement\":[{\"@type\":\"ListItem\",\"position\":1,\"name\":\"Home\",\"item\":\"http:\/\/eautomobiliai.lt\/\"},{\"@type\":\"ListItem\",\"position\":2,\"name\":\"\u0160i elektrini\u0173 motocikl\u0173 kompanija tiesiog padar\u0117 tai, ko niekas kitas negal\u0117jo\"}]},{\"@type\":\"WebSite\",\"@id\":\"http:\/\/eautomobiliai.lt\/#website\",\"url\":\"http:\/\/eautomobiliai.lt\/\",\"name\":\"Eautomobiliai.lt\",\"description\":\"Elektrinis transportas, technologijos\",\"potentialAction\":[{\"@type\":\"SearchAction\",\"target\":{\"@type\":\"EntryPoint\",\"urlTemplate\":\"http:\/\/eautomobiliai.lt\/?s={search_term_string}\"},\"query-input\":{\"@type\":\"PropertyValueSpecification\",\"valueRequired\":true,\"valueName\":\"search_term_string\"}}],\"inLanguage\":\"lt-LT\"},{\"@type\":\"Person\",\"@id\":\"http:\/\/eautomobiliai.lt\/#\/schema\/person\/ecf2a967f361217d056061f74deb92f2\",\"name\":\"admin\",\"image\":{\"@type\":\"ImageObject\",\"inLanguage\":\"lt-LT\",\"@id\":\"http:\/\/eautomobiliai.lt\/#\/schema\/person\/image\/\",\"url\":\"https:\/\/secure.gravatar.com\/avatar\/6323379efae0c70c686c7905444d6bbd?s=96&d=mm&r=g\",\"contentUrl\":\"https:\/\/secure.gravatar.com\/avatar\/6323379efae0c70c686c7905444d6bbd?s=96&d=mm&r=g\",\"caption\":\"admin\"},\"sameAs\":[\"http:\/\/eautomobiliai.lt\"],\"url\":\"http:\/\/eautomobiliai.lt\/index.php\/author\/admin\/\"}]}<\/script>\n<!-- \/ Yoast SEO plugin. -->","yoast_head_json":{"title":"\u0160i elektrini\u0173 motocikl\u0173 kompanija tiesiog padar\u0117 tai, ko niekas kitas negal\u0117jo - Eautomobiliai.lt","robots":{"index":"index","follow":"follow","max-snippet":"max-snippet:-1","max-image-preview":"max-image-preview:large","max-video-preview":"max-video-preview:-1"},"canonical":"http:\/\/eautomobiliai.lt\/index.php\/2025\/07\/15\/si-elektriniu-motociklu-kompanija-tiesiog-padare-tai-ko-niekas-kitas-negalejo\/","og_locale":"lt_LT","og_type":"article","og_title":"\u0160i elektrini\u0173 motocikl\u0173 kompanija tiesiog padar\u0117 tai, ko niekas kitas negal\u0117jo - Eautomobiliai.lt","og_description":"\u201eStark Future\u201c, \u201eBarcelona\u201c \u012fsik\u016brusios \u201eElectric Motorcycle\u201c startuoliai, \u017einomi d\u0117l savo auk\u0161tos kokyb\u0117s bekel\u0117s dvira\u010di\u0173, k\u0105 tik sutriu\u0161kino l\u016bkes\u010dius paskelbdamas savo&hellip;","og_url":"http:\/\/eautomobiliai.lt\/index.php\/2025\/07\/15\/si-elektriniu-motociklu-kompanija-tiesiog-padare-tai-ko-niekas-kitas-negalejo\/","og_site_name":"Eautomobiliai.lt","article_published_time":"2025-07-15T13:57:21+00:00","og_image":[{"width":1200,"height":628,"url":"http:\/\/eautomobiliai.lt\/wp-content\/uploads\/2025\/07\/Si-elektriniu-motociklu-kompanija-tiesiog-padare-tai-ko-niekas-kitas.jpg","type":"image\/jpeg"}],"author":"admin","twitter_card":"summary_large_image","twitter_misc":{"Written by":"admin","Est. reading time":"3 minut\u0117s"},"schema":{"@context":"https:\/\/schema.org","@graph":[{"@type":"Article","@id":"http:\/\/eautomobiliai.lt\/index.php\/2025\/07\/15\/si-elektriniu-motociklu-kompanija-tiesiog-padare-tai-ko-niekas-kitas-negalejo\/#article","isPartOf":{"@id":"http:\/\/eautomobiliai.lt\/index.php\/2025\/07\/15\/si-elektriniu-motociklu-kompanija-tiesiog-padare-tai-ko-niekas-kitas-negalejo\/"},"author":{"name":"admin","@id":"http:\/\/eautomobiliai.lt\/#\/schema\/person\/ecf2a967f361217d056061f74deb92f2"},"headline":"\u0160i elektrini\u0173 motocikl\u0173 kompanija tiesiog padar\u0117 tai, ko niekas kitas negal\u0117jo","datePublished":"2025-07-15T13:57:21+00:00","mainEntityOfPage":{"@id":"http:\/\/eautomobiliai.lt\/index.php\/2025\/07\/15\/si-elektriniu-motociklu-kompanija-tiesiog-padare-tai-ko-niekas-kitas-negalejo\/"},"wordCount":656,"commentCount":0,"image":{"@id":"http:\/\/eautomobiliai.lt\/index.php\/2025\/07\/15\/si-elektriniu-motociklu-kompanija-tiesiog-padare-tai-ko-niekas-kitas-negalejo\/#primaryimage"},"thumbnailUrl":"http:\/\/eautomobiliai.lt\/wp-content\/uploads\/2025\/07\/Si-elektriniu-motociklu-kompanija-tiesiog-padare-tai-ko-niekas-kitas.jpg","keywords":["elektrini\u0173","Kitas","kompanij\u0105","motocikl\u0173","negal\u0117jo","niekas","padar\u0117","\u0161\u012f","Tai","tiesiog"],"articleSection":["ELEKTRINIAI AUTOMOBILIAI"],"inLanguage":"lt-LT","potentialAction":[{"@type":"CommentAction","name":"Comment","target":["http:\/\/eautomobiliai.lt\/index.php\/2025\/07\/15\/si-elektriniu-motociklu-kompanija-tiesiog-padare-tai-ko-niekas-kitas-negalejo\/#respond"]}]},{"@type":"WebPage","@id":"http:\/\/eautomobiliai.lt\/index.php\/2025\/07\/15\/si-elektriniu-motociklu-kompanija-tiesiog-padare-tai-ko-niekas-kitas-negalejo\/","url":"http:\/\/eautomobiliai.lt\/index.php\/2025\/07\/15\/si-elektriniu-motociklu-kompanija-tiesiog-padare-tai-ko-niekas-kitas-negalejo\/","name":"\u0160i elektrini\u0173 motocikl\u0173 kompanija tiesiog padar\u0117 tai, ko niekas kitas negal\u0117jo - Eautomobiliai.lt","isPartOf":{"@id":"http:\/\/eautomobiliai.lt\/#website"},"primaryImageOfPage":{"@id":"http:\/\/eautomobiliai.lt\/index.php\/2025\/07\/15\/si-elektriniu-motociklu-kompanija-tiesiog-padare-tai-ko-niekas-kitas-negalejo\/#primaryimage"},"image":{"@id":"http:\/\/eautomobiliai.lt\/index.php\/2025\/07\/15\/si-elektriniu-motociklu-kompanija-tiesiog-padare-tai-ko-niekas-kitas-negalejo\/#primaryimage"},"thumbnailUrl":"http:\/\/eautomobiliai.lt\/wp-content\/uploads\/2025\/07\/Si-elektriniu-motociklu-kompanija-tiesiog-padare-tai-ko-niekas-kitas.jpg","datePublished":"2025-07-15T13:57:21+00:00","author":{"@id":"http:\/\/eautomobiliai.lt\/#\/schema\/person\/ecf2a967f361217d056061f74deb92f2"},"breadcrumb":{"@id":"http:\/\/eautomobiliai.lt\/index.php\/2025\/07\/15\/si-elektriniu-motociklu-kompanija-tiesiog-padare-tai-ko-niekas-kitas-negalejo\/#breadcrumb"},"inLanguage":"lt-LT","potentialAction":[{"@type":"ReadAction","target":["http:\/\/eautomobiliai.lt\/index.php\/2025\/07\/15\/si-elektriniu-motociklu-kompanija-tiesiog-padare-tai-ko-niekas-kitas-negalejo\/"]}]},{"@type":"ImageObject","inLanguage":"lt-LT","@id":"http:\/\/eautomobiliai.lt\/index.php\/2025\/07\/15\/si-elektriniu-motociklu-kompanija-tiesiog-padare-tai-ko-niekas-kitas-negalejo\/#primaryimage","url":"http:\/\/eautomobiliai.lt\/wp-content\/uploads\/2025\/07\/Si-elektriniu-motociklu-kompanija-tiesiog-padare-tai-ko-niekas-kitas.jpg","contentUrl":"http:\/\/eautomobiliai.lt\/wp-content\/uploads\/2025\/07\/Si-elektriniu-motociklu-kompanija-tiesiog-padare-tai-ko-niekas-kitas.jpg","width":1200,"height":628},{"@type":"BreadcrumbList","@id":"http:\/\/eautomobiliai.lt\/index.php\/2025\/07\/15\/si-elektriniu-motociklu-kompanija-tiesiog-padare-tai-ko-niekas-kitas-negalejo\/#breadcrumb","itemListElement":[{"@type":"ListItem","position":1,"name":"Home","item":"http:\/\/eautomobiliai.lt\/"},{"@type":"ListItem","position":2,"name":"\u0160i elektrini\u0173 motocikl\u0173 kompanija tiesiog padar\u0117 tai, ko niekas kitas negal\u0117jo"}]},{"@type":"WebSite","@id":"http:\/\/eautomobiliai.lt\/#website","url":"http:\/\/eautomobiliai.lt\/","name":"Eautomobiliai.lt","description":"Elektrinis transportas, technologijos","potentialAction":[{"@type":"SearchAction","target":{"@type":"EntryPoint","urlTemplate":"http:\/\/eautomobiliai.lt\/?s={search_term_string}"},"query-input":{"@type":"PropertyValueSpecification","valueRequired":true,"valueName":"search_term_string"}}],"inLanguage":"lt-LT"},{"@type":"Person","@id":"http:\/\/eautomobiliai.lt\/#\/schema\/person\/ecf2a967f361217d056061f74deb92f2","name":"admin","image":{"@type":"ImageObject","inLanguage":"lt-LT","@id":"http:\/\/eautomobiliai.lt\/#\/schema\/person\/image\/","url":"https:\/\/secure.gravatar.com\/avatar\/6323379efae0c70c686c7905444d6bbd?s=96&d=mm&r=g","contentUrl":"https:\/\/secure.gravatar.com\/avatar\/6323379efae0c70c686c7905444d6bbd?s=96&d=mm&r=g","caption":"admin"},"sameAs":["http:\/\/eautomobiliai.lt"],"url":"http:\/\/eautomobiliai.lt\/index.php\/author\/admin\/"}]}},"_links":{"self":[{"href":"http:\/\/eautomobiliai.lt\/index.php\/wp-json\/wp\/v2\/posts\/1497","targetHints":{"allow":["GET"]}}],"collection":[{"href":"http:\/\/eautomobiliai.lt\/index.php\/wp-json\/wp\/v2\/posts"}],"about":[{"href":"http:\/\/eautomobiliai.lt\/index.php\/wp-json\/wp\/v2\/types\/post"}],"author":[{"embeddable":true,"href":"http:\/\/eautomobiliai.lt\/index.php\/wp-json\/wp\/v2\/users\/1"}],"replies":[{"embeddable":true,"href":"http:\/\/eautomobiliai.lt\/index.php\/wp-json\/wp\/v2\/comments?post=1497"}],"version-history":[{"count":0,"href":"http:\/\/eautomobiliai.lt\/index.php\/wp-json\/wp\/v2\/posts\/1497\/revisions"}],"wp:featuredmedia":[{"embeddable":true,"href":"http:\/\/eautomobiliai.lt\/index.php\/wp-json\/wp\/v2\/media\/1498"}],"wp:attachment":[{"href":"http:\/\/eautomobiliai.lt\/index.php\/wp-json\/wp\/v2\/media?parent=1497"}],"wp:term":[{"taxonomy":"category","embeddable":true,"href":"http:\/\/eautomobiliai.lt\/index.php\/wp-json\/wp\/v2\/categories?post=1497"},{"taxonomy":"post_tag","embeddable":true,"href":"http:\/\/eautomobiliai.lt\/index.php\/wp-json\/wp\/v2\/tags?post=1497"}],"curies":[{"name":"wp","href":"https:\/\/api.w.org\/{rel}","templated":true}]}}