{"id":1501,"date":"2025-07-15T21:57:58","date_gmt":"2025-07-15T21:57:58","guid":{"rendered":"https:\/\/eautomobiliai.lt\/index.php\/2025\/07\/15\/naujasis-hyundai-starria-ev-electric-minive-ismeta-savo-camo\/"},"modified":"2025-07-15T21:57:58","modified_gmt":"2025-07-15T21:57:58","slug":"naujasis-hyundai-starria-ev-electric-minive-ismeta-savo-camo","status":"publish","type":"post","link":"http:\/\/eautomobiliai.lt\/index.php\/2025\/07\/15\/naujasis-hyundai-starria-ev-electric-minive-ismeta-savo-camo\/","title":{"rendered":"Naujasis \u201eHyundai\u201c \u201eStarria EV Electric Minive\u201c i\u0161meta savo \u201eCamo\u201c"},"content":{"rendered":"<p> <br \/>\n<\/p>\n<div>\n<figure class=\"img-border featured-image\">\n\t<\/figure>\n<p>\u201eHyundai\u201c elektrinis mikroautobusas pagaliau pasirodo lauke. \u201eStara EV\u201c buvo sugautas be \u201eCamo\u201c netoli \u201eHyundai\u201c tyrim\u0173 ir pl\u0117tros centro Kor\u0117joje, atid\u017eiau pa\u017evelgdamas \u012f elektros mikroautobus\u0105.<\/p>\n<p><span id=\"more-424946\"\/><\/p>\n<h2 class=\"wp-block-heading\" id=\"h-hyundai-s-electric-minivan-drops-camo-ahead-of-debut\">\u201eHyundai\u201c elektrinis mikroautobusas pralenkia \u201eCamo\u201c prie\u0161 debiut\u0105<\/h2>\n<p>\u201eStarria\u201c atvyko 2021 m. Kaip \u201eStarex\u201c, \u201eHyundai\u201c universalios transporto priemon\u0117s (MPV) \u012fp\u0117dinis. Nors \u201eStarria\u201c per tuos metus gavo kelet\u0105 atnaujinim\u0173, 2026 m. Iki \u0161iol bus did\u017eiausia.<\/p>\n<p>\u201eHyundai\u201c i\u0161leis \u201eStara EV\u201c, savo pirm\u0105j\u012f elektrin\u012f mikroautobus\u0105. Kaip ir dabartinis modelis, \u201e2026 Starria\u201c bus prieinama keliomis skirtingomis konfig\u016bracijomis, \u012fskaitant krovinius, keleivius ir net kemperio versij\u0105.<\/p>\n<p>Jau kelet\u0105 kart\u0173 mes jau kelet\u0105 kart\u0173 mat\u0117me \u201eStara EV\u201c. Pra\u0117jus\u012f m\u0117nes\u012f mes pa\u017evelg\u0117me \u012f tai va\u017eiuodami vie\u0161aisiais keliais Kor\u0117joje. <\/p>\n<p>\t<span class=\"outbrain-ad-label\">Skelbimas &#8211; slinkite daugiau turinio<\/span><\/p>\n<p>Nepaisant kamuflia\u017eo, buvo matomi nauji \u012f EV tipo dizaino elementai, \u012fskaitant atnaujintus LED priekinius \u017eibintus ir pilno ilgio \u0161viesos juost\u0105. Nors ji vis dar neai\u0161ki, elektros versija atrodo ma\u017edaug tokio pat dyd\u017eio kaip ir dabartin\u0117 \u201eStara\u201c i\u0161 \u0161ono, ta\u010diau \u0161iek tiek platesn\u0117 i\u0161 priekio.<\/p>\n<div class=\"wp-block-jetpack-tiled-gallery aligncenter is-style-columns\">\n<div class=\"\">\n<div class=\"tiled-gallery__gallery\">\n<div class=\"tiled-gallery__row\">\n<div class=\"tiled-gallery__col\" style=\"flex-basis:58.00297%\">\n<figure data-wp-context=\"{\" imageid=\"\" data-wp-interactive=\"core\/image\" class=\"tiled-gallery__item wp-lightbox-container\"><img decoding=\"async\" data-wp-class--hide=\"state.isContentHidden\" data-wp-class--show=\"state.isContentVisible\" data-wp-init=\"callbacks.setButtonStyles\" data-wp-on-async--click=\"actions.showLightbox\" data-wp-on-async--load=\"callbacks.setButtonStyles\" data-wp-on-async-window--resize=\"callbacks.setButtonStyles\" srcset=\"https:\/\/i0.wp.com\/electrek.co\/wp-content\/uploads\/sites\/3\/2025\/07\/Hyundais-electric-minivan-camo-1.jpg?strip=info&amp;w=480&amp;ssl=1 480w\" alt=\"\u201eHyundai\u201c elektrinis-Minivanas-Camo\" data-height=\"269\" data-id=\"424982\" data-link=\"https:\/\/electrek.co\/?attachment_id=424982\" data-url=\"https:\/\/electrek.co\/wp-content\/uploads\/sites\/3\/2025\/07\/Hyundais-electric-minivan-camo-1.jpg?quality=82&amp;strip=all&amp;w=480\" data-width=\"480\" src=\"https:\/\/i0.wp.com\/electrek.co\/wp-content\/uploads\/sites\/3\/2025\/07\/Hyundais-electric-minivan-camo-1.jpg?ssl=1\" data-amp-layout=\"responsive\" aria-label=\"Open image 1 of 2 in full-screen\"\/><button class=\"lightbox-trigger\" type=\"button\" aria-haspopup=\"dialog\" aria-label=\"Enlarge\" data-wp-init=\"callbacks.initTriggerButton\" data-wp-on-async--click=\"actions.showLightbox\" data-wp-style--right=\"state.imageButtonRight\" data-wp-style--top=\"state.imageButtonTop\"><br \/>\n\t\t\t<svg xmlns=\"http:\/\/www.w3.org\/2000\/svg\" width=\"12\" height=\"12\" fill=\"none\" viewbox=\"0 0 12 12\">\n\t\t\t\t<path fill=\"#fff\" d=\"M2 0a2 2 0 0 0-2 2v2h1.5V2a.5.5 0 0 1 .5-.5h2V0H2Zm2 10.5H2a.5.5 0 0 1-.5-.5V8H0v2a2 2 0 0 0 2 2h2v-1.5ZM8 12v-1.5h2a.5.5 0 0 0 .5-.5V8H12v2a2 2 0 0 1-2 2H8Zm2-12a2 2 0 0 1 2 2v2h-1.5V2a.5.5 0 0 0-.5-.5H8V0h2Z\"\/>\n\t\t\t<\/svg><br \/>\n\t\t<\/button><\/figure>\n<\/div>\n<div class=\"tiled-gallery__col\" style=\"flex-basis:41.99703%\">\n<figure data-wp-context=\"{\" imageid=\"\" data-wp-interactive=\"core\/image\" class=\"tiled-gallery__item wp-lightbox-container\"><img decoding=\"async\" data-wp-class--hide=\"state.isContentHidden\" data-wp-class--show=\"state.isContentVisible\" data-wp-init=\"callbacks.setButtonStyles\" data-wp-on-async--click=\"actions.showLightbox\" data-wp-on-async--load=\"callbacks.setButtonStyles\" data-wp-on-async-window--resize=\"callbacks.setButtonStyles\" srcset=\"https:\/\/i0.wp.com\/electrek.co\/wp-content\/uploads\/sites\/3\/2025\/07\/Hyundais-electric-minivan-camo.jpg?strip=info&amp;w=480&amp;ssl=1 480w\" alt=\"\u201eHyundai\u201c elektrinis-Minivanas-Camo\" data-height=\"372\" data-id=\"424983\" data-link=\"https:\/\/electrek.co\/?attachment_id=424983\" data-url=\"https:\/\/electrek.co\/wp-content\/uploads\/sites\/3\/2025\/07\/Hyundais-electric-minivan-camo.jpg?quality=82&amp;strip=all&amp;w=480\" data-width=\"480\" src=\"https:\/\/i0.wp.com\/electrek.co\/wp-content\/uploads\/sites\/3\/2025\/07\/Hyundais-electric-minivan-camo.jpg?ssl=1\" data-amp-layout=\"responsive\" aria-label=\"Open image 2 of 2 in full-screen\"\/><button class=\"lightbox-trigger\" type=\"button\" aria-haspopup=\"dialog\" aria-label=\"Enlarge\" data-wp-init=\"callbacks.initTriggerButton\" data-wp-on-async--click=\"actions.showLightbox\" data-wp-style--right=\"state.imageButtonRight\" data-wp-style--top=\"state.imageButtonTop\"><br \/>\n\t\t\t<svg xmlns=\"http:\/\/www.w3.org\/2000\/svg\" width=\"12\" height=\"12\" fill=\"none\" viewbox=\"0 0 12 12\">\n\t\t\t\t<path fill=\"#fff\" d=\"M2 0a2 2 0 0 0-2 2v2h1.5V2a.5.5 0 0 1 .5-.5h2V0H2Zm2 10.5H2a.5.5 0 0 1-.5-.5V8H0v2a2 2 0 0 0 2 2h2v-1.5ZM8 12v-1.5h2a.5.5 0 0 0 .5-.5V8H12v2a2 2 0 0 1-2 2H8Zm2-12a2 2 0 0 1 2 2v2h-1.5V2a.5.5 0 0 0-.5-.5H8V0h2Z\"\/>\n\t\t\t<\/svg><br \/>\n\t\t<\/button><\/figure>\n<\/div>\n<\/div>\n<\/div>\n<\/div>\n<\/div>\n<p>Nauji vaizdai, paskelbti Piet\u0173 Kor\u0117jos forume <em>klientai<\/em> Atskleiskite bandom\u0105j\u012f automobil\u012f, kuris, tikimasi, bus \u201eHyundai\u201c \u201eStara Electric\u201c mikroautobusas, be \u201eCamo\u201c.<\/p>\n<p>Kaip ir dauguma \u201eHyundai\u201c bandom\u0173j\u0173 automobili\u0173, prototipas turi juod\u0105 priek\u012f ir pilk\u0105 k\u016bn\u0105. Tai vis dar pasi\u017eymi pana\u0161iu i\u0161vaizda kaip ir kiti prototipai, kuriuos mat\u0117me, ta\u010diau galite ai\u0161kiai pamatyti nauj\u0105 veido pak\u0117lim\u0105.<\/p>\n<div class=\"wp-block-jetpack-tiled-gallery aligncenter is-style-columns\">\n<div class=\"\">\n<div class=\"tiled-gallery__gallery\">\n<div class=\"tiled-gallery__row\">\n<div class=\"tiled-gallery__col\" style=\"flex-basis:50.00000%\">\n<figure data-wp-context=\"{\" imageid=\"\" data-wp-interactive=\"core\/image\" class=\"tiled-gallery__item wp-lightbox-container\"><img decoding=\"async\" data-wp-class--hide=\"state.isContentHidden\" data-wp-class--show=\"state.isContentVisible\" data-wp-init=\"callbacks.setButtonStyles\" data-wp-on-async--click=\"actions.showLightbox\" data-wp-on-async--load=\"callbacks.setButtonStyles\" data-wp-on-async-window--resize=\"callbacks.setButtonStyles\" srcset=\"https:\/\/i0.wp.com\/electrek.co\/wp-content\/uploads\/sites\/3\/2025\/01\/Hyundais-electric-minivan.jpg?strip=info&amp;w=600&amp;ssl=1 600w,https:\/\/i0.wp.com\/electrek.co\/wp-content\/uploads\/sites\/3\/2025\/01\/Hyundais-electric-minivan.jpg?strip=info&amp;w=900&amp;ssl=1 900w,https:\/\/i0.wp.com\/electrek.co\/wp-content\/uploads\/sites\/3\/2025\/01\/Hyundais-electric-minivan.jpg?strip=info&amp;w=960&amp;ssl=1 960w\" alt=\"\u201eHyundai\u201c elektrinis-Minivanas\" data-height=\"640\" data-id=\"396916\" data-link=\"https:\/\/electrek.co\/2025\/01\/08\/hyundais-new-electric-minivan-caught-undisguised-first-time\/hyundais-electric-minivan\/\" data-url=\"https:\/\/electrek.co\/wp-content\/uploads\/sites\/3\/2025\/01\/Hyundais-electric-minivan.jpg?quality=82&amp;strip=all&amp;w=960\" data-width=\"960\" src=\"https:\/\/i0.wp.com\/electrek.co\/wp-content\/uploads\/sites\/3\/2025\/01\/Hyundais-electric-minivan.jpg?ssl=1\" data-amp-layout=\"responsive\" aria-label=\"Open image 1 of 2 in full-screen\"\/><button class=\"lightbox-trigger\" type=\"button\" aria-haspopup=\"dialog\" aria-label=\"Enlarge\" data-wp-init=\"callbacks.initTriggerButton\" data-wp-on-async--click=\"actions.showLightbox\" data-wp-style--right=\"state.imageButtonRight\" data-wp-style--top=\"state.imageButtonTop\"><br \/>\n\t\t\t<svg xmlns=\"http:\/\/www.w3.org\/2000\/svg\" width=\"12\" height=\"12\" fill=\"none\" viewbox=\"0 0 12 12\">\n\t\t\t\t<path fill=\"#fff\" d=\"M2 0a2 2 0 0 0-2 2v2h1.5V2a.5.5 0 0 1 .5-.5h2V0H2Zm2 10.5H2a.5.5 0 0 1-.5-.5V8H0v2a2 2 0 0 0 2 2h2v-1.5ZM8 12v-1.5h2a.5.5 0 0 0 .5-.5V8H12v2a2 2 0 0 1-2 2H8Zm2-12a2 2 0 0 1 2 2v2h-1.5V2a.5.5 0 0 0-.5-.5H8V0h2Z\"\/>\n\t\t\t<\/svg><br \/>\n\t\t<\/button><\/figure>\n<\/div>\n<div class=\"tiled-gallery__col\" style=\"flex-basis:50.00000%\">\n<figure data-wp-context=\"{\" imageid=\"\" data-wp-interactive=\"core\/image\" class=\"tiled-gallery__item wp-lightbox-container\"><img decoding=\"async\" data-wp-class--hide=\"state.isContentHidden\" data-wp-class--show=\"state.isContentVisible\" data-wp-init=\"callbacks.setButtonStyles\" data-wp-on-async--click=\"actions.showLightbox\" data-wp-on-async--load=\"callbacks.setButtonStyles\" data-wp-on-async-window--resize=\"callbacks.setButtonStyles\" srcset=\"https:\/\/i0.wp.com\/electrek.co\/wp-content\/uploads\/sites\/3\/2025\/01\/Hyundais-electric-minivan-1.jpg?strip=info&amp;w=600&amp;ssl=1 600w,https:\/\/i0.wp.com\/electrek.co\/wp-content\/uploads\/sites\/3\/2025\/01\/Hyundais-electric-minivan-1.jpg?strip=info&amp;w=900&amp;ssl=1 900w,https:\/\/i0.wp.com\/electrek.co\/wp-content\/uploads\/sites\/3\/2025\/01\/Hyundais-electric-minivan-1.jpg?strip=info&amp;w=960&amp;ssl=1 960w\" alt=\"\u201eHyundai\u201c elektrinis-Minivanas\" data-height=\"640\" data-id=\"396917\" data-link=\"https:\/\/electrek.co\/2025\/01\/08\/hyundais-new-electric-minivan-caught-undisguised-first-time\/hyundais-electric-minivan-1\/\" data-url=\"https:\/\/electrek.co\/wp-content\/uploads\/sites\/3\/2025\/01\/Hyundais-electric-minivan-1.jpg?quality=82&amp;strip=all&amp;w=960\" data-width=\"960\" src=\"https:\/\/i0.wp.com\/electrek.co\/wp-content\/uploads\/sites\/3\/2025\/01\/Hyundais-electric-minivan-1.jpg?ssl=1\" data-amp-layout=\"responsive\" aria-label=\"Open image 2 of 2 in full-screen\"\/><button class=\"lightbox-trigger\" type=\"button\" aria-haspopup=\"dialog\" aria-label=\"Enlarge\" data-wp-init=\"callbacks.initTriggerButton\" data-wp-on-async--click=\"actions.showLightbox\" data-wp-style--right=\"state.imageButtonRight\" data-wp-style--top=\"state.imageButtonTop\"><br \/>\n\t\t\t<svg xmlns=\"http:\/\/www.w3.org\/2000\/svg\" width=\"12\" height=\"12\" fill=\"none\" viewbox=\"0 0 12 12\">\n\t\t\t\t<path fill=\"#fff\" d=\"M2 0a2 2 0 0 0-2 2v2h1.5V2a.5.5 0 0 1 .5-.5h2V0H2Zm2 10.5H2a.5.5 0 0 1-.5-.5V8H0v2a2 2 0 0 0 2 2h2v-1.5ZM8 12v-1.5h2a.5.5 0 0 0 .5-.5V8H12v2a2 2 0 0 1-2 2H8Zm2-12a2 2 0 0 1 2 2v2h-1.5V2a.5.5 0 0 0-.5-.5H8V0h2Z\"\/>\n\t\t\t<\/svg><br \/>\n\t\t<\/button><\/figure>\n<\/div>\n<\/div>\n<\/div>\n<\/div>\n<\/div>\n<p>Anks\u010diau \u0161iais metais \u201eStara EV\u201c buvo pasteb\u0117ta Kor\u0117jos automobili\u0173 stov\u0117jimo aik\u0161tel\u0117je, kurioje buvo pana\u0161us vaizdas. Elektros versija yra beveik identi\u0161ka \u201eStara\u201c holui, ta\u010diau su prid\u0117tu \u012fkrovimo prievadu ir u\u017edaromis grotel\u0117mis.<\/p>\n<p>Tikimasi, kad \u201eHyundai Starria EV\u201c debiutuos visuotinai v\u0117liau \u0161iais metais. Technin\u0117s detal\u0117s dar neatskleis, ta\u010diau tikimasi, kad joje bus 76 kWh arba 84 kWh baterija, suteikianti ma\u017edaug 350 km (217 myli\u0173) iki 400 km (249 myli\u0173).<\/p>\n<figure class=\"wp-block-image aligncenter size-large\"><img loading=\"lazy\" decoding=\"async\" height=\"512\" width=\"1024\" src=\"https:\/\/electrek.co\/wp-content\/uploads\/sites\/3\/2024\/12\/Hyundai-first-EV-minivan.jpeg?quality=82&amp;strip=all&amp;w=1024\" alt=\"\u201eHyundai\u201c pirmiausia-elektrinis-minivanas\" class=\"wp-image-395459\" srcset=\"https:\/\/electrek.co\/wp-content\/uploads\/sites\/3\/2024\/12\/Hyundai-first-EV-minivan.jpeg 1400w, https:\/\/electrek.co\/wp-content\/uploads\/sites\/3\/2024\/12\/Hyundai-first-EV-minivan.jpeg?resize=150,75 150w, https:\/\/electrek.co\/wp-content\/uploads\/sites\/3\/2024\/12\/Hyundai-first-EV-minivan.jpeg?resize=300,150 300w, https:\/\/electrek.co\/wp-content\/uploads\/sites\/3\/2024\/12\/Hyundai-first-EV-minivan.jpeg?resize=768,384 768w, https:\/\/electrek.co\/wp-content\/uploads\/sites\/3\/2024\/12\/Hyundai-first-EV-minivan.jpeg?resize=1024,512 1024w, https:\/\/electrek.co\/wp-content\/uploads\/sites\/3\/2024\/12\/Hyundai-first-EV-minivan.jpeg?resize=350,175 350w, https:\/\/electrek.co\/wp-content\/uploads\/sites\/3\/2024\/12\/Hyundai-first-EV-minivan.jpeg?resize=140,70 140w, https:\/\/electrek.co\/wp-content\/uploads\/sites\/3\/2024\/12\/Hyundai-first-EV-minivan.jpeg?resize=290,145 290w\" sizes=\"auto, (max-width: 1024px) 100vw, 1024px\"\/><figcaption class=\"wp-element-caption\">\u201eHyundai Starria Lounge\u201c (\u0161altinis: \u201eHyundai\u201c)<\/figcaption><\/figure>\n<p>\u201eHyundai\u201c elektrinis visureigis atvyksta po to, kai \u201eKia\u201c pristat\u0117 savo pirm\u0105j\u012f elektrin\u012f furgon\u0105 \u201ePV5\u201c, kuris \u0161iais metais pasirod\u0117 Europoje ir Kor\u0117joje.<\/p>\n<p>Europoje \u201eKia\u201c keleivio PV5 model\u012f galima \u012fsigyti su dviem akumuliatori\u0173 pakuot\u0117mis: 51,5 kWh ir 71,2 kWh, atitinkamai suteikiant atitinkamai 179 myli\u0173 ir 249 myli\u0173 WLTP. Krovinio versijos WLTP diapazonas yra 181 mylios arba 247 myli\u0173.<\/p>\n<p><em>\u0160altinis: TheKoreanCarblog, Clien<\/em><\/p>\n<div class=\"ad-disclaimer-container\">\n<p class=\"disclaimer-affiliate\"><em>FPK: Mes naudojame pajamas gaunan\u010dias automatinio filialo nuorodas.<\/em> Daugiau.<\/p>\n<p><!-- post ad --><\/div>\n<\/p><\/div>\n<p><br \/>\n<br \/><a href=\"https:\/\/electrek.co\/2025\/07\/15\/hyundais-new-staria-ev-electric-minivan-sheds-camo\/\">Source link <\/a><\/p>\n","protected":false},"excerpt":{"rendered":"<p>\u201eHyundai\u201c elektrinis mikroautobusas pagaliau pasirodo lauke. \u201eStara EV\u201c buvo sugautas be \u201eCamo\u201c netoli \u201eHyundai\u201c tyrim\u0173 ir pl\u0117tros centro Kor\u0117joje, atid\u017eiau&hellip;<\/p>\n","protected":false},"author":1,"featured_media":1502,"comment_status":"open","ping_status":"open","sticky":false,"template":"","format":"standard","meta":{"om_disable_all_campaigns":false,"_monsterinsights_skip_tracking":false,"_monsterinsights_sitenote_active":false,"_monsterinsights_sitenote_note":"","_monsterinsights_sitenote_category":0,"footnotes":""},"categories":[8],"tags":[2944,67,605,2943,2942,112,183,2941],"class_list":["post-1501","post","type-post","status-publish","format-standard","has-post-thumbnail","hentry","category-elektriniai-automobiliai","tag-camo","tag-electric","tag-hyundai","tag-ismeta","tag-minive","tag-naujasis","tag-savo","tag-starria"],"aioseo_notices":[],"yoast_head":"<!-- This site is optimized with the Yoast SEO plugin v26.8 - https:\/\/yoast.com\/product\/yoast-seo-wordpress\/ -->\n<title>Naujasis \u201eHyundai\u201c \u201eStarria EV Electric Minive\u201c i\u0161meta savo \u201eCamo\u201c - Eautomobiliai.lt<\/title>\n<meta name=\"robots\" content=\"index, follow, max-snippet:-1, max-image-preview:large, max-video-preview:-1\" \/>\n<link rel=\"canonical\" href=\"http:\/\/eautomobiliai.lt\/index.php\/2025\/07\/15\/naujasis-hyundai-starria-ev-electric-minive-ismeta-savo-camo\/\" \/>\n<meta property=\"og:locale\" content=\"lt_LT\" \/>\n<meta property=\"og:type\" content=\"article\" \/>\n<meta property=\"og:title\" content=\"Naujasis \u201eHyundai\u201c \u201eStarria EV Electric Minive\u201c i\u0161meta savo \u201eCamo\u201c - Eautomobiliai.lt\" \/>\n<meta property=\"og:description\" content=\"\u201eHyundai\u201c elektrinis mikroautobusas pagaliau pasirodo lauke. \u201eStara EV\u201c buvo sugautas be \u201eCamo\u201c netoli \u201eHyundai\u201c tyrim\u0173 ir pl\u0117tros centro Kor\u0117joje, atid\u017eiau&hellip;\" \/>\n<meta property=\"og:url\" content=\"http:\/\/eautomobiliai.lt\/index.php\/2025\/07\/15\/naujasis-hyundai-starria-ev-electric-minive-ismeta-savo-camo\/\" \/>\n<meta property=\"og:site_name\" content=\"Eautomobiliai.lt\" \/>\n<meta property=\"article:published_time\" content=\"2025-07-15T21:57:58+00:00\" \/>\n<meta property=\"og:image\" content=\"http:\/\/eautomobiliai.lt\/wp-content\/uploads\/2025\/07\/Naujasis-\u201eHyundai-\u201eStarria-EV-Electric-Minive-ismeta-savo-\u201eCamo.jpeg\" \/>\n\t<meta property=\"og:image:width\" content=\"1200\" \/>\n\t<meta property=\"og:image:height\" content=\"628\" \/>\n\t<meta property=\"og:image:type\" content=\"image\/jpeg\" \/>\n<meta name=\"author\" content=\"admin\" \/>\n<meta name=\"twitter:card\" content=\"summary_large_image\" \/>\n<meta name=\"twitter:label1\" content=\"Written by\" \/>\n\t<meta name=\"twitter:data1\" content=\"admin\" \/>\n\t<meta name=\"twitter:label2\" content=\"Est. reading time\" \/>\n\t<meta name=\"twitter:data2\" content=\"2 minut\u0117s\" \/>\n<script type=\"application\/ld+json\" class=\"yoast-schema-graph\">{\"@context\":\"https:\/\/schema.org\",\"@graph\":[{\"@type\":\"Article\",\"@id\":\"http:\/\/eautomobiliai.lt\/index.php\/2025\/07\/15\/naujasis-hyundai-starria-ev-electric-minive-ismeta-savo-camo\/#article\",\"isPartOf\":{\"@id\":\"http:\/\/eautomobiliai.lt\/index.php\/2025\/07\/15\/naujasis-hyundai-starria-ev-electric-minive-ismeta-savo-camo\/\"},\"author\":{\"name\":\"admin\",\"@id\":\"http:\/\/eautomobiliai.lt\/#\/schema\/person\/ecf2a967f361217d056061f74deb92f2\"},\"headline\":\"Naujasis \u201eHyundai\u201c \u201eStarria EV Electric Minive\u201c i\u0161meta savo \u201eCamo\u201c\",\"datePublished\":\"2025-07-15T21:57:58+00:00\",\"mainEntityOfPage\":{\"@id\":\"http:\/\/eautomobiliai.lt\/index.php\/2025\/07\/15\/naujasis-hyundai-starria-ev-electric-minive-ismeta-savo-camo\/\"},\"wordCount\":393,\"commentCount\":0,\"image\":{\"@id\":\"http:\/\/eautomobiliai.lt\/index.php\/2025\/07\/15\/naujasis-hyundai-starria-ev-electric-minive-ismeta-savo-camo\/#primaryimage\"},\"thumbnailUrl\":\"http:\/\/eautomobiliai.lt\/wp-content\/uploads\/2025\/07\/Naujasis-\u201eHyundai-\u201eStarria-EV-Electric-Minive-ismeta-savo-\u201eCamo.jpeg\",\"keywords\":[\"Camo\",\"Electric\",\"Hyundai\",\"i\u0161meta\",\"Minive\",\"Naujasis\",\"savo\",\"Starria\"],\"articleSection\":[\"ELEKTRINIAI AUTOMOBILIAI\"],\"inLanguage\":\"lt-LT\",\"potentialAction\":[{\"@type\":\"CommentAction\",\"name\":\"Comment\",\"target\":[\"http:\/\/eautomobiliai.lt\/index.php\/2025\/07\/15\/naujasis-hyundai-starria-ev-electric-minive-ismeta-savo-camo\/#respond\"]}]},{\"@type\":\"WebPage\",\"@id\":\"http:\/\/eautomobiliai.lt\/index.php\/2025\/07\/15\/naujasis-hyundai-starria-ev-electric-minive-ismeta-savo-camo\/\",\"url\":\"http:\/\/eautomobiliai.lt\/index.php\/2025\/07\/15\/naujasis-hyundai-starria-ev-electric-minive-ismeta-savo-camo\/\",\"name\":\"Naujasis \u201eHyundai\u201c \u201eStarria EV Electric Minive\u201c i\u0161meta savo \u201eCamo\u201c - Eautomobiliai.lt\",\"isPartOf\":{\"@id\":\"http:\/\/eautomobiliai.lt\/#website\"},\"primaryImageOfPage\":{\"@id\":\"http:\/\/eautomobiliai.lt\/index.php\/2025\/07\/15\/naujasis-hyundai-starria-ev-electric-minive-ismeta-savo-camo\/#primaryimage\"},\"image\":{\"@id\":\"http:\/\/eautomobiliai.lt\/index.php\/2025\/07\/15\/naujasis-hyundai-starria-ev-electric-minive-ismeta-savo-camo\/#primaryimage\"},\"thumbnailUrl\":\"http:\/\/eautomobiliai.lt\/wp-content\/uploads\/2025\/07\/Naujasis-\u201eHyundai-\u201eStarria-EV-Electric-Minive-ismeta-savo-\u201eCamo.jpeg\",\"datePublished\":\"2025-07-15T21:57:58+00:00\",\"author\":{\"@id\":\"http:\/\/eautomobiliai.lt\/#\/schema\/person\/ecf2a967f361217d056061f74deb92f2\"},\"breadcrumb\":{\"@id\":\"http:\/\/eautomobiliai.lt\/index.php\/2025\/07\/15\/naujasis-hyundai-starria-ev-electric-minive-ismeta-savo-camo\/#breadcrumb\"},\"inLanguage\":\"lt-LT\",\"potentialAction\":[{\"@type\":\"ReadAction\",\"target\":[\"http:\/\/eautomobiliai.lt\/index.php\/2025\/07\/15\/naujasis-hyundai-starria-ev-electric-minive-ismeta-savo-camo\/\"]}]},{\"@type\":\"ImageObject\",\"inLanguage\":\"lt-LT\",\"@id\":\"http:\/\/eautomobiliai.lt\/index.php\/2025\/07\/15\/naujasis-hyundai-starria-ev-electric-minive-ismeta-savo-camo\/#primaryimage\",\"url\":\"http:\/\/eautomobiliai.lt\/wp-content\/uploads\/2025\/07\/Naujasis-\u201eHyundai-\u201eStarria-EV-Electric-Minive-ismeta-savo-\u201eCamo.jpeg\",\"contentUrl\":\"http:\/\/eautomobiliai.lt\/wp-content\/uploads\/2025\/07\/Naujasis-\u201eHyundai-\u201eStarria-EV-Electric-Minive-ismeta-savo-\u201eCamo.jpeg\",\"width\":1200,\"height\":628},{\"@type\":\"BreadcrumbList\",\"@id\":\"http:\/\/eautomobiliai.lt\/index.php\/2025\/07\/15\/naujasis-hyundai-starria-ev-electric-minive-ismeta-savo-camo\/#breadcrumb\",\"itemListElement\":[{\"@type\":\"ListItem\",\"position\":1,\"name\":\"Home\",\"item\":\"http:\/\/eautomobiliai.lt\/\"},{\"@type\":\"ListItem\",\"position\":2,\"name\":\"Naujasis \u201eHyundai\u201c \u201eStarria EV Electric Minive\u201c i\u0161meta savo \u201eCamo\u201c\"}]},{\"@type\":\"WebSite\",\"@id\":\"http:\/\/eautomobiliai.lt\/#website\",\"url\":\"http:\/\/eautomobiliai.lt\/\",\"name\":\"Eautomobiliai.lt\",\"description\":\"Elektrinis transportas, technologijos\",\"potentialAction\":[{\"@type\":\"SearchAction\",\"target\":{\"@type\":\"EntryPoint\",\"urlTemplate\":\"http:\/\/eautomobiliai.lt\/?s={search_term_string}\"},\"query-input\":{\"@type\":\"PropertyValueSpecification\",\"valueRequired\":true,\"valueName\":\"search_term_string\"}}],\"inLanguage\":\"lt-LT\"},{\"@type\":\"Person\",\"@id\":\"http:\/\/eautomobiliai.lt\/#\/schema\/person\/ecf2a967f361217d056061f74deb92f2\",\"name\":\"admin\",\"image\":{\"@type\":\"ImageObject\",\"inLanguage\":\"lt-LT\",\"@id\":\"http:\/\/eautomobiliai.lt\/#\/schema\/person\/image\/\",\"url\":\"https:\/\/secure.gravatar.com\/avatar\/6323379efae0c70c686c7905444d6bbd?s=96&d=mm&r=g\",\"contentUrl\":\"https:\/\/secure.gravatar.com\/avatar\/6323379efae0c70c686c7905444d6bbd?s=96&d=mm&r=g\",\"caption\":\"admin\"},\"sameAs\":[\"http:\/\/eautomobiliai.lt\"],\"url\":\"http:\/\/eautomobiliai.lt\/index.php\/author\/admin\/\"}]}<\/script>\n<!-- \/ Yoast SEO plugin. -->","yoast_head_json":{"title":"Naujasis \u201eHyundai\u201c \u201eStarria EV Electric Minive\u201c i\u0161meta savo \u201eCamo\u201c - Eautomobiliai.lt","robots":{"index":"index","follow":"follow","max-snippet":"max-snippet:-1","max-image-preview":"max-image-preview:large","max-video-preview":"max-video-preview:-1"},"canonical":"http:\/\/eautomobiliai.lt\/index.php\/2025\/07\/15\/naujasis-hyundai-starria-ev-electric-minive-ismeta-savo-camo\/","og_locale":"lt_LT","og_type":"article","og_title":"Naujasis \u201eHyundai\u201c \u201eStarria EV Electric Minive\u201c i\u0161meta savo \u201eCamo\u201c - Eautomobiliai.lt","og_description":"\u201eHyundai\u201c elektrinis mikroautobusas pagaliau pasirodo lauke. \u201eStara EV\u201c buvo sugautas be \u201eCamo\u201c netoli \u201eHyundai\u201c tyrim\u0173 ir pl\u0117tros centro Kor\u0117joje, atid\u017eiau&hellip;","og_url":"http:\/\/eautomobiliai.lt\/index.php\/2025\/07\/15\/naujasis-hyundai-starria-ev-electric-minive-ismeta-savo-camo\/","og_site_name":"Eautomobiliai.lt","article_published_time":"2025-07-15T21:57:58+00:00","og_image":[{"width":1200,"height":628,"url":"http:\/\/eautomobiliai.lt\/wp-content\/uploads\/2025\/07\/Naujasis-\u201eHyundai-\u201eStarria-EV-Electric-Minive-ismeta-savo-\u201eCamo.jpeg","type":"image\/jpeg"}],"author":"admin","twitter_card":"summary_large_image","twitter_misc":{"Written by":"admin","Est. reading time":"2 minut\u0117s"},"schema":{"@context":"https:\/\/schema.org","@graph":[{"@type":"Article","@id":"http:\/\/eautomobiliai.lt\/index.php\/2025\/07\/15\/naujasis-hyundai-starria-ev-electric-minive-ismeta-savo-camo\/#article","isPartOf":{"@id":"http:\/\/eautomobiliai.lt\/index.php\/2025\/07\/15\/naujasis-hyundai-starria-ev-electric-minive-ismeta-savo-camo\/"},"author":{"name":"admin","@id":"http:\/\/eautomobiliai.lt\/#\/schema\/person\/ecf2a967f361217d056061f74deb92f2"},"headline":"Naujasis \u201eHyundai\u201c \u201eStarria EV Electric Minive\u201c i\u0161meta savo \u201eCamo\u201c","datePublished":"2025-07-15T21:57:58+00:00","mainEntityOfPage":{"@id":"http:\/\/eautomobiliai.lt\/index.php\/2025\/07\/15\/naujasis-hyundai-starria-ev-electric-minive-ismeta-savo-camo\/"},"wordCount":393,"commentCount":0,"image":{"@id":"http:\/\/eautomobiliai.lt\/index.php\/2025\/07\/15\/naujasis-hyundai-starria-ev-electric-minive-ismeta-savo-camo\/#primaryimage"},"thumbnailUrl":"http:\/\/eautomobiliai.lt\/wp-content\/uploads\/2025\/07\/Naujasis-\u201eHyundai-\u201eStarria-EV-Electric-Minive-ismeta-savo-\u201eCamo.jpeg","keywords":["Camo","Electric","Hyundai","i\u0161meta","Minive","Naujasis","savo","Starria"],"articleSection":["ELEKTRINIAI AUTOMOBILIAI"],"inLanguage":"lt-LT","potentialAction":[{"@type":"CommentAction","name":"Comment","target":["http:\/\/eautomobiliai.lt\/index.php\/2025\/07\/15\/naujasis-hyundai-starria-ev-electric-minive-ismeta-savo-camo\/#respond"]}]},{"@type":"WebPage","@id":"http:\/\/eautomobiliai.lt\/index.php\/2025\/07\/15\/naujasis-hyundai-starria-ev-electric-minive-ismeta-savo-camo\/","url":"http:\/\/eautomobiliai.lt\/index.php\/2025\/07\/15\/naujasis-hyundai-starria-ev-electric-minive-ismeta-savo-camo\/","name":"Naujasis \u201eHyundai\u201c \u201eStarria EV Electric Minive\u201c i\u0161meta savo \u201eCamo\u201c - Eautomobiliai.lt","isPartOf":{"@id":"http:\/\/eautomobiliai.lt\/#website"},"primaryImageOfPage":{"@id":"http:\/\/eautomobiliai.lt\/index.php\/2025\/07\/15\/naujasis-hyundai-starria-ev-electric-minive-ismeta-savo-camo\/#primaryimage"},"image":{"@id":"http:\/\/eautomobiliai.lt\/index.php\/2025\/07\/15\/naujasis-hyundai-starria-ev-electric-minive-ismeta-savo-camo\/#primaryimage"},"thumbnailUrl":"http:\/\/eautomobiliai.lt\/wp-content\/uploads\/2025\/07\/Naujasis-\u201eHyundai-\u201eStarria-EV-Electric-Minive-ismeta-savo-\u201eCamo.jpeg","datePublished":"2025-07-15T21:57:58+00:00","author":{"@id":"http:\/\/eautomobiliai.lt\/#\/schema\/person\/ecf2a967f361217d056061f74deb92f2"},"breadcrumb":{"@id":"http:\/\/eautomobiliai.lt\/index.php\/2025\/07\/15\/naujasis-hyundai-starria-ev-electric-minive-ismeta-savo-camo\/#breadcrumb"},"inLanguage":"lt-LT","potentialAction":[{"@type":"ReadAction","target":["http:\/\/eautomobiliai.lt\/index.php\/2025\/07\/15\/naujasis-hyundai-starria-ev-electric-minive-ismeta-savo-camo\/"]}]},{"@type":"ImageObject","inLanguage":"lt-LT","@id":"http:\/\/eautomobiliai.lt\/index.php\/2025\/07\/15\/naujasis-hyundai-starria-ev-electric-minive-ismeta-savo-camo\/#primaryimage","url":"http:\/\/eautomobiliai.lt\/wp-content\/uploads\/2025\/07\/Naujasis-\u201eHyundai-\u201eStarria-EV-Electric-Minive-ismeta-savo-\u201eCamo.jpeg","contentUrl":"http:\/\/eautomobiliai.lt\/wp-content\/uploads\/2025\/07\/Naujasis-\u201eHyundai-\u201eStarria-EV-Electric-Minive-ismeta-savo-\u201eCamo.jpeg","width":1200,"height":628},{"@type":"BreadcrumbList","@id":"http:\/\/eautomobiliai.lt\/index.php\/2025\/07\/15\/naujasis-hyundai-starria-ev-electric-minive-ismeta-savo-camo\/#breadcrumb","itemListElement":[{"@type":"ListItem","position":1,"name":"Home","item":"http:\/\/eautomobiliai.lt\/"},{"@type":"ListItem","position":2,"name":"Naujasis \u201eHyundai\u201c \u201eStarria EV Electric Minive\u201c i\u0161meta savo \u201eCamo\u201c"}]},{"@type":"WebSite","@id":"http:\/\/eautomobiliai.lt\/#website","url":"http:\/\/eautomobiliai.lt\/","name":"Eautomobiliai.lt","description":"Elektrinis transportas, technologijos","potentialAction":[{"@type":"SearchAction","target":{"@type":"EntryPoint","urlTemplate":"http:\/\/eautomobiliai.lt\/?s={search_term_string}"},"query-input":{"@type":"PropertyValueSpecification","valueRequired":true,"valueName":"search_term_string"}}],"inLanguage":"lt-LT"},{"@type":"Person","@id":"http:\/\/eautomobiliai.lt\/#\/schema\/person\/ecf2a967f361217d056061f74deb92f2","name":"admin","image":{"@type":"ImageObject","inLanguage":"lt-LT","@id":"http:\/\/eautomobiliai.lt\/#\/schema\/person\/image\/","url":"https:\/\/secure.gravatar.com\/avatar\/6323379efae0c70c686c7905444d6bbd?s=96&d=mm&r=g","contentUrl":"https:\/\/secure.gravatar.com\/avatar\/6323379efae0c70c686c7905444d6bbd?s=96&d=mm&r=g","caption":"admin"},"sameAs":["http:\/\/eautomobiliai.lt"],"url":"http:\/\/eautomobiliai.lt\/index.php\/author\/admin\/"}]}},"_links":{"self":[{"href":"http:\/\/eautomobiliai.lt\/index.php\/wp-json\/wp\/v2\/posts\/1501","targetHints":{"allow":["GET"]}}],"collection":[{"href":"http:\/\/eautomobiliai.lt\/index.php\/wp-json\/wp\/v2\/posts"}],"about":[{"href":"http:\/\/eautomobiliai.lt\/index.php\/wp-json\/wp\/v2\/types\/post"}],"author":[{"embeddable":true,"href":"http:\/\/eautomobiliai.lt\/index.php\/wp-json\/wp\/v2\/users\/1"}],"replies":[{"embeddable":true,"href":"http:\/\/eautomobiliai.lt\/index.php\/wp-json\/wp\/v2\/comments?post=1501"}],"version-history":[{"count":0,"href":"http:\/\/eautomobiliai.lt\/index.php\/wp-json\/wp\/v2\/posts\/1501\/revisions"}],"wp:featuredmedia":[{"embeddable":true,"href":"http:\/\/eautomobiliai.lt\/index.php\/wp-json\/wp\/v2\/media\/1502"}],"wp:attachment":[{"href":"http:\/\/eautomobiliai.lt\/index.php\/wp-json\/wp\/v2\/media?parent=1501"}],"wp:term":[{"taxonomy":"category","embeddable":true,"href":"http:\/\/eautomobiliai.lt\/index.php\/wp-json\/wp\/v2\/categories?post=1501"},{"taxonomy":"post_tag","embeddable":true,"href":"http:\/\/eautomobiliai.lt\/index.php\/wp-json\/wp\/v2\/tags?post=1501"}],"curies":[{"name":"wp","href":"https:\/\/api.w.org\/{rel}","templated":true}]}}