{"id":1503,"date":"2025-07-16T02:09:45","date_gmt":"2025-07-16T02:09:45","guid":{"rendered":"http:\/\/eautomobiliai.lt\/index.php\/2025\/07\/16\/naujas-tesla-modelis-y-su-6-vietomis-kaip-pranesama\/"},"modified":"2025-07-16T02:09:45","modified_gmt":"2025-07-16T02:09:45","slug":"naujas-tesla-modelis-y-su-6-vietomis-kaip-pranesama","status":"publish","type":"post","link":"http:\/\/eautomobiliai.lt\/index.php\/2025\/07\/16\/naujas-tesla-modelis-y-su-6-vietomis-kaip-pranesama\/","title":{"rendered":"Naujas \u201eTesla\u201c modelis Y su 6 vietomis, kaip prane\u0161ama"},"content":{"rendered":"<p> <br \/>\n<\/p>\n<div id=\"\">\n<p><span style=\"font-weight: 400;\">Anks\u010diau \u0161iais metais Kinijos prane\u0161imuose teigiama, kad \u201eTesla\u201c \u0160anchajaus gamykla ateinan\u010diais m\u0117nesiais ketina prad\u0117ti gaminti nauj\u0105 7 viet\u0173 \u201eTesla\u201c modelio Y versij\u0105. <\/span><\/p>\n<p><span style=\"font-weight: 400;\">Tada pra\u0117jus\u012f m\u0117nes\u012f \u201eTesla\u201c programa atnaujina Guru pasteb\u0117t\u0105 6 viet\u0173 Y modelio variant\u0105 naujausioje programin\u0117s \u012frangos versijoje. <\/span><\/p>\n<p><span style=\"font-weight: 400;\">Dabar naujausi prane\u0161imai i\u0161 Kinijos, kuria dalijasi \u201eTslachan\u201c X, rodo, kad \u0161is specialus modelis jau buvo prad\u0117tas pradinei produkcijai, o pirmasis 6 viet\u0173 modelis Y atsitrauk\u0117 nuo gamybos linijos \u201eTesla\u201c Shanghai Gigafactory.<\/span><\/p>\n<div class=\"embed-twitter\">\n<blockquote class=\"twitter-tweet\" data-width=\"550\" data-dnt=\"true\">\n<p lang=\"en\" dir=\"ltr\"><a href=\"https:\/\/twitter.com\/search?q=%24TSLA&amp;src=ctag&amp;ref_src=twsrc%5Etfw\">$ TSLA<\/a><br \/>Gandai apie \u201eTesla\u201c nauj\u0105 model\u012f Y 6-Seater<\/p>\n<p>Buvo sukurta 6 viet\u0173 versija.<\/p>\n<p>Kai kurie \u201eC-Pillar\u201c konfig\u016bracija buvo pakeista, tod\u0117l 3-iojoje eilut\u0117je yra daugiau vietos.<\/p>\n<p>Rat\u0173 baz\u0117 buvo prat\u0119sta ir yra apie 15\u201320 cm. <a href=\"https:\/\/t.co\/eY1P7os79u\">pic.twitter.com\/ey1p7os79U<\/a><\/p>\n<p>&#8211; TSLA Chan (@tslachan) <a href=\"https:\/\/twitter.com\/Tslachan\/status\/1944920542743585132?ref_src=twsrc%5Etfw\">2025 m. Liepos 15 d<\/a><\/p>\n<\/blockquote>\n<\/div>\n<p><span style=\"font-weight: 400;\">Remiantis naujausiais prane\u0161imais, \u0161is modelis bus 150\u2013200 mm ilgesnis rat\u0173 baz\u0117je nei dabartinis 2,890 mm.<\/span><\/p>\n<p><span style=\"font-weight: 400;\">Be to, galinio dizaino dizainas buvo patobulintas, kad b\u016bt\u0173 lengviau suteikti daugiau svarb\u0173 tre\u010diajam eil\u0117s keleiviams. <\/span><\/p>\n<p><span style=\"font-weight: 400;\">Atsi\u017evelgiant \u012f tai, kad \u0161ie prane\u0161imai labiau parodo nauj\u0105 6 viet\u0173 konfig\u016bracij\u0105, tik\u0117tina, kad artimiausiomis savait\u0117mis prie\u0161 tai, kai ateinan\u010diais m\u0117nesiais, pamatysime kelet\u0105 to nuotrauk\u0173.<\/span><\/p>\n<figure id=\"attachment_187622\" aria-describedby=\"caption-attachment-187622\" style=\"width: 572px\" class=\"wp-caption aligncenter\"><img loading=\"lazy\" decoding=\"async\" class=\"size-full wp-image-187622\" src=\"https:\/\/thedriven.io\/wp-content\/uploads\/2025\/05\/Tesla-Shanghai-Model-Y-Ramp.jpg\" alt=\"\" width=\"572\" height=\"311\" srcset=\"https:\/\/thedriven.io\/wp-content\/uploads\/2025\/05\/Tesla-Shanghai-Model-Y-Ramp.jpg 572w, https:\/\/thedriven.io\/wp-content\/uploads\/2025\/05\/Tesla-Shanghai-Model-Y-Ramp-388x211.jpg 388w, https:\/\/thedriven.io\/wp-content\/uploads\/2025\/05\/Tesla-Shanghai-Model-Y-Ramp-120x65.jpg 120w, https:\/\/thedriven.io\/wp-content\/uploads\/2025\/05\/Tesla-Shanghai-Model-Y-Ramp-90x49.jpg 90w, https:\/\/thedriven.io\/wp-content\/uploads\/2025\/05\/Tesla-Shanghai-Model-Y-Ramp-320x174.jpg 320w, https:\/\/thedriven.io\/wp-content\/uploads\/2025\/05\/Tesla-Shanghai-Model-Y-Ramp-560x304.jpg 560w, https:\/\/thedriven.io\/wp-content\/uploads\/2025\/05\/Tesla-Shanghai-Model-Y-Ramp-150x82.jpg 150w, https:\/\/thedriven.io\/wp-content\/uploads\/2025\/05\/Tesla-Shanghai-Model-Y-Ramp-240x130.jpg 240w, https:\/\/thedriven.io\/wp-content\/uploads\/2025\/05\/Tesla-Shanghai-Model-Y-Ramp-180x98.jpg 180w, https:\/\/thedriven.io\/wp-content\/uploads\/2025\/05\/Tesla-Shanghai-Model-Y-Ramp-300x163.jpg 300w\" sizes=\"auto, (max-width: 572px) 100vw, 572px\"\/><figcaption id=\"caption-attachment-187622\" class=\"wp-caption-text\">Vaizdas: \u201eTesla\u201c per Weibo<\/figcaption><\/figure>\n<p><span style=\"font-weight: 400;\">\u0160iais metais buvo pateikta daugyb\u0117 prane\u0161im\u0173 apie 6 ar 7 viet\u0173 modelio versijos k\u016brim\u0105. Daugelis pasi\u016bl\u0117, kad ji pirm\u0105 kart\u0105 bus paleista Kinijoje, prie\u0161 bet kokius planus, kad ji bus prieinama kitose rinkose.<\/span><\/p>\n<p><span style=\"font-weight: 400;\">Naujausias i\u0161 j\u0173 buvo bir\u017eelio m\u0117n., Kai 6 viet\u0173 modelis Y pasirod\u0117 \u201eTesla\u201c programos programin\u0117je aparatin\u0117je \u012frangoje ir j\u012f pasteb\u0117jo \u201eTesla App Guru Greentheonly\u201c \u201eX.<\/span><\/p>\n<p><span style=\"font-weight: 400;\">\u0160is pasirodymas taip pat u\u017esimin\u0117, kad grei\u010diausiai tai bus pasaulinis pasi\u016blymas, o ateityje \u201eY\u201c modelio klientams buvo skirta daug s\u0117dim\u0173 viet\u0173 konfig\u016bracijos.<\/span><\/p>\n<p><span style=\"font-weight: 400;\">Jei taip nutiks, tai nebus pirmas kartas, kai \u201eTesla\u201c pirk\u0117jams pasi\u016bl\u0117 6 ar 7 viet\u0173 variantus savo transporto priemoni\u0173 rinkinyje. Anks\u010diau \u201eTesla\u201c pasi\u016bl\u0117 X model\u012f vietin\u0117je rinkoje su tomis konfig\u016bracijomis, ta\u010diau \u201eTesla\u201c t\u0105 automobil\u012f Australijoje nepardav\u0117 beveik 5 metus.<\/span><\/p>\n<figure id=\"attachment_188426\" aria-describedby=\"caption-attachment-188426\" style=\"width: 1200px\" class=\"wp-caption aligncenter\"><img decoding=\"async\" class=\"size-full wp-image-188426 native-lazyload-js-fallback\" alt=\"\" width=\"1200\" height=\"675\" loading=\"lazy\" src=\"https:\/\/b2232832.smushcdn.com\/2232832\/wp-content\/uploads\/2025\/06\/2026-Tesla-Model-X-Launch-Park.jpg?lossy=1&amp;strip=0&amp;webp=1\" srcset=\"https:\/\/b2232832.smushcdn.com\/2232832\/wp-content\/uploads\/2025\/06\/2026-Tesla-Model-X-Launch-Park.jpg?lossy=1&amp;strip=0&amp;webp=1 1200w, https:\/\/b2232832.smushcdn.com\/2232832\/wp-content\/uploads\/2025\/06\/2026-Tesla-Model-X-Launch-Park-388x218.jpg?lossy=1&amp;strip=0&amp;webp=1 388w, https:\/\/b2232832.smushcdn.com\/2232832\/wp-content\/uploads\/2025\/06\/2026-Tesla-Model-X-Launch-Park-1160x653.jpg?lossy=1&amp;strip=0&amp;webp=1 1160w, https:\/\/b2232832.smushcdn.com\/2232832\/wp-content\/uploads\/2025\/06\/2026-Tesla-Model-X-Launch-Park-800x450.jpg?lossy=1&amp;strip=0&amp;webp=1 800w, https:\/\/b2232832.smushcdn.com\/2232832\/wp-content\/uploads\/2025\/06\/2026-Tesla-Model-X-Launch-Park-120x68.jpg?lossy=1&amp;strip=0&amp;webp=1 120w, https:\/\/b2232832.smushcdn.com\/2232832\/wp-content\/uploads\/2025\/06\/2026-Tesla-Model-X-Launch-Park-90x51.jpg?lossy=1&amp;strip=0&amp;webp=1 90w, https:\/\/b2232832.smushcdn.com\/2232832\/wp-content\/uploads\/2025\/06\/2026-Tesla-Model-X-Launch-Park-320x180.jpg?lossy=1&amp;strip=0&amp;webp=1 320w, https:\/\/b2232832.smushcdn.com\/2232832\/wp-content\/uploads\/2025\/06\/2026-Tesla-Model-X-Launch-Park-560x315.jpg?lossy=1&amp;strip=0&amp;webp=1 560w, https:\/\/b2232832.smushcdn.com\/2232832\/wp-content\/uploads\/2025\/06\/2026-Tesla-Model-X-Launch-Park-150x84.jpg?lossy=1&amp;strip=0&amp;webp=1 150w, https:\/\/b2232832.smushcdn.com\/2232832\/wp-content\/uploads\/2025\/06\/2026-Tesla-Model-X-Launch-Park-240x135.jpg?lossy=1&amp;strip=0&amp;webp=1 240w, https:\/\/b2232832.smushcdn.com\/2232832\/wp-content\/uploads\/2025\/06\/2026-Tesla-Model-X-Launch-Park-180x101.jpg?lossy=1&amp;strip=0&amp;webp=1 180w, https:\/\/b2232832.smushcdn.com\/2232832\/wp-content\/uploads\/2025\/06\/2026-Tesla-Model-X-Launch-Park-640x360.jpg?lossy=1&amp;strip=0&amp;webp=1 640w, https:\/\/b2232832.smushcdn.com\/2232832\/wp-content\/uploads\/2025\/06\/2026-Tesla-Model-X-Launch-Park-1120x630.jpg?lossy=1&amp;strip=0&amp;webp=1 1120w, https:\/\/b2232832.smushcdn.com\/2232832\/wp-content\/uploads\/2025\/06\/2026-Tesla-Model-X-Launch-Park-300x169.jpg?lossy=1&amp;strip=0&amp;webp=1 300w\" data-sizes=\"(max-width: 1160px) 100vw, 1160px\"\/><img loading=\"lazy\" decoding=\"async\" class=\"size-full wp-image-188426\" src=\"https:\/\/thedriven.io\/wp-content\/uploads\/2025\/06\/2026-Tesla-Model-X-Launch-Park.jpg\" alt=\"\" width=\"1200\" height=\"675\" srcset=\"https:\/\/thedriven.io\/wp-content\/uploads\/2025\/06\/2026-Tesla-Model-X-Launch-Park.jpg 1200w, https:\/\/thedriven.io\/wp-content\/uploads\/2025\/06\/2026-Tesla-Model-X-Launch-Park-388x218.jpg 388w, https:\/\/thedriven.io\/wp-content\/uploads\/2025\/06\/2026-Tesla-Model-X-Launch-Park-1160x653.jpg 1160w, https:\/\/thedriven.io\/wp-content\/uploads\/2025\/06\/2026-Tesla-Model-X-Launch-Park-800x450.jpg 800w, https:\/\/thedriven.io\/wp-content\/uploads\/2025\/06\/2026-Tesla-Model-X-Launch-Park-120x68.jpg 120w, https:\/\/thedriven.io\/wp-content\/uploads\/2025\/06\/2026-Tesla-Model-X-Launch-Park-90x51.jpg 90w, https:\/\/thedriven.io\/wp-content\/uploads\/2025\/06\/2026-Tesla-Model-X-Launch-Park-320x180.jpg 320w, https:\/\/thedriven.io\/wp-content\/uploads\/2025\/06\/2026-Tesla-Model-X-Launch-Park-560x315.jpg 560w, https:\/\/thedriven.io\/wp-content\/uploads\/2025\/06\/2026-Tesla-Model-X-Launch-Park-150x84.jpg 150w, https:\/\/thedriven.io\/wp-content\/uploads\/2025\/06\/2026-Tesla-Model-X-Launch-Park-240x135.jpg 240w, https:\/\/thedriven.io\/wp-content\/uploads\/2025\/06\/2026-Tesla-Model-X-Launch-Park-180x101.jpg 180w, https:\/\/thedriven.io\/wp-content\/uploads\/2025\/06\/2026-Tesla-Model-X-Launch-Park-640x360.jpg 640w, https:\/\/thedriven.io\/wp-content\/uploads\/2025\/06\/2026-Tesla-Model-X-Launch-Park-1120x630.jpg 1120w, https:\/\/thedriven.io\/wp-content\/uploads\/2025\/06\/2026-Tesla-Model-X-Launch-Park-300x169.jpg 300w\" sizes=\"auto, (max-width: 1160px) 100vw, 1160px\"\/><figcaption id=\"caption-attachment-188426\" class=\"wp-caption-text\">Vaizdas: \u201eTesla Us\u201c<\/figcaption><\/figure>\n<p><span style=\"font-weight: 400;\">Konkre\u010diai skirtoje Y modeliui, \u201eTesla\u201c anks\u010diau pasi\u016bl\u0117 7 viet\u0173 parinkt\u012f, kuri\u0105 klientams buvo prieinama tik JAV.<\/span><\/p>\n<p><span style=\"font-weight: 400;\">\u0160iuo metu Australijoje yra ribotas skai\u010dius elektrini\u0173 modeli\u0173 su 7 vietomis, kurios gali pakenkti kai kuriems \u0161eimos automobili\u0173 pirk\u0117jams, atsi\u017evelgiant \u012f EV variant\u0105.<\/span><\/p>\n<p><span style=\"font-weight: 400;\">Tikimasi, kad \u0161is 6 ir 7 viet\u0173 EV modeli\u0173 s\u0105ra\u0161as augs naudojant dabartinius modelius, tokius kaip \u201eKia EV9\u201c, per ateinan\u010dius 12 m\u0117nesi\u0173 prad\u0117s matyti toki\u0173 prek\u0117s \u017eenkl\u0173 kaip \u201eHyundai\u201c, \u201eXPENG\u201c, \u201eZeekr\u201c ir \u201eTesla\u201c konkurencijos. <\/span><\/p>\n<p><span style=\"font-weight: 400;\">Tai reik\u0161t\u0173 tik daugiau parink\u010di\u0173, ypa\u010d i\u0161 \u201eTesla\u201c, kuri tur\u0117s prieig\u0105 prie savo tvirto kompresori\u0173 tinklo. Tai leist\u0173 \u0161eimos kelion\u0117ms keliais naujame \u201eY\u201c modelyje, o daugiau viet\u0173 b\u016bt\u0173 daug lengviau.<\/span><\/p>\n<p><span style=\"font-weight: 400;\">Mes steb\u0117sime naujojo 6 viet\u0173 Y modelio atnaujinimus, nes \u0161is produktas pad\u0117t\u0173 daugiau \u0161eimos visureigi\u0173 pirk\u0117j\u0173 pritraukti \u012f EV.<\/span><\/p>\n<div class=\"saboxplugin-wrap\" itemtype=\"http:\/\/schema.org\/Person\" itemscope=\"\" itemprop=\"author\">\n<div class=\"saboxplugin-tab\">\n<div class=\"saboxplugin-gravatar\"><img decoding=\"async\" width=\"100\" height=\"100\" alt=\"Rizas Akhtar\" itemprop=\"image\" loading=\"lazy\" class=\"native-lazyload-js-fallback\" src=\"https:\/\/b2232832.smushcdn.com\/2232832\/wp-content\/uploads\/2022\/02\/Riz.jpg?lossy=1&amp;strip=0&amp;webp=1\"\/><img loading=\"lazy\" decoding=\"async\" src=\"https:\/\/thedriven.io\/wp-content\/uploads\/2022\/02\/Riz.jpg\" width=\"100\" height=\"100\" alt=\"Rizas Akhtar\" itemprop=\"image\"\/><\/div>\n<div class=\"saboxplugin-desc\">\n<div itemprop=\"description\">\n<p>RIZ yra \u201eCarloop\u201c \u012fk\u016br\u0117jas, \u012fsik\u016br\u0119s Melburne, specializuojasi Australijos EV duomenyse, \u012f\u017evalgos ataskaitose ir tendencijose. Jis yra mechanikos in\u017einierius, prie\u0161 pradedant \u201eCarloop\u201c pirmuosius 7 savo karjeros statybos transporto infrastrukt\u016bros metus. Jis turi aistr\u0105 automobiliams, ypa\u010d EV ir nori pad\u0117ti suma\u017einti transporto i\u0161metim\u0105 Australijoje. \u0160iuo metu jis vairuoja \u201eRed Tesla\u201c model\u012f 3.<\/p>\n<\/div>\n<\/div>\n<\/div>\n<\/div>\n<p><!-- AI CONTENT END 1 --><\/p><\/div>\n<p><script async src=\"\/\/platform.twitter.com\/widgets.js\" charset=\"utf-8\"><\/script><br \/>\n<br \/><br \/>\n<br \/><a href=\"https:\/\/thedriven.io\/2025\/07\/16\/new-tesla-model-y-with-6-seats-reportedly-rolls-off-the-production-line\/\">Source link <\/a><\/p>\n","protected":false},"excerpt":{"rendered":"<p>Anks\u010diau \u0161iais metais Kinijos prane\u0161imuose teigiama, kad \u201eTesla\u201c \u0160anchajaus gamykla ateinan\u010diais m\u0117nesiais ketina prad\u0117ti gaminti nauj\u0105 7 viet\u0173 \u201eTesla\u201c modelio&hellip;<\/p>\n","protected":false},"author":1,"featured_media":1504,"comment_status":"open","ping_status":"open","sticky":false,"template":"","format":"standard","meta":{"om_disable_all_campaigns":false,"_monsterinsights_skip_tracking":false,"_monsterinsights_sitenote_active":false,"_monsterinsights_sitenote_note":"","_monsterinsights_sitenote_category":0,"footnotes":""},"categories":[39],"tags":[42,113,454,1592,14,2496],"class_list":["post-1503","post","type-post","status-publish","format-standard","has-post-thumbnail","hentry","category-eautomobiliu-technine-puse","tag-kaip","tag-modelis","tag-naujas","tag-pranesama","tag-tesla","tag-vietomis"],"aioseo_notices":[],"yoast_head":"<!-- This site is optimized with the Yoast SEO plugin v26.8 - https:\/\/yoast.com\/product\/yoast-seo-wordpress\/ -->\n<title>Naujas \u201eTesla\u201c modelis Y su 6 vietomis, kaip prane\u0161ama - Eautomobiliai.lt<\/title>\n<meta name=\"robots\" content=\"index, follow, max-snippet:-1, max-image-preview:large, max-video-preview:-1\" \/>\n<link rel=\"canonical\" href=\"http:\/\/eautomobiliai.lt\/index.php\/2025\/07\/16\/naujas-tesla-modelis-y-su-6-vietomis-kaip-pranesama\/\" \/>\n<meta property=\"og:locale\" content=\"lt_LT\" \/>\n<meta property=\"og:type\" content=\"article\" \/>\n<meta property=\"og:title\" content=\"Naujas \u201eTesla\u201c modelis Y su 6 vietomis, kaip prane\u0161ama - Eautomobiliai.lt\" \/>\n<meta property=\"og:description\" content=\"Anks\u010diau \u0161iais metais Kinijos prane\u0161imuose teigiama, kad \u201eTesla\u201c \u0160anchajaus gamykla ateinan\u010diais m\u0117nesiais ketina prad\u0117ti gaminti nauj\u0105 7 viet\u0173 \u201eTesla\u201c modelio&hellip;\" \/>\n<meta property=\"og:url\" content=\"http:\/\/eautomobiliai.lt\/index.php\/2025\/07\/16\/naujas-tesla-modelis-y-su-6-vietomis-kaip-pranesama\/\" \/>\n<meta property=\"og:site_name\" content=\"Eautomobiliai.lt\" \/>\n<meta property=\"article:published_time\" content=\"2025-07-16T02:09:45+00:00\" \/>\n<meta property=\"og:image\" content=\"http:\/\/eautomobiliai.lt\/wp-content\/uploads\/2025\/07\/Naujas-\u201eTesla-modelis-Y-su-6-vietomis-kaip-pranesama.jpg\" \/>\n\t<meta property=\"og:image:width\" content=\"1170\" \/>\n\t<meta property=\"og:image:height\" content=\"710\" \/>\n\t<meta property=\"og:image:type\" content=\"image\/jpeg\" \/>\n<meta name=\"author\" content=\"admin\" \/>\n<meta name=\"twitter:card\" content=\"summary_large_image\" \/>\n<meta name=\"twitter:label1\" content=\"Written by\" \/>\n\t<meta name=\"twitter:data1\" content=\"admin\" \/>\n\t<meta name=\"twitter:label2\" content=\"Est. reading time\" \/>\n\t<meta name=\"twitter:data2\" content=\"3 minut\u0117s\" \/>\n<script type=\"application\/ld+json\" class=\"yoast-schema-graph\">{\"@context\":\"https:\/\/schema.org\",\"@graph\":[{\"@type\":\"Article\",\"@id\":\"http:\/\/eautomobiliai.lt\/index.php\/2025\/07\/16\/naujas-tesla-modelis-y-su-6-vietomis-kaip-pranesama\/#article\",\"isPartOf\":{\"@id\":\"http:\/\/eautomobiliai.lt\/index.php\/2025\/07\/16\/naujas-tesla-modelis-y-su-6-vietomis-kaip-pranesama\/\"},\"author\":{\"name\":\"admin\",\"@id\":\"https:\/\/eautomobiliai.lt\/#\/schema\/person\/ecf2a967f361217d056061f74deb92f2\"},\"headline\":\"Naujas \u201eTesla\u201c modelis Y su 6 vietomis, kaip prane\u0161ama\",\"datePublished\":\"2025-07-16T02:09:45+00:00\",\"mainEntityOfPage\":{\"@id\":\"http:\/\/eautomobiliai.lt\/index.php\/2025\/07\/16\/naujas-tesla-modelis-y-su-6-vietomis-kaip-pranesama\/\"},\"wordCount\":537,\"commentCount\":0,\"image\":{\"@id\":\"http:\/\/eautomobiliai.lt\/index.php\/2025\/07\/16\/naujas-tesla-modelis-y-su-6-vietomis-kaip-pranesama\/#primaryimage\"},\"thumbnailUrl\":\"http:\/\/eautomobiliai.lt\/wp-content\/uploads\/2025\/07\/Naujas-\u201eTesla-modelis-Y-su-6-vietomis-kaip-pranesama.jpg\",\"keywords\":[\"kaip\",\"modelis\",\"naujas\",\"Prane\u0161ama\",\"Tesla\",\"vietomis\"],\"articleSection\":[\"eAUTOMOBILI\u0172 TECHNIN\u0116 PUS\u0116\"],\"inLanguage\":\"lt-LT\",\"potentialAction\":[{\"@type\":\"CommentAction\",\"name\":\"Comment\",\"target\":[\"http:\/\/eautomobiliai.lt\/index.php\/2025\/07\/16\/naujas-tesla-modelis-y-su-6-vietomis-kaip-pranesama\/#respond\"]}]},{\"@type\":\"WebPage\",\"@id\":\"http:\/\/eautomobiliai.lt\/index.php\/2025\/07\/16\/naujas-tesla-modelis-y-su-6-vietomis-kaip-pranesama\/\",\"url\":\"http:\/\/eautomobiliai.lt\/index.php\/2025\/07\/16\/naujas-tesla-modelis-y-su-6-vietomis-kaip-pranesama\/\",\"name\":\"Naujas \u201eTesla\u201c modelis Y su 6 vietomis, kaip prane\u0161ama - Eautomobiliai.lt\",\"isPartOf\":{\"@id\":\"https:\/\/eautomobiliai.lt\/#website\"},\"primaryImageOfPage\":{\"@id\":\"http:\/\/eautomobiliai.lt\/index.php\/2025\/07\/16\/naujas-tesla-modelis-y-su-6-vietomis-kaip-pranesama\/#primaryimage\"},\"image\":{\"@id\":\"http:\/\/eautomobiliai.lt\/index.php\/2025\/07\/16\/naujas-tesla-modelis-y-su-6-vietomis-kaip-pranesama\/#primaryimage\"},\"thumbnailUrl\":\"http:\/\/eautomobiliai.lt\/wp-content\/uploads\/2025\/07\/Naujas-\u201eTesla-modelis-Y-su-6-vietomis-kaip-pranesama.jpg\",\"datePublished\":\"2025-07-16T02:09:45+00:00\",\"author\":{\"@id\":\"https:\/\/eautomobiliai.lt\/#\/schema\/person\/ecf2a967f361217d056061f74deb92f2\"},\"breadcrumb\":{\"@id\":\"http:\/\/eautomobiliai.lt\/index.php\/2025\/07\/16\/naujas-tesla-modelis-y-su-6-vietomis-kaip-pranesama\/#breadcrumb\"},\"inLanguage\":\"lt-LT\",\"potentialAction\":[{\"@type\":\"ReadAction\",\"target\":[\"http:\/\/eautomobiliai.lt\/index.php\/2025\/07\/16\/naujas-tesla-modelis-y-su-6-vietomis-kaip-pranesama\/\"]}]},{\"@type\":\"ImageObject\",\"inLanguage\":\"lt-LT\",\"@id\":\"http:\/\/eautomobiliai.lt\/index.php\/2025\/07\/16\/naujas-tesla-modelis-y-su-6-vietomis-kaip-pranesama\/#primaryimage\",\"url\":\"http:\/\/eautomobiliai.lt\/wp-content\/uploads\/2025\/07\/Naujas-\u201eTesla-modelis-Y-su-6-vietomis-kaip-pranesama.jpg\",\"contentUrl\":\"http:\/\/eautomobiliai.lt\/wp-content\/uploads\/2025\/07\/Naujas-\u201eTesla-modelis-Y-su-6-vietomis-kaip-pranesama.jpg\",\"width\":1170,\"height\":710},{\"@type\":\"BreadcrumbList\",\"@id\":\"http:\/\/eautomobiliai.lt\/index.php\/2025\/07\/16\/naujas-tesla-modelis-y-su-6-vietomis-kaip-pranesama\/#breadcrumb\",\"itemListElement\":[{\"@type\":\"ListItem\",\"position\":1,\"name\":\"Home\",\"item\":\"https:\/\/eautomobiliai.lt\/\"},{\"@type\":\"ListItem\",\"position\":2,\"name\":\"Naujas \u201eTesla\u201c modelis Y su 6 vietomis, kaip prane\u0161ama\"}]},{\"@type\":\"WebSite\",\"@id\":\"https:\/\/eautomobiliai.lt\/#website\",\"url\":\"https:\/\/eautomobiliai.lt\/\",\"name\":\"Eautomobiliai.lt\",\"description\":\"Elektrinis transportas, technologijos\",\"potentialAction\":[{\"@type\":\"SearchAction\",\"target\":{\"@type\":\"EntryPoint\",\"urlTemplate\":\"https:\/\/eautomobiliai.lt\/?s={search_term_string}\"},\"query-input\":{\"@type\":\"PropertyValueSpecification\",\"valueRequired\":true,\"valueName\":\"search_term_string\"}}],\"inLanguage\":\"lt-LT\"},{\"@type\":\"Person\",\"@id\":\"https:\/\/eautomobiliai.lt\/#\/schema\/person\/ecf2a967f361217d056061f74deb92f2\",\"name\":\"admin\",\"image\":{\"@type\":\"ImageObject\",\"inLanguage\":\"lt-LT\",\"@id\":\"https:\/\/eautomobiliai.lt\/#\/schema\/person\/image\/\",\"url\":\"https:\/\/secure.gravatar.com\/avatar\/6323379efae0c70c686c7905444d6bbd?s=96&d=mm&r=g\",\"contentUrl\":\"https:\/\/secure.gravatar.com\/avatar\/6323379efae0c70c686c7905444d6bbd?s=96&d=mm&r=g\",\"caption\":\"admin\"},\"sameAs\":[\"http:\/\/eautomobiliai.lt\"],\"url\":\"http:\/\/eautomobiliai.lt\/index.php\/author\/admin\/\"}]}<\/script>\n<!-- \/ Yoast SEO plugin. -->","yoast_head_json":{"title":"Naujas \u201eTesla\u201c modelis Y su 6 vietomis, kaip prane\u0161ama - Eautomobiliai.lt","robots":{"index":"index","follow":"follow","max-snippet":"max-snippet:-1","max-image-preview":"max-image-preview:large","max-video-preview":"max-video-preview:-1"},"canonical":"http:\/\/eautomobiliai.lt\/index.php\/2025\/07\/16\/naujas-tesla-modelis-y-su-6-vietomis-kaip-pranesama\/","og_locale":"lt_LT","og_type":"article","og_title":"Naujas \u201eTesla\u201c modelis Y su 6 vietomis, kaip prane\u0161ama - Eautomobiliai.lt","og_description":"Anks\u010diau \u0161iais metais Kinijos prane\u0161imuose teigiama, kad \u201eTesla\u201c \u0160anchajaus gamykla ateinan\u010diais m\u0117nesiais ketina prad\u0117ti gaminti nauj\u0105 7 viet\u0173 \u201eTesla\u201c modelio&hellip;","og_url":"http:\/\/eautomobiliai.lt\/index.php\/2025\/07\/16\/naujas-tesla-modelis-y-su-6-vietomis-kaip-pranesama\/","og_site_name":"Eautomobiliai.lt","article_published_time":"2025-07-16T02:09:45+00:00","og_image":[{"width":1170,"height":710,"url":"http:\/\/eautomobiliai.lt\/wp-content\/uploads\/2025\/07\/Naujas-\u201eTesla-modelis-Y-su-6-vietomis-kaip-pranesama.jpg","type":"image\/jpeg"}],"author":"admin","twitter_card":"summary_large_image","twitter_misc":{"Written by":"admin","Est. reading time":"3 minut\u0117s"},"schema":{"@context":"https:\/\/schema.org","@graph":[{"@type":"Article","@id":"http:\/\/eautomobiliai.lt\/index.php\/2025\/07\/16\/naujas-tesla-modelis-y-su-6-vietomis-kaip-pranesama\/#article","isPartOf":{"@id":"http:\/\/eautomobiliai.lt\/index.php\/2025\/07\/16\/naujas-tesla-modelis-y-su-6-vietomis-kaip-pranesama\/"},"author":{"name":"admin","@id":"https:\/\/eautomobiliai.lt\/#\/schema\/person\/ecf2a967f361217d056061f74deb92f2"},"headline":"Naujas \u201eTesla\u201c modelis Y su 6 vietomis, kaip prane\u0161ama","datePublished":"2025-07-16T02:09:45+00:00","mainEntityOfPage":{"@id":"http:\/\/eautomobiliai.lt\/index.php\/2025\/07\/16\/naujas-tesla-modelis-y-su-6-vietomis-kaip-pranesama\/"},"wordCount":537,"commentCount":0,"image":{"@id":"http:\/\/eautomobiliai.lt\/index.php\/2025\/07\/16\/naujas-tesla-modelis-y-su-6-vietomis-kaip-pranesama\/#primaryimage"},"thumbnailUrl":"http:\/\/eautomobiliai.lt\/wp-content\/uploads\/2025\/07\/Naujas-\u201eTesla-modelis-Y-su-6-vietomis-kaip-pranesama.jpg","keywords":["kaip","modelis","naujas","Prane\u0161ama","Tesla","vietomis"],"articleSection":["eAUTOMOBILI\u0172 TECHNIN\u0116 PUS\u0116"],"inLanguage":"lt-LT","potentialAction":[{"@type":"CommentAction","name":"Comment","target":["http:\/\/eautomobiliai.lt\/index.php\/2025\/07\/16\/naujas-tesla-modelis-y-su-6-vietomis-kaip-pranesama\/#respond"]}]},{"@type":"WebPage","@id":"http:\/\/eautomobiliai.lt\/index.php\/2025\/07\/16\/naujas-tesla-modelis-y-su-6-vietomis-kaip-pranesama\/","url":"http:\/\/eautomobiliai.lt\/index.php\/2025\/07\/16\/naujas-tesla-modelis-y-su-6-vietomis-kaip-pranesama\/","name":"Naujas \u201eTesla\u201c modelis Y su 6 vietomis, kaip prane\u0161ama - Eautomobiliai.lt","isPartOf":{"@id":"https:\/\/eautomobiliai.lt\/#website"},"primaryImageOfPage":{"@id":"http:\/\/eautomobiliai.lt\/index.php\/2025\/07\/16\/naujas-tesla-modelis-y-su-6-vietomis-kaip-pranesama\/#primaryimage"},"image":{"@id":"http:\/\/eautomobiliai.lt\/index.php\/2025\/07\/16\/naujas-tesla-modelis-y-su-6-vietomis-kaip-pranesama\/#primaryimage"},"thumbnailUrl":"http:\/\/eautomobiliai.lt\/wp-content\/uploads\/2025\/07\/Naujas-\u201eTesla-modelis-Y-su-6-vietomis-kaip-pranesama.jpg","datePublished":"2025-07-16T02:09:45+00:00","author":{"@id":"https:\/\/eautomobiliai.lt\/#\/schema\/person\/ecf2a967f361217d056061f74deb92f2"},"breadcrumb":{"@id":"http:\/\/eautomobiliai.lt\/index.php\/2025\/07\/16\/naujas-tesla-modelis-y-su-6-vietomis-kaip-pranesama\/#breadcrumb"},"inLanguage":"lt-LT","potentialAction":[{"@type":"ReadAction","target":["http:\/\/eautomobiliai.lt\/index.php\/2025\/07\/16\/naujas-tesla-modelis-y-su-6-vietomis-kaip-pranesama\/"]}]},{"@type":"ImageObject","inLanguage":"lt-LT","@id":"http:\/\/eautomobiliai.lt\/index.php\/2025\/07\/16\/naujas-tesla-modelis-y-su-6-vietomis-kaip-pranesama\/#primaryimage","url":"http:\/\/eautomobiliai.lt\/wp-content\/uploads\/2025\/07\/Naujas-\u201eTesla-modelis-Y-su-6-vietomis-kaip-pranesama.jpg","contentUrl":"http:\/\/eautomobiliai.lt\/wp-content\/uploads\/2025\/07\/Naujas-\u201eTesla-modelis-Y-su-6-vietomis-kaip-pranesama.jpg","width":1170,"height":710},{"@type":"BreadcrumbList","@id":"http:\/\/eautomobiliai.lt\/index.php\/2025\/07\/16\/naujas-tesla-modelis-y-su-6-vietomis-kaip-pranesama\/#breadcrumb","itemListElement":[{"@type":"ListItem","position":1,"name":"Home","item":"https:\/\/eautomobiliai.lt\/"},{"@type":"ListItem","position":2,"name":"Naujas \u201eTesla\u201c modelis Y su 6 vietomis, kaip prane\u0161ama"}]},{"@type":"WebSite","@id":"https:\/\/eautomobiliai.lt\/#website","url":"https:\/\/eautomobiliai.lt\/","name":"Eautomobiliai.lt","description":"Elektrinis transportas, technologijos","potentialAction":[{"@type":"SearchAction","target":{"@type":"EntryPoint","urlTemplate":"https:\/\/eautomobiliai.lt\/?s={search_term_string}"},"query-input":{"@type":"PropertyValueSpecification","valueRequired":true,"valueName":"search_term_string"}}],"inLanguage":"lt-LT"},{"@type":"Person","@id":"https:\/\/eautomobiliai.lt\/#\/schema\/person\/ecf2a967f361217d056061f74deb92f2","name":"admin","image":{"@type":"ImageObject","inLanguage":"lt-LT","@id":"https:\/\/eautomobiliai.lt\/#\/schema\/person\/image\/","url":"https:\/\/secure.gravatar.com\/avatar\/6323379efae0c70c686c7905444d6bbd?s=96&d=mm&r=g","contentUrl":"https:\/\/secure.gravatar.com\/avatar\/6323379efae0c70c686c7905444d6bbd?s=96&d=mm&r=g","caption":"admin"},"sameAs":["http:\/\/eautomobiliai.lt"],"url":"http:\/\/eautomobiliai.lt\/index.php\/author\/admin\/"}]}},"_links":{"self":[{"href":"http:\/\/eautomobiliai.lt\/index.php\/wp-json\/wp\/v2\/posts\/1503","targetHints":{"allow":["GET"]}}],"collection":[{"href":"http:\/\/eautomobiliai.lt\/index.php\/wp-json\/wp\/v2\/posts"}],"about":[{"href":"http:\/\/eautomobiliai.lt\/index.php\/wp-json\/wp\/v2\/types\/post"}],"author":[{"embeddable":true,"href":"http:\/\/eautomobiliai.lt\/index.php\/wp-json\/wp\/v2\/users\/1"}],"replies":[{"embeddable":true,"href":"http:\/\/eautomobiliai.lt\/index.php\/wp-json\/wp\/v2\/comments?post=1503"}],"version-history":[{"count":0,"href":"http:\/\/eautomobiliai.lt\/index.php\/wp-json\/wp\/v2\/posts\/1503\/revisions"}],"wp:featuredmedia":[{"embeddable":true,"href":"http:\/\/eautomobiliai.lt\/index.php\/wp-json\/wp\/v2\/media\/1504"}],"wp:attachment":[{"href":"http:\/\/eautomobiliai.lt\/index.php\/wp-json\/wp\/v2\/media?parent=1503"}],"wp:term":[{"taxonomy":"category","embeddable":true,"href":"http:\/\/eautomobiliai.lt\/index.php\/wp-json\/wp\/v2\/categories?post=1503"},{"taxonomy":"post_tag","embeddable":true,"href":"http:\/\/eautomobiliai.lt\/index.php\/wp-json\/wp\/v2\/tags?post=1503"}],"curies":[{"name":"wp","href":"https:\/\/api.w.org\/{rel}","templated":true}]}}