{"id":1525,"date":"2025-07-18T10:19:06","date_gmt":"2025-07-18T10:19:06","guid":{"rendered":"http:\/\/eautomobiliai.lt\/index.php\/2025\/07\/18\/ev-zemelapiu-sudarymo-irankis-ir-vieno-langelio-parduotuve-skirta-nustatyti-ikrovimo-vietas-ir-padeti-pirkejams\/"},"modified":"2025-07-18T10:19:06","modified_gmt":"2025-07-18T10:19:06","slug":"ev-zemelapiu-sudarymo-irankis-ir-vieno-langelio-parduotuve-skirta-nustatyti-ikrovimo-vietas-ir-padeti-pirkejams","status":"publish","type":"post","link":"http:\/\/eautomobiliai.lt\/index.php\/2025\/07\/18\/ev-zemelapiu-sudarymo-irankis-ir-vieno-langelio-parduotuve-skirta-nustatyti-ikrovimo-vietas-ir-padeti-pirkejams\/","title":{"rendered":"\u201eEV\u201c \u017eem\u0117lapi\u0173 sudarymo \u012frankis ir \u201evieno langelio\u201c parduotuv\u0117, skirta nustatyti \u012fkrovimo vietas ir pad\u0117ti pirk\u0117jams"},"content":{"rendered":"<p> <br \/>\n<\/p>\n<div id=\"\">\n<p style=\"font-weight: 400;\">Federalin\u0117 leiborist\u0173 vyriausyb\u0117 pristat\u0117 nauj\u0105 \u017eem\u0117lapi\u0173 sudarymo \u012frank\u012f, kuris pad\u0117t\u0173 tinklo tiek\u0117jams ir \u012fkrovimo ta\u0161k\u0173 operatoriams nustatyti geriausias vietas, kad b\u016bt\u0173 galima i\u0161pl\u0117sti \u0161alies \u012fkrovimo tinkl\u0105.<\/p>\n<p style=\"font-weight: 400;\">Elektrini\u0173 transporto priemoni\u0173 \u012fkrovimo infrastrukt\u016bros (EVCI) \u017eem\u0117lapi\u0173 sudarymo \u012frankis bus \u012frengtas naujai paleistame <u>Ev.gov.au <\/u>Svetain\u0117, kuri taip pat ketina vartotojams veikti kaip vieno langelio parduotuv\u0117, padedanti rasti patarim\u0173 ir informacijos apie EV ir vyriausyb\u0117s programas.<\/p>\n<p style=\"font-weight: 400;\">Vyriausyb\u0117 sako, kad naujoji svetain\u0117 ir \u017eem\u0117lapis yra skirti pad\u0117ti grei\u010diau ir efektyviau \u012fkrauti EV \u012fkrovim\u0105 tose vietose, kur jie geriausiai tinka vartotojams ir ten, kur juos gali lengviau palaikyti tinklas.<\/p>\n<p style=\"font-weight: 400;\">\u010cia pateikiama geografin\u0117 informacija, tokia kaip EV \u012fsisavinimas, eismo apimtys, vietiniai patogumai (pvz., Vie\u0161ieji tualetai ir parduotuv\u0117s) ir infrastrukt\u016bra (\u012fskaitant elektros tinklus ir mobili\u0173j\u0173 telefon\u0173 apr\u0117pt\u012f).<\/p>\n<p style=\"font-weight: 400;\">&#8222;Mes \u012fsitikiname, kad EV \u012fkrovikliai yra tinkamoje vietoje &#8211; taigi vairuotojai gali b\u016bti kelyje, be vargo. M\u016bs\u0173 naujoji \u017eem\u0117lapi\u0173 sudarymo priemon\u0117 tiksliai nurodys, kur reikia greit\u0173 \u012fkrovikli\u0173, skatinant protingesnes investicijas ir geresn\u012f planavim\u0105&#8221;, &#8211; sak\u0117 federalin\u0117 energetikos ir klimato ministras Chrisas Bowenas.<\/p>\n<p style=\"font-weight: 400;\">\u201eYra daug daugiau, ta\u010diau \u0161ios priemon\u0117s yra dalis to, kaip mes dirbame kartu su valstyb\u0117mis ir pramon\u0117je, kad gal\u0117tume dirbti su darbu.<\/p>\n<p style=\"font-weight: 400;\">\u201eM\u016bs\u0173 keliuose ir EV tur\u0117dama daugiau nei 300 000 EV, dabar u\u017e rekordin\u0119 15 procent\u0173 nauj\u0173 automobili\u0173 pardavim\u0173 (\u012fskaitant hibrid\u0173 ki\u0161en\u0119), Australija ver\u010dia \u012f priek\u012f \u0161varesniu, pigesniu transportu.\u201c<\/p>\n<p style=\"font-weight: 400;\"> <u>Ev.gov.au<\/u> Svetain\u0117je taip pat bus federalin\u0117s ir valstybin\u0117s informacijos apie elektrines transporto priemones \u0161altinis Australijoje ir galiausiai veiks kaip \u201evieno langelio\u201c parduotuv\u0117 viskam Australijos vartotojams ir pramonei, kuri\u0105 reikia \u017einoti apie EV.<\/p>\n<p style=\"font-weight: 400;\">Tai apims i\u0161sami\u0105 informacij\u0105 apie valstybines ir federalines programas, praktinius patarimus d\u0117l EV pirkimo ir tur\u0117jimo bei nuorod\u0173 \u012f patikim\u0105 vyriausyb\u0119, pramon\u0117s ir akademinius i\u0161teklius. Jis bus atnaujintas artimiausiais m\u0117nesiais.<\/p>\n<div class=\"saboxplugin-wrap\" itemtype=\"http:\/\/schema.org\/Person\" itemscope=\"\" itemprop=\"author\">\n<div class=\"saboxplugin-tab\">\n<div class=\"saboxplugin-gravatar\"><img loading=\"lazy\" decoding=\"async\" src=\"https:\/\/thedriven.io\/wp-content\/uploads\/2021\/11\/giles_100x100.jpg\" width=\"100\" height=\"100\" alt=\"Gilesas Parkinsonas\" itemprop=\"image\"\/><\/div>\n<div class=\"saboxplugin-desc\">\n<div itemprop=\"description\">\n<p>Gilesas Parkinsonas yra \u201eDriven\u201c \u012fk\u016br\u0117jas ir redaktorius, taip pat redaguoja ir \u012fk\u016br\u0117 atnaujinimo ekonomik\u0105 ir vien\u0105 \u017eingsn\u012f nuo tinklo interneto svetaini\u0173. Jis yra beveik 40 met\u0173 \u017eurnalistas, yra buv\u0119s Australijos finansin\u0117s ap\u017evalgos redaktoriaus ir \u201eTesla Model 3\u201c redaktoriaus pavaduotojas ir redaktoriaus pavaduotojas.<\/p>\n<\/div>\n<\/div>\n<\/div>\n<\/div>\n<p><!-- AI CONTENT END 1 --><\/p><\/div>\n<p><br \/>\n<br \/><a href=\"https:\/\/thedriven.io\/2025\/07\/18\/ev-mapping-tool-and-one-stop-shop-launched-to-identify-charging-locations-and-help-buyers\/\">Source link <\/a><\/p>\n","protected":false},"excerpt":{"rendered":"<p>Federalin\u0117 leiborist\u0173 vyriausyb\u0117 pristat\u0117 nauj\u0105 \u017eem\u0117lapi\u0173 sudarymo \u012frank\u012f, kuris pad\u0117t\u0173 tinklo tiek\u0117jams ir \u012fkrovimo ta\u0161k\u0173 operatoriams nustatyti geriausias vietas, kad&hellip;<\/p>\n","protected":false},"author":1,"featured_media":1526,"comment_status":"open","ping_status":"open","sticky":false,"template":"","format":"standard","meta":{"om_disable_all_campaigns":false,"_monsterinsights_skip_tracking":false,"_monsterinsights_sitenote_active":false,"_monsterinsights_sitenote_note":"","_monsterinsights_sitenote_category":0,"footnotes":""},"categories":[39],"tags":[475,2331,2968,2970,881,2969,2972,2264,2966,2967,2971,2965],"class_list":["post-1525","post","type-post","status-publish","format-standard","has-post-thumbnail","hentry","category-eautomobiliu-technine-puse","tag-ikrovimo","tag-irankis","tag-langelio","tag-nustatyti","tag-padeti","tag-parduotuve","tag-pirkejams","tag-skirta","tag-sudarymo","tag-vieno","tag-vietas","tag-zemelapiu"],"aioseo_notices":[],"yoast_head":"<!-- This site is optimized with the Yoast SEO plugin v26.8 - https:\/\/yoast.com\/product\/yoast-seo-wordpress\/ -->\n<title>\u201eEV\u201c \u017eem\u0117lapi\u0173 sudarymo \u012frankis ir \u201evieno langelio\u201c parduotuv\u0117, skirta nustatyti \u012fkrovimo vietas ir pad\u0117ti pirk\u0117jams - Eautomobiliai.lt<\/title>\n<meta name=\"robots\" content=\"index, follow, max-snippet:-1, max-image-preview:large, max-video-preview:-1\" \/>\n<link rel=\"canonical\" href=\"https:\/\/eautomobiliai.lt\/index.php\/2025\/07\/18\/ev-zemelapiu-sudarymo-irankis-ir-vieno-langelio-parduotuve-skirta-nustatyti-ikrovimo-vietas-ir-padeti-pirkejams\/\" \/>\n<meta property=\"og:locale\" content=\"lt_LT\" \/>\n<meta property=\"og:type\" content=\"article\" \/>\n<meta property=\"og:title\" content=\"\u201eEV\u201c \u017eem\u0117lapi\u0173 sudarymo \u012frankis ir \u201evieno langelio\u201c parduotuv\u0117, skirta nustatyti \u012fkrovimo vietas ir pad\u0117ti pirk\u0117jams - Eautomobiliai.lt\" \/>\n<meta property=\"og:description\" content=\"Federalin\u0117 leiborist\u0173 vyriausyb\u0117 pristat\u0117 nauj\u0105 \u017eem\u0117lapi\u0173 sudarymo \u012frank\u012f, kuris pad\u0117t\u0173 tinklo tiek\u0117jams ir \u012fkrovimo ta\u0161k\u0173 operatoriams nustatyti geriausias vietas, kad&hellip;\" \/>\n<meta property=\"og:url\" content=\"https:\/\/eautomobiliai.lt\/index.php\/2025\/07\/18\/ev-zemelapiu-sudarymo-irankis-ir-vieno-langelio-parduotuve-skirta-nustatyti-ikrovimo-vietas-ir-padeti-pirkejams\/\" \/>\n<meta property=\"og:site_name\" content=\"Eautomobiliai.lt\" \/>\n<meta property=\"article:published_time\" content=\"2025-07-18T10:19:06+00:00\" \/>\n<meta property=\"og:image\" content=\"https:\/\/eautomobiliai.lt\/wp-content\/uploads\/2025\/07\/\u201eEV-zemelapiu-sudarymo-irankis-ir-\u201evieno-langelio-parduotuve-skirta-nustatyti.jpg\" \/>\n\t<meta property=\"og:image:width\" content=\"1280\" \/>\n\t<meta property=\"og:image:height\" content=\"853\" \/>\n\t<meta property=\"og:image:type\" content=\"image\/jpeg\" \/>\n<meta name=\"author\" content=\"admin\" \/>\n<meta name=\"twitter:card\" content=\"summary_large_image\" \/>\n<meta name=\"twitter:label1\" content=\"Written by\" \/>\n\t<meta name=\"twitter:data1\" content=\"admin\" \/>\n\t<meta name=\"twitter:label2\" content=\"Est. reading time\" \/>\n\t<meta name=\"twitter:data2\" content=\"2 minut\u0117s\" \/>\n<script type=\"application\/ld+json\" class=\"yoast-schema-graph\">{\"@context\":\"https:\/\/schema.org\",\"@graph\":[{\"@type\":\"Article\",\"@id\":\"https:\/\/eautomobiliai.lt\/index.php\/2025\/07\/18\/ev-zemelapiu-sudarymo-irankis-ir-vieno-langelio-parduotuve-skirta-nustatyti-ikrovimo-vietas-ir-padeti-pirkejams\/#article\",\"isPartOf\":{\"@id\":\"https:\/\/eautomobiliai.lt\/index.php\/2025\/07\/18\/ev-zemelapiu-sudarymo-irankis-ir-vieno-langelio-parduotuve-skirta-nustatyti-ikrovimo-vietas-ir-padeti-pirkejams\/\"},\"author\":{\"name\":\"admin\",\"@id\":\"https:\/\/eautomobiliai.lt\/#\/schema\/person\/ecf2a967f361217d056061f74deb92f2\"},\"headline\":\"\u201eEV\u201c \u017eem\u0117lapi\u0173 sudarymo \u012frankis ir \u201evieno langelio\u201c parduotuv\u0117, skirta nustatyti \u012fkrovimo vietas ir pad\u0117ti pirk\u0117jams\",\"datePublished\":\"2025-07-18T10:19:06+00:00\",\"mainEntityOfPage\":{\"@id\":\"https:\/\/eautomobiliai.lt\/index.php\/2025\/07\/18\/ev-zemelapiu-sudarymo-irankis-ir-vieno-langelio-parduotuve-skirta-nustatyti-ikrovimo-vietas-ir-padeti-pirkejams\/\"},\"wordCount\":378,\"commentCount\":0,\"image\":{\"@id\":\"https:\/\/eautomobiliai.lt\/index.php\/2025\/07\/18\/ev-zemelapiu-sudarymo-irankis-ir-vieno-langelio-parduotuve-skirta-nustatyti-ikrovimo-vietas-ir-padeti-pirkejams\/#primaryimage\"},\"thumbnailUrl\":\"http:\/\/eautomobiliai.lt\/wp-content\/uploads\/2025\/07\/\u201eEV-zemelapiu-sudarymo-irankis-ir-\u201evieno-langelio-parduotuve-skirta-nustatyti.jpg\",\"keywords\":[\"\u012fkrovimo\",\"\u012frankis\",\"langelio\",\"nustatyti\",\"pad\u0117ti\",\"parduotuv\u0117\",\"pirk\u0117jams\",\"skirta\",\"sudarymo\",\"vieno\",\"vietas\",\"\u017eem\u0117lapi\u0173\"],\"articleSection\":[\"eAUTOMOBILI\u0172 TECHNIN\u0116 PUS\u0116\"],\"inLanguage\":\"lt-LT\",\"potentialAction\":[{\"@type\":\"CommentAction\",\"name\":\"Comment\",\"target\":[\"https:\/\/eautomobiliai.lt\/index.php\/2025\/07\/18\/ev-zemelapiu-sudarymo-irankis-ir-vieno-langelio-parduotuve-skirta-nustatyti-ikrovimo-vietas-ir-padeti-pirkejams\/#respond\"]}]},{\"@type\":\"WebPage\",\"@id\":\"https:\/\/eautomobiliai.lt\/index.php\/2025\/07\/18\/ev-zemelapiu-sudarymo-irankis-ir-vieno-langelio-parduotuve-skirta-nustatyti-ikrovimo-vietas-ir-padeti-pirkejams\/\",\"url\":\"https:\/\/eautomobiliai.lt\/index.php\/2025\/07\/18\/ev-zemelapiu-sudarymo-irankis-ir-vieno-langelio-parduotuve-skirta-nustatyti-ikrovimo-vietas-ir-padeti-pirkejams\/\",\"name\":\"\u201eEV\u201c \u017eem\u0117lapi\u0173 sudarymo \u012frankis ir \u201evieno langelio\u201c parduotuv\u0117, skirta nustatyti \u012fkrovimo vietas ir pad\u0117ti pirk\u0117jams - Eautomobiliai.lt\",\"isPartOf\":{\"@id\":\"https:\/\/eautomobiliai.lt\/#website\"},\"primaryImageOfPage\":{\"@id\":\"https:\/\/eautomobiliai.lt\/index.php\/2025\/07\/18\/ev-zemelapiu-sudarymo-irankis-ir-vieno-langelio-parduotuve-skirta-nustatyti-ikrovimo-vietas-ir-padeti-pirkejams\/#primaryimage\"},\"image\":{\"@id\":\"https:\/\/eautomobiliai.lt\/index.php\/2025\/07\/18\/ev-zemelapiu-sudarymo-irankis-ir-vieno-langelio-parduotuve-skirta-nustatyti-ikrovimo-vietas-ir-padeti-pirkejams\/#primaryimage\"},\"thumbnailUrl\":\"http:\/\/eautomobiliai.lt\/wp-content\/uploads\/2025\/07\/\u201eEV-zemelapiu-sudarymo-irankis-ir-\u201evieno-langelio-parduotuve-skirta-nustatyti.jpg\",\"datePublished\":\"2025-07-18T10:19:06+00:00\",\"author\":{\"@id\":\"https:\/\/eautomobiliai.lt\/#\/schema\/person\/ecf2a967f361217d056061f74deb92f2\"},\"breadcrumb\":{\"@id\":\"https:\/\/eautomobiliai.lt\/index.php\/2025\/07\/18\/ev-zemelapiu-sudarymo-irankis-ir-vieno-langelio-parduotuve-skirta-nustatyti-ikrovimo-vietas-ir-padeti-pirkejams\/#breadcrumb\"},\"inLanguage\":\"lt-LT\",\"potentialAction\":[{\"@type\":\"ReadAction\",\"target\":[\"https:\/\/eautomobiliai.lt\/index.php\/2025\/07\/18\/ev-zemelapiu-sudarymo-irankis-ir-vieno-langelio-parduotuve-skirta-nustatyti-ikrovimo-vietas-ir-padeti-pirkejams\/\"]}]},{\"@type\":\"ImageObject\",\"inLanguage\":\"lt-LT\",\"@id\":\"https:\/\/eautomobiliai.lt\/index.php\/2025\/07\/18\/ev-zemelapiu-sudarymo-irankis-ir-vieno-langelio-parduotuve-skirta-nustatyti-ikrovimo-vietas-ir-padeti-pirkejams\/#primaryimage\",\"url\":\"http:\/\/eautomobiliai.lt\/wp-content\/uploads\/2025\/07\/\u201eEV-zemelapiu-sudarymo-irankis-ir-\u201evieno-langelio-parduotuve-skirta-nustatyti.jpg\",\"contentUrl\":\"http:\/\/eautomobiliai.lt\/wp-content\/uploads\/2025\/07\/\u201eEV-zemelapiu-sudarymo-irankis-ir-\u201evieno-langelio-parduotuve-skirta-nustatyti.jpg\",\"width\":1280,\"height\":853},{\"@type\":\"BreadcrumbList\",\"@id\":\"https:\/\/eautomobiliai.lt\/index.php\/2025\/07\/18\/ev-zemelapiu-sudarymo-irankis-ir-vieno-langelio-parduotuve-skirta-nustatyti-ikrovimo-vietas-ir-padeti-pirkejams\/#breadcrumb\",\"itemListElement\":[{\"@type\":\"ListItem\",\"position\":1,\"name\":\"Home\",\"item\":\"https:\/\/eautomobiliai.lt\/\"},{\"@type\":\"ListItem\",\"position\":2,\"name\":\"\u201eEV\u201c \u017eem\u0117lapi\u0173 sudarymo \u012frankis ir \u201evieno langelio\u201c parduotuv\u0117, skirta nustatyti \u012fkrovimo vietas ir pad\u0117ti pirk\u0117jams\"}]},{\"@type\":\"WebSite\",\"@id\":\"https:\/\/eautomobiliai.lt\/#website\",\"url\":\"https:\/\/eautomobiliai.lt\/\",\"name\":\"Eautomobiliai.lt\",\"description\":\"Elektrinis transportas, technologijos\",\"potentialAction\":[{\"@type\":\"SearchAction\",\"target\":{\"@type\":\"EntryPoint\",\"urlTemplate\":\"https:\/\/eautomobiliai.lt\/?s={search_term_string}\"},\"query-input\":{\"@type\":\"PropertyValueSpecification\",\"valueRequired\":true,\"valueName\":\"search_term_string\"}}],\"inLanguage\":\"lt-LT\"},{\"@type\":\"Person\",\"@id\":\"https:\/\/eautomobiliai.lt\/#\/schema\/person\/ecf2a967f361217d056061f74deb92f2\",\"name\":\"admin\",\"image\":{\"@type\":\"ImageObject\",\"inLanguage\":\"lt-LT\",\"@id\":\"https:\/\/eautomobiliai.lt\/#\/schema\/person\/image\/\",\"url\":\"https:\/\/secure.gravatar.com\/avatar\/6323379efae0c70c686c7905444d6bbd?s=96&d=mm&r=g\",\"contentUrl\":\"https:\/\/secure.gravatar.com\/avatar\/6323379efae0c70c686c7905444d6bbd?s=96&d=mm&r=g\",\"caption\":\"admin\"},\"sameAs\":[\"http:\/\/eautomobiliai.lt\"],\"url\":\"http:\/\/eautomobiliai.lt\/index.php\/author\/admin\/\"}]}<\/script>\n<!-- \/ Yoast SEO plugin. -->","yoast_head_json":{"title":"\u201eEV\u201c \u017eem\u0117lapi\u0173 sudarymo \u012frankis ir \u201evieno langelio\u201c parduotuv\u0117, skirta nustatyti \u012fkrovimo vietas ir pad\u0117ti pirk\u0117jams - Eautomobiliai.lt","robots":{"index":"index","follow":"follow","max-snippet":"max-snippet:-1","max-image-preview":"max-image-preview:large","max-video-preview":"max-video-preview:-1"},"canonical":"https:\/\/eautomobiliai.lt\/index.php\/2025\/07\/18\/ev-zemelapiu-sudarymo-irankis-ir-vieno-langelio-parduotuve-skirta-nustatyti-ikrovimo-vietas-ir-padeti-pirkejams\/","og_locale":"lt_LT","og_type":"article","og_title":"\u201eEV\u201c \u017eem\u0117lapi\u0173 sudarymo \u012frankis ir \u201evieno langelio\u201c parduotuv\u0117, skirta nustatyti \u012fkrovimo vietas ir pad\u0117ti pirk\u0117jams - Eautomobiliai.lt","og_description":"Federalin\u0117 leiborist\u0173 vyriausyb\u0117 pristat\u0117 nauj\u0105 \u017eem\u0117lapi\u0173 sudarymo \u012frank\u012f, kuris pad\u0117t\u0173 tinklo tiek\u0117jams ir \u012fkrovimo ta\u0161k\u0173 operatoriams nustatyti geriausias vietas, kad&hellip;","og_url":"https:\/\/eautomobiliai.lt\/index.php\/2025\/07\/18\/ev-zemelapiu-sudarymo-irankis-ir-vieno-langelio-parduotuve-skirta-nustatyti-ikrovimo-vietas-ir-padeti-pirkejams\/","og_site_name":"Eautomobiliai.lt","article_published_time":"2025-07-18T10:19:06+00:00","og_image":[{"width":1280,"height":853,"url":"https:\/\/eautomobiliai.lt\/wp-content\/uploads\/2025\/07\/\u201eEV-zemelapiu-sudarymo-irankis-ir-\u201evieno-langelio-parduotuve-skirta-nustatyti.jpg","type":"image\/jpeg"}],"author":"admin","twitter_card":"summary_large_image","twitter_misc":{"Written by":"admin","Est. reading time":"2 minut\u0117s"},"schema":{"@context":"https:\/\/schema.org","@graph":[{"@type":"Article","@id":"https:\/\/eautomobiliai.lt\/index.php\/2025\/07\/18\/ev-zemelapiu-sudarymo-irankis-ir-vieno-langelio-parduotuve-skirta-nustatyti-ikrovimo-vietas-ir-padeti-pirkejams\/#article","isPartOf":{"@id":"https:\/\/eautomobiliai.lt\/index.php\/2025\/07\/18\/ev-zemelapiu-sudarymo-irankis-ir-vieno-langelio-parduotuve-skirta-nustatyti-ikrovimo-vietas-ir-padeti-pirkejams\/"},"author":{"name":"admin","@id":"https:\/\/eautomobiliai.lt\/#\/schema\/person\/ecf2a967f361217d056061f74deb92f2"},"headline":"\u201eEV\u201c \u017eem\u0117lapi\u0173 sudarymo \u012frankis ir \u201evieno langelio\u201c parduotuv\u0117, skirta nustatyti \u012fkrovimo vietas ir pad\u0117ti pirk\u0117jams","datePublished":"2025-07-18T10:19:06+00:00","mainEntityOfPage":{"@id":"https:\/\/eautomobiliai.lt\/index.php\/2025\/07\/18\/ev-zemelapiu-sudarymo-irankis-ir-vieno-langelio-parduotuve-skirta-nustatyti-ikrovimo-vietas-ir-padeti-pirkejams\/"},"wordCount":378,"commentCount":0,"image":{"@id":"https:\/\/eautomobiliai.lt\/index.php\/2025\/07\/18\/ev-zemelapiu-sudarymo-irankis-ir-vieno-langelio-parduotuve-skirta-nustatyti-ikrovimo-vietas-ir-padeti-pirkejams\/#primaryimage"},"thumbnailUrl":"http:\/\/eautomobiliai.lt\/wp-content\/uploads\/2025\/07\/\u201eEV-zemelapiu-sudarymo-irankis-ir-\u201evieno-langelio-parduotuve-skirta-nustatyti.jpg","keywords":["\u012fkrovimo","\u012frankis","langelio","nustatyti","pad\u0117ti","parduotuv\u0117","pirk\u0117jams","skirta","sudarymo","vieno","vietas","\u017eem\u0117lapi\u0173"],"articleSection":["eAUTOMOBILI\u0172 TECHNIN\u0116 PUS\u0116"],"inLanguage":"lt-LT","potentialAction":[{"@type":"CommentAction","name":"Comment","target":["https:\/\/eautomobiliai.lt\/index.php\/2025\/07\/18\/ev-zemelapiu-sudarymo-irankis-ir-vieno-langelio-parduotuve-skirta-nustatyti-ikrovimo-vietas-ir-padeti-pirkejams\/#respond"]}]},{"@type":"WebPage","@id":"https:\/\/eautomobiliai.lt\/index.php\/2025\/07\/18\/ev-zemelapiu-sudarymo-irankis-ir-vieno-langelio-parduotuve-skirta-nustatyti-ikrovimo-vietas-ir-padeti-pirkejams\/","url":"https:\/\/eautomobiliai.lt\/index.php\/2025\/07\/18\/ev-zemelapiu-sudarymo-irankis-ir-vieno-langelio-parduotuve-skirta-nustatyti-ikrovimo-vietas-ir-padeti-pirkejams\/","name":"\u201eEV\u201c \u017eem\u0117lapi\u0173 sudarymo \u012frankis ir \u201evieno langelio\u201c parduotuv\u0117, skirta nustatyti \u012fkrovimo vietas ir pad\u0117ti pirk\u0117jams - Eautomobiliai.lt","isPartOf":{"@id":"https:\/\/eautomobiliai.lt\/#website"},"primaryImageOfPage":{"@id":"https:\/\/eautomobiliai.lt\/index.php\/2025\/07\/18\/ev-zemelapiu-sudarymo-irankis-ir-vieno-langelio-parduotuve-skirta-nustatyti-ikrovimo-vietas-ir-padeti-pirkejams\/#primaryimage"},"image":{"@id":"https:\/\/eautomobiliai.lt\/index.php\/2025\/07\/18\/ev-zemelapiu-sudarymo-irankis-ir-vieno-langelio-parduotuve-skirta-nustatyti-ikrovimo-vietas-ir-padeti-pirkejams\/#primaryimage"},"thumbnailUrl":"http:\/\/eautomobiliai.lt\/wp-content\/uploads\/2025\/07\/\u201eEV-zemelapiu-sudarymo-irankis-ir-\u201evieno-langelio-parduotuve-skirta-nustatyti.jpg","datePublished":"2025-07-18T10:19:06+00:00","author":{"@id":"https:\/\/eautomobiliai.lt\/#\/schema\/person\/ecf2a967f361217d056061f74deb92f2"},"breadcrumb":{"@id":"https:\/\/eautomobiliai.lt\/index.php\/2025\/07\/18\/ev-zemelapiu-sudarymo-irankis-ir-vieno-langelio-parduotuve-skirta-nustatyti-ikrovimo-vietas-ir-padeti-pirkejams\/#breadcrumb"},"inLanguage":"lt-LT","potentialAction":[{"@type":"ReadAction","target":["https:\/\/eautomobiliai.lt\/index.php\/2025\/07\/18\/ev-zemelapiu-sudarymo-irankis-ir-vieno-langelio-parduotuve-skirta-nustatyti-ikrovimo-vietas-ir-padeti-pirkejams\/"]}]},{"@type":"ImageObject","inLanguage":"lt-LT","@id":"https:\/\/eautomobiliai.lt\/index.php\/2025\/07\/18\/ev-zemelapiu-sudarymo-irankis-ir-vieno-langelio-parduotuve-skirta-nustatyti-ikrovimo-vietas-ir-padeti-pirkejams\/#primaryimage","url":"http:\/\/eautomobiliai.lt\/wp-content\/uploads\/2025\/07\/\u201eEV-zemelapiu-sudarymo-irankis-ir-\u201evieno-langelio-parduotuve-skirta-nustatyti.jpg","contentUrl":"http:\/\/eautomobiliai.lt\/wp-content\/uploads\/2025\/07\/\u201eEV-zemelapiu-sudarymo-irankis-ir-\u201evieno-langelio-parduotuve-skirta-nustatyti.jpg","width":1280,"height":853},{"@type":"BreadcrumbList","@id":"https:\/\/eautomobiliai.lt\/index.php\/2025\/07\/18\/ev-zemelapiu-sudarymo-irankis-ir-vieno-langelio-parduotuve-skirta-nustatyti-ikrovimo-vietas-ir-padeti-pirkejams\/#breadcrumb","itemListElement":[{"@type":"ListItem","position":1,"name":"Home","item":"https:\/\/eautomobiliai.lt\/"},{"@type":"ListItem","position":2,"name":"\u201eEV\u201c \u017eem\u0117lapi\u0173 sudarymo \u012frankis ir \u201evieno langelio\u201c parduotuv\u0117, skirta nustatyti \u012fkrovimo vietas ir pad\u0117ti pirk\u0117jams"}]},{"@type":"WebSite","@id":"https:\/\/eautomobiliai.lt\/#website","url":"https:\/\/eautomobiliai.lt\/","name":"Eautomobiliai.lt","description":"Elektrinis transportas, technologijos","potentialAction":[{"@type":"SearchAction","target":{"@type":"EntryPoint","urlTemplate":"https:\/\/eautomobiliai.lt\/?s={search_term_string}"},"query-input":{"@type":"PropertyValueSpecification","valueRequired":true,"valueName":"search_term_string"}}],"inLanguage":"lt-LT"},{"@type":"Person","@id":"https:\/\/eautomobiliai.lt\/#\/schema\/person\/ecf2a967f361217d056061f74deb92f2","name":"admin","image":{"@type":"ImageObject","inLanguage":"lt-LT","@id":"https:\/\/eautomobiliai.lt\/#\/schema\/person\/image\/","url":"https:\/\/secure.gravatar.com\/avatar\/6323379efae0c70c686c7905444d6bbd?s=96&d=mm&r=g","contentUrl":"https:\/\/secure.gravatar.com\/avatar\/6323379efae0c70c686c7905444d6bbd?s=96&d=mm&r=g","caption":"admin"},"sameAs":["http:\/\/eautomobiliai.lt"],"url":"http:\/\/eautomobiliai.lt\/index.php\/author\/admin\/"}]}},"_links":{"self":[{"href":"http:\/\/eautomobiliai.lt\/index.php\/wp-json\/wp\/v2\/posts\/1525","targetHints":{"allow":["GET"]}}],"collection":[{"href":"http:\/\/eautomobiliai.lt\/index.php\/wp-json\/wp\/v2\/posts"}],"about":[{"href":"http:\/\/eautomobiliai.lt\/index.php\/wp-json\/wp\/v2\/types\/post"}],"author":[{"embeddable":true,"href":"http:\/\/eautomobiliai.lt\/index.php\/wp-json\/wp\/v2\/users\/1"}],"replies":[{"embeddable":true,"href":"http:\/\/eautomobiliai.lt\/index.php\/wp-json\/wp\/v2\/comments?post=1525"}],"version-history":[{"count":0,"href":"http:\/\/eautomobiliai.lt\/index.php\/wp-json\/wp\/v2\/posts\/1525\/revisions"}],"wp:featuredmedia":[{"embeddable":true,"href":"http:\/\/eautomobiliai.lt\/index.php\/wp-json\/wp\/v2\/media\/1526"}],"wp:attachment":[{"href":"http:\/\/eautomobiliai.lt\/index.php\/wp-json\/wp\/v2\/media?parent=1525"}],"wp:term":[{"taxonomy":"category","embeddable":true,"href":"http:\/\/eautomobiliai.lt\/index.php\/wp-json\/wp\/v2\/categories?post=1525"},{"taxonomy":"post_tag","embeddable":true,"href":"http:\/\/eautomobiliai.lt\/index.php\/wp-json\/wp\/v2\/tags?post=1525"}],"curies":[{"name":"wp","href":"https:\/\/api.w.org\/{rel}","templated":true}]}}