{"id":1544,"date":"2025-07-20T10:24:08","date_gmt":"2025-07-20T10:24:08","guid":{"rendered":"https:\/\/eautomobiliai.lt\/index.php\/2025\/07\/20\/pirmasis-kia-elektrinis-sedanas-dabar-patvirtintas-parduoti-australijoje\/"},"modified":"2025-07-20T10:24:08","modified_gmt":"2025-07-20T10:24:08","slug":"pirmasis-kia-elektrinis-sedanas-dabar-patvirtintas-parduoti-australijoje","status":"publish","type":"post","link":"http:\/\/eautomobiliai.lt\/index.php\/2025\/07\/20\/pirmasis-kia-elektrinis-sedanas-dabar-patvirtintas-parduoti-australijoje\/","title":{"rendered":"Pirmasis \u201eKia\u201c elektrinis sedanas dabar patvirtintas parduoti Australijoje"},"content":{"rendered":"<p> <br \/>\n<\/p>\n<div id=\"\">\n<p><span style=\"font-weight: 400;\">Piet\u0173 Kor\u0117jos automobili\u0173 gamintoja \u201eKia\u201c gavo patvirtinim\u0105 d\u0117l savo pirmojo elektrinio sedano Australijoje, EV4, kuriame bus trys variantai ir v\u0117liau \u0161iais metais gal\u0117s atvykti \u012f m\u016bs\u0173 vietinius krantus.<\/span><\/p>\n<p><span style=\"font-weight: 400;\">\u201eEV4\u201c bus galima \u012fsigyti standartiniame diapazone su 17 coli\u0173 ratais pradinio lygio modelyje. Ilgame nuotolio ir \u201eGT-Line\u201c modeliuose bus didesni 19 coli\u0173 ratai.<\/span><\/p>\n<p>Tai ateina m\u0117nesiai po i\u0161leidimo <span style=\"font-weight: 400;\">Ma\u017eiausias bendrov\u0117s visureigis \u201eKia EV3\u201c, kuris po to, kai i\u0161leido populiar\u0173j\u012f didesn\u012f elektrin\u012f visureig\u012f \u201eEV5\u201c ir \u201eEV9\u201c \u017emoni\u0173.<\/span><\/p>\n<p><span style=\"font-weight: 400;\">Naujasis \u201eKia EV4\u201c bus si\u016blomas su dviem akumuliatori\u0173 pakuot\u0117mis. Pirmasis yra 58,3 kWh standartinio diapazono modeliui, o tolimojo nuotolio modeliai gauna 81,4 kWh.<\/span><\/p>\n<p><span style=\"font-weight: 400;\">\u0160ios baterijos pakuot\u0117s atrodo pana\u0161ios \u012f neseniai i\u0161leist\u0105 \u201eEV3\u201c, kuris gauna 58,3 kWh baterijos pakuot\u0119 standartinio diapazono \u012f\u0117jimo modelyje, pristatant 436 km WLTP diapazon\u0105. Didesnis diapazonas yra si\u016blomas tolimojo nuotolio variante: 81,4 kWh WLTP cikle pateikia nurodyt\u0105 diapazon\u0105 iki 604 km.<\/span><\/p>\n<figure id=\"attachment_189299\" aria-describedby=\"caption-attachment-189299\" style=\"width: 1007px\" class=\"wp-caption aligncenter\"><img loading=\"lazy\" decoding=\"async\" class=\"size-full wp-image-189299\" src=\"https:\/\/thedriven.io\/wp-content\/uploads\/2025\/07\/Kia-EV4-RAV-Approval.jpg\" alt=\"\" width=\"1007\" height=\"498\" srcset=\"https:\/\/thedriven.io\/wp-content\/uploads\/2025\/07\/Kia-EV4-RAV-Approval.jpg 1007w, https:\/\/thedriven.io\/wp-content\/uploads\/2025\/07\/Kia-EV4-RAV-Approval-388x192.jpg 388w, https:\/\/thedriven.io\/wp-content\/uploads\/2025\/07\/Kia-EV4-RAV-Approval-800x396.jpg 800w, https:\/\/thedriven.io\/wp-content\/uploads\/2025\/07\/Kia-EV4-RAV-Approval-120x59.jpg 120w, https:\/\/thedriven.io\/wp-content\/uploads\/2025\/07\/Kia-EV4-RAV-Approval-90x45.jpg 90w, https:\/\/thedriven.io\/wp-content\/uploads\/2025\/07\/Kia-EV4-RAV-Approval-320x158.jpg 320w, https:\/\/thedriven.io\/wp-content\/uploads\/2025\/07\/Kia-EV4-RAV-Approval-560x277.jpg 560w, https:\/\/thedriven.io\/wp-content\/uploads\/2025\/07\/Kia-EV4-RAV-Approval-150x74.jpg 150w, https:\/\/thedriven.io\/wp-content\/uploads\/2025\/07\/Kia-EV4-RAV-Approval-240x119.jpg 240w, https:\/\/thedriven.io\/wp-content\/uploads\/2025\/07\/Kia-EV4-RAV-Approval-180x89.jpg 180w, https:\/\/thedriven.io\/wp-content\/uploads\/2025\/07\/Kia-EV4-RAV-Approval-640x317.jpg 640w, https:\/\/thedriven.io\/wp-content\/uploads\/2025\/07\/Kia-EV4-RAV-Approval-300x148.jpg 300w\" sizes=\"auto, (max-width: 1007px) 100vw, 1007px\"\/><figcaption id=\"caption-attachment-189299\" class=\"wp-caption-text\">Vaizdas: Australijos infrastrukt\u016bra<\/figcaption><\/figure>\n<p><span style=\"font-weight: 400;\">Visi trys EV variantai apima priekini\u0173 rat\u0173 pavaros (FWD) j\u0117gos pavar\u0105, neturin\u010di\u0105 vis\u0173 rat\u0173 pavaros (AWD) versijos, pasteb\u0117tos patvirtinimo dokumentacijoje.<\/span><\/p>\n<p>Kalbant apie j\u0117gos pavar\u0105, buvo u\u017esimenama apie 150 kW galios varikl\u012f ir atsi\u017evelgiant \u012f jo specifikacijas u\u017esienio rinkose, grei\u010diausiai 0\u2013100 km\/h pagrei\u010dio laikas bus \u0161iek tiek daugiau nei 7 sekund\u0117s.<\/p>\n<p><span style=\"font-weight: 400;\">Matmen\u0173 po\u017ei\u016briu sedanas yra 4,73 metr\u0173 ilgio, kurio auk\u0161tis yra \u0161iek tiek ma\u017eesnis nei 1,5 metro. Vykdymo klirensas taip pat buvo pateiktas 140 mm dokumentuose, kuris yra tas pats, kaip ir \u201eEV3\u201c ma\u017eas visureigis.<\/span><\/p>\n<p><span style=\"font-weight: 400;\">Standartiniai variantai sveria 1805 kg ir gali vilkti iki 500 kg, o tolimojo nuotolio versij\u0173 svoris vir\u0161ija 1900 kg, o stabdoma vilkimo talpa-iki 1000 kg.<\/span><\/p>\n<p><span style=\"font-weight: 400;\">Be to, art\u0117jan\u010diame \u201eKia EV4\u201c, kaip ir kiti nauji KIA modeliai, tur\u0117s bendrov\u0117s 7 met\u0173\/neribot\u0105 KM garantij\u0105, suteikdama pirk\u0117jams ramyb\u0119.<\/span><\/p>\n<p><span style=\"font-weight: 400;\">Daugiau informacijos apie b\u016bsim\u0105 \u201eKia EV4\u201c, \u012fskaitant pagrindines vietines specifikacijas ir kainodar\u0105, grei\u010diausiai bus paskelbta v\u0117liau \u0161iais metais. <\/span><\/p>\n<p><span style=\"font-weight: 400;\">Ta\u010diau \u0161iame etape mes tikim\u0117s, kad pradin\u0117 \u0161io modelio kaina bus ar\u010diau 50 000 USD, \u0161iek tiek vir\u0161 pradinio EV3 oro standarto diapazono, kai jis bus paskelbtas ar\u010diau paleidimo.<\/span><\/p>\n<div class=\"saboxplugin-wrap\" itemtype=\"http:\/\/schema.org\/Person\" itemscope=\"\" itemprop=\"author\">\n<div class=\"saboxplugin-tab\">\n<div class=\"saboxplugin-gravatar\"><img decoding=\"async\" width=\"100\" height=\"100\" alt=\"Rizas Akhtar\" itemprop=\"image\" loading=\"lazy\" class=\"native-lazyload-js-fallback\" src=\"https:\/\/b2232832.smushcdn.com\/2232832\/wp-content\/uploads\/2022\/02\/Riz.jpg?lossy=1&amp;strip=0&amp;webp=1\"\/><img loading=\"lazy\" decoding=\"async\" src=\"https:\/\/thedriven.io\/wp-content\/uploads\/2022\/02\/Riz.jpg\" width=\"100\" height=\"100\" alt=\"Rizas Akhtar\" itemprop=\"image\"\/><\/div>\n<div class=\"saboxplugin-desc\">\n<div itemprop=\"description\">\n<p>RIZ yra \u201eCarloop\u201c \u012fk\u016br\u0117jas, \u012fsik\u016br\u0119s Melburne, specializuojasi Australijos EV duomenyse, \u012f\u017evalgos ataskaitose ir tendencijose. Jis yra mechanikos in\u017einierius, prie\u0161 pradedant \u201eCarloop\u201c pirmuosius 7 savo karjeros statybos transporto infrastrukt\u016bros metus. Jis turi aistr\u0105 automobiliams, ypa\u010d EV ir nori pad\u0117ti suma\u017einti transporto i\u0161metim\u0105 Australijoje. \u0160iuo metu jis vairuoja \u201eRed Tesla\u201c model\u012f 3.<\/p>\n<\/div>\n<\/div>\n<\/div>\n<\/div>\n<p><!-- AI CONTENT END 1 --><\/p><\/div>\n<p><br \/>\n<br \/><a href=\"https:\/\/thedriven.io\/2025\/07\/19\/kias-first-electric-sedan-now-approved-for-sale-in-australia\/\">Source link <\/a><\/p>\n","protected":false},"excerpt":{"rendered":"<p>Piet\u0173 Kor\u0117jos automobili\u0173 gamintoja \u201eKia\u201c gavo patvirtinim\u0105 d\u0117l savo pirmojo elektrinio sedano Australijoje, EV4, kuriame bus trys variantai ir v\u0117liau&hellip;<\/p>\n","protected":false},"author":1,"featured_media":1545,"comment_status":"open","ping_status":"open","sticky":false,"template":"","format":"standard","meta":{"om_disable_all_campaigns":false,"_monsterinsights_skip_tracking":false,"_monsterinsights_sitenote_active":false,"_monsterinsights_sitenote_note":"","_monsterinsights_sitenote_category":0,"footnotes":""},"categories":[39],"tags":[115,458,26,121,1638,2994,807,2993],"class_list":["post-1544","post","type-post","status-publish","format-standard","has-post-thumbnail","hentry","category-eautomobiliu-technine-puse","tag-australijoje","tag-dabar","tag-elektrinis","tag-kia","tag-parduoti","tag-patvirtintas","tag-pirmasis","tag-sedanas"],"aioseo_notices":[],"yoast_head":"<!-- This site is optimized with the Yoast SEO plugin v26.8 - https:\/\/yoast.com\/product\/yoast-seo-wordpress\/ -->\n<title>Pirmasis \u201eKia\u201c elektrinis sedanas dabar patvirtintas parduoti Australijoje - Eautomobiliai.lt<\/title>\n<meta name=\"robots\" content=\"index, follow, max-snippet:-1, max-image-preview:large, max-video-preview:-1\" \/>\n<link rel=\"canonical\" href=\"https:\/\/eautomobiliai.lt\/index.php\/2025\/07\/20\/pirmasis-kia-elektrinis-sedanas-dabar-patvirtintas-parduoti-australijoje\/\" \/>\n<meta property=\"og:locale\" content=\"lt_LT\" \/>\n<meta property=\"og:type\" content=\"article\" \/>\n<meta property=\"og:title\" content=\"Pirmasis \u201eKia\u201c elektrinis sedanas dabar patvirtintas parduoti Australijoje - Eautomobiliai.lt\" \/>\n<meta property=\"og:description\" content=\"Piet\u0173 Kor\u0117jos automobili\u0173 gamintoja \u201eKia\u201c gavo patvirtinim\u0105 d\u0117l savo pirmojo elektrinio sedano Australijoje, EV4, kuriame bus trys variantai ir v\u0117liau&hellip;\" \/>\n<meta property=\"og:url\" content=\"https:\/\/eautomobiliai.lt\/index.php\/2025\/07\/20\/pirmasis-kia-elektrinis-sedanas-dabar-patvirtintas-parduoti-australijoje\/\" \/>\n<meta property=\"og:site_name\" content=\"Eautomobiliai.lt\" \/>\n<meta property=\"article:published_time\" content=\"2025-07-20T10:24:08+00:00\" \/>\n<meta property=\"og:image\" content=\"https:\/\/eautomobiliai.lt\/wp-content\/uploads\/2025\/07\/Pirmasis-\u201eKia-elektrinis-sedanas-dabar-patvirtintas-parduoti-Australijoje.jpg\" \/>\n\t<meta property=\"og:image:width\" content=\"1200\" \/>\n\t<meta property=\"og:image:height\" content=\"675\" \/>\n\t<meta property=\"og:image:type\" content=\"image\/jpeg\" \/>\n<meta name=\"author\" content=\"admin\" \/>\n<meta name=\"twitter:card\" content=\"summary_large_image\" \/>\n<meta name=\"twitter:label1\" content=\"Written by\" \/>\n\t<meta name=\"twitter:data1\" content=\"admin\" \/>\n\t<meta name=\"twitter:label2\" content=\"Est. reading time\" \/>\n\t<meta name=\"twitter:data2\" content=\"2 minut\u0117s\" \/>\n<script type=\"application\/ld+json\" class=\"yoast-schema-graph\">{\"@context\":\"https:\/\/schema.org\",\"@graph\":[{\"@type\":\"Article\",\"@id\":\"https:\/\/eautomobiliai.lt\/index.php\/2025\/07\/20\/pirmasis-kia-elektrinis-sedanas-dabar-patvirtintas-parduoti-australijoje\/#article\",\"isPartOf\":{\"@id\":\"https:\/\/eautomobiliai.lt\/index.php\/2025\/07\/20\/pirmasis-kia-elektrinis-sedanas-dabar-patvirtintas-parduoti-australijoje\/\"},\"author\":{\"name\":\"admin\",\"@id\":\"https:\/\/eautomobiliai.lt\/#\/schema\/person\/ecf2a967f361217d056061f74deb92f2\"},\"headline\":\"Pirmasis \u201eKia\u201c elektrinis sedanas dabar patvirtintas parduoti Australijoje\",\"datePublished\":\"2025-07-20T10:24:08+00:00\",\"mainEntityOfPage\":{\"@id\":\"https:\/\/eautomobiliai.lt\/index.php\/2025\/07\/20\/pirmasis-kia-elektrinis-sedanas-dabar-patvirtintas-parduoti-australijoje\/\"},\"wordCount\":410,\"commentCount\":0,\"image\":{\"@id\":\"https:\/\/eautomobiliai.lt\/index.php\/2025\/07\/20\/pirmasis-kia-elektrinis-sedanas-dabar-patvirtintas-parduoti-australijoje\/#primaryimage\"},\"thumbnailUrl\":\"http:\/\/eautomobiliai.lt\/wp-content\/uploads\/2025\/07\/Pirmasis-\u201eKia-elektrinis-sedanas-dabar-patvirtintas-parduoti-Australijoje.jpg\",\"keywords\":[\"Australijoje\",\"dabar\",\"Elektrinis\",\"Kia\",\"parduoti\",\"patvirtintas\",\"pirmasis\",\"sedanas\"],\"articleSection\":[\"eAUTOMOBILI\u0172 TECHNIN\u0116 PUS\u0116\"],\"inLanguage\":\"lt-LT\",\"potentialAction\":[{\"@type\":\"CommentAction\",\"name\":\"Comment\",\"target\":[\"https:\/\/eautomobiliai.lt\/index.php\/2025\/07\/20\/pirmasis-kia-elektrinis-sedanas-dabar-patvirtintas-parduoti-australijoje\/#respond\"]}]},{\"@type\":\"WebPage\",\"@id\":\"https:\/\/eautomobiliai.lt\/index.php\/2025\/07\/20\/pirmasis-kia-elektrinis-sedanas-dabar-patvirtintas-parduoti-australijoje\/\",\"url\":\"https:\/\/eautomobiliai.lt\/index.php\/2025\/07\/20\/pirmasis-kia-elektrinis-sedanas-dabar-patvirtintas-parduoti-australijoje\/\",\"name\":\"Pirmasis \u201eKia\u201c elektrinis sedanas dabar patvirtintas parduoti Australijoje - Eautomobiliai.lt\",\"isPartOf\":{\"@id\":\"https:\/\/eautomobiliai.lt\/#website\"},\"primaryImageOfPage\":{\"@id\":\"https:\/\/eautomobiliai.lt\/index.php\/2025\/07\/20\/pirmasis-kia-elektrinis-sedanas-dabar-patvirtintas-parduoti-australijoje\/#primaryimage\"},\"image\":{\"@id\":\"https:\/\/eautomobiliai.lt\/index.php\/2025\/07\/20\/pirmasis-kia-elektrinis-sedanas-dabar-patvirtintas-parduoti-australijoje\/#primaryimage\"},\"thumbnailUrl\":\"http:\/\/eautomobiliai.lt\/wp-content\/uploads\/2025\/07\/Pirmasis-\u201eKia-elektrinis-sedanas-dabar-patvirtintas-parduoti-Australijoje.jpg\",\"datePublished\":\"2025-07-20T10:24:08+00:00\",\"author\":{\"@id\":\"https:\/\/eautomobiliai.lt\/#\/schema\/person\/ecf2a967f361217d056061f74deb92f2\"},\"breadcrumb\":{\"@id\":\"https:\/\/eautomobiliai.lt\/index.php\/2025\/07\/20\/pirmasis-kia-elektrinis-sedanas-dabar-patvirtintas-parduoti-australijoje\/#breadcrumb\"},\"inLanguage\":\"lt-LT\",\"potentialAction\":[{\"@type\":\"ReadAction\",\"target\":[\"https:\/\/eautomobiliai.lt\/index.php\/2025\/07\/20\/pirmasis-kia-elektrinis-sedanas-dabar-patvirtintas-parduoti-australijoje\/\"]}]},{\"@type\":\"ImageObject\",\"inLanguage\":\"lt-LT\",\"@id\":\"https:\/\/eautomobiliai.lt\/index.php\/2025\/07\/20\/pirmasis-kia-elektrinis-sedanas-dabar-patvirtintas-parduoti-australijoje\/#primaryimage\",\"url\":\"http:\/\/eautomobiliai.lt\/wp-content\/uploads\/2025\/07\/Pirmasis-\u201eKia-elektrinis-sedanas-dabar-patvirtintas-parduoti-Australijoje.jpg\",\"contentUrl\":\"http:\/\/eautomobiliai.lt\/wp-content\/uploads\/2025\/07\/Pirmasis-\u201eKia-elektrinis-sedanas-dabar-patvirtintas-parduoti-Australijoje.jpg\",\"width\":1200,\"height\":675},{\"@type\":\"BreadcrumbList\",\"@id\":\"https:\/\/eautomobiliai.lt\/index.php\/2025\/07\/20\/pirmasis-kia-elektrinis-sedanas-dabar-patvirtintas-parduoti-australijoje\/#breadcrumb\",\"itemListElement\":[{\"@type\":\"ListItem\",\"position\":1,\"name\":\"Home\",\"item\":\"https:\/\/eautomobiliai.lt\/\"},{\"@type\":\"ListItem\",\"position\":2,\"name\":\"Pirmasis \u201eKia\u201c elektrinis sedanas dabar patvirtintas parduoti Australijoje\"}]},{\"@type\":\"WebSite\",\"@id\":\"https:\/\/eautomobiliai.lt\/#website\",\"url\":\"https:\/\/eautomobiliai.lt\/\",\"name\":\"Eautomobiliai.lt\",\"description\":\"Elektrinis transportas, technologijos\",\"potentialAction\":[{\"@type\":\"SearchAction\",\"target\":{\"@type\":\"EntryPoint\",\"urlTemplate\":\"https:\/\/eautomobiliai.lt\/?s={search_term_string}\"},\"query-input\":{\"@type\":\"PropertyValueSpecification\",\"valueRequired\":true,\"valueName\":\"search_term_string\"}}],\"inLanguage\":\"lt-LT\"},{\"@type\":\"Person\",\"@id\":\"https:\/\/eautomobiliai.lt\/#\/schema\/person\/ecf2a967f361217d056061f74deb92f2\",\"name\":\"admin\",\"image\":{\"@type\":\"ImageObject\",\"inLanguage\":\"lt-LT\",\"@id\":\"https:\/\/eautomobiliai.lt\/#\/schema\/person\/image\/\",\"url\":\"https:\/\/secure.gravatar.com\/avatar\/6323379efae0c70c686c7905444d6bbd?s=96&d=mm&r=g\",\"contentUrl\":\"https:\/\/secure.gravatar.com\/avatar\/6323379efae0c70c686c7905444d6bbd?s=96&d=mm&r=g\",\"caption\":\"admin\"},\"sameAs\":[\"http:\/\/eautomobiliai.lt\"],\"url\":\"http:\/\/eautomobiliai.lt\/index.php\/author\/admin\/\"}]}<\/script>\n<!-- \/ Yoast SEO plugin. -->","yoast_head_json":{"title":"Pirmasis \u201eKia\u201c elektrinis sedanas dabar patvirtintas parduoti Australijoje - Eautomobiliai.lt","robots":{"index":"index","follow":"follow","max-snippet":"max-snippet:-1","max-image-preview":"max-image-preview:large","max-video-preview":"max-video-preview:-1"},"canonical":"https:\/\/eautomobiliai.lt\/index.php\/2025\/07\/20\/pirmasis-kia-elektrinis-sedanas-dabar-patvirtintas-parduoti-australijoje\/","og_locale":"lt_LT","og_type":"article","og_title":"Pirmasis \u201eKia\u201c elektrinis sedanas dabar patvirtintas parduoti Australijoje - Eautomobiliai.lt","og_description":"Piet\u0173 Kor\u0117jos automobili\u0173 gamintoja \u201eKia\u201c gavo patvirtinim\u0105 d\u0117l savo pirmojo elektrinio sedano Australijoje, EV4, kuriame bus trys variantai ir v\u0117liau&hellip;","og_url":"https:\/\/eautomobiliai.lt\/index.php\/2025\/07\/20\/pirmasis-kia-elektrinis-sedanas-dabar-patvirtintas-parduoti-australijoje\/","og_site_name":"Eautomobiliai.lt","article_published_time":"2025-07-20T10:24:08+00:00","og_image":[{"width":1200,"height":675,"url":"https:\/\/eautomobiliai.lt\/wp-content\/uploads\/2025\/07\/Pirmasis-\u201eKia-elektrinis-sedanas-dabar-patvirtintas-parduoti-Australijoje.jpg","type":"image\/jpeg"}],"author":"admin","twitter_card":"summary_large_image","twitter_misc":{"Written by":"admin","Est. reading time":"2 minut\u0117s"},"schema":{"@context":"https:\/\/schema.org","@graph":[{"@type":"Article","@id":"https:\/\/eautomobiliai.lt\/index.php\/2025\/07\/20\/pirmasis-kia-elektrinis-sedanas-dabar-patvirtintas-parduoti-australijoje\/#article","isPartOf":{"@id":"https:\/\/eautomobiliai.lt\/index.php\/2025\/07\/20\/pirmasis-kia-elektrinis-sedanas-dabar-patvirtintas-parduoti-australijoje\/"},"author":{"name":"admin","@id":"https:\/\/eautomobiliai.lt\/#\/schema\/person\/ecf2a967f361217d056061f74deb92f2"},"headline":"Pirmasis \u201eKia\u201c elektrinis sedanas dabar patvirtintas parduoti Australijoje","datePublished":"2025-07-20T10:24:08+00:00","mainEntityOfPage":{"@id":"https:\/\/eautomobiliai.lt\/index.php\/2025\/07\/20\/pirmasis-kia-elektrinis-sedanas-dabar-patvirtintas-parduoti-australijoje\/"},"wordCount":410,"commentCount":0,"image":{"@id":"https:\/\/eautomobiliai.lt\/index.php\/2025\/07\/20\/pirmasis-kia-elektrinis-sedanas-dabar-patvirtintas-parduoti-australijoje\/#primaryimage"},"thumbnailUrl":"http:\/\/eautomobiliai.lt\/wp-content\/uploads\/2025\/07\/Pirmasis-\u201eKia-elektrinis-sedanas-dabar-patvirtintas-parduoti-Australijoje.jpg","keywords":["Australijoje","dabar","Elektrinis","Kia","parduoti","patvirtintas","pirmasis","sedanas"],"articleSection":["eAUTOMOBILI\u0172 TECHNIN\u0116 PUS\u0116"],"inLanguage":"lt-LT","potentialAction":[{"@type":"CommentAction","name":"Comment","target":["https:\/\/eautomobiliai.lt\/index.php\/2025\/07\/20\/pirmasis-kia-elektrinis-sedanas-dabar-patvirtintas-parduoti-australijoje\/#respond"]}]},{"@type":"WebPage","@id":"https:\/\/eautomobiliai.lt\/index.php\/2025\/07\/20\/pirmasis-kia-elektrinis-sedanas-dabar-patvirtintas-parduoti-australijoje\/","url":"https:\/\/eautomobiliai.lt\/index.php\/2025\/07\/20\/pirmasis-kia-elektrinis-sedanas-dabar-patvirtintas-parduoti-australijoje\/","name":"Pirmasis \u201eKia\u201c elektrinis sedanas dabar patvirtintas parduoti Australijoje - Eautomobiliai.lt","isPartOf":{"@id":"https:\/\/eautomobiliai.lt\/#website"},"primaryImageOfPage":{"@id":"https:\/\/eautomobiliai.lt\/index.php\/2025\/07\/20\/pirmasis-kia-elektrinis-sedanas-dabar-patvirtintas-parduoti-australijoje\/#primaryimage"},"image":{"@id":"https:\/\/eautomobiliai.lt\/index.php\/2025\/07\/20\/pirmasis-kia-elektrinis-sedanas-dabar-patvirtintas-parduoti-australijoje\/#primaryimage"},"thumbnailUrl":"http:\/\/eautomobiliai.lt\/wp-content\/uploads\/2025\/07\/Pirmasis-\u201eKia-elektrinis-sedanas-dabar-patvirtintas-parduoti-Australijoje.jpg","datePublished":"2025-07-20T10:24:08+00:00","author":{"@id":"https:\/\/eautomobiliai.lt\/#\/schema\/person\/ecf2a967f361217d056061f74deb92f2"},"breadcrumb":{"@id":"https:\/\/eautomobiliai.lt\/index.php\/2025\/07\/20\/pirmasis-kia-elektrinis-sedanas-dabar-patvirtintas-parduoti-australijoje\/#breadcrumb"},"inLanguage":"lt-LT","potentialAction":[{"@type":"ReadAction","target":["https:\/\/eautomobiliai.lt\/index.php\/2025\/07\/20\/pirmasis-kia-elektrinis-sedanas-dabar-patvirtintas-parduoti-australijoje\/"]}]},{"@type":"ImageObject","inLanguage":"lt-LT","@id":"https:\/\/eautomobiliai.lt\/index.php\/2025\/07\/20\/pirmasis-kia-elektrinis-sedanas-dabar-patvirtintas-parduoti-australijoje\/#primaryimage","url":"http:\/\/eautomobiliai.lt\/wp-content\/uploads\/2025\/07\/Pirmasis-\u201eKia-elektrinis-sedanas-dabar-patvirtintas-parduoti-Australijoje.jpg","contentUrl":"http:\/\/eautomobiliai.lt\/wp-content\/uploads\/2025\/07\/Pirmasis-\u201eKia-elektrinis-sedanas-dabar-patvirtintas-parduoti-Australijoje.jpg","width":1200,"height":675},{"@type":"BreadcrumbList","@id":"https:\/\/eautomobiliai.lt\/index.php\/2025\/07\/20\/pirmasis-kia-elektrinis-sedanas-dabar-patvirtintas-parduoti-australijoje\/#breadcrumb","itemListElement":[{"@type":"ListItem","position":1,"name":"Home","item":"https:\/\/eautomobiliai.lt\/"},{"@type":"ListItem","position":2,"name":"Pirmasis \u201eKia\u201c elektrinis sedanas dabar patvirtintas parduoti Australijoje"}]},{"@type":"WebSite","@id":"https:\/\/eautomobiliai.lt\/#website","url":"https:\/\/eautomobiliai.lt\/","name":"Eautomobiliai.lt","description":"Elektrinis transportas, technologijos","potentialAction":[{"@type":"SearchAction","target":{"@type":"EntryPoint","urlTemplate":"https:\/\/eautomobiliai.lt\/?s={search_term_string}"},"query-input":{"@type":"PropertyValueSpecification","valueRequired":true,"valueName":"search_term_string"}}],"inLanguage":"lt-LT"},{"@type":"Person","@id":"https:\/\/eautomobiliai.lt\/#\/schema\/person\/ecf2a967f361217d056061f74deb92f2","name":"admin","image":{"@type":"ImageObject","inLanguage":"lt-LT","@id":"https:\/\/eautomobiliai.lt\/#\/schema\/person\/image\/","url":"https:\/\/secure.gravatar.com\/avatar\/6323379efae0c70c686c7905444d6bbd?s=96&d=mm&r=g","contentUrl":"https:\/\/secure.gravatar.com\/avatar\/6323379efae0c70c686c7905444d6bbd?s=96&d=mm&r=g","caption":"admin"},"sameAs":["http:\/\/eautomobiliai.lt"],"url":"http:\/\/eautomobiliai.lt\/index.php\/author\/admin\/"}]}},"_links":{"self":[{"href":"http:\/\/eautomobiliai.lt\/index.php\/wp-json\/wp\/v2\/posts\/1544","targetHints":{"allow":["GET"]}}],"collection":[{"href":"http:\/\/eautomobiliai.lt\/index.php\/wp-json\/wp\/v2\/posts"}],"about":[{"href":"http:\/\/eautomobiliai.lt\/index.php\/wp-json\/wp\/v2\/types\/post"}],"author":[{"embeddable":true,"href":"http:\/\/eautomobiliai.lt\/index.php\/wp-json\/wp\/v2\/users\/1"}],"replies":[{"embeddable":true,"href":"http:\/\/eautomobiliai.lt\/index.php\/wp-json\/wp\/v2\/comments?post=1544"}],"version-history":[{"count":0,"href":"http:\/\/eautomobiliai.lt\/index.php\/wp-json\/wp\/v2\/posts\/1544\/revisions"}],"wp:featuredmedia":[{"embeddable":true,"href":"http:\/\/eautomobiliai.lt\/index.php\/wp-json\/wp\/v2\/media\/1545"}],"wp:attachment":[{"href":"http:\/\/eautomobiliai.lt\/index.php\/wp-json\/wp\/v2\/media?parent=1544"}],"wp:term":[{"taxonomy":"category","embeddable":true,"href":"http:\/\/eautomobiliai.lt\/index.php\/wp-json\/wp\/v2\/categories?post=1544"},{"taxonomy":"post_tag","embeddable":true,"href":"http:\/\/eautomobiliai.lt\/index.php\/wp-json\/wp\/v2\/tags?post=1544"}],"curies":[{"name":"wp","href":"https:\/\/api.w.org\/{rel}","templated":true}]}}