{"id":1578,"date":"2025-07-24T10:37:29","date_gmt":"2025-07-24T10:37:29","guid":{"rendered":"http:\/\/eautomobiliai.lt\/index.php\/2025\/07\/24\/tesla-atideda-nauja-prieinama-modeli-nes-jis-padidina-y-modeli-kad-galetu-sumoketi-paskutines-nuolaidas\/"},"modified":"2025-07-24T10:37:29","modified_gmt":"2025-07-24T10:37:29","slug":"tesla-atideda-nauja-prieinama-modeli-nes-jis-padidina-y-modeli-kad-galetu-sumoketi-paskutines-nuolaidas","status":"publish","type":"post","link":"http:\/\/eautomobiliai.lt\/index.php\/2025\/07\/24\/tesla-atideda-nauja-prieinama-modeli-nes-jis-padidina-y-modeli-kad-galetu-sumoketi-paskutines-nuolaidas\/","title":{"rendered":"\u201eTesla\u201c atideda nauj\u0105 \u201eprieinam\u0105 model\u012f\u201c, nes jis padidina Y model\u012f, kad gal\u0117t\u0173 sumok\u0117ti paskutines nuolaidas"},"content":{"rendered":"<p> <br \/>\n<\/p>\n<div id=\"\">\n<p><span style=\"font-weight: 400;\">\u201eTesla\u201c \u0161iandien patvirtino, kad ji padidins savo \u012fperkam\u0173 modeli\u0173 gamyb\u0105 atgal \u012f \u0161i\u0173 met\u0173 antr\u0105j\u0105 pus\u0119, po to, kai anks\u010diau atskleid\u0117, kad grei\u010diausiai tai bus 2025 m. Pirmajame pus\u0117je.<\/span><\/p>\n<p><span style=\"font-weight: 400;\">\u0160iandien bendrov\u0117s \u201eQ2\u201c pajam\u0173 skambu\u010dio metu \u201eTesla\u201c komanda pabr\u0117\u017e\u0117, kad d\u0117l paskat\u0173 JAV, pasibaigusi\u0105 tre\u010di\u0105j\u012f ketvirt\u012f, bendrov\u0117 sutelk\u0117 d\u0117mes\u012f \u012f tai, kad klientams b\u016bt\u0173 sukurta daugiau modeli\u0173, o ne padidinau naujo produkto gamyb\u0105, kuris pradin\u0117je rampoje gali b\u016bti gana sud\u0117tinga.<\/span><\/p>\n<p><span style=\"font-weight: 400;\">Vaibhav Taneja, \u201eTesla\u201c finans\u0173 direktorius, patvirtino, kad buvo prad\u0117tas prieinamo modelio gamyba, ta\u010diau 2025 m. Ketvirt\u0105j\u012f ketvirt\u012f buvo tikimasi atidengti model\u012f ir masi\u0161kai gaminti.<\/span><\/p>\n<p><span style=\"font-weight: 400;\">Naujas \u012fperkamas modelis yra laikomas trumpesniu ir ma\u017eesniu Y modeliu, visi, i\u0161skyrus patvirtintus investuotoj\u0173 klausimo metu, kai \u201eTesla\u201c generalinio direktoriaus Elono Musko buvo paklaustas apie tai, kaip gali atrodyti prieinamas modelis, kuriam Muskas juokavo, kad jis atrodyt\u0173 kaip modelis Y.<\/span><\/p>\n<p><span style=\"font-weight: 400;\">Muskas taip pat reikalavo, kad \u017emon\u0117s tikrai nori nusipirkti \u201eTeslas\u201c ir kad tai yra pageidautinas produktas &#8211; \u201eTesla\u201c prane\u0161a apie rekordin\u012f bandym\u0173 disk\u0173 lyg\u012f, nepaisant pardavimo suma\u017e\u0117jimo. \u201eTesla\u201c pripa\u017e\u012fsta, kad jos EV dar n\u0117ra pakankamai prieinamos, ypa\u010d atsi\u017evelgiant \u012f Kinijos konkurencij\u0105, kuri yra \u0161io naujo modelio i\u0161leidimo tikslas antroje 2025 m. Pus\u0117je.<\/span><\/p>\n<figure id=\"attachment_188645\" aria-describedby=\"caption-attachment-188645\" style=\"width: 1200px\" class=\"wp-caption aligncenter\"><img decoding=\"async\" class=\"size-full wp-image-188645 native-lazyload-js-fallback\" alt=\"\" width=\"1200\" height=\"675\" loading=\"lazy\" src=\"https:\/\/b2232832.smushcdn.com\/2232832\/wp-content\/uploads\/2025\/06\/Robotaxi-Service-Grey-Austin-Joe-T.jpg?lossy=1&amp;strip=0&amp;webp=1\" srcset=\"https:\/\/b2232832.smushcdn.com\/2232832\/wp-content\/uploads\/2025\/06\/Robotaxi-Service-Grey-Austin-Joe-T.jpg?lossy=1&amp;strip=0&amp;webp=1 1200w, https:\/\/b2232832.smushcdn.com\/2232832\/wp-content\/uploads\/2025\/06\/Robotaxi-Service-Grey-Austin-Joe-T-388x218.jpg?lossy=1&amp;strip=0&amp;webp=1 388w, https:\/\/b2232832.smushcdn.com\/2232832\/wp-content\/uploads\/2025\/06\/Robotaxi-Service-Grey-Austin-Joe-T-1160x653.jpg?lossy=1&amp;strip=0&amp;webp=1 1160w, https:\/\/b2232832.smushcdn.com\/2232832\/wp-content\/uploads\/2025\/06\/Robotaxi-Service-Grey-Austin-Joe-T-800x450.jpg?lossy=1&amp;strip=0&amp;webp=1 800w, https:\/\/b2232832.smushcdn.com\/2232832\/wp-content\/uploads\/2025\/06\/Robotaxi-Service-Grey-Austin-Joe-T-120x68.jpg?lossy=1&amp;strip=0&amp;webp=1 120w, https:\/\/b2232832.smushcdn.com\/2232832\/wp-content\/uploads\/2025\/06\/Robotaxi-Service-Grey-Austin-Joe-T-90x51.jpg?lossy=1&amp;strip=0&amp;webp=1 90w, https:\/\/b2232832.smushcdn.com\/2232832\/wp-content\/uploads\/2025\/06\/Robotaxi-Service-Grey-Austin-Joe-T-320x180.jpg?lossy=1&amp;strip=0&amp;webp=1 320w, https:\/\/b2232832.smushcdn.com\/2232832\/wp-content\/uploads\/2025\/06\/Robotaxi-Service-Grey-Austin-Joe-T-560x315.jpg?lossy=1&amp;strip=0&amp;webp=1 560w, https:\/\/b2232832.smushcdn.com\/2232832\/wp-content\/uploads\/2025\/06\/Robotaxi-Service-Grey-Austin-Joe-T-150x84.jpg?lossy=1&amp;strip=0&amp;webp=1 150w, https:\/\/b2232832.smushcdn.com\/2232832\/wp-content\/uploads\/2025\/06\/Robotaxi-Service-Grey-Austin-Joe-T-240x135.jpg?lossy=1&amp;strip=0&amp;webp=1 240w, https:\/\/b2232832.smushcdn.com\/2232832\/wp-content\/uploads\/2025\/06\/Robotaxi-Service-Grey-Austin-Joe-T-180x101.jpg?lossy=1&amp;strip=0&amp;webp=1 180w, https:\/\/b2232832.smushcdn.com\/2232832\/wp-content\/uploads\/2025\/06\/Robotaxi-Service-Grey-Austin-Joe-T-640x360.jpg?lossy=1&amp;strip=0&amp;webp=1 640w, https:\/\/b2232832.smushcdn.com\/2232832\/wp-content\/uploads\/2025\/06\/Robotaxi-Service-Grey-Austin-Joe-T-1120x630.jpg?lossy=1&amp;strip=0&amp;webp=1 1120w, https:\/\/b2232832.smushcdn.com\/2232832\/wp-content\/uploads\/2025\/06\/Robotaxi-Service-Grey-Austin-Joe-T-300x169.jpg?lossy=1&amp;strip=0&amp;webp=1 300w\" data-sizes=\"(max-width: 1160px) 100vw, 1160px\"\/><img loading=\"lazy\" decoding=\"async\" class=\"size-full wp-image-188645\" src=\"https:\/\/thedriven.io\/wp-content\/uploads\/2025\/06\/Robotaxi-Service-Grey-Austin-Joe-T.jpg\" alt=\"\" width=\"1200\" height=\"675\" srcset=\"https:\/\/thedriven.io\/wp-content\/uploads\/2025\/06\/Robotaxi-Service-Grey-Austin-Joe-T.jpg 1200w, https:\/\/thedriven.io\/wp-content\/uploads\/2025\/06\/Robotaxi-Service-Grey-Austin-Joe-T-388x218.jpg 388w, https:\/\/thedriven.io\/wp-content\/uploads\/2025\/06\/Robotaxi-Service-Grey-Austin-Joe-T-1160x653.jpg 1160w, https:\/\/thedriven.io\/wp-content\/uploads\/2025\/06\/Robotaxi-Service-Grey-Austin-Joe-T-800x450.jpg 800w, https:\/\/thedriven.io\/wp-content\/uploads\/2025\/06\/Robotaxi-Service-Grey-Austin-Joe-T-120x68.jpg 120w, https:\/\/thedriven.io\/wp-content\/uploads\/2025\/06\/Robotaxi-Service-Grey-Austin-Joe-T-90x51.jpg 90w, https:\/\/thedriven.io\/wp-content\/uploads\/2025\/06\/Robotaxi-Service-Grey-Austin-Joe-T-320x180.jpg 320w, https:\/\/thedriven.io\/wp-content\/uploads\/2025\/06\/Robotaxi-Service-Grey-Austin-Joe-T-560x315.jpg 560w, https:\/\/thedriven.io\/wp-content\/uploads\/2025\/06\/Robotaxi-Service-Grey-Austin-Joe-T-150x84.jpg 150w, https:\/\/thedriven.io\/wp-content\/uploads\/2025\/06\/Robotaxi-Service-Grey-Austin-Joe-T-240x135.jpg 240w, https:\/\/thedriven.io\/wp-content\/uploads\/2025\/06\/Robotaxi-Service-Grey-Austin-Joe-T-180x101.jpg 180w, https:\/\/thedriven.io\/wp-content\/uploads\/2025\/06\/Robotaxi-Service-Grey-Austin-Joe-T-640x360.jpg 640w, https:\/\/thedriven.io\/wp-content\/uploads\/2025\/06\/Robotaxi-Service-Grey-Austin-Joe-T-1120x630.jpg 1120w, https:\/\/thedriven.io\/wp-content\/uploads\/2025\/06\/Robotaxi-Service-Grey-Austin-Joe-T-300x169.jpg 300w\" sizes=\"auto, (max-width: 1160px) 100vw, 1160px\"\/><figcaption id=\"caption-attachment-188645\" class=\"wp-caption-text\">Vaizdas: Joe Tegtmeyer<\/figcaption><\/figure>\n<p><span style=\"font-weight: 400;\">Kitos skambu\u010di\u0173 dalys ap\u0117m\u0117 \u201eTesla\u201c \u201eRobotaxi\u201c paslaugos paleidim\u0105 ir pirm\u0105j\u012f pasaulyje autonomin\u012f automobilio pristatym\u0105 i\u0161 gamyklos \u012f klient\u0105 Austine.<\/span><\/p>\n<p><span style=\"font-weight: 400;\">Bendrov\u0117 pasidalijo, kad greitai i\u0161pl\u0117t\u0117 \u201eRobotaxi\u201c tarnybos paslaug\u0173 srit\u012f Austine ir siekia, kad paslauga b\u016bt\u0173 teikiama daugelyje JAV viet\u0173 iki met\u0173 pabaigos.<\/span><\/p>\n<p><span style=\"font-weight: 400;\">Tai apimt\u0173 \u012flankos teritorij\u0105 Kalifornijoje, Arizonoje, Floridoje ir dar daugiau, kai Muskas teigia, kad \u201eTesla\u201c tikslas yra sugeb\u0117ti iki 2025 m. Pabaigos galimai aptarnauti pus\u0119 JAV gyventoj\u0173: \u201eManau, kad iki met\u0173 pabaigos tur\u0117sime robotaxi per pus\u0119 JAV gyventoj\u0173\u201c, &#8211; sak\u0117 jis. Ta\u010diau tai labai priklauso nuo reguliavimo institucij\u0173 patvirtinimo, o tai negarantuojama.<\/span><\/p>\n<p><span style=\"font-weight: 400;\">Kalb\u0117damas apie robotaks\u0105 ir s\u0117km\u0119 atidaryti Austine, Muskas tvirtino, kad \u201eTesla\u201c yra geriausia kompanija, kai kalbama apie realaus pasaulio AI: \u201eTesla yra pats geriausias pasaulyje realaus pasaulio AI.<\/span><\/p>\n<p><span style=\"font-weight: 400;\">Jis palygino \u201eTesla\u201c su \u201eWaymo\u201c, kur\u012f valdo \u201eGoogle\u201c, sakydamas, kad \u201eGoogle\u201c tikrai gerai moka AI, tik ne realaus pasaulio AI, nurodydamas realaus pasaulio programas, tokias kaip \u201eTesla\u201c \u201eAutopilot\u201c ir neseniai i\u0161leistas \u201eFSD Suite\u201c.<\/span><\/p>\n<figure id=\"attachment_182813\" aria-describedby=\"caption-attachment-182813\" style=\"width: 1200px\" class=\"wp-caption aligncenter\"><img decoding=\"async\" class=\"size-full wp-image-182813 native-lazyload-js-fallback\" alt=\"\" width=\"1200\" height=\"750\" loading=\"lazy\" src=\"https:\/\/b2232832.smushcdn.com\/2232832\/wp-content\/uploads\/2024\/10\/Tesla-Robotaxi-Front.jpg?lossy=1&amp;strip=0&amp;webp=1\" srcset=\"https:\/\/b2232832.smushcdn.com\/2232832\/wp-content\/uploads\/2024\/10\/Tesla-Robotaxi-Front.jpg?lossy=1&amp;strip=0&amp;webp=1 1200w, https:\/\/b2232832.smushcdn.com\/2232832\/wp-content\/uploads\/2024\/10\/Tesla-Robotaxi-Front-388x243.jpg?lossy=1&amp;strip=0&amp;webp=1 388w, https:\/\/b2232832.smushcdn.com\/2232832\/wp-content\/uploads\/2024\/10\/Tesla-Robotaxi-Front-1160x725.jpg?lossy=1&amp;strip=0&amp;webp=1 1160w, https:\/\/b2232832.smushcdn.com\/2232832\/wp-content\/uploads\/2024\/10\/Tesla-Robotaxi-Front-800x500.jpg?lossy=1&amp;strip=0&amp;webp=1 800w, https:\/\/b2232832.smushcdn.com\/2232832\/wp-content\/uploads\/2024\/10\/Tesla-Robotaxi-Front-120x75.jpg?lossy=1&amp;strip=0&amp;webp=1 120w, https:\/\/b2232832.smushcdn.com\/2232832\/wp-content\/uploads\/2024\/10\/Tesla-Robotaxi-Front-90x56.jpg?lossy=1&amp;strip=0&amp;webp=1 90w, https:\/\/b2232832.smushcdn.com\/2232832\/wp-content\/uploads\/2024\/10\/Tesla-Robotaxi-Front-320x200.jpg?lossy=1&amp;strip=0&amp;webp=1 320w, https:\/\/b2232832.smushcdn.com\/2232832\/wp-content\/uploads\/2024\/10\/Tesla-Robotaxi-Front-560x350.jpg?lossy=1&amp;strip=0&amp;webp=1 560w, https:\/\/b2232832.smushcdn.com\/2232832\/wp-content\/uploads\/2024\/10\/Tesla-Robotaxi-Front-150x94.jpg?lossy=1&amp;strip=0&amp;webp=1 150w, https:\/\/b2232832.smushcdn.com\/2232832\/wp-content\/uploads\/2024\/10\/Tesla-Robotaxi-Front-240x150.jpg?lossy=1&amp;strip=0&amp;webp=1 240w, https:\/\/b2232832.smushcdn.com\/2232832\/wp-content\/uploads\/2024\/10\/Tesla-Robotaxi-Front-180x113.jpg?lossy=1&amp;strip=0&amp;webp=1 180w, https:\/\/b2232832.smushcdn.com\/2232832\/wp-content\/uploads\/2024\/10\/Tesla-Robotaxi-Front-640x400.jpg?lossy=1&amp;strip=0&amp;webp=1 640w, https:\/\/b2232832.smushcdn.com\/2232832\/wp-content\/uploads\/2024\/10\/Tesla-Robotaxi-Front-1120x700.jpg?lossy=1&amp;strip=0&amp;webp=1 1120w, https:\/\/b2232832.smushcdn.com\/2232832\/wp-content\/uploads\/2024\/10\/Tesla-Robotaxi-Front-300x188.jpg?lossy=1&amp;strip=0&amp;webp=1 300w\" data-sizes=\"(max-width: 1160px) 100vw, 1160px\"\/><img loading=\"lazy\" decoding=\"async\" class=\"size-full wp-image-182813\" src=\"https:\/\/thedriven.io\/wp-content\/uploads\/2024\/10\/Tesla-Robotaxi-Front.jpg\" alt=\"\" width=\"1200\" height=\"750\" srcset=\"https:\/\/thedriven.io\/wp-content\/uploads\/2024\/10\/Tesla-Robotaxi-Front.jpg 1200w, https:\/\/thedriven.io\/wp-content\/uploads\/2024\/10\/Tesla-Robotaxi-Front-388x243.jpg 388w, https:\/\/thedriven.io\/wp-content\/uploads\/2024\/10\/Tesla-Robotaxi-Front-1160x725.jpg 1160w, https:\/\/thedriven.io\/wp-content\/uploads\/2024\/10\/Tesla-Robotaxi-Front-800x500.jpg 800w, https:\/\/thedriven.io\/wp-content\/uploads\/2024\/10\/Tesla-Robotaxi-Front-120x75.jpg 120w, https:\/\/thedriven.io\/wp-content\/uploads\/2024\/10\/Tesla-Robotaxi-Front-90x56.jpg 90w, https:\/\/thedriven.io\/wp-content\/uploads\/2024\/10\/Tesla-Robotaxi-Front-320x200.jpg 320w, https:\/\/thedriven.io\/wp-content\/uploads\/2024\/10\/Tesla-Robotaxi-Front-560x350.jpg 560w, https:\/\/thedriven.io\/wp-content\/uploads\/2024\/10\/Tesla-Robotaxi-Front-150x94.jpg 150w, https:\/\/thedriven.io\/wp-content\/uploads\/2024\/10\/Tesla-Robotaxi-Front-240x150.jpg 240w, https:\/\/thedriven.io\/wp-content\/uploads\/2024\/10\/Tesla-Robotaxi-Front-180x113.jpg 180w, https:\/\/thedriven.io\/wp-content\/uploads\/2024\/10\/Tesla-Robotaxi-Front-640x400.jpg 640w, https:\/\/thedriven.io\/wp-content\/uploads\/2024\/10\/Tesla-Robotaxi-Front-1120x700.jpg 1120w, https:\/\/thedriven.io\/wp-content\/uploads\/2024\/10\/Tesla-Robotaxi-Front-300x188.jpg 300w\" sizes=\"auto, (max-width: 1160px) 100vw, 1160px\"\/><figcaption id=\"caption-attachment-182813\" class=\"wp-caption-text\">Vaizdas: \u201eTesla\u201c<\/figcaption><\/figure>\n<p><span style=\"font-weight: 400;\">AI fronte \u201eTesla\u201c taip pat pasidalino, kad 2026 m. Bus gaminti automobiliai su AI5 aparatine \u012franga, o dabartin\u0117s transporto priemon\u0117s pasirodys su AI4 aparatine \u012franga.<\/span><\/p>\n<p><span style=\"font-weight: 400;\">Ta\u010diau \u0161iais metais \u012fmon\u0117 pristat\u0117 automobilius i\u0161 savo \u201eFremont\u201c gamyklos klientams, \u017eengdama dar vien\u0105 \u017eingsn\u012f, kad parodyt\u0173 savo pavyzd\u012f autonomin\u0117se vairavimo technologijose. Tai taip pat seka pirm\u0105j\u012f visi\u0161kai autonomin\u012f pristatym\u0105 klientui Teksase bir\u017eelio m\u0117n.<\/span><\/p>\n<p><span style=\"font-weight: 400;\">Did\u017ei\u0105j\u0105 dal\u012f bendrov\u0117s, kurios dabar daugiausia d\u0117mesio skyr\u0117 savo savaranki\u0161ko vairavimo technologijai, AI ir robotikai, nenuostabu, kad naujausias pajam\u0173 skambutis buvo sutelktas \u012f tai, k\u0105 \u0161ios technologijos darys \u201eTesla\u201c klientams ir investuotojams ateinan\u010diais metais.<\/span><\/p>\n<p><span style=\"font-weight: 400;\">Kai kurie u\u017edelsti \u012fperkamo modelio planai gali b\u016bti laikomi klaidingumu, ta\u010diau \u012fmon\u0117 ir toliau domina savo \u201eRobotaxi\u201c paleidim\u0105, o dabar spar\u010diai pl\u0117tojama kitose JAV rinkose.<\/span><\/p>\n<p><span style=\"font-weight: 400;\">Tai taip pat parodo \u201eTesla\u201c FSD paleidimo Australijoje scena artimiausiais m\u0117nesiais, ta\u010diau grei\u010diausiai tai bus ribot\u0173 automobili\u0173 etapuose. Bet kokiu atveju, tai i\u0161laikys daugyb\u0119 dabartini\u0173 ir b\u016bsim\u0173 \u201eTesla\u201c savinink\u0173, kurie suintrigavo ateinan\u010dius 6 m\u0117nesius, kad b\u016bt\u0173 gana svarbi \u201eTesla\u201c ilgalaik\u0117 s\u0117km\u0117.<\/span><\/p>\n<p>Taip pat \u017ei\u016br\u0117kite: \u201eTesla\u201c akumuliatori\u0173 skyriaus \u012fra\u0161\u0173 \u012fra\u0161\u0173 u\u017edarbis. Ar netrukus jis aplenks \u201eAuto\u201c?<\/p>\n<div class=\"saboxplugin-wrap\" itemtype=\"http:\/\/schema.org\/Person\" itemscope=\"\" itemprop=\"author\">\n<div class=\"saboxplugin-tab\">\n<div class=\"saboxplugin-gravatar\"><img decoding=\"async\" width=\"100\" height=\"100\" alt=\"Rizas Akhtar\" itemprop=\"image\" loading=\"lazy\" class=\"native-lazyload-js-fallback\" src=\"https:\/\/b2232832.smushcdn.com\/2232832\/wp-content\/uploads\/2022\/02\/Riz.jpg?lossy=1&amp;strip=0&amp;webp=1\"\/><img loading=\"lazy\" decoding=\"async\" src=\"https:\/\/thedriven.io\/wp-content\/uploads\/2022\/02\/Riz.jpg\" width=\"100\" height=\"100\" alt=\"Rizas Akhtar\" itemprop=\"image\"\/><\/div>\n<div class=\"saboxplugin-desc\">\n<div itemprop=\"description\">\n<p>RIZ yra \u201eCarloop\u201c \u012fk\u016br\u0117jas, \u012fsik\u016br\u0119s Melburne, specializuojasi Australijos EV duomenyse, \u012f\u017evalgos ataskaitose ir tendencijose. Jis yra mechanikos in\u017einierius, prie\u0161 pradedant \u201eCarloop\u201c pirmuosius 7 savo karjeros statybos transporto infrastrukt\u016bros metus. Jis turi aistr\u0105 automobiliams, ypa\u010d EV ir nori pad\u0117ti suma\u017einti transporto i\u0161metim\u0105 Australijoje. \u0160iuo metu jis vairuoja \u201eRed Tesla\u201c model\u012f 3.<\/p>\n<\/div>\n<\/div>\n<\/div>\n<\/div>\n<p><!-- AI CONTENT END 1 --><\/p><\/div>\n<p><br \/>\n<br \/><a href=\"https:\/\/thedriven.io\/2025\/07\/24\/tesla-delays-new-affordable-model-as-it-ramps-up-model-y-to-cash-in-on-last-rebates\/\">Source link <\/a><\/p>\n","protected":false},"excerpt":{"rendered":"<p>\u201eTesla\u201c \u0161iandien patvirtino, kad ji padidins savo \u012fperkam\u0173 modeli\u0173 gamyb\u0105 atgal \u012f \u0161i\u0173 met\u0173 antr\u0105j\u0105 pus\u0119, po to, kai anks\u010diau&hellip;<\/p>\n","protected":false},"author":1,"featured_media":0,"comment_status":"open","ping_status":"open","sticky":false,"template":"","format":"standard","meta":{"om_disable_all_campaigns":false,"_monsterinsights_skip_tracking":false,"_monsterinsights_sitenote_active":false,"_monsterinsights_sitenote_note":"","_monsterinsights_sitenote_category":0,"footnotes":""},"categories":[39],"tags":[3038,669,277,339,820,556,116,3041,1529,3040,79,3039,14],"class_list":["post-1578","post","type-post","status-publish","format-standard","hentry","category-eautomobiliu-technine-puse","tag-atideda","tag-galetu","tag-jis","tag-kad","tag-modeli","tag-nauja","tag-nes","tag-nuolaidas","tag-padidina","tag-paskutines","tag-prieinama","tag-sumoketi","tag-tesla"],"aioseo_notices":[],"yoast_head":"<!-- This site is optimized with the Yoast SEO plugin v26.8 - https:\/\/yoast.com\/product\/yoast-seo-wordpress\/ -->\n<title>\u201eTesla\u201c atideda nauj\u0105 \u201eprieinam\u0105 model\u012f\u201c, nes jis padidina Y model\u012f, kad gal\u0117t\u0173 sumok\u0117ti paskutines nuolaidas - Eautomobiliai.lt<\/title>\n<meta name=\"robots\" content=\"index, follow, max-snippet:-1, max-image-preview:large, max-video-preview:-1\" \/>\n<link rel=\"canonical\" href=\"http:\/\/eautomobiliai.lt\/index.php\/2025\/07\/24\/tesla-atideda-nauja-prieinama-modeli-nes-jis-padidina-y-modeli-kad-galetu-sumoketi-paskutines-nuolaidas\/\" \/>\n<meta property=\"og:locale\" content=\"lt_LT\" \/>\n<meta property=\"og:type\" content=\"article\" \/>\n<meta property=\"og:title\" content=\"\u201eTesla\u201c atideda nauj\u0105 \u201eprieinam\u0105 model\u012f\u201c, nes jis padidina Y model\u012f, kad gal\u0117t\u0173 sumok\u0117ti paskutines nuolaidas - Eautomobiliai.lt\" \/>\n<meta property=\"og:description\" content=\"\u201eTesla\u201c \u0161iandien patvirtino, kad ji padidins savo \u012fperkam\u0173 modeli\u0173 gamyb\u0105 atgal \u012f \u0161i\u0173 met\u0173 antr\u0105j\u0105 pus\u0119, po to, kai anks\u010diau&hellip;\" \/>\n<meta property=\"og:url\" content=\"http:\/\/eautomobiliai.lt\/index.php\/2025\/07\/24\/tesla-atideda-nauja-prieinama-modeli-nes-jis-padidina-y-modeli-kad-galetu-sumoketi-paskutines-nuolaidas\/\" \/>\n<meta property=\"og:site_name\" content=\"Eautomobiliai.lt\" \/>\n<meta property=\"article:published_time\" content=\"2025-07-24T10:37:29+00:00\" \/>\n<meta property=\"og:image\" content=\"https:\/\/b2232832.smushcdn.com\/2232832\/wp-content\/uploads\/2025\/06\/Robotaxi-Service-Grey-Austin-Joe-T.jpg?lossy=1&amp;strip=0&amp;webp=1\" \/>\n<meta name=\"author\" content=\"admin\" \/>\n<meta name=\"twitter:card\" content=\"summary_large_image\" \/>\n<meta name=\"twitter:label1\" content=\"Written by\" \/>\n\t<meta name=\"twitter:data1\" content=\"admin\" \/>\n\t<meta name=\"twitter:label2\" content=\"Est. reading time\" \/>\n\t<meta name=\"twitter:data2\" content=\"3 minut\u0117s\" \/>\n<script type=\"application\/ld+json\" class=\"yoast-schema-graph\">{\"@context\":\"https:\/\/schema.org\",\"@graph\":[{\"@type\":\"Article\",\"@id\":\"http:\/\/eautomobiliai.lt\/index.php\/2025\/07\/24\/tesla-atideda-nauja-prieinama-modeli-nes-jis-padidina-y-modeli-kad-galetu-sumoketi-paskutines-nuolaidas\/#article\",\"isPartOf\":{\"@id\":\"http:\/\/eautomobiliai.lt\/index.php\/2025\/07\/24\/tesla-atideda-nauja-prieinama-modeli-nes-jis-padidina-y-modeli-kad-galetu-sumoketi-paskutines-nuolaidas\/\"},\"author\":{\"name\":\"admin\",\"@id\":\"http:\/\/eautomobiliai.lt\/#\/schema\/person\/ecf2a967f361217d056061f74deb92f2\"},\"headline\":\"\u201eTesla\u201c atideda nauj\u0105 \u201eprieinam\u0105 model\u012f\u201c, nes jis padidina Y model\u012f, kad gal\u0117t\u0173 sumok\u0117ti paskutines nuolaidas\",\"datePublished\":\"2025-07-24T10:37:29+00:00\",\"mainEntityOfPage\":{\"@id\":\"http:\/\/eautomobiliai.lt\/index.php\/2025\/07\/24\/tesla-atideda-nauja-prieinama-modeli-nes-jis-padidina-y-modeli-kad-galetu-sumoketi-paskutines-nuolaidas\/\"},\"wordCount\":655,\"commentCount\":0,\"image\":{\"@id\":\"http:\/\/eautomobiliai.lt\/index.php\/2025\/07\/24\/tesla-atideda-nauja-prieinama-modeli-nes-jis-padidina-y-modeli-kad-galetu-sumoketi-paskutines-nuolaidas\/#primaryimage\"},\"thumbnailUrl\":\"https:\/\/b2232832.smushcdn.com\/2232832\/wp-content\/uploads\/2025\/06\/Robotaxi-Service-Grey-Austin-Joe-T.jpg?lossy=1&amp;strip=0&amp;webp=1\",\"keywords\":[\"atideda\",\"gal\u0117t\u0173\",\"jis\",\"kad\",\"model\u012f\",\"Nauja\",\"nes\",\"nuolaidas\",\"padidina\",\"paskutines\",\"prieinam\u0105\",\"sumok\u0117ti\",\"Tesla\"],\"articleSection\":[\"eAUTOMOBILI\u0172 TECHNIN\u0116 PUS\u0116\"],\"inLanguage\":\"lt-LT\",\"potentialAction\":[{\"@type\":\"CommentAction\",\"name\":\"Comment\",\"target\":[\"http:\/\/eautomobiliai.lt\/index.php\/2025\/07\/24\/tesla-atideda-nauja-prieinama-modeli-nes-jis-padidina-y-modeli-kad-galetu-sumoketi-paskutines-nuolaidas\/#respond\"]}]},{\"@type\":\"WebPage\",\"@id\":\"http:\/\/eautomobiliai.lt\/index.php\/2025\/07\/24\/tesla-atideda-nauja-prieinama-modeli-nes-jis-padidina-y-modeli-kad-galetu-sumoketi-paskutines-nuolaidas\/\",\"url\":\"http:\/\/eautomobiliai.lt\/index.php\/2025\/07\/24\/tesla-atideda-nauja-prieinama-modeli-nes-jis-padidina-y-modeli-kad-galetu-sumoketi-paskutines-nuolaidas\/\",\"name\":\"\u201eTesla\u201c atideda nauj\u0105 \u201eprieinam\u0105 model\u012f\u201c, nes jis padidina Y model\u012f, kad gal\u0117t\u0173 sumok\u0117ti paskutines nuolaidas - Eautomobiliai.lt\",\"isPartOf\":{\"@id\":\"http:\/\/eautomobiliai.lt\/#website\"},\"primaryImageOfPage\":{\"@id\":\"http:\/\/eautomobiliai.lt\/index.php\/2025\/07\/24\/tesla-atideda-nauja-prieinama-modeli-nes-jis-padidina-y-modeli-kad-galetu-sumoketi-paskutines-nuolaidas\/#primaryimage\"},\"image\":{\"@id\":\"http:\/\/eautomobiliai.lt\/index.php\/2025\/07\/24\/tesla-atideda-nauja-prieinama-modeli-nes-jis-padidina-y-modeli-kad-galetu-sumoketi-paskutines-nuolaidas\/#primaryimage\"},\"thumbnailUrl\":\"https:\/\/b2232832.smushcdn.com\/2232832\/wp-content\/uploads\/2025\/06\/Robotaxi-Service-Grey-Austin-Joe-T.jpg?lossy=1&amp;strip=0&amp;webp=1\",\"datePublished\":\"2025-07-24T10:37:29+00:00\",\"author\":{\"@id\":\"http:\/\/eautomobiliai.lt\/#\/schema\/person\/ecf2a967f361217d056061f74deb92f2\"},\"breadcrumb\":{\"@id\":\"http:\/\/eautomobiliai.lt\/index.php\/2025\/07\/24\/tesla-atideda-nauja-prieinama-modeli-nes-jis-padidina-y-modeli-kad-galetu-sumoketi-paskutines-nuolaidas\/#breadcrumb\"},\"inLanguage\":\"lt-LT\",\"potentialAction\":[{\"@type\":\"ReadAction\",\"target\":[\"http:\/\/eautomobiliai.lt\/index.php\/2025\/07\/24\/tesla-atideda-nauja-prieinama-modeli-nes-jis-padidina-y-modeli-kad-galetu-sumoketi-paskutines-nuolaidas\/\"]}]},{\"@type\":\"ImageObject\",\"inLanguage\":\"lt-LT\",\"@id\":\"http:\/\/eautomobiliai.lt\/index.php\/2025\/07\/24\/tesla-atideda-nauja-prieinama-modeli-nes-jis-padidina-y-modeli-kad-galetu-sumoketi-paskutines-nuolaidas\/#primaryimage\",\"url\":\"https:\/\/b2232832.smushcdn.com\/2232832\/wp-content\/uploads\/2025\/06\/Robotaxi-Service-Grey-Austin-Joe-T.jpg?lossy=1&amp;strip=0&amp;webp=1\",\"contentUrl\":\"https:\/\/b2232832.smushcdn.com\/2232832\/wp-content\/uploads\/2025\/06\/Robotaxi-Service-Grey-Austin-Joe-T.jpg?lossy=1&amp;strip=0&amp;webp=1\"},{\"@type\":\"BreadcrumbList\",\"@id\":\"http:\/\/eautomobiliai.lt\/index.php\/2025\/07\/24\/tesla-atideda-nauja-prieinama-modeli-nes-jis-padidina-y-modeli-kad-galetu-sumoketi-paskutines-nuolaidas\/#breadcrumb\",\"itemListElement\":[{\"@type\":\"ListItem\",\"position\":1,\"name\":\"Home\",\"item\":\"http:\/\/eautomobiliai.lt\/\"},{\"@type\":\"ListItem\",\"position\":2,\"name\":\"\u201eTesla\u201c atideda nauj\u0105 \u201eprieinam\u0105 model\u012f\u201c, nes jis padidina Y model\u012f, kad gal\u0117t\u0173 sumok\u0117ti paskutines nuolaidas\"}]},{\"@type\":\"WebSite\",\"@id\":\"http:\/\/eautomobiliai.lt\/#website\",\"url\":\"http:\/\/eautomobiliai.lt\/\",\"name\":\"Eautomobiliai.lt\",\"description\":\"Elektrinis transportas, technologijos\",\"potentialAction\":[{\"@type\":\"SearchAction\",\"target\":{\"@type\":\"EntryPoint\",\"urlTemplate\":\"http:\/\/eautomobiliai.lt\/?s={search_term_string}\"},\"query-input\":{\"@type\":\"PropertyValueSpecification\",\"valueRequired\":true,\"valueName\":\"search_term_string\"}}],\"inLanguage\":\"lt-LT\"},{\"@type\":\"Person\",\"@id\":\"http:\/\/eautomobiliai.lt\/#\/schema\/person\/ecf2a967f361217d056061f74deb92f2\",\"name\":\"admin\",\"image\":{\"@type\":\"ImageObject\",\"inLanguage\":\"lt-LT\",\"@id\":\"http:\/\/eautomobiliai.lt\/#\/schema\/person\/image\/\",\"url\":\"https:\/\/secure.gravatar.com\/avatar\/6323379efae0c70c686c7905444d6bbd?s=96&d=mm&r=g\",\"contentUrl\":\"https:\/\/secure.gravatar.com\/avatar\/6323379efae0c70c686c7905444d6bbd?s=96&d=mm&r=g\",\"caption\":\"admin\"},\"sameAs\":[\"http:\/\/eautomobiliai.lt\"],\"url\":\"http:\/\/eautomobiliai.lt\/index.php\/author\/admin\/\"}]}<\/script>\n<!-- \/ Yoast SEO plugin. -->","yoast_head_json":{"title":"\u201eTesla\u201c atideda nauj\u0105 \u201eprieinam\u0105 model\u012f\u201c, nes jis padidina Y model\u012f, kad gal\u0117t\u0173 sumok\u0117ti paskutines nuolaidas - Eautomobiliai.lt","robots":{"index":"index","follow":"follow","max-snippet":"max-snippet:-1","max-image-preview":"max-image-preview:large","max-video-preview":"max-video-preview:-1"},"canonical":"http:\/\/eautomobiliai.lt\/index.php\/2025\/07\/24\/tesla-atideda-nauja-prieinama-modeli-nes-jis-padidina-y-modeli-kad-galetu-sumoketi-paskutines-nuolaidas\/","og_locale":"lt_LT","og_type":"article","og_title":"\u201eTesla\u201c atideda nauj\u0105 \u201eprieinam\u0105 model\u012f\u201c, nes jis padidina Y model\u012f, kad gal\u0117t\u0173 sumok\u0117ti paskutines nuolaidas - Eautomobiliai.lt","og_description":"\u201eTesla\u201c \u0161iandien patvirtino, kad ji padidins savo \u012fperkam\u0173 modeli\u0173 gamyb\u0105 atgal \u012f \u0161i\u0173 met\u0173 antr\u0105j\u0105 pus\u0119, po to, kai anks\u010diau&hellip;","og_url":"http:\/\/eautomobiliai.lt\/index.php\/2025\/07\/24\/tesla-atideda-nauja-prieinama-modeli-nes-jis-padidina-y-modeli-kad-galetu-sumoketi-paskutines-nuolaidas\/","og_site_name":"Eautomobiliai.lt","article_published_time":"2025-07-24T10:37:29+00:00","og_image":[{"url":"https:\/\/b2232832.smushcdn.com\/2232832\/wp-content\/uploads\/2025\/06\/Robotaxi-Service-Grey-Austin-Joe-T.jpg?lossy=1&amp;strip=0&amp;webp=1","type":"","width":"","height":""}],"author":"admin","twitter_card":"summary_large_image","twitter_misc":{"Written by":"admin","Est. reading time":"3 minut\u0117s"},"schema":{"@context":"https:\/\/schema.org","@graph":[{"@type":"Article","@id":"http:\/\/eautomobiliai.lt\/index.php\/2025\/07\/24\/tesla-atideda-nauja-prieinama-modeli-nes-jis-padidina-y-modeli-kad-galetu-sumoketi-paskutines-nuolaidas\/#article","isPartOf":{"@id":"http:\/\/eautomobiliai.lt\/index.php\/2025\/07\/24\/tesla-atideda-nauja-prieinama-modeli-nes-jis-padidina-y-modeli-kad-galetu-sumoketi-paskutines-nuolaidas\/"},"author":{"name":"admin","@id":"http:\/\/eautomobiliai.lt\/#\/schema\/person\/ecf2a967f361217d056061f74deb92f2"},"headline":"\u201eTesla\u201c atideda nauj\u0105 \u201eprieinam\u0105 model\u012f\u201c, nes jis padidina Y model\u012f, kad gal\u0117t\u0173 sumok\u0117ti paskutines nuolaidas","datePublished":"2025-07-24T10:37:29+00:00","mainEntityOfPage":{"@id":"http:\/\/eautomobiliai.lt\/index.php\/2025\/07\/24\/tesla-atideda-nauja-prieinama-modeli-nes-jis-padidina-y-modeli-kad-galetu-sumoketi-paskutines-nuolaidas\/"},"wordCount":655,"commentCount":0,"image":{"@id":"http:\/\/eautomobiliai.lt\/index.php\/2025\/07\/24\/tesla-atideda-nauja-prieinama-modeli-nes-jis-padidina-y-modeli-kad-galetu-sumoketi-paskutines-nuolaidas\/#primaryimage"},"thumbnailUrl":"https:\/\/b2232832.smushcdn.com\/2232832\/wp-content\/uploads\/2025\/06\/Robotaxi-Service-Grey-Austin-Joe-T.jpg?lossy=1&amp;strip=0&amp;webp=1","keywords":["atideda","gal\u0117t\u0173","jis","kad","model\u012f","Nauja","nes","nuolaidas","padidina","paskutines","prieinam\u0105","sumok\u0117ti","Tesla"],"articleSection":["eAUTOMOBILI\u0172 TECHNIN\u0116 PUS\u0116"],"inLanguage":"lt-LT","potentialAction":[{"@type":"CommentAction","name":"Comment","target":["http:\/\/eautomobiliai.lt\/index.php\/2025\/07\/24\/tesla-atideda-nauja-prieinama-modeli-nes-jis-padidina-y-modeli-kad-galetu-sumoketi-paskutines-nuolaidas\/#respond"]}]},{"@type":"WebPage","@id":"http:\/\/eautomobiliai.lt\/index.php\/2025\/07\/24\/tesla-atideda-nauja-prieinama-modeli-nes-jis-padidina-y-modeli-kad-galetu-sumoketi-paskutines-nuolaidas\/","url":"http:\/\/eautomobiliai.lt\/index.php\/2025\/07\/24\/tesla-atideda-nauja-prieinama-modeli-nes-jis-padidina-y-modeli-kad-galetu-sumoketi-paskutines-nuolaidas\/","name":"\u201eTesla\u201c atideda nauj\u0105 \u201eprieinam\u0105 model\u012f\u201c, nes jis padidina Y model\u012f, kad gal\u0117t\u0173 sumok\u0117ti paskutines nuolaidas - Eautomobiliai.lt","isPartOf":{"@id":"http:\/\/eautomobiliai.lt\/#website"},"primaryImageOfPage":{"@id":"http:\/\/eautomobiliai.lt\/index.php\/2025\/07\/24\/tesla-atideda-nauja-prieinama-modeli-nes-jis-padidina-y-modeli-kad-galetu-sumoketi-paskutines-nuolaidas\/#primaryimage"},"image":{"@id":"http:\/\/eautomobiliai.lt\/index.php\/2025\/07\/24\/tesla-atideda-nauja-prieinama-modeli-nes-jis-padidina-y-modeli-kad-galetu-sumoketi-paskutines-nuolaidas\/#primaryimage"},"thumbnailUrl":"https:\/\/b2232832.smushcdn.com\/2232832\/wp-content\/uploads\/2025\/06\/Robotaxi-Service-Grey-Austin-Joe-T.jpg?lossy=1&amp;strip=0&amp;webp=1","datePublished":"2025-07-24T10:37:29+00:00","author":{"@id":"http:\/\/eautomobiliai.lt\/#\/schema\/person\/ecf2a967f361217d056061f74deb92f2"},"breadcrumb":{"@id":"http:\/\/eautomobiliai.lt\/index.php\/2025\/07\/24\/tesla-atideda-nauja-prieinama-modeli-nes-jis-padidina-y-modeli-kad-galetu-sumoketi-paskutines-nuolaidas\/#breadcrumb"},"inLanguage":"lt-LT","potentialAction":[{"@type":"ReadAction","target":["http:\/\/eautomobiliai.lt\/index.php\/2025\/07\/24\/tesla-atideda-nauja-prieinama-modeli-nes-jis-padidina-y-modeli-kad-galetu-sumoketi-paskutines-nuolaidas\/"]}]},{"@type":"ImageObject","inLanguage":"lt-LT","@id":"http:\/\/eautomobiliai.lt\/index.php\/2025\/07\/24\/tesla-atideda-nauja-prieinama-modeli-nes-jis-padidina-y-modeli-kad-galetu-sumoketi-paskutines-nuolaidas\/#primaryimage","url":"https:\/\/b2232832.smushcdn.com\/2232832\/wp-content\/uploads\/2025\/06\/Robotaxi-Service-Grey-Austin-Joe-T.jpg?lossy=1&amp;strip=0&amp;webp=1","contentUrl":"https:\/\/b2232832.smushcdn.com\/2232832\/wp-content\/uploads\/2025\/06\/Robotaxi-Service-Grey-Austin-Joe-T.jpg?lossy=1&amp;strip=0&amp;webp=1"},{"@type":"BreadcrumbList","@id":"http:\/\/eautomobiliai.lt\/index.php\/2025\/07\/24\/tesla-atideda-nauja-prieinama-modeli-nes-jis-padidina-y-modeli-kad-galetu-sumoketi-paskutines-nuolaidas\/#breadcrumb","itemListElement":[{"@type":"ListItem","position":1,"name":"Home","item":"http:\/\/eautomobiliai.lt\/"},{"@type":"ListItem","position":2,"name":"\u201eTesla\u201c atideda nauj\u0105 \u201eprieinam\u0105 model\u012f\u201c, nes jis padidina Y model\u012f, kad gal\u0117t\u0173 sumok\u0117ti paskutines nuolaidas"}]},{"@type":"WebSite","@id":"http:\/\/eautomobiliai.lt\/#website","url":"http:\/\/eautomobiliai.lt\/","name":"Eautomobiliai.lt","description":"Elektrinis transportas, technologijos","potentialAction":[{"@type":"SearchAction","target":{"@type":"EntryPoint","urlTemplate":"http:\/\/eautomobiliai.lt\/?s={search_term_string}"},"query-input":{"@type":"PropertyValueSpecification","valueRequired":true,"valueName":"search_term_string"}}],"inLanguage":"lt-LT"},{"@type":"Person","@id":"http:\/\/eautomobiliai.lt\/#\/schema\/person\/ecf2a967f361217d056061f74deb92f2","name":"admin","image":{"@type":"ImageObject","inLanguage":"lt-LT","@id":"http:\/\/eautomobiliai.lt\/#\/schema\/person\/image\/","url":"https:\/\/secure.gravatar.com\/avatar\/6323379efae0c70c686c7905444d6bbd?s=96&d=mm&r=g","contentUrl":"https:\/\/secure.gravatar.com\/avatar\/6323379efae0c70c686c7905444d6bbd?s=96&d=mm&r=g","caption":"admin"},"sameAs":["http:\/\/eautomobiliai.lt"],"url":"http:\/\/eautomobiliai.lt\/index.php\/author\/admin\/"}]}},"_links":{"self":[{"href":"http:\/\/eautomobiliai.lt\/index.php\/wp-json\/wp\/v2\/posts\/1578","targetHints":{"allow":["GET"]}}],"collection":[{"href":"http:\/\/eautomobiliai.lt\/index.php\/wp-json\/wp\/v2\/posts"}],"about":[{"href":"http:\/\/eautomobiliai.lt\/index.php\/wp-json\/wp\/v2\/types\/post"}],"author":[{"embeddable":true,"href":"http:\/\/eautomobiliai.lt\/index.php\/wp-json\/wp\/v2\/users\/1"}],"replies":[{"embeddable":true,"href":"http:\/\/eautomobiliai.lt\/index.php\/wp-json\/wp\/v2\/comments?post=1578"}],"version-history":[{"count":0,"href":"http:\/\/eautomobiliai.lt\/index.php\/wp-json\/wp\/v2\/posts\/1578\/revisions"}],"wp:attachment":[{"href":"http:\/\/eautomobiliai.lt\/index.php\/wp-json\/wp\/v2\/media?parent=1578"}],"wp:term":[{"taxonomy":"category","embeddable":true,"href":"http:\/\/eautomobiliai.lt\/index.php\/wp-json\/wp\/v2\/categories?post=1578"},{"taxonomy":"post_tag","embeddable":true,"href":"http:\/\/eautomobiliai.lt\/index.php\/wp-json\/wp\/v2\/tags?post=1578"}],"curies":[{"name":"wp","href":"https:\/\/api.w.org\/{rel}","templated":true}]}}