{"id":1597,"date":"2025-07-26T10:47:17","date_gmt":"2025-07-26T10:47:17","guid":{"rendered":"https:\/\/eautomobiliai.lt\/index.php\/2025\/07\/26\/vairavimo-pokyciai-2007-m-elektriniu-transporto-priemoniu-asociacijos-gimimas-ir-jos-poveikis-tvariam-transportavimui\/"},"modified":"2025-07-26T10:47:17","modified_gmt":"2025-07-26T10:47:17","slug":"vairavimo-pokyciai-2007-m-elektriniu-transporto-priemoniu-asociacijos-gimimas-ir-jos-poveikis-tvariam-transportavimui","status":"publish","type":"post","link":"http:\/\/eautomobiliai.lt\/index.php\/2025\/07\/26\/vairavimo-pokyciai-2007-m-elektriniu-transporto-priemoniu-asociacijos-gimimas-ir-jos-poveikis-tvariam-transportavimui\/","title":{"rendered":"Vairavimo poky\u010diai: 2007 m. Elektrini\u0173 transporto priemoni\u0173 asociacijos gimimas ir jos poveikis tvariam transportavimui"},"content":{"rendered":"<p> <br \/>\n<\/p>\n<div id=\"\">\n<p>2007 metai pa\u017eym\u0117jo pagrindin\u012f elektromobili\u0173 istorijos ta\u0161k\u0105. Tais metais buvo suformuota elektromobili\u0173 asociacija. \u0160iaur\u0117s Amerika pamat\u0117, kad grup\u0117 padirb\u0117jo, kad skleist\u0173 \u0161varesn\u012f transport\u0105. Jos \u0161aknys atsek\u0117 ankstyvas pastangas, kurios past\u016bm\u0117jo \u012f elektrin\u012f jud\u0117jim\u0105. 2007 m. Jos augimas suk\u0117l\u0117 ai\u0161ki\u0173 id\u0117j\u0173, paprast\u0173 fakt\u0173 ir platesnio elektrini\u0173 transporto priemoni\u0173 naudojimo augim\u0105.<\/p>\n<p><\/p>\n<div id=\"ez-toc-container\" class=\"ez-toc-v2_0_82_2 counter-hierarchy ez-toc-counter ez-toc-grey ez-toc-container-direction\">\n<div class=\"ez-toc-title-container\">\n<p class=\"ez-toc-title\" style=\"cursor:inherit\">Turinys:<\/p>\n<span class=\"ez-toc-title-toggle\"><a href=\"#\" class=\"ez-toc-pull-right ez-toc-btn ez-toc-btn-xs ez-toc-btn-default ez-toc-toggle\" aria-label=\"Toggle Table of Content\"><span class=\"ez-toc-js-icon-con\"><span class=\"\"><span class=\"eztoc-hide\" style=\"display:none;\">Toggle<\/span><span class=\"ez-toc-icon-toggle-span\"><svg style=\"fill: #999;color:#999\" xmlns=\"http:\/\/www.w3.org\/2000\/svg\" class=\"list-377408\" width=\"20px\" height=\"20px\" viewBox=\"0 0 24 24\" fill=\"none\"><path d=\"M6 6H4v2h2V6zm14 0H8v2h12V6zM4 11h2v2H4v-2zm16 0H8v2h12v-2zM4 16h2v2H4v-2zm16 0H8v2h12v-2z\" fill=\"currentColor\"><\/path><\/svg><svg style=\"fill: #999;color:#999\" class=\"arrow-unsorted-368013\" xmlns=\"http:\/\/www.w3.org\/2000\/svg\" width=\"10px\" height=\"10px\" viewBox=\"0 0 24 24\" version=\"1.2\" baseProfile=\"tiny\"><path d=\"M18.2 9.3l-6.2-6.3-6.2 6.3c-.2.2-.3.4-.3.7s.1.5.3.7c.2.2.4.3.7.3h11c.3 0 .5-.1.7-.3.2-.2.3-.5.3-.7s-.1-.5-.3-.7zM5.8 14.7l6.2 6.3 6.2-6.3c.2-.2.3-.5.3-.7s-.1-.5-.3-.7c-.2-.2-.4-.3-.7-.3h-11c-.3 0-.5.1-.7.3-.2.2-.3.5-.3.7s.1.5.3.7z\"\/><\/svg><\/span><\/span><\/span><\/a><\/span><\/div>\n<nav><ul class='ez-toc-list ez-toc-list-level-1 ' ><li class='ez-toc-page-1 ez-toc-heading-level-2'><a class=\"ez-toc-link ez-toc-heading-1\" href=\"http:\/\/eautomobiliai.lt\/index.php\/2025\/07\/26\/vairavimo-pokyciai-2007-m-elektriniu-transporto-priemoniu-asociacijos-gimimas-ir-jos-poveikis-tvariam-transportavimui\/#Kilme_ir_misija\" >Kilm\u0117 ir misija<\/a><\/li><li class='ez-toc-page-1 ez-toc-heading-level-2'><a class=\"ez-toc-link ez-toc-heading-2\" href=\"http:\/\/eautomobiliai.lt\/index.php\/2025\/07\/26\/vairavimo-pokyciai-2007-m-elektriniu-transporto-priemoniu-asociacijos-gimimas-ir-jos-poveikis-tvariam-transportavimui\/#Skyriu_tinklas_ir_bendruomenes_isitraukimas\" >Skyri\u0173 tinklas ir bendruomen\u0117s \u012fsitraukimas<\/a><\/li><li class='ez-toc-page-1 ez-toc-heading-level-2'><a class=\"ez-toc-link ez-toc-heading-3\" href=\"http:\/\/eautomobiliai.lt\/index.php\/2025\/07\/26\/vairavimo-pokyciai-2007-m-elektriniu-transporto-priemoniu-asociacijos-gimimas-ir-jos-poveikis-tvariam-transportavimui\/#Elektriniu_transporto_priemoniu_svietimo_ir_ivaikinimo_tobulinimas\" >Elektrini\u0173 transporto priemoni\u0173 \u0161vietimo ir \u012fvaikinimo tobulinimas<\/a><\/li><li class='ez-toc-page-1 ez-toc-heading-level-2'><a class=\"ez-toc-link ez-toc-heading-4\" href=\"http:\/\/eautomobiliai.lt\/index.php\/2025\/07\/26\/vairavimo-pokyciai-2007-m-elektriniu-transporto-priemoniu-asociacijos-gimimas-ir-jos-poveikis-tvariam-transportavimui\/#Poveikis_EV_judejimui_ir_tvariam_transportavimui\" >Poveikis EV jud\u0117jimui ir tvariam transportavimui<\/a><\/li><li class='ez-toc-page-1 ez-toc-heading-level-2'><a class=\"ez-toc-link ez-toc-heading-5\" href=\"http:\/\/eautomobiliai.lt\/index.php\/2025\/07\/26\/vairavimo-pokyciai-2007-m-elektriniu-transporto-priemoniu-asociacijos-gimimas-ir-jos-poveikis-tvariam-transportavimui\/#Isvada\" >I\u0161vada<\/a><\/li><\/ul><\/nav><\/div>\n<h2><span class=\"ez-toc-section\" id=\"Kilme_ir_misija\"><\/span>Kilm\u0117 ir misija<span class=\"ez-toc-section-end\"><\/span><\/h2>\n<p>Elektrini\u0173 transporto priemoni\u0173 asociacija prasid\u0117jo kaip elektrin\u0117s automobili\u0173 asociacija. Jos pavadinimas ir vaidmuo pasikeit\u0117, kai augo automobili\u0173 technologija, ir daugiau \u017emoni\u0173 prisijung\u0117 prie elektrini\u0173 transporto priemoni\u0173 prie\u017easties. Iki 2007 m. Eva tapo savanori\u0173 komanda visoje \u0160iaur\u0117s Amerikoje. Jos tikslas yra pagreitinti elektrini\u0173 transporto priemoni\u0173 naudojim\u0105 dalijant faktais, paspaudus poky\u010dius, palaikant vietines komandas ir kviesdami visuomen\u0117s ind\u0117l\u012f.<\/p>\n<p>EVA laikosi minties, kad elektrin\u0117s transporto priemon\u0117s atne\u0161a dideles pergales. Jie padeda taupyti pinigus, i\u0161laikyti or\u0105 \u0161var\u0173 ir pakeisti tai, kaip va\u017eiuoja automobiliai. Grup\u0117 sudaro ry\u0161ius tarp daugelio savanori\u0173, kuriems r\u016bpi geresnis transportas. Kiekvienas narys padeda kalb\u0117ti savo mieste.<\/p>\n<h2><span class=\"ez-toc-section\" id=\"Skyriu_tinklas_ir_bendruomenes_isitraukimas\"><\/span>Skyri\u0173 tinklas ir bendruomen\u0117s \u012fsitraukimas<span class=\"ez-toc-section-end\"><\/span><\/h2>\n<p>Nuo 2007 m. EVA u\u017eaugino vietini\u0173 komand\u0173 tinkl\u0105. Visoje \u0160iaur\u0117s Amerikoje yra daugiau nei 100 skyri\u0173. \u0160ios komandos susieja pla\u010dius tikslus su vietiniu darbu. Ant \u017eem\u0117s skyriuose yra daugyb\u0117 rengini\u0173. Kiekvienais metais jie veda derybas, nustato bandomuosius diskus ir vykdo ma\u017eus projektus. Kiekvienas gali prisijungti prie \u0161i\u0173 rengini\u0173 &#8211; net ir tie, kurie neturi elektromobilio.<\/p>\n<p>Vienas i\u0161 pavyzd\u017ei\u0173 yra i\u0161 Geva Sent Luise. Komanda dirba su vietin\u0117mis grup\u0117mis, tokiomis kaip \u201eSaint Louis Science Center\u201c, nor\u0117dama pasidalyti faktais apie elektrines transporto priemones. \u012ekurta 2006 m., \u201eGeva\u201c netrukus \u0117m\u0117si veiksm\u0173 po 2007 m. Pavyzd\u017eiui, komanda atliko nedidel\u012f kartingo valdym\u0105 elektros energija. \u0160is aktas suteik\u0117 vaikams ai\u0161k\u0173 vaizd\u0105, kaip veikia elektromobili\u0173 dalys.<\/p>\n<h2><span class=\"ez-toc-section\" id=\"Elektriniu_transporto_priemoniu_svietimo_ir_ivaikinimo_tobulinimas\"><\/span>Elektrini\u0173 transporto priemoni\u0173 \u0161vietimo ir \u012fvaikinimo tobulinimas<span class=\"ez-toc-section-end\"><\/span><\/h2>\n<p>Mokymas lieka Eva darbo \u0161irdyje. Grup\u0117 dalijasi daugybe \u012franki\u0173. Jame pateikiami lengvi EV faktai, \u012frankiai, rodantys automobili\u0173 taupym\u0105, ir patarimai apie \u012fkrovimo stotis ir automobili\u0173 darbus. \u0160ie veiksmai padeda \u017emon\u0117ms pamatyti ties\u0105 apie elektrin\u0117s transporto priemon\u0117s valdym\u0105 ir valdym\u0105.<\/p>\n<p>Vietos komandos rengia renginius \u201eNational Drive Electric Week\u201c. \u0160iuose renginiuose \u017emon\u0117s susitinka su vairuotojais ir ekspertais. Dalyviai u\u017eduoda paprastus klausimus, ai\u0161kius senus mitus ir su\u017eino apie daugyb\u0119 dabar parduodam\u0173 automobili\u0173 pasirinkim\u0173.<\/p>\n<p>Viename renginyje Geva sureng\u0117 lenktynes NASCAR vilkimo juostoje. Renginys sumai\u0161\u0117 senesnius automobilius, kuriems buvo suteikta nauja elektros energija su \u0161iuolaikin\u0117mis elektrin\u0117mis transporto priemon\u0117mis. \u0160i diena parod\u0117 daugyb\u0119 elektros transporto pusi\u0173 ir vilties ankstyv\u0173j\u0173 gerb\u0117j\u0173, kurie tur\u0117jo nauj\u0173 id\u0117j\u0173.<\/p>\n<h2><span class=\"ez-toc-section\" id=\"Poveikis_EV_judejimui_ir_tvariam_transportavimui\"><\/span>Poveikis EV jud\u0117jimui ir tvariam transportavimui<span class=\"ez-toc-section-end\"><\/span><\/h2>\n<p>Nuo 2007 m. EVA pakeit\u0117 vie\u0161\u0105 po\u017ei\u016br\u012f \u012f elektrines transporto priemones. Tai rodo daugyb\u0119 \u0161vari\u0173 kelioni\u0173 b\u016bd\u0173. Padedama savanori\u0173 ir vietini\u0173 ry\u0161i\u0173, EVA pad\u0117jo perkelti vaizdus ir elektromobili\u0173 naudojimo taisykles.<\/p>\n<p>Kai elektrin\u0117s transporto priemon\u0117s auga su geresn\u0117mis technologijomis, daugiau \u012fkrovimo viet\u0173 ir ma\u017eesn\u0117mis kainomis, EVA darbas pateikia bendruomen\u0117s pastang\u0173 vadov\u0105. Grup\u0117 daugiausia d\u0117mesio skiria mokymui ir pra\u0161ymui poky\u010diams. Tai palaiko pokalb\u012f apie \u0161varesn\u012f transport\u0105 gyv\u0105 ir s\u0105\u017eining\u0105 visiems.<\/p>\n<h2><span class=\"ez-toc-section\" id=\"Isvada\"><\/span>I\u0161vada<span class=\"ez-toc-section-end\"><\/span><\/h2>\n<p>Elektrini\u0173 transporto priemoni\u0173 asociacijos prad\u017eia ir augimas 2007 m. \u017denkina pagrindin\u012f \u017eingsn\u012f link ai\u0161kesnio transporto. Vykdydama ry\u017eting\u0105 savanori\u0173 darb\u0105, vietinius veiksmus ir ai\u0161k\u0173 tiksl\u0105 pasidalyti faktais, EVA pad\u0117jo daugeliui pamatyti elektrini\u0173 transporto priemoni\u0173 pa\u017ead\u0105. Jo \u017eenklas i\u0161lieka ai\u0161kus, kai pasaulis juda link \u0161varesnio va\u017eiavimo &#8211; vienu varikliu vienu metu.<\/p>\n<p>\u2014\u2014\u2014\u2014\u2014\u2014\u2014\u2014\u2014\u2014\u2014\u2014\u2014\u2014\u2014\u2014\u2014\u2014\u2014\u2014\u2014\u2014\u2014<br \/>\u201eVoltsandVolts.com\u201c yra tinklara\u0161tis, skirtas elektrin\u0117ms transporto priemon\u0117ms (EV). M\u016bs\u0173 tinklara\u0161tyje pateikiami straipsniai apie EV ap\u017evalgas, istorijas, patarimus, triukus, \u012fkrovimo infrastrukt\u016br\u0105 ir akumuliatori\u0173 technologijas. Prisijunkite prie pokalbio ir tapkite \u201eVoltsandVolts.com\u201c bendruomen\u0117s dalimi \u0161iandien!<\/p>\n<\/div>\n<p><br \/>\n<br \/><a href=\"https:\/\/voltsandvolts.com\/2007-establishment-of-the-electric-vehicle-association\/\">Source link <\/a><\/p>\n","protected":false},"excerpt":{"rendered":"<p>2007 metai pa\u017eym\u0117jo pagrindin\u012f elektromobili\u0173 istorijos ta\u0161k\u0105. Tais metais buvo suformuota elektromobili\u0173 asociacija. \u0160iaur\u0117s Amerika pamat\u0117, kad grup\u0117 padirb\u0117jo, kad&hellip;<\/p>\n","protected":false},"author":1,"featured_media":1598,"comment_status":"open","ping_status":"open","sticky":false,"template":"","format":"standard","meta":{"om_disable_all_campaigns":false,"_monsterinsights_skip_tracking":false,"_monsterinsights_sitenote_active":false,"_monsterinsights_sitenote_note":"","_monsterinsights_sitenote_category":0,"footnotes":""},"categories":[39],"tags":[3072,45,614,686,280,834,47,3074,46,3073,279],"class_list":["post-1597","post","type-post","status-publish","format-standard","has-post-thumbnail","hentry","category-eautomobiliu-technine-puse","tag-asociacijos","tag-elektriniu","tag-gimimas","tag-jos","tag-pokyciai","tag-poveikis","tag-priemoniu","tag-transportavimui","tag-transporto","tag-tvariam","tag-vairavimo"],"aioseo_notices":[],"yoast_head":"<!-- This site is optimized with the Yoast SEO plugin v26.8 - https:\/\/yoast.com\/product\/yoast-seo-wordpress\/ -->\n<title>Vairavimo poky\u010diai: 2007 m. Elektrini\u0173 transporto priemoni\u0173 asociacijos gimimas ir jos poveikis tvariam transportavimui - Eautomobiliai.lt<\/title>\n<meta name=\"robots\" content=\"index, follow, max-snippet:-1, max-image-preview:large, max-video-preview:-1\" \/>\n<link rel=\"canonical\" href=\"http:\/\/eautomobiliai.lt\/index.php\/2025\/07\/26\/vairavimo-pokyciai-2007-m-elektriniu-transporto-priemoniu-asociacijos-gimimas-ir-jos-poveikis-tvariam-transportavimui\/\" \/>\n<meta property=\"og:locale\" content=\"lt_LT\" \/>\n<meta property=\"og:type\" content=\"article\" \/>\n<meta property=\"og:title\" content=\"Vairavimo poky\u010diai: 2007 m. Elektrini\u0173 transporto priemoni\u0173 asociacijos gimimas ir jos poveikis tvariam transportavimui - Eautomobiliai.lt\" \/>\n<meta property=\"og:description\" content=\"2007 metai pa\u017eym\u0117jo pagrindin\u012f elektromobili\u0173 istorijos ta\u0161k\u0105. Tais metais buvo suformuota elektromobili\u0173 asociacija. \u0160iaur\u0117s Amerika pamat\u0117, kad grup\u0117 padirb\u0117jo, kad&hellip;\" \/>\n<meta property=\"og:url\" content=\"http:\/\/eautomobiliai.lt\/index.php\/2025\/07\/26\/vairavimo-pokyciai-2007-m-elektriniu-transporto-priemoniu-asociacijos-gimimas-ir-jos-poveikis-tvariam-transportavimui\/\" \/>\n<meta property=\"og:site_name\" content=\"Eautomobiliai.lt\" \/>\n<meta property=\"article:published_time\" content=\"2025-07-26T10:47:17+00:00\" \/>\n<meta property=\"og:image\" content=\"http:\/\/eautomobiliai.lt\/wp-content\/uploads\/2025\/07\/Vairavimo-pokyciai-2007-m-Elektriniu-transporto-priemoniu-asociacijos-gimimas-ir.jpg\" \/>\n\t<meta property=\"og:image:width\" content=\"1344\" \/>\n\t<meta property=\"og:image:height\" content=\"768\" \/>\n\t<meta property=\"og:image:type\" content=\"image\/jpeg\" \/>\n<meta name=\"author\" content=\"admin\" \/>\n<meta name=\"twitter:card\" content=\"summary_large_image\" \/>\n<meta name=\"twitter:label1\" content=\"Written by\" \/>\n\t<meta name=\"twitter:data1\" content=\"admin\" \/>\n\t<meta name=\"twitter:label2\" content=\"Est. reading time\" \/>\n\t<meta name=\"twitter:data2\" content=\"3 minut\u0117s\" \/>\n<script type=\"application\/ld+json\" class=\"yoast-schema-graph\">{\"@context\":\"https:\/\/schema.org\",\"@graph\":[{\"@type\":\"Article\",\"@id\":\"http:\/\/eautomobiliai.lt\/index.php\/2025\/07\/26\/vairavimo-pokyciai-2007-m-elektriniu-transporto-priemoniu-asociacijos-gimimas-ir-jos-poveikis-tvariam-transportavimui\/#article\",\"isPartOf\":{\"@id\":\"http:\/\/eautomobiliai.lt\/index.php\/2025\/07\/26\/vairavimo-pokyciai-2007-m-elektriniu-transporto-priemoniu-asociacijos-gimimas-ir-jos-poveikis-tvariam-transportavimui\/\"},\"author\":{\"name\":\"admin\",\"@id\":\"https:\/\/eautomobiliai.lt\/#\/schema\/person\/ecf2a967f361217d056061f74deb92f2\"},\"headline\":\"Vairavimo poky\u010diai: 2007 m. Elektrini\u0173 transporto priemoni\u0173 asociacijos gimimas ir jos poveikis tvariam transportavimui\",\"datePublished\":\"2025-07-26T10:47:17+00:00\",\"mainEntityOfPage\":{\"@id\":\"http:\/\/eautomobiliai.lt\/index.php\/2025\/07\/26\/vairavimo-pokyciai-2007-m-elektriniu-transporto-priemoniu-asociacijos-gimimas-ir-jos-poveikis-tvariam-transportavimui\/\"},\"wordCount\":628,\"commentCount\":0,\"image\":{\"@id\":\"http:\/\/eautomobiliai.lt\/index.php\/2025\/07\/26\/vairavimo-pokyciai-2007-m-elektriniu-transporto-priemoniu-asociacijos-gimimas-ir-jos-poveikis-tvariam-transportavimui\/#primaryimage\"},\"thumbnailUrl\":\"http:\/\/eautomobiliai.lt\/wp-content\/uploads\/2025\/07\/Vairavimo-pokyciai-2007-m-Elektriniu-transporto-priemoniu-asociacijos-gimimas-ir.jpg\",\"keywords\":[\"asociacijos\",\"elektrini\u0173\",\"Gimimas\",\"jos\",\"poky\u010diai\",\"poveikis\",\"priemoni\u0173\",\"transportavimui\",\"transporto\",\"tvariam\",\"Vairavimo\"],\"articleSection\":[\"eAUTOMOBILI\u0172 TECHNIN\u0116 PUS\u0116\"],\"inLanguage\":\"lt-LT\",\"potentialAction\":[{\"@type\":\"CommentAction\",\"name\":\"Comment\",\"target\":[\"http:\/\/eautomobiliai.lt\/index.php\/2025\/07\/26\/vairavimo-pokyciai-2007-m-elektriniu-transporto-priemoniu-asociacijos-gimimas-ir-jos-poveikis-tvariam-transportavimui\/#respond\"]}]},{\"@type\":\"WebPage\",\"@id\":\"http:\/\/eautomobiliai.lt\/index.php\/2025\/07\/26\/vairavimo-pokyciai-2007-m-elektriniu-transporto-priemoniu-asociacijos-gimimas-ir-jos-poveikis-tvariam-transportavimui\/\",\"url\":\"http:\/\/eautomobiliai.lt\/index.php\/2025\/07\/26\/vairavimo-pokyciai-2007-m-elektriniu-transporto-priemoniu-asociacijos-gimimas-ir-jos-poveikis-tvariam-transportavimui\/\",\"name\":\"Vairavimo poky\u010diai: 2007 m. Elektrini\u0173 transporto priemoni\u0173 asociacijos gimimas ir jos poveikis tvariam transportavimui - Eautomobiliai.lt\",\"isPartOf\":{\"@id\":\"https:\/\/eautomobiliai.lt\/#website\"},\"primaryImageOfPage\":{\"@id\":\"http:\/\/eautomobiliai.lt\/index.php\/2025\/07\/26\/vairavimo-pokyciai-2007-m-elektriniu-transporto-priemoniu-asociacijos-gimimas-ir-jos-poveikis-tvariam-transportavimui\/#primaryimage\"},\"image\":{\"@id\":\"http:\/\/eautomobiliai.lt\/index.php\/2025\/07\/26\/vairavimo-pokyciai-2007-m-elektriniu-transporto-priemoniu-asociacijos-gimimas-ir-jos-poveikis-tvariam-transportavimui\/#primaryimage\"},\"thumbnailUrl\":\"http:\/\/eautomobiliai.lt\/wp-content\/uploads\/2025\/07\/Vairavimo-pokyciai-2007-m-Elektriniu-transporto-priemoniu-asociacijos-gimimas-ir.jpg\",\"datePublished\":\"2025-07-26T10:47:17+00:00\",\"author\":{\"@id\":\"https:\/\/eautomobiliai.lt\/#\/schema\/person\/ecf2a967f361217d056061f74deb92f2\"},\"breadcrumb\":{\"@id\":\"http:\/\/eautomobiliai.lt\/index.php\/2025\/07\/26\/vairavimo-pokyciai-2007-m-elektriniu-transporto-priemoniu-asociacijos-gimimas-ir-jos-poveikis-tvariam-transportavimui\/#breadcrumb\"},\"inLanguage\":\"lt-LT\",\"potentialAction\":[{\"@type\":\"ReadAction\",\"target\":[\"http:\/\/eautomobiliai.lt\/index.php\/2025\/07\/26\/vairavimo-pokyciai-2007-m-elektriniu-transporto-priemoniu-asociacijos-gimimas-ir-jos-poveikis-tvariam-transportavimui\/\"]}]},{\"@type\":\"ImageObject\",\"inLanguage\":\"lt-LT\",\"@id\":\"http:\/\/eautomobiliai.lt\/index.php\/2025\/07\/26\/vairavimo-pokyciai-2007-m-elektriniu-transporto-priemoniu-asociacijos-gimimas-ir-jos-poveikis-tvariam-transportavimui\/#primaryimage\",\"url\":\"http:\/\/eautomobiliai.lt\/wp-content\/uploads\/2025\/07\/Vairavimo-pokyciai-2007-m-Elektriniu-transporto-priemoniu-asociacijos-gimimas-ir.jpg\",\"contentUrl\":\"http:\/\/eautomobiliai.lt\/wp-content\/uploads\/2025\/07\/Vairavimo-pokyciai-2007-m-Elektriniu-transporto-priemoniu-asociacijos-gimimas-ir.jpg\",\"width\":1344,\"height\":768},{\"@type\":\"BreadcrumbList\",\"@id\":\"http:\/\/eautomobiliai.lt\/index.php\/2025\/07\/26\/vairavimo-pokyciai-2007-m-elektriniu-transporto-priemoniu-asociacijos-gimimas-ir-jos-poveikis-tvariam-transportavimui\/#breadcrumb\",\"itemListElement\":[{\"@type\":\"ListItem\",\"position\":1,\"name\":\"Home\",\"item\":\"https:\/\/eautomobiliai.lt\/\"},{\"@type\":\"ListItem\",\"position\":2,\"name\":\"Vairavimo poky\u010diai: 2007 m. Elektrini\u0173 transporto priemoni\u0173 asociacijos gimimas ir jos poveikis tvariam transportavimui\"}]},{\"@type\":\"WebSite\",\"@id\":\"https:\/\/eautomobiliai.lt\/#website\",\"url\":\"https:\/\/eautomobiliai.lt\/\",\"name\":\"Eautomobiliai.lt\",\"description\":\"Elektrinis transportas, technologijos\",\"potentialAction\":[{\"@type\":\"SearchAction\",\"target\":{\"@type\":\"EntryPoint\",\"urlTemplate\":\"https:\/\/eautomobiliai.lt\/?s={search_term_string}\"},\"query-input\":{\"@type\":\"PropertyValueSpecification\",\"valueRequired\":true,\"valueName\":\"search_term_string\"}}],\"inLanguage\":\"lt-LT\"},{\"@type\":\"Person\",\"@id\":\"https:\/\/eautomobiliai.lt\/#\/schema\/person\/ecf2a967f361217d056061f74deb92f2\",\"name\":\"admin\",\"image\":{\"@type\":\"ImageObject\",\"inLanguage\":\"lt-LT\",\"@id\":\"https:\/\/eautomobiliai.lt\/#\/schema\/person\/image\/\",\"url\":\"https:\/\/secure.gravatar.com\/avatar\/6323379efae0c70c686c7905444d6bbd?s=96&d=mm&r=g\",\"contentUrl\":\"https:\/\/secure.gravatar.com\/avatar\/6323379efae0c70c686c7905444d6bbd?s=96&d=mm&r=g\",\"caption\":\"admin\"},\"sameAs\":[\"http:\/\/eautomobiliai.lt\"],\"url\":\"http:\/\/eautomobiliai.lt\/index.php\/author\/admin\/\"}]}<\/script>\n<!-- \/ Yoast SEO plugin. -->","yoast_head_json":{"title":"Vairavimo poky\u010diai: 2007 m. Elektrini\u0173 transporto priemoni\u0173 asociacijos gimimas ir jos poveikis tvariam transportavimui - Eautomobiliai.lt","robots":{"index":"index","follow":"follow","max-snippet":"max-snippet:-1","max-image-preview":"max-image-preview:large","max-video-preview":"max-video-preview:-1"},"canonical":"http:\/\/eautomobiliai.lt\/index.php\/2025\/07\/26\/vairavimo-pokyciai-2007-m-elektriniu-transporto-priemoniu-asociacijos-gimimas-ir-jos-poveikis-tvariam-transportavimui\/","og_locale":"lt_LT","og_type":"article","og_title":"Vairavimo poky\u010diai: 2007 m. Elektrini\u0173 transporto priemoni\u0173 asociacijos gimimas ir jos poveikis tvariam transportavimui - Eautomobiliai.lt","og_description":"2007 metai pa\u017eym\u0117jo pagrindin\u012f elektromobili\u0173 istorijos ta\u0161k\u0105. Tais metais buvo suformuota elektromobili\u0173 asociacija. \u0160iaur\u0117s Amerika pamat\u0117, kad grup\u0117 padirb\u0117jo, kad&hellip;","og_url":"http:\/\/eautomobiliai.lt\/index.php\/2025\/07\/26\/vairavimo-pokyciai-2007-m-elektriniu-transporto-priemoniu-asociacijos-gimimas-ir-jos-poveikis-tvariam-transportavimui\/","og_site_name":"Eautomobiliai.lt","article_published_time":"2025-07-26T10:47:17+00:00","og_image":[{"width":1344,"height":768,"url":"http:\/\/eautomobiliai.lt\/wp-content\/uploads\/2025\/07\/Vairavimo-pokyciai-2007-m-Elektriniu-transporto-priemoniu-asociacijos-gimimas-ir.jpg","type":"image\/jpeg"}],"author":"admin","twitter_card":"summary_large_image","twitter_misc":{"Written by":"admin","Est. reading time":"3 minut\u0117s"},"schema":{"@context":"https:\/\/schema.org","@graph":[{"@type":"Article","@id":"http:\/\/eautomobiliai.lt\/index.php\/2025\/07\/26\/vairavimo-pokyciai-2007-m-elektriniu-transporto-priemoniu-asociacijos-gimimas-ir-jos-poveikis-tvariam-transportavimui\/#article","isPartOf":{"@id":"http:\/\/eautomobiliai.lt\/index.php\/2025\/07\/26\/vairavimo-pokyciai-2007-m-elektriniu-transporto-priemoniu-asociacijos-gimimas-ir-jos-poveikis-tvariam-transportavimui\/"},"author":{"name":"admin","@id":"https:\/\/eautomobiliai.lt\/#\/schema\/person\/ecf2a967f361217d056061f74deb92f2"},"headline":"Vairavimo poky\u010diai: 2007 m. Elektrini\u0173 transporto priemoni\u0173 asociacijos gimimas ir jos poveikis tvariam transportavimui","datePublished":"2025-07-26T10:47:17+00:00","mainEntityOfPage":{"@id":"http:\/\/eautomobiliai.lt\/index.php\/2025\/07\/26\/vairavimo-pokyciai-2007-m-elektriniu-transporto-priemoniu-asociacijos-gimimas-ir-jos-poveikis-tvariam-transportavimui\/"},"wordCount":628,"commentCount":0,"image":{"@id":"http:\/\/eautomobiliai.lt\/index.php\/2025\/07\/26\/vairavimo-pokyciai-2007-m-elektriniu-transporto-priemoniu-asociacijos-gimimas-ir-jos-poveikis-tvariam-transportavimui\/#primaryimage"},"thumbnailUrl":"http:\/\/eautomobiliai.lt\/wp-content\/uploads\/2025\/07\/Vairavimo-pokyciai-2007-m-Elektriniu-transporto-priemoniu-asociacijos-gimimas-ir.jpg","keywords":["asociacijos","elektrini\u0173","Gimimas","jos","poky\u010diai","poveikis","priemoni\u0173","transportavimui","transporto","tvariam","Vairavimo"],"articleSection":["eAUTOMOBILI\u0172 TECHNIN\u0116 PUS\u0116"],"inLanguage":"lt-LT","potentialAction":[{"@type":"CommentAction","name":"Comment","target":["http:\/\/eautomobiliai.lt\/index.php\/2025\/07\/26\/vairavimo-pokyciai-2007-m-elektriniu-transporto-priemoniu-asociacijos-gimimas-ir-jos-poveikis-tvariam-transportavimui\/#respond"]}]},{"@type":"WebPage","@id":"http:\/\/eautomobiliai.lt\/index.php\/2025\/07\/26\/vairavimo-pokyciai-2007-m-elektriniu-transporto-priemoniu-asociacijos-gimimas-ir-jos-poveikis-tvariam-transportavimui\/","url":"http:\/\/eautomobiliai.lt\/index.php\/2025\/07\/26\/vairavimo-pokyciai-2007-m-elektriniu-transporto-priemoniu-asociacijos-gimimas-ir-jos-poveikis-tvariam-transportavimui\/","name":"Vairavimo poky\u010diai: 2007 m. Elektrini\u0173 transporto priemoni\u0173 asociacijos gimimas ir jos poveikis tvariam transportavimui - Eautomobiliai.lt","isPartOf":{"@id":"https:\/\/eautomobiliai.lt\/#website"},"primaryImageOfPage":{"@id":"http:\/\/eautomobiliai.lt\/index.php\/2025\/07\/26\/vairavimo-pokyciai-2007-m-elektriniu-transporto-priemoniu-asociacijos-gimimas-ir-jos-poveikis-tvariam-transportavimui\/#primaryimage"},"image":{"@id":"http:\/\/eautomobiliai.lt\/index.php\/2025\/07\/26\/vairavimo-pokyciai-2007-m-elektriniu-transporto-priemoniu-asociacijos-gimimas-ir-jos-poveikis-tvariam-transportavimui\/#primaryimage"},"thumbnailUrl":"http:\/\/eautomobiliai.lt\/wp-content\/uploads\/2025\/07\/Vairavimo-pokyciai-2007-m-Elektriniu-transporto-priemoniu-asociacijos-gimimas-ir.jpg","datePublished":"2025-07-26T10:47:17+00:00","author":{"@id":"https:\/\/eautomobiliai.lt\/#\/schema\/person\/ecf2a967f361217d056061f74deb92f2"},"breadcrumb":{"@id":"http:\/\/eautomobiliai.lt\/index.php\/2025\/07\/26\/vairavimo-pokyciai-2007-m-elektriniu-transporto-priemoniu-asociacijos-gimimas-ir-jos-poveikis-tvariam-transportavimui\/#breadcrumb"},"inLanguage":"lt-LT","potentialAction":[{"@type":"ReadAction","target":["http:\/\/eautomobiliai.lt\/index.php\/2025\/07\/26\/vairavimo-pokyciai-2007-m-elektriniu-transporto-priemoniu-asociacijos-gimimas-ir-jos-poveikis-tvariam-transportavimui\/"]}]},{"@type":"ImageObject","inLanguage":"lt-LT","@id":"http:\/\/eautomobiliai.lt\/index.php\/2025\/07\/26\/vairavimo-pokyciai-2007-m-elektriniu-transporto-priemoniu-asociacijos-gimimas-ir-jos-poveikis-tvariam-transportavimui\/#primaryimage","url":"http:\/\/eautomobiliai.lt\/wp-content\/uploads\/2025\/07\/Vairavimo-pokyciai-2007-m-Elektriniu-transporto-priemoniu-asociacijos-gimimas-ir.jpg","contentUrl":"http:\/\/eautomobiliai.lt\/wp-content\/uploads\/2025\/07\/Vairavimo-pokyciai-2007-m-Elektriniu-transporto-priemoniu-asociacijos-gimimas-ir.jpg","width":1344,"height":768},{"@type":"BreadcrumbList","@id":"http:\/\/eautomobiliai.lt\/index.php\/2025\/07\/26\/vairavimo-pokyciai-2007-m-elektriniu-transporto-priemoniu-asociacijos-gimimas-ir-jos-poveikis-tvariam-transportavimui\/#breadcrumb","itemListElement":[{"@type":"ListItem","position":1,"name":"Home","item":"https:\/\/eautomobiliai.lt\/"},{"@type":"ListItem","position":2,"name":"Vairavimo poky\u010diai: 2007 m. Elektrini\u0173 transporto priemoni\u0173 asociacijos gimimas ir jos poveikis tvariam transportavimui"}]},{"@type":"WebSite","@id":"https:\/\/eautomobiliai.lt\/#website","url":"https:\/\/eautomobiliai.lt\/","name":"Eautomobiliai.lt","description":"Elektrinis transportas, technologijos","potentialAction":[{"@type":"SearchAction","target":{"@type":"EntryPoint","urlTemplate":"https:\/\/eautomobiliai.lt\/?s={search_term_string}"},"query-input":{"@type":"PropertyValueSpecification","valueRequired":true,"valueName":"search_term_string"}}],"inLanguage":"lt-LT"},{"@type":"Person","@id":"https:\/\/eautomobiliai.lt\/#\/schema\/person\/ecf2a967f361217d056061f74deb92f2","name":"admin","image":{"@type":"ImageObject","inLanguage":"lt-LT","@id":"https:\/\/eautomobiliai.lt\/#\/schema\/person\/image\/","url":"https:\/\/secure.gravatar.com\/avatar\/6323379efae0c70c686c7905444d6bbd?s=96&d=mm&r=g","contentUrl":"https:\/\/secure.gravatar.com\/avatar\/6323379efae0c70c686c7905444d6bbd?s=96&d=mm&r=g","caption":"admin"},"sameAs":["http:\/\/eautomobiliai.lt"],"url":"http:\/\/eautomobiliai.lt\/index.php\/author\/admin\/"}]}},"_links":{"self":[{"href":"http:\/\/eautomobiliai.lt\/index.php\/wp-json\/wp\/v2\/posts\/1597","targetHints":{"allow":["GET"]}}],"collection":[{"href":"http:\/\/eautomobiliai.lt\/index.php\/wp-json\/wp\/v2\/posts"}],"about":[{"href":"http:\/\/eautomobiliai.lt\/index.php\/wp-json\/wp\/v2\/types\/post"}],"author":[{"embeddable":true,"href":"http:\/\/eautomobiliai.lt\/index.php\/wp-json\/wp\/v2\/users\/1"}],"replies":[{"embeddable":true,"href":"http:\/\/eautomobiliai.lt\/index.php\/wp-json\/wp\/v2\/comments?post=1597"}],"version-history":[{"count":0,"href":"http:\/\/eautomobiliai.lt\/index.php\/wp-json\/wp\/v2\/posts\/1597\/revisions"}],"wp:featuredmedia":[{"embeddable":true,"href":"http:\/\/eautomobiliai.lt\/index.php\/wp-json\/wp\/v2\/media\/1598"}],"wp:attachment":[{"href":"http:\/\/eautomobiliai.lt\/index.php\/wp-json\/wp\/v2\/media?parent=1597"}],"wp:term":[{"taxonomy":"category","embeddable":true,"href":"http:\/\/eautomobiliai.lt\/index.php\/wp-json\/wp\/v2\/categories?post=1597"},{"taxonomy":"post_tag","embeddable":true,"href":"http:\/\/eautomobiliai.lt\/index.php\/wp-json\/wp\/v2\/tags?post=1597"}],"curies":[{"name":"wp","href":"https:\/\/api.w.org\/{rel}","templated":true}]}}