{"id":1621,"date":"2025-07-28T18:55:02","date_gmt":"2025-07-28T18:55:02","guid":{"rendered":"https:\/\/eautomobiliai.lt\/index.php\/2025\/07\/28\/tesla-busimas-iperkamo-modelis-pastebetas-be-stiklinio-stogo\/"},"modified":"2025-07-28T18:55:02","modified_gmt":"2025-07-28T18:55:02","slug":"tesla-busimas-iperkamo-modelis-pastebetas-be-stiklinio-stogo","status":"publish","type":"post","link":"http:\/\/eautomobiliai.lt\/index.php\/2025\/07\/28\/tesla-busimas-iperkamo-modelis-pastebetas-be-stiklinio-stogo\/","title":{"rendered":"\u201eTesla\u201c b\u016bsimas \u201e\u012eperkamo\u201c modelis, pasteb\u0117tas be stiklinio stogo"},"content":{"rendered":"<p> <br \/>\n<\/p>\n<div id=\"\">\n<p><span style=\"font-weight: 400;\">Baland\u017eio m\u0117n. Kinijos prane\u0161imai per socialin\u0119 \u017einiasklaid\u0105 teig\u0117, kad labai lauktas labiau \u201e\u012fperkamas\u201c \u201eTesla\u201c elektrinis automobilis buvo ma\u017eiau nei per tris m\u0117nesius nuo gamybos, o liepos m\u0117n. Laukiama. <\/span><\/p>\n<p><span style=\"font-weight: 400;\">Tada pra\u0117jusi\u0105 savait\u0119, bendrov\u0117s pajam\u0173 skambutyje, tai buvo <\/span><span style=\"font-weight: 400;\">atskleista<\/span><span style=\"font-weight: 400;\">  Tai, kad \u0161i laiko juosta bus atstumta, nes \u201eTesla\u201c sutelk\u0117 d\u0117mes\u012f \u012f savo modelio pristatymo prie\u0161 JAV kredit\u0173 galiojimo laik\u0105.<\/span><\/p>\n<p><span style=\"font-weight: 400;\">Dabar buvo pasteb\u0117ta bandomoji transporto priemon\u0117, u\u017euomina apie kai kuriuos pagrindinius pakeitimus, kurie atsiras, kai tai bus gamyba met\u0173 pabaigoje, \u012fskaitant panoraminio stiklo stogo pa\u0161alinim\u0105 ir audinio naudojim\u0105 s\u0117dyn\u0117se.<\/span><\/p>\n<p><span style=\"font-weight: 400;\">Naujame \u201eDriveGreenLiveGreen\u201c \u201eX\u201c dalijosi vaizdo \u012fra\u0161u \u201eM\u0117lynasis\u201e Tesla \u201cvisureigis yra pasteb\u0117tas JAV pastatytas su priekine ir galine dalimi. Tai i\u0161 tikr\u0173j\u0173 rodo i\u0161or\u0119 ir vid\u0173, nukreipt\u0105 \u012f tvirt\u0105 stog\u0105, o ne \u012f panoramin\u012f stikl\u0105, kuris rodomas<\/span><span style=\"font-weight: 400;\">  Visi modeliai, kuriuos \u0161iandien gamina \u201eTesla\u201c, \u012fskaitant populiar\u0173j\u012f 3 model\u012f ir \u201eModel Y\u201c automobilius.<\/span><\/p>\n<p><span style=\"font-weight: 400;\">I\u0161 vidaus priekin\u0117s ir galin\u0117s s\u0117dyn\u0117s dabar yra audiniai ir praleis ventiliacij\u0105, kaip standartin\u0117 visuose dabartiniuose modeliuose.<\/span><\/p>\n<p><span style=\"font-weight: 400;\">Taip pat yra vaizdini\u0173 pakeitim\u0173 priekyje ir gale. Nors automobiliai yra padengti, vaizdo \u012fra\u0161e parodyta, kad naujajame Y modelyje rodomi lemput\u0117s nebus \u012ftrauktos. <\/span><span style=\"font-weight: 400;\">Taip pat atrodo, kad jis yra trumpesnio ilgio nei standartinis \u201eTesla\u201c modelis, kuris yra ma\u017edaug 4,8 metro ilgio.<\/span><\/p>\n<p><span style=\"font-weight: 400;\">Pana\u0161u, kad \u0161is bandomasis automobilis yra nuo 4,4 iki 4,6 metro ilgio, atsi\u017evelgiant \u012f tai, k\u0105 galima pamatyti vaizdo \u012fra\u0161e, palyginti su kitu Y modeliu.<\/span><\/p>\n<p><span style=\"font-weight: 400;\">Pra\u0117jusi\u0105 savait\u0119 gav\u0119 u\u017edarbio skambut\u012f, daugiau apie automobilio stili\u0173 i\u0161girdome trumpame bendrov\u0117s generalinio direktoriaus komentare. <\/span><\/p>\n<p><span style=\"font-weight: 400;\">Investuotoj\u0173 klausim\u0173 metu, kai \u201eTesla\u201c generalinio direktoriaus Elono Musko buvo paklaustas apie tai, kaip gali atrodyti prieinamas modelis, kuriam Muskas juokavo, kad tai atrodys kaip modelis Y.<\/span><\/p>\n<figure id=\"attachment_188133\" aria-describedby=\"caption-attachment-188133\" style=\"width: 880px\" class=\"wp-caption aligncenter\"><img loading=\"lazy\" decoding=\"async\" class=\"wp-image-188133 size-full\" src=\"https:\/\/thedriven.io\/wp-content\/uploads\/2025\/05\/Smaller-Tesla-Model-Y-MGW-YouTube.jpg\" alt=\"\" width=\"880\" height=\"579\" srcset=\"https:\/\/thedriven.io\/wp-content\/uploads\/2025\/05\/Smaller-Tesla-Model-Y-MGW-YouTube.jpg 880w, https:\/\/thedriven.io\/wp-content\/uploads\/2025\/05\/Smaller-Tesla-Model-Y-MGW-YouTube-388x255.jpg 388w, https:\/\/thedriven.io\/wp-content\/uploads\/2025\/05\/Smaller-Tesla-Model-Y-MGW-YouTube-800x526.jpg 800w, https:\/\/thedriven.io\/wp-content\/uploads\/2025\/05\/Smaller-Tesla-Model-Y-MGW-YouTube-120x79.jpg 120w, https:\/\/thedriven.io\/wp-content\/uploads\/2025\/05\/Smaller-Tesla-Model-Y-MGW-YouTube-90x59.jpg 90w, https:\/\/thedriven.io\/wp-content\/uploads\/2025\/05\/Smaller-Tesla-Model-Y-MGW-YouTube-320x211.jpg 320w, https:\/\/thedriven.io\/wp-content\/uploads\/2025\/05\/Smaller-Tesla-Model-Y-MGW-YouTube-560x368.jpg 560w, https:\/\/thedriven.io\/wp-content\/uploads\/2025\/05\/Smaller-Tesla-Model-Y-MGW-YouTube-150x99.jpg 150w, https:\/\/thedriven.io\/wp-content\/uploads\/2025\/05\/Smaller-Tesla-Model-Y-MGW-YouTube-240x158.jpg 240w, https:\/\/thedriven.io\/wp-content\/uploads\/2025\/05\/Smaller-Tesla-Model-Y-MGW-YouTube-180x118.jpg 180w, https:\/\/thedriven.io\/wp-content\/uploads\/2025\/05\/Smaller-Tesla-Model-Y-MGW-YouTube-640x421.jpg 640w, https:\/\/thedriven.io\/wp-content\/uploads\/2025\/05\/Smaller-Tesla-Model-Y-MGW-YouTube-300x197.jpg 300w\" sizes=\"auto, (max-width: 880px) 100vw, 880px\"\/><figcaption id=\"caption-attachment-188133\" class=\"wp-caption-text\">Vaizdas: susitiko su Dievu dykumoje per \u201eYouTube\u201c<\/figcaption><\/figure>\n<p><span style=\"font-weight: 400;\">\u0160iandien \u201eTesla\u201c modelis \u201eY\u201c prasideda nuo 58 900 USD ir turi daug daugiau prieinam\u0173 konkurent\u0173 rinkos variant\u0173, o pakeliui tai gali b\u016bti automobilis, padedantis \u201eTesla\u201c i\u0161laikyti savo rinkos lyder\u012f Australijoje.<\/span><\/p>\n<p><span style=\"font-weight: 400;\">Pigesnis modelis kur\u012f laik\u0105 buvo darbuose, kai kelis kartus pamin\u0117jo \u0161\u012f model\u012f bendrov\u0117s u\u017edirbimo skambu\u010diuose per pra\u0117jusios savait\u0117s ketvir\u010dius, \u012fskaitant naujausi\u0105, kai buvo paskelbta, kad jis bus ketvirtojo ketvir\u010dio, o ne Q2 pabaigoje.<\/span><\/p>\n<\/p>\n<div class=\"saboxplugin-wrap\" itemtype=\"http:\/\/schema.org\/Person\" itemscope=\"\" itemprop=\"author\">\n<div class=\"saboxplugin-tab\">\n<div class=\"saboxplugin-gravatar\"><img decoding=\"async\" width=\"100\" height=\"100\" alt=\"Rizas Akhtar\" itemprop=\"image\" loading=\"lazy\" class=\"native-lazyload-js-fallback\" src=\"https:\/\/b2232832.smushcdn.com\/2232832\/wp-content\/uploads\/2022\/02\/Riz.jpg?lossy=1&amp;strip=0&amp;webp=1\"\/><img loading=\"lazy\" decoding=\"async\" src=\"https:\/\/thedriven.io\/wp-content\/uploads\/2022\/02\/Riz.jpg\" width=\"100\" height=\"100\" alt=\"Rizas Akhtar\" itemprop=\"image\"\/><\/div>\n<div class=\"saboxplugin-desc\">\n<div itemprop=\"description\">\n<p>RIZ yra \u201eCarloop\u201c \u012fk\u016br\u0117jas, \u012fsik\u016br\u0119s Melburne, specializuojasi Australijos EV duomenyse, \u012f\u017evalgos ataskaitose ir tendencijose. Jis yra mechanikos in\u017einierius, prie\u0161 pradedant \u201eCarloop\u201c pirmuosius 7 savo karjeros statybos transporto infrastrukt\u016bros metus. Jis turi aistr\u0105 automobiliams, ypa\u010d EV ir nori pad\u0117ti suma\u017einti transporto i\u0161metim\u0105 Australijoje. \u0160iuo metu jis vairuoja \u201eRed Tesla\u201c model\u012f 3.<\/p>\n<\/div>\n<\/div>\n<\/div>\n<\/div>\n<p><!-- AI CONTENT END 1 --><\/p><\/div>\n<p><br \/>\n<br \/><a href=\"https:\/\/thedriven.io\/2025\/07\/28\/teslas-upcoming-affordable-model-spotted-with-no-glass-roof\/\">Source link <\/a><\/p>\n","protected":false},"excerpt":{"rendered":"<p>Baland\u017eio m\u0117n. Kinijos prane\u0161imai per socialin\u0119 \u017einiasklaid\u0105 teig\u0117, kad labai lauktas labiau \u201e\u012fperkamas\u201c \u201eTesla\u201c elektrinis automobilis buvo ma\u017eiau nei per&hellip;<\/p>\n","protected":false},"author":1,"featured_media":1622,"comment_status":"open","ping_status":"open","sticky":false,"template":"","format":"standard","meta":{"om_disable_all_campaigns":false,"_monsterinsights_skip_tracking":false,"_monsterinsights_sitenote_active":false,"_monsterinsights_sitenote_note":"","_monsterinsights_sitenote_category":0,"footnotes":""},"categories":[39],"tags":[2911,3104,113,2186,3105,3106,14],"class_list":["post-1621","post","type-post","status-publish","format-standard","has-post-thumbnail","hentry","category-eautomobiliu-technine-puse","tag-busimas","tag-iperkamo","tag-modelis","tag-pastebetas","tag-stiklinio","tag-stogo","tag-tesla"],"aioseo_notices":[],"yoast_head":"<!-- This site is optimized with the Yoast SEO plugin v26.8 - https:\/\/yoast.com\/product\/yoast-seo-wordpress\/ -->\n<title>\u201eTesla\u201c b\u016bsimas \u201e\u012eperkamo\u201c modelis, pasteb\u0117tas be stiklinio stogo - Eautomobiliai.lt<\/title>\n<meta name=\"robots\" content=\"index, follow, max-snippet:-1, max-image-preview:large, max-video-preview:-1\" \/>\n<link rel=\"canonical\" href=\"http:\/\/eautomobiliai.lt\/index.php\/2025\/07\/28\/tesla-busimas-iperkamo-modelis-pastebetas-be-stiklinio-stogo\/\" \/>\n<meta property=\"og:locale\" content=\"lt_LT\" \/>\n<meta property=\"og:type\" content=\"article\" \/>\n<meta property=\"og:title\" content=\"\u201eTesla\u201c b\u016bsimas \u201e\u012eperkamo\u201c modelis, pasteb\u0117tas be stiklinio stogo - Eautomobiliai.lt\" \/>\n<meta property=\"og:description\" content=\"Baland\u017eio m\u0117n. Kinijos prane\u0161imai per socialin\u0119 \u017einiasklaid\u0105 teig\u0117, kad labai lauktas labiau \u201e\u012fperkamas\u201c \u201eTesla\u201c elektrinis automobilis buvo ma\u017eiau nei per&hellip;\" \/>\n<meta property=\"og:url\" content=\"http:\/\/eautomobiliai.lt\/index.php\/2025\/07\/28\/tesla-busimas-iperkamo-modelis-pastebetas-be-stiklinio-stogo\/\" \/>\n<meta property=\"og:site_name\" content=\"Eautomobiliai.lt\" \/>\n<meta property=\"article:published_time\" content=\"2025-07-28T18:55:02+00:00\" \/>\n<meta property=\"og:image\" content=\"http:\/\/eautomobiliai.lt\/wp-content\/uploads\/2025\/07\/\u201eTesla-busimas-\u201eIperkamo-modelis-pastebetas-be-stiklinio-stogo.jpg\" \/>\n\t<meta property=\"og:image:width\" content=\"1355\" \/>\n\t<meta property=\"og:image:height\" content=\"1059\" \/>\n\t<meta property=\"og:image:type\" content=\"image\/jpeg\" \/>\n<meta name=\"author\" content=\"admin\" \/>\n<meta name=\"twitter:card\" content=\"summary_large_image\" \/>\n<meta name=\"twitter:label1\" content=\"Written by\" \/>\n\t<meta name=\"twitter:data1\" content=\"admin\" \/>\n\t<meta name=\"twitter:label2\" content=\"Est. reading time\" \/>\n\t<meta name=\"twitter:data2\" content=\"2 minut\u0117s\" \/>\n<script type=\"application\/ld+json\" class=\"yoast-schema-graph\">{\"@context\":\"https:\/\/schema.org\",\"@graph\":[{\"@type\":\"Article\",\"@id\":\"http:\/\/eautomobiliai.lt\/index.php\/2025\/07\/28\/tesla-busimas-iperkamo-modelis-pastebetas-be-stiklinio-stogo\/#article\",\"isPartOf\":{\"@id\":\"http:\/\/eautomobiliai.lt\/index.php\/2025\/07\/28\/tesla-busimas-iperkamo-modelis-pastebetas-be-stiklinio-stogo\/\"},\"author\":{\"name\":\"admin\",\"@id\":\"https:\/\/eautomobiliai.lt\/#\/schema\/person\/ecf2a967f361217d056061f74deb92f2\"},\"headline\":\"\u201eTesla\u201c b\u016bsimas \u201e\u012eperkamo\u201c modelis, pasteb\u0117tas be stiklinio stogo\",\"datePublished\":\"2025-07-28T18:55:02+00:00\",\"mainEntityOfPage\":{\"@id\":\"http:\/\/eautomobiliai.lt\/index.php\/2025\/07\/28\/tesla-busimas-iperkamo-modelis-pastebetas-be-stiklinio-stogo\/\"},\"wordCount\":435,\"commentCount\":0,\"image\":{\"@id\":\"http:\/\/eautomobiliai.lt\/index.php\/2025\/07\/28\/tesla-busimas-iperkamo-modelis-pastebetas-be-stiklinio-stogo\/#primaryimage\"},\"thumbnailUrl\":\"http:\/\/eautomobiliai.lt\/wp-content\/uploads\/2025\/07\/\u201eTesla-busimas-\u201eIperkamo-modelis-pastebetas-be-stiklinio-stogo.jpg\",\"keywords\":[\"B\u016bsimas\",\"\u012eperkamo\",\"modelis\",\"pasteb\u0117tas\",\"stiklinio\",\"stogo\",\"Tesla\"],\"articleSection\":[\"eAUTOMOBILI\u0172 TECHNIN\u0116 PUS\u0116\"],\"inLanguage\":\"lt-LT\",\"potentialAction\":[{\"@type\":\"CommentAction\",\"name\":\"Comment\",\"target\":[\"http:\/\/eautomobiliai.lt\/index.php\/2025\/07\/28\/tesla-busimas-iperkamo-modelis-pastebetas-be-stiklinio-stogo\/#respond\"]}]},{\"@type\":\"WebPage\",\"@id\":\"http:\/\/eautomobiliai.lt\/index.php\/2025\/07\/28\/tesla-busimas-iperkamo-modelis-pastebetas-be-stiklinio-stogo\/\",\"url\":\"http:\/\/eautomobiliai.lt\/index.php\/2025\/07\/28\/tesla-busimas-iperkamo-modelis-pastebetas-be-stiklinio-stogo\/\",\"name\":\"\u201eTesla\u201c b\u016bsimas \u201e\u012eperkamo\u201c modelis, pasteb\u0117tas be stiklinio stogo - Eautomobiliai.lt\",\"isPartOf\":{\"@id\":\"https:\/\/eautomobiliai.lt\/#website\"},\"primaryImageOfPage\":{\"@id\":\"http:\/\/eautomobiliai.lt\/index.php\/2025\/07\/28\/tesla-busimas-iperkamo-modelis-pastebetas-be-stiklinio-stogo\/#primaryimage\"},\"image\":{\"@id\":\"http:\/\/eautomobiliai.lt\/index.php\/2025\/07\/28\/tesla-busimas-iperkamo-modelis-pastebetas-be-stiklinio-stogo\/#primaryimage\"},\"thumbnailUrl\":\"http:\/\/eautomobiliai.lt\/wp-content\/uploads\/2025\/07\/\u201eTesla-busimas-\u201eIperkamo-modelis-pastebetas-be-stiklinio-stogo.jpg\",\"datePublished\":\"2025-07-28T18:55:02+00:00\",\"author\":{\"@id\":\"https:\/\/eautomobiliai.lt\/#\/schema\/person\/ecf2a967f361217d056061f74deb92f2\"},\"breadcrumb\":{\"@id\":\"http:\/\/eautomobiliai.lt\/index.php\/2025\/07\/28\/tesla-busimas-iperkamo-modelis-pastebetas-be-stiklinio-stogo\/#breadcrumb\"},\"inLanguage\":\"lt-LT\",\"potentialAction\":[{\"@type\":\"ReadAction\",\"target\":[\"http:\/\/eautomobiliai.lt\/index.php\/2025\/07\/28\/tesla-busimas-iperkamo-modelis-pastebetas-be-stiklinio-stogo\/\"]}]},{\"@type\":\"ImageObject\",\"inLanguage\":\"lt-LT\",\"@id\":\"http:\/\/eautomobiliai.lt\/index.php\/2025\/07\/28\/tesla-busimas-iperkamo-modelis-pastebetas-be-stiklinio-stogo\/#primaryimage\",\"url\":\"http:\/\/eautomobiliai.lt\/wp-content\/uploads\/2025\/07\/\u201eTesla-busimas-\u201eIperkamo-modelis-pastebetas-be-stiklinio-stogo.jpg\",\"contentUrl\":\"http:\/\/eautomobiliai.lt\/wp-content\/uploads\/2025\/07\/\u201eTesla-busimas-\u201eIperkamo-modelis-pastebetas-be-stiklinio-stogo.jpg\",\"width\":1355,\"height\":1059},{\"@type\":\"BreadcrumbList\",\"@id\":\"http:\/\/eautomobiliai.lt\/index.php\/2025\/07\/28\/tesla-busimas-iperkamo-modelis-pastebetas-be-stiklinio-stogo\/#breadcrumb\",\"itemListElement\":[{\"@type\":\"ListItem\",\"position\":1,\"name\":\"Home\",\"item\":\"https:\/\/eautomobiliai.lt\/\"},{\"@type\":\"ListItem\",\"position\":2,\"name\":\"\u201eTesla\u201c b\u016bsimas \u201e\u012eperkamo\u201c modelis, pasteb\u0117tas be stiklinio stogo\"}]},{\"@type\":\"WebSite\",\"@id\":\"https:\/\/eautomobiliai.lt\/#website\",\"url\":\"https:\/\/eautomobiliai.lt\/\",\"name\":\"Eautomobiliai.lt\",\"description\":\"Elektrinis transportas, technologijos\",\"potentialAction\":[{\"@type\":\"SearchAction\",\"target\":{\"@type\":\"EntryPoint\",\"urlTemplate\":\"https:\/\/eautomobiliai.lt\/?s={search_term_string}\"},\"query-input\":{\"@type\":\"PropertyValueSpecification\",\"valueRequired\":true,\"valueName\":\"search_term_string\"}}],\"inLanguage\":\"lt-LT\"},{\"@type\":\"Person\",\"@id\":\"https:\/\/eautomobiliai.lt\/#\/schema\/person\/ecf2a967f361217d056061f74deb92f2\",\"name\":\"admin\",\"image\":{\"@type\":\"ImageObject\",\"inLanguage\":\"lt-LT\",\"@id\":\"https:\/\/eautomobiliai.lt\/#\/schema\/person\/image\/\",\"url\":\"https:\/\/secure.gravatar.com\/avatar\/6323379efae0c70c686c7905444d6bbd?s=96&d=mm&r=g\",\"contentUrl\":\"https:\/\/secure.gravatar.com\/avatar\/6323379efae0c70c686c7905444d6bbd?s=96&d=mm&r=g\",\"caption\":\"admin\"},\"sameAs\":[\"http:\/\/eautomobiliai.lt\"],\"url\":\"http:\/\/eautomobiliai.lt\/index.php\/author\/admin\/\"}]}<\/script>\n<!-- \/ Yoast SEO plugin. -->","yoast_head_json":{"title":"\u201eTesla\u201c b\u016bsimas \u201e\u012eperkamo\u201c modelis, pasteb\u0117tas be stiklinio stogo - Eautomobiliai.lt","robots":{"index":"index","follow":"follow","max-snippet":"max-snippet:-1","max-image-preview":"max-image-preview:large","max-video-preview":"max-video-preview:-1"},"canonical":"http:\/\/eautomobiliai.lt\/index.php\/2025\/07\/28\/tesla-busimas-iperkamo-modelis-pastebetas-be-stiklinio-stogo\/","og_locale":"lt_LT","og_type":"article","og_title":"\u201eTesla\u201c b\u016bsimas \u201e\u012eperkamo\u201c modelis, pasteb\u0117tas be stiklinio stogo - Eautomobiliai.lt","og_description":"Baland\u017eio m\u0117n. Kinijos prane\u0161imai per socialin\u0119 \u017einiasklaid\u0105 teig\u0117, kad labai lauktas labiau \u201e\u012fperkamas\u201c \u201eTesla\u201c elektrinis automobilis buvo ma\u017eiau nei per&hellip;","og_url":"http:\/\/eautomobiliai.lt\/index.php\/2025\/07\/28\/tesla-busimas-iperkamo-modelis-pastebetas-be-stiklinio-stogo\/","og_site_name":"Eautomobiliai.lt","article_published_time":"2025-07-28T18:55:02+00:00","og_image":[{"width":1355,"height":1059,"url":"http:\/\/eautomobiliai.lt\/wp-content\/uploads\/2025\/07\/\u201eTesla-busimas-\u201eIperkamo-modelis-pastebetas-be-stiklinio-stogo.jpg","type":"image\/jpeg"}],"author":"admin","twitter_card":"summary_large_image","twitter_misc":{"Written by":"admin","Est. reading time":"2 minut\u0117s"},"schema":{"@context":"https:\/\/schema.org","@graph":[{"@type":"Article","@id":"http:\/\/eautomobiliai.lt\/index.php\/2025\/07\/28\/tesla-busimas-iperkamo-modelis-pastebetas-be-stiklinio-stogo\/#article","isPartOf":{"@id":"http:\/\/eautomobiliai.lt\/index.php\/2025\/07\/28\/tesla-busimas-iperkamo-modelis-pastebetas-be-stiklinio-stogo\/"},"author":{"name":"admin","@id":"https:\/\/eautomobiliai.lt\/#\/schema\/person\/ecf2a967f361217d056061f74deb92f2"},"headline":"\u201eTesla\u201c b\u016bsimas \u201e\u012eperkamo\u201c modelis, pasteb\u0117tas be stiklinio stogo","datePublished":"2025-07-28T18:55:02+00:00","mainEntityOfPage":{"@id":"http:\/\/eautomobiliai.lt\/index.php\/2025\/07\/28\/tesla-busimas-iperkamo-modelis-pastebetas-be-stiklinio-stogo\/"},"wordCount":435,"commentCount":0,"image":{"@id":"http:\/\/eautomobiliai.lt\/index.php\/2025\/07\/28\/tesla-busimas-iperkamo-modelis-pastebetas-be-stiklinio-stogo\/#primaryimage"},"thumbnailUrl":"http:\/\/eautomobiliai.lt\/wp-content\/uploads\/2025\/07\/\u201eTesla-busimas-\u201eIperkamo-modelis-pastebetas-be-stiklinio-stogo.jpg","keywords":["B\u016bsimas","\u012eperkamo","modelis","pasteb\u0117tas","stiklinio","stogo","Tesla"],"articleSection":["eAUTOMOBILI\u0172 TECHNIN\u0116 PUS\u0116"],"inLanguage":"lt-LT","potentialAction":[{"@type":"CommentAction","name":"Comment","target":["http:\/\/eautomobiliai.lt\/index.php\/2025\/07\/28\/tesla-busimas-iperkamo-modelis-pastebetas-be-stiklinio-stogo\/#respond"]}]},{"@type":"WebPage","@id":"http:\/\/eautomobiliai.lt\/index.php\/2025\/07\/28\/tesla-busimas-iperkamo-modelis-pastebetas-be-stiklinio-stogo\/","url":"http:\/\/eautomobiliai.lt\/index.php\/2025\/07\/28\/tesla-busimas-iperkamo-modelis-pastebetas-be-stiklinio-stogo\/","name":"\u201eTesla\u201c b\u016bsimas \u201e\u012eperkamo\u201c modelis, pasteb\u0117tas be stiklinio stogo - Eautomobiliai.lt","isPartOf":{"@id":"https:\/\/eautomobiliai.lt\/#website"},"primaryImageOfPage":{"@id":"http:\/\/eautomobiliai.lt\/index.php\/2025\/07\/28\/tesla-busimas-iperkamo-modelis-pastebetas-be-stiklinio-stogo\/#primaryimage"},"image":{"@id":"http:\/\/eautomobiliai.lt\/index.php\/2025\/07\/28\/tesla-busimas-iperkamo-modelis-pastebetas-be-stiklinio-stogo\/#primaryimage"},"thumbnailUrl":"http:\/\/eautomobiliai.lt\/wp-content\/uploads\/2025\/07\/\u201eTesla-busimas-\u201eIperkamo-modelis-pastebetas-be-stiklinio-stogo.jpg","datePublished":"2025-07-28T18:55:02+00:00","author":{"@id":"https:\/\/eautomobiliai.lt\/#\/schema\/person\/ecf2a967f361217d056061f74deb92f2"},"breadcrumb":{"@id":"http:\/\/eautomobiliai.lt\/index.php\/2025\/07\/28\/tesla-busimas-iperkamo-modelis-pastebetas-be-stiklinio-stogo\/#breadcrumb"},"inLanguage":"lt-LT","potentialAction":[{"@type":"ReadAction","target":["http:\/\/eautomobiliai.lt\/index.php\/2025\/07\/28\/tesla-busimas-iperkamo-modelis-pastebetas-be-stiklinio-stogo\/"]}]},{"@type":"ImageObject","inLanguage":"lt-LT","@id":"http:\/\/eautomobiliai.lt\/index.php\/2025\/07\/28\/tesla-busimas-iperkamo-modelis-pastebetas-be-stiklinio-stogo\/#primaryimage","url":"http:\/\/eautomobiliai.lt\/wp-content\/uploads\/2025\/07\/\u201eTesla-busimas-\u201eIperkamo-modelis-pastebetas-be-stiklinio-stogo.jpg","contentUrl":"http:\/\/eautomobiliai.lt\/wp-content\/uploads\/2025\/07\/\u201eTesla-busimas-\u201eIperkamo-modelis-pastebetas-be-stiklinio-stogo.jpg","width":1355,"height":1059},{"@type":"BreadcrumbList","@id":"http:\/\/eautomobiliai.lt\/index.php\/2025\/07\/28\/tesla-busimas-iperkamo-modelis-pastebetas-be-stiklinio-stogo\/#breadcrumb","itemListElement":[{"@type":"ListItem","position":1,"name":"Home","item":"https:\/\/eautomobiliai.lt\/"},{"@type":"ListItem","position":2,"name":"\u201eTesla\u201c b\u016bsimas \u201e\u012eperkamo\u201c modelis, pasteb\u0117tas be stiklinio stogo"}]},{"@type":"WebSite","@id":"https:\/\/eautomobiliai.lt\/#website","url":"https:\/\/eautomobiliai.lt\/","name":"Eautomobiliai.lt","description":"Elektrinis transportas, technologijos","potentialAction":[{"@type":"SearchAction","target":{"@type":"EntryPoint","urlTemplate":"https:\/\/eautomobiliai.lt\/?s={search_term_string}"},"query-input":{"@type":"PropertyValueSpecification","valueRequired":true,"valueName":"search_term_string"}}],"inLanguage":"lt-LT"},{"@type":"Person","@id":"https:\/\/eautomobiliai.lt\/#\/schema\/person\/ecf2a967f361217d056061f74deb92f2","name":"admin","image":{"@type":"ImageObject","inLanguage":"lt-LT","@id":"https:\/\/eautomobiliai.lt\/#\/schema\/person\/image\/","url":"https:\/\/secure.gravatar.com\/avatar\/6323379efae0c70c686c7905444d6bbd?s=96&d=mm&r=g","contentUrl":"https:\/\/secure.gravatar.com\/avatar\/6323379efae0c70c686c7905444d6bbd?s=96&d=mm&r=g","caption":"admin"},"sameAs":["http:\/\/eautomobiliai.lt"],"url":"http:\/\/eautomobiliai.lt\/index.php\/author\/admin\/"}]}},"_links":{"self":[{"href":"http:\/\/eautomobiliai.lt\/index.php\/wp-json\/wp\/v2\/posts\/1621","targetHints":{"allow":["GET"]}}],"collection":[{"href":"http:\/\/eautomobiliai.lt\/index.php\/wp-json\/wp\/v2\/posts"}],"about":[{"href":"http:\/\/eautomobiliai.lt\/index.php\/wp-json\/wp\/v2\/types\/post"}],"author":[{"embeddable":true,"href":"http:\/\/eautomobiliai.lt\/index.php\/wp-json\/wp\/v2\/users\/1"}],"replies":[{"embeddable":true,"href":"http:\/\/eautomobiliai.lt\/index.php\/wp-json\/wp\/v2\/comments?post=1621"}],"version-history":[{"count":0,"href":"http:\/\/eautomobiliai.lt\/index.php\/wp-json\/wp\/v2\/posts\/1621\/revisions"}],"wp:featuredmedia":[{"embeddable":true,"href":"http:\/\/eautomobiliai.lt\/index.php\/wp-json\/wp\/v2\/media\/1622"}],"wp:attachment":[{"href":"http:\/\/eautomobiliai.lt\/index.php\/wp-json\/wp\/v2\/media?parent=1621"}],"wp:term":[{"taxonomy":"category","embeddable":true,"href":"http:\/\/eautomobiliai.lt\/index.php\/wp-json\/wp\/v2\/categories?post=1621"},{"taxonomy":"post_tag","embeddable":true,"href":"http:\/\/eautomobiliai.lt\/index.php\/wp-json\/wp\/v2\/tags?post=1621"}],"curies":[{"name":"wp","href":"https:\/\/api.w.org\/{rel}","templated":true}]}}