{"id":1639,"date":"2025-07-30T14:57:56","date_gmt":"2025-07-30T14:57:56","guid":{"rendered":"http:\/\/eautomobiliai.lt\/index.php\/2025\/07\/30\/mercedes-tiesiog-pristabde-ev-uzsakymus-jav\/"},"modified":"2025-07-30T14:57:56","modified_gmt":"2025-07-30T14:57:56","slug":"mercedes-tiesiog-pristabde-ev-uzsakymus-jav","status":"publish","type":"post","link":"http:\/\/eautomobiliai.lt\/index.php\/2025\/07\/30\/mercedes-tiesiog-pristabde-ev-uzsakymus-jav\/","title":{"rendered":"\u201eMercedes\u201c tiesiog pristabd\u0117 EV u\u017esakymus JAV"},"content":{"rendered":"<p> <br \/>\n<\/p>\n<div>\n<figure class=\"img-border featured-image\">\n\t<\/figure>\n<p>\u201eMercedes-Benz\u201c tyliai sustabdo u\u017esakymus d\u0117l kai kuri\u0173 populiariausi\u0173 EV modeli\u0173 JAV. Vokietijos prabangos automobili\u0173 gamintojas jau sustabd\u0117 \u201eElectric Eqs\u201c ir \u201eEQE\u201c, tiek sedano, ir visureigio modeli\u0173 u\u017esakym\u0173 bank\u0105.<\/p>\n<p><span id=\"more-427401\"\/><\/p>\n<h2 class=\"wp-block-heading\" id=\"h-why-is-mercedes-pausing-ev-orders-in-the-us\">Kod\u0117l \u201eMercedes\u201c pristabdo EV u\u017esakymus JAV?<\/h2>\n<p>Kaip ir dauguma automobili\u0173 pramon\u0117s, \u201eMercedes\u201c ruo\u0161iasi dideliems poky\u010diams pagal D.Trumpo administracij\u0105.<\/p>\n<p>Pagal nauj\u0105 ataskait\u0105 i\u0161 <em>Automobili\u0173 naujienos<\/em>\u201eMercedes\u201c jau pristabd\u0117 u\u017esakymus keliems EV modeliams JAV, bent jau kol kas.<\/p>\n<p>\u201eElectric Eqs Sedan\u201c, \u201eEqs\u201c visureigio, \u201eEqe Sedan\u201c ir \u201eEqe\u201c visureigi\u0173 u\u017esakym\u0173 knyga dabar yra u\u017edaryta prekiautojams. \u201eMercedes\u201c d\u0117l sprendimo kaltino \u201edabartines rinkos s\u0105lygas\u201c.<\/p>\n<p>\t<span class=\"outbrain-ad-label\">Skelbimas &#8211; slinkite daugiau turinio<\/span><\/p>\n<p>Nuo rugs\u0117jo 1 d. \u201eMercedes\u201c sustabdys EQS ir EQE visureigi\u0173 modeli\u0173 gamyb\u0105 savo Vance, Alabamos valstijoje, augale JAV. Ta\u010diau ji planuoja toliau statyti elektrines transporto priemones objekte, kad eksportuot\u0173 \u012f u\u017esienio rinkos.<\/p>\n<p>Nors pardav\u0117jai negali u\u017esisakyti daugiau EQS ar EQE modeli\u0173 JAV, vis tiek galite rasti parduodam\u0173. \u201eMercedes\u201c suma\u017eino kainas iki 15 000 USD u\u017e likusius EV modelius anks\u010diau \u0161\u012f m\u0117nes\u012f.<\/p>\n<figure class=\"wp-block-image aligncenter size-large\"><img loading=\"lazy\" decoding=\"async\" height=\"512\" width=\"1024\" src=\"https:\/\/electrek.co\/wp-content\/uploads\/sites\/3\/2024\/03\/Mercedes-EV-discounts-1.jpeg?quality=82&amp;strip=all&amp;w=1024\" alt=\"\u201eMercedes-EV-Orders-US\u201c\" class=\"wp-image-356667\" srcset=\"https:\/\/electrek.co\/wp-content\/uploads\/sites\/3\/2024\/03\/Mercedes-EV-discounts-1.jpeg 1400w, https:\/\/electrek.co\/wp-content\/uploads\/sites\/3\/2024\/03\/Mercedes-EV-discounts-1.jpeg?resize=150,75 150w, https:\/\/electrek.co\/wp-content\/uploads\/sites\/3\/2024\/03\/Mercedes-EV-discounts-1.jpeg?resize=300,150 300w, https:\/\/electrek.co\/wp-content\/uploads\/sites\/3\/2024\/03\/Mercedes-EV-discounts-1.jpeg?resize=768,384 768w, https:\/\/electrek.co\/wp-content\/uploads\/sites\/3\/2024\/03\/Mercedes-EV-discounts-1.jpeg?resize=1024,512 1024w, https:\/\/electrek.co\/wp-content\/uploads\/sites\/3\/2024\/03\/Mercedes-EV-discounts-1.jpeg?resize=350,175 350w, https:\/\/electrek.co\/wp-content\/uploads\/sites\/3\/2024\/03\/Mercedes-EV-discounts-1.jpeg?resize=140,70 140w, https:\/\/electrek.co\/wp-content\/uploads\/sites\/3\/2024\/03\/Mercedes-EV-discounts-1.jpeg?resize=290,145 290w\" sizes=\"auto, (max-width: 1024px) 100vw, 1024px\"\/><figcaption class=\"wp-element-caption\">\u201eMercedes-Benz Eqs\u201c visureigio gamyba Alabamoje (\u0161altinis: \u201eMercedes-Benz\u201c)<\/figcaption><\/figure>\n<p>\u201eMercedes\u201c atstovas pasakojo <em>Kelley Blue knyga<\/em> Pra\u0117jusi\u0105 savait\u0119 EQB \u201epasibaig\u0117 savo gyvavimo ciklo pabaigoje, kaip planuota, tod\u0117l nebus si\u016bloma JAV ar Kanadoje po 2025 m. Modelio\u201c. \u201c<\/p>\n<p>Nors ji nurod\u0117 dabartines rinkos s\u0105lygas, poky\u010diai \u012fvyksta kaip federalinis EV mokes\u010dio kreditas JAV, numatytas baigti rugs\u0117jo pabaigoje.<\/p>\n<figure class=\"wp-block-image aligncenter size-large\"><img loading=\"lazy\" decoding=\"async\" height=\"512\" width=\"1024\" src=\"https:\/\/electrek.co\/wp-content\/uploads\/sites\/3\/2025\/03\/Mercedes-CLA-EV-6.jpeg?quality=82&amp;strip=all&amp;w=1024\" alt=\"\u201eMercedes-EV-Orders-US\u201c\" class=\"wp-image-405813\" srcset=\"https:\/\/electrek.co\/wp-content\/uploads\/sites\/3\/2025\/03\/Mercedes-CLA-EV-6.jpeg 1400w, https:\/\/electrek.co\/wp-content\/uploads\/sites\/3\/2025\/03\/Mercedes-CLA-EV-6.jpeg?resize=150,75 150w, https:\/\/electrek.co\/wp-content\/uploads\/sites\/3\/2025\/03\/Mercedes-CLA-EV-6.jpeg?resize=300,150 300w, https:\/\/electrek.co\/wp-content\/uploads\/sites\/3\/2025\/03\/Mercedes-CLA-EV-6.jpeg?resize=768,384 768w, https:\/\/electrek.co\/wp-content\/uploads\/sites\/3\/2025\/03\/Mercedes-CLA-EV-6.jpeg?resize=1024,512 1024w, https:\/\/electrek.co\/wp-content\/uploads\/sites\/3\/2025\/03\/Mercedes-CLA-EV-6.jpeg?resize=350,175 350w, https:\/\/electrek.co\/wp-content\/uploads\/sites\/3\/2025\/03\/Mercedes-CLA-EV-6.jpeg?resize=140,70 140w, https:\/\/electrek.co\/wp-content\/uploads\/sites\/3\/2025\/03\/Mercedes-CLA-EV-6.jpeg?resize=290,145 290w\" sizes=\"auto, (max-width: 1024px) 100vw, 1024px\"\/><figcaption class=\"wp-element-caption\">\u201eMercedes Cla EV AMG Line Plus\u201c (\u0161altinis: \u201eMercedes-Benz\u201c)<\/figcaption><\/figure>\n<p>Tuo tarpu \u201eMercedes\u201c ruo\u0161iasi \u201edid\u017eiausiam produkto puolimui\u201c \u012fmon\u0117s istorijoje. Naujasis 2026 CLA EV pasirodys \u0161\u012f ruden\u012f, po kurio seka du elektriniai visureigiai, pagr\u012fsti ta pa\u010dia MMA platforma. \u201eMercedes\u201c taip pat \u0161iek tiek daugiau nei m\u0117nes\u012f pristatys savo geriausiai parduodamo visureigio \u201eGLC EV\u201c versij\u0105 Miuncheno automobili\u0173 parodoje.<\/p>\n<p><em>Norite surinkti santaupas, kol jos vis dar yra? \u017demiau galite naudoti m\u016bs\u0173 nuorodas, nor\u0117dami rasti pasi\u016blymus \u201eMercedes EV\u201c modeliuose j\u016bs\u0173 rajone.<\/em><\/p>\n<div class=\"ad-disclaimer-container\">\n<p class=\"disclaimer-affiliate\"><em>FPK: Mes naudojame pajamas gaunan\u010dias automatinio filialo nuorodas.<\/em> Daugiau.<\/p>\n<p><img loading=\"lazy\" decoding=\"async\" class=\"alignnone size-full wp-image-426420\" src=\"https:\/\/electrek.co\/wp-content\/uploads\/sites\/3\/2025\/07\/NativeBanner_ElecktrekDisplayAds_BeaumontRev2.jpg?quality=82&amp;strip=all\" alt=\"\" width=\"750\" height=\"150\"\/><\/div>\n<\/p><\/div>\n<p><br \/>\n<br \/><a href=\"https:\/\/electrek.co\/2025\/07\/30\/mercedes-just-paused-ev-orders-in-the-us\/\">Source link <\/a><\/p>\n","protected":false},"excerpt":{"rendered":"<p>\u201eMercedes-Benz\u201c tyliai sustabdo u\u017esakymus d\u0117l kai kuri\u0173 populiariausi\u0173 EV modeli\u0173 JAV. Vokietijos prabangos automobili\u0173 gamintojas jau sustabd\u0117 \u201eElectric Eqs\u201c ir&hellip;<\/p>\n","protected":false},"author":1,"featured_media":1640,"comment_status":"open","ping_status":"open","sticky":false,"template":"","format":"standard","meta":{"om_disable_all_campaigns":false,"_monsterinsights_skip_tracking":false,"_monsterinsights_sitenote_active":false,"_monsterinsights_sitenote_note":"","_monsterinsights_sitenote_category":0,"footnotes":""},"categories":[8],"tags":[83,2609,1213,234,3127],"class_list":["post-1639","post","type-post","status-publish","format-standard","has-post-thumbnail","hentry","category-elektriniai-automobiliai","tag-jav","tag-mercedes","tag-pristabde","tag-tiesiog","tag-uzsakymus"],"aioseo_notices":[],"yoast_head":"<!-- This site is optimized with the Yoast SEO plugin v26.8 - https:\/\/yoast.com\/product\/yoast-seo-wordpress\/ -->\n<title>\u201eMercedes\u201c tiesiog pristabd\u0117 EV u\u017esakymus JAV - Eautomobiliai.lt<\/title>\n<meta name=\"robots\" content=\"index, follow, max-snippet:-1, max-image-preview:large, max-video-preview:-1\" \/>\n<link rel=\"canonical\" href=\"http:\/\/eautomobiliai.lt\/index.php\/2025\/07\/30\/mercedes-tiesiog-pristabde-ev-uzsakymus-jav\/\" \/>\n<meta property=\"og:locale\" content=\"lt_LT\" \/>\n<meta property=\"og:type\" content=\"article\" \/>\n<meta property=\"og:title\" content=\"\u201eMercedes\u201c tiesiog pristabd\u0117 EV u\u017esakymus JAV - Eautomobiliai.lt\" \/>\n<meta property=\"og:description\" content=\"\u201eMercedes-Benz\u201c tyliai sustabdo u\u017esakymus d\u0117l kai kuri\u0173 populiariausi\u0173 EV modeli\u0173 JAV. Vokietijos prabangos automobili\u0173 gamintojas jau sustabd\u0117 \u201eElectric Eqs\u201c ir&hellip;\" \/>\n<meta property=\"og:url\" content=\"http:\/\/eautomobiliai.lt\/index.php\/2025\/07\/30\/mercedes-tiesiog-pristabde-ev-uzsakymus-jav\/\" \/>\n<meta property=\"og:site_name\" content=\"Eautomobiliai.lt\" \/>\n<meta property=\"article:published_time\" content=\"2025-07-30T14:57:56+00:00\" \/>\n<meta property=\"og:image\" content=\"http:\/\/eautomobiliai.lt\/wp-content\/uploads\/2025\/07\/\u201eMercedes-tiesiog-pristabde-EV-uzsakymus-JAV.jpeg\" \/>\n\t<meta property=\"og:image:width\" content=\"1200\" \/>\n\t<meta property=\"og:image:height\" content=\"628\" \/>\n\t<meta property=\"og:image:type\" content=\"image\/jpeg\" \/>\n<meta name=\"author\" content=\"admin\" \/>\n<meta name=\"twitter:card\" content=\"summary_large_image\" \/>\n<meta name=\"twitter:label1\" content=\"Written by\" \/>\n\t<meta name=\"twitter:data1\" content=\"admin\" \/>\n\t<meta name=\"twitter:label2\" content=\"Est. reading time\" \/>\n\t<meta name=\"twitter:data2\" content=\"2 minut\u0117s\" \/>\n<script type=\"application\/ld+json\" class=\"yoast-schema-graph\">{\"@context\":\"https:\/\/schema.org\",\"@graph\":[{\"@type\":\"Article\",\"@id\":\"http:\/\/eautomobiliai.lt\/index.php\/2025\/07\/30\/mercedes-tiesiog-pristabde-ev-uzsakymus-jav\/#article\",\"isPartOf\":{\"@id\":\"http:\/\/eautomobiliai.lt\/index.php\/2025\/07\/30\/mercedes-tiesiog-pristabde-ev-uzsakymus-jav\/\"},\"author\":{\"name\":\"admin\",\"@id\":\"https:\/\/eautomobiliai.lt\/#\/schema\/person\/ecf2a967f361217d056061f74deb92f2\"},\"headline\":\"\u201eMercedes\u201c tiesiog pristabd\u0117 EV u\u017esakymus JAV\",\"datePublished\":\"2025-07-30T14:57:56+00:00\",\"mainEntityOfPage\":{\"@id\":\"http:\/\/eautomobiliai.lt\/index.php\/2025\/07\/30\/mercedes-tiesiog-pristabde-ev-uzsakymus-jav\/\"},\"wordCount\":331,\"commentCount\":0,\"image\":{\"@id\":\"http:\/\/eautomobiliai.lt\/index.php\/2025\/07\/30\/mercedes-tiesiog-pristabde-ev-uzsakymus-jav\/#primaryimage\"},\"thumbnailUrl\":\"http:\/\/eautomobiliai.lt\/wp-content\/uploads\/2025\/07\/\u201eMercedes-tiesiog-pristabde-EV-uzsakymus-JAV.jpeg\",\"keywords\":[\"JAV\",\"Mercedes\",\"pristabd\u0117\",\"tiesiog\",\"u\u017esakymus\"],\"articleSection\":[\"ELEKTRINIAI AUTOMOBILIAI\"],\"inLanguage\":\"lt-LT\",\"potentialAction\":[{\"@type\":\"CommentAction\",\"name\":\"Comment\",\"target\":[\"http:\/\/eautomobiliai.lt\/index.php\/2025\/07\/30\/mercedes-tiesiog-pristabde-ev-uzsakymus-jav\/#respond\"]}]},{\"@type\":\"WebPage\",\"@id\":\"http:\/\/eautomobiliai.lt\/index.php\/2025\/07\/30\/mercedes-tiesiog-pristabde-ev-uzsakymus-jav\/\",\"url\":\"http:\/\/eautomobiliai.lt\/index.php\/2025\/07\/30\/mercedes-tiesiog-pristabde-ev-uzsakymus-jav\/\",\"name\":\"\u201eMercedes\u201c tiesiog pristabd\u0117 EV u\u017esakymus JAV - Eautomobiliai.lt\",\"isPartOf\":{\"@id\":\"https:\/\/eautomobiliai.lt\/#website\"},\"primaryImageOfPage\":{\"@id\":\"http:\/\/eautomobiliai.lt\/index.php\/2025\/07\/30\/mercedes-tiesiog-pristabde-ev-uzsakymus-jav\/#primaryimage\"},\"image\":{\"@id\":\"http:\/\/eautomobiliai.lt\/index.php\/2025\/07\/30\/mercedes-tiesiog-pristabde-ev-uzsakymus-jav\/#primaryimage\"},\"thumbnailUrl\":\"http:\/\/eautomobiliai.lt\/wp-content\/uploads\/2025\/07\/\u201eMercedes-tiesiog-pristabde-EV-uzsakymus-JAV.jpeg\",\"datePublished\":\"2025-07-30T14:57:56+00:00\",\"author\":{\"@id\":\"https:\/\/eautomobiliai.lt\/#\/schema\/person\/ecf2a967f361217d056061f74deb92f2\"},\"breadcrumb\":{\"@id\":\"http:\/\/eautomobiliai.lt\/index.php\/2025\/07\/30\/mercedes-tiesiog-pristabde-ev-uzsakymus-jav\/#breadcrumb\"},\"inLanguage\":\"lt-LT\",\"potentialAction\":[{\"@type\":\"ReadAction\",\"target\":[\"http:\/\/eautomobiliai.lt\/index.php\/2025\/07\/30\/mercedes-tiesiog-pristabde-ev-uzsakymus-jav\/\"]}]},{\"@type\":\"ImageObject\",\"inLanguage\":\"lt-LT\",\"@id\":\"http:\/\/eautomobiliai.lt\/index.php\/2025\/07\/30\/mercedes-tiesiog-pristabde-ev-uzsakymus-jav\/#primaryimage\",\"url\":\"http:\/\/eautomobiliai.lt\/wp-content\/uploads\/2025\/07\/\u201eMercedes-tiesiog-pristabde-EV-uzsakymus-JAV.jpeg\",\"contentUrl\":\"http:\/\/eautomobiliai.lt\/wp-content\/uploads\/2025\/07\/\u201eMercedes-tiesiog-pristabde-EV-uzsakymus-JAV.jpeg\",\"width\":1200,\"height\":628},{\"@type\":\"BreadcrumbList\",\"@id\":\"http:\/\/eautomobiliai.lt\/index.php\/2025\/07\/30\/mercedes-tiesiog-pristabde-ev-uzsakymus-jav\/#breadcrumb\",\"itemListElement\":[{\"@type\":\"ListItem\",\"position\":1,\"name\":\"Home\",\"item\":\"https:\/\/eautomobiliai.lt\/\"},{\"@type\":\"ListItem\",\"position\":2,\"name\":\"\u201eMercedes\u201c tiesiog pristabd\u0117 EV u\u017esakymus JAV\"}]},{\"@type\":\"WebSite\",\"@id\":\"https:\/\/eautomobiliai.lt\/#website\",\"url\":\"https:\/\/eautomobiliai.lt\/\",\"name\":\"Eautomobiliai.lt\",\"description\":\"Elektrinis transportas, technologijos\",\"potentialAction\":[{\"@type\":\"SearchAction\",\"target\":{\"@type\":\"EntryPoint\",\"urlTemplate\":\"https:\/\/eautomobiliai.lt\/?s={search_term_string}\"},\"query-input\":{\"@type\":\"PropertyValueSpecification\",\"valueRequired\":true,\"valueName\":\"search_term_string\"}}],\"inLanguage\":\"lt-LT\"},{\"@type\":\"Person\",\"@id\":\"https:\/\/eautomobiliai.lt\/#\/schema\/person\/ecf2a967f361217d056061f74deb92f2\",\"name\":\"admin\",\"image\":{\"@type\":\"ImageObject\",\"inLanguage\":\"lt-LT\",\"@id\":\"https:\/\/eautomobiliai.lt\/#\/schema\/person\/image\/\",\"url\":\"https:\/\/secure.gravatar.com\/avatar\/6323379efae0c70c686c7905444d6bbd?s=96&d=mm&r=g\",\"contentUrl\":\"https:\/\/secure.gravatar.com\/avatar\/6323379efae0c70c686c7905444d6bbd?s=96&d=mm&r=g\",\"caption\":\"admin\"},\"sameAs\":[\"http:\/\/eautomobiliai.lt\"],\"url\":\"http:\/\/eautomobiliai.lt\/index.php\/author\/admin\/\"}]}<\/script>\n<!-- \/ Yoast SEO plugin. -->","yoast_head_json":{"title":"\u201eMercedes\u201c tiesiog pristabd\u0117 EV u\u017esakymus JAV - Eautomobiliai.lt","robots":{"index":"index","follow":"follow","max-snippet":"max-snippet:-1","max-image-preview":"max-image-preview:large","max-video-preview":"max-video-preview:-1"},"canonical":"http:\/\/eautomobiliai.lt\/index.php\/2025\/07\/30\/mercedes-tiesiog-pristabde-ev-uzsakymus-jav\/","og_locale":"lt_LT","og_type":"article","og_title":"\u201eMercedes\u201c tiesiog pristabd\u0117 EV u\u017esakymus JAV - Eautomobiliai.lt","og_description":"\u201eMercedes-Benz\u201c tyliai sustabdo u\u017esakymus d\u0117l kai kuri\u0173 populiariausi\u0173 EV modeli\u0173 JAV. Vokietijos prabangos automobili\u0173 gamintojas jau sustabd\u0117 \u201eElectric Eqs\u201c ir&hellip;","og_url":"http:\/\/eautomobiliai.lt\/index.php\/2025\/07\/30\/mercedes-tiesiog-pristabde-ev-uzsakymus-jav\/","og_site_name":"Eautomobiliai.lt","article_published_time":"2025-07-30T14:57:56+00:00","og_image":[{"width":1200,"height":628,"url":"http:\/\/eautomobiliai.lt\/wp-content\/uploads\/2025\/07\/\u201eMercedes-tiesiog-pristabde-EV-uzsakymus-JAV.jpeg","type":"image\/jpeg"}],"author":"admin","twitter_card":"summary_large_image","twitter_misc":{"Written by":"admin","Est. reading time":"2 minut\u0117s"},"schema":{"@context":"https:\/\/schema.org","@graph":[{"@type":"Article","@id":"http:\/\/eautomobiliai.lt\/index.php\/2025\/07\/30\/mercedes-tiesiog-pristabde-ev-uzsakymus-jav\/#article","isPartOf":{"@id":"http:\/\/eautomobiliai.lt\/index.php\/2025\/07\/30\/mercedes-tiesiog-pristabde-ev-uzsakymus-jav\/"},"author":{"name":"admin","@id":"https:\/\/eautomobiliai.lt\/#\/schema\/person\/ecf2a967f361217d056061f74deb92f2"},"headline":"\u201eMercedes\u201c tiesiog pristabd\u0117 EV u\u017esakymus JAV","datePublished":"2025-07-30T14:57:56+00:00","mainEntityOfPage":{"@id":"http:\/\/eautomobiliai.lt\/index.php\/2025\/07\/30\/mercedes-tiesiog-pristabde-ev-uzsakymus-jav\/"},"wordCount":331,"commentCount":0,"image":{"@id":"http:\/\/eautomobiliai.lt\/index.php\/2025\/07\/30\/mercedes-tiesiog-pristabde-ev-uzsakymus-jav\/#primaryimage"},"thumbnailUrl":"http:\/\/eautomobiliai.lt\/wp-content\/uploads\/2025\/07\/\u201eMercedes-tiesiog-pristabde-EV-uzsakymus-JAV.jpeg","keywords":["JAV","Mercedes","pristabd\u0117","tiesiog","u\u017esakymus"],"articleSection":["ELEKTRINIAI AUTOMOBILIAI"],"inLanguage":"lt-LT","potentialAction":[{"@type":"CommentAction","name":"Comment","target":["http:\/\/eautomobiliai.lt\/index.php\/2025\/07\/30\/mercedes-tiesiog-pristabde-ev-uzsakymus-jav\/#respond"]}]},{"@type":"WebPage","@id":"http:\/\/eautomobiliai.lt\/index.php\/2025\/07\/30\/mercedes-tiesiog-pristabde-ev-uzsakymus-jav\/","url":"http:\/\/eautomobiliai.lt\/index.php\/2025\/07\/30\/mercedes-tiesiog-pristabde-ev-uzsakymus-jav\/","name":"\u201eMercedes\u201c tiesiog pristabd\u0117 EV u\u017esakymus JAV - Eautomobiliai.lt","isPartOf":{"@id":"https:\/\/eautomobiliai.lt\/#website"},"primaryImageOfPage":{"@id":"http:\/\/eautomobiliai.lt\/index.php\/2025\/07\/30\/mercedes-tiesiog-pristabde-ev-uzsakymus-jav\/#primaryimage"},"image":{"@id":"http:\/\/eautomobiliai.lt\/index.php\/2025\/07\/30\/mercedes-tiesiog-pristabde-ev-uzsakymus-jav\/#primaryimage"},"thumbnailUrl":"http:\/\/eautomobiliai.lt\/wp-content\/uploads\/2025\/07\/\u201eMercedes-tiesiog-pristabde-EV-uzsakymus-JAV.jpeg","datePublished":"2025-07-30T14:57:56+00:00","author":{"@id":"https:\/\/eautomobiliai.lt\/#\/schema\/person\/ecf2a967f361217d056061f74deb92f2"},"breadcrumb":{"@id":"http:\/\/eautomobiliai.lt\/index.php\/2025\/07\/30\/mercedes-tiesiog-pristabde-ev-uzsakymus-jav\/#breadcrumb"},"inLanguage":"lt-LT","potentialAction":[{"@type":"ReadAction","target":["http:\/\/eautomobiliai.lt\/index.php\/2025\/07\/30\/mercedes-tiesiog-pristabde-ev-uzsakymus-jav\/"]}]},{"@type":"ImageObject","inLanguage":"lt-LT","@id":"http:\/\/eautomobiliai.lt\/index.php\/2025\/07\/30\/mercedes-tiesiog-pristabde-ev-uzsakymus-jav\/#primaryimage","url":"http:\/\/eautomobiliai.lt\/wp-content\/uploads\/2025\/07\/\u201eMercedes-tiesiog-pristabde-EV-uzsakymus-JAV.jpeg","contentUrl":"http:\/\/eautomobiliai.lt\/wp-content\/uploads\/2025\/07\/\u201eMercedes-tiesiog-pristabde-EV-uzsakymus-JAV.jpeg","width":1200,"height":628},{"@type":"BreadcrumbList","@id":"http:\/\/eautomobiliai.lt\/index.php\/2025\/07\/30\/mercedes-tiesiog-pristabde-ev-uzsakymus-jav\/#breadcrumb","itemListElement":[{"@type":"ListItem","position":1,"name":"Home","item":"https:\/\/eautomobiliai.lt\/"},{"@type":"ListItem","position":2,"name":"\u201eMercedes\u201c tiesiog pristabd\u0117 EV u\u017esakymus JAV"}]},{"@type":"WebSite","@id":"https:\/\/eautomobiliai.lt\/#website","url":"https:\/\/eautomobiliai.lt\/","name":"Eautomobiliai.lt","description":"Elektrinis transportas, technologijos","potentialAction":[{"@type":"SearchAction","target":{"@type":"EntryPoint","urlTemplate":"https:\/\/eautomobiliai.lt\/?s={search_term_string}"},"query-input":{"@type":"PropertyValueSpecification","valueRequired":true,"valueName":"search_term_string"}}],"inLanguage":"lt-LT"},{"@type":"Person","@id":"https:\/\/eautomobiliai.lt\/#\/schema\/person\/ecf2a967f361217d056061f74deb92f2","name":"admin","image":{"@type":"ImageObject","inLanguage":"lt-LT","@id":"https:\/\/eautomobiliai.lt\/#\/schema\/person\/image\/","url":"https:\/\/secure.gravatar.com\/avatar\/6323379efae0c70c686c7905444d6bbd?s=96&d=mm&r=g","contentUrl":"https:\/\/secure.gravatar.com\/avatar\/6323379efae0c70c686c7905444d6bbd?s=96&d=mm&r=g","caption":"admin"},"sameAs":["http:\/\/eautomobiliai.lt"],"url":"http:\/\/eautomobiliai.lt\/index.php\/author\/admin\/"}]}},"_links":{"self":[{"href":"http:\/\/eautomobiliai.lt\/index.php\/wp-json\/wp\/v2\/posts\/1639","targetHints":{"allow":["GET"]}}],"collection":[{"href":"http:\/\/eautomobiliai.lt\/index.php\/wp-json\/wp\/v2\/posts"}],"about":[{"href":"http:\/\/eautomobiliai.lt\/index.php\/wp-json\/wp\/v2\/types\/post"}],"author":[{"embeddable":true,"href":"http:\/\/eautomobiliai.lt\/index.php\/wp-json\/wp\/v2\/users\/1"}],"replies":[{"embeddable":true,"href":"http:\/\/eautomobiliai.lt\/index.php\/wp-json\/wp\/v2\/comments?post=1639"}],"version-history":[{"count":0,"href":"http:\/\/eautomobiliai.lt\/index.php\/wp-json\/wp\/v2\/posts\/1639\/revisions"}],"wp:featuredmedia":[{"embeddable":true,"href":"http:\/\/eautomobiliai.lt\/index.php\/wp-json\/wp\/v2\/media\/1640"}],"wp:attachment":[{"href":"http:\/\/eautomobiliai.lt\/index.php\/wp-json\/wp\/v2\/media?parent=1639"}],"wp:term":[{"taxonomy":"category","embeddable":true,"href":"http:\/\/eautomobiliai.lt\/index.php\/wp-json\/wp\/v2\/categories?post=1639"},{"taxonomy":"post_tag","embeddable":true,"href":"http:\/\/eautomobiliai.lt\/index.php\/wp-json\/wp\/v2\/tags?post=1639"}],"curies":[{"name":"wp","href":"https:\/\/api.w.org\/{rel}","templated":true}]}}