{"id":1650,"date":"2025-07-31T23:03:59","date_gmt":"2025-07-31T23:03:59","guid":{"rendered":"http:\/\/eautomobiliai.lt\/index.php\/2025\/07\/31\/tesla-vs-bezos-slate-windrose-lucid-ir-paul-atreides\/"},"modified":"2025-07-31T23:03:59","modified_gmt":"2025-07-31T23:03:59","slug":"tesla-vs-bezos-slate-windrose-lucid-ir-paul-atreides","status":"publish","type":"post","link":"http:\/\/eautomobiliai.lt\/index.php\/2025\/07\/31\/tesla-vs-bezos-slate-windrose-lucid-ir-paul-atreides\/","title":{"rendered":"\u201eTesla vs Bezos\u201c, \u201eSlate\u201c, \u201eWindrose\u201c, \u201eLucid\u201c ir \u201ePaul Atreides\u201c"},"content":{"rendered":"<p> <br \/>\n<\/p>\n<div>\n<figure class=\"img-border video-embed featured-image\">\n<lite-youtube params=\"enablejsapi=1\" videoid=\"35wFUa8dVLU\" style=\"background-image: url('https:\/\/electrek.co\/wp-content\/uploads\/sites\/3\/2025\/07\/lucid-stories-Timothee-Chalamet-hero-mobile_2x-copy.jpg?quality=82&amp;strip=all&amp;w=1600');\"\/>\n<\/figure>\n<p>\u0160iandienos m\u016b\u0161yje paruo\u0161tame epizode <em>Greitas \u012fkrovimas<\/em>tai Elonas Muskas ir pasaulis, nes dideli \u017eaid\u0117jai ver\u010dia save kontroliuoti pakankamai li\u010dio, kad b\u016bt\u0173 galima pastatyti 600 milijon\u0173 elektromobili\u0173, o likusios pramon\u0117s kvadrat\u016bros iki Tesla kovoje d\u0117l lyderyst\u0117s rinkoje.<\/p>\n<p><span id=\"more-427704\"\/><\/p>\n<p>Nors \u201eWindrose\u201c pardavin\u0117ja ir ple\u010diasi \u012f naujas rinkas, \u201eTesla Semi\u201c vis dar yra ribotos testai, \u201eRobotaxi\u201c pradeda kaip \u201eRide Having Service\u201c Kalifornijoje su \u201eRandos\u201c vairuotoj\u0173 s\u0117dyne ir akademijos apdovanojimu nominuot\u0173 aktori\u0173\/pa\u017eym\u0117t\u0105 koled\u017eo futbolo analitik\u0105 Timoth\u00e9e Chalamet komandas su \u201eLucid\u201c (dar daugiau) pardavimus i\u0161 \u201eEmbatled Model S\u201c ir \u201eX Line\u201c.<\/p>\n<p>\u0160iandienos epizod\u0105 jums atne\u0161a \u201eRetrospec\u201c, aptaki\u0173, galing\u0173 e-dvira\u010di\u0173 ir lauko \u012franki\u0173 k\u016br\u0117jai, sukurti kasdieniam nuotykiui. <em>Greitas \u012fkrovimas<\/em> Klausytojai gali gauti 10% nuolaid\u0105 kitam va\u017eiavimui \u201ee-dviratis\u201c iki rugpj\u016b\u010dio 14 d <strong>ElectRek10<\/strong> Tik retrospec.com.<\/p>\n<h2 class=\"wp-block-heading\" id=\"h-source-links\">\u0160altinio nuorodos<\/h2>\n<p>Ar labiau patinka klausytis savo podcast&#8217;\u0173? Tik garso versijos <em>Greitas \u012fkrovimas<\/em> Dabar juos galima \u012fsigyti \u201eApple Podcast\u201c, \u201eSpotify\u201c, \u201eTunein\u201c ir m\u016bs\u0173 RSS maitinimuose apsiniaukusiems ir kitiems \u201ePodcast\u201c \u017eaid\u0117jams.<\/p>\n<p>\t<span class=\"outbrain-ad-label\">Skelbimas &#8211; slinkite daugiau turinio<\/span><\/p>\n<figure class=\"wp-block-audio\"><audio controls=\"\" src=\"https:\/\/electrek.co\/wp-content\/uploads\/sites\/3\/2025\/07\/31JUL25_AUDIOONLY.mp3\"\/><\/figure>\n<p>Nauji epizodai <em>Greitas \u012fkrovimas<\/em> paprastai \u012fra\u0161omi nuo pirmadienio iki ketvirtadienio (vistiek, dauguma savai\u010di\u0173). Retkar\u010diais taip pat paskelbsime premijos garso turin\u012f, tod\u0117l b\u016btinai sekite ir u\u017esiprenumeruokite, kad nepraleistum\u0117te n\u0117 minut\u0117s minut\u0117s <em>Elecrektrek<\/em>Auk\u0161tos \u012ftampos dienos naujienos.<\/p>\n<p><strong>Turite naujien\u0173? Prane\u0161kite mums!<\/strong><br \/>Nuleiskite mums linij\u0105 el. Pa\u0161tu patarimais@electrek.co. Taip pat galite \u012fvertinti mus \u201eApple\u201c transliacijose ir \u201eSpotify\u201c arba rekomenduoti apsiniauk\u0119, kad pad\u0117tum\u0117te daugiau \u017emoni\u0173 atrasti laid\u0105.<\/p>\n<figure class=\"wp-block-image alignwide\"><\/figure>\n<hr class=\"wp-block-separator has-alpha-channel-opacity\"\/>\n<p><em>Jei ketinate eiti \u012f saul\u0117s energij\u0105, visada gera id\u0117ja gauti kelet\u0105 montuotoj\u0173 citat\u0173. Nor\u0117dami \u012fsitikinti, kad \u0161alia j\u016bs\u0173 rasite patikim\u0105, patikim\u0105 saul\u0117s diegimo program\u0105, si\u016blan\u010di\u0105 konkurencing\u0105 kain\u0105, apsilankykite <\/em><em>Energysage<\/em><em>nemokama paslauga, palengvinanti jums saul\u0117s energij\u0105. Jame yra \u0161imtai i\u0161 anksto atvaizduot\u0173 saul\u0117s energijos montuotoj\u0173, konkuruojan\u010di\u0173 d\u0117l j\u016bs\u0173 verslo, u\u017etikrinant, kad gausite auk\u0161tos kokyb\u0117s sprendimus ir sutaupysite 20\u201330%, palyginti su jo \u0117jimu atskirai. Be to, ja nemokama naudotis, ir j\u016bs negausite pardavimo skambu\u010di\u0173, kol pasirinksite diegimo program\u0105 ir pasidalysite savo telefono numeriu su jais. <\/em><\/p>\n<p><em>J\u016bs\u0173 individualizuotas saul\u0117s citatas lengva palyginti internete ir gausite prieig\u0105 prie ne\u0161ali\u0161k\u0173 patar\u0117j\u0173 energetikos srityje, kad pad\u0117tum\u0117te jums kiekvienam \u017eingsniui. Prad\u0117kite <\/em><em>\u010dia<\/em>.<\/p>\n<div class=\"ad-disclaimer-container\">\n<p class=\"disclaimer-affiliate\"><em>FPK: Mes naudojame pajamas gaunan\u010dias automatinio filialo nuorodas.<\/em> Daugiau.<\/p>\n<p><img loading=\"lazy\" decoding=\"async\" class=\"alignnone size-full wp-image-426420\" src=\"https:\/\/electrek.co\/wp-content\/uploads\/sites\/3\/2025\/07\/NativeBanner_ElecktrekDisplayAds_BeaumontRev2.jpg?quality=82&amp;strip=all\" alt=\"\" width=\"750\" height=\"150\"\/><\/div>\n<\/p><\/div>\n<p><br \/>\n<br \/><a href=\"https:\/\/electrek.co\/2025\/07\/31\/tesla-vs-bezos-slate-windrose-lucid-and-paul-muaddib-atreides\/\">Source link <\/a><\/p>\n","protected":false},"excerpt":{"rendered":"<p>\u0160iandienos m\u016b\u0161yje paruo\u0161tame epizode Greitas \u012fkrovimastai Elonas Muskas ir pasaulis, nes dideli \u017eaid\u0117jai ver\u010dia save kontroliuoti pakankamai li\u010dio, kad b\u016bt\u0173&hellip;<\/p>\n","protected":false},"author":1,"featured_media":1651,"comment_status":"open","ping_status":"open","sticky":false,"template":"","format":"standard","meta":{"om_disable_all_campaigns":false,"_monsterinsights_skip_tracking":false,"_monsterinsights_sitenote_active":false,"_monsterinsights_sitenote_note":"","_monsterinsights_sitenote_category":0,"footnotes":""},"categories":[8],"tags":[3146,1391,1174,3145,3143,14,3144],"class_list":["post-1650","post","type-post","status-publish","format-standard","has-post-thumbnail","hentry","category-elektriniai-automobiliai","tag-atreides","tag-bezos","tag-lucid","tag-paul","tag-slate","tag-tesla","tag-windrose"],"aioseo_notices":[],"yoast_head":"<!-- This site is optimized with the Yoast SEO plugin v26.8 - https:\/\/yoast.com\/product\/yoast-seo-wordpress\/ -->\n<title>\u201eTesla vs Bezos\u201c, \u201eSlate\u201c, \u201eWindrose\u201c, \u201eLucid\u201c ir \u201ePaul Atreides\u201c - Eautomobiliai.lt<\/title>\n<meta name=\"robots\" content=\"index, follow, max-snippet:-1, max-image-preview:large, max-video-preview:-1\" \/>\n<link rel=\"canonical\" href=\"http:\/\/eautomobiliai.lt\/index.php\/2025\/07\/31\/tesla-vs-bezos-slate-windrose-lucid-ir-paul-atreides\/\" \/>\n<meta property=\"og:locale\" content=\"lt_LT\" \/>\n<meta property=\"og:type\" content=\"article\" \/>\n<meta property=\"og:title\" content=\"\u201eTesla vs Bezos\u201c, \u201eSlate\u201c, \u201eWindrose\u201c, \u201eLucid\u201c ir \u201ePaul Atreides\u201c - Eautomobiliai.lt\" \/>\n<meta property=\"og:description\" content=\"\u0160iandienos m\u016b\u0161yje paruo\u0161tame epizode Greitas \u012fkrovimastai Elonas Muskas ir pasaulis, nes dideli \u017eaid\u0117jai ver\u010dia save kontroliuoti pakankamai li\u010dio, kad b\u016bt\u0173&hellip;\" \/>\n<meta property=\"og:url\" content=\"http:\/\/eautomobiliai.lt\/index.php\/2025\/07\/31\/tesla-vs-bezos-slate-windrose-lucid-ir-paul-atreides\/\" \/>\n<meta property=\"og:site_name\" content=\"Eautomobiliai.lt\" \/>\n<meta property=\"article:published_time\" content=\"2025-07-31T23:03:59+00:00\" \/>\n<meta property=\"og:image\" content=\"http:\/\/eautomobiliai.lt\/wp-content\/uploads\/2025\/07\/\u201eTesla-vs-Bezos-\u201eSlate-\u201eWindrose-\u201eLucid-ir-\u201ePaul-Atreides.jpg\" \/>\n\t<meta property=\"og:image:width\" content=\"1200\" \/>\n\t<meta property=\"og:image:height\" content=\"628\" \/>\n\t<meta property=\"og:image:type\" content=\"image\/jpeg\" \/>\n<meta name=\"author\" content=\"admin\" \/>\n<meta name=\"twitter:card\" content=\"summary_large_image\" \/>\n<meta name=\"twitter:label1\" content=\"Written by\" \/>\n\t<meta name=\"twitter:data1\" content=\"admin\" \/>\n\t<meta name=\"twitter:label2\" content=\"Est. reading time\" \/>\n\t<meta name=\"twitter:data2\" content=\"2 minut\u0117s\" \/>\n<script type=\"application\/ld+json\" class=\"yoast-schema-graph\">{\"@context\":\"https:\/\/schema.org\",\"@graph\":[{\"@type\":\"Article\",\"@id\":\"http:\/\/eautomobiliai.lt\/index.php\/2025\/07\/31\/tesla-vs-bezos-slate-windrose-lucid-ir-paul-atreides\/#article\",\"isPartOf\":{\"@id\":\"http:\/\/eautomobiliai.lt\/index.php\/2025\/07\/31\/tesla-vs-bezos-slate-windrose-lucid-ir-paul-atreides\/\"},\"author\":{\"name\":\"admin\",\"@id\":\"https:\/\/eautomobiliai.lt\/#\/schema\/person\/ecf2a967f361217d056061f74deb92f2\"},\"headline\":\"\u201eTesla vs Bezos\u201c, \u201eSlate\u201c, \u201eWindrose\u201c, \u201eLucid\u201c ir \u201ePaul Atreides\u201c\",\"datePublished\":\"2025-07-31T23:03:59+00:00\",\"mainEntityOfPage\":{\"@id\":\"http:\/\/eautomobiliai.lt\/index.php\/2025\/07\/31\/tesla-vs-bezos-slate-windrose-lucid-ir-paul-atreides\/\"},\"wordCount\":403,\"commentCount\":0,\"image\":{\"@id\":\"http:\/\/eautomobiliai.lt\/index.php\/2025\/07\/31\/tesla-vs-bezos-slate-windrose-lucid-ir-paul-atreides\/#primaryimage\"},\"thumbnailUrl\":\"http:\/\/eautomobiliai.lt\/wp-content\/uploads\/2025\/07\/\u201eTesla-vs-Bezos-\u201eSlate-\u201eWindrose-\u201eLucid-ir-\u201ePaul-Atreides.jpg\",\"keywords\":[\"Atreides\",\"Bezos\",\"Lucid\",\"Paul\",\"Slate\",\"Tesla\",\"Windrose\"],\"articleSection\":[\"ELEKTRINIAI AUTOMOBILIAI\"],\"inLanguage\":\"lt-LT\",\"potentialAction\":[{\"@type\":\"CommentAction\",\"name\":\"Comment\",\"target\":[\"http:\/\/eautomobiliai.lt\/index.php\/2025\/07\/31\/tesla-vs-bezos-slate-windrose-lucid-ir-paul-atreides\/#respond\"]}]},{\"@type\":\"WebPage\",\"@id\":\"http:\/\/eautomobiliai.lt\/index.php\/2025\/07\/31\/tesla-vs-bezos-slate-windrose-lucid-ir-paul-atreides\/\",\"url\":\"http:\/\/eautomobiliai.lt\/index.php\/2025\/07\/31\/tesla-vs-bezos-slate-windrose-lucid-ir-paul-atreides\/\",\"name\":\"\u201eTesla vs Bezos\u201c, \u201eSlate\u201c, \u201eWindrose\u201c, \u201eLucid\u201c ir \u201ePaul Atreides\u201c - Eautomobiliai.lt\",\"isPartOf\":{\"@id\":\"https:\/\/eautomobiliai.lt\/#website\"},\"primaryImageOfPage\":{\"@id\":\"http:\/\/eautomobiliai.lt\/index.php\/2025\/07\/31\/tesla-vs-bezos-slate-windrose-lucid-ir-paul-atreides\/#primaryimage\"},\"image\":{\"@id\":\"http:\/\/eautomobiliai.lt\/index.php\/2025\/07\/31\/tesla-vs-bezos-slate-windrose-lucid-ir-paul-atreides\/#primaryimage\"},\"thumbnailUrl\":\"http:\/\/eautomobiliai.lt\/wp-content\/uploads\/2025\/07\/\u201eTesla-vs-Bezos-\u201eSlate-\u201eWindrose-\u201eLucid-ir-\u201ePaul-Atreides.jpg\",\"datePublished\":\"2025-07-31T23:03:59+00:00\",\"author\":{\"@id\":\"https:\/\/eautomobiliai.lt\/#\/schema\/person\/ecf2a967f361217d056061f74deb92f2\"},\"breadcrumb\":{\"@id\":\"http:\/\/eautomobiliai.lt\/index.php\/2025\/07\/31\/tesla-vs-bezos-slate-windrose-lucid-ir-paul-atreides\/#breadcrumb\"},\"inLanguage\":\"lt-LT\",\"potentialAction\":[{\"@type\":\"ReadAction\",\"target\":[\"http:\/\/eautomobiliai.lt\/index.php\/2025\/07\/31\/tesla-vs-bezos-slate-windrose-lucid-ir-paul-atreides\/\"]}]},{\"@type\":\"ImageObject\",\"inLanguage\":\"lt-LT\",\"@id\":\"http:\/\/eautomobiliai.lt\/index.php\/2025\/07\/31\/tesla-vs-bezos-slate-windrose-lucid-ir-paul-atreides\/#primaryimage\",\"url\":\"http:\/\/eautomobiliai.lt\/wp-content\/uploads\/2025\/07\/\u201eTesla-vs-Bezos-\u201eSlate-\u201eWindrose-\u201eLucid-ir-\u201ePaul-Atreides.jpg\",\"contentUrl\":\"http:\/\/eautomobiliai.lt\/wp-content\/uploads\/2025\/07\/\u201eTesla-vs-Bezos-\u201eSlate-\u201eWindrose-\u201eLucid-ir-\u201ePaul-Atreides.jpg\",\"width\":1200,\"height\":628},{\"@type\":\"BreadcrumbList\",\"@id\":\"http:\/\/eautomobiliai.lt\/index.php\/2025\/07\/31\/tesla-vs-bezos-slate-windrose-lucid-ir-paul-atreides\/#breadcrumb\",\"itemListElement\":[{\"@type\":\"ListItem\",\"position\":1,\"name\":\"Home\",\"item\":\"https:\/\/eautomobiliai.lt\/\"},{\"@type\":\"ListItem\",\"position\":2,\"name\":\"\u201eTesla vs Bezos\u201c, \u201eSlate\u201c, \u201eWindrose\u201c, \u201eLucid\u201c ir \u201ePaul Atreides\u201c\"}]},{\"@type\":\"WebSite\",\"@id\":\"https:\/\/eautomobiliai.lt\/#website\",\"url\":\"https:\/\/eautomobiliai.lt\/\",\"name\":\"Eautomobiliai.lt\",\"description\":\"Elektrinis transportas, technologijos\",\"potentialAction\":[{\"@type\":\"SearchAction\",\"target\":{\"@type\":\"EntryPoint\",\"urlTemplate\":\"https:\/\/eautomobiliai.lt\/?s={search_term_string}\"},\"query-input\":{\"@type\":\"PropertyValueSpecification\",\"valueRequired\":true,\"valueName\":\"search_term_string\"}}],\"inLanguage\":\"lt-LT\"},{\"@type\":\"Person\",\"@id\":\"https:\/\/eautomobiliai.lt\/#\/schema\/person\/ecf2a967f361217d056061f74deb92f2\",\"name\":\"admin\",\"image\":{\"@type\":\"ImageObject\",\"inLanguage\":\"lt-LT\",\"@id\":\"https:\/\/eautomobiliai.lt\/#\/schema\/person\/image\/\",\"url\":\"https:\/\/secure.gravatar.com\/avatar\/6323379efae0c70c686c7905444d6bbd?s=96&d=mm&r=g\",\"contentUrl\":\"https:\/\/secure.gravatar.com\/avatar\/6323379efae0c70c686c7905444d6bbd?s=96&d=mm&r=g\",\"caption\":\"admin\"},\"sameAs\":[\"http:\/\/eautomobiliai.lt\"],\"url\":\"http:\/\/eautomobiliai.lt\/index.php\/author\/admin\/\"}]}<\/script>\n<!-- \/ Yoast SEO plugin. -->","yoast_head_json":{"title":"\u201eTesla vs Bezos\u201c, \u201eSlate\u201c, \u201eWindrose\u201c, \u201eLucid\u201c ir \u201ePaul Atreides\u201c - Eautomobiliai.lt","robots":{"index":"index","follow":"follow","max-snippet":"max-snippet:-1","max-image-preview":"max-image-preview:large","max-video-preview":"max-video-preview:-1"},"canonical":"http:\/\/eautomobiliai.lt\/index.php\/2025\/07\/31\/tesla-vs-bezos-slate-windrose-lucid-ir-paul-atreides\/","og_locale":"lt_LT","og_type":"article","og_title":"\u201eTesla vs Bezos\u201c, \u201eSlate\u201c, \u201eWindrose\u201c, \u201eLucid\u201c ir \u201ePaul Atreides\u201c - Eautomobiliai.lt","og_description":"\u0160iandienos m\u016b\u0161yje paruo\u0161tame epizode Greitas \u012fkrovimastai Elonas Muskas ir pasaulis, nes dideli \u017eaid\u0117jai ver\u010dia save kontroliuoti pakankamai li\u010dio, kad b\u016bt\u0173&hellip;","og_url":"http:\/\/eautomobiliai.lt\/index.php\/2025\/07\/31\/tesla-vs-bezos-slate-windrose-lucid-ir-paul-atreides\/","og_site_name":"Eautomobiliai.lt","article_published_time":"2025-07-31T23:03:59+00:00","og_image":[{"width":1200,"height":628,"url":"http:\/\/eautomobiliai.lt\/wp-content\/uploads\/2025\/07\/\u201eTesla-vs-Bezos-\u201eSlate-\u201eWindrose-\u201eLucid-ir-\u201ePaul-Atreides.jpg","type":"image\/jpeg"}],"author":"admin","twitter_card":"summary_large_image","twitter_misc":{"Written by":"admin","Est. reading time":"2 minut\u0117s"},"schema":{"@context":"https:\/\/schema.org","@graph":[{"@type":"Article","@id":"http:\/\/eautomobiliai.lt\/index.php\/2025\/07\/31\/tesla-vs-bezos-slate-windrose-lucid-ir-paul-atreides\/#article","isPartOf":{"@id":"http:\/\/eautomobiliai.lt\/index.php\/2025\/07\/31\/tesla-vs-bezos-slate-windrose-lucid-ir-paul-atreides\/"},"author":{"name":"admin","@id":"https:\/\/eautomobiliai.lt\/#\/schema\/person\/ecf2a967f361217d056061f74deb92f2"},"headline":"\u201eTesla vs Bezos\u201c, \u201eSlate\u201c, \u201eWindrose\u201c, \u201eLucid\u201c ir \u201ePaul Atreides\u201c","datePublished":"2025-07-31T23:03:59+00:00","mainEntityOfPage":{"@id":"http:\/\/eautomobiliai.lt\/index.php\/2025\/07\/31\/tesla-vs-bezos-slate-windrose-lucid-ir-paul-atreides\/"},"wordCount":403,"commentCount":0,"image":{"@id":"http:\/\/eautomobiliai.lt\/index.php\/2025\/07\/31\/tesla-vs-bezos-slate-windrose-lucid-ir-paul-atreides\/#primaryimage"},"thumbnailUrl":"http:\/\/eautomobiliai.lt\/wp-content\/uploads\/2025\/07\/\u201eTesla-vs-Bezos-\u201eSlate-\u201eWindrose-\u201eLucid-ir-\u201ePaul-Atreides.jpg","keywords":["Atreides","Bezos","Lucid","Paul","Slate","Tesla","Windrose"],"articleSection":["ELEKTRINIAI AUTOMOBILIAI"],"inLanguage":"lt-LT","potentialAction":[{"@type":"CommentAction","name":"Comment","target":["http:\/\/eautomobiliai.lt\/index.php\/2025\/07\/31\/tesla-vs-bezos-slate-windrose-lucid-ir-paul-atreides\/#respond"]}]},{"@type":"WebPage","@id":"http:\/\/eautomobiliai.lt\/index.php\/2025\/07\/31\/tesla-vs-bezos-slate-windrose-lucid-ir-paul-atreides\/","url":"http:\/\/eautomobiliai.lt\/index.php\/2025\/07\/31\/tesla-vs-bezos-slate-windrose-lucid-ir-paul-atreides\/","name":"\u201eTesla vs Bezos\u201c, \u201eSlate\u201c, \u201eWindrose\u201c, \u201eLucid\u201c ir \u201ePaul Atreides\u201c - Eautomobiliai.lt","isPartOf":{"@id":"https:\/\/eautomobiliai.lt\/#website"},"primaryImageOfPage":{"@id":"http:\/\/eautomobiliai.lt\/index.php\/2025\/07\/31\/tesla-vs-bezos-slate-windrose-lucid-ir-paul-atreides\/#primaryimage"},"image":{"@id":"http:\/\/eautomobiliai.lt\/index.php\/2025\/07\/31\/tesla-vs-bezos-slate-windrose-lucid-ir-paul-atreides\/#primaryimage"},"thumbnailUrl":"http:\/\/eautomobiliai.lt\/wp-content\/uploads\/2025\/07\/\u201eTesla-vs-Bezos-\u201eSlate-\u201eWindrose-\u201eLucid-ir-\u201ePaul-Atreides.jpg","datePublished":"2025-07-31T23:03:59+00:00","author":{"@id":"https:\/\/eautomobiliai.lt\/#\/schema\/person\/ecf2a967f361217d056061f74deb92f2"},"breadcrumb":{"@id":"http:\/\/eautomobiliai.lt\/index.php\/2025\/07\/31\/tesla-vs-bezos-slate-windrose-lucid-ir-paul-atreides\/#breadcrumb"},"inLanguage":"lt-LT","potentialAction":[{"@type":"ReadAction","target":["http:\/\/eautomobiliai.lt\/index.php\/2025\/07\/31\/tesla-vs-bezos-slate-windrose-lucid-ir-paul-atreides\/"]}]},{"@type":"ImageObject","inLanguage":"lt-LT","@id":"http:\/\/eautomobiliai.lt\/index.php\/2025\/07\/31\/tesla-vs-bezos-slate-windrose-lucid-ir-paul-atreides\/#primaryimage","url":"http:\/\/eautomobiliai.lt\/wp-content\/uploads\/2025\/07\/\u201eTesla-vs-Bezos-\u201eSlate-\u201eWindrose-\u201eLucid-ir-\u201ePaul-Atreides.jpg","contentUrl":"http:\/\/eautomobiliai.lt\/wp-content\/uploads\/2025\/07\/\u201eTesla-vs-Bezos-\u201eSlate-\u201eWindrose-\u201eLucid-ir-\u201ePaul-Atreides.jpg","width":1200,"height":628},{"@type":"BreadcrumbList","@id":"http:\/\/eautomobiliai.lt\/index.php\/2025\/07\/31\/tesla-vs-bezos-slate-windrose-lucid-ir-paul-atreides\/#breadcrumb","itemListElement":[{"@type":"ListItem","position":1,"name":"Home","item":"https:\/\/eautomobiliai.lt\/"},{"@type":"ListItem","position":2,"name":"\u201eTesla vs Bezos\u201c, \u201eSlate\u201c, \u201eWindrose\u201c, \u201eLucid\u201c ir \u201ePaul Atreides\u201c"}]},{"@type":"WebSite","@id":"https:\/\/eautomobiliai.lt\/#website","url":"https:\/\/eautomobiliai.lt\/","name":"Eautomobiliai.lt","description":"Elektrinis transportas, technologijos","potentialAction":[{"@type":"SearchAction","target":{"@type":"EntryPoint","urlTemplate":"https:\/\/eautomobiliai.lt\/?s={search_term_string}"},"query-input":{"@type":"PropertyValueSpecification","valueRequired":true,"valueName":"search_term_string"}}],"inLanguage":"lt-LT"},{"@type":"Person","@id":"https:\/\/eautomobiliai.lt\/#\/schema\/person\/ecf2a967f361217d056061f74deb92f2","name":"admin","image":{"@type":"ImageObject","inLanguage":"lt-LT","@id":"https:\/\/eautomobiliai.lt\/#\/schema\/person\/image\/","url":"https:\/\/secure.gravatar.com\/avatar\/6323379efae0c70c686c7905444d6bbd?s=96&d=mm&r=g","contentUrl":"https:\/\/secure.gravatar.com\/avatar\/6323379efae0c70c686c7905444d6bbd?s=96&d=mm&r=g","caption":"admin"},"sameAs":["http:\/\/eautomobiliai.lt"],"url":"http:\/\/eautomobiliai.lt\/index.php\/author\/admin\/"}]}},"_links":{"self":[{"href":"http:\/\/eautomobiliai.lt\/index.php\/wp-json\/wp\/v2\/posts\/1650","targetHints":{"allow":["GET"]}}],"collection":[{"href":"http:\/\/eautomobiliai.lt\/index.php\/wp-json\/wp\/v2\/posts"}],"about":[{"href":"http:\/\/eautomobiliai.lt\/index.php\/wp-json\/wp\/v2\/types\/post"}],"author":[{"embeddable":true,"href":"http:\/\/eautomobiliai.lt\/index.php\/wp-json\/wp\/v2\/users\/1"}],"replies":[{"embeddable":true,"href":"http:\/\/eautomobiliai.lt\/index.php\/wp-json\/wp\/v2\/comments?post=1650"}],"version-history":[{"count":0,"href":"http:\/\/eautomobiliai.lt\/index.php\/wp-json\/wp\/v2\/posts\/1650\/revisions"}],"wp:featuredmedia":[{"embeddable":true,"href":"http:\/\/eautomobiliai.lt\/index.php\/wp-json\/wp\/v2\/media\/1651"}],"wp:attachment":[{"href":"http:\/\/eautomobiliai.lt\/index.php\/wp-json\/wp\/v2\/media?parent=1650"}],"wp:term":[{"taxonomy":"category","embeddable":true,"href":"http:\/\/eautomobiliai.lt\/index.php\/wp-json\/wp\/v2\/categories?post=1650"},{"taxonomy":"post_tag","embeddable":true,"href":"http:\/\/eautomobiliai.lt\/index.php\/wp-json\/wp\/v2\/tags?post=1650"}],"curies":[{"name":"wp","href":"https:\/\/api.w.org\/{rel}","templated":true}]}}