{"id":1694,"date":"2025-08-05T03:20:45","date_gmt":"2025-08-05T03:20:45","guid":{"rendered":"https:\/\/eautomobiliai.lt\/index.php\/2025\/08\/05\/ev-ivaikinimas-europoje-stiprus-siaureje-silpnas-pietuose\/"},"modified":"2025-08-05T03:20:45","modified_gmt":"2025-08-05T03:20:45","slug":"ev-ivaikinimas-europoje-stiprus-siaureje-silpnas-pietuose","status":"publish","type":"post","link":"http:\/\/eautomobiliai.lt\/index.php\/2025\/08\/05\/ev-ivaikinimas-europoje-stiprus-siaureje-silpnas-pietuose\/","title":{"rendered":"EV \u012fvaikinimas Europoje &#8211; stiprus \u0161iaur\u0117je, silpnas pietuose"},"content":{"rendered":"<p> <br \/>\n<\/p>\n<div id=\"\">\n<p>Nauji skai\u010diai, kuriuos savaitgal\u012f paskelb\u0117 Europos automobili\u0173 asociacijos, atskleid\u017eia mi\u0161r\u0173 elektromobili\u0173 (EV) pri\u0117mimo parodym\u0105, parodant\u012f vang\u0173, ta\u010diau nuolatin\u012f padid\u0117jim\u0105, didelius pardavimus \u0161iaur\u0117je ir silpnesnius pardavimus pietuose.<\/p>\n<p>Prad\u0117jus nauj\u0105 m\u0117nes\u012f, Europos automobili\u0173 asociacijos skuba paskelbti savo \u0161alies naujus automobili\u0173 pardavimo numerius &#8211; nors n\u0117 viena organizacija neskelbia lygiai t\u0173 pa\u010di\u0173 kategorij\u0173, tod\u0117l sunku sudaryti i\u0161sam\u0173 vaizd\u0105. Tai, k\u0105 galima pamatyti visuose duomenyse, yra bendras vis\u0173 elektrifikuot\u0173 modeli\u0173 augimas, ypa\u010d BEV.<\/p>\n<p>Norvegijoje BEV sudar\u0117 rekordin\u012f 97,2 proc. Vis\u0173 liepos m\u0117n. Parduot\u0173 nauj\u0173 automobili\u0173, i\u0161 kuri\u0173 tik 272 i\u0161 viso 9 563 automobiliai buvo \u012fregistruoti ir pristatomi per m\u0117nes\u012f, turint tam tikr\u0105 vidin\u012f degimo varikl\u012f (led\u0105) (\u012fskaitant gryn\u0105 led\u0105 ir hibridus).<\/p>\n<p>BEV dalis \u0160vedijoje siek\u0117 34,9 proc., O hibridini\u0173 EV (PHEV) rinkos dalis u\u017e\u0117m\u0117 27,4 proc. Suomijoje BEV u\u017e\u0117m\u0117 24,4 proc. Rinkos dal\u012f, o PHEVS sudar\u0117 21,2 procento.<\/p>\n<p>Nyderlanduose BEV liep\u0105 baig\u0117, o rinkos dalis buvo 30,8 proc., O \u201ePhevs\u201c fini\u0161avo su 51,8 procento. O Danijoje, nenurodant variklio tipo skilimo, \u201eelektrin\u0117s\u201c transporto priemon\u0117s liepos m\u0117nes\u012f u\u017e\u0117m\u0117 67,2 proc. Vis\u0173 nauj\u0173 automobili\u0173 keliuose.<\/p>\n<p>Portugalijoje BEV gyr\u0117si 20,7 proc., 17 proc. Pranc\u016bzijoje, 18 procent\u0173 Airijoje, Airijoje ir 32,8 proc. Belgijoje rinkos dalis-17 procent\u0173.<\/p>\n<p>Ta\u010diau toks augimas n\u0117ra atkartojamas visur, ta\u010diau BEV sudaro tik 4,9 proc. Vis\u0173 nauj\u0173 automobili\u0173, parduodam\u0173 liep\u0105 Italijoje, ir 8,4 proc. Ispanijos &#8211; nors tai padid\u0117jo 117 procent\u0173 daugiau nei 2024 m. Liepos m\u0117n.<\/p>\n<p>Kalbant apie konkre\u010dius automobilius ir automobili\u0173 gamintojus, duomenys yra dar labiau sporadi\u0161ki ir galima padaryti tik kelet\u0105 i\u0161vad\u0173.<\/p>\n<p>\u201eKia EV3\u201c buvo populiariausias Nyderlanduose, kuri\u0173 rinkos dalis buvo 9,1 proc. Nuo 813 nauj\u0173 registracij\u0173, o antrasis populiariausias EV Airijoje, u\u017e \u201eVolkswagen Id.4\u201c.<\/p>\n<p>Susitaikydama, kokie ma\u017eai konkre\u010di\u0173 duomen\u0173 buvo, \u201eTesla\u201c liep\u0105 Belgijoje pardav\u0117 tik 460 Belgijoje, 838 m. Norvegijoje, tik 163 \u0160vedijoje &#8211; 88 proc. \u017dygio nuo 1 001 2024 m. Liepos m\u0117n., 106, 106 Suomijoje, tik 280 modeli\u0173 Nyderlanduose ir nebuvo rodomi 10 geriausi\u0173 10 keleivi\u0173 automobili\u0173, parduodam\u0173 liep\u0105 Denmarke.<\/p>\n<p>Atskirai prane\u0161dami apie savo duomenis, \u201eReuters\u201c teig\u0117, kad liepos m\u0117n. \u201eTesla\u201c pardavimai suma\u017e\u0117jo keliose pagrindin\u0117se Europos rinkose, nepaisant nuolatinio atnaujinto modelio \u201eY.\u201c.<\/p>\n<div class=\"saboxplugin-wrap\" itemtype=\"http:\/\/schema.org\/Person\" itemscope=\"\" itemprop=\"author\">\n<div class=\"saboxplugin-tab\">\n<div class=\"saboxplugin-gravatar\"><img decoding=\"async\" loading=\"lazy\" alt=\"Joshua S. Hill\" src=\"https:\/\/secure.gravatar.com\/avatar\/674502fafd2221f0fc2baf7da1435a7980e9492ea0657bfcd546273621f39689?s=100&amp;d=mm&amp;r=g\" srcset=\"https:\/\/secure.gravatar.com\/avatar\/674502fafd2221f0fc2baf7da1435a7980e9492ea0657bfcd546273621f39689?s=200&amp;d=mm&amp;r=g 2x\" class=\"avatar avatar-100 photo\" height=\"100\" width=\"100\" itemprop=\"image\"\/><\/div>\n<div class=\"saboxplugin-desc\">\n<div itemprop=\"description\">\n<p>Joshua S. Hill yra Melburno \u017eurnalistas, daugiau nei 15 met\u0173 ra\u0161antis apie klimato poky\u010dius, \u0161varias technologijas ir elektrines transporto priemones. Jis prane\u0161a apie elektrines transporto priemones ir \u0161varias atnaujinimo ekonomikos ir varomosios technologijas nuo 2012 m. Jo pageidaujamas transporto b\u016bdas yra jo kojos.<\/p>\n<\/div>\n<\/div>\n<\/div>\n<\/div>\n<p><!-- AI CONTENT END 1 --><\/p><\/div>\n<p><br \/>\n<br \/><a href=\"https:\/\/thedriven.io\/2025\/08\/05\/ev-adoption-in-europe-strong-in-the-north-weak-in-the-south\/\">Source link <\/a><\/p>\n","protected":false},"excerpt":{"rendered":"<p>Nauji skai\u010diai, kuriuos savaitgal\u012f paskelb\u0117 Europos automobili\u0173 asociacijos, atskleid\u017eia mi\u0161r\u0173 elektromobili\u0173 (EV) pri\u0117mimo parodym\u0105, parodant\u012f vang\u0173, ta\u010diau nuolatin\u012f padid\u0117jim\u0105, didelius&hellip;<\/p>\n","protected":false},"author":1,"featured_media":1695,"comment_status":"open","ping_status":"open","sticky":false,"template":"","format":"standard","meta":{"om_disable_all_campaigns":false,"_monsterinsights_skip_tracking":false,"_monsterinsights_sitenote_active":false,"_monsterinsights_sitenote_note":"","_monsterinsights_sitenote_category":0,"footnotes":""},"categories":[39],"tags":[263,3201,3205,3203,3204,3202],"class_list":["post-1694","post","type-post","status-publish","format-standard","has-post-thumbnail","hentry","category-eautomobiliu-technine-puse","tag-europoje","tag-ivaikinimas","tag-pietuose","tag-siaureje","tag-silpnas","tag-stiprus"],"aioseo_notices":[],"yoast_head":"<!-- This site is optimized with the Yoast SEO plugin v26.8 - https:\/\/yoast.com\/product\/yoast-seo-wordpress\/ -->\n<title>EV \u012fvaikinimas Europoje - stiprus \u0161iaur\u0117je, silpnas pietuose - Eautomobiliai.lt<\/title>\n<meta name=\"robots\" content=\"index, follow, max-snippet:-1, max-image-preview:large, max-video-preview:-1\" \/>\n<link rel=\"canonical\" href=\"http:\/\/eautomobiliai.lt\/index.php\/2025\/08\/05\/ev-ivaikinimas-europoje-stiprus-siaureje-silpnas-pietuose\/\" \/>\n<meta property=\"og:locale\" content=\"lt_LT\" \/>\n<meta property=\"og:type\" content=\"article\" \/>\n<meta property=\"og:title\" content=\"EV \u012fvaikinimas Europoje - stiprus \u0161iaur\u0117je, silpnas pietuose - Eautomobiliai.lt\" \/>\n<meta property=\"og:description\" content=\"Nauji skai\u010diai, kuriuos savaitgal\u012f paskelb\u0117 Europos automobili\u0173 asociacijos, atskleid\u017eia mi\u0161r\u0173 elektromobili\u0173 (EV) pri\u0117mimo parodym\u0105, parodant\u012f vang\u0173, ta\u010diau nuolatin\u012f padid\u0117jim\u0105, didelius&hellip;\" \/>\n<meta property=\"og:url\" content=\"http:\/\/eautomobiliai.lt\/index.php\/2025\/08\/05\/ev-ivaikinimas-europoje-stiprus-siaureje-silpnas-pietuose\/\" \/>\n<meta property=\"og:site_name\" content=\"Eautomobiliai.lt\" \/>\n<meta property=\"article:published_time\" content=\"2025-08-05T03:20:45+00:00\" \/>\n<meta property=\"og:image\" content=\"http:\/\/eautomobiliai.lt\/wp-content\/uploads\/2025\/08\/EV-ivaikinimas-Europoje-stiprus-siaureje-silpnas-pietuose.jpg\" \/>\n\t<meta property=\"og:image:width\" content=\"1280\" \/>\n\t<meta property=\"og:image:height\" content=\"762\" \/>\n\t<meta property=\"og:image:type\" content=\"image\/jpeg\" \/>\n<meta name=\"author\" content=\"admin\" \/>\n<meta name=\"twitter:card\" content=\"summary_large_image\" \/>\n<meta name=\"twitter:label1\" content=\"Written by\" \/>\n\t<meta name=\"twitter:data1\" content=\"admin\" \/>\n\t<meta name=\"twitter:label2\" content=\"Est. reading time\" \/>\n\t<meta name=\"twitter:data2\" content=\"2 minut\u0117s\" \/>\n<script type=\"application\/ld+json\" class=\"yoast-schema-graph\">{\"@context\":\"https:\/\/schema.org\",\"@graph\":[{\"@type\":\"Article\",\"@id\":\"http:\/\/eautomobiliai.lt\/index.php\/2025\/08\/05\/ev-ivaikinimas-europoje-stiprus-siaureje-silpnas-pietuose\/#article\",\"isPartOf\":{\"@id\":\"http:\/\/eautomobiliai.lt\/index.php\/2025\/08\/05\/ev-ivaikinimas-europoje-stiprus-siaureje-silpnas-pietuose\/\"},\"author\":{\"name\":\"admin\",\"@id\":\"https:\/\/eautomobiliai.lt\/#\/schema\/person\/ecf2a967f361217d056061f74deb92f2\"},\"headline\":\"EV \u012fvaikinimas Europoje &#8211; stiprus \u0161iaur\u0117je, silpnas pietuose\",\"datePublished\":\"2025-08-05T03:20:45+00:00\",\"mainEntityOfPage\":{\"@id\":\"http:\/\/eautomobiliai.lt\/index.php\/2025\/08\/05\/ev-ivaikinimas-europoje-stiprus-siaureje-silpnas-pietuose\/\"},\"wordCount\":396,\"commentCount\":0,\"image\":{\"@id\":\"http:\/\/eautomobiliai.lt\/index.php\/2025\/08\/05\/ev-ivaikinimas-europoje-stiprus-siaureje-silpnas-pietuose\/#primaryimage\"},\"thumbnailUrl\":\"http:\/\/eautomobiliai.lt\/wp-content\/uploads\/2025\/08\/EV-ivaikinimas-Europoje-stiprus-siaureje-silpnas-pietuose.jpg\",\"keywords\":[\"Europoje\",\"\u012fvaikinimas\",\"pietuose\",\"\u0161iaur\u0117je\",\"silpnas\",\"stiprus\"],\"articleSection\":[\"eAUTOMOBILI\u0172 TECHNIN\u0116 PUS\u0116\"],\"inLanguage\":\"lt-LT\",\"potentialAction\":[{\"@type\":\"CommentAction\",\"name\":\"Comment\",\"target\":[\"http:\/\/eautomobiliai.lt\/index.php\/2025\/08\/05\/ev-ivaikinimas-europoje-stiprus-siaureje-silpnas-pietuose\/#respond\"]}]},{\"@type\":\"WebPage\",\"@id\":\"http:\/\/eautomobiliai.lt\/index.php\/2025\/08\/05\/ev-ivaikinimas-europoje-stiprus-siaureje-silpnas-pietuose\/\",\"url\":\"http:\/\/eautomobiliai.lt\/index.php\/2025\/08\/05\/ev-ivaikinimas-europoje-stiprus-siaureje-silpnas-pietuose\/\",\"name\":\"EV \u012fvaikinimas Europoje - stiprus \u0161iaur\u0117je, silpnas pietuose - Eautomobiliai.lt\",\"isPartOf\":{\"@id\":\"https:\/\/eautomobiliai.lt\/#website\"},\"primaryImageOfPage\":{\"@id\":\"http:\/\/eautomobiliai.lt\/index.php\/2025\/08\/05\/ev-ivaikinimas-europoje-stiprus-siaureje-silpnas-pietuose\/#primaryimage\"},\"image\":{\"@id\":\"http:\/\/eautomobiliai.lt\/index.php\/2025\/08\/05\/ev-ivaikinimas-europoje-stiprus-siaureje-silpnas-pietuose\/#primaryimage\"},\"thumbnailUrl\":\"http:\/\/eautomobiliai.lt\/wp-content\/uploads\/2025\/08\/EV-ivaikinimas-Europoje-stiprus-siaureje-silpnas-pietuose.jpg\",\"datePublished\":\"2025-08-05T03:20:45+00:00\",\"author\":{\"@id\":\"https:\/\/eautomobiliai.lt\/#\/schema\/person\/ecf2a967f361217d056061f74deb92f2\"},\"breadcrumb\":{\"@id\":\"http:\/\/eautomobiliai.lt\/index.php\/2025\/08\/05\/ev-ivaikinimas-europoje-stiprus-siaureje-silpnas-pietuose\/#breadcrumb\"},\"inLanguage\":\"lt-LT\",\"potentialAction\":[{\"@type\":\"ReadAction\",\"target\":[\"http:\/\/eautomobiliai.lt\/index.php\/2025\/08\/05\/ev-ivaikinimas-europoje-stiprus-siaureje-silpnas-pietuose\/\"]}]},{\"@type\":\"ImageObject\",\"inLanguage\":\"lt-LT\",\"@id\":\"http:\/\/eautomobiliai.lt\/index.php\/2025\/08\/05\/ev-ivaikinimas-europoje-stiprus-siaureje-silpnas-pietuose\/#primaryimage\",\"url\":\"http:\/\/eautomobiliai.lt\/wp-content\/uploads\/2025\/08\/EV-ivaikinimas-Europoje-stiprus-siaureje-silpnas-pietuose.jpg\",\"contentUrl\":\"http:\/\/eautomobiliai.lt\/wp-content\/uploads\/2025\/08\/EV-ivaikinimas-Europoje-stiprus-siaureje-silpnas-pietuose.jpg\",\"width\":1280,\"height\":762},{\"@type\":\"BreadcrumbList\",\"@id\":\"http:\/\/eautomobiliai.lt\/index.php\/2025\/08\/05\/ev-ivaikinimas-europoje-stiprus-siaureje-silpnas-pietuose\/#breadcrumb\",\"itemListElement\":[{\"@type\":\"ListItem\",\"position\":1,\"name\":\"Home\",\"item\":\"https:\/\/eautomobiliai.lt\/\"},{\"@type\":\"ListItem\",\"position\":2,\"name\":\"EV \u012fvaikinimas Europoje &#8211; stiprus \u0161iaur\u0117je, silpnas pietuose\"}]},{\"@type\":\"WebSite\",\"@id\":\"https:\/\/eautomobiliai.lt\/#website\",\"url\":\"https:\/\/eautomobiliai.lt\/\",\"name\":\"Eautomobiliai.lt\",\"description\":\"Elektrinis transportas, technologijos\",\"potentialAction\":[{\"@type\":\"SearchAction\",\"target\":{\"@type\":\"EntryPoint\",\"urlTemplate\":\"https:\/\/eautomobiliai.lt\/?s={search_term_string}\"},\"query-input\":{\"@type\":\"PropertyValueSpecification\",\"valueRequired\":true,\"valueName\":\"search_term_string\"}}],\"inLanguage\":\"lt-LT\"},{\"@type\":\"Person\",\"@id\":\"https:\/\/eautomobiliai.lt\/#\/schema\/person\/ecf2a967f361217d056061f74deb92f2\",\"name\":\"admin\",\"image\":{\"@type\":\"ImageObject\",\"inLanguage\":\"lt-LT\",\"@id\":\"https:\/\/eautomobiliai.lt\/#\/schema\/person\/image\/\",\"url\":\"https:\/\/secure.gravatar.com\/avatar\/6323379efae0c70c686c7905444d6bbd?s=96&d=mm&r=g\",\"contentUrl\":\"https:\/\/secure.gravatar.com\/avatar\/6323379efae0c70c686c7905444d6bbd?s=96&d=mm&r=g\",\"caption\":\"admin\"},\"sameAs\":[\"http:\/\/eautomobiliai.lt\"],\"url\":\"http:\/\/eautomobiliai.lt\/index.php\/author\/admin\/\"}]}<\/script>\n<!-- \/ Yoast SEO plugin. -->","yoast_head_json":{"title":"EV \u012fvaikinimas Europoje - stiprus \u0161iaur\u0117je, silpnas pietuose - Eautomobiliai.lt","robots":{"index":"index","follow":"follow","max-snippet":"max-snippet:-1","max-image-preview":"max-image-preview:large","max-video-preview":"max-video-preview:-1"},"canonical":"http:\/\/eautomobiliai.lt\/index.php\/2025\/08\/05\/ev-ivaikinimas-europoje-stiprus-siaureje-silpnas-pietuose\/","og_locale":"lt_LT","og_type":"article","og_title":"EV \u012fvaikinimas Europoje - stiprus \u0161iaur\u0117je, silpnas pietuose - Eautomobiliai.lt","og_description":"Nauji skai\u010diai, kuriuos savaitgal\u012f paskelb\u0117 Europos automobili\u0173 asociacijos, atskleid\u017eia mi\u0161r\u0173 elektromobili\u0173 (EV) pri\u0117mimo parodym\u0105, parodant\u012f vang\u0173, ta\u010diau nuolatin\u012f padid\u0117jim\u0105, didelius&hellip;","og_url":"http:\/\/eautomobiliai.lt\/index.php\/2025\/08\/05\/ev-ivaikinimas-europoje-stiprus-siaureje-silpnas-pietuose\/","og_site_name":"Eautomobiliai.lt","article_published_time":"2025-08-05T03:20:45+00:00","og_image":[{"width":1280,"height":762,"url":"http:\/\/eautomobiliai.lt\/wp-content\/uploads\/2025\/08\/EV-ivaikinimas-Europoje-stiprus-siaureje-silpnas-pietuose.jpg","type":"image\/jpeg"}],"author":"admin","twitter_card":"summary_large_image","twitter_misc":{"Written by":"admin","Est. reading time":"2 minut\u0117s"},"schema":{"@context":"https:\/\/schema.org","@graph":[{"@type":"Article","@id":"http:\/\/eautomobiliai.lt\/index.php\/2025\/08\/05\/ev-ivaikinimas-europoje-stiprus-siaureje-silpnas-pietuose\/#article","isPartOf":{"@id":"http:\/\/eautomobiliai.lt\/index.php\/2025\/08\/05\/ev-ivaikinimas-europoje-stiprus-siaureje-silpnas-pietuose\/"},"author":{"name":"admin","@id":"https:\/\/eautomobiliai.lt\/#\/schema\/person\/ecf2a967f361217d056061f74deb92f2"},"headline":"EV \u012fvaikinimas Europoje &#8211; stiprus \u0161iaur\u0117je, silpnas pietuose","datePublished":"2025-08-05T03:20:45+00:00","mainEntityOfPage":{"@id":"http:\/\/eautomobiliai.lt\/index.php\/2025\/08\/05\/ev-ivaikinimas-europoje-stiprus-siaureje-silpnas-pietuose\/"},"wordCount":396,"commentCount":0,"image":{"@id":"http:\/\/eautomobiliai.lt\/index.php\/2025\/08\/05\/ev-ivaikinimas-europoje-stiprus-siaureje-silpnas-pietuose\/#primaryimage"},"thumbnailUrl":"http:\/\/eautomobiliai.lt\/wp-content\/uploads\/2025\/08\/EV-ivaikinimas-Europoje-stiprus-siaureje-silpnas-pietuose.jpg","keywords":["Europoje","\u012fvaikinimas","pietuose","\u0161iaur\u0117je","silpnas","stiprus"],"articleSection":["eAUTOMOBILI\u0172 TECHNIN\u0116 PUS\u0116"],"inLanguage":"lt-LT","potentialAction":[{"@type":"CommentAction","name":"Comment","target":["http:\/\/eautomobiliai.lt\/index.php\/2025\/08\/05\/ev-ivaikinimas-europoje-stiprus-siaureje-silpnas-pietuose\/#respond"]}]},{"@type":"WebPage","@id":"http:\/\/eautomobiliai.lt\/index.php\/2025\/08\/05\/ev-ivaikinimas-europoje-stiprus-siaureje-silpnas-pietuose\/","url":"http:\/\/eautomobiliai.lt\/index.php\/2025\/08\/05\/ev-ivaikinimas-europoje-stiprus-siaureje-silpnas-pietuose\/","name":"EV \u012fvaikinimas Europoje - stiprus \u0161iaur\u0117je, silpnas pietuose - Eautomobiliai.lt","isPartOf":{"@id":"https:\/\/eautomobiliai.lt\/#website"},"primaryImageOfPage":{"@id":"http:\/\/eautomobiliai.lt\/index.php\/2025\/08\/05\/ev-ivaikinimas-europoje-stiprus-siaureje-silpnas-pietuose\/#primaryimage"},"image":{"@id":"http:\/\/eautomobiliai.lt\/index.php\/2025\/08\/05\/ev-ivaikinimas-europoje-stiprus-siaureje-silpnas-pietuose\/#primaryimage"},"thumbnailUrl":"http:\/\/eautomobiliai.lt\/wp-content\/uploads\/2025\/08\/EV-ivaikinimas-Europoje-stiprus-siaureje-silpnas-pietuose.jpg","datePublished":"2025-08-05T03:20:45+00:00","author":{"@id":"https:\/\/eautomobiliai.lt\/#\/schema\/person\/ecf2a967f361217d056061f74deb92f2"},"breadcrumb":{"@id":"http:\/\/eautomobiliai.lt\/index.php\/2025\/08\/05\/ev-ivaikinimas-europoje-stiprus-siaureje-silpnas-pietuose\/#breadcrumb"},"inLanguage":"lt-LT","potentialAction":[{"@type":"ReadAction","target":["http:\/\/eautomobiliai.lt\/index.php\/2025\/08\/05\/ev-ivaikinimas-europoje-stiprus-siaureje-silpnas-pietuose\/"]}]},{"@type":"ImageObject","inLanguage":"lt-LT","@id":"http:\/\/eautomobiliai.lt\/index.php\/2025\/08\/05\/ev-ivaikinimas-europoje-stiprus-siaureje-silpnas-pietuose\/#primaryimage","url":"http:\/\/eautomobiliai.lt\/wp-content\/uploads\/2025\/08\/EV-ivaikinimas-Europoje-stiprus-siaureje-silpnas-pietuose.jpg","contentUrl":"http:\/\/eautomobiliai.lt\/wp-content\/uploads\/2025\/08\/EV-ivaikinimas-Europoje-stiprus-siaureje-silpnas-pietuose.jpg","width":1280,"height":762},{"@type":"BreadcrumbList","@id":"http:\/\/eautomobiliai.lt\/index.php\/2025\/08\/05\/ev-ivaikinimas-europoje-stiprus-siaureje-silpnas-pietuose\/#breadcrumb","itemListElement":[{"@type":"ListItem","position":1,"name":"Home","item":"https:\/\/eautomobiliai.lt\/"},{"@type":"ListItem","position":2,"name":"EV \u012fvaikinimas Europoje &#8211; stiprus \u0161iaur\u0117je, silpnas pietuose"}]},{"@type":"WebSite","@id":"https:\/\/eautomobiliai.lt\/#website","url":"https:\/\/eautomobiliai.lt\/","name":"Eautomobiliai.lt","description":"Elektrinis transportas, technologijos","potentialAction":[{"@type":"SearchAction","target":{"@type":"EntryPoint","urlTemplate":"https:\/\/eautomobiliai.lt\/?s={search_term_string}"},"query-input":{"@type":"PropertyValueSpecification","valueRequired":true,"valueName":"search_term_string"}}],"inLanguage":"lt-LT"},{"@type":"Person","@id":"https:\/\/eautomobiliai.lt\/#\/schema\/person\/ecf2a967f361217d056061f74deb92f2","name":"admin","image":{"@type":"ImageObject","inLanguage":"lt-LT","@id":"https:\/\/eautomobiliai.lt\/#\/schema\/person\/image\/","url":"https:\/\/secure.gravatar.com\/avatar\/6323379efae0c70c686c7905444d6bbd?s=96&d=mm&r=g","contentUrl":"https:\/\/secure.gravatar.com\/avatar\/6323379efae0c70c686c7905444d6bbd?s=96&d=mm&r=g","caption":"admin"},"sameAs":["http:\/\/eautomobiliai.lt"],"url":"http:\/\/eautomobiliai.lt\/index.php\/author\/admin\/"}]}},"_links":{"self":[{"href":"http:\/\/eautomobiliai.lt\/index.php\/wp-json\/wp\/v2\/posts\/1694","targetHints":{"allow":["GET"]}}],"collection":[{"href":"http:\/\/eautomobiliai.lt\/index.php\/wp-json\/wp\/v2\/posts"}],"about":[{"href":"http:\/\/eautomobiliai.lt\/index.php\/wp-json\/wp\/v2\/types\/post"}],"author":[{"embeddable":true,"href":"http:\/\/eautomobiliai.lt\/index.php\/wp-json\/wp\/v2\/users\/1"}],"replies":[{"embeddable":true,"href":"http:\/\/eautomobiliai.lt\/index.php\/wp-json\/wp\/v2\/comments?post=1694"}],"version-history":[{"count":0,"href":"http:\/\/eautomobiliai.lt\/index.php\/wp-json\/wp\/v2\/posts\/1694\/revisions"}],"wp:featuredmedia":[{"embeddable":true,"href":"http:\/\/eautomobiliai.lt\/index.php\/wp-json\/wp\/v2\/media\/1695"}],"wp:attachment":[{"href":"http:\/\/eautomobiliai.lt\/index.php\/wp-json\/wp\/v2\/media?parent=1694"}],"wp:term":[{"taxonomy":"category","embeddable":true,"href":"http:\/\/eautomobiliai.lt\/index.php\/wp-json\/wp\/v2\/categories?post=1694"},{"taxonomy":"post_tag","embeddable":true,"href":"http:\/\/eautomobiliai.lt\/index.php\/wp-json\/wp\/v2\/tags?post=1694"}],"curies":[{"name":"wp","href":"https:\/\/api.w.org\/{rel}","templated":true}]}}