{"id":1706,"date":"2025-08-06T03:27:52","date_gmt":"2025-08-06T03:27:52","guid":{"rendered":"http:\/\/eautomobiliai.lt\/index.php\/2025\/08\/06\/elektriniu-transporto-priemoniu-taryba-uzmusa-produktyvumo-komisijos-kvietima-nutraukti-ev-paskatas\/"},"modified":"2025-08-06T03:27:52","modified_gmt":"2025-08-06T03:27:52","slug":"elektriniu-transporto-priemoniu-taryba-uzmusa-produktyvumo-komisijos-kvietima-nutraukti-ev-paskatas","status":"publish","type":"post","link":"http:\/\/eautomobiliai.lt\/index.php\/2025\/08\/06\/elektriniu-transporto-priemoniu-taryba-uzmusa-produktyvumo-komisijos-kvietima-nutraukti-ev-paskatas\/","title":{"rendered":"Elektrini\u0173 transporto priemoni\u0173 taryba u\u017emu\u0161a produktyvumo komisijos kvietim\u0105 nutraukti EV paskatas"},"content":{"rendered":"<p> <br \/>\n<\/p>\n<div id=\"\">\n<p>Australijos elektromobili\u0173 taryba (EVC) atsitrauk\u0117 nuo produktyvumo komisijos raginimo palaipsniui panaikinti konkre\u010dias elektromobili\u0173 (EV) paskatas, sakydamas, kad toks \u017eingsnis gali \u201eu\u017emu\u0161ti stabd\u017eius\u201c EV \u012fsisavinimui visoje \u0161alyje.<\/p>\n<p>Produktyvumo komisija (PC) \u0161i\u0105 savait\u0119 paskelb\u0117 didel\u0119 nauj\u0105 ataskait\u0105, antr\u0105 i\u0161 penki\u0173 prane\u0161im\u0173, kuriuos tikimasi pateikti per kitas dvi savaites. Ataskaita &#8211; <em>Investuojant \u012f pigesn\u0119, \u0161varesn\u0119 energij\u0105 ir gryn\u0105j\u0105 nulin\u0119 transformacij\u0105<\/em> &#8211; Ragina nuoseklias paskatas ir greitesnius patvirtinimus, kad Australijos grynoji nulin\u0117 pertvarka b\u016bt\u0173 geriau.<\/p>\n<p>\u201eTur\u0117dami tinkamus politikos nustatymus, mes galime apriboti dekarbonizacijos i\u0161laidas ir pagreitinti savo patvirtinimus, kad atrakintume ma\u017eesni\u0173 s\u0105naud\u0173 galimybes, gausesn\u0119 \u0161vari\u0105 energij\u0105\u201c, &#8211; teig\u0117 PC komisaras Barry Sterlandas.<\/p>\n<p>\u201eMes taip pat galime padidinti savo atsparum\u0105 klimato poky\u010di\u0173 padariniams ir suma\u017einti j\u0173 \u017emogi\u0161k\u0105sias bei ekonomines i\u0161laidas\u201c.<\/p>\n<p>Tarp vyriausybei pateikt\u0173 rekomendacij\u0173 projekto buvo raginimas nutraukti EV nuo i\u0161imties i\u0161 \u201eFringe\u201c i\u0161mok\u0173 mokes\u010di\u0173 schemos, o valstybin\u0117ms ir teritorijos vyriausyb\u0117ms nutraukti EV nuo transporto priemon\u0117s antspaudo mokes\u010dio ir registracijos nuolaid\u0173 atleidim\u0105.<\/p>\n<p>\u201eKomisijos prane\u0161ime yra teisingas vienas dalykas ir vienas dalykas\u201c,-Julie Delvecchio, EVC generalin\u0117 direktor\u0117, kuri plojo PC rekomendacijai d\u0117l naujos i\u0161metam\u0173j\u0173 ter\u0161al\u0173 ma\u017einimo paskatos padengti sunkiasas transporto priemones, kuri\u0173 n\u0117ra u\u017efiksuota apsaugos mechanizmo.<\/p>\n<p>\u201eTai teisingai rekomenduoja tikslin\u0119 param\u0105 sunkve\u017eimiams nuliniams i\u0161metamosioms vietoms, ta\u010diau tada nepaai\u0161kinamai apsisuka ir si\u016blo panaikinti pa\u010dias paskatas, kurios pagaliau padeda kasdieniams australams sau leisti elektrin\u012f automobil\u012f.\u201c<\/p>\n<p>\u0160ios rekomendacijos, pasak \u201eDelvecchio\u201c, siun\u010dia mi\u0161rius signalus, kurie yra kritin\u0117 elektros per\u0117jimo dalis.<\/p>\n<p>\u201eJei rimtai \u017ei\u016brime \u012f\u201e Net Zero \u201c, turime pagreitinti, o ne l\u0117t\u0117ti &#8211; pereiti prie valymo transporto. Tai rei\u0161kia, kad palaikoma veikian\u010di\u0173 politik\u0173\u201c, &#8211; sak\u0117 Delvecchio.<\/p>\n<p>\u201eElektrini\u0173 automobili\u0173 nuolaida buvo \u017eaidim\u0173 keitiklis, ypa\u010d laivynams ir kasdieniams darbuotojams, kurie anks\u010diau negal\u0117jo sau leisti elektros. J\u012f nuimti dabar b\u016bt\u0173 tarsi \u012fkrovimo kabelio i\u0161pylimas \u012fpus\u0117jus kelionei.<\/p>\n<p>&#8222;Jei norime pamatyti daugiau EV keliuose ir suma\u017einti i\u0161metam\u0173j\u0173 ter\u0161al\u0173 kiek\u012f, turime padaryti daug daugiau. Turime padidinti EV \u012fsisavinim\u0105. Tai rei\u0161kia, kad reikia i\u0161pl\u0117sti pirkimo paskatas, tokias kaip elektromobili\u0173 nuolaidos ir nuolaidos valstybin\u0117ms nuolaidoms, j\u0173 nepa\u0161alinant.<\/p>\n<p>&#8222;Si\u016blome paskatinti paskatas, kai Australija pagaliau pasivijo likus\u012f i\u0161sivys\u010dius\u012f pasaul\u012f su efektyvumo standartu yra trumparegi\u0161kas. Mums reikia abiej\u0173-jie dirba kartu, o ne atskirai.&#8221;<\/p>\n<div class=\"saboxplugin-wrap\" itemtype=\"http:\/\/schema.org\/Person\" itemscope=\"\" itemprop=\"author\">\n<div class=\"saboxplugin-tab\">\n<div class=\"saboxplugin-gravatar\"><img decoding=\"async\" loading=\"lazy\" alt=\"Joshua S. Hill\" src=\"https:\/\/secure.gravatar.com\/avatar\/674502fafd2221f0fc2baf7da1435a7980e9492ea0657bfcd546273621f39689?s=100&amp;d=mm&amp;r=g\" srcset=\"https:\/\/secure.gravatar.com\/avatar\/674502fafd2221f0fc2baf7da1435a7980e9492ea0657bfcd546273621f39689?s=200&amp;d=mm&amp;r=g 2x\" class=\"avatar avatar-100 photo\" height=\"100\" width=\"100\" itemprop=\"image\"\/><\/div>\n<div class=\"saboxplugin-desc\">\n<div itemprop=\"description\">\n<p>Joshua S. Hill yra Melburno \u017eurnalistas, daugiau nei 15 met\u0173 ra\u0161antis apie klimato poky\u010dius, \u0161varias technologijas ir elektrines transporto priemones. Jis prane\u0161a apie elektrines transporto priemones ir \u0161varias atnaujinimo ekonomikos ir varomosios technologijas nuo 2012 m. Jo pageidaujamas transporto b\u016bdas yra jo kojos.<\/p>\n<\/div>\n<\/div>\n<\/div>\n<\/div>\n<p><!-- AI CONTENT END 1 --><\/p><\/div>\n<p><br \/>\n<br \/><a href=\"https:\/\/thedriven.io\/2025\/08\/05\/electric-vehicle-council-slams-productivity-commission-call-to-scrap-ev-incentives\/\">Source link <\/a><\/p>\n","protected":false},"excerpt":{"rendered":"<p>Australijos elektromobili\u0173 taryba (EVC) atsitrauk\u0117 nuo produktyvumo komisijos raginimo palaipsniui panaikinti konkre\u010dias elektromobili\u0173 (EV) paskatas, sakydamas, kad toks \u017eingsnis gali&hellip;<\/p>\n","protected":false},"author":1,"featured_media":1707,"comment_status":"open","ping_status":"open","sticky":false,"template":"","format":"standard","meta":{"om_disable_all_campaigns":false,"_monsterinsights_skip_tracking":false,"_monsterinsights_sitenote_active":false,"_monsterinsights_sitenote_note":"","_monsterinsights_sitenote_category":0,"footnotes":""},"categories":[39],"tags":[45,3225,3226,2719,1661,47,3224,3222,46,3223],"class_list":["post-1706","post","type-post","status-publish","format-standard","has-post-thumbnail","hentry","category-eautomobiliu-technine-puse","tag-elektriniu","tag-komisijos","tag-kvietima","tag-nutraukti","tag-paskatas","tag-priemoniu","tag-produktyvumo","tag-taryba","tag-transporto","tag-uzmusa"],"aioseo_notices":[],"yoast_head":"<!-- This site is optimized with the Yoast SEO plugin v26.8 - https:\/\/yoast.com\/product\/yoast-seo-wordpress\/ -->\n<title>Elektrini\u0173 transporto priemoni\u0173 taryba u\u017emu\u0161a produktyvumo komisijos kvietim\u0105 nutraukti EV paskatas - Eautomobiliai.lt<\/title>\n<meta name=\"robots\" content=\"index, follow, max-snippet:-1, max-image-preview:large, max-video-preview:-1\" \/>\n<link rel=\"canonical\" href=\"http:\/\/eautomobiliai.lt\/index.php\/2025\/08\/06\/elektriniu-transporto-priemoniu-taryba-uzmusa-produktyvumo-komisijos-kvietima-nutraukti-ev-paskatas\/\" \/>\n<meta property=\"og:locale\" content=\"lt_LT\" \/>\n<meta property=\"og:type\" content=\"article\" \/>\n<meta property=\"og:title\" content=\"Elektrini\u0173 transporto priemoni\u0173 taryba u\u017emu\u0161a produktyvumo komisijos kvietim\u0105 nutraukti EV paskatas - Eautomobiliai.lt\" \/>\n<meta property=\"og:description\" content=\"Australijos elektromobili\u0173 taryba (EVC) atsitrauk\u0117 nuo produktyvumo komisijos raginimo palaipsniui panaikinti konkre\u010dias elektromobili\u0173 (EV) paskatas, sakydamas, kad toks \u017eingsnis gali&hellip;\" \/>\n<meta property=\"og:url\" content=\"http:\/\/eautomobiliai.lt\/index.php\/2025\/08\/06\/elektriniu-transporto-priemoniu-taryba-uzmusa-produktyvumo-komisijos-kvietima-nutraukti-ev-paskatas\/\" \/>\n<meta property=\"og:site_name\" content=\"Eautomobiliai.lt\" \/>\n<meta property=\"article:published_time\" content=\"2025-08-06T03:27:52+00:00\" \/>\n<meta property=\"og:image\" content=\"http:\/\/eautomobiliai.lt\/wp-content\/uploads\/2025\/08\/Elektriniu-transporto-priemoniu-taryba-uzmusa-produktyvumo-komisijos-kvietima-nutraukti-EV.jpg\" \/>\n\t<meta property=\"og:image:width\" content=\"1280\" \/>\n\t<meta property=\"og:image:height\" content=\"670\" \/>\n\t<meta property=\"og:image:type\" content=\"image\/jpeg\" \/>\n<meta name=\"author\" content=\"admin\" \/>\n<meta name=\"twitter:card\" content=\"summary_large_image\" \/>\n<meta name=\"twitter:label1\" content=\"Written by\" \/>\n\t<meta name=\"twitter:data1\" content=\"admin\" \/>\n\t<meta name=\"twitter:label2\" content=\"Est. reading time\" \/>\n\t<meta name=\"twitter:data2\" content=\"2 minut\u0117s\" \/>\n<script type=\"application\/ld+json\" class=\"yoast-schema-graph\">{\"@context\":\"https:\/\/schema.org\",\"@graph\":[{\"@type\":\"Article\",\"@id\":\"http:\/\/eautomobiliai.lt\/index.php\/2025\/08\/06\/elektriniu-transporto-priemoniu-taryba-uzmusa-produktyvumo-komisijos-kvietima-nutraukti-ev-paskatas\/#article\",\"isPartOf\":{\"@id\":\"http:\/\/eautomobiliai.lt\/index.php\/2025\/08\/06\/elektriniu-transporto-priemoniu-taryba-uzmusa-produktyvumo-komisijos-kvietima-nutraukti-ev-paskatas\/\"},\"author\":{\"name\":\"admin\",\"@id\":\"https:\/\/eautomobiliai.lt\/#\/schema\/person\/ecf2a967f361217d056061f74deb92f2\"},\"headline\":\"Elektrini\u0173 transporto priemoni\u0173 taryba u\u017emu\u0161a produktyvumo komisijos kvietim\u0105 nutraukti EV paskatas\",\"datePublished\":\"2025-08-06T03:27:52+00:00\",\"mainEntityOfPage\":{\"@id\":\"http:\/\/eautomobiliai.lt\/index.php\/2025\/08\/06\/elektriniu-transporto-priemoniu-taryba-uzmusa-produktyvumo-komisijos-kvietima-nutraukti-ev-paskatas\/\"},\"wordCount\":455,\"commentCount\":0,\"image\":{\"@id\":\"http:\/\/eautomobiliai.lt\/index.php\/2025\/08\/06\/elektriniu-transporto-priemoniu-taryba-uzmusa-produktyvumo-komisijos-kvietima-nutraukti-ev-paskatas\/#primaryimage\"},\"thumbnailUrl\":\"http:\/\/eautomobiliai.lt\/wp-content\/uploads\/2025\/08\/Elektriniu-transporto-priemoniu-taryba-uzmusa-produktyvumo-komisijos-kvietima-nutraukti-EV.jpg\",\"keywords\":[\"elektrini\u0173\",\"komisijos\",\"kvietim\u0105\",\"nutraukti\",\"paskatas\",\"priemoni\u0173\",\"produktyvumo\",\"taryba\",\"transporto\",\"u\u017emu\u0161a\"],\"articleSection\":[\"eAUTOMOBILI\u0172 TECHNIN\u0116 PUS\u0116\"],\"inLanguage\":\"lt-LT\",\"potentialAction\":[{\"@type\":\"CommentAction\",\"name\":\"Comment\",\"target\":[\"http:\/\/eautomobiliai.lt\/index.php\/2025\/08\/06\/elektriniu-transporto-priemoniu-taryba-uzmusa-produktyvumo-komisijos-kvietima-nutraukti-ev-paskatas\/#respond\"]}]},{\"@type\":\"WebPage\",\"@id\":\"http:\/\/eautomobiliai.lt\/index.php\/2025\/08\/06\/elektriniu-transporto-priemoniu-taryba-uzmusa-produktyvumo-komisijos-kvietima-nutraukti-ev-paskatas\/\",\"url\":\"http:\/\/eautomobiliai.lt\/index.php\/2025\/08\/06\/elektriniu-transporto-priemoniu-taryba-uzmusa-produktyvumo-komisijos-kvietima-nutraukti-ev-paskatas\/\",\"name\":\"Elektrini\u0173 transporto priemoni\u0173 taryba u\u017emu\u0161a produktyvumo komisijos kvietim\u0105 nutraukti EV paskatas - Eautomobiliai.lt\",\"isPartOf\":{\"@id\":\"https:\/\/eautomobiliai.lt\/#website\"},\"primaryImageOfPage\":{\"@id\":\"http:\/\/eautomobiliai.lt\/index.php\/2025\/08\/06\/elektriniu-transporto-priemoniu-taryba-uzmusa-produktyvumo-komisijos-kvietima-nutraukti-ev-paskatas\/#primaryimage\"},\"image\":{\"@id\":\"http:\/\/eautomobiliai.lt\/index.php\/2025\/08\/06\/elektriniu-transporto-priemoniu-taryba-uzmusa-produktyvumo-komisijos-kvietima-nutraukti-ev-paskatas\/#primaryimage\"},\"thumbnailUrl\":\"http:\/\/eautomobiliai.lt\/wp-content\/uploads\/2025\/08\/Elektriniu-transporto-priemoniu-taryba-uzmusa-produktyvumo-komisijos-kvietima-nutraukti-EV.jpg\",\"datePublished\":\"2025-08-06T03:27:52+00:00\",\"author\":{\"@id\":\"https:\/\/eautomobiliai.lt\/#\/schema\/person\/ecf2a967f361217d056061f74deb92f2\"},\"breadcrumb\":{\"@id\":\"http:\/\/eautomobiliai.lt\/index.php\/2025\/08\/06\/elektriniu-transporto-priemoniu-taryba-uzmusa-produktyvumo-komisijos-kvietima-nutraukti-ev-paskatas\/#breadcrumb\"},\"inLanguage\":\"lt-LT\",\"potentialAction\":[{\"@type\":\"ReadAction\",\"target\":[\"http:\/\/eautomobiliai.lt\/index.php\/2025\/08\/06\/elektriniu-transporto-priemoniu-taryba-uzmusa-produktyvumo-komisijos-kvietima-nutraukti-ev-paskatas\/\"]}]},{\"@type\":\"ImageObject\",\"inLanguage\":\"lt-LT\",\"@id\":\"http:\/\/eautomobiliai.lt\/index.php\/2025\/08\/06\/elektriniu-transporto-priemoniu-taryba-uzmusa-produktyvumo-komisijos-kvietima-nutraukti-ev-paskatas\/#primaryimage\",\"url\":\"http:\/\/eautomobiliai.lt\/wp-content\/uploads\/2025\/08\/Elektriniu-transporto-priemoniu-taryba-uzmusa-produktyvumo-komisijos-kvietima-nutraukti-EV.jpg\",\"contentUrl\":\"http:\/\/eautomobiliai.lt\/wp-content\/uploads\/2025\/08\/Elektriniu-transporto-priemoniu-taryba-uzmusa-produktyvumo-komisijos-kvietima-nutraukti-EV.jpg\",\"width\":1280,\"height\":670},{\"@type\":\"BreadcrumbList\",\"@id\":\"http:\/\/eautomobiliai.lt\/index.php\/2025\/08\/06\/elektriniu-transporto-priemoniu-taryba-uzmusa-produktyvumo-komisijos-kvietima-nutraukti-ev-paskatas\/#breadcrumb\",\"itemListElement\":[{\"@type\":\"ListItem\",\"position\":1,\"name\":\"Home\",\"item\":\"https:\/\/eautomobiliai.lt\/\"},{\"@type\":\"ListItem\",\"position\":2,\"name\":\"Elektrini\u0173 transporto priemoni\u0173 taryba u\u017emu\u0161a produktyvumo komisijos kvietim\u0105 nutraukti EV paskatas\"}]},{\"@type\":\"WebSite\",\"@id\":\"https:\/\/eautomobiliai.lt\/#website\",\"url\":\"https:\/\/eautomobiliai.lt\/\",\"name\":\"Eautomobiliai.lt\",\"description\":\"Elektrinis transportas, technologijos\",\"potentialAction\":[{\"@type\":\"SearchAction\",\"target\":{\"@type\":\"EntryPoint\",\"urlTemplate\":\"https:\/\/eautomobiliai.lt\/?s={search_term_string}\"},\"query-input\":{\"@type\":\"PropertyValueSpecification\",\"valueRequired\":true,\"valueName\":\"search_term_string\"}}],\"inLanguage\":\"lt-LT\"},{\"@type\":\"Person\",\"@id\":\"https:\/\/eautomobiliai.lt\/#\/schema\/person\/ecf2a967f361217d056061f74deb92f2\",\"name\":\"admin\",\"image\":{\"@type\":\"ImageObject\",\"inLanguage\":\"lt-LT\",\"@id\":\"https:\/\/eautomobiliai.lt\/#\/schema\/person\/image\/\",\"url\":\"https:\/\/secure.gravatar.com\/avatar\/6323379efae0c70c686c7905444d6bbd?s=96&d=mm&r=g\",\"contentUrl\":\"https:\/\/secure.gravatar.com\/avatar\/6323379efae0c70c686c7905444d6bbd?s=96&d=mm&r=g\",\"caption\":\"admin\"},\"sameAs\":[\"http:\/\/eautomobiliai.lt\"],\"url\":\"http:\/\/eautomobiliai.lt\/index.php\/author\/admin\/\"}]}<\/script>\n<!-- \/ Yoast SEO plugin. -->","yoast_head_json":{"title":"Elektrini\u0173 transporto priemoni\u0173 taryba u\u017emu\u0161a produktyvumo komisijos kvietim\u0105 nutraukti EV paskatas - Eautomobiliai.lt","robots":{"index":"index","follow":"follow","max-snippet":"max-snippet:-1","max-image-preview":"max-image-preview:large","max-video-preview":"max-video-preview:-1"},"canonical":"http:\/\/eautomobiliai.lt\/index.php\/2025\/08\/06\/elektriniu-transporto-priemoniu-taryba-uzmusa-produktyvumo-komisijos-kvietima-nutraukti-ev-paskatas\/","og_locale":"lt_LT","og_type":"article","og_title":"Elektrini\u0173 transporto priemoni\u0173 taryba u\u017emu\u0161a produktyvumo komisijos kvietim\u0105 nutraukti EV paskatas - Eautomobiliai.lt","og_description":"Australijos elektromobili\u0173 taryba (EVC) atsitrauk\u0117 nuo produktyvumo komisijos raginimo palaipsniui panaikinti konkre\u010dias elektromobili\u0173 (EV) paskatas, sakydamas, kad toks \u017eingsnis gali&hellip;","og_url":"http:\/\/eautomobiliai.lt\/index.php\/2025\/08\/06\/elektriniu-transporto-priemoniu-taryba-uzmusa-produktyvumo-komisijos-kvietima-nutraukti-ev-paskatas\/","og_site_name":"Eautomobiliai.lt","article_published_time":"2025-08-06T03:27:52+00:00","og_image":[{"width":1280,"height":670,"url":"http:\/\/eautomobiliai.lt\/wp-content\/uploads\/2025\/08\/Elektriniu-transporto-priemoniu-taryba-uzmusa-produktyvumo-komisijos-kvietima-nutraukti-EV.jpg","type":"image\/jpeg"}],"author":"admin","twitter_card":"summary_large_image","twitter_misc":{"Written by":"admin","Est. reading time":"2 minut\u0117s"},"schema":{"@context":"https:\/\/schema.org","@graph":[{"@type":"Article","@id":"http:\/\/eautomobiliai.lt\/index.php\/2025\/08\/06\/elektriniu-transporto-priemoniu-taryba-uzmusa-produktyvumo-komisijos-kvietima-nutraukti-ev-paskatas\/#article","isPartOf":{"@id":"http:\/\/eautomobiliai.lt\/index.php\/2025\/08\/06\/elektriniu-transporto-priemoniu-taryba-uzmusa-produktyvumo-komisijos-kvietima-nutraukti-ev-paskatas\/"},"author":{"name":"admin","@id":"https:\/\/eautomobiliai.lt\/#\/schema\/person\/ecf2a967f361217d056061f74deb92f2"},"headline":"Elektrini\u0173 transporto priemoni\u0173 taryba u\u017emu\u0161a produktyvumo komisijos kvietim\u0105 nutraukti EV paskatas","datePublished":"2025-08-06T03:27:52+00:00","mainEntityOfPage":{"@id":"http:\/\/eautomobiliai.lt\/index.php\/2025\/08\/06\/elektriniu-transporto-priemoniu-taryba-uzmusa-produktyvumo-komisijos-kvietima-nutraukti-ev-paskatas\/"},"wordCount":455,"commentCount":0,"image":{"@id":"http:\/\/eautomobiliai.lt\/index.php\/2025\/08\/06\/elektriniu-transporto-priemoniu-taryba-uzmusa-produktyvumo-komisijos-kvietima-nutraukti-ev-paskatas\/#primaryimage"},"thumbnailUrl":"http:\/\/eautomobiliai.lt\/wp-content\/uploads\/2025\/08\/Elektriniu-transporto-priemoniu-taryba-uzmusa-produktyvumo-komisijos-kvietima-nutraukti-EV.jpg","keywords":["elektrini\u0173","komisijos","kvietim\u0105","nutraukti","paskatas","priemoni\u0173","produktyvumo","taryba","transporto","u\u017emu\u0161a"],"articleSection":["eAUTOMOBILI\u0172 TECHNIN\u0116 PUS\u0116"],"inLanguage":"lt-LT","potentialAction":[{"@type":"CommentAction","name":"Comment","target":["http:\/\/eautomobiliai.lt\/index.php\/2025\/08\/06\/elektriniu-transporto-priemoniu-taryba-uzmusa-produktyvumo-komisijos-kvietima-nutraukti-ev-paskatas\/#respond"]}]},{"@type":"WebPage","@id":"http:\/\/eautomobiliai.lt\/index.php\/2025\/08\/06\/elektriniu-transporto-priemoniu-taryba-uzmusa-produktyvumo-komisijos-kvietima-nutraukti-ev-paskatas\/","url":"http:\/\/eautomobiliai.lt\/index.php\/2025\/08\/06\/elektriniu-transporto-priemoniu-taryba-uzmusa-produktyvumo-komisijos-kvietima-nutraukti-ev-paskatas\/","name":"Elektrini\u0173 transporto priemoni\u0173 taryba u\u017emu\u0161a produktyvumo komisijos kvietim\u0105 nutraukti EV paskatas - Eautomobiliai.lt","isPartOf":{"@id":"https:\/\/eautomobiliai.lt\/#website"},"primaryImageOfPage":{"@id":"http:\/\/eautomobiliai.lt\/index.php\/2025\/08\/06\/elektriniu-transporto-priemoniu-taryba-uzmusa-produktyvumo-komisijos-kvietima-nutraukti-ev-paskatas\/#primaryimage"},"image":{"@id":"http:\/\/eautomobiliai.lt\/index.php\/2025\/08\/06\/elektriniu-transporto-priemoniu-taryba-uzmusa-produktyvumo-komisijos-kvietima-nutraukti-ev-paskatas\/#primaryimage"},"thumbnailUrl":"http:\/\/eautomobiliai.lt\/wp-content\/uploads\/2025\/08\/Elektriniu-transporto-priemoniu-taryba-uzmusa-produktyvumo-komisijos-kvietima-nutraukti-EV.jpg","datePublished":"2025-08-06T03:27:52+00:00","author":{"@id":"https:\/\/eautomobiliai.lt\/#\/schema\/person\/ecf2a967f361217d056061f74deb92f2"},"breadcrumb":{"@id":"http:\/\/eautomobiliai.lt\/index.php\/2025\/08\/06\/elektriniu-transporto-priemoniu-taryba-uzmusa-produktyvumo-komisijos-kvietima-nutraukti-ev-paskatas\/#breadcrumb"},"inLanguage":"lt-LT","potentialAction":[{"@type":"ReadAction","target":["http:\/\/eautomobiliai.lt\/index.php\/2025\/08\/06\/elektriniu-transporto-priemoniu-taryba-uzmusa-produktyvumo-komisijos-kvietima-nutraukti-ev-paskatas\/"]}]},{"@type":"ImageObject","inLanguage":"lt-LT","@id":"http:\/\/eautomobiliai.lt\/index.php\/2025\/08\/06\/elektriniu-transporto-priemoniu-taryba-uzmusa-produktyvumo-komisijos-kvietima-nutraukti-ev-paskatas\/#primaryimage","url":"http:\/\/eautomobiliai.lt\/wp-content\/uploads\/2025\/08\/Elektriniu-transporto-priemoniu-taryba-uzmusa-produktyvumo-komisijos-kvietima-nutraukti-EV.jpg","contentUrl":"http:\/\/eautomobiliai.lt\/wp-content\/uploads\/2025\/08\/Elektriniu-transporto-priemoniu-taryba-uzmusa-produktyvumo-komisijos-kvietima-nutraukti-EV.jpg","width":1280,"height":670},{"@type":"BreadcrumbList","@id":"http:\/\/eautomobiliai.lt\/index.php\/2025\/08\/06\/elektriniu-transporto-priemoniu-taryba-uzmusa-produktyvumo-komisijos-kvietima-nutraukti-ev-paskatas\/#breadcrumb","itemListElement":[{"@type":"ListItem","position":1,"name":"Home","item":"https:\/\/eautomobiliai.lt\/"},{"@type":"ListItem","position":2,"name":"Elektrini\u0173 transporto priemoni\u0173 taryba u\u017emu\u0161a produktyvumo komisijos kvietim\u0105 nutraukti EV paskatas"}]},{"@type":"WebSite","@id":"https:\/\/eautomobiliai.lt\/#website","url":"https:\/\/eautomobiliai.lt\/","name":"Eautomobiliai.lt","description":"Elektrinis transportas, technologijos","potentialAction":[{"@type":"SearchAction","target":{"@type":"EntryPoint","urlTemplate":"https:\/\/eautomobiliai.lt\/?s={search_term_string}"},"query-input":{"@type":"PropertyValueSpecification","valueRequired":true,"valueName":"search_term_string"}}],"inLanguage":"lt-LT"},{"@type":"Person","@id":"https:\/\/eautomobiliai.lt\/#\/schema\/person\/ecf2a967f361217d056061f74deb92f2","name":"admin","image":{"@type":"ImageObject","inLanguage":"lt-LT","@id":"https:\/\/eautomobiliai.lt\/#\/schema\/person\/image\/","url":"https:\/\/secure.gravatar.com\/avatar\/6323379efae0c70c686c7905444d6bbd?s=96&d=mm&r=g","contentUrl":"https:\/\/secure.gravatar.com\/avatar\/6323379efae0c70c686c7905444d6bbd?s=96&d=mm&r=g","caption":"admin"},"sameAs":["http:\/\/eautomobiliai.lt"],"url":"http:\/\/eautomobiliai.lt\/index.php\/author\/admin\/"}]}},"_links":{"self":[{"href":"http:\/\/eautomobiliai.lt\/index.php\/wp-json\/wp\/v2\/posts\/1706","targetHints":{"allow":["GET"]}}],"collection":[{"href":"http:\/\/eautomobiliai.lt\/index.php\/wp-json\/wp\/v2\/posts"}],"about":[{"href":"http:\/\/eautomobiliai.lt\/index.php\/wp-json\/wp\/v2\/types\/post"}],"author":[{"embeddable":true,"href":"http:\/\/eautomobiliai.lt\/index.php\/wp-json\/wp\/v2\/users\/1"}],"replies":[{"embeddable":true,"href":"http:\/\/eautomobiliai.lt\/index.php\/wp-json\/wp\/v2\/comments?post=1706"}],"version-history":[{"count":0,"href":"http:\/\/eautomobiliai.lt\/index.php\/wp-json\/wp\/v2\/posts\/1706\/revisions"}],"wp:featuredmedia":[{"embeddable":true,"href":"http:\/\/eautomobiliai.lt\/index.php\/wp-json\/wp\/v2\/media\/1707"}],"wp:attachment":[{"href":"http:\/\/eautomobiliai.lt\/index.php\/wp-json\/wp\/v2\/media?parent=1706"}],"wp:term":[{"taxonomy":"category","embeddable":true,"href":"http:\/\/eautomobiliai.lt\/index.php\/wp-json\/wp\/v2\/categories?post=1706"},{"taxonomy":"post_tag","embeddable":true,"href":"http:\/\/eautomobiliai.lt\/index.php\/wp-json\/wp\/v2\/tags?post=1706"}],"curies":[{"name":"wp","href":"https:\/\/api.w.org\/{rel}","templated":true}]}}