{"id":1710,"date":"2025-08-06T11:28:25","date_gmt":"2025-08-06T11:28:25","guid":{"rendered":"https:\/\/eautomobiliai.lt\/index.php\/2025\/08\/06\/busimas-tesla-modelis-y-6-vietu-pastebetas-bandymas-gamtoje\/"},"modified":"2025-08-06T11:28:25","modified_gmt":"2025-08-06T11:28:25","slug":"busimas-tesla-modelis-y-6-vietu-pastebetas-bandymas-gamtoje","status":"publish","type":"post","link":"http:\/\/eautomobiliai.lt\/index.php\/2025\/08\/06\/busimas-tesla-modelis-y-6-vietu-pastebetas-bandymas-gamtoje\/","title":{"rendered":"B\u016bsimas \u201eTesla\u201c modelis Y 6 viet\u0173 pasteb\u0117tas bandymas gamtoje"},"content":{"rendered":"<p> <br \/>\n<\/p>\n<div id=\"\">\n<p><span style=\"font-weight: 400;\">Anks\u010diau \u0161iais metais Kinijos prane\u0161imuose teigiama, kad \u201eTesla\u201c \u0160anchajaus gamykla ateinan\u010diais m\u0117nesiais ketina prad\u0117ti gaminti nauj\u0105 7 viet\u0173 \u201eTesla\u201c modelio Y versij\u0105. Tada pra\u0117jus\u012f m\u0117nes\u012f \u201eTesla\u201c oficialiai erzino model\u012f savo \u201eWeibo\u201c puslapyje su \u0161oninio profilio atvaizdu. <\/span><\/p>\n<p><span style=\"font-weight: 400;\">Dabar viena i\u0161 ankstyv\u0173j\u0173 bandom\u0173j\u0173 transporto priemoni\u0173 buvo pasteb\u0117ta bandymais \u0161iaur\u0117s vakar\u0173 Kinijoje, u\u017esimenant apie art\u0117jant\u012f paleidim\u0105.<\/span><\/p>\n<p><span style=\"font-weight: 400;\">Naujausi\u0105 \u201eSakuragi0_0\u201c dalijosi X ir parodytas u\u017edengtas Y modelis greitkelyje Xinjiang Kinijoje.<\/span><\/p>\n<p><span style=\"font-weight: 400;\">Automobilio galas yra ilgesnis, ypa\u010d u\u017e \u201eC-Pillar\u201c. \u0160i bandomoji transporto priemon\u0117 taip pat rodo naujus ratus, kuri\u0173 mes tikim\u0117s \u0161iame modelyje, atsi\u017evelgiant \u012f anks\u010diau i\u0161leistas reguliavimo patvirtinimo nuotraukas.<\/span><\/p>\n<p><span style=\"font-weight: 400;\">Tikimasi, kad tai bus pats erdviausias visureigis, kur\u012f \u201eTesla\u201c padar\u0117 savo \u0160anchajaus gamykloje, ateinan\u010diomis savait\u0117mis pradin\u0117 gamyba nustatyta Kinijos rinkai.<\/span><\/p>\n<figure id=\"attachment_189536\" aria-describedby=\"caption-attachment-189536\" style=\"width: 1200px\" class=\"wp-caption aligncenter\"><img loading=\"lazy\" decoding=\"async\" class=\"size-full wp-image-189536\" src=\"https:\/\/thedriven.io\/wp-content\/uploads\/2025\/08\/Tesla-Model-Y-L-Side.jpg\" alt=\"\" width=\"1200\" height=\"900\" srcset=\"https:\/\/thedriven.io\/wp-content\/uploads\/2025\/08\/Tesla-Model-Y-L-Side.jpg 1200w, https:\/\/thedriven.io\/wp-content\/uploads\/2025\/08\/Tesla-Model-Y-L-Side-388x291.jpg 388w, https:\/\/thedriven.io\/wp-content\/uploads\/2025\/08\/Tesla-Model-Y-L-Side-1160x870.jpg 1160w, https:\/\/thedriven.io\/wp-content\/uploads\/2025\/08\/Tesla-Model-Y-L-Side-380x285.jpg 380w, https:\/\/thedriven.io\/wp-content\/uploads\/2025\/08\/Tesla-Model-Y-L-Side-800x600.jpg 800w, https:\/\/thedriven.io\/wp-content\/uploads\/2025\/08\/Tesla-Model-Y-L-Side-300x225.jpg 300w, https:\/\/thedriven.io\/wp-content\/uploads\/2025\/08\/Tesla-Model-Y-L-Side-120x90.jpg 120w, https:\/\/thedriven.io\/wp-content\/uploads\/2025\/08\/Tesla-Model-Y-L-Side-90x68.jpg 90w, https:\/\/thedriven.io\/wp-content\/uploads\/2025\/08\/Tesla-Model-Y-L-Side-320x240.jpg 320w, https:\/\/thedriven.io\/wp-content\/uploads\/2025\/08\/Tesla-Model-Y-L-Side-560x420.jpg 560w, https:\/\/thedriven.io\/wp-content\/uploads\/2025\/08\/Tesla-Model-Y-L-Side-150x113.jpg 150w, https:\/\/thedriven.io\/wp-content\/uploads\/2025\/08\/Tesla-Model-Y-L-Side-760x570.jpg 760w, https:\/\/thedriven.io\/wp-content\/uploads\/2025\/08\/Tesla-Model-Y-L-Side-600x450.jpg 600w, https:\/\/thedriven.io\/wp-content\/uploads\/2025\/08\/Tesla-Model-Y-L-Side-240x180.jpg 240w, https:\/\/thedriven.io\/wp-content\/uploads\/2025\/08\/Tesla-Model-Y-L-Side-180x136.jpg 180w, https:\/\/thedriven.io\/wp-content\/uploads\/2025\/08\/Tesla-Model-Y-L-Side-640x480.jpg 640w, https:\/\/thedriven.io\/wp-content\/uploads\/2025\/08\/Tesla-Model-Y-L-Side-1120x840.jpg 1120w\" sizes=\"auto, (max-width: 1160px) 100vw, 1160px\"\/><figcaption id=\"caption-attachment-189536\" class=\"wp-caption-text\">Vaizdas: \u201eTesla China\u201c<\/figcaption><\/figure>\n<p><span style=\"font-weight: 400;\">Naujausi reguliavimo duomenys u\u017esimin\u0117, kad \u0161is modelis bus 186 mm ilgesnis nei standartinis Y modelis, tod\u0117l bendro automobilio ilgis padid\u0117s iki 4 976 mm. Tai daugiausia lemia i\u0161pl\u0117stin\u0117 \u0161iame modelyje rasta rat\u0173 baz\u0117.<\/span><\/p>\n<p><span style=\"font-weight: 400;\">Kiti naujojo automobilio tik\u0117tini pakeitimai yra naujas galinio spoileris, naujas auksini\u0173 da\u017e\u0173 parinktis ir patobulintos s\u0117dyn\u0117s i\u0161 vidaus.<\/span><\/p>\n<p><span style=\"font-weight: 400;\">Naujausi Kinijos prane\u0161imuose teigiama, kad \u0161is specialus modelis jau buvo prad\u0117tas nuo pirmojo 6 viet\u0173 modelio Y modelio, nukreipto nuo gamybos linijos \u201eTesla\u201c \u0160anchajaus gigafactory.<\/span><\/p>\n<p><span style=\"font-weight: 400;\">Dabar tai gali b\u016bti patvirtinta, kad bandomoji transporto priemon\u0117 yra laukin\u0117je gamtoje, atliekant or\u0173 ir auk\u0161\u010dio bandymus.<\/span><\/p>\n<figure id=\"attachment_189538\" aria-describedby=\"caption-attachment-189538\" style=\"width: 1200px\" class=\"wp-caption aligncenter\"><img decoding=\"async\" class=\"size-full wp-image-189538 native-lazyload-js-fallback\" alt=\"\" width=\"1200\" height=\"774\" loading=\"lazy\" src=\"https:\/\/b2232832.smushcdn.com\/2232832\/wp-content\/uploads\/2025\/08\/Tesla-Model-Y-L-Front.jpg?lossy=1&amp;strip=0&amp;webp=1\" srcset=\"https:\/\/b2232832.smushcdn.com\/2232832\/wp-content\/uploads\/2025\/08\/Tesla-Model-Y-L-Front.jpg?lossy=1&amp;strip=0&amp;webp=1 1200w, https:\/\/b2232832.smushcdn.com\/2232832\/wp-content\/uploads\/2025\/08\/Tesla-Model-Y-L-Front-388x250.jpg?lossy=1&amp;strip=0&amp;webp=1 388w, https:\/\/b2232832.smushcdn.com\/2232832\/wp-content\/uploads\/2025\/08\/Tesla-Model-Y-L-Front-1160x748.jpg?lossy=1&amp;strip=0&amp;webp=1 1160w, https:\/\/b2232832.smushcdn.com\/2232832\/wp-content\/uploads\/2025\/08\/Tesla-Model-Y-L-Front-800x516.jpg?lossy=1&amp;strip=0&amp;webp=1 800w, https:\/\/b2232832.smushcdn.com\/2232832\/wp-content\/uploads\/2025\/08\/Tesla-Model-Y-L-Front-120x77.jpg?lossy=1&amp;strip=0&amp;webp=1 120w, https:\/\/b2232832.smushcdn.com\/2232832\/wp-content\/uploads\/2025\/08\/Tesla-Model-Y-L-Front-90x58.jpg?lossy=1&amp;strip=0&amp;webp=1 90w, https:\/\/b2232832.smushcdn.com\/2232832\/wp-content\/uploads\/2025\/08\/Tesla-Model-Y-L-Front-320x206.jpg?lossy=1&amp;strip=0&amp;webp=1 320w, https:\/\/b2232832.smushcdn.com\/2232832\/wp-content\/uploads\/2025\/08\/Tesla-Model-Y-L-Front-560x361.jpg?lossy=1&amp;strip=0&amp;webp=1 560w, https:\/\/b2232832.smushcdn.com\/2232832\/wp-content\/uploads\/2025\/08\/Tesla-Model-Y-L-Front-150x97.jpg?lossy=1&amp;strip=0&amp;webp=1 150w, https:\/\/b2232832.smushcdn.com\/2232832\/wp-content\/uploads\/2025\/08\/Tesla-Model-Y-L-Front-240x155.jpg?lossy=1&amp;strip=0&amp;webp=1 240w, https:\/\/b2232832.smushcdn.com\/2232832\/wp-content\/uploads\/2025\/08\/Tesla-Model-Y-L-Front-180x116.jpg?lossy=1&amp;strip=0&amp;webp=1 180w, https:\/\/b2232832.smushcdn.com\/2232832\/wp-content\/uploads\/2025\/08\/Tesla-Model-Y-L-Front-640x413.jpg?lossy=1&amp;strip=0&amp;webp=1 640w, https:\/\/b2232832.smushcdn.com\/2232832\/wp-content\/uploads\/2025\/08\/Tesla-Model-Y-L-Front-1120x722.jpg?lossy=1&amp;strip=0&amp;webp=1 1120w, https:\/\/b2232832.smushcdn.com\/2232832\/wp-content\/uploads\/2025\/08\/Tesla-Model-Y-L-Front-300x194.jpg?lossy=1&amp;strip=0&amp;webp=1 300w\" data-sizes=\"(max-width: 1160px) 100vw, 1160px\"\/><img loading=\"lazy\" decoding=\"async\" class=\"size-full wp-image-189538\" src=\"https:\/\/thedriven.io\/wp-content\/uploads\/2025\/08\/Tesla-Model-Y-L-Front.jpg\" alt=\"\" width=\"1200\" height=\"774\" srcset=\"https:\/\/thedriven.io\/wp-content\/uploads\/2025\/08\/Tesla-Model-Y-L-Front.jpg 1200w, https:\/\/thedriven.io\/wp-content\/uploads\/2025\/08\/Tesla-Model-Y-L-Front-388x250.jpg 388w, https:\/\/thedriven.io\/wp-content\/uploads\/2025\/08\/Tesla-Model-Y-L-Front-1160x748.jpg 1160w, https:\/\/thedriven.io\/wp-content\/uploads\/2025\/08\/Tesla-Model-Y-L-Front-800x516.jpg 800w, https:\/\/thedriven.io\/wp-content\/uploads\/2025\/08\/Tesla-Model-Y-L-Front-120x77.jpg 120w, https:\/\/thedriven.io\/wp-content\/uploads\/2025\/08\/Tesla-Model-Y-L-Front-90x58.jpg 90w, https:\/\/thedriven.io\/wp-content\/uploads\/2025\/08\/Tesla-Model-Y-L-Front-320x206.jpg 320w, https:\/\/thedriven.io\/wp-content\/uploads\/2025\/08\/Tesla-Model-Y-L-Front-560x361.jpg 560w, https:\/\/thedriven.io\/wp-content\/uploads\/2025\/08\/Tesla-Model-Y-L-Front-150x97.jpg 150w, https:\/\/thedriven.io\/wp-content\/uploads\/2025\/08\/Tesla-Model-Y-L-Front-240x155.jpg 240w, https:\/\/thedriven.io\/wp-content\/uploads\/2025\/08\/Tesla-Model-Y-L-Front-180x116.jpg 180w, https:\/\/thedriven.io\/wp-content\/uploads\/2025\/08\/Tesla-Model-Y-L-Front-640x413.jpg 640w, https:\/\/thedriven.io\/wp-content\/uploads\/2025\/08\/Tesla-Model-Y-L-Front-1120x722.jpg 1120w, https:\/\/thedriven.io\/wp-content\/uploads\/2025\/08\/Tesla-Model-Y-L-Front-300x194.jpg 300w\" sizes=\"auto, (max-width: 1160px) 100vw, 1160px\"\/><figcaption id=\"caption-attachment-189538\" class=\"wp-caption-text\">Vaizdas: MIIT<\/figcaption><\/figure>\n<p><span style=\"font-weight: 400;\">\u0160iais metais buvo pateikta daugyb\u0117 prane\u0161im\u0173 apie 6 ar 7 viet\u0173 modelio versijos k\u016brim\u0105. Daugelis i\u0161 j\u0173 pasi\u016bl\u0117, kad jis pirmiausia bus paleistas \u012f Kinij\u0105, prie\u0161 bet kokius planus, kad ji bus prieinama kitose rinkose.<\/span><\/p>\n<p><span style=\"font-weight: 400;\">\u0160iuo metu Australijoje yra keletas elektrini\u0173 modeli\u0173 su 7 vietomis, tod\u0117l kai kurie \u0161eimos automobili\u0173 pirk\u0117jai nusipirko EV. <\/span><\/p>\n<p><span style=\"font-weight: 400;\">Tikimasi, kad 6 ir 7 viet\u0173 EV modeli\u0173 s\u0105ra\u0161as augs naudojant dabartinius modelius, tokius kaip \u201eKia EV9\u201c, \u201eZeekr 009\u201c, \u201eVolvo EX90\u201c, \u201eHyundai Ioniq 9\u201c ir potencialiai net naujasis \u201eTesla\u201c modelis Y 6 viet\u0173 per ateinan\u010dius 12 m\u0117nesi\u0173. <\/span><\/p>\n<p><span style=\"font-weight: 400;\">Kai kuriems \u0161eimos automobili\u0173 pirk\u0117jams gali b\u016bti patrauklus naujasis \u201eTesla\u201c modelis Y modelis 6 viet\u0173 konfig\u016bracijoje, ypa\u010d atsi\u017evelgiant \u012f tai, kad jis tur\u0117s prieig\u0105 prie savo stipraus kompresori\u0173 tinklo. Tai leist\u0173 \u0161eimos kelion\u0117ms keliais naujame \u201eY\u201c modelyje, o daugiau viet\u0173 b\u016bt\u0173 daug lengviau. <\/span><\/p>\n<figure id=\"attachment_189535\" aria-describedby=\"caption-attachment-189535\" style=\"width: 1200px\" class=\"wp-caption aligncenter\"><img decoding=\"async\" class=\"size-full wp-image-189535 native-lazyload-js-fallback\" alt=\"\" width=\"1200\" height=\"900\" loading=\"lazy\" src=\"https:\/\/b2232832.smushcdn.com\/2232832\/wp-content\/uploads\/2025\/08\/Tesla-Model-Y-L-Rear-Badge.jpg?lossy=1&amp;strip=0&amp;webp=1\" srcset=\"https:\/\/b2232832.smushcdn.com\/2232832\/wp-content\/uploads\/2025\/08\/Tesla-Model-Y-L-Rear-Badge.jpg?lossy=1&amp;strip=0&amp;webp=1 1200w, https:\/\/b2232832.smushcdn.com\/2232832\/wp-content\/uploads\/2025\/08\/Tesla-Model-Y-L-Rear-Badge-388x291.jpg?lossy=1&amp;strip=0&amp;webp=1 388w, https:\/\/b2232832.smushcdn.com\/2232832\/wp-content\/uploads\/2025\/08\/Tesla-Model-Y-L-Rear-Badge-1160x870.jpg?lossy=1&amp;strip=0&amp;webp=1 1160w, https:\/\/b2232832.smushcdn.com\/2232832\/wp-content\/uploads\/2025\/08\/Tesla-Model-Y-L-Rear-Badge-380x285.jpg?lossy=1&amp;strip=0&amp;webp=1 380w, https:\/\/b2232832.smushcdn.com\/2232832\/wp-content\/uploads\/2025\/08\/Tesla-Model-Y-L-Rear-Badge-800x600.jpg?lossy=1&amp;strip=0&amp;webp=1 800w, https:\/\/b2232832.smushcdn.com\/2232832\/wp-content\/uploads\/2025\/08\/Tesla-Model-Y-L-Rear-Badge-300x225.jpg?lossy=1&amp;strip=0&amp;webp=1 300w, https:\/\/b2232832.smushcdn.com\/2232832\/wp-content\/uploads\/2025\/08\/Tesla-Model-Y-L-Rear-Badge-120x90.jpg?lossy=1&amp;strip=0&amp;webp=1 120w, https:\/\/b2232832.smushcdn.com\/2232832\/wp-content\/uploads\/2025\/08\/Tesla-Model-Y-L-Rear-Badge-90x68.jpg?lossy=1&amp;strip=0&amp;webp=1 90w, https:\/\/b2232832.smushcdn.com\/2232832\/wp-content\/uploads\/2025\/08\/Tesla-Model-Y-L-Rear-Badge-320x240.jpg?lossy=1&amp;strip=0&amp;webp=1 320w, https:\/\/b2232832.smushcdn.com\/2232832\/wp-content\/uploads\/2025\/08\/Tesla-Model-Y-L-Rear-Badge-560x420.jpg?lossy=1&amp;strip=0&amp;webp=1 560w, https:\/\/b2232832.smushcdn.com\/2232832\/wp-content\/uploads\/2025\/08\/Tesla-Model-Y-L-Rear-Badge-150x113.jpg?lossy=1&amp;strip=0&amp;webp=1 150w, https:\/\/b2232832.smushcdn.com\/2232832\/wp-content\/uploads\/2025\/08\/Tesla-Model-Y-L-Rear-Badge-760x570.jpg?lossy=1&amp;strip=0&amp;webp=1 760w, https:\/\/b2232832.smushcdn.com\/2232832\/wp-content\/uploads\/2025\/08\/Tesla-Model-Y-L-Rear-Badge-600x450.jpg?lossy=1&amp;strip=0&amp;webp=1 600w, https:\/\/b2232832.smushcdn.com\/2232832\/wp-content\/uploads\/2025\/08\/Tesla-Model-Y-L-Rear-Badge-240x180.jpg?lossy=1&amp;strip=0&amp;webp=1 240w, https:\/\/b2232832.smushcdn.com\/2232832\/wp-content\/uploads\/2025\/08\/Tesla-Model-Y-L-Rear-Badge-180x136.jpg?lossy=1&amp;strip=0&amp;webp=1 180w, https:\/\/b2232832.smushcdn.com\/2232832\/wp-content\/uploads\/2025\/08\/Tesla-Model-Y-L-Rear-Badge-640x480.jpg?lossy=1&amp;strip=0&amp;webp=1 640w, https:\/\/b2232832.smushcdn.com\/2232832\/wp-content\/uploads\/2025\/08\/Tesla-Model-Y-L-Rear-Badge-1120x840.jpg?lossy=1&amp;strip=0&amp;webp=1 1120w\" data-sizes=\"(max-width: 1160px) 100vw, 1160px\"\/><img loading=\"lazy\" decoding=\"async\" class=\"size-full wp-image-189535\" src=\"https:\/\/thedriven.io\/wp-content\/uploads\/2025\/08\/Tesla-Model-Y-L-Rear-Badge.jpg\" alt=\"\" width=\"1200\" height=\"900\" srcset=\"https:\/\/thedriven.io\/wp-content\/uploads\/2025\/08\/Tesla-Model-Y-L-Rear-Badge.jpg 1200w, https:\/\/thedriven.io\/wp-content\/uploads\/2025\/08\/Tesla-Model-Y-L-Rear-Badge-388x291.jpg 388w, https:\/\/thedriven.io\/wp-content\/uploads\/2025\/08\/Tesla-Model-Y-L-Rear-Badge-1160x870.jpg 1160w, https:\/\/thedriven.io\/wp-content\/uploads\/2025\/08\/Tesla-Model-Y-L-Rear-Badge-380x285.jpg 380w, https:\/\/thedriven.io\/wp-content\/uploads\/2025\/08\/Tesla-Model-Y-L-Rear-Badge-800x600.jpg 800w, https:\/\/thedriven.io\/wp-content\/uploads\/2025\/08\/Tesla-Model-Y-L-Rear-Badge-300x225.jpg 300w, https:\/\/thedriven.io\/wp-content\/uploads\/2025\/08\/Tesla-Model-Y-L-Rear-Badge-120x90.jpg 120w, https:\/\/thedriven.io\/wp-content\/uploads\/2025\/08\/Tesla-Model-Y-L-Rear-Badge-90x68.jpg 90w, https:\/\/thedriven.io\/wp-content\/uploads\/2025\/08\/Tesla-Model-Y-L-Rear-Badge-320x240.jpg 320w, https:\/\/thedriven.io\/wp-content\/uploads\/2025\/08\/Tesla-Model-Y-L-Rear-Badge-560x420.jpg 560w, https:\/\/thedriven.io\/wp-content\/uploads\/2025\/08\/Tesla-Model-Y-L-Rear-Badge-150x113.jpg 150w, https:\/\/thedriven.io\/wp-content\/uploads\/2025\/08\/Tesla-Model-Y-L-Rear-Badge-760x570.jpg 760w, https:\/\/thedriven.io\/wp-content\/uploads\/2025\/08\/Tesla-Model-Y-L-Rear-Badge-600x450.jpg 600w, https:\/\/thedriven.io\/wp-content\/uploads\/2025\/08\/Tesla-Model-Y-L-Rear-Badge-240x180.jpg 240w, https:\/\/thedriven.io\/wp-content\/uploads\/2025\/08\/Tesla-Model-Y-L-Rear-Badge-180x136.jpg 180w, https:\/\/thedriven.io\/wp-content\/uploads\/2025\/08\/Tesla-Model-Y-L-Rear-Badge-640x480.jpg 640w, https:\/\/thedriven.io\/wp-content\/uploads\/2025\/08\/Tesla-Model-Y-L-Rear-Badge-1120x840.jpg 1120w\" sizes=\"auto, (max-width: 1160px) 100vw, 1160px\"\/><figcaption id=\"caption-attachment-189535\" class=\"wp-caption-text\">Vaizdas: MIIT<\/figcaption><\/figure>\n<p><span style=\"font-weight: 400;\">Taip pat tikimasi, kad tai bus vienas efektyviausi\u0173 \u0161eimos visureigi\u0173 rinkoje, jei dabartinis Y modelis yra ka\u017ekas.<\/span><\/p>\n<p><span style=\"font-weight: 400;\">Mes steb\u0117sime naujojo 6 viet\u0173 Y modelio atnaujinimus, nes \u0161is produktas pad\u0117t\u0173 daugiau \u0161eimos visureigi\u0173 pirk\u0117j\u0173 pritraukti \u012f EV.<\/span><\/p>\n<div class=\"saboxplugin-wrap\" itemtype=\"http:\/\/schema.org\/Person\" itemscope=\"\" itemprop=\"author\">\n<div class=\"saboxplugin-tab\">\n<div class=\"saboxplugin-gravatar\"><img decoding=\"async\" width=\"100\" height=\"100\" alt=\"Rizas Akhtar\" itemprop=\"image\" loading=\"lazy\" class=\"native-lazyload-js-fallback\" src=\"https:\/\/b2232832.smushcdn.com\/2232832\/wp-content\/uploads\/2022\/02\/Riz.jpg?lossy=1&amp;strip=0&amp;webp=1\"\/><img loading=\"lazy\" decoding=\"async\" src=\"https:\/\/thedriven.io\/wp-content\/uploads\/2022\/02\/Riz.jpg\" width=\"100\" height=\"100\" alt=\"Rizas Akhtar\" itemprop=\"image\"\/><\/div>\n<div class=\"saboxplugin-desc\">\n<div itemprop=\"description\">\n<p>RIZ yra \u201eCarloop\u201c \u012fk\u016br\u0117jas, \u012fsik\u016br\u0119s Melburne, specializuojasi Australijos EV duomenyse, \u012f\u017evalgos ataskaitose ir tendencijose. Jis yra mechanikos in\u017einierius, prie\u0161 pradedant \u201eCarloop\u201c pirmuosius 7 savo karjeros statybos transporto infrastrukt\u016bros metus. Jis turi aistr\u0105 automobiliams, ypa\u010d EV ir nori pad\u0117ti suma\u017einti transporto i\u0161metim\u0105 Australijoje. \u0160iuo metu jis vairuoja \u201eRed Tesla\u201c model\u012f 3.<\/p>\n<\/div>\n<\/div>\n<\/div>\n<\/div>\n<p><!-- AI CONTENT END 1 --><\/p><\/div>\n<p><br \/>\n<br \/><a href=\"https:\/\/thedriven.io\/2025\/08\/06\/upcoming-teslas-model-y-6-seater-spotted-testing-in-the-wild\/\">Source link <\/a><\/p>\n","protected":false},"excerpt":{"rendered":"<p>Anks\u010diau \u0161iais metais Kinijos prane\u0161imuose teigiama, kad \u201eTesla\u201c \u0160anchajaus gamykla ateinan\u010diais m\u0117nesiais ketina prad\u0117ti gaminti nauj\u0105 7 viet\u0173 \u201eTesla\u201c modelio&hellip;<\/p>\n","protected":false},"author":1,"featured_media":1711,"comment_status":"open","ping_status":"open","sticky":false,"template":"","format":"standard","meta":{"om_disable_all_campaigns":false,"_monsterinsights_skip_tracking":false,"_monsterinsights_sitenote_active":false,"_monsterinsights_sitenote_note":"","_monsterinsights_sitenote_category":0,"footnotes":""},"categories":[39],"tags":[2530,2911,3229,113,2186,14,603],"class_list":["post-1710","post","type-post","status-publish","format-standard","has-post-thumbnail","hentry","category-eautomobiliu-technine-puse","tag-bandymas","tag-busimas","tag-gamtoje","tag-modelis","tag-pastebetas","tag-tesla","tag-vietu"],"aioseo_notices":[],"yoast_head":"<!-- This site is optimized with the Yoast SEO plugin v26.8 - https:\/\/yoast.com\/product\/yoast-seo-wordpress\/ -->\n<title>B\u016bsimas \u201eTesla\u201c modelis Y 6 viet\u0173 pasteb\u0117tas bandymas gamtoje - Eautomobiliai.lt<\/title>\n<meta name=\"robots\" content=\"index, follow, max-snippet:-1, max-image-preview:large, max-video-preview:-1\" \/>\n<link rel=\"canonical\" href=\"http:\/\/eautomobiliai.lt\/index.php\/2025\/08\/06\/busimas-tesla-modelis-y-6-vietu-pastebetas-bandymas-gamtoje\/\" \/>\n<meta property=\"og:locale\" content=\"lt_LT\" \/>\n<meta property=\"og:type\" content=\"article\" \/>\n<meta property=\"og:title\" content=\"B\u016bsimas \u201eTesla\u201c modelis Y 6 viet\u0173 pasteb\u0117tas bandymas gamtoje - Eautomobiliai.lt\" \/>\n<meta property=\"og:description\" content=\"Anks\u010diau \u0161iais metais Kinijos prane\u0161imuose teigiama, kad \u201eTesla\u201c \u0160anchajaus gamykla ateinan\u010diais m\u0117nesiais ketina prad\u0117ti gaminti nauj\u0105 7 viet\u0173 \u201eTesla\u201c modelio&hellip;\" \/>\n<meta property=\"og:url\" content=\"http:\/\/eautomobiliai.lt\/index.php\/2025\/08\/06\/busimas-tesla-modelis-y-6-vietu-pastebetas-bandymas-gamtoje\/\" \/>\n<meta property=\"og:site_name\" content=\"Eautomobiliai.lt\" \/>\n<meta property=\"article:published_time\" content=\"2025-08-06T11:28:25+00:00\" \/>\n<meta property=\"og:image\" content=\"http:\/\/eautomobiliai.lt\/wp-content\/uploads\/2025\/08\/Busimas-\u201eTesla-modelis-Y-6-vietu-pastebetas-bandymas-gamtoje.jpg\" \/>\n\t<meta property=\"og:image:width\" content=\"1200\" \/>\n\t<meta property=\"og:image:height\" content=\"900\" \/>\n\t<meta property=\"og:image:type\" content=\"image\/jpeg\" \/>\n<meta name=\"author\" content=\"admin\" \/>\n<meta name=\"twitter:card\" content=\"summary_large_image\" \/>\n<meta name=\"twitter:label1\" content=\"Written by\" \/>\n\t<meta name=\"twitter:data1\" content=\"admin\" \/>\n\t<meta name=\"twitter:label2\" content=\"Est. reading time\" \/>\n\t<meta name=\"twitter:data2\" content=\"2 minut\u0117s\" \/>\n<script type=\"application\/ld+json\" class=\"yoast-schema-graph\">{\"@context\":\"https:\/\/schema.org\",\"@graph\":[{\"@type\":\"Article\",\"@id\":\"http:\/\/eautomobiliai.lt\/index.php\/2025\/08\/06\/busimas-tesla-modelis-y-6-vietu-pastebetas-bandymas-gamtoje\/#article\",\"isPartOf\":{\"@id\":\"http:\/\/eautomobiliai.lt\/index.php\/2025\/08\/06\/busimas-tesla-modelis-y-6-vietu-pastebetas-bandymas-gamtoje\/\"},\"author\":{\"name\":\"admin\",\"@id\":\"https:\/\/eautomobiliai.lt\/#\/schema\/person\/ecf2a967f361217d056061f74deb92f2\"},\"headline\":\"B\u016bsimas \u201eTesla\u201c modelis Y 6 viet\u0173 pasteb\u0117tas bandymas gamtoje\",\"datePublished\":\"2025-08-06T11:28:25+00:00\",\"mainEntityOfPage\":{\"@id\":\"http:\/\/eautomobiliai.lt\/index.php\/2025\/08\/06\/busimas-tesla-modelis-y-6-vietu-pastebetas-bandymas-gamtoje\/\"},\"wordCount\":486,\"commentCount\":0,\"image\":{\"@id\":\"http:\/\/eautomobiliai.lt\/index.php\/2025\/08\/06\/busimas-tesla-modelis-y-6-vietu-pastebetas-bandymas-gamtoje\/#primaryimage\"},\"thumbnailUrl\":\"http:\/\/eautomobiliai.lt\/wp-content\/uploads\/2025\/08\/Busimas-\u201eTesla-modelis-Y-6-vietu-pastebetas-bandymas-gamtoje.jpg\",\"keywords\":[\"bandymas\",\"B\u016bsimas\",\"gamtoje\",\"modelis\",\"pasteb\u0117tas\",\"Tesla\",\"viet\u0173\"],\"articleSection\":[\"eAUTOMOBILI\u0172 TECHNIN\u0116 PUS\u0116\"],\"inLanguage\":\"lt-LT\",\"potentialAction\":[{\"@type\":\"CommentAction\",\"name\":\"Comment\",\"target\":[\"http:\/\/eautomobiliai.lt\/index.php\/2025\/08\/06\/busimas-tesla-modelis-y-6-vietu-pastebetas-bandymas-gamtoje\/#respond\"]}]},{\"@type\":\"WebPage\",\"@id\":\"http:\/\/eautomobiliai.lt\/index.php\/2025\/08\/06\/busimas-tesla-modelis-y-6-vietu-pastebetas-bandymas-gamtoje\/\",\"url\":\"http:\/\/eautomobiliai.lt\/index.php\/2025\/08\/06\/busimas-tesla-modelis-y-6-vietu-pastebetas-bandymas-gamtoje\/\",\"name\":\"B\u016bsimas \u201eTesla\u201c modelis Y 6 viet\u0173 pasteb\u0117tas bandymas gamtoje - Eautomobiliai.lt\",\"isPartOf\":{\"@id\":\"https:\/\/eautomobiliai.lt\/#website\"},\"primaryImageOfPage\":{\"@id\":\"http:\/\/eautomobiliai.lt\/index.php\/2025\/08\/06\/busimas-tesla-modelis-y-6-vietu-pastebetas-bandymas-gamtoje\/#primaryimage\"},\"image\":{\"@id\":\"http:\/\/eautomobiliai.lt\/index.php\/2025\/08\/06\/busimas-tesla-modelis-y-6-vietu-pastebetas-bandymas-gamtoje\/#primaryimage\"},\"thumbnailUrl\":\"http:\/\/eautomobiliai.lt\/wp-content\/uploads\/2025\/08\/Busimas-\u201eTesla-modelis-Y-6-vietu-pastebetas-bandymas-gamtoje.jpg\",\"datePublished\":\"2025-08-06T11:28:25+00:00\",\"author\":{\"@id\":\"https:\/\/eautomobiliai.lt\/#\/schema\/person\/ecf2a967f361217d056061f74deb92f2\"},\"breadcrumb\":{\"@id\":\"http:\/\/eautomobiliai.lt\/index.php\/2025\/08\/06\/busimas-tesla-modelis-y-6-vietu-pastebetas-bandymas-gamtoje\/#breadcrumb\"},\"inLanguage\":\"lt-LT\",\"potentialAction\":[{\"@type\":\"ReadAction\",\"target\":[\"http:\/\/eautomobiliai.lt\/index.php\/2025\/08\/06\/busimas-tesla-modelis-y-6-vietu-pastebetas-bandymas-gamtoje\/\"]}]},{\"@type\":\"ImageObject\",\"inLanguage\":\"lt-LT\",\"@id\":\"http:\/\/eautomobiliai.lt\/index.php\/2025\/08\/06\/busimas-tesla-modelis-y-6-vietu-pastebetas-bandymas-gamtoje\/#primaryimage\",\"url\":\"http:\/\/eautomobiliai.lt\/wp-content\/uploads\/2025\/08\/Busimas-\u201eTesla-modelis-Y-6-vietu-pastebetas-bandymas-gamtoje.jpg\",\"contentUrl\":\"http:\/\/eautomobiliai.lt\/wp-content\/uploads\/2025\/08\/Busimas-\u201eTesla-modelis-Y-6-vietu-pastebetas-bandymas-gamtoje.jpg\",\"width\":1200,\"height\":900},{\"@type\":\"BreadcrumbList\",\"@id\":\"http:\/\/eautomobiliai.lt\/index.php\/2025\/08\/06\/busimas-tesla-modelis-y-6-vietu-pastebetas-bandymas-gamtoje\/#breadcrumb\",\"itemListElement\":[{\"@type\":\"ListItem\",\"position\":1,\"name\":\"Home\",\"item\":\"https:\/\/eautomobiliai.lt\/\"},{\"@type\":\"ListItem\",\"position\":2,\"name\":\"B\u016bsimas \u201eTesla\u201c modelis Y 6 viet\u0173 pasteb\u0117tas bandymas gamtoje\"}]},{\"@type\":\"WebSite\",\"@id\":\"https:\/\/eautomobiliai.lt\/#website\",\"url\":\"https:\/\/eautomobiliai.lt\/\",\"name\":\"Eautomobiliai.lt\",\"description\":\"Elektrinis transportas, technologijos\",\"potentialAction\":[{\"@type\":\"SearchAction\",\"target\":{\"@type\":\"EntryPoint\",\"urlTemplate\":\"https:\/\/eautomobiliai.lt\/?s={search_term_string}\"},\"query-input\":{\"@type\":\"PropertyValueSpecification\",\"valueRequired\":true,\"valueName\":\"search_term_string\"}}],\"inLanguage\":\"lt-LT\"},{\"@type\":\"Person\",\"@id\":\"https:\/\/eautomobiliai.lt\/#\/schema\/person\/ecf2a967f361217d056061f74deb92f2\",\"name\":\"admin\",\"image\":{\"@type\":\"ImageObject\",\"inLanguage\":\"lt-LT\",\"@id\":\"https:\/\/eautomobiliai.lt\/#\/schema\/person\/image\/\",\"url\":\"https:\/\/secure.gravatar.com\/avatar\/6323379efae0c70c686c7905444d6bbd?s=96&d=mm&r=g\",\"contentUrl\":\"https:\/\/secure.gravatar.com\/avatar\/6323379efae0c70c686c7905444d6bbd?s=96&d=mm&r=g\",\"caption\":\"admin\"},\"sameAs\":[\"http:\/\/eautomobiliai.lt\"],\"url\":\"http:\/\/eautomobiliai.lt\/index.php\/author\/admin\/\"}]}<\/script>\n<!-- \/ Yoast SEO plugin. -->","yoast_head_json":{"title":"B\u016bsimas \u201eTesla\u201c modelis Y 6 viet\u0173 pasteb\u0117tas bandymas gamtoje - Eautomobiliai.lt","robots":{"index":"index","follow":"follow","max-snippet":"max-snippet:-1","max-image-preview":"max-image-preview:large","max-video-preview":"max-video-preview:-1"},"canonical":"http:\/\/eautomobiliai.lt\/index.php\/2025\/08\/06\/busimas-tesla-modelis-y-6-vietu-pastebetas-bandymas-gamtoje\/","og_locale":"lt_LT","og_type":"article","og_title":"B\u016bsimas \u201eTesla\u201c modelis Y 6 viet\u0173 pasteb\u0117tas bandymas gamtoje - Eautomobiliai.lt","og_description":"Anks\u010diau \u0161iais metais Kinijos prane\u0161imuose teigiama, kad \u201eTesla\u201c \u0160anchajaus gamykla ateinan\u010diais m\u0117nesiais ketina prad\u0117ti gaminti nauj\u0105 7 viet\u0173 \u201eTesla\u201c modelio&hellip;","og_url":"http:\/\/eautomobiliai.lt\/index.php\/2025\/08\/06\/busimas-tesla-modelis-y-6-vietu-pastebetas-bandymas-gamtoje\/","og_site_name":"Eautomobiliai.lt","article_published_time":"2025-08-06T11:28:25+00:00","og_image":[{"width":1200,"height":900,"url":"http:\/\/eautomobiliai.lt\/wp-content\/uploads\/2025\/08\/Busimas-\u201eTesla-modelis-Y-6-vietu-pastebetas-bandymas-gamtoje.jpg","type":"image\/jpeg"}],"author":"admin","twitter_card":"summary_large_image","twitter_misc":{"Written by":"admin","Est. reading time":"2 minut\u0117s"},"schema":{"@context":"https:\/\/schema.org","@graph":[{"@type":"Article","@id":"http:\/\/eautomobiliai.lt\/index.php\/2025\/08\/06\/busimas-tesla-modelis-y-6-vietu-pastebetas-bandymas-gamtoje\/#article","isPartOf":{"@id":"http:\/\/eautomobiliai.lt\/index.php\/2025\/08\/06\/busimas-tesla-modelis-y-6-vietu-pastebetas-bandymas-gamtoje\/"},"author":{"name":"admin","@id":"https:\/\/eautomobiliai.lt\/#\/schema\/person\/ecf2a967f361217d056061f74deb92f2"},"headline":"B\u016bsimas \u201eTesla\u201c modelis Y 6 viet\u0173 pasteb\u0117tas bandymas gamtoje","datePublished":"2025-08-06T11:28:25+00:00","mainEntityOfPage":{"@id":"http:\/\/eautomobiliai.lt\/index.php\/2025\/08\/06\/busimas-tesla-modelis-y-6-vietu-pastebetas-bandymas-gamtoje\/"},"wordCount":486,"commentCount":0,"image":{"@id":"http:\/\/eautomobiliai.lt\/index.php\/2025\/08\/06\/busimas-tesla-modelis-y-6-vietu-pastebetas-bandymas-gamtoje\/#primaryimage"},"thumbnailUrl":"http:\/\/eautomobiliai.lt\/wp-content\/uploads\/2025\/08\/Busimas-\u201eTesla-modelis-Y-6-vietu-pastebetas-bandymas-gamtoje.jpg","keywords":["bandymas","B\u016bsimas","gamtoje","modelis","pasteb\u0117tas","Tesla","viet\u0173"],"articleSection":["eAUTOMOBILI\u0172 TECHNIN\u0116 PUS\u0116"],"inLanguage":"lt-LT","potentialAction":[{"@type":"CommentAction","name":"Comment","target":["http:\/\/eautomobiliai.lt\/index.php\/2025\/08\/06\/busimas-tesla-modelis-y-6-vietu-pastebetas-bandymas-gamtoje\/#respond"]}]},{"@type":"WebPage","@id":"http:\/\/eautomobiliai.lt\/index.php\/2025\/08\/06\/busimas-tesla-modelis-y-6-vietu-pastebetas-bandymas-gamtoje\/","url":"http:\/\/eautomobiliai.lt\/index.php\/2025\/08\/06\/busimas-tesla-modelis-y-6-vietu-pastebetas-bandymas-gamtoje\/","name":"B\u016bsimas \u201eTesla\u201c modelis Y 6 viet\u0173 pasteb\u0117tas bandymas gamtoje - Eautomobiliai.lt","isPartOf":{"@id":"https:\/\/eautomobiliai.lt\/#website"},"primaryImageOfPage":{"@id":"http:\/\/eautomobiliai.lt\/index.php\/2025\/08\/06\/busimas-tesla-modelis-y-6-vietu-pastebetas-bandymas-gamtoje\/#primaryimage"},"image":{"@id":"http:\/\/eautomobiliai.lt\/index.php\/2025\/08\/06\/busimas-tesla-modelis-y-6-vietu-pastebetas-bandymas-gamtoje\/#primaryimage"},"thumbnailUrl":"http:\/\/eautomobiliai.lt\/wp-content\/uploads\/2025\/08\/Busimas-\u201eTesla-modelis-Y-6-vietu-pastebetas-bandymas-gamtoje.jpg","datePublished":"2025-08-06T11:28:25+00:00","author":{"@id":"https:\/\/eautomobiliai.lt\/#\/schema\/person\/ecf2a967f361217d056061f74deb92f2"},"breadcrumb":{"@id":"http:\/\/eautomobiliai.lt\/index.php\/2025\/08\/06\/busimas-tesla-modelis-y-6-vietu-pastebetas-bandymas-gamtoje\/#breadcrumb"},"inLanguage":"lt-LT","potentialAction":[{"@type":"ReadAction","target":["http:\/\/eautomobiliai.lt\/index.php\/2025\/08\/06\/busimas-tesla-modelis-y-6-vietu-pastebetas-bandymas-gamtoje\/"]}]},{"@type":"ImageObject","inLanguage":"lt-LT","@id":"http:\/\/eautomobiliai.lt\/index.php\/2025\/08\/06\/busimas-tesla-modelis-y-6-vietu-pastebetas-bandymas-gamtoje\/#primaryimage","url":"http:\/\/eautomobiliai.lt\/wp-content\/uploads\/2025\/08\/Busimas-\u201eTesla-modelis-Y-6-vietu-pastebetas-bandymas-gamtoje.jpg","contentUrl":"http:\/\/eautomobiliai.lt\/wp-content\/uploads\/2025\/08\/Busimas-\u201eTesla-modelis-Y-6-vietu-pastebetas-bandymas-gamtoje.jpg","width":1200,"height":900},{"@type":"BreadcrumbList","@id":"http:\/\/eautomobiliai.lt\/index.php\/2025\/08\/06\/busimas-tesla-modelis-y-6-vietu-pastebetas-bandymas-gamtoje\/#breadcrumb","itemListElement":[{"@type":"ListItem","position":1,"name":"Home","item":"https:\/\/eautomobiliai.lt\/"},{"@type":"ListItem","position":2,"name":"B\u016bsimas \u201eTesla\u201c modelis Y 6 viet\u0173 pasteb\u0117tas bandymas gamtoje"}]},{"@type":"WebSite","@id":"https:\/\/eautomobiliai.lt\/#website","url":"https:\/\/eautomobiliai.lt\/","name":"Eautomobiliai.lt","description":"Elektrinis transportas, technologijos","potentialAction":[{"@type":"SearchAction","target":{"@type":"EntryPoint","urlTemplate":"https:\/\/eautomobiliai.lt\/?s={search_term_string}"},"query-input":{"@type":"PropertyValueSpecification","valueRequired":true,"valueName":"search_term_string"}}],"inLanguage":"lt-LT"},{"@type":"Person","@id":"https:\/\/eautomobiliai.lt\/#\/schema\/person\/ecf2a967f361217d056061f74deb92f2","name":"admin","image":{"@type":"ImageObject","inLanguage":"lt-LT","@id":"https:\/\/eautomobiliai.lt\/#\/schema\/person\/image\/","url":"https:\/\/secure.gravatar.com\/avatar\/6323379efae0c70c686c7905444d6bbd?s=96&d=mm&r=g","contentUrl":"https:\/\/secure.gravatar.com\/avatar\/6323379efae0c70c686c7905444d6bbd?s=96&d=mm&r=g","caption":"admin"},"sameAs":["http:\/\/eautomobiliai.lt"],"url":"http:\/\/eautomobiliai.lt\/index.php\/author\/admin\/"}]}},"_links":{"self":[{"href":"http:\/\/eautomobiliai.lt\/index.php\/wp-json\/wp\/v2\/posts\/1710","targetHints":{"allow":["GET"]}}],"collection":[{"href":"http:\/\/eautomobiliai.lt\/index.php\/wp-json\/wp\/v2\/posts"}],"about":[{"href":"http:\/\/eautomobiliai.lt\/index.php\/wp-json\/wp\/v2\/types\/post"}],"author":[{"embeddable":true,"href":"http:\/\/eautomobiliai.lt\/index.php\/wp-json\/wp\/v2\/users\/1"}],"replies":[{"embeddable":true,"href":"http:\/\/eautomobiliai.lt\/index.php\/wp-json\/wp\/v2\/comments?post=1710"}],"version-history":[{"count":0,"href":"http:\/\/eautomobiliai.lt\/index.php\/wp-json\/wp\/v2\/posts\/1710\/revisions"}],"wp:featuredmedia":[{"embeddable":true,"href":"http:\/\/eautomobiliai.lt\/index.php\/wp-json\/wp\/v2\/media\/1711"}],"wp:attachment":[{"href":"http:\/\/eautomobiliai.lt\/index.php\/wp-json\/wp\/v2\/media?parent=1710"}],"wp:term":[{"taxonomy":"category","embeddable":true,"href":"http:\/\/eautomobiliai.lt\/index.php\/wp-json\/wp\/v2\/categories?post=1710"},{"taxonomy":"post_tag","embeddable":true,"href":"http:\/\/eautomobiliai.lt\/index.php\/wp-json\/wp\/v2\/tags?post=1710"}],"curies":[{"name":"wp","href":"https:\/\/api.w.org\/{rel}","templated":true}]}}