{"id":1724,"date":"2025-08-07T15:29:35","date_gmt":"2025-08-07T15:29:35","guid":{"rendered":"http:\/\/eautomobiliai.lt\/index.php\/2025\/08\/07\/ar-ford-ka-tik-atskleide-savo-naujojo-vidutinio-dydzio-ev-pikapo-pavadinima\/"},"modified":"2025-08-07T15:29:35","modified_gmt":"2025-08-07T15:29:35","slug":"ar-ford-ka-tik-atskleide-savo-naujojo-vidutinio-dydzio-ev-pikapo-pavadinima","status":"publish","type":"post","link":"http:\/\/eautomobiliai.lt\/index.php\/2025\/08\/07\/ar-ford-ka-tik-atskleide-savo-naujojo-vidutinio-dydzio-ev-pikapo-pavadinima\/","title":{"rendered":"Ar \u201eFord\u201c k\u0105 tik atskleid\u0117 savo naujojo vidutinio dyd\u017eio EV pikapo pavadinim\u0105?"},"content":{"rendered":"<p> <br \/>\n<\/p>\n<div>\n<figure class=\"img-border featured-image\">\n\t<\/figure>\n<p>Naujas patentas u\u017euomina \u012f art\u0117jan\u010dio \u201eFord\u201c vidutinio dyd\u017eio EV pikapo vard\u0105. \u201eFord\u201c gal\u0117t\u0173 atgaivinti sen\u0105 vardin\u0119 lentel\u0119, kokia ji \u017eada b\u016bti \u201eprover\u017eis\u201c elektromobiliu.<\/p>\n<p><span id=\"more-428729\"\/><\/p>\n<h2 class=\"wp-block-heading\" id=\"h-ford-s-next-ev-pickup-could-take-the-ranchero-name\">Kitas \u201eFord\u201c EV pikapas gal\u0117t\u0173 b\u016bti \u201eRanchero\u201c pavadinimas<\/h2>\n<p>Po \u201eF-150 Lightning\u201c, kitas \u201eFord\u201c elektrinis pikapas gal\u0117t\u0173 atvykti kaip \u201eRanchero EV\u201c. 2025 m. Rugpj\u016b\u010dio 5 d. \u201eFord\u201c pateik\u0117 prek\u0117s \u017eenkl\u0105 JAV patent\u0173 ir preki\u0173 \u017eenkl\u0173 biure (USPTO) pavadinimu \u201eRanchero\u201c.<\/p>\n<p>Nors detal\u0117s yra plonos, taikymas yra skirtas motorin\u0117ms transporto priemon\u0117ms, ypa\u010d sunkve\u017eimiams, furgonams, komunalin\u0117ms transporto priemon\u0117ms ir elektromobiliams.<\/p>\n<p>Prek\u0117s \u017eenkl\u0105, kur\u012f pirm\u0105 kart\u0105 rado <em>\u201eFord\u201c vald\u017eia<\/em>ateina \u0161iek tiek daugiau nei savait\u0119 po to, kai generalinis direktorius Jimas Farley sak\u0117, kad bendrov\u0117 atskleis \u201eplanus suprojektuoti ir kurti prover\u017e\u012f Amerikoje\u201c, rugpj\u016b\u010dio 11 d.<\/p>\n<p>\t<span class=\"outbrain-ad-label\">Skelbimas &#8211; slinkite daugiau turinio<\/span><\/p>\n<p>Tikimasi, kad \u201eFord\u201c apib\u016bdins savo pa\u017eengusios naujos EV platformos planus, pa\u017ead\u0117dama suma\u017einti i\u0161laidas ir drasti\u0161kai pagerinti efektyvum\u0105.<\/p>\n<p>Tikimasi, kad pirmoji transporto priemon\u0117, pagr\u012fsta platforma, bus vidutinio dyd\u017eio EV pikapas, kuris, daugelio manymu, atvyks kaip \u201eElectric Ford Ranger\u201c. \u201eFord\u201c jau atgaivino kelis ikoninius pavadinimus Europoje su elektrin\u0117mis versijomis, \u012fskaitant \u201eExplorer\u201c, \u201eCapri\u201c ir \u201ePuma\u201c.<\/p>\n<figure class=\"wp-block-image alignwide size-large\"><img loading=\"lazy\" decoding=\"async\" height=\"512\" width=\"1024\" src=\"https:\/\/electrek.co\/wp-content\/uploads\/sites\/3\/2025\/03\/Ford-Europe-Chinese-EVs-2.jpeg?quality=82&amp;strip=all&amp;w=1024\" alt=\"\u201eFord's-Vide-ev-Pickup-Name\u201c\" class=\"wp-image-405122\" srcset=\"https:\/\/electrek.co\/wp-content\/uploads\/sites\/3\/2025\/03\/Ford-Europe-Chinese-EVs-2.jpeg 1400w, https:\/\/electrek.co\/wp-content\/uploads\/sites\/3\/2025\/03\/Ford-Europe-Chinese-EVs-2.jpeg?resize=150,75 150w, https:\/\/electrek.co\/wp-content\/uploads\/sites\/3\/2025\/03\/Ford-Europe-Chinese-EVs-2.jpeg?resize=300,150 300w, https:\/\/electrek.co\/wp-content\/uploads\/sites\/3\/2025\/03\/Ford-Europe-Chinese-EVs-2.jpeg?resize=768,384 768w, https:\/\/electrek.co\/wp-content\/uploads\/sites\/3\/2025\/03\/Ford-Europe-Chinese-EVs-2.jpeg?resize=1024,512 1024w, https:\/\/electrek.co\/wp-content\/uploads\/sites\/3\/2025\/03\/Ford-Europe-Chinese-EVs-2.jpeg?resize=350,175 350w, https:\/\/electrek.co\/wp-content\/uploads\/sites\/3\/2025\/03\/Ford-Europe-Chinese-EVs-2.jpeg?resize=140,70 140w, https:\/\/electrek.co\/wp-content\/uploads\/sites\/3\/2025\/03\/Ford-Europe-Chinese-EVs-2.jpeg?resize=290,145 290w\" sizes=\"auto, (max-width: 1024px) 100vw, 1024px\"\/><figcaption class=\"wp-element-caption\">\u201eFord\u201c elektrin\u0117s transporto priemon\u0117s Europoje i\u0161 kair\u0117s \u012f de\u0161in\u0119: \u201ePuma Gen-E\u201c, \u201eExplorer\u201c, \u201eCapri\u201c ir \u201eMustang Mach-E\u201c (\u0161altinis: \u201eFord\u201c)<\/figcaption><\/figure>\n<p>Ar \u201eRanchero\u201c bus \u0161alia? \u201eRanchero\u201c pralenk\u0117 savo laik\u0105, derindamas kup\u0117 stili\u0173 su pikapo naudingumu.<\/p>\n<p>\u201eFord\u201c pardav\u0117 nuo 1957 iki 1979 m., Vadindamas j\u012f \u201edaugiau nei automobiliu, daugiau nei sunkve\u017eimiu\u201c. Jos s\u0117km\u0117 i\u0161 tikr\u0173j\u0173 paskatino GM sukurti \u201eChevrolet El Camino\u201c.<\/p>\n<figure class=\"wp-block-image alignwide size-large\"><img loading=\"lazy\" decoding=\"async\" height=\"512\" width=\"1024\" src=\"https:\/\/electrek.co\/wp-content\/uploads\/sites\/3\/2025\/08\/Ford-Ranchero-EV-pickup.jpeg?quality=82&amp;strip=all&amp;w=1024\" alt=\"\u201eFord-Ranchero-Ev-Pickup\u201c\" class=\"wp-image-428747\" srcset=\"https:\/\/electrek.co\/wp-content\/uploads\/sites\/3\/2025\/08\/Ford-Ranchero-EV-pickup.jpeg 1400w, https:\/\/electrek.co\/wp-content\/uploads\/sites\/3\/2025\/08\/Ford-Ranchero-EV-pickup.jpeg?resize=150,75 150w, https:\/\/electrek.co\/wp-content\/uploads\/sites\/3\/2025\/08\/Ford-Ranchero-EV-pickup.jpeg?resize=300,150 300w, https:\/\/electrek.co\/wp-content\/uploads\/sites\/3\/2025\/08\/Ford-Ranchero-EV-pickup.jpeg?resize=768,384 768w, https:\/\/electrek.co\/wp-content\/uploads\/sites\/3\/2025\/08\/Ford-Ranchero-EV-pickup.jpeg?resize=1024,512 1024w, https:\/\/electrek.co\/wp-content\/uploads\/sites\/3\/2025\/08\/Ford-Ranchero-EV-pickup.jpeg?resize=350,175 350w, https:\/\/electrek.co\/wp-content\/uploads\/sites\/3\/2025\/08\/Ford-Ranchero-EV-pickup.jpeg?resize=140,70 140w, https:\/\/electrek.co\/wp-content\/uploads\/sites\/3\/2025\/08\/Ford-Ranchero-EV-pickup.jpeg?resize=290,145 290w\" sizes=\"auto, (max-width: 1024px) 100vw, 1024px\"\/><figcaption class=\"wp-element-caption\">1968 m. \u201eFord Ranchero GT Pickup\u201c (\u0161altinis: \u201eFord\u201c)<\/figcaption><\/figure>\n<p>Bendrov\u0117 \u0161i\u0105 savait\u0119 atidar\u0117 savo nauj\u0105 EV dizaino centr\u0105 Long By\u010de, Kalifornijoje, kur ji atgaivins vidutinio dyd\u017eio elektrin\u012f pikap\u0105. Tikimasi, kad jis atvyks 2027 m. \u201eFord\u201c \u201eSkunkworks\u201c komanda, kuriai vadovauja buv\u0119s \u201eTesla\u201c in\u017einierius Alanas Clarke&#8217;as, per pastaruosius metus i\u0161augo kartu su buvusia \u201eTesla\u201c, \u201eRivian\u201c ir \u201eApple\u201c darbuotojais<\/p>\n<p>K\u0105 tu galvoji? Ar nusipirktum\u0117te \u201eElectric Ford Ranchero\u201c? Galb\u016bt greitai gal\u0117site. Mes su\u017einosime daugiau rugpj\u016b\u010dio 11 d. Per \u201eFord\u201c rengin\u012f. Mes jus atnaujinsime naujausiais.<\/p>\n<div class=\"ad-disclaimer-container\">\n<p class=\"disclaimer-affiliate\"><em>FPK: Mes naudojame pajamas gaunan\u010dias automatinio filialo nuorodas.<\/em> Daugiau.<\/p>\n<p><img loading=\"lazy\" decoding=\"async\" class=\"alignnone size-full wp-image-426420\" src=\"https:\/\/electrek.co\/wp-content\/uploads\/sites\/3\/2025\/07\/NativeBanner_ElecktrekDisplayAds_BeaumontRev2.jpg?quality=82&amp;strip=all\" alt=\"\" width=\"750\" height=\"150\"\/><\/div>\n<\/p><\/div>\n<p><br \/>\n<br \/><a href=\"https:\/\/electrek.co\/2025\/08\/07\/ford-reveal-name-new-midsize-ev-pickup\/\">Source link <\/a><\/p>\n","protected":false},"excerpt":{"rendered":"<p>Naujas patentas u\u017euomina \u012f art\u0117jan\u010dio \u201eFord\u201c vidutinio dyd\u017eio EV pikapo vard\u0105. \u201eFord\u201c gal\u0117t\u0173 atgaivinti sen\u0105 vardin\u0119 lentel\u0119, kokia ji \u017eada&hellip;<\/p>\n","protected":false},"author":1,"featured_media":1725,"comment_status":"open","ping_status":"open","sticky":false,"template":"","format":"standard","meta":{"om_disable_all_campaigns":false,"_monsterinsights_skip_tracking":false,"_monsterinsights_sitenote_active":false,"_monsterinsights_sitenote_note":"","_monsterinsights_sitenote_category":0,"footnotes":""},"categories":[8],"tags":[558,2207,832,272,1647,3245,3244,183,273,1865],"class_list":["post-1724","post","type-post","status-publish","format-standard","has-post-thumbnail","hentry","category-elektriniai-automobiliai","tag-atskleide","tag-dydzio","tag-ford","tag-ka","tag-naujojo","tag-pavadinima","tag-pikapo","tag-savo","tag-tik","tag-vidutinio"],"aioseo_notices":[],"yoast_head":"<!-- This site is optimized with the Yoast SEO plugin v26.8 - https:\/\/yoast.com\/product\/yoast-seo-wordpress\/ -->\n<title>Ar \u201eFord\u201c k\u0105 tik atskleid\u0117 savo naujojo vidutinio dyd\u017eio EV pikapo pavadinim\u0105? - Eautomobiliai.lt<\/title>\n<meta name=\"robots\" content=\"index, follow, max-snippet:-1, max-image-preview:large, max-video-preview:-1\" \/>\n<link rel=\"canonical\" href=\"http:\/\/eautomobiliai.lt\/index.php\/2025\/08\/07\/ar-ford-ka-tik-atskleide-savo-naujojo-vidutinio-dydzio-ev-pikapo-pavadinima\/\" \/>\n<meta property=\"og:locale\" content=\"lt_LT\" \/>\n<meta property=\"og:type\" content=\"article\" \/>\n<meta property=\"og:title\" content=\"Ar \u201eFord\u201c k\u0105 tik atskleid\u0117 savo naujojo vidutinio dyd\u017eio EV pikapo pavadinim\u0105? - Eautomobiliai.lt\" \/>\n<meta property=\"og:description\" content=\"Naujas patentas u\u017euomina \u012f art\u0117jan\u010dio \u201eFord\u201c vidutinio dyd\u017eio EV pikapo vard\u0105. \u201eFord\u201c gal\u0117t\u0173 atgaivinti sen\u0105 vardin\u0119 lentel\u0119, kokia ji \u017eada&hellip;\" \/>\n<meta property=\"og:url\" content=\"http:\/\/eautomobiliai.lt\/index.php\/2025\/08\/07\/ar-ford-ka-tik-atskleide-savo-naujojo-vidutinio-dydzio-ev-pikapo-pavadinima\/\" \/>\n<meta property=\"og:site_name\" content=\"Eautomobiliai.lt\" \/>\n<meta property=\"article:published_time\" content=\"2025-08-07T15:29:35+00:00\" \/>\n<meta property=\"og:image\" content=\"http:\/\/eautomobiliai.lt\/wp-content\/uploads\/2025\/08\/Ar-\u201eFord-ka-tik-atskleide-savo-naujojo-vidutinio-dydzio-EV.jpeg\" \/>\n\t<meta property=\"og:image:width\" content=\"1200\" \/>\n\t<meta property=\"og:image:height\" content=\"628\" \/>\n\t<meta property=\"og:image:type\" content=\"image\/jpeg\" \/>\n<meta name=\"author\" content=\"admin\" \/>\n<meta name=\"twitter:card\" content=\"summary_large_image\" \/>\n<meta name=\"twitter:label1\" content=\"Written by\" \/>\n\t<meta name=\"twitter:data1\" content=\"admin\" \/>\n\t<meta name=\"twitter:label2\" content=\"Est. reading time\" \/>\n\t<meta name=\"twitter:data2\" content=\"2 minut\u0117s\" \/>\n<script type=\"application\/ld+json\" class=\"yoast-schema-graph\">{\"@context\":\"https:\/\/schema.org\",\"@graph\":[{\"@type\":\"Article\",\"@id\":\"http:\/\/eautomobiliai.lt\/index.php\/2025\/08\/07\/ar-ford-ka-tik-atskleide-savo-naujojo-vidutinio-dydzio-ev-pikapo-pavadinima\/#article\",\"isPartOf\":{\"@id\":\"http:\/\/eautomobiliai.lt\/index.php\/2025\/08\/07\/ar-ford-ka-tik-atskleide-savo-naujojo-vidutinio-dydzio-ev-pikapo-pavadinima\/\"},\"author\":{\"name\":\"admin\",\"@id\":\"http:\/\/eautomobiliai.lt\/#\/schema\/person\/ecf2a967f361217d056061f74deb92f2\"},\"headline\":\"Ar \u201eFord\u201c k\u0105 tik atskleid\u0117 savo naujojo vidutinio dyd\u017eio EV pikapo pavadinim\u0105?\",\"datePublished\":\"2025-08-07T15:29:35+00:00\",\"mainEntityOfPage\":{\"@id\":\"http:\/\/eautomobiliai.lt\/index.php\/2025\/08\/07\/ar-ford-ka-tik-atskleide-savo-naujojo-vidutinio-dydzio-ev-pikapo-pavadinima\/\"},\"wordCount\":371,\"commentCount\":0,\"image\":{\"@id\":\"http:\/\/eautomobiliai.lt\/index.php\/2025\/08\/07\/ar-ford-ka-tik-atskleide-savo-naujojo-vidutinio-dydzio-ev-pikapo-pavadinima\/#primaryimage\"},\"thumbnailUrl\":\"http:\/\/eautomobiliai.lt\/wp-content\/uploads\/2025\/08\/Ar-\u201eFord-ka-tik-atskleide-savo-naujojo-vidutinio-dydzio-EV.jpeg\",\"keywords\":[\"atskleid\u0117\",\"dyd\u017eio\",\"Ford\",\"k\u0105\",\"naujojo\",\"pavadinim\u0105\",\"pikapo\",\"savo\",\"tik\",\"vidutinio\"],\"articleSection\":[\"ELEKTRINIAI AUTOMOBILIAI\"],\"inLanguage\":\"lt-LT\",\"potentialAction\":[{\"@type\":\"CommentAction\",\"name\":\"Comment\",\"target\":[\"http:\/\/eautomobiliai.lt\/index.php\/2025\/08\/07\/ar-ford-ka-tik-atskleide-savo-naujojo-vidutinio-dydzio-ev-pikapo-pavadinima\/#respond\"]}]},{\"@type\":\"WebPage\",\"@id\":\"http:\/\/eautomobiliai.lt\/index.php\/2025\/08\/07\/ar-ford-ka-tik-atskleide-savo-naujojo-vidutinio-dydzio-ev-pikapo-pavadinima\/\",\"url\":\"http:\/\/eautomobiliai.lt\/index.php\/2025\/08\/07\/ar-ford-ka-tik-atskleide-savo-naujojo-vidutinio-dydzio-ev-pikapo-pavadinima\/\",\"name\":\"Ar \u201eFord\u201c k\u0105 tik atskleid\u0117 savo naujojo vidutinio dyd\u017eio EV pikapo pavadinim\u0105? - Eautomobiliai.lt\",\"isPartOf\":{\"@id\":\"http:\/\/eautomobiliai.lt\/#website\"},\"primaryImageOfPage\":{\"@id\":\"http:\/\/eautomobiliai.lt\/index.php\/2025\/08\/07\/ar-ford-ka-tik-atskleide-savo-naujojo-vidutinio-dydzio-ev-pikapo-pavadinima\/#primaryimage\"},\"image\":{\"@id\":\"http:\/\/eautomobiliai.lt\/index.php\/2025\/08\/07\/ar-ford-ka-tik-atskleide-savo-naujojo-vidutinio-dydzio-ev-pikapo-pavadinima\/#primaryimage\"},\"thumbnailUrl\":\"http:\/\/eautomobiliai.lt\/wp-content\/uploads\/2025\/08\/Ar-\u201eFord-ka-tik-atskleide-savo-naujojo-vidutinio-dydzio-EV.jpeg\",\"datePublished\":\"2025-08-07T15:29:35+00:00\",\"author\":{\"@id\":\"http:\/\/eautomobiliai.lt\/#\/schema\/person\/ecf2a967f361217d056061f74deb92f2\"},\"breadcrumb\":{\"@id\":\"http:\/\/eautomobiliai.lt\/index.php\/2025\/08\/07\/ar-ford-ka-tik-atskleide-savo-naujojo-vidutinio-dydzio-ev-pikapo-pavadinima\/#breadcrumb\"},\"inLanguage\":\"lt-LT\",\"potentialAction\":[{\"@type\":\"ReadAction\",\"target\":[\"http:\/\/eautomobiliai.lt\/index.php\/2025\/08\/07\/ar-ford-ka-tik-atskleide-savo-naujojo-vidutinio-dydzio-ev-pikapo-pavadinima\/\"]}]},{\"@type\":\"ImageObject\",\"inLanguage\":\"lt-LT\",\"@id\":\"http:\/\/eautomobiliai.lt\/index.php\/2025\/08\/07\/ar-ford-ka-tik-atskleide-savo-naujojo-vidutinio-dydzio-ev-pikapo-pavadinima\/#primaryimage\",\"url\":\"http:\/\/eautomobiliai.lt\/wp-content\/uploads\/2025\/08\/Ar-\u201eFord-ka-tik-atskleide-savo-naujojo-vidutinio-dydzio-EV.jpeg\",\"contentUrl\":\"http:\/\/eautomobiliai.lt\/wp-content\/uploads\/2025\/08\/Ar-\u201eFord-ka-tik-atskleide-savo-naujojo-vidutinio-dydzio-EV.jpeg\",\"width\":1200,\"height\":628},{\"@type\":\"BreadcrumbList\",\"@id\":\"http:\/\/eautomobiliai.lt\/index.php\/2025\/08\/07\/ar-ford-ka-tik-atskleide-savo-naujojo-vidutinio-dydzio-ev-pikapo-pavadinima\/#breadcrumb\",\"itemListElement\":[{\"@type\":\"ListItem\",\"position\":1,\"name\":\"Home\",\"item\":\"http:\/\/eautomobiliai.lt\/\"},{\"@type\":\"ListItem\",\"position\":2,\"name\":\"Ar \u201eFord\u201c k\u0105 tik atskleid\u0117 savo naujojo vidutinio dyd\u017eio EV pikapo pavadinim\u0105?\"}]},{\"@type\":\"WebSite\",\"@id\":\"http:\/\/eautomobiliai.lt\/#website\",\"url\":\"http:\/\/eautomobiliai.lt\/\",\"name\":\"Eautomobiliai.lt\",\"description\":\"Elektrinis transportas, technologijos\",\"potentialAction\":[{\"@type\":\"SearchAction\",\"target\":{\"@type\":\"EntryPoint\",\"urlTemplate\":\"http:\/\/eautomobiliai.lt\/?s={search_term_string}\"},\"query-input\":{\"@type\":\"PropertyValueSpecification\",\"valueRequired\":true,\"valueName\":\"search_term_string\"}}],\"inLanguage\":\"lt-LT\"},{\"@type\":\"Person\",\"@id\":\"http:\/\/eautomobiliai.lt\/#\/schema\/person\/ecf2a967f361217d056061f74deb92f2\",\"name\":\"admin\",\"image\":{\"@type\":\"ImageObject\",\"inLanguage\":\"lt-LT\",\"@id\":\"http:\/\/eautomobiliai.lt\/#\/schema\/person\/image\/\",\"url\":\"https:\/\/secure.gravatar.com\/avatar\/6323379efae0c70c686c7905444d6bbd?s=96&d=mm&r=g\",\"contentUrl\":\"https:\/\/secure.gravatar.com\/avatar\/6323379efae0c70c686c7905444d6bbd?s=96&d=mm&r=g\",\"caption\":\"admin\"},\"sameAs\":[\"http:\/\/eautomobiliai.lt\"],\"url\":\"http:\/\/eautomobiliai.lt\/index.php\/author\/admin\/\"}]}<\/script>\n<!-- \/ Yoast SEO plugin. -->","yoast_head_json":{"title":"Ar \u201eFord\u201c k\u0105 tik atskleid\u0117 savo naujojo vidutinio dyd\u017eio EV pikapo pavadinim\u0105? - Eautomobiliai.lt","robots":{"index":"index","follow":"follow","max-snippet":"max-snippet:-1","max-image-preview":"max-image-preview:large","max-video-preview":"max-video-preview:-1"},"canonical":"http:\/\/eautomobiliai.lt\/index.php\/2025\/08\/07\/ar-ford-ka-tik-atskleide-savo-naujojo-vidutinio-dydzio-ev-pikapo-pavadinima\/","og_locale":"lt_LT","og_type":"article","og_title":"Ar \u201eFord\u201c k\u0105 tik atskleid\u0117 savo naujojo vidutinio dyd\u017eio EV pikapo pavadinim\u0105? - Eautomobiliai.lt","og_description":"Naujas patentas u\u017euomina \u012f art\u0117jan\u010dio \u201eFord\u201c vidutinio dyd\u017eio EV pikapo vard\u0105. \u201eFord\u201c gal\u0117t\u0173 atgaivinti sen\u0105 vardin\u0119 lentel\u0119, kokia ji \u017eada&hellip;","og_url":"http:\/\/eautomobiliai.lt\/index.php\/2025\/08\/07\/ar-ford-ka-tik-atskleide-savo-naujojo-vidutinio-dydzio-ev-pikapo-pavadinima\/","og_site_name":"Eautomobiliai.lt","article_published_time":"2025-08-07T15:29:35+00:00","og_image":[{"width":1200,"height":628,"url":"http:\/\/eautomobiliai.lt\/wp-content\/uploads\/2025\/08\/Ar-\u201eFord-ka-tik-atskleide-savo-naujojo-vidutinio-dydzio-EV.jpeg","type":"image\/jpeg"}],"author":"admin","twitter_card":"summary_large_image","twitter_misc":{"Written by":"admin","Est. reading time":"2 minut\u0117s"},"schema":{"@context":"https:\/\/schema.org","@graph":[{"@type":"Article","@id":"http:\/\/eautomobiliai.lt\/index.php\/2025\/08\/07\/ar-ford-ka-tik-atskleide-savo-naujojo-vidutinio-dydzio-ev-pikapo-pavadinima\/#article","isPartOf":{"@id":"http:\/\/eautomobiliai.lt\/index.php\/2025\/08\/07\/ar-ford-ka-tik-atskleide-savo-naujojo-vidutinio-dydzio-ev-pikapo-pavadinima\/"},"author":{"name":"admin","@id":"http:\/\/eautomobiliai.lt\/#\/schema\/person\/ecf2a967f361217d056061f74deb92f2"},"headline":"Ar \u201eFord\u201c k\u0105 tik atskleid\u0117 savo naujojo vidutinio dyd\u017eio EV pikapo pavadinim\u0105?","datePublished":"2025-08-07T15:29:35+00:00","mainEntityOfPage":{"@id":"http:\/\/eautomobiliai.lt\/index.php\/2025\/08\/07\/ar-ford-ka-tik-atskleide-savo-naujojo-vidutinio-dydzio-ev-pikapo-pavadinima\/"},"wordCount":371,"commentCount":0,"image":{"@id":"http:\/\/eautomobiliai.lt\/index.php\/2025\/08\/07\/ar-ford-ka-tik-atskleide-savo-naujojo-vidutinio-dydzio-ev-pikapo-pavadinima\/#primaryimage"},"thumbnailUrl":"http:\/\/eautomobiliai.lt\/wp-content\/uploads\/2025\/08\/Ar-\u201eFord-ka-tik-atskleide-savo-naujojo-vidutinio-dydzio-EV.jpeg","keywords":["atskleid\u0117","dyd\u017eio","Ford","k\u0105","naujojo","pavadinim\u0105","pikapo","savo","tik","vidutinio"],"articleSection":["ELEKTRINIAI AUTOMOBILIAI"],"inLanguage":"lt-LT","potentialAction":[{"@type":"CommentAction","name":"Comment","target":["http:\/\/eautomobiliai.lt\/index.php\/2025\/08\/07\/ar-ford-ka-tik-atskleide-savo-naujojo-vidutinio-dydzio-ev-pikapo-pavadinima\/#respond"]}]},{"@type":"WebPage","@id":"http:\/\/eautomobiliai.lt\/index.php\/2025\/08\/07\/ar-ford-ka-tik-atskleide-savo-naujojo-vidutinio-dydzio-ev-pikapo-pavadinima\/","url":"http:\/\/eautomobiliai.lt\/index.php\/2025\/08\/07\/ar-ford-ka-tik-atskleide-savo-naujojo-vidutinio-dydzio-ev-pikapo-pavadinima\/","name":"Ar \u201eFord\u201c k\u0105 tik atskleid\u0117 savo naujojo vidutinio dyd\u017eio EV pikapo pavadinim\u0105? - Eautomobiliai.lt","isPartOf":{"@id":"http:\/\/eautomobiliai.lt\/#website"},"primaryImageOfPage":{"@id":"http:\/\/eautomobiliai.lt\/index.php\/2025\/08\/07\/ar-ford-ka-tik-atskleide-savo-naujojo-vidutinio-dydzio-ev-pikapo-pavadinima\/#primaryimage"},"image":{"@id":"http:\/\/eautomobiliai.lt\/index.php\/2025\/08\/07\/ar-ford-ka-tik-atskleide-savo-naujojo-vidutinio-dydzio-ev-pikapo-pavadinima\/#primaryimage"},"thumbnailUrl":"http:\/\/eautomobiliai.lt\/wp-content\/uploads\/2025\/08\/Ar-\u201eFord-ka-tik-atskleide-savo-naujojo-vidutinio-dydzio-EV.jpeg","datePublished":"2025-08-07T15:29:35+00:00","author":{"@id":"http:\/\/eautomobiliai.lt\/#\/schema\/person\/ecf2a967f361217d056061f74deb92f2"},"breadcrumb":{"@id":"http:\/\/eautomobiliai.lt\/index.php\/2025\/08\/07\/ar-ford-ka-tik-atskleide-savo-naujojo-vidutinio-dydzio-ev-pikapo-pavadinima\/#breadcrumb"},"inLanguage":"lt-LT","potentialAction":[{"@type":"ReadAction","target":["http:\/\/eautomobiliai.lt\/index.php\/2025\/08\/07\/ar-ford-ka-tik-atskleide-savo-naujojo-vidutinio-dydzio-ev-pikapo-pavadinima\/"]}]},{"@type":"ImageObject","inLanguage":"lt-LT","@id":"http:\/\/eautomobiliai.lt\/index.php\/2025\/08\/07\/ar-ford-ka-tik-atskleide-savo-naujojo-vidutinio-dydzio-ev-pikapo-pavadinima\/#primaryimage","url":"http:\/\/eautomobiliai.lt\/wp-content\/uploads\/2025\/08\/Ar-\u201eFord-ka-tik-atskleide-savo-naujojo-vidutinio-dydzio-EV.jpeg","contentUrl":"http:\/\/eautomobiliai.lt\/wp-content\/uploads\/2025\/08\/Ar-\u201eFord-ka-tik-atskleide-savo-naujojo-vidutinio-dydzio-EV.jpeg","width":1200,"height":628},{"@type":"BreadcrumbList","@id":"http:\/\/eautomobiliai.lt\/index.php\/2025\/08\/07\/ar-ford-ka-tik-atskleide-savo-naujojo-vidutinio-dydzio-ev-pikapo-pavadinima\/#breadcrumb","itemListElement":[{"@type":"ListItem","position":1,"name":"Home","item":"http:\/\/eautomobiliai.lt\/"},{"@type":"ListItem","position":2,"name":"Ar \u201eFord\u201c k\u0105 tik atskleid\u0117 savo naujojo vidutinio dyd\u017eio EV pikapo pavadinim\u0105?"}]},{"@type":"WebSite","@id":"http:\/\/eautomobiliai.lt\/#website","url":"http:\/\/eautomobiliai.lt\/","name":"Eautomobiliai.lt","description":"Elektrinis transportas, technologijos","potentialAction":[{"@type":"SearchAction","target":{"@type":"EntryPoint","urlTemplate":"http:\/\/eautomobiliai.lt\/?s={search_term_string}"},"query-input":{"@type":"PropertyValueSpecification","valueRequired":true,"valueName":"search_term_string"}}],"inLanguage":"lt-LT"},{"@type":"Person","@id":"http:\/\/eautomobiliai.lt\/#\/schema\/person\/ecf2a967f361217d056061f74deb92f2","name":"admin","image":{"@type":"ImageObject","inLanguage":"lt-LT","@id":"http:\/\/eautomobiliai.lt\/#\/schema\/person\/image\/","url":"https:\/\/secure.gravatar.com\/avatar\/6323379efae0c70c686c7905444d6bbd?s=96&d=mm&r=g","contentUrl":"https:\/\/secure.gravatar.com\/avatar\/6323379efae0c70c686c7905444d6bbd?s=96&d=mm&r=g","caption":"admin"},"sameAs":["http:\/\/eautomobiliai.lt"],"url":"http:\/\/eautomobiliai.lt\/index.php\/author\/admin\/"}]}},"_links":{"self":[{"href":"http:\/\/eautomobiliai.lt\/index.php\/wp-json\/wp\/v2\/posts\/1724","targetHints":{"allow":["GET"]}}],"collection":[{"href":"http:\/\/eautomobiliai.lt\/index.php\/wp-json\/wp\/v2\/posts"}],"about":[{"href":"http:\/\/eautomobiliai.lt\/index.php\/wp-json\/wp\/v2\/types\/post"}],"author":[{"embeddable":true,"href":"http:\/\/eautomobiliai.lt\/index.php\/wp-json\/wp\/v2\/users\/1"}],"replies":[{"embeddable":true,"href":"http:\/\/eautomobiliai.lt\/index.php\/wp-json\/wp\/v2\/comments?post=1724"}],"version-history":[{"count":0,"href":"http:\/\/eautomobiliai.lt\/index.php\/wp-json\/wp\/v2\/posts\/1724\/revisions"}],"wp:featuredmedia":[{"embeddable":true,"href":"http:\/\/eautomobiliai.lt\/index.php\/wp-json\/wp\/v2\/media\/1725"}],"wp:attachment":[{"href":"http:\/\/eautomobiliai.lt\/index.php\/wp-json\/wp\/v2\/media?parent=1724"}],"wp:term":[{"taxonomy":"category","embeddable":true,"href":"http:\/\/eautomobiliai.lt\/index.php\/wp-json\/wp\/v2\/categories?post=1724"},{"taxonomy":"post_tag","embeddable":true,"href":"http:\/\/eautomobiliai.lt\/index.php\/wp-json\/wp\/v2\/tags?post=1724"}],"curies":[{"name":"wp","href":"https:\/\/api.w.org\/{rel}","templated":true}]}}