{"id":1768,"date":"2025-08-11T11:51:56","date_gmt":"2025-08-11T11:51:56","guid":{"rendered":"http:\/\/eautomobiliai.lt\/index.php\/2025\/08\/11\/keliu-mokestis-buvo-padidintas-ev-vartotojams-pries-ekonomini-virsuniu-susitikima\/"},"modified":"2025-08-11T11:51:56","modified_gmt":"2025-08-11T11:51:56","slug":"keliu-mokestis-buvo-padidintas-ev-vartotojams-pries-ekonomini-virsuniu-susitikima","status":"publish","type":"post","link":"http:\/\/eautomobiliai.lt\/index.php\/2025\/08\/11\/keliu-mokestis-buvo-padidintas-ev-vartotojams-pries-ekonomini-virsuniu-susitikima\/","title":{"rendered":"Keli\u0173 mokestis buvo padidintas EV vartotojams prie\u0161 ekonomin\u012f vir\u0161\u016bni\u0173 susitikim\u0105"},"content":{"rendered":"<p> <br \/>\n<\/p>\n<div id=\"\">\n<p>Elektrini\u0173 automobili\u0173 vairuotojams gali b\u016bti nukent\u0117j\u0119 kelio mokestis. Vienas federalinis fronto juostas sako, kad tai \u201eprotingas\u201c \u017eingsnis, nes daugiau \u017emoni\u0173 pereina \u012f EVS.<\/p>\n<p>Prie\u0161 federalin\u0117s vyriausyb\u0117s produktyvumo apskritojo stalo diskusij\u0105 kit\u0105 savait\u0119 kelio mokes\u010dio id\u0117ja buvo \u012fgyvendinta kaip id\u0117ja u\u017etikrinti, kad pinigai b\u016bt\u0173 atid\u0117ti keliams.<\/p>\n<p>Bir\u017eelio m\u0117n. Kalbos kalboje buvo pa\u017eym\u0117ta, kad bir\u017eelio m\u0117n. I\u017edininkas pa\u017eym\u0117jo, kad jis dirba su EVS su valstijomis ir teritorijomis \u201ed\u0117l keli\u0173 vartotojo \u012fkrovimo ateityje\u201c.<\/p>\n<p>Transporto pramon\u0117s lyderiai susitiko pirmadien\u012f, prie\u0161 kit\u0105 savait\u0117s apskritojo stalo diskusij\u0105.<\/p>\n<p>Nors federalin\u0117 vyriausyb\u0117 teig\u0117, kad \u0161i problema buvo skirta valstyb\u0117ms ir teritorijoms, \u201eFrontbencher Tanya Plibersek\u201c teig\u0117, kad EV vartotoj\u0173 mokes\u010dio id\u0117ja tur\u0117jo prasm\u0119.<\/p>\n<p>\u201eNemanau, kad kas nors vyksta rytoj, bet manau, kad tai protinga &#8230; valstyb\u0117ms ir teritorijoms ilgainiui \u017ei\u016br\u0117ti \u012f tai, k\u0105 jie daro, kad \u012fsitikint\u0173, jog yra pakankamai pinig\u0173 keliams, kuriuos \u017emon\u0117s nori nuva\u017eiuoti\u201c, &#8211; pasakojo ji \u201eSeven\u201c \u201eSunrise\u201c programa.<\/p>\n<p>\u201eNe paslaptis, kad ma\u017e\u0117jant degal\u0173 akciz\u0173 mokes\u010diai, ma\u017e\u0117ja degal\u0173 akciz\u0173 mokestis, tai rei\u0161kia ma\u017eiau pinig\u0173 keliams statyti ir pri\u017ei\u016br\u0117ti.<\/p>\n<p>\u201eValstyb\u0117s ir teritorijos kur\u012f laik\u0105 \u012f tai \u017ei\u016br\u0117jo\u201c.<\/p>\n<p>Pinigai, surinkti kaip degal\u0173 akciz\u0173 dalis, skiriami keliams taisyti, ta\u010diau ateinan\u010diais metais buvo i\u0161kelta susir\u016bpinimas, nes keliuose padid\u0117s EV skai\u010dius.<\/p>\n<p>Viktorija 2023 m. Band\u0117 sumok\u0117ti du centus u\u017e kilometr\u0105 u\u017e EV vartotojus 2023 m., Ta\u010diau Auk\u0161\u010diausiasis teismas panaikino pasi\u016blym\u0105.<\/p>\n<p>Naujojoje Zelandijoje yra parengta kelio vartotojo mokes\u010di\u0173 u\u017e EVS schema, o benzino automobiliai netrukus bus \u012ftraukti \u012f mokest\u012f.<\/p>\n<p>Koalicijos senator\u0117 Jane Hume teig\u0117, kad reikia daugiau nuveikti siekiant sutvarkyti varginan\u010dius kelius, kuriuos gal\u0117t\u0173 pasiekti platesnis keli\u0173 mokestis.<\/p>\n<p>\u201eDegal\u0173 akcizas buvo ma\u017e\u0117janti mokes\u010di\u0173 baz\u0117, ir tai yra vienas i\u0161 nedaugelio mokes\u010di\u0173, kuriems buvo hipotezuota u\u017e technin\u0119 prie\u017ei\u016br\u0105\u201c, &#8211; sak\u0117 ji \u201eSky News\u201c.<\/p>\n<p>\u201eEV kilimas yra ka\u017ekas, kas \u012fvyko eksponenti\u0161kai per pastaruosius kelerius metus.<\/p>\n<p>\u201eMes norime \u012fsitikinti, kad tie EV vartotojai \u012fsitikina, kad jie yra atsakingi u\u017e keli\u0173 prie\u017ei\u016br\u0105 taip, kaip yra benzino ir dyzelino automobili\u0173 vartotojai.\u201c<\/p>\n<p>Elektrini\u0173 transporto priemoni\u0173 taryba teig\u0117, kad palaiko \u201eFair Road\u201c vartotojo mokes\u010dius, jei jie neper\u017eeng\u0117 stabd\u017ei\u0173 perjungimo \u012f \u0161var\u0173 transport\u0105.<\/p>\n<p>\u201eBet kokia akciz\u0173 degal\u0173 reforma tur\u0117t\u0173 paskatinti australus link EV, nes jiems kainuoja ma\u017eiau, i\u0161metam\u0173 i\u0161metam\u0173j\u0173 ter\u0161al\u0173 kiekis ir suma\u017eina m\u016bs\u0173 priklausomyb\u0119 nuo u\u017esienio naftos\u201c, &#8211; sak\u0117 EVC generalin\u0117 direktor\u0117 Julie Delvecchio.<\/p>\n<p>&#8222;Jie taip pat palaiko m\u016bs\u0173 energetikos sistem\u0105 ir pagerina or\u0105, kur\u012f visi kv\u0117puojame. Reformos tur\u0117t\u0173 b\u016bti taikomos tik tada, kai elektrin\u0117s transporto priemon\u0117s pasieks 30 procent\u0173 nauj\u0173 transporto priemoni\u0173 pardavimo. Tokiu b\u016bdu mes skatiname EV \u012fvaikinim\u0105 ir nesiejame austral\u0173 su brangiais benzininiais ir dyzeliniais automobiliais, kurie padidina anglies i\u0161metim\u0105 ir pakenkia m\u016bs\u0173 aplinkai.&#8221;<\/p>\n<p><em>\u0160altinis: AAP<\/em><\/p>\n<p><!-- AI CONTENT END 1 --><\/p><\/div>\n<p><br \/>\n<br \/><a href=\"https:\/\/thedriven.io\/2025\/08\/11\/road-tax-floated-for-ev-users-ahead-of-economic-summit\/\">Source link <\/a><\/p>\n","protected":false},"excerpt":{"rendered":"<p>Elektrini\u0173 automobili\u0173 vairuotojams gali b\u016bti nukent\u0117j\u0119 kelio mokestis. Vienas federalinis fronto juostas sako, kad tai \u201eprotingas\u201c \u017eingsnis, nes daugiau \u017emoni\u0173&hellip;<\/p>\n","protected":false},"author":1,"featured_media":1590,"comment_status":"open","ping_status":"open","sticky":false,"template":"","format":"standard","meta":{"om_disable_all_campaigns":false,"_monsterinsights_skip_tracking":false,"_monsterinsights_sitenote_active":false,"_monsterinsights_sitenote_note":"","_monsterinsights_sitenote_category":0,"footnotes":""},"categories":[39],"tags":[223,3301,591,346,3299,1047,3303,3300,3302],"class_list":["post-1768","post","type-post","status-publish","format-standard","has-post-thumbnail","hentry","category-eautomobiliu-technine-puse","tag-buvo","tag-ekonomini","tag-keliu","tag-mokestis","tag-padidintas","tag-pries","tag-susitikima","tag-vartotojams","tag-virsuniu"],"aioseo_notices":[],"yoast_head":"<!-- This site is optimized with the Yoast SEO plugin v26.8 - https:\/\/yoast.com\/product\/yoast-seo-wordpress\/ -->\n<title>Keli\u0173 mokestis buvo padidintas EV vartotojams prie\u0161 ekonomin\u012f vir\u0161\u016bni\u0173 susitikim\u0105 - Eautomobiliai.lt<\/title>\n<meta name=\"robots\" content=\"index, follow, max-snippet:-1, max-image-preview:large, max-video-preview:-1\" \/>\n<link rel=\"canonical\" href=\"http:\/\/eautomobiliai.lt\/index.php\/2025\/08\/11\/keliu-mokestis-buvo-padidintas-ev-vartotojams-pries-ekonomini-virsuniu-susitikima\/\" \/>\n<meta property=\"og:locale\" content=\"lt_LT\" \/>\n<meta property=\"og:type\" content=\"article\" \/>\n<meta property=\"og:title\" content=\"Keli\u0173 mokestis buvo padidintas EV vartotojams prie\u0161 ekonomin\u012f vir\u0161\u016bni\u0173 susitikim\u0105 - Eautomobiliai.lt\" \/>\n<meta property=\"og:description\" content=\"Elektrini\u0173 automobili\u0173 vairuotojams gali b\u016bti nukent\u0117j\u0119 kelio mokestis. Vienas federalinis fronto juostas sako, kad tai \u201eprotingas\u201c \u017eingsnis, nes daugiau \u017emoni\u0173&hellip;\" \/>\n<meta property=\"og:url\" content=\"http:\/\/eautomobiliai.lt\/index.php\/2025\/08\/11\/keliu-mokestis-buvo-padidintas-ev-vartotojams-pries-ekonomini-virsuniu-susitikima\/\" \/>\n<meta property=\"og:site_name\" content=\"Eautomobiliai.lt\" \/>\n<meta property=\"article:published_time\" content=\"2025-08-11T11:51:56+00:00\" \/>\n<meta property=\"og:image\" content=\"http:\/\/eautomobiliai.lt\/wp-content\/uploads\/2025\/07\/Australijos-EV-perejimas-istrigo-letoje-juostoje.jpeg\" \/>\n\t<meta property=\"og:image:width\" content=\"2000\" \/>\n\t<meta property=\"og:image:height\" content=\"1125\" \/>\n\t<meta property=\"og:image:type\" content=\"image\/jpeg\" \/>\n<meta name=\"author\" content=\"admin\" \/>\n<meta name=\"twitter:card\" content=\"summary_large_image\" \/>\n<meta name=\"twitter:label1\" content=\"Written by\" \/>\n\t<meta name=\"twitter:data1\" content=\"admin\" \/>\n\t<meta name=\"twitter:label2\" content=\"Est. reading time\" \/>\n\t<meta name=\"twitter:data2\" content=\"2 minut\u0117s\" \/>\n<script type=\"application\/ld+json\" class=\"yoast-schema-graph\">{\"@context\":\"https:\/\/schema.org\",\"@graph\":[{\"@type\":\"Article\",\"@id\":\"http:\/\/eautomobiliai.lt\/index.php\/2025\/08\/11\/keliu-mokestis-buvo-padidintas-ev-vartotojams-pries-ekonomini-virsuniu-susitikima\/#article\",\"isPartOf\":{\"@id\":\"http:\/\/eautomobiliai.lt\/index.php\/2025\/08\/11\/keliu-mokestis-buvo-padidintas-ev-vartotojams-pries-ekonomini-virsuniu-susitikima\/\"},\"author\":{\"name\":\"admin\",\"@id\":\"http:\/\/eautomobiliai.lt\/#\/schema\/person\/ecf2a967f361217d056061f74deb92f2\"},\"headline\":\"Keli\u0173 mokestis buvo padidintas EV vartotojams prie\u0161 ekonomin\u012f vir\u0161\u016bni\u0173 susitikim\u0105\",\"datePublished\":\"2025-08-11T11:51:56+00:00\",\"mainEntityOfPage\":{\"@id\":\"http:\/\/eautomobiliai.lt\/index.php\/2025\/08\/11\/keliu-mokestis-buvo-padidintas-ev-vartotojams-pries-ekonomini-virsuniu-susitikima\/\"},\"wordCount\":501,\"commentCount\":0,\"image\":{\"@id\":\"http:\/\/eautomobiliai.lt\/index.php\/2025\/08\/11\/keliu-mokestis-buvo-padidintas-ev-vartotojams-pries-ekonomini-virsuniu-susitikima\/#primaryimage\"},\"thumbnailUrl\":\"http:\/\/eautomobiliai.lt\/wp-content\/uploads\/2025\/07\/Australijos-EV-perejimas-istrigo-letoje-juostoje.jpeg\",\"keywords\":[\"buvo\",\"ekonomin\u012f\",\"keliu\",\"mokestis\",\"padidintas\",\"prie\u0161\",\"susitikim\u0105\",\"vartotojams\",\"vir\u0161\u016bni\u0173\"],\"articleSection\":[\"eAUTOMOBILI\u0172 TECHNIN\u0116 PUS\u0116\"],\"inLanguage\":\"lt-LT\",\"potentialAction\":[{\"@type\":\"CommentAction\",\"name\":\"Comment\",\"target\":[\"http:\/\/eautomobiliai.lt\/index.php\/2025\/08\/11\/keliu-mokestis-buvo-padidintas-ev-vartotojams-pries-ekonomini-virsuniu-susitikima\/#respond\"]}]},{\"@type\":\"WebPage\",\"@id\":\"http:\/\/eautomobiliai.lt\/index.php\/2025\/08\/11\/keliu-mokestis-buvo-padidintas-ev-vartotojams-pries-ekonomini-virsuniu-susitikima\/\",\"url\":\"http:\/\/eautomobiliai.lt\/index.php\/2025\/08\/11\/keliu-mokestis-buvo-padidintas-ev-vartotojams-pries-ekonomini-virsuniu-susitikima\/\",\"name\":\"Keli\u0173 mokestis buvo padidintas EV vartotojams prie\u0161 ekonomin\u012f vir\u0161\u016bni\u0173 susitikim\u0105 - Eautomobiliai.lt\",\"isPartOf\":{\"@id\":\"http:\/\/eautomobiliai.lt\/#website\"},\"primaryImageOfPage\":{\"@id\":\"http:\/\/eautomobiliai.lt\/index.php\/2025\/08\/11\/keliu-mokestis-buvo-padidintas-ev-vartotojams-pries-ekonomini-virsuniu-susitikima\/#primaryimage\"},\"image\":{\"@id\":\"http:\/\/eautomobiliai.lt\/index.php\/2025\/08\/11\/keliu-mokestis-buvo-padidintas-ev-vartotojams-pries-ekonomini-virsuniu-susitikima\/#primaryimage\"},\"thumbnailUrl\":\"http:\/\/eautomobiliai.lt\/wp-content\/uploads\/2025\/07\/Australijos-EV-perejimas-istrigo-letoje-juostoje.jpeg\",\"datePublished\":\"2025-08-11T11:51:56+00:00\",\"author\":{\"@id\":\"http:\/\/eautomobiliai.lt\/#\/schema\/person\/ecf2a967f361217d056061f74deb92f2\"},\"breadcrumb\":{\"@id\":\"http:\/\/eautomobiliai.lt\/index.php\/2025\/08\/11\/keliu-mokestis-buvo-padidintas-ev-vartotojams-pries-ekonomini-virsuniu-susitikima\/#breadcrumb\"},\"inLanguage\":\"lt-LT\",\"potentialAction\":[{\"@type\":\"ReadAction\",\"target\":[\"http:\/\/eautomobiliai.lt\/index.php\/2025\/08\/11\/keliu-mokestis-buvo-padidintas-ev-vartotojams-pries-ekonomini-virsuniu-susitikima\/\"]}]},{\"@type\":\"ImageObject\",\"inLanguage\":\"lt-LT\",\"@id\":\"http:\/\/eautomobiliai.lt\/index.php\/2025\/08\/11\/keliu-mokestis-buvo-padidintas-ev-vartotojams-pries-ekonomini-virsuniu-susitikima\/#primaryimage\",\"url\":\"http:\/\/eautomobiliai.lt\/wp-content\/uploads\/2025\/07\/Australijos-EV-perejimas-istrigo-letoje-juostoje.jpeg\",\"contentUrl\":\"http:\/\/eautomobiliai.lt\/wp-content\/uploads\/2025\/07\/Australijos-EV-perejimas-istrigo-letoje-juostoje.jpeg\",\"width\":2000,\"height\":1125},{\"@type\":\"BreadcrumbList\",\"@id\":\"http:\/\/eautomobiliai.lt\/index.php\/2025\/08\/11\/keliu-mokestis-buvo-padidintas-ev-vartotojams-pries-ekonomini-virsuniu-susitikima\/#breadcrumb\",\"itemListElement\":[{\"@type\":\"ListItem\",\"position\":1,\"name\":\"Home\",\"item\":\"http:\/\/eautomobiliai.lt\/\"},{\"@type\":\"ListItem\",\"position\":2,\"name\":\"Keli\u0173 mokestis buvo padidintas EV vartotojams prie\u0161 ekonomin\u012f vir\u0161\u016bni\u0173 susitikim\u0105\"}]},{\"@type\":\"WebSite\",\"@id\":\"http:\/\/eautomobiliai.lt\/#website\",\"url\":\"http:\/\/eautomobiliai.lt\/\",\"name\":\"Eautomobiliai.lt\",\"description\":\"Elektrinis transportas, technologijos\",\"potentialAction\":[{\"@type\":\"SearchAction\",\"target\":{\"@type\":\"EntryPoint\",\"urlTemplate\":\"http:\/\/eautomobiliai.lt\/?s={search_term_string}\"},\"query-input\":{\"@type\":\"PropertyValueSpecification\",\"valueRequired\":true,\"valueName\":\"search_term_string\"}}],\"inLanguage\":\"lt-LT\"},{\"@type\":\"Person\",\"@id\":\"http:\/\/eautomobiliai.lt\/#\/schema\/person\/ecf2a967f361217d056061f74deb92f2\",\"name\":\"admin\",\"image\":{\"@type\":\"ImageObject\",\"inLanguage\":\"lt-LT\",\"@id\":\"http:\/\/eautomobiliai.lt\/#\/schema\/person\/image\/\",\"url\":\"https:\/\/secure.gravatar.com\/avatar\/6323379efae0c70c686c7905444d6bbd?s=96&d=mm&r=g\",\"contentUrl\":\"https:\/\/secure.gravatar.com\/avatar\/6323379efae0c70c686c7905444d6bbd?s=96&d=mm&r=g\",\"caption\":\"admin\"},\"sameAs\":[\"http:\/\/eautomobiliai.lt\"],\"url\":\"http:\/\/eautomobiliai.lt\/index.php\/author\/admin\/\"}]}<\/script>\n<!-- \/ Yoast SEO plugin. -->","yoast_head_json":{"title":"Keli\u0173 mokestis buvo padidintas EV vartotojams prie\u0161 ekonomin\u012f vir\u0161\u016bni\u0173 susitikim\u0105 - Eautomobiliai.lt","robots":{"index":"index","follow":"follow","max-snippet":"max-snippet:-1","max-image-preview":"max-image-preview:large","max-video-preview":"max-video-preview:-1"},"canonical":"http:\/\/eautomobiliai.lt\/index.php\/2025\/08\/11\/keliu-mokestis-buvo-padidintas-ev-vartotojams-pries-ekonomini-virsuniu-susitikima\/","og_locale":"lt_LT","og_type":"article","og_title":"Keli\u0173 mokestis buvo padidintas EV vartotojams prie\u0161 ekonomin\u012f vir\u0161\u016bni\u0173 susitikim\u0105 - Eautomobiliai.lt","og_description":"Elektrini\u0173 automobili\u0173 vairuotojams gali b\u016bti nukent\u0117j\u0119 kelio mokestis. Vienas federalinis fronto juostas sako, kad tai \u201eprotingas\u201c \u017eingsnis, nes daugiau \u017emoni\u0173&hellip;","og_url":"http:\/\/eautomobiliai.lt\/index.php\/2025\/08\/11\/keliu-mokestis-buvo-padidintas-ev-vartotojams-pries-ekonomini-virsuniu-susitikima\/","og_site_name":"Eautomobiliai.lt","article_published_time":"2025-08-11T11:51:56+00:00","og_image":[{"width":2000,"height":1125,"url":"http:\/\/eautomobiliai.lt\/wp-content\/uploads\/2025\/07\/Australijos-EV-perejimas-istrigo-letoje-juostoje.jpeg","type":"image\/jpeg"}],"author":"admin","twitter_card":"summary_large_image","twitter_misc":{"Written by":"admin","Est. reading time":"2 minut\u0117s"},"schema":{"@context":"https:\/\/schema.org","@graph":[{"@type":"Article","@id":"http:\/\/eautomobiliai.lt\/index.php\/2025\/08\/11\/keliu-mokestis-buvo-padidintas-ev-vartotojams-pries-ekonomini-virsuniu-susitikima\/#article","isPartOf":{"@id":"http:\/\/eautomobiliai.lt\/index.php\/2025\/08\/11\/keliu-mokestis-buvo-padidintas-ev-vartotojams-pries-ekonomini-virsuniu-susitikima\/"},"author":{"name":"admin","@id":"http:\/\/eautomobiliai.lt\/#\/schema\/person\/ecf2a967f361217d056061f74deb92f2"},"headline":"Keli\u0173 mokestis buvo padidintas EV vartotojams prie\u0161 ekonomin\u012f vir\u0161\u016bni\u0173 susitikim\u0105","datePublished":"2025-08-11T11:51:56+00:00","mainEntityOfPage":{"@id":"http:\/\/eautomobiliai.lt\/index.php\/2025\/08\/11\/keliu-mokestis-buvo-padidintas-ev-vartotojams-pries-ekonomini-virsuniu-susitikima\/"},"wordCount":501,"commentCount":0,"image":{"@id":"http:\/\/eautomobiliai.lt\/index.php\/2025\/08\/11\/keliu-mokestis-buvo-padidintas-ev-vartotojams-pries-ekonomini-virsuniu-susitikima\/#primaryimage"},"thumbnailUrl":"http:\/\/eautomobiliai.lt\/wp-content\/uploads\/2025\/07\/Australijos-EV-perejimas-istrigo-letoje-juostoje.jpeg","keywords":["buvo","ekonomin\u012f","keliu","mokestis","padidintas","prie\u0161","susitikim\u0105","vartotojams","vir\u0161\u016bni\u0173"],"articleSection":["eAUTOMOBILI\u0172 TECHNIN\u0116 PUS\u0116"],"inLanguage":"lt-LT","potentialAction":[{"@type":"CommentAction","name":"Comment","target":["http:\/\/eautomobiliai.lt\/index.php\/2025\/08\/11\/keliu-mokestis-buvo-padidintas-ev-vartotojams-pries-ekonomini-virsuniu-susitikima\/#respond"]}]},{"@type":"WebPage","@id":"http:\/\/eautomobiliai.lt\/index.php\/2025\/08\/11\/keliu-mokestis-buvo-padidintas-ev-vartotojams-pries-ekonomini-virsuniu-susitikima\/","url":"http:\/\/eautomobiliai.lt\/index.php\/2025\/08\/11\/keliu-mokestis-buvo-padidintas-ev-vartotojams-pries-ekonomini-virsuniu-susitikima\/","name":"Keli\u0173 mokestis buvo padidintas EV vartotojams prie\u0161 ekonomin\u012f vir\u0161\u016bni\u0173 susitikim\u0105 - Eautomobiliai.lt","isPartOf":{"@id":"http:\/\/eautomobiliai.lt\/#website"},"primaryImageOfPage":{"@id":"http:\/\/eautomobiliai.lt\/index.php\/2025\/08\/11\/keliu-mokestis-buvo-padidintas-ev-vartotojams-pries-ekonomini-virsuniu-susitikima\/#primaryimage"},"image":{"@id":"http:\/\/eautomobiliai.lt\/index.php\/2025\/08\/11\/keliu-mokestis-buvo-padidintas-ev-vartotojams-pries-ekonomini-virsuniu-susitikima\/#primaryimage"},"thumbnailUrl":"http:\/\/eautomobiliai.lt\/wp-content\/uploads\/2025\/07\/Australijos-EV-perejimas-istrigo-letoje-juostoje.jpeg","datePublished":"2025-08-11T11:51:56+00:00","author":{"@id":"http:\/\/eautomobiliai.lt\/#\/schema\/person\/ecf2a967f361217d056061f74deb92f2"},"breadcrumb":{"@id":"http:\/\/eautomobiliai.lt\/index.php\/2025\/08\/11\/keliu-mokestis-buvo-padidintas-ev-vartotojams-pries-ekonomini-virsuniu-susitikima\/#breadcrumb"},"inLanguage":"lt-LT","potentialAction":[{"@type":"ReadAction","target":["http:\/\/eautomobiliai.lt\/index.php\/2025\/08\/11\/keliu-mokestis-buvo-padidintas-ev-vartotojams-pries-ekonomini-virsuniu-susitikima\/"]}]},{"@type":"ImageObject","inLanguage":"lt-LT","@id":"http:\/\/eautomobiliai.lt\/index.php\/2025\/08\/11\/keliu-mokestis-buvo-padidintas-ev-vartotojams-pries-ekonomini-virsuniu-susitikima\/#primaryimage","url":"http:\/\/eautomobiliai.lt\/wp-content\/uploads\/2025\/07\/Australijos-EV-perejimas-istrigo-letoje-juostoje.jpeg","contentUrl":"http:\/\/eautomobiliai.lt\/wp-content\/uploads\/2025\/07\/Australijos-EV-perejimas-istrigo-letoje-juostoje.jpeg","width":2000,"height":1125},{"@type":"BreadcrumbList","@id":"http:\/\/eautomobiliai.lt\/index.php\/2025\/08\/11\/keliu-mokestis-buvo-padidintas-ev-vartotojams-pries-ekonomini-virsuniu-susitikima\/#breadcrumb","itemListElement":[{"@type":"ListItem","position":1,"name":"Home","item":"http:\/\/eautomobiliai.lt\/"},{"@type":"ListItem","position":2,"name":"Keli\u0173 mokestis buvo padidintas EV vartotojams prie\u0161 ekonomin\u012f vir\u0161\u016bni\u0173 susitikim\u0105"}]},{"@type":"WebSite","@id":"http:\/\/eautomobiliai.lt\/#website","url":"http:\/\/eautomobiliai.lt\/","name":"Eautomobiliai.lt","description":"Elektrinis transportas, technologijos","potentialAction":[{"@type":"SearchAction","target":{"@type":"EntryPoint","urlTemplate":"http:\/\/eautomobiliai.lt\/?s={search_term_string}"},"query-input":{"@type":"PropertyValueSpecification","valueRequired":true,"valueName":"search_term_string"}}],"inLanguage":"lt-LT"},{"@type":"Person","@id":"http:\/\/eautomobiliai.lt\/#\/schema\/person\/ecf2a967f361217d056061f74deb92f2","name":"admin","image":{"@type":"ImageObject","inLanguage":"lt-LT","@id":"http:\/\/eautomobiliai.lt\/#\/schema\/person\/image\/","url":"https:\/\/secure.gravatar.com\/avatar\/6323379efae0c70c686c7905444d6bbd?s=96&d=mm&r=g","contentUrl":"https:\/\/secure.gravatar.com\/avatar\/6323379efae0c70c686c7905444d6bbd?s=96&d=mm&r=g","caption":"admin"},"sameAs":["http:\/\/eautomobiliai.lt"],"url":"http:\/\/eautomobiliai.lt\/index.php\/author\/admin\/"}]}},"_links":{"self":[{"href":"http:\/\/eautomobiliai.lt\/index.php\/wp-json\/wp\/v2\/posts\/1768","targetHints":{"allow":["GET"]}}],"collection":[{"href":"http:\/\/eautomobiliai.lt\/index.php\/wp-json\/wp\/v2\/posts"}],"about":[{"href":"http:\/\/eautomobiliai.lt\/index.php\/wp-json\/wp\/v2\/types\/post"}],"author":[{"embeddable":true,"href":"http:\/\/eautomobiliai.lt\/index.php\/wp-json\/wp\/v2\/users\/1"}],"replies":[{"embeddable":true,"href":"http:\/\/eautomobiliai.lt\/index.php\/wp-json\/wp\/v2\/comments?post=1768"}],"version-history":[{"count":0,"href":"http:\/\/eautomobiliai.lt\/index.php\/wp-json\/wp\/v2\/posts\/1768\/revisions"}],"wp:featuredmedia":[{"embeddable":true,"href":"http:\/\/eautomobiliai.lt\/index.php\/wp-json\/wp\/v2\/media\/1590"}],"wp:attachment":[{"href":"http:\/\/eautomobiliai.lt\/index.php\/wp-json\/wp\/v2\/media?parent=1768"}],"wp:term":[{"taxonomy":"category","embeddable":true,"href":"http:\/\/eautomobiliai.lt\/index.php\/wp-json\/wp\/v2\/categories?post=1768"},{"taxonomy":"post_tag","embeddable":true,"href":"http:\/\/eautomobiliai.lt\/index.php\/wp-json\/wp\/v2\/tags?post=1768"}],"curies":[{"name":"wp","href":"https:\/\/api.w.org\/{rel}","templated":true}]}}