{"id":1780,"date":"2025-08-12T19:57:24","date_gmt":"2025-08-12T19:57:24","guid":{"rendered":"https:\/\/eautomobiliai.lt\/index.php\/2025\/08\/12\/sparks-skraido-per-kelio-vartotojo-mokescius\/"},"modified":"2025-08-12T19:57:24","modified_gmt":"2025-08-12T19:57:24","slug":"sparks-skraido-per-kelio-vartotojo-mokescius","status":"publish","type":"post","link":"http:\/\/eautomobiliai.lt\/index.php\/2025\/08\/12\/sparks-skraido-per-kelio-vartotojo-mokescius\/","title":{"rendered":"\u201eSparks\u201c skraido per kelio vartotojo mokes\u010dius"},"content":{"rendered":"<p> <br \/>\n<\/p>\n<div id=\"\">\n<p>Federalinis i\u017edininkas raginamas priimti vartotojo mokes\u010dius u\u017e elektromobilius, kurie pad\u0117t\u0173 susimok\u0117ti u\u017e keli\u0173 prie\u017ei\u016br\u0105 ir \u012fkrovimo infrastrukt\u016br\u0105.<\/p>\n<p>Vairuotojai gali susidurti su nuotoliniais mokes\u010diais, kad gal\u0117t\u0173 va\u017eiuoti Australijos keliais kaip si\u016blomo mokes\u010di\u0173 pakeitimo dalis, kuri, tikimasi, bus i\u017edininko Jimo Chalmerso ekonominio apskritojo stalo meniu.<\/p>\n<p>\u201eMomentum\u201c kaupia kelio vartotojo mokest\u012f, kur\u012f vienas federalinis priekinis \u0161autuvas mato kaip \u201eproting\u0105\u201c sprendim\u0105 finansuoti keli\u0173 prie\u017ei\u016br\u0105, nes daugiau \u017emoni\u0173 pereina \u012f elektrines transporto priemones.<\/p>\n<p>Ta\u010diau EV savininkai ragina vyriausyb\u0119 nesigilinti \u012f per\u0117jim\u0105 nuo vidaus degimo.<\/p>\n<p>Mokes\u010di\u0173 pakeitim\u0105 i\u017edininkas pa\u017eym\u0117jo bir\u017eelio m\u0117n. Kalbos metu, sakydamas, kad EVS dirba su valstijomis ir teritorijomis \u201ed\u0117l keli\u0173 vartotojo \u012fkrovimo ateityje\u201c.<\/p>\n<p>Pirmadien\u012f susitiko \u201eInfrastructure Partnerships Australia\u201c su\u0161aukta transporto pramon\u0117s lyderi\u0173 grup\u0117, pirmadien\u012f susitikdama aptarti pageidaujamo kelio vartotojo mokes\u010dio modelio.<\/p>\n<p>\u201eRoads Australia\u201c generalinis direktorius Ehssanas Veiszadehas dalyvavo susitikime ir sak\u0117, kad be pakeitim\u0173 Australija rizikavo, kad tr\u016bkt\u0173 infrastrukt\u016bros, reikalingos jos augan\u010diai gyventojams ir ekonomikai paremti.<\/p>\n<p>Pinigai, surinkti kaip degal\u0173 akciz\u0173 dalis, skiriami keliams taisyti, ta\u010diau ateinan\u010diais metais buvo i\u0161kelta susir\u016bpinimas, nes padid\u0117ja EV skai\u010dius.<\/p>\n<p>\u201eBe reform\u0173 mes rizikuojame ateitimi, kai m\u016bs\u0173 keliai yra nepakankamai finansuojami, nesaug\u016bs ir negalime paremti augan\u010di\u0173 gyventoj\u0173 poreiki\u0173\u201c, &#8211; sak\u0117 p. Veiszadeh.<\/p>\n<p>I\u0161 susitikimo nebuvo paskelbta joki\u0173 vie\u0161\u0173 rekomendacij\u0173, ta\u010diau infrastrukt\u016bros partneryst\u0117s grup\u0117 diskusija naudosis kaip instrukta\u017eo pagrindas i\u017edui iki kitos savait\u0117s apskritojo stalo.<\/p>\n<p>Vyriausyb\u0117 tur\u0117jo galimyb\u0119 skatinti EV \u012fsisavinim\u0105, naudodama pajamas, gautas i\u0161 kelio vartotojo mokes\u010dio, siekiant i\u0161leisti mokes\u010di\u0173 infrastrukt\u016br\u0105, sak\u0117 infrastrukt\u016bros partneryst\u0117s Australijos generalinis direktorius Adrianas Dwyeris.<\/p>\n<p>\u201ePagrindin\u0117 kli\u016btis didesniam elektrini\u0173 transporto priemoni\u0173 \u012fsisavinimui yra nerimas nuo diapazono-mes galime nu\u017eudyti du pauk\u0161\u010dius vienu akmeniu ateityje, apsaugodami savo finansavimo sistem\u0105 ir sumok\u0117dami u\u017e \u012fkrovimo tinkl\u0105, kuris paskatins EV \u012fsisavinim\u0105\u201c,-sak\u0117 jis.<\/p>\n<p>Nors federalin\u0117 vyriausyb\u0117 teig\u0117, kad \u0161i problema yra skirta valstijoms ir teritorijoms, \u201eFrontbencher Tanya Plibersek\u201c teig\u0117, kad EV vartotoj\u0173 mokes\u010dio id\u0117ja tur\u0117jo prasm\u0119.<\/p>\n<p>\u201eNemanau, kad kas nors vyksta rytoj, bet manau, kad tai protinga &#8230; valstyb\u0117ms ir teritorijoms ilgainiui \u017ei\u016br\u0117ti \u012f tai, k\u0105 jie daro, kad \u012fsitikint\u0173, jog yra pakankamai pinig\u0173 keliams, kuriuos \u017emon\u0117s nori nuva\u017eiuoti\u201c, &#8211; pasakojo ji \u201eSeven\u201c \u201eSunrise\u201c programa.<\/p>\n<p>Viktorija 2023 m. Band\u0117 sumok\u0117ti du centus u\u017e kilometr\u0105 u\u017e EV vartotojus, ta\u010diau pasi\u016blym\u0105 panaikino Auk\u0161tasis teismas, i\u0161 tikr\u0173j\u0173 u\u017edraud\u0119s valstyb\u0117ms \u012fgyvendinti kelio vartotojo mokest\u012f ir palikti \u0161\u012f klausim\u0105 Sandraugos ratu.<\/p>\n<p>NSW man\u0117, kad vienas gal\u0173 gale bus \u012fgyvendintas nepaisant to. Savo naujausiame biud\u017eete valstijos i\u017edininkas Danielis Mookhey prognozavo kelio vartotojo mokest\u012f, kuris bus prad\u0117tas imtis iki 2027\/28, kuris, kaip manoma, atne\u0161 73 mln. USD.<\/p>\n<p>Naujojoje Zelandijoje yra EVS kelio vartotojo mokes\u010dio schema, pagr\u012fsta transporto priemon\u0117s svoriu ir atstumu.<\/p>\n<p>Pra\u0117jusi\u0105 savait\u0119 NZ vyriausyb\u0117 paskelb\u0117, kad benzininiai automobiliai taip pat tur\u0117s sumok\u0117ti mokest\u012f, o jo degal\u0173 akcizas bus panaikintas.<\/p>\n<p>\u201eEV\u201c savinink\u0173 grup\u0117 Australijos elektrini\u0173 transporto priemoni\u0173 asociacija teig\u0117, kad bet koks keli\u0173 vartotoj\u0173 mokestis turi b\u016bti universalus ir neskatinti vidaus degimo transporto priemoni\u0173 vir\u0161 EV.<\/p>\n<p>Keli\u0173 vartotoj\u0173 mokes\u010di\u0173 \u012fvedimas netur\u0117t\u0173 u\u017emu\u0161ti stabd\u017ei\u0173 Australijos pamainoje, kad b\u016bt\u0173 galima valyti transporto priemones, sak\u0117 elektromobili\u0173 tarybos vadov\u0117 Julie Delvecchio.<\/p>\n<p>\u201eReformos tur\u0117t\u0173 b\u016bti taikomos tik tada, kai elektrin\u0117s transporto priemon\u0117s siekia 30 procent\u0173 nauj\u0173 transporto priemoni\u0173 pardavimo.\u201c<\/p>\n<p>EVS sudar\u0117 apie 12 procent\u0173 nauj\u0173 automobili\u0173 pardavim\u0173 per pirm\u0105j\u012f 2025 m. Pusmet\u012f.<\/p>\n<p>Koalicijos senator\u0117 Jane Hume teig\u0117, kad reikia daugiau nuveikti siekiant sutvarkyti varginan\u010dius kelius, kuriuos gal\u0117t\u0173 pasiekti platesnis keli\u0173 mokestis.<\/p>\n<p><em>\u0160altinis: AAP<\/em><\/p>\n<p><!-- AI CONTENT END 1 --><\/p><\/div>\n<p><br \/>\n<br \/><a href=\"https:\/\/thedriven.io\/2025\/08\/12\/dont-slam-brakes-on-evs-sparks-fly-over-push-for-road-user-charges\/\">Source link <\/a><\/p>\n","protected":false},"excerpt":{"rendered":"<p>Federalinis i\u017edininkas raginamas priimti vartotojo mokes\u010dius u\u017e elektromobilius, kurie pad\u0117t\u0173 susimok\u0117ti u\u017e keli\u0173 prie\u017ei\u016br\u0105 ir \u012fkrovimo infrastrukt\u016br\u0105. Vairuotojai gali susidurti&hellip;<\/p>\n","protected":false},"author":1,"featured_media":1781,"comment_status":"open","ping_status":"open","sticky":false,"template":"","format":"standard","meta":{"om_disable_all_campaigns":false,"_monsterinsights_skip_tracking":false,"_monsterinsights_sitenote_active":false,"_monsterinsights_sitenote_note":"","_monsterinsights_sitenote_category":0,"footnotes":""},"categories":[39],"tags":[969,1544,3315,2789,3316],"class_list":["post-1780","post","type-post","status-publish","format-standard","has-post-thumbnail","hentry","category-eautomobiliu-technine-puse","tag-kelio","tag-mokescius","tag-skraido","tag-sparks","tag-vartotojo"],"aioseo_notices":[],"yoast_head":"<!-- This site is optimized with the Yoast SEO plugin v26.8 - https:\/\/yoast.com\/product\/yoast-seo-wordpress\/ -->\n<title>\u201eSparks\u201c skraido per kelio vartotojo mokes\u010dius - Eautomobiliai.lt<\/title>\n<meta name=\"robots\" content=\"index, follow, max-snippet:-1, max-image-preview:large, max-video-preview:-1\" \/>\n<link rel=\"canonical\" href=\"http:\/\/eautomobiliai.lt\/index.php\/2025\/08\/12\/sparks-skraido-per-kelio-vartotojo-mokescius\/\" \/>\n<meta property=\"og:locale\" content=\"lt_LT\" \/>\n<meta property=\"og:type\" content=\"article\" \/>\n<meta property=\"og:title\" content=\"\u201eSparks\u201c skraido per kelio vartotojo mokes\u010dius - Eautomobiliai.lt\" \/>\n<meta property=\"og:description\" content=\"Federalinis i\u017edininkas raginamas priimti vartotojo mokes\u010dius u\u017e elektromobilius, kurie pad\u0117t\u0173 susimok\u0117ti u\u017e keli\u0173 prie\u017ei\u016br\u0105 ir \u012fkrovimo infrastrukt\u016br\u0105. Vairuotojai gali susidurti&hellip;\" \/>\n<meta property=\"og:url\" content=\"http:\/\/eautomobiliai.lt\/index.php\/2025\/08\/12\/sparks-skraido-per-kelio-vartotojo-mokescius\/\" \/>\n<meta property=\"og:site_name\" content=\"Eautomobiliai.lt\" \/>\n<meta property=\"article:published_time\" content=\"2025-08-12T19:57:24+00:00\" \/>\n<meta property=\"og:image\" content=\"http:\/\/eautomobiliai.lt\/wp-content\/uploads\/2025\/08\/\u201eSparks-skraido-per-kelio-vartotojo-mokescius.jpeg\" \/>\n\t<meta property=\"og:image:width\" content=\"1500\" \/>\n\t<meta property=\"og:image:height\" content=\"1000\" \/>\n\t<meta property=\"og:image:type\" content=\"image\/jpeg\" \/>\n<meta name=\"author\" content=\"admin\" \/>\n<meta name=\"twitter:card\" content=\"summary_large_image\" \/>\n<meta name=\"twitter:label1\" content=\"Written by\" \/>\n\t<meta name=\"twitter:data1\" content=\"admin\" \/>\n\t<meta name=\"twitter:label2\" content=\"Est. reading time\" \/>\n\t<meta name=\"twitter:data2\" content=\"3 minut\u0117s\" \/>\n<script type=\"application\/ld+json\" class=\"yoast-schema-graph\">{\"@context\":\"https:\/\/schema.org\",\"@graph\":[{\"@type\":\"Article\",\"@id\":\"http:\/\/eautomobiliai.lt\/index.php\/2025\/08\/12\/sparks-skraido-per-kelio-vartotojo-mokescius\/#article\",\"isPartOf\":{\"@id\":\"http:\/\/eautomobiliai.lt\/index.php\/2025\/08\/12\/sparks-skraido-per-kelio-vartotojo-mokescius\/\"},\"author\":{\"name\":\"admin\",\"@id\":\"https:\/\/eautomobiliai.lt\/#\/schema\/person\/ecf2a967f361217d056061f74deb92f2\"},\"headline\":\"\u201eSparks\u201c skraido per kelio vartotojo mokes\u010dius\",\"datePublished\":\"2025-08-12T19:57:24+00:00\",\"mainEntityOfPage\":{\"@id\":\"http:\/\/eautomobiliai.lt\/index.php\/2025\/08\/12\/sparks-skraido-per-kelio-vartotojo-mokescius\/\"},\"wordCount\":617,\"commentCount\":0,\"image\":{\"@id\":\"http:\/\/eautomobiliai.lt\/index.php\/2025\/08\/12\/sparks-skraido-per-kelio-vartotojo-mokescius\/#primaryimage\"},\"thumbnailUrl\":\"http:\/\/eautomobiliai.lt\/wp-content\/uploads\/2025\/08\/\u201eSparks-skraido-per-kelio-vartotojo-mokescius.jpeg\",\"keywords\":[\"Kelio\",\"mokes\u010dius\",\"skraido\",\"Sparks\",\"vartotojo\"],\"articleSection\":[\"eAUTOMOBILI\u0172 TECHNIN\u0116 PUS\u0116\"],\"inLanguage\":\"lt-LT\",\"potentialAction\":[{\"@type\":\"CommentAction\",\"name\":\"Comment\",\"target\":[\"http:\/\/eautomobiliai.lt\/index.php\/2025\/08\/12\/sparks-skraido-per-kelio-vartotojo-mokescius\/#respond\"]}]},{\"@type\":\"WebPage\",\"@id\":\"http:\/\/eautomobiliai.lt\/index.php\/2025\/08\/12\/sparks-skraido-per-kelio-vartotojo-mokescius\/\",\"url\":\"http:\/\/eautomobiliai.lt\/index.php\/2025\/08\/12\/sparks-skraido-per-kelio-vartotojo-mokescius\/\",\"name\":\"\u201eSparks\u201c skraido per kelio vartotojo mokes\u010dius - Eautomobiliai.lt\",\"isPartOf\":{\"@id\":\"https:\/\/eautomobiliai.lt\/#website\"},\"primaryImageOfPage\":{\"@id\":\"http:\/\/eautomobiliai.lt\/index.php\/2025\/08\/12\/sparks-skraido-per-kelio-vartotojo-mokescius\/#primaryimage\"},\"image\":{\"@id\":\"http:\/\/eautomobiliai.lt\/index.php\/2025\/08\/12\/sparks-skraido-per-kelio-vartotojo-mokescius\/#primaryimage\"},\"thumbnailUrl\":\"http:\/\/eautomobiliai.lt\/wp-content\/uploads\/2025\/08\/\u201eSparks-skraido-per-kelio-vartotojo-mokescius.jpeg\",\"datePublished\":\"2025-08-12T19:57:24+00:00\",\"author\":{\"@id\":\"https:\/\/eautomobiliai.lt\/#\/schema\/person\/ecf2a967f361217d056061f74deb92f2\"},\"breadcrumb\":{\"@id\":\"http:\/\/eautomobiliai.lt\/index.php\/2025\/08\/12\/sparks-skraido-per-kelio-vartotojo-mokescius\/#breadcrumb\"},\"inLanguage\":\"lt-LT\",\"potentialAction\":[{\"@type\":\"ReadAction\",\"target\":[\"http:\/\/eautomobiliai.lt\/index.php\/2025\/08\/12\/sparks-skraido-per-kelio-vartotojo-mokescius\/\"]}]},{\"@type\":\"ImageObject\",\"inLanguage\":\"lt-LT\",\"@id\":\"http:\/\/eautomobiliai.lt\/index.php\/2025\/08\/12\/sparks-skraido-per-kelio-vartotojo-mokescius\/#primaryimage\",\"url\":\"http:\/\/eautomobiliai.lt\/wp-content\/uploads\/2025\/08\/\u201eSparks-skraido-per-kelio-vartotojo-mokescius.jpeg\",\"contentUrl\":\"http:\/\/eautomobiliai.lt\/wp-content\/uploads\/2025\/08\/\u201eSparks-skraido-per-kelio-vartotojo-mokescius.jpeg\",\"width\":1500,\"height\":1000},{\"@type\":\"BreadcrumbList\",\"@id\":\"http:\/\/eautomobiliai.lt\/index.php\/2025\/08\/12\/sparks-skraido-per-kelio-vartotojo-mokescius\/#breadcrumb\",\"itemListElement\":[{\"@type\":\"ListItem\",\"position\":1,\"name\":\"Home\",\"item\":\"https:\/\/eautomobiliai.lt\/\"},{\"@type\":\"ListItem\",\"position\":2,\"name\":\"\u201eSparks\u201c skraido per kelio vartotojo mokes\u010dius\"}]},{\"@type\":\"WebSite\",\"@id\":\"https:\/\/eautomobiliai.lt\/#website\",\"url\":\"https:\/\/eautomobiliai.lt\/\",\"name\":\"Eautomobiliai.lt\",\"description\":\"Elektrinis transportas, technologijos\",\"potentialAction\":[{\"@type\":\"SearchAction\",\"target\":{\"@type\":\"EntryPoint\",\"urlTemplate\":\"https:\/\/eautomobiliai.lt\/?s={search_term_string}\"},\"query-input\":{\"@type\":\"PropertyValueSpecification\",\"valueRequired\":true,\"valueName\":\"search_term_string\"}}],\"inLanguage\":\"lt-LT\"},{\"@type\":\"Person\",\"@id\":\"https:\/\/eautomobiliai.lt\/#\/schema\/person\/ecf2a967f361217d056061f74deb92f2\",\"name\":\"admin\",\"image\":{\"@type\":\"ImageObject\",\"inLanguage\":\"lt-LT\",\"@id\":\"https:\/\/eautomobiliai.lt\/#\/schema\/person\/image\/\",\"url\":\"https:\/\/secure.gravatar.com\/avatar\/6323379efae0c70c686c7905444d6bbd?s=96&d=mm&r=g\",\"contentUrl\":\"https:\/\/secure.gravatar.com\/avatar\/6323379efae0c70c686c7905444d6bbd?s=96&d=mm&r=g\",\"caption\":\"admin\"},\"sameAs\":[\"http:\/\/eautomobiliai.lt\"],\"url\":\"http:\/\/eautomobiliai.lt\/index.php\/author\/admin\/\"}]}<\/script>\n<!-- \/ Yoast SEO plugin. -->","yoast_head_json":{"title":"\u201eSparks\u201c skraido per kelio vartotojo mokes\u010dius - Eautomobiliai.lt","robots":{"index":"index","follow":"follow","max-snippet":"max-snippet:-1","max-image-preview":"max-image-preview:large","max-video-preview":"max-video-preview:-1"},"canonical":"http:\/\/eautomobiliai.lt\/index.php\/2025\/08\/12\/sparks-skraido-per-kelio-vartotojo-mokescius\/","og_locale":"lt_LT","og_type":"article","og_title":"\u201eSparks\u201c skraido per kelio vartotojo mokes\u010dius - Eautomobiliai.lt","og_description":"Federalinis i\u017edininkas raginamas priimti vartotojo mokes\u010dius u\u017e elektromobilius, kurie pad\u0117t\u0173 susimok\u0117ti u\u017e keli\u0173 prie\u017ei\u016br\u0105 ir \u012fkrovimo infrastrukt\u016br\u0105. Vairuotojai gali susidurti&hellip;","og_url":"http:\/\/eautomobiliai.lt\/index.php\/2025\/08\/12\/sparks-skraido-per-kelio-vartotojo-mokescius\/","og_site_name":"Eautomobiliai.lt","article_published_time":"2025-08-12T19:57:24+00:00","og_image":[{"width":1500,"height":1000,"url":"http:\/\/eautomobiliai.lt\/wp-content\/uploads\/2025\/08\/\u201eSparks-skraido-per-kelio-vartotojo-mokescius.jpeg","type":"image\/jpeg"}],"author":"admin","twitter_card":"summary_large_image","twitter_misc":{"Written by":"admin","Est. reading time":"3 minut\u0117s"},"schema":{"@context":"https:\/\/schema.org","@graph":[{"@type":"Article","@id":"http:\/\/eautomobiliai.lt\/index.php\/2025\/08\/12\/sparks-skraido-per-kelio-vartotojo-mokescius\/#article","isPartOf":{"@id":"http:\/\/eautomobiliai.lt\/index.php\/2025\/08\/12\/sparks-skraido-per-kelio-vartotojo-mokescius\/"},"author":{"name":"admin","@id":"https:\/\/eautomobiliai.lt\/#\/schema\/person\/ecf2a967f361217d056061f74deb92f2"},"headline":"\u201eSparks\u201c skraido per kelio vartotojo mokes\u010dius","datePublished":"2025-08-12T19:57:24+00:00","mainEntityOfPage":{"@id":"http:\/\/eautomobiliai.lt\/index.php\/2025\/08\/12\/sparks-skraido-per-kelio-vartotojo-mokescius\/"},"wordCount":617,"commentCount":0,"image":{"@id":"http:\/\/eautomobiliai.lt\/index.php\/2025\/08\/12\/sparks-skraido-per-kelio-vartotojo-mokescius\/#primaryimage"},"thumbnailUrl":"http:\/\/eautomobiliai.lt\/wp-content\/uploads\/2025\/08\/\u201eSparks-skraido-per-kelio-vartotojo-mokescius.jpeg","keywords":["Kelio","mokes\u010dius","skraido","Sparks","vartotojo"],"articleSection":["eAUTOMOBILI\u0172 TECHNIN\u0116 PUS\u0116"],"inLanguage":"lt-LT","potentialAction":[{"@type":"CommentAction","name":"Comment","target":["http:\/\/eautomobiliai.lt\/index.php\/2025\/08\/12\/sparks-skraido-per-kelio-vartotojo-mokescius\/#respond"]}]},{"@type":"WebPage","@id":"http:\/\/eautomobiliai.lt\/index.php\/2025\/08\/12\/sparks-skraido-per-kelio-vartotojo-mokescius\/","url":"http:\/\/eautomobiliai.lt\/index.php\/2025\/08\/12\/sparks-skraido-per-kelio-vartotojo-mokescius\/","name":"\u201eSparks\u201c skraido per kelio vartotojo mokes\u010dius - Eautomobiliai.lt","isPartOf":{"@id":"https:\/\/eautomobiliai.lt\/#website"},"primaryImageOfPage":{"@id":"http:\/\/eautomobiliai.lt\/index.php\/2025\/08\/12\/sparks-skraido-per-kelio-vartotojo-mokescius\/#primaryimage"},"image":{"@id":"http:\/\/eautomobiliai.lt\/index.php\/2025\/08\/12\/sparks-skraido-per-kelio-vartotojo-mokescius\/#primaryimage"},"thumbnailUrl":"http:\/\/eautomobiliai.lt\/wp-content\/uploads\/2025\/08\/\u201eSparks-skraido-per-kelio-vartotojo-mokescius.jpeg","datePublished":"2025-08-12T19:57:24+00:00","author":{"@id":"https:\/\/eautomobiliai.lt\/#\/schema\/person\/ecf2a967f361217d056061f74deb92f2"},"breadcrumb":{"@id":"http:\/\/eautomobiliai.lt\/index.php\/2025\/08\/12\/sparks-skraido-per-kelio-vartotojo-mokescius\/#breadcrumb"},"inLanguage":"lt-LT","potentialAction":[{"@type":"ReadAction","target":["http:\/\/eautomobiliai.lt\/index.php\/2025\/08\/12\/sparks-skraido-per-kelio-vartotojo-mokescius\/"]}]},{"@type":"ImageObject","inLanguage":"lt-LT","@id":"http:\/\/eautomobiliai.lt\/index.php\/2025\/08\/12\/sparks-skraido-per-kelio-vartotojo-mokescius\/#primaryimage","url":"http:\/\/eautomobiliai.lt\/wp-content\/uploads\/2025\/08\/\u201eSparks-skraido-per-kelio-vartotojo-mokescius.jpeg","contentUrl":"http:\/\/eautomobiliai.lt\/wp-content\/uploads\/2025\/08\/\u201eSparks-skraido-per-kelio-vartotojo-mokescius.jpeg","width":1500,"height":1000},{"@type":"BreadcrumbList","@id":"http:\/\/eautomobiliai.lt\/index.php\/2025\/08\/12\/sparks-skraido-per-kelio-vartotojo-mokescius\/#breadcrumb","itemListElement":[{"@type":"ListItem","position":1,"name":"Home","item":"https:\/\/eautomobiliai.lt\/"},{"@type":"ListItem","position":2,"name":"\u201eSparks\u201c skraido per kelio vartotojo mokes\u010dius"}]},{"@type":"WebSite","@id":"https:\/\/eautomobiliai.lt\/#website","url":"https:\/\/eautomobiliai.lt\/","name":"Eautomobiliai.lt","description":"Elektrinis transportas, technologijos","potentialAction":[{"@type":"SearchAction","target":{"@type":"EntryPoint","urlTemplate":"https:\/\/eautomobiliai.lt\/?s={search_term_string}"},"query-input":{"@type":"PropertyValueSpecification","valueRequired":true,"valueName":"search_term_string"}}],"inLanguage":"lt-LT"},{"@type":"Person","@id":"https:\/\/eautomobiliai.lt\/#\/schema\/person\/ecf2a967f361217d056061f74deb92f2","name":"admin","image":{"@type":"ImageObject","inLanguage":"lt-LT","@id":"https:\/\/eautomobiliai.lt\/#\/schema\/person\/image\/","url":"https:\/\/secure.gravatar.com\/avatar\/6323379efae0c70c686c7905444d6bbd?s=96&d=mm&r=g","contentUrl":"https:\/\/secure.gravatar.com\/avatar\/6323379efae0c70c686c7905444d6bbd?s=96&d=mm&r=g","caption":"admin"},"sameAs":["http:\/\/eautomobiliai.lt"],"url":"http:\/\/eautomobiliai.lt\/index.php\/author\/admin\/"}]}},"_links":{"self":[{"href":"http:\/\/eautomobiliai.lt\/index.php\/wp-json\/wp\/v2\/posts\/1780","targetHints":{"allow":["GET"]}}],"collection":[{"href":"http:\/\/eautomobiliai.lt\/index.php\/wp-json\/wp\/v2\/posts"}],"about":[{"href":"http:\/\/eautomobiliai.lt\/index.php\/wp-json\/wp\/v2\/types\/post"}],"author":[{"embeddable":true,"href":"http:\/\/eautomobiliai.lt\/index.php\/wp-json\/wp\/v2\/users\/1"}],"replies":[{"embeddable":true,"href":"http:\/\/eautomobiliai.lt\/index.php\/wp-json\/wp\/v2\/comments?post=1780"}],"version-history":[{"count":0,"href":"http:\/\/eautomobiliai.lt\/index.php\/wp-json\/wp\/v2\/posts\/1780\/revisions"}],"wp:featuredmedia":[{"embeddable":true,"href":"http:\/\/eautomobiliai.lt\/index.php\/wp-json\/wp\/v2\/media\/1781"}],"wp:attachment":[{"href":"http:\/\/eautomobiliai.lt\/index.php\/wp-json\/wp\/v2\/media?parent=1780"}],"wp:term":[{"taxonomy":"category","embeddable":true,"href":"http:\/\/eautomobiliai.lt\/index.php\/wp-json\/wp\/v2\/categories?post=1780"},{"taxonomy":"post_tag","embeddable":true,"href":"http:\/\/eautomobiliai.lt\/index.php\/wp-json\/wp\/v2\/tags?post=1780"}],"curies":[{"name":"wp","href":"https:\/\/api.w.org\/{rel}","templated":true}]}}