{"id":1789,"date":"2025-08-13T15:55:21","date_gmt":"2025-08-13T15:55:21","guid":{"rendered":"https:\/\/eautomobiliai.lt\/index.php\/2025\/08\/13\/parduodamas-pirmasis-ev-su-pusiau-kieta-busena\/"},"modified":"2025-08-13T15:55:21","modified_gmt":"2025-08-13T15:55:21","slug":"parduodamas-pirmasis-ev-su-pusiau-kieta-busena","status":"publish","type":"post","link":"http:\/\/eautomobiliai.lt\/index.php\/2025\/08\/13\/parduodamas-pirmasis-ev-su-pusiau-kieta-busena\/","title":{"rendered":"Parduodamas pirmasis EV su pusiau kieta b\u016bsena"},"content":{"rendered":"<p> <br \/>\n<\/p>\n<div>\n<figure class=\"img-border featured-image\">\n\t<\/figure>\n<p>EV baterij\u0173 \u201e\u0161ventasis gralis\u201c gali b\u016bti ar\u010diau, nei mes manome. Pirmasis masi\u0161kai pagamintas EV, turintis pusiau kietos b\u016bsenos akumuliatori\u0173, nauj\u0105j\u012f MG4, buvo k\u0105 tik parduotas Kinijoje.<\/p>\n<p><span id=\"more-429645\"\/><\/p>\n<h2 class=\"wp-block-heading\" id=\"h-is-the-mg4-the-first-ev-with-a-semi-solid-state-battery\">Ar \u201eMg4\u201c yra pirmasis EV su pusiau kietos b\u016bsenos baterija?<\/h2>\n<p>Atidarius naujojo \u201eMG4\u201c i\u0161ankstinius u\u017esakymus anks\u010diau \u0161\u012f m\u0117nes\u012f, pradedant ma\u017edaug nuo 10 000 USD (73 800 juani\u0173), \u201eSaic Motor\u201c paskelb\u0117, kad rugs\u0117j\u012f bus atskleista pusiau kietos b\u016bsenos akumuliatoriaus versijos kainodara.<\/p>\n<p>Na, mes jau pa\u017evelgiame \u012f nauj\u0105 variant\u0105. \u201eMG4\u201c, apr\u016bpinta pusiau kieta valstyb\u0117s akumuliatoriumi, buvo \u012ftrauktas \u012f naujausias transporto priemoni\u0173 partijas, kurias \u0161i\u0105 savait\u0119 parduoda Kinijos pramon\u0117s ir informacini\u0173 technologij\u0173 ministerija (MIIT).<\/p>\n<p>Remiantis reguliavimo padavimu, naujajame EV tur\u0117s t\u0105 pat\u012f pavien\u012f priekyje pritvirtint\u0105 120 kW (161 AG) elektrin\u012f varikl\u012f kaip ir kiti modeliai.<\/p>\n<p>\t<span class=\"outbrain-ad-label\">Skelbimas &#8211; slinkite daugiau turinio<\/span><\/p>\n<p>Kaip ir tik\u0117tasi, did\u017eiausias pokytis yra akumuliatorius. Naujas variantas apsikei\u010dia li\u010dio gele\u017eies fosfato (LFP) akumuliatoriumi, kuris maitina kitus MG4 modelius mangano pagrindu pagamintai li\u010dio jon\u0173 akumuliatoriui. Akumuliatori\u0173 gamina \u201eSuzhou Qingtao Power Technology Co\u201c, pasaulin\u0117 kietojo k\u016bno Li-Ion EV baterij\u0173 lyder\u0117.<\/p>\n<div class=\"wp-block-jetpack-tiled-gallery aligncenter is-style-columns\">\n<div class=\"\">\n<div class=\"tiled-gallery__gallery\">\n<div class=\"tiled-gallery__row\">\n<div class=\"tiled-gallery__col\" style=\"flex-basis:58.11541%\">\n<figure data-wp-context=\"{\" imageid=\"\" data-wp-interactive=\"core\/image\" class=\"tiled-gallery__item wp-lightbox-container\"><img decoding=\"async\" data-wp-class--hide=\"state.isContentHidden\" data-wp-class--show=\"state.isContentVisible\" data-wp-init=\"callbacks.setButtonStyles\" data-wp-on-async--click=\"actions.showLightbox\" data-wp-on-async--load=\"callbacks.setButtonStyles\" data-wp-on-async-window--resize=\"callbacks.setButtonStyles\" srcset=\"https:\/\/i0.wp.com\/electrek.co\/wp-content\/uploads\/sites\/3\/2025\/08\/First-EV-semi-solid-state-battery-2.jpeg?strip=info&amp;w=600&amp;ssl=1 600w,https:\/\/i0.wp.com\/electrek.co\/wp-content\/uploads\/sites\/3\/2025\/08\/First-EV-semi-solid-state-battery-2.jpeg?strip=info&amp;w=900&amp;ssl=1 900w,https:\/\/i0.wp.com\/electrek.co\/wp-content\/uploads\/sites\/3\/2025\/08\/First-EV-semi-solid-state-battery-2.jpeg?strip=info&amp;w=1200&amp;ssl=1 1200w,https:\/\/i0.wp.com\/electrek.co\/wp-content\/uploads\/sites\/3\/2025\/08\/First-EV-semi-solid-state-battery-2.jpeg?strip=info&amp;w=1400&amp;ssl=1 1400w\" alt=\"Pirmosios-Semi-kietos b\u016bkl\u0117s\" data-height=\"755\" data-id=\"429652\" data-link=\"https:\/\/electrek.co\/?attachment_id=429652\" data-url=\"https:\/\/electrek.co\/wp-content\/uploads\/sites\/3\/2025\/08\/First-EV-semi-solid-state-battery-2.jpeg?quality=82&amp;strip=all&amp;w=1024\" data-width=\"1400\" src=\"https:\/\/i0.wp.com\/electrek.co\/wp-content\/uploads\/sites\/3\/2025\/08\/First-EV-semi-solid-state-battery-2.jpeg?ssl=1\" data-amp-layout=\"responsive\"\/><button class=\"lightbox-trigger\" type=\"button\" aria-haspopup=\"dialog\" aria-label=\"Enlarge\" data-wp-init=\"callbacks.initTriggerButton\" data-wp-on-async--click=\"actions.showLightbox\" data-wp-style--right=\"state.imageButtonRight\" data-wp-style--top=\"state.imageButtonTop\"><br \/>\n\t\t\t<svg xmlns=\"http:\/\/www.w3.org\/2000\/svg\" width=\"12\" height=\"12\" fill=\"none\" viewbox=\"0 0 12 12\">\n\t\t\t\t<path fill=\"#fff\" d=\"M2 0a2 2 0 0 0-2 2v2h1.5V2a.5.5 0 0 1 .5-.5h2V0H2Zm2 10.5H2a.5.5 0 0 1-.5-.5V8H0v2a2 2 0 0 0 2 2h2v-1.5ZM8 12v-1.5h2a.5.5 0 0 0 .5-.5V8H12v2a2 2 0 0 1-2 2H8Zm2-12a2 2 0 0 1 2 2v2h-1.5V2a.5.5 0 0 0-.5-.5H8V0h2Z\"\/>\n\t\t\t<\/svg><br \/>\n\t\t<\/button><\/figure>\n<\/div>\n<div class=\"tiled-gallery__col\" style=\"flex-basis:41.88459%\">\n<figure data-wp-context=\"{\" imageid=\"\" data-wp-interactive=\"core\/image\" class=\"tiled-gallery__item wp-lightbox-container\"><img decoding=\"async\" data-wp-class--hide=\"state.isContentHidden\" data-wp-class--show=\"state.isContentVisible\" data-wp-init=\"callbacks.setButtonStyles\" data-wp-on-async--click=\"actions.showLightbox\" data-wp-on-async--load=\"callbacks.setButtonStyles\" data-wp-on-async-window--resize=\"callbacks.setButtonStyles\" srcset=\"https:\/\/i0.wp.com\/electrek.co\/wp-content\/uploads\/sites\/3\/2025\/08\/First-EV-semi-solid-state-battery-1.jpeg?strip=info&amp;w=600&amp;ssl=1 600w,https:\/\/i0.wp.com\/electrek.co\/wp-content\/uploads\/sites\/3\/2025\/08\/First-EV-semi-solid-state-battery-1.jpeg?strip=info&amp;w=900&amp;ssl=1 900w,https:\/\/i0.wp.com\/electrek.co\/wp-content\/uploads\/sites\/3\/2025\/08\/First-EV-semi-solid-state-battery-1.jpeg?strip=info&amp;w=1200&amp;ssl=1 1200w,https:\/\/i0.wp.com\/electrek.co\/wp-content\/uploads\/sites\/3\/2025\/08\/First-EV-semi-solid-state-battery-1.jpeg?strip=info&amp;w=1400&amp;ssl=1 1400w\" alt=\"Pirmosios-Semi-kietos b\u016bkl\u0117s\" data-height=\"1049\" data-id=\"429651\" data-link=\"https:\/\/electrek.co\/?attachment_id=429651\" data-url=\"https:\/\/electrek.co\/wp-content\/uploads\/sites\/3\/2025\/08\/First-EV-semi-solid-state-battery-1.jpeg?quality=82&amp;strip=all&amp;w=1024\" data-width=\"1400\" src=\"https:\/\/i0.wp.com\/electrek.co\/wp-content\/uploads\/sites\/3\/2025\/08\/First-EV-semi-solid-state-battery-1.jpeg?ssl=1\" data-amp-layout=\"responsive\"\/><button class=\"lightbox-trigger\" type=\"button\" aria-haspopup=\"dialog\" aria-label=\"Enlarge\" data-wp-init=\"callbacks.initTriggerButton\" data-wp-on-async--click=\"actions.showLightbox\" data-wp-style--right=\"state.imageButtonRight\" data-wp-style--top=\"state.imageButtonTop\"><br \/>\n\t\t\t<svg xmlns=\"http:\/\/www.w3.org\/2000\/svg\" width=\"12\" height=\"12\" fill=\"none\" viewbox=\"0 0 12 12\">\n\t\t\t\t<path fill=\"#fff\" d=\"M2 0a2 2 0 0 0-2 2v2h1.5V2a.5.5 0 0 1 .5-.5h2V0H2Zm2 10.5H2a.5.5 0 0 1-.5-.5V8H0v2a2 2 0 0 0 2 2h2v-1.5ZM8 12v-1.5h2a.5.5 0 0 0 .5-.5V8H12v2a2 2 0 0 1-2 2H8Zm2-12a2 2 0 0 1 2 2v2h-1.5V2a.5.5 0 0 0-.5-.5H8V0h2Z\"\/>\n\t\t\t<\/svg><br \/>\n\t\t<\/button><\/figure>\n<\/div>\n<\/div>\n<\/div>\n<\/div>\n<\/div>\n<p>Kitos pasirenkamos savyb\u0117s yra 360 laipsni\u0173 kamera, priekiniai ir galiniai radarai, priekinis \u017eenkliukai, tonuotas stogas ir privatumo stiklas.<\/p>\n<p>Nors jis buvo parduodamas, tur\u0117sime palaukti, kol bus ar\u010diau, kad paleisime kainas, diapazon\u0105, akumuliatoriaus talp\u0105 ir kitas specifikacijas.<\/p>\n<figure class=\"wp-block-image alignwide size-large\"><img loading=\"lazy\" decoding=\"async\" height=\"512\" width=\"1024\" src=\"https:\/\/electrek.co\/wp-content\/uploads\/sites\/3\/2025\/08\/New-MG4-semi-solid-state-EV-battery-1.jpeg?quality=82&amp;strip=all&amp;w=1024\" alt=\"Pirmosios-Semi-kietos b\u016bkl\u0117s\" class=\"wp-image-428382\" srcset=\"https:\/\/electrek.co\/wp-content\/uploads\/sites\/3\/2025\/08\/New-MG4-semi-solid-state-EV-battery-1.jpeg 1400w, https:\/\/electrek.co\/wp-content\/uploads\/sites\/3\/2025\/08\/New-MG4-semi-solid-state-EV-battery-1.jpeg?resize=150,75 150w, https:\/\/electrek.co\/wp-content\/uploads\/sites\/3\/2025\/08\/New-MG4-semi-solid-state-EV-battery-1.jpeg?resize=300,150 300w, https:\/\/electrek.co\/wp-content\/uploads\/sites\/3\/2025\/08\/New-MG4-semi-solid-state-EV-battery-1.jpeg?resize=768,384 768w, https:\/\/electrek.co\/wp-content\/uploads\/sites\/3\/2025\/08\/New-MG4-semi-solid-state-EV-battery-1.jpeg?resize=1024,512 1024w, https:\/\/electrek.co\/wp-content\/uploads\/sites\/3\/2025\/08\/New-MG4-semi-solid-state-EV-battery-1.jpeg?resize=350,175 350w, https:\/\/electrek.co\/wp-content\/uploads\/sites\/3\/2025\/08\/New-MG4-semi-solid-state-EV-battery-1.jpeg?resize=140,70 140w, https:\/\/electrek.co\/wp-content\/uploads\/sites\/3\/2025\/08\/New-MG4-semi-solid-state-EV-battery-1.jpeg?resize=290,145 290w\" sizes=\"auto, (max-width: 1024px) 100vw, 1024px\"\/><figcaption class=\"wp-element-caption\">Visi\u0161kai naujas MG4 EV (\u0161altinis: SAIC MG)<\/figcaption><\/figure>\n<p>\u0160iuo metu \u201eNew MG4\u201c yra keturi\u0173 apdaila: patogumas, lengvumas, laisv\u0117 ir protinga. Galimos dvi akumuliatori\u0173 pakuot\u0117s parinktys: 42,8 kWh ir 53,9 kWh, atitinkamai CLTC diapazonai &#8211; atitinkamai 437 km (272 mylios) ir 530 km (330 myli\u0173).<\/p>\n<p>Kainos prasideda nuo 73 800 juani\u0173 (10 000 USD) u\u017e bazin\u0119 \u201ekomforto\u201c apdail\u0105, svyruojan\u010di\u0105 iki 105 800 juani\u0173 (15 000 USD) u\u017e \u201eprotingo\u201c leidimo model\u012f.<\/p>\n<figure class=\"wp-block-image alignwide size-large\"><img loading=\"lazy\" decoding=\"async\" height=\"512\" width=\"1024\" src=\"https:\/\/electrek.co\/wp-content\/uploads\/sites\/3\/2025\/08\/New-MG4-semi-solid-state-EV-battery-interior.jpeg?quality=82&amp;strip=all&amp;w=1024\" alt=\"Pirmosios-Semi-kietos b\u016bkl\u0117s\" class=\"wp-image-428383\" srcset=\"https:\/\/electrek.co\/wp-content\/uploads\/sites\/3\/2025\/08\/New-MG4-semi-solid-state-EV-battery-interior.jpeg 1400w, https:\/\/electrek.co\/wp-content\/uploads\/sites\/3\/2025\/08\/New-MG4-semi-solid-state-EV-battery-interior.jpeg?resize=150,75 150w, https:\/\/electrek.co\/wp-content\/uploads\/sites\/3\/2025\/08\/New-MG4-semi-solid-state-EV-battery-interior.jpeg?resize=300,150 300w, https:\/\/electrek.co\/wp-content\/uploads\/sites\/3\/2025\/08\/New-MG4-semi-solid-state-EV-battery-interior.jpeg?resize=768,384 768w, https:\/\/electrek.co\/wp-content\/uploads\/sites\/3\/2025\/08\/New-MG4-semi-solid-state-EV-battery-interior.jpeg?resize=1024,512 1024w, https:\/\/electrek.co\/wp-content\/uploads\/sites\/3\/2025\/08\/New-MG4-semi-solid-state-EV-battery-interior.jpeg?resize=350,175 350w, https:\/\/electrek.co\/wp-content\/uploads\/sites\/3\/2025\/08\/New-MG4-semi-solid-state-EV-battery-interior.jpeg?resize=140,70 140w, https:\/\/electrek.co\/wp-content\/uploads\/sites\/3\/2025\/08\/New-MG4-semi-solid-state-EV-battery-interior.jpeg?resize=290,145 290w\" sizes=\"auto, (max-width: 1024px) 100vw, 1024px\"\/><figcaption class=\"wp-element-caption\">Visi\u0161kai naujas MG4 EV interjeras (\u0161altinis: Mg SAIC)<\/figcaption><\/figure>\n<p>Naujasis MG4 yra 4,395 mm ilgio, 1,842 mm plo\u010dio ir 1,551 mm auk\u0161\u010dio. Naujasis MG4 yra \u0161iek tiek didesnis nei populiarus BYD Dolphin EV liukas.<\/p>\n<p>Tikimasi, kad viduje yra pusiau kietos b\u016bsenos akumuliatoriaus versija, kurioje bus ta pati s\u0105ranka su 15,6 \u2033 pl\u016bduriuojan\u010diu ir pramoginiu ir daugybe i\u0161mani\u0173j\u0173 technologij\u0173.<\/p>\n<p>SAIC MG teigia, kad naujasis MG4 bus pirmasis masi\u0161kai pagamintas EV, kuris visame pasaulyje paleis su pusiau kietos b\u016bsenos akumuliatoriumi. Kainos ir daugiau informacijos paai\u0161k\u0117s rugs\u0117j\u012f, pristatymai prasid\u0117s iki 2025 m. Pabaigos.<\/p>\n<div class=\"ad-disclaimer-container\">\n<p class=\"disclaimer-affiliate\"><em>FPK: Mes naudojame pajamas gaunan\u010dias automatinio filialo nuorodas.<\/em> Daugiau.<\/p>\n<p><!-- post ad --><\/div>\n<\/p><\/div>\n<p><br \/>\n<br \/><a href=\"https:\/\/electrek.co\/2025\/08\/13\/first-ev-with-semi-solid-state-battery-cleared-for-sale\/\">Source link <\/a><\/p>\n","protected":false},"excerpt":{"rendered":"<p>EV baterij\u0173 \u201e\u0161ventasis gralis\u201c gali b\u016bti ar\u010diau, nei mes manome. Pirmasis masi\u0161kai pagamintas EV, turintis pusiau kietos b\u016bsenos akumuliatori\u0173, nauj\u0105j\u012f&hellip;<\/p>\n","protected":false},"author":1,"featured_media":1790,"comment_status":"open","ping_status":"open","sticky":false,"template":"","format":"standard","meta":{"om_disable_all_campaigns":false,"_monsterinsights_skip_tracking":false,"_monsterinsights_sitenote_active":false,"_monsterinsights_sitenote_note":"","_monsterinsights_sitenote_category":0,"footnotes":""},"categories":[8],"tags":[3332,3331,3330,807,1263],"class_list":["post-1789","post","type-post","status-publish","format-standard","has-post-thumbnail","hentry","category-elektriniai-automobiliai","tag-busena","tag-kieta","tag-parduodamas","tag-pirmasis","tag-pusiau"],"aioseo_notices":[],"yoast_head":"<!-- This site is optimized with the Yoast SEO plugin v26.8 - https:\/\/yoast.com\/product\/yoast-seo-wordpress\/ -->\n<title>Parduodamas pirmasis EV su pusiau kieta b\u016bsena - Eautomobiliai.lt<\/title>\n<meta name=\"robots\" content=\"index, follow, max-snippet:-1, max-image-preview:large, max-video-preview:-1\" \/>\n<link rel=\"canonical\" href=\"http:\/\/eautomobiliai.lt\/index.php\/2025\/08\/13\/parduodamas-pirmasis-ev-su-pusiau-kieta-busena\/\" \/>\n<meta property=\"og:locale\" content=\"lt_LT\" \/>\n<meta property=\"og:type\" content=\"article\" \/>\n<meta property=\"og:title\" content=\"Parduodamas pirmasis EV su pusiau kieta b\u016bsena - Eautomobiliai.lt\" \/>\n<meta property=\"og:description\" content=\"EV baterij\u0173 \u201e\u0161ventasis gralis\u201c gali b\u016bti ar\u010diau, nei mes manome. Pirmasis masi\u0161kai pagamintas EV, turintis pusiau kietos b\u016bsenos akumuliatori\u0173, nauj\u0105j\u012f&hellip;\" \/>\n<meta property=\"og:url\" content=\"http:\/\/eautomobiliai.lt\/index.php\/2025\/08\/13\/parduodamas-pirmasis-ev-su-pusiau-kieta-busena\/\" \/>\n<meta property=\"og:site_name\" content=\"Eautomobiliai.lt\" \/>\n<meta property=\"article:published_time\" content=\"2025-08-13T15:55:21+00:00\" \/>\n<meta property=\"og:image\" content=\"http:\/\/eautomobiliai.lt\/wp-content\/uploads\/2025\/08\/Parduodamas-pirmasis-EV-su-pusiau-kieta-busena.jpeg\" \/>\n\t<meta property=\"og:image:width\" content=\"1200\" \/>\n\t<meta property=\"og:image:height\" content=\"628\" \/>\n\t<meta property=\"og:image:type\" content=\"image\/jpeg\" \/>\n<meta name=\"author\" content=\"admin\" \/>\n<meta name=\"twitter:card\" content=\"summary_large_image\" \/>\n<meta name=\"twitter:label1\" content=\"Written by\" \/>\n\t<meta name=\"twitter:data1\" content=\"admin\" \/>\n\t<meta name=\"twitter:label2\" content=\"Est. reading time\" \/>\n\t<meta name=\"twitter:data2\" content=\"2 minut\u0117s\" \/>\n<script type=\"application\/ld+json\" class=\"yoast-schema-graph\">{\"@context\":\"https:\/\/schema.org\",\"@graph\":[{\"@type\":\"Article\",\"@id\":\"http:\/\/eautomobiliai.lt\/index.php\/2025\/08\/13\/parduodamas-pirmasis-ev-su-pusiau-kieta-busena\/#article\",\"isPartOf\":{\"@id\":\"http:\/\/eautomobiliai.lt\/index.php\/2025\/08\/13\/parduodamas-pirmasis-ev-su-pusiau-kieta-busena\/\"},\"author\":{\"name\":\"admin\",\"@id\":\"http:\/\/eautomobiliai.lt\/#\/schema\/person\/ecf2a967f361217d056061f74deb92f2\"},\"headline\":\"Parduodamas pirmasis EV su pusiau kieta b\u016bsena\",\"datePublished\":\"2025-08-13T15:55:21+00:00\",\"mainEntityOfPage\":{\"@id\":\"http:\/\/eautomobiliai.lt\/index.php\/2025\/08\/13\/parduodamas-pirmasis-ev-su-pusiau-kieta-busena\/\"},\"wordCount\":394,\"commentCount\":0,\"image\":{\"@id\":\"http:\/\/eautomobiliai.lt\/index.php\/2025\/08\/13\/parduodamas-pirmasis-ev-su-pusiau-kieta-busena\/#primaryimage\"},\"thumbnailUrl\":\"http:\/\/eautomobiliai.lt\/wp-content\/uploads\/2025\/08\/Parduodamas-pirmasis-EV-su-pusiau-kieta-busena.jpeg\",\"keywords\":[\"b\u016bsena\",\"kieta\",\"Parduodamas\",\"pirmasis\",\"pusiau\"],\"articleSection\":[\"ELEKTRINIAI AUTOMOBILIAI\"],\"inLanguage\":\"lt-LT\",\"potentialAction\":[{\"@type\":\"CommentAction\",\"name\":\"Comment\",\"target\":[\"http:\/\/eautomobiliai.lt\/index.php\/2025\/08\/13\/parduodamas-pirmasis-ev-su-pusiau-kieta-busena\/#respond\"]}]},{\"@type\":\"WebPage\",\"@id\":\"http:\/\/eautomobiliai.lt\/index.php\/2025\/08\/13\/parduodamas-pirmasis-ev-su-pusiau-kieta-busena\/\",\"url\":\"http:\/\/eautomobiliai.lt\/index.php\/2025\/08\/13\/parduodamas-pirmasis-ev-su-pusiau-kieta-busena\/\",\"name\":\"Parduodamas pirmasis EV su pusiau kieta b\u016bsena - Eautomobiliai.lt\",\"isPartOf\":{\"@id\":\"http:\/\/eautomobiliai.lt\/#website\"},\"primaryImageOfPage\":{\"@id\":\"http:\/\/eautomobiliai.lt\/index.php\/2025\/08\/13\/parduodamas-pirmasis-ev-su-pusiau-kieta-busena\/#primaryimage\"},\"image\":{\"@id\":\"http:\/\/eautomobiliai.lt\/index.php\/2025\/08\/13\/parduodamas-pirmasis-ev-su-pusiau-kieta-busena\/#primaryimage\"},\"thumbnailUrl\":\"http:\/\/eautomobiliai.lt\/wp-content\/uploads\/2025\/08\/Parduodamas-pirmasis-EV-su-pusiau-kieta-busena.jpeg\",\"datePublished\":\"2025-08-13T15:55:21+00:00\",\"author\":{\"@id\":\"http:\/\/eautomobiliai.lt\/#\/schema\/person\/ecf2a967f361217d056061f74deb92f2\"},\"breadcrumb\":{\"@id\":\"http:\/\/eautomobiliai.lt\/index.php\/2025\/08\/13\/parduodamas-pirmasis-ev-su-pusiau-kieta-busena\/#breadcrumb\"},\"inLanguage\":\"lt-LT\",\"potentialAction\":[{\"@type\":\"ReadAction\",\"target\":[\"http:\/\/eautomobiliai.lt\/index.php\/2025\/08\/13\/parduodamas-pirmasis-ev-su-pusiau-kieta-busena\/\"]}]},{\"@type\":\"ImageObject\",\"inLanguage\":\"lt-LT\",\"@id\":\"http:\/\/eautomobiliai.lt\/index.php\/2025\/08\/13\/parduodamas-pirmasis-ev-su-pusiau-kieta-busena\/#primaryimage\",\"url\":\"http:\/\/eautomobiliai.lt\/wp-content\/uploads\/2025\/08\/Parduodamas-pirmasis-EV-su-pusiau-kieta-busena.jpeg\",\"contentUrl\":\"http:\/\/eautomobiliai.lt\/wp-content\/uploads\/2025\/08\/Parduodamas-pirmasis-EV-su-pusiau-kieta-busena.jpeg\",\"width\":1200,\"height\":628},{\"@type\":\"BreadcrumbList\",\"@id\":\"http:\/\/eautomobiliai.lt\/index.php\/2025\/08\/13\/parduodamas-pirmasis-ev-su-pusiau-kieta-busena\/#breadcrumb\",\"itemListElement\":[{\"@type\":\"ListItem\",\"position\":1,\"name\":\"Home\",\"item\":\"http:\/\/eautomobiliai.lt\/\"},{\"@type\":\"ListItem\",\"position\":2,\"name\":\"Parduodamas pirmasis EV su pusiau kieta b\u016bsena\"}]},{\"@type\":\"WebSite\",\"@id\":\"http:\/\/eautomobiliai.lt\/#website\",\"url\":\"http:\/\/eautomobiliai.lt\/\",\"name\":\"Eautomobiliai.lt\",\"description\":\"Elektrinis transportas, technologijos\",\"potentialAction\":[{\"@type\":\"SearchAction\",\"target\":{\"@type\":\"EntryPoint\",\"urlTemplate\":\"http:\/\/eautomobiliai.lt\/?s={search_term_string}\"},\"query-input\":{\"@type\":\"PropertyValueSpecification\",\"valueRequired\":true,\"valueName\":\"search_term_string\"}}],\"inLanguage\":\"lt-LT\"},{\"@type\":\"Person\",\"@id\":\"http:\/\/eautomobiliai.lt\/#\/schema\/person\/ecf2a967f361217d056061f74deb92f2\",\"name\":\"admin\",\"image\":{\"@type\":\"ImageObject\",\"inLanguage\":\"lt-LT\",\"@id\":\"http:\/\/eautomobiliai.lt\/#\/schema\/person\/image\/\",\"url\":\"https:\/\/secure.gravatar.com\/avatar\/6323379efae0c70c686c7905444d6bbd?s=96&d=mm&r=g\",\"contentUrl\":\"https:\/\/secure.gravatar.com\/avatar\/6323379efae0c70c686c7905444d6bbd?s=96&d=mm&r=g\",\"caption\":\"admin\"},\"sameAs\":[\"http:\/\/eautomobiliai.lt\"],\"url\":\"http:\/\/eautomobiliai.lt\/index.php\/author\/admin\/\"}]}<\/script>\n<!-- \/ Yoast SEO plugin. -->","yoast_head_json":{"title":"Parduodamas pirmasis EV su pusiau kieta b\u016bsena - Eautomobiliai.lt","robots":{"index":"index","follow":"follow","max-snippet":"max-snippet:-1","max-image-preview":"max-image-preview:large","max-video-preview":"max-video-preview:-1"},"canonical":"http:\/\/eautomobiliai.lt\/index.php\/2025\/08\/13\/parduodamas-pirmasis-ev-su-pusiau-kieta-busena\/","og_locale":"lt_LT","og_type":"article","og_title":"Parduodamas pirmasis EV su pusiau kieta b\u016bsena - Eautomobiliai.lt","og_description":"EV baterij\u0173 \u201e\u0161ventasis gralis\u201c gali b\u016bti ar\u010diau, nei mes manome. Pirmasis masi\u0161kai pagamintas EV, turintis pusiau kietos b\u016bsenos akumuliatori\u0173, nauj\u0105j\u012f&hellip;","og_url":"http:\/\/eautomobiliai.lt\/index.php\/2025\/08\/13\/parduodamas-pirmasis-ev-su-pusiau-kieta-busena\/","og_site_name":"Eautomobiliai.lt","article_published_time":"2025-08-13T15:55:21+00:00","og_image":[{"width":1200,"height":628,"url":"http:\/\/eautomobiliai.lt\/wp-content\/uploads\/2025\/08\/Parduodamas-pirmasis-EV-su-pusiau-kieta-busena.jpeg","type":"image\/jpeg"}],"author":"admin","twitter_card":"summary_large_image","twitter_misc":{"Written by":"admin","Est. reading time":"2 minut\u0117s"},"schema":{"@context":"https:\/\/schema.org","@graph":[{"@type":"Article","@id":"http:\/\/eautomobiliai.lt\/index.php\/2025\/08\/13\/parduodamas-pirmasis-ev-su-pusiau-kieta-busena\/#article","isPartOf":{"@id":"http:\/\/eautomobiliai.lt\/index.php\/2025\/08\/13\/parduodamas-pirmasis-ev-su-pusiau-kieta-busena\/"},"author":{"name":"admin","@id":"http:\/\/eautomobiliai.lt\/#\/schema\/person\/ecf2a967f361217d056061f74deb92f2"},"headline":"Parduodamas pirmasis EV su pusiau kieta b\u016bsena","datePublished":"2025-08-13T15:55:21+00:00","mainEntityOfPage":{"@id":"http:\/\/eautomobiliai.lt\/index.php\/2025\/08\/13\/parduodamas-pirmasis-ev-su-pusiau-kieta-busena\/"},"wordCount":394,"commentCount":0,"image":{"@id":"http:\/\/eautomobiliai.lt\/index.php\/2025\/08\/13\/parduodamas-pirmasis-ev-su-pusiau-kieta-busena\/#primaryimage"},"thumbnailUrl":"http:\/\/eautomobiliai.lt\/wp-content\/uploads\/2025\/08\/Parduodamas-pirmasis-EV-su-pusiau-kieta-busena.jpeg","keywords":["b\u016bsena","kieta","Parduodamas","pirmasis","pusiau"],"articleSection":["ELEKTRINIAI AUTOMOBILIAI"],"inLanguage":"lt-LT","potentialAction":[{"@type":"CommentAction","name":"Comment","target":["http:\/\/eautomobiliai.lt\/index.php\/2025\/08\/13\/parduodamas-pirmasis-ev-su-pusiau-kieta-busena\/#respond"]}]},{"@type":"WebPage","@id":"http:\/\/eautomobiliai.lt\/index.php\/2025\/08\/13\/parduodamas-pirmasis-ev-su-pusiau-kieta-busena\/","url":"http:\/\/eautomobiliai.lt\/index.php\/2025\/08\/13\/parduodamas-pirmasis-ev-su-pusiau-kieta-busena\/","name":"Parduodamas pirmasis EV su pusiau kieta b\u016bsena - Eautomobiliai.lt","isPartOf":{"@id":"http:\/\/eautomobiliai.lt\/#website"},"primaryImageOfPage":{"@id":"http:\/\/eautomobiliai.lt\/index.php\/2025\/08\/13\/parduodamas-pirmasis-ev-su-pusiau-kieta-busena\/#primaryimage"},"image":{"@id":"http:\/\/eautomobiliai.lt\/index.php\/2025\/08\/13\/parduodamas-pirmasis-ev-su-pusiau-kieta-busena\/#primaryimage"},"thumbnailUrl":"http:\/\/eautomobiliai.lt\/wp-content\/uploads\/2025\/08\/Parduodamas-pirmasis-EV-su-pusiau-kieta-busena.jpeg","datePublished":"2025-08-13T15:55:21+00:00","author":{"@id":"http:\/\/eautomobiliai.lt\/#\/schema\/person\/ecf2a967f361217d056061f74deb92f2"},"breadcrumb":{"@id":"http:\/\/eautomobiliai.lt\/index.php\/2025\/08\/13\/parduodamas-pirmasis-ev-su-pusiau-kieta-busena\/#breadcrumb"},"inLanguage":"lt-LT","potentialAction":[{"@type":"ReadAction","target":["http:\/\/eautomobiliai.lt\/index.php\/2025\/08\/13\/parduodamas-pirmasis-ev-su-pusiau-kieta-busena\/"]}]},{"@type":"ImageObject","inLanguage":"lt-LT","@id":"http:\/\/eautomobiliai.lt\/index.php\/2025\/08\/13\/parduodamas-pirmasis-ev-su-pusiau-kieta-busena\/#primaryimage","url":"http:\/\/eautomobiliai.lt\/wp-content\/uploads\/2025\/08\/Parduodamas-pirmasis-EV-su-pusiau-kieta-busena.jpeg","contentUrl":"http:\/\/eautomobiliai.lt\/wp-content\/uploads\/2025\/08\/Parduodamas-pirmasis-EV-su-pusiau-kieta-busena.jpeg","width":1200,"height":628},{"@type":"BreadcrumbList","@id":"http:\/\/eautomobiliai.lt\/index.php\/2025\/08\/13\/parduodamas-pirmasis-ev-su-pusiau-kieta-busena\/#breadcrumb","itemListElement":[{"@type":"ListItem","position":1,"name":"Home","item":"http:\/\/eautomobiliai.lt\/"},{"@type":"ListItem","position":2,"name":"Parduodamas pirmasis EV su pusiau kieta b\u016bsena"}]},{"@type":"WebSite","@id":"http:\/\/eautomobiliai.lt\/#website","url":"http:\/\/eautomobiliai.lt\/","name":"Eautomobiliai.lt","description":"Elektrinis transportas, technologijos","potentialAction":[{"@type":"SearchAction","target":{"@type":"EntryPoint","urlTemplate":"http:\/\/eautomobiliai.lt\/?s={search_term_string}"},"query-input":{"@type":"PropertyValueSpecification","valueRequired":true,"valueName":"search_term_string"}}],"inLanguage":"lt-LT"},{"@type":"Person","@id":"http:\/\/eautomobiliai.lt\/#\/schema\/person\/ecf2a967f361217d056061f74deb92f2","name":"admin","image":{"@type":"ImageObject","inLanguage":"lt-LT","@id":"http:\/\/eautomobiliai.lt\/#\/schema\/person\/image\/","url":"https:\/\/secure.gravatar.com\/avatar\/6323379efae0c70c686c7905444d6bbd?s=96&d=mm&r=g","contentUrl":"https:\/\/secure.gravatar.com\/avatar\/6323379efae0c70c686c7905444d6bbd?s=96&d=mm&r=g","caption":"admin"},"sameAs":["http:\/\/eautomobiliai.lt"],"url":"http:\/\/eautomobiliai.lt\/index.php\/author\/admin\/"}]}},"_links":{"self":[{"href":"http:\/\/eautomobiliai.lt\/index.php\/wp-json\/wp\/v2\/posts\/1789","targetHints":{"allow":["GET"]}}],"collection":[{"href":"http:\/\/eautomobiliai.lt\/index.php\/wp-json\/wp\/v2\/posts"}],"about":[{"href":"http:\/\/eautomobiliai.lt\/index.php\/wp-json\/wp\/v2\/types\/post"}],"author":[{"embeddable":true,"href":"http:\/\/eautomobiliai.lt\/index.php\/wp-json\/wp\/v2\/users\/1"}],"replies":[{"embeddable":true,"href":"http:\/\/eautomobiliai.lt\/index.php\/wp-json\/wp\/v2\/comments?post=1789"}],"version-history":[{"count":0,"href":"http:\/\/eautomobiliai.lt\/index.php\/wp-json\/wp\/v2\/posts\/1789\/revisions"}],"wp:featuredmedia":[{"embeddable":true,"href":"http:\/\/eautomobiliai.lt\/index.php\/wp-json\/wp\/v2\/media\/1790"}],"wp:attachment":[{"href":"http:\/\/eautomobiliai.lt\/index.php\/wp-json\/wp\/v2\/media?parent=1789"}],"wp:term":[{"taxonomy":"category","embeddable":true,"href":"http:\/\/eautomobiliai.lt\/index.php\/wp-json\/wp\/v2\/categories?post=1789"},{"taxonomy":"post_tag","embeddable":true,"href":"http:\/\/eautomobiliai.lt\/index.php\/wp-json\/wp\/v2\/tags?post=1789"}],"curies":[{"name":"wp","href":"https:\/\/api.w.org\/{rel}","templated":true}]}}