{"id":1820,"date":"2025-08-16T12:10:36","date_gmt":"2025-08-16T12:10:36","guid":{"rendered":"https:\/\/eautomobiliai.lt\/index.php\/2025\/08\/16\/vairavimo-pokyciai-kaip-2021-m-vyriausybes-paskatos-pagreitino-elektromobiliu-priemima\/"},"modified":"2025-08-16T12:10:36","modified_gmt":"2025-08-16T12:10:36","slug":"vairavimo-pokyciai-kaip-2021-m-vyriausybes-paskatos-pagreitino-elektromobiliu-priemima","status":"publish","type":"post","link":"http:\/\/eautomobiliai.lt\/index.php\/2025\/08\/16\/vairavimo-pokyciai-kaip-2021-m-vyriausybes-paskatos-pagreitino-elektromobiliu-priemima\/","title":{"rendered":"Vairavimo poky\u010diai: kaip 2021 m. Vyriausyb\u0117s paskatos pagreitino elektromobili\u0173 pri\u0117mim\u0105"},"content":{"rendered":"<p> <br \/>\n<\/p>\n<div id=\"\">\n<p>2021 m. Yra stipr\u016bs elektrini\u0173 transporto priemoni\u0173 (EV) augimo metai. Vyriausyb\u0117s pateik\u0117 priemones, kurios pad\u0117jo EV prie m\u016bs\u0173 keli\u0173. \u0160ie veiksmai past\u016bm\u0117jo daugiau pirk\u0117j\u0173 ir gamintoj\u0173 pasirinkti elektrinius automobilius.  \u0160is straipsnis paai\u0161kina, kaip 2021 m. Vyriausyb\u0117s pastangos padidino EV augim\u0105. Tai rodo pagrindin\u0119 politik\u0105 ir parodo, kas laukia.<\/p>\n<div id=\"ez-toc-container\" class=\"ez-toc-v2_0_82_2 counter-hierarchy ez-toc-counter ez-toc-grey ez-toc-container-direction\">\n<div class=\"ez-toc-title-container\">\n<p class=\"ez-toc-title\" style=\"cursor:inherit\">Turinys:<\/p>\n<span class=\"ez-toc-title-toggle\"><a href=\"#\" class=\"ez-toc-pull-right ez-toc-btn ez-toc-btn-xs ez-toc-btn-default ez-toc-toggle\" aria-label=\"Toggle Table of Content\"><span class=\"ez-toc-js-icon-con\"><span class=\"\"><span class=\"eztoc-hide\" style=\"display:none;\">Toggle<\/span><span class=\"ez-toc-icon-toggle-span\"><svg style=\"fill: #999;color:#999\" xmlns=\"http:\/\/www.w3.org\/2000\/svg\" class=\"list-377408\" width=\"20px\" height=\"20px\" viewBox=\"0 0 24 24\" fill=\"none\"><path d=\"M6 6H4v2h2V6zm14 0H8v2h12V6zM4 11h2v2H4v-2zm16 0H8v2h12v-2zM4 16h2v2H4v-2zm16 0H8v2h12v-2z\" fill=\"currentColor\"><\/path><\/svg><svg style=\"fill: #999;color:#999\" class=\"arrow-unsorted-368013\" xmlns=\"http:\/\/www.w3.org\/2000\/svg\" width=\"10px\" height=\"10px\" viewBox=\"0 0 24 24\" version=\"1.2\" baseProfile=\"tiny\"><path d=\"M18.2 9.3l-6.2-6.3-6.2 6.3c-.2.2-.3.4-.3.7s.1.5.3.7c.2.2.4.3.7.3h11c.3 0 .5-.1.7-.3.2-.2.3-.5.3-.7s-.1-.5-.3-.7zM5.8 14.7l6.2 6.3 6.2-6.3c.2-.2.3-.5.3-.7s-.1-.5-.3-.7c-.2-.2-.4-.3-.7-.3h-11c-.3 0-.5.1-.7.3-.2.2-.3.5-.3.7s.1.5.3.7z\"\/><\/svg><\/span><\/span><\/span><\/a><\/span><\/div>\n<nav><ul class='ez-toc-list ez-toc-list-level-1 ' ><li class='ez-toc-page-1 ez-toc-heading-level-2'><a class=\"ez-toc-link ez-toc-heading-1\" href=\"http:\/\/eautomobiliai.lt\/index.php\/2025\/08\/16\/vairavimo-pokyciai-kaip-2021-m-vyriausybes-paskatos-pagreitino-elektromobiliu-priemima\/#EV_ivaikinimo_kilimas_apzvalga\" >EV \u012fvaikinimo kilimas: ap\u017evalga<\/a><\/li><li class='ez-toc-page-1 ez-toc-heading-level-2'><a class=\"ez-toc-link ez-toc-heading-2\" href=\"http:\/\/eautomobiliai.lt\/index.php\/2025\/08\/16\/vairavimo-pokyciai-kaip-2021-m-vyriausybes-paskatos-pagreitino-elektromobiliu-priemima\/#Pagrindines_vyriausybes_paskatos_EV_augimui_2021_m\" >Pagrindin\u0117s vyriausyb\u0117s paskatos EV augimui 2021 m.<\/a><ul class='ez-toc-list-level-3' ><li class='ez-toc-heading-level-3'><a class=\"ez-toc-link ez-toc-heading-3\" href=\"http:\/\/eautomobiliai.lt\/index.php\/2025\/08\/16\/vairavimo-pokyciai-kaip-2021-m-vyriausybes-paskatos-pagreitino-elektromobiliu-priemima\/#1_Fiskalines_priemones_ir_nuolaidos_pirkimo\" >1. Fiskalin\u0117s priemon\u0117s ir nuolaidos pirkimo<\/a><\/li><li class='ez-toc-page-1 ez-toc-heading-level-3'><a class=\"ez-toc-link ez-toc-heading-4\" href=\"http:\/\/eautomobiliai.lt\/index.php\/2025\/08\/16\/vairavimo-pokyciai-kaip-2021-m-vyriausybes-paskatos-pagreitino-elektromobiliu-priemima\/#2_Ismetamuju_tersalu_taisykles_ir_degalu_standartai\" >2. I\u0161metam\u0173j\u0173 ter\u0161al\u0173 taisykl\u0117s ir degal\u0173 standartai<\/a><\/li><li class='ez-toc-page-1 ez-toc-heading-level-3'><a class=\"ez-toc-link ez-toc-heading-5\" href=\"http:\/\/eautomobiliai.lt\/index.php\/2025\/08\/16\/vairavimo-pokyciai-kaip-2021-m-vyriausybes-paskatos-pagreitino-elektromobiliu-priemima\/#3_Parama_isplesti_EV_ikrovimo_stotis\" >3. Parama i\u0161pl\u0117sti EV \u012fkrovimo stotis<\/a><\/li><li class='ez-toc-page-1 ez-toc-heading-level-3'><a class=\"ez-toc-link ez-toc-heading-6\" href=\"http:\/\/eautomobiliai.lt\/index.php\/2025\/08\/16\/vairavimo-pokyciai-kaip-2021-m-vyriausybes-paskatos-pagreitino-elektromobiliu-priemima\/#4_Pagalba_komercinems_ir_sunkioms_EVS\" >4. Pagalba komercin\u0117ms ir sunkioms EVS<\/a><\/li><\/ul><\/li><li class='ez-toc-page-1 ez-toc-heading-level-2'><a class=\"ez-toc-link ez-toc-heading-7\" href=\"http:\/\/eautomobiliai.lt\/index.php\/2025\/08\/16\/vairavimo-pokyciai-kaip-2021-m-vyriausybes-paskatos-pagreitino-elektromobiliu-priemima\/#Platesnis_poveikis_ir_ateities_perspektyvos\" >Platesnis poveikis ir ateities perspektyvos<\/a><\/li><li class='ez-toc-page-1 ez-toc-heading-level-2'><a class=\"ez-toc-link ez-toc-heading-8\" href=\"http:\/\/eautomobiliai.lt\/index.php\/2025\/08\/16\/vairavimo-pokyciai-kaip-2021-m-vyriausybes-paskatos-pagreitino-elektromobiliu-priemima\/#Isvada\" >I\u0161vada<\/a><\/li><\/ul><\/nav><\/div>\n<h2><span class=\"ez-toc-section\" id=\"EV_ivaikinimo_kilimas_apzvalga\"><\/span>EV \u012fvaikinimo kilimas: ap\u017evalga<span class=\"ez-toc-section-end\"><\/span><\/h2>\n<p>2020 m. Keliuose va\u017eiavo apie de\u0161imt milijon\u0173 elektromobili\u0173. Tais metais EV sudar\u0117 4,6% vis\u0173 nauj\u0173 automobili\u0173 pardavim\u0173. \u0160is faktas pad\u0117jo paremti elektrin\u012f mobilum\u0105. Daugelis pirk\u0117j\u0173 ir gamintoj\u0173 laik\u0117 EVS kaip paruo\u0161t\u0105 variant\u0105. 2021 m. Politika sustipr\u0117jo dar labiau padidinti EV skai\u010di\u0173.<\/p>\n<p>Vyriausyb\u0117s visuose regionuose pamat\u0117 poreik\u012f suma\u017einti transporto i\u0161metim\u0105. Daugelis \u0161ali\u0173 siekia i\u0161metam\u0173j\u0173 ter\u0161al\u0173. D\u0117l to per\u0117jimas prie EV tapo dideliu prioritetu. \u0160ie poky\u010diai pad\u0117jo paskatinti paskatas ir tvirtas taisykles.<\/p>\n<h2><span class=\"ez-toc-section\" id=\"Pagrindines_vyriausybes_paskatos_EV_augimui_2021_m\"><\/span>Pagrindin\u0117s vyriausyb\u0117s paskatos EV augimui 2021 m.<span class=\"ez-toc-section-end\"><\/span><\/h2>\n<h3><span class=\"ez-toc-section\" id=\"1_Fiskalines_priemones_ir_nuolaidos_pirkimo\"><\/span>1. Fiskalin\u0117s priemon\u0117s ir nuolaidos pirkimo<span class=\"ez-toc-section-end\"><\/span><\/h3>\n<p>Fiskalin\u0117 pagalba atsirado kaip pirkimo nuolaidos, mokes\u010di\u0173 kreditai ir mokes\u010di\u0173 pa\u0161alinimas. \u0160ie veiksmai suma\u017eino kain\u0173 skirtum\u0105 tarp EV ir dujini\u0173 automobili\u0173. Tokios tautos kaip Norvegija, JAV ir Kinija naudojo \u0161ias AIDS 2021 m. JAV. Nauja mokes\u010di\u0173 kredita pad\u0117jo tiek pirk\u0117jams, tiek gamintojams pasirinkti EV.<\/p>\n<h3><span class=\"ez-toc-section\" id=\"2_Ismetamuju_tersalu_taisykles_ir_degalu_standartai\"><\/span>2. I\u0161metam\u0173j\u0173 ter\u0161al\u0173 taisykl\u0117s ir degal\u0173 standartai<span class=\"ez-toc-section-end\"><\/span><\/h3>\n<p>Naujos taisykl\u0117s past\u016bm\u0117jo automobili\u0173 gamintojus pagreitinti EV gamyb\u0105. \u0160iandien daugiau nei 85% automobili\u0173 laikosi \u0161i\u0173 degal\u0173 ir i\u0161metam\u0173j\u0173 ter\u0161al\u0173 taisykli\u0173. Europoje grie\u017etos automobili\u0173 CO2 ribos leido pardavin\u0117ti daugiau EV. Kinija ir Kalifornija taik\u0117 pana\u0161ias taisykles, kurios padidino EVS dal\u012f keliuose.<\/p>\n<h3><span class=\"ez-toc-section\" id=\"3_Parama_isplesti_EV_ikrovimo_stotis\"><\/span>3. Parama i\u0161pl\u0117sti EV \u012fkrovimo stotis<span class=\"ez-toc-section-end\"><\/span><\/h3>\n<p>\u012ekrovimo stotys padeda palengvinti EV naudoti. Vyriausyb\u0117s \u012fd\u0117jo l\u0117\u0161\u0173 \u012f daugiau vie\u0161\u0173 \u012fkrovimo viet\u0173. Jungtin\u0117se Valstijose naujas \u012fstatymas skyr\u0117 5 milijardus doleri\u0173, kad b\u016bt\u0173 galima skleisti \u012fkrovimo tinklus palei pagrindinius greitkelius. Kitos programos papild\u0117 l\u0117\u0161as kaimo ir ma\u017eiau aptarnaujamoms teritorijoms. Kai kurioms statybos taisykl\u0117ms dabar reikia EV \u012fkrovimo ta\u0161k\u0173 naujose konstrukcijose, tod\u0117l lengviau perjungti.<\/p>\n<h3><span class=\"ez-toc-section\" id=\"4_Pagalba_komercinems_ir_sunkioms_EVS\"><\/span>4. Pagalba komercin\u0117ms ir sunkioms EVS<span class=\"ez-toc-section-end\"><\/span><\/h3>\n<p>\u0160viesos EVS vadovauja vartotoj\u0173 rinkoms. Vis d\u0117lto vyriausyb\u0117s taip pat pad\u0117jo vidutinio ir sunkaus transporto priemon\u0117ms gauti elektrinius variklius. Dotacijos, l\u0117\u0161os ir bandomieji projektai buvo skirti elektriniams autobusams, pristatymo sunkve\u017eimiams ir logistikos transporto priemon\u0117ms keliuose. Jungtin\u0117se Valstijose dotacijos pad\u0117jo tranzito agent\u016broms gauti daugiau elektrini\u0173 autobus\u0173.<\/p>\n<h2><span class=\"ez-toc-section\" id=\"Platesnis_poveikis_ir_ateities_perspektyvos\"><\/span>Platesnis poveikis ir ateities perspektyvos<span class=\"ez-toc-section-end\"><\/span><\/h2>\n<p>2021 m. EV politika padar\u0117 daugiau nei pardavimai. Jie paskatino vietines gamyklas gaminti baterijas ir dalis. Kai kurios programos pad\u0117jo \u012fmon\u0117ms \u201eRetool\u201c palaikyti EV augim\u0105.<\/p>\n<p>Ateinan\u010diais metais EV nauda priklauso nuo didesni\u0173 poky\u010di\u0173. Svarb\u0173 vaidmen\u012f vaidina energijos tinkl\u0173 atnaujinimas ir akumuliatori\u0173 perdirbimo sistemos. Kai EV i\u0161laidos suma\u017e\u0117ja ir suderina dujini\u0173 automobili\u0173 kainas, gali baigtis kai kurios nuolaidos. Tada naujos taisykl\u0117s bus vadovaujamos \u0161vari\u0173 transporto priemoni\u0173 pasirinkimo ir teisingesni\u0173 mokes\u010di\u0173.<\/p>\n<p>Vis dar atsilikusios \u0161alys gali naudotis naujomis technologijomis ir kit\u0173 pamokomis. Daugiau nei 20 taut\u0173 planuoja nustoti parduoti dujinius automobilius per ateinant\u012f ar du de\u0161imtmet\u012f. Per\u0117jimas prie EV dabar \u012fgauna pagreit\u012f.<\/p>\n<h2><span class=\"ez-toc-section\" id=\"Isvada\"><\/span>I\u0161vada<span class=\"ez-toc-section-end\"><\/span><\/h2>\n<p>Vyriausyb\u0117s darbas 2021 m. Pad\u0117jo EV pasitraukti \u012f nauj\u0105 etap\u0105. Fiskalin\u0117s priemon\u0117s, tvirtos taisykl\u0117s, naujos \u012fkrovimo stotys ir pagalba visoms transporto priemoni\u0173 tipams suma\u017eina daug kli\u016b\u010di\u0173. 2020 m. Gali pasirodyti, kad yra de\u0161imtmetis, kai EV augimas kei\u010dia transportavim\u0105 visam laikui, padeda daugeliui region\u0173 suma\u017einti i\u0161metam\u0173 ter\u0161al\u0173 kiek\u012f ir pakeisti \u017emoni\u0173 kelioni\u0173 b\u016bd\u0105.<\/p>\n<hr\/>\n<p>Nuorodos:<\/p>\n<ul>\n<li>Tarptautin\u0117 energetikos agent\u016bra (TEA), \u201eGlobal EV Outlook 2021\u201c<\/li>\n<li>JAV Transporto departamentas, Nacionalin\u0117s elektromobili\u0173 infrastrukt\u016bros programos informacija<\/li>\n<li>Alternatyvus degal\u0173 duomen\u0173 centras, federaliniai EV \u012fstatymai ir paskatos<\/li>\n<\/ul>\n<p>\u2014\u2014\u2014\u2014\u2014\u2014\u2014\u2014\u2014\u2014\u2014\u2014\u2014\u2014\u2014\u2014\u2014\u2014\u2014\u2014\u2014\u2014\u2014<br \/>\u201eVoltsandVolts.com\u201c yra tinklara\u0161tis, skirtas elektrin\u0117ms transporto priemon\u0117ms (EV). M\u016bs\u0173 tinklara\u0161tyje pateikiami straipsniai apie EV ap\u017evalgas, istorijas, patarimus, triukus, \u012fkrovimo infrastrukt\u016br\u0105 ir akumuliatori\u0173 technologijas. Prisijunkite prie pokalbio ir tapkite \u201eVoltsandVolts.com\u201c bendruomen\u0117s dalimi \u0161iandien!<\/p>\n<\/div>\n<p><br \/>\n<br \/><a href=\"https:\/\/voltsandvolts.com\/2021-government-incentives-boost-ev-adoption\/\">Source link <\/a><\/p>\n","protected":false},"excerpt":{"rendered":"<p>2021 m. Yra stipr\u016bs elektrini\u0173 transporto priemoni\u0173 (EV) augimo metai. Vyriausyb\u0117s pateik\u0117 priemones, kurios pad\u0117jo EV prie m\u016bs\u0173 keli\u0173. \u0160ie&hellip;<\/p>\n","protected":false},"author":1,"featured_media":1821,"comment_status":"open","ping_status":"open","sticky":false,"template":"","format":"standard","meta":{"om_disable_all_campaigns":false,"_monsterinsights_skip_tracking":false,"_monsterinsights_sitenote_active":false,"_monsterinsights_sitenote_note":"","_monsterinsights_sitenote_category":0,"footnotes":""},"categories":[39],"tags":[191,42,3370,44,280,1508,279,43],"class_list":["post-1820","post","type-post","status-publish","format-standard","has-post-thumbnail","hentry","category-eautomobiliu-technine-puse","tag-elektromobiliu","tag-kaip","tag-pagreitino","tag-paskatos","tag-pokyciai","tag-priemima","tag-vairavimo","tag-vyriausybes"],"aioseo_notices":[],"yoast_head":"<!-- This site is optimized with the Yoast SEO plugin v26.8 - https:\/\/yoast.com\/product\/yoast-seo-wordpress\/ -->\n<title>Vairavimo poky\u010diai: kaip 2021 m. Vyriausyb\u0117s paskatos pagreitino elektromobili\u0173 pri\u0117mim\u0105 - Eautomobiliai.lt<\/title>\n<meta name=\"robots\" content=\"index, follow, max-snippet:-1, max-image-preview:large, max-video-preview:-1\" \/>\n<link rel=\"canonical\" href=\"http:\/\/eautomobiliai.lt\/index.php\/2025\/08\/16\/vairavimo-pokyciai-kaip-2021-m-vyriausybes-paskatos-pagreitino-elektromobiliu-priemima\/\" \/>\n<meta property=\"og:locale\" content=\"lt_LT\" \/>\n<meta property=\"og:type\" content=\"article\" \/>\n<meta property=\"og:title\" content=\"Vairavimo poky\u010diai: kaip 2021 m. Vyriausyb\u0117s paskatos pagreitino elektromobili\u0173 pri\u0117mim\u0105 - Eautomobiliai.lt\" \/>\n<meta property=\"og:description\" content=\"2021 m. Yra stipr\u016bs elektrini\u0173 transporto priemoni\u0173 (EV) augimo metai. Vyriausyb\u0117s pateik\u0117 priemones, kurios pad\u0117jo EV prie m\u016bs\u0173 keli\u0173. \u0160ie&hellip;\" \/>\n<meta property=\"og:url\" content=\"http:\/\/eautomobiliai.lt\/index.php\/2025\/08\/16\/vairavimo-pokyciai-kaip-2021-m-vyriausybes-paskatos-pagreitino-elektromobiliu-priemima\/\" \/>\n<meta property=\"og:site_name\" content=\"Eautomobiliai.lt\" \/>\n<meta property=\"article:published_time\" content=\"2025-08-16T12:10:36+00:00\" \/>\n<meta property=\"og:image\" content=\"http:\/\/eautomobiliai.lt\/wp-content\/uploads\/2025\/08\/Vairavimo-pokyciai-kaip-2021-m-Vyriausybes-paskatos-pagreitino-elektromobiliu-priemima.jpg\" \/>\n\t<meta property=\"og:image:width\" content=\"1344\" \/>\n\t<meta property=\"og:image:height\" content=\"768\" \/>\n\t<meta property=\"og:image:type\" content=\"image\/jpeg\" \/>\n<meta name=\"author\" content=\"admin\" \/>\n<meta name=\"twitter:card\" content=\"summary_large_image\" \/>\n<meta name=\"twitter:label1\" content=\"Written by\" \/>\n\t<meta name=\"twitter:data1\" content=\"admin\" \/>\n\t<meta name=\"twitter:label2\" content=\"Est. reading time\" \/>\n\t<meta name=\"twitter:data2\" content=\"3 minut\u0117s\" \/>\n<script type=\"application\/ld+json\" class=\"yoast-schema-graph\">{\"@context\":\"https:\/\/schema.org\",\"@graph\":[{\"@type\":\"Article\",\"@id\":\"http:\/\/eautomobiliai.lt\/index.php\/2025\/08\/16\/vairavimo-pokyciai-kaip-2021-m-vyriausybes-paskatos-pagreitino-elektromobiliu-priemima\/#article\",\"isPartOf\":{\"@id\":\"http:\/\/eautomobiliai.lt\/index.php\/2025\/08\/16\/vairavimo-pokyciai-kaip-2021-m-vyriausybes-paskatos-pagreitino-elektromobiliu-priemima\/\"},\"author\":{\"name\":\"admin\",\"@id\":\"https:\/\/eautomobiliai.lt\/#\/schema\/person\/ecf2a967f361217d056061f74deb92f2\"},\"headline\":\"Vairavimo poky\u010diai: kaip 2021 m. Vyriausyb\u0117s paskatos pagreitino elektromobili\u0173 pri\u0117mim\u0105\",\"datePublished\":\"2025-08-16T12:10:36+00:00\",\"mainEntityOfPage\":{\"@id\":\"http:\/\/eautomobiliai.lt\/index.php\/2025\/08\/16\/vairavimo-pokyciai-kaip-2021-m-vyriausybes-paskatos-pagreitino-elektromobiliu-priemima\/\"},\"wordCount\":659,\"commentCount\":0,\"image\":{\"@id\":\"http:\/\/eautomobiliai.lt\/index.php\/2025\/08\/16\/vairavimo-pokyciai-kaip-2021-m-vyriausybes-paskatos-pagreitino-elektromobiliu-priemima\/#primaryimage\"},\"thumbnailUrl\":\"http:\/\/eautomobiliai.lt\/wp-content\/uploads\/2025\/08\/Vairavimo-pokyciai-kaip-2021-m-Vyriausybes-paskatos-pagreitino-elektromobiliu-priemima.jpg\",\"keywords\":[\"elektromobili\u0173\",\"kaip\",\"pagreitino\",\"paskatos\",\"poky\u010diai\",\"pri\u0117mim\u0105\",\"Vairavimo\",\"vyriausyb\u0117s\"],\"articleSection\":[\"eAUTOMOBILI\u0172 TECHNIN\u0116 PUS\u0116\"],\"inLanguage\":\"lt-LT\",\"potentialAction\":[{\"@type\":\"CommentAction\",\"name\":\"Comment\",\"target\":[\"http:\/\/eautomobiliai.lt\/index.php\/2025\/08\/16\/vairavimo-pokyciai-kaip-2021-m-vyriausybes-paskatos-pagreitino-elektromobiliu-priemima\/#respond\"]}]},{\"@type\":\"WebPage\",\"@id\":\"http:\/\/eautomobiliai.lt\/index.php\/2025\/08\/16\/vairavimo-pokyciai-kaip-2021-m-vyriausybes-paskatos-pagreitino-elektromobiliu-priemima\/\",\"url\":\"http:\/\/eautomobiliai.lt\/index.php\/2025\/08\/16\/vairavimo-pokyciai-kaip-2021-m-vyriausybes-paskatos-pagreitino-elektromobiliu-priemima\/\",\"name\":\"Vairavimo poky\u010diai: kaip 2021 m. Vyriausyb\u0117s paskatos pagreitino elektromobili\u0173 pri\u0117mim\u0105 - Eautomobiliai.lt\",\"isPartOf\":{\"@id\":\"https:\/\/eautomobiliai.lt\/#website\"},\"primaryImageOfPage\":{\"@id\":\"http:\/\/eautomobiliai.lt\/index.php\/2025\/08\/16\/vairavimo-pokyciai-kaip-2021-m-vyriausybes-paskatos-pagreitino-elektromobiliu-priemima\/#primaryimage\"},\"image\":{\"@id\":\"http:\/\/eautomobiliai.lt\/index.php\/2025\/08\/16\/vairavimo-pokyciai-kaip-2021-m-vyriausybes-paskatos-pagreitino-elektromobiliu-priemima\/#primaryimage\"},\"thumbnailUrl\":\"http:\/\/eautomobiliai.lt\/wp-content\/uploads\/2025\/08\/Vairavimo-pokyciai-kaip-2021-m-Vyriausybes-paskatos-pagreitino-elektromobiliu-priemima.jpg\",\"datePublished\":\"2025-08-16T12:10:36+00:00\",\"author\":{\"@id\":\"https:\/\/eautomobiliai.lt\/#\/schema\/person\/ecf2a967f361217d056061f74deb92f2\"},\"breadcrumb\":{\"@id\":\"http:\/\/eautomobiliai.lt\/index.php\/2025\/08\/16\/vairavimo-pokyciai-kaip-2021-m-vyriausybes-paskatos-pagreitino-elektromobiliu-priemima\/#breadcrumb\"},\"inLanguage\":\"lt-LT\",\"potentialAction\":[{\"@type\":\"ReadAction\",\"target\":[\"http:\/\/eautomobiliai.lt\/index.php\/2025\/08\/16\/vairavimo-pokyciai-kaip-2021-m-vyriausybes-paskatos-pagreitino-elektromobiliu-priemima\/\"]}]},{\"@type\":\"ImageObject\",\"inLanguage\":\"lt-LT\",\"@id\":\"http:\/\/eautomobiliai.lt\/index.php\/2025\/08\/16\/vairavimo-pokyciai-kaip-2021-m-vyriausybes-paskatos-pagreitino-elektromobiliu-priemima\/#primaryimage\",\"url\":\"http:\/\/eautomobiliai.lt\/wp-content\/uploads\/2025\/08\/Vairavimo-pokyciai-kaip-2021-m-Vyriausybes-paskatos-pagreitino-elektromobiliu-priemima.jpg\",\"contentUrl\":\"http:\/\/eautomobiliai.lt\/wp-content\/uploads\/2025\/08\/Vairavimo-pokyciai-kaip-2021-m-Vyriausybes-paskatos-pagreitino-elektromobiliu-priemima.jpg\",\"width\":1344,\"height\":768},{\"@type\":\"BreadcrumbList\",\"@id\":\"http:\/\/eautomobiliai.lt\/index.php\/2025\/08\/16\/vairavimo-pokyciai-kaip-2021-m-vyriausybes-paskatos-pagreitino-elektromobiliu-priemima\/#breadcrumb\",\"itemListElement\":[{\"@type\":\"ListItem\",\"position\":1,\"name\":\"Home\",\"item\":\"https:\/\/eautomobiliai.lt\/\"},{\"@type\":\"ListItem\",\"position\":2,\"name\":\"Vairavimo poky\u010diai: kaip 2021 m. Vyriausyb\u0117s paskatos pagreitino elektromobili\u0173 pri\u0117mim\u0105\"}]},{\"@type\":\"WebSite\",\"@id\":\"https:\/\/eautomobiliai.lt\/#website\",\"url\":\"https:\/\/eautomobiliai.lt\/\",\"name\":\"Eautomobiliai.lt\",\"description\":\"Elektrinis transportas, technologijos\",\"potentialAction\":[{\"@type\":\"SearchAction\",\"target\":{\"@type\":\"EntryPoint\",\"urlTemplate\":\"https:\/\/eautomobiliai.lt\/?s={search_term_string}\"},\"query-input\":{\"@type\":\"PropertyValueSpecification\",\"valueRequired\":true,\"valueName\":\"search_term_string\"}}],\"inLanguage\":\"lt-LT\"},{\"@type\":\"Person\",\"@id\":\"https:\/\/eautomobiliai.lt\/#\/schema\/person\/ecf2a967f361217d056061f74deb92f2\",\"name\":\"admin\",\"image\":{\"@type\":\"ImageObject\",\"inLanguage\":\"lt-LT\",\"@id\":\"https:\/\/eautomobiliai.lt\/#\/schema\/person\/image\/\",\"url\":\"https:\/\/secure.gravatar.com\/avatar\/6323379efae0c70c686c7905444d6bbd?s=96&d=mm&r=g\",\"contentUrl\":\"https:\/\/secure.gravatar.com\/avatar\/6323379efae0c70c686c7905444d6bbd?s=96&d=mm&r=g\",\"caption\":\"admin\"},\"sameAs\":[\"http:\/\/eautomobiliai.lt\"],\"url\":\"http:\/\/eautomobiliai.lt\/index.php\/author\/admin\/\"}]}<\/script>\n<!-- \/ Yoast SEO plugin. -->","yoast_head_json":{"title":"Vairavimo poky\u010diai: kaip 2021 m. Vyriausyb\u0117s paskatos pagreitino elektromobili\u0173 pri\u0117mim\u0105 - Eautomobiliai.lt","robots":{"index":"index","follow":"follow","max-snippet":"max-snippet:-1","max-image-preview":"max-image-preview:large","max-video-preview":"max-video-preview:-1"},"canonical":"http:\/\/eautomobiliai.lt\/index.php\/2025\/08\/16\/vairavimo-pokyciai-kaip-2021-m-vyriausybes-paskatos-pagreitino-elektromobiliu-priemima\/","og_locale":"lt_LT","og_type":"article","og_title":"Vairavimo poky\u010diai: kaip 2021 m. Vyriausyb\u0117s paskatos pagreitino elektromobili\u0173 pri\u0117mim\u0105 - Eautomobiliai.lt","og_description":"2021 m. Yra stipr\u016bs elektrini\u0173 transporto priemoni\u0173 (EV) augimo metai. Vyriausyb\u0117s pateik\u0117 priemones, kurios pad\u0117jo EV prie m\u016bs\u0173 keli\u0173. \u0160ie&hellip;","og_url":"http:\/\/eautomobiliai.lt\/index.php\/2025\/08\/16\/vairavimo-pokyciai-kaip-2021-m-vyriausybes-paskatos-pagreitino-elektromobiliu-priemima\/","og_site_name":"Eautomobiliai.lt","article_published_time":"2025-08-16T12:10:36+00:00","og_image":[{"width":1344,"height":768,"url":"http:\/\/eautomobiliai.lt\/wp-content\/uploads\/2025\/08\/Vairavimo-pokyciai-kaip-2021-m-Vyriausybes-paskatos-pagreitino-elektromobiliu-priemima.jpg","type":"image\/jpeg"}],"author":"admin","twitter_card":"summary_large_image","twitter_misc":{"Written by":"admin","Est. reading time":"3 minut\u0117s"},"schema":{"@context":"https:\/\/schema.org","@graph":[{"@type":"Article","@id":"http:\/\/eautomobiliai.lt\/index.php\/2025\/08\/16\/vairavimo-pokyciai-kaip-2021-m-vyriausybes-paskatos-pagreitino-elektromobiliu-priemima\/#article","isPartOf":{"@id":"http:\/\/eautomobiliai.lt\/index.php\/2025\/08\/16\/vairavimo-pokyciai-kaip-2021-m-vyriausybes-paskatos-pagreitino-elektromobiliu-priemima\/"},"author":{"name":"admin","@id":"https:\/\/eautomobiliai.lt\/#\/schema\/person\/ecf2a967f361217d056061f74deb92f2"},"headline":"Vairavimo poky\u010diai: kaip 2021 m. Vyriausyb\u0117s paskatos pagreitino elektromobili\u0173 pri\u0117mim\u0105","datePublished":"2025-08-16T12:10:36+00:00","mainEntityOfPage":{"@id":"http:\/\/eautomobiliai.lt\/index.php\/2025\/08\/16\/vairavimo-pokyciai-kaip-2021-m-vyriausybes-paskatos-pagreitino-elektromobiliu-priemima\/"},"wordCount":659,"commentCount":0,"image":{"@id":"http:\/\/eautomobiliai.lt\/index.php\/2025\/08\/16\/vairavimo-pokyciai-kaip-2021-m-vyriausybes-paskatos-pagreitino-elektromobiliu-priemima\/#primaryimage"},"thumbnailUrl":"http:\/\/eautomobiliai.lt\/wp-content\/uploads\/2025\/08\/Vairavimo-pokyciai-kaip-2021-m-Vyriausybes-paskatos-pagreitino-elektromobiliu-priemima.jpg","keywords":["elektromobili\u0173","kaip","pagreitino","paskatos","poky\u010diai","pri\u0117mim\u0105","Vairavimo","vyriausyb\u0117s"],"articleSection":["eAUTOMOBILI\u0172 TECHNIN\u0116 PUS\u0116"],"inLanguage":"lt-LT","potentialAction":[{"@type":"CommentAction","name":"Comment","target":["http:\/\/eautomobiliai.lt\/index.php\/2025\/08\/16\/vairavimo-pokyciai-kaip-2021-m-vyriausybes-paskatos-pagreitino-elektromobiliu-priemima\/#respond"]}]},{"@type":"WebPage","@id":"http:\/\/eautomobiliai.lt\/index.php\/2025\/08\/16\/vairavimo-pokyciai-kaip-2021-m-vyriausybes-paskatos-pagreitino-elektromobiliu-priemima\/","url":"http:\/\/eautomobiliai.lt\/index.php\/2025\/08\/16\/vairavimo-pokyciai-kaip-2021-m-vyriausybes-paskatos-pagreitino-elektromobiliu-priemima\/","name":"Vairavimo poky\u010diai: kaip 2021 m. Vyriausyb\u0117s paskatos pagreitino elektromobili\u0173 pri\u0117mim\u0105 - Eautomobiliai.lt","isPartOf":{"@id":"https:\/\/eautomobiliai.lt\/#website"},"primaryImageOfPage":{"@id":"http:\/\/eautomobiliai.lt\/index.php\/2025\/08\/16\/vairavimo-pokyciai-kaip-2021-m-vyriausybes-paskatos-pagreitino-elektromobiliu-priemima\/#primaryimage"},"image":{"@id":"http:\/\/eautomobiliai.lt\/index.php\/2025\/08\/16\/vairavimo-pokyciai-kaip-2021-m-vyriausybes-paskatos-pagreitino-elektromobiliu-priemima\/#primaryimage"},"thumbnailUrl":"http:\/\/eautomobiliai.lt\/wp-content\/uploads\/2025\/08\/Vairavimo-pokyciai-kaip-2021-m-Vyriausybes-paskatos-pagreitino-elektromobiliu-priemima.jpg","datePublished":"2025-08-16T12:10:36+00:00","author":{"@id":"https:\/\/eautomobiliai.lt\/#\/schema\/person\/ecf2a967f361217d056061f74deb92f2"},"breadcrumb":{"@id":"http:\/\/eautomobiliai.lt\/index.php\/2025\/08\/16\/vairavimo-pokyciai-kaip-2021-m-vyriausybes-paskatos-pagreitino-elektromobiliu-priemima\/#breadcrumb"},"inLanguage":"lt-LT","potentialAction":[{"@type":"ReadAction","target":["http:\/\/eautomobiliai.lt\/index.php\/2025\/08\/16\/vairavimo-pokyciai-kaip-2021-m-vyriausybes-paskatos-pagreitino-elektromobiliu-priemima\/"]}]},{"@type":"ImageObject","inLanguage":"lt-LT","@id":"http:\/\/eautomobiliai.lt\/index.php\/2025\/08\/16\/vairavimo-pokyciai-kaip-2021-m-vyriausybes-paskatos-pagreitino-elektromobiliu-priemima\/#primaryimage","url":"http:\/\/eautomobiliai.lt\/wp-content\/uploads\/2025\/08\/Vairavimo-pokyciai-kaip-2021-m-Vyriausybes-paskatos-pagreitino-elektromobiliu-priemima.jpg","contentUrl":"http:\/\/eautomobiliai.lt\/wp-content\/uploads\/2025\/08\/Vairavimo-pokyciai-kaip-2021-m-Vyriausybes-paskatos-pagreitino-elektromobiliu-priemima.jpg","width":1344,"height":768},{"@type":"BreadcrumbList","@id":"http:\/\/eautomobiliai.lt\/index.php\/2025\/08\/16\/vairavimo-pokyciai-kaip-2021-m-vyriausybes-paskatos-pagreitino-elektromobiliu-priemima\/#breadcrumb","itemListElement":[{"@type":"ListItem","position":1,"name":"Home","item":"https:\/\/eautomobiliai.lt\/"},{"@type":"ListItem","position":2,"name":"Vairavimo poky\u010diai: kaip 2021 m. Vyriausyb\u0117s paskatos pagreitino elektromobili\u0173 pri\u0117mim\u0105"}]},{"@type":"WebSite","@id":"https:\/\/eautomobiliai.lt\/#website","url":"https:\/\/eautomobiliai.lt\/","name":"Eautomobiliai.lt","description":"Elektrinis transportas, technologijos","potentialAction":[{"@type":"SearchAction","target":{"@type":"EntryPoint","urlTemplate":"https:\/\/eautomobiliai.lt\/?s={search_term_string}"},"query-input":{"@type":"PropertyValueSpecification","valueRequired":true,"valueName":"search_term_string"}}],"inLanguage":"lt-LT"},{"@type":"Person","@id":"https:\/\/eautomobiliai.lt\/#\/schema\/person\/ecf2a967f361217d056061f74deb92f2","name":"admin","image":{"@type":"ImageObject","inLanguage":"lt-LT","@id":"https:\/\/eautomobiliai.lt\/#\/schema\/person\/image\/","url":"https:\/\/secure.gravatar.com\/avatar\/6323379efae0c70c686c7905444d6bbd?s=96&d=mm&r=g","contentUrl":"https:\/\/secure.gravatar.com\/avatar\/6323379efae0c70c686c7905444d6bbd?s=96&d=mm&r=g","caption":"admin"},"sameAs":["http:\/\/eautomobiliai.lt"],"url":"http:\/\/eautomobiliai.lt\/index.php\/author\/admin\/"}]}},"_links":{"self":[{"href":"http:\/\/eautomobiliai.lt\/index.php\/wp-json\/wp\/v2\/posts\/1820","targetHints":{"allow":["GET"]}}],"collection":[{"href":"http:\/\/eautomobiliai.lt\/index.php\/wp-json\/wp\/v2\/posts"}],"about":[{"href":"http:\/\/eautomobiliai.lt\/index.php\/wp-json\/wp\/v2\/types\/post"}],"author":[{"embeddable":true,"href":"http:\/\/eautomobiliai.lt\/index.php\/wp-json\/wp\/v2\/users\/1"}],"replies":[{"embeddable":true,"href":"http:\/\/eautomobiliai.lt\/index.php\/wp-json\/wp\/v2\/comments?post=1820"}],"version-history":[{"count":0,"href":"http:\/\/eautomobiliai.lt\/index.php\/wp-json\/wp\/v2\/posts\/1820\/revisions"}],"wp:featuredmedia":[{"embeddable":true,"href":"http:\/\/eautomobiliai.lt\/index.php\/wp-json\/wp\/v2\/media\/1821"}],"wp:attachment":[{"href":"http:\/\/eautomobiliai.lt\/index.php\/wp-json\/wp\/v2\/media?parent=1820"}],"wp:term":[{"taxonomy":"category","embeddable":true,"href":"http:\/\/eautomobiliai.lt\/index.php\/wp-json\/wp\/v2\/categories?post=1820"},{"taxonomy":"post_tag","embeddable":true,"href":"http:\/\/eautomobiliai.lt\/index.php\/wp-json\/wp\/v2\/tags?post=1820"}],"curies":[{"name":"wp","href":"https:\/\/api.w.org\/{rel}","templated":true}]}}