{"id":1835,"date":"2025-08-17T20:14:12","date_gmt":"2025-08-17T20:14:12","guid":{"rendered":"https:\/\/eautomobiliai.lt\/index.php\/2025\/08\/17\/keliu-mokesciai-gali-buti-artimesni-nei-atrodo\/"},"modified":"2025-08-17T20:14:12","modified_gmt":"2025-08-17T20:14:12","slug":"keliu-mokesciai-gali-buti-artimesni-nei-atrodo","status":"publish","type":"post","link":"http:\/\/eautomobiliai.lt\/index.php\/2025\/08\/17\/keliu-mokesciai-gali-buti-artimesni-nei-atrodo\/","title":{"rendered":"Keli\u0173 mokes\u010diai gali b\u016bti artimesni, nei atrodo"},"content":{"rendered":"<p> <br \/>\n<\/p>\n<div id=\"\">\n<p>Retai australai kolektyviai sud\u0117jo rankas, kad gal\u0117t\u0173 savanoriauti naujam mokes\u010diui.<\/p>\n<p>Ta\u010diau atrodo, kad tai vyksta automobili\u0173 pramon\u0117je, nes skirtingos grup\u0117s reikalauja \u012fvesti keli\u0173 vartotojo mokest\u012f u\u017e elektrines transporto priemones, kad b\u016bt\u0173 patenkinti b\u016bsimi \u0161alies transporto poreikiai.<\/p>\n<p>Tai yra pasi\u016blymas, kuris gali b\u016bti diskutuojamas \u0161i\u0105 savait\u0119 federalin\u0117s vyriausyb\u0117s produktyvumo apskritojo stalo diskusijoje po to, kai i\u017edininkas Jimas Chalmersas prane\u0161\u0117 apie jo param\u0105 b\u016bsimiems poky\u010diams.<\/p>\n<p>Ta\u010diau nors infrastrukt\u016bros ir transporto grup\u0117s susitaria d\u0117l keli\u0173 vartotojo mokes\u010dio kaip koncepcijos, jie nesutinka, kada ji tur\u0117t\u0173 b\u016bti \u012fvesta, kas tur\u0117t\u0173 sumok\u0117ti ir ar benzino ir dyzelino transporto priemoni\u0173 vairuotojai tur\u0117t\u0173 b\u016bti apmokestinti daugiau.<\/p>\n<p>Nors kai kurie teigia, kad mokestis tur\u0117t\u0173 b\u016bti taikomas tik elektrin\u0117ms transporto priemon\u0117ms, kurioms netaikomi degal\u0173 akcizai, kiti sako, kad mokestis i\u0161 keli\u0173 yra veiksmingesnis, jei b\u016bt\u0173 taikoma kiekvienai transporto priemonei.<\/p>\n<p>Diskusijos d\u0117l transporto mokes\u010di\u0173 vyksta po rekordini\u0173 EV pardavim\u0173. Remiantis Australijos automobili\u0173 asociacija, australai per tris m\u0117nesius iki bir\u017eelio \u012fsigijo daugiau nei 29 000 i\u0161 j\u0173, atstovaujan\u010di\u0173 devynis procentus vis\u0173 automobili\u0173 pardavim\u0173.<\/p>\n<p>Jis taip pat yra krintan\u010dio degal\u0173 akciz\u0173 kolekcija, kuri 2024 finansiniais metais surinko 15,71 milijardo JAV doleri\u0173, ta\u010diau iki 2050 m. Gali nukristi iki nulio, nes elektros transporto priemon\u0117s pakei\u010dia degalus varomus automobilius, persp\u0117ja Parlamento biud\u017eeto biuras.<\/p>\n<p>Norint atkreipti d\u0117mes\u012f \u012f Australijos ma\u017e\u0117jan\u010dias mokes\u010di\u0173 pajamas u\u017e kelius, reikia skubi\u0173 pakeitim\u0173, infrastrukt\u016bros partneryst\u0117s Australijos generalinis direktorius Adrianas Dwyeris sako.<\/p>\n<p>Pra\u0117jus\u012f pirmadien\u012f vykstan\u010dios apskritojo stalo disponavimo grup\u0117s pla\u010diai sutiko, kad dabartin\u0117 vairuotoj\u0173 \u012fkrovimo sistema yra \u201enes\u0105\u017eininga, netvari ir neveiksminga\u201c, &#8211; sako jis.<\/p>\n<p>\u201eLoginis atskaitos ta\u0161kas yra nuotolis, pagr\u012fstas nuotoliniu b\u016bdu\u201c,-sako p. Dwyer.<\/p>\n<p>\u201eGali b\u016bti \u012ftraukti sunk\u016bs EV, ta\u010diau pradedant nuo to, kad vien tik \u0161i diskusijai nebus i\u0161spr\u0119stos problemos, b\u016btent pagrindin\u0119 s\u0105\u017einingumo klausim\u0105, nes daugiau lengv\u0173 EV prisijungia prie laivyno\u201c.<\/p>\n<p>Pasak \u201ePolestar Australia Australia\u201c generalinio direktoriaus Scotto Maynardo, taip pat bus neteisinga, ta\u010diau priversti elektromobili\u0173 vairuotojus mok\u0117ti u\u017e visas prarastas mokes\u010di\u0173 pajamas.<\/p>\n<p>Jis sako, kad degal\u0173 akciz\u0173 kolekcija suma\u017e\u0117jo d\u0117l daugelio prie\u017eas\u010di\u0173, \u012fskaitant efektyvesnius vidaus degimo variklius.<\/p>\n<p>\u201eBenzino automobiliai &#8230; nukrito ir suma\u017e\u0117jo d\u0117l degal\u0173 naudojimo; j\u0173 ekonomika pager\u0117jo ir b\u016bt\u0173 nes\u0105\u017eininga bandyti susigr\u0105\u017einti visas tikslines degal\u0173 akciz\u0173 pajamas, grie\u017etai i\u0161 elektromobili\u0173 vairuotoj\u0173\u201c, &#8211; sako jis.<\/p>\n<p>\u201ePapras\u010diausiai, i\u0161ties kum\u0161\u010diu, priklijuokite papildom\u0105 i\u0161laidas elektrin\u0117ms transporto priemon\u0117ms tik pereinamuoju ta\u0161ku, kai mes stengiam\u0117s priversti \u017emones laikyti juos tikra alternatyva tradici\u0161kai varomoms transporto priemon\u0117ms, kurios u\u017eter\u0161ia m\u016bs\u0173 or\u0105, n\u0117ra b\u016bdas tai padaryti\u201c.<\/p>\n<p>Prid\u0117jus nuolatin\u012f mokest\u012f prie elektrini\u0173 automobili\u0173 ankstyvame \u012fvaikinimo etape, potencial\u016bs pirk\u0117jai gali persvarstyti arba atid\u0117ti pirkinius, sako p. Maynard.<\/p>\n<p>Tai kelia susir\u016bpinim\u0105 d\u0117l elektromobili\u0173 tarybos, teisin\u0117s ir politikos vadovas Amanas Gauras sako, kuris palaiko mokest\u012f u\u017e kelio vartotoj\u0105, ta\u010diau tinkamu laiku ir, jei jis bus \u012fvestas visoms transporto priemon\u0117ms.<\/p>\n<p>\u201eMes palaikome s\u0105\u017eining\u0105 savo keli\u0173 finansavim\u0105, bet a\u0161 manau, kad buvo tikrai svarbi\u0173 svarstym\u0173, kurie liko i\u0161 to, k\u0105 \u0161iuo metu pavadin\u010diau gana sekliomis diskusijomis apie degal\u0173 akciz\u0105\u201c, &#8211; sako jis.<\/p>\n<p>\u201eMes palaikytume tik keli\u0173 vartotojo mokest\u012f, jei jis yra universalus; universalus ir sutelktas \u012f i\u0161metam\u0173j\u0173 ter\u0161al\u0173 intensyvum\u0105.\u201c<\/p>\n<p>Bet koks keli\u0173 vartotojo mokestis tur\u0117t\u0173 b\u016bti taikomas visoms lengvoms transporto priemon\u0117ms, sako ponas Gauras, ir jis tur\u0117t\u0173 b\u016bti \u012fvestas tik tada, kai j\u0173 \u012fvaikinimas siekia 30 procent\u0173.<\/p>\n<p>Kelios valstij\u0173 vyriausyb\u0117s planavo pristatyti elektros ir papildini\u0173 hibridini\u0173 elektrini\u0173 transporto priemoni\u0173 mokest\u012f nuo 2027 m., \u012eskaitant NSW, Tasmanij\u0105, Piet\u0173 Australij\u0105 ir Vakar\u0173 Australij\u0105.<\/p>\n<p>Ta\u010diau valstybini\u0173 kaltinim\u0173 teis\u0117tumas yra abejotinas po to, kai Auk\u0161\u010diausiasis teismas nustat\u0117, kad Viktorijos nulis ir \u017eemos emisijos transporto priemon\u0117s kaltina nekonstitucinius 2023 m. Spalio m\u0117n.<\/p>\n<p>Valstybi\u0173 mok\u0117jimo \u012fvedimo laikas gali b\u016bti tinkamas, Australijos elektromobili\u0173 asociacijos asociacijos nacionalinio prezidentas Chrisas Jonesas pripa\u017e\u012fsta, nes iki tos dienos \u0161alies elektrinis laivynas grei\u010diausiai pasieks 30 procent\u0173 nauj\u0173 automobili\u0173 pardavim\u0173.<\/p>\n<p>Jis sako, kad jis tur\u0117t\u0173 b\u016bti pagr\u012fstas transporto priemon\u0117s mase ir kiek kilometr\u0173, kur\u012f jis keliauja kiekvienais metais, ir tur\u0117t\u0173 b\u016bti taikomas visoms transporto priemon\u0117ms, nepaisant j\u0173 degal\u0173 \u0161altinio.<\/p>\n<p>\u201eVidutinis asmuo per metus vairuoja 12 000 km per metus, taigi jis kainuot\u0173 nuo 380 iki 400 USD per metus.\u201c<\/p>\n<p>Vyriausyb\u0117 taip pat tur\u0117t\u0173 palikti esamus degal\u0173 akciz\u0173 mokes\u010dius, nes jie veikt\u0173 kaip paskata vairuotojams \u012fsigyti ma\u017eai emisijos transporto priemones.<\/p>\n<p>\u201eTai tiesiogiai proporcinga tam, kiek sukelia tar\u0161\u0105\u201c, &#8211; sako dr. Jonesas.<\/p>\n<p>\u201eTai yra efektyvus tar\u0161os mokestis ir mes norime atgrasyti \u017emones nuo benzino va\u017eiuojan\u010di\u0173 transporto priemoni\u0173 pirkimo.\u201c<\/p>\n<p>Nors nuo antradienio Ekonomin\u0117s reformos apskritojo stalo diskusijos bus aptariamas keli\u0173 vartotojo kaltinimas, dr. Chalmersas sako, kad vyriausyb\u0117 \u201eskirs laiko tai teisingai\u201c.<\/p>\n<p>Tuo tarpu ponas Gauras sako, kad jis tikisi, jog diskusijos d\u0117l keli\u0173 mokes\u010di\u0173 reformos gali b\u016bti pagr\u012fstai sprend\u017eiamos, o pasi\u016blymai, kuriuos EV vairuotojai nemoka u\u017e keli\u0173 naudojim\u0105, gali b\u016bti diskredituoti, nes mokes\u010diai apima registracij\u0105, \u017eymin\u012f mokest\u012f, prabangi\u0173 automobili\u0173 ir pakra\u0161\u010di\u0173 i\u0161mok\u0173 mokes\u010dius ir elektros mokes\u010dius.<\/p>\n<p>\u201eEV vairuotojai moka mokest\u012f\u201c, &#8211; sako jis.<\/p>\n<p>\u201eTai tikrai kenksminga ir visi\u0161kai netiesa \u0161io pokalbio dalis\u201c.<\/p>\n<p><strong>AAP<\/strong><\/p>\n<p><!-- AI CONTENT END 1 --><\/p><\/div>\n<p><br \/>\n<br \/><a href=\"https:\/\/thedriven.io\/2025\/08\/17\/charge-ahead-road-taxes-may-be-closer-than-they-appear\/\">Source link <\/a><\/p>\n","protected":false},"excerpt":{"rendered":"<p>Retai australai kolektyviai sud\u0117jo rankas, kad gal\u0117t\u0173 savanoriauti naujam mokes\u010diui. Ta\u010diau atrodo, kad tai vyksta automobili\u0173 pramon\u0117je, nes skirtingos grup\u0117s&hellip;<\/p>\n","protected":false},"author":1,"featured_media":1836,"comment_status":"open","ping_status":"open","sticky":false,"template":"","format":"standard","meta":{"om_disable_all_campaigns":false,"_monsterinsights_skip_tracking":false,"_monsterinsights_sitenote_active":false,"_monsterinsights_sitenote_note":"","_monsterinsights_sitenote_category":0,"footnotes":""},"categories":[39],"tags":[3390,1367,197,169,591,1177,37],"class_list":["post-1835","post","type-post","status-publish","format-standard","has-post-thumbnail","hentry","category-eautomobiliu-technine-puse","tag-artimesni","tag-atrodo","tag-buti","tag-gali","tag-keliu","tag-mokesciai","tag-nei"],"aioseo_notices":[],"yoast_head":"<!-- This site is optimized with the Yoast SEO plugin v26.8 - https:\/\/yoast.com\/product\/yoast-seo-wordpress\/ -->\n<title>Keli\u0173 mokes\u010diai gali b\u016bti artimesni, nei atrodo - Eautomobiliai.lt<\/title>\n<meta name=\"robots\" content=\"index, follow, max-snippet:-1, max-image-preview:large, max-video-preview:-1\" \/>\n<link rel=\"canonical\" href=\"http:\/\/eautomobiliai.lt\/index.php\/2025\/08\/17\/keliu-mokesciai-gali-buti-artimesni-nei-atrodo\/\" \/>\n<meta property=\"og:locale\" content=\"lt_LT\" \/>\n<meta property=\"og:type\" content=\"article\" \/>\n<meta property=\"og:title\" content=\"Keli\u0173 mokes\u010diai gali b\u016bti artimesni, nei atrodo - Eautomobiliai.lt\" \/>\n<meta property=\"og:description\" content=\"Retai australai kolektyviai sud\u0117jo rankas, kad gal\u0117t\u0173 savanoriauti naujam mokes\u010diui. Ta\u010diau atrodo, kad tai vyksta automobili\u0173 pramon\u0117je, nes skirtingos grup\u0117s&hellip;\" \/>\n<meta property=\"og:url\" content=\"http:\/\/eautomobiliai.lt\/index.php\/2025\/08\/17\/keliu-mokesciai-gali-buti-artimesni-nei-atrodo\/\" \/>\n<meta property=\"og:site_name\" content=\"Eautomobiliai.lt\" \/>\n<meta property=\"article:published_time\" content=\"2025-08-17T20:14:12+00:00\" \/>\n<meta property=\"og:image\" content=\"http:\/\/eautomobiliai.lt\/wp-content\/uploads\/2025\/08\/Keliu-mokesciai-gali-buti-artimesni-nei-atrodo.jpg\" \/>\n\t<meta property=\"og:image:width\" content=\"1782\" \/>\n\t<meta property=\"og:image:height\" content=\"1160\" \/>\n\t<meta property=\"og:image:type\" content=\"image\/jpeg\" \/>\n<meta name=\"author\" content=\"admin\" \/>\n<meta name=\"twitter:card\" content=\"summary_large_image\" \/>\n<meta name=\"twitter:label1\" content=\"Written by\" \/>\n\t<meta name=\"twitter:data1\" content=\"admin\" \/>\n\t<meta name=\"twitter:label2\" content=\"Est. reading time\" \/>\n\t<meta name=\"twitter:data2\" content=\"5 minut\u0117s\" \/>\n<script type=\"application\/ld+json\" class=\"yoast-schema-graph\">{\"@context\":\"https:\/\/schema.org\",\"@graph\":[{\"@type\":\"Article\",\"@id\":\"http:\/\/eautomobiliai.lt\/index.php\/2025\/08\/17\/keliu-mokesciai-gali-buti-artimesni-nei-atrodo\/#article\",\"isPartOf\":{\"@id\":\"http:\/\/eautomobiliai.lt\/index.php\/2025\/08\/17\/keliu-mokesciai-gali-buti-artimesni-nei-atrodo\/\"},\"author\":{\"name\":\"admin\",\"@id\":\"https:\/\/eautomobiliai.lt\/#\/schema\/person\/ecf2a967f361217d056061f74deb92f2\"},\"headline\":\"Keli\u0173 mokes\u010diai gali b\u016bti artimesni, nei atrodo\",\"datePublished\":\"2025-08-17T20:14:12+00:00\",\"mainEntityOfPage\":{\"@id\":\"http:\/\/eautomobiliai.lt\/index.php\/2025\/08\/17\/keliu-mokesciai-gali-buti-artimesni-nei-atrodo\/\"},\"wordCount\":909,\"commentCount\":0,\"image\":{\"@id\":\"http:\/\/eautomobiliai.lt\/index.php\/2025\/08\/17\/keliu-mokesciai-gali-buti-artimesni-nei-atrodo\/#primaryimage\"},\"thumbnailUrl\":\"http:\/\/eautomobiliai.lt\/wp-content\/uploads\/2025\/08\/Keliu-mokesciai-gali-buti-artimesni-nei-atrodo.jpg\",\"keywords\":[\"artimesni\",\"atrodo\",\"b\u016bti\",\"gali\",\"keliu\",\"mokes\u010diai\",\"nei\"],\"articleSection\":[\"eAUTOMOBILI\u0172 TECHNIN\u0116 PUS\u0116\"],\"inLanguage\":\"lt-LT\",\"potentialAction\":[{\"@type\":\"CommentAction\",\"name\":\"Comment\",\"target\":[\"http:\/\/eautomobiliai.lt\/index.php\/2025\/08\/17\/keliu-mokesciai-gali-buti-artimesni-nei-atrodo\/#respond\"]}]},{\"@type\":\"WebPage\",\"@id\":\"http:\/\/eautomobiliai.lt\/index.php\/2025\/08\/17\/keliu-mokesciai-gali-buti-artimesni-nei-atrodo\/\",\"url\":\"http:\/\/eautomobiliai.lt\/index.php\/2025\/08\/17\/keliu-mokesciai-gali-buti-artimesni-nei-atrodo\/\",\"name\":\"Keli\u0173 mokes\u010diai gali b\u016bti artimesni, nei atrodo - Eautomobiliai.lt\",\"isPartOf\":{\"@id\":\"https:\/\/eautomobiliai.lt\/#website\"},\"primaryImageOfPage\":{\"@id\":\"http:\/\/eautomobiliai.lt\/index.php\/2025\/08\/17\/keliu-mokesciai-gali-buti-artimesni-nei-atrodo\/#primaryimage\"},\"image\":{\"@id\":\"http:\/\/eautomobiliai.lt\/index.php\/2025\/08\/17\/keliu-mokesciai-gali-buti-artimesni-nei-atrodo\/#primaryimage\"},\"thumbnailUrl\":\"http:\/\/eautomobiliai.lt\/wp-content\/uploads\/2025\/08\/Keliu-mokesciai-gali-buti-artimesni-nei-atrodo.jpg\",\"datePublished\":\"2025-08-17T20:14:12+00:00\",\"author\":{\"@id\":\"https:\/\/eautomobiliai.lt\/#\/schema\/person\/ecf2a967f361217d056061f74deb92f2\"},\"breadcrumb\":{\"@id\":\"http:\/\/eautomobiliai.lt\/index.php\/2025\/08\/17\/keliu-mokesciai-gali-buti-artimesni-nei-atrodo\/#breadcrumb\"},\"inLanguage\":\"lt-LT\",\"potentialAction\":[{\"@type\":\"ReadAction\",\"target\":[\"http:\/\/eautomobiliai.lt\/index.php\/2025\/08\/17\/keliu-mokesciai-gali-buti-artimesni-nei-atrodo\/\"]}]},{\"@type\":\"ImageObject\",\"inLanguage\":\"lt-LT\",\"@id\":\"http:\/\/eautomobiliai.lt\/index.php\/2025\/08\/17\/keliu-mokesciai-gali-buti-artimesni-nei-atrodo\/#primaryimage\",\"url\":\"http:\/\/eautomobiliai.lt\/wp-content\/uploads\/2025\/08\/Keliu-mokesciai-gali-buti-artimesni-nei-atrodo.jpg\",\"contentUrl\":\"http:\/\/eautomobiliai.lt\/wp-content\/uploads\/2025\/08\/Keliu-mokesciai-gali-buti-artimesni-nei-atrodo.jpg\",\"width\":1782,\"height\":1160},{\"@type\":\"BreadcrumbList\",\"@id\":\"http:\/\/eautomobiliai.lt\/index.php\/2025\/08\/17\/keliu-mokesciai-gali-buti-artimesni-nei-atrodo\/#breadcrumb\",\"itemListElement\":[{\"@type\":\"ListItem\",\"position\":1,\"name\":\"Home\",\"item\":\"https:\/\/eautomobiliai.lt\/\"},{\"@type\":\"ListItem\",\"position\":2,\"name\":\"Keli\u0173 mokes\u010diai gali b\u016bti artimesni, nei atrodo\"}]},{\"@type\":\"WebSite\",\"@id\":\"https:\/\/eautomobiliai.lt\/#website\",\"url\":\"https:\/\/eautomobiliai.lt\/\",\"name\":\"Eautomobiliai.lt\",\"description\":\"Elektrinis transportas, technologijos\",\"potentialAction\":[{\"@type\":\"SearchAction\",\"target\":{\"@type\":\"EntryPoint\",\"urlTemplate\":\"https:\/\/eautomobiliai.lt\/?s={search_term_string}\"},\"query-input\":{\"@type\":\"PropertyValueSpecification\",\"valueRequired\":true,\"valueName\":\"search_term_string\"}}],\"inLanguage\":\"lt-LT\"},{\"@type\":\"Person\",\"@id\":\"https:\/\/eautomobiliai.lt\/#\/schema\/person\/ecf2a967f361217d056061f74deb92f2\",\"name\":\"admin\",\"image\":{\"@type\":\"ImageObject\",\"inLanguage\":\"lt-LT\",\"@id\":\"https:\/\/eautomobiliai.lt\/#\/schema\/person\/image\/\",\"url\":\"https:\/\/secure.gravatar.com\/avatar\/6323379efae0c70c686c7905444d6bbd?s=96&d=mm&r=g\",\"contentUrl\":\"https:\/\/secure.gravatar.com\/avatar\/6323379efae0c70c686c7905444d6bbd?s=96&d=mm&r=g\",\"caption\":\"admin\"},\"sameAs\":[\"http:\/\/eautomobiliai.lt\"],\"url\":\"http:\/\/eautomobiliai.lt\/index.php\/author\/admin\/\"}]}<\/script>\n<!-- \/ Yoast SEO plugin. -->","yoast_head_json":{"title":"Keli\u0173 mokes\u010diai gali b\u016bti artimesni, nei atrodo - Eautomobiliai.lt","robots":{"index":"index","follow":"follow","max-snippet":"max-snippet:-1","max-image-preview":"max-image-preview:large","max-video-preview":"max-video-preview:-1"},"canonical":"http:\/\/eautomobiliai.lt\/index.php\/2025\/08\/17\/keliu-mokesciai-gali-buti-artimesni-nei-atrodo\/","og_locale":"lt_LT","og_type":"article","og_title":"Keli\u0173 mokes\u010diai gali b\u016bti artimesni, nei atrodo - Eautomobiliai.lt","og_description":"Retai australai kolektyviai sud\u0117jo rankas, kad gal\u0117t\u0173 savanoriauti naujam mokes\u010diui. Ta\u010diau atrodo, kad tai vyksta automobili\u0173 pramon\u0117je, nes skirtingos grup\u0117s&hellip;","og_url":"http:\/\/eautomobiliai.lt\/index.php\/2025\/08\/17\/keliu-mokesciai-gali-buti-artimesni-nei-atrodo\/","og_site_name":"Eautomobiliai.lt","article_published_time":"2025-08-17T20:14:12+00:00","og_image":[{"width":1782,"height":1160,"url":"http:\/\/eautomobiliai.lt\/wp-content\/uploads\/2025\/08\/Keliu-mokesciai-gali-buti-artimesni-nei-atrodo.jpg","type":"image\/jpeg"}],"author":"admin","twitter_card":"summary_large_image","twitter_misc":{"Written by":"admin","Est. reading time":"5 minut\u0117s"},"schema":{"@context":"https:\/\/schema.org","@graph":[{"@type":"Article","@id":"http:\/\/eautomobiliai.lt\/index.php\/2025\/08\/17\/keliu-mokesciai-gali-buti-artimesni-nei-atrodo\/#article","isPartOf":{"@id":"http:\/\/eautomobiliai.lt\/index.php\/2025\/08\/17\/keliu-mokesciai-gali-buti-artimesni-nei-atrodo\/"},"author":{"name":"admin","@id":"https:\/\/eautomobiliai.lt\/#\/schema\/person\/ecf2a967f361217d056061f74deb92f2"},"headline":"Keli\u0173 mokes\u010diai gali b\u016bti artimesni, nei atrodo","datePublished":"2025-08-17T20:14:12+00:00","mainEntityOfPage":{"@id":"http:\/\/eautomobiliai.lt\/index.php\/2025\/08\/17\/keliu-mokesciai-gali-buti-artimesni-nei-atrodo\/"},"wordCount":909,"commentCount":0,"image":{"@id":"http:\/\/eautomobiliai.lt\/index.php\/2025\/08\/17\/keliu-mokesciai-gali-buti-artimesni-nei-atrodo\/#primaryimage"},"thumbnailUrl":"http:\/\/eautomobiliai.lt\/wp-content\/uploads\/2025\/08\/Keliu-mokesciai-gali-buti-artimesni-nei-atrodo.jpg","keywords":["artimesni","atrodo","b\u016bti","gali","keliu","mokes\u010diai","nei"],"articleSection":["eAUTOMOBILI\u0172 TECHNIN\u0116 PUS\u0116"],"inLanguage":"lt-LT","potentialAction":[{"@type":"CommentAction","name":"Comment","target":["http:\/\/eautomobiliai.lt\/index.php\/2025\/08\/17\/keliu-mokesciai-gali-buti-artimesni-nei-atrodo\/#respond"]}]},{"@type":"WebPage","@id":"http:\/\/eautomobiliai.lt\/index.php\/2025\/08\/17\/keliu-mokesciai-gali-buti-artimesni-nei-atrodo\/","url":"http:\/\/eautomobiliai.lt\/index.php\/2025\/08\/17\/keliu-mokesciai-gali-buti-artimesni-nei-atrodo\/","name":"Keli\u0173 mokes\u010diai gali b\u016bti artimesni, nei atrodo - Eautomobiliai.lt","isPartOf":{"@id":"https:\/\/eautomobiliai.lt\/#website"},"primaryImageOfPage":{"@id":"http:\/\/eautomobiliai.lt\/index.php\/2025\/08\/17\/keliu-mokesciai-gali-buti-artimesni-nei-atrodo\/#primaryimage"},"image":{"@id":"http:\/\/eautomobiliai.lt\/index.php\/2025\/08\/17\/keliu-mokesciai-gali-buti-artimesni-nei-atrodo\/#primaryimage"},"thumbnailUrl":"http:\/\/eautomobiliai.lt\/wp-content\/uploads\/2025\/08\/Keliu-mokesciai-gali-buti-artimesni-nei-atrodo.jpg","datePublished":"2025-08-17T20:14:12+00:00","author":{"@id":"https:\/\/eautomobiliai.lt\/#\/schema\/person\/ecf2a967f361217d056061f74deb92f2"},"breadcrumb":{"@id":"http:\/\/eautomobiliai.lt\/index.php\/2025\/08\/17\/keliu-mokesciai-gali-buti-artimesni-nei-atrodo\/#breadcrumb"},"inLanguage":"lt-LT","potentialAction":[{"@type":"ReadAction","target":["http:\/\/eautomobiliai.lt\/index.php\/2025\/08\/17\/keliu-mokesciai-gali-buti-artimesni-nei-atrodo\/"]}]},{"@type":"ImageObject","inLanguage":"lt-LT","@id":"http:\/\/eautomobiliai.lt\/index.php\/2025\/08\/17\/keliu-mokesciai-gali-buti-artimesni-nei-atrodo\/#primaryimage","url":"http:\/\/eautomobiliai.lt\/wp-content\/uploads\/2025\/08\/Keliu-mokesciai-gali-buti-artimesni-nei-atrodo.jpg","contentUrl":"http:\/\/eautomobiliai.lt\/wp-content\/uploads\/2025\/08\/Keliu-mokesciai-gali-buti-artimesni-nei-atrodo.jpg","width":1782,"height":1160},{"@type":"BreadcrumbList","@id":"http:\/\/eautomobiliai.lt\/index.php\/2025\/08\/17\/keliu-mokesciai-gali-buti-artimesni-nei-atrodo\/#breadcrumb","itemListElement":[{"@type":"ListItem","position":1,"name":"Home","item":"https:\/\/eautomobiliai.lt\/"},{"@type":"ListItem","position":2,"name":"Keli\u0173 mokes\u010diai gali b\u016bti artimesni, nei atrodo"}]},{"@type":"WebSite","@id":"https:\/\/eautomobiliai.lt\/#website","url":"https:\/\/eautomobiliai.lt\/","name":"Eautomobiliai.lt","description":"Elektrinis transportas, technologijos","potentialAction":[{"@type":"SearchAction","target":{"@type":"EntryPoint","urlTemplate":"https:\/\/eautomobiliai.lt\/?s={search_term_string}"},"query-input":{"@type":"PropertyValueSpecification","valueRequired":true,"valueName":"search_term_string"}}],"inLanguage":"lt-LT"},{"@type":"Person","@id":"https:\/\/eautomobiliai.lt\/#\/schema\/person\/ecf2a967f361217d056061f74deb92f2","name":"admin","image":{"@type":"ImageObject","inLanguage":"lt-LT","@id":"https:\/\/eautomobiliai.lt\/#\/schema\/person\/image\/","url":"https:\/\/secure.gravatar.com\/avatar\/6323379efae0c70c686c7905444d6bbd?s=96&d=mm&r=g","contentUrl":"https:\/\/secure.gravatar.com\/avatar\/6323379efae0c70c686c7905444d6bbd?s=96&d=mm&r=g","caption":"admin"},"sameAs":["http:\/\/eautomobiliai.lt"],"url":"http:\/\/eautomobiliai.lt\/index.php\/author\/admin\/"}]}},"_links":{"self":[{"href":"http:\/\/eautomobiliai.lt\/index.php\/wp-json\/wp\/v2\/posts\/1835","targetHints":{"allow":["GET"]}}],"collection":[{"href":"http:\/\/eautomobiliai.lt\/index.php\/wp-json\/wp\/v2\/posts"}],"about":[{"href":"http:\/\/eautomobiliai.lt\/index.php\/wp-json\/wp\/v2\/types\/post"}],"author":[{"embeddable":true,"href":"http:\/\/eautomobiliai.lt\/index.php\/wp-json\/wp\/v2\/users\/1"}],"replies":[{"embeddable":true,"href":"http:\/\/eautomobiliai.lt\/index.php\/wp-json\/wp\/v2\/comments?post=1835"}],"version-history":[{"count":0,"href":"http:\/\/eautomobiliai.lt\/index.php\/wp-json\/wp\/v2\/posts\/1835\/revisions"}],"wp:featuredmedia":[{"embeddable":true,"href":"http:\/\/eautomobiliai.lt\/index.php\/wp-json\/wp\/v2\/media\/1836"}],"wp:attachment":[{"href":"http:\/\/eautomobiliai.lt\/index.php\/wp-json\/wp\/v2\/media?parent=1835"}],"wp:term":[{"taxonomy":"category","embeddable":true,"href":"http:\/\/eautomobiliai.lt\/index.php\/wp-json\/wp\/v2\/categories?post=1835"},{"taxonomy":"post_tag","embeddable":true,"href":"http:\/\/eautomobiliai.lt\/index.php\/wp-json\/wp\/v2\/tags?post=1835"}],"curies":[{"name":"wp","href":"https:\/\/api.w.org\/{rel}","templated":true}]}}