{"id":1845,"date":"2025-08-19T00:14:31","date_gmt":"2025-08-19T00:14:31","guid":{"rendered":"https:\/\/eautomobiliai.lt\/index.php\/2025\/08\/19\/waymo-ikurejas-praneskite-man-kai-tesla-paleidzia-robotaxi-as-vis-dar-laukiu\/"},"modified":"2025-08-19T00:14:31","modified_gmt":"2025-08-19T00:14:31","slug":"waymo-ikurejas-praneskite-man-kai-tesla-paleidzia-robotaxi-as-vis-dar-laukiu","status":"publish","type":"post","link":"http:\/\/eautomobiliai.lt\/index.php\/2025\/08\/19\/waymo-ikurejas-praneskite-man-kai-tesla-paleidzia-robotaxi-as-vis-dar-laukiu\/","title":{"rendered":"\u201eWaymo\u201c \u012fk\u016br\u0117jas: Prane\u0161kite man, kai \u201eTesla\u201c paleid\u017eia robotaxi &#8211; a\u0161 vis dar laukiu \u201c"},"content":{"rendered":"<p> <br \/>\n<\/p>\n<div>\n<figure class=\"img-border featured-image\">\n\t<\/figure>\n<p>\u201eWaymo\u201c \u012fk\u016br\u0117jas ir buv\u0119s generalinis direktorius Johnas Krafcikas yra \u201eTesla\u201c po\u017ei\u016brio \u012f savaranki\u0161k\u0105 vairavim\u0105 kritik\u0105, ir jis iki \u0161iol tiksliai numat\u0117 \u201erobotaksi\u201c paslaugos \u012fdiegim\u0105.<\/p>\n<p>Dabar jis imasi dar vieno kasimo prie \u201eTesla\u201c.<\/p>\n<p><span id=\"more-430516\"\/><\/p>\n<p>\u201eKrafcik\u201c yra labai gerbiamas automobili\u0173 pramon\u0117s lyderis. Savo karjer\u0105 jis prad\u0117jo kaip mechanikos in\u017einierius \u201eNummi\u201c gamykloje, kuri tada buvo bendras GM-Toyota fabrikas, ta\u010diau dabar priklauso \u201eTesla\u201c.<\/p>\n<p>Jis praleido 14 met\u0173 \u201eFord\u201c, kur buvo \u201eFord Expedition\u201c vyriausiasis in\u017einierius ir Linkolno navigatorius, labai s\u0117kminga transporto priemoni\u0173 programa. Tada jis persik\u0117l\u0117 \u012f \u201eHyundai America\u201c, kur penkerius metus \u0117jo prezidento pareigas.<\/p>\n<p>\t<span class=\"outbrain-ad-label\">Skelbimas &#8211; slinkite daugiau turinio<\/span><\/p>\n<p>Ta\u010diau \u201eKrafcik\u201c yra geriausiai \u017einomas d\u0117l pirmaujan\u010dio Wawmo 2015\u20132021 m., Pad\u0117damas jam tapti savaranki\u0161ko vairavimo technologijos sutarimo lyderiu.<\/p>\n<p>Prie\u0161 \u201eTesla\u201c paskelb\u0117 savo vadinam\u0105j\u0105 \u201eRobotaxi\u201c paslaug\u0105 Austine bir\u017eelio m\u0117n., Krafcik pasi\u016bl\u0117, kad \u201eTesla\u201c gal\u0117t\u0173 suklastoti paslaug\u0105:<\/p>\n<blockquote class=\"wp-block-quote is-layout-flow wp-block-quote-is-layout-flow\">\n<p><em>\u201eYra daugyb\u0117 b\u016bd\u0173, kaip suklastoti\u201e Robotaxi \u201cpaslaug\u0105\u201c.<\/em><\/p>\n<\/blockquote>\n<p>Jis nebuvo tiksliai neteisus.<\/p>\n<p>Kiekvieno laivyno \u201erobotaxi\u201c priekin\u0117je s\u0117dyn\u0117je yra \u201eTesla\u201c darbuotojas, kuris yra tik apie keliolika transporto priemoni\u0173, pagr\u012fst\u0173 minios \u0161altinio duomenimis, kurie yra vieninteliai turimi duomenys, nes \u201eTesla\u201c j\u0173 nei\u0161leid\u017eia.<\/p>\n<p>Tie priekin\u0117s s\u0117dyn\u0117s pri\u017ei\u016br\u0117tojai turi pir\u0161tus ant \u017eudymo jungiklio, paruo\u0161to vis\u0105 laik\u0105 sustabdyti transporto priemon\u0119, ir yra daugyb\u0117 pavyzd\u017ei\u0173, kai jie \u012fsiki\u0161a, kad b\u016bt\u0173 i\u0161vengta avarij\u0173 ar eismo pa\u017eeidim\u0173.<\/p>\n<p>Naujuose komentaruose (per \u201eBusiness Insider\u201c) \u201eKrafcik\u201c leid\u017eia suprasti, kad jis nemano, kad tai yra \u201erobotaksi\u201c paslauga:<\/p>\n<blockquote class=\"wp-block-quote is-layout-flow wp-block-quote-is-layout-flow\">\n<p>&#8222;Prane\u0161kite man, kai\u201e Tesla \u201cpaleid\u017eia robotaks\u0105 &#8211; a\u0161 vis dar laukiu. Tai (gana akivaizdu), o ne robotaksi, jei automobilio viduje yra darbuotojas.&#8221;<\/p>\n<\/blockquote>\n<p>Visai neseniai \u201eTesla\u201c i\u0161pl\u0117t\u0117 savo \u201erobotaxi\u201c aptarnavimo zon\u0105 \u012f Bay rajon\u0105 Kalifornijoje, ta\u010diau ji v\u0117l turi darbuotoj\u0105 automobilyje, \u0161\u012f kart\u0105 vairuotojo s\u0117dyn\u0117je.<\/p>\n<p>Krafcik komentavo:<\/p>\n<blockquote class=\"wp-block-quote is-layout-flow wp-block-quote-is-layout-flow\">\n<p>\u201eJei jie steng\u0117si i\u0161 naujo sukurti \u0161iandienos\u201e Bay Area Uber \u201cpatirt\u012f, atrodo, kad jie j\u0105 visi\u0161kai prikal\u0117\u201c.<\/p>\n<\/blockquote>\n<p>Jis t\u0119s\u0117:<\/p>\n<blockquote class=\"wp-block-quote is-layout-flow wp-block-quote-is-layout-flow\">\n<p>\u201eManau, kad AV pramon\u0117 b\u016bt\u0173 patenkinta, jei\u201e Tesla \u201claikysis Waymo po\u017ei\u016brio \u012f\u201e Robotaxi \u201cpaslaug\u0105, ta\u010diau jie to nedaro\u201c.<\/p>\n<\/blockquote>\n<p>Be to, \u201eTesla\u201c riboja prieig\u0105 prie \u201etik kvietim\u0173\u201c, o kvietimai pirmiausia vyko \u012f \u201eTesla\u201c influencerius ir investuotojus, kurie retai kriti\u0161kai vertina \u012fmon\u0119.<\/p>\n<p>Generalinis direktorius Elonas Muskas kit\u0105 m\u0117nes\u012f diskutavo apie \u201eatidaryti\u201c paslaugas Austine visuomenei, ta\u010diau atrodo, kad \u201eTesla\u201c artimiausioje ateityje tur\u0117s i\u0161laikyti automobilio vadov\u0105.<\/p>\n<h2 class=\"wp-block-heading\" id=\"h-electrek-s-take\">\u201eElectrek&#8217;s Take\u201c<\/h2>\n<p>\u201eWaymo\u201c, kuris daugel\u012f met\u0173 dislokavo tikr\u0105j\u0105 \u201eRobotaxi\u201c paslaug\u0105, turi b\u016bti \u0161iek tiek nelinksma, kad \u201eTesla\u201c tai vadina robotaksi.<\/p>\n<p>Kai \u201eWaymo\u201c naudojo automobil\u012f \u201eSaugos vairuotojai\u201c, jis savo paslaug\u0105 nevadino \u201erobotaksi\u201c. Akivaizdu, kad tai buvo bandymo etape.<\/p>\n<p>Jei \u201eTesla\u201c pa\u0161alint\u0173 saugos vairuotojus, ko a\u0161 si\u016blau, kad jie to nedaryt\u0173, remiantis dabartiniu FSD atsiribojimo lygiu ir intervencijomis, kurias mes mat\u0117me i\u0161 \u0161iuo metu minimalios \u201erobotaksi\u201c tarnybos Austine, tai oficialiai b\u016bt\u0173 ma\u017edaug 5 metai atsilieka nuo Wamo.<\/p>\n<p>Argumentas, kad \u201eTesla\u201c stebuklingai masto mastel\u012f grei\u010diau, nes jie nenaudoja \u201eLiDAR\u201c, tur\u0117t\u0173 b\u016bti i\u0161\u0117j\u0119s \u012f pensij\u0105, nes tikslas tur\u0117t\u0173 b\u016bti pats saugiausias, o ne grei\u010diausias mastelio keitimas.<\/p>\n<p>Kalbant apie mastel\u012f, dabartin\u0117 \u201eTesla\u201c kli\u016btis yra saugumas. Jis turi b\u016bti pakankamai saugus, kad b\u016bt\u0173 pa\u0161alintas saugos vadovas, ir jo dar n\u0117ra.<\/p>\n<p>Man tikrai nepatinka \u201eTesla\u201c po\u017ei\u016bris. Atrodo, kad tai daugiau apie optik\u0105, o ne saug\u0173 ir skaidr\u0173 po\u017ei\u016br\u012f.<\/p>\n<div class=\"ad-disclaimer-container\">\n<p class=\"disclaimer-affiliate\"><em>FPK: Mes naudojame pajamas gaunan\u010dias automatinio filialo nuorodas.<\/em> Daugiau.<\/p>\n<p><!-- post ad --><\/div>\n<\/p><\/div>\n<p><br \/>\n<br \/><a href=\"https:\/\/electrek.co\/2025\/08\/18\/waymo-founder-please-let-me-know-when-tesla-launches-a-robotaxi-im-still-waiting\/\">Source link <\/a><\/p>\n","protected":false},"excerpt":{"rendered":"<p>\u201eWaymo\u201c \u012fk\u016br\u0117jas ir buv\u0119s generalinis direktorius Johnas Krafcikas yra \u201eTesla\u201c po\u017ei\u016brio \u012f savaranki\u0161k\u0105 vairavim\u0105 kritik\u0105, ir jis iki \u0161iol tiksliai&hellip;<\/p>\n","protected":false},"author":1,"featured_media":1266,"comment_status":"open","ping_status":"open","sticky":false,"template":"","format":"standard","meta":{"om_disable_all_campaigns":false,"_monsterinsights_skip_tracking":false,"_monsterinsights_sitenote_active":false,"_monsterinsights_sitenote_note":"","_monsterinsights_sitenote_category":0,"footnotes":""},"categories":[8],"tags":[324,250,2080,221,3398,21,385,3397,1855,14,249,1835],"class_list":["post-1845","post","type-post","status-publish","format-standard","has-post-thumbnail","hentry","category-elektriniai-automobiliai","tag-as","tag-dar","tag-ikurejas","tag-kai","tag-laukiu","tag-man","tag-paleidzia","tag-praneskite","tag-robotaxi","tag-tesla","tag-vis","tag-waymo"],"aioseo_notices":[],"yoast_head":"<!-- This site is optimized with the Yoast SEO plugin v26.8 - https:\/\/yoast.com\/product\/yoast-seo-wordpress\/ -->\n<title>\u201eWaymo\u201c \u012fk\u016br\u0117jas: Prane\u0161kite man, kai \u201eTesla\u201c paleid\u017eia robotaxi - a\u0161 vis dar laukiu \u201c - Eautomobiliai.lt<\/title>\n<meta name=\"robots\" content=\"index, follow, max-snippet:-1, max-image-preview:large, max-video-preview:-1\" \/>\n<link rel=\"canonical\" href=\"http:\/\/eautomobiliai.lt\/index.php\/2025\/08\/19\/waymo-ikurejas-praneskite-man-kai-tesla-paleidzia-robotaxi-as-vis-dar-laukiu\/\" \/>\n<meta property=\"og:locale\" content=\"lt_LT\" \/>\n<meta property=\"og:type\" content=\"article\" \/>\n<meta property=\"og:title\" content=\"\u201eWaymo\u201c \u012fk\u016br\u0117jas: Prane\u0161kite man, kai \u201eTesla\u201c paleid\u017eia robotaxi - a\u0161 vis dar laukiu \u201c - Eautomobiliai.lt\" \/>\n<meta property=\"og:description\" content=\"\u201eWaymo\u201c \u012fk\u016br\u0117jas ir buv\u0119s generalinis direktorius Johnas Krafcikas yra \u201eTesla\u201c po\u017ei\u016brio \u012f savaranki\u0161k\u0105 vairavim\u0105 kritik\u0105, ir jis iki \u0161iol tiksliai&hellip;\" \/>\n<meta property=\"og:url\" content=\"http:\/\/eautomobiliai.lt\/index.php\/2025\/08\/19\/waymo-ikurejas-praneskite-man-kai-tesla-paleidzia-robotaxi-as-vis-dar-laukiu\/\" \/>\n<meta property=\"og:site_name\" content=\"Eautomobiliai.lt\" \/>\n<meta property=\"article:published_time\" content=\"2025-08-19T00:14:31+00:00\" \/>\n<meta property=\"og:image\" content=\"http:\/\/eautomobiliai.lt\/wp-content\/uploads\/2025\/06\/\u201eTesla-sake-kad-uzdirbsite-pinigu-su-FSD-Dabar-tai.jpg\" \/>\n\t<meta property=\"og:image:width\" content=\"1600\" \/>\n\t<meta property=\"og:image:height\" content=\"800\" \/>\n\t<meta property=\"og:image:type\" content=\"image\/jpeg\" \/>\n<meta name=\"author\" content=\"admin\" \/>\n<meta name=\"twitter:card\" content=\"summary_large_image\" \/>\n<meta name=\"twitter:label1\" content=\"Written by\" \/>\n\t<meta name=\"twitter:data1\" content=\"admin\" \/>\n\t<meta name=\"twitter:label2\" content=\"Est. reading time\" \/>\n\t<meta name=\"twitter:data2\" content=\"3 minut\u0117s\" \/>\n<script type=\"application\/ld+json\" class=\"yoast-schema-graph\">{\"@context\":\"https:\/\/schema.org\",\"@graph\":[{\"@type\":\"Article\",\"@id\":\"http:\/\/eautomobiliai.lt\/index.php\/2025\/08\/19\/waymo-ikurejas-praneskite-man-kai-tesla-paleidzia-robotaxi-as-vis-dar-laukiu\/#article\",\"isPartOf\":{\"@id\":\"http:\/\/eautomobiliai.lt\/index.php\/2025\/08\/19\/waymo-ikurejas-praneskite-man-kai-tesla-paleidzia-robotaxi-as-vis-dar-laukiu\/\"},\"author\":{\"name\":\"admin\",\"@id\":\"https:\/\/eautomobiliai.lt\/#\/schema\/person\/ecf2a967f361217d056061f74deb92f2\"},\"headline\":\"\u201eWaymo\u201c \u012fk\u016br\u0117jas: Prane\u0161kite man, kai \u201eTesla\u201c paleid\u017eia robotaxi &#8211; a\u0161 vis dar laukiu \u201c\",\"datePublished\":\"2025-08-19T00:14:31+00:00\",\"mainEntityOfPage\":{\"@id\":\"http:\/\/eautomobiliai.lt\/index.php\/2025\/08\/19\/waymo-ikurejas-praneskite-man-kai-tesla-paleidzia-robotaxi-as-vis-dar-laukiu\/\"},\"wordCount\":591,\"commentCount\":0,\"image\":{\"@id\":\"http:\/\/eautomobiliai.lt\/index.php\/2025\/08\/19\/waymo-ikurejas-praneskite-man-kai-tesla-paleidzia-robotaxi-as-vis-dar-laukiu\/#primaryimage\"},\"thumbnailUrl\":\"http:\/\/eautomobiliai.lt\/wp-content\/uploads\/2025\/06\/\u201eTesla-sake-kad-uzdirbsite-pinigu-su-FSD-Dabar-tai.jpg\",\"keywords\":[\"A\u0161\",\"dar\",\"\u012fk\u016br\u0117jas\",\"kai\",\"laukiu\",\"man\",\"paleid\u017eia\",\"Prane\u0161kite\",\"Robotaxi\",\"Tesla\",\"vis\",\"Waymo\"],\"articleSection\":[\"ELEKTRINIAI AUTOMOBILIAI\"],\"inLanguage\":\"lt-LT\",\"potentialAction\":[{\"@type\":\"CommentAction\",\"name\":\"Comment\",\"target\":[\"http:\/\/eautomobiliai.lt\/index.php\/2025\/08\/19\/waymo-ikurejas-praneskite-man-kai-tesla-paleidzia-robotaxi-as-vis-dar-laukiu\/#respond\"]}]},{\"@type\":\"WebPage\",\"@id\":\"http:\/\/eautomobiliai.lt\/index.php\/2025\/08\/19\/waymo-ikurejas-praneskite-man-kai-tesla-paleidzia-robotaxi-as-vis-dar-laukiu\/\",\"url\":\"http:\/\/eautomobiliai.lt\/index.php\/2025\/08\/19\/waymo-ikurejas-praneskite-man-kai-tesla-paleidzia-robotaxi-as-vis-dar-laukiu\/\",\"name\":\"\u201eWaymo\u201c \u012fk\u016br\u0117jas: Prane\u0161kite man, kai \u201eTesla\u201c paleid\u017eia robotaxi - a\u0161 vis dar laukiu \u201c - Eautomobiliai.lt\",\"isPartOf\":{\"@id\":\"https:\/\/eautomobiliai.lt\/#website\"},\"primaryImageOfPage\":{\"@id\":\"http:\/\/eautomobiliai.lt\/index.php\/2025\/08\/19\/waymo-ikurejas-praneskite-man-kai-tesla-paleidzia-robotaxi-as-vis-dar-laukiu\/#primaryimage\"},\"image\":{\"@id\":\"http:\/\/eautomobiliai.lt\/index.php\/2025\/08\/19\/waymo-ikurejas-praneskite-man-kai-tesla-paleidzia-robotaxi-as-vis-dar-laukiu\/#primaryimage\"},\"thumbnailUrl\":\"http:\/\/eautomobiliai.lt\/wp-content\/uploads\/2025\/06\/\u201eTesla-sake-kad-uzdirbsite-pinigu-su-FSD-Dabar-tai.jpg\",\"datePublished\":\"2025-08-19T00:14:31+00:00\",\"author\":{\"@id\":\"https:\/\/eautomobiliai.lt\/#\/schema\/person\/ecf2a967f361217d056061f74deb92f2\"},\"breadcrumb\":{\"@id\":\"http:\/\/eautomobiliai.lt\/index.php\/2025\/08\/19\/waymo-ikurejas-praneskite-man-kai-tesla-paleidzia-robotaxi-as-vis-dar-laukiu\/#breadcrumb\"},\"inLanguage\":\"lt-LT\",\"potentialAction\":[{\"@type\":\"ReadAction\",\"target\":[\"http:\/\/eautomobiliai.lt\/index.php\/2025\/08\/19\/waymo-ikurejas-praneskite-man-kai-tesla-paleidzia-robotaxi-as-vis-dar-laukiu\/\"]}]},{\"@type\":\"ImageObject\",\"inLanguage\":\"lt-LT\",\"@id\":\"http:\/\/eautomobiliai.lt\/index.php\/2025\/08\/19\/waymo-ikurejas-praneskite-man-kai-tesla-paleidzia-robotaxi-as-vis-dar-laukiu\/#primaryimage\",\"url\":\"http:\/\/eautomobiliai.lt\/wp-content\/uploads\/2025\/06\/\u201eTesla-sake-kad-uzdirbsite-pinigu-su-FSD-Dabar-tai.jpg\",\"contentUrl\":\"http:\/\/eautomobiliai.lt\/wp-content\/uploads\/2025\/06\/\u201eTesla-sake-kad-uzdirbsite-pinigu-su-FSD-Dabar-tai.jpg\",\"width\":1600,\"height\":800},{\"@type\":\"BreadcrumbList\",\"@id\":\"http:\/\/eautomobiliai.lt\/index.php\/2025\/08\/19\/waymo-ikurejas-praneskite-man-kai-tesla-paleidzia-robotaxi-as-vis-dar-laukiu\/#breadcrumb\",\"itemListElement\":[{\"@type\":\"ListItem\",\"position\":1,\"name\":\"Home\",\"item\":\"https:\/\/eautomobiliai.lt\/\"},{\"@type\":\"ListItem\",\"position\":2,\"name\":\"\u201eWaymo\u201c \u012fk\u016br\u0117jas: Prane\u0161kite man, kai \u201eTesla\u201c paleid\u017eia robotaxi &#8211; a\u0161 vis dar laukiu \u201c\"}]},{\"@type\":\"WebSite\",\"@id\":\"https:\/\/eautomobiliai.lt\/#website\",\"url\":\"https:\/\/eautomobiliai.lt\/\",\"name\":\"Eautomobiliai.lt\",\"description\":\"Elektrinis transportas, technologijos\",\"potentialAction\":[{\"@type\":\"SearchAction\",\"target\":{\"@type\":\"EntryPoint\",\"urlTemplate\":\"https:\/\/eautomobiliai.lt\/?s={search_term_string}\"},\"query-input\":{\"@type\":\"PropertyValueSpecification\",\"valueRequired\":true,\"valueName\":\"search_term_string\"}}],\"inLanguage\":\"lt-LT\"},{\"@type\":\"Person\",\"@id\":\"https:\/\/eautomobiliai.lt\/#\/schema\/person\/ecf2a967f361217d056061f74deb92f2\",\"name\":\"admin\",\"image\":{\"@type\":\"ImageObject\",\"inLanguage\":\"lt-LT\",\"@id\":\"https:\/\/eautomobiliai.lt\/#\/schema\/person\/image\/\",\"url\":\"https:\/\/secure.gravatar.com\/avatar\/6323379efae0c70c686c7905444d6bbd?s=96&d=mm&r=g\",\"contentUrl\":\"https:\/\/secure.gravatar.com\/avatar\/6323379efae0c70c686c7905444d6bbd?s=96&d=mm&r=g\",\"caption\":\"admin\"},\"sameAs\":[\"http:\/\/eautomobiliai.lt\"],\"url\":\"http:\/\/eautomobiliai.lt\/index.php\/author\/admin\/\"}]}<\/script>\n<!-- \/ Yoast SEO plugin. -->","yoast_head_json":{"title":"\u201eWaymo\u201c \u012fk\u016br\u0117jas: Prane\u0161kite man, kai \u201eTesla\u201c paleid\u017eia robotaxi - a\u0161 vis dar laukiu \u201c - Eautomobiliai.lt","robots":{"index":"index","follow":"follow","max-snippet":"max-snippet:-1","max-image-preview":"max-image-preview:large","max-video-preview":"max-video-preview:-1"},"canonical":"http:\/\/eautomobiliai.lt\/index.php\/2025\/08\/19\/waymo-ikurejas-praneskite-man-kai-tesla-paleidzia-robotaxi-as-vis-dar-laukiu\/","og_locale":"lt_LT","og_type":"article","og_title":"\u201eWaymo\u201c \u012fk\u016br\u0117jas: Prane\u0161kite man, kai \u201eTesla\u201c paleid\u017eia robotaxi - a\u0161 vis dar laukiu \u201c - Eautomobiliai.lt","og_description":"\u201eWaymo\u201c \u012fk\u016br\u0117jas ir buv\u0119s generalinis direktorius Johnas Krafcikas yra \u201eTesla\u201c po\u017ei\u016brio \u012f savaranki\u0161k\u0105 vairavim\u0105 kritik\u0105, ir jis iki \u0161iol tiksliai&hellip;","og_url":"http:\/\/eautomobiliai.lt\/index.php\/2025\/08\/19\/waymo-ikurejas-praneskite-man-kai-tesla-paleidzia-robotaxi-as-vis-dar-laukiu\/","og_site_name":"Eautomobiliai.lt","article_published_time":"2025-08-19T00:14:31+00:00","og_image":[{"width":1600,"height":800,"url":"http:\/\/eautomobiliai.lt\/wp-content\/uploads\/2025\/06\/\u201eTesla-sake-kad-uzdirbsite-pinigu-su-FSD-Dabar-tai.jpg","type":"image\/jpeg"}],"author":"admin","twitter_card":"summary_large_image","twitter_misc":{"Written by":"admin","Est. reading time":"3 minut\u0117s"},"schema":{"@context":"https:\/\/schema.org","@graph":[{"@type":"Article","@id":"http:\/\/eautomobiliai.lt\/index.php\/2025\/08\/19\/waymo-ikurejas-praneskite-man-kai-tesla-paleidzia-robotaxi-as-vis-dar-laukiu\/#article","isPartOf":{"@id":"http:\/\/eautomobiliai.lt\/index.php\/2025\/08\/19\/waymo-ikurejas-praneskite-man-kai-tesla-paleidzia-robotaxi-as-vis-dar-laukiu\/"},"author":{"name":"admin","@id":"https:\/\/eautomobiliai.lt\/#\/schema\/person\/ecf2a967f361217d056061f74deb92f2"},"headline":"\u201eWaymo\u201c \u012fk\u016br\u0117jas: Prane\u0161kite man, kai \u201eTesla\u201c paleid\u017eia robotaxi &#8211; a\u0161 vis dar laukiu \u201c","datePublished":"2025-08-19T00:14:31+00:00","mainEntityOfPage":{"@id":"http:\/\/eautomobiliai.lt\/index.php\/2025\/08\/19\/waymo-ikurejas-praneskite-man-kai-tesla-paleidzia-robotaxi-as-vis-dar-laukiu\/"},"wordCount":591,"commentCount":0,"image":{"@id":"http:\/\/eautomobiliai.lt\/index.php\/2025\/08\/19\/waymo-ikurejas-praneskite-man-kai-tesla-paleidzia-robotaxi-as-vis-dar-laukiu\/#primaryimage"},"thumbnailUrl":"http:\/\/eautomobiliai.lt\/wp-content\/uploads\/2025\/06\/\u201eTesla-sake-kad-uzdirbsite-pinigu-su-FSD-Dabar-tai.jpg","keywords":["A\u0161","dar","\u012fk\u016br\u0117jas","kai","laukiu","man","paleid\u017eia","Prane\u0161kite","Robotaxi","Tesla","vis","Waymo"],"articleSection":["ELEKTRINIAI AUTOMOBILIAI"],"inLanguage":"lt-LT","potentialAction":[{"@type":"CommentAction","name":"Comment","target":["http:\/\/eautomobiliai.lt\/index.php\/2025\/08\/19\/waymo-ikurejas-praneskite-man-kai-tesla-paleidzia-robotaxi-as-vis-dar-laukiu\/#respond"]}]},{"@type":"WebPage","@id":"http:\/\/eautomobiliai.lt\/index.php\/2025\/08\/19\/waymo-ikurejas-praneskite-man-kai-tesla-paleidzia-robotaxi-as-vis-dar-laukiu\/","url":"http:\/\/eautomobiliai.lt\/index.php\/2025\/08\/19\/waymo-ikurejas-praneskite-man-kai-tesla-paleidzia-robotaxi-as-vis-dar-laukiu\/","name":"\u201eWaymo\u201c \u012fk\u016br\u0117jas: Prane\u0161kite man, kai \u201eTesla\u201c paleid\u017eia robotaxi - a\u0161 vis dar laukiu \u201c - Eautomobiliai.lt","isPartOf":{"@id":"https:\/\/eautomobiliai.lt\/#website"},"primaryImageOfPage":{"@id":"http:\/\/eautomobiliai.lt\/index.php\/2025\/08\/19\/waymo-ikurejas-praneskite-man-kai-tesla-paleidzia-robotaxi-as-vis-dar-laukiu\/#primaryimage"},"image":{"@id":"http:\/\/eautomobiliai.lt\/index.php\/2025\/08\/19\/waymo-ikurejas-praneskite-man-kai-tesla-paleidzia-robotaxi-as-vis-dar-laukiu\/#primaryimage"},"thumbnailUrl":"http:\/\/eautomobiliai.lt\/wp-content\/uploads\/2025\/06\/\u201eTesla-sake-kad-uzdirbsite-pinigu-su-FSD-Dabar-tai.jpg","datePublished":"2025-08-19T00:14:31+00:00","author":{"@id":"https:\/\/eautomobiliai.lt\/#\/schema\/person\/ecf2a967f361217d056061f74deb92f2"},"breadcrumb":{"@id":"http:\/\/eautomobiliai.lt\/index.php\/2025\/08\/19\/waymo-ikurejas-praneskite-man-kai-tesla-paleidzia-robotaxi-as-vis-dar-laukiu\/#breadcrumb"},"inLanguage":"lt-LT","potentialAction":[{"@type":"ReadAction","target":["http:\/\/eautomobiliai.lt\/index.php\/2025\/08\/19\/waymo-ikurejas-praneskite-man-kai-tesla-paleidzia-robotaxi-as-vis-dar-laukiu\/"]}]},{"@type":"ImageObject","inLanguage":"lt-LT","@id":"http:\/\/eautomobiliai.lt\/index.php\/2025\/08\/19\/waymo-ikurejas-praneskite-man-kai-tesla-paleidzia-robotaxi-as-vis-dar-laukiu\/#primaryimage","url":"http:\/\/eautomobiliai.lt\/wp-content\/uploads\/2025\/06\/\u201eTesla-sake-kad-uzdirbsite-pinigu-su-FSD-Dabar-tai.jpg","contentUrl":"http:\/\/eautomobiliai.lt\/wp-content\/uploads\/2025\/06\/\u201eTesla-sake-kad-uzdirbsite-pinigu-su-FSD-Dabar-tai.jpg","width":1600,"height":800},{"@type":"BreadcrumbList","@id":"http:\/\/eautomobiliai.lt\/index.php\/2025\/08\/19\/waymo-ikurejas-praneskite-man-kai-tesla-paleidzia-robotaxi-as-vis-dar-laukiu\/#breadcrumb","itemListElement":[{"@type":"ListItem","position":1,"name":"Home","item":"https:\/\/eautomobiliai.lt\/"},{"@type":"ListItem","position":2,"name":"\u201eWaymo\u201c \u012fk\u016br\u0117jas: Prane\u0161kite man, kai \u201eTesla\u201c paleid\u017eia robotaxi &#8211; a\u0161 vis dar laukiu \u201c"}]},{"@type":"WebSite","@id":"https:\/\/eautomobiliai.lt\/#website","url":"https:\/\/eautomobiliai.lt\/","name":"Eautomobiliai.lt","description":"Elektrinis transportas, technologijos","potentialAction":[{"@type":"SearchAction","target":{"@type":"EntryPoint","urlTemplate":"https:\/\/eautomobiliai.lt\/?s={search_term_string}"},"query-input":{"@type":"PropertyValueSpecification","valueRequired":true,"valueName":"search_term_string"}}],"inLanguage":"lt-LT"},{"@type":"Person","@id":"https:\/\/eautomobiliai.lt\/#\/schema\/person\/ecf2a967f361217d056061f74deb92f2","name":"admin","image":{"@type":"ImageObject","inLanguage":"lt-LT","@id":"https:\/\/eautomobiliai.lt\/#\/schema\/person\/image\/","url":"https:\/\/secure.gravatar.com\/avatar\/6323379efae0c70c686c7905444d6bbd?s=96&d=mm&r=g","contentUrl":"https:\/\/secure.gravatar.com\/avatar\/6323379efae0c70c686c7905444d6bbd?s=96&d=mm&r=g","caption":"admin"},"sameAs":["http:\/\/eautomobiliai.lt"],"url":"http:\/\/eautomobiliai.lt\/index.php\/author\/admin\/"}]}},"_links":{"self":[{"href":"http:\/\/eautomobiliai.lt\/index.php\/wp-json\/wp\/v2\/posts\/1845","targetHints":{"allow":["GET"]}}],"collection":[{"href":"http:\/\/eautomobiliai.lt\/index.php\/wp-json\/wp\/v2\/posts"}],"about":[{"href":"http:\/\/eautomobiliai.lt\/index.php\/wp-json\/wp\/v2\/types\/post"}],"author":[{"embeddable":true,"href":"http:\/\/eautomobiliai.lt\/index.php\/wp-json\/wp\/v2\/users\/1"}],"replies":[{"embeddable":true,"href":"http:\/\/eautomobiliai.lt\/index.php\/wp-json\/wp\/v2\/comments?post=1845"}],"version-history":[{"count":0,"href":"http:\/\/eautomobiliai.lt\/index.php\/wp-json\/wp\/v2\/posts\/1845\/revisions"}],"wp:featuredmedia":[{"embeddable":true,"href":"http:\/\/eautomobiliai.lt\/index.php\/wp-json\/wp\/v2\/media\/1266"}],"wp:attachment":[{"href":"http:\/\/eautomobiliai.lt\/index.php\/wp-json\/wp\/v2\/media?parent=1845"}],"wp:term":[{"taxonomy":"category","embeddable":true,"href":"http:\/\/eautomobiliai.lt\/index.php\/wp-json\/wp\/v2\/categories?post=1845"},{"taxonomy":"post_tag","embeddable":true,"href":"http:\/\/eautomobiliai.lt\/index.php\/wp-json\/wp\/v2\/tags?post=1845"}],"curies":[{"name":"wp","href":"https:\/\/api.w.org\/{rel}","templated":true}]}}