{"id":1858,"date":"2025-08-20T12:26:32","date_gmt":"2025-08-20T12:26:32","guid":{"rendered":"http:\/\/eautomobiliai.lt\/index.php\/2025\/08\/20\/tarybos-musis-dezinformacija-ir-baime-savaimezo-evs-kai-jie-bando-eiti-elektra\/"},"modified":"2025-08-20T12:26:32","modified_gmt":"2025-08-20T12:26:32","slug":"tarybos-musis-dezinformacija-ir-baime-savaimezo-evs-kai-jie-bando-eiti-elektra","status":"publish","type":"post","link":"http:\/\/eautomobiliai.lt\/index.php\/2025\/08\/20\/tarybos-musis-dezinformacija-ir-baime-savaimezo-evs-kai-jie-bando-eiti-elektra\/","title":{"rendered":"Tarybos m\u016b\u0161is dezinformacija ir baim\u0117 \u201esavaime\u017eo\u201c EVS, kai jie bando eiti elektra"},"content":{"rendered":"<p> <br \/>\n<\/p>\n<div id=\"\">\n<p>Auk\u0161tas dezinformacijos ir dezinformacijos lygis i\u0161lieka nuosekliomis kli\u016btimis \u012fsisavinti elektrines transporto priemones Australijoje, ta\u010diau viena vietos taryba steb\u0117jo savo darbuotoj\u0173 lygio atstum\u0105, kai pirm\u0105 kart\u0105 \u012f savo laivyn\u0105 \u012fve\u017e\u0117 EV.<\/p>\n<p>Wyndhamo miesto taryba-viena i\u0161 septyni\u0173 grup\u0117s vietiniame regione, norin\u010dio \u201eGo Electric\u201c, sako, kad tarybos darbuotojai i\u0161 prad\u017ei\u0173 bijojo \u201esavaranki\u0161ko EVS\u201c ir toksi\u0161k\u0173 d\u016bm\u0173, tod\u0117l jie nesiry\u017eo vairuoti elektrini\u0173 transporto priemoni\u0173, kurias pirko taryba.<\/p>\n<p>\u201eSusir\u016bpinimas d\u0117l gaisro rizikos, tokios kaip akumuliatori\u0173 gaisrai ir \u012fkroviklio gedimai, yra paplit\u0119s tarp tarybos darbuotoj\u0173, \u012fskaitant tuos, kurie palaiko EV per\u0117jim\u0105\u201c, &#8211; taryba ra\u0161o \u017eini\u0173 dalijimosi ataskaitoje, kuri buvo jos finansavimo s\u0105lyga i\u0161 Australijos atsinaujinan\u010dios energijos agent\u016bros.<\/p>\n<p>\u201e\u0160ie r\u016bpes\u010diai, kuriuos da\u017enai sustiprina dezinformacija, gali sukelti dvejojim\u0105 i\u0161 operacij\u0173 komand\u0173, suma\u017einti vartotoj\u0173 \u012fsisavinim\u0105 ir vadov\u0173 finansin\u012f atsargum\u0105\u201c.<\/p>\n<p>Jis teig\u0117, kad netgi \u012fvyko darbuotojai, kurie kitaip palaik\u0117 per\u0117jim\u0105 prie EV.<\/p>\n<p>\u201ePagrindiniai r\u016bpes\u010diai yra EV savaranki\u0161ko \u012fbarymo, sugedusi\u0173 \u012fkrovikli\u0173 ar elektros sistem\u0173, \u0161iluminis akumuliatori\u0173, reagavimo \u012f ekstremalias situacijas, toksi\u0161kus d\u016bmus ir gaisro potencialo plisti \u012f netoliese esant\u012f turt\u0105 galimyb\u0117\u201c,-paai\u0161kinta prane\u0161ime.<\/p>\n<p>\u201eNors \u0161ie r\u016bpes\u010diai galioja ir reikalauja tinkamo rizikos ma\u017einimo, j\u0173 tikimyb\u0117 da\u017enai perd\u0117ta d\u0117l dezinformacijos ir dezinformacijos\u201c.<\/p>\n<p>D\u0117l \u0161i\u0173 susir\u016bpinim\u0105 kelian\u010di\u0173 susir\u016bpinim\u0105 kelian\u010di\u0173 vidaus tarybos komand\u0173 param\u0105 d\u0117l suvokiamos EV gaisr\u0173 rizika \u012f tarybos turt\u0105 ir personalo saugum\u0105, o tarybos darbuotojai, kurie nesiry\u017eo vairuoti EV d\u0117l susir\u016bpinimo d\u0117l j\u0173 saugumo, EV buvo ma\u017eai.<\/p>\n<p>Wyndham miesto taryba kreip\u0117si \u012f informacij\u0105, kuri\u0105 suk\u016br\u0117 \u201eEV Fire Safe\u201c, privati \u012fmon\u0117, tirianti EV akumuliatori\u0173 gaisrus ir reaguojant \u012f ekstremalias situacijas, siekdama pad\u0117ti i\u0161spr\u0119sti problemas, teikti patarimus d\u0117l saugaus \u012fkroviklio i\u0161d\u0117stymo ir valdymo bei informacijos apie reagavimo \u012f ekstremalias situacijas planavim\u0105 ir bendrojo supratimo didinim\u0105.<\/p>\n<p>\u201eEV per\u0117jimas rei\u0161kia reik\u0161ming\u0105 poslink\u012f taryboms, ir daugelis dalyvi\u0173 nar\u0161o nepa\u017e\u012fstam\u0105 teritorij\u0105, kupin\u0105 dezinformacijos &#8211; ypa\u010d d\u0117l gaisro rizikos\u201c, &#8211; sakoma prane\u0161ime.<\/p>\n<p>\u201eAnkstyvas \u012fsitraukimas, ai\u0161k\u016bs vaidmenys ir atsakomyb\u0117 bei matomas vykdomosios vald\u017eios r\u0117mimas yra b\u016btinas norint sukurti pasitik\u0117jim\u0105, skatinti bendr\u0105 nuosavyb\u0119 ir u\u017etikrinti, kad per\u0117jimas laikomas strateginiu prioritetu, o ne ni\u0161os iniciatyva, kuri\u0105 skatina tvarumo komandos\u201c.<\/p>\n<p>\u201eWyndham\u201c bendradarbiauja su kitomis SIS tarybomis, vadovaujan\u010diomis Vakar\u0173 aljansui u\u017e \u0161iltnamio efekt\u0105 sukelian\u010di\u0173 veiksm\u0173 (WAGA) partneryst\u0119, kad pereit\u0173 savo laivyn\u0105 \u012f nulin\u0119 emisijos transporto priemones.<\/p>\n<p>Projektas apima ir lengvus, ir sunkius akumuliatori\u0173 EV, ir \u012fkrovimo infrastrukt\u016bros \u012frengim\u0105 savivaldybi\u0173 depuose ir biuruose (ir palaikant elektrinius ir civilinius darbus), ir yra skirtas parodyti tarybos parko \u012fkrovimo sprendimus, i\u0161tirti \u012fvairius tarybos EV naudojimo atvejus ir \u012fgyvendinti laivyno per\u0117jimo planus.<\/p>\n<p>Projektas prasid\u0117jo 2024 m. Liepos m\u0117n. Ir tikimasi, kad jis bus baigtas iki 2027 m. Liepos m\u0117n.<\/p>\n<p>Ataskaitoje taip pat pabr\u0117\u017eiami sud\u0117tingi logistiniai i\u0161\u0161\u016bkiai, kaip dislokuoti EV infrastrukt\u016br\u0105 tarybos vietose, tod\u0117l reikia kruop\u0161\u010diai surengti ir koordinuoti diegimo darbai, taip pat ankstyvas suinteresuot\u0173j\u0173 \u0161ali\u0173 \u012fsitraukimas, palaipsniui pristatymas ir minimalus sutrikimas bei operatyvinis poveikis per \u012fvairias statybos metodus.<\/p>\n<\/p>\n<div class=\"saboxplugin-wrap\" itemtype=\"http:\/\/schema.org\/Person\" itemscope=\"\" itemprop=\"author\">\n<div class=\"saboxplugin-tab\">\n<div class=\"saboxplugin-gravatar\"><img decoding=\"async\" loading=\"lazy\" alt=\"Joshua S. Hill\" src=\"https:\/\/secure.gravatar.com\/avatar\/674502fafd2221f0fc2baf7da1435a7980e9492ea0657bfcd546273621f39689?s=100&amp;d=mm&amp;r=g\" srcset=\"https:\/\/secure.gravatar.com\/avatar\/674502fafd2221f0fc2baf7da1435a7980e9492ea0657bfcd546273621f39689?s=200&amp;d=mm&amp;r=g 2x\" class=\"avatar avatar-100 photo\" height=\"100\" width=\"100\" itemprop=\"image\"\/><\/div>\n<div class=\"saboxplugin-desc\">\n<div itemprop=\"description\">\n<p>Joshua S. Hill yra Melburno \u017eurnalistas, daugiau nei 15 met\u0173 ra\u0161antis apie klimato poky\u010dius, \u0161varias technologijas ir elektrines transporto priemones. Jis prane\u0161a apie elektrines transporto priemones ir \u0161varias atnaujinimo ekonomikos ir varomosios technologijas nuo 2012 m. Jo pageidaujamas transporto b\u016bdas yra jo kojos.<\/p>\n<\/div>\n<\/div>\n<\/div>\n<\/div>\n<p><!-- AI CONTENT END 1 --><\/p><\/div>\n<p><br \/>\n<br \/><a href=\"https:\/\/thedriven.io\/2025\/08\/20\/councils-battle-disinformation-and-fears-of-self-igniting-evs-as-they-try-to-go-electric\/\">Source link <\/a><\/p>\n","protected":false},"excerpt":{"rendered":"<p>Auk\u0161tas dezinformacijos ir dezinformacijos lygis i\u0161lieka nuosekliomis kli\u016btimis \u012fsisavinti elektrines transporto priemones Australijoje, ta\u010diau viena vietos taryba steb\u0117jo savo darbuotoj\u0173&hellip;<\/p>\n","protected":false},"author":1,"featured_media":1859,"comment_status":"open","ping_status":"open","sticky":false,"template":"","format":"standard","meta":{"om_disable_all_campaigns":false,"_monsterinsights_skip_tracking":false,"_monsterinsights_sitenote_active":false,"_monsterinsights_sitenote_note":"","_monsterinsights_sitenote_category":0,"footnotes":""},"categories":[39],"tags":[3419,2688,2281,912,913,369,252,221,3418,3420,3417],"class_list":["post-1858","post","type-post","status-publish","format-standard","has-post-thumbnail","hentry","category-eautomobiliu-technine-puse","tag-baime","tag-bando","tag-dezinformacija","tag-eiti","tag-elektra","tag-evs","tag-jie","tag-kai","tag-musis","tag-savaimezo","tag-tarybos"],"aioseo_notices":[],"yoast_head":"<!-- This site is optimized with the Yoast SEO plugin v26.8 - https:\/\/yoast.com\/product\/yoast-seo-wordpress\/ -->\n<title>Tarybos m\u016b\u0161is dezinformacija ir baim\u0117 \u201esavaime\u017eo\u201c EVS, kai jie bando eiti elektra - Eautomobiliai.lt<\/title>\n<meta name=\"robots\" content=\"index, follow, max-snippet:-1, max-image-preview:large, max-video-preview:-1\" \/>\n<link rel=\"canonical\" href=\"https:\/\/eautomobiliai.lt\/index.php\/2025\/08\/20\/tarybos-musis-dezinformacija-ir-baime-savaimezo-evs-kai-jie-bando-eiti-elektra\/\" \/>\n<meta property=\"og:locale\" content=\"lt_LT\" \/>\n<meta property=\"og:type\" content=\"article\" \/>\n<meta property=\"og:title\" content=\"Tarybos m\u016b\u0161is dezinformacija ir baim\u0117 \u201esavaime\u017eo\u201c EVS, kai jie bando eiti elektra - Eautomobiliai.lt\" \/>\n<meta property=\"og:description\" content=\"Auk\u0161tas dezinformacijos ir dezinformacijos lygis i\u0161lieka nuosekliomis kli\u016btimis \u012fsisavinti elektrines transporto priemones Australijoje, ta\u010diau viena vietos taryba steb\u0117jo savo darbuotoj\u0173&hellip;\" \/>\n<meta property=\"og:url\" content=\"https:\/\/eautomobiliai.lt\/index.php\/2025\/08\/20\/tarybos-musis-dezinformacija-ir-baime-savaimezo-evs-kai-jie-bando-eiti-elektra\/\" \/>\n<meta property=\"og:site_name\" content=\"Eautomobiliai.lt\" \/>\n<meta property=\"article:published_time\" content=\"2025-08-20T12:26:32+00:00\" \/>\n<meta property=\"og:image\" content=\"https:\/\/eautomobiliai.lt\/wp-content\/uploads\/2025\/08\/Tarybos-musis-dezinformacija-ir-baime-\u201esavaimezo-EVS-kai-jie-bando.jpg\" \/>\n\t<meta property=\"og:image:width\" content=\"1280\" \/>\n\t<meta property=\"og:image:height\" content=\"855\" \/>\n\t<meta property=\"og:image:type\" content=\"image\/jpeg\" \/>\n<meta name=\"author\" content=\"admin\" \/>\n<meta name=\"twitter:card\" content=\"summary_large_image\" \/>\n<meta name=\"twitter:label1\" content=\"Written by\" \/>\n\t<meta name=\"twitter:data1\" content=\"admin\" \/>\n\t<meta name=\"twitter:label2\" content=\"Est. reading time\" \/>\n\t<meta name=\"twitter:data2\" content=\"3 minut\u0117s\" \/>\n<script type=\"application\/ld+json\" class=\"yoast-schema-graph\">{\"@context\":\"https:\/\/schema.org\",\"@graph\":[{\"@type\":\"Article\",\"@id\":\"https:\/\/eautomobiliai.lt\/index.php\/2025\/08\/20\/tarybos-musis-dezinformacija-ir-baime-savaimezo-evs-kai-jie-bando-eiti-elektra\/#article\",\"isPartOf\":{\"@id\":\"https:\/\/eautomobiliai.lt\/index.php\/2025\/08\/20\/tarybos-musis-dezinformacija-ir-baime-savaimezo-evs-kai-jie-bando-eiti-elektra\/\"},\"author\":{\"name\":\"admin\",\"@id\":\"https:\/\/eautomobiliai.lt\/#\/schema\/person\/ecf2a967f361217d056061f74deb92f2\"},\"headline\":\"Tarybos m\u016b\u0161is dezinformacija ir baim\u0117 \u201esavaime\u017eo\u201c EVS, kai jie bando eiti elektra\",\"datePublished\":\"2025-08-20T12:26:32+00:00\",\"mainEntityOfPage\":{\"@id\":\"https:\/\/eautomobiliai.lt\/index.php\/2025\/08\/20\/tarybos-musis-dezinformacija-ir-baime-savaimezo-evs-kai-jie-bando-eiti-elektra\/\"},\"wordCount\":581,\"commentCount\":0,\"image\":{\"@id\":\"https:\/\/eautomobiliai.lt\/index.php\/2025\/08\/20\/tarybos-musis-dezinformacija-ir-baime-savaimezo-evs-kai-jie-bando-eiti-elektra\/#primaryimage\"},\"thumbnailUrl\":\"http:\/\/eautomobiliai.lt\/wp-content\/uploads\/2025\/08\/Tarybos-musis-dezinformacija-ir-baime-\u201esavaimezo-EVS-kai-jie-bando.jpg\",\"keywords\":[\"baim\u0117\",\"bando\",\"dezinformacija\",\"eiti\",\"elektra\",\"EVS\",\"jie\",\"kai\",\"m\u016b\u0161is\",\"savaime\u017eo\",\"Tarybos\"],\"articleSection\":[\"eAUTOMOBILI\u0172 TECHNIN\u0116 PUS\u0116\"],\"inLanguage\":\"lt-LT\",\"potentialAction\":[{\"@type\":\"CommentAction\",\"name\":\"Comment\",\"target\":[\"https:\/\/eautomobiliai.lt\/index.php\/2025\/08\/20\/tarybos-musis-dezinformacija-ir-baime-savaimezo-evs-kai-jie-bando-eiti-elektra\/#respond\"]}]},{\"@type\":\"WebPage\",\"@id\":\"https:\/\/eautomobiliai.lt\/index.php\/2025\/08\/20\/tarybos-musis-dezinformacija-ir-baime-savaimezo-evs-kai-jie-bando-eiti-elektra\/\",\"url\":\"https:\/\/eautomobiliai.lt\/index.php\/2025\/08\/20\/tarybos-musis-dezinformacija-ir-baime-savaimezo-evs-kai-jie-bando-eiti-elektra\/\",\"name\":\"Tarybos m\u016b\u0161is dezinformacija ir baim\u0117 \u201esavaime\u017eo\u201c EVS, kai jie bando eiti elektra - Eautomobiliai.lt\",\"isPartOf\":{\"@id\":\"https:\/\/eautomobiliai.lt\/#website\"},\"primaryImageOfPage\":{\"@id\":\"https:\/\/eautomobiliai.lt\/index.php\/2025\/08\/20\/tarybos-musis-dezinformacija-ir-baime-savaimezo-evs-kai-jie-bando-eiti-elektra\/#primaryimage\"},\"image\":{\"@id\":\"https:\/\/eautomobiliai.lt\/index.php\/2025\/08\/20\/tarybos-musis-dezinformacija-ir-baime-savaimezo-evs-kai-jie-bando-eiti-elektra\/#primaryimage\"},\"thumbnailUrl\":\"http:\/\/eautomobiliai.lt\/wp-content\/uploads\/2025\/08\/Tarybos-musis-dezinformacija-ir-baime-\u201esavaimezo-EVS-kai-jie-bando.jpg\",\"datePublished\":\"2025-08-20T12:26:32+00:00\",\"author\":{\"@id\":\"https:\/\/eautomobiliai.lt\/#\/schema\/person\/ecf2a967f361217d056061f74deb92f2\"},\"breadcrumb\":{\"@id\":\"https:\/\/eautomobiliai.lt\/index.php\/2025\/08\/20\/tarybos-musis-dezinformacija-ir-baime-savaimezo-evs-kai-jie-bando-eiti-elektra\/#breadcrumb\"},\"inLanguage\":\"lt-LT\",\"potentialAction\":[{\"@type\":\"ReadAction\",\"target\":[\"https:\/\/eautomobiliai.lt\/index.php\/2025\/08\/20\/tarybos-musis-dezinformacija-ir-baime-savaimezo-evs-kai-jie-bando-eiti-elektra\/\"]}]},{\"@type\":\"ImageObject\",\"inLanguage\":\"lt-LT\",\"@id\":\"https:\/\/eautomobiliai.lt\/index.php\/2025\/08\/20\/tarybos-musis-dezinformacija-ir-baime-savaimezo-evs-kai-jie-bando-eiti-elektra\/#primaryimage\",\"url\":\"http:\/\/eautomobiliai.lt\/wp-content\/uploads\/2025\/08\/Tarybos-musis-dezinformacija-ir-baime-\u201esavaimezo-EVS-kai-jie-bando.jpg\",\"contentUrl\":\"http:\/\/eautomobiliai.lt\/wp-content\/uploads\/2025\/08\/Tarybos-musis-dezinformacija-ir-baime-\u201esavaimezo-EVS-kai-jie-bando.jpg\",\"width\":1280,\"height\":855},{\"@type\":\"BreadcrumbList\",\"@id\":\"https:\/\/eautomobiliai.lt\/index.php\/2025\/08\/20\/tarybos-musis-dezinformacija-ir-baime-savaimezo-evs-kai-jie-bando-eiti-elektra\/#breadcrumb\",\"itemListElement\":[{\"@type\":\"ListItem\",\"position\":1,\"name\":\"Home\",\"item\":\"https:\/\/eautomobiliai.lt\/\"},{\"@type\":\"ListItem\",\"position\":2,\"name\":\"Tarybos m\u016b\u0161is dezinformacija ir baim\u0117 \u201esavaime\u017eo\u201c EVS, kai jie bando eiti elektra\"}]},{\"@type\":\"WebSite\",\"@id\":\"https:\/\/eautomobiliai.lt\/#website\",\"url\":\"https:\/\/eautomobiliai.lt\/\",\"name\":\"Eautomobiliai.lt\",\"description\":\"Elektrinis transportas, technologijos\",\"potentialAction\":[{\"@type\":\"SearchAction\",\"target\":{\"@type\":\"EntryPoint\",\"urlTemplate\":\"https:\/\/eautomobiliai.lt\/?s={search_term_string}\"},\"query-input\":{\"@type\":\"PropertyValueSpecification\",\"valueRequired\":true,\"valueName\":\"search_term_string\"}}],\"inLanguage\":\"lt-LT\"},{\"@type\":\"Person\",\"@id\":\"https:\/\/eautomobiliai.lt\/#\/schema\/person\/ecf2a967f361217d056061f74deb92f2\",\"name\":\"admin\",\"image\":{\"@type\":\"ImageObject\",\"inLanguage\":\"lt-LT\",\"@id\":\"https:\/\/eautomobiliai.lt\/#\/schema\/person\/image\/\",\"url\":\"https:\/\/secure.gravatar.com\/avatar\/6323379efae0c70c686c7905444d6bbd?s=96&d=mm&r=g\",\"contentUrl\":\"https:\/\/secure.gravatar.com\/avatar\/6323379efae0c70c686c7905444d6bbd?s=96&d=mm&r=g\",\"caption\":\"admin\"},\"sameAs\":[\"http:\/\/eautomobiliai.lt\"],\"url\":\"http:\/\/eautomobiliai.lt\/index.php\/author\/admin\/\"}]}<\/script>\n<!-- \/ Yoast SEO plugin. -->","yoast_head_json":{"title":"Tarybos m\u016b\u0161is dezinformacija ir baim\u0117 \u201esavaime\u017eo\u201c EVS, kai jie bando eiti elektra - Eautomobiliai.lt","robots":{"index":"index","follow":"follow","max-snippet":"max-snippet:-1","max-image-preview":"max-image-preview:large","max-video-preview":"max-video-preview:-1"},"canonical":"https:\/\/eautomobiliai.lt\/index.php\/2025\/08\/20\/tarybos-musis-dezinformacija-ir-baime-savaimezo-evs-kai-jie-bando-eiti-elektra\/","og_locale":"lt_LT","og_type":"article","og_title":"Tarybos m\u016b\u0161is dezinformacija ir baim\u0117 \u201esavaime\u017eo\u201c EVS, kai jie bando eiti elektra - Eautomobiliai.lt","og_description":"Auk\u0161tas dezinformacijos ir dezinformacijos lygis i\u0161lieka nuosekliomis kli\u016btimis \u012fsisavinti elektrines transporto priemones Australijoje, ta\u010diau viena vietos taryba steb\u0117jo savo darbuotoj\u0173&hellip;","og_url":"https:\/\/eautomobiliai.lt\/index.php\/2025\/08\/20\/tarybos-musis-dezinformacija-ir-baime-savaimezo-evs-kai-jie-bando-eiti-elektra\/","og_site_name":"Eautomobiliai.lt","article_published_time":"2025-08-20T12:26:32+00:00","og_image":[{"width":1280,"height":855,"url":"https:\/\/eautomobiliai.lt\/wp-content\/uploads\/2025\/08\/Tarybos-musis-dezinformacija-ir-baime-\u201esavaimezo-EVS-kai-jie-bando.jpg","type":"image\/jpeg"}],"author":"admin","twitter_card":"summary_large_image","twitter_misc":{"Written by":"admin","Est. reading time":"3 minut\u0117s"},"schema":{"@context":"https:\/\/schema.org","@graph":[{"@type":"Article","@id":"https:\/\/eautomobiliai.lt\/index.php\/2025\/08\/20\/tarybos-musis-dezinformacija-ir-baime-savaimezo-evs-kai-jie-bando-eiti-elektra\/#article","isPartOf":{"@id":"https:\/\/eautomobiliai.lt\/index.php\/2025\/08\/20\/tarybos-musis-dezinformacija-ir-baime-savaimezo-evs-kai-jie-bando-eiti-elektra\/"},"author":{"name":"admin","@id":"https:\/\/eautomobiliai.lt\/#\/schema\/person\/ecf2a967f361217d056061f74deb92f2"},"headline":"Tarybos m\u016b\u0161is dezinformacija ir baim\u0117 \u201esavaime\u017eo\u201c EVS, kai jie bando eiti elektra","datePublished":"2025-08-20T12:26:32+00:00","mainEntityOfPage":{"@id":"https:\/\/eautomobiliai.lt\/index.php\/2025\/08\/20\/tarybos-musis-dezinformacija-ir-baime-savaimezo-evs-kai-jie-bando-eiti-elektra\/"},"wordCount":581,"commentCount":0,"image":{"@id":"https:\/\/eautomobiliai.lt\/index.php\/2025\/08\/20\/tarybos-musis-dezinformacija-ir-baime-savaimezo-evs-kai-jie-bando-eiti-elektra\/#primaryimage"},"thumbnailUrl":"http:\/\/eautomobiliai.lt\/wp-content\/uploads\/2025\/08\/Tarybos-musis-dezinformacija-ir-baime-\u201esavaimezo-EVS-kai-jie-bando.jpg","keywords":["baim\u0117","bando","dezinformacija","eiti","elektra","EVS","jie","kai","m\u016b\u0161is","savaime\u017eo","Tarybos"],"articleSection":["eAUTOMOBILI\u0172 TECHNIN\u0116 PUS\u0116"],"inLanguage":"lt-LT","potentialAction":[{"@type":"CommentAction","name":"Comment","target":["https:\/\/eautomobiliai.lt\/index.php\/2025\/08\/20\/tarybos-musis-dezinformacija-ir-baime-savaimezo-evs-kai-jie-bando-eiti-elektra\/#respond"]}]},{"@type":"WebPage","@id":"https:\/\/eautomobiliai.lt\/index.php\/2025\/08\/20\/tarybos-musis-dezinformacija-ir-baime-savaimezo-evs-kai-jie-bando-eiti-elektra\/","url":"https:\/\/eautomobiliai.lt\/index.php\/2025\/08\/20\/tarybos-musis-dezinformacija-ir-baime-savaimezo-evs-kai-jie-bando-eiti-elektra\/","name":"Tarybos m\u016b\u0161is dezinformacija ir baim\u0117 \u201esavaime\u017eo\u201c EVS, kai jie bando eiti elektra - Eautomobiliai.lt","isPartOf":{"@id":"https:\/\/eautomobiliai.lt\/#website"},"primaryImageOfPage":{"@id":"https:\/\/eautomobiliai.lt\/index.php\/2025\/08\/20\/tarybos-musis-dezinformacija-ir-baime-savaimezo-evs-kai-jie-bando-eiti-elektra\/#primaryimage"},"image":{"@id":"https:\/\/eautomobiliai.lt\/index.php\/2025\/08\/20\/tarybos-musis-dezinformacija-ir-baime-savaimezo-evs-kai-jie-bando-eiti-elektra\/#primaryimage"},"thumbnailUrl":"http:\/\/eautomobiliai.lt\/wp-content\/uploads\/2025\/08\/Tarybos-musis-dezinformacija-ir-baime-\u201esavaimezo-EVS-kai-jie-bando.jpg","datePublished":"2025-08-20T12:26:32+00:00","author":{"@id":"https:\/\/eautomobiliai.lt\/#\/schema\/person\/ecf2a967f361217d056061f74deb92f2"},"breadcrumb":{"@id":"https:\/\/eautomobiliai.lt\/index.php\/2025\/08\/20\/tarybos-musis-dezinformacija-ir-baime-savaimezo-evs-kai-jie-bando-eiti-elektra\/#breadcrumb"},"inLanguage":"lt-LT","potentialAction":[{"@type":"ReadAction","target":["https:\/\/eautomobiliai.lt\/index.php\/2025\/08\/20\/tarybos-musis-dezinformacija-ir-baime-savaimezo-evs-kai-jie-bando-eiti-elektra\/"]}]},{"@type":"ImageObject","inLanguage":"lt-LT","@id":"https:\/\/eautomobiliai.lt\/index.php\/2025\/08\/20\/tarybos-musis-dezinformacija-ir-baime-savaimezo-evs-kai-jie-bando-eiti-elektra\/#primaryimage","url":"http:\/\/eautomobiliai.lt\/wp-content\/uploads\/2025\/08\/Tarybos-musis-dezinformacija-ir-baime-\u201esavaimezo-EVS-kai-jie-bando.jpg","contentUrl":"http:\/\/eautomobiliai.lt\/wp-content\/uploads\/2025\/08\/Tarybos-musis-dezinformacija-ir-baime-\u201esavaimezo-EVS-kai-jie-bando.jpg","width":1280,"height":855},{"@type":"BreadcrumbList","@id":"https:\/\/eautomobiliai.lt\/index.php\/2025\/08\/20\/tarybos-musis-dezinformacija-ir-baime-savaimezo-evs-kai-jie-bando-eiti-elektra\/#breadcrumb","itemListElement":[{"@type":"ListItem","position":1,"name":"Home","item":"https:\/\/eautomobiliai.lt\/"},{"@type":"ListItem","position":2,"name":"Tarybos m\u016b\u0161is dezinformacija ir baim\u0117 \u201esavaime\u017eo\u201c EVS, kai jie bando eiti elektra"}]},{"@type":"WebSite","@id":"https:\/\/eautomobiliai.lt\/#website","url":"https:\/\/eautomobiliai.lt\/","name":"Eautomobiliai.lt","description":"Elektrinis transportas, technologijos","potentialAction":[{"@type":"SearchAction","target":{"@type":"EntryPoint","urlTemplate":"https:\/\/eautomobiliai.lt\/?s={search_term_string}"},"query-input":{"@type":"PropertyValueSpecification","valueRequired":true,"valueName":"search_term_string"}}],"inLanguage":"lt-LT"},{"@type":"Person","@id":"https:\/\/eautomobiliai.lt\/#\/schema\/person\/ecf2a967f361217d056061f74deb92f2","name":"admin","image":{"@type":"ImageObject","inLanguage":"lt-LT","@id":"https:\/\/eautomobiliai.lt\/#\/schema\/person\/image\/","url":"https:\/\/secure.gravatar.com\/avatar\/6323379efae0c70c686c7905444d6bbd?s=96&d=mm&r=g","contentUrl":"https:\/\/secure.gravatar.com\/avatar\/6323379efae0c70c686c7905444d6bbd?s=96&d=mm&r=g","caption":"admin"},"sameAs":["http:\/\/eautomobiliai.lt"],"url":"http:\/\/eautomobiliai.lt\/index.php\/author\/admin\/"}]}},"_links":{"self":[{"href":"http:\/\/eautomobiliai.lt\/index.php\/wp-json\/wp\/v2\/posts\/1858","targetHints":{"allow":["GET"]}}],"collection":[{"href":"http:\/\/eautomobiliai.lt\/index.php\/wp-json\/wp\/v2\/posts"}],"about":[{"href":"http:\/\/eautomobiliai.lt\/index.php\/wp-json\/wp\/v2\/types\/post"}],"author":[{"embeddable":true,"href":"http:\/\/eautomobiliai.lt\/index.php\/wp-json\/wp\/v2\/users\/1"}],"replies":[{"embeddable":true,"href":"http:\/\/eautomobiliai.lt\/index.php\/wp-json\/wp\/v2\/comments?post=1858"}],"version-history":[{"count":0,"href":"http:\/\/eautomobiliai.lt\/index.php\/wp-json\/wp\/v2\/posts\/1858\/revisions"}],"wp:featuredmedia":[{"embeddable":true,"href":"http:\/\/eautomobiliai.lt\/index.php\/wp-json\/wp\/v2\/media\/1859"}],"wp:attachment":[{"href":"http:\/\/eautomobiliai.lt\/index.php\/wp-json\/wp\/v2\/media?parent=1858"}],"wp:term":[{"taxonomy":"category","embeddable":true,"href":"http:\/\/eautomobiliai.lt\/index.php\/wp-json\/wp\/v2\/categories?post=1858"},{"taxonomy":"post_tag","embeddable":true,"href":"http:\/\/eautomobiliai.lt\/index.php\/wp-json\/wp\/v2\/tags?post=1858"}],"curies":[{"name":"wp","href":"https:\/\/api.w.org\/{rel}","templated":true}]}}