{"id":186,"date":"2025-03-19T13:08:13","date_gmt":"2025-03-19T13:08:13","guid":{"rendered":"http:\/\/eautomobiliai.lt\/index.php\/2025\/03\/19\/tukstanciai-tesla-savininku-doxxed-vienintelis-budas-islipti-is-saraso-parduok-savo-automobili\/"},"modified":"2025-03-19T13:08:13","modified_gmt":"2025-03-19T13:08:13","slug":"tukstanciai-tesla-savininku-doxxed-vienintelis-budas-islipti-is-saraso-parduok-savo-automobili","status":"publish","type":"post","link":"http:\/\/eautomobiliai.lt\/index.php\/2025\/03\/19\/tukstanciai-tesla-savininku-doxxed-vienintelis-budas-islipti-is-saraso-parduok-savo-automobili\/","title":{"rendered":"T\u016bkstan\u010diai \u201eTesla\u201c savinink\u0173 doxxed. Vienintelis b\u016bdas i\u0161lipti i\u0161 s\u0105ra\u0161o? Parduok savo automobil\u012f"},"content":{"rendered":"<p> <br \/>\n<\/p>\n<div>\n<figure class=\"img-border featured-image\">\n\t<\/figure>\n<p>Pasauliniuose protestuose prie\u0161 \u201eTesla\u201c d\u0117l generalinio direktoriaus Elono Musko dalyvavimo \u012fmon\u0117je svetain\u0117, kurioje buvo t\u016bkstan\u010di\u0173 \u201eTesla\u201c savinink\u0173 adres\u0173 ir kontaktin\u0117 informacija. Ir ta pati svetain\u0117 sako, kad vienintelis b\u016bdas i\u0161lipti i\u0161 s\u0105ra\u0161o yra \u012frodyti, kad pardav\u0117te savo automobil\u012f.<\/p>\n<p><span id=\"more-406528\"\/><\/p>\n<p>Protestai prie\u0161 \u201eTesla\u201c prasid\u0117jo vasario m\u0117n., Kai grup\u0117s rinko ne parduotuves visoje \u0160iaur\u0117s Amerikoje ir kitur.<\/p>\n<p>Protestuotojai buvo gana ai\u0161k\u016bs d\u0117l savo samprotavimo, kod\u0117l &#8211; jie n\u0117ra Elono Musko ir jo naujausi\u0173 veiksm\u0173 gerb\u0117jai.<\/p>\n<p>Jei buvote po uola, Muskas neseniai \u012fsiki\u0161o \u012f politik\u0105, po to, kai j\u012f radikalizavo jo \u201eTwitter\u201c kanalas, nuo kurio jis yra bevilti\u0161kai priklausomas. Tai prasid\u0117jo nuo devyni\u0173 skai\u010di\u0173 ky\u0161io iki nuteistojo Felono prezidento rinkim\u0173 kampanijos, kuri, daugelio manymu, duos rezultatus korupcijos forma po to, kai min\u0117tas Felonas gr\u012f\u017eo atgal \u012f ovalo biur\u0105 (nepaisant to, kad egzistuoja ai\u0161ki teisin\u0117 priemon\u0117 sukilimo specialistui) ir paskyr\u0117 Musk\u0105 \u012f netikr\u0105 ir nereikaling\u0105 vyriausyb\u0117s departament\u0105, kuris iki \u0161iol tik\u0117josi duoti joki\u0173 prasming\u0173 rezultat\u0173.<\/p>\n<p>\t<span class=\"outbrain-ad-label\">Skelbimas &#8211; slinkite daugiau turinio<\/span><\/p>\n<p>Numatoma, kad \u0161is ki\u0161imasis iki \u0161iol n\u0117ra puikus \u201eTesla\u201c &#8211; verslui, kuris suk\u0117l\u0117 did\u017ei\u0105j\u0105 dal\u012f Musko turt\u0173 ir kuriam jis vis dar yra tituluotas.<\/p>\n<p>Pasirodo, \u017emon\u0117ms tai nepatinka, kai esate administracijos dalis, kuri skiria save apsinuodijimui amerikie\u010diais, padidina j\u0173 i\u0161laidas ir kenkia JAV pramonei, tarp vis\u0173 kit\u0173 netinkamai apgalvot\u0173 veiksm\u0173, vykstan\u010di\u0173 federaliniu lygmeniu. Administracija Muskas yra dalis, kuri aktyviai bando padaryti EV brangesn\u0119 ir sunkiau apmokestinti, kurie abu pakenks \u201eTesla\u201c ir j\u016bs\u0173 oro kokybei.<\/p>\n<p>Net pats Elonas Muskas pripa\u017e\u012fsta, kad \u0161ie veiksmai n\u0117ra \u201egeriems Amerikai ar pasauliui\u201c &#8211; ar bent jau jis tai padar\u0117, dar prie\u0161 pamir\u0161damas, kaip veikia klimato poky\u010diai.<\/p>\n<p>Nedideliniai naci\u0173 sveikinimai taip pat nepad\u0117jo-tai nebuvo ne tik Musko charakteris, bet ir, atsi\u017evelgiant \u012f jo balt\u0173j\u0173 supermaist\u0173 parei\u0161kim\u0173 istorij\u0105 ir dabartin\u0119 param\u0105 vokie\u010di\u0173 neonacistams. Nuo to laiko jis susitar\u0117 d\u0117l Hitlerio veiksm\u0173 gynimo Holokauste.<\/p>\n<p>Visa tai l\u0117m\u0117 did\u017eiul\u012f \u201eTesla\u201c populiarumo suma\u017e\u0117jim\u0105, be to, tai suma\u017e\u0117jo pardavim\u0173 ir min\u0117t\u0173 protest\u0173, i\u0161 kuri\u0173 daugel\u012f daugeliui vykdo \u201eTesla\u201c savininkai ir EV gerb\u0117jai, kurie yra nusivyl\u0119, kad elektromobili\u0173 kompanijos vadovyb\u0117 pasinaudojo tokiu anti-EV pos\u016bkiu.<\/p>\n<p>Yra pasyvi\u0173 protest\u0173, toki\u0173 kaip \u201eTesla\u201c savininkai, aplenk\u0119 savo automobilius, o paskui tokius aktyvius tokius, kaip tie, kurie naudojasi savo pirmojo pakeitimo teise piket\u0105 ne \u201eTesla\u201c parduotuv\u0117se.<\/p>\n<p>Muskas ir vyriausyb\u0117, kuriai jis yra dalis, atsak\u0117 \u012f \u0161iuos protestus numatomu b\u016bdu: paskleisdamas dezinformacij\u0105 ketindami nutildyti protestuotoj\u0173 laisv\u0105 kalb\u0105 &#8211; esmin\u0119 teis\u0119, kuriai Muskas jau seniai parod\u0117 paniek\u0105.<\/p>\n<p>Ir tada, be to, yra\u2026 sakykime <em>ma\u017eiau priimtas<\/em> Protesto formos vyksta JAV ir kitur.<\/p>\n<p>\u0160iandien mes matome visi\u0161kai nauj\u0105 protesto tip\u0105 &#8211; \u012fsilau\u017e\u0117li\u0173 grup\u0117s, kuri gavo prieig\u0105 prie \u201eTesla\u201c paskyros duomen\u0173, pavidalu ir paskelb\u0117 visa tai internete, atskleid\u017eiant t\u016bkstan\u010dius \u201eTesla\u201c savinink\u0173 informacijos internete.<\/p>\n<div id=\"ez-toc-container\" class=\"ez-toc-v2_0_82_2 counter-hierarchy ez-toc-counter ez-toc-grey ez-toc-container-direction\">\n<div class=\"ez-toc-title-container\">\n<p class=\"ez-toc-title\" style=\"cursor:inherit\">Turinys:<\/p>\n<span class=\"ez-toc-title-toggle\"><a href=\"#\" class=\"ez-toc-pull-right ez-toc-btn ez-toc-btn-xs ez-toc-btn-default ez-toc-toggle\" aria-label=\"Toggle Table of Content\"><span class=\"ez-toc-js-icon-con\"><span class=\"\"><span class=\"eztoc-hide\" style=\"display:none;\">Toggle<\/span><span class=\"ez-toc-icon-toggle-span\"><svg style=\"fill: #999;color:#999\" xmlns=\"http:\/\/www.w3.org\/2000\/svg\" class=\"list-377408\" width=\"20px\" height=\"20px\" viewBox=\"0 0 24 24\" fill=\"none\"><path d=\"M6 6H4v2h2V6zm14 0H8v2h12V6zM4 11h2v2H4v-2zm16 0H8v2h12v-2zM4 16h2v2H4v-2zm16 0H8v2h12v-2z\" fill=\"currentColor\"><\/path><\/svg><svg style=\"fill: #999;color:#999\" class=\"arrow-unsorted-368013\" xmlns=\"http:\/\/www.w3.org\/2000\/svg\" width=\"10px\" height=\"10px\" viewBox=\"0 0 24 24\" version=\"1.2\" baseProfile=\"tiny\"><path d=\"M18.2 9.3l-6.2-6.3-6.2 6.3c-.2.2-.3.4-.3.7s.1.5.3.7c.2.2.4.3.7.3h11c.3 0 .5-.1.7-.3.2-.2.3-.5.3-.7s-.1-.5-.3-.7zM5.8 14.7l6.2 6.3 6.2-6.3c.2-.2.3-.5.3-.7s-.1-.5-.3-.7c-.2-.2-.4-.3-.7-.3h-11c-.3 0-.5.1-.7.3-.2.2-.3.5-.3.7s.1.5.3.7z\"\/><\/svg><\/span><\/span><\/span><\/a><\/span><\/div>\n<nav><ul class='ez-toc-list ez-toc-list-level-1 ' ><li class='ez-toc-page-1 ez-toc-heading-level-2'><a class=\"ez-toc-link ez-toc-heading-1\" href=\"http:\/\/eautomobiliai.lt\/index.php\/2025\/03\/19\/tukstanciai-tesla-savininku-doxxed-vienintelis-budas-islipti-is-saraso-parduok-savo-automobili\/#%E2%80%9ETesla%E2%80%9C_savininku_informacija_paskelbta_protesto_svetaineje\" >\u201eTesla\u201c savinink\u0173 informacija, paskelbta protesto svetain\u0117je<\/a><ul class='ez-toc-list-level-3' ><li class='ez-toc-heading-level-3'><a class=\"ez-toc-link ez-toc-heading-2\" href=\"http:\/\/eautomobiliai.lt\/index.php\/2025\/03\/19\/tukstanciai-tesla-savininku-doxxed-vienintelis-budas-islipti-is-saraso-parduok-savo-automobili\/#Ar_xxxxx_yra_protesto_platforma\" >Ar xxxxx yra protesto platforma?<\/a><\/li><li class='ez-toc-page-1 ez-toc-heading-level-3'><a class=\"ez-toc-link ez-toc-heading-3\" href=\"http:\/\/eautomobiliai.lt\/index.php\/2025\/03\/19\/tukstanciai-tesla-savininku-doxxed-vienintelis-budas-islipti-is-saraso-parduok-savo-automobili\/#Noriu_kad_mano_informacija_butu_pasalinta\" >Noriu, kad mano informacija b\u016bt\u0173 pa\u0161alinta.<\/a><\/li><\/ul><\/li><li class='ez-toc-page-1 ez-toc-heading-level-2'><a class=\"ez-toc-link ez-toc-heading-4\" href=\"http:\/\/eautomobiliai.lt\/index.php\/2025\/03\/19\/tukstanciai-tesla-savininku-doxxed-vienintelis-budas-islipti-is-saraso-parduok-savo-automobili\/#%E2%80%9EElectreks_Take%E2%80%9C\" >\u201eElectrek&#8217;s Take\u201c<\/a><\/li><\/ul><\/nav><\/div>\n<h2 class=\"wp-block-heading\" id=\"h-tesla-owners-information-posted-on-protest-site\"><span class=\"ez-toc-section\" id=\"%E2%80%9ETesla%E2%80%9C_savininku_informacija_paskelbta_protesto_svetaineje\"><\/span>\u201eTesla\u201c savinink\u0173 informacija, paskelbta protesto svetain\u0117je<span class=\"ez-toc-section-end\"><\/span><\/h2>\n<p>Svetain\u0117je yra \u017eem\u0117lapis ir ni\u016brus prane\u0161imas, kuriame nurodoma svetain\u0117s ketinimas &#8211; teiginys, kad tai \u201eTesla\u201c savinink\u0173 socialin\u0117s \u017einiasklaidos svetain\u0117, o ne protesto svetain\u0117. Ta\u010diau ji taip pat sako, kad skatina \u201ek\u016brybines protesto i\u0161rai\u0161kas, kurias galite \u012fvykdyti i\u0161 savo nam\u0173 komforto\u201c. Ta\u010diau svetain\u0117je taip pat naudojamas Molotovo kokteilis kaip \u017eymeklio pakeitimas.<\/p>\n<p>\u010cia yra tekstas svetain\u0117je (svetain\u0117s pavadinimas \u010dia buvo redaguotas, nes nors informacija neatrodo ypa\u010d kenksminga, atsi\u017evelgiant \u012f tai, kad did\u017eioji jos dalis yra vie\u0161a, a\u0161 vis tiek neb\u016b\u010diau atsakingas u\u017e \u017emoni\u0173 vedim\u0105 \u012f j\u0105):<\/p>\n<blockquote class=\"wp-block-quote is-layout-flow wp-block-quote-is-layout-flow\">\n<p>\u201eXXXXX\u201c yra pagrindinis Vyriausyb\u0117s efektyvumo departamento entuziast\u0173 centras (DOGE)! M\u016bs\u0173 novatori\u0161ka platforma leid\u017eia vartotojams i\u0161tirti interaktyv\u0173 \u201eDoge\u201c orientyr\u0173 \u017eem\u0117lap\u012f.<\/p>\n<p>Bet tai dar ne viskas! Mes taip pat r\u016bpinam\u0117s \u201eTesla Motors\u201c savininkais, teikdami i\u0161sam\u0173 \u0161altin\u012f, skirt\u0105 surasti netoliese esan\u010dius aptarnavimo centrus, salonus ir \u012fkrovimo stotis &#8211; visa tai po ranka.<\/p>\n<p>Pasitelk\u0119 m\u016bs\u0173 pa\u017eangiausias dirbtinio intelekto algoritmus, \u201eXXXXX\u201c \u017eengia \u017eingsn\u012f toliau, sujungdamas bendramin\u010di\u0173 \u201eTesla\u201c savininkus, palengvindami gyvybing\u0105 bendruomen\u0119 per bendr\u0105 kontaktin\u0119 informacij\u0105.<\/p>\n<p>Prisijunkite prie m\u016bs\u0173, kai revoliucionuojame tai, kaip \u201eDoge\u201c gerb\u0117jai ir \u201eTesla\u201c savininkai prisijungia ir tyrin\u0117ja!<\/p>\n<h3 class=\"wp-block-heading\" id=\"h-is-xxxxx-a-protest-platform\"><span class=\"ez-toc-section\" id=\"Ar_xxxxx_yra_protesto_platforma\"><\/span>Ar xxxxx yra protesto platforma?<span class=\"ez-toc-section-end\"><\/span><\/h3>\n<p>Jei ie\u0161kote \u201eTesla\u201c, kad gal\u0117tum\u0117te i\u0161laisvinti savo menin\u0119 nuojaut\u0105 pur\u0161kimo skardine, tiesiog i\u0161eikite \u012f lauk\u0105 &#8211; nereikia \u017eem\u0117lapio! \u201eXXXXX\u201c tikime, kad suteikiate galios k\u016brybin\u0117s protesto i\u0161rai\u0161kos, kurias galite \u012fvykdyti i\u0161 savo nam\u0173 patogumo.<\/p>\n<p>Xxxxx nei nepatvirtina, nei smerkia jokius veiksmus.<\/p>\n<p>Prie\u0161 prad\u0117dami bet kokius nuotykius, labai rekomenduojame patikrinti projekt\u0105 \u201eNo Trace\u201c.<\/p>\n<h3 class=\"wp-block-heading\"><span class=\"ez-toc-section\" id=\"Noriu_kad_mano_informacija_butu_pasalinta\"><\/span>Noriu, kad mano informacija b\u016bt\u0173 pa\u0161alinta.<span class=\"ez-toc-section-end\"><\/span><\/h3>\n<p>Absoliu\u010diai! Tiesiog pateikite mums \u012frodym\u0105, kad pardav\u0117te \u201eTesla\u201c.<\/p>\n<p>El. Pa\u0161tas xxxxx. Mes priimame tik nuskaitytus dokumentus JPG ir PNG formatais.<\/p>\n<\/blockquote>\n<p>Tai, kaip buvo surinkta informacija, n\u0117ra i\u0161 karto akivaizdi, taip pat grup\u0117 nepateikia joki\u0173 pretenzij\u0173, kaip ji gavo informacij\u0105. Tai galb\u016bt net nebuvo kilusi i\u0161 pa\u010dios \u201eTesla\u201c, nes joje yra \u0161iek tiek atsitiktin\u0117s informacijos kiekvienam savininkui.<\/p>\n<p>Atrodo, kad j\u0105 paskelb\u0117 anarchist\u0173 grup\u0117, atsi\u017evelgiant \u012f svetain\u0117s susiejim\u0105 su anarchist\u0173 svetaine.<\/p>\n<p>Informacija suskirstyta \u012f skirtingas piktogramas, nurodant \u201eTesla\u201c parduotuves, kompresorius, \u201eTesla\u201c savinink\u0173 automobilius ir po to papildomus dominan\u010dius \u017emones &#8211; kurie, atrodo, daugiausia \u017einomi darbuotoj\u0173 gyventojai, dirbantys Elono Musko Bunglingo vyriausyb\u0117s departamente.<\/p>\n<p>Greitas informacijos patikrinimas rodo, kad ji n\u0117ra i\u0161sami &#8211; yra daugyb\u0117 \u201eTesla\u201c savinink\u0173, kurie n\u0117ra \u012ftraukiami \u012f svetain\u0119. Ir atrodo, kad dauguma informacijos yra tiesiog adresai, telefono numeriai, verslo pavadinimai ir pana\u0161iai &#8211; daugelis j\u0173 jau yra vie\u0161a informacija. Nors taip pat yra keletas el. Pa\u0161to adres\u0173 ir socialin\u0117s \u017einiasklaidos ranken\u0173, susijusi\u0173 su tam tikrais \u012fra\u0161ais, o tai gali b\u016bti ne vie\u0161a informacija.<\/p>\n<p>Taip pat s\u0105ra\u0161e yra \u201eTesla\u201c vietos &#8211; tokios kaip kompresoriai ir \u201eTesla\u201c parduotuv\u0117s. Tai yra visi\u0161kai vie\u0161a informacija ir j\u0105 galima rasti \u201eTesla\u201c svetain\u0117je.<\/p>\n<p>Be to, kai kurie prekybos centrai patvirtino, kad dalis informacijos yra netiksli.<\/p>\n<p>Bet jei kas nors duotas \u201eTesla\u201c savininkas <em>yra <\/em>S\u0105ra\u0161e svetain\u0117 si\u016blo priemon\u0119: tik atsi\u0173skite jiems el. Lai\u0161k\u0105 su nuskaitytu dokumentu, \u012frodan\u010diu, kad pardav\u0117te savo automobil\u012f, ir b\u016bsite pa\u0161alintas. Mes to neband\u0117me i\u0161siai\u0161kinti, ar tai veiks, ar ne, ta\u010diau jei kurie nors savininkai tai padarys, nedvejodami susisiekite su mumis.<\/p>\n<h2 class=\"wp-block-heading\" id=\"h-electrek-s-take\"><span class=\"ez-toc-section\" id=\"%E2%80%9EElectreks_Take%E2%80%9C\"><\/span>\u201eElectrek&#8217;s Take\u201c<span class=\"ez-toc-section-end\"><\/span><\/h2>\n<p>\u0160\u012f kart\u0105 sak\u0117me, bet \u201eTesla\u201c savininkai apskritai vis dar yra normal\u016bs \u017emon\u0117s. Kvaila teigti, kad kiekvienas kiekvieno populiariausi\u0173 pasaulyje automobili\u0173 savininkas, kai kurie i\u0161 j\u0173 seniai \u012fsigijo savo automobilius arba kurie tik ie\u0161kojo geriausio EV, kur\u012f jie gal\u0117t\u0173 gauti u\u017e priimtin\u0105 kain\u0105, yra ka\u017ekaip kaltas d\u0117l Elono Musko priklausomyb\u0117s socialin\u0117je \u017einiasklaidoje ir v\u0117lesniame \u201eMadness\u201c ma\u017e\u0117jime.<\/p>\n<p>Heck, dauguma i\u0161 m\u016bs\u0173 <em>Elecrektrek<\/em> M\u016bs\u0173 \u201eTesla\u201c savininkai patys ir j\u016bs galb\u016bt pasteb\u0117jote, kad mes nepalaikome to, k\u0105 daro Muskas, kad pakenkt\u0173 EVS ir \u012fmonei, kuriai jis vadovauja konkre\u010diai.<\/p>\n<p>Be abejo, pyktis prie\u0161 musk\u0105 \u0161iuo metu yra suprantamas ir pateisinamas. Ir ypa\u010d i\u0161 \u201eEV\u201c gerb\u0117j\u0173, kurie apskritai bus neproporcingai, kad palaikys judesius \u012f ekologi\u0161kesn\u0119 planet\u0105, skirtingai nei tai, kas yra administracija Muskas, i\u0161 kurio kilo. Daugyb\u0117 \u201eTesla\u201c savinink\u0173 jau parduoda savo automobilius arba pereina prie kit\u0173 prek\u0117s \u017eenkl\u0173 &#8211; ir svarbiausia prie\u017eastis yra d\u0117l Musko.<\/p>\n<p>Ta\u010diau u\u017ed\u0117ti taikin\u012f ant atskir\u0173 savinink\u0173 nugaros &#8211; net jei tik numanoma ir net jei i\u0161 to nieko neatsiras, n\u0117ra puikus \u017eingsnis. Mes ragintume visus sutelkti d\u0117mes\u012f \u012f bais\u0173 Musko vadovyb\u0119, nelaisv\u0117je esan\u010di\u0105 \u201eTesla\u201c valdyb\u0105, kuri asmeni\u0161kai pelno, kol jie leid\u017eia jam sunaikinti prek\u0117s \u017eenkl\u0105, ir vyriausybei, pilna nekompetenting\u0173 asmen\u0173, kurie kelia j\u016bs\u0173 i\u0161laidas ir nusipirko ir apmok\u0117tas naftos stogas, ne\u0161varius j\u016bs\u0173 or\u0105, o ne atsitiktinius asmenis.<\/p>\n<hr class=\"wp-block-separator has-alpha-channel-opacity\"\/>\n<p><em>\u012ekraukite savo elektromobilius namuose naudodamiesi saul\u0117s kolektori\u0173 stogu. Raskite patikim\u0105 ir konkurencingai kain\u0105, kuri yra \u0161alia j\u016bs\u0173 <\/em><em>Energysage<\/em><em>nemokamai. Jie turi i\u0161 anksto nustatytus montuotojus, konkuruojan\u010dius d\u0117l j\u016bs\u0173 verslo, u\u017etikrindami auk\u0161tos kokyb\u0117s sprendimus ir sutaupykite 20\u201330%. Tai nemokama, be joki\u0173 pardavimo skambu\u010di\u0173, kol nepasirinksite diegimo programos. Palyginkite individualizuotas saul\u0117s citatas internete ir gaukite neobjektyvi\u0173 patar\u0117j\u0173 energetikos srityje rekomendacijas. Prad\u0117kite <\/em><em>\u010dia<\/em><em>. &#8211; AD*<\/em><\/p>\n<div class=\"ad-disclaimer-container\">\n<p class=\"disclaimer-affiliate\"><em>FPK: Mes naudojame pajamas gaunan\u010dias automatinio filialo nuorodas.<\/em> Daugiau.<\/p>\n<p><img loading=\"lazy\" decoding=\"async\" class=\"alignnone size-full wp-image-405334\" src=\"https:\/\/electrek.co\/wp-content\/uploads\/sites\/3\/2025\/03\/750x150-Beatbot-Native-Ad-Banners-1.png\" alt=\"\" width=\"750\" height=\"150\"\/><\/div>\n<\/p><\/div>\n<p><br \/>\n<br \/><a href=\"https:\/\/electrek.co\/2025\/03\/19\/thousands-of-tesla-owners-doxxed-the-only-way-to-get-off-the-list-sell-your-car\/\">Source link <\/a><\/p>\n","protected":false},"excerpt":{"rendered":"<p>Pasauliniuose protestuose prie\u0161 \u201eTesla\u201c d\u0117l generalinio direktoriaus Elono Musko dalyvavimo \u012fmon\u0117je svetain\u0117, kurioje buvo t\u016bkstan\u010di\u0173 \u201eTesla\u201c savinink\u0173 adres\u0173 ir kontaktin\u0117&hellip;<\/p>\n","protected":false},"author":1,"featured_media":187,"comment_status":"open","ping_status":"open","sticky":false,"template":"","format":"standard","meta":{"om_disable_all_campaigns":false,"_monsterinsights_skip_tracking":false,"_monsterinsights_sitenote_active":false,"_monsterinsights_sitenote_note":"","_monsterinsights_sitenote_category":0,"footnotes":""},"categories":[8],"tags":[217,505,503,507,506,509,508,502,183,14,501,504],"class_list":["post-186","post","type-post","status-publish","format-standard","has-post-thumbnail","hentry","category-elektriniai-automobiliai","tag-automobili","tag-budas","tag-doxxed","tag-is","tag-islipti","tag-parduok","tag-saraso","tag-savininku","tag-savo","tag-tesla","tag-tukstanciai","tag-vienintelis"],"aioseo_notices":[],"yoast_head":"<!-- This site is optimized with the Yoast SEO plugin v26.8 - https:\/\/yoast.com\/product\/yoast-seo-wordpress\/ -->\n<title>T\u016bkstan\u010diai \u201eTesla\u201c savinink\u0173 doxxed. Vienintelis b\u016bdas i\u0161lipti i\u0161 s\u0105ra\u0161o? Parduok savo automobil\u012f - Eautomobiliai.lt<\/title>\n<meta name=\"robots\" content=\"index, follow, max-snippet:-1, max-image-preview:large, max-video-preview:-1\" \/>\n<link rel=\"canonical\" href=\"http:\/\/eautomobiliai.lt\/index.php\/2025\/03\/19\/tukstanciai-tesla-savininku-doxxed-vienintelis-budas-islipti-is-saraso-parduok-savo-automobili\/\" \/>\n<meta property=\"og:locale\" content=\"lt_LT\" \/>\n<meta property=\"og:type\" content=\"article\" \/>\n<meta property=\"og:title\" content=\"T\u016bkstan\u010diai \u201eTesla\u201c savinink\u0173 doxxed. Vienintelis b\u016bdas i\u0161lipti i\u0161 s\u0105ra\u0161o? Parduok savo automobil\u012f - Eautomobiliai.lt\" \/>\n<meta property=\"og:description\" content=\"Pasauliniuose protestuose prie\u0161 \u201eTesla\u201c d\u0117l generalinio direktoriaus Elono Musko dalyvavimo \u012fmon\u0117je svetain\u0117, kurioje buvo t\u016bkstan\u010di\u0173 \u201eTesla\u201c savinink\u0173 adres\u0173 ir kontaktin\u0117&hellip;\" \/>\n<meta property=\"og:url\" content=\"http:\/\/eautomobiliai.lt\/index.php\/2025\/03\/19\/tukstanciai-tesla-savininku-doxxed-vienintelis-budas-islipti-is-saraso-parduok-savo-automobili\/\" \/>\n<meta property=\"og:site_name\" content=\"Eautomobiliai.lt\" \/>\n<meta property=\"article:published_time\" content=\"2025-03-19T13:08:13+00:00\" \/>\n<meta property=\"og:image\" content=\"http:\/\/eautomobiliai.lt\/wp-content\/uploads\/2025\/03\/Tukstanciai-\u201eTesla-savininku-doxxed-Vienintelis-budas-islipti-is-saraso-Parduok.jpg\" \/>\n\t<meta property=\"og:image:width\" content=\"1200\" \/>\n\t<meta property=\"og:image:height\" content=\"628\" \/>\n\t<meta property=\"og:image:type\" content=\"image\/jpeg\" \/>\n<meta name=\"author\" content=\"admin\" \/>\n<meta name=\"twitter:card\" content=\"summary_large_image\" \/>\n<meta name=\"twitter:label1\" content=\"Written by\" \/>\n\t<meta name=\"twitter:data1\" content=\"admin\" \/>\n\t<meta name=\"twitter:label2\" content=\"Est. reading time\" \/>\n\t<meta name=\"twitter:data2\" content=\"7 minut\u0117s\" \/>\n<script type=\"application\/ld+json\" class=\"yoast-schema-graph\">{\"@context\":\"https:\/\/schema.org\",\"@graph\":[{\"@type\":\"Article\",\"@id\":\"http:\/\/eautomobiliai.lt\/index.php\/2025\/03\/19\/tukstanciai-tesla-savininku-doxxed-vienintelis-budas-islipti-is-saraso-parduok-savo-automobili\/#article\",\"isPartOf\":{\"@id\":\"http:\/\/eautomobiliai.lt\/index.php\/2025\/03\/19\/tukstanciai-tesla-savininku-doxxed-vienintelis-budas-islipti-is-saraso-parduok-savo-automobili\/\"},\"author\":{\"name\":\"admin\",\"@id\":\"https:\/\/eautomobiliai.lt\/#\/schema\/person\/ecf2a967f361217d056061f74deb92f2\"},\"headline\":\"T\u016bkstan\u010diai \u201eTesla\u201c savinink\u0173 doxxed. Vienintelis b\u016bdas i\u0161lipti i\u0161 s\u0105ra\u0161o? Parduok savo automobil\u012f\",\"datePublished\":\"2025-03-19T13:08:13+00:00\",\"mainEntityOfPage\":{\"@id\":\"http:\/\/eautomobiliai.lt\/index.php\/2025\/03\/19\/tukstanciai-tesla-savininku-doxxed-vienintelis-budas-islipti-is-saraso-parduok-savo-automobili\/\"},\"wordCount\":1402,\"commentCount\":0,\"image\":{\"@id\":\"http:\/\/eautomobiliai.lt\/index.php\/2025\/03\/19\/tukstanciai-tesla-savininku-doxxed-vienintelis-budas-islipti-is-saraso-parduok-savo-automobili\/#primaryimage\"},\"thumbnailUrl\":\"http:\/\/eautomobiliai.lt\/wp-content\/uploads\/2025\/03\/Tukstanciai-\u201eTesla-savininku-doxxed-Vienintelis-budas-islipti-is-saraso-Parduok.jpg\",\"keywords\":[\"automobil\u012f\",\"b\u016bdas\",\"doxxed\",\"i\u0161\",\"i\u0161lipti\",\"Parduok\",\"s\u0105ra\u0161o\",\"savinink\u0173\",\"savo\",\"Tesla\",\"T\u016bkstan\u010diai\",\"Vienintelis\"],\"articleSection\":[\"ELEKTRINIAI AUTOMOBILIAI\"],\"inLanguage\":\"lt-LT\",\"potentialAction\":[{\"@type\":\"CommentAction\",\"name\":\"Comment\",\"target\":[\"http:\/\/eautomobiliai.lt\/index.php\/2025\/03\/19\/tukstanciai-tesla-savininku-doxxed-vienintelis-budas-islipti-is-saraso-parduok-savo-automobili\/#respond\"]}]},{\"@type\":\"WebPage\",\"@id\":\"http:\/\/eautomobiliai.lt\/index.php\/2025\/03\/19\/tukstanciai-tesla-savininku-doxxed-vienintelis-budas-islipti-is-saraso-parduok-savo-automobili\/\",\"url\":\"http:\/\/eautomobiliai.lt\/index.php\/2025\/03\/19\/tukstanciai-tesla-savininku-doxxed-vienintelis-budas-islipti-is-saraso-parduok-savo-automobili\/\",\"name\":\"T\u016bkstan\u010diai \u201eTesla\u201c savinink\u0173 doxxed. Vienintelis b\u016bdas i\u0161lipti i\u0161 s\u0105ra\u0161o? Parduok savo automobil\u012f - Eautomobiliai.lt\",\"isPartOf\":{\"@id\":\"https:\/\/eautomobiliai.lt\/#website\"},\"primaryImageOfPage\":{\"@id\":\"http:\/\/eautomobiliai.lt\/index.php\/2025\/03\/19\/tukstanciai-tesla-savininku-doxxed-vienintelis-budas-islipti-is-saraso-parduok-savo-automobili\/#primaryimage\"},\"image\":{\"@id\":\"http:\/\/eautomobiliai.lt\/index.php\/2025\/03\/19\/tukstanciai-tesla-savininku-doxxed-vienintelis-budas-islipti-is-saraso-parduok-savo-automobili\/#primaryimage\"},\"thumbnailUrl\":\"http:\/\/eautomobiliai.lt\/wp-content\/uploads\/2025\/03\/Tukstanciai-\u201eTesla-savininku-doxxed-Vienintelis-budas-islipti-is-saraso-Parduok.jpg\",\"datePublished\":\"2025-03-19T13:08:13+00:00\",\"author\":{\"@id\":\"https:\/\/eautomobiliai.lt\/#\/schema\/person\/ecf2a967f361217d056061f74deb92f2\"},\"breadcrumb\":{\"@id\":\"http:\/\/eautomobiliai.lt\/index.php\/2025\/03\/19\/tukstanciai-tesla-savininku-doxxed-vienintelis-budas-islipti-is-saraso-parduok-savo-automobili\/#breadcrumb\"},\"inLanguage\":\"lt-LT\",\"potentialAction\":[{\"@type\":\"ReadAction\",\"target\":[\"http:\/\/eautomobiliai.lt\/index.php\/2025\/03\/19\/tukstanciai-tesla-savininku-doxxed-vienintelis-budas-islipti-is-saraso-parduok-savo-automobili\/\"]}]},{\"@type\":\"ImageObject\",\"inLanguage\":\"lt-LT\",\"@id\":\"http:\/\/eautomobiliai.lt\/index.php\/2025\/03\/19\/tukstanciai-tesla-savininku-doxxed-vienintelis-budas-islipti-is-saraso-parduok-savo-automobili\/#primaryimage\",\"url\":\"http:\/\/eautomobiliai.lt\/wp-content\/uploads\/2025\/03\/Tukstanciai-\u201eTesla-savininku-doxxed-Vienintelis-budas-islipti-is-saraso-Parduok.jpg\",\"contentUrl\":\"http:\/\/eautomobiliai.lt\/wp-content\/uploads\/2025\/03\/Tukstanciai-\u201eTesla-savininku-doxxed-Vienintelis-budas-islipti-is-saraso-Parduok.jpg\",\"width\":1200,\"height\":628},{\"@type\":\"BreadcrumbList\",\"@id\":\"http:\/\/eautomobiliai.lt\/index.php\/2025\/03\/19\/tukstanciai-tesla-savininku-doxxed-vienintelis-budas-islipti-is-saraso-parduok-savo-automobili\/#breadcrumb\",\"itemListElement\":[{\"@type\":\"ListItem\",\"position\":1,\"name\":\"Home\",\"item\":\"https:\/\/eautomobiliai.lt\/\"},{\"@type\":\"ListItem\",\"position\":2,\"name\":\"T\u016bkstan\u010diai \u201eTesla\u201c savinink\u0173 doxxed. Vienintelis b\u016bdas i\u0161lipti i\u0161 s\u0105ra\u0161o? Parduok savo automobil\u012f\"}]},{\"@type\":\"WebSite\",\"@id\":\"https:\/\/eautomobiliai.lt\/#website\",\"url\":\"https:\/\/eautomobiliai.lt\/\",\"name\":\"Eautomobiliai.lt\",\"description\":\"Elektrinis transportas, technologijos\",\"potentialAction\":[{\"@type\":\"SearchAction\",\"target\":{\"@type\":\"EntryPoint\",\"urlTemplate\":\"https:\/\/eautomobiliai.lt\/?s={search_term_string}\"},\"query-input\":{\"@type\":\"PropertyValueSpecification\",\"valueRequired\":true,\"valueName\":\"search_term_string\"}}],\"inLanguage\":\"lt-LT\"},{\"@type\":\"Person\",\"@id\":\"https:\/\/eautomobiliai.lt\/#\/schema\/person\/ecf2a967f361217d056061f74deb92f2\",\"name\":\"admin\",\"image\":{\"@type\":\"ImageObject\",\"inLanguage\":\"lt-LT\",\"@id\":\"https:\/\/eautomobiliai.lt\/#\/schema\/person\/image\/\",\"url\":\"https:\/\/secure.gravatar.com\/avatar\/6323379efae0c70c686c7905444d6bbd?s=96&d=mm&r=g\",\"contentUrl\":\"https:\/\/secure.gravatar.com\/avatar\/6323379efae0c70c686c7905444d6bbd?s=96&d=mm&r=g\",\"caption\":\"admin\"},\"sameAs\":[\"http:\/\/eautomobiliai.lt\"],\"url\":\"http:\/\/eautomobiliai.lt\/index.php\/author\/admin\/\"}]}<\/script>\n<!-- \/ Yoast SEO plugin. -->","yoast_head_json":{"title":"T\u016bkstan\u010diai \u201eTesla\u201c savinink\u0173 doxxed. Vienintelis b\u016bdas i\u0161lipti i\u0161 s\u0105ra\u0161o? Parduok savo automobil\u012f - Eautomobiliai.lt","robots":{"index":"index","follow":"follow","max-snippet":"max-snippet:-1","max-image-preview":"max-image-preview:large","max-video-preview":"max-video-preview:-1"},"canonical":"http:\/\/eautomobiliai.lt\/index.php\/2025\/03\/19\/tukstanciai-tesla-savininku-doxxed-vienintelis-budas-islipti-is-saraso-parduok-savo-automobili\/","og_locale":"lt_LT","og_type":"article","og_title":"T\u016bkstan\u010diai \u201eTesla\u201c savinink\u0173 doxxed. Vienintelis b\u016bdas i\u0161lipti i\u0161 s\u0105ra\u0161o? Parduok savo automobil\u012f - Eautomobiliai.lt","og_description":"Pasauliniuose protestuose prie\u0161 \u201eTesla\u201c d\u0117l generalinio direktoriaus Elono Musko dalyvavimo \u012fmon\u0117je svetain\u0117, kurioje buvo t\u016bkstan\u010di\u0173 \u201eTesla\u201c savinink\u0173 adres\u0173 ir kontaktin\u0117&hellip;","og_url":"http:\/\/eautomobiliai.lt\/index.php\/2025\/03\/19\/tukstanciai-tesla-savininku-doxxed-vienintelis-budas-islipti-is-saraso-parduok-savo-automobili\/","og_site_name":"Eautomobiliai.lt","article_published_time":"2025-03-19T13:08:13+00:00","og_image":[{"width":1200,"height":628,"url":"http:\/\/eautomobiliai.lt\/wp-content\/uploads\/2025\/03\/Tukstanciai-\u201eTesla-savininku-doxxed-Vienintelis-budas-islipti-is-saraso-Parduok.jpg","type":"image\/jpeg"}],"author":"admin","twitter_card":"summary_large_image","twitter_misc":{"Written by":"admin","Est. reading time":"7 minut\u0117s"},"schema":{"@context":"https:\/\/schema.org","@graph":[{"@type":"Article","@id":"http:\/\/eautomobiliai.lt\/index.php\/2025\/03\/19\/tukstanciai-tesla-savininku-doxxed-vienintelis-budas-islipti-is-saraso-parduok-savo-automobili\/#article","isPartOf":{"@id":"http:\/\/eautomobiliai.lt\/index.php\/2025\/03\/19\/tukstanciai-tesla-savininku-doxxed-vienintelis-budas-islipti-is-saraso-parduok-savo-automobili\/"},"author":{"name":"admin","@id":"https:\/\/eautomobiliai.lt\/#\/schema\/person\/ecf2a967f361217d056061f74deb92f2"},"headline":"T\u016bkstan\u010diai \u201eTesla\u201c savinink\u0173 doxxed. Vienintelis b\u016bdas i\u0161lipti i\u0161 s\u0105ra\u0161o? Parduok savo automobil\u012f","datePublished":"2025-03-19T13:08:13+00:00","mainEntityOfPage":{"@id":"http:\/\/eautomobiliai.lt\/index.php\/2025\/03\/19\/tukstanciai-tesla-savininku-doxxed-vienintelis-budas-islipti-is-saraso-parduok-savo-automobili\/"},"wordCount":1402,"commentCount":0,"image":{"@id":"http:\/\/eautomobiliai.lt\/index.php\/2025\/03\/19\/tukstanciai-tesla-savininku-doxxed-vienintelis-budas-islipti-is-saraso-parduok-savo-automobili\/#primaryimage"},"thumbnailUrl":"http:\/\/eautomobiliai.lt\/wp-content\/uploads\/2025\/03\/Tukstanciai-\u201eTesla-savininku-doxxed-Vienintelis-budas-islipti-is-saraso-Parduok.jpg","keywords":["automobil\u012f","b\u016bdas","doxxed","i\u0161","i\u0161lipti","Parduok","s\u0105ra\u0161o","savinink\u0173","savo","Tesla","T\u016bkstan\u010diai","Vienintelis"],"articleSection":["ELEKTRINIAI AUTOMOBILIAI"],"inLanguage":"lt-LT","potentialAction":[{"@type":"CommentAction","name":"Comment","target":["http:\/\/eautomobiliai.lt\/index.php\/2025\/03\/19\/tukstanciai-tesla-savininku-doxxed-vienintelis-budas-islipti-is-saraso-parduok-savo-automobili\/#respond"]}]},{"@type":"WebPage","@id":"http:\/\/eautomobiliai.lt\/index.php\/2025\/03\/19\/tukstanciai-tesla-savininku-doxxed-vienintelis-budas-islipti-is-saraso-parduok-savo-automobili\/","url":"http:\/\/eautomobiliai.lt\/index.php\/2025\/03\/19\/tukstanciai-tesla-savininku-doxxed-vienintelis-budas-islipti-is-saraso-parduok-savo-automobili\/","name":"T\u016bkstan\u010diai \u201eTesla\u201c savinink\u0173 doxxed. Vienintelis b\u016bdas i\u0161lipti i\u0161 s\u0105ra\u0161o? Parduok savo automobil\u012f - Eautomobiliai.lt","isPartOf":{"@id":"https:\/\/eautomobiliai.lt\/#website"},"primaryImageOfPage":{"@id":"http:\/\/eautomobiliai.lt\/index.php\/2025\/03\/19\/tukstanciai-tesla-savininku-doxxed-vienintelis-budas-islipti-is-saraso-parduok-savo-automobili\/#primaryimage"},"image":{"@id":"http:\/\/eautomobiliai.lt\/index.php\/2025\/03\/19\/tukstanciai-tesla-savininku-doxxed-vienintelis-budas-islipti-is-saraso-parduok-savo-automobili\/#primaryimage"},"thumbnailUrl":"http:\/\/eautomobiliai.lt\/wp-content\/uploads\/2025\/03\/Tukstanciai-\u201eTesla-savininku-doxxed-Vienintelis-budas-islipti-is-saraso-Parduok.jpg","datePublished":"2025-03-19T13:08:13+00:00","author":{"@id":"https:\/\/eautomobiliai.lt\/#\/schema\/person\/ecf2a967f361217d056061f74deb92f2"},"breadcrumb":{"@id":"http:\/\/eautomobiliai.lt\/index.php\/2025\/03\/19\/tukstanciai-tesla-savininku-doxxed-vienintelis-budas-islipti-is-saraso-parduok-savo-automobili\/#breadcrumb"},"inLanguage":"lt-LT","potentialAction":[{"@type":"ReadAction","target":["http:\/\/eautomobiliai.lt\/index.php\/2025\/03\/19\/tukstanciai-tesla-savininku-doxxed-vienintelis-budas-islipti-is-saraso-parduok-savo-automobili\/"]}]},{"@type":"ImageObject","inLanguage":"lt-LT","@id":"http:\/\/eautomobiliai.lt\/index.php\/2025\/03\/19\/tukstanciai-tesla-savininku-doxxed-vienintelis-budas-islipti-is-saraso-parduok-savo-automobili\/#primaryimage","url":"http:\/\/eautomobiliai.lt\/wp-content\/uploads\/2025\/03\/Tukstanciai-\u201eTesla-savininku-doxxed-Vienintelis-budas-islipti-is-saraso-Parduok.jpg","contentUrl":"http:\/\/eautomobiliai.lt\/wp-content\/uploads\/2025\/03\/Tukstanciai-\u201eTesla-savininku-doxxed-Vienintelis-budas-islipti-is-saraso-Parduok.jpg","width":1200,"height":628},{"@type":"BreadcrumbList","@id":"http:\/\/eautomobiliai.lt\/index.php\/2025\/03\/19\/tukstanciai-tesla-savininku-doxxed-vienintelis-budas-islipti-is-saraso-parduok-savo-automobili\/#breadcrumb","itemListElement":[{"@type":"ListItem","position":1,"name":"Home","item":"https:\/\/eautomobiliai.lt\/"},{"@type":"ListItem","position":2,"name":"T\u016bkstan\u010diai \u201eTesla\u201c savinink\u0173 doxxed. Vienintelis b\u016bdas i\u0161lipti i\u0161 s\u0105ra\u0161o? Parduok savo automobil\u012f"}]},{"@type":"WebSite","@id":"https:\/\/eautomobiliai.lt\/#website","url":"https:\/\/eautomobiliai.lt\/","name":"Eautomobiliai.lt","description":"Elektrinis transportas, technologijos","potentialAction":[{"@type":"SearchAction","target":{"@type":"EntryPoint","urlTemplate":"https:\/\/eautomobiliai.lt\/?s={search_term_string}"},"query-input":{"@type":"PropertyValueSpecification","valueRequired":true,"valueName":"search_term_string"}}],"inLanguage":"lt-LT"},{"@type":"Person","@id":"https:\/\/eautomobiliai.lt\/#\/schema\/person\/ecf2a967f361217d056061f74deb92f2","name":"admin","image":{"@type":"ImageObject","inLanguage":"lt-LT","@id":"https:\/\/eautomobiliai.lt\/#\/schema\/person\/image\/","url":"https:\/\/secure.gravatar.com\/avatar\/6323379efae0c70c686c7905444d6bbd?s=96&d=mm&r=g","contentUrl":"https:\/\/secure.gravatar.com\/avatar\/6323379efae0c70c686c7905444d6bbd?s=96&d=mm&r=g","caption":"admin"},"sameAs":["http:\/\/eautomobiliai.lt"],"url":"http:\/\/eautomobiliai.lt\/index.php\/author\/admin\/"}]}},"_links":{"self":[{"href":"http:\/\/eautomobiliai.lt\/index.php\/wp-json\/wp\/v2\/posts\/186","targetHints":{"allow":["GET"]}}],"collection":[{"href":"http:\/\/eautomobiliai.lt\/index.php\/wp-json\/wp\/v2\/posts"}],"about":[{"href":"http:\/\/eautomobiliai.lt\/index.php\/wp-json\/wp\/v2\/types\/post"}],"author":[{"embeddable":true,"href":"http:\/\/eautomobiliai.lt\/index.php\/wp-json\/wp\/v2\/users\/1"}],"replies":[{"embeddable":true,"href":"http:\/\/eautomobiliai.lt\/index.php\/wp-json\/wp\/v2\/comments?post=186"}],"version-history":[{"count":0,"href":"http:\/\/eautomobiliai.lt\/index.php\/wp-json\/wp\/v2\/posts\/186\/revisions"}],"wp:featuredmedia":[{"embeddable":true,"href":"http:\/\/eautomobiliai.lt\/index.php\/wp-json\/wp\/v2\/media\/187"}],"wp:attachment":[{"href":"http:\/\/eautomobiliai.lt\/index.php\/wp-json\/wp\/v2\/media?parent=186"}],"wp:term":[{"taxonomy":"category","embeddable":true,"href":"http:\/\/eautomobiliai.lt\/index.php\/wp-json\/wp\/v2\/categories?post=186"},{"taxonomy":"post_tag","embeddable":true,"href":"http:\/\/eautomobiliai.lt\/index.php\/wp-json\/wp\/v2\/tags?post=186"}],"curies":[{"name":"wp","href":"https:\/\/api.w.org\/{rel}","templated":true}]}}