{"id":1860,"date":"2025-08-20T16:19:42","date_gmt":"2025-08-20T16:19:42","guid":{"rendered":"http:\/\/eautomobiliai.lt\/index.php\/2025\/08\/20\/volkswagen-uztikrina-35-mln\/"},"modified":"2025-08-20T16:19:42","modified_gmt":"2025-08-20T16:19:42","slug":"volkswagen-uztikrina-35-mln","status":"publish","type":"post","link":"http:\/\/eautomobiliai.lt\/index.php\/2025\/08\/20\/volkswagen-uztikrina-35-mln\/","title":{"rendered":"\u201eVolkswagen\u201c u\u017etikrina 35 mln"},"content":{"rendered":"<p> <br \/>\n<\/p>\n<div>\n<figure class=\"img-border featured-image\">\n\t<\/figure>\n<p>Antradien\u012f Portugalijoje \u201eVolkswagen\u201c buvo apdovanotas 30 milijon\u0173 eur\u0173 (35 milijon\u0173 doleri\u0173). \u201eId.1\u201c prasid\u0117s ma\u017edaug nuo 20 000 eur\u0173 (22 000 USD), kaip ma\u017eiausias ir prieinamiausias EV \u201eVolkswagen\u201c serijoje.<\/p>\n<p><span id=\"more-430671\"\/><\/p>\n<h2 class=\"wp-block-heading\" id=\"h-volkswagen-moves-closer-toward-affordable-evs\">\u201eVolkswagen\u201c juda ar\u010diau \u012fperkam\u0173 EV<\/h2>\n<p>Id.1 yra \u201epaskutinis galvos\u016bkio gabalas\u201c, teigia \u201eVolkswagen\u201c prek\u0117s \u017eenklo generalinis direktorius Thomas Sch\u00e4fer. Rugs\u0117j\u012f po to, kai \u201eVW\u201c pristat\u0117 id.ever1 koncepcij\u0105, mes pasl\u0117p\u0117me naujojo pradinio lygio EV.<\/p>\n<p>Nors tai buvo tik koncepcija, skirtingai nei daugelis, \u201eVolkswagen\u201c tai atgaivina. \u201eId.Every1\u201c koncepcija per\u017ei\u016bri \u201e20 000 eur\u0173\u201e Volkswagen \u201celektrin\u012f\u201e Volkswagen \u201celektrin\u0119 bendrov\u0119 anks\u010diau \u0161iais metais.<\/p>\n<p>Antradien\u012f pasira\u0161\u0119s susitarim\u0105 su Portugalijos vyriausybe, kad b\u016bt\u0173 sukurtas naujas pradinio lygio EV, \u201eVolkswagen\u201c yra vienu \u017eingsniu ar\u010diau jo \u012f rink\u0105. Tomas Hegelis Guntheris, \u201eVolkswagen\u201c \u201eAuoeuropa\u201c gamyklos Portugalijoje prezidentas, patvirtino, kad Id.1 numatytas gamybai 2027 m. Viduryje.<\/p>\n<p>\t<span class=\"outbrain-ad-label\">Skelbimas &#8211; slinkite daugiau turinio<\/span><\/p>\n<p>\u201eGunther\u201c taip pat patvirtino, kad tai bus naujas \u201eVW\u201c pradinio lygio EV, kurio pradin\u0117s kainos siekia 20 000 eur\u0173 (22 000 USD). \u201eAteinantys metai bus pa\u017eym\u0117ti, kad ateitis taps realybe, sak\u0117 Guntheris renginyje.<\/p>\n<div class=\"wp-block-jetpack-tiled-gallery aligncenter is-style-columns\">\n<div class=\"\">\n<div class=\"tiled-gallery__gallery\">\n<div class=\"tiled-gallery__row\">\n<div class=\"tiled-gallery__col\" style=\"flex-basis:50.00000%\">\n<figure data-wp-context=\"{\" imageid=\"\" data-wp-interactive=\"core\/image\" class=\"tiled-gallery__item wp-lightbox-container\"><img decoding=\"async\" data-wp-class--hide=\"state.isContentHidden\" data-wp-class--show=\"state.isContentVisible\" data-wp-init=\"callbacks.setButtonStyles\" data-wp-on-async--click=\"actions.showLightbox\" data-wp-on-async--load=\"callbacks.setButtonStyles\" data-wp-on-async-window--resize=\"callbacks.setButtonStyles\" srcset=\"https:\/\/i0.wp.com\/electrek.co\/wp-content\/uploads\/sites\/3\/2025\/04\/Volkswagens-ID.1-EV-1.jpg?strip=info&amp;w=600&amp;ssl=1 600w,https:\/\/i0.wp.com\/electrek.co\/wp-content\/uploads\/sites\/3\/2025\/04\/Volkswagens-ID.1-EV-1.jpg?strip=info&amp;w=900&amp;ssl=1 900w,https:\/\/i0.wp.com\/electrek.co\/wp-content\/uploads\/sites\/3\/2025\/04\/Volkswagens-ID.1-EV-1.jpg?strip=info&amp;w=1024&amp;ssl=1 1024w\" alt=\"Volkswagen's-ID.1-EV\" data-height=\"683\" data-id=\"410352\" data-link=\"https:\/\/electrek.co\/2025\/04\/08\/better-look-volkswagens-22000-id-1-ev-video\/world-premiere-of-the-volkswagen-id-every1-concept-car-05-03-2\/\" data-url=\"https:\/\/electrek.co\/wp-content\/uploads\/sites\/3\/2025\/04\/Volkswagens-ID.1-EV-1.jpg?quality=82&amp;strip=all&amp;w=1024\" data-width=\"1024\" src=\"https:\/\/i0.wp.com\/electrek.co\/wp-content\/uploads\/sites\/3\/2025\/04\/Volkswagens-ID.1-EV-1.jpg?ssl=1\" data-amp-layout=\"responsive\"\/><button class=\"lightbox-trigger\" type=\"button\" aria-haspopup=\"dialog\" aria-label=\"Enlarge\" data-wp-init=\"callbacks.initTriggerButton\" data-wp-on-async--click=\"actions.showLightbox\" data-wp-style--right=\"state.imageButtonRight\" data-wp-style--top=\"state.imageButtonTop\"><br \/>\n\t\t\t<svg xmlns=\"http:\/\/www.w3.org\/2000\/svg\" width=\"12\" height=\"12\" fill=\"none\" viewbox=\"0 0 12 12\">\n\t\t\t\t<path fill=\"#fff\" d=\"M2 0a2 2 0 0 0-2 2v2h1.5V2a.5.5 0 0 1 .5-.5h2V0H2Zm2 10.5H2a.5.5 0 0 1-.5-.5V8H0v2a2 2 0 0 0 2 2h2v-1.5ZM8 12v-1.5h2a.5.5 0 0 0 .5-.5V8H12v2a2 2 0 0 1-2 2H8Zm2-12a2 2 0 0 1 2 2v2h-1.5V2a.5.5 0 0 0-.5-.5H8V0h2Z\"\/>\n\t\t\t<\/svg><br \/>\n\t\t<\/button><\/figure>\n<\/div>\n<div class=\"tiled-gallery__col\" style=\"flex-basis:50.00000%\">\n<figure data-wp-context=\"{\" imageid=\"\" data-wp-interactive=\"core\/image\" class=\"tiled-gallery__item wp-lightbox-container\"><img decoding=\"async\" data-wp-class--hide=\"state.isContentHidden\" data-wp-class--show=\"state.isContentVisible\" data-wp-init=\"callbacks.setButtonStyles\" data-wp-on-async--click=\"actions.showLightbox\" data-wp-on-async--load=\"callbacks.setButtonStyles\" data-wp-on-async-window--resize=\"callbacks.setButtonStyles\" srcset=\"https:\/\/i0.wp.com\/electrek.co\/wp-content\/uploads\/sites\/3\/2025\/04\/Volkswagens-ID.1-EV-2.jpg?strip=info&amp;w=600&amp;ssl=1 600w,https:\/\/i0.wp.com\/electrek.co\/wp-content\/uploads\/sites\/3\/2025\/04\/Volkswagens-ID.1-EV-2.jpg?strip=info&amp;w=900&amp;ssl=1 900w,https:\/\/i0.wp.com\/electrek.co\/wp-content\/uploads\/sites\/3\/2025\/04\/Volkswagens-ID.1-EV-2.jpg?strip=info&amp;w=1024&amp;ssl=1 1024w\" alt=\"\u201eVolkswagen-ID.1-Labe-Affordable-ev\u201c\" data-height=\"683\" data-id=\"410353\" data-link=\"https:\/\/electrek.co\/2025\/04\/08\/better-look-volkswagens-22000-id-1-ev-video\/world-premiere-of-the-volkswagen-id-every1-concept-car-05-03-2-2\/\" data-url=\"https:\/\/electrek.co\/wp-content\/uploads\/sites\/3\/2025\/04\/Volkswagens-ID.1-EV-2.jpg?quality=82&amp;strip=all&amp;w=1024\" data-width=\"1024\" src=\"https:\/\/i0.wp.com\/electrek.co\/wp-content\/uploads\/sites\/3\/2025\/04\/Volkswagens-ID.1-EV-2.jpg?ssl=1\" data-amp-layout=\"responsive\"\/><button class=\"lightbox-trigger\" type=\"button\" aria-haspopup=\"dialog\" aria-label=\"Enlarge\" data-wp-init=\"callbacks.initTriggerButton\" data-wp-on-async--click=\"actions.showLightbox\" data-wp-style--right=\"state.imageButtonRight\" data-wp-style--top=\"state.imageButtonTop\"><br \/>\n\t\t\t<svg xmlns=\"http:\/\/www.w3.org\/2000\/svg\" width=\"12\" height=\"12\" fill=\"none\" viewbox=\"0 0 12 12\">\n\t\t\t\t<path fill=\"#fff\" d=\"M2 0a2 2 0 0 0-2 2v2h1.5V2a.5.5 0 0 1 .5-.5h2V0H2Zm2 10.5H2a.5.5 0 0 1-.5-.5V8H0v2a2 2 0 0 0 2 2h2v-1.5ZM8 12v-1.5h2a.5.5 0 0 0 .5-.5V8H12v2a2 2 0 0 1-2 2H8Zm2-12a2 2 0 0 1 2 2v2h-1.5V2a.5.5 0 0 0-.5-.5H8V0h2Z\"\/>\n\t\t\t<\/svg><br \/>\n\t\t<\/button><\/figure>\n<\/div>\n<\/div>\n<\/div>\n<\/div>\n<\/div>\n<p>Vyriausyb\u0117 \u012fne\u0161 iki 30 milijon\u0173 eur\u0173 (35 milijon\u0173 doleri\u0173) valstyb\u0117s pagalba, kad pad\u0117t\u0173 j\u0105 prad\u0117ti. \u201eDaugiau nei tris de\u0161imtme\u010dius\u201e Autoeuropa \u201cbuvo daugiau nei \u0161alies ekonomikos ramstis\u201c, &#8211; sak\u0117 Manuelis Castro Almeida, Portugalijos ekonomikos ministras, sak\u0117 ir prid\u016br\u0117: \u201e\u0160iandien tai sustiprina t\u0105 palikim\u0105\u201c.<\/p>\n<figure class=\"wp-block-image aligncenter size-large\"><img loading=\"lazy\" decoding=\"async\" height=\"512\" width=\"1024\" src=\"https:\/\/electrek.co\/wp-content\/uploads\/sites\/3\/2025\/03\/Volkswagen-ID.1-Rivian-EV.jpeg?quality=82&amp;strip=all&amp;w=1024\" alt=\"\u201eVolkswagen\u201c labiausiai prieinamas-ev\" class=\"wp-image-406415\" srcset=\"https:\/\/electrek.co\/wp-content\/uploads\/sites\/3\/2025\/03\/Volkswagen-ID.1-Rivian-EV.jpeg 1400w, https:\/\/electrek.co\/wp-content\/uploads\/sites\/3\/2025\/03\/Volkswagen-ID.1-Rivian-EV.jpeg?resize=150,75 150w, https:\/\/electrek.co\/wp-content\/uploads\/sites\/3\/2025\/03\/Volkswagen-ID.1-Rivian-EV.jpeg?resize=300,150 300w, https:\/\/electrek.co\/wp-content\/uploads\/sites\/3\/2025\/03\/Volkswagen-ID.1-Rivian-EV.jpeg?resize=768,384 768w, https:\/\/electrek.co\/wp-content\/uploads\/sites\/3\/2025\/03\/Volkswagen-ID.1-Rivian-EV.jpeg?resize=1024,512 1024w, https:\/\/electrek.co\/wp-content\/uploads\/sites\/3\/2025\/03\/Volkswagen-ID.1-Rivian-EV.jpeg?resize=350,175 350w, https:\/\/electrek.co\/wp-content\/uploads\/sites\/3\/2025\/03\/Volkswagen-ID.1-Rivian-EV.jpeg?resize=140,70 140w, https:\/\/electrek.co\/wp-content\/uploads\/sites\/3\/2025\/03\/Volkswagen-ID.1-Rivian-EV.jpeg?resize=290,145 290w\" sizes=\"auto, (max-width: 1024px) 100vw, 1024px\"\/><figcaption class=\"wp-element-caption\">\u201eVolkswagen ID.Every1\u201c interjeras (\u0161altinis: \u201eVolkswagen\u201c)<\/figcaption><\/figure>\n<p>I\u0161matuojant vos 3 880 mm ilgio, ID.1 s\u0117d\u0117s tarp buvusio! (3 600 mm) ir id.2 (4 050 mm). Jis yra \u0161iek tiek ma\u017eesnis u\u017e polo (4,074 mm).<\/p>\n<p>Po \u201eId.2\u201c ir visureigio versijos, kuri bus i\u0161leista kitais metais, \u201eVolkswagen\u201c i\u0161leis ID.1 2027 m. D\u0117l savo partneryst\u0117s su \u201eRivian\u201c d\u0117ka tai bus ne tik prieinamiausias \u201eVolkswagen EV\u201c, bet ir pirmasis programin\u0117s \u012frangos apibr\u0117\u017etos transporto priemon\u0117s (SDV) modelis. Visos trys transporto priemon\u0117s yra \u201eVW Electric Urban Car Family\u201c dalis, jos naujoji pradinio lygio serija.<\/p>\n<div class=\"ad-disclaimer-container\">\n<p class=\"disclaimer-affiliate\"><em>FPK: Mes naudojame pajamas gaunan\u010dias automatinio filialo nuorodas.<\/em> Daugiau.<\/p>\n<p><!-- post ad --><\/div>\n<\/p><\/div>\n<p><br \/>\n<br \/><a href=\"https:\/\/electrek.co\/2025\/08\/20\/volkswagen-secures-35-million-to-build-most-affordable-ev-yet\/\">Source link <\/a><\/p>\n","protected":false},"excerpt":{"rendered":"<p>Antradien\u012f Portugalijoje \u201eVolkswagen\u201c buvo apdovanotas 30 milijon\u0173 eur\u0173 (35 milijon\u0173 doleri\u0173). \u201eId.1\u201c prasid\u0117s ma\u017edaug nuo 20 000 eur\u0173 (22 000&hellip;<\/p>\n","protected":false},"author":1,"featured_media":1861,"comment_status":"open","ping_status":"open","sticky":false,"template":"","format":"standard","meta":{"om_disable_all_campaigns":false,"_monsterinsights_skip_tracking":false,"_monsterinsights_sitenote_active":false,"_monsterinsights_sitenote_note":"","_monsterinsights_sitenote_category":0,"footnotes":""},"categories":[8],"tags":[1359,3421,171],"class_list":["post-1860","post","type-post","status-publish","format-standard","has-post-thumbnail","hentry","category-elektriniai-automobiliai","tag-mln","tag-uztikrina","tag-volkswagen"],"aioseo_notices":[],"yoast_head":"<!-- This site is optimized with the Yoast SEO plugin v26.8 - https:\/\/yoast.com\/product\/yoast-seo-wordpress\/ -->\n<title>\u201eVolkswagen\u201c u\u017etikrina 35 mln - Eautomobiliai.lt<\/title>\n<meta name=\"robots\" content=\"index, follow, max-snippet:-1, max-image-preview:large, max-video-preview:-1\" \/>\n<link rel=\"canonical\" href=\"http:\/\/eautomobiliai.lt\/index.php\/2025\/08\/20\/volkswagen-uztikrina-35-mln\/\" \/>\n<meta property=\"og:locale\" content=\"lt_LT\" \/>\n<meta property=\"og:type\" content=\"article\" \/>\n<meta property=\"og:title\" content=\"\u201eVolkswagen\u201c u\u017etikrina 35 mln - Eautomobiliai.lt\" \/>\n<meta property=\"og:description\" content=\"Antradien\u012f Portugalijoje \u201eVolkswagen\u201c buvo apdovanotas 30 milijon\u0173 eur\u0173 (35 milijon\u0173 doleri\u0173). \u201eId.1\u201c prasid\u0117s ma\u017edaug nuo 20 000 eur\u0173 (22 000&hellip;\" \/>\n<meta property=\"og:url\" content=\"http:\/\/eautomobiliai.lt\/index.php\/2025\/08\/20\/volkswagen-uztikrina-35-mln\/\" \/>\n<meta property=\"og:site_name\" content=\"Eautomobiliai.lt\" \/>\n<meta property=\"article:published_time\" content=\"2025-08-20T16:19:42+00:00\" \/>\n<meta property=\"og:image\" content=\"http:\/\/eautomobiliai.lt\/wp-content\/uploads\/2025\/08\/\u201eVolkswagen-uztikrina-35-mln.jpeg\" \/>\n\t<meta property=\"og:image:width\" content=\"1200\" \/>\n\t<meta property=\"og:image:height\" content=\"628\" \/>\n\t<meta property=\"og:image:type\" content=\"image\/jpeg\" \/>\n<meta name=\"author\" content=\"admin\" \/>\n<meta name=\"twitter:card\" content=\"summary_large_image\" \/>\n<meta name=\"twitter:label1\" content=\"Written by\" \/>\n\t<meta name=\"twitter:data1\" content=\"admin\" \/>\n\t<meta name=\"twitter:label2\" content=\"Est. reading time\" \/>\n\t<meta name=\"twitter:data2\" content=\"2 minut\u0117s\" \/>\n<script type=\"application\/ld+json\" class=\"yoast-schema-graph\">{\"@context\":\"https:\/\/schema.org\",\"@graph\":[{\"@type\":\"Article\",\"@id\":\"http:\/\/eautomobiliai.lt\/index.php\/2025\/08\/20\/volkswagen-uztikrina-35-mln\/#article\",\"isPartOf\":{\"@id\":\"http:\/\/eautomobiliai.lt\/index.php\/2025\/08\/20\/volkswagen-uztikrina-35-mln\/\"},\"author\":{\"name\":\"admin\",\"@id\":\"https:\/\/eautomobiliai.lt\/#\/schema\/person\/ecf2a967f361217d056061f74deb92f2\"},\"headline\":\"\u201eVolkswagen\u201c u\u017etikrina 35 mln\",\"datePublished\":\"2025-08-20T16:19:42+00:00\",\"mainEntityOfPage\":{\"@id\":\"http:\/\/eautomobiliai.lt\/index.php\/2025\/08\/20\/volkswagen-uztikrina-35-mln\/\"},\"wordCount\":323,\"commentCount\":0,\"image\":{\"@id\":\"http:\/\/eautomobiliai.lt\/index.php\/2025\/08\/20\/volkswagen-uztikrina-35-mln\/#primaryimage\"},\"thumbnailUrl\":\"http:\/\/eautomobiliai.lt\/wp-content\/uploads\/2025\/08\/\u201eVolkswagen-uztikrina-35-mln.jpeg\",\"keywords\":[\"mln\",\"u\u017etikrina\",\"Volkswagen\"],\"articleSection\":[\"ELEKTRINIAI AUTOMOBILIAI\"],\"inLanguage\":\"lt-LT\",\"potentialAction\":[{\"@type\":\"CommentAction\",\"name\":\"Comment\",\"target\":[\"http:\/\/eautomobiliai.lt\/index.php\/2025\/08\/20\/volkswagen-uztikrina-35-mln\/#respond\"]}]},{\"@type\":\"WebPage\",\"@id\":\"http:\/\/eautomobiliai.lt\/index.php\/2025\/08\/20\/volkswagen-uztikrina-35-mln\/\",\"url\":\"http:\/\/eautomobiliai.lt\/index.php\/2025\/08\/20\/volkswagen-uztikrina-35-mln\/\",\"name\":\"\u201eVolkswagen\u201c u\u017etikrina 35 mln - Eautomobiliai.lt\",\"isPartOf\":{\"@id\":\"https:\/\/eautomobiliai.lt\/#website\"},\"primaryImageOfPage\":{\"@id\":\"http:\/\/eautomobiliai.lt\/index.php\/2025\/08\/20\/volkswagen-uztikrina-35-mln\/#primaryimage\"},\"image\":{\"@id\":\"http:\/\/eautomobiliai.lt\/index.php\/2025\/08\/20\/volkswagen-uztikrina-35-mln\/#primaryimage\"},\"thumbnailUrl\":\"http:\/\/eautomobiliai.lt\/wp-content\/uploads\/2025\/08\/\u201eVolkswagen-uztikrina-35-mln.jpeg\",\"datePublished\":\"2025-08-20T16:19:42+00:00\",\"author\":{\"@id\":\"https:\/\/eautomobiliai.lt\/#\/schema\/person\/ecf2a967f361217d056061f74deb92f2\"},\"breadcrumb\":{\"@id\":\"http:\/\/eautomobiliai.lt\/index.php\/2025\/08\/20\/volkswagen-uztikrina-35-mln\/#breadcrumb\"},\"inLanguage\":\"lt-LT\",\"potentialAction\":[{\"@type\":\"ReadAction\",\"target\":[\"http:\/\/eautomobiliai.lt\/index.php\/2025\/08\/20\/volkswagen-uztikrina-35-mln\/\"]}]},{\"@type\":\"ImageObject\",\"inLanguage\":\"lt-LT\",\"@id\":\"http:\/\/eautomobiliai.lt\/index.php\/2025\/08\/20\/volkswagen-uztikrina-35-mln\/#primaryimage\",\"url\":\"http:\/\/eautomobiliai.lt\/wp-content\/uploads\/2025\/08\/\u201eVolkswagen-uztikrina-35-mln.jpeg\",\"contentUrl\":\"http:\/\/eautomobiliai.lt\/wp-content\/uploads\/2025\/08\/\u201eVolkswagen-uztikrina-35-mln.jpeg\",\"width\":1200,\"height\":628},{\"@type\":\"BreadcrumbList\",\"@id\":\"http:\/\/eautomobiliai.lt\/index.php\/2025\/08\/20\/volkswagen-uztikrina-35-mln\/#breadcrumb\",\"itemListElement\":[{\"@type\":\"ListItem\",\"position\":1,\"name\":\"Home\",\"item\":\"https:\/\/eautomobiliai.lt\/\"},{\"@type\":\"ListItem\",\"position\":2,\"name\":\"\u201eVolkswagen\u201c u\u017etikrina 35 mln\"}]},{\"@type\":\"WebSite\",\"@id\":\"https:\/\/eautomobiliai.lt\/#website\",\"url\":\"https:\/\/eautomobiliai.lt\/\",\"name\":\"Eautomobiliai.lt\",\"description\":\"Elektrinis transportas, technologijos\",\"potentialAction\":[{\"@type\":\"SearchAction\",\"target\":{\"@type\":\"EntryPoint\",\"urlTemplate\":\"https:\/\/eautomobiliai.lt\/?s={search_term_string}\"},\"query-input\":{\"@type\":\"PropertyValueSpecification\",\"valueRequired\":true,\"valueName\":\"search_term_string\"}}],\"inLanguage\":\"lt-LT\"},{\"@type\":\"Person\",\"@id\":\"https:\/\/eautomobiliai.lt\/#\/schema\/person\/ecf2a967f361217d056061f74deb92f2\",\"name\":\"admin\",\"image\":{\"@type\":\"ImageObject\",\"inLanguage\":\"lt-LT\",\"@id\":\"https:\/\/eautomobiliai.lt\/#\/schema\/person\/image\/\",\"url\":\"https:\/\/secure.gravatar.com\/avatar\/6323379efae0c70c686c7905444d6bbd?s=96&d=mm&r=g\",\"contentUrl\":\"https:\/\/secure.gravatar.com\/avatar\/6323379efae0c70c686c7905444d6bbd?s=96&d=mm&r=g\",\"caption\":\"admin\"},\"sameAs\":[\"http:\/\/eautomobiliai.lt\"],\"url\":\"http:\/\/eautomobiliai.lt\/index.php\/author\/admin\/\"}]}<\/script>\n<!-- \/ Yoast SEO plugin. -->","yoast_head_json":{"title":"\u201eVolkswagen\u201c u\u017etikrina 35 mln - Eautomobiliai.lt","robots":{"index":"index","follow":"follow","max-snippet":"max-snippet:-1","max-image-preview":"max-image-preview:large","max-video-preview":"max-video-preview:-1"},"canonical":"http:\/\/eautomobiliai.lt\/index.php\/2025\/08\/20\/volkswagen-uztikrina-35-mln\/","og_locale":"lt_LT","og_type":"article","og_title":"\u201eVolkswagen\u201c u\u017etikrina 35 mln - Eautomobiliai.lt","og_description":"Antradien\u012f Portugalijoje \u201eVolkswagen\u201c buvo apdovanotas 30 milijon\u0173 eur\u0173 (35 milijon\u0173 doleri\u0173). \u201eId.1\u201c prasid\u0117s ma\u017edaug nuo 20 000 eur\u0173 (22 000&hellip;","og_url":"http:\/\/eautomobiliai.lt\/index.php\/2025\/08\/20\/volkswagen-uztikrina-35-mln\/","og_site_name":"Eautomobiliai.lt","article_published_time":"2025-08-20T16:19:42+00:00","og_image":[{"width":1200,"height":628,"url":"http:\/\/eautomobiliai.lt\/wp-content\/uploads\/2025\/08\/\u201eVolkswagen-uztikrina-35-mln.jpeg","type":"image\/jpeg"}],"author":"admin","twitter_card":"summary_large_image","twitter_misc":{"Written by":"admin","Est. reading time":"2 minut\u0117s"},"schema":{"@context":"https:\/\/schema.org","@graph":[{"@type":"Article","@id":"http:\/\/eautomobiliai.lt\/index.php\/2025\/08\/20\/volkswagen-uztikrina-35-mln\/#article","isPartOf":{"@id":"http:\/\/eautomobiliai.lt\/index.php\/2025\/08\/20\/volkswagen-uztikrina-35-mln\/"},"author":{"name":"admin","@id":"https:\/\/eautomobiliai.lt\/#\/schema\/person\/ecf2a967f361217d056061f74deb92f2"},"headline":"\u201eVolkswagen\u201c u\u017etikrina 35 mln","datePublished":"2025-08-20T16:19:42+00:00","mainEntityOfPage":{"@id":"http:\/\/eautomobiliai.lt\/index.php\/2025\/08\/20\/volkswagen-uztikrina-35-mln\/"},"wordCount":323,"commentCount":0,"image":{"@id":"http:\/\/eautomobiliai.lt\/index.php\/2025\/08\/20\/volkswagen-uztikrina-35-mln\/#primaryimage"},"thumbnailUrl":"http:\/\/eautomobiliai.lt\/wp-content\/uploads\/2025\/08\/\u201eVolkswagen-uztikrina-35-mln.jpeg","keywords":["mln","u\u017etikrina","Volkswagen"],"articleSection":["ELEKTRINIAI AUTOMOBILIAI"],"inLanguage":"lt-LT","potentialAction":[{"@type":"CommentAction","name":"Comment","target":["http:\/\/eautomobiliai.lt\/index.php\/2025\/08\/20\/volkswagen-uztikrina-35-mln\/#respond"]}]},{"@type":"WebPage","@id":"http:\/\/eautomobiliai.lt\/index.php\/2025\/08\/20\/volkswagen-uztikrina-35-mln\/","url":"http:\/\/eautomobiliai.lt\/index.php\/2025\/08\/20\/volkswagen-uztikrina-35-mln\/","name":"\u201eVolkswagen\u201c u\u017etikrina 35 mln - Eautomobiliai.lt","isPartOf":{"@id":"https:\/\/eautomobiliai.lt\/#website"},"primaryImageOfPage":{"@id":"http:\/\/eautomobiliai.lt\/index.php\/2025\/08\/20\/volkswagen-uztikrina-35-mln\/#primaryimage"},"image":{"@id":"http:\/\/eautomobiliai.lt\/index.php\/2025\/08\/20\/volkswagen-uztikrina-35-mln\/#primaryimage"},"thumbnailUrl":"http:\/\/eautomobiliai.lt\/wp-content\/uploads\/2025\/08\/\u201eVolkswagen-uztikrina-35-mln.jpeg","datePublished":"2025-08-20T16:19:42+00:00","author":{"@id":"https:\/\/eautomobiliai.lt\/#\/schema\/person\/ecf2a967f361217d056061f74deb92f2"},"breadcrumb":{"@id":"http:\/\/eautomobiliai.lt\/index.php\/2025\/08\/20\/volkswagen-uztikrina-35-mln\/#breadcrumb"},"inLanguage":"lt-LT","potentialAction":[{"@type":"ReadAction","target":["http:\/\/eautomobiliai.lt\/index.php\/2025\/08\/20\/volkswagen-uztikrina-35-mln\/"]}]},{"@type":"ImageObject","inLanguage":"lt-LT","@id":"http:\/\/eautomobiliai.lt\/index.php\/2025\/08\/20\/volkswagen-uztikrina-35-mln\/#primaryimage","url":"http:\/\/eautomobiliai.lt\/wp-content\/uploads\/2025\/08\/\u201eVolkswagen-uztikrina-35-mln.jpeg","contentUrl":"http:\/\/eautomobiliai.lt\/wp-content\/uploads\/2025\/08\/\u201eVolkswagen-uztikrina-35-mln.jpeg","width":1200,"height":628},{"@type":"BreadcrumbList","@id":"http:\/\/eautomobiliai.lt\/index.php\/2025\/08\/20\/volkswagen-uztikrina-35-mln\/#breadcrumb","itemListElement":[{"@type":"ListItem","position":1,"name":"Home","item":"https:\/\/eautomobiliai.lt\/"},{"@type":"ListItem","position":2,"name":"\u201eVolkswagen\u201c u\u017etikrina 35 mln"}]},{"@type":"WebSite","@id":"https:\/\/eautomobiliai.lt\/#website","url":"https:\/\/eautomobiliai.lt\/","name":"Eautomobiliai.lt","description":"Elektrinis transportas, technologijos","potentialAction":[{"@type":"SearchAction","target":{"@type":"EntryPoint","urlTemplate":"https:\/\/eautomobiliai.lt\/?s={search_term_string}"},"query-input":{"@type":"PropertyValueSpecification","valueRequired":true,"valueName":"search_term_string"}}],"inLanguage":"lt-LT"},{"@type":"Person","@id":"https:\/\/eautomobiliai.lt\/#\/schema\/person\/ecf2a967f361217d056061f74deb92f2","name":"admin","image":{"@type":"ImageObject","inLanguage":"lt-LT","@id":"https:\/\/eautomobiliai.lt\/#\/schema\/person\/image\/","url":"https:\/\/secure.gravatar.com\/avatar\/6323379efae0c70c686c7905444d6bbd?s=96&d=mm&r=g","contentUrl":"https:\/\/secure.gravatar.com\/avatar\/6323379efae0c70c686c7905444d6bbd?s=96&d=mm&r=g","caption":"admin"},"sameAs":["http:\/\/eautomobiliai.lt"],"url":"http:\/\/eautomobiliai.lt\/index.php\/author\/admin\/"}]}},"_links":{"self":[{"href":"http:\/\/eautomobiliai.lt\/index.php\/wp-json\/wp\/v2\/posts\/1860","targetHints":{"allow":["GET"]}}],"collection":[{"href":"http:\/\/eautomobiliai.lt\/index.php\/wp-json\/wp\/v2\/posts"}],"about":[{"href":"http:\/\/eautomobiliai.lt\/index.php\/wp-json\/wp\/v2\/types\/post"}],"author":[{"embeddable":true,"href":"http:\/\/eautomobiliai.lt\/index.php\/wp-json\/wp\/v2\/users\/1"}],"replies":[{"embeddable":true,"href":"http:\/\/eautomobiliai.lt\/index.php\/wp-json\/wp\/v2\/comments?post=1860"}],"version-history":[{"count":0,"href":"http:\/\/eautomobiliai.lt\/index.php\/wp-json\/wp\/v2\/posts\/1860\/revisions"}],"wp:featuredmedia":[{"embeddable":true,"href":"http:\/\/eautomobiliai.lt\/index.php\/wp-json\/wp\/v2\/media\/1861"}],"wp:attachment":[{"href":"http:\/\/eautomobiliai.lt\/index.php\/wp-json\/wp\/v2\/media?parent=1860"}],"wp:term":[{"taxonomy":"category","embeddable":true,"href":"http:\/\/eautomobiliai.lt\/index.php\/wp-json\/wp\/v2\/categories?post=1860"},{"taxonomy":"post_tag","embeddable":true,"href":"http:\/\/eautomobiliai.lt\/index.php\/wp-json\/wp\/v2\/tags?post=1860"}],"curies":[{"name":"wp","href":"https:\/\/api.w.org\/{rel}","templated":true}]}}