{"id":1872,"date":"2025-08-21T16:23:31","date_gmt":"2025-08-21T16:23:31","guid":{"rendered":"https:\/\/eautomobiliai.lt\/index.php\/2025\/08\/21\/mercedes-kreipiasi-i-didziausia-prabangu-konkurenta-nes-stengiasi-parduoti-evs\/"},"modified":"2025-08-21T16:23:31","modified_gmt":"2025-08-21T16:23:31","slug":"mercedes-kreipiasi-i-didziausia-prabangu-konkurenta-nes-stengiasi-parduoti-evs","status":"publish","type":"post","link":"http:\/\/eautomobiliai.lt\/index.php\/2025\/08\/21\/mercedes-kreipiasi-i-didziausia-prabangu-konkurenta-nes-stengiasi-parduoti-evs\/","title":{"rendered":"\u201eMercedes\u201c kreipiasi \u012f did\u017eiausi\u0105 prabang\u0173 konkurent\u0105, nes stengiasi parduoti EVS"},"content":{"rendered":"<p> <br \/>\n<\/p>\n<div>\n<figure class=\"img-border featured-image\">\n\t<\/figure>\n<p>Ar \u201eMercedes-Benz\u201c meta balt\u0105 v\u0117liav\u0105? \u201eMercedes\u201c derasi su did\u017eiausiu prabangos var\u017eovu d\u0117l galimo susiejimo, kuris gal\u0117t\u0173 visk\u0105 sukr\u0117sti.<\/p>\n<p><span id=\"more-430828\"\/><\/p>\n<div id=\"ez-toc-container\" class=\"ez-toc-v2_0_82_2 counter-hierarchy ez-toc-counter ez-toc-grey ez-toc-container-direction\">\n<div class=\"ez-toc-title-container\">\n<p class=\"ez-toc-title\" style=\"cursor:inherit\">Turinys:<\/p>\n<span class=\"ez-toc-title-toggle\"><a href=\"#\" class=\"ez-toc-pull-right ez-toc-btn ez-toc-btn-xs ez-toc-btn-default ez-toc-toggle\" aria-label=\"Toggle Table of Content\"><span class=\"ez-toc-js-icon-con\"><span class=\"\"><span class=\"eztoc-hide\" style=\"display:none;\">Toggle<\/span><span class=\"ez-toc-icon-toggle-span\"><svg style=\"fill: #999;color:#999\" xmlns=\"http:\/\/www.w3.org\/2000\/svg\" class=\"list-377408\" width=\"20px\" height=\"20px\" viewBox=\"0 0 24 24\" fill=\"none\"><path d=\"M6 6H4v2h2V6zm14 0H8v2h12V6zM4 11h2v2H4v-2zm16 0H8v2h12v-2zM4 16h2v2H4v-2zm16 0H8v2h12v-2z\" fill=\"currentColor\"><\/path><\/svg><svg style=\"fill: #999;color:#999\" class=\"arrow-unsorted-368013\" xmlns=\"http:\/\/www.w3.org\/2000\/svg\" width=\"10px\" height=\"10px\" viewBox=\"0 0 24 24\" version=\"1.2\" baseProfile=\"tiny\"><path d=\"M18.2 9.3l-6.2-6.3-6.2 6.3c-.2.2-.3.4-.3.7s.1.5.3.7c.2.2.4.3.7.3h11c.3 0 .5-.1.7-.3.2-.2.3-.5.3-.7s-.1-.5-.3-.7zM5.8 14.7l6.2 6.3 6.2-6.3c.2-.2.3-.5.3-.7s-.1-.5-.3-.7c-.2-.2-.4-.3-.7-.3h-11c-.3 0-.5.1-.7.3-.2.2-.3.5-.3.7s.1.5.3.7z\"\/><\/svg><\/span><\/span><\/span><\/a><\/span><\/div>\n<nav><ul class='ez-toc-list ez-toc-list-level-1 ' ><li class='ez-toc-page-1 ez-toc-heading-level-2'><a class=\"ez-toc-link ez-toc-heading-1\" href=\"http:\/\/eautomobiliai.lt\/index.php\/2025\/08\/21\/mercedes-kreipiasi-i-didziausia-prabangu-konkurenta-nes-stengiasi-parduoti-evs\/#%E2%80%9EMercedes%E2%80%9C_ir_%E2%80%9EBMW%E2%80%9C_komandoje_dalyvaus_prabangus_konkurentai\" >\u201eMercedes\u201c ir \u201eBMW\u201c komandoje dalyvaus prabang\u016bs konkurentai<\/a><\/li><li class='ez-toc-page-1 ez-toc-heading-level-2'><a class=\"ez-toc-link ez-toc-heading-2\" href=\"http:\/\/eautomobiliai.lt\/index.php\/2025\/08\/21\/mercedes-kreipiasi-i-didziausia-prabangu-konkurenta-nes-stengiasi-parduoti-evs\/#%E2%80%9EElectreks_Take%E2%80%9C\" >\u201eElectrek&#8217;s Take\u201c<\/a><\/li><\/ul><\/nav><\/div>\n<h2 class=\"wp-block-heading\" id=\"h-mercedes-and-bmw-team-up-to-take-on-luxury-rivals\"><span class=\"ez-toc-section\" id=\"%E2%80%9EMercedes%E2%80%9C_ir_%E2%80%9EBMW%E2%80%9C_komandoje_dalyvaus_prabangus_konkurentai\"><\/span>\u201eMercedes\u201c ir \u201eBMW\u201c komandoje dalyvaus prabang\u016bs konkurentai<span class=\"ez-toc-section-end\"><\/span><\/h2>\n<p>Net ir tur\u0117damas did\u017eiules nuolaidas, \u201eMercedes\u201c vis dar stengiasi parduoti elektrines transporto priemones. JAV prabangi\u0173 automobili\u0173 gamintoj\u0173 EV pardavimai per pirm\u0105j\u0105 2025 m. Pusmet\u012f padid\u0117jo 55%.<\/p>\n<p>EQE, EQB ir EQ pardavimai \u0161iais metais smarkiai suma\u017e\u0117jo, nes \u201eMercedes\u201c susiduria su nauj\u0173 prabangi\u0173 konkurent\u0173 antpl\u016bd\u017eiu. <\/p>\n<p>Europoje pad\u0117tis n\u0117ra daug geresn\u0117. Nauji \u201eMercedes\u201c automobili\u0173 registracijos suma\u017e\u0117jo 2% iki bir\u017eelio m\u0117n., Palyginti su tuo pa\u010diu laikotarpiu 2024 m.<\/p>\n<p>\t<span class=\"outbrain-ad-label\">Skelbimas &#8211; slinkite daugiau turinio<\/span><\/p>\n<p>Pagal nauj\u0105 Vokietijos prane\u0161im\u0105 <em>\u017durnalas \u201eManager\u201c<\/em>\u201eMercedes\u201c derasi su savo prabangiu konkurentu BMW, kad pad\u0117t\u0173 jam visk\u0105 pakeisti. \u0160i partneryst\u0117 apimt\u0173 \u201eMercedes\u201c, perkan\u010dius naujus keturi\u0173 cilindr\u0173 variklius i\u0161 BMW, kad b\u016bt\u0173 galima naudoti \u012fvairiose b\u016bsimose transporto priemon\u0117se.<\/p>\n<p>BMW varikliai gal\u0117t\u0173 b\u016bti naudojami viskam maitinti nuo CLA iki \u201eMercedes GLC\u201c, GLB, C klas\u0117s, E klas\u0117s ir dar daugiau.<\/p>\n<figure class=\"wp-block-image aligncenter size-large\"><img loading=\"lazy\" decoding=\"async\" height=\"512\" width=\"1024\" src=\"https:\/\/electrek.co\/wp-content\/uploads\/sites\/3\/2025\/07\/Mercedes-Benz-CLA-Shooting-Brake-EV-2.jpeg?quality=82&amp;strip=all&amp;w=1024\" alt=\"\u201eMercedes-Luxury\u201c konkurentas\" class=\"wp-image-424843\" srcset=\"https:\/\/electrek.co\/wp-content\/uploads\/sites\/3\/2025\/07\/Mercedes-Benz-CLA-Shooting-Brake-EV-2.jpeg 1400w, https:\/\/electrek.co\/wp-content\/uploads\/sites\/3\/2025\/07\/Mercedes-Benz-CLA-Shooting-Brake-EV-2.jpeg?resize=150,75 150w, https:\/\/electrek.co\/wp-content\/uploads\/sites\/3\/2025\/07\/Mercedes-Benz-CLA-Shooting-Brake-EV-2.jpeg?resize=300,150 300w, https:\/\/electrek.co\/wp-content\/uploads\/sites\/3\/2025\/07\/Mercedes-Benz-CLA-Shooting-Brake-EV-2.jpeg?resize=768,384 768w, https:\/\/electrek.co\/wp-content\/uploads\/sites\/3\/2025\/07\/Mercedes-Benz-CLA-Shooting-Brake-EV-2.jpeg?resize=1024,512 1024w, https:\/\/electrek.co\/wp-content\/uploads\/sites\/3\/2025\/07\/Mercedes-Benz-CLA-Shooting-Brake-EV-2.jpeg?resize=350,175 350w, https:\/\/electrek.co\/wp-content\/uploads\/sites\/3\/2025\/07\/Mercedes-Benz-CLA-Shooting-Brake-EV-2.jpeg?resize=140,70 140w, https:\/\/electrek.co\/wp-content\/uploads\/sites\/3\/2025\/07\/Mercedes-Benz-CLA-Shooting-Brake-EV-2.jpeg?resize=290,145 290w\" sizes=\"auto, (max-width: 1024px) 100vw, 1024px\"\/><figcaption class=\"wp-element-caption\">\u201eMercedes-Benz Cla\u201c \u0161audymo stabdys su \u201eEq\u201c technologija (\u0161altinis: \u201eMercedes-Benz\u201c)<\/figcaption><\/figure>\n<p>Tik\u0117tina, kad varikliai bus modifikuota keturi\u0173 cilindr\u0173 B48 variklio versija, kuri \u0161iuo metu maitina beveik visas BMW ir mini transporto priemones.<\/p>\n<p>\u0160altinis i\u0161 \u201eMercedes\u201c patvirtino galim\u0105 ry\u0161\u012f <em>Autocar<\/em>tvirtina, kad prabang\u016bs konkurentai jau yra v\u0117lyvame deryb\u0173 etape. Tikimasi oficialaus prane\u0161imo iki met\u0173 pabaigos.<\/p>\n<figure class=\"wp-block-image aligncenter size-large\"><img loading=\"lazy\" decoding=\"async\" height=\"512\" width=\"1024\" src=\"https:\/\/electrek.co\/wp-content\/uploads\/sites\/3\/2025\/07\/Mercedes-electric-GLC.jpeg?quality=82&amp;strip=all&amp;w=1024\" alt=\"\u201eMercedes-Luxury\u201c konkurentas\" class=\"wp-image-424365\" srcset=\"https:\/\/electrek.co\/wp-content\/uploads\/sites\/3\/2025\/07\/Mercedes-electric-GLC.jpeg 1400w, https:\/\/electrek.co\/wp-content\/uploads\/sites\/3\/2025\/07\/Mercedes-electric-GLC.jpeg?resize=150,75 150w, https:\/\/electrek.co\/wp-content\/uploads\/sites\/3\/2025\/07\/Mercedes-electric-GLC.jpeg?resize=300,150 300w, https:\/\/electrek.co\/wp-content\/uploads\/sites\/3\/2025\/07\/Mercedes-electric-GLC.jpeg?resize=768,384 768w, https:\/\/electrek.co\/wp-content\/uploads\/sites\/3\/2025\/07\/Mercedes-electric-GLC.jpeg?resize=1024,512 1024w, https:\/\/electrek.co\/wp-content\/uploads\/sites\/3\/2025\/07\/Mercedes-electric-GLC.jpeg?resize=350,175 350w, https:\/\/electrek.co\/wp-content\/uploads\/sites\/3\/2025\/07\/Mercedes-electric-GLC.jpeg?resize=140,70 140w, https:\/\/electrek.co\/wp-content\/uploads\/sites\/3\/2025\/07\/Mercedes-electric-GLC.jpeg?resize=290,145 290w\" sizes=\"auto, (max-width: 1024px) 100vw, 1024px\"\/><figcaption class=\"wp-element-caption\">\u201eMercedes-Benz\u201c generalinis direktorius Ola K\u00e4llenius su naujuoju GLC EV (\u0161altinis: \u201eMercedes-Benz\u201c)<\/figcaption><\/figure>\n<p>Potenciali partneryst\u0117 atsiranda nepaisant to, kad \u201eMercedes\u201c faz\u0117 yra naujame 1,5 l turbo variklyje, pagamintame Kinijoje. Nors jis tinka \u0161velniems hibridams, jis n\u0117ra tinkamas papildini\u0173 ar prat\u0119stos nuotolio transporto priemon\u0117ms.<\/p>\n<p>Jei ji taps oficiali, partneryst\u0117 gal\u0117t\u0173 i\u0161sipl\u0117sti \u012f daug daugiau. Ataskaitoje minima galima bendra variklio gamykla JAV, nes BMW ir \u201eMercedes\u201c siekia \u012fveikti naujus automatinius tarifus ant importuot\u0173 transporto priemoni\u0173.<\/p>\n<figure class=\"wp-block-image aligncenter size-large\"><img loading=\"lazy\" decoding=\"async\" height=\"512\" width=\"1024\" src=\"https:\/\/electrek.co\/wp-content\/uploads\/sites\/3\/2025\/08\/BMW-Tesla-new-iX3.jpeg?quality=82&amp;strip=all&amp;w=1024\" alt=\"BMW-New-SUV-EV\" class=\"wp-image-428183\" srcset=\"https:\/\/electrek.co\/wp-content\/uploads\/sites\/3\/2025\/08\/BMW-Tesla-new-iX3.jpeg 1400w, https:\/\/electrek.co\/wp-content\/uploads\/sites\/3\/2025\/08\/BMW-Tesla-new-iX3.jpeg?resize=150,75 150w, https:\/\/electrek.co\/wp-content\/uploads\/sites\/3\/2025\/08\/BMW-Tesla-new-iX3.jpeg?resize=300,150 300w, https:\/\/electrek.co\/wp-content\/uploads\/sites\/3\/2025\/08\/BMW-Tesla-new-iX3.jpeg?resize=768,384 768w, https:\/\/electrek.co\/wp-content\/uploads\/sites\/3\/2025\/08\/BMW-Tesla-new-iX3.jpeg?resize=1024,512 1024w, https:\/\/electrek.co\/wp-content\/uploads\/sites\/3\/2025\/08\/BMW-Tesla-new-iX3.jpeg?resize=350,175 350w, https:\/\/electrek.co\/wp-content\/uploads\/sites\/3\/2025\/08\/BMW-Tesla-new-iX3.jpeg?resize=140,70 140w, https:\/\/electrek.co\/wp-content\/uploads\/sites\/3\/2025\/08\/BMW-Tesla-new-iX3.jpeg?resize=290,145 290w\" sizes=\"auto, (max-width: 1024px) 100vw, 1024px\"\/><figcaption class=\"wp-element-caption\">Naujas BMW IX3 prototipas atliekant kelio bandym\u0105 (\u0161altinis: BMW)<\/figcaption><\/figure>\n<p>Tikimasi, kad \u201eMercedes\u201c kaltina \u201el\u0117tesn\u012f nei tik\u0117tasi\u201c EV paklaus\u0105, tikimasi, kad jis panaudos naujus savo prabangaus konkurento variklius, kad u\u017epildyt\u0173 sprag\u0105 PHEV ir EREV.<\/p>\n<h2 class=\"wp-block-heading\" id=\"h-electrek-s-take\"><span class=\"ez-toc-section\" id=\"%E2%80%9EElectreks_Take%E2%80%9C\"><\/span>\u201eElectrek&#8217;s Take\u201c<span class=\"ez-toc-section-end\"><\/span><\/h2>\n<p>Ar pamatysime, kad BMW ir \u201eMercedes\u201c partneryst\u0117 pl\u0117s \u012f elektrines transporto priemones? \u201eMercedes\u201c jau pristabd\u0117 u\u017esakymus JAV d\u0117l keli\u0173 EV modeli\u0173, \u012fskaitant \u201eElectric EQS \u200b\u200bSedan\u201c, \u201eEqs\u201c visureig\u012f, \u201eEqe Sedan\u201c ir \u201eEqe\u201c visureig\u012f.<\/p>\n<p>\u201eMercedes\u201c kaltino \u201edabartines rinkos s\u0105lygas\u201c. Nuo rugs\u0117jo 1 d. Bendrov\u0117 planuoja sustabdyti EQS ir EQE visureigio gamyb\u0105 savo gamykloje Alabamoje, kad gal\u0117t\u0173 parduoti JAV. Ta\u010diau tai bus toliau kurti modelius, skirtas parduoti u\u017esienyje.<\/p>\n<p>Tuo tarpu prabangos automobili\u0173 gamintojas ruo\u0161iasi savo \u201edid\u017eiausiam produkto puolimui\u201c \u012fmon\u0117s istorijoje. 2026 m. CLA i\u0161sisuko, o \u201eMercedes\u201c kit\u0105 m\u0117nes\u012f Miuncheno automobili\u0173 parodoje pristatys nauj\u0105j\u012f GLC EV.<\/p>\n<p>Neb\u016bt\u0173 visi\u0161kas \u0161okas, kai abu partneriai priima EV lyderius, tokius kaip BYD ir Tesla visame pasaulyje. Greitai tur\u0117tume su\u017einoti daugiau. Patikrinkite, ar n\u0117ra naujausi\u0173.<\/p>\n<div class=\"ad-disclaimer-container\">\n<p class=\"disclaimer-affiliate\"><em>FPK: Mes naudojame pajamas gaunan\u010dias automatinio filialo nuorodas.<\/em> Daugiau.<\/p>\n<p><!-- post ad --><\/div>\n<\/p><\/div>\n<p><br \/>\n<br \/><a href=\"https:\/\/electrek.co\/2025\/08\/21\/mercedes-turns-to-biggest-luxury-rival-as-it-struggles-to-sell-evs\/\">Source link <\/a><\/p>\n","protected":false},"excerpt":{"rendered":"<p>Ar \u201eMercedes-Benz\u201c meta balt\u0105 v\u0117liav\u0105? \u201eMercedes\u201c derasi su did\u017eiausiu prabangos var\u017eovu d\u0117l galimo susiejimo, kuris gal\u0117t\u0173 visk\u0105 sukr\u0117sti. \u201eMercedes\u201c ir&hellip;<\/p>\n","protected":false},"author":1,"featured_media":1640,"comment_status":"open","ping_status":"open","sticky":false,"template":"","format":"standard","meta":{"om_disable_all_campaigns":false,"_monsterinsights_skip_tracking":false,"_monsterinsights_sitenote_active":false,"_monsterinsights_sitenote_note":"","_monsterinsights_sitenote_category":0,"footnotes":""},"categories":[8],"tags":[1221,369,3439,1687,2609,116,1638,80,3440],"class_list":["post-1872","post","type-post","status-publish","format-standard","has-post-thumbnail","hentry","category-elektriniai-automobiliai","tag-didziausia","tag-evs","tag-konkurenta","tag-kreipiasi","tag-mercedes","tag-nes","tag-parduoti","tag-prabangu","tag-stengiasi"],"aioseo_notices":[],"yoast_head":"<!-- This site is optimized with the Yoast SEO plugin v26.8 - https:\/\/yoast.com\/product\/yoast-seo-wordpress\/ -->\n<title>\u201eMercedes\u201c kreipiasi \u012f did\u017eiausi\u0105 prabang\u0173 konkurent\u0105, nes stengiasi parduoti EVS - Eautomobiliai.lt<\/title>\n<meta name=\"robots\" content=\"index, follow, max-snippet:-1, max-image-preview:large, max-video-preview:-1\" \/>\n<link rel=\"canonical\" href=\"http:\/\/eautomobiliai.lt\/index.php\/2025\/08\/21\/mercedes-kreipiasi-i-didziausia-prabangu-konkurenta-nes-stengiasi-parduoti-evs\/\" \/>\n<meta property=\"og:locale\" content=\"lt_LT\" \/>\n<meta property=\"og:type\" content=\"article\" \/>\n<meta property=\"og:title\" content=\"\u201eMercedes\u201c kreipiasi \u012f did\u017eiausi\u0105 prabang\u0173 konkurent\u0105, nes stengiasi parduoti EVS - Eautomobiliai.lt\" \/>\n<meta property=\"og:description\" content=\"Ar \u201eMercedes-Benz\u201c meta balt\u0105 v\u0117liav\u0105? \u201eMercedes\u201c derasi su did\u017eiausiu prabangos var\u017eovu d\u0117l galimo susiejimo, kuris gal\u0117t\u0173 visk\u0105 sukr\u0117sti. \u201eMercedes\u201c ir&hellip;\" \/>\n<meta property=\"og:url\" content=\"http:\/\/eautomobiliai.lt\/index.php\/2025\/08\/21\/mercedes-kreipiasi-i-didziausia-prabangu-konkurenta-nes-stengiasi-parduoti-evs\/\" \/>\n<meta property=\"og:site_name\" content=\"Eautomobiliai.lt\" \/>\n<meta property=\"article:published_time\" content=\"2025-08-21T16:23:31+00:00\" \/>\n<meta property=\"og:image\" content=\"http:\/\/eautomobiliai.lt\/wp-content\/uploads\/2025\/07\/\u201eMercedes-tiesiog-pristabde-EV-uzsakymus-JAV.jpeg\" \/>\n\t<meta property=\"og:image:width\" content=\"1200\" \/>\n\t<meta property=\"og:image:height\" content=\"628\" \/>\n\t<meta property=\"og:image:type\" content=\"image\/jpeg\" \/>\n<meta name=\"author\" content=\"admin\" \/>\n<meta name=\"twitter:card\" content=\"summary_large_image\" \/>\n<meta name=\"twitter:label1\" content=\"Written by\" \/>\n\t<meta name=\"twitter:data1\" content=\"admin\" \/>\n\t<meta name=\"twitter:label2\" content=\"Est. reading time\" \/>\n\t<meta name=\"twitter:data2\" content=\"2 minut\u0117s\" \/>\n<script type=\"application\/ld+json\" class=\"yoast-schema-graph\">{\"@context\":\"https:\/\/schema.org\",\"@graph\":[{\"@type\":\"Article\",\"@id\":\"http:\/\/eautomobiliai.lt\/index.php\/2025\/08\/21\/mercedes-kreipiasi-i-didziausia-prabangu-konkurenta-nes-stengiasi-parduoti-evs\/#article\",\"isPartOf\":{\"@id\":\"http:\/\/eautomobiliai.lt\/index.php\/2025\/08\/21\/mercedes-kreipiasi-i-didziausia-prabangu-konkurenta-nes-stengiasi-parduoti-evs\/\"},\"author\":{\"name\":\"admin\",\"@id\":\"https:\/\/eautomobiliai.lt\/#\/schema\/person\/ecf2a967f361217d056061f74deb92f2\"},\"headline\":\"\u201eMercedes\u201c kreipiasi \u012f did\u017eiausi\u0105 prabang\u0173 konkurent\u0105, nes stengiasi parduoti EVS\",\"datePublished\":\"2025-08-21T16:23:31+00:00\",\"mainEntityOfPage\":{\"@id\":\"http:\/\/eautomobiliai.lt\/index.php\/2025\/08\/21\/mercedes-kreipiasi-i-didziausia-prabangu-konkurenta-nes-stengiasi-parduoti-evs\/\"},\"wordCount\":503,\"commentCount\":0,\"image\":{\"@id\":\"http:\/\/eautomobiliai.lt\/index.php\/2025\/08\/21\/mercedes-kreipiasi-i-didziausia-prabangu-konkurenta-nes-stengiasi-parduoti-evs\/#primaryimage\"},\"thumbnailUrl\":\"http:\/\/eautomobiliai.lt\/wp-content\/uploads\/2025\/07\/\u201eMercedes-tiesiog-pristabde-EV-uzsakymus-JAV.jpeg\",\"keywords\":[\"did\u017eiausia\",\"EVS\",\"konkurent\u0105\",\"kreipiasi\",\"Mercedes\",\"nes\",\"parduoti\",\"prabang\u0173\",\"stengiasi\"],\"articleSection\":[\"ELEKTRINIAI AUTOMOBILIAI\"],\"inLanguage\":\"lt-LT\",\"potentialAction\":[{\"@type\":\"CommentAction\",\"name\":\"Comment\",\"target\":[\"http:\/\/eautomobiliai.lt\/index.php\/2025\/08\/21\/mercedes-kreipiasi-i-didziausia-prabangu-konkurenta-nes-stengiasi-parduoti-evs\/#respond\"]}]},{\"@type\":\"WebPage\",\"@id\":\"http:\/\/eautomobiliai.lt\/index.php\/2025\/08\/21\/mercedes-kreipiasi-i-didziausia-prabangu-konkurenta-nes-stengiasi-parduoti-evs\/\",\"url\":\"http:\/\/eautomobiliai.lt\/index.php\/2025\/08\/21\/mercedes-kreipiasi-i-didziausia-prabangu-konkurenta-nes-stengiasi-parduoti-evs\/\",\"name\":\"\u201eMercedes\u201c kreipiasi \u012f did\u017eiausi\u0105 prabang\u0173 konkurent\u0105, nes stengiasi parduoti EVS - Eautomobiliai.lt\",\"isPartOf\":{\"@id\":\"https:\/\/eautomobiliai.lt\/#website\"},\"primaryImageOfPage\":{\"@id\":\"http:\/\/eautomobiliai.lt\/index.php\/2025\/08\/21\/mercedes-kreipiasi-i-didziausia-prabangu-konkurenta-nes-stengiasi-parduoti-evs\/#primaryimage\"},\"image\":{\"@id\":\"http:\/\/eautomobiliai.lt\/index.php\/2025\/08\/21\/mercedes-kreipiasi-i-didziausia-prabangu-konkurenta-nes-stengiasi-parduoti-evs\/#primaryimage\"},\"thumbnailUrl\":\"http:\/\/eautomobiliai.lt\/wp-content\/uploads\/2025\/07\/\u201eMercedes-tiesiog-pristabde-EV-uzsakymus-JAV.jpeg\",\"datePublished\":\"2025-08-21T16:23:31+00:00\",\"author\":{\"@id\":\"https:\/\/eautomobiliai.lt\/#\/schema\/person\/ecf2a967f361217d056061f74deb92f2\"},\"breadcrumb\":{\"@id\":\"http:\/\/eautomobiliai.lt\/index.php\/2025\/08\/21\/mercedes-kreipiasi-i-didziausia-prabangu-konkurenta-nes-stengiasi-parduoti-evs\/#breadcrumb\"},\"inLanguage\":\"lt-LT\",\"potentialAction\":[{\"@type\":\"ReadAction\",\"target\":[\"http:\/\/eautomobiliai.lt\/index.php\/2025\/08\/21\/mercedes-kreipiasi-i-didziausia-prabangu-konkurenta-nes-stengiasi-parduoti-evs\/\"]}]},{\"@type\":\"ImageObject\",\"inLanguage\":\"lt-LT\",\"@id\":\"http:\/\/eautomobiliai.lt\/index.php\/2025\/08\/21\/mercedes-kreipiasi-i-didziausia-prabangu-konkurenta-nes-stengiasi-parduoti-evs\/#primaryimage\",\"url\":\"http:\/\/eautomobiliai.lt\/wp-content\/uploads\/2025\/07\/\u201eMercedes-tiesiog-pristabde-EV-uzsakymus-JAV.jpeg\",\"contentUrl\":\"http:\/\/eautomobiliai.lt\/wp-content\/uploads\/2025\/07\/\u201eMercedes-tiesiog-pristabde-EV-uzsakymus-JAV.jpeg\",\"width\":1200,\"height\":628},{\"@type\":\"BreadcrumbList\",\"@id\":\"http:\/\/eautomobiliai.lt\/index.php\/2025\/08\/21\/mercedes-kreipiasi-i-didziausia-prabangu-konkurenta-nes-stengiasi-parduoti-evs\/#breadcrumb\",\"itemListElement\":[{\"@type\":\"ListItem\",\"position\":1,\"name\":\"Home\",\"item\":\"https:\/\/eautomobiliai.lt\/\"},{\"@type\":\"ListItem\",\"position\":2,\"name\":\"\u201eMercedes\u201c kreipiasi \u012f did\u017eiausi\u0105 prabang\u0173 konkurent\u0105, nes stengiasi parduoti EVS\"}]},{\"@type\":\"WebSite\",\"@id\":\"https:\/\/eautomobiliai.lt\/#website\",\"url\":\"https:\/\/eautomobiliai.lt\/\",\"name\":\"Eautomobiliai.lt\",\"description\":\"Elektrinis transportas, technologijos\",\"potentialAction\":[{\"@type\":\"SearchAction\",\"target\":{\"@type\":\"EntryPoint\",\"urlTemplate\":\"https:\/\/eautomobiliai.lt\/?s={search_term_string}\"},\"query-input\":{\"@type\":\"PropertyValueSpecification\",\"valueRequired\":true,\"valueName\":\"search_term_string\"}}],\"inLanguage\":\"lt-LT\"},{\"@type\":\"Person\",\"@id\":\"https:\/\/eautomobiliai.lt\/#\/schema\/person\/ecf2a967f361217d056061f74deb92f2\",\"name\":\"admin\",\"image\":{\"@type\":\"ImageObject\",\"inLanguage\":\"lt-LT\",\"@id\":\"https:\/\/eautomobiliai.lt\/#\/schema\/person\/image\/\",\"url\":\"https:\/\/secure.gravatar.com\/avatar\/6323379efae0c70c686c7905444d6bbd?s=96&d=mm&r=g\",\"contentUrl\":\"https:\/\/secure.gravatar.com\/avatar\/6323379efae0c70c686c7905444d6bbd?s=96&d=mm&r=g\",\"caption\":\"admin\"},\"sameAs\":[\"http:\/\/eautomobiliai.lt\"],\"url\":\"http:\/\/eautomobiliai.lt\/index.php\/author\/admin\/\"}]}<\/script>\n<!-- \/ Yoast SEO plugin. -->","yoast_head_json":{"title":"\u201eMercedes\u201c kreipiasi \u012f did\u017eiausi\u0105 prabang\u0173 konkurent\u0105, nes stengiasi parduoti EVS - Eautomobiliai.lt","robots":{"index":"index","follow":"follow","max-snippet":"max-snippet:-1","max-image-preview":"max-image-preview:large","max-video-preview":"max-video-preview:-1"},"canonical":"http:\/\/eautomobiliai.lt\/index.php\/2025\/08\/21\/mercedes-kreipiasi-i-didziausia-prabangu-konkurenta-nes-stengiasi-parduoti-evs\/","og_locale":"lt_LT","og_type":"article","og_title":"\u201eMercedes\u201c kreipiasi \u012f did\u017eiausi\u0105 prabang\u0173 konkurent\u0105, nes stengiasi parduoti EVS - Eautomobiliai.lt","og_description":"Ar \u201eMercedes-Benz\u201c meta balt\u0105 v\u0117liav\u0105? \u201eMercedes\u201c derasi su did\u017eiausiu prabangos var\u017eovu d\u0117l galimo susiejimo, kuris gal\u0117t\u0173 visk\u0105 sukr\u0117sti. \u201eMercedes\u201c ir&hellip;","og_url":"http:\/\/eautomobiliai.lt\/index.php\/2025\/08\/21\/mercedes-kreipiasi-i-didziausia-prabangu-konkurenta-nes-stengiasi-parduoti-evs\/","og_site_name":"Eautomobiliai.lt","article_published_time":"2025-08-21T16:23:31+00:00","og_image":[{"width":1200,"height":628,"url":"http:\/\/eautomobiliai.lt\/wp-content\/uploads\/2025\/07\/\u201eMercedes-tiesiog-pristabde-EV-uzsakymus-JAV.jpeg","type":"image\/jpeg"}],"author":"admin","twitter_card":"summary_large_image","twitter_misc":{"Written by":"admin","Est. reading time":"2 minut\u0117s"},"schema":{"@context":"https:\/\/schema.org","@graph":[{"@type":"Article","@id":"http:\/\/eautomobiliai.lt\/index.php\/2025\/08\/21\/mercedes-kreipiasi-i-didziausia-prabangu-konkurenta-nes-stengiasi-parduoti-evs\/#article","isPartOf":{"@id":"http:\/\/eautomobiliai.lt\/index.php\/2025\/08\/21\/mercedes-kreipiasi-i-didziausia-prabangu-konkurenta-nes-stengiasi-parduoti-evs\/"},"author":{"name":"admin","@id":"https:\/\/eautomobiliai.lt\/#\/schema\/person\/ecf2a967f361217d056061f74deb92f2"},"headline":"\u201eMercedes\u201c kreipiasi \u012f did\u017eiausi\u0105 prabang\u0173 konkurent\u0105, nes stengiasi parduoti EVS","datePublished":"2025-08-21T16:23:31+00:00","mainEntityOfPage":{"@id":"http:\/\/eautomobiliai.lt\/index.php\/2025\/08\/21\/mercedes-kreipiasi-i-didziausia-prabangu-konkurenta-nes-stengiasi-parduoti-evs\/"},"wordCount":503,"commentCount":0,"image":{"@id":"http:\/\/eautomobiliai.lt\/index.php\/2025\/08\/21\/mercedes-kreipiasi-i-didziausia-prabangu-konkurenta-nes-stengiasi-parduoti-evs\/#primaryimage"},"thumbnailUrl":"http:\/\/eautomobiliai.lt\/wp-content\/uploads\/2025\/07\/\u201eMercedes-tiesiog-pristabde-EV-uzsakymus-JAV.jpeg","keywords":["did\u017eiausia","EVS","konkurent\u0105","kreipiasi","Mercedes","nes","parduoti","prabang\u0173","stengiasi"],"articleSection":["ELEKTRINIAI AUTOMOBILIAI"],"inLanguage":"lt-LT","potentialAction":[{"@type":"CommentAction","name":"Comment","target":["http:\/\/eautomobiliai.lt\/index.php\/2025\/08\/21\/mercedes-kreipiasi-i-didziausia-prabangu-konkurenta-nes-stengiasi-parduoti-evs\/#respond"]}]},{"@type":"WebPage","@id":"http:\/\/eautomobiliai.lt\/index.php\/2025\/08\/21\/mercedes-kreipiasi-i-didziausia-prabangu-konkurenta-nes-stengiasi-parduoti-evs\/","url":"http:\/\/eautomobiliai.lt\/index.php\/2025\/08\/21\/mercedes-kreipiasi-i-didziausia-prabangu-konkurenta-nes-stengiasi-parduoti-evs\/","name":"\u201eMercedes\u201c kreipiasi \u012f did\u017eiausi\u0105 prabang\u0173 konkurent\u0105, nes stengiasi parduoti EVS - Eautomobiliai.lt","isPartOf":{"@id":"https:\/\/eautomobiliai.lt\/#website"},"primaryImageOfPage":{"@id":"http:\/\/eautomobiliai.lt\/index.php\/2025\/08\/21\/mercedes-kreipiasi-i-didziausia-prabangu-konkurenta-nes-stengiasi-parduoti-evs\/#primaryimage"},"image":{"@id":"http:\/\/eautomobiliai.lt\/index.php\/2025\/08\/21\/mercedes-kreipiasi-i-didziausia-prabangu-konkurenta-nes-stengiasi-parduoti-evs\/#primaryimage"},"thumbnailUrl":"http:\/\/eautomobiliai.lt\/wp-content\/uploads\/2025\/07\/\u201eMercedes-tiesiog-pristabde-EV-uzsakymus-JAV.jpeg","datePublished":"2025-08-21T16:23:31+00:00","author":{"@id":"https:\/\/eautomobiliai.lt\/#\/schema\/person\/ecf2a967f361217d056061f74deb92f2"},"breadcrumb":{"@id":"http:\/\/eautomobiliai.lt\/index.php\/2025\/08\/21\/mercedes-kreipiasi-i-didziausia-prabangu-konkurenta-nes-stengiasi-parduoti-evs\/#breadcrumb"},"inLanguage":"lt-LT","potentialAction":[{"@type":"ReadAction","target":["http:\/\/eautomobiliai.lt\/index.php\/2025\/08\/21\/mercedes-kreipiasi-i-didziausia-prabangu-konkurenta-nes-stengiasi-parduoti-evs\/"]}]},{"@type":"ImageObject","inLanguage":"lt-LT","@id":"http:\/\/eautomobiliai.lt\/index.php\/2025\/08\/21\/mercedes-kreipiasi-i-didziausia-prabangu-konkurenta-nes-stengiasi-parduoti-evs\/#primaryimage","url":"http:\/\/eautomobiliai.lt\/wp-content\/uploads\/2025\/07\/\u201eMercedes-tiesiog-pristabde-EV-uzsakymus-JAV.jpeg","contentUrl":"http:\/\/eautomobiliai.lt\/wp-content\/uploads\/2025\/07\/\u201eMercedes-tiesiog-pristabde-EV-uzsakymus-JAV.jpeg","width":1200,"height":628},{"@type":"BreadcrumbList","@id":"http:\/\/eautomobiliai.lt\/index.php\/2025\/08\/21\/mercedes-kreipiasi-i-didziausia-prabangu-konkurenta-nes-stengiasi-parduoti-evs\/#breadcrumb","itemListElement":[{"@type":"ListItem","position":1,"name":"Home","item":"https:\/\/eautomobiliai.lt\/"},{"@type":"ListItem","position":2,"name":"\u201eMercedes\u201c kreipiasi \u012f did\u017eiausi\u0105 prabang\u0173 konkurent\u0105, nes stengiasi parduoti EVS"}]},{"@type":"WebSite","@id":"https:\/\/eautomobiliai.lt\/#website","url":"https:\/\/eautomobiliai.lt\/","name":"Eautomobiliai.lt","description":"Elektrinis transportas, technologijos","potentialAction":[{"@type":"SearchAction","target":{"@type":"EntryPoint","urlTemplate":"https:\/\/eautomobiliai.lt\/?s={search_term_string}"},"query-input":{"@type":"PropertyValueSpecification","valueRequired":true,"valueName":"search_term_string"}}],"inLanguage":"lt-LT"},{"@type":"Person","@id":"https:\/\/eautomobiliai.lt\/#\/schema\/person\/ecf2a967f361217d056061f74deb92f2","name":"admin","image":{"@type":"ImageObject","inLanguage":"lt-LT","@id":"https:\/\/eautomobiliai.lt\/#\/schema\/person\/image\/","url":"https:\/\/secure.gravatar.com\/avatar\/6323379efae0c70c686c7905444d6bbd?s=96&d=mm&r=g","contentUrl":"https:\/\/secure.gravatar.com\/avatar\/6323379efae0c70c686c7905444d6bbd?s=96&d=mm&r=g","caption":"admin"},"sameAs":["http:\/\/eautomobiliai.lt"],"url":"http:\/\/eautomobiliai.lt\/index.php\/author\/admin\/"}]}},"_links":{"self":[{"href":"http:\/\/eautomobiliai.lt\/index.php\/wp-json\/wp\/v2\/posts\/1872","targetHints":{"allow":["GET"]}}],"collection":[{"href":"http:\/\/eautomobiliai.lt\/index.php\/wp-json\/wp\/v2\/posts"}],"about":[{"href":"http:\/\/eautomobiliai.lt\/index.php\/wp-json\/wp\/v2\/types\/post"}],"author":[{"embeddable":true,"href":"http:\/\/eautomobiliai.lt\/index.php\/wp-json\/wp\/v2\/users\/1"}],"replies":[{"embeddable":true,"href":"http:\/\/eautomobiliai.lt\/index.php\/wp-json\/wp\/v2\/comments?post=1872"}],"version-history":[{"count":0,"href":"http:\/\/eautomobiliai.lt\/index.php\/wp-json\/wp\/v2\/posts\/1872\/revisions"}],"wp:featuredmedia":[{"embeddable":true,"href":"http:\/\/eautomobiliai.lt\/index.php\/wp-json\/wp\/v2\/media\/1640"}],"wp:attachment":[{"href":"http:\/\/eautomobiliai.lt\/index.php\/wp-json\/wp\/v2\/media?parent=1872"}],"wp:term":[{"taxonomy":"category","embeddable":true,"href":"http:\/\/eautomobiliai.lt\/index.php\/wp-json\/wp\/v2\/categories?post=1872"},{"taxonomy":"post_tag","embeddable":true,"href":"http:\/\/eautomobiliai.lt\/index.php\/wp-json\/wp\/v2\/tags?post=1872"}],"curies":[{"name":"wp","href":"https:\/\/api.w.org\/{rel}","templated":true}]}}