{"id":1970,"date":"2025-08-30T21:00:48","date_gmt":"2025-08-30T21:00:48","guid":{"rendered":"http:\/\/eautomobiliai.lt\/index.php\/2025\/08\/30\/tesla-paleidzia-nauja-greiciau-geriau-tvarkantis-top-spec-modelio-y-varianta\/"},"modified":"2025-08-30T21:00:48","modified_gmt":"2025-08-30T21:00:48","slug":"tesla-paleidzia-nauja-greiciau-geriau-tvarkantis-top-spec-modelio-y-varianta","status":"publish","type":"post","link":"http:\/\/eautomobiliai.lt\/index.php\/2025\/08\/30\/tesla-paleidzia-nauja-greiciau-geriau-tvarkantis-top-spec-modelio-y-varianta\/","title":{"rendered":"\u201eTesla\u201c paleid\u017eia nauj\u0105 grei\u010diau, geriau tvarkantis \u201eTop-Spec\u201c modelio Y variant\u0105"},"content":{"rendered":"<p> <br \/>\n<\/p>\n<div id=\"\">\n<p><span style=\"font-weight: 400;\">Sausio m\u0117n. \u201eTesla\u201c pristat\u0117 geriausiai parduodamo automobilio pasaulyje \u201eModel Y Electric\u201c visureig\u012f. Tuo metu savininkams buvo galima \u012fsigyti tik du variantus-vieno motorinio RWD ir dvigubo motorinio AWD, o na\u0161umo variantas tr\u016bksta.<\/span><\/p>\n<p><span style=\"font-weight: 400;\">Dabar Europoje pasirod\u0117 grei\u010diausias \u201eTesla\u201c visureigis, orientuotas \u012f efektyvum\u0105, kai kurie netgi perne\u0161\u0117 i\u0161 neseniai Kinijoje i\u0161leisto modelio \u201eYL 6-Seater\u201c.<\/span><\/p>\n<p><span style=\"font-weight: 400;\">\u201eX\u201c \u012fra\u0161e \u201eTesla Europe\u201c ir Vidurini\u0173j\u0173 Ryt\u0173 s\u0105skaitoje pasidalino naujojo \u201eTop-SPEC\u201c modelio Y varianto informacija, pradedant nuo kainos, kuri, tokiose de\u0161in\u0117s pus\u0117s rinkose kaip JK, kainuoja apie A20 000 USD, vir\u0161ijant tolimojo nuotolio AWD variant\u0105. <\/span><\/p>\n<p><span style=\"font-weight: 400;\">Pagrindiniai atnaujinimai pagal \u201eTesla\u201c JK konfig\u016bratori\u0173 naujajame \u201ePerformance AWD\u201c variante yra:<\/span><\/p>\n<ul>\n<li style=\"font-weight: 400;\"><span style=\"font-weight: 400;\">Naujas i\u0161or\u0117s dizainas<\/span><\/li>\n<li style=\"font-weight: 400;\"><span style=\"font-weight: 400;\">Nauja na\u0161umo j\u0117gos pavara<\/span><\/li>\n<li style=\"font-weight: 400;\"><span style=\"font-weight: 400;\">Adaptyv\u016bs pakabos ir unikal\u016bs disko re\u017eimai<\/span><\/li>\n<li style=\"font-weight: 400;\"><span style=\"font-weight: 400;\">21 \u2033 arachnid 2.0 ratai<\/span><\/li>\n<li style=\"font-weight: 400;\"><span style=\"font-weight: 400;\">Anglies pluo\u0161to interjero apdaila<\/span><\/li>\n<li style=\"font-weight: 400;\"><span style=\"font-weight: 400;\">16 \u2033 pirmosios eil\u0117s QHD jutiklinis ekranas<\/span><\/li>\n<li style=\"font-weight: 400;\"><span style=\"font-weight: 400;\">Pirmosios eil\u0117s sportin\u0117s s\u0117dyn\u0117s su \u0161laun\u0173 prat\u0119simu, \u0161ildymu ir ventiliacija<\/span><\/li>\n<\/ul>\n<p><span style=\"font-weight: 400;\">Diapazono priekyje naujojo \u201eY\u201c modelio na\u0161umas mato 580 km diapazono, kuris yra didesnis nei ankstesnis 514 km na\u0161umo variantas.<\/span><\/p>\n<p><span style=\"font-weight: 400;\">Pagreitis taip pat buvo patobulintas, dabar pasiektas 3,5 sekund\u0117s 0\u2013100 km\/h sprinte, ma\u017eesnis nei 3,7 sekund\u0117s.<\/span><\/p>\n<figure id=\"attachment_190181\" aria-describedby=\"caption-attachment-190181\" style=\"width: 1200px\" class=\"wp-caption aligncenter\"><img loading=\"lazy\" decoding=\"async\" class=\"size-full wp-image-190181\" src=\"https:\/\/thedriven.io\/wp-content\/uploads\/2025\/08\/Tesa-Model-Y-Performance-Front.jpg\" alt=\"\" width=\"1200\" height=\"675\" srcset=\"https:\/\/thedriven.io\/wp-content\/uploads\/2025\/08\/Tesa-Model-Y-Performance-Front.jpg 1200w, https:\/\/thedriven.io\/wp-content\/uploads\/2025\/08\/Tesa-Model-Y-Performance-Front-388x218.jpg 388w, https:\/\/thedriven.io\/wp-content\/uploads\/2025\/08\/Tesa-Model-Y-Performance-Front-1160x653.jpg 1160w, https:\/\/thedriven.io\/wp-content\/uploads\/2025\/08\/Tesa-Model-Y-Performance-Front-800x450.jpg 800w, https:\/\/thedriven.io\/wp-content\/uploads\/2025\/08\/Tesa-Model-Y-Performance-Front-120x68.jpg 120w, https:\/\/thedriven.io\/wp-content\/uploads\/2025\/08\/Tesa-Model-Y-Performance-Front-90x51.jpg 90w, https:\/\/thedriven.io\/wp-content\/uploads\/2025\/08\/Tesa-Model-Y-Performance-Front-320x180.jpg 320w, https:\/\/thedriven.io\/wp-content\/uploads\/2025\/08\/Tesa-Model-Y-Performance-Front-560x315.jpg 560w, https:\/\/thedriven.io\/wp-content\/uploads\/2025\/08\/Tesa-Model-Y-Performance-Front-150x84.jpg 150w, https:\/\/thedriven.io\/wp-content\/uploads\/2025\/08\/Tesa-Model-Y-Performance-Front-240x135.jpg 240w, https:\/\/thedriven.io\/wp-content\/uploads\/2025\/08\/Tesa-Model-Y-Performance-Front-180x101.jpg 180w, https:\/\/thedriven.io\/wp-content\/uploads\/2025\/08\/Tesa-Model-Y-Performance-Front-640x360.jpg 640w, https:\/\/thedriven.io\/wp-content\/uploads\/2025\/08\/Tesa-Model-Y-Performance-Front-1120x630.jpg 1120w, https:\/\/thedriven.io\/wp-content\/uploads\/2025\/08\/Tesa-Model-Y-Performance-Front-300x169.jpg 300w\" sizes=\"auto, (max-width: 1160px) 100vw, 1160px\"\/><figcaption id=\"caption-attachment-190181\" class=\"wp-caption-text\">Vaizdas: \u201eTesla Europe\u201c ir Viduriniai Rytai<\/figcaption><\/figure>\n<p><span style=\"font-weight: 400;\">Nauj\u0105 i\u0161orin\u012f dizain\u0105 sudaro naujas priekinis buferis su agresyvesne i\u0161vaizda, taip pat galinio anglies pluo\u0161to l\u016bp\u0173 spoileris.<\/span><\/p>\n<p>\u0160io varianto gale taip pat yra naujas juokingas \u017eenklelis, kuris pirm\u0105 kart\u0105 pasirod\u0117 \u201eTesla Model 3\u201c spektaklyje, kuris debiutavo 2024 m.<\/p>\n<p><span style=\"font-weight: 400;\">Buv\u0119 i\u0161or\u0117je, nauji 21 coli\u0173 ratai pakei\u010dia uberturbino ratus, rastus ant sen\u0173 automobili\u0173. \u0160ie ratai taip pat atrodo pana\u0161\u016bs \u012f 21 colio arachnidinius ratus i\u0161 \u201eTri-Motor Model S Plaid\u201c, iki \u0161iol grei\u010diausio \u201eTesla\u201c automobilio.<\/span><\/p>\n<figure id=\"attachment_190180\" aria-describedby=\"caption-attachment-190180\" style=\"width: 1200px\" class=\"wp-caption aligncenter\"><img decoding=\"async\" class=\"size-full wp-image-190180 native-lazyload-js-fallback\" alt=\"\" width=\"1200\" height=\"675\" loading=\"lazy\" src=\"https:\/\/b2232832.smushcdn.com\/2232832\/wp-content\/uploads\/2025\/08\/Tesa-Model-Y-Performance-Wheels.jpg?lossy=1&amp;strip=0&amp;webp=1\" srcset=\"https:\/\/b2232832.smushcdn.com\/2232832\/wp-content\/uploads\/2025\/08\/Tesa-Model-Y-Performance-Wheels.jpg?lossy=1&amp;strip=0&amp;webp=1 1200w, https:\/\/b2232832.smushcdn.com\/2232832\/wp-content\/uploads\/2025\/08\/Tesa-Model-Y-Performance-Wheels-388x218.jpg?lossy=1&amp;strip=0&amp;webp=1 388w, https:\/\/b2232832.smushcdn.com\/2232832\/wp-content\/uploads\/2025\/08\/Tesa-Model-Y-Performance-Wheels-1160x653.jpg?lossy=1&amp;strip=0&amp;webp=1 1160w, https:\/\/b2232832.smushcdn.com\/2232832\/wp-content\/uploads\/2025\/08\/Tesa-Model-Y-Performance-Wheels-800x450.jpg?lossy=1&amp;strip=0&amp;webp=1 800w, https:\/\/b2232832.smushcdn.com\/2232832\/wp-content\/uploads\/2025\/08\/Tesa-Model-Y-Performance-Wheels-120x68.jpg?lossy=1&amp;strip=0&amp;webp=1 120w, https:\/\/b2232832.smushcdn.com\/2232832\/wp-content\/uploads\/2025\/08\/Tesa-Model-Y-Performance-Wheels-90x51.jpg?lossy=1&amp;strip=0&amp;webp=1 90w, https:\/\/b2232832.smushcdn.com\/2232832\/wp-content\/uploads\/2025\/08\/Tesa-Model-Y-Performance-Wheels-320x180.jpg?lossy=1&amp;strip=0&amp;webp=1 320w, https:\/\/b2232832.smushcdn.com\/2232832\/wp-content\/uploads\/2025\/08\/Tesa-Model-Y-Performance-Wheels-560x315.jpg?lossy=1&amp;strip=0&amp;webp=1 560w, https:\/\/b2232832.smushcdn.com\/2232832\/wp-content\/uploads\/2025\/08\/Tesa-Model-Y-Performance-Wheels-150x84.jpg?lossy=1&amp;strip=0&amp;webp=1 150w, https:\/\/b2232832.smushcdn.com\/2232832\/wp-content\/uploads\/2025\/08\/Tesa-Model-Y-Performance-Wheels-240x135.jpg?lossy=1&amp;strip=0&amp;webp=1 240w, https:\/\/b2232832.smushcdn.com\/2232832\/wp-content\/uploads\/2025\/08\/Tesa-Model-Y-Performance-Wheels-180x101.jpg?lossy=1&amp;strip=0&amp;webp=1 180w, https:\/\/b2232832.smushcdn.com\/2232832\/wp-content\/uploads\/2025\/08\/Tesa-Model-Y-Performance-Wheels-640x360.jpg?lossy=1&amp;strip=0&amp;webp=1 640w, https:\/\/b2232832.smushcdn.com\/2232832\/wp-content\/uploads\/2025\/08\/Tesa-Model-Y-Performance-Wheels-1120x630.jpg?lossy=1&amp;strip=0&amp;webp=1 1120w, https:\/\/b2232832.smushcdn.com\/2232832\/wp-content\/uploads\/2025\/08\/Tesa-Model-Y-Performance-Wheels-300x169.jpg?lossy=1&amp;strip=0&amp;webp=1 300w\" data-sizes=\"(max-width: 1160px) 100vw, 1160px\"\/><img loading=\"lazy\" decoding=\"async\" class=\"size-full wp-image-190180\" src=\"https:\/\/thedriven.io\/wp-content\/uploads\/2025\/08\/Tesa-Model-Y-Performance-Wheels.jpg\" alt=\"\" width=\"1200\" height=\"675\" srcset=\"https:\/\/thedriven.io\/wp-content\/uploads\/2025\/08\/Tesa-Model-Y-Performance-Wheels.jpg 1200w, https:\/\/thedriven.io\/wp-content\/uploads\/2025\/08\/Tesa-Model-Y-Performance-Wheels-388x218.jpg 388w, https:\/\/thedriven.io\/wp-content\/uploads\/2025\/08\/Tesa-Model-Y-Performance-Wheels-1160x653.jpg 1160w, https:\/\/thedriven.io\/wp-content\/uploads\/2025\/08\/Tesa-Model-Y-Performance-Wheels-800x450.jpg 800w, https:\/\/thedriven.io\/wp-content\/uploads\/2025\/08\/Tesa-Model-Y-Performance-Wheels-120x68.jpg 120w, https:\/\/thedriven.io\/wp-content\/uploads\/2025\/08\/Tesa-Model-Y-Performance-Wheels-90x51.jpg 90w, https:\/\/thedriven.io\/wp-content\/uploads\/2025\/08\/Tesa-Model-Y-Performance-Wheels-320x180.jpg 320w, https:\/\/thedriven.io\/wp-content\/uploads\/2025\/08\/Tesa-Model-Y-Performance-Wheels-560x315.jpg 560w, https:\/\/thedriven.io\/wp-content\/uploads\/2025\/08\/Tesa-Model-Y-Performance-Wheels-150x84.jpg 150w, https:\/\/thedriven.io\/wp-content\/uploads\/2025\/08\/Tesa-Model-Y-Performance-Wheels-240x135.jpg 240w, https:\/\/thedriven.io\/wp-content\/uploads\/2025\/08\/Tesa-Model-Y-Performance-Wheels-180x101.jpg 180w, https:\/\/thedriven.io\/wp-content\/uploads\/2025\/08\/Tesa-Model-Y-Performance-Wheels-640x360.jpg 640w, https:\/\/thedriven.io\/wp-content\/uploads\/2025\/08\/Tesa-Model-Y-Performance-Wheels-1120x630.jpg 1120w, https:\/\/thedriven.io\/wp-content\/uploads\/2025\/08\/Tesa-Model-Y-Performance-Wheels-300x169.jpg 300w\" sizes=\"auto, (max-width: 1160px) 100vw, 1160px\"\/><figcaption id=\"caption-attachment-190180\" class=\"wp-caption-text\">Vaizdas: \u201eTesla Europe\u201c ir Viduriniai Rytai<\/figcaption><\/figure>\n<p><span style=\"font-weight: 400;\">Kaip ir \u201eModel 3\u201c na\u0161umas, naujajame \u201eModel Y\u201c yra adaptyvi pakabos ir pavaros re\u017eimai, si\u016blomi tik \u201eTop-Spec Tesla\u201c modeliuose.<\/span><\/p>\n<p><span style=\"font-weight: 400;\">Jame judant \u012f vid\u0173, jis pasi\u017eymi daugiau anglies pluo\u0161to ant br\u016bk\u0161nio, taip pat naujos sportin\u0117s s\u0117dyn\u0117s su geresn\u0117mis atramomis ir komforto savyb\u0117mis, tokiomis kaip \u0161ildymas ir ventiliacija.<\/span><\/p>\n<p><span style=\"font-weight: 400;\">Keista, bet modelio Y na\u0161umas pasi\u017eymi didesniu 16 coli\u0173 ekranu, rastu naujajame 6 viet\u0173 modelyje, kuris k\u0105 tik buvo i\u0161leistas Kinijoje. <\/span><span style=\"font-weight: 400;\">Tai pateikia u\u017euomin\u0173 apie tai, kas bus jo modelio sud\u0117tyje, nes ji vienu metu atnaujina kelis variantus.<\/span><\/p>\n<figure id=\"attachment_190179\" aria-describedby=\"caption-attachment-190179\" style=\"width: 1200px\" class=\"wp-caption aligncenter\"><img decoding=\"async\" class=\"size-full wp-image-190179 native-lazyload-js-fallback\" alt=\"\" width=\"1200\" height=\"675\" loading=\"lazy\" src=\"https:\/\/b2232832.smushcdn.com\/2232832\/wp-content\/uploads\/2025\/08\/Tesa-Model-Y-Performance-Seats.jpg?lossy=1&amp;strip=0&amp;webp=1\" srcset=\"https:\/\/b2232832.smushcdn.com\/2232832\/wp-content\/uploads\/2025\/08\/Tesa-Model-Y-Performance-Seats.jpg?lossy=1&amp;strip=0&amp;webp=1 1200w, https:\/\/b2232832.smushcdn.com\/2232832\/wp-content\/uploads\/2025\/08\/Tesa-Model-Y-Performance-Seats-388x218.jpg?lossy=1&amp;strip=0&amp;webp=1 388w, https:\/\/b2232832.smushcdn.com\/2232832\/wp-content\/uploads\/2025\/08\/Tesa-Model-Y-Performance-Seats-1160x653.jpg?lossy=1&amp;strip=0&amp;webp=1 1160w, https:\/\/b2232832.smushcdn.com\/2232832\/wp-content\/uploads\/2025\/08\/Tesa-Model-Y-Performance-Seats-800x450.jpg?lossy=1&amp;strip=0&amp;webp=1 800w, https:\/\/b2232832.smushcdn.com\/2232832\/wp-content\/uploads\/2025\/08\/Tesa-Model-Y-Performance-Seats-120x68.jpg?lossy=1&amp;strip=0&amp;webp=1 120w, https:\/\/b2232832.smushcdn.com\/2232832\/wp-content\/uploads\/2025\/08\/Tesa-Model-Y-Performance-Seats-90x51.jpg?lossy=1&amp;strip=0&amp;webp=1 90w, https:\/\/b2232832.smushcdn.com\/2232832\/wp-content\/uploads\/2025\/08\/Tesa-Model-Y-Performance-Seats-320x180.jpg?lossy=1&amp;strip=0&amp;webp=1 320w, https:\/\/b2232832.smushcdn.com\/2232832\/wp-content\/uploads\/2025\/08\/Tesa-Model-Y-Performance-Seats-560x315.jpg?lossy=1&amp;strip=0&amp;webp=1 560w, https:\/\/b2232832.smushcdn.com\/2232832\/wp-content\/uploads\/2025\/08\/Tesa-Model-Y-Performance-Seats-150x84.jpg?lossy=1&amp;strip=0&amp;webp=1 150w, https:\/\/b2232832.smushcdn.com\/2232832\/wp-content\/uploads\/2025\/08\/Tesa-Model-Y-Performance-Seats-240x135.jpg?lossy=1&amp;strip=0&amp;webp=1 240w, https:\/\/b2232832.smushcdn.com\/2232832\/wp-content\/uploads\/2025\/08\/Tesa-Model-Y-Performance-Seats-180x101.jpg?lossy=1&amp;strip=0&amp;webp=1 180w, https:\/\/b2232832.smushcdn.com\/2232832\/wp-content\/uploads\/2025\/08\/Tesa-Model-Y-Performance-Seats-640x360.jpg?lossy=1&amp;strip=0&amp;webp=1 640w, https:\/\/b2232832.smushcdn.com\/2232832\/wp-content\/uploads\/2025\/08\/Tesa-Model-Y-Performance-Seats-1120x630.jpg?lossy=1&amp;strip=0&amp;webp=1 1120w, https:\/\/b2232832.smushcdn.com\/2232832\/wp-content\/uploads\/2025\/08\/Tesa-Model-Y-Performance-Seats-300x169.jpg?lossy=1&amp;strip=0&amp;webp=1 300w\" data-sizes=\"(max-width: 1160px) 100vw, 1160px\"\/><img loading=\"lazy\" decoding=\"async\" class=\"size-full wp-image-190179\" src=\"https:\/\/thedriven.io\/wp-content\/uploads\/2025\/08\/Tesa-Model-Y-Performance-Seats.jpg\" alt=\"\" width=\"1200\" height=\"675\" srcset=\"https:\/\/thedriven.io\/wp-content\/uploads\/2025\/08\/Tesa-Model-Y-Performance-Seats.jpg 1200w, https:\/\/thedriven.io\/wp-content\/uploads\/2025\/08\/Tesa-Model-Y-Performance-Seats-388x218.jpg 388w, https:\/\/thedriven.io\/wp-content\/uploads\/2025\/08\/Tesa-Model-Y-Performance-Seats-1160x653.jpg 1160w, https:\/\/thedriven.io\/wp-content\/uploads\/2025\/08\/Tesa-Model-Y-Performance-Seats-800x450.jpg 800w, https:\/\/thedriven.io\/wp-content\/uploads\/2025\/08\/Tesa-Model-Y-Performance-Seats-120x68.jpg 120w, https:\/\/thedriven.io\/wp-content\/uploads\/2025\/08\/Tesa-Model-Y-Performance-Seats-90x51.jpg 90w, https:\/\/thedriven.io\/wp-content\/uploads\/2025\/08\/Tesa-Model-Y-Performance-Seats-320x180.jpg 320w, https:\/\/thedriven.io\/wp-content\/uploads\/2025\/08\/Tesa-Model-Y-Performance-Seats-560x315.jpg 560w, https:\/\/thedriven.io\/wp-content\/uploads\/2025\/08\/Tesa-Model-Y-Performance-Seats-150x84.jpg 150w, https:\/\/thedriven.io\/wp-content\/uploads\/2025\/08\/Tesa-Model-Y-Performance-Seats-240x135.jpg 240w, https:\/\/thedriven.io\/wp-content\/uploads\/2025\/08\/Tesa-Model-Y-Performance-Seats-180x101.jpg 180w, https:\/\/thedriven.io\/wp-content\/uploads\/2025\/08\/Tesa-Model-Y-Performance-Seats-640x360.jpg 640w, https:\/\/thedriven.io\/wp-content\/uploads\/2025\/08\/Tesa-Model-Y-Performance-Seats-1120x630.jpg 1120w, https:\/\/thedriven.io\/wp-content\/uploads\/2025\/08\/Tesa-Model-Y-Performance-Seats-300x169.jpg 300w\" sizes=\"auto, (max-width: 1160px) 100vw, 1160px\"\/><figcaption id=\"caption-attachment-190179\" class=\"wp-caption-text\">Vaizdas: \u201eTesla Europe\u201c ir Viduriniai Rytai<\/figcaption><\/figure>\n<p>Nauj\u0105 variant\u0105 taip pat galima \u012fsigyti keliose kitose Europos rinkose, u\u017esimenant apie galim\u0105 pastatymo gamykl\u0105 \u0161iam variantui &#8211; \u201eTesla\u201c \u201eGigafactory Berlin\u201c gamyklai.<\/p>\n<p><span style=\"font-weight: 400;\">Tikimasi, kad kain\u0173 nustatymo srityje naujasis \u201eY\u201c veiklos rezultatas bus ar\u010diau ankstesn\u0117s kartos automobilio, jos kainos bus apie 80 000 USD prie\u0161 kelio kel\u012f.<\/span><\/p>\n<p><span style=\"font-weight: 400;\">\u0160iuo metu m\u016bs\u0173 vietin\u0117je rinkoje pateiktas \u201eY\u201c modelis apima pradinio lygio RWD variant\u0105, kuris prasideda nuo 58 900 USD prie\u0161 kelio kel\u012f. <\/span><\/p>\n<div class=\"embed-twitter\">\n<blockquote class=\"twitter-tweet\" data-width=\"550\" data-dnt=\"true\">\n<p lang=\"en\" dir=\"ltr\">Susipa\u017einkite su nauju Y modelio na\u0161umu<\/p>\n<p>Sukurtas, kad b\u016bt\u0173 galima atlikti tok\u012f pat\u012f ger\u0105 j\u016bs\u0173 kasdien\u012f va\u017eiavim\u0105, kaip ir atvirame kelyje<\/p>\n<p>Transporto priemon\u0117s i\u0161or\u0117s atnaujinimai, kad b\u016bt\u0173 dar geresnis na\u0161umas<\/p>\n<p>&#8211; Nauja priekin\u0117 + galin\u0117 fascija ir anglies spoileris, kad b\u016bt\u0173 geresn\u0117 aerodinamika<\/p>\n<p>&#8211; Optimizuoti ratai ir\u2026 <a href=\"https:\/\/t.co\/Ox8YkRDpVX\">pic.twitter.com\/ox8ykrdpvx<\/a><\/p>\n<p>&#8211; \u201eTesla Europe\u201c ir Viduriniai Rytai (@TeslaeUrope) <a href=\"https:\/\/twitter.com\/teslaeurope\/status\/1961311692274692585?ref_src=twsrc%5Etfw\">2025 m. Rugpj\u016b\u010dio 29 d<\/a><\/p>\n<\/blockquote>\n<\/div>\n<p><span style=\"font-weight: 400;\">\u0160is variantas gali \u012fsib\u0117g\u0117ti nuo 0\u2013100 km\/h per 5,9 sekund\u0117s, tod\u0117l jis yra vienas grei\u010diausi\u0173 vieno motorini\u0173 automobili\u0173 rinkoje.<\/span><\/p>\n<p><span style=\"font-weight: 400;\">Vir\u0161uje \u0161iuo metu yra svarbiausias dviej\u0173 motorini\u0173 vis\u0173 rat\u0173 pavaros (AWD) variantas, kuris kainuoja 68 900 USD prie\u0161 kelyje, ma\u017einant t\u0105 laik\u0105 vos 4,8 sekund\u0117s. \u0160is AWD variantas taip pat turi didesn\u0119 baterij\u0105, kurios diapazonas yra iki 551 km, o ne 466 km matomas vieno motocikliniame RWD automobilyje. <\/span><\/p>\n<p><span style=\"font-weight: 400;\">Tiksl\u0173 \u0161io labiau \u012f vairuotoj\u0105 orientuoto modelio, kuris vis dar ne\u017einomas Australijos rinkoje, paleidimo laikas, mes tikim\u0117s, kad ateinan\u010diomis savait\u0117mis vietos prieinamumas. Tai gali reik\u0161ti, kad vietiniai pristatymai grei\u010diausiai prasid\u0117s iki \u0161i\u0173 met\u0173 Kal\u0117d\u0173.<\/span><\/p>\n<p>\u201eTesla\u201c modelio y na\u0161umo vaizdo \u012fra\u0161as x<\/p>\n<\/p>\n<div class=\"saboxplugin-wrap\" itemtype=\"http:\/\/schema.org\/Person\" itemscope=\"\" itemprop=\"author\">\n<div class=\"saboxplugin-tab\">\n<div class=\"saboxplugin-gravatar\"><img decoding=\"async\" width=\"100\" height=\"100\" alt=\"Rizas Akhtar\" itemprop=\"image\" loading=\"lazy\" class=\"native-lazyload-js-fallback\" src=\"https:\/\/b2232832.smushcdn.com\/2232832\/wp-content\/uploads\/2022\/02\/Riz.jpg?lossy=1&amp;strip=0&amp;webp=1\"\/><img loading=\"lazy\" decoding=\"async\" src=\"https:\/\/thedriven.io\/wp-content\/uploads\/2022\/02\/Riz.jpg\" width=\"100\" height=\"100\" alt=\"Rizas Akhtar\" itemprop=\"image\"\/><\/div>\n<div class=\"saboxplugin-desc\">\n<div itemprop=\"description\">\n<p>RIZ yra \u201eCarloop\u201c \u012fk\u016br\u0117jas, \u012fsik\u016br\u0119s Melburne, specializuojasi Australijos EV duomenyse, \u012f\u017evalgos ataskaitose ir tendencijose. Jis yra mechanikos in\u017einierius, prie\u0161 pradedant \u201eCarloop\u201c pirmuosius 7 savo karjeros statybos transporto infrastrukt\u016bros metus. Jis turi aistr\u0105 automobiliams, ypa\u010d EV ir nori pad\u0117ti suma\u017einti transporto i\u0161metim\u0105 Australijoje. \u0160iuo metu jis vairuoja \u201eRed Tesla\u201c model\u012f 3.<\/p>\n<\/div>\n<\/div>\n<\/div>\n<\/div>\n<p><!-- AI CONTENT END 1 --><\/p><\/div>\n<p><script async src=\"\/\/platform.twitter.com\/widgets.js\" charset=\"utf-8\"><\/script><br \/>\n<br \/><br \/>\n<br \/><a href=\"https:\/\/thedriven.io\/2025\/08\/30\/tesla-launches-new-faster-better-handling-top-spec-model-y-variant\/\">Source link <\/a><\/p>\n","protected":false},"excerpt":{"rendered":"<p>Sausio m\u0117n. \u201eTesla\u201c pristat\u0117 geriausiai parduodamo automobilio pasaulyje \u201eModel Y Electric\u201c visureig\u012f. Tuo metu savininkams buvo galima \u012fsigyti tik du&hellip;<\/p>\n","protected":false},"author":1,"featured_media":1971,"comment_status":"open","ping_status":"open","sticky":false,"template":"","format":"standard","meta":{"om_disable_all_campaigns":false,"_monsterinsights_skip_tracking":false,"_monsterinsights_sitenote_active":false,"_monsterinsights_sitenote_note":"","_monsterinsights_sitenote_category":0,"footnotes":""},"categories":[39],"tags":[3571,2842,874,556,385,14,3573,3572,3574],"class_list":["post-1970","post","type-post","status-publish","format-standard","has-post-thumbnail","hentry","category-eautomobiliu-technine-puse","tag-geriau","tag-greiciau","tag-modelio","tag-nauja","tag-paleidzia","tag-tesla","tag-topspec","tag-tvarkantis","tag-varianta"],"aioseo_notices":[],"yoast_head":"<!-- This site is optimized with the Yoast SEO plugin v26.8 - https:\/\/yoast.com\/product\/yoast-seo-wordpress\/ -->\n<title>\u201eTesla\u201c paleid\u017eia nauj\u0105 grei\u010diau, geriau tvarkantis \u201eTop-Spec\u201c modelio Y variant\u0105 - Eautomobiliai.lt<\/title>\n<meta name=\"robots\" content=\"index, follow, max-snippet:-1, max-image-preview:large, max-video-preview:-1\" \/>\n<link rel=\"canonical\" href=\"http:\/\/eautomobiliai.lt\/index.php\/2025\/08\/30\/tesla-paleidzia-nauja-greiciau-geriau-tvarkantis-top-spec-modelio-y-varianta\/\" \/>\n<meta property=\"og:locale\" content=\"lt_LT\" \/>\n<meta property=\"og:type\" content=\"article\" \/>\n<meta property=\"og:title\" content=\"\u201eTesla\u201c paleid\u017eia nauj\u0105 grei\u010diau, geriau tvarkantis \u201eTop-Spec\u201c modelio Y variant\u0105 - Eautomobiliai.lt\" \/>\n<meta property=\"og:description\" content=\"Sausio m\u0117n. \u201eTesla\u201c pristat\u0117 geriausiai parduodamo automobilio pasaulyje \u201eModel Y Electric\u201c visureig\u012f. Tuo metu savininkams buvo galima \u012fsigyti tik du&hellip;\" \/>\n<meta property=\"og:url\" content=\"http:\/\/eautomobiliai.lt\/index.php\/2025\/08\/30\/tesla-paleidzia-nauja-greiciau-geriau-tvarkantis-top-spec-modelio-y-varianta\/\" \/>\n<meta property=\"og:site_name\" content=\"Eautomobiliai.lt\" \/>\n<meta property=\"article:published_time\" content=\"2025-08-30T21:00:48+00:00\" \/>\n<meta property=\"og:image\" content=\"http:\/\/eautomobiliai.lt\/wp-content\/uploads\/2025\/08\/\u201eTesla-paleidzia-nauja-greiciau-geriau-tvarkantis-\u201eTop-Spec-modelio-Y-varianta.jpg\" \/>\n\t<meta property=\"og:image:width\" content=\"1200\" \/>\n\t<meta property=\"og:image:height\" content=\"675\" \/>\n\t<meta property=\"og:image:type\" content=\"image\/jpeg\" \/>\n<meta name=\"author\" content=\"admin\" \/>\n<meta name=\"twitter:card\" content=\"summary_large_image\" \/>\n<meta name=\"twitter:label1\" content=\"Written by\" \/>\n\t<meta name=\"twitter:data1\" content=\"admin\" \/>\n\t<meta name=\"twitter:label2\" content=\"Est. reading time\" \/>\n\t<meta name=\"twitter:data2\" content=\"4 minut\u0117s\" \/>\n<script type=\"application\/ld+json\" class=\"yoast-schema-graph\">{\"@context\":\"https:\/\/schema.org\",\"@graph\":[{\"@type\":\"Article\",\"@id\":\"http:\/\/eautomobiliai.lt\/index.php\/2025\/08\/30\/tesla-paleidzia-nauja-greiciau-geriau-tvarkantis-top-spec-modelio-y-varianta\/#article\",\"isPartOf\":{\"@id\":\"http:\/\/eautomobiliai.lt\/index.php\/2025\/08\/30\/tesla-paleidzia-nauja-greiciau-geriau-tvarkantis-top-spec-modelio-y-varianta\/\"},\"author\":{\"name\":\"admin\",\"@id\":\"http:\/\/eautomobiliai.lt\/#\/schema\/person\/ecf2a967f361217d056061f74deb92f2\"},\"headline\":\"\u201eTesla\u201c paleid\u017eia nauj\u0105 grei\u010diau, geriau tvarkantis \u201eTop-Spec\u201c modelio Y variant\u0105\",\"datePublished\":\"2025-08-30T21:00:48+00:00\",\"mainEntityOfPage\":{\"@id\":\"http:\/\/eautomobiliai.lt\/index.php\/2025\/08\/30\/tesla-paleidzia-nauja-greiciau-geriau-tvarkantis-top-spec-modelio-y-varianta\/\"},\"wordCount\":717,\"commentCount\":0,\"image\":{\"@id\":\"http:\/\/eautomobiliai.lt\/index.php\/2025\/08\/30\/tesla-paleidzia-nauja-greiciau-geriau-tvarkantis-top-spec-modelio-y-varianta\/#primaryimage\"},\"thumbnailUrl\":\"http:\/\/eautomobiliai.lt\/wp-content\/uploads\/2025\/08\/\u201eTesla-paleidzia-nauja-greiciau-geriau-tvarkantis-\u201eTop-Spec-modelio-Y-varianta.jpg\",\"keywords\":[\"geriau\",\"grei\u010diau\",\"modelio\",\"Nauja\",\"paleid\u017eia\",\"Tesla\",\"TopSpec\",\"tvarkantis\",\"variant\u0105\"],\"articleSection\":[\"eAUTOMOBILI\u0172 TECHNIN\u0116 PUS\u0116\"],\"inLanguage\":\"lt-LT\",\"potentialAction\":[{\"@type\":\"CommentAction\",\"name\":\"Comment\",\"target\":[\"http:\/\/eautomobiliai.lt\/index.php\/2025\/08\/30\/tesla-paleidzia-nauja-greiciau-geriau-tvarkantis-top-spec-modelio-y-varianta\/#respond\"]}]},{\"@type\":\"WebPage\",\"@id\":\"http:\/\/eautomobiliai.lt\/index.php\/2025\/08\/30\/tesla-paleidzia-nauja-greiciau-geriau-tvarkantis-top-spec-modelio-y-varianta\/\",\"url\":\"http:\/\/eautomobiliai.lt\/index.php\/2025\/08\/30\/tesla-paleidzia-nauja-greiciau-geriau-tvarkantis-top-spec-modelio-y-varianta\/\",\"name\":\"\u201eTesla\u201c paleid\u017eia nauj\u0105 grei\u010diau, geriau tvarkantis \u201eTop-Spec\u201c modelio Y variant\u0105 - Eautomobiliai.lt\",\"isPartOf\":{\"@id\":\"http:\/\/eautomobiliai.lt\/#website\"},\"primaryImageOfPage\":{\"@id\":\"http:\/\/eautomobiliai.lt\/index.php\/2025\/08\/30\/tesla-paleidzia-nauja-greiciau-geriau-tvarkantis-top-spec-modelio-y-varianta\/#primaryimage\"},\"image\":{\"@id\":\"http:\/\/eautomobiliai.lt\/index.php\/2025\/08\/30\/tesla-paleidzia-nauja-greiciau-geriau-tvarkantis-top-spec-modelio-y-varianta\/#primaryimage\"},\"thumbnailUrl\":\"http:\/\/eautomobiliai.lt\/wp-content\/uploads\/2025\/08\/\u201eTesla-paleidzia-nauja-greiciau-geriau-tvarkantis-\u201eTop-Spec-modelio-Y-varianta.jpg\",\"datePublished\":\"2025-08-30T21:00:48+00:00\",\"author\":{\"@id\":\"http:\/\/eautomobiliai.lt\/#\/schema\/person\/ecf2a967f361217d056061f74deb92f2\"},\"breadcrumb\":{\"@id\":\"http:\/\/eautomobiliai.lt\/index.php\/2025\/08\/30\/tesla-paleidzia-nauja-greiciau-geriau-tvarkantis-top-spec-modelio-y-varianta\/#breadcrumb\"},\"inLanguage\":\"lt-LT\",\"potentialAction\":[{\"@type\":\"ReadAction\",\"target\":[\"http:\/\/eautomobiliai.lt\/index.php\/2025\/08\/30\/tesla-paleidzia-nauja-greiciau-geriau-tvarkantis-top-spec-modelio-y-varianta\/\"]}]},{\"@type\":\"ImageObject\",\"inLanguage\":\"lt-LT\",\"@id\":\"http:\/\/eautomobiliai.lt\/index.php\/2025\/08\/30\/tesla-paleidzia-nauja-greiciau-geriau-tvarkantis-top-spec-modelio-y-varianta\/#primaryimage\",\"url\":\"http:\/\/eautomobiliai.lt\/wp-content\/uploads\/2025\/08\/\u201eTesla-paleidzia-nauja-greiciau-geriau-tvarkantis-\u201eTop-Spec-modelio-Y-varianta.jpg\",\"contentUrl\":\"http:\/\/eautomobiliai.lt\/wp-content\/uploads\/2025\/08\/\u201eTesla-paleidzia-nauja-greiciau-geriau-tvarkantis-\u201eTop-Spec-modelio-Y-varianta.jpg\",\"width\":1200,\"height\":675},{\"@type\":\"BreadcrumbList\",\"@id\":\"http:\/\/eautomobiliai.lt\/index.php\/2025\/08\/30\/tesla-paleidzia-nauja-greiciau-geriau-tvarkantis-top-spec-modelio-y-varianta\/#breadcrumb\",\"itemListElement\":[{\"@type\":\"ListItem\",\"position\":1,\"name\":\"Home\",\"item\":\"http:\/\/eautomobiliai.lt\/\"},{\"@type\":\"ListItem\",\"position\":2,\"name\":\"\u201eTesla\u201c paleid\u017eia nauj\u0105 grei\u010diau, geriau tvarkantis \u201eTop-Spec\u201c modelio Y variant\u0105\"}]},{\"@type\":\"WebSite\",\"@id\":\"http:\/\/eautomobiliai.lt\/#website\",\"url\":\"http:\/\/eautomobiliai.lt\/\",\"name\":\"Eautomobiliai.lt\",\"description\":\"Elektrinis transportas, technologijos\",\"potentialAction\":[{\"@type\":\"SearchAction\",\"target\":{\"@type\":\"EntryPoint\",\"urlTemplate\":\"http:\/\/eautomobiliai.lt\/?s={search_term_string}\"},\"query-input\":{\"@type\":\"PropertyValueSpecification\",\"valueRequired\":true,\"valueName\":\"search_term_string\"}}],\"inLanguage\":\"lt-LT\"},{\"@type\":\"Person\",\"@id\":\"http:\/\/eautomobiliai.lt\/#\/schema\/person\/ecf2a967f361217d056061f74deb92f2\",\"name\":\"admin\",\"image\":{\"@type\":\"ImageObject\",\"inLanguage\":\"lt-LT\",\"@id\":\"http:\/\/eautomobiliai.lt\/#\/schema\/person\/image\/\",\"url\":\"https:\/\/secure.gravatar.com\/avatar\/6323379efae0c70c686c7905444d6bbd?s=96&d=mm&r=g\",\"contentUrl\":\"https:\/\/secure.gravatar.com\/avatar\/6323379efae0c70c686c7905444d6bbd?s=96&d=mm&r=g\",\"caption\":\"admin\"},\"sameAs\":[\"http:\/\/eautomobiliai.lt\"],\"url\":\"http:\/\/eautomobiliai.lt\/index.php\/author\/admin\/\"}]}<\/script>\n<!-- \/ Yoast SEO plugin. -->","yoast_head_json":{"title":"\u201eTesla\u201c paleid\u017eia nauj\u0105 grei\u010diau, geriau tvarkantis \u201eTop-Spec\u201c modelio Y variant\u0105 - Eautomobiliai.lt","robots":{"index":"index","follow":"follow","max-snippet":"max-snippet:-1","max-image-preview":"max-image-preview:large","max-video-preview":"max-video-preview:-1"},"canonical":"http:\/\/eautomobiliai.lt\/index.php\/2025\/08\/30\/tesla-paleidzia-nauja-greiciau-geriau-tvarkantis-top-spec-modelio-y-varianta\/","og_locale":"lt_LT","og_type":"article","og_title":"\u201eTesla\u201c paleid\u017eia nauj\u0105 grei\u010diau, geriau tvarkantis \u201eTop-Spec\u201c modelio Y variant\u0105 - Eautomobiliai.lt","og_description":"Sausio m\u0117n. \u201eTesla\u201c pristat\u0117 geriausiai parduodamo automobilio pasaulyje \u201eModel Y Electric\u201c visureig\u012f. Tuo metu savininkams buvo galima \u012fsigyti tik du&hellip;","og_url":"http:\/\/eautomobiliai.lt\/index.php\/2025\/08\/30\/tesla-paleidzia-nauja-greiciau-geriau-tvarkantis-top-spec-modelio-y-varianta\/","og_site_name":"Eautomobiliai.lt","article_published_time":"2025-08-30T21:00:48+00:00","og_image":[{"width":1200,"height":675,"url":"http:\/\/eautomobiliai.lt\/wp-content\/uploads\/2025\/08\/\u201eTesla-paleidzia-nauja-greiciau-geriau-tvarkantis-\u201eTop-Spec-modelio-Y-varianta.jpg","type":"image\/jpeg"}],"author":"admin","twitter_card":"summary_large_image","twitter_misc":{"Written by":"admin","Est. reading time":"4 minut\u0117s"},"schema":{"@context":"https:\/\/schema.org","@graph":[{"@type":"Article","@id":"http:\/\/eautomobiliai.lt\/index.php\/2025\/08\/30\/tesla-paleidzia-nauja-greiciau-geriau-tvarkantis-top-spec-modelio-y-varianta\/#article","isPartOf":{"@id":"http:\/\/eautomobiliai.lt\/index.php\/2025\/08\/30\/tesla-paleidzia-nauja-greiciau-geriau-tvarkantis-top-spec-modelio-y-varianta\/"},"author":{"name":"admin","@id":"http:\/\/eautomobiliai.lt\/#\/schema\/person\/ecf2a967f361217d056061f74deb92f2"},"headline":"\u201eTesla\u201c paleid\u017eia nauj\u0105 grei\u010diau, geriau tvarkantis \u201eTop-Spec\u201c modelio Y variant\u0105","datePublished":"2025-08-30T21:00:48+00:00","mainEntityOfPage":{"@id":"http:\/\/eautomobiliai.lt\/index.php\/2025\/08\/30\/tesla-paleidzia-nauja-greiciau-geriau-tvarkantis-top-spec-modelio-y-varianta\/"},"wordCount":717,"commentCount":0,"image":{"@id":"http:\/\/eautomobiliai.lt\/index.php\/2025\/08\/30\/tesla-paleidzia-nauja-greiciau-geriau-tvarkantis-top-spec-modelio-y-varianta\/#primaryimage"},"thumbnailUrl":"http:\/\/eautomobiliai.lt\/wp-content\/uploads\/2025\/08\/\u201eTesla-paleidzia-nauja-greiciau-geriau-tvarkantis-\u201eTop-Spec-modelio-Y-varianta.jpg","keywords":["geriau","grei\u010diau","modelio","Nauja","paleid\u017eia","Tesla","TopSpec","tvarkantis","variant\u0105"],"articleSection":["eAUTOMOBILI\u0172 TECHNIN\u0116 PUS\u0116"],"inLanguage":"lt-LT","potentialAction":[{"@type":"CommentAction","name":"Comment","target":["http:\/\/eautomobiliai.lt\/index.php\/2025\/08\/30\/tesla-paleidzia-nauja-greiciau-geriau-tvarkantis-top-spec-modelio-y-varianta\/#respond"]}]},{"@type":"WebPage","@id":"http:\/\/eautomobiliai.lt\/index.php\/2025\/08\/30\/tesla-paleidzia-nauja-greiciau-geriau-tvarkantis-top-spec-modelio-y-varianta\/","url":"http:\/\/eautomobiliai.lt\/index.php\/2025\/08\/30\/tesla-paleidzia-nauja-greiciau-geriau-tvarkantis-top-spec-modelio-y-varianta\/","name":"\u201eTesla\u201c paleid\u017eia nauj\u0105 grei\u010diau, geriau tvarkantis \u201eTop-Spec\u201c modelio Y variant\u0105 - Eautomobiliai.lt","isPartOf":{"@id":"http:\/\/eautomobiliai.lt\/#website"},"primaryImageOfPage":{"@id":"http:\/\/eautomobiliai.lt\/index.php\/2025\/08\/30\/tesla-paleidzia-nauja-greiciau-geriau-tvarkantis-top-spec-modelio-y-varianta\/#primaryimage"},"image":{"@id":"http:\/\/eautomobiliai.lt\/index.php\/2025\/08\/30\/tesla-paleidzia-nauja-greiciau-geriau-tvarkantis-top-spec-modelio-y-varianta\/#primaryimage"},"thumbnailUrl":"http:\/\/eautomobiliai.lt\/wp-content\/uploads\/2025\/08\/\u201eTesla-paleidzia-nauja-greiciau-geriau-tvarkantis-\u201eTop-Spec-modelio-Y-varianta.jpg","datePublished":"2025-08-30T21:00:48+00:00","author":{"@id":"http:\/\/eautomobiliai.lt\/#\/schema\/person\/ecf2a967f361217d056061f74deb92f2"},"breadcrumb":{"@id":"http:\/\/eautomobiliai.lt\/index.php\/2025\/08\/30\/tesla-paleidzia-nauja-greiciau-geriau-tvarkantis-top-spec-modelio-y-varianta\/#breadcrumb"},"inLanguage":"lt-LT","potentialAction":[{"@type":"ReadAction","target":["http:\/\/eautomobiliai.lt\/index.php\/2025\/08\/30\/tesla-paleidzia-nauja-greiciau-geriau-tvarkantis-top-spec-modelio-y-varianta\/"]}]},{"@type":"ImageObject","inLanguage":"lt-LT","@id":"http:\/\/eautomobiliai.lt\/index.php\/2025\/08\/30\/tesla-paleidzia-nauja-greiciau-geriau-tvarkantis-top-spec-modelio-y-varianta\/#primaryimage","url":"http:\/\/eautomobiliai.lt\/wp-content\/uploads\/2025\/08\/\u201eTesla-paleidzia-nauja-greiciau-geriau-tvarkantis-\u201eTop-Spec-modelio-Y-varianta.jpg","contentUrl":"http:\/\/eautomobiliai.lt\/wp-content\/uploads\/2025\/08\/\u201eTesla-paleidzia-nauja-greiciau-geriau-tvarkantis-\u201eTop-Spec-modelio-Y-varianta.jpg","width":1200,"height":675},{"@type":"BreadcrumbList","@id":"http:\/\/eautomobiliai.lt\/index.php\/2025\/08\/30\/tesla-paleidzia-nauja-greiciau-geriau-tvarkantis-top-spec-modelio-y-varianta\/#breadcrumb","itemListElement":[{"@type":"ListItem","position":1,"name":"Home","item":"http:\/\/eautomobiliai.lt\/"},{"@type":"ListItem","position":2,"name":"\u201eTesla\u201c paleid\u017eia nauj\u0105 grei\u010diau, geriau tvarkantis \u201eTop-Spec\u201c modelio Y variant\u0105"}]},{"@type":"WebSite","@id":"http:\/\/eautomobiliai.lt\/#website","url":"http:\/\/eautomobiliai.lt\/","name":"Eautomobiliai.lt","description":"Elektrinis transportas, technologijos","potentialAction":[{"@type":"SearchAction","target":{"@type":"EntryPoint","urlTemplate":"http:\/\/eautomobiliai.lt\/?s={search_term_string}"},"query-input":{"@type":"PropertyValueSpecification","valueRequired":true,"valueName":"search_term_string"}}],"inLanguage":"lt-LT"},{"@type":"Person","@id":"http:\/\/eautomobiliai.lt\/#\/schema\/person\/ecf2a967f361217d056061f74deb92f2","name":"admin","image":{"@type":"ImageObject","inLanguage":"lt-LT","@id":"http:\/\/eautomobiliai.lt\/#\/schema\/person\/image\/","url":"https:\/\/secure.gravatar.com\/avatar\/6323379efae0c70c686c7905444d6bbd?s=96&d=mm&r=g","contentUrl":"https:\/\/secure.gravatar.com\/avatar\/6323379efae0c70c686c7905444d6bbd?s=96&d=mm&r=g","caption":"admin"},"sameAs":["http:\/\/eautomobiliai.lt"],"url":"http:\/\/eautomobiliai.lt\/index.php\/author\/admin\/"}]}},"_links":{"self":[{"href":"http:\/\/eautomobiliai.lt\/index.php\/wp-json\/wp\/v2\/posts\/1970","targetHints":{"allow":["GET"]}}],"collection":[{"href":"http:\/\/eautomobiliai.lt\/index.php\/wp-json\/wp\/v2\/posts"}],"about":[{"href":"http:\/\/eautomobiliai.lt\/index.php\/wp-json\/wp\/v2\/types\/post"}],"author":[{"embeddable":true,"href":"http:\/\/eautomobiliai.lt\/index.php\/wp-json\/wp\/v2\/users\/1"}],"replies":[{"embeddable":true,"href":"http:\/\/eautomobiliai.lt\/index.php\/wp-json\/wp\/v2\/comments?post=1970"}],"version-history":[{"count":0,"href":"http:\/\/eautomobiliai.lt\/index.php\/wp-json\/wp\/v2\/posts\/1970\/revisions"}],"wp:featuredmedia":[{"embeddable":true,"href":"http:\/\/eautomobiliai.lt\/index.php\/wp-json\/wp\/v2\/media\/1971"}],"wp:attachment":[{"href":"http:\/\/eautomobiliai.lt\/index.php\/wp-json\/wp\/v2\/media?parent=1970"}],"wp:term":[{"taxonomy":"category","embeddable":true,"href":"http:\/\/eautomobiliai.lt\/index.php\/wp-json\/wp\/v2\/categories?post=1970"},{"taxonomy":"post_tag","embeddable":true,"href":"http:\/\/eautomobiliai.lt\/index.php\/wp-json\/wp\/v2\/tags?post=1970"}],"curies":[{"name":"wp","href":"https:\/\/api.w.org\/{rel}","templated":true}]}}