{"id":1978,"date":"2025-08-31T13:02:53","date_gmt":"2025-08-31T13:02:53","guid":{"rendered":"https:\/\/eautomobiliai.lt\/index.php\/2025\/08\/31\/pokyciu-ratai-1914-m-ivede-elektrinius-autobusus\/"},"modified":"2025-08-31T13:02:53","modified_gmt":"2025-08-31T13:02:53","slug":"pokyciu-ratai-1914-m-ivede-elektrinius-autobusus","status":"publish","type":"post","link":"http:\/\/eautomobiliai.lt\/index.php\/2025\/08\/31\/pokyciu-ratai-1914-m-ivede-elektrinius-autobusus\/","title":{"rendered":"Poky\u010di\u0173 ratai: 1914 m. \u012eved\u0117 elektrinius autobusus"},"content":{"rendered":"<p> <br \/>\n<\/p>\n<div id=\"\">\n<p>1900 -\u0173j\u0173 prad\u017eioje \u201eCity Transit\u201c pasikeit\u0117 su naujomis id\u0117jomis. Arklio traukiami autobusai vald\u0117 gatves. Jie i\u0161augo l\u0117tai ir brangiai. In\u017einieriai dirbo su garais, benzinu ir elektros energija. Elektriniai ir hibridiniai autobusai atvyko 1914 m. \u201eNew Tech\u201c prisijung\u0117 prie miesto poreiki\u0173. <\/p>\n<div id=\"ez-toc-container\" class=\"ez-toc-v2_0_82_2 counter-hierarchy ez-toc-counter ez-toc-grey ez-toc-container-direction\">\n<div class=\"ez-toc-title-container\">\n<p class=\"ez-toc-title\" style=\"cursor:inherit\">Turinys:<\/p>\n<span class=\"ez-toc-title-toggle\"><a href=\"#\" class=\"ez-toc-pull-right ez-toc-btn ez-toc-btn-xs ez-toc-btn-default ez-toc-toggle\" aria-label=\"Toggle Table of Content\"><span class=\"ez-toc-js-icon-con\"><span class=\"\"><span class=\"eztoc-hide\" style=\"display:none;\">Toggle<\/span><span class=\"ez-toc-icon-toggle-span\"><svg style=\"fill: #999;color:#999\" xmlns=\"http:\/\/www.w3.org\/2000\/svg\" class=\"list-377408\" width=\"20px\" height=\"20px\" viewBox=\"0 0 24 24\" fill=\"none\"><path d=\"M6 6H4v2h2V6zm14 0H8v2h12V6zM4 11h2v2H4v-2zm16 0H8v2h12v-2zM4 16h2v2H4v-2zm16 0H8v2h12v-2z\" fill=\"currentColor\"><\/path><\/svg><svg style=\"fill: #999;color:#999\" class=\"arrow-unsorted-368013\" xmlns=\"http:\/\/www.w3.org\/2000\/svg\" width=\"10px\" height=\"10px\" viewBox=\"0 0 24 24\" version=\"1.2\" baseProfile=\"tiny\"><path d=\"M18.2 9.3l-6.2-6.3-6.2 6.3c-.2.2-.3.4-.3.7s.1.5.3.7c.2.2.4.3.7.3h11c.3 0 .5-.1.7-.3.2-.2.3-.5.3-.7s-.1-.5-.3-.7zM5.8 14.7l6.2 6.3 6.2-6.3c.2-.2.3-.5.3-.7s-.1-.5-.3-.7c-.2-.2-.4-.3-.7-.3h-11c-.3 0-.5.1-.7.3-.2.2-.3.5-.3.7s.1.5.3.7z\"\/><\/svg><\/span><\/span><\/span><\/a><\/span><\/div>\n<nav><ul class='ez-toc-list ez-toc-list-level-1 ' ><li class='ez-toc-page-1 ez-toc-heading-level-2'><a class=\"ez-toc-link ez-toc-heading-1\" href=\"http:\/\/eautomobiliai.lt\/index.php\/2025\/08\/31\/pokyciu-ratai-1914-m-ivede-elektrinius-autobusus\/#Iki_1914_m_Miesto_tranzito_krastovaizdis\" >Iki 1914 m. Miesto tranzito kra\u0161tovaizdis<\/a><\/li><li class='ez-toc-page-1 ez-toc-heading-level-2'><a class=\"ez-toc-link ez-toc-heading-2\" href=\"http:\/\/eautomobiliai.lt\/index.php\/2025\/08\/31\/pokyciu-ratai-1914-m-ivede-elektrinius-autobusus\/#Ankstyvieji_elektriniai_autobusai_pazadas_atitinka_realybe\" >Ankstyvieji elektriniai autobusai: pa\u017eadas atitinka realyb\u0119<\/a><\/li><li class='ez-toc-page-1 ez-toc-heading-level-2'><a class=\"ez-toc-link ez-toc-heading-3\" href=\"http:\/\/eautomobiliai.lt\/index.php\/2025\/08\/31\/pokyciu-ratai-1914-m-ivede-elektrinius-autobusus\/#Hibridines_naujoves_benzino_elektros_autobusai\" >Hibridin\u0117s naujov\u0117s: benzino elektros autobusai<\/a><\/li><li class='ez-toc-page-1 ez-toc-heading-level-2'><a class=\"ez-toc-link ez-toc-heading-4\" href=\"http:\/\/eautomobiliai.lt\/index.php\/2025\/08\/31\/pokyciu-ratai-1914-m-ivede-elektrinius-autobusus\/#Londono_automobiliu_autobusu_revoliucija_ir_benzino_autobusu_vaidmuo\" >Londono automobili\u0173 autobus\u0173 revoliucija ir benzino autobus\u0173 vaidmuo<\/a><\/li><li class='ez-toc-page-1 ez-toc-heading-level-2'><a class=\"ez-toc-link ez-toc-heading-5\" href=\"http:\/\/eautomobiliai.lt\/index.php\/2025\/08\/31\/pokyciu-ratai-1914-m-ivede-elektrinius-autobusus\/#Ismoktos_pamokos_kodel_ankstyvieji_elektriniai_autobusai_kovojo\" >I\u0161moktos pamokos: kod\u0117l ankstyvieji elektriniai autobusai kovojo<\/a><\/li><li class='ez-toc-page-1 ez-toc-heading-level-2'><a class=\"ez-toc-link ez-toc-heading-6\" href=\"http:\/\/eautomobiliai.lt\/index.php\/2025\/08\/31\/pokyciu-ratai-1914-m-ivede-elektrinius-autobusus\/#Poveikis_ir_palikimas\" >Poveikis ir palikimas<\/a><\/li><li class='ez-toc-page-1 ez-toc-heading-level-2'><a class=\"ez-toc-link ez-toc-heading-7\" href=\"http:\/\/eautomobiliai.lt\/index.php\/2025\/08\/31\/pokyciu-ratai-1914-m-ivede-elektrinius-autobusus\/#Isvada\" >I\u0161vada<\/a><ul class='ez-toc-list-level-3' ><li class='ez-toc-heading-level-3'><a class=\"ez-toc-link ez-toc-heading-8\" href=\"http:\/\/eautomobiliai.lt\/index.php\/2025\/08\/31\/pokyciu-ratai-1914-m-ivede-elektrinius-autobusus\/#Nuorodos\" >Nuorodos<\/a><\/li><\/ul><\/li><\/ul><\/nav><\/div>\n<h2><span class=\"ez-toc-section\" id=\"Iki_1914_m_Miesto_tranzito_krastovaizdis\"><\/span>Iki 1914 m. Miesto tranzito kra\u0161tovaizdis<span class=\"ez-toc-section-end\"><\/span><\/h2>\n<p>Londone ir Niujorke arklio traukiami autobusai u\u017epild\u0117 miesto gatves. Arkliams reik\u0117jo prie\u017ei\u016bros ir pa\u0161ar\u0173. Tokia prie\u017ei\u016bra padidino i\u0161laidas ir sul\u0117t\u0117jo. In\u017einieriai i\u0161band\u0117 kitus galios metodus. Motoriniai autobusai pasirod\u0117 iki 1900 m. Daugelis ankstyv\u0173j\u0173 modeli\u0173 pasirod\u0117 silpni. Londone keli autobus\u0173 tipai pasirod\u0117 iki 1908 m.; Nei vienas nesivar\u017e\u0117 u\u017eimto \u200b\u200beismo.<\/p>\n<h2><span class=\"ez-toc-section\" id=\"Ankstyvieji_elektriniai_autobusai_pazadas_atitinka_realybe\"><\/span>Ankstyvieji elektriniai autobusai: pa\u017eadas atitinka realyb\u0119<span class=\"ez-toc-section-end\"><\/span><\/h2>\n<p>Niujorke Penktosios aveniu treneri\u0173 kompanija i\u0161band\u0117 elektrinius autobusus. Jie pakeit\u0117 arklio traukiamas transporto priemones akumuliatori\u0173 autobusais. Bendrov\u0117 vald\u0117 apie de\u0161imt modeli\u0173, pradedant nuo pavieni\u0173 deni\u0173 iki dvigub\u0173 deni\u0173. Su kiekvienu dizainu kilo daugyb\u0117 klausim\u0173. Mechaniniai gedimai ir didel\u0117s i\u0161laidos atsirado greitai. Tada \u012fmon\u0117 iki 1905 m. Per\u0117jo \u012f benzino autobusus. Elektrini\u0173 autobus\u0173 bandymai parod\u0117, kad to meto baterijos negal\u0117jo atitikti miesto autobus\u0173 poreiki\u0173.<\/p>\n<h2><span class=\"ez-toc-section\" id=\"Hibridines_naujoves_benzino_elektros_autobusai\"><\/span>Hibridin\u0117s naujov\u0117s: benzino elektros autobusai<span class=\"ez-toc-section-end\"><\/span><\/h2>\n<p>Anglijoje \u012fmon\u0117 iki 1914 m. Pastat\u0117 hibridin\u012f autobus\u0105. \u201eTilling-Stevens\u201c ils\u0117josi ant benzino variklio, kuris va\u017eiavo generatoriumi. Generatorius pasuko elektrinius variklius, kurie vairavo ratus. Sistema nenaudojo sunkios transmisijos. Autobusas pasiek\u0117 greit\u012f netoli 12 myli\u0173 per valand\u0105. Nors ir ne greitai, jis b\u0117go skland\u017eiau. \u0160iandien 1914 m. \u201eTilling-Stevens\u201c hibridinis autobusas s\u0117di Amberley muziejuje Vakar\u0173 Sasekse, JK. Tai va\u017eiuoja speciali\u0173j\u0173 pasirodym\u0173 metu. \u0160is autobusas susieja \u017emones su ankstyvomis tranzito id\u0117jomis.<\/p>\n<h2><span class=\"ez-toc-section\" id=\"Londono_automobiliu_autobusu_revoliucija_ir_benzino_autobusu_vaidmuo\"><\/span>Londono automobili\u0173 autobus\u0173 revoliucija ir benzino autobus\u0173 vaidmuo<span class=\"ez-toc-section-end\"><\/span><\/h2>\n<p>Londono generolo \u201eOmnibus\u201c \u012fmon\u0117 pastat\u0117 tvirtus benzino autobusus. Jie masi\u0161kai gamino B tip\u0105 1909\u20131912 m. Autobusuose iki 1912 m. Buvo elektros lemput\u0117s, o priekinius \u017eibintus iki 1913 m. Pirmojo pasaulinio karo metu daugelis tarnavo kariuomenei ir su\u017eeistiems. \u201eB tipo\u201c autobusai pasirod\u0117 stipr\u016bs, dirbant su sunkiu naudojimu karo metu.<\/p>\n<h2><span class=\"ez-toc-section\" id=\"Ismoktos_pamokos_kodel_ankstyvieji_elektriniai_autobusai_kovojo\"><\/span>I\u0161moktos pamokos: kod\u0117l ankstyvieji elektriniai autobusai kovojo<span class=\"ez-toc-section-end\"><\/span><\/h2>\n<p>Bandymuose su elektriniais autobusais rasta silpn\u0173 baterij\u0173 ir trump\u0173 diapazon\u0173. Jie u\u017etruko ilgai ir kainavo daugiau. Tyrimuose hibridiniai modeliai greitai prarado gali\u0105 ir panaudojo daugiau degal\u0173. Iki 1914 m. Autobus\u0173 operatoriai kreip\u0117si \u012f benzino autobusus. Mechanin\u0117s sistemos laim\u0117jo u\u017eimtiems mar\u0161rutams.<\/p>\n<h2><span class=\"ez-toc-section\" id=\"Poveikis_ir_palikimas\"><\/span>Poveikis ir palikimas<span class=\"ez-toc-section-end\"><\/span><\/h2>\n<p>Elektrini\u0173 ir hibridini\u0173 autobus\u0173 at\u0117jimas 1914 m. Buvo svarbus vie\u0161ojo transporto pakeitimas. \u0160ie bandymai paskatino in\u017einierius nukirpti autobus\u0173 galios gedimus. Aktyv\u016bs elektriniuose ir hibridiniuose automobiliuose kiekvienas i\u0161 j\u0173 yra \u0161ios praeities dalis. Daugelis \u017emoni\u0173 puosel\u0117ja prisiminimus apie ankstyvuosius va\u017eiavimus autobusais. Muziejai ir paveldo laivynai palaiko \u0161iuos autobusus.<\/p>\n<h2><span class=\"ez-toc-section\" id=\"Isvada\"><\/span>I\u0161vada<span class=\"ez-toc-section-end\"><\/span><\/h2>\n<p>Ankstyvieji elektriniai ir hibridiniai autobusai 1914 m. Mai\u0161\u0117 naujas id\u0117jas su realiais i\u0161\u0161\u016bkiais. Akumuliatori\u0173 sistemos nepavyko daug bandym\u0173. Paprasti benzininiai autobusai pasirod\u0117 esantys geriau miesto gyvenimui. \u0160iandien miestai atsargiai \u017ei\u016bri \u012f \u0161varius tranzito sprendimus. Prie\u0161 daugiau nei \u0161imtmet\u012f testai vis dar padeda mums suplanuoti savo tranzito ateit\u012f.<\/p>\n<hr\/>\n<h3><span class=\"ez-toc-section\" id=\"Nuorodos\"><\/span>Nuorodos<span class=\"ez-toc-section-end\"><\/span><\/h3>\n<ul>\n<li>Londono transporto muziejus: \u201eMotor Bus Revolution\u201c, 1900\u20131914<\/li>\n<li>Komercinio automobili\u0173 archyvas: Niujorko motociklai, 1914 m. Gegu\u017e\u0117s 21 d.<\/li>\n<li>\u201eBBC News\u201c: hibridinis autobusas nuo 1914 m<\/li>\n<li>\u201eAmberley\u201c muziejaus kolekcija, Vakar\u0173 Saseksas<\/li>\n<\/ul>\n<p>\u2014\u2014\u2014\u2014\u2014\u2014\u2014\u2014\u2014\u2014\u2014\u2014\u2014\u2014\u2014\u2014\u2014\u2014\u2014\u2014\u2014\u2014\u2014<br \/>\u201eVoltsandVolts.com\u201c yra tinklara\u0161tis, skirtas elektrin\u0117ms transporto priemon\u0117ms (EV). M\u016bs\u0173 tinklara\u0161tyje pateikiami straipsniai apie EV ap\u017evalgas, istorijas, patarimus, triukus, \u012fkrovimo infrastrukt\u016br\u0105 ir akumuliatori\u0173 technologijas. Prisijunkite prie pokalbio ir tapkite \u201eVoltsandVolts.com\u201c bendruomen\u0117s dalimi \u0161iandien!<\/p>\n<\/div>\n<p><br \/>\n<br \/><a href=\"https:\/\/voltsandvolts.com\/1914-early-electric-buses-introduced\/\">Source link <\/a><\/p>\n","protected":false},"excerpt":{"rendered":"<p>1900 -\u0173j\u0173 prad\u017eioje \u201eCity Transit\u201c pasikeit\u0117 su naujomis id\u0117jomis. Arklio traukiami autobusai vald\u0117 gatves. Jie i\u0161augo l\u0117tai ir brangiai. In\u017einieriai&hellip;<\/p>\n","protected":false},"author":1,"featured_media":1979,"comment_status":"open","ping_status":"open","sticky":false,"template":"","format":"standard","meta":{"om_disable_all_campaigns":false,"_monsterinsights_skip_tracking":false,"_monsterinsights_sitenote_active":false,"_monsterinsights_sitenote_note":"","_monsterinsights_sitenote_category":0,"footnotes":""},"categories":[39],"tags":[3586,1054,3585,3583,3584],"class_list":["post-1978","post","type-post","status-publish","format-standard","has-post-thumbnail","hentry","category-eautomobiliu-technine-puse","tag-autobusus","tag-elektrinius","tag-ivede","tag-pokyciu","tag-ratai"],"aioseo_notices":[],"yoast_head":"<!-- This site is optimized with the Yoast SEO plugin v26.8 - https:\/\/yoast.com\/product\/yoast-seo-wordpress\/ -->\n<title>Poky\u010di\u0173 ratai: 1914 m. \u012eved\u0117 elektrinius autobusus - Eautomobiliai.lt<\/title>\n<meta name=\"robots\" content=\"index, follow, max-snippet:-1, max-image-preview:large, max-video-preview:-1\" \/>\n<link rel=\"canonical\" href=\"http:\/\/eautomobiliai.lt\/index.php\/2025\/08\/31\/pokyciu-ratai-1914-m-ivede-elektrinius-autobusus\/\" \/>\n<meta property=\"og:locale\" content=\"lt_LT\" \/>\n<meta property=\"og:type\" content=\"article\" \/>\n<meta property=\"og:title\" content=\"Poky\u010di\u0173 ratai: 1914 m. \u012eved\u0117 elektrinius autobusus - Eautomobiliai.lt\" \/>\n<meta property=\"og:description\" content=\"1900 -\u0173j\u0173 prad\u017eioje \u201eCity Transit\u201c pasikeit\u0117 su naujomis id\u0117jomis. Arklio traukiami autobusai vald\u0117 gatves. Jie i\u0161augo l\u0117tai ir brangiai. In\u017einieriai&hellip;\" \/>\n<meta property=\"og:url\" content=\"http:\/\/eautomobiliai.lt\/index.php\/2025\/08\/31\/pokyciu-ratai-1914-m-ivede-elektrinius-autobusus\/\" \/>\n<meta property=\"og:site_name\" content=\"Eautomobiliai.lt\" \/>\n<meta property=\"article:published_time\" content=\"2025-08-31T13:02:53+00:00\" \/>\n<meta property=\"og:image\" content=\"http:\/\/eautomobiliai.lt\/wp-content\/uploads\/2025\/08\/Pokyciu-ratai-1914-m-Ivede-elektrinius-autobusus.jpg\" \/>\n\t<meta property=\"og:image:width\" content=\"1344\" \/>\n\t<meta property=\"og:image:height\" content=\"768\" \/>\n\t<meta property=\"og:image:type\" content=\"image\/jpeg\" \/>\n<meta name=\"author\" content=\"admin\" \/>\n<meta name=\"twitter:card\" content=\"summary_large_image\" \/>\n<meta name=\"twitter:label1\" content=\"Written by\" \/>\n\t<meta name=\"twitter:data1\" content=\"admin\" \/>\n\t<meta name=\"twitter:label2\" content=\"Est. reading time\" \/>\n\t<meta name=\"twitter:data2\" content=\"3 minut\u0117s\" \/>\n<script type=\"application\/ld+json\" class=\"yoast-schema-graph\">{\"@context\":\"https:\/\/schema.org\",\"@graph\":[{\"@type\":\"Article\",\"@id\":\"http:\/\/eautomobiliai.lt\/index.php\/2025\/08\/31\/pokyciu-ratai-1914-m-ivede-elektrinius-autobusus\/#article\",\"isPartOf\":{\"@id\":\"http:\/\/eautomobiliai.lt\/index.php\/2025\/08\/31\/pokyciu-ratai-1914-m-ivede-elektrinius-autobusus\/\"},\"author\":{\"name\":\"admin\",\"@id\":\"https:\/\/eautomobiliai.lt\/#\/schema\/person\/ecf2a967f361217d056061f74deb92f2\"},\"headline\":\"Poky\u010di\u0173 ratai: 1914 m. \u012eved\u0117 elektrinius autobusus\",\"datePublished\":\"2025-08-31T13:02:53+00:00\",\"mainEntityOfPage\":{\"@id\":\"http:\/\/eautomobiliai.lt\/index.php\/2025\/08\/31\/pokyciu-ratai-1914-m-ivede-elektrinius-autobusus\/\"},\"wordCount\":559,\"commentCount\":0,\"image\":{\"@id\":\"http:\/\/eautomobiliai.lt\/index.php\/2025\/08\/31\/pokyciu-ratai-1914-m-ivede-elektrinius-autobusus\/#primaryimage\"},\"thumbnailUrl\":\"http:\/\/eautomobiliai.lt\/wp-content\/uploads\/2025\/08\/Pokyciu-ratai-1914-m-Ivede-elektrinius-autobusus.jpg\",\"keywords\":[\"autobusus\",\"elektrinius\",\"\u012eved\u0117\",\"Poky\u010di\u0173\",\"ratai\"],\"articleSection\":[\"eAUTOMOBILI\u0172 TECHNIN\u0116 PUS\u0116\"],\"inLanguage\":\"lt-LT\",\"potentialAction\":[{\"@type\":\"CommentAction\",\"name\":\"Comment\",\"target\":[\"http:\/\/eautomobiliai.lt\/index.php\/2025\/08\/31\/pokyciu-ratai-1914-m-ivede-elektrinius-autobusus\/#respond\"]}]},{\"@type\":\"WebPage\",\"@id\":\"http:\/\/eautomobiliai.lt\/index.php\/2025\/08\/31\/pokyciu-ratai-1914-m-ivede-elektrinius-autobusus\/\",\"url\":\"http:\/\/eautomobiliai.lt\/index.php\/2025\/08\/31\/pokyciu-ratai-1914-m-ivede-elektrinius-autobusus\/\",\"name\":\"Poky\u010di\u0173 ratai: 1914 m. \u012eved\u0117 elektrinius autobusus - Eautomobiliai.lt\",\"isPartOf\":{\"@id\":\"https:\/\/eautomobiliai.lt\/#website\"},\"primaryImageOfPage\":{\"@id\":\"http:\/\/eautomobiliai.lt\/index.php\/2025\/08\/31\/pokyciu-ratai-1914-m-ivede-elektrinius-autobusus\/#primaryimage\"},\"image\":{\"@id\":\"http:\/\/eautomobiliai.lt\/index.php\/2025\/08\/31\/pokyciu-ratai-1914-m-ivede-elektrinius-autobusus\/#primaryimage\"},\"thumbnailUrl\":\"http:\/\/eautomobiliai.lt\/wp-content\/uploads\/2025\/08\/Pokyciu-ratai-1914-m-Ivede-elektrinius-autobusus.jpg\",\"datePublished\":\"2025-08-31T13:02:53+00:00\",\"author\":{\"@id\":\"https:\/\/eautomobiliai.lt\/#\/schema\/person\/ecf2a967f361217d056061f74deb92f2\"},\"breadcrumb\":{\"@id\":\"http:\/\/eautomobiliai.lt\/index.php\/2025\/08\/31\/pokyciu-ratai-1914-m-ivede-elektrinius-autobusus\/#breadcrumb\"},\"inLanguage\":\"lt-LT\",\"potentialAction\":[{\"@type\":\"ReadAction\",\"target\":[\"http:\/\/eautomobiliai.lt\/index.php\/2025\/08\/31\/pokyciu-ratai-1914-m-ivede-elektrinius-autobusus\/\"]}]},{\"@type\":\"ImageObject\",\"inLanguage\":\"lt-LT\",\"@id\":\"http:\/\/eautomobiliai.lt\/index.php\/2025\/08\/31\/pokyciu-ratai-1914-m-ivede-elektrinius-autobusus\/#primaryimage\",\"url\":\"http:\/\/eautomobiliai.lt\/wp-content\/uploads\/2025\/08\/Pokyciu-ratai-1914-m-Ivede-elektrinius-autobusus.jpg\",\"contentUrl\":\"http:\/\/eautomobiliai.lt\/wp-content\/uploads\/2025\/08\/Pokyciu-ratai-1914-m-Ivede-elektrinius-autobusus.jpg\",\"width\":1344,\"height\":768},{\"@type\":\"BreadcrumbList\",\"@id\":\"http:\/\/eautomobiliai.lt\/index.php\/2025\/08\/31\/pokyciu-ratai-1914-m-ivede-elektrinius-autobusus\/#breadcrumb\",\"itemListElement\":[{\"@type\":\"ListItem\",\"position\":1,\"name\":\"Home\",\"item\":\"https:\/\/eautomobiliai.lt\/\"},{\"@type\":\"ListItem\",\"position\":2,\"name\":\"Poky\u010di\u0173 ratai: 1914 m. \u012eved\u0117 elektrinius autobusus\"}]},{\"@type\":\"WebSite\",\"@id\":\"https:\/\/eautomobiliai.lt\/#website\",\"url\":\"https:\/\/eautomobiliai.lt\/\",\"name\":\"Eautomobiliai.lt\",\"description\":\"Elektrinis transportas, technologijos\",\"potentialAction\":[{\"@type\":\"SearchAction\",\"target\":{\"@type\":\"EntryPoint\",\"urlTemplate\":\"https:\/\/eautomobiliai.lt\/?s={search_term_string}\"},\"query-input\":{\"@type\":\"PropertyValueSpecification\",\"valueRequired\":true,\"valueName\":\"search_term_string\"}}],\"inLanguage\":\"lt-LT\"},{\"@type\":\"Person\",\"@id\":\"https:\/\/eautomobiliai.lt\/#\/schema\/person\/ecf2a967f361217d056061f74deb92f2\",\"name\":\"admin\",\"image\":{\"@type\":\"ImageObject\",\"inLanguage\":\"lt-LT\",\"@id\":\"https:\/\/eautomobiliai.lt\/#\/schema\/person\/image\/\",\"url\":\"https:\/\/secure.gravatar.com\/avatar\/6323379efae0c70c686c7905444d6bbd?s=96&d=mm&r=g\",\"contentUrl\":\"https:\/\/secure.gravatar.com\/avatar\/6323379efae0c70c686c7905444d6bbd?s=96&d=mm&r=g\",\"caption\":\"admin\"},\"sameAs\":[\"http:\/\/eautomobiliai.lt\"],\"url\":\"http:\/\/eautomobiliai.lt\/index.php\/author\/admin\/\"}]}<\/script>\n<!-- \/ Yoast SEO plugin. -->","yoast_head_json":{"title":"Poky\u010di\u0173 ratai: 1914 m. \u012eved\u0117 elektrinius autobusus - Eautomobiliai.lt","robots":{"index":"index","follow":"follow","max-snippet":"max-snippet:-1","max-image-preview":"max-image-preview:large","max-video-preview":"max-video-preview:-1"},"canonical":"http:\/\/eautomobiliai.lt\/index.php\/2025\/08\/31\/pokyciu-ratai-1914-m-ivede-elektrinius-autobusus\/","og_locale":"lt_LT","og_type":"article","og_title":"Poky\u010di\u0173 ratai: 1914 m. \u012eved\u0117 elektrinius autobusus - Eautomobiliai.lt","og_description":"1900 -\u0173j\u0173 prad\u017eioje \u201eCity Transit\u201c pasikeit\u0117 su naujomis id\u0117jomis. Arklio traukiami autobusai vald\u0117 gatves. Jie i\u0161augo l\u0117tai ir brangiai. In\u017einieriai&hellip;","og_url":"http:\/\/eautomobiliai.lt\/index.php\/2025\/08\/31\/pokyciu-ratai-1914-m-ivede-elektrinius-autobusus\/","og_site_name":"Eautomobiliai.lt","article_published_time":"2025-08-31T13:02:53+00:00","og_image":[{"width":1344,"height":768,"url":"http:\/\/eautomobiliai.lt\/wp-content\/uploads\/2025\/08\/Pokyciu-ratai-1914-m-Ivede-elektrinius-autobusus.jpg","type":"image\/jpeg"}],"author":"admin","twitter_card":"summary_large_image","twitter_misc":{"Written by":"admin","Est. reading time":"3 minut\u0117s"},"schema":{"@context":"https:\/\/schema.org","@graph":[{"@type":"Article","@id":"http:\/\/eautomobiliai.lt\/index.php\/2025\/08\/31\/pokyciu-ratai-1914-m-ivede-elektrinius-autobusus\/#article","isPartOf":{"@id":"http:\/\/eautomobiliai.lt\/index.php\/2025\/08\/31\/pokyciu-ratai-1914-m-ivede-elektrinius-autobusus\/"},"author":{"name":"admin","@id":"https:\/\/eautomobiliai.lt\/#\/schema\/person\/ecf2a967f361217d056061f74deb92f2"},"headline":"Poky\u010di\u0173 ratai: 1914 m. \u012eved\u0117 elektrinius autobusus","datePublished":"2025-08-31T13:02:53+00:00","mainEntityOfPage":{"@id":"http:\/\/eautomobiliai.lt\/index.php\/2025\/08\/31\/pokyciu-ratai-1914-m-ivede-elektrinius-autobusus\/"},"wordCount":559,"commentCount":0,"image":{"@id":"http:\/\/eautomobiliai.lt\/index.php\/2025\/08\/31\/pokyciu-ratai-1914-m-ivede-elektrinius-autobusus\/#primaryimage"},"thumbnailUrl":"http:\/\/eautomobiliai.lt\/wp-content\/uploads\/2025\/08\/Pokyciu-ratai-1914-m-Ivede-elektrinius-autobusus.jpg","keywords":["autobusus","elektrinius","\u012eved\u0117","Poky\u010di\u0173","ratai"],"articleSection":["eAUTOMOBILI\u0172 TECHNIN\u0116 PUS\u0116"],"inLanguage":"lt-LT","potentialAction":[{"@type":"CommentAction","name":"Comment","target":["http:\/\/eautomobiliai.lt\/index.php\/2025\/08\/31\/pokyciu-ratai-1914-m-ivede-elektrinius-autobusus\/#respond"]}]},{"@type":"WebPage","@id":"http:\/\/eautomobiliai.lt\/index.php\/2025\/08\/31\/pokyciu-ratai-1914-m-ivede-elektrinius-autobusus\/","url":"http:\/\/eautomobiliai.lt\/index.php\/2025\/08\/31\/pokyciu-ratai-1914-m-ivede-elektrinius-autobusus\/","name":"Poky\u010di\u0173 ratai: 1914 m. \u012eved\u0117 elektrinius autobusus - Eautomobiliai.lt","isPartOf":{"@id":"https:\/\/eautomobiliai.lt\/#website"},"primaryImageOfPage":{"@id":"http:\/\/eautomobiliai.lt\/index.php\/2025\/08\/31\/pokyciu-ratai-1914-m-ivede-elektrinius-autobusus\/#primaryimage"},"image":{"@id":"http:\/\/eautomobiliai.lt\/index.php\/2025\/08\/31\/pokyciu-ratai-1914-m-ivede-elektrinius-autobusus\/#primaryimage"},"thumbnailUrl":"http:\/\/eautomobiliai.lt\/wp-content\/uploads\/2025\/08\/Pokyciu-ratai-1914-m-Ivede-elektrinius-autobusus.jpg","datePublished":"2025-08-31T13:02:53+00:00","author":{"@id":"https:\/\/eautomobiliai.lt\/#\/schema\/person\/ecf2a967f361217d056061f74deb92f2"},"breadcrumb":{"@id":"http:\/\/eautomobiliai.lt\/index.php\/2025\/08\/31\/pokyciu-ratai-1914-m-ivede-elektrinius-autobusus\/#breadcrumb"},"inLanguage":"lt-LT","potentialAction":[{"@type":"ReadAction","target":["http:\/\/eautomobiliai.lt\/index.php\/2025\/08\/31\/pokyciu-ratai-1914-m-ivede-elektrinius-autobusus\/"]}]},{"@type":"ImageObject","inLanguage":"lt-LT","@id":"http:\/\/eautomobiliai.lt\/index.php\/2025\/08\/31\/pokyciu-ratai-1914-m-ivede-elektrinius-autobusus\/#primaryimage","url":"http:\/\/eautomobiliai.lt\/wp-content\/uploads\/2025\/08\/Pokyciu-ratai-1914-m-Ivede-elektrinius-autobusus.jpg","contentUrl":"http:\/\/eautomobiliai.lt\/wp-content\/uploads\/2025\/08\/Pokyciu-ratai-1914-m-Ivede-elektrinius-autobusus.jpg","width":1344,"height":768},{"@type":"BreadcrumbList","@id":"http:\/\/eautomobiliai.lt\/index.php\/2025\/08\/31\/pokyciu-ratai-1914-m-ivede-elektrinius-autobusus\/#breadcrumb","itemListElement":[{"@type":"ListItem","position":1,"name":"Home","item":"https:\/\/eautomobiliai.lt\/"},{"@type":"ListItem","position":2,"name":"Poky\u010di\u0173 ratai: 1914 m. \u012eved\u0117 elektrinius autobusus"}]},{"@type":"WebSite","@id":"https:\/\/eautomobiliai.lt\/#website","url":"https:\/\/eautomobiliai.lt\/","name":"Eautomobiliai.lt","description":"Elektrinis transportas, technologijos","potentialAction":[{"@type":"SearchAction","target":{"@type":"EntryPoint","urlTemplate":"https:\/\/eautomobiliai.lt\/?s={search_term_string}"},"query-input":{"@type":"PropertyValueSpecification","valueRequired":true,"valueName":"search_term_string"}}],"inLanguage":"lt-LT"},{"@type":"Person","@id":"https:\/\/eautomobiliai.lt\/#\/schema\/person\/ecf2a967f361217d056061f74deb92f2","name":"admin","image":{"@type":"ImageObject","inLanguage":"lt-LT","@id":"https:\/\/eautomobiliai.lt\/#\/schema\/person\/image\/","url":"https:\/\/secure.gravatar.com\/avatar\/6323379efae0c70c686c7905444d6bbd?s=96&d=mm&r=g","contentUrl":"https:\/\/secure.gravatar.com\/avatar\/6323379efae0c70c686c7905444d6bbd?s=96&d=mm&r=g","caption":"admin"},"sameAs":["http:\/\/eautomobiliai.lt"],"url":"http:\/\/eautomobiliai.lt\/index.php\/author\/admin\/"}]}},"_links":{"self":[{"href":"http:\/\/eautomobiliai.lt\/index.php\/wp-json\/wp\/v2\/posts\/1978","targetHints":{"allow":["GET"]}}],"collection":[{"href":"http:\/\/eautomobiliai.lt\/index.php\/wp-json\/wp\/v2\/posts"}],"about":[{"href":"http:\/\/eautomobiliai.lt\/index.php\/wp-json\/wp\/v2\/types\/post"}],"author":[{"embeddable":true,"href":"http:\/\/eautomobiliai.lt\/index.php\/wp-json\/wp\/v2\/users\/1"}],"replies":[{"embeddable":true,"href":"http:\/\/eautomobiliai.lt\/index.php\/wp-json\/wp\/v2\/comments?post=1978"}],"version-history":[{"count":0,"href":"http:\/\/eautomobiliai.lt\/index.php\/wp-json\/wp\/v2\/posts\/1978\/revisions"}],"wp:featuredmedia":[{"embeddable":true,"href":"http:\/\/eautomobiliai.lt\/index.php\/wp-json\/wp\/v2\/media\/1979"}],"wp:attachment":[{"href":"http:\/\/eautomobiliai.lt\/index.php\/wp-json\/wp\/v2\/media?parent=1978"}],"wp:term":[{"taxonomy":"category","embeddable":true,"href":"http:\/\/eautomobiliai.lt\/index.php\/wp-json\/wp\/v2\/categories?post=1978"},{"taxonomy":"post_tag","embeddable":true,"href":"http:\/\/eautomobiliai.lt\/index.php\/wp-json\/wp\/v2\/tags?post=1978"}],"curies":[{"name":"wp","href":"https:\/\/api.w.org\/{rel}","templated":true}]}}